{"id":7467,"date":"2025-01-08T10:18:50","date_gmt":"2025-01-08T09:18:50","guid":{"rendered":"https:\/\/anwalt.rocks\/arbeitsrecht\/aichach\/"},"modified":"2025-01-08T10:18:50","modified_gmt":"2025-01-08T09:18:50","slug":"aichach","status":"publish","type":"post","link":"https:\/\/anwalt.rocks\/arbeitsrecht\/aichach\/","title":{"rendered":"Anwalt Aichach Arbeitsrecht Mandanten Vertreung f\u00fcr Arbeitnehmer."},"content":{"rendered":"<span class=\"span-reading-time rt-reading-time\" style=\"display: block;\"><span class=\"rt-label rt-prefix\">Lesedauer<\/span> <span class=\"rt-time\"> 3<\/span> <span class=\"rt-label rt-postfix\">Minuten<\/span><\/span><h2>Fachanwalt IT- und Arbeitsrecht Aichach f\u00fcr Arbeitnehmer f\u00fcr Leiharbeit und Werkvertrag.<\/h2>\n<p><a href=\"https:\/\/dr-schmelzer.eu\/arbeitsrecht\/\" target=\"_blank\" rel=\"noopener\"><img loading=\"lazy\" decoding=\"async\" src=\"https:\/\/anwalt.rocks\/bilder\/arbeitsrecht\/anwalt-arbeitsrecht-600x600.webp\" alt=\"Anwalt Aichach Arbeitsrecht Mandanten Vertreung f\u00fcr Arbeitnehmer.\" title=\"Anwalt Aichach Arbeitsrecht Mandanten Vertreung f\u00fcr Arbeitnehmer.\" width=\"600\" height=\"600\" \/><\/a> <\/p>\n<h3>Rechtsanwalt Arbeitsrecht Aichach &#8211; Kanzlei Dr. Stephan Schmelzer.<\/h3>\n<p>Dr. Stephan Schmelzer ist Ihr erfahrener Experte f\u00fcr alle Fragen des Arbeitsrechts. Durch \u00fcber zwei Jahrzehnte T\u00e4tigkeit im Arbeitsrecht hat er sich weit \u00fcber die Stadtgrenzen von Ahlen hinaus einen Ruf erarbeitet. Seine Kanzlei steht seit \u00fcber 20 Jahren f\u00fcr juristische Qualit\u00e4t und ma\u00dfgeschneiderte Beratung. Die Verbindung aus Fachanwaltstiteln im Arbeitsrecht und IT-Recht gibt Dr. Schmelzer eine einzigartige St\u00e4rke in der modernen Arbeitswelt. &#8211; <a title=\"Anwalt Arbeitsrecht Bonn\" href=\"https:\/\/anwalt.rocks\/arbeitsrecht\/bonn\/\">Anwalt Arbeitsrecht Bonn<\/a><\/p>\n<p><a href=\"https:\/\/dr-schmelzer.eu\/arbeitsrecht\/\" target=\"_blank\" rel=\"noopener\"><img loading=\"lazy\" decoding=\"async\" src=\"https:\/\/anwalt.rocks\/bilder\/arbeitsrecht\/rechtsanwalt-arbeitsrecht-600x600.webp\" alt=\"Anwalt Arbeitsrecht Aichach\" title=\"Anwalt Arbeitsrecht Aichach\" width=\"600\" height=\"600\" \/><\/a> <\/p>\n<h3>Kanzlei Dr. Stephan Schmelzer &#8211; Fachanwalt f\u00fcr Arbeitsrecht Aichach.<\/h3>\n<p>W\u00e4hrend IT-rechtliche Themen gelegentlich ber\u00fccksichtigt werden, liegt sein Fokus auf dem Arbeitsrecht, sowohl in Deutschland als auch weltweit. Arbeitgeber und Arbeitnehmer erhalten von Dr. Schmelzer individuell angepasste Beratung in allen arbeitsrechtlichen Angelegenheiten. Seine Expertise und sein Fokus auf individuelle L\u00f6sungen haben ihn zu einem der f\u00fchrenden Spezialisten in diesem Fachgebiet gemacht. &#8211; <a title=\"Anwalt Petershagen\" href=\"https:\/\/anwalt.rocks\/arbeitsrecht\/petershagen\/\">Anwalt Petershagen<\/a><\/p>\n<h3>Zuverl\u00e4ssig und kompetent &#8211; Fest drei Jahrzehnte Anwaltserfahrung als Jurist Aichach.<\/h3>\n<p>Arbeitgeber stehen heutzutage vor zahlreichen rechtlichen Herausforderungen, die von Arbeitsvertragsgestaltung bis zu komplexen Restrukturierungen reichen. Unternehmen profitieren von Dr. Schmelzers strategischer Beratung, die auf die Reduzierung juristischer Risiken und die Entwicklung effizienter Ma\u00dfnahmen abzielt. Zu den Leistungen, die er anbietet, geh\u00f6ren: &#8211; <a title=\"Anwalt Arbeitsrecht N\u00f6rdlingen\" href=\"https:\/\/anwalt.rocks\/arbeitsrecht\/noerdlingen\/\">Anwalt Arbeitsrecht N\u00f6rdlingen<\/a><\/p>\n<h3>Anwalt Arbeitsrecht Aichach 35 gl\u00fcckliche Mandanten.<\/h3>\n<p>Erstellung und Kontrolle von Arbeitsvertr\u00e4gen, die sowohl juristisch belastbar als auch flexibel gestaltet sind. Erarbeitung von individuellen Modellen f\u00fcr Verg\u00fctung und Arbeitszeit, die die Unternehmensanforderungen erf\u00fcllen. &#8211; <a title=\"Anwalt Arbeitsrecht Oppenheim\" href=\"https:\/\/anwalt.rocks\/arbeitsrecht\/oppenheim\/\">Anwalt Arbeitsrecht Oppenheim<\/a><\/p>\n<h3>Weshalb entscheidet man sich f\u00fcr diesen verl\u00e4sslichen Anwalt Aichach:<\/h3>\n<p>Hilfestellung bei der Umsetzung von K\u00fcndigungen, die rechtlich abgesichert sind und unterschiedlichen Ursachen zugrunde liegen. Senkung von juristischen Risiken und Beratung w\u00e4hrend des gesamten K\u00fcndigungsprozesses.<\/p>\n<h3>Kompetent aber auch top zuverl\u00e4ssig.<\/h3>\n<p>Beratung zur Einbindung des Betriebsrats bei entscheidenden Ma\u00dfnahmen. Beratung und Unterst\u00fctzung bei der Verhandlung und Umsetzung von Vereinbarungen mit dem Betriebsrat. Strategische Beratung und rechtliche Betreuung w\u00e4hrend Unternehmensrestrukturierungen. Juristische Begleitung bei Gerichtsverfahren, wie K\u00fcndigungsschutzverfahren und Entfristungsklagen. Konzentration auf eine effiziente und wirkungsvolle Verteidigung der Rechte des Unternehmens.<\/p>\n<h3>Anwalt Arbeitsrecht Aichach &#8211; Fachanwalt Dr. Schmelzer.<\/h3>\n<p>Die Erfahrung von Dr. Schmelzer bietet Arbeitnehmern wertvolle Unterst\u00fctzung. Gerade in Streitf\u00e4llen zeigt er sich als engagierter Berater, der mit Leidenschaft f\u00fcr seine Mandanten k\u00e4mpft. Das Angebot konzentriert sich auf:<\/p>\n<p>Vertretung vor dem Arbeitsgericht und Unterst\u00fctzung bei K\u00fcndigungsschutzklagen. Aushandlung von Abfindungen und finanziellen Entsch\u00e4digungen. Vertretung vor dem Arbeitsgericht und Unterst\u00fctzung bei K\u00fcndigungsschutzklagen. Aushandlung von Abfindungen und finanziellen Entsch\u00e4digungen.<\/p>\n<p>Fachkundige Beratung und Unterst\u00fctzung bei Abfindungsverhandlungen im Rahmen von Aufhebungsvertr\u00e4gen. Hilfe bei der Pr\u00fcfung von Arbeitszeugnissen auf unfaire oder rechtlich problematische Inhalte. Unterst\u00fctzung bei der gerichtlichen Kl\u00e4rung von Zeugniskonflikten zur Sicherstellung fairer Bewertungen. Erhebliche Kosteneinsparung Hilfe bei der Einforderung von ausstehenden Gehaltsanspr\u00fcchen. Vertretung in F\u00e4llen von Entgeltklagen und offenen Anspr\u00fcchen auf \u00dcberstundenverg\u00fctungen. Analyse von Abmahnungen und Unterst\u00fctzung bei der Abwehr ungerechtfertigter Ma\u00dfnahmen.<\/p>\n<h4>Mandanten Vertreung f\u00fcr Arbeitnehmer in Sachen Anwalt Arbeitsrecht Aichach.<\/h4>\n<p>Dr. Schmelzer kombiniert Expertise in Restrukturierung mit effektiver Konfliktl\u00f6sung. Die Beratung von Unternehmen w\u00e4hrend Restrukturierungsma\u00dfnahmen geh\u00f6rt zu den Fachbereichen von Dr. Schmelzer. Juristisches Know-how, gepaart mit Verhandlungskompetenz und \u00f6konomischem Verst\u00e4ndnis, ist unerl\u00e4sslich.<\/p>\n<p>Anwalt Aichach Ergebnis: Dr. Schmelzer verf\u00fcgt \u00fcber umfassendes Know-how in der Gestaltung und Implementierung von Sozialpl\u00e4nen und Interessenausgleichen. Oberstes Ziel ist die Entwicklung einer f\u00fcr alle tragbaren L\u00f6sung. Mit seinem fundierten Wissen und seiner strategischen Expertise ist Dr. Schmelzer ein gefragter Partner in Verhandlungen mit Betriebsr\u00e4ten und Gewerkschaften.<\/p>\n<p>Jeder Fall wird vom Fachanwalt f\u00fcr Arbeitsrecht als eigenst\u00e4ndige Herausforderung angesehen, die individuelle Betreuung braucht. Ob au\u00dfergerichtlich oder im Gerichtssaal \u2013 er strebt stets die ideale L\u00f6sung f\u00fcr seine Mandanten an. F\u00fcr ihn sind Offenheit und eine intensive Abstimmung mit seinen Mandanten entscheidend. Dr. Schmelzer stellt die Zufriedenheit seiner Mandanten in den Mittelpunkt seines Handelns. Dies zeigt sich in den Erfolgen, die er erzielt, und im Lob seiner Mandanten, die seine professionelle Haltung anerkennen. Mit Dr. Stephan Schmelzer haben Sie einen fachkundigen Partner, der Arbeitnehmer und Arbeitgeber gleicherma\u00dfen unterst\u00fctzt.<\/p>\n<article class=\"contact contact-list post-2637 profile type-profile status-publish has-post-thumbnail hentry\" data-contact=\"2637\">\n    \n    <div class=\"media\">\n        <div class=\"media-left\">\n            <a  href=\"#\" data-toggle=\"modal\" data-target=\"#ContactModal\"  title=\"Uwe D. jetzt Kontakt aufnehmen!\">\n                <img loading=\"lazy\" decoding=\"async\" width=\"500\" height=\"500\" src=\"https:\/\/anwalt.rocks\/arbeitsrecht\/wp-content\/uploads\/sites\/2\/2025\/01\/meinung-13.jpg\" class=\"contact-image media-object wp-post-image\" alt=\"Uwe D.\" srcset=\"https:\/\/anwalt.rocks\/arbeitsrecht\/wp-content\/uploads\/sites\/2\/2025\/01\/meinung-13.jpg 500w, https:\/\/anwalt.rocks\/arbeitsrecht\/wp-content\/uploads\/sites\/2\/2025\/01\/meinung-13-300x300.jpg 300w, https:\/\/anwalt.rocks\/arbeitsrecht\/wp-content\/uploads\/sites\/2\/2025\/01\/meinung-13-150x150.jpg 150w\" sizes=\"auto, (max-width: 500px) 100vw, 500px\" \/>            <\/a>\n        <\/div>\n\n        <div class=\"media-body\">\n                        <p class=\"h2 media-heading\">\n                <a  href=\"#\" data-toggle=\"modal\" data-target=\"#ContactModal\"  title=\"Uwe D. jetzt Kontakt aufnehmen!\">\n                    <span class=\"contact-name\">Uwe D.<\/span>\n                <\/a>\n\n                <span class=\"contact-text\"><\/span> <span class=\"contact-city\"><a href=\"https:\/\/anwalt.rocks\/arbeitsrecht\/region\/waedenswil\/\">Anwalt Arbeitsrecht W\u00e4denswil<\/a><\/span>            <\/p>\n\n            <div class=\"quote\"><p>Ich hatte Schwierigkeiten mit meinem Arbeitszeugnis, das mein Arbeitgeber absichtlich negativ formuliert hatte. Anwalt Schmelzer hat f\u00fcr mich ein einwandfreies Zeugnis durchgesetzt. Er war jederzeit erreichbar und hat meine Sorgen ernst genommen. Ich bin sehr zufrieden mit seiner Arbeit.&hellip;<\/p><\/div>\n            <a class=\"btn btn-cta\"  href=\"#\" data-toggle=\"modal\" data-target=\"#ContactModal\"  title=\"Uwe D. jetzt Kontakt aufnehmen!\">\n                Nachricht senden            <\/a>\n        <\/div>\n    <\/div>\n<\/article><article class=\"contact contact-list post-2606 profile type-profile status-publish has-post-thumbnail hentry\" data-contact=\"2606\">\n    \n    <div class=\"media\">\n        <div class=\"media-left\">\n            <a  href=\"#\" data-toggle=\"modal\" data-target=\"#ContactModal\"  title=\"Maria P., 29 Jahre, aus Stuttgart jetzt Kontakt aufnehmen!\">\n                <img loading=\"lazy\" decoding=\"async\" width=\"500\" height=\"500\" src=\"https:\/\/anwalt.rocks\/arbeitsrecht\/wp-content\/uploads\/sites\/2\/2025\/01\/meinung-03.jpg\" class=\"contact-image media-object wp-post-image\" alt=\"Maria P., 29 Jahre, aus Stuttgart\" srcset=\"https:\/\/anwalt.rocks\/arbeitsrecht\/wp-content\/uploads\/sites\/2\/2025\/01\/meinung-03.jpg 500w, https:\/\/anwalt.rocks\/arbeitsrecht\/wp-content\/uploads\/sites\/2\/2025\/01\/meinung-03-300x300.jpg 300w, https:\/\/anwalt.rocks\/arbeitsrecht\/wp-content\/uploads\/sites\/2\/2025\/01\/meinung-03-150x150.jpg 150w\" sizes=\"auto, (max-width: 500px) 100vw, 500px\" \/>            <\/a>\n        <\/div>\n\n        <div class=\"media-body\">\n                        <p class=\"h2 media-heading\">\n                <a  href=\"#\" data-toggle=\"modal\" data-target=\"#ContactModal\"  title=\"Maria P., 29 Jahre, aus Stuttgart jetzt Kontakt aufnehmen!\">\n                    <span class=\"contact-name\">Maria P., 29 Jahre, aus Stuttgart<\/span>\n                <\/a>\n\n                <span class=\"contact-text\"><\/span> <span class=\"contact-city\"><a href=\"https:\/\/anwalt.rocks\/arbeitsrecht\/region\/untershausen\/\">Anwalt Arbeitsrecht Untershausen<\/a><\/span>            <\/p>\n\n            <div class=\"quote\"><p>Herr Dr. Schmelzer ist einfach ein toller Anwalt! In meinem Fall ging es um Mobbing am Arbeitsplatz. Ich wusste nicht mehr weiter, aber Herr Dr. Schmelzer hat mir Mut gemacht und klare Schritte vorgeschlagen. Er hat nicht nur mein Recht &hellip;<\/p><\/div>\n            <a class=\"btn btn-cta\"  href=\"#\" data-toggle=\"modal\" data-target=\"#ContactModal\"  title=\"Maria P., 29 Jahre, aus Stuttgart jetzt Kontakt aufnehmen!\">\n                Nachricht senden            <\/a>\n        <\/div>\n    <\/div>\n<\/article><article class=\"contact contact-list post-2628 profile type-profile status-publish has-post-thumbnail hentry\" data-contact=\"2628\">\n    \n    <div class=\"media\">\n        <div class=\"media-left\">\n            <a  href=\"#\" data-toggle=\"modal\" data-target=\"#ContactModal\"  title=\"Sandra B., 39 Jahre, aus Bremen jetzt Kontakt aufnehmen!\">\n                <img loading=\"lazy\" decoding=\"async\" width=\"500\" height=\"500\" src=\"https:\/\/anwalt.rocks\/arbeitsrecht\/wp-content\/uploads\/sites\/2\/2025\/01\/meinung-10.jpg\" class=\"contact-image media-object wp-post-image\" alt=\"Sandra B., 39 Jahre, aus Bremen\" srcset=\"https:\/\/anwalt.rocks\/arbeitsrecht\/wp-content\/uploads\/sites\/2\/2025\/01\/meinung-10.jpg 500w, https:\/\/anwalt.rocks\/arbeitsrecht\/wp-content\/uploads\/sites\/2\/2025\/01\/meinung-10-300x300.jpg 300w, https:\/\/anwalt.rocks\/arbeitsrecht\/wp-content\/uploads\/sites\/2\/2025\/01\/meinung-10-150x150.jpg 150w\" sizes=\"auto, (max-width: 500px) 100vw, 500px\" \/>            <\/a>\n        <\/div>\n\n        <div class=\"media-body\">\n                        <p class=\"h2 media-heading\">\n                <a  href=\"#\" data-toggle=\"modal\" data-target=\"#ContactModal\"  title=\"Sandra B., 39 Jahre, aus Bremen jetzt Kontakt aufnehmen!\">\n                    <span class=\"contact-name\">Sandra B., 39 Jahre, aus Bremen<\/span>\n                <\/a>\n\n                <span class=\"contact-text\"><\/span> <span class=\"contact-city\"><a href=\"https:\/\/anwalt.rocks\/arbeitsrecht\/region\/hirschberg-an-der-bergstrasse\/\">Anwalt Arbeitsrecht Hirschberg an der Bergstra\u00dfe<\/a><\/span>            <\/p>\n\n            <div class=\"quote\"><p>Herr Schmelzer ist einfach unglaublich! In meinem Fall ging es um eine ungerechtfertigte Versetzung in eine andere Stadt. Er erkannte sofort, dass mein Arbeitgeber hier gegen geltendes Arbeitsrecht versto\u00dfen hatte, und setzte meine Interessen kompromisslos durch. Was mir besonders gefallen &hellip;<\/p><\/div>\n            <a class=\"btn btn-cta\"  href=\"#\" data-toggle=\"modal\" data-target=\"#ContactModal\"  title=\"Sandra B., 39 Jahre, aus Bremen jetzt Kontakt aufnehmen!\">\n                Nachricht senden            <\/a>\n        <\/div>\n    <\/div>\n<\/article><article class=\"contact contact-list post-2652 profile type-profile status-publish has-post-thumbnail hentry\" data-contact=\"2652\">\n    \n    <div class=\"media\">\n        <div class=\"media-left\">\n            <a  href=\"#\" data-toggle=\"modal\" data-target=\"#ContactModal\"  title=\"Donald T. jetzt Kontakt aufnehmen!\">\n                <img loading=\"lazy\" decoding=\"async\" width=\"500\" height=\"500\" src=\"https:\/\/anwalt.rocks\/arbeitsrecht\/wp-content\/uploads\/sites\/2\/2025\/01\/meinung-18.jpg\" class=\"contact-image media-object wp-post-image\" alt=\"Donald T.\" srcset=\"https:\/\/anwalt.rocks\/arbeitsrecht\/wp-content\/uploads\/sites\/2\/2025\/01\/meinung-18.jpg 500w, https:\/\/anwalt.rocks\/arbeitsrecht\/wp-content\/uploads\/sites\/2\/2025\/01\/meinung-18-300x300.jpg 300w, https:\/\/anwalt.rocks\/arbeitsrecht\/wp-content\/uploads\/sites\/2\/2025\/01\/meinung-18-150x150.jpg 150w\" sizes=\"auto, (max-width: 500px) 100vw, 500px\" \/>            <\/a>\n        <\/div>\n\n        <div class=\"media-body\">\n                        <p class=\"h2 media-heading\">\n                <a  href=\"#\" data-toggle=\"modal\" data-target=\"#ContactModal\"  title=\"Donald T. jetzt Kontakt aufnehmen!\">\n                    <span class=\"contact-name\">Donald T.<\/span>\n                <\/a>\n\n                <span class=\"contact-text\"><\/span> <span class=\"contact-city\"><a href=\"https:\/\/anwalt.rocks\/arbeitsrecht\/region\/loebau\/\">Anwalt Arbeitsrecht L\u00f6bau<\/a><\/span>            <\/p>\n\n            <div class=\"quote\"><p>Ich wurde von meinem Arbeitgeber unfair behandelt, nachdem ich auf Elternzeit bestanden hatte. Herr Rechtsanwalt Stephan Schmelzer hat sich meinem Fall angenommen und eine einvernehmliche L\u00f6sung gefunden, die meine berufliche Zukunft sichert. Seine Unterst\u00fctzung war \u00e4u\u00dferst professionell und menschlich zugleich. &hellip;<\/p><\/div>\n            <a class=\"btn btn-cta\"  href=\"#\" data-toggle=\"modal\" data-target=\"#ContactModal\"  title=\"Donald T. jetzt Kontakt aufnehmen!\">\n                Nachricht senden            <\/a>\n        <\/div>\n    <\/div>\n<\/article><article class=\"contact contact-list post-2643 profile type-profile status-publish has-post-thumbnail hentry\" data-contact=\"2643\">\n    \n    <div class=\"media\">\n        <div class=\"media-left\">\n            <a  href=\"#\" data-toggle=\"modal\" data-target=\"#ContactModal\"  title=\"Marco R. jetzt Kontakt aufnehmen!\">\n                <img loading=\"lazy\" decoding=\"async\" width=\"500\" height=\"500\" src=\"https:\/\/anwalt.rocks\/arbeitsrecht\/wp-content\/uploads\/sites\/2\/2025\/01\/meinung-15.jpg\" class=\"contact-image media-object wp-post-image\" alt=\"Marco R.\" srcset=\"https:\/\/anwalt.rocks\/arbeitsrecht\/wp-content\/uploads\/sites\/2\/2025\/01\/meinung-15.jpg 500w, https:\/\/anwalt.rocks\/arbeitsrecht\/wp-content\/uploads\/sites\/2\/2025\/01\/meinung-15-300x300.jpg 300w, https:\/\/anwalt.rocks\/arbeitsrecht\/wp-content\/uploads\/sites\/2\/2025\/01\/meinung-15-150x150.jpg 150w\" sizes=\"auto, (max-width: 500px) 100vw, 500px\" \/>            <\/a>\n        <\/div>\n\n        <div class=\"media-body\">\n                        <p class=\"h2 media-heading\">\n                <a  href=\"#\" data-toggle=\"modal\" data-target=\"#ContactModal\"  title=\"Marco R. jetzt Kontakt aufnehmen!\">\n                    <span class=\"contact-name\">Marco R.<\/span>\n                <\/a>\n\n                <span class=\"contact-text\"><\/span> <span class=\"contact-city\"><a href=\"https:\/\/anwalt.rocks\/arbeitsrecht\/region\/krummendiek\/\">Anwalt Arbeitsrecht Krummendiek<\/a><\/span>            <\/p>\n\n            <div class=\"quote\"><p>Ich hatte ein Problem mit einer unwirksamen Befristung in meinem Arbeitsvertrag. RA Schmelzer hat den Fall \u00fcbernommen und konnte schnell eine Festanstellung f\u00fcr mich aushandeln. Seine Fachkenntnisse und seine freundliche Art haben mich sehr \u00fcberzeugt. Ich kann ihn nur w\u00e4rmstens &hellip;<\/p><\/div>\n            <a class=\"btn btn-cta\"  href=\"#\" data-toggle=\"modal\" data-target=\"#ContactModal\"  title=\"Marco R. jetzt Kontakt aufnehmen!\">\n                Nachricht senden            <\/a>\n        <\/div>\n    <\/div>\n<\/article>\n<div class=\"blogposts\"><ul><li><a href=\"https:\/\/anwalt.rocks\/arbeitsrecht\/buchholz\/\" title=\"Anwalt Buchholz Fachanwalt zum Thema IT- und Arbeitsrecht.\">Anwalt Buchholz Fachanwalt zum Thema IT- und Arbeitsrecht.<\/a><\/li><li><a href=\"https:\/\/anwalt.rocks\/arbeitsrecht\/immenhausen\/\" title=\"Anwalt Arbeitsrecht Immenhausen &#8211; Heike hat Erfolg.\">Anwalt Arbeitsrecht Immenhausen &#8211; Heike hat Erfolg.<\/a><\/li><li><a href=\"https:\/\/anwalt.rocks\/arbeitsrecht\/luegde\/\" title=\"Anwalt L\u00fcgde Arbeitsrecht Vertretung f\u00fcr Arbeitnehmer und Arbeitgeber.\">Anwalt L\u00fcgde Arbeitsrecht Vertretung f\u00fcr Arbeitnehmer und Arbeitgeber.<\/a><\/li><li><a href=\"https:\/\/anwalt.rocks\/arbeitsrecht\/weinfelden\/\" title=\"Fachanwalt f\u00fcr Arbeitsrecht Weinfelden.\">Fachanwalt f\u00fcr Arbeitsrecht Weinfelden.<\/a><\/li><li><a href=\"https:\/\/anwalt.rocks\/arbeitsrecht\/wolfratshausen\/\" title=\"Rechtsanwalt Wolfratshausen Fachanwalt f\u00fcr IT- und Arbeitsrecht.\">Rechtsanwalt Wolfratshausen Fachanwalt f\u00fcr IT- und Arbeitsrecht.<\/a><\/li><li><a href=\"https:\/\/anwalt.rocks\/arbeitsrecht\/moerfelden-walldorf\/\" title=\"Anwalt M\u00f6rfelden Walldorf Arbeitsrecht Vertretung f\u00fcr Arbeitnehmer und Arbeitgeber.\">Anwalt M\u00f6rfelden Walldorf Arbeitsrecht Vertretung f\u00fcr Arbeitnehmer und Arbeitgeber.<\/a><\/li><li><a href=\"https:\/\/anwalt.rocks\/arbeitsrecht\/saalburg-ebersdorf\/\" title=\"Anwalt Saalburg Ebersdorf f\u00fcr Arbeitsrecht.\">Anwalt Saalburg Ebersdorf f\u00fcr Arbeitsrecht.<\/a><\/li><\/ul><\/div>\n","protected":false},"excerpt":{"rendered":"<h2>Spezialist IT- und Arbeitsrecht Saalburg Ebersdorf f\u00fcr Arbeitnehmer sowie Arbeitgeber f\u00fcr Mindestlohn.<\/h2>\n<p><a href=\"https:\/\/dr-schmelzer.eu\/arbeitsrecht\/\" target=\"_blank\" rel=\"noopener\"><img loading=\"lazy\" decoding=\"async\" src=\"https:\/\/anwalt.rocks\/bilder\/arbeitsrecht\/anwalt-arbeitsrecht-600x600.webp\" alt=\"Anwalt Saalburg Ebersdorf f\u00fcr Arbeitsrecht.\" title=\"Anwalt Saalburg Ebersdorf f\u00fcr Arbeitsrecht.\" width=\"600\" height=\"600\" \/><\/a> <\/p>\n<h3>Fachanwalt Arbeitsrecht und IT Recht Saalburg Ebersdorf &#8211; Kanzlei Dr. Stephan Schmelzer.<\/h3>\n<p>Mit Dr. Stephan Schmelzer haben Sie einen kompetenten Spezialisten f\u00fcr Arbeitsrecht an Ihrer Seite. Mit seiner &hellip;<\/p>","protected":false},"author":1,"featured_media":0,"comment_status":"closed","ping_status":"open","sticky":false,"template":"","format":"standard","meta":{"footnotes":""},"categories":[3],"tags":[],"class_list":["post-7467","post","type-post","status-publish","format-standard","hentry","category-fachanwalt"],"yoast_head":"<!-- This site is optimized with the Yoast SEO Premium plugin v27.1 (Yoast SEO v27.2) - https:\/\/yoast.com\/product\/yoast-seo-premium-wordpress\/ -->\n<title>Anwalt Aichach Arbeitsrecht Mandanten Vertreung f\u00fcr Arbeitnehmer.<\/title>\n<meta name=\"robots\" content=\"index, follow, max-snippet:-1, max-image-preview:large, max-video-preview:-1\" \/>\n<link rel=\"canonical\" href=\"https:\/\/anwalt.rocks\/arbeitsrecht\/aichach\/\" \/>\n<meta property=\"og:locale\" content=\"de_DE\" \/>\n<meta property=\"og:type\" content=\"article\" \/>\n<meta property=\"og:title\" content=\"Anwalt Aichach Arbeitsrecht Mandanten Vertreung f\u00fcr Arbeitnehmer.\" \/>\n<meta property=\"og:description\" content=\"Spezialist IT- und Arbeitsrecht Saalburg Ebersdorf f\u00fcr Arbeitnehmer sowie Arbeitgeber f\u00fcr Mindestlohn.  Fachanwalt Arbeitsrecht und IT Recht Saalburg Ebersdorf &#8211; Kanzlei Dr. Stephan Schmelzer. Mit Dr. Stephan Schmelzer haben Sie einen kompetenten Spezialisten f\u00fcr Arbeitsrecht an Ihrer Seite. Mit seiner &hellip;\" \/>\n<meta property=\"og:url\" content=\"https:\/\/anwalt.rocks\/arbeitsrecht\/aichach\/\" \/>\n<meta property=\"og:site_name\" content=\"Anwalt Arbeitsrecht in der N\u00e4he - Dr. Schmelzer\" \/>\n<meta property=\"article:published_time\" content=\"2025-01-08T09:18:50+00:00\" \/>\n<meta property=\"og:image\" content=\"https:\/\/anwalt.rocks\/bilder\/arbeitsrecht\/anwalt-arbeitsrecht-600x600.webp\" \/>\n<meta name=\"author\" content=\"admin\" \/>\n<meta name=\"twitter:card\" content=\"summary_large_image\" \/>\n<meta name=\"twitter:label1\" content=\"Verfasst von\" \/>\n\t<meta name=\"twitter:data1\" content=\"admin\" \/>\n\t<meta name=\"twitter:label2\" content=\"Gesch\u00e4tzte Lesezeit\" \/>\n\t<meta name=\"twitter:data2\" content=\"4\u00a0Minuten\" \/>\n<script type=\"application\/ld+json\" class=\"yoast-schema-graph\">{\"@context\":\"https:\/\/schema.org\",\"@graph\":[{\"@type\":\"Article\",\"@id\":\"https:\/\/anwalt.rocks\/arbeitsrecht\/aichach\/#article\",\"isPartOf\":{\"@id\":\"https:\/\/anwalt.rocks\/arbeitsrecht\/aichach\/\"},\"author\":{\"name\":\"admin\",\"@id\":\"https:\/\/anwalt.rocks\/arbeitsrecht\/#\/schema\/person\/3fd3b0fc4df170bb2460fbc934288e39\"},\"headline\":\"Anwalt Aichach Arbeitsrecht Mandanten Vertreung f\u00fcr Arbeitnehmer.\",\"datePublished\":\"2025-01-08T09:18:50+00:00\",\"mainEntityOfPage\":{\"@id\":\"https:\/\/anwalt.rocks\/arbeitsrecht\/aichach\/\"},\"wordCount\":728,\"publisher\":{\"@id\":\"https:\/\/anwalt.rocks\/arbeitsrecht\/#organization\"},\"image\":{\"@id\":\"https:\/\/anwalt.rocks\/arbeitsrecht\/aichach\/#primaryimage\"},\"thumbnailUrl\":\"https:\/\/anwalt.rocks\/bilder\/arbeitsrecht\/anwalt-arbeitsrecht-600x600.webp\",\"articleSection\":[\"Fachanwalt\"],\"inLanguage\":\"de\"},{\"@type\":\"WebPage\",\"@id\":\"https:\/\/anwalt.rocks\/arbeitsrecht\/aichach\/\",\"url\":\"https:\/\/anwalt.rocks\/arbeitsrecht\/aichach\/\",\"name\":\"Anwalt Aichach Arbeitsrecht Mandanten Vertreung f\u00fcr Arbeitnehmer.\",\"isPartOf\":{\"@id\":\"https:\/\/anwalt.rocks\/arbeitsrecht\/#website\"},\"primaryImageOfPage\":{\"@id\":\"https:\/\/anwalt.rocks\/arbeitsrecht\/aichach\/#primaryimage\"},\"image\":{\"@id\":\"https:\/\/anwalt.rocks\/arbeitsrecht\/aichach\/#primaryimage\"},\"thumbnailUrl\":\"https:\/\/anwalt.rocks\/bilder\/arbeitsrecht\/anwalt-arbeitsrecht-600x600.webp\",\"datePublished\":\"2025-01-08T09:18:50+00:00\",\"breadcrumb\":{\"@id\":\"https:\/\/anwalt.rocks\/arbeitsrecht\/aichach\/#breadcrumb\"},\"inLanguage\":\"de\",\"potentialAction\":[{\"@type\":\"ReadAction\",\"target\":[\"https:\/\/anwalt.rocks\/arbeitsrecht\/aichach\/\"]}]},{\"@type\":\"ImageObject\",\"inLanguage\":\"de\",\"@id\":\"https:\/\/anwalt.rocks\/arbeitsrecht\/aichach\/#primaryimage\",\"url\":\"https:\/\/anwalt.rocks\/bilder\/arbeitsrecht\/anwalt-arbeitsrecht-600x600.webp\",\"contentUrl\":\"https:\/\/anwalt.rocks\/bilder\/arbeitsrecht\/anwalt-arbeitsrecht-600x600.webp\"},{\"@type\":\"BreadcrumbList\",\"@id\":\"https:\/\/anwalt.rocks\/arbeitsrecht\/aichach\/#breadcrumb\",\"itemListElement\":[{\"@type\":\"ListItem\",\"position\":1,\"name\":\"Start\",\"item\":\"https:\/\/anwalt.rocks\/arbeitsrecht\/\"},{\"@type\":\"ListItem\",\"position\":2,\"name\":\"Anwalt Aichach Arbeitsrecht Mandanten Vertreung f\u00fcr Arbeitnehmer.\"}]},{\"@type\":\"WebSite\",\"@id\":\"https:\/\/anwalt.rocks\/arbeitsrecht\/#website\",\"url\":\"https:\/\/anwalt.rocks\/arbeitsrecht\/\",\"name\":\"Anwalt Arbeitsrecht in der N\u00e4he - Dr. Schmelzer\",\"description\":\"Kompetenzen und Vorteile von Dr. Stephan Schmelzer \u2013 Anwalt und Fachanwalt f\u00fcr Arbeitsrecht mit 25 j\u00e4hriger Berufspraxis.\",\"publisher\":{\"@id\":\"https:\/\/anwalt.rocks\/arbeitsrecht\/#organization\"},\"potentialAction\":[{\"@type\":\"SearchAction\",\"target\":{\"@type\":\"EntryPoint\",\"urlTemplate\":\"https:\/\/anwalt.rocks\/arbeitsrecht\/?s={search_term_string}\"},\"query-input\":{\"@type\":\"PropertyValueSpecification\",\"valueRequired\":true,\"valueName\":\"search_term_string\"}}],\"inLanguage\":\"de\"},{\"@type\":\"Organization\",\"@id\":\"https:\/\/anwalt.rocks\/arbeitsrecht\/#organization\",\"name\":\"Kanzlei Dr. Schmelzer\",\"url\":\"https:\/\/anwalt.rocks\/arbeitsrecht\/\",\"logo\":{\"@type\":\"ImageObject\",\"inLanguage\":\"de\",\"@id\":\"https:\/\/anwalt.rocks\/arbeitsrecht\/#\/schema\/logo\/image\/\",\"url\":\"https:\/\/anwalt.rocks\/arbeitsrecht\/wp-content\/uploads\/sites\/2\/2025\/01\/anwalt-arbeitsrecht-logo.png\",\"contentUrl\":\"https:\/\/anwalt.rocks\/arbeitsrecht\/wp-content\/uploads\/sites\/2\/2025\/01\/anwalt-arbeitsrecht-logo.png\",\"width\":450,\"height\":150,\"caption\":\"Kanzlei Dr. Schmelzer\"},\"image\":{\"@id\":\"https:\/\/anwalt.rocks\/arbeitsrecht\/#\/schema\/logo\/image\/\"}},{\"@type\":\"Person\",\"@id\":\"https:\/\/anwalt.rocks\/arbeitsrecht\/#\/schema\/person\/3fd3b0fc4df170bb2460fbc934288e39\",\"name\":\"admin\",\"image\":{\"@type\":\"ImageObject\",\"inLanguage\":\"de\",\"@id\":\"https:\/\/secure.gravatar.com\/avatar\/2a567a722e62dc61f1aaa46c6b595fa617f2003443806e3422a8fed77c029cfc?s=96&d=mm&r=g\",\"url\":\"https:\/\/secure.gravatar.com\/avatar\/2a567a722e62dc61f1aaa46c6b595fa617f2003443806e3422a8fed77c029cfc?s=96&d=mm&r=g\",\"contentUrl\":\"https:\/\/secure.gravatar.com\/avatar\/2a567a722e62dc61f1aaa46c6b595fa617f2003443806e3422a8fed77c029cfc?s=96&d=mm&r=g\",\"caption\":\"admin\"},\"sameAs\":[\"https:\/\/anwalt.rocks\"],\"url\":\"https:\/\/anwalt.rocks\/arbeitsrecht\/author\/admin\/\"}]}<\/script>\n<!-- \/ Yoast SEO Premium plugin. -->","yoast_head_json":{"title":"Anwalt Aichach Arbeitsrecht Mandanten Vertreung f\u00fcr Arbeitnehmer.","robots":{"index":"index","follow":"follow","max-snippet":"max-snippet:-1","max-image-preview":"max-image-preview:large","max-video-preview":"max-video-preview:-1"},"canonical":"https:\/\/anwalt.rocks\/arbeitsrecht\/aichach\/","og_locale":"de_DE","og_type":"article","og_title":"Anwalt Aichach Arbeitsrecht Mandanten Vertreung f\u00fcr Arbeitnehmer.","og_description":"Spezialist IT- und Arbeitsrecht Saalburg Ebersdorf f\u00fcr Arbeitnehmer sowie Arbeitgeber f\u00fcr Mindestlohn.  Fachanwalt Arbeitsrecht und IT Recht Saalburg Ebersdorf &#8211; Kanzlei Dr. Stephan Schmelzer. Mit Dr. Stephan Schmelzer haben Sie einen kompetenten Spezialisten f\u00fcr Arbeitsrecht an Ihrer Seite. Mit seiner &hellip;","og_url":"https:\/\/anwalt.rocks\/arbeitsrecht\/aichach\/","og_site_name":"Anwalt Arbeitsrecht in der N\u00e4he - Dr. Schmelzer","article_published_time":"2025-01-08T09:18:50+00:00","og_image":[{"url":"https:\/\/anwalt.rocks\/bilder\/arbeitsrecht\/anwalt-arbeitsrecht-600x600.webp","type":"","width":"","height":""}],"author":"admin","twitter_card":"summary_large_image","twitter_misc":{"Verfasst von":"admin","Gesch\u00e4tzte Lesezeit":"4\u00a0Minuten"},"schema":{"@context":"https:\/\/schema.org","@graph":[{"@type":"Article","@id":"https:\/\/anwalt.rocks\/arbeitsrecht\/aichach\/#article","isPartOf":{"@id":"https:\/\/anwalt.rocks\/arbeitsrecht\/aichach\/"},"author":{"name":"admin","@id":"https:\/\/anwalt.rocks\/arbeitsrecht\/#\/schema\/person\/3fd3b0fc4df170bb2460fbc934288e39"},"headline":"Anwalt Aichach Arbeitsrecht Mandanten Vertreung f\u00fcr Arbeitnehmer.","datePublished":"2025-01-08T09:18:50+00:00","mainEntityOfPage":{"@id":"https:\/\/anwalt.rocks\/arbeitsrecht\/aichach\/"},"wordCount":728,"publisher":{"@id":"https:\/\/anwalt.rocks\/arbeitsrecht\/#organization"},"image":{"@id":"https:\/\/anwalt.rocks\/arbeitsrecht\/aichach\/#primaryimage"},"thumbnailUrl":"https:\/\/anwalt.rocks\/bilder\/arbeitsrecht\/anwalt-arbeitsrecht-600x600.webp","articleSection":["Fachanwalt"],"inLanguage":"de"},{"@type":"WebPage","@id":"https:\/\/anwalt.rocks\/arbeitsrecht\/aichach\/","url":"https:\/\/anwalt.rocks\/arbeitsrecht\/aichach\/","name":"Anwalt Aichach Arbeitsrecht Mandanten Vertreung f\u00fcr Arbeitnehmer.","isPartOf":{"@id":"https:\/\/anwalt.rocks\/arbeitsrecht\/#website"},"primaryImageOfPage":{"@id":"https:\/\/anwalt.rocks\/arbeitsrecht\/aichach\/#primaryimage"},"image":{"@id":"https:\/\/anwalt.rocks\/arbeitsrecht\/aichach\/#primaryimage"},"thumbnailUrl":"https:\/\/anwalt.rocks\/bilder\/arbeitsrecht\/anwalt-arbeitsrecht-600x600.webp","datePublished":"2025-01-08T09:18:50+00:00","breadcrumb":{"@id":"https:\/\/anwalt.rocks\/arbeitsrecht\/aichach\/#breadcrumb"},"inLanguage":"de","potentialAction":[{"@type":"ReadAction","target":["https:\/\/anwalt.rocks\/arbeitsrecht\/aichach\/"]}]},{"@type":"ImageObject","inLanguage":"de","@id":"https:\/\/anwalt.rocks\/arbeitsrecht\/aichach\/#primaryimage","url":"https:\/\/anwalt.rocks\/bilder\/arbeitsrecht\/anwalt-arbeitsrecht-600x600.webp","contentUrl":"https:\/\/anwalt.rocks\/bilder\/arbeitsrecht\/anwalt-arbeitsrecht-600x600.webp"},{"@type":"BreadcrumbList","@id":"https:\/\/anwalt.rocks\/arbeitsrecht\/aichach\/#breadcrumb","itemListElement":[{"@type":"ListItem","position":1,"name":"Start","item":"https:\/\/anwalt.rocks\/arbeitsrecht\/"},{"@type":"ListItem","position":2,"name":"Anwalt Aichach Arbeitsrecht Mandanten Vertreung f\u00fcr Arbeitnehmer."}]},{"@type":"WebSite","@id":"https:\/\/anwalt.rocks\/arbeitsrecht\/#website","url":"https:\/\/anwalt.rocks\/arbeitsrecht\/","name":"Anwalt Arbeitsrecht in der N\u00e4he - Dr. Schmelzer","description":"Kompetenzen und Vorteile von Dr. Stephan Schmelzer \u2013 Anwalt und Fachanwalt f\u00fcr Arbeitsrecht mit 25 j\u00e4hriger Berufspraxis.","publisher":{"@id":"https:\/\/anwalt.rocks\/arbeitsrecht\/#organization"},"potentialAction":[{"@type":"SearchAction","target":{"@type":"EntryPoint","urlTemplate":"https:\/\/anwalt.rocks\/arbeitsrecht\/?s={search_term_string}"},"query-input":{"@type":"PropertyValueSpecification","valueRequired":true,"valueName":"search_term_string"}}],"inLanguage":"de"},{"@type":"Organization","@id":"https:\/\/anwalt.rocks\/arbeitsrecht\/#organization","name":"Kanzlei Dr. Schmelzer","url":"https:\/\/anwalt.rocks\/arbeitsrecht\/","logo":{"@type":"ImageObject","inLanguage":"de","@id":"https:\/\/anwalt.rocks\/arbeitsrecht\/#\/schema\/logo\/image\/","url":"https:\/\/anwalt.rocks\/arbeitsrecht\/wp-content\/uploads\/sites\/2\/2025\/01\/anwalt-arbeitsrecht-logo.png","contentUrl":"https:\/\/anwalt.rocks\/arbeitsrecht\/wp-content\/uploads\/sites\/2\/2025\/01\/anwalt-arbeitsrecht-logo.png","width":450,"height":150,"caption":"Kanzlei Dr. Schmelzer"},"image":{"@id":"https:\/\/anwalt.rocks\/arbeitsrecht\/#\/schema\/logo\/image\/"}},{"@type":"Person","@id":"https:\/\/anwalt.rocks\/arbeitsrecht\/#\/schema\/person\/3fd3b0fc4df170bb2460fbc934288e39","name":"admin","image":{"@type":"ImageObject","inLanguage":"de","@id":"https:\/\/secure.gravatar.com\/avatar\/2a567a722e62dc61f1aaa46c6b595fa617f2003443806e3422a8fed77c029cfc?s=96&d=mm&r=g","url":"https:\/\/secure.gravatar.com\/avatar\/2a567a722e62dc61f1aaa46c6b595fa617f2003443806e3422a8fed77c029cfc?s=96&d=mm&r=g","contentUrl":"https:\/\/secure.gravatar.com\/avatar\/2a567a722e62dc61f1aaa46c6b595fa617f2003443806e3422a8fed77c029cfc?s=96&d=mm&r=g","caption":"admin"},"sameAs":["https:\/\/anwalt.rocks"],"url":"https:\/\/anwalt.rocks\/arbeitsrecht\/author\/admin\/"}]}},"_links":{"self":[{"href":"https:\/\/anwalt.rocks\/arbeitsrecht\/wp-json\/wp\/v2\/posts\/7467","targetHints":{"allow":["GET"]}}],"collection":[{"href":"https:\/\/anwalt.rocks\/arbeitsrecht\/wp-json\/wp\/v2\/posts"}],"about":[{"href":"https:\/\/anwalt.rocks\/arbeitsrecht\/wp-json\/wp\/v2\/types\/post"}],"author":[{"embeddable":true,"href":"https:\/\/anwalt.rocks\/arbeitsrecht\/wp-json\/wp\/v2\/users\/1"}],"replies":[{"embeddable":true,"href":"https:\/\/anwalt.rocks\/arbeitsrecht\/wp-json\/wp\/v2\/comments?post=7467"}],"version-history":[{"count":0,"href":"https:\/\/anwalt.rocks\/arbeitsrecht\/wp-json\/wp\/v2\/posts\/7467\/revisions"}],"wp:attachment":[{"href":"https:\/\/anwalt.rocks\/arbeitsrecht\/wp-json\/wp\/v2\/media?parent=7467"}],"wp:term":[{"taxonomy":"category","embeddable":true,"href":"https:\/\/anwalt.rocks\/arbeitsrecht\/wp-json\/wp\/v2\/categories?post=7467"},{"taxonomy":"post_tag","embeddable":true,"href":"https:\/\/anwalt.rocks\/arbeitsrecht\/wp-json\/wp\/v2\/tags?post=7467"}],"curies":[{"name":"wp","href":"https:\/\/api.w.org\/{rel}","templated":true}]}}