{"id":7468,"date":"2025-01-03T18:13:47","date_gmt":"2025-01-03T17:13:47","guid":{"rendered":"https:\/\/anwalt.rocks\/arbeitsrecht\/aichtal\/"},"modified":"2025-01-03T18:13:47","modified_gmt":"2025-01-03T17:13:47","slug":"aichtal","status":"publish","type":"post","link":"https:\/\/anwalt.rocks\/arbeitsrecht\/aichtal\/","title":{"rendered":"Rechtsanwalt Aichtal Fachanwalt f\u00fcr Arbeitsrecht."},"content":{"rendered":"<span class=\"span-reading-time rt-reading-time\" style=\"display: block;\"><span class=\"rt-label rt-prefix\">Lesedauer<\/span> <span class=\"rt-time\"> 3<\/span> <span class=\"rt-label rt-postfix\">Minuten<\/span><\/span><h2>Kanzlei Dr. Stephan Schmelzer Rechtsanwalt f\u00fcr Arbeitsrecht Aichtal.<\/h2>\n<p><a href=\"https:\/\/dr-schmelzer.eu\/arbeitsrecht\/\" target=\"_blank\" rel=\"noopener\"><img loading=\"lazy\" decoding=\"async\" src=\"https:\/\/anwalt.rocks\/bilder\/arbeitsrecht\/anwalt-arbeitsrecht-600x600.webp\" alt=\"Rechtsanwalt Aichtal Fachanwalt f\u00fcr Arbeitsrecht.\" title=\"Rechtsanwalt Aichtal Fachanwalt f\u00fcr Arbeitsrecht.\" width=\"600\" height=\"600\" \/><\/a> <\/p>\n<h3>Rechtsanwalt Arbeitsrecht Aichtal &#8211; Soziet\u00e4t Dr. Stephan Schmelzer.<\/h3>\n<p>Dr. Stephan Schmelzer begleitet Sie kompetent durch alle arbeitsrechtlichen Herausforderungen. Seine langj\u00e4hrige T\u00e4tigkeit im Arbeitsrecht und die Fachanwaltszulassung seit 2002 haben ihm \u00fcber Ahlen hinaus Renommee verschafft. Seine Kanzlei blickt auf \u00fcber 20 Jahre zur\u00fcck und \u00fcberzeugt durch fachkundige Beratung und pr\u00e4zise Betreuung. Dr. Schmelzers Wissen im Arbeitsrecht und IT-Recht ist in einer zunehmend digitalen Arbeitswelt von erheblicher Bedeutung. &#8211; <a title=\"Anwalt Arbeitsrecht M\u00fcnster\" href=\"https:\/\/anwalt.rocks\/arbeitsrecht\/muenster\/\">Anwalt Arbeitsrecht M\u00fcnster<\/a><\/p>\n<p><a href=\"https:\/\/dr-schmelzer.eu\/arbeitsrecht\/\" target=\"_blank\" rel=\"noopener\"><img loading=\"lazy\" decoding=\"async\" src=\"https:\/\/anwalt.rocks\/bilder\/arbeitsrecht\/rechtsanwalt-arbeitsrecht-600x600.webp\" alt=\"Anwalt Arbeitsrecht Aichtal\" title=\"Anwalt Arbeitsrecht Aichtal\" width=\"600\" height=\"600\" \/><\/a> <\/p>\n<h3>Soziet\u00e4t Dr. Stephan Schmelzer &#8211; Fachanwalt f\u00fcr Arbeitsrecht Aichtal.<\/h3>\n<p>Dr. Schmelzer behandelt IT-rechtliche Themen erg\u00e4nzend, doch der Schwerpunkt liegt eindeutig auf dem Arbeitsrecht \u2013 national wie international. Seine umfassende Expertise im Arbeitsrecht erm\u00f6glicht es Dr. Schmelzer, passgenaue L\u00f6sungen f\u00fcr Arbeitnehmer und Arbeitgeber zu bieten. Seine langj\u00e4hrige T\u00e4tigkeit und die gezielte individuelle Betreuung machen ihn zu einem der f\u00fchrenden Fachanw\u00e4lte in diesem Gebiet. &#8211; <a title=\"Anwalt Billerbeck\" href=\"https:\/\/anwalt.rocks\/arbeitsrecht\/billerbeck\/\">Anwalt Billerbeck<\/a><\/p>\n<h3>Zuverl\u00e4ssig und kompetent &#8211; Fest drei Jahrzehnte Anwaltserfahrung als Jurist Aichtal.<\/h3>\n<p>Die juristischen Aufgaben f\u00fcr Arbeitgeber umfassen heute Arbeitsvertragsgestaltung und komplexe Umstrukturierungen gleicherma\u00dfen. Mit praxisorientierter Beratung unterst\u00fctzt Dr. Schmelzer Unternehmen bei der Vermeidung juristischer Risiken und der Entwicklung ma\u00dfgeschneiderter L\u00f6sungen. Sein Angebot umfasst insbesondere: &#8211; <a title=\"Anwalt Arbeitsrecht Aken\" href=\"https:\/\/anwalt.rocks\/arbeitsrecht\/aken\/\">Anwalt Arbeitsrecht Aken<\/a><\/p>\n<h3>Anwalt Arbeitsrecht Aichtal 34 \u00fcbergl\u00fcckliche Kunden.<\/h3>\n<p>Entwicklung und Kontrolle von Arbeitsvertr\u00e4gen mit Fokus auf juristische Sicherheit und Flexibilit\u00e4t. Entwicklung bedarfsgerechter Modelle f\u00fcr Arbeitszeit und Verg\u00fctung, die den individuellen Bed\u00fcrfnissen des Unternehmens gerecht werden. &#8211; <a title=\"Anwalt Arbeitsrecht Geisenfeld\" href=\"https:\/\/anwalt.rocks\/arbeitsrecht\/geisenfeld\/\">Anwalt Arbeitsrecht Geisenfeld<\/a><\/p>\n<h3>Darum f\u00e4llt die Entscheidung auf den zuverl\u00e4ssigen Anwalt Aichtal:<\/h3>\n<p>Beratung bei der Gestaltung rechtssicherer K\u00fcndigungen aus verschiedenen Gr\u00fcnden. Minimierung potenzieller rechtlicher Probleme und Betreuung im K\u00fcndigungsverfahren.<\/p>\n<h3>Juristisches Fachwissen aber auch durchsetzungsstark.<\/h3>\n<p>Unterst\u00fctzung bei der Gestaltung der Zusammenarbeit mit dem Betriebsrat in wichtigen Entscheidungen. Juristische Begleitung bei der Verhandlung und Implementierung von Betriebsvereinbarungen. Strategische Planung und rechtliche Beratung w\u00e4hrend Restrukturierungsprozessen. Vertretung vor Gericht in K\u00fcndigungsschutzklagen, Entfristungsklagen und weiteren arbeitsrechtlichen Themen. Zielorientierte und effiziente Sicherung der Interessen des Unternehmens im Fokus.<\/p>\n<h3>Anwalt Arbeitsrecht Aichtal &#8211; Fachanwalt Dr. Schmelzer.<\/h3>\n<p>Mit seiner fundierten Erfahrung unterst\u00fctzt Dr. Schmelzer Arbeitnehmer bei ihren Anliegen. In belastenden Situationen ist er ein verl\u00e4sslicher Begleiter, der sich mit vollem Einsatz engagiert. Bestandteil des Portfolios sind:<\/p>\n<p>Beratung und rechtliche Unterst\u00fctzung bei K\u00fcndigungsschutzverfahren vor dem Arbeitsgericht. Unterst\u00fctzung bei Verhandlungen \u00fcber Abfindungen und andere finanzielle Ausgleiche. Beratung und rechtliche Unterst\u00fctzung bei K\u00fcndigungsschutzverfahren vor dem Arbeitsgericht. Unterst\u00fctzung bei Verhandlungen \u00fcber Abfindungen und andere finanzielle Ausgleiche.<\/p>\n<p>Fachliche Unterst\u00fctzung bei der Verhandlung fairer Abfindungen im Rahmen von Aufhebungsvertr\u00e4gen. \u00dcberpr\u00fcfung und Bearbeitung von Arbeitszeugnissen, um Missverst\u00e4ndnisse zu vermeiden. Rechtsbeistand in Zeugnisprozessen mit dem Ziel, eine objektive Beurteilung zu erzielen. Erhebliche Kosteneinsparung Hilfe bei der Durchsetzung von Anspr\u00fcchen auf offene Gehaltszahlungen. Begleitung bei Entgeltklagen und der Durchsetzung von \u00dcberstundenverg\u00fctungen. Analyse von Abmahnungen und Unterst\u00fctzung bei der Abwehr ungerechtfertigter Ma\u00dfnahmen.<\/p>\n<h4>Mandanten Vertreung f\u00fcr Arbeitnehmer f\u00fcr Anwalt Arbeitsrecht Aichtal.<\/h4>\n<p>Restrukturierung und Konfliktbew\u00e4ltigung bilden den Kern der Expertise von Dr. Schmelzer. Die Unterst\u00fctzung von Unternehmen bei der Restrukturierung geh\u00f6rt zu den Kernkompetenzen von Dr. Schmelzer. Neben rechtlichem Know-how sind diplomatische Verhandlungskompetenz und \u00f6konomisches Verst\u00e4ndnis zentral.<\/p>\n<p>Anwalt Aichtal Folgerung: Die Entwicklung und praktische Durchf\u00fchrung von Sozialpl\u00e4nen und Interessenausgleichen geh\u00f6ren zu den Schwerpunkten von Dr. Schmelzer. Dabei liegt der Fokus auf einer L\u00f6sung, die die Interessen aller Parteien ber\u00fccksichtigt. Dr. Schmelzer \u00fcberzeugt durch strategische Kompetenz und fundiertes Fachwissen in Verhandlungen mit Gewerkschaften und Betriebsr\u00e4ten.<\/p>\n<p>Der Fachanwalt f\u00fcr Arbeitsrecht sieht in jedem Mandat eine spannende Herausforderung, die gezielte L\u00f6sungen verlangt. F\u00fcr Dr. Schmelzer steht die Zufriedenheit seiner Mandanten im Mittelpunkt, sei es durch Verhandlungen oder durch gerichtliche Vertretung. Er setzt auf eine klare Kommunikation und eine partnerschaftliche Zusammenarbeit mit seinen Mandanten. F\u00fcr Dr. Schmelzer ist es von gr\u00f6\u00dfter Bedeutung, dass seine Mandanten zufrieden sind. Mandanten sch\u00e4tzen seine l\u00f6sungsorientierte Arbeitsweise, die sich sowohl in erfolgreichen Ergebnissen als auch in positiven R\u00fcckmeldungen zeigt. Die Kanzlei Dr. Stephan Schmelzer unterst\u00fctzt Arbeitnehmer und Arbeitgeber mit umfassender Expertise, langj\u00e4hriger Erfahrung und vollem Einsatz.<\/p>\n<article class=\"contact contact-list post-2619 profile type-profile status-publish has-post-thumbnail hentry\" data-contact=\"2619\">\n    \n    <div class=\"media\">\n        <div class=\"media-left\">\n            <a  href=\"#\" data-toggle=\"modal\" data-target=\"#ContactModal\"  title=\"Kathrin S., 37 Jahre, aus K\u00f6ln jetzt Kontakt aufnehmen!\">\n                <img loading=\"lazy\" decoding=\"async\" width=\"500\" height=\"500\" src=\"https:\/\/anwalt.rocks\/arbeitsrecht\/wp-content\/uploads\/sites\/2\/2025\/01\/meinung-07.jpg\" class=\"contact-image media-object wp-post-image\" alt=\"Kathrin S., 37 Jahre, aus K\u00f6ln\" srcset=\"https:\/\/anwalt.rocks\/arbeitsrecht\/wp-content\/uploads\/sites\/2\/2025\/01\/meinung-07.jpg 500w, https:\/\/anwalt.rocks\/arbeitsrecht\/wp-content\/uploads\/sites\/2\/2025\/01\/meinung-07-300x300.jpg 300w, https:\/\/anwalt.rocks\/arbeitsrecht\/wp-content\/uploads\/sites\/2\/2025\/01\/meinung-07-150x150.jpg 150w\" sizes=\"auto, (max-width: 500px) 100vw, 500px\" \/>            <\/a>\n        <\/div>\n\n        <div class=\"media-body\">\n                        <p class=\"h2 media-heading\">\n                <a  href=\"#\" data-toggle=\"modal\" data-target=\"#ContactModal\"  title=\"Kathrin S., 37 Jahre, aus K\u00f6ln jetzt Kontakt aufnehmen!\">\n                    <span class=\"contact-name\">Kathrin S., 37 Jahre, aus K\u00f6ln<\/span>\n                <\/a>\n\n                <span class=\"contact-text\"><\/span> <span class=\"contact-city\"><a href=\"https:\/\/anwalt.rocks\/arbeitsrecht\/region\/langenleuba-niederhain\/\">Anwalt Arbeitsrecht Langenleuba-Niederhain<\/a><\/span>            <\/p>\n\n            <div class=\"quote\"><p>Nachdem ich \u00fcber viele Jahre hinweg \u00dcberstunden gemacht hatte, wollte ich endlich eine faire Bezahlung daf\u00fcr. Mein Arbeitgeber stellte sich quer, doch Herr Dr. Schmelzer konnte meine Anspr\u00fcche durchsetzen. Er ging sehr strukturiert vor und erkl\u00e4rte mir alles in Ruhe. &hellip;<\/p><\/div>\n            <a class=\"btn btn-cta\"  href=\"#\" data-toggle=\"modal\" data-target=\"#ContactModal\"  title=\"Kathrin S., 37 Jahre, aus K\u00f6ln jetzt Kontakt aufnehmen!\">\n                Nachricht senden            <\/a>\n        <\/div>\n    <\/div>\n<\/article><article class=\"contact contact-list post-2628 profile type-profile status-publish has-post-thumbnail hentry\" data-contact=\"2628\">\n    \n    <div class=\"media\">\n        <div class=\"media-left\">\n            <a  href=\"#\" data-toggle=\"modal\" data-target=\"#ContactModal\"  title=\"Sandra B., 39 Jahre, aus Bremen jetzt Kontakt aufnehmen!\">\n                <img loading=\"lazy\" decoding=\"async\" width=\"500\" height=\"500\" src=\"https:\/\/anwalt.rocks\/arbeitsrecht\/wp-content\/uploads\/sites\/2\/2025\/01\/meinung-10.jpg\" class=\"contact-image media-object wp-post-image\" alt=\"Sandra B., 39 Jahre, aus Bremen\" srcset=\"https:\/\/anwalt.rocks\/arbeitsrecht\/wp-content\/uploads\/sites\/2\/2025\/01\/meinung-10.jpg 500w, https:\/\/anwalt.rocks\/arbeitsrecht\/wp-content\/uploads\/sites\/2\/2025\/01\/meinung-10-300x300.jpg 300w, https:\/\/anwalt.rocks\/arbeitsrecht\/wp-content\/uploads\/sites\/2\/2025\/01\/meinung-10-150x150.jpg 150w\" sizes=\"auto, (max-width: 500px) 100vw, 500px\" \/>            <\/a>\n        <\/div>\n\n        <div class=\"media-body\">\n                        <p class=\"h2 media-heading\">\n                <a  href=\"#\" data-toggle=\"modal\" data-target=\"#ContactModal\"  title=\"Sandra B., 39 Jahre, aus Bremen jetzt Kontakt aufnehmen!\">\n                    <span class=\"contact-name\">Sandra B., 39 Jahre, aus Bremen<\/span>\n                <\/a>\n\n                <span class=\"contact-text\"><\/span> <span class=\"contact-city\"><a href=\"https:\/\/anwalt.rocks\/arbeitsrecht\/region\/bienstaedt\/\">Anwalt Arbeitsrecht Bienst\u00e4dt<\/a><\/span>            <\/p>\n\n            <div class=\"quote\"><p>Herr Schmelzer ist einfach unglaublich! In meinem Fall ging es um eine ungerechtfertigte Versetzung in eine andere Stadt. Er erkannte sofort, dass mein Arbeitgeber hier gegen geltendes Arbeitsrecht versto\u00dfen hatte, und setzte meine Interessen kompromisslos durch. Was mir besonders gefallen &hellip;<\/p><\/div>\n            <a class=\"btn btn-cta\"  href=\"#\" data-toggle=\"modal\" data-target=\"#ContactModal\"  title=\"Sandra B., 39 Jahre, aus Bremen jetzt Kontakt aufnehmen!\">\n                Nachricht senden            <\/a>\n        <\/div>\n    <\/div>\n<\/article><article class=\"contact contact-list post-2631 profile type-profile status-publish has-post-thumbnail hentry\" data-contact=\"2631\">\n    \n    <div class=\"media\">\n        <div class=\"media-left\">\n            <a  href=\"#\" data-toggle=\"modal\" data-target=\"#ContactModal\"  title=\"Peter S. jetzt Kontakt aufnehmen!\">\n                <img loading=\"lazy\" decoding=\"async\" width=\"500\" height=\"500\" src=\"https:\/\/anwalt.rocks\/arbeitsrecht\/wp-content\/uploads\/sites\/2\/2025\/01\/meinung-11.jpg\" class=\"contact-image media-object wp-post-image\" alt=\"Peter S.\" srcset=\"https:\/\/anwalt.rocks\/arbeitsrecht\/wp-content\/uploads\/sites\/2\/2025\/01\/meinung-11.jpg 500w, https:\/\/anwalt.rocks\/arbeitsrecht\/wp-content\/uploads\/sites\/2\/2025\/01\/meinung-11-300x300.jpg 300w, https:\/\/anwalt.rocks\/arbeitsrecht\/wp-content\/uploads\/sites\/2\/2025\/01\/meinung-11-150x150.jpg 150w\" sizes=\"auto, (max-width: 500px) 100vw, 500px\" \/>            <\/a>\n        <\/div>\n\n        <div class=\"media-body\">\n                        <p class=\"h2 media-heading\">\n                <a  href=\"#\" data-toggle=\"modal\" data-target=\"#ContactModal\"  title=\"Peter S. jetzt Kontakt aufnehmen!\">\n                    <span class=\"contact-name\">Peter S.<\/span>\n                <\/a>\n\n                <span class=\"contact-text\"><\/span> <span class=\"contact-city\"><a href=\"https:\/\/anwalt.rocks\/arbeitsrecht\/region\/hagen-delstern\/\">Anwalt Arbeitsrecht Hagen Delstern<\/a><\/span>            <\/p>\n\n            <div class=\"quote\"><p>Dr. Schmelzer hat meinen Fall mit gro\u00dfem Engagement \u00fcbernommen. Es ging um eine unrechtm\u00e4\u00dfige K\u00fcndigung, die mein Arbeitgeber ausgesprochen hatte. Dank seiner Expertise und Verhandlungsst\u00e4rke konnte ich nicht nur meine Stelle behalten, sondern erhielt auch eine Entsch\u00e4digung. Besonders beeindruckt hat &hellip;<\/p><\/div>\n            <a class=\"btn btn-cta\"  href=\"#\" data-toggle=\"modal\" data-target=\"#ContactModal\"  title=\"Peter S. jetzt Kontakt aufnehmen!\">\n                Nachricht senden            <\/a>\n        <\/div>\n    <\/div>\n<\/article><article class=\"contact contact-list post-2643 profile type-profile status-publish has-post-thumbnail hentry\" data-contact=\"2643\">\n    \n    <div class=\"media\">\n        <div class=\"media-left\">\n            <a  href=\"#\" data-toggle=\"modal\" data-target=\"#ContactModal\"  title=\"Marco R. jetzt Kontakt aufnehmen!\">\n                <img loading=\"lazy\" decoding=\"async\" width=\"500\" height=\"500\" src=\"https:\/\/anwalt.rocks\/arbeitsrecht\/wp-content\/uploads\/sites\/2\/2025\/01\/meinung-15.jpg\" class=\"contact-image media-object wp-post-image\" alt=\"Marco R.\" srcset=\"https:\/\/anwalt.rocks\/arbeitsrecht\/wp-content\/uploads\/sites\/2\/2025\/01\/meinung-15.jpg 500w, https:\/\/anwalt.rocks\/arbeitsrecht\/wp-content\/uploads\/sites\/2\/2025\/01\/meinung-15-300x300.jpg 300w, https:\/\/anwalt.rocks\/arbeitsrecht\/wp-content\/uploads\/sites\/2\/2025\/01\/meinung-15-150x150.jpg 150w\" sizes=\"auto, (max-width: 500px) 100vw, 500px\" \/>            <\/a>\n        <\/div>\n\n        <div class=\"media-body\">\n                        <p class=\"h2 media-heading\">\n                <a  href=\"#\" data-toggle=\"modal\" data-target=\"#ContactModal\"  title=\"Marco R. jetzt Kontakt aufnehmen!\">\n                    <span class=\"contact-name\">Marco R.<\/span>\n                <\/a>\n\n                <span class=\"contact-text\"><\/span> <span class=\"contact-city\"><a href=\"https:\/\/anwalt.rocks\/arbeitsrecht\/region\/lanz-bei-lenzen\/\">Anwalt Arbeitsrecht Lanz bei Lenzen<\/a><\/span>            <\/p>\n\n            <div class=\"quote\"><p>Ich hatte ein Problem mit einer unwirksamen Befristung in meinem Arbeitsvertrag. RA Schmelzer hat den Fall \u00fcbernommen und konnte schnell eine Festanstellung f\u00fcr mich aushandeln. Seine Fachkenntnisse und seine freundliche Art haben mich sehr \u00fcberzeugt. Ich kann ihn nur w\u00e4rmstens &hellip;<\/p><\/div>\n            <a class=\"btn btn-cta\"  href=\"#\" data-toggle=\"modal\" data-target=\"#ContactModal\"  title=\"Marco R. jetzt Kontakt aufnehmen!\">\n                Nachricht senden            <\/a>\n        <\/div>\n    <\/div>\n<\/article><article class=\"contact contact-list post-2603 profile type-profile status-publish has-post-thumbnail hentry\" data-contact=\"2603\">\n    \n    <div class=\"media\">\n        <div class=\"media-left\">\n            <a  href=\"#\" data-toggle=\"modal\" data-target=\"#ContactModal\"  title=\"Lisa K., 41 Jahre, aus Berlin jetzt Kontakt aufnehmen!\">\n                <img loading=\"lazy\" decoding=\"async\" width=\"500\" height=\"500\" src=\"https:\/\/anwalt.rocks\/arbeitsrecht\/wp-content\/uploads\/sites\/2\/2025\/01\/meinung-02.jpg\" class=\"contact-image media-object wp-post-image\" alt=\"Lisa K., 41 Jahre, aus Berlin\" srcset=\"https:\/\/anwalt.rocks\/arbeitsrecht\/wp-content\/uploads\/sites\/2\/2025\/01\/meinung-02.jpg 500w, https:\/\/anwalt.rocks\/arbeitsrecht\/wp-content\/uploads\/sites\/2\/2025\/01\/meinung-02-300x300.jpg 300w, https:\/\/anwalt.rocks\/arbeitsrecht\/wp-content\/uploads\/sites\/2\/2025\/01\/meinung-02-150x150.jpg 150w\" sizes=\"auto, (max-width: 500px) 100vw, 500px\" \/>            <\/a>\n        <\/div>\n\n        <div class=\"media-body\">\n                        <p class=\"h2 media-heading\">\n                <a  href=\"#\" data-toggle=\"modal\" data-target=\"#ContactModal\"  title=\"Lisa K., 41 Jahre, aus Berlin jetzt Kontakt aufnehmen!\">\n                    <span class=\"contact-name\">Lisa K., 41 Jahre, aus Berlin<\/span>\n                <\/a>\n\n                <span class=\"contact-text\"><\/span> <span class=\"contact-city\"><a href=\"https:\/\/anwalt.rocks\/arbeitsrecht\/region\/grevenbroich-stadtmitte\/\">Anwalt Arbeitsrecht Grevenbroich Stadtmitte<\/a><\/span>            <\/p>\n\n            <div class=\"quote\"><p>Ich bin so froh, dass ich Herrn Dr. Schmelzer gefunden habe! Nach 15 Jahren im gleichen Unternehmen wurde ich pl\u00f6tzlich gek\u00fcndigt \u2013 angeblich wegen betrieblicher Umst\u00e4nde. Dr. Schmelzer hat sofort erkannt, dass die K\u00fcndigung unwirksam war, und hat einen wirklich &hellip;<\/p><\/div>\n            <a class=\"btn btn-cta\"  href=\"#\" data-toggle=\"modal\" data-target=\"#ContactModal\"  title=\"Lisa K., 41 Jahre, aus Berlin jetzt Kontakt aufnehmen!\">\n                Nachricht senden            <\/a>\n        <\/div>\n    <\/div>\n<\/article>\n<div class=\"blogposts\"><ul><li><a href=\"https:\/\/anwalt.rocks\/arbeitsrecht\/moosburg\/\" title=\"Anwalt Moosburg Spezialist im Bereich Arbeits- und IT Recht.\">Anwalt Moosburg Spezialist im Bereich Arbeits- und IT Recht.<\/a><\/li><li><a href=\"https:\/\/anwalt.rocks\/arbeitsrecht\/bad-griesbach\/\" title=\"Anwalt Bad Griesbach Fachanwalt zum Thema IT- und Arbeitsrecht.\">Anwalt Bad Griesbach Fachanwalt zum Thema IT- und Arbeitsrecht.<\/a><\/li><li><a href=\"https:\/\/anwalt.rocks\/arbeitsrecht\/lindow\/\" title=\"Anwalt Lindow f\u00fcr Arbeitsrecht.\">Anwalt Lindow f\u00fcr Arbeitsrecht.<\/a><\/li><li><a href=\"https:\/\/anwalt.rocks\/arbeitsrecht\/muennerstadt\/\" title=\"Rechtsanwalt M\u00fcnnerstadt Spezialist f\u00fcr Arbeitsrecht.\">Rechtsanwalt M\u00fcnnerstadt Spezialist f\u00fcr Arbeitsrecht.<\/a><\/li><li><a href=\"https:\/\/anwalt.rocks\/arbeitsrecht\/kassel\/\" title=\"Kanzlei Dr. Stephan Schmelzer Rechtsanwalt IT- und Arbeitsrecht Kassel.\">Kanzlei Dr. Stephan Schmelzer Rechtsanwalt IT- und Arbeitsrecht Kassel.<\/a><\/li><li><a href=\"https:\/\/anwalt.rocks\/arbeitsrecht\/delbrueck\/\" title=\"Fachanwalt f\u00fcr IT- und Arbeitsrecht Delbr\u00fcck.\">Fachanwalt f\u00fcr IT- und Arbeitsrecht Delbr\u00fcck.<\/a><\/li><li><a href=\"https:\/\/anwalt.rocks\/arbeitsrecht\/hermsdorf\/\" title=\"Anwalt Hermsdorf Arbeitsrecht Betreuung f\u00fcr Arbeitnehmer und Arbeitgeber.\">Anwalt Hermsdorf Arbeitsrecht Betreuung f\u00fcr Arbeitnehmer und Arbeitgeber.<\/a><\/li><\/ul><\/div>\n","protected":false},"excerpt":{"rendered":"<h2>Fachanwalt IT- und Arbeitsrecht Hermsdorf f\u00fcr Arbeitnehmer und Arbeitgeber f\u00fcr Mutterschutz.<\/h2>\n<p><a href=\"https:\/\/dr-schmelzer.eu\/arbeitsrecht\/\" target=\"_blank\" rel=\"noopener\"><img loading=\"lazy\" decoding=\"async\" src=\"https:\/\/anwalt.rocks\/bilder\/arbeitsrecht\/anwalt-arbeitsrecht-600x600.webp\" alt=\"Anwalt Hermsdorf Arbeitsrecht Betreuung f\u00fcr Arbeitnehmer und Arbeitgeber.\" title=\"Anwalt Hermsdorf Arbeitsrecht Betreuung f\u00fcr Arbeitnehmer und Arbeitgeber.\" width=\"600\" height=\"600\" \/><\/a> <\/p>\n<h3>Rechtsanwalt IT- und Arbeitsrecht Hermsdorf &#8211; Anwaltskanzlei Dr. Stephan Schmelzer.<\/h3>\n<p>Arbeitsrechtliche Fragen? Dr. Stephan Schmelzer ist f\u00fcr Sie da. Dank 25 Jahren Berufserfahrung und seiner Spezialisierung als Fachanwalt ist &hellip;<\/p>","protected":false},"author":1,"featured_media":0,"comment_status":"closed","ping_status":"open","sticky":false,"template":"","format":"standard","meta":{"footnotes":""},"categories":[3],"tags":[],"class_list":["post-7468","post","type-post","status-publish","format-standard","hentry","category-fachanwalt"],"yoast_head":"<!-- This site is optimized with the Yoast SEO Premium plugin v27.1 (Yoast SEO v27.2) - https:\/\/yoast.com\/product\/yoast-seo-premium-wordpress\/ -->\n<title>Rechtsanwalt Aichtal Fachanwalt f\u00fcr Arbeitsrecht.<\/title>\n<meta name=\"robots\" content=\"index, follow, max-snippet:-1, max-image-preview:large, max-video-preview:-1\" \/>\n<link rel=\"canonical\" href=\"https:\/\/anwalt.rocks\/arbeitsrecht\/aichtal\/\" \/>\n<meta property=\"og:locale\" content=\"de_DE\" \/>\n<meta property=\"og:type\" content=\"article\" \/>\n<meta property=\"og:title\" content=\"Rechtsanwalt Aichtal Fachanwalt f\u00fcr Arbeitsrecht.\" \/>\n<meta property=\"og:description\" content=\"Fachanwalt IT- und Arbeitsrecht Hermsdorf f\u00fcr Arbeitnehmer und Arbeitgeber f\u00fcr Mutterschutz.  Rechtsanwalt IT- und Arbeitsrecht Hermsdorf &#8211; Anwaltskanzlei Dr. Stephan Schmelzer. Arbeitsrechtliche Fragen? Dr. Stephan Schmelzer ist f\u00fcr Sie da. Dank 25 Jahren Berufserfahrung und seiner Spezialisierung als Fachanwalt ist &hellip;\" \/>\n<meta property=\"og:url\" content=\"https:\/\/anwalt.rocks\/arbeitsrecht\/aichtal\/\" \/>\n<meta property=\"og:site_name\" content=\"Anwalt Arbeitsrecht in der N\u00e4he - Dr. Schmelzer\" \/>\n<meta property=\"article:published_time\" content=\"2025-01-03T17:13:47+00:00\" \/>\n<meta property=\"og:image\" content=\"https:\/\/anwalt.rocks\/bilder\/arbeitsrecht\/anwalt-arbeitsrecht-600x600.webp\" \/>\n<meta name=\"author\" content=\"admin\" \/>\n<meta name=\"twitter:card\" content=\"summary_large_image\" \/>\n<meta name=\"twitter:label1\" content=\"Verfasst von\" \/>\n\t<meta name=\"twitter:data1\" content=\"admin\" \/>\n\t<meta name=\"twitter:label2\" content=\"Gesch\u00e4tzte Lesezeit\" \/>\n\t<meta name=\"twitter:data2\" content=\"4\u00a0Minuten\" \/>\n<script type=\"application\/ld+json\" class=\"yoast-schema-graph\">{\"@context\":\"https:\/\/schema.org\",\"@graph\":[{\"@type\":\"Article\",\"@id\":\"https:\/\/anwalt.rocks\/arbeitsrecht\/aichtal\/#article\",\"isPartOf\":{\"@id\":\"https:\/\/anwalt.rocks\/arbeitsrecht\/aichtal\/\"},\"author\":{\"name\":\"admin\",\"@id\":\"https:\/\/anwalt.rocks\/arbeitsrecht\/#\/schema\/person\/3fd3b0fc4df170bb2460fbc934288e39\"},\"headline\":\"Rechtsanwalt Aichtal Fachanwalt f\u00fcr Arbeitsrecht.\",\"datePublished\":\"2025-01-03T17:13:47+00:00\",\"mainEntityOfPage\":{\"@id\":\"https:\/\/anwalt.rocks\/arbeitsrecht\/aichtal\/\"},\"wordCount\":718,\"publisher\":{\"@id\":\"https:\/\/anwalt.rocks\/arbeitsrecht\/#organization\"},\"image\":{\"@id\":\"https:\/\/anwalt.rocks\/arbeitsrecht\/aichtal\/#primaryimage\"},\"thumbnailUrl\":\"https:\/\/anwalt.rocks\/bilder\/arbeitsrecht\/anwalt-arbeitsrecht-600x600.webp\",\"articleSection\":[\"Fachanwalt\"],\"inLanguage\":\"de\"},{\"@type\":\"WebPage\",\"@id\":\"https:\/\/anwalt.rocks\/arbeitsrecht\/aichtal\/\",\"url\":\"https:\/\/anwalt.rocks\/arbeitsrecht\/aichtal\/\",\"name\":\"Rechtsanwalt Aichtal Fachanwalt f\u00fcr Arbeitsrecht.\",\"isPartOf\":{\"@id\":\"https:\/\/anwalt.rocks\/arbeitsrecht\/#website\"},\"primaryImageOfPage\":{\"@id\":\"https:\/\/anwalt.rocks\/arbeitsrecht\/aichtal\/#primaryimage\"},\"image\":{\"@id\":\"https:\/\/anwalt.rocks\/arbeitsrecht\/aichtal\/#primaryimage\"},\"thumbnailUrl\":\"https:\/\/anwalt.rocks\/bilder\/arbeitsrecht\/anwalt-arbeitsrecht-600x600.webp\",\"datePublished\":\"2025-01-03T17:13:47+00:00\",\"breadcrumb\":{\"@id\":\"https:\/\/anwalt.rocks\/arbeitsrecht\/aichtal\/#breadcrumb\"},\"inLanguage\":\"de\",\"potentialAction\":[{\"@type\":\"ReadAction\",\"target\":[\"https:\/\/anwalt.rocks\/arbeitsrecht\/aichtal\/\"]}]},{\"@type\":\"ImageObject\",\"inLanguage\":\"de\",\"@id\":\"https:\/\/anwalt.rocks\/arbeitsrecht\/aichtal\/#primaryimage\",\"url\":\"https:\/\/anwalt.rocks\/bilder\/arbeitsrecht\/anwalt-arbeitsrecht-600x600.webp\",\"contentUrl\":\"https:\/\/anwalt.rocks\/bilder\/arbeitsrecht\/anwalt-arbeitsrecht-600x600.webp\"},{\"@type\":\"BreadcrumbList\",\"@id\":\"https:\/\/anwalt.rocks\/arbeitsrecht\/aichtal\/#breadcrumb\",\"itemListElement\":[{\"@type\":\"ListItem\",\"position\":1,\"name\":\"Start\",\"item\":\"https:\/\/anwalt.rocks\/arbeitsrecht\/\"},{\"@type\":\"ListItem\",\"position\":2,\"name\":\"Rechtsanwalt Aichtal Fachanwalt f\u00fcr Arbeitsrecht.\"}]},{\"@type\":\"WebSite\",\"@id\":\"https:\/\/anwalt.rocks\/arbeitsrecht\/#website\",\"url\":\"https:\/\/anwalt.rocks\/arbeitsrecht\/\",\"name\":\"Anwalt Arbeitsrecht in der N\u00e4he - Dr. Schmelzer\",\"description\":\"Kompetenzen und Vorteile von Dr. Stephan Schmelzer \u2013 Anwalt und Fachanwalt f\u00fcr Arbeitsrecht mit 25 j\u00e4hriger Berufspraxis.\",\"publisher\":{\"@id\":\"https:\/\/anwalt.rocks\/arbeitsrecht\/#organization\"},\"potentialAction\":[{\"@type\":\"SearchAction\",\"target\":{\"@type\":\"EntryPoint\",\"urlTemplate\":\"https:\/\/anwalt.rocks\/arbeitsrecht\/?s={search_term_string}\"},\"query-input\":{\"@type\":\"PropertyValueSpecification\",\"valueRequired\":true,\"valueName\":\"search_term_string\"}}],\"inLanguage\":\"de\"},{\"@type\":\"Organization\",\"@id\":\"https:\/\/anwalt.rocks\/arbeitsrecht\/#organization\",\"name\":\"Kanzlei Dr. Schmelzer\",\"url\":\"https:\/\/anwalt.rocks\/arbeitsrecht\/\",\"logo\":{\"@type\":\"ImageObject\",\"inLanguage\":\"de\",\"@id\":\"https:\/\/anwalt.rocks\/arbeitsrecht\/#\/schema\/logo\/image\/\",\"url\":\"https:\/\/anwalt.rocks\/arbeitsrecht\/wp-content\/uploads\/sites\/2\/2025\/01\/anwalt-arbeitsrecht-logo.png\",\"contentUrl\":\"https:\/\/anwalt.rocks\/arbeitsrecht\/wp-content\/uploads\/sites\/2\/2025\/01\/anwalt-arbeitsrecht-logo.png\",\"width\":450,\"height\":150,\"caption\":\"Kanzlei Dr. Schmelzer\"},\"image\":{\"@id\":\"https:\/\/anwalt.rocks\/arbeitsrecht\/#\/schema\/logo\/image\/\"}},{\"@type\":\"Person\",\"@id\":\"https:\/\/anwalt.rocks\/arbeitsrecht\/#\/schema\/person\/3fd3b0fc4df170bb2460fbc934288e39\",\"name\":\"admin\",\"image\":{\"@type\":\"ImageObject\",\"inLanguage\":\"de\",\"@id\":\"https:\/\/secure.gravatar.com\/avatar\/2a567a722e62dc61f1aaa46c6b595fa617f2003443806e3422a8fed77c029cfc?s=96&d=mm&r=g\",\"url\":\"https:\/\/secure.gravatar.com\/avatar\/2a567a722e62dc61f1aaa46c6b595fa617f2003443806e3422a8fed77c029cfc?s=96&d=mm&r=g\",\"contentUrl\":\"https:\/\/secure.gravatar.com\/avatar\/2a567a722e62dc61f1aaa46c6b595fa617f2003443806e3422a8fed77c029cfc?s=96&d=mm&r=g\",\"caption\":\"admin\"},\"sameAs\":[\"https:\/\/anwalt.rocks\"],\"url\":\"https:\/\/anwalt.rocks\/arbeitsrecht\/author\/admin\/\"}]}<\/script>\n<!-- \/ Yoast SEO Premium plugin. -->","yoast_head_json":{"title":"Rechtsanwalt Aichtal Fachanwalt f\u00fcr Arbeitsrecht.","robots":{"index":"index","follow":"follow","max-snippet":"max-snippet:-1","max-image-preview":"max-image-preview:large","max-video-preview":"max-video-preview:-1"},"canonical":"https:\/\/anwalt.rocks\/arbeitsrecht\/aichtal\/","og_locale":"de_DE","og_type":"article","og_title":"Rechtsanwalt Aichtal Fachanwalt f\u00fcr Arbeitsrecht.","og_description":"Fachanwalt IT- und Arbeitsrecht Hermsdorf f\u00fcr Arbeitnehmer und Arbeitgeber f\u00fcr Mutterschutz.  Rechtsanwalt IT- und Arbeitsrecht Hermsdorf &#8211; Anwaltskanzlei Dr. Stephan Schmelzer. Arbeitsrechtliche Fragen? Dr. Stephan Schmelzer ist f\u00fcr Sie da. Dank 25 Jahren Berufserfahrung und seiner Spezialisierung als Fachanwalt ist &hellip;","og_url":"https:\/\/anwalt.rocks\/arbeitsrecht\/aichtal\/","og_site_name":"Anwalt Arbeitsrecht in der N\u00e4he - Dr. Schmelzer","article_published_time":"2025-01-03T17:13:47+00:00","og_image":[{"url":"https:\/\/anwalt.rocks\/bilder\/arbeitsrecht\/anwalt-arbeitsrecht-600x600.webp","type":"","width":"","height":""}],"author":"admin","twitter_card":"summary_large_image","twitter_misc":{"Verfasst von":"admin","Gesch\u00e4tzte Lesezeit":"4\u00a0Minuten"},"schema":{"@context":"https:\/\/schema.org","@graph":[{"@type":"Article","@id":"https:\/\/anwalt.rocks\/arbeitsrecht\/aichtal\/#article","isPartOf":{"@id":"https:\/\/anwalt.rocks\/arbeitsrecht\/aichtal\/"},"author":{"name":"admin","@id":"https:\/\/anwalt.rocks\/arbeitsrecht\/#\/schema\/person\/3fd3b0fc4df170bb2460fbc934288e39"},"headline":"Rechtsanwalt Aichtal Fachanwalt f\u00fcr Arbeitsrecht.","datePublished":"2025-01-03T17:13:47+00:00","mainEntityOfPage":{"@id":"https:\/\/anwalt.rocks\/arbeitsrecht\/aichtal\/"},"wordCount":718,"publisher":{"@id":"https:\/\/anwalt.rocks\/arbeitsrecht\/#organization"},"image":{"@id":"https:\/\/anwalt.rocks\/arbeitsrecht\/aichtal\/#primaryimage"},"thumbnailUrl":"https:\/\/anwalt.rocks\/bilder\/arbeitsrecht\/anwalt-arbeitsrecht-600x600.webp","articleSection":["Fachanwalt"],"inLanguage":"de"},{"@type":"WebPage","@id":"https:\/\/anwalt.rocks\/arbeitsrecht\/aichtal\/","url":"https:\/\/anwalt.rocks\/arbeitsrecht\/aichtal\/","name":"Rechtsanwalt Aichtal Fachanwalt f\u00fcr Arbeitsrecht.","isPartOf":{"@id":"https:\/\/anwalt.rocks\/arbeitsrecht\/#website"},"primaryImageOfPage":{"@id":"https:\/\/anwalt.rocks\/arbeitsrecht\/aichtal\/#primaryimage"},"image":{"@id":"https:\/\/anwalt.rocks\/arbeitsrecht\/aichtal\/#primaryimage"},"thumbnailUrl":"https:\/\/anwalt.rocks\/bilder\/arbeitsrecht\/anwalt-arbeitsrecht-600x600.webp","datePublished":"2025-01-03T17:13:47+00:00","breadcrumb":{"@id":"https:\/\/anwalt.rocks\/arbeitsrecht\/aichtal\/#breadcrumb"},"inLanguage":"de","potentialAction":[{"@type":"ReadAction","target":["https:\/\/anwalt.rocks\/arbeitsrecht\/aichtal\/"]}]},{"@type":"ImageObject","inLanguage":"de","@id":"https:\/\/anwalt.rocks\/arbeitsrecht\/aichtal\/#primaryimage","url":"https:\/\/anwalt.rocks\/bilder\/arbeitsrecht\/anwalt-arbeitsrecht-600x600.webp","contentUrl":"https:\/\/anwalt.rocks\/bilder\/arbeitsrecht\/anwalt-arbeitsrecht-600x600.webp"},{"@type":"BreadcrumbList","@id":"https:\/\/anwalt.rocks\/arbeitsrecht\/aichtal\/#breadcrumb","itemListElement":[{"@type":"ListItem","position":1,"name":"Start","item":"https:\/\/anwalt.rocks\/arbeitsrecht\/"},{"@type":"ListItem","position":2,"name":"Rechtsanwalt Aichtal Fachanwalt f\u00fcr Arbeitsrecht."}]},{"@type":"WebSite","@id":"https:\/\/anwalt.rocks\/arbeitsrecht\/#website","url":"https:\/\/anwalt.rocks\/arbeitsrecht\/","name":"Anwalt Arbeitsrecht in der N\u00e4he - Dr. Schmelzer","description":"Kompetenzen und Vorteile von Dr. Stephan Schmelzer \u2013 Anwalt und Fachanwalt f\u00fcr Arbeitsrecht mit 25 j\u00e4hriger Berufspraxis.","publisher":{"@id":"https:\/\/anwalt.rocks\/arbeitsrecht\/#organization"},"potentialAction":[{"@type":"SearchAction","target":{"@type":"EntryPoint","urlTemplate":"https:\/\/anwalt.rocks\/arbeitsrecht\/?s={search_term_string}"},"query-input":{"@type":"PropertyValueSpecification","valueRequired":true,"valueName":"search_term_string"}}],"inLanguage":"de"},{"@type":"Organization","@id":"https:\/\/anwalt.rocks\/arbeitsrecht\/#organization","name":"Kanzlei Dr. Schmelzer","url":"https:\/\/anwalt.rocks\/arbeitsrecht\/","logo":{"@type":"ImageObject","inLanguage":"de","@id":"https:\/\/anwalt.rocks\/arbeitsrecht\/#\/schema\/logo\/image\/","url":"https:\/\/anwalt.rocks\/arbeitsrecht\/wp-content\/uploads\/sites\/2\/2025\/01\/anwalt-arbeitsrecht-logo.png","contentUrl":"https:\/\/anwalt.rocks\/arbeitsrecht\/wp-content\/uploads\/sites\/2\/2025\/01\/anwalt-arbeitsrecht-logo.png","width":450,"height":150,"caption":"Kanzlei Dr. Schmelzer"},"image":{"@id":"https:\/\/anwalt.rocks\/arbeitsrecht\/#\/schema\/logo\/image\/"}},{"@type":"Person","@id":"https:\/\/anwalt.rocks\/arbeitsrecht\/#\/schema\/person\/3fd3b0fc4df170bb2460fbc934288e39","name":"admin","image":{"@type":"ImageObject","inLanguage":"de","@id":"https:\/\/secure.gravatar.com\/avatar\/2a567a722e62dc61f1aaa46c6b595fa617f2003443806e3422a8fed77c029cfc?s=96&d=mm&r=g","url":"https:\/\/secure.gravatar.com\/avatar\/2a567a722e62dc61f1aaa46c6b595fa617f2003443806e3422a8fed77c029cfc?s=96&d=mm&r=g","contentUrl":"https:\/\/secure.gravatar.com\/avatar\/2a567a722e62dc61f1aaa46c6b595fa617f2003443806e3422a8fed77c029cfc?s=96&d=mm&r=g","caption":"admin"},"sameAs":["https:\/\/anwalt.rocks"],"url":"https:\/\/anwalt.rocks\/arbeitsrecht\/author\/admin\/"}]}},"_links":{"self":[{"href":"https:\/\/anwalt.rocks\/arbeitsrecht\/wp-json\/wp\/v2\/posts\/7468","targetHints":{"allow":["GET"]}}],"collection":[{"href":"https:\/\/anwalt.rocks\/arbeitsrecht\/wp-json\/wp\/v2\/posts"}],"about":[{"href":"https:\/\/anwalt.rocks\/arbeitsrecht\/wp-json\/wp\/v2\/types\/post"}],"author":[{"embeddable":true,"href":"https:\/\/anwalt.rocks\/arbeitsrecht\/wp-json\/wp\/v2\/users\/1"}],"replies":[{"embeddable":true,"href":"https:\/\/anwalt.rocks\/arbeitsrecht\/wp-json\/wp\/v2\/comments?post=7468"}],"version-history":[{"count":0,"href":"https:\/\/anwalt.rocks\/arbeitsrecht\/wp-json\/wp\/v2\/posts\/7468\/revisions"}],"wp:attachment":[{"href":"https:\/\/anwalt.rocks\/arbeitsrecht\/wp-json\/wp\/v2\/media?parent=7468"}],"wp:term":[{"taxonomy":"category","embeddable":true,"href":"https:\/\/anwalt.rocks\/arbeitsrecht\/wp-json\/wp\/v2\/categories?post=7468"},{"taxonomy":"post_tag","embeddable":true,"href":"https:\/\/anwalt.rocks\/arbeitsrecht\/wp-json\/wp\/v2\/tags?post=7468"}],"curies":[{"name":"wp","href":"https:\/\/api.w.org\/{rel}","templated":true}]}}