{"id":7501,"date":"2025-01-04T09:18:10","date_gmt":"2025-01-04T08:18:10","guid":{"rendered":"https:\/\/anwalt.rocks\/arbeitsrecht\/amberg\/"},"modified":"2025-01-04T09:18:10","modified_gmt":"2025-01-04T08:18:10","slug":"amberg","status":"publish","type":"post","link":"https:\/\/anwalt.rocks\/arbeitsrecht\/amberg\/","title":{"rendered":"Fachanwalt f\u00fcr IT- und Arbeitsrecht Amberg."},"content":{"rendered":"<span class=\"span-reading-time rt-reading-time\" style=\"display: block;\"><span class=\"rt-label rt-prefix\">Lesedauer<\/span> <span class=\"rt-time\"> 3<\/span> <span class=\"rt-label rt-postfix\">Minuten<\/span><\/span><h2>Fachanwalt Dr. Schmelzer in Sachen IT- und Arbeitsrecht Amberg sowie Teilzeit und flexible Arbeitszeit.<\/h2>\n<p><a href=\"https:\/\/dr-schmelzer.eu\/arbeitsrecht\/\" target=\"_blank\" rel=\"noopener\"><img loading=\"lazy\" decoding=\"async\" src=\"https:\/\/anwalt.rocks\/bilder\/arbeitsrecht\/anwalt-arbeitsrecht-600x600.webp\" alt=\"Fachanwalt f\u00fcr IT- und Arbeitsrecht Amberg.\" title=\"Fachanwalt f\u00fcr IT- und Arbeitsrecht Amberg.\" width=\"600\" height=\"600\" \/><\/a> <\/p>\n<h3>Rechtsanwalt Arbeitsrecht und IT Recht Amberg &#8211; Soziet\u00e4t Dr. Stephan Schmelzer.<\/h3>\n<p>Dr. Stephan Schmelzer steht Ihnen in allen Belangen des Arbeitsrechts beratend zur Verf\u00fcgung. Seine Fachanwaltszulassung seit 2002 und \u00fcber 25 Jahre Berufserfahrung haben ihm einen exzellenten Ruf weit \u00fcber Ahlen hinaus eingebracht. Seine Kanzlei blickt auf \u00fcber 20 Jahre Erfolgsgeschichte zur\u00fcck und zeichnet sich durch pers\u00f6nliche Beratung und juristische Genauigkeit aus. Dr. Schmelzers Doppelqualifikation als Fachanwalt im Arbeits- und IT-Recht ist in der heutigen digitalen Arbeitswelt von hohem Nutzen. &#8211; <a title=\"Anwalt Arbeitsrecht Darmstadt\" href=\"https:\/\/anwalt.rocks\/arbeitsrecht\/darmstadt\/\">Anwalt Arbeitsrecht Darmstadt<\/a><\/p>\n<p><a href=\"https:\/\/dr-schmelzer.eu\/arbeitsrecht\/\" target=\"_blank\" rel=\"noopener\"><img loading=\"lazy\" decoding=\"async\" src=\"https:\/\/anwalt.rocks\/bilder\/arbeitsrecht\/rechtsanwalt-arbeitsrecht-600x600.webp\" alt=\"Anwalt Arbeitsrecht Amberg\" title=\"Anwalt Arbeitsrecht Amberg\" width=\"600\" height=\"600\" \/><\/a> <\/p>\n<h3>Soziet\u00e4t Dr. Stephan Schmelzer &#8211; Fachanwalt f\u00fcr Arbeitsrecht Amberg.<\/h3>\n<p>Das IT-Recht wird oft zus\u00e4tzlich ber\u00fccksichtigt, doch der Hauptschwerpunkt von Dr. Schmelzer ist das Arbeitsrecht \u2013 sowohl in Deutschland als auch international. Ob f\u00fcr Arbeitgeber oder Arbeitnehmer \u2013 Dr. Schmelzer bietet ma\u00dfgeschneiderte Beratung in allen Bereichen des Arbeitsrechts. Seine Expertise und sein Fokus auf individuelle L\u00f6sungen haben ihn zu einem der f\u00fchrenden Spezialisten in diesem Fachgebiet gemacht. &#8211; <a title=\"Anwalt Winterthur\" href=\"https:\/\/anwalt.rocks\/arbeitsrecht\/winterthur\/\">Anwalt Winterthur<\/a><\/p>\n<h3>Kompetent und durchsetzungsstark &#8211; Fest drei Jahrzehnte Anwaltserfahrung als Steuer- und Arbeitsrechtler Amberg.<\/h3>\n<p>Die Gestaltung von Arbeitsvertr\u00e4gen und die Durchf\u00fchrung komplexer Restrukturierungen z\u00e4hlen zu den zentralen rechtlichen Aufgaben f\u00fcr Arbeitgeber. Unternehmen profitieren von Dr. Schmelzers praxisnaher Beratung, die auf die Minimierung rechtlicher Gefahren und die Entwicklung effizienter L\u00f6sungen abzielt. Seine Kernkompetenzen umfassen: &#8211; <a title=\"Anwalt Arbeitsrecht Riedenburg\" href=\"https:\/\/anwalt.rocks\/arbeitsrecht\/riedenburg\/\">Anwalt Arbeitsrecht Riedenburg<\/a><\/p>\n<h3>Anwalt Arbeitsrecht Amberg 35 motivierte Kunden.<\/h3>\n<p>Erarbeitung und Kontrolle von Arbeitsvertr\u00e4gen, die juristisch einwandfrei und zugleich flexibel gestaltet sind. Gestaltung innovativer L\u00f6sungen f\u00fcr Arbeitszeit und Verg\u00fctung, die den spezifischen Anforderungen des Unternehmens gerecht werden. &#8211; <a title=\"Anwalt Arbeitsrecht Bad Liebenstein\" href=\"https:\/\/anwalt.rocks\/arbeitsrecht\/bad-liebenstein\/\">Anwalt Arbeitsrecht Bad Liebenstein<\/a><\/p>\n<h3>Darum w\u00e4hlt man diesen erfahrenen Anwalt Amberg:<\/h3>\n<p>Beratung und Begleitung bei der Erstellung von rechtssicheren K\u00fcndigungen aus unterschiedlichen Gr\u00fcnden. Minimierung juristischer Unsicherheiten und fachkundige Begleitung w\u00e4hrend der K\u00fcndigung.<\/p>\n<h3>Kompetent und auch durchsetzungsstark.<\/h3>\n<p>Rechtliche Unterst\u00fctzung zur Beteiligung des Betriebsrats bei wichtigen Entscheidungen. Verhandlung und rechtliche Umsetzung von Betriebsvereinbarungen. Beratung bei der rechtlichen und strategischen Planung von Restrukturierungsma\u00dfnahmen. Prozessvertretung in arbeitsrechtlichen Konflikten, darunter K\u00fcndigungsschutzverfahren und Entfristungsklagen. Effektive und strategische Sicherung der Rechte und Belange des Unternehmens im Mittelpunkt.<\/p>\n<h3>Anwalt Arbeitsrecht Amberg &#8211; Fachanwalt Dr. Schmelzer.<\/h3>\n<p>Arbeitnehmer profitieren gleicherma\u00dfen von der Erfahrung und Fachkenntnis von Dr. Schmelzer. Bei Streitigkeiten zeigt er sich als tatkr\u00e4ftiger Partner, der mit Nachdruck die Belange seiner Mandanten vertritt. Im Fokus stehen folgende Leistungen:<\/p>\n<p>Fachkundige Rechtsvertretung in K\u00fcndigungsschutzverfahren vor dem Arbeitsgericht. Verhandlung \u00fcber finanzielle Leistungen, insbesondere Abfindungen. Fachkundige Rechtsvertretung in K\u00fcndigungsschutzverfahren vor dem Arbeitsgericht. Verhandlung \u00fcber finanzielle Leistungen, insbesondere Abfindungen.<\/p>\n<p>Hilfe bei der Aushandlung von Abfindungen und Beratung zur rechtlichen Gestaltung von Aufhebungsvertr\u00e4gen. Hilfe bei der \u00dcberpr\u00fcfung und Optimierung von Zeugnissen, um berufliche Chancen zu verbessern. Unterst\u00fctzung bei der Sicherstellung gerechter Bewertungen durch Zeugnisklagen. Weniger Ausgaben Beratung und Unterst\u00fctzung bei der Durchsetzung von offenen Gehaltsanspr\u00fcchen. Begleitung bei Entgeltklagen und Streitigkeiten \u00fcber nicht verg\u00fctete \u00dcberstunden. Analyse von Abmahnungen mit der Zielsetzung, unrechtm\u00e4\u00dfige Ma\u00dfnahmen aufzuheben.<\/p>\n<h4>Mandanten Vertreung f\u00fcr Arbeitnehmer und Arbeitgeber f\u00fcr Anwalt Arbeitsrecht Amberg.<\/h4>\n<p>Ein zentrales Fachgebiet von Dr. Schmelzer ist die Restrukturierung in Verbindung mit Konfliktl\u00f6sungen. Die Beratung von Unternehmen w\u00e4hrend Restrukturierungsma\u00dfnahmen geh\u00f6rt zu den Fachbereichen von Dr. Schmelzer. Erforderlich sind nicht nur juristische Kenntnisse, sondern auch ausgepr\u00e4gte Verhandlungsf\u00e4higkeiten und wirtschaftliches Know-how.<\/p>\n<p>Anwalt Amberg Fazit: Mit langj\u00e4hriger Erfahrung ber\u00e4t Dr. Schmelzer Unternehmen bei der Umsetzung von Sozialpl\u00e4nen und Interessenausgleichen. Vorrangig wird eine L\u00f6sung angestrebt, die von allen Parteien getragen werden kann. Dank seiner strategischen F\u00e4higkeiten und seines umfangreichen Wissens ist Dr. Schmelzer ein kompetenter Partner bei Verhandlungen mit Betriebsr\u00e4ten und Gewerkschaften.<\/p>\n<p>Der Fachanwalt f\u00fcr Arbeitsrecht sieht in jedem Fall eine individuelle Aufgabe, die h\u00f6chste Aufmerksamkeit verdient. Dr. Schmelzer strebt stets die optimale L\u00f6sung f\u00fcr seine Mandanten an, ob durch au\u00dfergerichtliche Einigungen oder durch einen Rechtsstreit. Transparenz und eine intensive Abstimmung mit seinen Mandanten sind f\u00fcr ihn entscheidend. Die oberste Priorit\u00e4t von Dr. Schmelzer ist die Zufriedenheit seiner Mandanten. Seine professionelle Arbeitsweise und l\u00f6sungsorientierte Haltung werden durch Erfolge und positive R\u00fcckmeldungen seiner Mandanten best\u00e4tigt. Die Kanzlei Dr. Stephan Schmelzer steht Arbeitnehmern und Arbeitgebern mit umfassendem Fachwissen und pers\u00f6nlichem Einsatz zur Seite.<\/p>\n<article class=\"contact contact-list post-2655 profile type-profile status-publish has-post-thumbnail hentry\" data-contact=\"2655\">\n    \n    <div class=\"media\">\n        <div class=\"media-left\">\n            <a  href=\"#\" data-toggle=\"modal\" data-target=\"#ContactModal\"  title=\"Gustav G. jetzt Kontakt aufnehmen!\">\n                <img loading=\"lazy\" decoding=\"async\" width=\"500\" height=\"500\" src=\"https:\/\/anwalt.rocks\/arbeitsrecht\/wp-content\/uploads\/sites\/2\/2025\/01\/meinung-19.jpg\" class=\"contact-image media-object wp-post-image\" alt=\"Gustav G.\" srcset=\"https:\/\/anwalt.rocks\/arbeitsrecht\/wp-content\/uploads\/sites\/2\/2025\/01\/meinung-19.jpg 500w, https:\/\/anwalt.rocks\/arbeitsrecht\/wp-content\/uploads\/sites\/2\/2025\/01\/meinung-19-300x300.jpg 300w, https:\/\/anwalt.rocks\/arbeitsrecht\/wp-content\/uploads\/sites\/2\/2025\/01\/meinung-19-150x150.jpg 150w\" sizes=\"auto, (max-width: 500px) 100vw, 500px\" \/>            <\/a>\n        <\/div>\n\n        <div class=\"media-body\">\n                        <p class=\"h2 media-heading\">\n                <a  href=\"#\" data-toggle=\"modal\" data-target=\"#ContactModal\"  title=\"Gustav G. jetzt Kontakt aufnehmen!\">\n                    <span class=\"contact-name\">Gustav G.<\/span>\n                <\/a>\n\n                <span class=\"contact-text\"><\/span> <span class=\"contact-city\"><a href=\"https:\/\/anwalt.rocks\/arbeitsrecht\/region\/rattenberg\/\">Anwalt Arbeitsrecht Rattenberg<\/a><\/span>            <\/p>\n\n            <div class=\"quote\"><p>Dieser Anwalt hat mir geholfen, als mein Arbeitgeber mich wegen angeblicher Fehlleistungen abmahnen wollte. Er konnte die Abmahnung erfolgreich anfechten und hat mir meine Rechte ausf\u00fchrlich erkl\u00e4rt. Ich bin sehr dankbar f\u00fcr seine Unterst\u00fctzung und w\u00fcrde ihn immer wieder kontaktieren.&hellip;<\/p><\/div>\n            <a class=\"btn btn-cta\"  href=\"#\" data-toggle=\"modal\" data-target=\"#ContactModal\"  title=\"Gustav G. jetzt Kontakt aufnehmen!\">\n                Nachricht senden            <\/a>\n        <\/div>\n    <\/div>\n<\/article><article class=\"contact contact-list post-2628 profile type-profile status-publish has-post-thumbnail hentry\" data-contact=\"2628\">\n    \n    <div class=\"media\">\n        <div class=\"media-left\">\n            <a  href=\"#\" data-toggle=\"modal\" data-target=\"#ContactModal\"  title=\"Sandra B., 39 Jahre, aus Bremen jetzt Kontakt aufnehmen!\">\n                <img loading=\"lazy\" decoding=\"async\" width=\"500\" height=\"500\" src=\"https:\/\/anwalt.rocks\/arbeitsrecht\/wp-content\/uploads\/sites\/2\/2025\/01\/meinung-10.jpg\" class=\"contact-image media-object wp-post-image\" alt=\"Sandra B., 39 Jahre, aus Bremen\" srcset=\"https:\/\/anwalt.rocks\/arbeitsrecht\/wp-content\/uploads\/sites\/2\/2025\/01\/meinung-10.jpg 500w, https:\/\/anwalt.rocks\/arbeitsrecht\/wp-content\/uploads\/sites\/2\/2025\/01\/meinung-10-300x300.jpg 300w, https:\/\/anwalt.rocks\/arbeitsrecht\/wp-content\/uploads\/sites\/2\/2025\/01\/meinung-10-150x150.jpg 150w\" sizes=\"auto, (max-width: 500px) 100vw, 500px\" \/>            <\/a>\n        <\/div>\n\n        <div class=\"media-body\">\n                        <p class=\"h2 media-heading\">\n                <a  href=\"#\" data-toggle=\"modal\" data-target=\"#ContactModal\"  title=\"Sandra B., 39 Jahre, aus Bremen jetzt Kontakt aufnehmen!\">\n                    <span class=\"contact-name\">Sandra B., 39 Jahre, aus Bremen<\/span>\n                <\/a>\n\n                <span class=\"contact-text\"><\/span> <span class=\"contact-city\"><a href=\"https:\/\/anwalt.rocks\/arbeitsrecht\/region\/zehnhausen-bei-rennerod\/\">Anwalt Arbeitsrecht Zehnhausen bei Rennerod<\/a><\/span>            <\/p>\n\n            <div class=\"quote\"><p>Herr Schmelzer ist einfach unglaublich! In meinem Fall ging es um eine ungerechtfertigte Versetzung in eine andere Stadt. Er erkannte sofort, dass mein Arbeitgeber hier gegen geltendes Arbeitsrecht versto\u00dfen hatte, und setzte meine Interessen kompromisslos durch. Was mir besonders gefallen &hellip;<\/p><\/div>\n            <a class=\"btn btn-cta\"  href=\"#\" data-toggle=\"modal\" data-target=\"#ContactModal\"  title=\"Sandra B., 39 Jahre, aus Bremen jetzt Kontakt aufnehmen!\">\n                Nachricht senden            <\/a>\n        <\/div>\n    <\/div>\n<\/article><article class=\"contact contact-list post-2625 profile type-profile status-publish has-post-thumbnail hentry\" data-contact=\"2625\">\n    \n    <div class=\"media\">\n        <div class=\"media-left\">\n            <a  href=\"#\" data-toggle=\"modal\" data-target=\"#ContactModal\"  title=\"Melanie R., 28 Jahre, aus Dortmund jetzt Kontakt aufnehmen!\">\n                <img loading=\"lazy\" decoding=\"async\" width=\"500\" height=\"500\" src=\"https:\/\/anwalt.rocks\/arbeitsrecht\/wp-content\/uploads\/sites\/2\/2025\/01\/meinung-09.jpg\" class=\"contact-image media-object wp-post-image\" alt=\"Melanie R., 28 Jahre, aus Dortmund\" srcset=\"https:\/\/anwalt.rocks\/arbeitsrecht\/wp-content\/uploads\/sites\/2\/2025\/01\/meinung-09.jpg 500w, https:\/\/anwalt.rocks\/arbeitsrecht\/wp-content\/uploads\/sites\/2\/2025\/01\/meinung-09-300x300.jpg 300w, https:\/\/anwalt.rocks\/arbeitsrecht\/wp-content\/uploads\/sites\/2\/2025\/01\/meinung-09-150x150.jpg 150w\" sizes=\"auto, (max-width: 500px) 100vw, 500px\" \/>            <\/a>\n        <\/div>\n\n        <div class=\"media-body\">\n                        <p class=\"h2 media-heading\">\n                <a  href=\"#\" data-toggle=\"modal\" data-target=\"#ContactModal\"  title=\"Melanie R., 28 Jahre, aus Dortmund jetzt Kontakt aufnehmen!\">\n                    <span class=\"contact-name\">Melanie R., 28 Jahre, aus Dortmund<\/span>\n                <\/a>\n\n                <span class=\"contact-text\"><\/span> <span class=\"contact-city\"><a href=\"https:\/\/anwalt.rocks\/arbeitsrecht\/region\/grabau-bei-schwarzenbek\/\">Anwalt Arbeitsrecht Grabau bei Schwarzenbek<\/a><\/span>            <\/p>\n\n            <div class=\"quote\"><p>Ich hatte Angst, meinen Job zu verlieren, weil mein Arbeitgeber mich nach meiner Schwangerschaft anders behandeln wollte. Zum Gl\u00fcck wandte ich mich an Rechtsanwalt Schmelzer. Er hat mich nicht nur \u00fcber meine Rechte aufgekl\u00e4rt, sondern auch sehr erfolgreich verhandelt. Jetzt &hellip;<\/p><\/div>\n            <a class=\"btn btn-cta\"  href=\"#\" data-toggle=\"modal\" data-target=\"#ContactModal\"  title=\"Melanie R., 28 Jahre, aus Dortmund jetzt Kontakt aufnehmen!\">\n                Nachricht senden            <\/a>\n        <\/div>\n    <\/div>\n<\/article><article class=\"contact contact-list post-2603 profile type-profile status-publish has-post-thumbnail hentry\" data-contact=\"2603\">\n    \n    <div class=\"media\">\n        <div class=\"media-left\">\n            <a  href=\"#\" data-toggle=\"modal\" data-target=\"#ContactModal\"  title=\"Lisa K., 41 Jahre, aus Berlin jetzt Kontakt aufnehmen!\">\n                <img loading=\"lazy\" decoding=\"async\" width=\"500\" height=\"500\" src=\"https:\/\/anwalt.rocks\/arbeitsrecht\/wp-content\/uploads\/sites\/2\/2025\/01\/meinung-02.jpg\" class=\"contact-image media-object wp-post-image\" alt=\"Lisa K., 41 Jahre, aus Berlin\" srcset=\"https:\/\/anwalt.rocks\/arbeitsrecht\/wp-content\/uploads\/sites\/2\/2025\/01\/meinung-02.jpg 500w, https:\/\/anwalt.rocks\/arbeitsrecht\/wp-content\/uploads\/sites\/2\/2025\/01\/meinung-02-300x300.jpg 300w, https:\/\/anwalt.rocks\/arbeitsrecht\/wp-content\/uploads\/sites\/2\/2025\/01\/meinung-02-150x150.jpg 150w\" sizes=\"auto, (max-width: 500px) 100vw, 500px\" \/>            <\/a>\n        <\/div>\n\n        <div class=\"media-body\">\n                        <p class=\"h2 media-heading\">\n                <a  href=\"#\" data-toggle=\"modal\" data-target=\"#ContactModal\"  title=\"Lisa K., 41 Jahre, aus Berlin jetzt Kontakt aufnehmen!\">\n                    <span class=\"contact-name\">Lisa K., 41 Jahre, aus Berlin<\/span>\n                <\/a>\n\n                <span class=\"contact-text\"><\/span> <span class=\"contact-city\"><a href=\"https:\/\/anwalt.rocks\/arbeitsrecht\/region\/wremen\/\">Anwalt Arbeitsrecht Wremen<\/a><\/span>            <\/p>\n\n            <div class=\"quote\"><p>Ich bin so froh, dass ich Herrn Dr. Schmelzer gefunden habe! Nach 15 Jahren im gleichen Unternehmen wurde ich pl\u00f6tzlich gek\u00fcndigt \u2013 angeblich wegen betrieblicher Umst\u00e4nde. Dr. Schmelzer hat sofort erkannt, dass die K\u00fcndigung unwirksam war, und hat einen wirklich &hellip;<\/p><\/div>\n            <a class=\"btn btn-cta\"  href=\"#\" data-toggle=\"modal\" data-target=\"#ContactModal\"  title=\"Lisa K., 41 Jahre, aus Berlin jetzt Kontakt aufnehmen!\">\n                Nachricht senden            <\/a>\n        <\/div>\n    <\/div>\n<\/article><article class=\"contact contact-list post-2622 profile type-profile status-publish has-post-thumbnail hentry\" data-contact=\"2622\">\n    \n    <div class=\"media\">\n        <div class=\"media-left\">\n            <a  href=\"#\" data-toggle=\"modal\" data-target=\"#ContactModal\"  title=\"Sabine T., 22 Jahre, aus Frankfurt jetzt Kontakt aufnehmen!\">\n                <img loading=\"lazy\" decoding=\"async\" width=\"500\" height=\"500\" src=\"https:\/\/anwalt.rocks\/arbeitsrecht\/wp-content\/uploads\/sites\/2\/2025\/01\/meinung-08.jpg\" class=\"contact-image media-object wp-post-image\" alt=\"Sabine T., 22 Jahre, aus Frankfurt\" srcset=\"https:\/\/anwalt.rocks\/arbeitsrecht\/wp-content\/uploads\/sites\/2\/2025\/01\/meinung-08.jpg 500w, https:\/\/anwalt.rocks\/arbeitsrecht\/wp-content\/uploads\/sites\/2\/2025\/01\/meinung-08-300x300.jpg 300w, https:\/\/anwalt.rocks\/arbeitsrecht\/wp-content\/uploads\/sites\/2\/2025\/01\/meinung-08-150x150.jpg 150w\" sizes=\"auto, (max-width: 500px) 100vw, 500px\" \/>            <\/a>\n        <\/div>\n\n        <div class=\"media-body\">\n                        <p class=\"h2 media-heading\">\n                <a  href=\"#\" data-toggle=\"modal\" data-target=\"#ContactModal\"  title=\"Sabine T., 22 Jahre, aus Frankfurt jetzt Kontakt aufnehmen!\">\n                    <span class=\"contact-name\">Sabine T., 22 Jahre, aus Frankfurt<\/span>\n                <\/a>\n\n                <span class=\"contact-text\"><\/span> <span class=\"contact-city\"><a href=\"https:\/\/anwalt.rocks\/arbeitsrecht\/region\/kottgeisering\/\">Anwalt Arbeitsrecht Kottgeisering<\/a><\/span>            <\/p>\n\n            <div class=\"quote\"><p>Ich hatte ein Problem mit meinem Teilzeitvertrag, da mein Arbeitgeber mich pl\u00f6tzlich zu vielen \u00dcberstunden verpflichten wollte. Herr Schmelzer hat mich wunderbar beraten und schnell eine Kl\u00e4rung herbeigef\u00fchrt. Seine Kompetenz und Freundlichkeit haben mich \u00fcberzeugt. Ich f\u00fchlte mich jederzeit ernst &hellip;<\/p><\/div>\n            <a class=\"btn btn-cta\"  href=\"#\" data-toggle=\"modal\" data-target=\"#ContactModal\"  title=\"Sabine T., 22 Jahre, aus Frankfurt jetzt Kontakt aufnehmen!\">\n                Nachricht senden            <\/a>\n        <\/div>\n    <\/div>\n<\/article>\n<div class=\"blogposts\"><ul><li><a href=\"https:\/\/anwalt.rocks\/arbeitsrecht\/oberndorf-bei-salzburg\/\" title=\"Anwalt Arbeitsrecht Oberndorf bei Salzburg &#8211; Mittlerweile 45 gl\u00fcckliche Mandanten.\">Anwalt Arbeitsrecht Oberndorf bei Salzburg &#8211; Mittlerweile 45 gl\u00fcckliche Mandanten.<\/a><\/li><li><a href=\"https:\/\/anwalt.rocks\/arbeitsrecht\/osterwieck\/\" title=\"Anwalt Osterwieck bzgl. Arbeitsrecht.\">Anwalt Osterwieck bzgl. Arbeitsrecht.<\/a><\/li><li><a href=\"https:\/\/anwalt.rocks\/arbeitsrecht\/bensheim\/\" title=\"Anwalt Bensheim Arbeitsrecht Vertretung f\u00fcr Arbeitgeber sowie Arbeitnehmer.\">Anwalt Bensheim Arbeitsrecht Vertretung f\u00fcr Arbeitgeber sowie Arbeitnehmer.<\/a><\/li><li><a href=\"https:\/\/anwalt.rocks\/arbeitsrecht\/ruhrpott\/\" title=\"Anwalt Ruhrpott f\u00fcr Arbeitsrecht.\">Anwalt Ruhrpott f\u00fcr Arbeitsrecht.<\/a><\/li><li><a href=\"https:\/\/anwalt.rocks\/arbeitsrecht\/meppen\/\" title=\"Anwalt Arbeitsrecht Meppen &#8211; Ruth ist zufrieden.\">Anwalt Arbeitsrecht Meppen &#8211; Ruth ist zufrieden.<\/a><\/li><li><a href=\"https:\/\/anwalt.rocks\/arbeitsrecht\/tessin\/\" title=\"Anwalt Tessin f\u00fcr Arbeitsrecht.\">Anwalt Tessin f\u00fcr Arbeitsrecht.<\/a><\/li><li><a href=\"https:\/\/anwalt.rocks\/arbeitsrecht\/langenzenn\/\" title=\"Anwalt Langenzenn f\u00fcr Arbeitsrecht.\">Anwalt Langenzenn f\u00fcr Arbeitsrecht.<\/a><\/li><\/ul><\/div>\n","protected":false},"excerpt":{"rendered":"<h2>Kanzlei Dr. Stephan Schmelzer Rechtsanwalt f\u00fcr IT- und Arbeitsrecht Langenzenn.<\/h2>\n<p><a href=\"https:\/\/dr-schmelzer.eu\/arbeitsrecht\/\" target=\"_blank\" rel=\"noopener\"><img loading=\"lazy\" decoding=\"async\" src=\"https:\/\/anwalt.rocks\/bilder\/arbeitsrecht\/anwalt-arbeitsrecht-600x600.webp\" alt=\"Anwalt Langenzenn f\u00fcr Arbeitsrecht.\" title=\"Anwalt Langenzenn f\u00fcr Arbeitsrecht.\" width=\"600\" height=\"600\" \/><\/a> <\/p>\n<h3>Rechtsanwalt IT- und Arbeitsrecht Langenzenn &#8211; Anwaltskanzlei Dr. Stephan Schmelzer.<\/h3>\n<p>In allen Angelegenheiten des Arbeitsrechts steht Dr. Stephan Schmelzer Ihnen zur Seite. Mit seiner Erfahrung von \u00fcber 25 Jahren wird &hellip;<\/p>","protected":false},"author":1,"featured_media":0,"comment_status":"closed","ping_status":"open","sticky":false,"template":"","format":"standard","meta":{"footnotes":""},"categories":[3],"tags":[],"class_list":["post-7501","post","type-post","status-publish","format-standard","hentry","category-fachanwalt"],"yoast_head":"<!-- This site is optimized with the Yoast SEO Premium plugin v27.1 (Yoast SEO v27.2) - https:\/\/yoast.com\/product\/yoast-seo-premium-wordpress\/ -->\n<title>Fachanwalt f\u00fcr IT- und Arbeitsrecht Amberg.<\/title>\n<meta name=\"robots\" content=\"index, follow, max-snippet:-1, max-image-preview:large, max-video-preview:-1\" \/>\n<link rel=\"canonical\" href=\"https:\/\/anwalt.rocks\/arbeitsrecht\/amberg\/\" \/>\n<meta property=\"og:locale\" content=\"de_DE\" \/>\n<meta property=\"og:type\" content=\"article\" \/>\n<meta property=\"og:title\" content=\"Fachanwalt f\u00fcr IT- und Arbeitsrecht Amberg.\" \/>\n<meta property=\"og:description\" content=\"Kanzlei Dr. Stephan Schmelzer Rechtsanwalt f\u00fcr IT- und Arbeitsrecht Langenzenn.  Rechtsanwalt IT- und Arbeitsrecht Langenzenn &#8211; Anwaltskanzlei Dr. Stephan Schmelzer. In allen Angelegenheiten des Arbeitsrechts steht Dr. Stephan Schmelzer Ihnen zur Seite. Mit seiner Erfahrung von \u00fcber 25 Jahren wird &hellip;\" \/>\n<meta property=\"og:url\" content=\"https:\/\/anwalt.rocks\/arbeitsrecht\/amberg\/\" \/>\n<meta property=\"og:site_name\" content=\"Anwalt Arbeitsrecht in der N\u00e4he - Dr. Schmelzer\" \/>\n<meta property=\"article:published_time\" content=\"2025-01-04T08:18:10+00:00\" \/>\n<meta property=\"og:image\" content=\"https:\/\/anwalt.rocks\/bilder\/arbeitsrecht\/anwalt-arbeitsrecht-600x600.webp\" \/>\n<meta name=\"author\" content=\"admin\" \/>\n<meta name=\"twitter:card\" content=\"summary_large_image\" \/>\n<meta name=\"twitter:label1\" content=\"Verfasst von\" \/>\n\t<meta name=\"twitter:data1\" content=\"admin\" \/>\n\t<meta name=\"twitter:label2\" content=\"Gesch\u00e4tzte Lesezeit\" \/>\n\t<meta name=\"twitter:data2\" content=\"4\u00a0Minuten\" \/>\n<script type=\"application\/ld+json\" class=\"yoast-schema-graph\">{\"@context\":\"https:\/\/schema.org\",\"@graph\":[{\"@type\":\"Article\",\"@id\":\"https:\/\/anwalt.rocks\/arbeitsrecht\/amberg\/#article\",\"isPartOf\":{\"@id\":\"https:\/\/anwalt.rocks\/arbeitsrecht\/amberg\/\"},\"author\":{\"name\":\"admin\",\"@id\":\"https:\/\/anwalt.rocks\/arbeitsrecht\/#\/schema\/person\/3fd3b0fc4df170bb2460fbc934288e39\"},\"headline\":\"Fachanwalt f\u00fcr IT- und Arbeitsrecht Amberg.\",\"datePublished\":\"2025-01-04T08:18:10+00:00\",\"mainEntityOfPage\":{\"@id\":\"https:\/\/anwalt.rocks\/arbeitsrecht\/amberg\/\"},\"wordCount\":738,\"publisher\":{\"@id\":\"https:\/\/anwalt.rocks\/arbeitsrecht\/#organization\"},\"image\":{\"@id\":\"https:\/\/anwalt.rocks\/arbeitsrecht\/amberg\/#primaryimage\"},\"thumbnailUrl\":\"https:\/\/anwalt.rocks\/bilder\/arbeitsrecht\/anwalt-arbeitsrecht-600x600.webp\",\"articleSection\":[\"Fachanwalt\"],\"inLanguage\":\"de\"},{\"@type\":\"WebPage\",\"@id\":\"https:\/\/anwalt.rocks\/arbeitsrecht\/amberg\/\",\"url\":\"https:\/\/anwalt.rocks\/arbeitsrecht\/amberg\/\",\"name\":\"Fachanwalt f\u00fcr IT- und Arbeitsrecht Amberg.\",\"isPartOf\":{\"@id\":\"https:\/\/anwalt.rocks\/arbeitsrecht\/#website\"},\"primaryImageOfPage\":{\"@id\":\"https:\/\/anwalt.rocks\/arbeitsrecht\/amberg\/#primaryimage\"},\"image\":{\"@id\":\"https:\/\/anwalt.rocks\/arbeitsrecht\/amberg\/#primaryimage\"},\"thumbnailUrl\":\"https:\/\/anwalt.rocks\/bilder\/arbeitsrecht\/anwalt-arbeitsrecht-600x600.webp\",\"datePublished\":\"2025-01-04T08:18:10+00:00\",\"breadcrumb\":{\"@id\":\"https:\/\/anwalt.rocks\/arbeitsrecht\/amberg\/#breadcrumb\"},\"inLanguage\":\"de\",\"potentialAction\":[{\"@type\":\"ReadAction\",\"target\":[\"https:\/\/anwalt.rocks\/arbeitsrecht\/amberg\/\"]}]},{\"@type\":\"ImageObject\",\"inLanguage\":\"de\",\"@id\":\"https:\/\/anwalt.rocks\/arbeitsrecht\/amberg\/#primaryimage\",\"url\":\"https:\/\/anwalt.rocks\/bilder\/arbeitsrecht\/anwalt-arbeitsrecht-600x600.webp\",\"contentUrl\":\"https:\/\/anwalt.rocks\/bilder\/arbeitsrecht\/anwalt-arbeitsrecht-600x600.webp\"},{\"@type\":\"BreadcrumbList\",\"@id\":\"https:\/\/anwalt.rocks\/arbeitsrecht\/amberg\/#breadcrumb\",\"itemListElement\":[{\"@type\":\"ListItem\",\"position\":1,\"name\":\"Start\",\"item\":\"https:\/\/anwalt.rocks\/arbeitsrecht\/\"},{\"@type\":\"ListItem\",\"position\":2,\"name\":\"Fachanwalt f\u00fcr IT- und Arbeitsrecht Amberg.\"}]},{\"@type\":\"WebSite\",\"@id\":\"https:\/\/anwalt.rocks\/arbeitsrecht\/#website\",\"url\":\"https:\/\/anwalt.rocks\/arbeitsrecht\/\",\"name\":\"Anwalt Arbeitsrecht in der N\u00e4he - Dr. Schmelzer\",\"description\":\"Kompetenzen und Vorteile von Dr. Stephan Schmelzer \u2013 Anwalt und Fachanwalt f\u00fcr Arbeitsrecht mit 25 j\u00e4hriger Berufspraxis.\",\"publisher\":{\"@id\":\"https:\/\/anwalt.rocks\/arbeitsrecht\/#organization\"},\"potentialAction\":[{\"@type\":\"SearchAction\",\"target\":{\"@type\":\"EntryPoint\",\"urlTemplate\":\"https:\/\/anwalt.rocks\/arbeitsrecht\/?s={search_term_string}\"},\"query-input\":{\"@type\":\"PropertyValueSpecification\",\"valueRequired\":true,\"valueName\":\"search_term_string\"}}],\"inLanguage\":\"de\"},{\"@type\":\"Organization\",\"@id\":\"https:\/\/anwalt.rocks\/arbeitsrecht\/#organization\",\"name\":\"Kanzlei Dr. Schmelzer\",\"url\":\"https:\/\/anwalt.rocks\/arbeitsrecht\/\",\"logo\":{\"@type\":\"ImageObject\",\"inLanguage\":\"de\",\"@id\":\"https:\/\/anwalt.rocks\/arbeitsrecht\/#\/schema\/logo\/image\/\",\"url\":\"https:\/\/anwalt.rocks\/arbeitsrecht\/wp-content\/uploads\/sites\/2\/2025\/01\/anwalt-arbeitsrecht-logo.png\",\"contentUrl\":\"https:\/\/anwalt.rocks\/arbeitsrecht\/wp-content\/uploads\/sites\/2\/2025\/01\/anwalt-arbeitsrecht-logo.png\",\"width\":450,\"height\":150,\"caption\":\"Kanzlei Dr. Schmelzer\"},\"image\":{\"@id\":\"https:\/\/anwalt.rocks\/arbeitsrecht\/#\/schema\/logo\/image\/\"}},{\"@type\":\"Person\",\"@id\":\"https:\/\/anwalt.rocks\/arbeitsrecht\/#\/schema\/person\/3fd3b0fc4df170bb2460fbc934288e39\",\"name\":\"admin\",\"image\":{\"@type\":\"ImageObject\",\"inLanguage\":\"de\",\"@id\":\"https:\/\/secure.gravatar.com\/avatar\/2a567a722e62dc61f1aaa46c6b595fa617f2003443806e3422a8fed77c029cfc?s=96&d=mm&r=g\",\"url\":\"https:\/\/secure.gravatar.com\/avatar\/2a567a722e62dc61f1aaa46c6b595fa617f2003443806e3422a8fed77c029cfc?s=96&d=mm&r=g\",\"contentUrl\":\"https:\/\/secure.gravatar.com\/avatar\/2a567a722e62dc61f1aaa46c6b595fa617f2003443806e3422a8fed77c029cfc?s=96&d=mm&r=g\",\"caption\":\"admin\"},\"sameAs\":[\"https:\/\/anwalt.rocks\"],\"url\":\"https:\/\/anwalt.rocks\/arbeitsrecht\/author\/admin\/\"}]}<\/script>\n<!-- \/ Yoast SEO Premium plugin. -->","yoast_head_json":{"title":"Fachanwalt f\u00fcr IT- und Arbeitsrecht Amberg.","robots":{"index":"index","follow":"follow","max-snippet":"max-snippet:-1","max-image-preview":"max-image-preview:large","max-video-preview":"max-video-preview:-1"},"canonical":"https:\/\/anwalt.rocks\/arbeitsrecht\/amberg\/","og_locale":"de_DE","og_type":"article","og_title":"Fachanwalt f\u00fcr IT- und Arbeitsrecht Amberg.","og_description":"Kanzlei Dr. Stephan Schmelzer Rechtsanwalt f\u00fcr IT- und Arbeitsrecht Langenzenn.  Rechtsanwalt IT- und Arbeitsrecht Langenzenn &#8211; Anwaltskanzlei Dr. Stephan Schmelzer. In allen Angelegenheiten des Arbeitsrechts steht Dr. Stephan Schmelzer Ihnen zur Seite. Mit seiner Erfahrung von \u00fcber 25 Jahren wird &hellip;","og_url":"https:\/\/anwalt.rocks\/arbeitsrecht\/amberg\/","og_site_name":"Anwalt Arbeitsrecht in der N\u00e4he - Dr. Schmelzer","article_published_time":"2025-01-04T08:18:10+00:00","og_image":[{"url":"https:\/\/anwalt.rocks\/bilder\/arbeitsrecht\/anwalt-arbeitsrecht-600x600.webp","type":"","width":"","height":""}],"author":"admin","twitter_card":"summary_large_image","twitter_misc":{"Verfasst von":"admin","Gesch\u00e4tzte Lesezeit":"4\u00a0Minuten"},"schema":{"@context":"https:\/\/schema.org","@graph":[{"@type":"Article","@id":"https:\/\/anwalt.rocks\/arbeitsrecht\/amberg\/#article","isPartOf":{"@id":"https:\/\/anwalt.rocks\/arbeitsrecht\/amberg\/"},"author":{"name":"admin","@id":"https:\/\/anwalt.rocks\/arbeitsrecht\/#\/schema\/person\/3fd3b0fc4df170bb2460fbc934288e39"},"headline":"Fachanwalt f\u00fcr IT- und Arbeitsrecht Amberg.","datePublished":"2025-01-04T08:18:10+00:00","mainEntityOfPage":{"@id":"https:\/\/anwalt.rocks\/arbeitsrecht\/amberg\/"},"wordCount":738,"publisher":{"@id":"https:\/\/anwalt.rocks\/arbeitsrecht\/#organization"},"image":{"@id":"https:\/\/anwalt.rocks\/arbeitsrecht\/amberg\/#primaryimage"},"thumbnailUrl":"https:\/\/anwalt.rocks\/bilder\/arbeitsrecht\/anwalt-arbeitsrecht-600x600.webp","articleSection":["Fachanwalt"],"inLanguage":"de"},{"@type":"WebPage","@id":"https:\/\/anwalt.rocks\/arbeitsrecht\/amberg\/","url":"https:\/\/anwalt.rocks\/arbeitsrecht\/amberg\/","name":"Fachanwalt f\u00fcr IT- und Arbeitsrecht Amberg.","isPartOf":{"@id":"https:\/\/anwalt.rocks\/arbeitsrecht\/#website"},"primaryImageOfPage":{"@id":"https:\/\/anwalt.rocks\/arbeitsrecht\/amberg\/#primaryimage"},"image":{"@id":"https:\/\/anwalt.rocks\/arbeitsrecht\/amberg\/#primaryimage"},"thumbnailUrl":"https:\/\/anwalt.rocks\/bilder\/arbeitsrecht\/anwalt-arbeitsrecht-600x600.webp","datePublished":"2025-01-04T08:18:10+00:00","breadcrumb":{"@id":"https:\/\/anwalt.rocks\/arbeitsrecht\/amberg\/#breadcrumb"},"inLanguage":"de","potentialAction":[{"@type":"ReadAction","target":["https:\/\/anwalt.rocks\/arbeitsrecht\/amberg\/"]}]},{"@type":"ImageObject","inLanguage":"de","@id":"https:\/\/anwalt.rocks\/arbeitsrecht\/amberg\/#primaryimage","url":"https:\/\/anwalt.rocks\/bilder\/arbeitsrecht\/anwalt-arbeitsrecht-600x600.webp","contentUrl":"https:\/\/anwalt.rocks\/bilder\/arbeitsrecht\/anwalt-arbeitsrecht-600x600.webp"},{"@type":"BreadcrumbList","@id":"https:\/\/anwalt.rocks\/arbeitsrecht\/amberg\/#breadcrumb","itemListElement":[{"@type":"ListItem","position":1,"name":"Start","item":"https:\/\/anwalt.rocks\/arbeitsrecht\/"},{"@type":"ListItem","position":2,"name":"Fachanwalt f\u00fcr IT- und Arbeitsrecht Amberg."}]},{"@type":"WebSite","@id":"https:\/\/anwalt.rocks\/arbeitsrecht\/#website","url":"https:\/\/anwalt.rocks\/arbeitsrecht\/","name":"Anwalt Arbeitsrecht in der N\u00e4he - Dr. Schmelzer","description":"Kompetenzen und Vorteile von Dr. Stephan Schmelzer \u2013 Anwalt und Fachanwalt f\u00fcr Arbeitsrecht mit 25 j\u00e4hriger Berufspraxis.","publisher":{"@id":"https:\/\/anwalt.rocks\/arbeitsrecht\/#organization"},"potentialAction":[{"@type":"SearchAction","target":{"@type":"EntryPoint","urlTemplate":"https:\/\/anwalt.rocks\/arbeitsrecht\/?s={search_term_string}"},"query-input":{"@type":"PropertyValueSpecification","valueRequired":true,"valueName":"search_term_string"}}],"inLanguage":"de"},{"@type":"Organization","@id":"https:\/\/anwalt.rocks\/arbeitsrecht\/#organization","name":"Kanzlei Dr. Schmelzer","url":"https:\/\/anwalt.rocks\/arbeitsrecht\/","logo":{"@type":"ImageObject","inLanguage":"de","@id":"https:\/\/anwalt.rocks\/arbeitsrecht\/#\/schema\/logo\/image\/","url":"https:\/\/anwalt.rocks\/arbeitsrecht\/wp-content\/uploads\/sites\/2\/2025\/01\/anwalt-arbeitsrecht-logo.png","contentUrl":"https:\/\/anwalt.rocks\/arbeitsrecht\/wp-content\/uploads\/sites\/2\/2025\/01\/anwalt-arbeitsrecht-logo.png","width":450,"height":150,"caption":"Kanzlei Dr. Schmelzer"},"image":{"@id":"https:\/\/anwalt.rocks\/arbeitsrecht\/#\/schema\/logo\/image\/"}},{"@type":"Person","@id":"https:\/\/anwalt.rocks\/arbeitsrecht\/#\/schema\/person\/3fd3b0fc4df170bb2460fbc934288e39","name":"admin","image":{"@type":"ImageObject","inLanguage":"de","@id":"https:\/\/secure.gravatar.com\/avatar\/2a567a722e62dc61f1aaa46c6b595fa617f2003443806e3422a8fed77c029cfc?s=96&d=mm&r=g","url":"https:\/\/secure.gravatar.com\/avatar\/2a567a722e62dc61f1aaa46c6b595fa617f2003443806e3422a8fed77c029cfc?s=96&d=mm&r=g","contentUrl":"https:\/\/secure.gravatar.com\/avatar\/2a567a722e62dc61f1aaa46c6b595fa617f2003443806e3422a8fed77c029cfc?s=96&d=mm&r=g","caption":"admin"},"sameAs":["https:\/\/anwalt.rocks"],"url":"https:\/\/anwalt.rocks\/arbeitsrecht\/author\/admin\/"}]}},"_links":{"self":[{"href":"https:\/\/anwalt.rocks\/arbeitsrecht\/wp-json\/wp\/v2\/posts\/7501","targetHints":{"allow":["GET"]}}],"collection":[{"href":"https:\/\/anwalt.rocks\/arbeitsrecht\/wp-json\/wp\/v2\/posts"}],"about":[{"href":"https:\/\/anwalt.rocks\/arbeitsrecht\/wp-json\/wp\/v2\/types\/post"}],"author":[{"embeddable":true,"href":"https:\/\/anwalt.rocks\/arbeitsrecht\/wp-json\/wp\/v2\/users\/1"}],"replies":[{"embeddable":true,"href":"https:\/\/anwalt.rocks\/arbeitsrecht\/wp-json\/wp\/v2\/comments?post=7501"}],"version-history":[{"count":0,"href":"https:\/\/anwalt.rocks\/arbeitsrecht\/wp-json\/wp\/v2\/posts\/7501\/revisions"}],"wp:attachment":[{"href":"https:\/\/anwalt.rocks\/arbeitsrecht\/wp-json\/wp\/v2\/media?parent=7501"}],"wp:term":[{"taxonomy":"category","embeddable":true,"href":"https:\/\/anwalt.rocks\/arbeitsrecht\/wp-json\/wp\/v2\/categories?post=7501"},{"taxonomy":"post_tag","embeddable":true,"href":"https:\/\/anwalt.rocks\/arbeitsrecht\/wp-json\/wp\/v2\/tags?post=7501"}],"curies":[{"name":"wp","href":"https:\/\/api.w.org\/{rel}","templated":true}]}}