{"id":7525,"date":"2025-01-04T09:13:27","date_gmt":"2025-01-04T08:13:27","guid":{"rendered":"https:\/\/anwalt.rocks\/arbeitsrecht\/arnstein\/"},"modified":"2025-01-04T09:13:27","modified_gmt":"2025-01-04T08:13:27","slug":"arnstein","status":"publish","type":"post","link":"https:\/\/anwalt.rocks\/arbeitsrecht\/arnstein\/","title":{"rendered":"Fachanwalt in Sachen Arbeits- und IT Recht Arnstein."},"content":{"rendered":"<span class=\"span-reading-time rt-reading-time\" style=\"display: block;\"><span class=\"rt-label rt-prefix\">Lesedauer<\/span> <span class=\"rt-time\"> 3<\/span> <span class=\"rt-label rt-postfix\">Minuten<\/span><\/span><h2>Anwalt Arbeitsrecht Arnstein &#8211; Fachanwalt  f\u00fcr nationale Mandate.<\/h2>\n<p><a href=\"https:\/\/dr-schmelzer.eu\/arbeitsrecht\/\" target=\"_blank\" rel=\"noopener\"><img loading=\"lazy\" decoding=\"async\" src=\"https:\/\/anwalt.rocks\/bilder\/arbeitsrecht\/anwalt-arbeitsrecht-600x600.webp\" alt=\"Fachanwalt in Sachen Arbeits- und IT Recht Arnstein.\" title=\"Fachanwalt in Sachen Arbeits- und IT Recht Arnstein.\" width=\"600\" height=\"600\" \/><\/a> <\/p>\n<h3>Anwalt Arbeitsrecht und IT Recht Arnstein &#8211; Soziet\u00e4t Dr. Stephan Schmelzer.<\/h3>\n<p>F\u00fcr umfassende Beratung im Arbeitsrecht ist Dr. Stephan Schmelzer Ihr Ansprechpartner. Seine Fachanwaltszulassung im Arbeitsrecht seit 2002 hat seinen \u00fcberregionalen Ruf gefestigt. Seit \u00fcber 20 Jahren bietet seine Kanzlei juristische Expertise und pers\u00f6nliche Beratung auf h\u00f6chstem Niveau. Seine besondere Expertise in IT- und Arbeitsrecht macht Dr. Schmelzer zu einem wertvollen Ansprechpartner f\u00fcr die moderne Arbeitswelt. &#8211; <a title=\"Anwalt Arbeitsrecht Salzgitter\" href=\"https:\/\/anwalt.rocks\/arbeitsrecht\/salzgitter\/\">Anwalt Arbeitsrecht Salzgitter<\/a><\/p>\n<p><a href=\"https:\/\/dr-schmelzer.eu\/arbeitsrecht\/\" target=\"_blank\" rel=\"noopener\"><img loading=\"lazy\" decoding=\"async\" src=\"https:\/\/anwalt.rocks\/bilder\/arbeitsrecht\/rechtsanwalt-arbeitsrecht-600x600.webp\" alt=\"Anwalt Arbeitsrecht Arnstein\" title=\"Anwalt Arbeitsrecht Arnstein\" width=\"600\" height=\"600\" \/><\/a> <\/p>\n<h3>Soziet\u00e4t Dr. Stephan Schmelzer &#8211; Fachanwalt f\u00fcr Arbeitsrecht Arnstein.<\/h3>\n<p>IT-rechtliche Aspekte spielen eine erg\u00e4nzende Rolle, doch der Fokus seiner T\u00e4tigkeit liegt im nationalen und internationalen Arbeitsrecht. Ob Arbeitnehmer oder Arbeitgeber \u2013 Dr. Schmelzer entwickelt Strategien, die speziell auf ihre Anforderungen im Arbeitsrecht zugeschnitten sind. Mit seiner langj\u00e4hrigen Erfahrung und der gezielten Betreuung jedes Mandanten geh\u00f6rt er zu den Top-Experten im Arbeitsrecht. &#8211; <a title=\"Anwalt Beverungen\" href=\"https:\/\/anwalt.rocks\/arbeitsrecht\/beverungen\/\">Anwalt Beverungen<\/a><\/p>\n<h3>Erfahren und extrem einsatzfreudig &#8211; 25 Jahre Erfahrung als Fachanwalt Arnstein.<\/h3>\n<p>Arbeitgeber m\u00fcssen sich heute mit rechtlichen Aufgaben auseinandersetzen, die von der Vertragsgestaltung bis zu Restrukturierungen reichen. Durch praxisorientierte Unterst\u00fctzung sorgt Dr. Schmelzer daf\u00fcr, dass Unternehmen rechtliche Risiken minimieren und effiziente Strategien umsetzen k\u00f6nnen. Seine Arbeit umfasst unter anderem: &#8211; <a title=\"Anwalt Arbeitsrecht Siegen Wittgenstein\" href=\"https:\/\/anwalt.rocks\/arbeitsrecht\/siegen-wittgenstein\/\">Anwalt Arbeitsrecht Siegen Wittgenstein<\/a><\/p>\n<h3>Anwalt Arbeitsrecht Arnstein 36 zufriedene Kunden.<\/h3>\n<p>Erstellung und Kontrolle von Arbeitsvertr\u00e4gen, die sowohl rechtlich einwandfrei als auch flexibel gestaltet werden k\u00f6nnen. Erstellung anpassungsf\u00e4higer Verg\u00fctungs- und Arbeitszeitmodelle, die auf die spezifischen Bed\u00fcrfnisse des Unternehmens zugeschnitten sind. &#8211; <a title=\"Anwalt Arbeitsrecht Metzingen\" href=\"https:\/\/anwalt.rocks\/arbeitsrecht\/metzingen\/\">Anwalt Arbeitsrecht Metzingen<\/a><\/p>\n<h3>Weshalb w\u00e4hlt man den zuverl\u00e4ssigen Anwalt Arnstein:<\/h3>\n<p>Beratung und Begleitung bei der Erstellung von rechtssicheren K\u00fcndigungen aus unterschiedlichen Gr\u00fcnden. Verringerung juristischer Gefahren und kontinuierliche Betreuung im gesamten K\u00fcndigungsprozess.<\/p>\n<h3>Hohe Kompetenz sowie top zuverl\u00e4ssig.<\/h3>\n<p>Juristische Unterst\u00fctzung zur Betriebsratsmitwirkung bei relevanten Ma\u00dfnahmen. Verhandlung und Abstimmung von Betriebsvereinbarungen, die praktikabel und rechtssicher sind. Strategische Ausarbeitung und juristische Unterst\u00fctzung bei Restrukturierungsma\u00dfnahmen. Prozessvertretung in K\u00fcndigungsschutzverfahren, Entfristungsklagen und anderen arbeitsrechtlichen Streitf\u00e4llen. Ausrichtung auf eine zielgerichtete und effiziente Verteidigung der unternehmerischen Anliegen.<\/p>\n<h3>Anwalt Arbeitsrecht Arnstein &#8211; Fachanwalt Dr. Schmelzer.<\/h3>\n<p>Die tiefgehende Fachkenntnis von Dr. Schmelzer ist auch f\u00fcr Arbeitnehmer von gro\u00dfem Nutzen. Bei Konflikten steht er als entschlossener Partner zur Verf\u00fcgung, der mit Nachdruck die Interessen seiner Mandanten vertritt. Das Leistungsangebot umfasst:<\/p>\n<p>Rechtsbeistand bei K\u00fcndigungsschutzverfahren und Vertretung vor arbeitsgerichtlichen Instanzen. Unterst\u00fctzung bei der Kl\u00e4rung und Aushandlung von Abfindungsanspr\u00fcchen. Rechtsbeistand bei K\u00fcndigungsschutzverfahren und Vertretung vor arbeitsgerichtlichen Instanzen. Unterst\u00fctzung bei der Kl\u00e4rung und Aushandlung von Abfindungsanspr\u00fcchen.<\/p>\n<p>Beratung bei der Entwicklung von Aufhebungsvertr\u00e4gen und Verhandlung fairer Abfindungen. Pr\u00fcfung und Anpassung von Arbeitszeugnissen, um deren Aussagekraft zu optimieren. Rechtsberatung und Vertretung in Zeugnisstreitf\u00e4llen zur Durchsetzung fairer Bewertungen. Nachhaltig weniger Kosten Unterst\u00fctzung bei der Einforderung ausstehender Lohn- und Gehaltsanspr\u00fcche. Vertretung bei Klagen \u00fcber ausstehende Gehaltszahlungen und offene \u00dcberstundenverg\u00fctungen. Analyse von Abmahnungen und rechtliche Unterst\u00fctzung zur Beseitigung unberechtigter Ma\u00dfnahmen.<\/p>\n<h4>Vertretung f\u00fcr Arbeitnehmer sowie Arbeitgeber in Sachen Anwalt Arbeitsrecht Arnstein.<\/h4>\n<p>Dr. Schmelzer bietet besondere Expertise in den Bereichen Restrukturierung und Konfliktl\u00f6sung. Die Begleitung von Unternehmen bei Restrukturierungsprozessen z\u00e4hlt zu den Spezialgebieten von Dr. Schmelzer. Diese Aufgaben setzen juristische Fachkenntnisse, diplomatisches Geschick und wirtschaftliches Know-how voraus.<\/p>\n<p>Anwalt Arnstein Ergebnis: Die Entwicklung und Durchsetzung von Sozialpl\u00e4nen und Interessenausgleichen ist ein Schwerpunkt von Dr. Schmelzer. Dabei wird besonderer Wert auf eine f\u00fcr alle tragbare L\u00f6sung gelegt. Mit seiner strategischen Kompetenz und seinem fundierten Fachwissen ist Dr. Schmelzer ein erfahrener Partner bei Verhandlungen mit Betriebsr\u00e4ten und Gewerkschaften.<\/p>\n<p>Der Fachanwalt f\u00fcr Arbeitsrecht behandelt jeden Fall als einzigartige Herausforderung, die pers\u00f6nliche Aufmerksamkeit ben\u00f6tigt. Sein Fokus liegt darauf, seinen Mandanten stets die beste L\u00f6sung anzubieten \u2013 durch Einigung oder durch Prozessf\u00fchrung. Transparenz und eine vertrauensvolle Kooperation mit seinen Mandanten stehen f\u00fcr ihn im Vordergrund. F\u00fcr Dr. Schmelzer hat die Zufriedenheit seiner Mandanten h\u00f6chste Priorit\u00e4t. Dies wird deutlich in seinen Ergebnissen und den positiven R\u00fcckmeldungen, die seine professionelle Herangehensweise w\u00fcrdigen. Mit der Kanzlei Dr. Stephan Schmelzer steht Ihnen ein erfahrener Partner zur Seite, der Arbeitnehmer und Arbeitgeber gleicherma\u00dfen unterst\u00fctzt.<\/p>\n<article class=\"contact contact-list post-2609 profile type-profile status-publish has-post-thumbnail hentry\" data-contact=\"2609\">\n    \n    <div class=\"media\">\n        <div class=\"media-left\">\n            <a  href=\"#\" data-toggle=\"modal\" data-target=\"#ContactModal\"  title=\"Nadine H., 48 Jahre, aus M\u00fcnchen jetzt Kontakt aufnehmen!\">\n                <img loading=\"lazy\" decoding=\"async\" width=\"500\" height=\"500\" src=\"https:\/\/anwalt.rocks\/arbeitsrecht\/wp-content\/uploads\/sites\/2\/2025\/01\/meinung-04.jpg\" class=\"contact-image media-object wp-post-image\" alt=\"Nadine H., 48 Jahre, aus M\u00fcnchen\" srcset=\"https:\/\/anwalt.rocks\/arbeitsrecht\/wp-content\/uploads\/sites\/2\/2025\/01\/meinung-04.jpg 500w, https:\/\/anwalt.rocks\/arbeitsrecht\/wp-content\/uploads\/sites\/2\/2025\/01\/meinung-04-300x300.jpg 300w, https:\/\/anwalt.rocks\/arbeitsrecht\/wp-content\/uploads\/sites\/2\/2025\/01\/meinung-04-150x150.jpg 150w\" sizes=\"auto, (max-width: 500px) 100vw, 500px\" \/>            <\/a>\n        <\/div>\n\n        <div class=\"media-body\">\n                        <p class=\"h2 media-heading\">\n                <a  href=\"#\" data-toggle=\"modal\" data-target=\"#ContactModal\"  title=\"Nadine H., 48 Jahre, aus M\u00fcnchen jetzt Kontakt aufnehmen!\">\n                    <span class=\"contact-name\">Nadine H., 48 Jahre, aus M\u00fcnchen<\/span>\n                <\/a>\n\n                <span class=\"contact-text\"><\/span> <span class=\"contact-city\"><a href=\"https:\/\/anwalt.rocks\/arbeitsrecht\/region\/heuzert\/\">Anwalt Arbeitsrecht Heuzert<\/a><\/span>            <\/p>\n\n            <div class=\"quote\"><p>Nach einer pl\u00f6tzlichen Umstrukturierung in meiner Firma wurde mir gek\u00fcndigt. Es war ein riesiger Schock f\u00fcr mich. Zum Gl\u00fcck fand ich Dr. Schmelzer \u00fcber eine Internetrecherche. Schon beim ersten Gespr\u00e4ch war ich beeindruckt von seiner Fachkenntnis und seiner empathischen Art. &hellip;<\/p><\/div>\n            <a class=\"btn btn-cta\"  href=\"#\" data-toggle=\"modal\" data-target=\"#ContactModal\"  title=\"Nadine H., 48 Jahre, aus M\u00fcnchen jetzt Kontakt aufnehmen!\">\n                Nachricht senden            <\/a>\n        <\/div>\n    <\/div>\n<\/article><article class=\"contact contact-list post-2625 profile type-profile status-publish has-post-thumbnail hentry\" data-contact=\"2625\">\n    \n    <div class=\"media\">\n        <div class=\"media-left\">\n            <a  href=\"#\" data-toggle=\"modal\" data-target=\"#ContactModal\"  title=\"Melanie R., 28 Jahre, aus Dortmund jetzt Kontakt aufnehmen!\">\n                <img loading=\"lazy\" decoding=\"async\" width=\"500\" height=\"500\" src=\"https:\/\/anwalt.rocks\/arbeitsrecht\/wp-content\/uploads\/sites\/2\/2025\/01\/meinung-09.jpg\" class=\"contact-image media-object wp-post-image\" alt=\"Melanie R., 28 Jahre, aus Dortmund\" srcset=\"https:\/\/anwalt.rocks\/arbeitsrecht\/wp-content\/uploads\/sites\/2\/2025\/01\/meinung-09.jpg 500w, https:\/\/anwalt.rocks\/arbeitsrecht\/wp-content\/uploads\/sites\/2\/2025\/01\/meinung-09-300x300.jpg 300w, https:\/\/anwalt.rocks\/arbeitsrecht\/wp-content\/uploads\/sites\/2\/2025\/01\/meinung-09-150x150.jpg 150w\" sizes=\"auto, (max-width: 500px) 100vw, 500px\" \/>            <\/a>\n        <\/div>\n\n        <div class=\"media-body\">\n                        <p class=\"h2 media-heading\">\n                <a  href=\"#\" data-toggle=\"modal\" data-target=\"#ContactModal\"  title=\"Melanie R., 28 Jahre, aus Dortmund jetzt Kontakt aufnehmen!\">\n                    <span class=\"contact-name\">Melanie R., 28 Jahre, aus Dortmund<\/span>\n                <\/a>\n\n                <span class=\"contact-text\"><\/span> <span class=\"contact-city\"><a href=\"https:\/\/anwalt.rocks\/arbeitsrecht\/region\/haemerten\/\">Anwalt Arbeitsrecht H\u00e4merten<\/a><\/span>            <\/p>\n\n            <div class=\"quote\"><p>Ich hatte Angst, meinen Job zu verlieren, weil mein Arbeitgeber mich nach meiner Schwangerschaft anders behandeln wollte. Zum Gl\u00fcck wandte ich mich an Rechtsanwalt Schmelzer. Er hat mich nicht nur \u00fcber meine Rechte aufgekl\u00e4rt, sondern auch sehr erfolgreich verhandelt. Jetzt &hellip;<\/p><\/div>\n            <a class=\"btn btn-cta\"  href=\"#\" data-toggle=\"modal\" data-target=\"#ContactModal\"  title=\"Melanie R., 28 Jahre, aus Dortmund jetzt Kontakt aufnehmen!\">\n                Nachricht senden            <\/a>\n        <\/div>\n    <\/div>\n<\/article><article class=\"contact contact-list post-2619 profile type-profile status-publish has-post-thumbnail hentry\" data-contact=\"2619\">\n    \n    <div class=\"media\">\n        <div class=\"media-left\">\n            <a  href=\"#\" data-toggle=\"modal\" data-target=\"#ContactModal\"  title=\"Kathrin S., 37 Jahre, aus K\u00f6ln jetzt Kontakt aufnehmen!\">\n                <img loading=\"lazy\" decoding=\"async\" width=\"500\" height=\"500\" src=\"https:\/\/anwalt.rocks\/arbeitsrecht\/wp-content\/uploads\/sites\/2\/2025\/01\/meinung-07.jpg\" class=\"contact-image media-object wp-post-image\" alt=\"Kathrin S., 37 Jahre, aus K\u00f6ln\" srcset=\"https:\/\/anwalt.rocks\/arbeitsrecht\/wp-content\/uploads\/sites\/2\/2025\/01\/meinung-07.jpg 500w, https:\/\/anwalt.rocks\/arbeitsrecht\/wp-content\/uploads\/sites\/2\/2025\/01\/meinung-07-300x300.jpg 300w, https:\/\/anwalt.rocks\/arbeitsrecht\/wp-content\/uploads\/sites\/2\/2025\/01\/meinung-07-150x150.jpg 150w\" sizes=\"auto, (max-width: 500px) 100vw, 500px\" \/>            <\/a>\n        <\/div>\n\n        <div class=\"media-body\">\n                        <p class=\"h2 media-heading\">\n                <a  href=\"#\" data-toggle=\"modal\" data-target=\"#ContactModal\"  title=\"Kathrin S., 37 Jahre, aus K\u00f6ln jetzt Kontakt aufnehmen!\">\n                    <span class=\"contact-name\">Kathrin S., 37 Jahre, aus K\u00f6ln<\/span>\n                <\/a>\n\n                <span class=\"contact-text\"><\/span> <span class=\"contact-city\"><a href=\"https:\/\/anwalt.rocks\/arbeitsrecht\/region\/paderborn\/\">Anwalt Arbeitsrecht Paderborn<\/a><\/span>            <\/p>\n\n            <div class=\"quote\"><p>Nachdem ich \u00fcber viele Jahre hinweg \u00dcberstunden gemacht hatte, wollte ich endlich eine faire Bezahlung daf\u00fcr. Mein Arbeitgeber stellte sich quer, doch Herr Dr. Schmelzer konnte meine Anspr\u00fcche durchsetzen. Er ging sehr strukturiert vor und erkl\u00e4rte mir alles in Ruhe. &hellip;<\/p><\/div>\n            <a class=\"btn btn-cta\"  href=\"#\" data-toggle=\"modal\" data-target=\"#ContactModal\"  title=\"Kathrin S., 37 Jahre, aus K\u00f6ln jetzt Kontakt aufnehmen!\">\n                Nachricht senden            <\/a>\n        <\/div>\n    <\/div>\n<\/article><article class=\"contact contact-list post-2637 profile type-profile status-publish has-post-thumbnail hentry\" data-contact=\"2637\">\n    \n    <div class=\"media\">\n        <div class=\"media-left\">\n            <a  href=\"#\" data-toggle=\"modal\" data-target=\"#ContactModal\"  title=\"Uwe D. jetzt Kontakt aufnehmen!\">\n                <img loading=\"lazy\" decoding=\"async\" width=\"500\" height=\"500\" src=\"https:\/\/anwalt.rocks\/arbeitsrecht\/wp-content\/uploads\/sites\/2\/2025\/01\/meinung-13.jpg\" class=\"contact-image media-object wp-post-image\" alt=\"Uwe D.\" srcset=\"https:\/\/anwalt.rocks\/arbeitsrecht\/wp-content\/uploads\/sites\/2\/2025\/01\/meinung-13.jpg 500w, https:\/\/anwalt.rocks\/arbeitsrecht\/wp-content\/uploads\/sites\/2\/2025\/01\/meinung-13-300x300.jpg 300w, https:\/\/anwalt.rocks\/arbeitsrecht\/wp-content\/uploads\/sites\/2\/2025\/01\/meinung-13-150x150.jpg 150w\" sizes=\"auto, (max-width: 500px) 100vw, 500px\" \/>            <\/a>\n        <\/div>\n\n        <div class=\"media-body\">\n                        <p class=\"h2 media-heading\">\n                <a  href=\"#\" data-toggle=\"modal\" data-target=\"#ContactModal\"  title=\"Uwe D. jetzt Kontakt aufnehmen!\">\n                    <span class=\"contact-name\">Uwe D.<\/span>\n                <\/a>\n\n                <span class=\"contact-text\"><\/span> <span class=\"contact-city\"><a href=\"https:\/\/anwalt.rocks\/arbeitsrecht\/region\/klingenthal-sachsen\/\">Anwalt Arbeitsrecht Klingenthal Sachsen<\/a><\/span>            <\/p>\n\n            <div class=\"quote\"><p>Ich hatte Schwierigkeiten mit meinem Arbeitszeugnis, das mein Arbeitgeber absichtlich negativ formuliert hatte. Anwalt Schmelzer hat f\u00fcr mich ein einwandfreies Zeugnis durchgesetzt. Er war jederzeit erreichbar und hat meine Sorgen ernst genommen. Ich bin sehr zufrieden mit seiner Arbeit.&hellip;<\/p><\/div>\n            <a class=\"btn btn-cta\"  href=\"#\" data-toggle=\"modal\" data-target=\"#ContactModal\"  title=\"Uwe D. jetzt Kontakt aufnehmen!\">\n                Nachricht senden            <\/a>\n        <\/div>\n    <\/div>\n<\/article><article class=\"contact contact-list post-2640 profile type-profile status-publish has-post-thumbnail hentry\" data-contact=\"2640\">\n    \n    <div class=\"media\">\n        <div class=\"media-left\">\n            <a  href=\"#\" data-toggle=\"modal\" data-target=\"#ContactModal\"  title=\"Klaus D. jetzt Kontakt aufnehmen!\">\n                <img loading=\"lazy\" decoding=\"async\" width=\"500\" height=\"500\" src=\"https:\/\/anwalt.rocks\/arbeitsrecht\/wp-content\/uploads\/sites\/2\/2025\/01\/meinung-14.jpg\" class=\"contact-image media-object wp-post-image\" alt=\"Klaus D.\" srcset=\"https:\/\/anwalt.rocks\/arbeitsrecht\/wp-content\/uploads\/sites\/2\/2025\/01\/meinung-14.jpg 500w, https:\/\/anwalt.rocks\/arbeitsrecht\/wp-content\/uploads\/sites\/2\/2025\/01\/meinung-14-300x300.jpg 300w, https:\/\/anwalt.rocks\/arbeitsrecht\/wp-content\/uploads\/sites\/2\/2025\/01\/meinung-14-150x150.jpg 150w\" sizes=\"auto, (max-width: 500px) 100vw, 500px\" \/>            <\/a>\n        <\/div>\n\n        <div class=\"media-body\">\n                        <p class=\"h2 media-heading\">\n                <a  href=\"#\" data-toggle=\"modal\" data-target=\"#ContactModal\"  title=\"Klaus D. jetzt Kontakt aufnehmen!\">\n                    <span class=\"contact-name\">Klaus D.<\/span>\n                <\/a>\n\n                <span class=\"contact-text\"><\/span> <span class=\"contact-city\"><a href=\"https:\/\/anwalt.rocks\/arbeitsrecht\/region\/heyerode-thueringen\/\">Anwalt Arbeitsrecht Heyerode Th\u00fcringen<\/a><\/span>            <\/p>\n\n            <div class=\"quote\"><p>Nach einer internen Umstrukturierung sollte ich pl\u00f6tzlich in eine andere Stadt versetzt werden. Dieser Fachanwalt f\u00fcr Arbeitsrecht hat sich intensiv mit meinem Fall besch\u00e4ftigt und meine Rechte erfolgreich durchgesetzt. Ich konnte meinen bisherigen Arbeitsplatz behalten. Seine Kompetenz und sein Einsatz &hellip;<\/p><\/div>\n            <a class=\"btn btn-cta\"  href=\"#\" data-toggle=\"modal\" data-target=\"#ContactModal\"  title=\"Klaus D. jetzt Kontakt aufnehmen!\">\n                Nachricht senden            <\/a>\n        <\/div>\n    <\/div>\n<\/article>\n<div class=\"blogposts\"><ul><li><a href=\"https:\/\/anwalt.rocks\/arbeitsrecht\/schoenberg\/\" title=\"Anwalt Arbeitsrecht Sch\u00f6nberg &#8211; Constanze hat Erfolg.\">Anwalt Arbeitsrecht Sch\u00f6nberg &#8211; Constanze hat Erfolg.<\/a><\/li><li><a href=\"https:\/\/anwalt.rocks\/arbeitsrecht\/lilienfeld\/\" title=\"Anwalt Arbeitsrecht Lilienfeld &#8211; Sonja hat Erfolg.\">Anwalt Arbeitsrecht Lilienfeld &#8211; Sonja hat Erfolg.<\/a><\/li><li><a href=\"https:\/\/anwalt.rocks\/arbeitsrecht\/scheibbs\/\" title=\"Fachanwalt f\u00fcr IT- und Arbeitsrecht Scheibbs.\">Fachanwalt f\u00fcr IT- und Arbeitsrecht Scheibbs.<\/a><\/li><li><a href=\"https:\/\/anwalt.rocks\/arbeitsrecht\/schesslitz\/\" title=\"Anwalt Sche\u00dflitz Experte in Sachen Arbeits- und IT Recht.\">Anwalt Sche\u00dflitz Experte in Sachen Arbeits- und IT Recht.<\/a><\/li><li><a href=\"https:\/\/anwalt.rocks\/arbeitsrecht\/hattingen\/\" title=\"Rechtsanwalt Hattingen Spezialist f\u00fcr Arbeitsrecht.\">Rechtsanwalt Hattingen Spezialist f\u00fcr Arbeitsrecht.<\/a><\/li><li><a href=\"https:\/\/anwalt.rocks\/arbeitsrecht\/brandenburg\/\" title=\"Anwalt Arbeitsrecht Brandenburg &#8211; Helga ist super gl\u00fccklich.\">Anwalt Arbeitsrecht Brandenburg &#8211; Helga ist super gl\u00fccklich.<\/a><\/li><li><a href=\"https:\/\/anwalt.rocks\/arbeitsrecht\/bad-buchau\/\" title=\"Anwalt Bad Buchau Experte f\u00fcr Arbeits- und IT Recht.\">Anwalt Bad Buchau Experte f\u00fcr Arbeits- und IT Recht.<\/a><\/li><\/ul><\/div>\n","protected":false},"excerpt":{"rendered":"<h2>Experte Arbeits- und IT Recht Bad Buchau f\u00fcr Arbeitnehmer und Arbeitgeber f\u00fcr K\u00fcndigungsschutzklage.<\/h2>\n<p><a href=\"https:\/\/dr-schmelzer.eu\/arbeitsrecht\/\" target=\"_blank\" rel=\"noopener\"><img loading=\"lazy\" decoding=\"async\" src=\"https:\/\/anwalt.rocks\/bilder\/arbeitsrecht\/anwalt-arbeitsrecht-600x600.webp\" alt=\"Anwalt Bad Buchau Experte f\u00fcr Arbeits- und IT Recht.\" title=\"Anwalt Bad Buchau Experte f\u00fcr Arbeits- und IT Recht.\" width=\"600\" height=\"600\" \/><\/a> <\/p>\n<h3>Fachanwalt Arbeitsrecht Bad Buchau &#8211; Soziet\u00e4t Dr. Stephan Schmelzer.<\/h3>\n<p>Ihr Fachmann f\u00fcr Arbeitsrecht: Dr. Stephan Schmelzer. Mit seiner Expertise von 25 Jahren und seiner Fachanwaltszulassung seit 2002 &hellip;<\/p>","protected":false},"author":1,"featured_media":0,"comment_status":"closed","ping_status":"open","sticky":false,"template":"","format":"standard","meta":{"footnotes":""},"categories":[3],"tags":[],"class_list":["post-7525","post","type-post","status-publish","format-standard","hentry","category-fachanwalt"],"yoast_head":"<!-- This site is optimized with the Yoast SEO Premium plugin v27.1 (Yoast SEO v27.2) - https:\/\/yoast.com\/product\/yoast-seo-premium-wordpress\/ -->\n<title>Fachanwalt in Sachen Arbeits- und IT Recht Arnstein.<\/title>\n<meta name=\"robots\" content=\"index, follow, max-snippet:-1, max-image-preview:large, max-video-preview:-1\" \/>\n<link rel=\"canonical\" href=\"https:\/\/anwalt.rocks\/arbeitsrecht\/arnstein\/\" \/>\n<meta property=\"og:locale\" content=\"de_DE\" \/>\n<meta property=\"og:type\" content=\"article\" \/>\n<meta property=\"og:title\" content=\"Fachanwalt in Sachen Arbeits- und IT Recht Arnstein.\" \/>\n<meta property=\"og:description\" content=\"Experte Arbeits- und IT Recht Bad Buchau f\u00fcr Arbeitnehmer und Arbeitgeber f\u00fcr K\u00fcndigungsschutzklage.  Fachanwalt Arbeitsrecht Bad Buchau &#8211; Soziet\u00e4t Dr. Stephan Schmelzer. Ihr Fachmann f\u00fcr Arbeitsrecht: Dr. Stephan Schmelzer. Mit seiner Expertise von 25 Jahren und seiner Fachanwaltszulassung seit 2002 &hellip;\" \/>\n<meta property=\"og:url\" content=\"https:\/\/anwalt.rocks\/arbeitsrecht\/arnstein\/\" \/>\n<meta property=\"og:site_name\" content=\"Anwalt Arbeitsrecht in der N\u00e4he - Dr. Schmelzer\" \/>\n<meta property=\"article:published_time\" content=\"2025-01-04T08:13:27+00:00\" \/>\n<meta property=\"og:image\" content=\"https:\/\/anwalt.rocks\/bilder\/arbeitsrecht\/anwalt-arbeitsrecht-600x600.webp\" \/>\n<meta name=\"author\" content=\"admin\" \/>\n<meta name=\"twitter:card\" content=\"summary_large_image\" \/>\n<meta name=\"twitter:label1\" content=\"Verfasst von\" \/>\n\t<meta name=\"twitter:data1\" content=\"admin\" \/>\n\t<meta name=\"twitter:label2\" content=\"Gesch\u00e4tzte Lesezeit\" \/>\n\t<meta name=\"twitter:data2\" content=\"4\u00a0Minuten\" \/>\n<script type=\"application\/ld+json\" class=\"yoast-schema-graph\">{\"@context\":\"https:\/\/schema.org\",\"@graph\":[{\"@type\":\"Article\",\"@id\":\"https:\/\/anwalt.rocks\/arbeitsrecht\/arnstein\/#article\",\"isPartOf\":{\"@id\":\"https:\/\/anwalt.rocks\/arbeitsrecht\/arnstein\/\"},\"author\":{\"name\":\"admin\",\"@id\":\"https:\/\/anwalt.rocks\/arbeitsrecht\/#\/schema\/person\/3fd3b0fc4df170bb2460fbc934288e39\"},\"headline\":\"Fachanwalt in Sachen Arbeits- und IT Recht Arnstein.\",\"datePublished\":\"2025-01-04T08:13:27+00:00\",\"mainEntityOfPage\":{\"@id\":\"https:\/\/anwalt.rocks\/arbeitsrecht\/arnstein\/\"},\"wordCount\":714,\"publisher\":{\"@id\":\"https:\/\/anwalt.rocks\/arbeitsrecht\/#organization\"},\"image\":{\"@id\":\"https:\/\/anwalt.rocks\/arbeitsrecht\/arnstein\/#primaryimage\"},\"thumbnailUrl\":\"https:\/\/anwalt.rocks\/bilder\/arbeitsrecht\/anwalt-arbeitsrecht-600x600.webp\",\"articleSection\":[\"Fachanwalt\"],\"inLanguage\":\"de\"},{\"@type\":\"WebPage\",\"@id\":\"https:\/\/anwalt.rocks\/arbeitsrecht\/arnstein\/\",\"url\":\"https:\/\/anwalt.rocks\/arbeitsrecht\/arnstein\/\",\"name\":\"Fachanwalt in Sachen Arbeits- und IT Recht Arnstein.\",\"isPartOf\":{\"@id\":\"https:\/\/anwalt.rocks\/arbeitsrecht\/#website\"},\"primaryImageOfPage\":{\"@id\":\"https:\/\/anwalt.rocks\/arbeitsrecht\/arnstein\/#primaryimage\"},\"image\":{\"@id\":\"https:\/\/anwalt.rocks\/arbeitsrecht\/arnstein\/#primaryimage\"},\"thumbnailUrl\":\"https:\/\/anwalt.rocks\/bilder\/arbeitsrecht\/anwalt-arbeitsrecht-600x600.webp\",\"datePublished\":\"2025-01-04T08:13:27+00:00\",\"breadcrumb\":{\"@id\":\"https:\/\/anwalt.rocks\/arbeitsrecht\/arnstein\/#breadcrumb\"},\"inLanguage\":\"de\",\"potentialAction\":[{\"@type\":\"ReadAction\",\"target\":[\"https:\/\/anwalt.rocks\/arbeitsrecht\/arnstein\/\"]}]},{\"@type\":\"ImageObject\",\"inLanguage\":\"de\",\"@id\":\"https:\/\/anwalt.rocks\/arbeitsrecht\/arnstein\/#primaryimage\",\"url\":\"https:\/\/anwalt.rocks\/bilder\/arbeitsrecht\/anwalt-arbeitsrecht-600x600.webp\",\"contentUrl\":\"https:\/\/anwalt.rocks\/bilder\/arbeitsrecht\/anwalt-arbeitsrecht-600x600.webp\"},{\"@type\":\"BreadcrumbList\",\"@id\":\"https:\/\/anwalt.rocks\/arbeitsrecht\/arnstein\/#breadcrumb\",\"itemListElement\":[{\"@type\":\"ListItem\",\"position\":1,\"name\":\"Start\",\"item\":\"https:\/\/anwalt.rocks\/arbeitsrecht\/\"},{\"@type\":\"ListItem\",\"position\":2,\"name\":\"Fachanwalt in Sachen Arbeits- und IT Recht Arnstein.\"}]},{\"@type\":\"WebSite\",\"@id\":\"https:\/\/anwalt.rocks\/arbeitsrecht\/#website\",\"url\":\"https:\/\/anwalt.rocks\/arbeitsrecht\/\",\"name\":\"Anwalt Arbeitsrecht in der N\u00e4he - Dr. Schmelzer\",\"description\":\"Kompetenzen und Vorteile von Dr. Stephan Schmelzer \u2013 Anwalt und Fachanwalt f\u00fcr Arbeitsrecht mit 25 j\u00e4hriger Berufspraxis.\",\"publisher\":{\"@id\":\"https:\/\/anwalt.rocks\/arbeitsrecht\/#organization\"},\"potentialAction\":[{\"@type\":\"SearchAction\",\"target\":{\"@type\":\"EntryPoint\",\"urlTemplate\":\"https:\/\/anwalt.rocks\/arbeitsrecht\/?s={search_term_string}\"},\"query-input\":{\"@type\":\"PropertyValueSpecification\",\"valueRequired\":true,\"valueName\":\"search_term_string\"}}],\"inLanguage\":\"de\"},{\"@type\":\"Organization\",\"@id\":\"https:\/\/anwalt.rocks\/arbeitsrecht\/#organization\",\"name\":\"Kanzlei Dr. Schmelzer\",\"url\":\"https:\/\/anwalt.rocks\/arbeitsrecht\/\",\"logo\":{\"@type\":\"ImageObject\",\"inLanguage\":\"de\",\"@id\":\"https:\/\/anwalt.rocks\/arbeitsrecht\/#\/schema\/logo\/image\/\",\"url\":\"https:\/\/anwalt.rocks\/arbeitsrecht\/wp-content\/uploads\/sites\/2\/2025\/01\/anwalt-arbeitsrecht-logo.png\",\"contentUrl\":\"https:\/\/anwalt.rocks\/arbeitsrecht\/wp-content\/uploads\/sites\/2\/2025\/01\/anwalt-arbeitsrecht-logo.png\",\"width\":450,\"height\":150,\"caption\":\"Kanzlei Dr. Schmelzer\"},\"image\":{\"@id\":\"https:\/\/anwalt.rocks\/arbeitsrecht\/#\/schema\/logo\/image\/\"}},{\"@type\":\"Person\",\"@id\":\"https:\/\/anwalt.rocks\/arbeitsrecht\/#\/schema\/person\/3fd3b0fc4df170bb2460fbc934288e39\",\"name\":\"admin\",\"image\":{\"@type\":\"ImageObject\",\"inLanguage\":\"de\",\"@id\":\"https:\/\/secure.gravatar.com\/avatar\/2a567a722e62dc61f1aaa46c6b595fa617f2003443806e3422a8fed77c029cfc?s=96&d=mm&r=g\",\"url\":\"https:\/\/secure.gravatar.com\/avatar\/2a567a722e62dc61f1aaa46c6b595fa617f2003443806e3422a8fed77c029cfc?s=96&d=mm&r=g\",\"contentUrl\":\"https:\/\/secure.gravatar.com\/avatar\/2a567a722e62dc61f1aaa46c6b595fa617f2003443806e3422a8fed77c029cfc?s=96&d=mm&r=g\",\"caption\":\"admin\"},\"sameAs\":[\"https:\/\/anwalt.rocks\"],\"url\":\"https:\/\/anwalt.rocks\/arbeitsrecht\/author\/admin\/\"}]}<\/script>\n<!-- \/ Yoast SEO Premium plugin. -->","yoast_head_json":{"title":"Fachanwalt in Sachen Arbeits- und IT Recht Arnstein.","robots":{"index":"index","follow":"follow","max-snippet":"max-snippet:-1","max-image-preview":"max-image-preview:large","max-video-preview":"max-video-preview:-1"},"canonical":"https:\/\/anwalt.rocks\/arbeitsrecht\/arnstein\/","og_locale":"de_DE","og_type":"article","og_title":"Fachanwalt in Sachen Arbeits- und IT Recht Arnstein.","og_description":"Experte Arbeits- und IT Recht Bad Buchau f\u00fcr Arbeitnehmer und Arbeitgeber f\u00fcr K\u00fcndigungsschutzklage.  Fachanwalt Arbeitsrecht Bad Buchau &#8211; Soziet\u00e4t Dr. Stephan Schmelzer. Ihr Fachmann f\u00fcr Arbeitsrecht: Dr. Stephan Schmelzer. Mit seiner Expertise von 25 Jahren und seiner Fachanwaltszulassung seit 2002 &hellip;","og_url":"https:\/\/anwalt.rocks\/arbeitsrecht\/arnstein\/","og_site_name":"Anwalt Arbeitsrecht in der N\u00e4he - Dr. Schmelzer","article_published_time":"2025-01-04T08:13:27+00:00","og_image":[{"url":"https:\/\/anwalt.rocks\/bilder\/arbeitsrecht\/anwalt-arbeitsrecht-600x600.webp","type":"","width":"","height":""}],"author":"admin","twitter_card":"summary_large_image","twitter_misc":{"Verfasst von":"admin","Gesch\u00e4tzte Lesezeit":"4\u00a0Minuten"},"schema":{"@context":"https:\/\/schema.org","@graph":[{"@type":"Article","@id":"https:\/\/anwalt.rocks\/arbeitsrecht\/arnstein\/#article","isPartOf":{"@id":"https:\/\/anwalt.rocks\/arbeitsrecht\/arnstein\/"},"author":{"name":"admin","@id":"https:\/\/anwalt.rocks\/arbeitsrecht\/#\/schema\/person\/3fd3b0fc4df170bb2460fbc934288e39"},"headline":"Fachanwalt in Sachen Arbeits- und IT Recht Arnstein.","datePublished":"2025-01-04T08:13:27+00:00","mainEntityOfPage":{"@id":"https:\/\/anwalt.rocks\/arbeitsrecht\/arnstein\/"},"wordCount":714,"publisher":{"@id":"https:\/\/anwalt.rocks\/arbeitsrecht\/#organization"},"image":{"@id":"https:\/\/anwalt.rocks\/arbeitsrecht\/arnstein\/#primaryimage"},"thumbnailUrl":"https:\/\/anwalt.rocks\/bilder\/arbeitsrecht\/anwalt-arbeitsrecht-600x600.webp","articleSection":["Fachanwalt"],"inLanguage":"de"},{"@type":"WebPage","@id":"https:\/\/anwalt.rocks\/arbeitsrecht\/arnstein\/","url":"https:\/\/anwalt.rocks\/arbeitsrecht\/arnstein\/","name":"Fachanwalt in Sachen Arbeits- und IT Recht Arnstein.","isPartOf":{"@id":"https:\/\/anwalt.rocks\/arbeitsrecht\/#website"},"primaryImageOfPage":{"@id":"https:\/\/anwalt.rocks\/arbeitsrecht\/arnstein\/#primaryimage"},"image":{"@id":"https:\/\/anwalt.rocks\/arbeitsrecht\/arnstein\/#primaryimage"},"thumbnailUrl":"https:\/\/anwalt.rocks\/bilder\/arbeitsrecht\/anwalt-arbeitsrecht-600x600.webp","datePublished":"2025-01-04T08:13:27+00:00","breadcrumb":{"@id":"https:\/\/anwalt.rocks\/arbeitsrecht\/arnstein\/#breadcrumb"},"inLanguage":"de","potentialAction":[{"@type":"ReadAction","target":["https:\/\/anwalt.rocks\/arbeitsrecht\/arnstein\/"]}]},{"@type":"ImageObject","inLanguage":"de","@id":"https:\/\/anwalt.rocks\/arbeitsrecht\/arnstein\/#primaryimage","url":"https:\/\/anwalt.rocks\/bilder\/arbeitsrecht\/anwalt-arbeitsrecht-600x600.webp","contentUrl":"https:\/\/anwalt.rocks\/bilder\/arbeitsrecht\/anwalt-arbeitsrecht-600x600.webp"},{"@type":"BreadcrumbList","@id":"https:\/\/anwalt.rocks\/arbeitsrecht\/arnstein\/#breadcrumb","itemListElement":[{"@type":"ListItem","position":1,"name":"Start","item":"https:\/\/anwalt.rocks\/arbeitsrecht\/"},{"@type":"ListItem","position":2,"name":"Fachanwalt in Sachen Arbeits- und IT Recht Arnstein."}]},{"@type":"WebSite","@id":"https:\/\/anwalt.rocks\/arbeitsrecht\/#website","url":"https:\/\/anwalt.rocks\/arbeitsrecht\/","name":"Anwalt Arbeitsrecht in der N\u00e4he - Dr. Schmelzer","description":"Kompetenzen und Vorteile von Dr. Stephan Schmelzer \u2013 Anwalt und Fachanwalt f\u00fcr Arbeitsrecht mit 25 j\u00e4hriger Berufspraxis.","publisher":{"@id":"https:\/\/anwalt.rocks\/arbeitsrecht\/#organization"},"potentialAction":[{"@type":"SearchAction","target":{"@type":"EntryPoint","urlTemplate":"https:\/\/anwalt.rocks\/arbeitsrecht\/?s={search_term_string}"},"query-input":{"@type":"PropertyValueSpecification","valueRequired":true,"valueName":"search_term_string"}}],"inLanguage":"de"},{"@type":"Organization","@id":"https:\/\/anwalt.rocks\/arbeitsrecht\/#organization","name":"Kanzlei Dr. Schmelzer","url":"https:\/\/anwalt.rocks\/arbeitsrecht\/","logo":{"@type":"ImageObject","inLanguage":"de","@id":"https:\/\/anwalt.rocks\/arbeitsrecht\/#\/schema\/logo\/image\/","url":"https:\/\/anwalt.rocks\/arbeitsrecht\/wp-content\/uploads\/sites\/2\/2025\/01\/anwalt-arbeitsrecht-logo.png","contentUrl":"https:\/\/anwalt.rocks\/arbeitsrecht\/wp-content\/uploads\/sites\/2\/2025\/01\/anwalt-arbeitsrecht-logo.png","width":450,"height":150,"caption":"Kanzlei Dr. Schmelzer"},"image":{"@id":"https:\/\/anwalt.rocks\/arbeitsrecht\/#\/schema\/logo\/image\/"}},{"@type":"Person","@id":"https:\/\/anwalt.rocks\/arbeitsrecht\/#\/schema\/person\/3fd3b0fc4df170bb2460fbc934288e39","name":"admin","image":{"@type":"ImageObject","inLanguage":"de","@id":"https:\/\/secure.gravatar.com\/avatar\/2a567a722e62dc61f1aaa46c6b595fa617f2003443806e3422a8fed77c029cfc?s=96&d=mm&r=g","url":"https:\/\/secure.gravatar.com\/avatar\/2a567a722e62dc61f1aaa46c6b595fa617f2003443806e3422a8fed77c029cfc?s=96&d=mm&r=g","contentUrl":"https:\/\/secure.gravatar.com\/avatar\/2a567a722e62dc61f1aaa46c6b595fa617f2003443806e3422a8fed77c029cfc?s=96&d=mm&r=g","caption":"admin"},"sameAs":["https:\/\/anwalt.rocks"],"url":"https:\/\/anwalt.rocks\/arbeitsrecht\/author\/admin\/"}]}},"_links":{"self":[{"href":"https:\/\/anwalt.rocks\/arbeitsrecht\/wp-json\/wp\/v2\/posts\/7525","targetHints":{"allow":["GET"]}}],"collection":[{"href":"https:\/\/anwalt.rocks\/arbeitsrecht\/wp-json\/wp\/v2\/posts"}],"about":[{"href":"https:\/\/anwalt.rocks\/arbeitsrecht\/wp-json\/wp\/v2\/types\/post"}],"author":[{"embeddable":true,"href":"https:\/\/anwalt.rocks\/arbeitsrecht\/wp-json\/wp\/v2\/users\/1"}],"replies":[{"embeddable":true,"href":"https:\/\/anwalt.rocks\/arbeitsrecht\/wp-json\/wp\/v2\/comments?post=7525"}],"version-history":[{"count":0,"href":"https:\/\/anwalt.rocks\/arbeitsrecht\/wp-json\/wp\/v2\/posts\/7525\/revisions"}],"wp:attachment":[{"href":"https:\/\/anwalt.rocks\/arbeitsrecht\/wp-json\/wp\/v2\/media?parent=7525"}],"wp:term":[{"taxonomy":"category","embeddable":true,"href":"https:\/\/anwalt.rocks\/arbeitsrecht\/wp-json\/wp\/v2\/categories?post=7525"},{"taxonomy":"post_tag","embeddable":true,"href":"https:\/\/anwalt.rocks\/arbeitsrecht\/wp-json\/wp\/v2\/tags?post=7525"}],"curies":[{"name":"wp","href":"https:\/\/api.w.org\/{rel}","templated":true}]}}