{"id":7537,"date":"2025-01-08T01:17:48","date_gmt":"2025-01-08T00:17:48","guid":{"rendered":"https:\/\/anwalt.rocks\/arbeitsrecht\/auerbach\/"},"modified":"2025-01-08T01:17:48","modified_gmt":"2025-01-08T00:17:48","slug":"auerbach","status":"publish","type":"post","link":"https:\/\/anwalt.rocks\/arbeitsrecht\/auerbach\/","title":{"rendered":"Anwalt Auerbach bzgl. Arbeitsrecht."},"content":{"rendered":"<span class=\"span-reading-time rt-reading-time\" style=\"display: block;\"><span class=\"rt-label rt-prefix\">Lesedauer<\/span> <span class=\"rt-time\"> 3<\/span> <span class=\"rt-label rt-postfix\">Minuten<\/span><\/span><h2>Fachanwalt IT- und Arbeitsrecht Auerbach f\u00fcr Arbeitnehmer und Arbeitgeber f\u00fcr Entgeltfortzahlung.<\/h2>\n<p><a href=\"https:\/\/dr-schmelzer.eu\/arbeitsrecht\/\" target=\"_blank\" rel=\"noopener\"><img loading=\"lazy\" decoding=\"async\" src=\"https:\/\/anwalt.rocks\/bilder\/arbeitsrecht\/anwalt-arbeitsrecht-600x600.webp\" alt=\"Anwalt Auerbach bzgl. Arbeitsrecht.\" title=\"Anwalt Auerbach bzgl. Arbeitsrecht.\" width=\"600\" height=\"600\" \/><\/a> <\/p>\n<h3>Rechtsanwalt IT- und Arbeitsrecht Auerbach &#8211; Kanzlei Dr. Stephan Schmelzer.<\/h3>\n<p>Ihr professioneller Begleiter im Arbeitsrecht: Dr. Stephan Schmelzer. Seit \u00fcber 25 Jahren ist er im Arbeitsrecht t\u00e4tig und als Fachanwalt seit 2002 auch \u00fcberregional gefragt. Mit \u00fcber zwei Jahrzehnten Erfahrung f\u00fchrt er seine Kanzlei, die f\u00fcr exzellente Beratung, pers\u00f6nliche Betreuung und juristische Genauigkeit bekannt ist. Dr. Schmelzers Kombination aus Arbeitsrecht und IT-Recht verschafft ihm eine besondere Kompetenz, die in der heutigen digitalen Arbeitswelt entscheidend ist. &#8211; <a title=\"Anwalt Arbeitsrecht L\u00fcdenscheid\" href=\"https:\/\/anwalt.rocks\/arbeitsrecht\/luedenscheid\/\">Anwalt Arbeitsrecht L\u00fcdenscheid<\/a><\/p>\n<p><a href=\"https:\/\/dr-schmelzer.eu\/arbeitsrecht\/\" target=\"_blank\" rel=\"noopener\"><img loading=\"lazy\" decoding=\"async\" src=\"https:\/\/anwalt.rocks\/bilder\/arbeitsrecht\/rechtsanwalt-arbeitsrecht-600x600.webp\" alt=\"Anwalt Arbeitsrecht Auerbach\" title=\"Anwalt Arbeitsrecht Auerbach\" width=\"600\" height=\"600\" \/><\/a> <\/p>\n<h3>Kanzlei Dr. Stephan Schmelzer &#8211; Fachanwalt f\u00fcr Arbeitsrecht Auerbach.<\/h3>\n<p>Seine T\u00e4tigkeit im IT-Recht ist erg\u00e4nzend, w\u00e4hrend das Arbeitsrecht, national wie international, den Kern seiner Arbeit bildet. Alle Themen des Arbeitsrechts werden von Dr. Schmelzer abgedeckt, der individuell auf die Anliegen seiner Mandanten eingeht. Die Kombination aus Erfahrung und individueller Beratung hebt ihn als f\u00fchrenden Fachanwalt in diesem Bereich hervor. &#8211; <a title=\"Anwalt Gudensberg\" href=\"https:\/\/anwalt.rocks\/arbeitsrecht\/gudensberg\/\">Anwalt Gudensberg<\/a><\/p>\n<h3>Hohes Durchsetzungsverm\u00f6gen &#8211; Seit 1998 t\u00e4tig als Volljurist Auerbach.<\/h3>\n<p>Die rechtlichen Herausforderungen f\u00fcr Arbeitgeber erstrecken sich von der Gestaltung von Arbeitsvertr\u00e4gen bis hin zu umfassenden Umstrukturierungen. Dr. Schmelzer bietet Unternehmen kompetente Beratung, um rechtliche Probleme zu vermeiden und praktikable L\u00f6sungen zu entwickeln. Zu seinen T\u00e4tigkeitsschwerpunkten geh\u00f6ren: &#8211; <a title=\"Anwalt Arbeitsrecht Werne\" href=\"https:\/\/anwalt.rocks\/arbeitsrecht\/werne\/\">Anwalt Arbeitsrecht Werne<\/a><\/p>\n<h3>Anwalt Arbeitsrecht Auerbach 45 zufriedene Mandanten.<\/h3>\n<p>Gestaltung und Kontrolle flexibler Arbeitsvertr\u00e4ge, die juristisch einwandfrei sind. Gestaltung individueller Arbeitszeit- und Verg\u00fctungsmodelle, die die Anforderungen des Unternehmens ber\u00fccksichtigen. &#8211; <a title=\"Anwalt Arbeitsrecht Rehau\" href=\"https:\/\/anwalt.rocks\/arbeitsrecht\/rehau\/\">Anwalt Arbeitsrecht Rehau<\/a><\/p>\n<h3>Weshalb w\u00e4hlt man den zuverl\u00e4ssigen Anwalt Auerbach:<\/h3>\n<p>Beratung bei der rechtssicheren Umsetzung von K\u00fcndigungen aufgrund betrieblicher oder personenbezogener Gr\u00fcnde. Unterst\u00fctzung bei der Senkung rechtlicher Risiken und kontinuierliche Betreuung im K\u00fcndigungsprozess.<\/p>\n<h3>Kompetent aber auch durchsetzungsstark.<\/h3>\n<p>Beratung zur Integration des Betriebsrats in wichtige Entscheidungsabl\u00e4ufe. Beratung zur Gestaltung und Umsetzung von Betriebsvereinbarungen. Entwicklung strategischer Pl\u00e4ne und rechtliche Betreuung w\u00e4hrend des Restrukturierungsprozesses. Vertretung in K\u00fcndigungsschutzverfahren, Entfristungsklagen und weiteren gerichtlichen Streitigkeiten. Konzentration auf die effektive und erfolgreiche Wahrung der Rechte und Anliegen des Unternehmens.<\/p>\n<h3>Anwalt Arbeitsrecht Auerbach &#8211; Fachanwalt Dr. Schmelzer.<\/h3>\n<p>Mit seinem umfangreichen Fachwissen unterst\u00fctzt Dr. Schmelzer auch Arbeitnehmer. Besonders in Streitfragen erweist er sich als energischer Unterst\u00fctzer, der mit vollem Einsatz handelt. Die angebotenen Kernservices umfassen:<\/p>\n<p>Unterst\u00fctzung bei arbeitsgerichtlichen K\u00fcndigungsschutzverfahren und Vertretung vor Gericht. Verhandlungen \u00fcber individuelle Abfindungsregelungen und finanzielle Ausgleiche. Unterst\u00fctzung bei arbeitsgerichtlichen K\u00fcndigungsschutzverfahren und Vertretung vor Gericht. Verhandlungen \u00fcber individuelle Abfindungsregelungen und finanzielle Ausgleiche.<\/p>\n<p>Verhandlungsf\u00fchrung und rechtliche Unterst\u00fctzung bei der Gestaltung von Aufhebungsvertr\u00e4gen. Beratung zur \u00dcberpr\u00fcfung und Bearbeitung von Arbeitszeugnissen nach gesetzlichen Standards. Prozessvertretung in Zeugnisklagen zur Erwirkung einer angemessenen Bewertung. Geringe Kosten Rechtsbeistand zur Geltendmachung von offenen Lohn- und Gehaltsanspr\u00fcchen. Vertretung bei arbeitsgerichtlichen Klagen \u00fcber Entgelt und offene \u00dcberstundenverg\u00fctungen. Unterst\u00fctzung bei der Analyse und Aufhebung von unberechtigten Abmahnungen.<\/p>\n<h4>Betreuung f\u00fcr Arbeitnehmer und Arbeitgeber zum Thema Anwalt Arbeitsrecht Auerbach.<\/h4>\n<p>Ein Fachgebiet von Dr. Schmelzer ist die Verbindung von Restrukturierung und Konfliktmanagement. Die Unterst\u00fctzung von Unternehmen w\u00e4hrend Restrukturierungen ist eine besondere St\u00e4rke von Dr. Schmelzer. Gefordert wird hier eine Kombination aus juristischer Kompetenz, Verhandlungskunst und \u00f6konomischem Verst\u00e4ndnis.<\/p>\n<p>Anwalt Auerbach Res\u00fcmee: Dr. Schmelzer hat sich auf die Ausarbeitung und Implementierung von Interessenausgleichen und Sozialpl\u00e4nen spezialisiert. Ziel ist es, einen Konsens zu finden, der f\u00fcr alle Parteien akzeptabel ist. Dr. Schmelzer \u00fcberzeugt durch strategisches Geschick und fundiertes Wissen in Verhandlungen mit Betriebsr\u00e4ten und Gewerkschaften.<\/p>\n<p>F\u00fcr den Fachanwalt f\u00fcr Arbeitsrecht stellt jeder Fall eine anspruchsvolle Aufgabe dar, die spezielle Beachtung erfordert. Ob durch Verhandlungen oder vor Gericht \u2013 die bestm\u00f6gliche L\u00f6sung f\u00fcr seine Mandanten ist sein oberstes Ziel. Transparenz und eine partnerschaftliche Kommunikation mit seinen Mandanten pr\u00e4gen seine Arbeitsweise. Dr. Schmelzer arbeitet unerm\u00fcdlich daran, die Zufriedenheit seiner Mandanten zu gew\u00e4hrleisten. Sowohl das Lob seiner Mandanten als auch seine Erfolge spiegeln seine l\u00f6sungsorientierte Arbeitsweise wider. Arbeitnehmer und Arbeitgeber k\u00f6nnen auf die professionelle Unterst\u00fctzung und das Engagement von Dr. Stephan Schmelzer vertrauen.<\/p>\n<article class=\"contact contact-list post-2619 profile type-profile status-publish has-post-thumbnail hentry\" data-contact=\"2619\">\n    \n    <div class=\"media\">\n        <div class=\"media-left\">\n            <a  href=\"#\" data-toggle=\"modal\" data-target=\"#ContactModal\"  title=\"Kathrin S., 37 Jahre, aus K\u00f6ln jetzt Kontakt aufnehmen!\">\n                <img loading=\"lazy\" decoding=\"async\" width=\"500\" height=\"500\" src=\"https:\/\/anwalt.rocks\/arbeitsrecht\/wp-content\/uploads\/sites\/2\/2025\/01\/meinung-07.jpg\" class=\"contact-image media-object wp-post-image\" alt=\"Kathrin S., 37 Jahre, aus K\u00f6ln\" srcset=\"https:\/\/anwalt.rocks\/arbeitsrecht\/wp-content\/uploads\/sites\/2\/2025\/01\/meinung-07.jpg 500w, https:\/\/anwalt.rocks\/arbeitsrecht\/wp-content\/uploads\/sites\/2\/2025\/01\/meinung-07-300x300.jpg 300w, https:\/\/anwalt.rocks\/arbeitsrecht\/wp-content\/uploads\/sites\/2\/2025\/01\/meinung-07-150x150.jpg 150w\" sizes=\"auto, (max-width: 500px) 100vw, 500px\" \/>            <\/a>\n        <\/div>\n\n        <div class=\"media-body\">\n                        <p class=\"h2 media-heading\">\n                <a  href=\"#\" data-toggle=\"modal\" data-target=\"#ContactModal\"  title=\"Kathrin S., 37 Jahre, aus K\u00f6ln jetzt Kontakt aufnehmen!\">\n                    <span class=\"contact-name\">Kathrin S., 37 Jahre, aus K\u00f6ln<\/span>\n                <\/a>\n\n                <span class=\"contact-text\"><\/span> <span class=\"contact-city\"><a href=\"https:\/\/anwalt.rocks\/arbeitsrecht\/region\/dimbach-pfalz\/\">Anwalt Arbeitsrecht Dimbach Pfalz<\/a><\/span>            <\/p>\n\n            <div class=\"quote\"><p>Nachdem ich \u00fcber viele Jahre hinweg \u00dcberstunden gemacht hatte, wollte ich endlich eine faire Bezahlung daf\u00fcr. Mein Arbeitgeber stellte sich quer, doch Herr Dr. Schmelzer konnte meine Anspr\u00fcche durchsetzen. Er ging sehr strukturiert vor und erkl\u00e4rte mir alles in Ruhe. &hellip;<\/p><\/div>\n            <a class=\"btn btn-cta\"  href=\"#\" data-toggle=\"modal\" data-target=\"#ContactModal\"  title=\"Kathrin S., 37 Jahre, aus K\u00f6ln jetzt Kontakt aufnehmen!\">\n                Nachricht senden            <\/a>\n        <\/div>\n    <\/div>\n<\/article><article class=\"contact contact-list post-2637 profile type-profile status-publish has-post-thumbnail hentry\" data-contact=\"2637\">\n    \n    <div class=\"media\">\n        <div class=\"media-left\">\n            <a  href=\"#\" data-toggle=\"modal\" data-target=\"#ContactModal\"  title=\"Uwe D. jetzt Kontakt aufnehmen!\">\n                <img loading=\"lazy\" decoding=\"async\" width=\"500\" height=\"500\" src=\"https:\/\/anwalt.rocks\/arbeitsrecht\/wp-content\/uploads\/sites\/2\/2025\/01\/meinung-13.jpg\" class=\"contact-image media-object wp-post-image\" alt=\"Uwe D.\" srcset=\"https:\/\/anwalt.rocks\/arbeitsrecht\/wp-content\/uploads\/sites\/2\/2025\/01\/meinung-13.jpg 500w, https:\/\/anwalt.rocks\/arbeitsrecht\/wp-content\/uploads\/sites\/2\/2025\/01\/meinung-13-300x300.jpg 300w, https:\/\/anwalt.rocks\/arbeitsrecht\/wp-content\/uploads\/sites\/2\/2025\/01\/meinung-13-150x150.jpg 150w\" sizes=\"auto, (max-width: 500px) 100vw, 500px\" \/>            <\/a>\n        <\/div>\n\n        <div class=\"media-body\">\n                        <p class=\"h2 media-heading\">\n                <a  href=\"#\" data-toggle=\"modal\" data-target=\"#ContactModal\"  title=\"Uwe D. jetzt Kontakt aufnehmen!\">\n                    <span class=\"contact-name\">Uwe D.<\/span>\n                <\/a>\n\n                <span class=\"contact-text\"><\/span> <span class=\"contact-city\"><a href=\"https:\/\/anwalt.rocks\/arbeitsrecht\/region\/menden-boeingsen\/\">Anwalt Arbeitsrecht Menden B\u00f6ingsen<\/a><\/span>            <\/p>\n\n            <div class=\"quote\"><p>Ich hatte Schwierigkeiten mit meinem Arbeitszeugnis, das mein Arbeitgeber absichtlich negativ formuliert hatte. Anwalt Schmelzer hat f\u00fcr mich ein einwandfreies Zeugnis durchgesetzt. Er war jederzeit erreichbar und hat meine Sorgen ernst genommen. Ich bin sehr zufrieden mit seiner Arbeit.&hellip;<\/p><\/div>\n            <a class=\"btn btn-cta\"  href=\"#\" data-toggle=\"modal\" data-target=\"#ContactModal\"  title=\"Uwe D. jetzt Kontakt aufnehmen!\">\n                Nachricht senden            <\/a>\n        <\/div>\n    <\/div>\n<\/article><article class=\"contact contact-list post-2609 profile type-profile status-publish has-post-thumbnail hentry\" data-contact=\"2609\">\n    \n    <div class=\"media\">\n        <div class=\"media-left\">\n            <a  href=\"#\" data-toggle=\"modal\" data-target=\"#ContactModal\"  title=\"Nadine H., 48 Jahre, aus M\u00fcnchen jetzt Kontakt aufnehmen!\">\n                <img loading=\"lazy\" decoding=\"async\" width=\"500\" height=\"500\" src=\"https:\/\/anwalt.rocks\/arbeitsrecht\/wp-content\/uploads\/sites\/2\/2025\/01\/meinung-04.jpg\" class=\"contact-image media-object wp-post-image\" alt=\"Nadine H., 48 Jahre, aus M\u00fcnchen\" srcset=\"https:\/\/anwalt.rocks\/arbeitsrecht\/wp-content\/uploads\/sites\/2\/2025\/01\/meinung-04.jpg 500w, https:\/\/anwalt.rocks\/arbeitsrecht\/wp-content\/uploads\/sites\/2\/2025\/01\/meinung-04-300x300.jpg 300w, https:\/\/anwalt.rocks\/arbeitsrecht\/wp-content\/uploads\/sites\/2\/2025\/01\/meinung-04-150x150.jpg 150w\" sizes=\"auto, (max-width: 500px) 100vw, 500px\" \/>            <\/a>\n        <\/div>\n\n        <div class=\"media-body\">\n                        <p class=\"h2 media-heading\">\n                <a  href=\"#\" data-toggle=\"modal\" data-target=\"#ContactModal\"  title=\"Nadine H., 48 Jahre, aus M\u00fcnchen jetzt Kontakt aufnehmen!\">\n                    <span class=\"contact-name\">Nadine H., 48 Jahre, aus M\u00fcnchen<\/span>\n                <\/a>\n\n                <span class=\"contact-text\"><\/span> <span class=\"contact-city\"><a href=\"https:\/\/anwalt.rocks\/arbeitsrecht\/region\/gorleben\/\">Anwalt Arbeitsrecht Gorleben<\/a><\/span>            <\/p>\n\n            <div class=\"quote\"><p>Nach einer pl\u00f6tzlichen Umstrukturierung in meiner Firma wurde mir gek\u00fcndigt. Es war ein riesiger Schock f\u00fcr mich. Zum Gl\u00fcck fand ich Dr. Schmelzer \u00fcber eine Internetrecherche. Schon beim ersten Gespr\u00e4ch war ich beeindruckt von seiner Fachkenntnis und seiner empathischen Art. &hellip;<\/p><\/div>\n            <a class=\"btn btn-cta\"  href=\"#\" data-toggle=\"modal\" data-target=\"#ContactModal\"  title=\"Nadine H., 48 Jahre, aus M\u00fcnchen jetzt Kontakt aufnehmen!\">\n                Nachricht senden            <\/a>\n        <\/div>\n    <\/div>\n<\/article><article class=\"contact contact-list post-2612 profile type-profile status-publish has-post-thumbnail hentry\" data-contact=\"2612\">\n    \n    <div class=\"media\">\n        <div class=\"media-left\">\n            <a  href=\"#\" data-toggle=\"modal\" data-target=\"#ContactModal\"  title=\"Clara M., 32 Jahre, aus Leipzig jetzt Kontakt aufnehmen!\">\n                <img loading=\"lazy\" decoding=\"async\" width=\"500\" height=\"500\" src=\"https:\/\/anwalt.rocks\/arbeitsrecht\/wp-content\/uploads\/sites\/2\/2025\/01\/meinung-05.jpg\" class=\"contact-image media-object wp-post-image\" alt=\"Clara M., 32 Jahre, aus Leipzig\" srcset=\"https:\/\/anwalt.rocks\/arbeitsrecht\/wp-content\/uploads\/sites\/2\/2025\/01\/meinung-05.jpg 500w, https:\/\/anwalt.rocks\/arbeitsrecht\/wp-content\/uploads\/sites\/2\/2025\/01\/meinung-05-300x300.jpg 300w, https:\/\/anwalt.rocks\/arbeitsrecht\/wp-content\/uploads\/sites\/2\/2025\/01\/meinung-05-150x150.jpg 150w\" sizes=\"auto, (max-width: 500px) 100vw, 500px\" \/>            <\/a>\n        <\/div>\n\n        <div class=\"media-body\">\n                        <p class=\"h2 media-heading\">\n                <a  href=\"#\" data-toggle=\"modal\" data-target=\"#ContactModal\"  title=\"Clara M., 32 Jahre, aus Leipzig jetzt Kontakt aufnehmen!\">\n                    <span class=\"contact-name\">Clara M., 32 Jahre, aus Leipzig<\/span>\n                <\/a>\n\n                <span class=\"contact-text\"><\/span> <span class=\"contact-city\"><a href=\"https:\/\/anwalt.rocks\/arbeitsrecht\/region\/langstedt\/\">Anwalt Arbeitsrecht Langstedt<\/a><\/span>            <\/p>\n\n            <div class=\"quote\"><p>Als ich pl\u00f6tzlich eine Abmahnung wegen angeblicher Unp\u00fcnktlichkeit erhielt, war ich geschockt. Das stimmte \u00fcberhaupt nicht! Dr. Schmelzer wurde mir von einem Kollegen empfohlen, und ich war sofort begeistert von seiner Expertise. Er konnte die Abmahnung erfolgreich aus meiner Personalakte &hellip;<\/p><\/div>\n            <a class=\"btn btn-cta\"  href=\"#\" data-toggle=\"modal\" data-target=\"#ContactModal\"  title=\"Clara M., 32 Jahre, aus Leipzig jetzt Kontakt aufnehmen!\">\n                Nachricht senden            <\/a>\n        <\/div>\n    <\/div>\n<\/article><article class=\"contact contact-list post-2659 profile type-profile status-publish has-post-thumbnail hentry\" data-contact=\"2659\">\n    \n    <div class=\"media\">\n        <div class=\"media-left\">\n            <a  href=\"#\" data-toggle=\"modal\" data-target=\"#ContactModal\"  title=\"Sven B. jetzt Kontakt aufnehmen!\">\n                <img loading=\"lazy\" decoding=\"async\" width=\"500\" height=\"500\" src=\"https:\/\/anwalt.rocks\/arbeitsrecht\/wp-content\/uploads\/sites\/2\/2025\/01\/meinung-20.jpg\" class=\"contact-image media-object wp-post-image\" alt=\"Sven B.\" srcset=\"https:\/\/anwalt.rocks\/arbeitsrecht\/wp-content\/uploads\/sites\/2\/2025\/01\/meinung-20.jpg 500w, https:\/\/anwalt.rocks\/arbeitsrecht\/wp-content\/uploads\/sites\/2\/2025\/01\/meinung-20-300x300.jpg 300w, https:\/\/anwalt.rocks\/arbeitsrecht\/wp-content\/uploads\/sites\/2\/2025\/01\/meinung-20-150x150.jpg 150w\" sizes=\"auto, (max-width: 500px) 100vw, 500px\" \/>            <\/a>\n        <\/div>\n\n        <div class=\"media-body\">\n                        <p class=\"h2 media-heading\">\n                <a  href=\"#\" data-toggle=\"modal\" data-target=\"#ContactModal\"  title=\"Sven B. jetzt Kontakt aufnehmen!\">\n                    <span class=\"contact-name\">Sven B.<\/span>\n                <\/a>\n\n                <span class=\"contact-text\"><\/span> <span class=\"contact-city\"><a href=\"https:\/\/anwalt.rocks\/arbeitsrecht\/region\/bergheim-thorr\/\">Anwalt Arbeitsrecht Bergheim Thorr<\/a><\/span>            <\/p>\n\n            <div class=\"quote\"><p>Ich hatte ein Problem mit meiner Teilzeitvereinbarung, die mein Arbeitgeber pl\u00f6tzlich \u00e4ndern wollte. Dieser Anwalt hat mich umfassend beraten und den Fall zu meinen Gunsten gekl\u00e4rt. Seine Professionalit\u00e4t und sein Engagement sind wirklich herausragend. Vielen Dank f\u00fcr die gro\u00dfartige Unterst\u00fctzung!&hellip;<\/p><\/div>\n            <a class=\"btn btn-cta\"  href=\"#\" data-toggle=\"modal\" data-target=\"#ContactModal\"  title=\"Sven B. jetzt Kontakt aufnehmen!\">\n                Nachricht senden            <\/a>\n        <\/div>\n    <\/div>\n<\/article>\n<div class=\"blogposts\"><ul><li><a href=\"https:\/\/anwalt.rocks\/arbeitsrecht\/spalt\/\" title=\"Fachanwalt in Sachen IT- und Arbeitsrecht Spalt.\">Fachanwalt in Sachen IT- und Arbeitsrecht Spalt.<\/a><\/li><li><a href=\"https:\/\/anwalt.rocks\/arbeitsrecht\/hassfurt\/\" title=\"Anwalt Ha\u00dffurt Fachanwalt zum Thema Arbeits- und IT Recht.\">Anwalt Ha\u00dffurt Fachanwalt zum Thema Arbeits- und IT Recht.<\/a><\/li><li><a href=\"https:\/\/anwalt.rocks\/arbeitsrecht\/waiblingen\/\" title=\"Anwalt Waiblingen Arbeitsrecht Vertretung f\u00fcr Arbeitnehmer.\">Anwalt Waiblingen Arbeitsrecht Vertretung f\u00fcr Arbeitnehmer.<\/a><\/li><li><a href=\"https:\/\/anwalt.rocks\/arbeitsrecht\/baernbach\/\" title=\"Anwalt B\u00e4rnbach f\u00fcr Arbeitsrecht.\">Anwalt B\u00e4rnbach f\u00fcr Arbeitsrecht.<\/a><\/li><li><a href=\"https:\/\/anwalt.rocks\/arbeitsrecht\/eislingen\/\" title=\"Anwalt Eislingen f\u00fcr Arbeitsrecht.\">Anwalt Eislingen f\u00fcr Arbeitsrecht.<\/a><\/li><li><a href=\"https:\/\/anwalt.rocks\/arbeitsrecht\/holstein\/\" title=\"Anwalt Arbeitsrecht Holstein &#8211; Inge setzt sich durch.\">Anwalt Arbeitsrecht Holstein &#8211; Inge setzt sich durch.<\/a><\/li><li><a href=\"https:\/\/anwalt.rocks\/arbeitsrecht\/kempten\/\" title=\"Anwalt Kempten Arbeitsrecht Mandanten Vertreung f\u00fcr Arbeitgeber.\">Anwalt Kempten Arbeitsrecht Mandanten Vertreung f\u00fcr Arbeitgeber.<\/a><\/li><\/ul><\/div>\n","protected":false},"excerpt":{"rendered":"<h2>Anwalt Arbeitsrecht Kempten &#8211; Fachanwalt  f\u00fcr nationale Mandate.<\/h2>\n<p><a href=\"https:\/\/dr-schmelzer.eu\/arbeitsrecht\/\" target=\"_blank\" rel=\"noopener\"><img loading=\"lazy\" decoding=\"async\" src=\"https:\/\/anwalt.rocks\/bilder\/arbeitsrecht\/anwalt-arbeitsrecht-600x600.webp\" alt=\"Anwalt Kempten Arbeitsrecht Mandanten Vertreung f\u00fcr Arbeitgeber.\" title=\"Anwalt Kempten Arbeitsrecht Mandanten Vertreung f\u00fcr Arbeitgeber.\" width=\"600\" height=\"600\" \/><\/a> <\/p>\n<h3>Fachanwalt Arbeitsrecht und IT Recht Kempten &#8211; Kanzlei Dr. Stephan Schmelzer.<\/h3>\n<p>Ihr Spezialist f\u00fcr Arbeitsrecht: Dr. Stephan Schmelzer. Durch \u00fcber zwei Jahrzehnte T\u00e4tigkeit im Arbeitsrecht hat er sich weit \u00fcber die Stadtgrenzen &hellip;<\/p>","protected":false},"author":1,"featured_media":0,"comment_status":"closed","ping_status":"open","sticky":false,"template":"","format":"standard","meta":{"footnotes":""},"categories":[3],"tags":[],"class_list":["post-7537","post","type-post","status-publish","format-standard","hentry","category-fachanwalt"],"yoast_head":"<!-- This site is optimized with the Yoast SEO Premium plugin v27.1 (Yoast SEO v27.2) - https:\/\/yoast.com\/product\/yoast-seo-premium-wordpress\/ -->\n<title>Anwalt Auerbach bzgl. Arbeitsrecht.<\/title>\n<meta name=\"robots\" content=\"index, follow, max-snippet:-1, max-image-preview:large, max-video-preview:-1\" \/>\n<link rel=\"canonical\" href=\"https:\/\/anwalt.rocks\/arbeitsrecht\/auerbach\/\" \/>\n<meta property=\"og:locale\" content=\"de_DE\" \/>\n<meta property=\"og:type\" content=\"article\" \/>\n<meta property=\"og:title\" content=\"Anwalt Auerbach bzgl. Arbeitsrecht.\" \/>\n<meta property=\"og:description\" content=\"Anwalt Arbeitsrecht Kempten &#8211; Fachanwalt f\u00fcr nationale Mandate.  Fachanwalt Arbeitsrecht und IT Recht Kempten &#8211; Kanzlei Dr. Stephan Schmelzer. Ihr Spezialist f\u00fcr Arbeitsrecht: Dr. Stephan Schmelzer. Durch \u00fcber zwei Jahrzehnte T\u00e4tigkeit im Arbeitsrecht hat er sich weit \u00fcber die Stadtgrenzen &hellip;\" \/>\n<meta property=\"og:url\" content=\"https:\/\/anwalt.rocks\/arbeitsrecht\/auerbach\/\" \/>\n<meta property=\"og:site_name\" content=\"Anwalt Arbeitsrecht in der N\u00e4he - Dr. Schmelzer\" \/>\n<meta property=\"article:published_time\" content=\"2025-01-08T00:17:48+00:00\" \/>\n<meta property=\"og:image\" content=\"https:\/\/anwalt.rocks\/bilder\/arbeitsrecht\/anwalt-arbeitsrecht-600x600.webp\" \/>\n<meta name=\"author\" content=\"admin\" \/>\n<meta name=\"twitter:card\" content=\"summary_large_image\" \/>\n<meta name=\"twitter:label1\" content=\"Verfasst von\" \/>\n\t<meta name=\"twitter:data1\" content=\"admin\" \/>\n\t<meta name=\"twitter:label2\" content=\"Gesch\u00e4tzte Lesezeit\" \/>\n\t<meta name=\"twitter:data2\" content=\"3\u00a0Minuten\" \/>\n<script type=\"application\/ld+json\" class=\"yoast-schema-graph\">{\"@context\":\"https:\/\/schema.org\",\"@graph\":[{\"@type\":\"Article\",\"@id\":\"https:\/\/anwalt.rocks\/arbeitsrecht\/auerbach\/#article\",\"isPartOf\":{\"@id\":\"https:\/\/anwalt.rocks\/arbeitsrecht\/auerbach\/\"},\"author\":{\"name\":\"admin\",\"@id\":\"https:\/\/anwalt.rocks\/arbeitsrecht\/#\/schema\/person\/3fd3b0fc4df170bb2460fbc934288e39\"},\"headline\":\"Anwalt Auerbach bzgl. Arbeitsrecht.\",\"datePublished\":\"2025-01-08T00:17:48+00:00\",\"mainEntityOfPage\":{\"@id\":\"https:\/\/anwalt.rocks\/arbeitsrecht\/auerbach\/\"},\"wordCount\":689,\"publisher\":{\"@id\":\"https:\/\/anwalt.rocks\/arbeitsrecht\/#organization\"},\"image\":{\"@id\":\"https:\/\/anwalt.rocks\/arbeitsrecht\/auerbach\/#primaryimage\"},\"thumbnailUrl\":\"https:\/\/anwalt.rocks\/bilder\/arbeitsrecht\/anwalt-arbeitsrecht-600x600.webp\",\"articleSection\":[\"Fachanwalt\"],\"inLanguage\":\"de\"},{\"@type\":\"WebPage\",\"@id\":\"https:\/\/anwalt.rocks\/arbeitsrecht\/auerbach\/\",\"url\":\"https:\/\/anwalt.rocks\/arbeitsrecht\/auerbach\/\",\"name\":\"Anwalt Auerbach bzgl. Arbeitsrecht.\",\"isPartOf\":{\"@id\":\"https:\/\/anwalt.rocks\/arbeitsrecht\/#website\"},\"primaryImageOfPage\":{\"@id\":\"https:\/\/anwalt.rocks\/arbeitsrecht\/auerbach\/#primaryimage\"},\"image\":{\"@id\":\"https:\/\/anwalt.rocks\/arbeitsrecht\/auerbach\/#primaryimage\"},\"thumbnailUrl\":\"https:\/\/anwalt.rocks\/bilder\/arbeitsrecht\/anwalt-arbeitsrecht-600x600.webp\",\"datePublished\":\"2025-01-08T00:17:48+00:00\",\"breadcrumb\":{\"@id\":\"https:\/\/anwalt.rocks\/arbeitsrecht\/auerbach\/#breadcrumb\"},\"inLanguage\":\"de\",\"potentialAction\":[{\"@type\":\"ReadAction\",\"target\":[\"https:\/\/anwalt.rocks\/arbeitsrecht\/auerbach\/\"]}]},{\"@type\":\"ImageObject\",\"inLanguage\":\"de\",\"@id\":\"https:\/\/anwalt.rocks\/arbeitsrecht\/auerbach\/#primaryimage\",\"url\":\"https:\/\/anwalt.rocks\/bilder\/arbeitsrecht\/anwalt-arbeitsrecht-600x600.webp\",\"contentUrl\":\"https:\/\/anwalt.rocks\/bilder\/arbeitsrecht\/anwalt-arbeitsrecht-600x600.webp\"},{\"@type\":\"BreadcrumbList\",\"@id\":\"https:\/\/anwalt.rocks\/arbeitsrecht\/auerbach\/#breadcrumb\",\"itemListElement\":[{\"@type\":\"ListItem\",\"position\":1,\"name\":\"Start\",\"item\":\"https:\/\/anwalt.rocks\/arbeitsrecht\/\"},{\"@type\":\"ListItem\",\"position\":2,\"name\":\"Anwalt Auerbach bzgl. Arbeitsrecht.\"}]},{\"@type\":\"WebSite\",\"@id\":\"https:\/\/anwalt.rocks\/arbeitsrecht\/#website\",\"url\":\"https:\/\/anwalt.rocks\/arbeitsrecht\/\",\"name\":\"Anwalt Arbeitsrecht in der N\u00e4he - Dr. Schmelzer\",\"description\":\"Kompetenzen und Vorteile von Dr. Stephan Schmelzer \u2013 Anwalt und Fachanwalt f\u00fcr Arbeitsrecht mit 25 j\u00e4hriger Berufspraxis.\",\"publisher\":{\"@id\":\"https:\/\/anwalt.rocks\/arbeitsrecht\/#organization\"},\"potentialAction\":[{\"@type\":\"SearchAction\",\"target\":{\"@type\":\"EntryPoint\",\"urlTemplate\":\"https:\/\/anwalt.rocks\/arbeitsrecht\/?s={search_term_string}\"},\"query-input\":{\"@type\":\"PropertyValueSpecification\",\"valueRequired\":true,\"valueName\":\"search_term_string\"}}],\"inLanguage\":\"de\"},{\"@type\":\"Organization\",\"@id\":\"https:\/\/anwalt.rocks\/arbeitsrecht\/#organization\",\"name\":\"Kanzlei Dr. Schmelzer\",\"url\":\"https:\/\/anwalt.rocks\/arbeitsrecht\/\",\"logo\":{\"@type\":\"ImageObject\",\"inLanguage\":\"de\",\"@id\":\"https:\/\/anwalt.rocks\/arbeitsrecht\/#\/schema\/logo\/image\/\",\"url\":\"https:\/\/anwalt.rocks\/arbeitsrecht\/wp-content\/uploads\/sites\/2\/2025\/01\/anwalt-arbeitsrecht-logo.png\",\"contentUrl\":\"https:\/\/anwalt.rocks\/arbeitsrecht\/wp-content\/uploads\/sites\/2\/2025\/01\/anwalt-arbeitsrecht-logo.png\",\"width\":450,\"height\":150,\"caption\":\"Kanzlei Dr. Schmelzer\"},\"image\":{\"@id\":\"https:\/\/anwalt.rocks\/arbeitsrecht\/#\/schema\/logo\/image\/\"}},{\"@type\":\"Person\",\"@id\":\"https:\/\/anwalt.rocks\/arbeitsrecht\/#\/schema\/person\/3fd3b0fc4df170bb2460fbc934288e39\",\"name\":\"admin\",\"image\":{\"@type\":\"ImageObject\",\"inLanguage\":\"de\",\"@id\":\"https:\/\/secure.gravatar.com\/avatar\/2a567a722e62dc61f1aaa46c6b595fa617f2003443806e3422a8fed77c029cfc?s=96&d=mm&r=g\",\"url\":\"https:\/\/secure.gravatar.com\/avatar\/2a567a722e62dc61f1aaa46c6b595fa617f2003443806e3422a8fed77c029cfc?s=96&d=mm&r=g\",\"contentUrl\":\"https:\/\/secure.gravatar.com\/avatar\/2a567a722e62dc61f1aaa46c6b595fa617f2003443806e3422a8fed77c029cfc?s=96&d=mm&r=g\",\"caption\":\"admin\"},\"sameAs\":[\"https:\/\/anwalt.rocks\"],\"url\":\"https:\/\/anwalt.rocks\/arbeitsrecht\/author\/admin\/\"}]}<\/script>\n<!-- \/ Yoast SEO Premium plugin. -->","yoast_head_json":{"title":"Anwalt Auerbach bzgl. Arbeitsrecht.","robots":{"index":"index","follow":"follow","max-snippet":"max-snippet:-1","max-image-preview":"max-image-preview:large","max-video-preview":"max-video-preview:-1"},"canonical":"https:\/\/anwalt.rocks\/arbeitsrecht\/auerbach\/","og_locale":"de_DE","og_type":"article","og_title":"Anwalt Auerbach bzgl. Arbeitsrecht.","og_description":"Anwalt Arbeitsrecht Kempten &#8211; Fachanwalt f\u00fcr nationale Mandate.  Fachanwalt Arbeitsrecht und IT Recht Kempten &#8211; Kanzlei Dr. Stephan Schmelzer. Ihr Spezialist f\u00fcr Arbeitsrecht: Dr. Stephan Schmelzer. Durch \u00fcber zwei Jahrzehnte T\u00e4tigkeit im Arbeitsrecht hat er sich weit \u00fcber die Stadtgrenzen &hellip;","og_url":"https:\/\/anwalt.rocks\/arbeitsrecht\/auerbach\/","og_site_name":"Anwalt Arbeitsrecht in der N\u00e4he - Dr. Schmelzer","article_published_time":"2025-01-08T00:17:48+00:00","og_image":[{"url":"https:\/\/anwalt.rocks\/bilder\/arbeitsrecht\/anwalt-arbeitsrecht-600x600.webp","type":"","width":"","height":""}],"author":"admin","twitter_card":"summary_large_image","twitter_misc":{"Verfasst von":"admin","Gesch\u00e4tzte Lesezeit":"3\u00a0Minuten"},"schema":{"@context":"https:\/\/schema.org","@graph":[{"@type":"Article","@id":"https:\/\/anwalt.rocks\/arbeitsrecht\/auerbach\/#article","isPartOf":{"@id":"https:\/\/anwalt.rocks\/arbeitsrecht\/auerbach\/"},"author":{"name":"admin","@id":"https:\/\/anwalt.rocks\/arbeitsrecht\/#\/schema\/person\/3fd3b0fc4df170bb2460fbc934288e39"},"headline":"Anwalt Auerbach bzgl. Arbeitsrecht.","datePublished":"2025-01-08T00:17:48+00:00","mainEntityOfPage":{"@id":"https:\/\/anwalt.rocks\/arbeitsrecht\/auerbach\/"},"wordCount":689,"publisher":{"@id":"https:\/\/anwalt.rocks\/arbeitsrecht\/#organization"},"image":{"@id":"https:\/\/anwalt.rocks\/arbeitsrecht\/auerbach\/#primaryimage"},"thumbnailUrl":"https:\/\/anwalt.rocks\/bilder\/arbeitsrecht\/anwalt-arbeitsrecht-600x600.webp","articleSection":["Fachanwalt"],"inLanguage":"de"},{"@type":"WebPage","@id":"https:\/\/anwalt.rocks\/arbeitsrecht\/auerbach\/","url":"https:\/\/anwalt.rocks\/arbeitsrecht\/auerbach\/","name":"Anwalt Auerbach bzgl. Arbeitsrecht.","isPartOf":{"@id":"https:\/\/anwalt.rocks\/arbeitsrecht\/#website"},"primaryImageOfPage":{"@id":"https:\/\/anwalt.rocks\/arbeitsrecht\/auerbach\/#primaryimage"},"image":{"@id":"https:\/\/anwalt.rocks\/arbeitsrecht\/auerbach\/#primaryimage"},"thumbnailUrl":"https:\/\/anwalt.rocks\/bilder\/arbeitsrecht\/anwalt-arbeitsrecht-600x600.webp","datePublished":"2025-01-08T00:17:48+00:00","breadcrumb":{"@id":"https:\/\/anwalt.rocks\/arbeitsrecht\/auerbach\/#breadcrumb"},"inLanguage":"de","potentialAction":[{"@type":"ReadAction","target":["https:\/\/anwalt.rocks\/arbeitsrecht\/auerbach\/"]}]},{"@type":"ImageObject","inLanguage":"de","@id":"https:\/\/anwalt.rocks\/arbeitsrecht\/auerbach\/#primaryimage","url":"https:\/\/anwalt.rocks\/bilder\/arbeitsrecht\/anwalt-arbeitsrecht-600x600.webp","contentUrl":"https:\/\/anwalt.rocks\/bilder\/arbeitsrecht\/anwalt-arbeitsrecht-600x600.webp"},{"@type":"BreadcrumbList","@id":"https:\/\/anwalt.rocks\/arbeitsrecht\/auerbach\/#breadcrumb","itemListElement":[{"@type":"ListItem","position":1,"name":"Start","item":"https:\/\/anwalt.rocks\/arbeitsrecht\/"},{"@type":"ListItem","position":2,"name":"Anwalt Auerbach bzgl. Arbeitsrecht."}]},{"@type":"WebSite","@id":"https:\/\/anwalt.rocks\/arbeitsrecht\/#website","url":"https:\/\/anwalt.rocks\/arbeitsrecht\/","name":"Anwalt Arbeitsrecht in der N\u00e4he - Dr. Schmelzer","description":"Kompetenzen und Vorteile von Dr. Stephan Schmelzer \u2013 Anwalt und Fachanwalt f\u00fcr Arbeitsrecht mit 25 j\u00e4hriger Berufspraxis.","publisher":{"@id":"https:\/\/anwalt.rocks\/arbeitsrecht\/#organization"},"potentialAction":[{"@type":"SearchAction","target":{"@type":"EntryPoint","urlTemplate":"https:\/\/anwalt.rocks\/arbeitsrecht\/?s={search_term_string}"},"query-input":{"@type":"PropertyValueSpecification","valueRequired":true,"valueName":"search_term_string"}}],"inLanguage":"de"},{"@type":"Organization","@id":"https:\/\/anwalt.rocks\/arbeitsrecht\/#organization","name":"Kanzlei Dr. Schmelzer","url":"https:\/\/anwalt.rocks\/arbeitsrecht\/","logo":{"@type":"ImageObject","inLanguage":"de","@id":"https:\/\/anwalt.rocks\/arbeitsrecht\/#\/schema\/logo\/image\/","url":"https:\/\/anwalt.rocks\/arbeitsrecht\/wp-content\/uploads\/sites\/2\/2025\/01\/anwalt-arbeitsrecht-logo.png","contentUrl":"https:\/\/anwalt.rocks\/arbeitsrecht\/wp-content\/uploads\/sites\/2\/2025\/01\/anwalt-arbeitsrecht-logo.png","width":450,"height":150,"caption":"Kanzlei Dr. Schmelzer"},"image":{"@id":"https:\/\/anwalt.rocks\/arbeitsrecht\/#\/schema\/logo\/image\/"}},{"@type":"Person","@id":"https:\/\/anwalt.rocks\/arbeitsrecht\/#\/schema\/person\/3fd3b0fc4df170bb2460fbc934288e39","name":"admin","image":{"@type":"ImageObject","inLanguage":"de","@id":"https:\/\/secure.gravatar.com\/avatar\/2a567a722e62dc61f1aaa46c6b595fa617f2003443806e3422a8fed77c029cfc?s=96&d=mm&r=g","url":"https:\/\/secure.gravatar.com\/avatar\/2a567a722e62dc61f1aaa46c6b595fa617f2003443806e3422a8fed77c029cfc?s=96&d=mm&r=g","contentUrl":"https:\/\/secure.gravatar.com\/avatar\/2a567a722e62dc61f1aaa46c6b595fa617f2003443806e3422a8fed77c029cfc?s=96&d=mm&r=g","caption":"admin"},"sameAs":["https:\/\/anwalt.rocks"],"url":"https:\/\/anwalt.rocks\/arbeitsrecht\/author\/admin\/"}]}},"_links":{"self":[{"href":"https:\/\/anwalt.rocks\/arbeitsrecht\/wp-json\/wp\/v2\/posts\/7537","targetHints":{"allow":["GET"]}}],"collection":[{"href":"https:\/\/anwalt.rocks\/arbeitsrecht\/wp-json\/wp\/v2\/posts"}],"about":[{"href":"https:\/\/anwalt.rocks\/arbeitsrecht\/wp-json\/wp\/v2\/types\/post"}],"author":[{"embeddable":true,"href":"https:\/\/anwalt.rocks\/arbeitsrecht\/wp-json\/wp\/v2\/users\/1"}],"replies":[{"embeddable":true,"href":"https:\/\/anwalt.rocks\/arbeitsrecht\/wp-json\/wp\/v2\/comments?post=7537"}],"version-history":[{"count":0,"href":"https:\/\/anwalt.rocks\/arbeitsrecht\/wp-json\/wp\/v2\/posts\/7537\/revisions"}],"wp:attachment":[{"href":"https:\/\/anwalt.rocks\/arbeitsrecht\/wp-json\/wp\/v2\/media?parent=7537"}],"wp:term":[{"taxonomy":"category","embeddable":true,"href":"https:\/\/anwalt.rocks\/arbeitsrecht\/wp-json\/wp\/v2\/categories?post=7537"},{"taxonomy":"post_tag","embeddable":true,"href":"https:\/\/anwalt.rocks\/arbeitsrecht\/wp-json\/wp\/v2\/tags?post=7537"}],"curies":[{"name":"wp","href":"https:\/\/api.w.org\/{rel}","templated":true}]}}