{"id":7593,"date":"2025-01-11T09:08:44","date_gmt":"2025-01-11T08:08:44","guid":{"rendered":"https:\/\/anwalt.rocks\/arbeitsrecht\/bad-koetzting\/"},"modified":"2025-01-11T09:08:44","modified_gmt":"2025-01-11T08:08:44","slug":"bad-koetzting","status":"publish","type":"post","link":"https:\/\/anwalt.rocks\/arbeitsrecht\/bad-koetzting\/","title":{"rendered":"Anwalt Bad K\u00f6tzting f\u00fcr Arbeitsrecht."},"content":{"rendered":"<span class=\"span-reading-time rt-reading-time\" style=\"display: block;\"><span class=\"rt-label rt-prefix\">Lesedauer<\/span> <span class=\"rt-time\"> 3<\/span> <span class=\"rt-label rt-postfix\">Minuten<\/span><\/span><h2>Kanzlei Dr. Stephan Schmelzer Rechtsanwalt f\u00fcr Arbeits- und IT Recht Bad K\u00f6tzting.<\/h2>\n<p><a href=\"https:\/\/dr-schmelzer.eu\/arbeitsrecht\/\" target=\"_blank\" rel=\"noopener\"><img loading=\"lazy\" decoding=\"async\" src=\"https:\/\/anwalt.rocks\/bilder\/arbeitsrecht\/anwalt-arbeitsrecht-600x600.webp\" alt=\"Anwalt Bad K\u00f6tzting f\u00fcr Arbeitsrecht.\" title=\"Anwalt Bad K\u00f6tzting f\u00fcr Arbeitsrecht.\" width=\"600\" height=\"600\" \/><\/a> <\/p>\n<h3>Rechtsanwalt Arbeitsrecht Bad K\u00f6tzting &#8211; Soziet\u00e4t Dr. Stephan Schmelzer.<\/h3>\n<p>Ob Arbeitnehmer oder Arbeitgeber \u2013 Dr. Stephan Schmelzer ist Ihr verl\u00e4sslicher Partner im Arbeitsrecht. Dank seiner mehr als 25-j\u00e4hrigen Erfahrung im Arbeitsrecht genie\u00dft er seit 2002 als Fachanwalt weit \u00fcber Ahlen hinaus hohes Ansehen. Seit \u00fcber 20 Jahren f\u00fchrt Dr. Schmelzer seine Kanzlei und ist bekannt f\u00fcr individuelle Betreuung und juristische Exzellenz. Als Fachanwalt in zwei relevanten Bereichen bietet Dr. Schmelzer wertvolle Unterst\u00fctzung in der modernen Arbeitswelt. &#8211; <a title=\"Anwalt Arbeitsrecht Ludwigshafen\" href=\"https:\/\/anwalt.rocks\/arbeitsrecht\/ludwigshafen\/\">Anwalt Arbeitsrecht Ludwigshafen<\/a><\/p>\n<p><a href=\"https:\/\/dr-schmelzer.eu\/arbeitsrecht\/\" target=\"_blank\" rel=\"noopener\"><img loading=\"lazy\" decoding=\"async\" src=\"https:\/\/anwalt.rocks\/bilder\/arbeitsrecht\/rechtsanwalt-arbeitsrecht-600x600.webp\" alt=\"Anwalt Arbeitsrecht Bad K\u00f6tzting\" title=\"Anwalt Arbeitsrecht Bad K\u00f6tzting\" width=\"600\" height=\"600\" \/><\/a> <\/p>\n<h3>Soziet\u00e4t Dr. Stephan Schmelzer &#8211; Experte f\u00fcr Arbeitsrecht Bad K\u00f6tzting.<\/h3>\n<p>W\u00e4hrend IT-Recht erg\u00e4nzend behandelt wird, ist das Arbeitsrecht \u2013 sowohl national als auch global \u2013 sein Schwerpunkt. Arbeitgeber und Arbeitnehmer k\u00f6nnen sich auf Dr. Schmelzers Expertise im Arbeitsrecht verlassen, die ma\u00dfgeschneiderte L\u00f6sungen bietet. Seine langj\u00e4hrige Erfahrung und sein individuelles Eingehen auf Mandantenbed\u00fcrfnisse machen ihn zu einem f\u00fchrenden Experten im Arbeitsrecht. &#8211; <a title=\"Anwalt F\u00fcrstenau\" href=\"https:\/\/anwalt.rocks\/arbeitsrecht\/fuerstenau\/\">Anwalt F\u00fcrstenau<\/a><\/p>\n<h3>Hohes Durchsetzungsverm\u00f6gen &#8211; Fest drei Jahrzehnte Anwaltserfahrung als Volljurist Bad K\u00f6tzting.<\/h3>\n<p>Die juristischen Anforderungen f\u00fcr Arbeitgeber reichen heute von der Gestaltung von Arbeitsvertr\u00e4gen bis zu komplexen Restrukturierungen. Unternehmen erhalten von Dr. Schmelzer praxisorientierte Unterst\u00fctzung, um juristische Risiken zu minimieren und effiziente Ergebnisse zu erzielen. Zu den angebotenen Services z\u00e4hlen: &#8211; <a title=\"Anwalt Arbeitsrecht Winterberg\" href=\"https:\/\/anwalt.rocks\/arbeitsrecht\/winterberg\/\">Anwalt Arbeitsrecht Winterberg<\/a><\/p>\n<h3>Anwalt Arbeitsrecht Bad K\u00f6tzting 31 motivierte Mandanten.<\/h3>\n<p>Entwicklung und Pr\u00fcfung rechtlich sicherer und flexibler Arbeitsvertr\u00e4ge. Entwicklung bedarfsgerechter Modelle f\u00fcr Arbeitszeit und Verg\u00fctung, die den individuellen Bed\u00fcrfnissen des Unternehmens gerecht werden. &#8211; <a title=\"Anwalt Arbeitsrecht Gevelsberg\" href=\"https:\/\/anwalt.rocks\/arbeitsrecht\/gevelsberg\/\">Anwalt Arbeitsrecht Gevelsberg<\/a><\/p>\n<h3>Deshalb f\u00e4llt die Entscheidung auf diesen verl\u00e4sslichen Anwalt Bad K\u00f6tzting:<\/h3>\n<p>Unterst\u00fctzung bei der rechtlichen Planung und Umsetzung von betriebs- und personenbezogenen K\u00fcndigungen. Reduzierung rechtlicher Unsicherheiten und kontinuierliche Begleitung durch den K\u00fcndigungsprozess.<\/p>\n<h3>Kompetent aber auch top zuverl\u00e4ssig.<\/h3>\n<p>Rechtliche Unterst\u00fctzung zur Mitwirkung des Betriebsrats bei bedeutsamen Unternehmensentscheidungen. Beratung zur Verhandlung und Einf\u00fchrung von rechtssicheren Betriebsvereinbarungen. Unterst\u00fctzung bei der strategischen Entwicklung und rechtlichen Umsetzung von Restrukturierungen. Vertretung bei gerichtlichen Konflikten im Arbeitsrecht, wie K\u00fcndigungsschutzverfahren und Entfristungsklagen. Fokussierung auf die strategische und nachhaltige Verteidigung der Unternehmensinteressen.<\/p>\n<h3>Anwalt Arbeitsrecht Bad K\u00f6tzting &#8211; Experte Dr. Schmelzer.<\/h3>\n<p>Auch Arbeitnehmer haben Zugang zu der umfassenden Expertise von Dr. Schmelzer. In konfliktgeladenen Situationen ist er ein engagierter Partner, der mit vollem Einsatz f\u00fcr seine Mandanten k\u00e4mpft. Teil des Leistungsspektrums sind:<\/p>\n<p>Rechtliche Begleitung in K\u00fcndigungsschutzverfahren mit Vertretung vor dem Arbeitsgericht. Unterst\u00fctzung bei der Kl\u00e4rung und Verhandlung von Abfindungszahlungen. Rechtliche Begleitung in K\u00fcndigungsschutzverfahren mit Vertretung vor dem Arbeitsgericht. Unterst\u00fctzung bei der Kl\u00e4rung und Verhandlung von Abfindungszahlungen.<\/p>\n<p>Beratung bei der Entwicklung von Aufhebungsvertr\u00e4gen und Verhandlung fairer Abfindungen. Unterst\u00fctzung bei der Pr\u00fcfung von Arbeitszeugnissen zur Sicherstellung rechtlicher Korrektheit. Rechtsvertretung bei Zeugnisstreitigkeiten zur Durchsetzung einer angemessenen Bewertung. Weniger Ausgaben Beratung und Unterst\u00fctzung bei der Durchsetzung von offenen Gehaltsanspr\u00fcchen. Rechtsberatung und Vertretung bei Klagen zu ausstehenden L\u00f6hnen und \u00dcberstundenverg\u00fctungen. Rechtliche Pr\u00fcfung von Abmahnungen und Strategienentwicklung gegen unfaire Ma\u00dfnahmen.<\/p>\n<h4>Betreuung f\u00fcr Arbeitgeber und Arbeitnehmer zum Thema Anwalt Arbeitsrecht Bad K\u00f6tzting.<\/h4>\n<p>Die Schwerpunkte von Dr. Schmelzer liegen in der Restrukturierung und Konfliktl\u00f6sung. Ein besonderer T\u00e4tigkeitsbereich von Dr. Schmelzer ist die Beratung bei Restrukturierungsma\u00dfnahmen. Erfolgreiche Arbeit in diesem Bereich erfordert eine Verbindung aus juristischer Kompetenz, Verhandlungsst\u00e4rke und wirtschaftlicher Einsicht.<\/p>\n<p>Anwalt Bad K\u00f6tzting Schlussfolgerung: Die Entwicklung und Umsetzung von Sozialpl\u00e4nen und Interessenausgleichen sind Kernbereiche der Arbeit von Dr. Schmelzer. Es wird darauf hingearbeitet, eine f\u00fcr alle Parteien einvernehmliche L\u00f6sung zu finden. Mit fundiertem Wissen und einer klaren Strategie begleitet Dr. Schmelzer Verhandlungen mit Betriebsr\u00e4ten und Gewerkschaften erfolgreich.<\/p>\n<p>Jeder Fall bedeutet f\u00fcr den Fachanwalt f\u00fcr Arbeitsrecht eine neue Herausforderung, die h\u00f6chste Aufmerksamkeit erh\u00e4lt. Ziel ist es, die bestm\u00f6gliche L\u00f6sung f\u00fcr seine Mandanten zu erreichen, ob durch au\u00dfergerichtliche Einigungen oder vor Gericht. Transparenz und ein offener Dialog mit seinen Mandanten sind zentrale Bestandteile seiner Arbeitsweise. Die Zufriedenheit seiner Mandanten hat f\u00fcr Dr. Schmelzer oberste Bedeutung. Sowohl seine Erfolge als auch die R\u00fcckmeldungen seiner Mandanten zeugen von seiner professionellen und l\u00f6sungsorientierten Arbeitsweise. Arbeitnehmer und Arbeitgeber k\u00f6nnen sich auf die umfassende Expertise und den Einsatz von Dr. Stephan Schmelzer verlassen.<\/p>\n<article class=\"contact contact-list post-2659 profile type-profile status-publish has-post-thumbnail hentry\" data-contact=\"2659\">\n    \n    <div class=\"media\">\n        <div class=\"media-left\">\n            <a  href=\"#\" data-toggle=\"modal\" data-target=\"#ContactModal\"  title=\"Sven B. jetzt Kontakt aufnehmen!\">\n                <img loading=\"lazy\" decoding=\"async\" width=\"500\" height=\"500\" src=\"https:\/\/anwalt.rocks\/arbeitsrecht\/wp-content\/uploads\/sites\/2\/2025\/01\/meinung-20.jpg\" class=\"contact-image media-object wp-post-image\" alt=\"Sven B.\" srcset=\"https:\/\/anwalt.rocks\/arbeitsrecht\/wp-content\/uploads\/sites\/2\/2025\/01\/meinung-20.jpg 500w, https:\/\/anwalt.rocks\/arbeitsrecht\/wp-content\/uploads\/sites\/2\/2025\/01\/meinung-20-300x300.jpg 300w, https:\/\/anwalt.rocks\/arbeitsrecht\/wp-content\/uploads\/sites\/2\/2025\/01\/meinung-20-150x150.jpg 150w\" sizes=\"auto, (max-width: 500px) 100vw, 500px\" \/>            <\/a>\n        <\/div>\n\n        <div class=\"media-body\">\n                        <p class=\"h2 media-heading\">\n                <a  href=\"#\" data-toggle=\"modal\" data-target=\"#ContactModal\"  title=\"Sven B. jetzt Kontakt aufnehmen!\">\n                    <span class=\"contact-name\">Sven B.<\/span>\n                <\/a>\n\n                <span class=\"contact-text\"><\/span> <span class=\"contact-city\"><a href=\"https:\/\/anwalt.rocks\/arbeitsrecht\/region\/blieskastel\/\">Anwalt Arbeitsrecht Blieskastel<\/a><\/span>            <\/p>\n\n            <div class=\"quote\"><p>Ich hatte ein Problem mit meiner Teilzeitvereinbarung, die mein Arbeitgeber pl\u00f6tzlich \u00e4ndern wollte. Dieser Anwalt hat mich umfassend beraten und den Fall zu meinen Gunsten gekl\u00e4rt. Seine Professionalit\u00e4t und sein Engagement sind wirklich herausragend. Vielen Dank f\u00fcr die gro\u00dfartige Unterst\u00fctzung!&hellip;<\/p><\/div>\n            <a class=\"btn btn-cta\"  href=\"#\" data-toggle=\"modal\" data-target=\"#ContactModal\"  title=\"Sven B. jetzt Kontakt aufnehmen!\">\n                Nachricht senden            <\/a>\n        <\/div>\n    <\/div>\n<\/article><article class=\"contact contact-list post-2649 profile type-profile status-publish has-post-thumbnail hentry\" data-contact=\"2649\">\n    \n    <div class=\"media\">\n        <div class=\"media-left\">\n            <a  href=\"#\" data-toggle=\"modal\" data-target=\"#ContactModal\"  title=\"Heinrich G. jetzt Kontakt aufnehmen!\">\n                <img loading=\"lazy\" decoding=\"async\" width=\"500\" height=\"500\" src=\"https:\/\/anwalt.rocks\/arbeitsrecht\/wp-content\/uploads\/sites\/2\/2025\/01\/meinung-17.jpg\" class=\"contact-image media-object wp-post-image\" alt=\"Heinrich G.\" srcset=\"https:\/\/anwalt.rocks\/arbeitsrecht\/wp-content\/uploads\/sites\/2\/2025\/01\/meinung-17.jpg 500w, https:\/\/anwalt.rocks\/arbeitsrecht\/wp-content\/uploads\/sites\/2\/2025\/01\/meinung-17-300x300.jpg 300w, https:\/\/anwalt.rocks\/arbeitsrecht\/wp-content\/uploads\/sites\/2\/2025\/01\/meinung-17-150x150.jpg 150w\" sizes=\"auto, (max-width: 500px) 100vw, 500px\" \/>            <\/a>\n        <\/div>\n\n        <div class=\"media-body\">\n                        <p class=\"h2 media-heading\">\n                <a  href=\"#\" data-toggle=\"modal\" data-target=\"#ContactModal\"  title=\"Heinrich G. jetzt Kontakt aufnehmen!\">\n                    <span class=\"contact-name\">Heinrich G.<\/span>\n                <\/a>\n\n                <span class=\"contact-text\"><\/span> <span class=\"contact-city\"><a href=\"https:\/\/anwalt.rocks\/arbeitsrecht\/region\/seibersbach\/\">Anwalt Arbeitsrecht Seibersbach<\/a><\/span>            <\/p>\n\n            <div class=\"quote\"><p>In meinem Fall ging es um unbezahlte \u00dcberstunden, die mein Arbeitgeber einfach ignoriert hatte. Hr. Schmelzer hat den Sachverhalt schnell gekl\u00e4rt und meine Anspr\u00fcche durchgesetzt. Sein Engagement und seine Fachkenntnisse haben mich voll \u00fcberzeugt. Ich w\u00fcrde ihn jederzeit wieder beauftragen.&hellip;<\/p><\/div>\n            <a class=\"btn btn-cta\"  href=\"#\" data-toggle=\"modal\" data-target=\"#ContactModal\"  title=\"Heinrich G. jetzt Kontakt aufnehmen!\">\n                Nachricht senden            <\/a>\n        <\/div>\n    <\/div>\n<\/article><article class=\"contact contact-list post-2655 profile type-profile status-publish has-post-thumbnail hentry\" data-contact=\"2655\">\n    \n    <div class=\"media\">\n        <div class=\"media-left\">\n            <a  href=\"#\" data-toggle=\"modal\" data-target=\"#ContactModal\"  title=\"Gustav G. jetzt Kontakt aufnehmen!\">\n                <img loading=\"lazy\" decoding=\"async\" width=\"500\" height=\"500\" src=\"https:\/\/anwalt.rocks\/arbeitsrecht\/wp-content\/uploads\/sites\/2\/2025\/01\/meinung-19.jpg\" class=\"contact-image media-object wp-post-image\" alt=\"Gustav G.\" srcset=\"https:\/\/anwalt.rocks\/arbeitsrecht\/wp-content\/uploads\/sites\/2\/2025\/01\/meinung-19.jpg 500w, https:\/\/anwalt.rocks\/arbeitsrecht\/wp-content\/uploads\/sites\/2\/2025\/01\/meinung-19-300x300.jpg 300w, https:\/\/anwalt.rocks\/arbeitsrecht\/wp-content\/uploads\/sites\/2\/2025\/01\/meinung-19-150x150.jpg 150w\" sizes=\"auto, (max-width: 500px) 100vw, 500px\" \/>            <\/a>\n        <\/div>\n\n        <div class=\"media-body\">\n                        <p class=\"h2 media-heading\">\n                <a  href=\"#\" data-toggle=\"modal\" data-target=\"#ContactModal\"  title=\"Gustav G. jetzt Kontakt aufnehmen!\">\n                    <span class=\"contact-name\">Gustav G.<\/span>\n                <\/a>\n\n                <span class=\"contact-text\"><\/span> <span class=\"contact-city\"><a href=\"https:\/\/anwalt.rocks\/arbeitsrecht\/region\/feilitzsch\/\">Anwalt Arbeitsrecht Feilitzsch<\/a><\/span>            <\/p>\n\n            <div class=\"quote\"><p>Dieser Anwalt hat mir geholfen, als mein Arbeitgeber mich wegen angeblicher Fehlleistungen abmahnen wollte. Er konnte die Abmahnung erfolgreich anfechten und hat mir meine Rechte ausf\u00fchrlich erkl\u00e4rt. Ich bin sehr dankbar f\u00fcr seine Unterst\u00fctzung und w\u00fcrde ihn immer wieder kontaktieren.&hellip;<\/p><\/div>\n            <a class=\"btn btn-cta\"  href=\"#\" data-toggle=\"modal\" data-target=\"#ContactModal\"  title=\"Gustav G. jetzt Kontakt aufnehmen!\">\n                Nachricht senden            <\/a>\n        <\/div>\n    <\/div>\n<\/article><article class=\"contact contact-list post-2606 profile type-profile status-publish has-post-thumbnail hentry\" data-contact=\"2606\">\n    \n    <div class=\"media\">\n        <div class=\"media-left\">\n            <a  href=\"#\" data-toggle=\"modal\" data-target=\"#ContactModal\"  title=\"Maria P., 29 Jahre, aus Stuttgart jetzt Kontakt aufnehmen!\">\n                <img loading=\"lazy\" decoding=\"async\" width=\"500\" height=\"500\" src=\"https:\/\/anwalt.rocks\/arbeitsrecht\/wp-content\/uploads\/sites\/2\/2025\/01\/meinung-03.jpg\" class=\"contact-image media-object wp-post-image\" alt=\"Maria P., 29 Jahre, aus Stuttgart\" srcset=\"https:\/\/anwalt.rocks\/arbeitsrecht\/wp-content\/uploads\/sites\/2\/2025\/01\/meinung-03.jpg 500w, https:\/\/anwalt.rocks\/arbeitsrecht\/wp-content\/uploads\/sites\/2\/2025\/01\/meinung-03-300x300.jpg 300w, https:\/\/anwalt.rocks\/arbeitsrecht\/wp-content\/uploads\/sites\/2\/2025\/01\/meinung-03-150x150.jpg 150w\" sizes=\"auto, (max-width: 500px) 100vw, 500px\" \/>            <\/a>\n        <\/div>\n\n        <div class=\"media-body\">\n                        <p class=\"h2 media-heading\">\n                <a  href=\"#\" data-toggle=\"modal\" data-target=\"#ContactModal\"  title=\"Maria P., 29 Jahre, aus Stuttgart jetzt Kontakt aufnehmen!\">\n                    <span class=\"contact-name\">Maria P., 29 Jahre, aus Stuttgart<\/span>\n                <\/a>\n\n                <span class=\"contact-text\"><\/span> <span class=\"contact-city\"><a href=\"https:\/\/anwalt.rocks\/arbeitsrecht\/region\/weidenstetten\/\">Anwalt Arbeitsrecht Weidenstetten<\/a><\/span>            <\/p>\n\n            <div class=\"quote\"><p>Herr Dr. Schmelzer ist einfach ein toller Anwalt! In meinem Fall ging es um Mobbing am Arbeitsplatz. Ich wusste nicht mehr weiter, aber Herr Dr. Schmelzer hat mir Mut gemacht und klare Schritte vorgeschlagen. Er hat nicht nur mein Recht &hellip;<\/p><\/div>\n            <a class=\"btn btn-cta\"  href=\"#\" data-toggle=\"modal\" data-target=\"#ContactModal\"  title=\"Maria P., 29 Jahre, aus Stuttgart jetzt Kontakt aufnehmen!\">\n                Nachricht senden            <\/a>\n        <\/div>\n    <\/div>\n<\/article><article class=\"contact contact-list post-2600 profile type-profile status-publish has-post-thumbnail hentry\" data-contact=\"2600\">\n    \n    <div class=\"media\">\n        <div class=\"media-left\">\n            <a  href=\"#\" data-toggle=\"modal\" data-target=\"#ContactModal\"  title=\"Anna L., 34 Jahre, aus Hamburg jetzt Kontakt aufnehmen!\">\n                <img loading=\"lazy\" decoding=\"async\" width=\"500\" height=\"500\" src=\"https:\/\/anwalt.rocks\/arbeitsrecht\/wp-content\/uploads\/sites\/2\/2025\/01\/meinung-01.jpg\" class=\"contact-image media-object wp-post-image\" alt=\"Anna L., 34 Jahre, aus Hamburg\" srcset=\"https:\/\/anwalt.rocks\/arbeitsrecht\/wp-content\/uploads\/sites\/2\/2025\/01\/meinung-01.jpg 500w, https:\/\/anwalt.rocks\/arbeitsrecht\/wp-content\/uploads\/sites\/2\/2025\/01\/meinung-01-300x300.jpg 300w, https:\/\/anwalt.rocks\/arbeitsrecht\/wp-content\/uploads\/sites\/2\/2025\/01\/meinung-01-150x150.jpg 150w\" sizes=\"auto, (max-width: 500px) 100vw, 500px\" \/>            <\/a>\n        <\/div>\n\n        <div class=\"media-body\">\n                        <p class=\"h2 media-heading\">\n                <a  href=\"#\" data-toggle=\"modal\" data-target=\"#ContactModal\"  title=\"Anna L., 34 Jahre, aus Hamburg jetzt Kontakt aufnehmen!\">\n                    <span class=\"contact-name\">Anna L., 34 Jahre, aus Hamburg<\/span>\n                <\/a>\n\n                <span class=\"contact-text\"><\/span> <span class=\"contact-city\"><a href=\"https:\/\/anwalt.rocks\/arbeitsrecht\/region\/tarmstedt\/\">Anwalt Arbeitsrecht Tarmstedt<\/a><\/span>            <\/p>\n\n            <div class=\"quote\"><p>Ich hatte ein riesiges Problem mit meinem Arbeitgeber, nachdem ich nach meiner Elternzeit wieder in den Job einsteigen wollte. Pl\u00f6tzlich sollte ich in eine komplett andere Abteilung wechseln, obwohl das nie vereinbart war. Eine Freundin empfahl mir Dr. Stephan Schmelzer, &hellip;<\/p><\/div>\n            <a class=\"btn btn-cta\"  href=\"#\" data-toggle=\"modal\" data-target=\"#ContactModal\"  title=\"Anna L., 34 Jahre, aus Hamburg jetzt Kontakt aufnehmen!\">\n                Nachricht senden            <\/a>\n        <\/div>\n    <\/div>\n<\/article>\n<div class=\"blogposts\"><ul><li><a href=\"https:\/\/anwalt.rocks\/arbeitsrecht\/schoensee\/\" title=\"Kanzlei Dr. Stephan Schmelzer Rechtsanwalt Arbeitsrecht Sch\u00f6nsee.\">Kanzlei Dr. Stephan Schmelzer Rechtsanwalt Arbeitsrecht Sch\u00f6nsee.<\/a><\/li><li><a href=\"https:\/\/anwalt.rocks\/arbeitsrecht\/kronberg\/\" title=\"Anwalt Kronberg Arbeitsrecht Betreuung f\u00fcr Arbeitnehmer sowie Arbeitgeber.\">Anwalt Kronberg Arbeitsrecht Betreuung f\u00fcr Arbeitnehmer sowie Arbeitgeber.<\/a><\/li><li><a href=\"https:\/\/anwalt.rocks\/arbeitsrecht\/niedenstein\/\" title=\"Anwalt Niedenstein in Sachen Arbeitsrecht.\">Anwalt Niedenstein in Sachen Arbeitsrecht.<\/a><\/li><li><a href=\"https:\/\/anwalt.rocks\/arbeitsrecht\/kempen\/\" title=\"Anwalt Kempen Spezialist in Sachen IT- und Arbeitsrecht.\">Anwalt Kempen Spezialist in Sachen IT- und Arbeitsrecht.<\/a><\/li><li><a href=\"https:\/\/anwalt.rocks\/arbeitsrecht\/weitra\/\" title=\"Rechtsanwalt Weitra Spezialist f\u00fcr IT- und Arbeitsrecht.\">Rechtsanwalt Weitra Spezialist f\u00fcr IT- und Arbeitsrecht.<\/a><\/li><li><a href=\"https:\/\/anwalt.rocks\/arbeitsrecht\/marktoberdorf\/\" title=\"Anwalt Marktoberdorf Fachanwalt im Bereich IT- und Arbeitsrecht.\">Anwalt Marktoberdorf Fachanwalt im Bereich IT- und Arbeitsrecht.<\/a><\/li><li><a href=\"https:\/\/anwalt.rocks\/arbeitsrecht\/widdern\/\" title=\"Rechtsanwalt Widdern Fachanwalt f\u00fcr IT- und Arbeitsrecht.\">Rechtsanwalt Widdern Fachanwalt f\u00fcr IT- und Arbeitsrecht.<\/a><\/li><\/ul><\/div>\n","protected":false},"excerpt":{"rendered":"<h2>Anwalt Widdern &#8211; sehr guter Einsatz seitens Dr. Schmelzer im Hinblick auf Entgeltfortzahlung.<\/h2>\n<p><a href=\"https:\/\/dr-schmelzer.eu\/arbeitsrecht\/\" target=\"_blank\" rel=\"noopener\"><img loading=\"lazy\" decoding=\"async\" src=\"https:\/\/anwalt.rocks\/bilder\/arbeitsrecht\/anwalt-arbeitsrecht-600x600.webp\" alt=\"Rechtsanwalt Widdern Fachanwalt f\u00fcr IT- und Arbeitsrecht.\" title=\"Rechtsanwalt Widdern Fachanwalt f\u00fcr IT- und Arbeitsrecht.\" width=\"600\" height=\"600\" \/><\/a> <\/p>\n<h3>Rechtsanwalt Arbeitsrecht und IT Recht Widdern &#8211; Anwaltskanzlei Dr. Stephan Schmelzer.<\/h3>\n<p>Ihr professioneller Begleiter im Arbeitsrecht: Dr. Stephan Schmelzer. Mit mehr als 25 Jahren juristischer T\u00e4tigkeit hat &hellip;<\/p>","protected":false},"author":1,"featured_media":0,"comment_status":"closed","ping_status":"open","sticky":false,"template":"","format":"standard","meta":{"footnotes":""},"categories":[3],"tags":[],"class_list":["post-7593","post","type-post","status-publish","format-standard","hentry","category-fachanwalt"],"yoast_head":"<!-- This site is optimized with the Yoast SEO Premium plugin v27.1 (Yoast SEO v27.2) - https:\/\/yoast.com\/product\/yoast-seo-premium-wordpress\/ -->\n<title>Anwalt Bad K\u00f6tzting f\u00fcr Arbeitsrecht.<\/title>\n<meta name=\"robots\" content=\"index, follow, max-snippet:-1, max-image-preview:large, max-video-preview:-1\" \/>\n<link rel=\"canonical\" href=\"https:\/\/anwalt.rocks\/arbeitsrecht\/bad-koetzting\/\" \/>\n<meta property=\"og:locale\" content=\"de_DE\" \/>\n<meta property=\"og:type\" content=\"article\" \/>\n<meta property=\"og:title\" content=\"Anwalt Bad K\u00f6tzting f\u00fcr Arbeitsrecht.\" \/>\n<meta property=\"og:description\" content=\"Anwalt Widdern &#8211; sehr guter Einsatz seitens Dr. Schmelzer im Hinblick auf Entgeltfortzahlung.  Rechtsanwalt Arbeitsrecht und IT Recht Widdern &#8211; Anwaltskanzlei Dr. Stephan Schmelzer. Ihr professioneller Begleiter im Arbeitsrecht: Dr. Stephan Schmelzer. Mit mehr als 25 Jahren juristischer T\u00e4tigkeit hat &hellip;\" \/>\n<meta property=\"og:url\" content=\"https:\/\/anwalt.rocks\/arbeitsrecht\/bad-koetzting\/\" \/>\n<meta property=\"og:site_name\" content=\"Anwalt Arbeitsrecht in der N\u00e4he - Dr. Schmelzer\" \/>\n<meta property=\"article:published_time\" content=\"2025-01-11T08:08:44+00:00\" \/>\n<meta property=\"og:image\" content=\"https:\/\/anwalt.rocks\/bilder\/arbeitsrecht\/anwalt-arbeitsrecht-600x600.webp\" \/>\n<meta name=\"author\" content=\"admin\" \/>\n<meta name=\"twitter:card\" content=\"summary_large_image\" \/>\n<meta name=\"twitter:label1\" content=\"Verfasst von\" \/>\n\t<meta name=\"twitter:data1\" content=\"admin\" \/>\n\t<meta name=\"twitter:label2\" content=\"Gesch\u00e4tzte Lesezeit\" \/>\n\t<meta name=\"twitter:data2\" content=\"4\u00a0Minuten\" \/>\n<script type=\"application\/ld+json\" class=\"yoast-schema-graph\">{\"@context\":\"https:\/\/schema.org\",\"@graph\":[{\"@type\":\"Article\",\"@id\":\"https:\/\/anwalt.rocks\/arbeitsrecht\/bad-koetzting\/#article\",\"isPartOf\":{\"@id\":\"https:\/\/anwalt.rocks\/arbeitsrecht\/bad-koetzting\/\"},\"author\":{\"name\":\"admin\",\"@id\":\"https:\/\/anwalt.rocks\/arbeitsrecht\/#\/schema\/person\/3fd3b0fc4df170bb2460fbc934288e39\"},\"headline\":\"Anwalt Bad K\u00f6tzting f\u00fcr Arbeitsrecht.\",\"datePublished\":\"2025-01-11T08:08:44+00:00\",\"mainEntityOfPage\":{\"@id\":\"https:\/\/anwalt.rocks\/arbeitsrecht\/bad-koetzting\/\"},\"wordCount\":744,\"publisher\":{\"@id\":\"https:\/\/anwalt.rocks\/arbeitsrecht\/#organization\"},\"image\":{\"@id\":\"https:\/\/anwalt.rocks\/arbeitsrecht\/bad-koetzting\/#primaryimage\"},\"thumbnailUrl\":\"https:\/\/anwalt.rocks\/bilder\/arbeitsrecht\/anwalt-arbeitsrecht-600x600.webp\",\"articleSection\":[\"Fachanwalt\"],\"inLanguage\":\"de\"},{\"@type\":\"WebPage\",\"@id\":\"https:\/\/anwalt.rocks\/arbeitsrecht\/bad-koetzting\/\",\"url\":\"https:\/\/anwalt.rocks\/arbeitsrecht\/bad-koetzting\/\",\"name\":\"Anwalt Bad K\u00f6tzting f\u00fcr Arbeitsrecht.\",\"isPartOf\":{\"@id\":\"https:\/\/anwalt.rocks\/arbeitsrecht\/#website\"},\"primaryImageOfPage\":{\"@id\":\"https:\/\/anwalt.rocks\/arbeitsrecht\/bad-koetzting\/#primaryimage\"},\"image\":{\"@id\":\"https:\/\/anwalt.rocks\/arbeitsrecht\/bad-koetzting\/#primaryimage\"},\"thumbnailUrl\":\"https:\/\/anwalt.rocks\/bilder\/arbeitsrecht\/anwalt-arbeitsrecht-600x600.webp\",\"datePublished\":\"2025-01-11T08:08:44+00:00\",\"breadcrumb\":{\"@id\":\"https:\/\/anwalt.rocks\/arbeitsrecht\/bad-koetzting\/#breadcrumb\"},\"inLanguage\":\"de\",\"potentialAction\":[{\"@type\":\"ReadAction\",\"target\":[\"https:\/\/anwalt.rocks\/arbeitsrecht\/bad-koetzting\/\"]}]},{\"@type\":\"ImageObject\",\"inLanguage\":\"de\",\"@id\":\"https:\/\/anwalt.rocks\/arbeitsrecht\/bad-koetzting\/#primaryimage\",\"url\":\"https:\/\/anwalt.rocks\/bilder\/arbeitsrecht\/anwalt-arbeitsrecht-600x600.webp\",\"contentUrl\":\"https:\/\/anwalt.rocks\/bilder\/arbeitsrecht\/anwalt-arbeitsrecht-600x600.webp\"},{\"@type\":\"BreadcrumbList\",\"@id\":\"https:\/\/anwalt.rocks\/arbeitsrecht\/bad-koetzting\/#breadcrumb\",\"itemListElement\":[{\"@type\":\"ListItem\",\"position\":1,\"name\":\"Start\",\"item\":\"https:\/\/anwalt.rocks\/arbeitsrecht\/\"},{\"@type\":\"ListItem\",\"position\":2,\"name\":\"Anwalt Bad K\u00f6tzting f\u00fcr Arbeitsrecht.\"}]},{\"@type\":\"WebSite\",\"@id\":\"https:\/\/anwalt.rocks\/arbeitsrecht\/#website\",\"url\":\"https:\/\/anwalt.rocks\/arbeitsrecht\/\",\"name\":\"Anwalt Arbeitsrecht in der N\u00e4he - Dr. Schmelzer\",\"description\":\"Kompetenzen und Vorteile von Dr. Stephan Schmelzer \u2013 Anwalt und Fachanwalt f\u00fcr Arbeitsrecht mit 25 j\u00e4hriger Berufspraxis.\",\"publisher\":{\"@id\":\"https:\/\/anwalt.rocks\/arbeitsrecht\/#organization\"},\"potentialAction\":[{\"@type\":\"SearchAction\",\"target\":{\"@type\":\"EntryPoint\",\"urlTemplate\":\"https:\/\/anwalt.rocks\/arbeitsrecht\/?s={search_term_string}\"},\"query-input\":{\"@type\":\"PropertyValueSpecification\",\"valueRequired\":true,\"valueName\":\"search_term_string\"}}],\"inLanguage\":\"de\"},{\"@type\":\"Organization\",\"@id\":\"https:\/\/anwalt.rocks\/arbeitsrecht\/#organization\",\"name\":\"Kanzlei Dr. Schmelzer\",\"url\":\"https:\/\/anwalt.rocks\/arbeitsrecht\/\",\"logo\":{\"@type\":\"ImageObject\",\"inLanguage\":\"de\",\"@id\":\"https:\/\/anwalt.rocks\/arbeitsrecht\/#\/schema\/logo\/image\/\",\"url\":\"https:\/\/anwalt.rocks\/arbeitsrecht\/wp-content\/uploads\/sites\/2\/2025\/01\/anwalt-arbeitsrecht-logo.png\",\"contentUrl\":\"https:\/\/anwalt.rocks\/arbeitsrecht\/wp-content\/uploads\/sites\/2\/2025\/01\/anwalt-arbeitsrecht-logo.png\",\"width\":450,\"height\":150,\"caption\":\"Kanzlei Dr. Schmelzer\"},\"image\":{\"@id\":\"https:\/\/anwalt.rocks\/arbeitsrecht\/#\/schema\/logo\/image\/\"}},{\"@type\":\"Person\",\"@id\":\"https:\/\/anwalt.rocks\/arbeitsrecht\/#\/schema\/person\/3fd3b0fc4df170bb2460fbc934288e39\",\"name\":\"admin\",\"image\":{\"@type\":\"ImageObject\",\"inLanguage\":\"de\",\"@id\":\"https:\/\/secure.gravatar.com\/avatar\/2a567a722e62dc61f1aaa46c6b595fa617f2003443806e3422a8fed77c029cfc?s=96&d=mm&r=g\",\"url\":\"https:\/\/secure.gravatar.com\/avatar\/2a567a722e62dc61f1aaa46c6b595fa617f2003443806e3422a8fed77c029cfc?s=96&d=mm&r=g\",\"contentUrl\":\"https:\/\/secure.gravatar.com\/avatar\/2a567a722e62dc61f1aaa46c6b595fa617f2003443806e3422a8fed77c029cfc?s=96&d=mm&r=g\",\"caption\":\"admin\"},\"sameAs\":[\"https:\/\/anwalt.rocks\"],\"url\":\"https:\/\/anwalt.rocks\/arbeitsrecht\/author\/admin\/\"}]}<\/script>\n<!-- \/ Yoast SEO Premium plugin. -->","yoast_head_json":{"title":"Anwalt Bad K\u00f6tzting f\u00fcr Arbeitsrecht.","robots":{"index":"index","follow":"follow","max-snippet":"max-snippet:-1","max-image-preview":"max-image-preview:large","max-video-preview":"max-video-preview:-1"},"canonical":"https:\/\/anwalt.rocks\/arbeitsrecht\/bad-koetzting\/","og_locale":"de_DE","og_type":"article","og_title":"Anwalt Bad K\u00f6tzting f\u00fcr Arbeitsrecht.","og_description":"Anwalt Widdern &#8211; sehr guter Einsatz seitens Dr. Schmelzer im Hinblick auf Entgeltfortzahlung.  Rechtsanwalt Arbeitsrecht und IT Recht Widdern &#8211; Anwaltskanzlei Dr. Stephan Schmelzer. Ihr professioneller Begleiter im Arbeitsrecht: Dr. Stephan Schmelzer. Mit mehr als 25 Jahren juristischer T\u00e4tigkeit hat &hellip;","og_url":"https:\/\/anwalt.rocks\/arbeitsrecht\/bad-koetzting\/","og_site_name":"Anwalt Arbeitsrecht in der N\u00e4he - Dr. Schmelzer","article_published_time":"2025-01-11T08:08:44+00:00","og_image":[{"url":"https:\/\/anwalt.rocks\/bilder\/arbeitsrecht\/anwalt-arbeitsrecht-600x600.webp","type":"","width":"","height":""}],"author":"admin","twitter_card":"summary_large_image","twitter_misc":{"Verfasst von":"admin","Gesch\u00e4tzte Lesezeit":"4\u00a0Minuten"},"schema":{"@context":"https:\/\/schema.org","@graph":[{"@type":"Article","@id":"https:\/\/anwalt.rocks\/arbeitsrecht\/bad-koetzting\/#article","isPartOf":{"@id":"https:\/\/anwalt.rocks\/arbeitsrecht\/bad-koetzting\/"},"author":{"name":"admin","@id":"https:\/\/anwalt.rocks\/arbeitsrecht\/#\/schema\/person\/3fd3b0fc4df170bb2460fbc934288e39"},"headline":"Anwalt Bad K\u00f6tzting f\u00fcr Arbeitsrecht.","datePublished":"2025-01-11T08:08:44+00:00","mainEntityOfPage":{"@id":"https:\/\/anwalt.rocks\/arbeitsrecht\/bad-koetzting\/"},"wordCount":744,"publisher":{"@id":"https:\/\/anwalt.rocks\/arbeitsrecht\/#organization"},"image":{"@id":"https:\/\/anwalt.rocks\/arbeitsrecht\/bad-koetzting\/#primaryimage"},"thumbnailUrl":"https:\/\/anwalt.rocks\/bilder\/arbeitsrecht\/anwalt-arbeitsrecht-600x600.webp","articleSection":["Fachanwalt"],"inLanguage":"de"},{"@type":"WebPage","@id":"https:\/\/anwalt.rocks\/arbeitsrecht\/bad-koetzting\/","url":"https:\/\/anwalt.rocks\/arbeitsrecht\/bad-koetzting\/","name":"Anwalt Bad K\u00f6tzting f\u00fcr Arbeitsrecht.","isPartOf":{"@id":"https:\/\/anwalt.rocks\/arbeitsrecht\/#website"},"primaryImageOfPage":{"@id":"https:\/\/anwalt.rocks\/arbeitsrecht\/bad-koetzting\/#primaryimage"},"image":{"@id":"https:\/\/anwalt.rocks\/arbeitsrecht\/bad-koetzting\/#primaryimage"},"thumbnailUrl":"https:\/\/anwalt.rocks\/bilder\/arbeitsrecht\/anwalt-arbeitsrecht-600x600.webp","datePublished":"2025-01-11T08:08:44+00:00","breadcrumb":{"@id":"https:\/\/anwalt.rocks\/arbeitsrecht\/bad-koetzting\/#breadcrumb"},"inLanguage":"de","potentialAction":[{"@type":"ReadAction","target":["https:\/\/anwalt.rocks\/arbeitsrecht\/bad-koetzting\/"]}]},{"@type":"ImageObject","inLanguage":"de","@id":"https:\/\/anwalt.rocks\/arbeitsrecht\/bad-koetzting\/#primaryimage","url":"https:\/\/anwalt.rocks\/bilder\/arbeitsrecht\/anwalt-arbeitsrecht-600x600.webp","contentUrl":"https:\/\/anwalt.rocks\/bilder\/arbeitsrecht\/anwalt-arbeitsrecht-600x600.webp"},{"@type":"BreadcrumbList","@id":"https:\/\/anwalt.rocks\/arbeitsrecht\/bad-koetzting\/#breadcrumb","itemListElement":[{"@type":"ListItem","position":1,"name":"Start","item":"https:\/\/anwalt.rocks\/arbeitsrecht\/"},{"@type":"ListItem","position":2,"name":"Anwalt Bad K\u00f6tzting f\u00fcr Arbeitsrecht."}]},{"@type":"WebSite","@id":"https:\/\/anwalt.rocks\/arbeitsrecht\/#website","url":"https:\/\/anwalt.rocks\/arbeitsrecht\/","name":"Anwalt Arbeitsrecht in der N\u00e4he - Dr. Schmelzer","description":"Kompetenzen und Vorteile von Dr. Stephan Schmelzer \u2013 Anwalt und Fachanwalt f\u00fcr Arbeitsrecht mit 25 j\u00e4hriger Berufspraxis.","publisher":{"@id":"https:\/\/anwalt.rocks\/arbeitsrecht\/#organization"},"potentialAction":[{"@type":"SearchAction","target":{"@type":"EntryPoint","urlTemplate":"https:\/\/anwalt.rocks\/arbeitsrecht\/?s={search_term_string}"},"query-input":{"@type":"PropertyValueSpecification","valueRequired":true,"valueName":"search_term_string"}}],"inLanguage":"de"},{"@type":"Organization","@id":"https:\/\/anwalt.rocks\/arbeitsrecht\/#organization","name":"Kanzlei Dr. Schmelzer","url":"https:\/\/anwalt.rocks\/arbeitsrecht\/","logo":{"@type":"ImageObject","inLanguage":"de","@id":"https:\/\/anwalt.rocks\/arbeitsrecht\/#\/schema\/logo\/image\/","url":"https:\/\/anwalt.rocks\/arbeitsrecht\/wp-content\/uploads\/sites\/2\/2025\/01\/anwalt-arbeitsrecht-logo.png","contentUrl":"https:\/\/anwalt.rocks\/arbeitsrecht\/wp-content\/uploads\/sites\/2\/2025\/01\/anwalt-arbeitsrecht-logo.png","width":450,"height":150,"caption":"Kanzlei Dr. Schmelzer"},"image":{"@id":"https:\/\/anwalt.rocks\/arbeitsrecht\/#\/schema\/logo\/image\/"}},{"@type":"Person","@id":"https:\/\/anwalt.rocks\/arbeitsrecht\/#\/schema\/person\/3fd3b0fc4df170bb2460fbc934288e39","name":"admin","image":{"@type":"ImageObject","inLanguage":"de","@id":"https:\/\/secure.gravatar.com\/avatar\/2a567a722e62dc61f1aaa46c6b595fa617f2003443806e3422a8fed77c029cfc?s=96&d=mm&r=g","url":"https:\/\/secure.gravatar.com\/avatar\/2a567a722e62dc61f1aaa46c6b595fa617f2003443806e3422a8fed77c029cfc?s=96&d=mm&r=g","contentUrl":"https:\/\/secure.gravatar.com\/avatar\/2a567a722e62dc61f1aaa46c6b595fa617f2003443806e3422a8fed77c029cfc?s=96&d=mm&r=g","caption":"admin"},"sameAs":["https:\/\/anwalt.rocks"],"url":"https:\/\/anwalt.rocks\/arbeitsrecht\/author\/admin\/"}]}},"_links":{"self":[{"href":"https:\/\/anwalt.rocks\/arbeitsrecht\/wp-json\/wp\/v2\/posts\/7593","targetHints":{"allow":["GET"]}}],"collection":[{"href":"https:\/\/anwalt.rocks\/arbeitsrecht\/wp-json\/wp\/v2\/posts"}],"about":[{"href":"https:\/\/anwalt.rocks\/arbeitsrecht\/wp-json\/wp\/v2\/types\/post"}],"author":[{"embeddable":true,"href":"https:\/\/anwalt.rocks\/arbeitsrecht\/wp-json\/wp\/v2\/users\/1"}],"replies":[{"embeddable":true,"href":"https:\/\/anwalt.rocks\/arbeitsrecht\/wp-json\/wp\/v2\/comments?post=7593"}],"version-history":[{"count":0,"href":"https:\/\/anwalt.rocks\/arbeitsrecht\/wp-json\/wp\/v2\/posts\/7593\/revisions"}],"wp:attachment":[{"href":"https:\/\/anwalt.rocks\/arbeitsrecht\/wp-json\/wp\/v2\/media?parent=7593"}],"wp:term":[{"taxonomy":"category","embeddable":true,"href":"https:\/\/anwalt.rocks\/arbeitsrecht\/wp-json\/wp\/v2\/categories?post=7593"},{"taxonomy":"post_tag","embeddable":true,"href":"https:\/\/anwalt.rocks\/arbeitsrecht\/wp-json\/wp\/v2\/tags?post=7593"}],"curies":[{"name":"wp","href":"https:\/\/api.w.org\/{rel}","templated":true}]}}