{"id":7596,"date":"2025-01-10T05:50:22","date_gmt":"2025-01-10T04:50:22","guid":{"rendered":"https:\/\/anwalt.rocks\/arbeitsrecht\/bad-laasphe\/"},"modified":"2025-01-10T05:50:22","modified_gmt":"2025-01-10T04:50:22","slug":"bad-laasphe","status":"publish","type":"post","link":"https:\/\/anwalt.rocks\/arbeitsrecht\/bad-laasphe\/","title":{"rendered":"Rechtsanwalt Bad Laasphe Fachanwalt f\u00fcr Arbeits- und IT Recht."},"content":{"rendered":"<span class=\"span-reading-time rt-reading-time\" style=\"display: block;\"><span class=\"rt-label rt-prefix\">Lesedauer<\/span> <span class=\"rt-time\"> 3<\/span> <span class=\"rt-label rt-postfix\">Minuten<\/span><\/span><h2>Fachanwalt Dr. Schmelzer in Sachen Arbeits- und IT Recht Bad Laasphe und K\u00fcndigungsschutzklage.<\/h2>\n<p><a href=\"https:\/\/dr-schmelzer.eu\/arbeitsrecht\/\" target=\"_blank\" rel=\"noopener\"><img loading=\"lazy\" decoding=\"async\" src=\"https:\/\/anwalt.rocks\/bilder\/arbeitsrecht\/anwalt-arbeitsrecht-600x600.webp\" alt=\"Rechtsanwalt Bad Laasphe Fachanwalt f\u00fcr Arbeits- und IT Recht.\" title=\"Rechtsanwalt Bad Laasphe Fachanwalt f\u00fcr Arbeits- und IT Recht.\" width=\"600\" height=\"600\" \/><\/a> <\/p>\n<h3>Rechtsanwalt IT- und Arbeitsrecht Bad Laasphe &#8211; Kanzlei Dr. Stephan Schmelzer.<\/h3>\n<p>Bei arbeitsrechtlichen Fragen k\u00f6nnen Sie auf die Expertise von Dr. Stephan Schmelzer z\u00e4hlen. Seit \u00fcber 25 Jahren ist er im Arbeitsrecht t\u00e4tig und als Fachanwalt seit 2002 auch \u00fcberregional gefragt. Seine Kanzlei steht seit \u00fcber 20 Jahren f\u00fcr juristische Qualit\u00e4t und ma\u00dfgeschneiderte Beratung. Die Kombination aus Fachanwalt f\u00fcr Arbeitsrecht und IT-Recht macht Dr. Schmelzer in der heutigen Arbeitswelt besonders wertvoll. &#8211; <a title=\"Anwalt Arbeitsrecht Leverkusen\" href=\"https:\/\/anwalt.rocks\/arbeitsrecht\/leverkusen\/\">Anwalt Arbeitsrecht Leverkusen<\/a><\/p>\n<p><a href=\"https:\/\/dr-schmelzer.eu\/arbeitsrecht\/\" target=\"_blank\" rel=\"noopener\"><img loading=\"lazy\" decoding=\"async\" src=\"https:\/\/anwalt.rocks\/bilder\/arbeitsrecht\/rechtsanwalt-arbeitsrecht-600x600.webp\" alt=\"Anwalt Arbeitsrecht Bad Laasphe\" title=\"Anwalt Arbeitsrecht Bad Laasphe\" width=\"600\" height=\"600\" \/><\/a> <\/p>\n<h3>Kanzlei Dr. Stephan Schmelzer &#8211; Fachanwalt f\u00fcr Arbeitsrecht Bad Laasphe.<\/h3>\n<p>Seine T\u00e4tigkeit im IT-Recht ist erg\u00e4nzend, w\u00e4hrend das Arbeitsrecht, national wie international, den Kern seiner Arbeit bildet. Von Vertragsgestaltung bis K\u00fcndigungsschutz: Dr. Schmelzer bietet umfassende Beratung im Arbeitsrecht und ma\u00dfgeschneiderte Ans\u00e4tze. Mit \u00fcberragender Erfahrung und pers\u00f6nlicher Beratung hat er sich als f\u00fchrender Spezialist im Arbeitsrecht etabliert. &#8211; <a title=\"Anwalt Menden\" href=\"https:\/\/anwalt.rocks\/arbeitsrecht\/menden\/\">Anwalt Menden<\/a><\/p>\n<h3>Erfahren und extrem einsatzfreudig &#8211; Seit 1998 t\u00e4tig als Jurist Bad Laasphe.<\/h3>\n<p>Die rechtlichen Herausforderungen f\u00fcr Arbeitgeber erstrecken sich von der Gestaltung von Arbeitsvertr\u00e4gen bis hin zu umfassenden Umstrukturierungen. Mit einem praxisnahen Ansatz unterst\u00fctzt Dr. Schmelzer Unternehmen dabei, rechtliche Gefahren zu vermeiden und optimale L\u00f6sungen zu erarbeiten. Unter den Leistungen, die er anbietet, finden sich: &#8211; <a title=\"Anwalt Arbeitsrecht Gaildorf\" href=\"https:\/\/anwalt.rocks\/arbeitsrecht\/gaildorf\/\">Anwalt Arbeitsrecht Gaildorf<\/a><\/p>\n<h3>Anwalt Arbeitsrecht Bad Laasphe 54 \u00fcbergl\u00fcckliche Klienten.<\/h3>\n<p>Erstellung und Pr\u00fcfung von Arbeitsvertr\u00e4gen, die sowohl rechtliche Sicherheit als auch Anpassungsf\u00e4higkeit garantieren. Entwicklung innovativer Arbeitszeit- und Verg\u00fctungsmodelle, die auf die Bed\u00fcrfnisse des Unternehmens zugeschnitten sind. &#8211; <a title=\"Anwalt Arbeitsrecht Zeitz\" href=\"https:\/\/anwalt.rocks\/arbeitsrecht\/zeitz\/\">Anwalt Arbeitsrecht Zeitz<\/a><\/p>\n<h3>Wieso f\u00e4llt die Entscheidung auf diesen erfahrenen Anwalt Bad Laasphe:<\/h3>\n<p>Unterst\u00fctzung bei der Planung von K\u00fcndigungen, die aus betrieblichen, verhaltens- oder personenbedingten Anl\u00e4ssen resultieren. Absicherung gegen juristische Probleme und Begleitung w\u00e4hrend des gesamten K\u00fcndigungsverfahrens.<\/p>\n<h3>Kompetent und top zuverl\u00e4ssig.<\/h3>\n<p>Beratung zur Einbindung des Betriebsrats in wichtige Entscheidungsabl\u00e4ufe im Unternehmen. Begleitung bei der Verhandlung und rechtlichen Umsetzung von Vereinbarungen mit dem Betriebsrat. Planung und juristische Begleitung bei Restrukturierungsma\u00dfnahmen. Prozessvertretung in arbeitsrechtlichen Konflikten, darunter K\u00fcndigungsschutzverfahren und Entfristungsklagen. Fokussierung auf die strategische und nachhaltige Verteidigung der Unternehmensinteressen.<\/p>\n<h3>Anwalt Arbeitsrecht Bad Laasphe &#8211; Fachanwalt Dr. Schmelzer.<\/h3>\n<p>Arbeitnehmer k\u00f6nnen auf die fundierte Expertise von Dr. Schmelzer vertrauen. In problematischen Situationen zeigt er sich als entschlossener Begleiter, der f\u00fcr die Interessen seiner Mandanten k\u00e4mpft. Zu den Fachbereichen z\u00e4hlen:<\/p>\n<p>Rechtsbeistand bei K\u00fcndigungsschutzverfahren vor dem Arbeitsgericht. Verhandlung von finanziellen Kompensationen, einschlie\u00dflich Abfindungen. Rechtsbeistand bei K\u00fcndigungsschutzverfahren vor dem Arbeitsgericht. Verhandlung von finanziellen Kompensationen, einschlie\u00dflich Abfindungen.<\/p>\n<p>Fachkundige Beratung zu Aufhebungsvertr\u00e4gen und Verhandlung von Abfindungsbetr\u00e4gen. Unterst\u00fctzung bei der Analyse und inhaltlichen Anpassung von Arbeitszeugnissen. Unterst\u00fctzung bei der Korrektur unfairer Bewertungen in Zeugnisstreitigkeiten. Bedeutend weniger Kosten Unterst\u00fctzung bei der rechtlichen Einforderung ausstehender Gehaltszahlungen. Vertretung bei gerichtlichen Auseinandersetzungen zu Entgelt und \u00dcberstundenverg\u00fctungen. Unterst\u00fctzung bei der rechtlichen Bewertung von Abmahnungen und Entwicklung von Gegenma\u00dfnahmen.<\/p>\n<h4>Betreuung f\u00fcr Arbeitgeber sowie Arbeitnehmer im Bereich Anwalt Arbeitsrecht Bad Laasphe.<\/h4>\n<p>Dr. Schmelzer ist ein erfahrener Spezialist f\u00fcr Restrukturierung und Konfliktbew\u00e4ltigung. Die Begleitung von Unternehmen durch komplexe Restrukturierungen bildet eine Kernaufgabe von Dr. Schmelzer. Erfolgreiche Arbeit in diesem Bereich erfordert eine Verbindung aus juristischer Kompetenz, Verhandlungsst\u00e4rke und wirtschaftlicher Einsicht.<\/p>\n<p>Anwalt Bad Laasphe Schlussfolgerung: Die Entwicklung rechtssicherer Interessenausgleiche und Sozialpl\u00e4ne geh\u00f6rt zu den Fachgebieten von Dr. Schmelzer. Hauptziel ist die Entwicklung einer L\u00f6sung, die f\u00fcr alle Parteien annehmbar ist. Mit einer durchdachten Strategie und umfassenden Fachkenntnissen ist Dr. Schmelzer ein wertvoller Partner bei Verhandlungen mit Betriebsr\u00e4ten und Gewerkschaften.<\/p>\n<p>F\u00fcr den Fachanwalt f\u00fcr Arbeitsrecht stellt jeder Fall eine neue Aufgabe dar, die individuelle Betreuung verdient. Die Interessen seiner Mandanten zu vertreten und die optimale L\u00f6sung zu finden, ist sein Ziel \u2013 ob durch Einigung oder vor Gericht. Transparenz und eine intensive Abstimmung mit seinen Mandanten sind f\u00fcr ihn entscheidend. Die Zufriedenheit seiner Mandanten bildet die Grundlage der Arbeit von Dr. Schmelzer. Seine Mandanten best\u00e4tigen mit positivem Feedback seine professionelle und l\u00f6sungsorientierte Vorgehensweise. Mit Dr. Stephan Schmelzer haben Sie einen engagierten Partner, der Arbeitnehmer und Arbeitgeber professionell unterst\u00fctzt.<\/p>\n<article class=\"contact contact-list post-2603 profile type-profile status-publish has-post-thumbnail hentry\" data-contact=\"2603\">\n    \n    <div class=\"media\">\n        <div class=\"media-left\">\n            <a  href=\"#\" data-toggle=\"modal\" data-target=\"#ContactModal\"  title=\"Lisa K., 41 Jahre, aus Berlin jetzt Kontakt aufnehmen!\">\n                <img loading=\"lazy\" decoding=\"async\" width=\"500\" height=\"500\" src=\"https:\/\/anwalt.rocks\/arbeitsrecht\/wp-content\/uploads\/sites\/2\/2025\/01\/meinung-02.jpg\" class=\"contact-image media-object wp-post-image\" alt=\"Lisa K., 41 Jahre, aus Berlin\" srcset=\"https:\/\/anwalt.rocks\/arbeitsrecht\/wp-content\/uploads\/sites\/2\/2025\/01\/meinung-02.jpg 500w, https:\/\/anwalt.rocks\/arbeitsrecht\/wp-content\/uploads\/sites\/2\/2025\/01\/meinung-02-300x300.jpg 300w, https:\/\/anwalt.rocks\/arbeitsrecht\/wp-content\/uploads\/sites\/2\/2025\/01\/meinung-02-150x150.jpg 150w\" sizes=\"auto, (max-width: 500px) 100vw, 500px\" \/>            <\/a>\n        <\/div>\n\n        <div class=\"media-body\">\n                        <p class=\"h2 media-heading\">\n                <a  href=\"#\" data-toggle=\"modal\" data-target=\"#ContactModal\"  title=\"Lisa K., 41 Jahre, aus Berlin jetzt Kontakt aufnehmen!\">\n                    <span class=\"contact-name\">Lisa K., 41 Jahre, aus Berlin<\/span>\n                <\/a>\n\n                <span class=\"contact-text\"><\/span> <span class=\"contact-city\"><a href=\"https:\/\/anwalt.rocks\/arbeitsrecht\/region\/biersdorf-am-see\/\">Anwalt Arbeitsrecht Biersdorf am See<\/a><\/span>            <\/p>\n\n            <div class=\"quote\"><p>Ich bin so froh, dass ich Herrn Dr. Schmelzer gefunden habe! Nach 15 Jahren im gleichen Unternehmen wurde ich pl\u00f6tzlich gek\u00fcndigt \u2013 angeblich wegen betrieblicher Umst\u00e4nde. Dr. Schmelzer hat sofort erkannt, dass die K\u00fcndigung unwirksam war, und hat einen wirklich &hellip;<\/p><\/div>\n            <a class=\"btn btn-cta\"  href=\"#\" data-toggle=\"modal\" data-target=\"#ContactModal\"  title=\"Lisa K., 41 Jahre, aus Berlin jetzt Kontakt aufnehmen!\">\n                Nachricht senden            <\/a>\n        <\/div>\n    <\/div>\n<\/article><article class=\"contact contact-list post-2628 profile type-profile status-publish has-post-thumbnail hentry\" data-contact=\"2628\">\n    \n    <div class=\"media\">\n        <div class=\"media-left\">\n            <a  href=\"#\" data-toggle=\"modal\" data-target=\"#ContactModal\"  title=\"Sandra B., 39 Jahre, aus Bremen jetzt Kontakt aufnehmen!\">\n                <img loading=\"lazy\" decoding=\"async\" width=\"500\" height=\"500\" src=\"https:\/\/anwalt.rocks\/arbeitsrecht\/wp-content\/uploads\/sites\/2\/2025\/01\/meinung-10.jpg\" class=\"contact-image media-object wp-post-image\" alt=\"Sandra B., 39 Jahre, aus Bremen\" srcset=\"https:\/\/anwalt.rocks\/arbeitsrecht\/wp-content\/uploads\/sites\/2\/2025\/01\/meinung-10.jpg 500w, https:\/\/anwalt.rocks\/arbeitsrecht\/wp-content\/uploads\/sites\/2\/2025\/01\/meinung-10-300x300.jpg 300w, https:\/\/anwalt.rocks\/arbeitsrecht\/wp-content\/uploads\/sites\/2\/2025\/01\/meinung-10-150x150.jpg 150w\" sizes=\"auto, (max-width: 500px) 100vw, 500px\" \/>            <\/a>\n        <\/div>\n\n        <div class=\"media-body\">\n                        <p class=\"h2 media-heading\">\n                <a  href=\"#\" data-toggle=\"modal\" data-target=\"#ContactModal\"  title=\"Sandra B., 39 Jahre, aus Bremen jetzt Kontakt aufnehmen!\">\n                    <span class=\"contact-name\">Sandra B., 39 Jahre, aus Bremen<\/span>\n                <\/a>\n\n                <span class=\"contact-text\"><\/span> <span class=\"contact-city\"><a href=\"https:\/\/anwalt.rocks\/arbeitsrecht\/region\/poemmelte\/\">Anwalt Arbeitsrecht P\u00f6mmelte<\/a><\/span>            <\/p>\n\n            <div class=\"quote\"><p>Herr Schmelzer ist einfach unglaublich! In meinem Fall ging es um eine ungerechtfertigte Versetzung in eine andere Stadt. Er erkannte sofort, dass mein Arbeitgeber hier gegen geltendes Arbeitsrecht versto\u00dfen hatte, und setzte meine Interessen kompromisslos durch. Was mir besonders gefallen &hellip;<\/p><\/div>\n            <a class=\"btn btn-cta\"  href=\"#\" data-toggle=\"modal\" data-target=\"#ContactModal\"  title=\"Sandra B., 39 Jahre, aus Bremen jetzt Kontakt aufnehmen!\">\n                Nachricht senden            <\/a>\n        <\/div>\n    <\/div>\n<\/article><article class=\"contact contact-list post-2619 profile type-profile status-publish has-post-thumbnail hentry\" data-contact=\"2619\">\n    \n    <div class=\"media\">\n        <div class=\"media-left\">\n            <a  href=\"#\" data-toggle=\"modal\" data-target=\"#ContactModal\"  title=\"Kathrin S., 37 Jahre, aus K\u00f6ln jetzt Kontakt aufnehmen!\">\n                <img loading=\"lazy\" decoding=\"async\" width=\"500\" height=\"500\" src=\"https:\/\/anwalt.rocks\/arbeitsrecht\/wp-content\/uploads\/sites\/2\/2025\/01\/meinung-07.jpg\" class=\"contact-image media-object wp-post-image\" alt=\"Kathrin S., 37 Jahre, aus K\u00f6ln\" srcset=\"https:\/\/anwalt.rocks\/arbeitsrecht\/wp-content\/uploads\/sites\/2\/2025\/01\/meinung-07.jpg 500w, https:\/\/anwalt.rocks\/arbeitsrecht\/wp-content\/uploads\/sites\/2\/2025\/01\/meinung-07-300x300.jpg 300w, https:\/\/anwalt.rocks\/arbeitsrecht\/wp-content\/uploads\/sites\/2\/2025\/01\/meinung-07-150x150.jpg 150w\" sizes=\"auto, (max-width: 500px) 100vw, 500px\" \/>            <\/a>\n        <\/div>\n\n        <div class=\"media-body\">\n                        <p class=\"h2 media-heading\">\n                <a  href=\"#\" data-toggle=\"modal\" data-target=\"#ContactModal\"  title=\"Kathrin S., 37 Jahre, aus K\u00f6ln jetzt Kontakt aufnehmen!\">\n                    <span class=\"contact-name\">Kathrin S., 37 Jahre, aus K\u00f6ln<\/span>\n                <\/a>\n\n                <span class=\"contact-text\"><\/span> <span class=\"contact-city\"><a href=\"https:\/\/anwalt.rocks\/arbeitsrecht\/region\/magdeburg-beyendorf-sohlen\/\">Anwalt Arbeitsrecht Magdeburg Beyendorf Sohlen<\/a><\/span>            <\/p>\n\n            <div class=\"quote\"><p>Nachdem ich \u00fcber viele Jahre hinweg \u00dcberstunden gemacht hatte, wollte ich endlich eine faire Bezahlung daf\u00fcr. Mein Arbeitgeber stellte sich quer, doch Herr Dr. Schmelzer konnte meine Anspr\u00fcche durchsetzen. Er ging sehr strukturiert vor und erkl\u00e4rte mir alles in Ruhe. &hellip;<\/p><\/div>\n            <a class=\"btn btn-cta\"  href=\"#\" data-toggle=\"modal\" data-target=\"#ContactModal\"  title=\"Kathrin S., 37 Jahre, aus K\u00f6ln jetzt Kontakt aufnehmen!\">\n                Nachricht senden            <\/a>\n        <\/div>\n    <\/div>\n<\/article><article class=\"contact contact-list post-2631 profile type-profile status-publish has-post-thumbnail hentry\" data-contact=\"2631\">\n    \n    <div class=\"media\">\n        <div class=\"media-left\">\n            <a  href=\"#\" data-toggle=\"modal\" data-target=\"#ContactModal\"  title=\"Peter S. jetzt Kontakt aufnehmen!\">\n                <img loading=\"lazy\" decoding=\"async\" width=\"500\" height=\"500\" src=\"https:\/\/anwalt.rocks\/arbeitsrecht\/wp-content\/uploads\/sites\/2\/2025\/01\/meinung-11.jpg\" class=\"contact-image media-object wp-post-image\" alt=\"Peter S.\" srcset=\"https:\/\/anwalt.rocks\/arbeitsrecht\/wp-content\/uploads\/sites\/2\/2025\/01\/meinung-11.jpg 500w, https:\/\/anwalt.rocks\/arbeitsrecht\/wp-content\/uploads\/sites\/2\/2025\/01\/meinung-11-300x300.jpg 300w, https:\/\/anwalt.rocks\/arbeitsrecht\/wp-content\/uploads\/sites\/2\/2025\/01\/meinung-11-150x150.jpg 150w\" sizes=\"auto, (max-width: 500px) 100vw, 500px\" \/>            <\/a>\n        <\/div>\n\n        <div class=\"media-body\">\n                        <p class=\"h2 media-heading\">\n                <a  href=\"#\" data-toggle=\"modal\" data-target=\"#ContactModal\"  title=\"Peter S. jetzt Kontakt aufnehmen!\">\n                    <span class=\"contact-name\">Peter S.<\/span>\n                <\/a>\n\n                <span class=\"contact-text\"><\/span> <span class=\"contact-city\"><a href=\"https:\/\/anwalt.rocks\/arbeitsrecht\/region\/wieblitz-eversdorf\/\">Anwalt Arbeitsrecht Wieblitz-Eversdorf<\/a><\/span>            <\/p>\n\n            <div class=\"quote\"><p>Dr. Schmelzer hat meinen Fall mit gro\u00dfem Engagement \u00fcbernommen. Es ging um eine unrechtm\u00e4\u00dfige K\u00fcndigung, die mein Arbeitgeber ausgesprochen hatte. Dank seiner Expertise und Verhandlungsst\u00e4rke konnte ich nicht nur meine Stelle behalten, sondern erhielt auch eine Entsch\u00e4digung. Besonders beeindruckt hat &hellip;<\/p><\/div>\n            <a class=\"btn btn-cta\"  href=\"#\" data-toggle=\"modal\" data-target=\"#ContactModal\"  title=\"Peter S. jetzt Kontakt aufnehmen!\">\n                Nachricht senden            <\/a>\n        <\/div>\n    <\/div>\n<\/article><article class=\"contact contact-list post-2640 profile type-profile status-publish has-post-thumbnail hentry\" data-contact=\"2640\">\n    \n    <div class=\"media\">\n        <div class=\"media-left\">\n            <a  href=\"#\" data-toggle=\"modal\" data-target=\"#ContactModal\"  title=\"Klaus D. jetzt Kontakt aufnehmen!\">\n                <img loading=\"lazy\" decoding=\"async\" width=\"500\" height=\"500\" src=\"https:\/\/anwalt.rocks\/arbeitsrecht\/wp-content\/uploads\/sites\/2\/2025\/01\/meinung-14.jpg\" class=\"contact-image media-object wp-post-image\" alt=\"Klaus D.\" srcset=\"https:\/\/anwalt.rocks\/arbeitsrecht\/wp-content\/uploads\/sites\/2\/2025\/01\/meinung-14.jpg 500w, https:\/\/anwalt.rocks\/arbeitsrecht\/wp-content\/uploads\/sites\/2\/2025\/01\/meinung-14-300x300.jpg 300w, https:\/\/anwalt.rocks\/arbeitsrecht\/wp-content\/uploads\/sites\/2\/2025\/01\/meinung-14-150x150.jpg 150w\" sizes=\"auto, (max-width: 500px) 100vw, 500px\" \/>            <\/a>\n        <\/div>\n\n        <div class=\"media-body\">\n                        <p class=\"h2 media-heading\">\n                <a  href=\"#\" data-toggle=\"modal\" data-target=\"#ContactModal\"  title=\"Klaus D. jetzt Kontakt aufnehmen!\">\n                    <span class=\"contact-name\">Klaus D.<\/span>\n                <\/a>\n\n                <span class=\"contact-text\"><\/span> <span class=\"contact-city\"><a href=\"https:\/\/anwalt.rocks\/arbeitsrecht\/region\/neu-ulm-schwaighofen\/\">Anwalt Arbeitsrecht Neu-Ulm Schwaighofen<\/a><\/span>            <\/p>\n\n            <div class=\"quote\"><p>Nach einer internen Umstrukturierung sollte ich pl\u00f6tzlich in eine andere Stadt versetzt werden. Dieser Fachanwalt f\u00fcr Arbeitsrecht hat sich intensiv mit meinem Fall besch\u00e4ftigt und meine Rechte erfolgreich durchgesetzt. Ich konnte meinen bisherigen Arbeitsplatz behalten. Seine Kompetenz und sein Einsatz &hellip;<\/p><\/div>\n            <a class=\"btn btn-cta\"  href=\"#\" data-toggle=\"modal\" data-target=\"#ContactModal\"  title=\"Klaus D. jetzt Kontakt aufnehmen!\">\n                Nachricht senden            <\/a>\n        <\/div>\n    <\/div>\n<\/article>\n<div class=\"blogposts\"><ul><li><a href=\"https:\/\/anwalt.rocks\/arbeitsrecht\/zweibruecken\/\" title=\"Kanzlei Dr. Stephan Schmelzer Rechtsanwalt Arbeitsrecht Zweibr\u00fccken.\">Kanzlei Dr. Stephan Schmelzer Rechtsanwalt Arbeitsrecht Zweibr\u00fccken.<\/a><\/li><li><a href=\"https:\/\/anwalt.rocks\/arbeitsrecht\/siegen-wittgenstein\/\" title=\"Anwalt Arbeitsrecht Siegen Wittgenstein &#8211; Inzwischen 31 fr\u00f6hliche Mandanten.\">Anwalt Arbeitsrecht Siegen Wittgenstein &#8211; Inzwischen 31 fr\u00f6hliche Mandanten.<\/a><\/li><li><a href=\"https:\/\/anwalt.rocks\/arbeitsrecht\/erbendorf\/\" title=\"Rechtsanwalt Erbendorf Experte f\u00fcr IT- und Arbeitsrecht.\">Rechtsanwalt Erbendorf Experte f\u00fcr IT- und Arbeitsrecht.<\/a><\/li><li><a href=\"https:\/\/anwalt.rocks\/arbeitsrecht\/weissenburg\/\" title=\"Rechtsanwalt Wei\u00dfenburg Experte f\u00fcr IT- und Arbeitsrecht.\">Rechtsanwalt Wei\u00dfenburg Experte f\u00fcr IT- und Arbeitsrecht.<\/a><\/li><li><a href=\"https:\/\/anwalt.rocks\/arbeitsrecht\/wanzleben\/\" title=\"Anwalt Wanzleben Arbeitsrecht Betreuung f\u00fcr Arbeitnehmer sowie Arbeitgeber.\">Anwalt Wanzleben Arbeitsrecht Betreuung f\u00fcr Arbeitnehmer sowie Arbeitgeber.<\/a><\/li><li><a href=\"https:\/\/anwalt.rocks\/arbeitsrecht\/grossschirma\/\" title=\"Fachanwalt in Sachen Arbeitsrecht Gro\u00dfschirma.\">Fachanwalt in Sachen Arbeitsrecht Gro\u00dfschirma.<\/a><\/li><li><a href=\"https:\/\/anwalt.rocks\/arbeitsrecht\/lilienfeld\/\" title=\"Anwalt Arbeitsrecht Lilienfeld &#8211; Sonja hat Erfolg.\">Anwalt Arbeitsrecht Lilienfeld &#8211; Sonja hat Erfolg.<\/a><\/li><\/ul><\/div>\n","protected":false},"excerpt":{"rendered":"<h2>Experte Dr. Schmelzer f\u00fcr Arbeits- und IT Recht Lilienfeld und nicht zuletzt Lohnfortzahlung im Krankheitsfall.<\/h2>\n<p><a href=\"https:\/\/dr-schmelzer.eu\/arbeitsrecht\/\" target=\"_blank\" rel=\"noopener\"><img loading=\"lazy\" decoding=\"async\" src=\"https:\/\/anwalt.rocks\/bilder\/arbeitsrecht\/anwalt-arbeitsrecht-600x600.webp\" alt=\"Anwalt Arbeitsrecht Lilienfeld - Sonja hat Erfolg.\" title=\"Anwalt Arbeitsrecht Lilienfeld - Sonja hat Erfolg.\" width=\"600\" height=\"600\" \/><\/a> <\/p>\n<h3>Anwalt IT- und Arbeitsrecht Lilienfeld &#8211; Anwaltskanzlei Dr. Stephan Schmelzer.<\/h3>\n<p>Ob K\u00fcndigungsschutz oder Tarifrecht \u2013 Dr. Stephan Schmelzer ist Ihr Ansprechpartner. Mit seiner Erfahrung von &hellip;<\/p>","protected":false},"author":1,"featured_media":0,"comment_status":"closed","ping_status":"open","sticky":false,"template":"","format":"standard","meta":{"footnotes":""},"categories":[3],"tags":[],"class_list":["post-7596","post","type-post","status-publish","format-standard","hentry","category-fachanwalt"],"yoast_head":"<!-- This site is optimized with the Yoast SEO Premium plugin v27.1 (Yoast SEO v27.2) - https:\/\/yoast.com\/product\/yoast-seo-premium-wordpress\/ -->\n<title>Rechtsanwalt Bad Laasphe Fachanwalt f\u00fcr Arbeits- und IT Recht.<\/title>\n<meta name=\"robots\" content=\"index, follow, max-snippet:-1, max-image-preview:large, max-video-preview:-1\" \/>\n<link rel=\"canonical\" href=\"https:\/\/anwalt.rocks\/arbeitsrecht\/bad-laasphe\/\" \/>\n<meta property=\"og:locale\" content=\"de_DE\" \/>\n<meta property=\"og:type\" content=\"article\" \/>\n<meta property=\"og:title\" content=\"Rechtsanwalt Bad Laasphe Fachanwalt f\u00fcr Arbeits- und IT Recht.\" \/>\n<meta property=\"og:description\" content=\"Experte Dr. Schmelzer f\u00fcr Arbeits- und IT Recht Lilienfeld und nicht zuletzt Lohnfortzahlung im Krankheitsfall.  Anwalt IT- und Arbeitsrecht Lilienfeld &#8211; Anwaltskanzlei Dr. Stephan Schmelzer. Ob K\u00fcndigungsschutz oder Tarifrecht \u2013 Dr. Stephan Schmelzer ist Ihr Ansprechpartner. Mit seiner Erfahrung von &hellip;\" \/>\n<meta property=\"og:url\" content=\"https:\/\/anwalt.rocks\/arbeitsrecht\/bad-laasphe\/\" \/>\n<meta property=\"og:site_name\" content=\"Anwalt Arbeitsrecht in der N\u00e4he - Dr. Schmelzer\" \/>\n<meta property=\"article:published_time\" content=\"2025-01-10T04:50:22+00:00\" \/>\n<meta property=\"og:image\" content=\"https:\/\/anwalt.rocks\/bilder\/arbeitsrecht\/anwalt-arbeitsrecht-600x600.webp\" \/>\n<meta name=\"author\" content=\"admin\" \/>\n<meta name=\"twitter:card\" content=\"summary_large_image\" \/>\n<meta name=\"twitter:label1\" content=\"Verfasst von\" \/>\n\t<meta name=\"twitter:data1\" content=\"admin\" \/>\n\t<meta name=\"twitter:label2\" content=\"Gesch\u00e4tzte Lesezeit\" \/>\n\t<meta name=\"twitter:data2\" content=\"4\u00a0Minuten\" \/>\n<script type=\"application\/ld+json\" class=\"yoast-schema-graph\">{\"@context\":\"https:\/\/schema.org\",\"@graph\":[{\"@type\":\"Article\",\"@id\":\"https:\/\/anwalt.rocks\/arbeitsrecht\/bad-laasphe\/#article\",\"isPartOf\":{\"@id\":\"https:\/\/anwalt.rocks\/arbeitsrecht\/bad-laasphe\/\"},\"author\":{\"name\":\"admin\",\"@id\":\"https:\/\/anwalt.rocks\/arbeitsrecht\/#\/schema\/person\/3fd3b0fc4df170bb2460fbc934288e39\"},\"headline\":\"Rechtsanwalt Bad Laasphe Fachanwalt f\u00fcr Arbeits- und IT Recht.\",\"datePublished\":\"2025-01-10T04:50:22+00:00\",\"mainEntityOfPage\":{\"@id\":\"https:\/\/anwalt.rocks\/arbeitsrecht\/bad-laasphe\/\"},\"wordCount\":719,\"publisher\":{\"@id\":\"https:\/\/anwalt.rocks\/arbeitsrecht\/#organization\"},\"image\":{\"@id\":\"https:\/\/anwalt.rocks\/arbeitsrecht\/bad-laasphe\/#primaryimage\"},\"thumbnailUrl\":\"https:\/\/anwalt.rocks\/bilder\/arbeitsrecht\/anwalt-arbeitsrecht-600x600.webp\",\"articleSection\":[\"Fachanwalt\"],\"inLanguage\":\"de\"},{\"@type\":\"WebPage\",\"@id\":\"https:\/\/anwalt.rocks\/arbeitsrecht\/bad-laasphe\/\",\"url\":\"https:\/\/anwalt.rocks\/arbeitsrecht\/bad-laasphe\/\",\"name\":\"Rechtsanwalt Bad Laasphe Fachanwalt f\u00fcr Arbeits- und IT Recht.\",\"isPartOf\":{\"@id\":\"https:\/\/anwalt.rocks\/arbeitsrecht\/#website\"},\"primaryImageOfPage\":{\"@id\":\"https:\/\/anwalt.rocks\/arbeitsrecht\/bad-laasphe\/#primaryimage\"},\"image\":{\"@id\":\"https:\/\/anwalt.rocks\/arbeitsrecht\/bad-laasphe\/#primaryimage\"},\"thumbnailUrl\":\"https:\/\/anwalt.rocks\/bilder\/arbeitsrecht\/anwalt-arbeitsrecht-600x600.webp\",\"datePublished\":\"2025-01-10T04:50:22+00:00\",\"breadcrumb\":{\"@id\":\"https:\/\/anwalt.rocks\/arbeitsrecht\/bad-laasphe\/#breadcrumb\"},\"inLanguage\":\"de\",\"potentialAction\":[{\"@type\":\"ReadAction\",\"target\":[\"https:\/\/anwalt.rocks\/arbeitsrecht\/bad-laasphe\/\"]}]},{\"@type\":\"ImageObject\",\"inLanguage\":\"de\",\"@id\":\"https:\/\/anwalt.rocks\/arbeitsrecht\/bad-laasphe\/#primaryimage\",\"url\":\"https:\/\/anwalt.rocks\/bilder\/arbeitsrecht\/anwalt-arbeitsrecht-600x600.webp\",\"contentUrl\":\"https:\/\/anwalt.rocks\/bilder\/arbeitsrecht\/anwalt-arbeitsrecht-600x600.webp\"},{\"@type\":\"BreadcrumbList\",\"@id\":\"https:\/\/anwalt.rocks\/arbeitsrecht\/bad-laasphe\/#breadcrumb\",\"itemListElement\":[{\"@type\":\"ListItem\",\"position\":1,\"name\":\"Start\",\"item\":\"https:\/\/anwalt.rocks\/arbeitsrecht\/\"},{\"@type\":\"ListItem\",\"position\":2,\"name\":\"Rechtsanwalt Bad Laasphe Fachanwalt f\u00fcr Arbeits- und IT Recht.\"}]},{\"@type\":\"WebSite\",\"@id\":\"https:\/\/anwalt.rocks\/arbeitsrecht\/#website\",\"url\":\"https:\/\/anwalt.rocks\/arbeitsrecht\/\",\"name\":\"Anwalt Arbeitsrecht in der N\u00e4he - Dr. Schmelzer\",\"description\":\"Kompetenzen und Vorteile von Dr. Stephan Schmelzer \u2013 Anwalt und Fachanwalt f\u00fcr Arbeitsrecht mit 25 j\u00e4hriger Berufspraxis.\",\"publisher\":{\"@id\":\"https:\/\/anwalt.rocks\/arbeitsrecht\/#organization\"},\"potentialAction\":[{\"@type\":\"SearchAction\",\"target\":{\"@type\":\"EntryPoint\",\"urlTemplate\":\"https:\/\/anwalt.rocks\/arbeitsrecht\/?s={search_term_string}\"},\"query-input\":{\"@type\":\"PropertyValueSpecification\",\"valueRequired\":true,\"valueName\":\"search_term_string\"}}],\"inLanguage\":\"de\"},{\"@type\":\"Organization\",\"@id\":\"https:\/\/anwalt.rocks\/arbeitsrecht\/#organization\",\"name\":\"Kanzlei Dr. Schmelzer\",\"url\":\"https:\/\/anwalt.rocks\/arbeitsrecht\/\",\"logo\":{\"@type\":\"ImageObject\",\"inLanguage\":\"de\",\"@id\":\"https:\/\/anwalt.rocks\/arbeitsrecht\/#\/schema\/logo\/image\/\",\"url\":\"https:\/\/anwalt.rocks\/arbeitsrecht\/wp-content\/uploads\/sites\/2\/2025\/01\/anwalt-arbeitsrecht-logo.png\",\"contentUrl\":\"https:\/\/anwalt.rocks\/arbeitsrecht\/wp-content\/uploads\/sites\/2\/2025\/01\/anwalt-arbeitsrecht-logo.png\",\"width\":450,\"height\":150,\"caption\":\"Kanzlei Dr. Schmelzer\"},\"image\":{\"@id\":\"https:\/\/anwalt.rocks\/arbeitsrecht\/#\/schema\/logo\/image\/\"}},{\"@type\":\"Person\",\"@id\":\"https:\/\/anwalt.rocks\/arbeitsrecht\/#\/schema\/person\/3fd3b0fc4df170bb2460fbc934288e39\",\"name\":\"admin\",\"image\":{\"@type\":\"ImageObject\",\"inLanguage\":\"de\",\"@id\":\"https:\/\/secure.gravatar.com\/avatar\/2a567a722e62dc61f1aaa46c6b595fa617f2003443806e3422a8fed77c029cfc?s=96&d=mm&r=g\",\"url\":\"https:\/\/secure.gravatar.com\/avatar\/2a567a722e62dc61f1aaa46c6b595fa617f2003443806e3422a8fed77c029cfc?s=96&d=mm&r=g\",\"contentUrl\":\"https:\/\/secure.gravatar.com\/avatar\/2a567a722e62dc61f1aaa46c6b595fa617f2003443806e3422a8fed77c029cfc?s=96&d=mm&r=g\",\"caption\":\"admin\"},\"sameAs\":[\"https:\/\/anwalt.rocks\"],\"url\":\"https:\/\/anwalt.rocks\/arbeitsrecht\/author\/admin\/\"}]}<\/script>\n<!-- \/ Yoast SEO Premium plugin. -->","yoast_head_json":{"title":"Rechtsanwalt Bad Laasphe Fachanwalt f\u00fcr Arbeits- und IT Recht.","robots":{"index":"index","follow":"follow","max-snippet":"max-snippet:-1","max-image-preview":"max-image-preview:large","max-video-preview":"max-video-preview:-1"},"canonical":"https:\/\/anwalt.rocks\/arbeitsrecht\/bad-laasphe\/","og_locale":"de_DE","og_type":"article","og_title":"Rechtsanwalt Bad Laasphe Fachanwalt f\u00fcr Arbeits- und IT Recht.","og_description":"Experte Dr. Schmelzer f\u00fcr Arbeits- und IT Recht Lilienfeld und nicht zuletzt Lohnfortzahlung im Krankheitsfall.  Anwalt IT- und Arbeitsrecht Lilienfeld &#8211; Anwaltskanzlei Dr. Stephan Schmelzer. Ob K\u00fcndigungsschutz oder Tarifrecht \u2013 Dr. Stephan Schmelzer ist Ihr Ansprechpartner. Mit seiner Erfahrung von &hellip;","og_url":"https:\/\/anwalt.rocks\/arbeitsrecht\/bad-laasphe\/","og_site_name":"Anwalt Arbeitsrecht in der N\u00e4he - Dr. Schmelzer","article_published_time":"2025-01-10T04:50:22+00:00","og_image":[{"url":"https:\/\/anwalt.rocks\/bilder\/arbeitsrecht\/anwalt-arbeitsrecht-600x600.webp","type":"","width":"","height":""}],"author":"admin","twitter_card":"summary_large_image","twitter_misc":{"Verfasst von":"admin","Gesch\u00e4tzte Lesezeit":"4\u00a0Minuten"},"schema":{"@context":"https:\/\/schema.org","@graph":[{"@type":"Article","@id":"https:\/\/anwalt.rocks\/arbeitsrecht\/bad-laasphe\/#article","isPartOf":{"@id":"https:\/\/anwalt.rocks\/arbeitsrecht\/bad-laasphe\/"},"author":{"name":"admin","@id":"https:\/\/anwalt.rocks\/arbeitsrecht\/#\/schema\/person\/3fd3b0fc4df170bb2460fbc934288e39"},"headline":"Rechtsanwalt Bad Laasphe Fachanwalt f\u00fcr Arbeits- und IT Recht.","datePublished":"2025-01-10T04:50:22+00:00","mainEntityOfPage":{"@id":"https:\/\/anwalt.rocks\/arbeitsrecht\/bad-laasphe\/"},"wordCount":719,"publisher":{"@id":"https:\/\/anwalt.rocks\/arbeitsrecht\/#organization"},"image":{"@id":"https:\/\/anwalt.rocks\/arbeitsrecht\/bad-laasphe\/#primaryimage"},"thumbnailUrl":"https:\/\/anwalt.rocks\/bilder\/arbeitsrecht\/anwalt-arbeitsrecht-600x600.webp","articleSection":["Fachanwalt"],"inLanguage":"de"},{"@type":"WebPage","@id":"https:\/\/anwalt.rocks\/arbeitsrecht\/bad-laasphe\/","url":"https:\/\/anwalt.rocks\/arbeitsrecht\/bad-laasphe\/","name":"Rechtsanwalt Bad Laasphe Fachanwalt f\u00fcr Arbeits- und IT Recht.","isPartOf":{"@id":"https:\/\/anwalt.rocks\/arbeitsrecht\/#website"},"primaryImageOfPage":{"@id":"https:\/\/anwalt.rocks\/arbeitsrecht\/bad-laasphe\/#primaryimage"},"image":{"@id":"https:\/\/anwalt.rocks\/arbeitsrecht\/bad-laasphe\/#primaryimage"},"thumbnailUrl":"https:\/\/anwalt.rocks\/bilder\/arbeitsrecht\/anwalt-arbeitsrecht-600x600.webp","datePublished":"2025-01-10T04:50:22+00:00","breadcrumb":{"@id":"https:\/\/anwalt.rocks\/arbeitsrecht\/bad-laasphe\/#breadcrumb"},"inLanguage":"de","potentialAction":[{"@type":"ReadAction","target":["https:\/\/anwalt.rocks\/arbeitsrecht\/bad-laasphe\/"]}]},{"@type":"ImageObject","inLanguage":"de","@id":"https:\/\/anwalt.rocks\/arbeitsrecht\/bad-laasphe\/#primaryimage","url":"https:\/\/anwalt.rocks\/bilder\/arbeitsrecht\/anwalt-arbeitsrecht-600x600.webp","contentUrl":"https:\/\/anwalt.rocks\/bilder\/arbeitsrecht\/anwalt-arbeitsrecht-600x600.webp"},{"@type":"BreadcrumbList","@id":"https:\/\/anwalt.rocks\/arbeitsrecht\/bad-laasphe\/#breadcrumb","itemListElement":[{"@type":"ListItem","position":1,"name":"Start","item":"https:\/\/anwalt.rocks\/arbeitsrecht\/"},{"@type":"ListItem","position":2,"name":"Rechtsanwalt Bad Laasphe Fachanwalt f\u00fcr Arbeits- und IT Recht."}]},{"@type":"WebSite","@id":"https:\/\/anwalt.rocks\/arbeitsrecht\/#website","url":"https:\/\/anwalt.rocks\/arbeitsrecht\/","name":"Anwalt Arbeitsrecht in der N\u00e4he - Dr. Schmelzer","description":"Kompetenzen und Vorteile von Dr. Stephan Schmelzer \u2013 Anwalt und Fachanwalt f\u00fcr Arbeitsrecht mit 25 j\u00e4hriger Berufspraxis.","publisher":{"@id":"https:\/\/anwalt.rocks\/arbeitsrecht\/#organization"},"potentialAction":[{"@type":"SearchAction","target":{"@type":"EntryPoint","urlTemplate":"https:\/\/anwalt.rocks\/arbeitsrecht\/?s={search_term_string}"},"query-input":{"@type":"PropertyValueSpecification","valueRequired":true,"valueName":"search_term_string"}}],"inLanguage":"de"},{"@type":"Organization","@id":"https:\/\/anwalt.rocks\/arbeitsrecht\/#organization","name":"Kanzlei Dr. Schmelzer","url":"https:\/\/anwalt.rocks\/arbeitsrecht\/","logo":{"@type":"ImageObject","inLanguage":"de","@id":"https:\/\/anwalt.rocks\/arbeitsrecht\/#\/schema\/logo\/image\/","url":"https:\/\/anwalt.rocks\/arbeitsrecht\/wp-content\/uploads\/sites\/2\/2025\/01\/anwalt-arbeitsrecht-logo.png","contentUrl":"https:\/\/anwalt.rocks\/arbeitsrecht\/wp-content\/uploads\/sites\/2\/2025\/01\/anwalt-arbeitsrecht-logo.png","width":450,"height":150,"caption":"Kanzlei Dr. Schmelzer"},"image":{"@id":"https:\/\/anwalt.rocks\/arbeitsrecht\/#\/schema\/logo\/image\/"}},{"@type":"Person","@id":"https:\/\/anwalt.rocks\/arbeitsrecht\/#\/schema\/person\/3fd3b0fc4df170bb2460fbc934288e39","name":"admin","image":{"@type":"ImageObject","inLanguage":"de","@id":"https:\/\/secure.gravatar.com\/avatar\/2a567a722e62dc61f1aaa46c6b595fa617f2003443806e3422a8fed77c029cfc?s=96&d=mm&r=g","url":"https:\/\/secure.gravatar.com\/avatar\/2a567a722e62dc61f1aaa46c6b595fa617f2003443806e3422a8fed77c029cfc?s=96&d=mm&r=g","contentUrl":"https:\/\/secure.gravatar.com\/avatar\/2a567a722e62dc61f1aaa46c6b595fa617f2003443806e3422a8fed77c029cfc?s=96&d=mm&r=g","caption":"admin"},"sameAs":["https:\/\/anwalt.rocks"],"url":"https:\/\/anwalt.rocks\/arbeitsrecht\/author\/admin\/"}]}},"_links":{"self":[{"href":"https:\/\/anwalt.rocks\/arbeitsrecht\/wp-json\/wp\/v2\/posts\/7596","targetHints":{"allow":["GET"]}}],"collection":[{"href":"https:\/\/anwalt.rocks\/arbeitsrecht\/wp-json\/wp\/v2\/posts"}],"about":[{"href":"https:\/\/anwalt.rocks\/arbeitsrecht\/wp-json\/wp\/v2\/types\/post"}],"author":[{"embeddable":true,"href":"https:\/\/anwalt.rocks\/arbeitsrecht\/wp-json\/wp\/v2\/users\/1"}],"replies":[{"embeddable":true,"href":"https:\/\/anwalt.rocks\/arbeitsrecht\/wp-json\/wp\/v2\/comments?post=7596"}],"version-history":[{"count":0,"href":"https:\/\/anwalt.rocks\/arbeitsrecht\/wp-json\/wp\/v2\/posts\/7596\/revisions"}],"wp:attachment":[{"href":"https:\/\/anwalt.rocks\/arbeitsrecht\/wp-json\/wp\/v2\/media?parent=7596"}],"wp:term":[{"taxonomy":"category","embeddable":true,"href":"https:\/\/anwalt.rocks\/arbeitsrecht\/wp-json\/wp\/v2\/categories?post=7596"},{"taxonomy":"post_tag","embeddable":true,"href":"https:\/\/anwalt.rocks\/arbeitsrecht\/wp-json\/wp\/v2\/tags?post=7596"}],"curies":[{"name":"wp","href":"https:\/\/api.w.org\/{rel}","templated":true}]}}