{"id":7599,"date":"2025-01-04T20:24:03","date_gmt":"2025-01-04T19:24:03","guid":{"rendered":"https:\/\/anwalt.rocks\/arbeitsrecht\/bad-lausick\/"},"modified":"2025-01-04T20:24:03","modified_gmt":"2025-01-04T19:24:03","slug":"bad-lausick","status":"publish","type":"post","link":"https:\/\/anwalt.rocks\/arbeitsrecht\/bad-lausick\/","title":{"rendered":"Anwalt Arbeitsrecht Bad Lausick &#8211; Inzwischen \u00fcber 49 fr\u00f6hliche Mandanten."},"content":{"rendered":"<span class=\"span-reading-time rt-reading-time\" style=\"display: block;\"><span class=\"rt-label rt-prefix\">Lesedauer<\/span> <span class=\"rt-time\"> 3<\/span> <span class=\"rt-label rt-postfix\">Minuten<\/span><\/span><h2>Anwalt Bad Lausick &#8211; \u00fcberw\u00e4ltigender Arbeitseinsatz seitens Rechtsanwalt Dr. Stephan Schmelzer im Hinblick auf K\u00fcndigungsschutz.<\/h2>\n<p><a href=\"https:\/\/dr-schmelzer.eu\/arbeitsrecht\/\" target=\"_blank\" rel=\"noopener\"><img loading=\"lazy\" decoding=\"async\" src=\"https:\/\/anwalt.rocks\/bilder\/arbeitsrecht\/anwalt-arbeitsrecht-600x600.webp\" alt=\"Anwalt Arbeitsrecht Bad Lausick - Inzwischen \u00fcber 49 fr\u00f6hliche Mandanten.\" title=\"Anwalt Arbeitsrecht Bad Lausick - Inzwischen \u00fcber 49 fr\u00f6hliche Mandanten.\" width=\"600\" height=\"600\" \/><\/a> <\/p>\n<h3>Fachanwalt Arbeitsrecht und IT Recht Bad Lausick &#8211; Kanzlei Dr. Stephan Schmelzer.<\/h3>\n<p>Dr. Stephan Schmelzer ist Ihr Ansprechpartner f\u00fcr ma\u00dfgeschneiderte L\u00f6sungen im Arbeitsrecht. Seine Fachanwaltszulassung im Arbeitsrecht und seine langj\u00e4hrige Erfahrung machen ihn \u00fcberregional bekannt. Mit 20 Jahren Erfahrung leitet er eine Kanzlei, die f\u00fcr juristische Pr\u00e4zision und pers\u00f6nliche Betreuung bekannt ist. Seine juristische Doppelqualifikation im Arbeits- und IT-Recht verschafft Dr. Schmelzer einen entscheidenden Vorteil in der modernen Arbeitswelt. &#8211; <a title=\"Anwalt Arbeitsrecht Paderborn\" href=\"https:\/\/anwalt.rocks\/arbeitsrecht\/paderborn\/\">Anwalt Arbeitsrecht Paderborn<\/a><\/p>\n<p><a href=\"https:\/\/dr-schmelzer.eu\/arbeitsrecht\/\" target=\"_blank\" rel=\"noopener\"><img loading=\"lazy\" decoding=\"async\" src=\"https:\/\/anwalt.rocks\/bilder\/arbeitsrecht\/rechtsanwalt-arbeitsrecht-600x600.webp\" alt=\"Anwalt Arbeitsrecht Bad Lausick\" title=\"Anwalt Arbeitsrecht Bad Lausick\" width=\"600\" height=\"600\" \/><\/a> <\/p>\n<h3>Kanzlei Dr. Stephan Schmelzer &#8211; Spezialist f\u00fcr Arbeitsrecht Bad Lausick.<\/h3>\n<p>Erg\u00e4nzend arbeitet er im IT-Recht, jedoch liegt sein Fokus im Bereich Arbeitsrecht, auch auf internationaler Ebene. Mit einem breiten Spektrum im Arbeitsrecht ist Dr. Schmelzer f\u00fcr Arbeitnehmer und Arbeitgeber gleicherma\u00dfen der richtige Ansprechpartner. Seine F\u00e4higkeit, komplexe Anliegen individuell zu l\u00f6sen, macht ihn zu einem der gefragtesten Experten in diesem Rechtsgebiet. &#8211; <a title=\"Anwalt Opfikon\" href=\"https:\/\/anwalt.rocks\/arbeitsrecht\/opfikon\/\">Anwalt Opfikon<\/a><\/p>\n<h3>Zuverl\u00e4ssig und kompetent &#8211; Fest drei Jahrzehnte Anwaltserfahrung als Rechtsanwalt Bad Lausick.<\/h3>\n<p>Arbeitgeber sehen sich heute mit rechtlichen Aufgaben konfrontiert, die von Arbeitsvertr\u00e4gen bis hin zu Restrukturierungen reichen k\u00f6nnen. Dr. Schmelzer bietet praxistaugliche Beratung f\u00fcr Unternehmen, um rechtliche Probleme zu vermeiden und zukunftsorientierte L\u00f6sungen zu finden. Sein Leistungsspektrum umfasst: &#8211; <a title=\"Anwalt Arbeitsrecht Wolkenstein\" href=\"https:\/\/anwalt.rocks\/arbeitsrecht\/wolkenstein\/\">Anwalt Arbeitsrecht Wolkenstein<\/a><\/p>\n<h3>Anwalt Arbeitsrecht Bad Lausick 49 fr\u00f6hliche Mandanten.<\/h3>\n<p>Erstellung und Analyse von Arbeitsvertr\u00e4gen, die rechtlich einwandfrei und anpassungsf\u00e4hig sind. Gestaltung von Arbeitszeit- und Verg\u00fctungsmodellen, die die unternehmerischen Anforderungen optimal abbilden. &#8211; <a title=\"Anwalt Arbeitsrecht Grebenau\" href=\"https:\/\/anwalt.rocks\/arbeitsrecht\/grebenau\/\">Anwalt Arbeitsrecht Grebenau<\/a><\/p>\n<h3>Wieso f\u00e4llt die Entscheidung auf den kompetenten Anwalt Bad Lausick:<\/h3>\n<p>Begleitung bei der Vorbereitung von betriebs-, verhaltens- und personenbezogenen K\u00fcndigungen. Absicherung gegen rechtliche Unsicherheiten und Begleitung w\u00e4hrend jeder Phase der K\u00fcndigung.<\/p>\n<h3>Juristisches Fachwissen und auch durchsetzungsstark.<\/h3>\n<p>Unterst\u00fctzung bei der Einbeziehung des Betriebsrats in wichtigen Entscheidungsfragen. Begleitung bei der Verhandlung und rechtlichen Umsetzung von Vereinbarungen mit dem Betriebsrat. Unterst\u00fctzung bei der strategischen Entwicklung und rechtlichen Umsetzung von Restrukturierungen. Unterst\u00fctzung in arbeitsrechtlichen Gerichtsverfahren, von K\u00fcndigungsschutzverfahren bis Entfristungsklagen. Konzentration auf die pr\u00e4zise und nachhaltige Wahrung der Rechte des Unternehmens.<\/p>\n<h3>Anwalt Arbeitsrecht Bad Lausick &#8211; Spezialist Dr. Schmelzer.<\/h3>\n<p>Arbeitnehmer k\u00f6nnen die tiefgehende Erfahrung von Dr. Schmelzer in Anspruch nehmen. In schwierigen Momenten ist er ein starker Partner, der sich mit Herzblut f\u00fcr seine Mandanten einsetzt. Zu den zentralen T\u00e4tigkeitsfeldern z\u00e4hlen:<\/p>\n<p>Umfassende Unterst\u00fctzung und Vertretung bei arbeitsgerichtlichen K\u00fcndigungsschutzverfahren. Verhandlung \u00fcber angemessene Abfindungsregelungen und Ausgleichszahlungen. Umfassende Unterst\u00fctzung und Vertretung bei arbeitsgerichtlichen K\u00fcndigungsschutzverfahren. Verhandlung \u00fcber angemessene Abfindungsregelungen und Ausgleichszahlungen.<\/p>\n<p>Unterst\u00fctzung bei der Verhandlung und Ausarbeitung von Aufhebungsvertr\u00e4gen sowie Abfindungsregelungen. \u00dcberpr\u00fcfung und Anpassung von Arbeitszeugnissen, um rechtliche Vorgaben einzuhalten. Unterst\u00fctzung bei der Durchsetzung fairer Zeugnisbewertungen in gerichtlichen Verfahren. Reduzierung der Kosten Unterst\u00fctzung bei der Durchsetzung rechtlicher Anspr\u00fcche auf Gehaltszahlungen. Prozessvertretung bei Streitf\u00e4llen \u00fcber ausstehendes Entgelt und \u00dcberstundenverg\u00fctungen. Unterst\u00fctzung bei der Pr\u00fcfung und Korrektur von unrechtm\u00e4\u00dfigen Abmahnungen.<\/p>\n<h4>Vertretung f\u00fcr Arbeitgeber im Bereich Anwalt Arbeitsrecht Bad Lausick.<\/h4>\n<p>Ein Hauptaugenmerk von Dr. Schmelzer liegt auf Restrukturierungen und der L\u00f6sung von Konflikten. Ein besonderer T\u00e4tigkeitsbereich von Dr. Schmelzer ist die Beratung bei Restrukturierungsma\u00dfnahmen. Juristische Expertise, kombiniert mit Verhandlungsst\u00e4rke und einem Verst\u00e4ndnis f\u00fcr wirtschaftliche Zusammenh\u00e4nge, ist hier unerl\u00e4sslich.<\/p>\n<p>Anwalt Bad Lausick Folgerung: Dr. Schmelzer hat sich auf die Vorbereitung und Verhandlung von Interessenausgleichen und Sozialpl\u00e4nen spezialisiert. Priorit\u00e4t hat die Entwicklung einer L\u00f6sung, die f\u00fcr alle Seiten zufriedenstellend ist. Mit fundierter Expertise und kluger Strategie begleitet Dr. Schmelzer Verhandlungen mit Betriebsr\u00e4ten und Gewerkschaften erfolgreich.<\/p>\n<p>Jeder Fall wird vom Fachanwalt f\u00fcr Arbeitsrecht als individuelle Herausforderung wahrgenommen, die mit Hingabe bearbeitet wird. Sein Ziel ist es, die Interessen seiner Mandanten bestm\u00f6glich zu vertreten, sei es durch au\u00dfergerichtliche Einigungen oder vor Gericht. Transparenz und eine enge Abstimmung mit seinen Mandanten bilden die Grundlage seiner T\u00e4tigkeit. F\u00fcr Dr. Schmelzer ist die Zufriedenheit seiner Mandanten das wichtigste Ziel. Dies zeigt sich in den Erfolgen seiner Arbeit und in den positiven R\u00fcckmeldungen seiner Mandanten. Arbeitnehmer und Arbeitgeber profitieren von der fachkundigen Beratung und dem Einsatz von Dr. Stephan Schmelzer.<\/p>\n<article class=\"contact contact-list post-2606 profile type-profile status-publish has-post-thumbnail hentry\" data-contact=\"2606\">\n    \n    <div class=\"media\">\n        <div class=\"media-left\">\n            <a  href=\"#\" data-toggle=\"modal\" data-target=\"#ContactModal\"  title=\"Maria P., 29 Jahre, aus Stuttgart jetzt Kontakt aufnehmen!\">\n                <img loading=\"lazy\" decoding=\"async\" width=\"500\" height=\"500\" src=\"https:\/\/anwalt.rocks\/arbeitsrecht\/wp-content\/uploads\/sites\/2\/2025\/01\/meinung-03.jpg\" class=\"contact-image media-object wp-post-image\" alt=\"Maria P., 29 Jahre, aus Stuttgart\" srcset=\"https:\/\/anwalt.rocks\/arbeitsrecht\/wp-content\/uploads\/sites\/2\/2025\/01\/meinung-03.jpg 500w, https:\/\/anwalt.rocks\/arbeitsrecht\/wp-content\/uploads\/sites\/2\/2025\/01\/meinung-03-300x300.jpg 300w, https:\/\/anwalt.rocks\/arbeitsrecht\/wp-content\/uploads\/sites\/2\/2025\/01\/meinung-03-150x150.jpg 150w\" sizes=\"auto, (max-width: 500px) 100vw, 500px\" \/>            <\/a>\n        <\/div>\n\n        <div class=\"media-body\">\n                        <p class=\"h2 media-heading\">\n                <a  href=\"#\" data-toggle=\"modal\" data-target=\"#ContactModal\"  title=\"Maria P., 29 Jahre, aus Stuttgart jetzt Kontakt aufnehmen!\">\n                    <span class=\"contact-name\">Maria P., 29 Jahre, aus Stuttgart<\/span>\n                <\/a>\n\n                <span class=\"contact-text\"><\/span> <span class=\"contact-city\"><a href=\"https:\/\/anwalt.rocks\/arbeitsrecht\/region\/moordiek-bei-westermoor\/\">Anwalt Arbeitsrecht Moordiek bei Westermoor<\/a><\/span>            <\/p>\n\n            <div class=\"quote\"><p>Herr Dr. Schmelzer ist einfach ein toller Anwalt! In meinem Fall ging es um Mobbing am Arbeitsplatz. Ich wusste nicht mehr weiter, aber Herr Dr. Schmelzer hat mir Mut gemacht und klare Schritte vorgeschlagen. Er hat nicht nur mein Recht &hellip;<\/p><\/div>\n            <a class=\"btn btn-cta\"  href=\"#\" data-toggle=\"modal\" data-target=\"#ContactModal\"  title=\"Maria P., 29 Jahre, aus Stuttgart jetzt Kontakt aufnehmen!\">\n                Nachricht senden            <\/a>\n        <\/div>\n    <\/div>\n<\/article><article class=\"contact contact-list post-2631 profile type-profile status-publish has-post-thumbnail hentry\" data-contact=\"2631\">\n    \n    <div class=\"media\">\n        <div class=\"media-left\">\n            <a  href=\"#\" data-toggle=\"modal\" data-target=\"#ContactModal\"  title=\"Peter S. jetzt Kontakt aufnehmen!\">\n                <img loading=\"lazy\" decoding=\"async\" width=\"500\" height=\"500\" src=\"https:\/\/anwalt.rocks\/arbeitsrecht\/wp-content\/uploads\/sites\/2\/2025\/01\/meinung-11.jpg\" class=\"contact-image media-object wp-post-image\" alt=\"Peter S.\" srcset=\"https:\/\/anwalt.rocks\/arbeitsrecht\/wp-content\/uploads\/sites\/2\/2025\/01\/meinung-11.jpg 500w, https:\/\/anwalt.rocks\/arbeitsrecht\/wp-content\/uploads\/sites\/2\/2025\/01\/meinung-11-300x300.jpg 300w, https:\/\/anwalt.rocks\/arbeitsrecht\/wp-content\/uploads\/sites\/2\/2025\/01\/meinung-11-150x150.jpg 150w\" sizes=\"auto, (max-width: 500px) 100vw, 500px\" \/>            <\/a>\n        <\/div>\n\n        <div class=\"media-body\">\n                        <p class=\"h2 media-heading\">\n                <a  href=\"#\" data-toggle=\"modal\" data-target=\"#ContactModal\"  title=\"Peter S. jetzt Kontakt aufnehmen!\">\n                    <span class=\"contact-name\">Peter S.<\/span>\n                <\/a>\n\n                <span class=\"contact-text\"><\/span> <span class=\"contact-city\"><a href=\"https:\/\/anwalt.rocks\/arbeitsrecht\/region\/weilbach-unterfranken\/\">Anwalt Arbeitsrecht Weilbach Unterfranken<\/a><\/span>            <\/p>\n\n            <div class=\"quote\"><p>Dr. Schmelzer hat meinen Fall mit gro\u00dfem Engagement \u00fcbernommen. Es ging um eine unrechtm\u00e4\u00dfige K\u00fcndigung, die mein Arbeitgeber ausgesprochen hatte. Dank seiner Expertise und Verhandlungsst\u00e4rke konnte ich nicht nur meine Stelle behalten, sondern erhielt auch eine Entsch\u00e4digung. Besonders beeindruckt hat &hellip;<\/p><\/div>\n            <a class=\"btn btn-cta\"  href=\"#\" data-toggle=\"modal\" data-target=\"#ContactModal\"  title=\"Peter S. jetzt Kontakt aufnehmen!\">\n                Nachricht senden            <\/a>\n        <\/div>\n    <\/div>\n<\/article><article class=\"contact contact-list post-2619 profile type-profile status-publish has-post-thumbnail hentry\" data-contact=\"2619\">\n    \n    <div class=\"media\">\n        <div class=\"media-left\">\n            <a  href=\"#\" data-toggle=\"modal\" data-target=\"#ContactModal\"  title=\"Kathrin S., 37 Jahre, aus K\u00f6ln jetzt Kontakt aufnehmen!\">\n                <img loading=\"lazy\" decoding=\"async\" width=\"500\" height=\"500\" src=\"https:\/\/anwalt.rocks\/arbeitsrecht\/wp-content\/uploads\/sites\/2\/2025\/01\/meinung-07.jpg\" class=\"contact-image media-object wp-post-image\" alt=\"Kathrin S., 37 Jahre, aus K\u00f6ln\" srcset=\"https:\/\/anwalt.rocks\/arbeitsrecht\/wp-content\/uploads\/sites\/2\/2025\/01\/meinung-07.jpg 500w, https:\/\/anwalt.rocks\/arbeitsrecht\/wp-content\/uploads\/sites\/2\/2025\/01\/meinung-07-300x300.jpg 300w, https:\/\/anwalt.rocks\/arbeitsrecht\/wp-content\/uploads\/sites\/2\/2025\/01\/meinung-07-150x150.jpg 150w\" sizes=\"auto, (max-width: 500px) 100vw, 500px\" \/>            <\/a>\n        <\/div>\n\n        <div class=\"media-body\">\n                        <p class=\"h2 media-heading\">\n                <a  href=\"#\" data-toggle=\"modal\" data-target=\"#ContactModal\"  title=\"Kathrin S., 37 Jahre, aus K\u00f6ln jetzt Kontakt aufnehmen!\">\n                    <span class=\"contact-name\">Kathrin S., 37 Jahre, aus K\u00f6ln<\/span>\n                <\/a>\n\n                <span class=\"contact-text\"><\/span> <span class=\"contact-city\"><a href=\"https:\/\/anwalt.rocks\/arbeitsrecht\/region\/piethen\/\">Anwalt Arbeitsrecht Piethen<\/a><\/span>            <\/p>\n\n            <div class=\"quote\"><p>Nachdem ich \u00fcber viele Jahre hinweg \u00dcberstunden gemacht hatte, wollte ich endlich eine faire Bezahlung daf\u00fcr. Mein Arbeitgeber stellte sich quer, doch Herr Dr. Schmelzer konnte meine Anspr\u00fcche durchsetzen. Er ging sehr strukturiert vor und erkl\u00e4rte mir alles in Ruhe. &hellip;<\/p><\/div>\n            <a class=\"btn btn-cta\"  href=\"#\" data-toggle=\"modal\" data-target=\"#ContactModal\"  title=\"Kathrin S., 37 Jahre, aus K\u00f6ln jetzt Kontakt aufnehmen!\">\n                Nachricht senden            <\/a>\n        <\/div>\n    <\/div>\n<\/article><article class=\"contact contact-list post-2643 profile type-profile status-publish has-post-thumbnail hentry\" data-contact=\"2643\">\n    \n    <div class=\"media\">\n        <div class=\"media-left\">\n            <a  href=\"#\" data-toggle=\"modal\" data-target=\"#ContactModal\"  title=\"Marco R. jetzt Kontakt aufnehmen!\">\n                <img loading=\"lazy\" decoding=\"async\" width=\"500\" height=\"500\" src=\"https:\/\/anwalt.rocks\/arbeitsrecht\/wp-content\/uploads\/sites\/2\/2025\/01\/meinung-15.jpg\" class=\"contact-image media-object wp-post-image\" alt=\"Marco R.\" srcset=\"https:\/\/anwalt.rocks\/arbeitsrecht\/wp-content\/uploads\/sites\/2\/2025\/01\/meinung-15.jpg 500w, https:\/\/anwalt.rocks\/arbeitsrecht\/wp-content\/uploads\/sites\/2\/2025\/01\/meinung-15-300x300.jpg 300w, https:\/\/anwalt.rocks\/arbeitsrecht\/wp-content\/uploads\/sites\/2\/2025\/01\/meinung-15-150x150.jpg 150w\" sizes=\"auto, (max-width: 500px) 100vw, 500px\" \/>            <\/a>\n        <\/div>\n\n        <div class=\"media-body\">\n                        <p class=\"h2 media-heading\">\n                <a  href=\"#\" data-toggle=\"modal\" data-target=\"#ContactModal\"  title=\"Marco R. jetzt Kontakt aufnehmen!\">\n                    <span class=\"contact-name\">Marco R.<\/span>\n                <\/a>\n\n                <span class=\"contact-text\"><\/span> <span class=\"contact-city\"><a href=\"https:\/\/anwalt.rocks\/arbeitsrecht\/region\/muenster-mecklenbeck\/\">Anwalt Arbeitsrecht M\u00fcnster Mecklenbeck<\/a><\/span>            <\/p>\n\n            <div class=\"quote\"><p>Ich hatte ein Problem mit einer unwirksamen Befristung in meinem Arbeitsvertrag. RA Schmelzer hat den Fall \u00fcbernommen und konnte schnell eine Festanstellung f\u00fcr mich aushandeln. Seine Fachkenntnisse und seine freundliche Art haben mich sehr \u00fcberzeugt. Ich kann ihn nur w\u00e4rmstens &hellip;<\/p><\/div>\n            <a class=\"btn btn-cta\"  href=\"#\" data-toggle=\"modal\" data-target=\"#ContactModal\"  title=\"Marco R. jetzt Kontakt aufnehmen!\">\n                Nachricht senden            <\/a>\n        <\/div>\n    <\/div>\n<\/article><article class=\"contact contact-list post-2637 profile type-profile status-publish has-post-thumbnail hentry\" data-contact=\"2637\">\n    \n    <div class=\"media\">\n        <div class=\"media-left\">\n            <a  href=\"#\" data-toggle=\"modal\" data-target=\"#ContactModal\"  title=\"Uwe D. jetzt Kontakt aufnehmen!\">\n                <img loading=\"lazy\" decoding=\"async\" width=\"500\" height=\"500\" src=\"https:\/\/anwalt.rocks\/arbeitsrecht\/wp-content\/uploads\/sites\/2\/2025\/01\/meinung-13.jpg\" class=\"contact-image media-object wp-post-image\" alt=\"Uwe D.\" srcset=\"https:\/\/anwalt.rocks\/arbeitsrecht\/wp-content\/uploads\/sites\/2\/2025\/01\/meinung-13.jpg 500w, https:\/\/anwalt.rocks\/arbeitsrecht\/wp-content\/uploads\/sites\/2\/2025\/01\/meinung-13-300x300.jpg 300w, https:\/\/anwalt.rocks\/arbeitsrecht\/wp-content\/uploads\/sites\/2\/2025\/01\/meinung-13-150x150.jpg 150w\" sizes=\"auto, (max-width: 500px) 100vw, 500px\" \/>            <\/a>\n        <\/div>\n\n        <div class=\"media-body\">\n                        <p class=\"h2 media-heading\">\n                <a  href=\"#\" data-toggle=\"modal\" data-target=\"#ContactModal\"  title=\"Uwe D. jetzt Kontakt aufnehmen!\">\n                    <span class=\"contact-name\">Uwe D.<\/span>\n                <\/a>\n\n                <span class=\"contact-text\"><\/span> <span class=\"contact-city\"><a href=\"https:\/\/anwalt.rocks\/arbeitsrecht\/region\/helse\/\">Anwalt Arbeitsrecht Helse<\/a><\/span>            <\/p>\n\n            <div class=\"quote\"><p>Ich hatte Schwierigkeiten mit meinem Arbeitszeugnis, das mein Arbeitgeber absichtlich negativ formuliert hatte. Anwalt Schmelzer hat f\u00fcr mich ein einwandfreies Zeugnis durchgesetzt. Er war jederzeit erreichbar und hat meine Sorgen ernst genommen. Ich bin sehr zufrieden mit seiner Arbeit.&hellip;<\/p><\/div>\n            <a class=\"btn btn-cta\"  href=\"#\" data-toggle=\"modal\" data-target=\"#ContactModal\"  title=\"Uwe D. jetzt Kontakt aufnehmen!\">\n                Nachricht senden            <\/a>\n        <\/div>\n    <\/div>\n<\/article>\n<div class=\"blogposts\"><ul><li><a href=\"https:\/\/anwalt.rocks\/arbeitsrecht\/friedberg\/\" title=\"Rechtsanwalt Friedberg Spezialist f\u00fcr Arbeitsrecht.\">Rechtsanwalt Friedberg Spezialist f\u00fcr Arbeitsrecht.<\/a><\/li><li><a href=\"https:\/\/anwalt.rocks\/arbeitsrecht\/feldkirch\/\" title=\"Rechtsanwalt Feldkirch Experte f\u00fcr Arbeitsrecht.\">Rechtsanwalt Feldkirch Experte f\u00fcr Arbeitsrecht.<\/a><\/li><li><a href=\"https:\/\/anwalt.rocks\/arbeitsrecht\/wetteraukreis\/\" title=\"Anwalt Arbeitsrecht Wetteraukreis &#8211; Inzwischen \u00fcber 56 gl\u00fcckliche Mandanten.\">Anwalt Arbeitsrecht Wetteraukreis &#8211; Inzwischen \u00fcber 56 gl\u00fcckliche Mandanten.<\/a><\/li><li><a href=\"https:\/\/anwalt.rocks\/arbeitsrecht\/siegburg\/\" title=\"Fachanwalt in Sachen Arbeitsrecht Siegburg.\">Fachanwalt in Sachen Arbeitsrecht Siegburg.<\/a><\/li><li><a href=\"https:\/\/anwalt.rocks\/arbeitsrecht\/juelich\/\" title=\"Anwalt Arbeitsrecht J\u00fclich &#8211; Mehr als 47 fr\u00f6hliche Klienten.\">Anwalt Arbeitsrecht J\u00fclich &#8211; Mehr als 47 fr\u00f6hliche Klienten.<\/a><\/li><li><a href=\"https:\/\/anwalt.rocks\/arbeitsrecht\/huenfeld\/\" title=\"Fachanwalt zum Thema Arbeits- und IT Recht H\u00fcnfeld.\">Fachanwalt zum Thema Arbeits- und IT Recht H\u00fcnfeld.<\/a><\/li><li><a href=\"https:\/\/anwalt.rocks\/arbeitsrecht\/wernigerode\/\" title=\"Rechtsanwalt Wernigerode Experte f\u00fcr Arbeitsrecht.\">Rechtsanwalt Wernigerode Experte f\u00fcr Arbeitsrecht.<\/a><\/li><\/ul><\/div>\n","protected":false},"excerpt":{"rendered":"<h2>Anwalt Arbeitsrecht Wernigerode &#8211; Experte  f\u00fcr \u00fcberregionale Mandate.<\/h2>\n<p><a href=\"https:\/\/dr-schmelzer.eu\/arbeitsrecht\/\" target=\"_blank\" rel=\"noopener\"><img loading=\"lazy\" decoding=\"async\" src=\"https:\/\/anwalt.rocks\/bilder\/arbeitsrecht\/anwalt-arbeitsrecht-600x600.webp\" alt=\"Rechtsanwalt Wernigerode Experte f\u00fcr Arbeitsrecht.\" title=\"Rechtsanwalt Wernigerode Experte f\u00fcr Arbeitsrecht.\" width=\"600\" height=\"600\" \/><\/a> <\/p>\n<h3>Rechtsanwalt Arbeitsrecht Wernigerode &#8211; Anwaltskanzlei Dr. Stephan Schmelzer.<\/h3>\n<p>Dr. Stephan Schmelzer bietet ma\u00dfgeschneiderte L\u00f6sungen f\u00fcr Ihre arbeitsrechtlichen Anliegen. Seit \u00fcber 25 Jahren im Arbeitsrecht t\u00e4tig, hat er sich als Fachanwalt seit 2002 &hellip;<\/p>","protected":false},"author":1,"featured_media":0,"comment_status":"closed","ping_status":"open","sticky":false,"template":"","format":"standard","meta":{"footnotes":""},"categories":[3],"tags":[],"class_list":["post-7599","post","type-post","status-publish","format-standard","hentry","category-fachanwalt"],"yoast_head":"<!-- This site is optimized with the Yoast SEO Premium plugin v27.1 (Yoast SEO v27.2) - https:\/\/yoast.com\/product\/yoast-seo-premium-wordpress\/ -->\n<title>Anwalt Arbeitsrecht Bad Lausick - Inzwischen \u00fcber 49 fr\u00f6hliche Mandanten.<\/title>\n<meta name=\"robots\" content=\"index, follow, max-snippet:-1, max-image-preview:large, max-video-preview:-1\" \/>\n<link rel=\"canonical\" href=\"https:\/\/anwalt.rocks\/arbeitsrecht\/bad-lausick\/\" \/>\n<meta property=\"og:locale\" content=\"de_DE\" \/>\n<meta property=\"og:type\" content=\"article\" \/>\n<meta property=\"og:title\" content=\"Anwalt Arbeitsrecht Bad Lausick - Inzwischen \u00fcber 49 fr\u00f6hliche Mandanten.\" \/>\n<meta property=\"og:description\" content=\"Anwalt Arbeitsrecht Wernigerode &#8211; Experte f\u00fcr \u00fcberregionale Mandate.  Rechtsanwalt Arbeitsrecht Wernigerode &#8211; Anwaltskanzlei Dr. Stephan Schmelzer. Dr. Stephan Schmelzer bietet ma\u00dfgeschneiderte L\u00f6sungen f\u00fcr Ihre arbeitsrechtlichen Anliegen. Seit \u00fcber 25 Jahren im Arbeitsrecht t\u00e4tig, hat er sich als Fachanwalt seit 2002 &hellip;\" \/>\n<meta property=\"og:url\" content=\"https:\/\/anwalt.rocks\/arbeitsrecht\/bad-lausick\/\" \/>\n<meta property=\"og:site_name\" content=\"Anwalt Arbeitsrecht in der N\u00e4he - Dr. Schmelzer\" \/>\n<meta property=\"article:published_time\" content=\"2025-01-04T19:24:03+00:00\" \/>\n<meta property=\"og:image\" content=\"https:\/\/anwalt.rocks\/bilder\/arbeitsrecht\/anwalt-arbeitsrecht-600x600.webp\" \/>\n<meta name=\"author\" content=\"admin\" \/>\n<meta name=\"twitter:card\" content=\"summary_large_image\" \/>\n<meta name=\"twitter:label1\" content=\"Verfasst von\" \/>\n\t<meta name=\"twitter:data1\" content=\"admin\" \/>\n\t<meta name=\"twitter:label2\" content=\"Gesch\u00e4tzte Lesezeit\" \/>\n\t<meta name=\"twitter:data2\" content=\"4\u00a0Minuten\" \/>\n<script type=\"application\/ld+json\" class=\"yoast-schema-graph\">{\"@context\":\"https:\/\/schema.org\",\"@graph\":[{\"@type\":\"Article\",\"@id\":\"https:\/\/anwalt.rocks\/arbeitsrecht\/bad-lausick\/#article\",\"isPartOf\":{\"@id\":\"https:\/\/anwalt.rocks\/arbeitsrecht\/bad-lausick\/\"},\"author\":{\"name\":\"admin\",\"@id\":\"https:\/\/anwalt.rocks\/arbeitsrecht\/#\/schema\/person\/3fd3b0fc4df170bb2460fbc934288e39\"},\"headline\":\"Anwalt Arbeitsrecht Bad Lausick &#8211; Inzwischen \u00fcber 49 fr\u00f6hliche Mandanten.\",\"datePublished\":\"2025-01-04T19:24:03+00:00\",\"mainEntityOfPage\":{\"@id\":\"https:\/\/anwalt.rocks\/arbeitsrecht\/bad-lausick\/\"},\"wordCount\":724,\"publisher\":{\"@id\":\"https:\/\/anwalt.rocks\/arbeitsrecht\/#organization\"},\"image\":{\"@id\":\"https:\/\/anwalt.rocks\/arbeitsrecht\/bad-lausick\/#primaryimage\"},\"thumbnailUrl\":\"https:\/\/anwalt.rocks\/bilder\/arbeitsrecht\/anwalt-arbeitsrecht-600x600.webp\",\"articleSection\":[\"Fachanwalt\"],\"inLanguage\":\"de\"},{\"@type\":\"WebPage\",\"@id\":\"https:\/\/anwalt.rocks\/arbeitsrecht\/bad-lausick\/\",\"url\":\"https:\/\/anwalt.rocks\/arbeitsrecht\/bad-lausick\/\",\"name\":\"Anwalt Arbeitsrecht Bad Lausick - Inzwischen \u00fcber 49 fr\u00f6hliche Mandanten.\",\"isPartOf\":{\"@id\":\"https:\/\/anwalt.rocks\/arbeitsrecht\/#website\"},\"primaryImageOfPage\":{\"@id\":\"https:\/\/anwalt.rocks\/arbeitsrecht\/bad-lausick\/#primaryimage\"},\"image\":{\"@id\":\"https:\/\/anwalt.rocks\/arbeitsrecht\/bad-lausick\/#primaryimage\"},\"thumbnailUrl\":\"https:\/\/anwalt.rocks\/bilder\/arbeitsrecht\/anwalt-arbeitsrecht-600x600.webp\",\"datePublished\":\"2025-01-04T19:24:03+00:00\",\"breadcrumb\":{\"@id\":\"https:\/\/anwalt.rocks\/arbeitsrecht\/bad-lausick\/#breadcrumb\"},\"inLanguage\":\"de\",\"potentialAction\":[{\"@type\":\"ReadAction\",\"target\":[\"https:\/\/anwalt.rocks\/arbeitsrecht\/bad-lausick\/\"]}]},{\"@type\":\"ImageObject\",\"inLanguage\":\"de\",\"@id\":\"https:\/\/anwalt.rocks\/arbeitsrecht\/bad-lausick\/#primaryimage\",\"url\":\"https:\/\/anwalt.rocks\/bilder\/arbeitsrecht\/anwalt-arbeitsrecht-600x600.webp\",\"contentUrl\":\"https:\/\/anwalt.rocks\/bilder\/arbeitsrecht\/anwalt-arbeitsrecht-600x600.webp\"},{\"@type\":\"BreadcrumbList\",\"@id\":\"https:\/\/anwalt.rocks\/arbeitsrecht\/bad-lausick\/#breadcrumb\",\"itemListElement\":[{\"@type\":\"ListItem\",\"position\":1,\"name\":\"Start\",\"item\":\"https:\/\/anwalt.rocks\/arbeitsrecht\/\"},{\"@type\":\"ListItem\",\"position\":2,\"name\":\"Anwalt Arbeitsrecht Bad Lausick &#8211; Inzwischen \u00fcber 49 fr\u00f6hliche Mandanten.\"}]},{\"@type\":\"WebSite\",\"@id\":\"https:\/\/anwalt.rocks\/arbeitsrecht\/#website\",\"url\":\"https:\/\/anwalt.rocks\/arbeitsrecht\/\",\"name\":\"Anwalt Arbeitsrecht in der N\u00e4he - Dr. Schmelzer\",\"description\":\"Kompetenzen und Vorteile von Dr. Stephan Schmelzer \u2013 Anwalt und Fachanwalt f\u00fcr Arbeitsrecht mit 25 j\u00e4hriger Berufspraxis.\",\"publisher\":{\"@id\":\"https:\/\/anwalt.rocks\/arbeitsrecht\/#organization\"},\"potentialAction\":[{\"@type\":\"SearchAction\",\"target\":{\"@type\":\"EntryPoint\",\"urlTemplate\":\"https:\/\/anwalt.rocks\/arbeitsrecht\/?s={search_term_string}\"},\"query-input\":{\"@type\":\"PropertyValueSpecification\",\"valueRequired\":true,\"valueName\":\"search_term_string\"}}],\"inLanguage\":\"de\"},{\"@type\":\"Organization\",\"@id\":\"https:\/\/anwalt.rocks\/arbeitsrecht\/#organization\",\"name\":\"Kanzlei Dr. Schmelzer\",\"url\":\"https:\/\/anwalt.rocks\/arbeitsrecht\/\",\"logo\":{\"@type\":\"ImageObject\",\"inLanguage\":\"de\",\"@id\":\"https:\/\/anwalt.rocks\/arbeitsrecht\/#\/schema\/logo\/image\/\",\"url\":\"https:\/\/anwalt.rocks\/arbeitsrecht\/wp-content\/uploads\/sites\/2\/2025\/01\/anwalt-arbeitsrecht-logo.png\",\"contentUrl\":\"https:\/\/anwalt.rocks\/arbeitsrecht\/wp-content\/uploads\/sites\/2\/2025\/01\/anwalt-arbeitsrecht-logo.png\",\"width\":450,\"height\":150,\"caption\":\"Kanzlei Dr. Schmelzer\"},\"image\":{\"@id\":\"https:\/\/anwalt.rocks\/arbeitsrecht\/#\/schema\/logo\/image\/\"}},{\"@type\":\"Person\",\"@id\":\"https:\/\/anwalt.rocks\/arbeitsrecht\/#\/schema\/person\/3fd3b0fc4df170bb2460fbc934288e39\",\"name\":\"admin\",\"image\":{\"@type\":\"ImageObject\",\"inLanguage\":\"de\",\"@id\":\"https:\/\/secure.gravatar.com\/avatar\/2a567a722e62dc61f1aaa46c6b595fa617f2003443806e3422a8fed77c029cfc?s=96&d=mm&r=g\",\"url\":\"https:\/\/secure.gravatar.com\/avatar\/2a567a722e62dc61f1aaa46c6b595fa617f2003443806e3422a8fed77c029cfc?s=96&d=mm&r=g\",\"contentUrl\":\"https:\/\/secure.gravatar.com\/avatar\/2a567a722e62dc61f1aaa46c6b595fa617f2003443806e3422a8fed77c029cfc?s=96&d=mm&r=g\",\"caption\":\"admin\"},\"sameAs\":[\"https:\/\/anwalt.rocks\"],\"url\":\"https:\/\/anwalt.rocks\/arbeitsrecht\/author\/admin\/\"}]}<\/script>\n<!-- \/ Yoast SEO Premium plugin. -->","yoast_head_json":{"title":"Anwalt Arbeitsrecht Bad Lausick - Inzwischen \u00fcber 49 fr\u00f6hliche Mandanten.","robots":{"index":"index","follow":"follow","max-snippet":"max-snippet:-1","max-image-preview":"max-image-preview:large","max-video-preview":"max-video-preview:-1"},"canonical":"https:\/\/anwalt.rocks\/arbeitsrecht\/bad-lausick\/","og_locale":"de_DE","og_type":"article","og_title":"Anwalt Arbeitsrecht Bad Lausick - Inzwischen \u00fcber 49 fr\u00f6hliche Mandanten.","og_description":"Anwalt Arbeitsrecht Wernigerode &#8211; Experte f\u00fcr \u00fcberregionale Mandate.  Rechtsanwalt Arbeitsrecht Wernigerode &#8211; Anwaltskanzlei Dr. Stephan Schmelzer. Dr. Stephan Schmelzer bietet ma\u00dfgeschneiderte L\u00f6sungen f\u00fcr Ihre arbeitsrechtlichen Anliegen. Seit \u00fcber 25 Jahren im Arbeitsrecht t\u00e4tig, hat er sich als Fachanwalt seit 2002 &hellip;","og_url":"https:\/\/anwalt.rocks\/arbeitsrecht\/bad-lausick\/","og_site_name":"Anwalt Arbeitsrecht in der N\u00e4he - Dr. Schmelzer","article_published_time":"2025-01-04T19:24:03+00:00","og_image":[{"url":"https:\/\/anwalt.rocks\/bilder\/arbeitsrecht\/anwalt-arbeitsrecht-600x600.webp","type":"","width":"","height":""}],"author":"admin","twitter_card":"summary_large_image","twitter_misc":{"Verfasst von":"admin","Gesch\u00e4tzte Lesezeit":"4\u00a0Minuten"},"schema":{"@context":"https:\/\/schema.org","@graph":[{"@type":"Article","@id":"https:\/\/anwalt.rocks\/arbeitsrecht\/bad-lausick\/#article","isPartOf":{"@id":"https:\/\/anwalt.rocks\/arbeitsrecht\/bad-lausick\/"},"author":{"name":"admin","@id":"https:\/\/anwalt.rocks\/arbeitsrecht\/#\/schema\/person\/3fd3b0fc4df170bb2460fbc934288e39"},"headline":"Anwalt Arbeitsrecht Bad Lausick &#8211; Inzwischen \u00fcber 49 fr\u00f6hliche Mandanten.","datePublished":"2025-01-04T19:24:03+00:00","mainEntityOfPage":{"@id":"https:\/\/anwalt.rocks\/arbeitsrecht\/bad-lausick\/"},"wordCount":724,"publisher":{"@id":"https:\/\/anwalt.rocks\/arbeitsrecht\/#organization"},"image":{"@id":"https:\/\/anwalt.rocks\/arbeitsrecht\/bad-lausick\/#primaryimage"},"thumbnailUrl":"https:\/\/anwalt.rocks\/bilder\/arbeitsrecht\/anwalt-arbeitsrecht-600x600.webp","articleSection":["Fachanwalt"],"inLanguage":"de"},{"@type":"WebPage","@id":"https:\/\/anwalt.rocks\/arbeitsrecht\/bad-lausick\/","url":"https:\/\/anwalt.rocks\/arbeitsrecht\/bad-lausick\/","name":"Anwalt Arbeitsrecht Bad Lausick - Inzwischen \u00fcber 49 fr\u00f6hliche Mandanten.","isPartOf":{"@id":"https:\/\/anwalt.rocks\/arbeitsrecht\/#website"},"primaryImageOfPage":{"@id":"https:\/\/anwalt.rocks\/arbeitsrecht\/bad-lausick\/#primaryimage"},"image":{"@id":"https:\/\/anwalt.rocks\/arbeitsrecht\/bad-lausick\/#primaryimage"},"thumbnailUrl":"https:\/\/anwalt.rocks\/bilder\/arbeitsrecht\/anwalt-arbeitsrecht-600x600.webp","datePublished":"2025-01-04T19:24:03+00:00","breadcrumb":{"@id":"https:\/\/anwalt.rocks\/arbeitsrecht\/bad-lausick\/#breadcrumb"},"inLanguage":"de","potentialAction":[{"@type":"ReadAction","target":["https:\/\/anwalt.rocks\/arbeitsrecht\/bad-lausick\/"]}]},{"@type":"ImageObject","inLanguage":"de","@id":"https:\/\/anwalt.rocks\/arbeitsrecht\/bad-lausick\/#primaryimage","url":"https:\/\/anwalt.rocks\/bilder\/arbeitsrecht\/anwalt-arbeitsrecht-600x600.webp","contentUrl":"https:\/\/anwalt.rocks\/bilder\/arbeitsrecht\/anwalt-arbeitsrecht-600x600.webp"},{"@type":"BreadcrumbList","@id":"https:\/\/anwalt.rocks\/arbeitsrecht\/bad-lausick\/#breadcrumb","itemListElement":[{"@type":"ListItem","position":1,"name":"Start","item":"https:\/\/anwalt.rocks\/arbeitsrecht\/"},{"@type":"ListItem","position":2,"name":"Anwalt Arbeitsrecht Bad Lausick &#8211; Inzwischen \u00fcber 49 fr\u00f6hliche Mandanten."}]},{"@type":"WebSite","@id":"https:\/\/anwalt.rocks\/arbeitsrecht\/#website","url":"https:\/\/anwalt.rocks\/arbeitsrecht\/","name":"Anwalt Arbeitsrecht in der N\u00e4he - Dr. Schmelzer","description":"Kompetenzen und Vorteile von Dr. Stephan Schmelzer \u2013 Anwalt und Fachanwalt f\u00fcr Arbeitsrecht mit 25 j\u00e4hriger Berufspraxis.","publisher":{"@id":"https:\/\/anwalt.rocks\/arbeitsrecht\/#organization"},"potentialAction":[{"@type":"SearchAction","target":{"@type":"EntryPoint","urlTemplate":"https:\/\/anwalt.rocks\/arbeitsrecht\/?s={search_term_string}"},"query-input":{"@type":"PropertyValueSpecification","valueRequired":true,"valueName":"search_term_string"}}],"inLanguage":"de"},{"@type":"Organization","@id":"https:\/\/anwalt.rocks\/arbeitsrecht\/#organization","name":"Kanzlei Dr. Schmelzer","url":"https:\/\/anwalt.rocks\/arbeitsrecht\/","logo":{"@type":"ImageObject","inLanguage":"de","@id":"https:\/\/anwalt.rocks\/arbeitsrecht\/#\/schema\/logo\/image\/","url":"https:\/\/anwalt.rocks\/arbeitsrecht\/wp-content\/uploads\/sites\/2\/2025\/01\/anwalt-arbeitsrecht-logo.png","contentUrl":"https:\/\/anwalt.rocks\/arbeitsrecht\/wp-content\/uploads\/sites\/2\/2025\/01\/anwalt-arbeitsrecht-logo.png","width":450,"height":150,"caption":"Kanzlei Dr. Schmelzer"},"image":{"@id":"https:\/\/anwalt.rocks\/arbeitsrecht\/#\/schema\/logo\/image\/"}},{"@type":"Person","@id":"https:\/\/anwalt.rocks\/arbeitsrecht\/#\/schema\/person\/3fd3b0fc4df170bb2460fbc934288e39","name":"admin","image":{"@type":"ImageObject","inLanguage":"de","@id":"https:\/\/secure.gravatar.com\/avatar\/2a567a722e62dc61f1aaa46c6b595fa617f2003443806e3422a8fed77c029cfc?s=96&d=mm&r=g","url":"https:\/\/secure.gravatar.com\/avatar\/2a567a722e62dc61f1aaa46c6b595fa617f2003443806e3422a8fed77c029cfc?s=96&d=mm&r=g","contentUrl":"https:\/\/secure.gravatar.com\/avatar\/2a567a722e62dc61f1aaa46c6b595fa617f2003443806e3422a8fed77c029cfc?s=96&d=mm&r=g","caption":"admin"},"sameAs":["https:\/\/anwalt.rocks"],"url":"https:\/\/anwalt.rocks\/arbeitsrecht\/author\/admin\/"}]}},"_links":{"self":[{"href":"https:\/\/anwalt.rocks\/arbeitsrecht\/wp-json\/wp\/v2\/posts\/7599","targetHints":{"allow":["GET"]}}],"collection":[{"href":"https:\/\/anwalt.rocks\/arbeitsrecht\/wp-json\/wp\/v2\/posts"}],"about":[{"href":"https:\/\/anwalt.rocks\/arbeitsrecht\/wp-json\/wp\/v2\/types\/post"}],"author":[{"embeddable":true,"href":"https:\/\/anwalt.rocks\/arbeitsrecht\/wp-json\/wp\/v2\/users\/1"}],"replies":[{"embeddable":true,"href":"https:\/\/anwalt.rocks\/arbeitsrecht\/wp-json\/wp\/v2\/comments?post=7599"}],"version-history":[{"count":0,"href":"https:\/\/anwalt.rocks\/arbeitsrecht\/wp-json\/wp\/v2\/posts\/7599\/revisions"}],"wp:attachment":[{"href":"https:\/\/anwalt.rocks\/arbeitsrecht\/wp-json\/wp\/v2\/media?parent=7599"}],"wp:term":[{"taxonomy":"category","embeddable":true,"href":"https:\/\/anwalt.rocks\/arbeitsrecht\/wp-json\/wp\/v2\/categories?post=7599"},{"taxonomy":"post_tag","embeddable":true,"href":"https:\/\/anwalt.rocks\/arbeitsrecht\/wp-json\/wp\/v2\/tags?post=7599"}],"curies":[{"name":"wp","href":"https:\/\/api.w.org\/{rel}","templated":true}]}}