{"id":7633,"date":"2025-01-13T15:45:53","date_gmt":"2025-01-13T14:45:53","guid":{"rendered":"https:\/\/anwalt.rocks\/arbeitsrecht\/bad-schwalbach\/"},"modified":"2025-01-13T15:45:53","modified_gmt":"2025-01-13T14:45:53","slug":"bad-schwalbach","status":"publish","type":"post","link":"https:\/\/anwalt.rocks\/arbeitsrecht\/bad-schwalbach\/","title":{"rendered":"Anwalt Bad Schwalbach in Sachen Arbeitsrecht."},"content":{"rendered":"<span class=\"span-reading-time rt-reading-time\" style=\"display: block;\"><span class=\"rt-label rt-prefix\">Lesedauer<\/span> <span class=\"rt-time\"> 3<\/span> <span class=\"rt-label rt-postfix\">Minuten<\/span><\/span><h2>Kanzlei Dr. Stephan Schmelzer Rechtsanwalt f\u00fcr Arbeitsrecht Bad Schwalbach.<\/h2>\n<p><a href=\"https:\/\/dr-schmelzer.eu\/arbeitsrecht\/\" target=\"_blank\" rel=\"noopener\"><img loading=\"lazy\" decoding=\"async\" src=\"https:\/\/anwalt.rocks\/bilder\/arbeitsrecht\/anwalt-arbeitsrecht-600x600.webp\" alt=\"Anwalt Bad Schwalbach in Sachen Arbeitsrecht.\" title=\"Anwalt Bad Schwalbach in Sachen Arbeitsrecht.\" width=\"600\" height=\"600\" \/><\/a> <\/p>\n<h3>Fachanwalt Arbeitsrecht Bad Schwalbach &#8211; Anwaltskanzlei Dr. Stephan Schmelzer.<\/h3>\n<p>F\u00fcr umfassende Beratung im Arbeitsrecht ist Dr. Stephan Schmelzer Ihr Ansprechpartner. Seit 2002 tr\u00e4gt er den Titel Fachanwalt f\u00fcr Arbeitsrecht und wird weit \u00fcber die Region Ahlen hinaus gesch\u00e4tzt. Seit \u00fcber 20 Jahren f\u00fchrt Dr. Schmelzer seine Kanzlei und ist bekannt f\u00fcr individuelle Betreuung und juristische Exzellenz. Seine juristische Doppelqualifikation im Arbeits- und IT-Recht verschafft Dr. Schmelzer einen entscheidenden Vorteil in der modernen Arbeitswelt. &#8211; <a title=\"Anwalt Arbeitsrecht Flensburg\" href=\"https:\/\/anwalt.rocks\/arbeitsrecht\/flensburg\/\">Anwalt Arbeitsrecht Flensburg<\/a><\/p>\n<p><a href=\"https:\/\/dr-schmelzer.eu\/arbeitsrecht\/\" target=\"_blank\" rel=\"noopener\"><img loading=\"lazy\" decoding=\"async\" src=\"https:\/\/anwalt.rocks\/bilder\/arbeitsrecht\/rechtsanwalt-arbeitsrecht-600x600.webp\" alt=\"Anwalt Arbeitsrecht Bad Schwalbach\" title=\"Anwalt Arbeitsrecht Bad Schwalbach\" width=\"600\" height=\"600\" \/><\/a> <\/p>\n<h3>Anwaltskanzlei Dr. Stephan Schmelzer &#8211; Fachanwalt f\u00fcr Arbeitsrecht Bad Schwalbach.<\/h3>\n<p>W\u00e4hrend IT-Recht erg\u00e4nzend behandelt wird, ist das Arbeitsrecht \u2013 sowohl national als auch global \u2013 sein Schwerpunkt. Von Vertragsgestaltung bis K\u00fcndigungsschutz: Dr. Schmelzer bietet umfassende Beratung im Arbeitsrecht und ma\u00dfgeschneiderte Ans\u00e4tze. Mit einer einzigartigen Kombination aus langj\u00e4hriger Praxis und pers\u00f6nlichem Engagement hat er sich als Experte etabliert. &#8211; <a title=\"Anwalt Ober\u00f6sterreich\" href=\"https:\/\/anwalt.rocks\/arbeitsrecht\/oberoesterreich\/\">Anwalt Ober\u00f6sterreich<\/a><\/p>\n<h3>Hohes Durchsetzungsverm\u00f6gen &#8211; 25 Jahre Erfahrung als Rechtsanwalt Bad Schwalbach.<\/h3>\n<p>Die juristischen Anforderungen f\u00fcr Arbeitgeber reichen heute von der Gestaltung von Arbeitsvertr\u00e4gen bis zu komplexen Restrukturierungen. Unternehmen k\u00f6nnen auf Dr. Schmelzers praxisnahe Expertise vertrauen, um rechtliche Risiken zu minimieren und praktikable L\u00f6sungen umzusetzen. Unter seinen Dienstleistungen finden sich: &#8211; <a title=\"Anwalt Arbeitsrecht Neukirchen\" href=\"https:\/\/anwalt.rocks\/arbeitsrecht\/neukirchen\/\">Anwalt Arbeitsrecht Neukirchen<\/a><\/p>\n<h3>Anwalt Arbeitsrecht Bad Schwalbach 44 \u00fcbergl\u00fcckliche Klienten.<\/h3>\n<p>Entwicklung und Analyse von Arbeitsvertr\u00e4gen, die juristisch wasserdicht und flexibel gestaltet sind. Konzeption flexibler L\u00f6sungen f\u00fcr Arbeitszeit und Verg\u00fctung, die optimal an die Unternehmensbed\u00fcrfnisse angepasst sind. &#8211; <a title=\"Anwalt Arbeitsrecht Freystadt\" href=\"https:\/\/anwalt.rocks\/arbeitsrecht\/freystadt\/\">Anwalt Arbeitsrecht Freystadt<\/a><\/p>\n<h3>Deshalb f\u00e4llt die Entscheidung auf diesen erfahrenen Anwalt Bad Schwalbach:<\/h3>\n<p>Begleitung bei der Erstellung rechtssicherer K\u00fcndigungen aus unterschiedlichen Gr\u00fcnden. Verringerung rechtlicher Fallstricke und Betreuung durch den gesamten K\u00fcndigungsprozess.<\/p>\n<h3>Hohe Kompetenz sowie durchsetzungsstark.<\/h3>\n<p>Beratung zur Mitwirkung des Betriebsrats bei strategischen Unternehmensentscheidungen. Unterst\u00fctzung bei der Verhandlung und Einf\u00fchrung von Betriebsvereinbarungen. Planung und juristische Unterst\u00fctzung bei der Umsetzung von Restrukturierungsprozessen. Fachkundige Vertretung in arbeitsrechtlichen Gerichtsverfahren, wie K\u00fcndigungsschutzklagen und Entfristungsverfahren. Fokussierung auf die wirkungsvolle und strategische Sicherung unternehmerischer Belange.<\/p>\n<h3>Anwalt Arbeitsrecht Bad Schwalbach &#8211; Fachanwalt Dr. Schmelzer.<\/h3>\n<p>Dr. Schmelzers umfangreiches Fachwissen kommt ebenfalls Arbeitnehmern zugute. Besonders in Konflikten ist er ein loyaler Unterst\u00fctzer, der sich mit vollem Einsatz engagiert. Im Kern der Dienstleistungen stehen:<\/p>\n<p>Vertretung und Unterst\u00fctzung bei K\u00fcndigungsschutzklagen vor dem Arbeitsgericht. Beratung und Verhandlung zu Abfindungen und erg\u00e4nzenden Ausgleichszahlungen. Vertretung und Unterst\u00fctzung bei K\u00fcndigungsschutzklagen vor dem Arbeitsgericht. Beratung und Verhandlung zu Abfindungen und erg\u00e4nzenden Ausgleichszahlungen.<\/p>\n<p>Rechtliche Begleitung und Verhandlung von Abfindungen bei Aufhebungsvertr\u00e4gen. Hilfe bei der \u00dcberarbeitung von Arbeitszeugnissen zur Beseitigung unklarer Formulierungen. Unterst\u00fctzung bei der Kl\u00e4rung und Durchsetzung korrekter Zeugnisbewertungen vor Gericht. Weniger Ausgaben Hilfe bei der Durchsetzung rechtlicher Anspr\u00fcche auf Lohn und Gehalt. Vertretung in F\u00e4llen von Entgeltklagen und offenen Anspr\u00fcchen auf \u00dcberstundenverg\u00fctungen. Analyse von Abmahnungen mit der Zielsetzung, unrechtm\u00e4\u00dfige Ma\u00dfnahmen aufzuheben.<\/p>\n<h4>Mandanten Vertreung f\u00fcr Arbeitgeber sowie Arbeitnehmer f\u00fcr Anwalt Arbeitsrecht Bad Schwalbach.<\/h4>\n<p>Restrukturierung und die L\u00f6sung von Konflikten \u2013 ein Fachbereich, in dem Dr. Schmelzer herausragt. Die Beratung von Unternehmen w\u00e4hrend der Restrukturierung bildet einen besonderen Fokus von Dr. Schmelzer. Neben rechtlichem Know-how sind diplomatische Verhandlungskompetenz und \u00f6konomisches Verst\u00e4ndnis zentral.<\/p>\n<p>Anwalt Bad Schwalbach Res\u00fcmee: Die Planung und Realisierung von Interessenausgleichen und Sozialpl\u00e4nen sind zentrale T\u00e4tigkeitsfelder von Dr. Schmelzer. Im Fokus steht die Schaffung einer L\u00f6sung, die von allen Seiten akzeptiert werden kann. Seine strategische Denkweise und sein umfangreiches Fachwissen machen Dr. Schmelzer zu einem gesch\u00e4tzten Partner in Verhandlungen mit Gewerkschaften und Betriebsr\u00e4ten.<\/p>\n<p>Der Fachanwalt f\u00fcr Arbeitsrecht sieht in jedem Fall eine neue Herausforderung, die gezielte L\u00f6sungen verlangt. F\u00fcr Dr. Schmelzer steht die Zufriedenheit seiner Mandanten im Mittelpunkt, sei es durch Verhandlungen oder durch gerichtliche Vertretung. Er setzt auf eine klare Kommunikation und eine partnerschaftliche Zusammenarbeit mit seinen Mandanten. Dr. Schmelzer setzt alles daran, die W\u00fcnsche und Erwartungen seiner Mandanten zu erf\u00fcllen. Die positiven R\u00fcckmeldungen seiner Mandanten und seine erfolgreiche Arbeit belegen seine professionelle Vorgehensweise. Mit der Kanzlei Dr. Stephan Schmelzer steht Ihnen ein erfahrener Partner zur Verf\u00fcgung, der Arbeitnehmer und Arbeitgeber begleitet.<\/p>\n<article class=\"contact contact-list post-2600 profile type-profile status-publish has-post-thumbnail hentry\" data-contact=\"2600\">\n    \n    <div class=\"media\">\n        <div class=\"media-left\">\n            <a  href=\"#\" data-toggle=\"modal\" data-target=\"#ContactModal\"  title=\"Anna L., 34 Jahre, aus Hamburg jetzt Kontakt aufnehmen!\">\n                <img loading=\"lazy\" decoding=\"async\" width=\"500\" height=\"500\" src=\"https:\/\/anwalt.rocks\/arbeitsrecht\/wp-content\/uploads\/sites\/2\/2025\/01\/meinung-01.jpg\" class=\"contact-image media-object wp-post-image\" alt=\"Anna L., 34 Jahre, aus Hamburg\" srcset=\"https:\/\/anwalt.rocks\/arbeitsrecht\/wp-content\/uploads\/sites\/2\/2025\/01\/meinung-01.jpg 500w, https:\/\/anwalt.rocks\/arbeitsrecht\/wp-content\/uploads\/sites\/2\/2025\/01\/meinung-01-300x300.jpg 300w, https:\/\/anwalt.rocks\/arbeitsrecht\/wp-content\/uploads\/sites\/2\/2025\/01\/meinung-01-150x150.jpg 150w\" sizes=\"auto, (max-width: 500px) 100vw, 500px\" \/>            <\/a>\n        <\/div>\n\n        <div class=\"media-body\">\n                        <p class=\"h2 media-heading\">\n                <a  href=\"#\" data-toggle=\"modal\" data-target=\"#ContactModal\"  title=\"Anna L., 34 Jahre, aus Hamburg jetzt Kontakt aufnehmen!\">\n                    <span class=\"contact-name\">Anna L., 34 Jahre, aus Hamburg<\/span>\n                <\/a>\n\n                <span class=\"contact-text\"><\/span> <span class=\"contact-city\"><a href=\"https:\/\/anwalt.rocks\/arbeitsrecht\/region\/neustadt-koenigsbach\/\">Anwalt Arbeitsrecht Neustadt K\u00f6nigsbach<\/a><\/span>            <\/p>\n\n            <div class=\"quote\"><p>Ich hatte ein riesiges Problem mit meinem Arbeitgeber, nachdem ich nach meiner Elternzeit wieder in den Job einsteigen wollte. Pl\u00f6tzlich sollte ich in eine komplett andere Abteilung wechseln, obwohl das nie vereinbart war. Eine Freundin empfahl mir Dr. Stephan Schmelzer, &hellip;<\/p><\/div>\n            <a class=\"btn btn-cta\"  href=\"#\" data-toggle=\"modal\" data-target=\"#ContactModal\"  title=\"Anna L., 34 Jahre, aus Hamburg jetzt Kontakt aufnehmen!\">\n                Nachricht senden            <\/a>\n        <\/div>\n    <\/div>\n<\/article><article class=\"contact contact-list post-2646 profile type-profile status-publish has-post-thumbnail hentry\" data-contact=\"2646\">\n    \n    <div class=\"media\">\n        <div class=\"media-left\">\n            <a  href=\"#\" data-toggle=\"modal\" data-target=\"#ContactModal\"  title=\"Ulrich H. jetzt Kontakt aufnehmen!\">\n                <img loading=\"lazy\" decoding=\"async\" width=\"500\" height=\"500\" src=\"https:\/\/anwalt.rocks\/arbeitsrecht\/wp-content\/uploads\/sites\/2\/2025\/01\/meinung-16.jpg\" class=\"contact-image media-object wp-post-image\" alt=\"Ulrich H.\" srcset=\"https:\/\/anwalt.rocks\/arbeitsrecht\/wp-content\/uploads\/sites\/2\/2025\/01\/meinung-16.jpg 500w, https:\/\/anwalt.rocks\/arbeitsrecht\/wp-content\/uploads\/sites\/2\/2025\/01\/meinung-16-300x300.jpg 300w, https:\/\/anwalt.rocks\/arbeitsrecht\/wp-content\/uploads\/sites\/2\/2025\/01\/meinung-16-150x150.jpg 150w\" sizes=\"auto, (max-width: 500px) 100vw, 500px\" \/>            <\/a>\n        <\/div>\n\n        <div class=\"media-body\">\n                        <p class=\"h2 media-heading\">\n                <a  href=\"#\" data-toggle=\"modal\" data-target=\"#ContactModal\"  title=\"Ulrich H. jetzt Kontakt aufnehmen!\">\n                    <span class=\"contact-name\">Ulrich H.<\/span>\n                <\/a>\n\n                <span class=\"contact-text\"><\/span> <span class=\"contact-city\"><a href=\"https:\/\/anwalt.rocks\/arbeitsrecht\/region\/mallentin\/\">Anwalt Arbeitsrecht Mallentin<\/a><\/span>            <\/p>\n\n            <div class=\"quote\"><p>Anwalt Schmelzer hat mir in einem schwierigen Fall von Diskriminierung am Arbeitsplatz geholfen. Er hat mich nicht nur juristisch unterst\u00fctzt, sondern mir auch moralisch viel R\u00fcckhalt gegeben. Dank ihm wurde mein Fall erfolgreich gel\u00f6st, und ich f\u00fchle mich endlich wieder &hellip;<\/p><\/div>\n            <a class=\"btn btn-cta\"  href=\"#\" data-toggle=\"modal\" data-target=\"#ContactModal\"  title=\"Ulrich H. jetzt Kontakt aufnehmen!\">\n                Nachricht senden            <\/a>\n        <\/div>\n    <\/div>\n<\/article><article class=\"contact contact-list post-2640 profile type-profile status-publish has-post-thumbnail hentry\" data-contact=\"2640\">\n    \n    <div class=\"media\">\n        <div class=\"media-left\">\n            <a  href=\"#\" data-toggle=\"modal\" data-target=\"#ContactModal\"  title=\"Klaus D. jetzt Kontakt aufnehmen!\">\n                <img loading=\"lazy\" decoding=\"async\" width=\"500\" height=\"500\" src=\"https:\/\/anwalt.rocks\/arbeitsrecht\/wp-content\/uploads\/sites\/2\/2025\/01\/meinung-14.jpg\" class=\"contact-image media-object wp-post-image\" alt=\"Klaus D.\" srcset=\"https:\/\/anwalt.rocks\/arbeitsrecht\/wp-content\/uploads\/sites\/2\/2025\/01\/meinung-14.jpg 500w, https:\/\/anwalt.rocks\/arbeitsrecht\/wp-content\/uploads\/sites\/2\/2025\/01\/meinung-14-300x300.jpg 300w, https:\/\/anwalt.rocks\/arbeitsrecht\/wp-content\/uploads\/sites\/2\/2025\/01\/meinung-14-150x150.jpg 150w\" sizes=\"auto, (max-width: 500px) 100vw, 500px\" \/>            <\/a>\n        <\/div>\n\n        <div class=\"media-body\">\n                        <p class=\"h2 media-heading\">\n                <a  href=\"#\" data-toggle=\"modal\" data-target=\"#ContactModal\"  title=\"Klaus D. jetzt Kontakt aufnehmen!\">\n                    <span class=\"contact-name\">Klaus D.<\/span>\n                <\/a>\n\n                <span class=\"contact-text\"><\/span> <span class=\"contact-city\"><a href=\"https:\/\/anwalt.rocks\/arbeitsrecht\/region\/triftern\/\">Anwalt Arbeitsrecht Triftern<\/a><\/span>            <\/p>\n\n            <div class=\"quote\"><p>Nach einer internen Umstrukturierung sollte ich pl\u00f6tzlich in eine andere Stadt versetzt werden. Dieser Fachanwalt f\u00fcr Arbeitsrecht hat sich intensiv mit meinem Fall besch\u00e4ftigt und meine Rechte erfolgreich durchgesetzt. Ich konnte meinen bisherigen Arbeitsplatz behalten. Seine Kompetenz und sein Einsatz &hellip;<\/p><\/div>\n            <a class=\"btn btn-cta\"  href=\"#\" data-toggle=\"modal\" data-target=\"#ContactModal\"  title=\"Klaus D. jetzt Kontakt aufnehmen!\">\n                Nachricht senden            <\/a>\n        <\/div>\n    <\/div>\n<\/article><article class=\"contact contact-list post-2612 profile type-profile status-publish has-post-thumbnail hentry\" data-contact=\"2612\">\n    \n    <div class=\"media\">\n        <div class=\"media-left\">\n            <a  href=\"#\" data-toggle=\"modal\" data-target=\"#ContactModal\"  title=\"Clara M., 32 Jahre, aus Leipzig jetzt Kontakt aufnehmen!\">\n                <img loading=\"lazy\" decoding=\"async\" width=\"500\" height=\"500\" src=\"https:\/\/anwalt.rocks\/arbeitsrecht\/wp-content\/uploads\/sites\/2\/2025\/01\/meinung-05.jpg\" class=\"contact-image media-object wp-post-image\" alt=\"Clara M., 32 Jahre, aus Leipzig\" srcset=\"https:\/\/anwalt.rocks\/arbeitsrecht\/wp-content\/uploads\/sites\/2\/2025\/01\/meinung-05.jpg 500w, https:\/\/anwalt.rocks\/arbeitsrecht\/wp-content\/uploads\/sites\/2\/2025\/01\/meinung-05-300x300.jpg 300w, https:\/\/anwalt.rocks\/arbeitsrecht\/wp-content\/uploads\/sites\/2\/2025\/01\/meinung-05-150x150.jpg 150w\" sizes=\"auto, (max-width: 500px) 100vw, 500px\" \/>            <\/a>\n        <\/div>\n\n        <div class=\"media-body\">\n                        <p class=\"h2 media-heading\">\n                <a  href=\"#\" data-toggle=\"modal\" data-target=\"#ContactModal\"  title=\"Clara M., 32 Jahre, aus Leipzig jetzt Kontakt aufnehmen!\">\n                    <span class=\"contact-name\">Clara M., 32 Jahre, aus Leipzig<\/span>\n                <\/a>\n\n                <span class=\"contact-text\"><\/span> <span class=\"contact-city\"><a href=\"https:\/\/anwalt.rocks\/arbeitsrecht\/region\/sommersdorf-boerde\/\">Anwalt Arbeitsrecht Sommersdorf B\u00f6rde<\/a><\/span>            <\/p>\n\n            <div class=\"quote\"><p>Als ich pl\u00f6tzlich eine Abmahnung wegen angeblicher Unp\u00fcnktlichkeit erhielt, war ich geschockt. Das stimmte \u00fcberhaupt nicht! Dr. Schmelzer wurde mir von einem Kollegen empfohlen, und ich war sofort begeistert von seiner Expertise. Er konnte die Abmahnung erfolgreich aus meiner Personalakte &hellip;<\/p><\/div>\n            <a class=\"btn btn-cta\"  href=\"#\" data-toggle=\"modal\" data-target=\"#ContactModal\"  title=\"Clara M., 32 Jahre, aus Leipzig jetzt Kontakt aufnehmen!\">\n                Nachricht senden            <\/a>\n        <\/div>\n    <\/div>\n<\/article><article class=\"contact contact-list post-2643 profile type-profile status-publish has-post-thumbnail hentry\" data-contact=\"2643\">\n    \n    <div class=\"media\">\n        <div class=\"media-left\">\n            <a  href=\"#\" data-toggle=\"modal\" data-target=\"#ContactModal\"  title=\"Marco R. jetzt Kontakt aufnehmen!\">\n                <img loading=\"lazy\" decoding=\"async\" width=\"500\" height=\"500\" src=\"https:\/\/anwalt.rocks\/arbeitsrecht\/wp-content\/uploads\/sites\/2\/2025\/01\/meinung-15.jpg\" class=\"contact-image media-object wp-post-image\" alt=\"Marco R.\" srcset=\"https:\/\/anwalt.rocks\/arbeitsrecht\/wp-content\/uploads\/sites\/2\/2025\/01\/meinung-15.jpg 500w, https:\/\/anwalt.rocks\/arbeitsrecht\/wp-content\/uploads\/sites\/2\/2025\/01\/meinung-15-300x300.jpg 300w, https:\/\/anwalt.rocks\/arbeitsrecht\/wp-content\/uploads\/sites\/2\/2025\/01\/meinung-15-150x150.jpg 150w\" sizes=\"auto, (max-width: 500px) 100vw, 500px\" \/>            <\/a>\n        <\/div>\n\n        <div class=\"media-body\">\n                        <p class=\"h2 media-heading\">\n                <a  href=\"#\" data-toggle=\"modal\" data-target=\"#ContactModal\"  title=\"Marco R. jetzt Kontakt aufnehmen!\">\n                    <span class=\"contact-name\">Marco R.<\/span>\n                <\/a>\n\n                <span class=\"contact-text\"><\/span> <span class=\"contact-city\"><a href=\"https:\/\/anwalt.rocks\/arbeitsrecht\/region\/nordrhein-westfalen\/\">Anwalt Arbeitsrecht Nordrhein-Westfalen<\/a><\/span>            <\/p>\n\n            <div class=\"quote\"><p>Ich hatte ein Problem mit einer unwirksamen Befristung in meinem Arbeitsvertrag. RA Schmelzer hat den Fall \u00fcbernommen und konnte schnell eine Festanstellung f\u00fcr mich aushandeln. Seine Fachkenntnisse und seine freundliche Art haben mich sehr \u00fcberzeugt. Ich kann ihn nur w\u00e4rmstens &hellip;<\/p><\/div>\n            <a class=\"btn btn-cta\"  href=\"#\" data-toggle=\"modal\" data-target=\"#ContactModal\"  title=\"Marco R. jetzt Kontakt aufnehmen!\">\n                Nachricht senden            <\/a>\n        <\/div>\n    <\/div>\n<\/article>\n<div class=\"blogposts\"><ul><li><a href=\"https:\/\/anwalt.rocks\/arbeitsrecht\/regen\/\" title=\"Fachanwalt im Bereich Arbeits- und IT Recht Regen.\">Fachanwalt im Bereich Arbeits- und IT Recht Regen.<\/a><\/li><li><a href=\"https:\/\/anwalt.rocks\/arbeitsrecht\/quickborn\/\" title=\"Anwalt Arbeitsrecht Quickborn &#8211; Mehr als 56 zufriedene Mandanten.\">Anwalt Arbeitsrecht Quickborn &#8211; Mehr als 56 zufriedene Mandanten.<\/a><\/li><li><a href=\"https:\/\/anwalt.rocks\/arbeitsrecht\/leipzig\/\" title=\"Anwalt Leipzig Arbeitsrecht Betreuung f\u00fcr Arbeitnehmer und Arbeitgeber.\">Anwalt Leipzig Arbeitsrecht Betreuung f\u00fcr Arbeitnehmer und Arbeitgeber.<\/a><\/li><li><a href=\"https:\/\/anwalt.rocks\/arbeitsrecht\/krautheim\/\" title=\"Kanzlei Dr. Stephan Schmelzer Rechtsanwalt Arbeitsrecht Krautheim.\">Kanzlei Dr. Stephan Schmelzer Rechtsanwalt Arbeitsrecht Krautheim.<\/a><\/li><li><a href=\"https:\/\/anwalt.rocks\/arbeitsrecht\/dassel\/\" title=\"Fachanwalt f\u00fcr Arbeits- und IT Recht Dassel.\">Fachanwalt f\u00fcr Arbeits- und IT Recht Dassel.<\/a><\/li><li><a href=\"https:\/\/anwalt.rocks\/arbeitsrecht\/meissen\/\" title=\"Fachanwalt zum Thema IT- und Arbeitsrecht Mei\u00dfen.\">Fachanwalt zum Thema IT- und Arbeitsrecht Mei\u00dfen.<\/a><\/li><li><a href=\"https:\/\/anwalt.rocks\/arbeitsrecht\/gransee\/\" title=\"Anwalt Gransee Arbeitsrecht Betreuung f\u00fcr Arbeitnehmer und Arbeitgeber.\">Anwalt Gransee Arbeitsrecht Betreuung f\u00fcr Arbeitnehmer und Arbeitgeber.<\/a><\/li><\/ul><\/div>\n","protected":false},"excerpt":{"rendered":"<h2>Kanzlei Dr. Stephan Schmelzer Rechtsanwalt f\u00fcr Arbeits- und IT Recht Gransee.<\/h2>\n<p><a href=\"https:\/\/dr-schmelzer.eu\/arbeitsrecht\/\" target=\"_blank\" rel=\"noopener\"><img loading=\"lazy\" decoding=\"async\" src=\"https:\/\/anwalt.rocks\/bilder\/arbeitsrecht\/anwalt-arbeitsrecht-600x600.webp\" alt=\"Anwalt Gransee Arbeitsrecht Betreuung f\u00fcr Arbeitnehmer und Arbeitgeber.\" title=\"Anwalt Gransee Arbeitsrecht Betreuung f\u00fcr Arbeitnehmer und Arbeitgeber.\" width=\"600\" height=\"600\" \/><\/a> <\/p>\n<h3>Fachanwalt IT- und Arbeitsrecht Gransee &#8211; Soziet\u00e4t Dr. Stephan Schmelzer.<\/h3>\n<p>Arbeitsrecht ist seine St\u00e4rke: Dr. Stephan Schmelzer ist f\u00fcr Sie da. Seit 2002 ist er Fachanwalt f\u00fcr Arbeitsrecht und &hellip;<\/p>","protected":false},"author":1,"featured_media":0,"comment_status":"closed","ping_status":"open","sticky":false,"template":"","format":"standard","meta":{"footnotes":""},"categories":[3],"tags":[],"class_list":["post-7633","post","type-post","status-publish","format-standard","hentry","category-fachanwalt"],"yoast_head":"<!-- This site is optimized with the Yoast SEO Premium plugin v27.1 (Yoast SEO v27.2) - https:\/\/yoast.com\/product\/yoast-seo-premium-wordpress\/ -->\n<title>Anwalt Bad Schwalbach in Sachen Arbeitsrecht.<\/title>\n<meta name=\"robots\" content=\"index, follow, max-snippet:-1, max-image-preview:large, max-video-preview:-1\" \/>\n<link rel=\"canonical\" href=\"https:\/\/anwalt.rocks\/arbeitsrecht\/bad-schwalbach\/\" \/>\n<meta property=\"og:locale\" content=\"de_DE\" \/>\n<meta property=\"og:type\" content=\"article\" \/>\n<meta property=\"og:title\" content=\"Anwalt Bad Schwalbach in Sachen Arbeitsrecht.\" \/>\n<meta property=\"og:description\" content=\"Kanzlei Dr. Stephan Schmelzer Rechtsanwalt f\u00fcr Arbeits- und IT Recht Gransee.  Fachanwalt IT- und Arbeitsrecht Gransee &#8211; Soziet\u00e4t Dr. Stephan Schmelzer. Arbeitsrecht ist seine St\u00e4rke: Dr. Stephan Schmelzer ist f\u00fcr Sie da. Seit 2002 ist er Fachanwalt f\u00fcr Arbeitsrecht und &hellip;\" \/>\n<meta property=\"og:url\" content=\"https:\/\/anwalt.rocks\/arbeitsrecht\/bad-schwalbach\/\" \/>\n<meta property=\"og:site_name\" content=\"Anwalt Arbeitsrecht in der N\u00e4he - Dr. Schmelzer\" \/>\n<meta property=\"article:published_time\" content=\"2025-01-13T14:45:53+00:00\" \/>\n<meta property=\"og:image\" content=\"https:\/\/anwalt.rocks\/bilder\/arbeitsrecht\/anwalt-arbeitsrecht-600x600.webp\" \/>\n<meta name=\"author\" content=\"admin\" \/>\n<meta name=\"twitter:card\" content=\"summary_large_image\" \/>\n<meta name=\"twitter:label1\" content=\"Verfasst von\" \/>\n\t<meta name=\"twitter:data1\" content=\"admin\" \/>\n\t<meta name=\"twitter:label2\" content=\"Gesch\u00e4tzte Lesezeit\" \/>\n\t<meta name=\"twitter:data2\" content=\"4\u00a0Minuten\" \/>\n<script type=\"application\/ld+json\" class=\"yoast-schema-graph\">{\"@context\":\"https:\/\/schema.org\",\"@graph\":[{\"@type\":\"Article\",\"@id\":\"https:\/\/anwalt.rocks\/arbeitsrecht\/bad-schwalbach\/#article\",\"isPartOf\":{\"@id\":\"https:\/\/anwalt.rocks\/arbeitsrecht\/bad-schwalbach\/\"},\"author\":{\"name\":\"admin\",\"@id\":\"https:\/\/anwalt.rocks\/arbeitsrecht\/#\/schema\/person\/3fd3b0fc4df170bb2460fbc934288e39\"},\"headline\":\"Anwalt Bad Schwalbach in Sachen Arbeitsrecht.\",\"datePublished\":\"2025-01-13T14:45:53+00:00\",\"mainEntityOfPage\":{\"@id\":\"https:\/\/anwalt.rocks\/arbeitsrecht\/bad-schwalbach\/\"},\"wordCount\":713,\"publisher\":{\"@id\":\"https:\/\/anwalt.rocks\/arbeitsrecht\/#organization\"},\"image\":{\"@id\":\"https:\/\/anwalt.rocks\/arbeitsrecht\/bad-schwalbach\/#primaryimage\"},\"thumbnailUrl\":\"https:\/\/anwalt.rocks\/bilder\/arbeitsrecht\/anwalt-arbeitsrecht-600x600.webp\",\"articleSection\":[\"Fachanwalt\"],\"inLanguage\":\"de\"},{\"@type\":\"WebPage\",\"@id\":\"https:\/\/anwalt.rocks\/arbeitsrecht\/bad-schwalbach\/\",\"url\":\"https:\/\/anwalt.rocks\/arbeitsrecht\/bad-schwalbach\/\",\"name\":\"Anwalt Bad Schwalbach in Sachen Arbeitsrecht.\",\"isPartOf\":{\"@id\":\"https:\/\/anwalt.rocks\/arbeitsrecht\/#website\"},\"primaryImageOfPage\":{\"@id\":\"https:\/\/anwalt.rocks\/arbeitsrecht\/bad-schwalbach\/#primaryimage\"},\"image\":{\"@id\":\"https:\/\/anwalt.rocks\/arbeitsrecht\/bad-schwalbach\/#primaryimage\"},\"thumbnailUrl\":\"https:\/\/anwalt.rocks\/bilder\/arbeitsrecht\/anwalt-arbeitsrecht-600x600.webp\",\"datePublished\":\"2025-01-13T14:45:53+00:00\",\"breadcrumb\":{\"@id\":\"https:\/\/anwalt.rocks\/arbeitsrecht\/bad-schwalbach\/#breadcrumb\"},\"inLanguage\":\"de\",\"potentialAction\":[{\"@type\":\"ReadAction\",\"target\":[\"https:\/\/anwalt.rocks\/arbeitsrecht\/bad-schwalbach\/\"]}]},{\"@type\":\"ImageObject\",\"inLanguage\":\"de\",\"@id\":\"https:\/\/anwalt.rocks\/arbeitsrecht\/bad-schwalbach\/#primaryimage\",\"url\":\"https:\/\/anwalt.rocks\/bilder\/arbeitsrecht\/anwalt-arbeitsrecht-600x600.webp\",\"contentUrl\":\"https:\/\/anwalt.rocks\/bilder\/arbeitsrecht\/anwalt-arbeitsrecht-600x600.webp\"},{\"@type\":\"BreadcrumbList\",\"@id\":\"https:\/\/anwalt.rocks\/arbeitsrecht\/bad-schwalbach\/#breadcrumb\",\"itemListElement\":[{\"@type\":\"ListItem\",\"position\":1,\"name\":\"Start\",\"item\":\"https:\/\/anwalt.rocks\/arbeitsrecht\/\"},{\"@type\":\"ListItem\",\"position\":2,\"name\":\"Anwalt Bad Schwalbach in Sachen Arbeitsrecht.\"}]},{\"@type\":\"WebSite\",\"@id\":\"https:\/\/anwalt.rocks\/arbeitsrecht\/#website\",\"url\":\"https:\/\/anwalt.rocks\/arbeitsrecht\/\",\"name\":\"Anwalt Arbeitsrecht in der N\u00e4he - Dr. Schmelzer\",\"description\":\"Kompetenzen und Vorteile von Dr. Stephan Schmelzer \u2013 Anwalt und Fachanwalt f\u00fcr Arbeitsrecht mit 25 j\u00e4hriger Berufspraxis.\",\"publisher\":{\"@id\":\"https:\/\/anwalt.rocks\/arbeitsrecht\/#organization\"},\"potentialAction\":[{\"@type\":\"SearchAction\",\"target\":{\"@type\":\"EntryPoint\",\"urlTemplate\":\"https:\/\/anwalt.rocks\/arbeitsrecht\/?s={search_term_string}\"},\"query-input\":{\"@type\":\"PropertyValueSpecification\",\"valueRequired\":true,\"valueName\":\"search_term_string\"}}],\"inLanguage\":\"de\"},{\"@type\":\"Organization\",\"@id\":\"https:\/\/anwalt.rocks\/arbeitsrecht\/#organization\",\"name\":\"Kanzlei Dr. Schmelzer\",\"url\":\"https:\/\/anwalt.rocks\/arbeitsrecht\/\",\"logo\":{\"@type\":\"ImageObject\",\"inLanguage\":\"de\",\"@id\":\"https:\/\/anwalt.rocks\/arbeitsrecht\/#\/schema\/logo\/image\/\",\"url\":\"https:\/\/anwalt.rocks\/arbeitsrecht\/wp-content\/uploads\/sites\/2\/2025\/01\/anwalt-arbeitsrecht-logo.png\",\"contentUrl\":\"https:\/\/anwalt.rocks\/arbeitsrecht\/wp-content\/uploads\/sites\/2\/2025\/01\/anwalt-arbeitsrecht-logo.png\",\"width\":450,\"height\":150,\"caption\":\"Kanzlei Dr. Schmelzer\"},\"image\":{\"@id\":\"https:\/\/anwalt.rocks\/arbeitsrecht\/#\/schema\/logo\/image\/\"}},{\"@type\":\"Person\",\"@id\":\"https:\/\/anwalt.rocks\/arbeitsrecht\/#\/schema\/person\/3fd3b0fc4df170bb2460fbc934288e39\",\"name\":\"admin\",\"image\":{\"@type\":\"ImageObject\",\"inLanguage\":\"de\",\"@id\":\"https:\/\/secure.gravatar.com\/avatar\/2a567a722e62dc61f1aaa46c6b595fa617f2003443806e3422a8fed77c029cfc?s=96&d=mm&r=g\",\"url\":\"https:\/\/secure.gravatar.com\/avatar\/2a567a722e62dc61f1aaa46c6b595fa617f2003443806e3422a8fed77c029cfc?s=96&d=mm&r=g\",\"contentUrl\":\"https:\/\/secure.gravatar.com\/avatar\/2a567a722e62dc61f1aaa46c6b595fa617f2003443806e3422a8fed77c029cfc?s=96&d=mm&r=g\",\"caption\":\"admin\"},\"sameAs\":[\"https:\/\/anwalt.rocks\"],\"url\":\"https:\/\/anwalt.rocks\/arbeitsrecht\/author\/admin\/\"}]}<\/script>\n<!-- \/ Yoast SEO Premium plugin. -->","yoast_head_json":{"title":"Anwalt Bad Schwalbach in Sachen Arbeitsrecht.","robots":{"index":"index","follow":"follow","max-snippet":"max-snippet:-1","max-image-preview":"max-image-preview:large","max-video-preview":"max-video-preview:-1"},"canonical":"https:\/\/anwalt.rocks\/arbeitsrecht\/bad-schwalbach\/","og_locale":"de_DE","og_type":"article","og_title":"Anwalt Bad Schwalbach in Sachen Arbeitsrecht.","og_description":"Kanzlei Dr. Stephan Schmelzer Rechtsanwalt f\u00fcr Arbeits- und IT Recht Gransee.  Fachanwalt IT- und Arbeitsrecht Gransee &#8211; Soziet\u00e4t Dr. Stephan Schmelzer. Arbeitsrecht ist seine St\u00e4rke: Dr. Stephan Schmelzer ist f\u00fcr Sie da. Seit 2002 ist er Fachanwalt f\u00fcr Arbeitsrecht und &hellip;","og_url":"https:\/\/anwalt.rocks\/arbeitsrecht\/bad-schwalbach\/","og_site_name":"Anwalt Arbeitsrecht in der N\u00e4he - Dr. Schmelzer","article_published_time":"2025-01-13T14:45:53+00:00","og_image":[{"url":"https:\/\/anwalt.rocks\/bilder\/arbeitsrecht\/anwalt-arbeitsrecht-600x600.webp","type":"","width":"","height":""}],"author":"admin","twitter_card":"summary_large_image","twitter_misc":{"Verfasst von":"admin","Gesch\u00e4tzte Lesezeit":"4\u00a0Minuten"},"schema":{"@context":"https:\/\/schema.org","@graph":[{"@type":"Article","@id":"https:\/\/anwalt.rocks\/arbeitsrecht\/bad-schwalbach\/#article","isPartOf":{"@id":"https:\/\/anwalt.rocks\/arbeitsrecht\/bad-schwalbach\/"},"author":{"name":"admin","@id":"https:\/\/anwalt.rocks\/arbeitsrecht\/#\/schema\/person\/3fd3b0fc4df170bb2460fbc934288e39"},"headline":"Anwalt Bad Schwalbach in Sachen Arbeitsrecht.","datePublished":"2025-01-13T14:45:53+00:00","mainEntityOfPage":{"@id":"https:\/\/anwalt.rocks\/arbeitsrecht\/bad-schwalbach\/"},"wordCount":713,"publisher":{"@id":"https:\/\/anwalt.rocks\/arbeitsrecht\/#organization"},"image":{"@id":"https:\/\/anwalt.rocks\/arbeitsrecht\/bad-schwalbach\/#primaryimage"},"thumbnailUrl":"https:\/\/anwalt.rocks\/bilder\/arbeitsrecht\/anwalt-arbeitsrecht-600x600.webp","articleSection":["Fachanwalt"],"inLanguage":"de"},{"@type":"WebPage","@id":"https:\/\/anwalt.rocks\/arbeitsrecht\/bad-schwalbach\/","url":"https:\/\/anwalt.rocks\/arbeitsrecht\/bad-schwalbach\/","name":"Anwalt Bad Schwalbach in Sachen Arbeitsrecht.","isPartOf":{"@id":"https:\/\/anwalt.rocks\/arbeitsrecht\/#website"},"primaryImageOfPage":{"@id":"https:\/\/anwalt.rocks\/arbeitsrecht\/bad-schwalbach\/#primaryimage"},"image":{"@id":"https:\/\/anwalt.rocks\/arbeitsrecht\/bad-schwalbach\/#primaryimage"},"thumbnailUrl":"https:\/\/anwalt.rocks\/bilder\/arbeitsrecht\/anwalt-arbeitsrecht-600x600.webp","datePublished":"2025-01-13T14:45:53+00:00","breadcrumb":{"@id":"https:\/\/anwalt.rocks\/arbeitsrecht\/bad-schwalbach\/#breadcrumb"},"inLanguage":"de","potentialAction":[{"@type":"ReadAction","target":["https:\/\/anwalt.rocks\/arbeitsrecht\/bad-schwalbach\/"]}]},{"@type":"ImageObject","inLanguage":"de","@id":"https:\/\/anwalt.rocks\/arbeitsrecht\/bad-schwalbach\/#primaryimage","url":"https:\/\/anwalt.rocks\/bilder\/arbeitsrecht\/anwalt-arbeitsrecht-600x600.webp","contentUrl":"https:\/\/anwalt.rocks\/bilder\/arbeitsrecht\/anwalt-arbeitsrecht-600x600.webp"},{"@type":"BreadcrumbList","@id":"https:\/\/anwalt.rocks\/arbeitsrecht\/bad-schwalbach\/#breadcrumb","itemListElement":[{"@type":"ListItem","position":1,"name":"Start","item":"https:\/\/anwalt.rocks\/arbeitsrecht\/"},{"@type":"ListItem","position":2,"name":"Anwalt Bad Schwalbach in Sachen Arbeitsrecht."}]},{"@type":"WebSite","@id":"https:\/\/anwalt.rocks\/arbeitsrecht\/#website","url":"https:\/\/anwalt.rocks\/arbeitsrecht\/","name":"Anwalt Arbeitsrecht in der N\u00e4he - Dr. Schmelzer","description":"Kompetenzen und Vorteile von Dr. Stephan Schmelzer \u2013 Anwalt und Fachanwalt f\u00fcr Arbeitsrecht mit 25 j\u00e4hriger Berufspraxis.","publisher":{"@id":"https:\/\/anwalt.rocks\/arbeitsrecht\/#organization"},"potentialAction":[{"@type":"SearchAction","target":{"@type":"EntryPoint","urlTemplate":"https:\/\/anwalt.rocks\/arbeitsrecht\/?s={search_term_string}"},"query-input":{"@type":"PropertyValueSpecification","valueRequired":true,"valueName":"search_term_string"}}],"inLanguage":"de"},{"@type":"Organization","@id":"https:\/\/anwalt.rocks\/arbeitsrecht\/#organization","name":"Kanzlei Dr. Schmelzer","url":"https:\/\/anwalt.rocks\/arbeitsrecht\/","logo":{"@type":"ImageObject","inLanguage":"de","@id":"https:\/\/anwalt.rocks\/arbeitsrecht\/#\/schema\/logo\/image\/","url":"https:\/\/anwalt.rocks\/arbeitsrecht\/wp-content\/uploads\/sites\/2\/2025\/01\/anwalt-arbeitsrecht-logo.png","contentUrl":"https:\/\/anwalt.rocks\/arbeitsrecht\/wp-content\/uploads\/sites\/2\/2025\/01\/anwalt-arbeitsrecht-logo.png","width":450,"height":150,"caption":"Kanzlei Dr. Schmelzer"},"image":{"@id":"https:\/\/anwalt.rocks\/arbeitsrecht\/#\/schema\/logo\/image\/"}},{"@type":"Person","@id":"https:\/\/anwalt.rocks\/arbeitsrecht\/#\/schema\/person\/3fd3b0fc4df170bb2460fbc934288e39","name":"admin","image":{"@type":"ImageObject","inLanguage":"de","@id":"https:\/\/secure.gravatar.com\/avatar\/2a567a722e62dc61f1aaa46c6b595fa617f2003443806e3422a8fed77c029cfc?s=96&d=mm&r=g","url":"https:\/\/secure.gravatar.com\/avatar\/2a567a722e62dc61f1aaa46c6b595fa617f2003443806e3422a8fed77c029cfc?s=96&d=mm&r=g","contentUrl":"https:\/\/secure.gravatar.com\/avatar\/2a567a722e62dc61f1aaa46c6b595fa617f2003443806e3422a8fed77c029cfc?s=96&d=mm&r=g","caption":"admin"},"sameAs":["https:\/\/anwalt.rocks"],"url":"https:\/\/anwalt.rocks\/arbeitsrecht\/author\/admin\/"}]}},"_links":{"self":[{"href":"https:\/\/anwalt.rocks\/arbeitsrecht\/wp-json\/wp\/v2\/posts\/7633","targetHints":{"allow":["GET"]}}],"collection":[{"href":"https:\/\/anwalt.rocks\/arbeitsrecht\/wp-json\/wp\/v2\/posts"}],"about":[{"href":"https:\/\/anwalt.rocks\/arbeitsrecht\/wp-json\/wp\/v2\/types\/post"}],"author":[{"embeddable":true,"href":"https:\/\/anwalt.rocks\/arbeitsrecht\/wp-json\/wp\/v2\/users\/1"}],"replies":[{"embeddable":true,"href":"https:\/\/anwalt.rocks\/arbeitsrecht\/wp-json\/wp\/v2\/comments?post=7633"}],"version-history":[{"count":0,"href":"https:\/\/anwalt.rocks\/arbeitsrecht\/wp-json\/wp\/v2\/posts\/7633\/revisions"}],"wp:attachment":[{"href":"https:\/\/anwalt.rocks\/arbeitsrecht\/wp-json\/wp\/v2\/media?parent=7633"}],"wp:term":[{"taxonomy":"category","embeddable":true,"href":"https:\/\/anwalt.rocks\/arbeitsrecht\/wp-json\/wp\/v2\/categories?post=7633"},{"taxonomy":"post_tag","embeddable":true,"href":"https:\/\/anwalt.rocks\/arbeitsrecht\/wp-json\/wp\/v2\/tags?post=7633"}],"curies":[{"name":"wp","href":"https:\/\/api.w.org\/{rel}","templated":true}]}}