{"id":7987,"date":"2025-01-08T08:08:53","date_gmt":"2025-01-08T07:08:53","guid":{"rendered":"https:\/\/anwalt.rocks\/arbeitsrecht\/eisfeld\/"},"modified":"2025-01-08T08:08:53","modified_gmt":"2025-01-08T07:08:53","slug":"eisfeld","status":"publish","type":"post","link":"https:\/\/anwalt.rocks\/arbeitsrecht\/eisfeld\/","title":{"rendered":"Anwalt Arbeitsrecht Eisfeld &#8211; Mittlerweile 50 \u00fcbergl\u00fcckliche Kunden."},"content":{"rendered":"<span class=\"span-reading-time rt-reading-time\" style=\"display: block;\"><span class=\"rt-label rt-prefix\">Lesedauer<\/span> <span class=\"rt-time\"> 3<\/span> <span class=\"rt-label rt-postfix\">Minuten<\/span><\/span><h2>Spezialist Arbeits- und IT Recht Eisfeld f\u00fcr Arbeitgeber sowie Arbeitnehmer f\u00fcr Teilzeit und flexible Arbeitszeit.<\/h2>\n<p><a href=\"https:\/\/dr-schmelzer.eu\/arbeitsrecht\/\" target=\"_blank\" rel=\"noopener\"><img loading=\"lazy\" decoding=\"async\" src=\"https:\/\/anwalt.rocks\/bilder\/arbeitsrecht\/anwalt-arbeitsrecht-600x600.webp\" alt=\"Anwalt Arbeitsrecht Eisfeld - Mittlerweile 50 \u00fcbergl\u00fcckliche Kunden.\" title=\"Anwalt Arbeitsrecht Eisfeld - Mittlerweile 50 \u00fcbergl\u00fcckliche Kunden.\" width=\"600\" height=\"600\" \/><\/a> <\/p>\n<h3>Fachanwalt Arbeitsrecht Eisfeld &#8211; Soziet\u00e4t Dr. Stephan Schmelzer.<\/h3>\n<p>F\u00fcr alle arbeitsrechtlichen Anliegen ist Dr. Stephan Schmelzer Ihr vertrauensvoller Berater. Mit seiner Fachanwaltszulassung im Arbeitsrecht seit 2002 und \u00fcber 25 Jahren Expertise ist er weit \u00fcber Ahlen hinaus anerkannt. Seine Kanzlei, die er seit \u00fcber zwei Jahrzehnten erfolgreich leitet, steht f\u00fcr professionelle Beratung und juristische Qualit\u00e4t. Mit fundierter Expertise in Arbeitsrecht und IT-Recht ber\u00e4t Dr. Schmelzer Mandanten optimal in der digitalen Arbeitswelt. &#8211; <a title=\"Anwalt Arbeitsrecht Rostock\" href=\"https:\/\/anwalt.rocks\/arbeitsrecht\/rostock\/\">Anwalt Arbeitsrecht Rostock<\/a><\/p>\n<p><a href=\"https:\/\/dr-schmelzer.eu\/arbeitsrecht\/\" target=\"_blank\" rel=\"noopener\"><img loading=\"lazy\" decoding=\"async\" src=\"https:\/\/anwalt.rocks\/bilder\/arbeitsrecht\/rechtsanwalt-arbeitsrecht-600x600.webp\" alt=\"Anwalt Arbeitsrecht Eisfeld\" title=\"Anwalt Arbeitsrecht Eisfeld\" width=\"600\" height=\"600\" \/><\/a> <\/p>\n<h3>Soziet\u00e4t Dr. Stephan Schmelzer &#8211; Spezialist f\u00fcr Arbeitsrecht Eisfeld.<\/h3>\n<p>W\u00e4hrend IT-Recht erg\u00e4nzend behandelt wird, ist das Arbeitsrecht \u2013 sowohl national als auch global \u2013 sein Schwerpunkt. Alle Themen des Arbeitsrechts werden von Dr. Schmelzer abgedeckt, der individuell auf die Anliegen seiner Mandanten eingeht. Mit seiner F\u00e4higkeit, sich individuell auf Mandanten einzustellen, und seiner Erfahrung z\u00e4hlt er zu den gefragtesten Anw\u00e4lten. &#8211; <a title=\"Anwalt Kupferberg\" href=\"https:\/\/anwalt.rocks\/arbeitsrecht\/kupferberg\/\">Anwalt Kupferberg<\/a><\/p>\n<h3>Zuverl\u00e4ssig und kompetent &#8211; Fest drei Jahrzehnte Anwaltserfahrung als Anwalt Eisfeld.<\/h3>\n<p>Arbeitgeber m\u00fcssen heute eine Vielzahl juristischer Anforderungen erf\u00fcllen, von Arbeitsvertr\u00e4gen bis zu Restrukturierungsprozessen. Unternehmen profitieren von Dr. Schmelzers praxisorientierter Beratung, die darauf abzielt, rechtliche H\u00fcrden zu \u00fcberwinden und effiziente Strategien zu entwickeln. Seine Dienstleistungen umfassen: &#8211; <a title=\"Anwalt Arbeitsrecht Wassenberg\" href=\"https:\/\/anwalt.rocks\/arbeitsrecht\/wassenberg\/\">Anwalt Arbeitsrecht Wassenberg<\/a><\/p>\n<h3>Anwalt Arbeitsrecht Eisfeld 50 \u00fcbergl\u00fcckliche Kunden.<\/h3>\n<p>Gestaltung und Kontrolle flexibler Arbeitsvertr\u00e4ge, die juristisch einwandfrei sind. Erstellung von Arbeitszeit- und Verg\u00fctungsmodellen, die flexibel und den Unternehmensanforderungen entsprechend gestaltet sind. &#8211; <a title=\"Anwalt Arbeitsrecht Pregarten\" href=\"https:\/\/anwalt.rocks\/arbeitsrecht\/pregarten\/\">Anwalt Arbeitsrecht Pregarten<\/a><\/p>\n<h3>Wieso w\u00e4hlt man den zuverl\u00e4ssigen Anwalt Eisfeld:<\/h3>\n<p>Beratung bei der rechtssicheren Erstellung von K\u00fcndigungen aus betrieblichen oder personenbezogenen Ursachen. Senkung juristischer Risiken und professionelle Beratung bei jeder Phase der K\u00fcndigung.<\/p>\n<h3>Kompetent und auch durchsetzungsstark.<\/h3>\n<p>Beratung zur rechtssicheren Mitwirkung des Betriebsrats bei unternehmerischen Entscheidungen. Unterst\u00fctzung bei der Entwicklung und Einf\u00fchrung von praktikablen Betriebsvereinbarungen. Strategische Beratung und rechtliche Unterst\u00fctzung w\u00e4hrend der Durchf\u00fchrung von Restrukturierungen. Unterst\u00fctzung bei gerichtlichen Verfahren, wie K\u00fcndigungsschutzklagen, Entfristungsklagen und anderen arbeitsrechtlichen Themen. Ausrichtung auf eine durchdachte und erfolgreiche Sicherung der Rechte des Unternehmens.<\/p>\n<h3>Anwalt Arbeitsrecht Eisfeld &#8211; Spezialist Dr. Schmelzer.<\/h3>\n<p>Die Erfahrung von Dr. Schmelzer bietet Arbeitnehmern wertvolle Unterst\u00fctzung. In kritischen Situationen ist er ein starker Partner, der sich entschlossen f\u00fcr seine Mandanten einsetzt. Die angebotenen Fachgebiete beinhalten:<\/p>\n<p>Beratung und rechtliche Unterst\u00fctzung bei K\u00fcndigungsschutzverfahren vor dem Arbeitsgericht. Verhandlungen \u00fcber angemessene Abfindungen und finanzielle Ausgleichszahlungen. Beratung und rechtliche Unterst\u00fctzung bei K\u00fcndigungsschutzverfahren vor dem Arbeitsgericht. Verhandlungen \u00fcber angemessene Abfindungen und finanzielle Ausgleichszahlungen.<\/p>\n<p>Unterst\u00fctzung bei Verhandlungen zu Abfindungsh\u00f6hen und Beratung bei Aufhebungsvertr\u00e4gen. Unterst\u00fctzung bei der Analyse und Bearbeitung von Zeugnissen zur Verbesserung der Aussagekraft. Prozessvertretung in Zeugnisklagen zur Korrektur unrichtiger Beurteilungen. Weniger Kosten Beratung und rechtliche Unterst\u00fctzung bei der Durchsetzung von Lohnforderungen. Begleitung bei Entgeltklagen und der Durchsetzung von \u00dcberstundenverg\u00fctungen. Pr\u00fcfung von Abmahnungen und Erstellung von Strategien zur Abwehr ungerechtfertigter Ma\u00dfnahmen.<\/p>\n<h4>Mandanten Vertreung f\u00fcr Arbeitgeber sowie Arbeitnehmer f\u00fcr Anwalt Arbeitsrecht Eisfeld.<\/h4>\n<p>Restrukturierung und Konfliktbew\u00e4ltigung \u2013 zwei Schwerpunkte, die Dr. Schmelzer vereint. Dr. Schmelzer ist Experte f\u00fcr die Beratung von Unternehmen in Restrukturierungsphasen. Erforderlich sind nicht nur juristische Kenntnisse, sondern auch ausgepr\u00e4gte Verhandlungsf\u00e4higkeiten und wirtschaftliches Know-how.<\/p>\n<p>Anwalt Eisfeld Zusammenfassung: Dr. Schmelzer hat sich auf die Planung und Umsetzung von Interessenausgleichen und Sozialpl\u00e4nen spezialisiert. Ziel ist es, eine L\u00f6sung zu finden, die f\u00fcr alle Beteiligten tragbar ist. Dank seiner strategischen Kompetenz und seines fundierten Fachwissens ist Dr. Schmelzer ein gefragter Ansprechpartner bei Verhandlungen mit Gewerkschaften und Betriebsr\u00e4ten.<\/p>\n<p>Jeder Fall ist f\u00fcr den Fachanwalt f\u00fcr Arbeitsrecht eine neue Herausforderung, die gezielte Betreuung braucht. Sein Anliegen ist es, die Interessen seiner Mandanten bestm\u00f6glich zu vertreten, sei es au\u00dfergerichtlich oder durch Prozessf\u00fchrung. Transparenz und eine partnerschaftliche Kommunikation mit seinen Mandanten pr\u00e4gen seine Arbeitsweise. Dr. Schmelzer strebt danach, die Zufriedenheit seiner Mandanten in allen Belangen sicherzustellen. Erfolge und das positive Feedback seiner Mandanten unterstreichen seine l\u00f6sungsorientierte Herangehensweise. Mit der Kanzlei Dr. Stephan Schmelzer steht Ihnen ein erfahrener Partner zur Verf\u00fcgung, der Arbeitnehmer und Arbeitgeber begleitet.<\/p>\n<article class=\"contact contact-list post-2622 profile type-profile status-publish has-post-thumbnail hentry\" data-contact=\"2622\">\n    \n    <div class=\"media\">\n        <div class=\"media-left\">\n            <a  href=\"#\" data-toggle=\"modal\" data-target=\"#ContactModal\"  title=\"Sabine T., 22 Jahre, aus Frankfurt jetzt Kontakt aufnehmen!\">\n                <img loading=\"lazy\" decoding=\"async\" width=\"500\" height=\"500\" src=\"https:\/\/anwalt.rocks\/arbeitsrecht\/wp-content\/uploads\/sites\/2\/2025\/01\/meinung-08.jpg\" class=\"contact-image media-object wp-post-image\" alt=\"Sabine T., 22 Jahre, aus Frankfurt\" srcset=\"https:\/\/anwalt.rocks\/arbeitsrecht\/wp-content\/uploads\/sites\/2\/2025\/01\/meinung-08.jpg 500w, https:\/\/anwalt.rocks\/arbeitsrecht\/wp-content\/uploads\/sites\/2\/2025\/01\/meinung-08-300x300.jpg 300w, https:\/\/anwalt.rocks\/arbeitsrecht\/wp-content\/uploads\/sites\/2\/2025\/01\/meinung-08-150x150.jpg 150w\" sizes=\"auto, (max-width: 500px) 100vw, 500px\" \/>            <\/a>\n        <\/div>\n\n        <div class=\"media-body\">\n                        <p class=\"h2 media-heading\">\n                <a  href=\"#\" data-toggle=\"modal\" data-target=\"#ContactModal\"  title=\"Sabine T., 22 Jahre, aus Frankfurt jetzt Kontakt aufnehmen!\">\n                    <span class=\"contact-name\">Sabine T., 22 Jahre, aus Frankfurt<\/span>\n                <\/a>\n\n                <span class=\"contact-text\"><\/span> <span class=\"contact-city\"><a href=\"https:\/\/anwalt.rocks\/arbeitsrecht\/region\/herbertingen\/\">Anwalt Arbeitsrecht Herbertingen<\/a><\/span>            <\/p>\n\n            <div class=\"quote\"><p>Ich hatte ein Problem mit meinem Teilzeitvertrag, da mein Arbeitgeber mich pl\u00f6tzlich zu vielen \u00dcberstunden verpflichten wollte. Herr Schmelzer hat mich wunderbar beraten und schnell eine Kl\u00e4rung herbeigef\u00fchrt. Seine Kompetenz und Freundlichkeit haben mich \u00fcberzeugt. Ich f\u00fchlte mich jederzeit ernst &hellip;<\/p><\/div>\n            <a class=\"btn btn-cta\"  href=\"#\" data-toggle=\"modal\" data-target=\"#ContactModal\"  title=\"Sabine T., 22 Jahre, aus Frankfurt jetzt Kontakt aufnehmen!\">\n                Nachricht senden            <\/a>\n        <\/div>\n    <\/div>\n<\/article><article class=\"contact contact-list post-2615 profile type-profile status-publish has-post-thumbnail hentry\" data-contact=\"2615\">\n    \n    <div class=\"media\">\n        <div class=\"media-left\">\n            <a  href=\"#\" data-toggle=\"modal\" data-target=\"#ContactModal\"  title=\"Julia F., 25 Jahre, aus Dresden jetzt Kontakt aufnehmen!\">\n                <img loading=\"lazy\" decoding=\"async\" width=\"500\" height=\"500\" src=\"https:\/\/anwalt.rocks\/arbeitsrecht\/wp-content\/uploads\/sites\/2\/2025\/01\/meinung-06.jpg\" class=\"contact-image media-object wp-post-image\" alt=\"Julia F., 25 Jahre, aus Dresden\" srcset=\"https:\/\/anwalt.rocks\/arbeitsrecht\/wp-content\/uploads\/sites\/2\/2025\/01\/meinung-06.jpg 500w, https:\/\/anwalt.rocks\/arbeitsrecht\/wp-content\/uploads\/sites\/2\/2025\/01\/meinung-06-300x300.jpg 300w, https:\/\/anwalt.rocks\/arbeitsrecht\/wp-content\/uploads\/sites\/2\/2025\/01\/meinung-06-150x150.jpg 150w\" sizes=\"auto, (max-width: 500px) 100vw, 500px\" \/>            <\/a>\n        <\/div>\n\n        <div class=\"media-body\">\n                        <p class=\"h2 media-heading\">\n                <a  href=\"#\" data-toggle=\"modal\" data-target=\"#ContactModal\"  title=\"Julia F., 25 Jahre, aus Dresden jetzt Kontakt aufnehmen!\">\n                    <span class=\"contact-name\">Julia F., 25 Jahre, aus Dresden<\/span>\n                <\/a>\n\n                <span class=\"contact-text\"><\/span> <span class=\"contact-city\"><a href=\"https:\/\/anwalt.rocks\/arbeitsrecht\/region\/storkow-mark\/\">Anwalt Arbeitsrecht Storkow Mark<\/a><\/span>            <\/p>\n\n            <div class=\"quote\"><p>Dr. Schmelzer hat mir wirklich das Leben erleichtert! Mein Arbeitgeber wollte mir pl\u00f6tzlich weniger Gehalt zahlen, obwohl mein Vertrag etwas anderes vorsah. Dieser tolle Anwalt hat meinen Fall \u00fcbernommen und schnell eine L\u00f6sung gefunden. Sein Wissen im Arbeitsrecht ist beeindruckend, &hellip;<\/p><\/div>\n            <a class=\"btn btn-cta\"  href=\"#\" data-toggle=\"modal\" data-target=\"#ContactModal\"  title=\"Julia F., 25 Jahre, aus Dresden jetzt Kontakt aufnehmen!\">\n                Nachricht senden            <\/a>\n        <\/div>\n    <\/div>\n<\/article><article class=\"contact contact-list post-2606 profile type-profile status-publish has-post-thumbnail hentry\" data-contact=\"2606\">\n    \n    <div class=\"media\">\n        <div class=\"media-left\">\n            <a  href=\"#\" data-toggle=\"modal\" data-target=\"#ContactModal\"  title=\"Maria P., 29 Jahre, aus Stuttgart jetzt Kontakt aufnehmen!\">\n                <img loading=\"lazy\" decoding=\"async\" width=\"500\" height=\"500\" src=\"https:\/\/anwalt.rocks\/arbeitsrecht\/wp-content\/uploads\/sites\/2\/2025\/01\/meinung-03.jpg\" class=\"contact-image media-object wp-post-image\" alt=\"Maria P., 29 Jahre, aus Stuttgart\" srcset=\"https:\/\/anwalt.rocks\/arbeitsrecht\/wp-content\/uploads\/sites\/2\/2025\/01\/meinung-03.jpg 500w, https:\/\/anwalt.rocks\/arbeitsrecht\/wp-content\/uploads\/sites\/2\/2025\/01\/meinung-03-300x300.jpg 300w, https:\/\/anwalt.rocks\/arbeitsrecht\/wp-content\/uploads\/sites\/2\/2025\/01\/meinung-03-150x150.jpg 150w\" sizes=\"auto, (max-width: 500px) 100vw, 500px\" \/>            <\/a>\n        <\/div>\n\n        <div class=\"media-body\">\n                        <p class=\"h2 media-heading\">\n                <a  href=\"#\" data-toggle=\"modal\" data-target=\"#ContactModal\"  title=\"Maria P., 29 Jahre, aus Stuttgart jetzt Kontakt aufnehmen!\">\n                    <span class=\"contact-name\">Maria P., 29 Jahre, aus Stuttgart<\/span>\n                <\/a>\n\n                <span class=\"contact-text\"><\/span> <span class=\"contact-city\"><a href=\"https:\/\/anwalt.rocks\/arbeitsrecht\/region\/remlingen-unterfranken\/\">Anwalt Arbeitsrecht Remlingen Unterfranken<\/a><\/span>            <\/p>\n\n            <div class=\"quote\"><p>Herr Dr. Schmelzer ist einfach ein toller Anwalt! In meinem Fall ging es um Mobbing am Arbeitsplatz. Ich wusste nicht mehr weiter, aber Herr Dr. Schmelzer hat mir Mut gemacht und klare Schritte vorgeschlagen. Er hat nicht nur mein Recht &hellip;<\/p><\/div>\n            <a class=\"btn btn-cta\"  href=\"#\" data-toggle=\"modal\" data-target=\"#ContactModal\"  title=\"Maria P., 29 Jahre, aus Stuttgart jetzt Kontakt aufnehmen!\">\n                Nachricht senden            <\/a>\n        <\/div>\n    <\/div>\n<\/article><article class=\"contact contact-list post-2652 profile type-profile status-publish has-post-thumbnail hentry\" data-contact=\"2652\">\n    \n    <div class=\"media\">\n        <div class=\"media-left\">\n            <a  href=\"#\" data-toggle=\"modal\" data-target=\"#ContactModal\"  title=\"Donald T. jetzt Kontakt aufnehmen!\">\n                <img loading=\"lazy\" decoding=\"async\" width=\"500\" height=\"500\" src=\"https:\/\/anwalt.rocks\/arbeitsrecht\/wp-content\/uploads\/sites\/2\/2025\/01\/meinung-18.jpg\" class=\"contact-image media-object wp-post-image\" alt=\"Donald T.\" srcset=\"https:\/\/anwalt.rocks\/arbeitsrecht\/wp-content\/uploads\/sites\/2\/2025\/01\/meinung-18.jpg 500w, https:\/\/anwalt.rocks\/arbeitsrecht\/wp-content\/uploads\/sites\/2\/2025\/01\/meinung-18-300x300.jpg 300w, https:\/\/anwalt.rocks\/arbeitsrecht\/wp-content\/uploads\/sites\/2\/2025\/01\/meinung-18-150x150.jpg 150w\" sizes=\"auto, (max-width: 500px) 100vw, 500px\" \/>            <\/a>\n        <\/div>\n\n        <div class=\"media-body\">\n                        <p class=\"h2 media-heading\">\n                <a  href=\"#\" data-toggle=\"modal\" data-target=\"#ContactModal\"  title=\"Donald T. jetzt Kontakt aufnehmen!\">\n                    <span class=\"contact-name\">Donald T.<\/span>\n                <\/a>\n\n                <span class=\"contact-text\"><\/span> <span class=\"contact-city\"><a href=\"https:\/\/anwalt.rocks\/arbeitsrecht\/region\/doeschnitz\/\">Anwalt Arbeitsrecht D\u00f6schnitz<\/a><\/span>            <\/p>\n\n            <div class=\"quote\"><p>Ich wurde von meinem Arbeitgeber unfair behandelt, nachdem ich auf Elternzeit bestanden hatte. Herr Rechtsanwalt Stephan Schmelzer hat sich meinem Fall angenommen und eine einvernehmliche L\u00f6sung gefunden, die meine berufliche Zukunft sichert. Seine Unterst\u00fctzung war \u00e4u\u00dferst professionell und menschlich zugleich. &hellip;<\/p><\/div>\n            <a class=\"btn btn-cta\"  href=\"#\" data-toggle=\"modal\" data-target=\"#ContactModal\"  title=\"Donald T. jetzt Kontakt aufnehmen!\">\n                Nachricht senden            <\/a>\n        <\/div>\n    <\/div>\n<\/article><article class=\"contact contact-list post-2631 profile type-profile status-publish has-post-thumbnail hentry\" data-contact=\"2631\">\n    \n    <div class=\"media\">\n        <div class=\"media-left\">\n            <a  href=\"#\" data-toggle=\"modal\" data-target=\"#ContactModal\"  title=\"Peter S. jetzt Kontakt aufnehmen!\">\n                <img loading=\"lazy\" decoding=\"async\" width=\"500\" height=\"500\" src=\"https:\/\/anwalt.rocks\/arbeitsrecht\/wp-content\/uploads\/sites\/2\/2025\/01\/meinung-11.jpg\" class=\"contact-image media-object wp-post-image\" alt=\"Peter S.\" srcset=\"https:\/\/anwalt.rocks\/arbeitsrecht\/wp-content\/uploads\/sites\/2\/2025\/01\/meinung-11.jpg 500w, https:\/\/anwalt.rocks\/arbeitsrecht\/wp-content\/uploads\/sites\/2\/2025\/01\/meinung-11-300x300.jpg 300w, https:\/\/anwalt.rocks\/arbeitsrecht\/wp-content\/uploads\/sites\/2\/2025\/01\/meinung-11-150x150.jpg 150w\" sizes=\"auto, (max-width: 500px) 100vw, 500px\" \/>            <\/a>\n        <\/div>\n\n        <div class=\"media-body\">\n                        <p class=\"h2 media-heading\">\n                <a  href=\"#\" data-toggle=\"modal\" data-target=\"#ContactModal\"  title=\"Peter S. jetzt Kontakt aufnehmen!\">\n                    <span class=\"contact-name\">Peter S.<\/span>\n                <\/a>\n\n                <span class=\"contact-text\"><\/span> <span class=\"contact-city\"><a href=\"https:\/\/anwalt.rocks\/arbeitsrecht\/region\/sontra\/\">Anwalt Arbeitsrecht Sontra<\/a><\/span>            <\/p>\n\n            <div class=\"quote\"><p>Dr. Schmelzer hat meinen Fall mit gro\u00dfem Engagement \u00fcbernommen. Es ging um eine unrechtm\u00e4\u00dfige K\u00fcndigung, die mein Arbeitgeber ausgesprochen hatte. Dank seiner Expertise und Verhandlungsst\u00e4rke konnte ich nicht nur meine Stelle behalten, sondern erhielt auch eine Entsch\u00e4digung. Besonders beeindruckt hat &hellip;<\/p><\/div>\n            <a class=\"btn btn-cta\"  href=\"#\" data-toggle=\"modal\" data-target=\"#ContactModal\"  title=\"Peter S. jetzt Kontakt aufnehmen!\">\n                Nachricht senden            <\/a>\n        <\/div>\n    <\/div>\n<\/article>\n<div class=\"blogposts\"><ul><li><a href=\"https:\/\/anwalt.rocks\/arbeitsrecht\/heinsberg\/\" title=\"Anwalt Heinsberg Arbeitsrecht Betreuung f\u00fcr Arbeitnehmer sowie Arbeitgeber.\">Anwalt Heinsberg Arbeitsrecht Betreuung f\u00fcr Arbeitnehmer sowie Arbeitgeber.<\/a><\/li><li><a href=\"https:\/\/anwalt.rocks\/arbeitsrecht\/breisach\/\" title=\"Rechtsanwalt Breisach Spezialist f\u00fcr Arbeitsrecht.\">Rechtsanwalt Breisach Spezialist f\u00fcr Arbeitsrecht.<\/a><\/li><li><a href=\"https:\/\/anwalt.rocks\/arbeitsrecht\/ingelfingen\/\" title=\"Anwalt Ingelfingen Arbeitsrecht Betreuung f\u00fcr Arbeitgeber und Arbeitnehmer.\">Anwalt Ingelfingen Arbeitsrecht Betreuung f\u00fcr Arbeitgeber und Arbeitnehmer.<\/a><\/li><li><a href=\"https:\/\/anwalt.rocks\/arbeitsrecht\/vulkaneifel\/\" title=\"Anwalt Vulkaneifel Arbeitsrecht Betreuung f\u00fcr Arbeitnehmer sowie Arbeitgeber.\">Anwalt Vulkaneifel Arbeitsrecht Betreuung f\u00fcr Arbeitnehmer sowie Arbeitgeber.<\/a><\/li><li><a href=\"https:\/\/anwalt.rocks\/arbeitsrecht\/schiltach\/\" title=\"Kanzlei Dr. Stephan Schmelzer Rechtsanwalt IT- und Arbeitsrecht Schiltach.\">Kanzlei Dr. Stephan Schmelzer Rechtsanwalt IT- und Arbeitsrecht Schiltach.<\/a><\/li><li><a href=\"https:\/\/anwalt.rocks\/arbeitsrecht\/sesslach\/\" title=\"Anwalt Se\u00dflach Arbeitsrecht Vertretung f\u00fcr Arbeitgeber sowie Arbeitnehmer.\">Anwalt Se\u00dflach Arbeitsrecht Vertretung f\u00fcr Arbeitgeber sowie Arbeitnehmer.<\/a><\/li><li><a href=\"https:\/\/anwalt.rocks\/arbeitsrecht\/hoyerswerda\/\" title=\"Anwalt Arbeitsrecht Hoyerswerda &#8211; Ulli hat Erfolg.\">Anwalt Arbeitsrecht Hoyerswerda &#8211; Ulli hat Erfolg.<\/a><\/li><\/ul><\/div>\n","protected":false},"excerpt":{"rendered":"<h2>Spezialist Dr. Schmelzer bzgl. IT- und Arbeitsrecht Hoyerswerda und nicht zuletzt Mindestlohn.<\/h2>\n<p><a href=\"https:\/\/dr-schmelzer.eu\/arbeitsrecht\/\" target=\"_blank\" rel=\"noopener\"><img loading=\"lazy\" decoding=\"async\" src=\"https:\/\/anwalt.rocks\/bilder\/arbeitsrecht\/anwalt-arbeitsrecht-600x600.webp\" alt=\"Anwalt Arbeitsrecht Hoyerswerda - Ulli hat Erfolg.\" title=\"Anwalt Arbeitsrecht Hoyerswerda - Ulli hat Erfolg.\" width=\"600\" height=\"600\" \/><\/a> <\/p>\n<h3>Fachanwalt IT- und Arbeitsrecht Hoyerswerda &#8211; Kanzlei Dr. Stephan Schmelzer.<\/h3>\n<p>F\u00fcr arbeitsrechtliche Themen jeder Art ist Dr. Stephan Schmelzer die richtige Wahl. Mehr als 25 Jahre Erfahrung und &hellip;<\/p>","protected":false},"author":1,"featured_media":0,"comment_status":"closed","ping_status":"open","sticky":false,"template":"","format":"standard","meta":{"footnotes":""},"categories":[3],"tags":[],"class_list":["post-7987","post","type-post","status-publish","format-standard","hentry","category-fachanwalt"],"yoast_head":"<!-- This site is optimized with the Yoast SEO Premium plugin v27.1 (Yoast SEO v27.2) - https:\/\/yoast.com\/product\/yoast-seo-premium-wordpress\/ -->\n<title>Anwalt Arbeitsrecht Eisfeld - Mittlerweile 50 \u00fcbergl\u00fcckliche Kunden.<\/title>\n<meta name=\"robots\" content=\"index, follow, max-snippet:-1, max-image-preview:large, max-video-preview:-1\" \/>\n<link rel=\"canonical\" href=\"https:\/\/anwalt.rocks\/arbeitsrecht\/eisfeld\/\" \/>\n<meta property=\"og:locale\" content=\"de_DE\" \/>\n<meta property=\"og:type\" content=\"article\" \/>\n<meta property=\"og:title\" content=\"Anwalt Arbeitsrecht Eisfeld - Mittlerweile 50 \u00fcbergl\u00fcckliche Kunden.\" \/>\n<meta property=\"og:description\" content=\"Spezialist Dr. Schmelzer bzgl. IT- und Arbeitsrecht Hoyerswerda und nicht zuletzt Mindestlohn.  Fachanwalt IT- und Arbeitsrecht Hoyerswerda &#8211; Kanzlei Dr. Stephan Schmelzer. F\u00fcr arbeitsrechtliche Themen jeder Art ist Dr. Stephan Schmelzer die richtige Wahl. Mehr als 25 Jahre Erfahrung und &hellip;\" \/>\n<meta property=\"og:url\" content=\"https:\/\/anwalt.rocks\/arbeitsrecht\/eisfeld\/\" \/>\n<meta property=\"og:site_name\" content=\"Anwalt Arbeitsrecht in der N\u00e4he - Dr. Schmelzer\" \/>\n<meta property=\"article:published_time\" content=\"2025-01-08T07:08:53+00:00\" \/>\n<meta property=\"og:image\" content=\"https:\/\/anwalt.rocks\/bilder\/arbeitsrecht\/anwalt-arbeitsrecht-600x600.webp\" \/>\n<meta name=\"author\" content=\"admin\" \/>\n<meta name=\"twitter:card\" content=\"summary_large_image\" \/>\n<meta name=\"twitter:label1\" content=\"Verfasst von\" \/>\n\t<meta name=\"twitter:data1\" content=\"admin\" \/>\n\t<meta name=\"twitter:label2\" content=\"Gesch\u00e4tzte Lesezeit\" \/>\n\t<meta name=\"twitter:data2\" content=\"3\u00a0Minuten\" \/>\n<script type=\"application\/ld+json\" class=\"yoast-schema-graph\">{\"@context\":\"https:\/\/schema.org\",\"@graph\":[{\"@type\":\"Article\",\"@id\":\"https:\/\/anwalt.rocks\/arbeitsrecht\/eisfeld\/#article\",\"isPartOf\":{\"@id\":\"https:\/\/anwalt.rocks\/arbeitsrecht\/eisfeld\/\"},\"author\":{\"name\":\"admin\",\"@id\":\"https:\/\/anwalt.rocks\/arbeitsrecht\/#\/schema\/person\/3fd3b0fc4df170bb2460fbc934288e39\"},\"headline\":\"Anwalt Arbeitsrecht Eisfeld &#8211; Mittlerweile 50 \u00fcbergl\u00fcckliche Kunden.\",\"datePublished\":\"2025-01-08T07:08:53+00:00\",\"mainEntityOfPage\":{\"@id\":\"https:\/\/anwalt.rocks\/arbeitsrecht\/eisfeld\/\"},\"wordCount\":707,\"publisher\":{\"@id\":\"https:\/\/anwalt.rocks\/arbeitsrecht\/#organization\"},\"image\":{\"@id\":\"https:\/\/anwalt.rocks\/arbeitsrecht\/eisfeld\/#primaryimage\"},\"thumbnailUrl\":\"https:\/\/anwalt.rocks\/bilder\/arbeitsrecht\/anwalt-arbeitsrecht-600x600.webp\",\"articleSection\":[\"Fachanwalt\"],\"inLanguage\":\"de\"},{\"@type\":\"WebPage\",\"@id\":\"https:\/\/anwalt.rocks\/arbeitsrecht\/eisfeld\/\",\"url\":\"https:\/\/anwalt.rocks\/arbeitsrecht\/eisfeld\/\",\"name\":\"Anwalt Arbeitsrecht Eisfeld - Mittlerweile 50 \u00fcbergl\u00fcckliche Kunden.\",\"isPartOf\":{\"@id\":\"https:\/\/anwalt.rocks\/arbeitsrecht\/#website\"},\"primaryImageOfPage\":{\"@id\":\"https:\/\/anwalt.rocks\/arbeitsrecht\/eisfeld\/#primaryimage\"},\"image\":{\"@id\":\"https:\/\/anwalt.rocks\/arbeitsrecht\/eisfeld\/#primaryimage\"},\"thumbnailUrl\":\"https:\/\/anwalt.rocks\/bilder\/arbeitsrecht\/anwalt-arbeitsrecht-600x600.webp\",\"datePublished\":\"2025-01-08T07:08:53+00:00\",\"breadcrumb\":{\"@id\":\"https:\/\/anwalt.rocks\/arbeitsrecht\/eisfeld\/#breadcrumb\"},\"inLanguage\":\"de\",\"potentialAction\":[{\"@type\":\"ReadAction\",\"target\":[\"https:\/\/anwalt.rocks\/arbeitsrecht\/eisfeld\/\"]}]},{\"@type\":\"ImageObject\",\"inLanguage\":\"de\",\"@id\":\"https:\/\/anwalt.rocks\/arbeitsrecht\/eisfeld\/#primaryimage\",\"url\":\"https:\/\/anwalt.rocks\/bilder\/arbeitsrecht\/anwalt-arbeitsrecht-600x600.webp\",\"contentUrl\":\"https:\/\/anwalt.rocks\/bilder\/arbeitsrecht\/anwalt-arbeitsrecht-600x600.webp\"},{\"@type\":\"BreadcrumbList\",\"@id\":\"https:\/\/anwalt.rocks\/arbeitsrecht\/eisfeld\/#breadcrumb\",\"itemListElement\":[{\"@type\":\"ListItem\",\"position\":1,\"name\":\"Start\",\"item\":\"https:\/\/anwalt.rocks\/arbeitsrecht\/\"},{\"@type\":\"ListItem\",\"position\":2,\"name\":\"Anwalt Arbeitsrecht Eisfeld &#8211; Mittlerweile 50 \u00fcbergl\u00fcckliche Kunden.\"}]},{\"@type\":\"WebSite\",\"@id\":\"https:\/\/anwalt.rocks\/arbeitsrecht\/#website\",\"url\":\"https:\/\/anwalt.rocks\/arbeitsrecht\/\",\"name\":\"Anwalt Arbeitsrecht in der N\u00e4he - Dr. Schmelzer\",\"description\":\"Kompetenzen und Vorteile von Dr. Stephan Schmelzer \u2013 Anwalt und Fachanwalt f\u00fcr Arbeitsrecht mit 25 j\u00e4hriger Berufspraxis.\",\"publisher\":{\"@id\":\"https:\/\/anwalt.rocks\/arbeitsrecht\/#organization\"},\"potentialAction\":[{\"@type\":\"SearchAction\",\"target\":{\"@type\":\"EntryPoint\",\"urlTemplate\":\"https:\/\/anwalt.rocks\/arbeitsrecht\/?s={search_term_string}\"},\"query-input\":{\"@type\":\"PropertyValueSpecification\",\"valueRequired\":true,\"valueName\":\"search_term_string\"}}],\"inLanguage\":\"de\"},{\"@type\":\"Organization\",\"@id\":\"https:\/\/anwalt.rocks\/arbeitsrecht\/#organization\",\"name\":\"Kanzlei Dr. Schmelzer\",\"url\":\"https:\/\/anwalt.rocks\/arbeitsrecht\/\",\"logo\":{\"@type\":\"ImageObject\",\"inLanguage\":\"de\",\"@id\":\"https:\/\/anwalt.rocks\/arbeitsrecht\/#\/schema\/logo\/image\/\",\"url\":\"https:\/\/anwalt.rocks\/arbeitsrecht\/wp-content\/uploads\/sites\/2\/2025\/01\/anwalt-arbeitsrecht-logo.png\",\"contentUrl\":\"https:\/\/anwalt.rocks\/arbeitsrecht\/wp-content\/uploads\/sites\/2\/2025\/01\/anwalt-arbeitsrecht-logo.png\",\"width\":450,\"height\":150,\"caption\":\"Kanzlei Dr. Schmelzer\"},\"image\":{\"@id\":\"https:\/\/anwalt.rocks\/arbeitsrecht\/#\/schema\/logo\/image\/\"}},{\"@type\":\"Person\",\"@id\":\"https:\/\/anwalt.rocks\/arbeitsrecht\/#\/schema\/person\/3fd3b0fc4df170bb2460fbc934288e39\",\"name\":\"admin\",\"image\":{\"@type\":\"ImageObject\",\"inLanguage\":\"de\",\"@id\":\"https:\/\/secure.gravatar.com\/avatar\/2a567a722e62dc61f1aaa46c6b595fa617f2003443806e3422a8fed77c029cfc?s=96&d=mm&r=g\",\"url\":\"https:\/\/secure.gravatar.com\/avatar\/2a567a722e62dc61f1aaa46c6b595fa617f2003443806e3422a8fed77c029cfc?s=96&d=mm&r=g\",\"contentUrl\":\"https:\/\/secure.gravatar.com\/avatar\/2a567a722e62dc61f1aaa46c6b595fa617f2003443806e3422a8fed77c029cfc?s=96&d=mm&r=g\",\"caption\":\"admin\"},\"sameAs\":[\"https:\/\/anwalt.rocks\"],\"url\":\"https:\/\/anwalt.rocks\/arbeitsrecht\/author\/admin\/\"}]}<\/script>\n<!-- \/ Yoast SEO Premium plugin. -->","yoast_head_json":{"title":"Anwalt Arbeitsrecht Eisfeld - Mittlerweile 50 \u00fcbergl\u00fcckliche Kunden.","robots":{"index":"index","follow":"follow","max-snippet":"max-snippet:-1","max-image-preview":"max-image-preview:large","max-video-preview":"max-video-preview:-1"},"canonical":"https:\/\/anwalt.rocks\/arbeitsrecht\/eisfeld\/","og_locale":"de_DE","og_type":"article","og_title":"Anwalt Arbeitsrecht Eisfeld - Mittlerweile 50 \u00fcbergl\u00fcckliche Kunden.","og_description":"Spezialist Dr. Schmelzer bzgl. IT- und Arbeitsrecht Hoyerswerda und nicht zuletzt Mindestlohn.  Fachanwalt IT- und Arbeitsrecht Hoyerswerda &#8211; Kanzlei Dr. Stephan Schmelzer. F\u00fcr arbeitsrechtliche Themen jeder Art ist Dr. Stephan Schmelzer die richtige Wahl. Mehr als 25 Jahre Erfahrung und &hellip;","og_url":"https:\/\/anwalt.rocks\/arbeitsrecht\/eisfeld\/","og_site_name":"Anwalt Arbeitsrecht in der N\u00e4he - Dr. Schmelzer","article_published_time":"2025-01-08T07:08:53+00:00","og_image":[{"url":"https:\/\/anwalt.rocks\/bilder\/arbeitsrecht\/anwalt-arbeitsrecht-600x600.webp","type":"","width":"","height":""}],"author":"admin","twitter_card":"summary_large_image","twitter_misc":{"Verfasst von":"admin","Gesch\u00e4tzte Lesezeit":"3\u00a0Minuten"},"schema":{"@context":"https:\/\/schema.org","@graph":[{"@type":"Article","@id":"https:\/\/anwalt.rocks\/arbeitsrecht\/eisfeld\/#article","isPartOf":{"@id":"https:\/\/anwalt.rocks\/arbeitsrecht\/eisfeld\/"},"author":{"name":"admin","@id":"https:\/\/anwalt.rocks\/arbeitsrecht\/#\/schema\/person\/3fd3b0fc4df170bb2460fbc934288e39"},"headline":"Anwalt Arbeitsrecht Eisfeld &#8211; Mittlerweile 50 \u00fcbergl\u00fcckliche Kunden.","datePublished":"2025-01-08T07:08:53+00:00","mainEntityOfPage":{"@id":"https:\/\/anwalt.rocks\/arbeitsrecht\/eisfeld\/"},"wordCount":707,"publisher":{"@id":"https:\/\/anwalt.rocks\/arbeitsrecht\/#organization"},"image":{"@id":"https:\/\/anwalt.rocks\/arbeitsrecht\/eisfeld\/#primaryimage"},"thumbnailUrl":"https:\/\/anwalt.rocks\/bilder\/arbeitsrecht\/anwalt-arbeitsrecht-600x600.webp","articleSection":["Fachanwalt"],"inLanguage":"de"},{"@type":"WebPage","@id":"https:\/\/anwalt.rocks\/arbeitsrecht\/eisfeld\/","url":"https:\/\/anwalt.rocks\/arbeitsrecht\/eisfeld\/","name":"Anwalt Arbeitsrecht Eisfeld - Mittlerweile 50 \u00fcbergl\u00fcckliche Kunden.","isPartOf":{"@id":"https:\/\/anwalt.rocks\/arbeitsrecht\/#website"},"primaryImageOfPage":{"@id":"https:\/\/anwalt.rocks\/arbeitsrecht\/eisfeld\/#primaryimage"},"image":{"@id":"https:\/\/anwalt.rocks\/arbeitsrecht\/eisfeld\/#primaryimage"},"thumbnailUrl":"https:\/\/anwalt.rocks\/bilder\/arbeitsrecht\/anwalt-arbeitsrecht-600x600.webp","datePublished":"2025-01-08T07:08:53+00:00","breadcrumb":{"@id":"https:\/\/anwalt.rocks\/arbeitsrecht\/eisfeld\/#breadcrumb"},"inLanguage":"de","potentialAction":[{"@type":"ReadAction","target":["https:\/\/anwalt.rocks\/arbeitsrecht\/eisfeld\/"]}]},{"@type":"ImageObject","inLanguage":"de","@id":"https:\/\/anwalt.rocks\/arbeitsrecht\/eisfeld\/#primaryimage","url":"https:\/\/anwalt.rocks\/bilder\/arbeitsrecht\/anwalt-arbeitsrecht-600x600.webp","contentUrl":"https:\/\/anwalt.rocks\/bilder\/arbeitsrecht\/anwalt-arbeitsrecht-600x600.webp"},{"@type":"BreadcrumbList","@id":"https:\/\/anwalt.rocks\/arbeitsrecht\/eisfeld\/#breadcrumb","itemListElement":[{"@type":"ListItem","position":1,"name":"Start","item":"https:\/\/anwalt.rocks\/arbeitsrecht\/"},{"@type":"ListItem","position":2,"name":"Anwalt Arbeitsrecht Eisfeld &#8211; Mittlerweile 50 \u00fcbergl\u00fcckliche Kunden."}]},{"@type":"WebSite","@id":"https:\/\/anwalt.rocks\/arbeitsrecht\/#website","url":"https:\/\/anwalt.rocks\/arbeitsrecht\/","name":"Anwalt Arbeitsrecht in der N\u00e4he - Dr. Schmelzer","description":"Kompetenzen und Vorteile von Dr. Stephan Schmelzer \u2013 Anwalt und Fachanwalt f\u00fcr Arbeitsrecht mit 25 j\u00e4hriger Berufspraxis.","publisher":{"@id":"https:\/\/anwalt.rocks\/arbeitsrecht\/#organization"},"potentialAction":[{"@type":"SearchAction","target":{"@type":"EntryPoint","urlTemplate":"https:\/\/anwalt.rocks\/arbeitsrecht\/?s={search_term_string}"},"query-input":{"@type":"PropertyValueSpecification","valueRequired":true,"valueName":"search_term_string"}}],"inLanguage":"de"},{"@type":"Organization","@id":"https:\/\/anwalt.rocks\/arbeitsrecht\/#organization","name":"Kanzlei Dr. Schmelzer","url":"https:\/\/anwalt.rocks\/arbeitsrecht\/","logo":{"@type":"ImageObject","inLanguage":"de","@id":"https:\/\/anwalt.rocks\/arbeitsrecht\/#\/schema\/logo\/image\/","url":"https:\/\/anwalt.rocks\/arbeitsrecht\/wp-content\/uploads\/sites\/2\/2025\/01\/anwalt-arbeitsrecht-logo.png","contentUrl":"https:\/\/anwalt.rocks\/arbeitsrecht\/wp-content\/uploads\/sites\/2\/2025\/01\/anwalt-arbeitsrecht-logo.png","width":450,"height":150,"caption":"Kanzlei Dr. Schmelzer"},"image":{"@id":"https:\/\/anwalt.rocks\/arbeitsrecht\/#\/schema\/logo\/image\/"}},{"@type":"Person","@id":"https:\/\/anwalt.rocks\/arbeitsrecht\/#\/schema\/person\/3fd3b0fc4df170bb2460fbc934288e39","name":"admin","image":{"@type":"ImageObject","inLanguage":"de","@id":"https:\/\/secure.gravatar.com\/avatar\/2a567a722e62dc61f1aaa46c6b595fa617f2003443806e3422a8fed77c029cfc?s=96&d=mm&r=g","url":"https:\/\/secure.gravatar.com\/avatar\/2a567a722e62dc61f1aaa46c6b595fa617f2003443806e3422a8fed77c029cfc?s=96&d=mm&r=g","contentUrl":"https:\/\/secure.gravatar.com\/avatar\/2a567a722e62dc61f1aaa46c6b595fa617f2003443806e3422a8fed77c029cfc?s=96&d=mm&r=g","caption":"admin"},"sameAs":["https:\/\/anwalt.rocks"],"url":"https:\/\/anwalt.rocks\/arbeitsrecht\/author\/admin\/"}]}},"_links":{"self":[{"href":"https:\/\/anwalt.rocks\/arbeitsrecht\/wp-json\/wp\/v2\/posts\/7987","targetHints":{"allow":["GET"]}}],"collection":[{"href":"https:\/\/anwalt.rocks\/arbeitsrecht\/wp-json\/wp\/v2\/posts"}],"about":[{"href":"https:\/\/anwalt.rocks\/arbeitsrecht\/wp-json\/wp\/v2\/types\/post"}],"author":[{"embeddable":true,"href":"https:\/\/anwalt.rocks\/arbeitsrecht\/wp-json\/wp\/v2\/users\/1"}],"replies":[{"embeddable":true,"href":"https:\/\/anwalt.rocks\/arbeitsrecht\/wp-json\/wp\/v2\/comments?post=7987"}],"version-history":[{"count":0,"href":"https:\/\/anwalt.rocks\/arbeitsrecht\/wp-json\/wp\/v2\/posts\/7987\/revisions"}],"wp:attachment":[{"href":"https:\/\/anwalt.rocks\/arbeitsrecht\/wp-json\/wp\/v2\/media?parent=7987"}],"wp:term":[{"taxonomy":"category","embeddable":true,"href":"https:\/\/anwalt.rocks\/arbeitsrecht\/wp-json\/wp\/v2\/categories?post=7987"},{"taxonomy":"post_tag","embeddable":true,"href":"https:\/\/anwalt.rocks\/arbeitsrecht\/wp-json\/wp\/v2\/tags?post=7987"}],"curies":[{"name":"wp","href":"https:\/\/api.w.org\/{rel}","templated":true}]}}