{"id":8001,"date":"2025-01-02T13:23:17","date_gmt":"2025-01-02T12:23:17","guid":{"rendered":"https:\/\/anwalt.rocks\/arbeitsrecht\/eltville\/"},"modified":"2025-01-02T13:23:17","modified_gmt":"2025-01-02T12:23:17","slug":"eltville","status":"publish","type":"post","link":"https:\/\/anwalt.rocks\/arbeitsrecht\/eltville\/","title":{"rendered":"Fachanwalt im Bereich Arbeitsrecht Eltville."},"content":{"rendered":"<span class=\"span-reading-time rt-reading-time\" style=\"display: block;\"><span class=\"rt-label rt-prefix\">Lesedauer<\/span> <span class=\"rt-time\"> 3<\/span> <span class=\"rt-label rt-postfix\">Minuten<\/span><\/span><h2>Fachanwalt Dr. Schmelzer bzgl. Arbeitsrecht Eltville aber auch Lohnfortzahlung im Krankheitsfall.<\/h2>\n<p><a href=\"https:\/\/dr-schmelzer.eu\/arbeitsrecht\/\" target=\"_blank\" rel=\"noopener\"><img loading=\"lazy\" decoding=\"async\" src=\"https:\/\/anwalt.rocks\/bilder\/arbeitsrecht\/anwalt-arbeitsrecht-600x600.webp\" alt=\"Fachanwalt im Bereich Arbeitsrecht Eltville.\" title=\"Fachanwalt im Bereich Arbeitsrecht Eltville.\" width=\"600\" height=\"600\" \/><\/a> <\/p>\n<h3>Rechtsanwalt IT- und Arbeitsrecht Eltville &#8211; Soziet\u00e4t Dr. Stephan Schmelzer.<\/h3>\n<p>Dr. Stephan Schmelzer hilft Ihnen bei allen juristischen Fragen im Arbeitsrecht weiter. Als erfahrener Fachanwalt seit 2002 hat er sich weit \u00fcber die Stadtgrenzen von Ahlen hinaus einen Ruf erarbeitet. Seine Kanzlei steht seit \u00fcber 20 Jahren f\u00fcr individuelle Beratung und juristische Pr\u00e4zision. Die Verbindung aus Fachanwaltstiteln im Arbeitsrecht und IT-Recht gibt Dr. Schmelzer eine einzigartige St\u00e4rke in der modernen Arbeitswelt. &#8211; <a title=\"Anwalt Arbeitsrecht Darmstadt\" href=\"https:\/\/anwalt.rocks\/arbeitsrecht\/darmstadt\/\">Anwalt Arbeitsrecht Darmstadt<\/a><\/p>\n<p><a href=\"https:\/\/dr-schmelzer.eu\/arbeitsrecht\/\" target=\"_blank\" rel=\"noopener\"><img loading=\"lazy\" decoding=\"async\" src=\"https:\/\/anwalt.rocks\/bilder\/arbeitsrecht\/rechtsanwalt-arbeitsrecht-600x600.webp\" alt=\"Anwalt Arbeitsrecht Eltville\" title=\"Anwalt Arbeitsrecht Eltville\" width=\"600\" height=\"600\" \/><\/a> <\/p>\n<h3>Soziet\u00e4t Dr. Stephan Schmelzer &#8211; Fachanwalt f\u00fcr Arbeitsrecht Eltville.<\/h3>\n<p>IT-rechtliche Beratung ist erg\u00e4nzend m\u00f6glich, jedoch steht das Arbeitsrecht im Mittelpunkt seiner T\u00e4tigkeit, sowohl in Deutschland als auch international. Arbeitnehmer und Arbeitgeber profitieren gleicherma\u00dfen von Dr. Schmelzers Expertise im Arbeitsrecht, die passgenaue L\u00f6sungen erm\u00f6glicht. Seine langj\u00e4hrige Praxis und sein Gesp\u00fcr f\u00fcr individuelle Bed\u00fcrfnisse machen ihn zu einem angesehenen Experten im Arbeitsrecht. &#8211; <a title=\"Anwalt Meerane\" href=\"https:\/\/anwalt.rocks\/arbeitsrecht\/meerane\/\">Anwalt Meerane<\/a><\/p>\n<h3>Zuverl\u00e4ssig und kompetent &#8211; Fest drei Jahrzehnte Anwaltserfahrung als Steuer- und Arbeitsrechtler Eltville.<\/h3>\n<p>Von der Vertragsgestaltung bis hin zu Restrukturierungen sind Arbeitgeber mit vielf\u00e4ltigen rechtlichen Themen konfrontiert. Mit praxisnaher Beratung hilft Dr. Schmelzer Unternehmen, rechtliche Risiken zu erkennen und effiziente Ma\u00dfnahmen zu entwickeln. Die Leistungen, die er bereitstellt, umfassen: &#8211; <a title=\"Anwalt Arbeitsrecht Meerane\" href=\"https:\/\/anwalt.rocks\/arbeitsrecht\/meerane\/\">Anwalt Arbeitsrecht Meerane<\/a><\/p>\n<h3>Anwalt Arbeitsrecht Eltville 33 fr\u00f6hliche Mandanten.<\/h3>\n<p>Erstellung und Analyse von Arbeitsvertr\u00e4gen, die rechtlich einwandfrei und anpassungsf\u00e4hig sind. Entwicklung von Arbeitszeit- und Verg\u00fctungsmodellen, die flexibel und individuell an die Bed\u00fcrfnisse des Unternehmens angepasst sind. &#8211; <a title=\"Anwalt Arbeitsrecht Herford\" href=\"https:\/\/anwalt.rocks\/arbeitsrecht\/herford\/\">Anwalt Arbeitsrecht Herford<\/a><\/p>\n<h3>Deshalb entscheidet man sich f\u00fcr diesen verl\u00e4sslichen Anwalt Eltville:<\/h3>\n<p>Beratung bei der rechtlichen Absicherung von betriebs-, verhaltens- und personenbezogenen K\u00fcndigungen. Hilfe bei der Risikominderung und Unterst\u00fctzung durch den gesamten K\u00fcndigungsprozess.<\/p>\n<h3>Juristisches Fachwissen sowie top zuverl\u00e4ssig.<\/h3>\n<p>Unterst\u00fctzung zur Einbindung des Betriebsrats bei relevanten Entscheidungen. Juristische Beratung zur Verhandlung und Einf\u00fchrung von Betriebsvereinbarungen. Beratung bei der strategischen Planung und juristischen Durchf\u00fchrung von Restrukturierungsma\u00dfnahmen. Unterst\u00fctzung bei arbeitsrechtlichen Streitigkeiten vor Gericht, einschlie\u00dflich K\u00fcndigungsschutzverfahren. Schwerpunkt auf die strategische und durchsetzungsstarke Wahrung der Interessen des Unternehmens.<\/p>\n<h3>Anwalt Arbeitsrecht Eltville &#8211; Fachanwalt Dr. Schmelzer.<\/h3>\n<p>Mit seiner Expertise ist Dr. Schmelzer ein wertvoller Partner auch f\u00fcr Arbeitnehmer. Gerade in Konflikten beweist er sich als energischer Unterst\u00fctzer, der stets an der Seite seiner Mandanten steht. Das Angebot umfasst insbesondere:<\/p>\n<p>Fachkompetente Vertretung bei arbeitsgerichtlichen K\u00fcndigungsschutzklagen. Beratung und Verhandlung von Abfindungsregelungen und sonstigen Entsch\u00e4digungen. Fachkompetente Vertretung bei arbeitsgerichtlichen K\u00fcndigungsschutzklagen. Beratung und Verhandlung von Abfindungsregelungen und sonstigen Entsch\u00e4digungen.<\/p>\n<p>Fachkundige Unterst\u00fctzung bei Abfindungsverhandlungen und Beratung zu Aufhebungsvertr\u00e4gen. Hilfe bei der \u00dcberpr\u00fcfung und Korrektur von Arbeitszeugnissen auf inhaltliche Richtigkeit. Unterst\u00fctzung bei der Kl\u00e4rung von Zeugniskonflikten, um eine gerechte Beurteilung zu erzielen. Weniger Ausgaben Unterst\u00fctzung bei der rechtlichen Kl\u00e4rung von ausstehenden Lohnzahlungen. Begleitung bei arbeitsgerichtlichen Klagen \u00fcber Entgelt und offene \u00dcberstundenverg\u00fctung. Pr\u00fcfung von Abmahnungen und Entwicklung von L\u00f6sungen gegen unfaire Ma\u00dfnahmen.<\/p>\n<h4>Vertretung f\u00fcr Arbeitgeber und Arbeitnehmer im Bereich Anwalt Arbeitsrecht Eltville.<\/h4>\n<p>Dr. Schmelzer ist bekannt f\u00fcr seine Expertise in Restrukturierung und Konfliktbew\u00e4ltigung. Ein zentraler Schwerpunkt von Dr. Schmelzer ist die Betreuung von Unternehmen in Restrukturierungsphasen. Notwendig sind in diesem Kontext juristische Fachkenntnisse, ein gutes Verhandlungsgeschick und wirtschaftlicher Sachverstand.<\/p>\n<p>Anwalt Eltville Ergebnis: Die Gestaltung und Implementierung von Interessenausgleichen und Sozialpl\u00e4nen geh\u00f6ren zu den Fachbereichen von Dr. Schmelzer. Im Vordergrund steht die Erarbeitung einer tragf\u00e4higen L\u00f6sung f\u00fcr alle Beteiligten. Dr. Schmelzers strategisches Geschick und tiefgreifendes Wissen machen ihn zu einem wertvollen Partner bei Verhandlungen mit Gewerkschaften und Betriebsr\u00e4ten.<\/p>\n<p>Der Fachanwalt f\u00fcr Arbeitsrecht sieht in jedem Fall eine neue Herausforderung, die h\u00f6chste Aufmerksamkeit verlangt. Ob au\u00dfergerichtlich oder durch einen Gerichtsprozess \u2013 sein Ziel ist es, stets die beste L\u00f6sung f\u00fcr seine Mandanten zu erzielen. F\u00fcr ihn sind Offenheit und eine vertrauensvolle Zusammenarbeit mit seinen Mandanten unverzichtbar. Dr. Schmelzer stellt die Zufriedenheit seiner Mandanten in den Mittelpunkt seines Handelns. Das positive Feedback seiner Mandanten und seine zahlreichen Erfolge unterstreichen seine professionelle und zielorientierte Arbeitsweise. In der Kanzlei Dr. Stephan Schmelzer finden Arbeitnehmer und Arbeitgeber einen kompetenten Partner mit langj\u00e4hriger Erfahrung und pers\u00f6nlichem Einsatz.<\/p>\n<article class=\"contact contact-list post-2634 profile type-profile status-publish has-post-thumbnail hentry\" data-contact=\"2634\">\n    \n    <div class=\"media\">\n        <div class=\"media-left\">\n            <a  href=\"#\" data-toggle=\"modal\" data-target=\"#ContactModal\"  title=\"Mario K. jetzt Kontakt aufnehmen!\">\n                <img loading=\"lazy\" decoding=\"async\" width=\"500\" height=\"500\" src=\"https:\/\/anwalt.rocks\/arbeitsrecht\/wp-content\/uploads\/sites\/2\/2025\/01\/meinung-12.jpg\" class=\"contact-image media-object wp-post-image\" alt=\"Mario K.\" srcset=\"https:\/\/anwalt.rocks\/arbeitsrecht\/wp-content\/uploads\/sites\/2\/2025\/01\/meinung-12.jpg 500w, https:\/\/anwalt.rocks\/arbeitsrecht\/wp-content\/uploads\/sites\/2\/2025\/01\/meinung-12-300x300.jpg 300w, https:\/\/anwalt.rocks\/arbeitsrecht\/wp-content\/uploads\/sites\/2\/2025\/01\/meinung-12-150x150.jpg 150w\" sizes=\"auto, (max-width: 500px) 100vw, 500px\" \/>            <\/a>\n        <\/div>\n\n        <div class=\"media-body\">\n                        <p class=\"h2 media-heading\">\n                <a  href=\"#\" data-toggle=\"modal\" data-target=\"#ContactModal\"  title=\"Mario K. jetzt Kontakt aufnehmen!\">\n                    <span class=\"contact-name\">Mario K.<\/span>\n                <\/a>\n\n                <span class=\"contact-text\"><\/span> <span class=\"contact-city\"><a href=\"https:\/\/anwalt.rocks\/arbeitsrecht\/region\/rosche\/\">Anwalt Arbeitsrecht Rosche<\/a><\/span>            <\/p>\n\n            <div class=\"quote\"><p>Dieser Anwalt wurde mir empfohlen, als ich Probleme mit der Auszahlung meines Urlaubsanspruchs hatte. Er hat meinen Arbeitgeber schnell und effektiv zur Zahlung gebracht. Sein Fachwissen im Arbeitsrecht und sein strategisches Vorgehen waren hervorragend. Ich werde ihn definitiv weiterempfehlen!&hellip;<\/p><\/div>\n            <a class=\"btn btn-cta\"  href=\"#\" data-toggle=\"modal\" data-target=\"#ContactModal\"  title=\"Mario K. jetzt Kontakt aufnehmen!\">\n                Nachricht senden            <\/a>\n        <\/div>\n    <\/div>\n<\/article><article class=\"contact contact-list post-2625 profile type-profile status-publish has-post-thumbnail hentry\" data-contact=\"2625\">\n    \n    <div class=\"media\">\n        <div class=\"media-left\">\n            <a  href=\"#\" data-toggle=\"modal\" data-target=\"#ContactModal\"  title=\"Melanie R., 28 Jahre, aus Dortmund jetzt Kontakt aufnehmen!\">\n                <img loading=\"lazy\" decoding=\"async\" width=\"500\" height=\"500\" src=\"https:\/\/anwalt.rocks\/arbeitsrecht\/wp-content\/uploads\/sites\/2\/2025\/01\/meinung-09.jpg\" class=\"contact-image media-object wp-post-image\" alt=\"Melanie R., 28 Jahre, aus Dortmund\" srcset=\"https:\/\/anwalt.rocks\/arbeitsrecht\/wp-content\/uploads\/sites\/2\/2025\/01\/meinung-09.jpg 500w, https:\/\/anwalt.rocks\/arbeitsrecht\/wp-content\/uploads\/sites\/2\/2025\/01\/meinung-09-300x300.jpg 300w, https:\/\/anwalt.rocks\/arbeitsrecht\/wp-content\/uploads\/sites\/2\/2025\/01\/meinung-09-150x150.jpg 150w\" sizes=\"auto, (max-width: 500px) 100vw, 500px\" \/>            <\/a>\n        <\/div>\n\n        <div class=\"media-body\">\n                        <p class=\"h2 media-heading\">\n                <a  href=\"#\" data-toggle=\"modal\" data-target=\"#ContactModal\"  title=\"Melanie R., 28 Jahre, aus Dortmund jetzt Kontakt aufnehmen!\">\n                    <span class=\"contact-name\">Melanie R., 28 Jahre, aus Dortmund<\/span>\n                <\/a>\n\n                <span class=\"contact-text\"><\/span> <span class=\"contact-city\"><a href=\"https:\/\/anwalt.rocks\/arbeitsrecht\/region\/nienburg-weser\/\">Anwalt Arbeitsrecht Nienburg Weser<\/a><\/span>            <\/p>\n\n            <div class=\"quote\"><p>Ich hatte Angst, meinen Job zu verlieren, weil mein Arbeitgeber mich nach meiner Schwangerschaft anders behandeln wollte. Zum Gl\u00fcck wandte ich mich an Rechtsanwalt Schmelzer. Er hat mich nicht nur \u00fcber meine Rechte aufgekl\u00e4rt, sondern auch sehr erfolgreich verhandelt. Jetzt &hellip;<\/p><\/div>\n            <a class=\"btn btn-cta\"  href=\"#\" data-toggle=\"modal\" data-target=\"#ContactModal\"  title=\"Melanie R., 28 Jahre, aus Dortmund jetzt Kontakt aufnehmen!\">\n                Nachricht senden            <\/a>\n        <\/div>\n    <\/div>\n<\/article><article class=\"contact contact-list post-2649 profile type-profile status-publish has-post-thumbnail hentry\" data-contact=\"2649\">\n    \n    <div class=\"media\">\n        <div class=\"media-left\">\n            <a  href=\"#\" data-toggle=\"modal\" data-target=\"#ContactModal\"  title=\"Heinrich G. jetzt Kontakt aufnehmen!\">\n                <img loading=\"lazy\" decoding=\"async\" width=\"500\" height=\"500\" src=\"https:\/\/anwalt.rocks\/arbeitsrecht\/wp-content\/uploads\/sites\/2\/2025\/01\/meinung-17.jpg\" class=\"contact-image media-object wp-post-image\" alt=\"Heinrich G.\" srcset=\"https:\/\/anwalt.rocks\/arbeitsrecht\/wp-content\/uploads\/sites\/2\/2025\/01\/meinung-17.jpg 500w, https:\/\/anwalt.rocks\/arbeitsrecht\/wp-content\/uploads\/sites\/2\/2025\/01\/meinung-17-300x300.jpg 300w, https:\/\/anwalt.rocks\/arbeitsrecht\/wp-content\/uploads\/sites\/2\/2025\/01\/meinung-17-150x150.jpg 150w\" sizes=\"auto, (max-width: 500px) 100vw, 500px\" \/>            <\/a>\n        <\/div>\n\n        <div class=\"media-body\">\n                        <p class=\"h2 media-heading\">\n                <a  href=\"#\" data-toggle=\"modal\" data-target=\"#ContactModal\"  title=\"Heinrich G. jetzt Kontakt aufnehmen!\">\n                    <span class=\"contact-name\">Heinrich G.<\/span>\n                <\/a>\n\n                <span class=\"contact-text\"><\/span> <span class=\"contact-city\"><a href=\"https:\/\/anwalt.rocks\/arbeitsrecht\/region\/duesseldorf-kaiserswerth\/\">Anwalt Arbeitsrecht D\u00fcsseldorf Kaiserswerth<\/a><\/span>            <\/p>\n\n            <div class=\"quote\"><p>In meinem Fall ging es um unbezahlte \u00dcberstunden, die mein Arbeitgeber einfach ignoriert hatte. Hr. Schmelzer hat den Sachverhalt schnell gekl\u00e4rt und meine Anspr\u00fcche durchgesetzt. Sein Engagement und seine Fachkenntnisse haben mich voll \u00fcberzeugt. Ich w\u00fcrde ihn jederzeit wieder beauftragen.&hellip;<\/p><\/div>\n            <a class=\"btn btn-cta\"  href=\"#\" data-toggle=\"modal\" data-target=\"#ContactModal\"  title=\"Heinrich G. jetzt Kontakt aufnehmen!\">\n                Nachricht senden            <\/a>\n        <\/div>\n    <\/div>\n<\/article><article class=\"contact contact-list post-2622 profile type-profile status-publish has-post-thumbnail hentry\" data-contact=\"2622\">\n    \n    <div class=\"media\">\n        <div class=\"media-left\">\n            <a  href=\"#\" data-toggle=\"modal\" data-target=\"#ContactModal\"  title=\"Sabine T., 22 Jahre, aus Frankfurt jetzt Kontakt aufnehmen!\">\n                <img loading=\"lazy\" decoding=\"async\" width=\"500\" height=\"500\" src=\"https:\/\/anwalt.rocks\/arbeitsrecht\/wp-content\/uploads\/sites\/2\/2025\/01\/meinung-08.jpg\" class=\"contact-image media-object wp-post-image\" alt=\"Sabine T., 22 Jahre, aus Frankfurt\" srcset=\"https:\/\/anwalt.rocks\/arbeitsrecht\/wp-content\/uploads\/sites\/2\/2025\/01\/meinung-08.jpg 500w, https:\/\/anwalt.rocks\/arbeitsrecht\/wp-content\/uploads\/sites\/2\/2025\/01\/meinung-08-300x300.jpg 300w, https:\/\/anwalt.rocks\/arbeitsrecht\/wp-content\/uploads\/sites\/2\/2025\/01\/meinung-08-150x150.jpg 150w\" sizes=\"auto, (max-width: 500px) 100vw, 500px\" \/>            <\/a>\n        <\/div>\n\n        <div class=\"media-body\">\n                        <p class=\"h2 media-heading\">\n                <a  href=\"#\" data-toggle=\"modal\" data-target=\"#ContactModal\"  title=\"Sabine T., 22 Jahre, aus Frankfurt jetzt Kontakt aufnehmen!\">\n                    <span class=\"contact-name\">Sabine T., 22 Jahre, aus Frankfurt<\/span>\n                <\/a>\n\n                <span class=\"contact-text\"><\/span> <span class=\"contact-city\"><a href=\"https:\/\/anwalt.rocks\/arbeitsrecht\/region\/wachenheim-rheinhessen\/\">Anwalt Arbeitsrecht Wachenheim Rheinhessen<\/a><\/span>            <\/p>\n\n            <div class=\"quote\"><p>Ich hatte ein Problem mit meinem Teilzeitvertrag, da mein Arbeitgeber mich pl\u00f6tzlich zu vielen \u00dcberstunden verpflichten wollte. Herr Schmelzer hat mich wunderbar beraten und schnell eine Kl\u00e4rung herbeigef\u00fchrt. Seine Kompetenz und Freundlichkeit haben mich \u00fcberzeugt. Ich f\u00fchlte mich jederzeit ernst &hellip;<\/p><\/div>\n            <a class=\"btn btn-cta\"  href=\"#\" data-toggle=\"modal\" data-target=\"#ContactModal\"  title=\"Sabine T., 22 Jahre, aus Frankfurt jetzt Kontakt aufnehmen!\">\n                Nachricht senden            <\/a>\n        <\/div>\n    <\/div>\n<\/article><article class=\"contact contact-list post-2606 profile type-profile status-publish has-post-thumbnail hentry\" data-contact=\"2606\">\n    \n    <div class=\"media\">\n        <div class=\"media-left\">\n            <a  href=\"#\" data-toggle=\"modal\" data-target=\"#ContactModal\"  title=\"Maria P., 29 Jahre, aus Stuttgart jetzt Kontakt aufnehmen!\">\n                <img loading=\"lazy\" decoding=\"async\" width=\"500\" height=\"500\" src=\"https:\/\/anwalt.rocks\/arbeitsrecht\/wp-content\/uploads\/sites\/2\/2025\/01\/meinung-03.jpg\" class=\"contact-image media-object wp-post-image\" alt=\"Maria P., 29 Jahre, aus Stuttgart\" srcset=\"https:\/\/anwalt.rocks\/arbeitsrecht\/wp-content\/uploads\/sites\/2\/2025\/01\/meinung-03.jpg 500w, https:\/\/anwalt.rocks\/arbeitsrecht\/wp-content\/uploads\/sites\/2\/2025\/01\/meinung-03-300x300.jpg 300w, https:\/\/anwalt.rocks\/arbeitsrecht\/wp-content\/uploads\/sites\/2\/2025\/01\/meinung-03-150x150.jpg 150w\" sizes=\"auto, (max-width: 500px) 100vw, 500px\" \/>            <\/a>\n        <\/div>\n\n        <div class=\"media-body\">\n                        <p class=\"h2 media-heading\">\n                <a  href=\"#\" data-toggle=\"modal\" data-target=\"#ContactModal\"  title=\"Maria P., 29 Jahre, aus Stuttgart jetzt Kontakt aufnehmen!\">\n                    <span class=\"contact-name\">Maria P., 29 Jahre, aus Stuttgart<\/span>\n                <\/a>\n\n                <span class=\"contact-text\"><\/span> <span class=\"contact-city\"><a href=\"https:\/\/anwalt.rocks\/arbeitsrecht\/region\/ockenheim-rheinhessen\/\">Anwalt Arbeitsrecht Ockenheim Rheinhessen<\/a><\/span>            <\/p>\n\n            <div class=\"quote\"><p>Herr Dr. Schmelzer ist einfach ein toller Anwalt! In meinem Fall ging es um Mobbing am Arbeitsplatz. Ich wusste nicht mehr weiter, aber Herr Dr. Schmelzer hat mir Mut gemacht und klare Schritte vorgeschlagen. Er hat nicht nur mein Recht &hellip;<\/p><\/div>\n            <a class=\"btn btn-cta\"  href=\"#\" data-toggle=\"modal\" data-target=\"#ContactModal\"  title=\"Maria P., 29 Jahre, aus Stuttgart jetzt Kontakt aufnehmen!\">\n                Nachricht senden            <\/a>\n        <\/div>\n    <\/div>\n<\/article>\n<div class=\"blogposts\"><ul><li><a href=\"https:\/\/anwalt.rocks\/arbeitsrecht\/adliwil\/\" title=\"Rechtsanwalt Adliwil Fachanwalt f\u00fcr Arbeits- und IT Recht.\">Rechtsanwalt Adliwil Fachanwalt f\u00fcr Arbeits- und IT Recht.<\/a><\/li><li><a href=\"https:\/\/anwalt.rocks\/arbeitsrecht\/fuerstenfeldbruck\/\" title=\"Kanzlei Dr. Stephan Schmelzer Rechtsanwalt IT- und Arbeitsrecht F\u00fcrstenfeldbruck.\">Kanzlei Dr. Stephan Schmelzer Rechtsanwalt IT- und Arbeitsrecht F\u00fcrstenfeldbruck.<\/a><\/li><li><a href=\"https:\/\/anwalt.rocks\/arbeitsrecht\/eggenburg\/\" title=\"Anwalt Eggenburg Arbeitsrecht Mandanten Vertreung f\u00fcr Arbeitgeber sowie Arbeitnehmer.\">Anwalt Eggenburg Arbeitsrecht Mandanten Vertreung f\u00fcr Arbeitgeber sowie Arbeitnehmer.<\/a><\/li><li><a href=\"https:\/\/anwalt.rocks\/arbeitsrecht\/hallo-welt\/\" title=\"Hallo Welt!\">Hallo Welt!<\/a><\/li><li><a href=\"https:\/\/anwalt.rocks\/arbeitsrecht\/vevey\/\" title=\"Anwalt Vevey Arbeitsrecht Vertretung f\u00fcr Arbeitnehmer und Arbeitgeber.\">Anwalt Vevey Arbeitsrecht Vertretung f\u00fcr Arbeitnehmer und Arbeitgeber.<\/a><\/li><li><a href=\"https:\/\/anwalt.rocks\/arbeitsrecht\/staufen\/\" title=\"Anwalt Staufen Arbeitsrecht Mandanten Vertreung f\u00fcr Arbeitnehmer sowie Arbeitgeber.\">Anwalt Staufen Arbeitsrecht Mandanten Vertreung f\u00fcr Arbeitnehmer sowie Arbeitgeber.<\/a><\/li><li><a href=\"https:\/\/anwalt.rocks\/arbeitsrecht\/bad-berka\/\" title=\"Anwalt Bad Berka f\u00fcr Arbeitsrecht.\">Anwalt Bad Berka f\u00fcr Arbeitsrecht.<\/a><\/li><\/ul><\/div>\n","protected":false},"excerpt":{"rendered":"<h2>Kanzlei Dr. Stephan Schmelzer Rechtsanwalt f\u00fcr Arbeits- und IT Recht Bad Berka.<\/h2>\n<p><a href=\"https:\/\/dr-schmelzer.eu\/arbeitsrecht\/\" target=\"_blank\" rel=\"noopener\"><img loading=\"lazy\" decoding=\"async\" src=\"https:\/\/anwalt.rocks\/bilder\/arbeitsrecht\/anwalt-arbeitsrecht-600x600.webp\" alt=\"Anwalt Bad Berka f\u00fcr Arbeitsrecht.\" title=\"Anwalt Bad Berka f\u00fcr Arbeitsrecht.\" width=\"600\" height=\"600\" \/><\/a> <\/p>\n<h3>Rechtsanwalt IT- und Arbeitsrecht Bad Berka &#8211; Kanzlei Dr. Stephan Schmelzer.<\/h3>\n<p>Dr. Stephan Schmelzer bietet fundierte Beratung in allen Fragen des Arbeitsrechts. Seit mehr als 25 Jahren ist &hellip;<\/p>","protected":false},"author":1,"featured_media":0,"comment_status":"closed","ping_status":"open","sticky":false,"template":"","format":"standard","meta":{"footnotes":""},"categories":[3],"tags":[],"class_list":["post-8001","post","type-post","status-publish","format-standard","hentry","category-fachanwalt"],"yoast_head":"<!-- This site is optimized with the Yoast SEO Premium plugin v27.1 (Yoast SEO v27.2) - https:\/\/yoast.com\/product\/yoast-seo-premium-wordpress\/ -->\n<title>Fachanwalt im Bereich Arbeitsrecht Eltville.<\/title>\n<meta name=\"robots\" content=\"index, follow, max-snippet:-1, max-image-preview:large, max-video-preview:-1\" \/>\n<link rel=\"canonical\" href=\"https:\/\/anwalt.rocks\/arbeitsrecht\/eltville\/\" \/>\n<meta property=\"og:locale\" content=\"de_DE\" \/>\n<meta property=\"og:type\" content=\"article\" \/>\n<meta property=\"og:title\" content=\"Fachanwalt im Bereich Arbeitsrecht Eltville.\" \/>\n<meta property=\"og:description\" content=\"Kanzlei Dr. Stephan Schmelzer Rechtsanwalt f\u00fcr Arbeits- und IT Recht Bad Berka.  Rechtsanwalt IT- und Arbeitsrecht Bad Berka &#8211; Kanzlei Dr. Stephan Schmelzer. Dr. Stephan Schmelzer bietet fundierte Beratung in allen Fragen des Arbeitsrechts. Seit mehr als 25 Jahren ist &hellip;\" \/>\n<meta property=\"og:url\" content=\"https:\/\/anwalt.rocks\/arbeitsrecht\/eltville\/\" \/>\n<meta property=\"og:site_name\" content=\"Anwalt Arbeitsrecht in der N\u00e4he - Dr. Schmelzer\" \/>\n<meta property=\"article:published_time\" content=\"2025-01-02T12:23:17+00:00\" \/>\n<meta property=\"og:image\" content=\"https:\/\/anwalt.rocks\/bilder\/arbeitsrecht\/anwalt-arbeitsrecht-600x600.webp\" \/>\n<meta name=\"author\" content=\"admin\" \/>\n<meta name=\"twitter:card\" content=\"summary_large_image\" \/>\n<meta name=\"twitter:label1\" content=\"Verfasst von\" \/>\n\t<meta name=\"twitter:data1\" content=\"admin\" \/>\n\t<meta name=\"twitter:label2\" content=\"Gesch\u00e4tzte Lesezeit\" \/>\n\t<meta name=\"twitter:data2\" content=\"4\u00a0Minuten\" \/>\n<script type=\"application\/ld+json\" class=\"yoast-schema-graph\">{\"@context\":\"https:\/\/schema.org\",\"@graph\":[{\"@type\":\"Article\",\"@id\":\"https:\/\/anwalt.rocks\/arbeitsrecht\/eltville\/#article\",\"isPartOf\":{\"@id\":\"https:\/\/anwalt.rocks\/arbeitsrecht\/eltville\/\"},\"author\":{\"name\":\"admin\",\"@id\":\"https:\/\/anwalt.rocks\/arbeitsrecht\/#\/schema\/person\/3fd3b0fc4df170bb2460fbc934288e39\"},\"headline\":\"Fachanwalt im Bereich Arbeitsrecht Eltville.\",\"datePublished\":\"2025-01-02T12:23:17+00:00\",\"mainEntityOfPage\":{\"@id\":\"https:\/\/anwalt.rocks\/arbeitsrecht\/eltville\/\"},\"wordCount\":723,\"publisher\":{\"@id\":\"https:\/\/anwalt.rocks\/arbeitsrecht\/#organization\"},\"image\":{\"@id\":\"https:\/\/anwalt.rocks\/arbeitsrecht\/eltville\/#primaryimage\"},\"thumbnailUrl\":\"https:\/\/anwalt.rocks\/bilder\/arbeitsrecht\/anwalt-arbeitsrecht-600x600.webp\",\"articleSection\":[\"Fachanwalt\"],\"inLanguage\":\"de\"},{\"@type\":\"WebPage\",\"@id\":\"https:\/\/anwalt.rocks\/arbeitsrecht\/eltville\/\",\"url\":\"https:\/\/anwalt.rocks\/arbeitsrecht\/eltville\/\",\"name\":\"Fachanwalt im Bereich Arbeitsrecht Eltville.\",\"isPartOf\":{\"@id\":\"https:\/\/anwalt.rocks\/arbeitsrecht\/#website\"},\"primaryImageOfPage\":{\"@id\":\"https:\/\/anwalt.rocks\/arbeitsrecht\/eltville\/#primaryimage\"},\"image\":{\"@id\":\"https:\/\/anwalt.rocks\/arbeitsrecht\/eltville\/#primaryimage\"},\"thumbnailUrl\":\"https:\/\/anwalt.rocks\/bilder\/arbeitsrecht\/anwalt-arbeitsrecht-600x600.webp\",\"datePublished\":\"2025-01-02T12:23:17+00:00\",\"breadcrumb\":{\"@id\":\"https:\/\/anwalt.rocks\/arbeitsrecht\/eltville\/#breadcrumb\"},\"inLanguage\":\"de\",\"potentialAction\":[{\"@type\":\"ReadAction\",\"target\":[\"https:\/\/anwalt.rocks\/arbeitsrecht\/eltville\/\"]}]},{\"@type\":\"ImageObject\",\"inLanguage\":\"de\",\"@id\":\"https:\/\/anwalt.rocks\/arbeitsrecht\/eltville\/#primaryimage\",\"url\":\"https:\/\/anwalt.rocks\/bilder\/arbeitsrecht\/anwalt-arbeitsrecht-600x600.webp\",\"contentUrl\":\"https:\/\/anwalt.rocks\/bilder\/arbeitsrecht\/anwalt-arbeitsrecht-600x600.webp\"},{\"@type\":\"BreadcrumbList\",\"@id\":\"https:\/\/anwalt.rocks\/arbeitsrecht\/eltville\/#breadcrumb\",\"itemListElement\":[{\"@type\":\"ListItem\",\"position\":1,\"name\":\"Start\",\"item\":\"https:\/\/anwalt.rocks\/arbeitsrecht\/\"},{\"@type\":\"ListItem\",\"position\":2,\"name\":\"Fachanwalt im Bereich Arbeitsrecht Eltville.\"}]},{\"@type\":\"WebSite\",\"@id\":\"https:\/\/anwalt.rocks\/arbeitsrecht\/#website\",\"url\":\"https:\/\/anwalt.rocks\/arbeitsrecht\/\",\"name\":\"Anwalt Arbeitsrecht in der N\u00e4he - Dr. Schmelzer\",\"description\":\"Kompetenzen und Vorteile von Dr. Stephan Schmelzer \u2013 Anwalt und Fachanwalt f\u00fcr Arbeitsrecht mit 25 j\u00e4hriger Berufspraxis.\",\"publisher\":{\"@id\":\"https:\/\/anwalt.rocks\/arbeitsrecht\/#organization\"},\"potentialAction\":[{\"@type\":\"SearchAction\",\"target\":{\"@type\":\"EntryPoint\",\"urlTemplate\":\"https:\/\/anwalt.rocks\/arbeitsrecht\/?s={search_term_string}\"},\"query-input\":{\"@type\":\"PropertyValueSpecification\",\"valueRequired\":true,\"valueName\":\"search_term_string\"}}],\"inLanguage\":\"de\"},{\"@type\":\"Organization\",\"@id\":\"https:\/\/anwalt.rocks\/arbeitsrecht\/#organization\",\"name\":\"Kanzlei Dr. Schmelzer\",\"url\":\"https:\/\/anwalt.rocks\/arbeitsrecht\/\",\"logo\":{\"@type\":\"ImageObject\",\"inLanguage\":\"de\",\"@id\":\"https:\/\/anwalt.rocks\/arbeitsrecht\/#\/schema\/logo\/image\/\",\"url\":\"https:\/\/anwalt.rocks\/arbeitsrecht\/wp-content\/uploads\/sites\/2\/2025\/01\/anwalt-arbeitsrecht-logo.png\",\"contentUrl\":\"https:\/\/anwalt.rocks\/arbeitsrecht\/wp-content\/uploads\/sites\/2\/2025\/01\/anwalt-arbeitsrecht-logo.png\",\"width\":450,\"height\":150,\"caption\":\"Kanzlei Dr. Schmelzer\"},\"image\":{\"@id\":\"https:\/\/anwalt.rocks\/arbeitsrecht\/#\/schema\/logo\/image\/\"}},{\"@type\":\"Person\",\"@id\":\"https:\/\/anwalt.rocks\/arbeitsrecht\/#\/schema\/person\/3fd3b0fc4df170bb2460fbc934288e39\",\"name\":\"admin\",\"image\":{\"@type\":\"ImageObject\",\"inLanguage\":\"de\",\"@id\":\"https:\/\/secure.gravatar.com\/avatar\/2a567a722e62dc61f1aaa46c6b595fa617f2003443806e3422a8fed77c029cfc?s=96&d=mm&r=g\",\"url\":\"https:\/\/secure.gravatar.com\/avatar\/2a567a722e62dc61f1aaa46c6b595fa617f2003443806e3422a8fed77c029cfc?s=96&d=mm&r=g\",\"contentUrl\":\"https:\/\/secure.gravatar.com\/avatar\/2a567a722e62dc61f1aaa46c6b595fa617f2003443806e3422a8fed77c029cfc?s=96&d=mm&r=g\",\"caption\":\"admin\"},\"sameAs\":[\"https:\/\/anwalt.rocks\"],\"url\":\"https:\/\/anwalt.rocks\/arbeitsrecht\/author\/admin\/\"}]}<\/script>\n<!-- \/ Yoast SEO Premium plugin. -->","yoast_head_json":{"title":"Fachanwalt im Bereich Arbeitsrecht Eltville.","robots":{"index":"index","follow":"follow","max-snippet":"max-snippet:-1","max-image-preview":"max-image-preview:large","max-video-preview":"max-video-preview:-1"},"canonical":"https:\/\/anwalt.rocks\/arbeitsrecht\/eltville\/","og_locale":"de_DE","og_type":"article","og_title":"Fachanwalt im Bereich Arbeitsrecht Eltville.","og_description":"Kanzlei Dr. Stephan Schmelzer Rechtsanwalt f\u00fcr Arbeits- und IT Recht Bad Berka.  Rechtsanwalt IT- und Arbeitsrecht Bad Berka &#8211; Kanzlei Dr. Stephan Schmelzer. Dr. Stephan Schmelzer bietet fundierte Beratung in allen Fragen des Arbeitsrechts. Seit mehr als 25 Jahren ist &hellip;","og_url":"https:\/\/anwalt.rocks\/arbeitsrecht\/eltville\/","og_site_name":"Anwalt Arbeitsrecht in der N\u00e4he - Dr. Schmelzer","article_published_time":"2025-01-02T12:23:17+00:00","og_image":[{"url":"https:\/\/anwalt.rocks\/bilder\/arbeitsrecht\/anwalt-arbeitsrecht-600x600.webp","type":"","width":"","height":""}],"author":"admin","twitter_card":"summary_large_image","twitter_misc":{"Verfasst von":"admin","Gesch\u00e4tzte Lesezeit":"4\u00a0Minuten"},"schema":{"@context":"https:\/\/schema.org","@graph":[{"@type":"Article","@id":"https:\/\/anwalt.rocks\/arbeitsrecht\/eltville\/#article","isPartOf":{"@id":"https:\/\/anwalt.rocks\/arbeitsrecht\/eltville\/"},"author":{"name":"admin","@id":"https:\/\/anwalt.rocks\/arbeitsrecht\/#\/schema\/person\/3fd3b0fc4df170bb2460fbc934288e39"},"headline":"Fachanwalt im Bereich Arbeitsrecht Eltville.","datePublished":"2025-01-02T12:23:17+00:00","mainEntityOfPage":{"@id":"https:\/\/anwalt.rocks\/arbeitsrecht\/eltville\/"},"wordCount":723,"publisher":{"@id":"https:\/\/anwalt.rocks\/arbeitsrecht\/#organization"},"image":{"@id":"https:\/\/anwalt.rocks\/arbeitsrecht\/eltville\/#primaryimage"},"thumbnailUrl":"https:\/\/anwalt.rocks\/bilder\/arbeitsrecht\/anwalt-arbeitsrecht-600x600.webp","articleSection":["Fachanwalt"],"inLanguage":"de"},{"@type":"WebPage","@id":"https:\/\/anwalt.rocks\/arbeitsrecht\/eltville\/","url":"https:\/\/anwalt.rocks\/arbeitsrecht\/eltville\/","name":"Fachanwalt im Bereich Arbeitsrecht Eltville.","isPartOf":{"@id":"https:\/\/anwalt.rocks\/arbeitsrecht\/#website"},"primaryImageOfPage":{"@id":"https:\/\/anwalt.rocks\/arbeitsrecht\/eltville\/#primaryimage"},"image":{"@id":"https:\/\/anwalt.rocks\/arbeitsrecht\/eltville\/#primaryimage"},"thumbnailUrl":"https:\/\/anwalt.rocks\/bilder\/arbeitsrecht\/anwalt-arbeitsrecht-600x600.webp","datePublished":"2025-01-02T12:23:17+00:00","breadcrumb":{"@id":"https:\/\/anwalt.rocks\/arbeitsrecht\/eltville\/#breadcrumb"},"inLanguage":"de","potentialAction":[{"@type":"ReadAction","target":["https:\/\/anwalt.rocks\/arbeitsrecht\/eltville\/"]}]},{"@type":"ImageObject","inLanguage":"de","@id":"https:\/\/anwalt.rocks\/arbeitsrecht\/eltville\/#primaryimage","url":"https:\/\/anwalt.rocks\/bilder\/arbeitsrecht\/anwalt-arbeitsrecht-600x600.webp","contentUrl":"https:\/\/anwalt.rocks\/bilder\/arbeitsrecht\/anwalt-arbeitsrecht-600x600.webp"},{"@type":"BreadcrumbList","@id":"https:\/\/anwalt.rocks\/arbeitsrecht\/eltville\/#breadcrumb","itemListElement":[{"@type":"ListItem","position":1,"name":"Start","item":"https:\/\/anwalt.rocks\/arbeitsrecht\/"},{"@type":"ListItem","position":2,"name":"Fachanwalt im Bereich Arbeitsrecht Eltville."}]},{"@type":"WebSite","@id":"https:\/\/anwalt.rocks\/arbeitsrecht\/#website","url":"https:\/\/anwalt.rocks\/arbeitsrecht\/","name":"Anwalt Arbeitsrecht in der N\u00e4he - Dr. Schmelzer","description":"Kompetenzen und Vorteile von Dr. Stephan Schmelzer \u2013 Anwalt und Fachanwalt f\u00fcr Arbeitsrecht mit 25 j\u00e4hriger Berufspraxis.","publisher":{"@id":"https:\/\/anwalt.rocks\/arbeitsrecht\/#organization"},"potentialAction":[{"@type":"SearchAction","target":{"@type":"EntryPoint","urlTemplate":"https:\/\/anwalt.rocks\/arbeitsrecht\/?s={search_term_string}"},"query-input":{"@type":"PropertyValueSpecification","valueRequired":true,"valueName":"search_term_string"}}],"inLanguage":"de"},{"@type":"Organization","@id":"https:\/\/anwalt.rocks\/arbeitsrecht\/#organization","name":"Kanzlei Dr. Schmelzer","url":"https:\/\/anwalt.rocks\/arbeitsrecht\/","logo":{"@type":"ImageObject","inLanguage":"de","@id":"https:\/\/anwalt.rocks\/arbeitsrecht\/#\/schema\/logo\/image\/","url":"https:\/\/anwalt.rocks\/arbeitsrecht\/wp-content\/uploads\/sites\/2\/2025\/01\/anwalt-arbeitsrecht-logo.png","contentUrl":"https:\/\/anwalt.rocks\/arbeitsrecht\/wp-content\/uploads\/sites\/2\/2025\/01\/anwalt-arbeitsrecht-logo.png","width":450,"height":150,"caption":"Kanzlei Dr. Schmelzer"},"image":{"@id":"https:\/\/anwalt.rocks\/arbeitsrecht\/#\/schema\/logo\/image\/"}},{"@type":"Person","@id":"https:\/\/anwalt.rocks\/arbeitsrecht\/#\/schema\/person\/3fd3b0fc4df170bb2460fbc934288e39","name":"admin","image":{"@type":"ImageObject","inLanguage":"de","@id":"https:\/\/secure.gravatar.com\/avatar\/2a567a722e62dc61f1aaa46c6b595fa617f2003443806e3422a8fed77c029cfc?s=96&d=mm&r=g","url":"https:\/\/secure.gravatar.com\/avatar\/2a567a722e62dc61f1aaa46c6b595fa617f2003443806e3422a8fed77c029cfc?s=96&d=mm&r=g","contentUrl":"https:\/\/secure.gravatar.com\/avatar\/2a567a722e62dc61f1aaa46c6b595fa617f2003443806e3422a8fed77c029cfc?s=96&d=mm&r=g","caption":"admin"},"sameAs":["https:\/\/anwalt.rocks"],"url":"https:\/\/anwalt.rocks\/arbeitsrecht\/author\/admin\/"}]}},"_links":{"self":[{"href":"https:\/\/anwalt.rocks\/arbeitsrecht\/wp-json\/wp\/v2\/posts\/8001","targetHints":{"allow":["GET"]}}],"collection":[{"href":"https:\/\/anwalt.rocks\/arbeitsrecht\/wp-json\/wp\/v2\/posts"}],"about":[{"href":"https:\/\/anwalt.rocks\/arbeitsrecht\/wp-json\/wp\/v2\/types\/post"}],"author":[{"embeddable":true,"href":"https:\/\/anwalt.rocks\/arbeitsrecht\/wp-json\/wp\/v2\/users\/1"}],"replies":[{"embeddable":true,"href":"https:\/\/anwalt.rocks\/arbeitsrecht\/wp-json\/wp\/v2\/comments?post=8001"}],"version-history":[{"count":0,"href":"https:\/\/anwalt.rocks\/arbeitsrecht\/wp-json\/wp\/v2\/posts\/8001\/revisions"}],"wp:attachment":[{"href":"https:\/\/anwalt.rocks\/arbeitsrecht\/wp-json\/wp\/v2\/media?parent=8001"}],"wp:term":[{"taxonomy":"category","embeddable":true,"href":"https:\/\/anwalt.rocks\/arbeitsrecht\/wp-json\/wp\/v2\/categories?post=8001"},{"taxonomy":"post_tag","embeddable":true,"href":"https:\/\/anwalt.rocks\/arbeitsrecht\/wp-json\/wp\/v2\/tags?post=8001"}],"curies":[{"name":"wp","href":"https:\/\/api.w.org\/{rel}","templated":true}]}}