{"id":8010,"date":"2025-01-15T02:05:41","date_gmt":"2025-01-15T01:05:41","guid":{"rendered":"https:\/\/anwalt.rocks\/arbeitsrecht\/emsland\/"},"modified":"2025-01-15T02:05:41","modified_gmt":"2025-01-15T01:05:41","slug":"emsland","status":"publish","type":"post","link":"https:\/\/anwalt.rocks\/arbeitsrecht\/emsland\/","title":{"rendered":"Kanzlei Dr. Stephan Schmelzer Rechtsanwalt IT- und Arbeitsrecht Emsland."},"content":{"rendered":"<span class=\"span-reading-time rt-reading-time\" style=\"display: block;\"><span class=\"rt-label rt-prefix\">Lesedauer<\/span> <span class=\"rt-time\"> 3<\/span> <span class=\"rt-label rt-postfix\">Minuten<\/span><\/span><h2>Anwalt Arbeitsrecht Emsland &#8211; Fachanwalt  f\u00fcr bundesweite Vertretungen.<\/h2>\n<p><a href=\"https:\/\/dr-schmelzer.eu\/arbeitsrecht\/\" target=\"_blank\" rel=\"noopener\"><img loading=\"lazy\" decoding=\"async\" src=\"https:\/\/anwalt.rocks\/bilder\/arbeitsrecht\/anwalt-arbeitsrecht-600x600.webp\" alt=\"Kanzlei Dr. Stephan Schmelzer Rechtsanwalt IT- und Arbeitsrecht Emsland.\" title=\"Kanzlei Dr. Stephan Schmelzer Rechtsanwalt IT- und Arbeitsrecht Emsland.\" width=\"600\" height=\"600\" \/><\/a> <\/p>\n<h3>Fachanwalt Arbeitsrecht Emsland &#8211; Soziet\u00e4t Dr. Stephan Schmelzer.<\/h3>\n<p>Dr. Stephan Schmelzer bietet Ihnen professionelle Unterst\u00fctzung in s\u00e4mtlichen arbeitsrechtlichen Angelegenheiten. \u00dcber 25 Jahre Berufserfahrung und die Fachanwaltszulassung seit 2002 haben ihn zu einer anerkannten Gr\u00f6\u00dfe \u00fcber Ahlen hinaus gemacht. Mit 20 Jahren Erfahrung bietet seine Kanzlei pers\u00f6nliche Betreuung und fundierte juristische Beratung. Mit seiner Doppelqualifikation als Fachanwalt f\u00fcr Arbeitsrecht und IT-Recht bietet Dr. Schmelzer einzigartige Expertise, die in einer digitalen Welt unverzichtbar ist. &#8211; <a title=\"Anwalt Arbeitsrecht Offenbach\" href=\"https:\/\/anwalt.rocks\/arbeitsrecht\/offenbach\/\">Anwalt Arbeitsrecht Offenbach<\/a><\/p>\n<p><a href=\"https:\/\/dr-schmelzer.eu\/arbeitsrecht\/\" target=\"_blank\" rel=\"noopener\"><img loading=\"lazy\" decoding=\"async\" src=\"https:\/\/anwalt.rocks\/bilder\/arbeitsrecht\/rechtsanwalt-arbeitsrecht-600x600.webp\" alt=\"Anwalt Arbeitsrecht Emsland\" title=\"Anwalt Arbeitsrecht Emsland\" width=\"600\" height=\"600\" \/><\/a> <\/p>\n<h3>Soziet\u00e4t Dr. Stephan Schmelzer &#8211; Fachanwalt f\u00fcr Arbeitsrecht Emsland.<\/h3>\n<p>Erg\u00e4nzend besch\u00e4ftigt er sich mit IT-Recht, doch der Fokus seiner T\u00e4tigkeit liegt auf dem Arbeitsrecht in Deutschland und international. Arbeitgeber und Arbeitnehmer erhalten von Dr. Schmelzer passgenaue Beratung in allen Bereichen des Arbeitsrechts. Durch seine fundierte Erfahrung und individuelle Betreuung hat er sich als einer der f\u00fchrenden Experten etabliert. &#8211; <a title=\"Anwalt Nyon\" href=\"https:\/\/anwalt.rocks\/arbeitsrecht\/nyon\/\">Anwalt Nyon<\/a><\/p>\n<h3>Kompetent und durchsetzungsstark &#8211; Seit 1998 t\u00e4tig als Steuer- und Arbeitsrechtler Emsland.<\/h3>\n<p>Arbeitgeber sehen sich mit rechtlichen Aufgaben konfrontiert, die von Arbeitsvertr\u00e4gen bis zu umfangreichen Restrukturierungsma\u00dfnahmen reichen. Mit seiner praxisorientierten Expertise hilft Dr. Schmelzer Unternehmen, rechtliche Risiken fr\u00fchzeitig zu erkennen und geeignete L\u00f6sungen zu finden. Sein Leistungsportfolio umfasst: &#8211; <a title=\"Anwalt Arbeitsrecht Ostdeutschland\" href=\"https:\/\/anwalt.rocks\/arbeitsrecht\/ostdeutschland\/\">Anwalt Arbeitsrecht Ostdeutschland<\/a><\/p>\n<h3>Anwalt Arbeitsrecht Emsland 50 zufriedene Kunden.<\/h3>\n<p>Gestaltung von Arbeitsvertr\u00e4gen, die rechtlich wasserdicht und flexibel bleiben. Entwicklung von Modellen f\u00fcr Arbeitszeit und Verg\u00fctung, die individuell auf das Unternehmen abgestimmt sind. &#8211; <a title=\"Anwalt Arbeitsrecht Arzberg\" href=\"https:\/\/anwalt.rocks\/arbeitsrecht\/arzberg\/\">Anwalt Arbeitsrecht Arzberg<\/a><\/p>\n<h3>Deswegen entscheidet man sich f\u00fcr diesen erfahrenen Anwalt Emsland:<\/h3>\n<p>Beratung und Begleitung bei der Erstellung von rechtssicheren K\u00fcndigungen aus unterschiedlichen Gr\u00fcnden. Juristische Risikoabsicherung und Unterst\u00fctzung bei jeder Phase der K\u00fcndigung.<\/p>\n<h3>Kompetent und durchsetzungsstark.<\/h3>\n<p>Beratung zur rechtssicheren Einbindung des Betriebsrats in strategische Entscheidungen. Unterst\u00fctzung bei der Gestaltung und Umsetzung von Betriebsvereinbarungen im Unternehmen. Planung und rechtliche Unterst\u00fctzung bei der Durchf\u00fchrung von Restrukturierungen. Prozessvertretung in arbeitsrechtlichen Konflikten, darunter K\u00fcndigungsschutzverfahren und Entfristungsklagen. Fokus auf die wirkungsvolle und effiziente Vertretung der Anliegen des Unternehmens.<\/p>\n<h3>Anwalt Arbeitsrecht Emsland &#8211; Fachanwalt Dr. Schmelzer.<\/h3>\n<p>Die Expertise von Dr. Schmelzer bietet Arbeitnehmern eine erstklassige Unterst\u00fctzung. Besonders in Streitf\u00e4llen ist er ein verl\u00e4sslicher Partner, der sich mit gro\u00dfem Einsatz f\u00fcr seine Mandanten einsetzt. Die Dienstleistungen erstrecken sich auf:<\/p>\n<p>Beratung und rechtliche Unterst\u00fctzung bei K\u00fcndigungsschutzverfahren vor dem Arbeitsgericht. Verhandlungen \u00fcber Abfindungen und sonstige Ausgleichszahlungen. Beratung und rechtliche Unterst\u00fctzung bei K\u00fcndigungsschutzverfahren vor dem Arbeitsgericht. Verhandlungen \u00fcber Abfindungen und sonstige Ausgleichszahlungen.<\/p>\n<p>Unterst\u00fctzung bei Verhandlungen zu Abfindungsh\u00f6hen und Beratung bei Aufhebungsvertr\u00e4gen. Beratung zur \u00dcberpr\u00fcfung und Bearbeitung von Arbeitszeugnissen nach gesetzlichen Standards. Prozessuale Unterst\u00fctzung in Zeugnisklagen zur Durchsetzung einer gerechten Bewertung. Kostenersparnis Beratung und Unterst\u00fctzung bei der Kl\u00e4rung von offenen Gehaltsfragen. Begleitung bei Entgeltklagen und der Durchsetzung von \u00dcberstundenverg\u00fctungen. Beratung zur \u00dcberpr\u00fcfung von Abmahnungen und zur Aufhebung unberechtigter Ma\u00dfnahmen.<\/p>\n<h4>Betreuung f\u00fcr Arbeitnehmer im Bereich Anwalt Arbeitsrecht Emsland.<\/h4>\n<p>Die Expertise von Dr. Schmelzer liegt insbesondere in der Restrukturierung und Konfliktbew\u00e4ltigung. Die Beratung w\u00e4hrend der Restrukturierung bildet ein wesentliches Fachgebiet von Dr. Schmelzer. Erfolgreiche Arbeit erfordert hier eine Verbindung aus rechtlichem Know-how, Verhandlungsgeschick und wirtschaftlichem Sachverstand.<\/p>\n<p>Anwalt Emsland Folgerung: Dr. Schmelzer verf\u00fcgt \u00fcber umfassende Erfahrung in der Erstellung und Umsetzung von Interessenausgleichen und Sozialpl\u00e4nen. Die Suche nach einer einvernehmlichen L\u00f6sung f\u00fcr alle Beteiligten hat oberste Priorit\u00e4t. Seine strategische Vorgehensweise und sein tiefes Wissen machen Dr. Schmelzer zu einem wertvollen Partner bei Verhandlungen mit Gewerkschaften und Betriebsr\u00e4ten.<\/p>\n<p>Der Fachanwalt f\u00fcr Arbeitsrecht behandelt jeden Fall als eigenst\u00e4ndige Herausforderung, die mit Sorgfalt angegangen wird. Sein Anliegen ist es, die Interessen seiner Mandanten bestm\u00f6glich zu vertreten, sei es au\u00dfergerichtlich oder durch Prozessf\u00fchrung. Er legt gro\u00dfen Wert auf offene Kommunikation und eine vertrauensvolle Zusammenarbeit mit seinen Mandanten. Die Mandantenzufriedenheit hat bei Dr. Schmelzer h\u00f6chste Wichtigkeit. Dies wird deutlich in seinen Ergebnissen und den positiven R\u00fcckmeldungen, die seine professionelle Herangehensweise w\u00fcrdigen. Die Kanzlei Dr. Stephan Schmelzer steht f\u00fcr kompetente Unterst\u00fctzung und pers\u00f6nliches Engagement f\u00fcr Arbeitnehmer und Arbeitgeber.<\/p>\n<article class=\"contact contact-list post-2612 profile type-profile status-publish has-post-thumbnail hentry\" data-contact=\"2612\">\n    \n    <div class=\"media\">\n        <div class=\"media-left\">\n            <a  href=\"#\" data-toggle=\"modal\" data-target=\"#ContactModal\"  title=\"Clara M., 32 Jahre, aus Leipzig jetzt Kontakt aufnehmen!\">\n                <img loading=\"lazy\" decoding=\"async\" width=\"500\" height=\"500\" src=\"https:\/\/anwalt.rocks\/arbeitsrecht\/wp-content\/uploads\/sites\/2\/2025\/01\/meinung-05.jpg\" class=\"contact-image media-object wp-post-image\" alt=\"Clara M., 32 Jahre, aus Leipzig\" srcset=\"https:\/\/anwalt.rocks\/arbeitsrecht\/wp-content\/uploads\/sites\/2\/2025\/01\/meinung-05.jpg 500w, https:\/\/anwalt.rocks\/arbeitsrecht\/wp-content\/uploads\/sites\/2\/2025\/01\/meinung-05-300x300.jpg 300w, https:\/\/anwalt.rocks\/arbeitsrecht\/wp-content\/uploads\/sites\/2\/2025\/01\/meinung-05-150x150.jpg 150w\" sizes=\"auto, (max-width: 500px) 100vw, 500px\" \/>            <\/a>\n        <\/div>\n\n        <div class=\"media-body\">\n                        <p class=\"h2 media-heading\">\n                <a  href=\"#\" data-toggle=\"modal\" data-target=\"#ContactModal\"  title=\"Clara M., 32 Jahre, aus Leipzig jetzt Kontakt aufnehmen!\">\n                    <span class=\"contact-name\">Clara M., 32 Jahre, aus Leipzig<\/span>\n                <\/a>\n\n                <span class=\"contact-text\"><\/span> <span class=\"contact-city\"><a href=\"https:\/\/anwalt.rocks\/arbeitsrecht\/region\/grossbockedra\/\">Anwalt Arbeitsrecht Gro\u00dfbockedra<\/a><\/span>            <\/p>\n\n            <div class=\"quote\"><p>Als ich pl\u00f6tzlich eine Abmahnung wegen angeblicher Unp\u00fcnktlichkeit erhielt, war ich geschockt. Das stimmte \u00fcberhaupt nicht! Dr. Schmelzer wurde mir von einem Kollegen empfohlen, und ich war sofort begeistert von seiner Expertise. Er konnte die Abmahnung erfolgreich aus meiner Personalakte &hellip;<\/p><\/div>\n            <a class=\"btn btn-cta\"  href=\"#\" data-toggle=\"modal\" data-target=\"#ContactModal\"  title=\"Clara M., 32 Jahre, aus Leipzig jetzt Kontakt aufnehmen!\">\n                Nachricht senden            <\/a>\n        <\/div>\n    <\/div>\n<\/article><article class=\"contact contact-list post-2646 profile type-profile status-publish has-post-thumbnail hentry\" data-contact=\"2646\">\n    \n    <div class=\"media\">\n        <div class=\"media-left\">\n            <a  href=\"#\" data-toggle=\"modal\" data-target=\"#ContactModal\"  title=\"Ulrich H. jetzt Kontakt aufnehmen!\">\n                <img loading=\"lazy\" decoding=\"async\" width=\"500\" height=\"500\" src=\"https:\/\/anwalt.rocks\/arbeitsrecht\/wp-content\/uploads\/sites\/2\/2025\/01\/meinung-16.jpg\" class=\"contact-image media-object wp-post-image\" alt=\"Ulrich H.\" srcset=\"https:\/\/anwalt.rocks\/arbeitsrecht\/wp-content\/uploads\/sites\/2\/2025\/01\/meinung-16.jpg 500w, https:\/\/anwalt.rocks\/arbeitsrecht\/wp-content\/uploads\/sites\/2\/2025\/01\/meinung-16-300x300.jpg 300w, https:\/\/anwalt.rocks\/arbeitsrecht\/wp-content\/uploads\/sites\/2\/2025\/01\/meinung-16-150x150.jpg 150w\" sizes=\"auto, (max-width: 500px) 100vw, 500px\" \/>            <\/a>\n        <\/div>\n\n        <div class=\"media-body\">\n                        <p class=\"h2 media-heading\">\n                <a  href=\"#\" data-toggle=\"modal\" data-target=\"#ContactModal\"  title=\"Ulrich H. jetzt Kontakt aufnehmen!\">\n                    <span class=\"contact-name\">Ulrich H.<\/span>\n                <\/a>\n\n                <span class=\"contact-text\"><\/span> <span class=\"contact-city\"><a href=\"https:\/\/anwalt.rocks\/arbeitsrecht\/region\/escheburg\/\">Anwalt Arbeitsrecht Escheburg<\/a><\/span>            <\/p>\n\n            <div class=\"quote\"><p>Anwalt Schmelzer hat mir in einem schwierigen Fall von Diskriminierung am Arbeitsplatz geholfen. Er hat mich nicht nur juristisch unterst\u00fctzt, sondern mir auch moralisch viel R\u00fcckhalt gegeben. Dank ihm wurde mein Fall erfolgreich gel\u00f6st, und ich f\u00fchle mich endlich wieder &hellip;<\/p><\/div>\n            <a class=\"btn btn-cta\"  href=\"#\" data-toggle=\"modal\" data-target=\"#ContactModal\"  title=\"Ulrich H. jetzt Kontakt aufnehmen!\">\n                Nachricht senden            <\/a>\n        <\/div>\n    <\/div>\n<\/article><article class=\"contact contact-list post-2652 profile type-profile status-publish has-post-thumbnail hentry\" data-contact=\"2652\">\n    \n    <div class=\"media\">\n        <div class=\"media-left\">\n            <a  href=\"#\" data-toggle=\"modal\" data-target=\"#ContactModal\"  title=\"Donald T. jetzt Kontakt aufnehmen!\">\n                <img loading=\"lazy\" decoding=\"async\" width=\"500\" height=\"500\" src=\"https:\/\/anwalt.rocks\/arbeitsrecht\/wp-content\/uploads\/sites\/2\/2025\/01\/meinung-18.jpg\" class=\"contact-image media-object wp-post-image\" alt=\"Donald T.\" srcset=\"https:\/\/anwalt.rocks\/arbeitsrecht\/wp-content\/uploads\/sites\/2\/2025\/01\/meinung-18.jpg 500w, https:\/\/anwalt.rocks\/arbeitsrecht\/wp-content\/uploads\/sites\/2\/2025\/01\/meinung-18-300x300.jpg 300w, https:\/\/anwalt.rocks\/arbeitsrecht\/wp-content\/uploads\/sites\/2\/2025\/01\/meinung-18-150x150.jpg 150w\" sizes=\"auto, (max-width: 500px) 100vw, 500px\" \/>            <\/a>\n        <\/div>\n\n        <div class=\"media-body\">\n                        <p class=\"h2 media-heading\">\n                <a  href=\"#\" data-toggle=\"modal\" data-target=\"#ContactModal\"  title=\"Donald T. jetzt Kontakt aufnehmen!\">\n                    <span class=\"contact-name\">Donald T.<\/span>\n                <\/a>\n\n                <span class=\"contact-text\"><\/span> <span class=\"contact-city\"><a href=\"https:\/\/anwalt.rocks\/arbeitsrecht\/region\/euskirchen-oberwichterich\/\">Anwalt Arbeitsrecht Euskirchen Oberwichterich<\/a><\/span>            <\/p>\n\n            <div class=\"quote\"><p>Ich wurde von meinem Arbeitgeber unfair behandelt, nachdem ich auf Elternzeit bestanden hatte. Herr Rechtsanwalt Stephan Schmelzer hat sich meinem Fall angenommen und eine einvernehmliche L\u00f6sung gefunden, die meine berufliche Zukunft sichert. Seine Unterst\u00fctzung war \u00e4u\u00dferst professionell und menschlich zugleich. &hellip;<\/p><\/div>\n            <a class=\"btn btn-cta\"  href=\"#\" data-toggle=\"modal\" data-target=\"#ContactModal\"  title=\"Donald T. jetzt Kontakt aufnehmen!\">\n                Nachricht senden            <\/a>\n        <\/div>\n    <\/div>\n<\/article><article class=\"contact contact-list post-2628 profile type-profile status-publish has-post-thumbnail hentry\" data-contact=\"2628\">\n    \n    <div class=\"media\">\n        <div class=\"media-left\">\n            <a  href=\"#\" data-toggle=\"modal\" data-target=\"#ContactModal\"  title=\"Sandra B., 39 Jahre, aus Bremen jetzt Kontakt aufnehmen!\">\n                <img loading=\"lazy\" decoding=\"async\" width=\"500\" height=\"500\" src=\"https:\/\/anwalt.rocks\/arbeitsrecht\/wp-content\/uploads\/sites\/2\/2025\/01\/meinung-10.jpg\" class=\"contact-image media-object wp-post-image\" alt=\"Sandra B., 39 Jahre, aus Bremen\" srcset=\"https:\/\/anwalt.rocks\/arbeitsrecht\/wp-content\/uploads\/sites\/2\/2025\/01\/meinung-10.jpg 500w, https:\/\/anwalt.rocks\/arbeitsrecht\/wp-content\/uploads\/sites\/2\/2025\/01\/meinung-10-300x300.jpg 300w, https:\/\/anwalt.rocks\/arbeitsrecht\/wp-content\/uploads\/sites\/2\/2025\/01\/meinung-10-150x150.jpg 150w\" sizes=\"auto, (max-width: 500px) 100vw, 500px\" \/>            <\/a>\n        <\/div>\n\n        <div class=\"media-body\">\n                        <p class=\"h2 media-heading\">\n                <a  href=\"#\" data-toggle=\"modal\" data-target=\"#ContactModal\"  title=\"Sandra B., 39 Jahre, aus Bremen jetzt Kontakt aufnehmen!\">\n                    <span class=\"contact-name\">Sandra B., 39 Jahre, aus Bremen<\/span>\n                <\/a>\n\n                <span class=\"contact-text\"><\/span> <span class=\"contact-city\"><a href=\"https:\/\/anwalt.rocks\/arbeitsrecht\/region\/moerschied\/\">Anwalt Arbeitsrecht M\u00f6rschied<\/a><\/span>            <\/p>\n\n            <div class=\"quote\"><p>Herr Schmelzer ist einfach unglaublich! In meinem Fall ging es um eine ungerechtfertigte Versetzung in eine andere Stadt. Er erkannte sofort, dass mein Arbeitgeber hier gegen geltendes Arbeitsrecht versto\u00dfen hatte, und setzte meine Interessen kompromisslos durch. Was mir besonders gefallen &hellip;<\/p><\/div>\n            <a class=\"btn btn-cta\"  href=\"#\" data-toggle=\"modal\" data-target=\"#ContactModal\"  title=\"Sandra B., 39 Jahre, aus Bremen jetzt Kontakt aufnehmen!\">\n                Nachricht senden            <\/a>\n        <\/div>\n    <\/div>\n<\/article><article class=\"contact contact-list post-2622 profile type-profile status-publish has-post-thumbnail hentry\" data-contact=\"2622\">\n    \n    <div class=\"media\">\n        <div class=\"media-left\">\n            <a  href=\"#\" data-toggle=\"modal\" data-target=\"#ContactModal\"  title=\"Sabine T., 22 Jahre, aus Frankfurt jetzt Kontakt aufnehmen!\">\n                <img loading=\"lazy\" decoding=\"async\" width=\"500\" height=\"500\" src=\"https:\/\/anwalt.rocks\/arbeitsrecht\/wp-content\/uploads\/sites\/2\/2025\/01\/meinung-08.jpg\" class=\"contact-image media-object wp-post-image\" alt=\"Sabine T., 22 Jahre, aus Frankfurt\" srcset=\"https:\/\/anwalt.rocks\/arbeitsrecht\/wp-content\/uploads\/sites\/2\/2025\/01\/meinung-08.jpg 500w, https:\/\/anwalt.rocks\/arbeitsrecht\/wp-content\/uploads\/sites\/2\/2025\/01\/meinung-08-300x300.jpg 300w, https:\/\/anwalt.rocks\/arbeitsrecht\/wp-content\/uploads\/sites\/2\/2025\/01\/meinung-08-150x150.jpg 150w\" sizes=\"auto, (max-width: 500px) 100vw, 500px\" \/>            <\/a>\n        <\/div>\n\n        <div class=\"media-body\">\n                        <p class=\"h2 media-heading\">\n                <a  href=\"#\" data-toggle=\"modal\" data-target=\"#ContactModal\"  title=\"Sabine T., 22 Jahre, aus Frankfurt jetzt Kontakt aufnehmen!\">\n                    <span class=\"contact-name\">Sabine T., 22 Jahre, aus Frankfurt<\/span>\n                <\/a>\n\n                <span class=\"contact-text\"><\/span> <span class=\"contact-city\"><a href=\"https:\/\/anwalt.rocks\/arbeitsrecht\/region\/freilassing\/\">Anwalt Arbeitsrecht Freilassing<\/a><\/span>            <\/p>\n\n            <div class=\"quote\"><p>Ich hatte ein Problem mit meinem Teilzeitvertrag, da mein Arbeitgeber mich pl\u00f6tzlich zu vielen \u00dcberstunden verpflichten wollte. Herr Schmelzer hat mich wunderbar beraten und schnell eine Kl\u00e4rung herbeigef\u00fchrt. Seine Kompetenz und Freundlichkeit haben mich \u00fcberzeugt. Ich f\u00fchlte mich jederzeit ernst &hellip;<\/p><\/div>\n            <a class=\"btn btn-cta\"  href=\"#\" data-toggle=\"modal\" data-target=\"#ContactModal\"  title=\"Sabine T., 22 Jahre, aus Frankfurt jetzt Kontakt aufnehmen!\">\n                Nachricht senden            <\/a>\n        <\/div>\n    <\/div>\n<\/article>\n<div class=\"blogposts\"><ul><li><a href=\"https:\/\/anwalt.rocks\/arbeitsrecht\/drolshagen\/\" title=\"Anwalt Arbeitsrecht Drolshagen &#8211; Marie ist super gl\u00fccklich.\">Anwalt Arbeitsrecht Drolshagen &#8211; Marie ist super gl\u00fccklich.<\/a><\/li><li><a href=\"https:\/\/anwalt.rocks\/arbeitsrecht\/munderkingen\/\" title=\"Anwalt Munderkingen Experte in Sachen Arbeitsrecht.\">Anwalt Munderkingen Experte in Sachen Arbeitsrecht.<\/a><\/li><li><a href=\"https:\/\/anwalt.rocks\/arbeitsrecht\/rain\/\" title=\"Anwalt Rain Arbeitsrecht Betreuung f\u00fcr Arbeitnehmer.\">Anwalt Rain Arbeitsrecht Betreuung f\u00fcr Arbeitnehmer.<\/a><\/li><li><a href=\"https:\/\/anwalt.rocks\/arbeitsrecht\/joachimsthal\/\" title=\"Anwalt Joachimsthal Experte zum Thema Arbeits- und IT Recht.\">Anwalt Joachimsthal Experte zum Thema Arbeits- und IT Recht.<\/a><\/li><li><a href=\"https:\/\/anwalt.rocks\/arbeitsrecht\/suedwestfalen\/\" title=\"Anwalt Arbeitsrecht S\u00fcdwestfalen &#8211; Tanja ist super gl\u00fccklich.\">Anwalt Arbeitsrecht S\u00fcdwestfalen &#8211; Tanja ist super gl\u00fccklich.<\/a><\/li><li><a href=\"https:\/\/anwalt.rocks\/arbeitsrecht\/hainburg\/\" title=\"Anwalt Hainburg in Sachen Arbeitsrecht.\">Anwalt Hainburg in Sachen Arbeitsrecht.<\/a><\/li><li><a href=\"https:\/\/anwalt.rocks\/arbeitsrecht\/ebersbach-neugersdorf\/\" title=\"Anwalt Ebersbach Neugersdorf in Sachen Arbeitsrecht.\">Anwalt Ebersbach Neugersdorf in Sachen Arbeitsrecht.<\/a><\/li><\/ul><\/div>\n","protected":false},"excerpt":{"rendered":"<h2>Fachanwalt IT- und Arbeitsrecht Ebersbach Neugersdorf f\u00fcr Arbeitgeber und Arbeitnehmer f\u00fcr Mindestlohn.<\/h2>\n<p><a href=\"https:\/\/dr-schmelzer.eu\/arbeitsrecht\/\" target=\"_blank\" rel=\"noopener\"><img loading=\"lazy\" decoding=\"async\" src=\"https:\/\/anwalt.rocks\/bilder\/arbeitsrecht\/anwalt-arbeitsrecht-600x600.webp\" alt=\"Anwalt Ebersbach Neugersdorf in Sachen Arbeitsrecht.\" title=\"Anwalt Ebersbach Neugersdorf in Sachen Arbeitsrecht.\" width=\"600\" height=\"600\" \/><\/a> <\/p>\n<h3>Rechtsanwalt IT- und Arbeitsrecht Ebersbach Neugersdorf &#8211; Soziet\u00e4t Dr. Stephan Schmelzer.<\/h3>\n<p>Dr. Stephan Schmelzer begleitet Sie kompetent durch alle arbeitsrechtlichen Herausforderungen. Mit seiner Erfahrung von \u00fcber 25 Jahren &hellip;<\/p>","protected":false},"author":1,"featured_media":0,"comment_status":"closed","ping_status":"open","sticky":false,"template":"","format":"standard","meta":{"footnotes":""},"categories":[3],"tags":[],"class_list":["post-8010","post","type-post","status-publish","format-standard","hentry","category-fachanwalt"],"yoast_head":"<!-- This site is optimized with the Yoast SEO Premium plugin v27.1 (Yoast SEO v27.2) - https:\/\/yoast.com\/product\/yoast-seo-premium-wordpress\/ -->\n<title>Kanzlei Dr. Stephan Schmelzer Rechtsanwalt IT- und Arbeitsrecht Emsland.<\/title>\n<meta name=\"robots\" content=\"index, follow, max-snippet:-1, max-image-preview:large, max-video-preview:-1\" \/>\n<link rel=\"canonical\" href=\"https:\/\/anwalt.rocks\/arbeitsrecht\/emsland\/\" \/>\n<meta property=\"og:locale\" content=\"de_DE\" \/>\n<meta property=\"og:type\" content=\"article\" \/>\n<meta property=\"og:title\" content=\"Kanzlei Dr. Stephan Schmelzer Rechtsanwalt IT- und Arbeitsrecht Emsland.\" \/>\n<meta property=\"og:description\" content=\"Fachanwalt IT- und Arbeitsrecht Ebersbach Neugersdorf f\u00fcr Arbeitgeber und Arbeitnehmer f\u00fcr Mindestlohn.  Rechtsanwalt IT- und Arbeitsrecht Ebersbach Neugersdorf &#8211; Soziet\u00e4t Dr. Stephan Schmelzer. Dr. Stephan Schmelzer begleitet Sie kompetent durch alle arbeitsrechtlichen Herausforderungen. Mit seiner Erfahrung von \u00fcber 25 Jahren &hellip;\" \/>\n<meta property=\"og:url\" content=\"https:\/\/anwalt.rocks\/arbeitsrecht\/emsland\/\" \/>\n<meta property=\"og:site_name\" content=\"Anwalt Arbeitsrecht in der N\u00e4he - Dr. Schmelzer\" \/>\n<meta property=\"article:published_time\" content=\"2025-01-15T01:05:41+00:00\" \/>\n<meta property=\"og:image\" content=\"https:\/\/anwalt.rocks\/bilder\/arbeitsrecht\/anwalt-arbeitsrecht-600x600.webp\" \/>\n<meta name=\"author\" content=\"admin\" \/>\n<meta name=\"twitter:card\" content=\"summary_large_image\" \/>\n<meta name=\"twitter:label1\" content=\"Verfasst von\" \/>\n\t<meta name=\"twitter:data1\" content=\"admin\" \/>\n\t<meta name=\"twitter:label2\" content=\"Gesch\u00e4tzte Lesezeit\" \/>\n\t<meta name=\"twitter:data2\" content=\"3\u00a0Minuten\" \/>\n<script type=\"application\/ld+json\" class=\"yoast-schema-graph\">{\"@context\":\"https:\/\/schema.org\",\"@graph\":[{\"@type\":\"Article\",\"@id\":\"https:\/\/anwalt.rocks\/arbeitsrecht\/emsland\/#article\",\"isPartOf\":{\"@id\":\"https:\/\/anwalt.rocks\/arbeitsrecht\/emsland\/\"},\"author\":{\"name\":\"admin\",\"@id\":\"https:\/\/anwalt.rocks\/arbeitsrecht\/#\/schema\/person\/3fd3b0fc4df170bb2460fbc934288e39\"},\"headline\":\"Kanzlei Dr. Stephan Schmelzer Rechtsanwalt IT- und Arbeitsrecht Emsland.\",\"datePublished\":\"2025-01-15T01:05:41+00:00\",\"mainEntityOfPage\":{\"@id\":\"https:\/\/anwalt.rocks\/arbeitsrecht\/emsland\/\"},\"wordCount\":708,\"publisher\":{\"@id\":\"https:\/\/anwalt.rocks\/arbeitsrecht\/#organization\"},\"image\":{\"@id\":\"https:\/\/anwalt.rocks\/arbeitsrecht\/emsland\/#primaryimage\"},\"thumbnailUrl\":\"https:\/\/anwalt.rocks\/bilder\/arbeitsrecht\/anwalt-arbeitsrecht-600x600.webp\",\"articleSection\":[\"Fachanwalt\"],\"inLanguage\":\"de\"},{\"@type\":\"WebPage\",\"@id\":\"https:\/\/anwalt.rocks\/arbeitsrecht\/emsland\/\",\"url\":\"https:\/\/anwalt.rocks\/arbeitsrecht\/emsland\/\",\"name\":\"Kanzlei Dr. Stephan Schmelzer Rechtsanwalt IT- und Arbeitsrecht Emsland.\",\"isPartOf\":{\"@id\":\"https:\/\/anwalt.rocks\/arbeitsrecht\/#website\"},\"primaryImageOfPage\":{\"@id\":\"https:\/\/anwalt.rocks\/arbeitsrecht\/emsland\/#primaryimage\"},\"image\":{\"@id\":\"https:\/\/anwalt.rocks\/arbeitsrecht\/emsland\/#primaryimage\"},\"thumbnailUrl\":\"https:\/\/anwalt.rocks\/bilder\/arbeitsrecht\/anwalt-arbeitsrecht-600x600.webp\",\"datePublished\":\"2025-01-15T01:05:41+00:00\",\"breadcrumb\":{\"@id\":\"https:\/\/anwalt.rocks\/arbeitsrecht\/emsland\/#breadcrumb\"},\"inLanguage\":\"de\",\"potentialAction\":[{\"@type\":\"ReadAction\",\"target\":[\"https:\/\/anwalt.rocks\/arbeitsrecht\/emsland\/\"]}]},{\"@type\":\"ImageObject\",\"inLanguage\":\"de\",\"@id\":\"https:\/\/anwalt.rocks\/arbeitsrecht\/emsland\/#primaryimage\",\"url\":\"https:\/\/anwalt.rocks\/bilder\/arbeitsrecht\/anwalt-arbeitsrecht-600x600.webp\",\"contentUrl\":\"https:\/\/anwalt.rocks\/bilder\/arbeitsrecht\/anwalt-arbeitsrecht-600x600.webp\"},{\"@type\":\"BreadcrumbList\",\"@id\":\"https:\/\/anwalt.rocks\/arbeitsrecht\/emsland\/#breadcrumb\",\"itemListElement\":[{\"@type\":\"ListItem\",\"position\":1,\"name\":\"Start\",\"item\":\"https:\/\/anwalt.rocks\/arbeitsrecht\/\"},{\"@type\":\"ListItem\",\"position\":2,\"name\":\"Kanzlei Dr. Stephan Schmelzer Rechtsanwalt IT- und Arbeitsrecht Emsland.\"}]},{\"@type\":\"WebSite\",\"@id\":\"https:\/\/anwalt.rocks\/arbeitsrecht\/#website\",\"url\":\"https:\/\/anwalt.rocks\/arbeitsrecht\/\",\"name\":\"Anwalt Arbeitsrecht in der N\u00e4he - Dr. Schmelzer\",\"description\":\"Kompetenzen und Vorteile von Dr. Stephan Schmelzer \u2013 Anwalt und Fachanwalt f\u00fcr Arbeitsrecht mit 25 j\u00e4hriger Berufspraxis.\",\"publisher\":{\"@id\":\"https:\/\/anwalt.rocks\/arbeitsrecht\/#organization\"},\"potentialAction\":[{\"@type\":\"SearchAction\",\"target\":{\"@type\":\"EntryPoint\",\"urlTemplate\":\"https:\/\/anwalt.rocks\/arbeitsrecht\/?s={search_term_string}\"},\"query-input\":{\"@type\":\"PropertyValueSpecification\",\"valueRequired\":true,\"valueName\":\"search_term_string\"}}],\"inLanguage\":\"de\"},{\"@type\":\"Organization\",\"@id\":\"https:\/\/anwalt.rocks\/arbeitsrecht\/#organization\",\"name\":\"Kanzlei Dr. Schmelzer\",\"url\":\"https:\/\/anwalt.rocks\/arbeitsrecht\/\",\"logo\":{\"@type\":\"ImageObject\",\"inLanguage\":\"de\",\"@id\":\"https:\/\/anwalt.rocks\/arbeitsrecht\/#\/schema\/logo\/image\/\",\"url\":\"https:\/\/anwalt.rocks\/arbeitsrecht\/wp-content\/uploads\/sites\/2\/2025\/01\/anwalt-arbeitsrecht-logo.png\",\"contentUrl\":\"https:\/\/anwalt.rocks\/arbeitsrecht\/wp-content\/uploads\/sites\/2\/2025\/01\/anwalt-arbeitsrecht-logo.png\",\"width\":450,\"height\":150,\"caption\":\"Kanzlei Dr. Schmelzer\"},\"image\":{\"@id\":\"https:\/\/anwalt.rocks\/arbeitsrecht\/#\/schema\/logo\/image\/\"}},{\"@type\":\"Person\",\"@id\":\"https:\/\/anwalt.rocks\/arbeitsrecht\/#\/schema\/person\/3fd3b0fc4df170bb2460fbc934288e39\",\"name\":\"admin\",\"image\":{\"@type\":\"ImageObject\",\"inLanguage\":\"de\",\"@id\":\"https:\/\/secure.gravatar.com\/avatar\/2a567a722e62dc61f1aaa46c6b595fa617f2003443806e3422a8fed77c029cfc?s=96&d=mm&r=g\",\"url\":\"https:\/\/secure.gravatar.com\/avatar\/2a567a722e62dc61f1aaa46c6b595fa617f2003443806e3422a8fed77c029cfc?s=96&d=mm&r=g\",\"contentUrl\":\"https:\/\/secure.gravatar.com\/avatar\/2a567a722e62dc61f1aaa46c6b595fa617f2003443806e3422a8fed77c029cfc?s=96&d=mm&r=g\",\"caption\":\"admin\"},\"sameAs\":[\"https:\/\/anwalt.rocks\"],\"url\":\"https:\/\/anwalt.rocks\/arbeitsrecht\/author\/admin\/\"}]}<\/script>\n<!-- \/ Yoast SEO Premium plugin. -->","yoast_head_json":{"title":"Kanzlei Dr. Stephan Schmelzer Rechtsanwalt IT- und Arbeitsrecht Emsland.","robots":{"index":"index","follow":"follow","max-snippet":"max-snippet:-1","max-image-preview":"max-image-preview:large","max-video-preview":"max-video-preview:-1"},"canonical":"https:\/\/anwalt.rocks\/arbeitsrecht\/emsland\/","og_locale":"de_DE","og_type":"article","og_title":"Kanzlei Dr. Stephan Schmelzer Rechtsanwalt IT- und Arbeitsrecht Emsland.","og_description":"Fachanwalt IT- und Arbeitsrecht Ebersbach Neugersdorf f\u00fcr Arbeitgeber und Arbeitnehmer f\u00fcr Mindestlohn.  Rechtsanwalt IT- und Arbeitsrecht Ebersbach Neugersdorf &#8211; Soziet\u00e4t Dr. Stephan Schmelzer. Dr. Stephan Schmelzer begleitet Sie kompetent durch alle arbeitsrechtlichen Herausforderungen. Mit seiner Erfahrung von \u00fcber 25 Jahren &hellip;","og_url":"https:\/\/anwalt.rocks\/arbeitsrecht\/emsland\/","og_site_name":"Anwalt Arbeitsrecht in der N\u00e4he - Dr. Schmelzer","article_published_time":"2025-01-15T01:05:41+00:00","og_image":[{"url":"https:\/\/anwalt.rocks\/bilder\/arbeitsrecht\/anwalt-arbeitsrecht-600x600.webp","type":"","width":"","height":""}],"author":"admin","twitter_card":"summary_large_image","twitter_misc":{"Verfasst von":"admin","Gesch\u00e4tzte Lesezeit":"3\u00a0Minuten"},"schema":{"@context":"https:\/\/schema.org","@graph":[{"@type":"Article","@id":"https:\/\/anwalt.rocks\/arbeitsrecht\/emsland\/#article","isPartOf":{"@id":"https:\/\/anwalt.rocks\/arbeitsrecht\/emsland\/"},"author":{"name":"admin","@id":"https:\/\/anwalt.rocks\/arbeitsrecht\/#\/schema\/person\/3fd3b0fc4df170bb2460fbc934288e39"},"headline":"Kanzlei Dr. Stephan Schmelzer Rechtsanwalt IT- und Arbeitsrecht Emsland.","datePublished":"2025-01-15T01:05:41+00:00","mainEntityOfPage":{"@id":"https:\/\/anwalt.rocks\/arbeitsrecht\/emsland\/"},"wordCount":708,"publisher":{"@id":"https:\/\/anwalt.rocks\/arbeitsrecht\/#organization"},"image":{"@id":"https:\/\/anwalt.rocks\/arbeitsrecht\/emsland\/#primaryimage"},"thumbnailUrl":"https:\/\/anwalt.rocks\/bilder\/arbeitsrecht\/anwalt-arbeitsrecht-600x600.webp","articleSection":["Fachanwalt"],"inLanguage":"de"},{"@type":"WebPage","@id":"https:\/\/anwalt.rocks\/arbeitsrecht\/emsland\/","url":"https:\/\/anwalt.rocks\/arbeitsrecht\/emsland\/","name":"Kanzlei Dr. Stephan Schmelzer Rechtsanwalt IT- und Arbeitsrecht Emsland.","isPartOf":{"@id":"https:\/\/anwalt.rocks\/arbeitsrecht\/#website"},"primaryImageOfPage":{"@id":"https:\/\/anwalt.rocks\/arbeitsrecht\/emsland\/#primaryimage"},"image":{"@id":"https:\/\/anwalt.rocks\/arbeitsrecht\/emsland\/#primaryimage"},"thumbnailUrl":"https:\/\/anwalt.rocks\/bilder\/arbeitsrecht\/anwalt-arbeitsrecht-600x600.webp","datePublished":"2025-01-15T01:05:41+00:00","breadcrumb":{"@id":"https:\/\/anwalt.rocks\/arbeitsrecht\/emsland\/#breadcrumb"},"inLanguage":"de","potentialAction":[{"@type":"ReadAction","target":["https:\/\/anwalt.rocks\/arbeitsrecht\/emsland\/"]}]},{"@type":"ImageObject","inLanguage":"de","@id":"https:\/\/anwalt.rocks\/arbeitsrecht\/emsland\/#primaryimage","url":"https:\/\/anwalt.rocks\/bilder\/arbeitsrecht\/anwalt-arbeitsrecht-600x600.webp","contentUrl":"https:\/\/anwalt.rocks\/bilder\/arbeitsrecht\/anwalt-arbeitsrecht-600x600.webp"},{"@type":"BreadcrumbList","@id":"https:\/\/anwalt.rocks\/arbeitsrecht\/emsland\/#breadcrumb","itemListElement":[{"@type":"ListItem","position":1,"name":"Start","item":"https:\/\/anwalt.rocks\/arbeitsrecht\/"},{"@type":"ListItem","position":2,"name":"Kanzlei Dr. Stephan Schmelzer Rechtsanwalt IT- und Arbeitsrecht Emsland."}]},{"@type":"WebSite","@id":"https:\/\/anwalt.rocks\/arbeitsrecht\/#website","url":"https:\/\/anwalt.rocks\/arbeitsrecht\/","name":"Anwalt Arbeitsrecht in der N\u00e4he - Dr. Schmelzer","description":"Kompetenzen und Vorteile von Dr. Stephan Schmelzer \u2013 Anwalt und Fachanwalt f\u00fcr Arbeitsrecht mit 25 j\u00e4hriger Berufspraxis.","publisher":{"@id":"https:\/\/anwalt.rocks\/arbeitsrecht\/#organization"},"potentialAction":[{"@type":"SearchAction","target":{"@type":"EntryPoint","urlTemplate":"https:\/\/anwalt.rocks\/arbeitsrecht\/?s={search_term_string}"},"query-input":{"@type":"PropertyValueSpecification","valueRequired":true,"valueName":"search_term_string"}}],"inLanguage":"de"},{"@type":"Organization","@id":"https:\/\/anwalt.rocks\/arbeitsrecht\/#organization","name":"Kanzlei Dr. Schmelzer","url":"https:\/\/anwalt.rocks\/arbeitsrecht\/","logo":{"@type":"ImageObject","inLanguage":"de","@id":"https:\/\/anwalt.rocks\/arbeitsrecht\/#\/schema\/logo\/image\/","url":"https:\/\/anwalt.rocks\/arbeitsrecht\/wp-content\/uploads\/sites\/2\/2025\/01\/anwalt-arbeitsrecht-logo.png","contentUrl":"https:\/\/anwalt.rocks\/arbeitsrecht\/wp-content\/uploads\/sites\/2\/2025\/01\/anwalt-arbeitsrecht-logo.png","width":450,"height":150,"caption":"Kanzlei Dr. Schmelzer"},"image":{"@id":"https:\/\/anwalt.rocks\/arbeitsrecht\/#\/schema\/logo\/image\/"}},{"@type":"Person","@id":"https:\/\/anwalt.rocks\/arbeitsrecht\/#\/schema\/person\/3fd3b0fc4df170bb2460fbc934288e39","name":"admin","image":{"@type":"ImageObject","inLanguage":"de","@id":"https:\/\/secure.gravatar.com\/avatar\/2a567a722e62dc61f1aaa46c6b595fa617f2003443806e3422a8fed77c029cfc?s=96&d=mm&r=g","url":"https:\/\/secure.gravatar.com\/avatar\/2a567a722e62dc61f1aaa46c6b595fa617f2003443806e3422a8fed77c029cfc?s=96&d=mm&r=g","contentUrl":"https:\/\/secure.gravatar.com\/avatar\/2a567a722e62dc61f1aaa46c6b595fa617f2003443806e3422a8fed77c029cfc?s=96&d=mm&r=g","caption":"admin"},"sameAs":["https:\/\/anwalt.rocks"],"url":"https:\/\/anwalt.rocks\/arbeitsrecht\/author\/admin\/"}]}},"_links":{"self":[{"href":"https:\/\/anwalt.rocks\/arbeitsrecht\/wp-json\/wp\/v2\/posts\/8010","targetHints":{"allow":["GET"]}}],"collection":[{"href":"https:\/\/anwalt.rocks\/arbeitsrecht\/wp-json\/wp\/v2\/posts"}],"about":[{"href":"https:\/\/anwalt.rocks\/arbeitsrecht\/wp-json\/wp\/v2\/types\/post"}],"author":[{"embeddable":true,"href":"https:\/\/anwalt.rocks\/arbeitsrecht\/wp-json\/wp\/v2\/users\/1"}],"replies":[{"embeddable":true,"href":"https:\/\/anwalt.rocks\/arbeitsrecht\/wp-json\/wp\/v2\/comments?post=8010"}],"version-history":[{"count":0,"href":"https:\/\/anwalt.rocks\/arbeitsrecht\/wp-json\/wp\/v2\/posts\/8010\/revisions"}],"wp:attachment":[{"href":"https:\/\/anwalt.rocks\/arbeitsrecht\/wp-json\/wp\/v2\/media?parent=8010"}],"wp:term":[{"taxonomy":"category","embeddable":true,"href":"https:\/\/anwalt.rocks\/arbeitsrecht\/wp-json\/wp\/v2\/categories?post=8010"},{"taxonomy":"post_tag","embeddable":true,"href":"https:\/\/anwalt.rocks\/arbeitsrecht\/wp-json\/wp\/v2\/tags?post=8010"}],"curies":[{"name":"wp","href":"https:\/\/api.w.org\/{rel}","templated":true}]}}