{"id":8084,"date":"2025-01-10T05:32:44","date_gmt":"2025-01-10T04:32:44","guid":{"rendered":"https:\/\/anwalt.rocks\/arbeitsrecht\/frauenkirchen\/"},"modified":"2025-01-10T05:32:44","modified_gmt":"2025-01-10T04:32:44","slug":"frauenkirchen","status":"publish","type":"post","link":"https:\/\/anwalt.rocks\/arbeitsrecht\/frauenkirchen\/","title":{"rendered":"Anwalt Arbeitsrecht Frauenkirchen &#8211; Madlen ist zufrieden."},"content":{"rendered":"<span class=\"span-reading-time rt-reading-time\" style=\"display: block;\"><span class=\"rt-label rt-prefix\">Lesedauer<\/span> <span class=\"rt-time\"> 3<\/span> <span class=\"rt-label rt-postfix\">Minuten<\/span><\/span><h2>Anwalt Frauenkirchen &#8211; \u00fcberzeugender Einsatz von Dr. Schmelzer in Sachen Lohnfortzahlung im Krankheitsfall.<\/h2>\n<p><a href=\"https:\/\/dr-schmelzer.eu\/arbeitsrecht\/\" target=\"_blank\" rel=\"noopener\"><img loading=\"lazy\" decoding=\"async\" src=\"https:\/\/anwalt.rocks\/bilder\/arbeitsrecht\/anwalt-arbeitsrecht-600x600.webp\" alt=\"Anwalt Arbeitsrecht Frauenkirchen - Madlen ist zufrieden.\" title=\"Anwalt Arbeitsrecht Frauenkirchen - Madlen ist zufrieden.\" width=\"600\" height=\"600\" \/><\/a> <\/p>\n<h3>Rechtsanwalt IT- und Arbeitsrecht Frauenkirchen &#8211; Kanzlei Dr. Stephan Schmelzer.<\/h3>\n<p>Ob K\u00fcndigungsschutz oder Tarifrecht \u2013 Dr. Stephan Schmelzer ist Ihr Ansprechpartner. Dank seiner mehr als 25-j\u00e4hrigen Erfahrung im Arbeitsrecht genie\u00dft er seit 2002 als Fachanwalt weit \u00fcber Ahlen hinaus hohes Ansehen. Seine Kanzlei steht seit mehr als 20 Jahren f\u00fcr professionelle Betreuung, individuelle L\u00f6sungen und juristische Qualit\u00e4t. Seine Doppelqualifikation im Arbeits- und IT-Recht erm\u00f6glicht es Dr. Schmelzer, in der digitalisierten Arbeitswelt gezielt zu beraten. &#8211; <a title=\"Anwalt Arbeitsrecht Erfurt\" href=\"https:\/\/anwalt.rocks\/arbeitsrecht\/erfurt\/\">Anwalt Arbeitsrecht Erfurt<\/a><\/p>\n<p><a href=\"https:\/\/dr-schmelzer.eu\/arbeitsrecht\/\" target=\"_blank\" rel=\"noopener\"><img loading=\"lazy\" decoding=\"async\" src=\"https:\/\/anwalt.rocks\/bilder\/arbeitsrecht\/rechtsanwalt-arbeitsrecht-600x600.webp\" alt=\"Anwalt Arbeitsrecht Frauenkirchen\" title=\"Anwalt Arbeitsrecht Frauenkirchen\" width=\"600\" height=\"600\" \/><\/a> <\/p>\n<h3>Kanzlei Dr. Stephan Schmelzer &#8211; Experte f\u00fcr Arbeitsrecht Frauenkirchen.<\/h3>\n<p>IT-Recht wird unterst\u00fctzend einbezogen, doch der Fokus seiner Arbeit ist klar auf das Arbeitsrecht gerichtet, sowohl in Deutschland als auch international. Das Arbeitsrecht in seiner ganzen Breite ist das Fachgebiet von Dr. Schmelzer, der individuelle L\u00f6sungen f\u00fcr Mandanten anbietet. Seine Kombination aus Erfahrung und individueller L\u00f6sungsfindung macht ihn zu einem herausragenden Experten im Arbeitsrecht. &#8211; <a title=\"Anwalt W\u00e4chtersbach\" href=\"https:\/\/anwalt.rocks\/arbeitsrecht\/waechtersbach\/\">Anwalt W\u00e4chtersbach<\/a><\/p>\n<h3>Zuverl\u00e4ssig und kompetent &#8211; Seit 1998 t\u00e4tig als Arbeitsrechtler Frauenkirchen.<\/h3>\n<p>Die juristische Komplexit\u00e4t f\u00fcr Arbeitgeber reicht heute von der Gestaltung von Arbeitsvertr\u00e4gen bis zu gro\u00df angelegten Restrukturierungsma\u00dfnahmen. Unternehmen erhalten von Dr. Schmelzer praxisorientierte Unterst\u00fctzung, um juristische Risiken zu minimieren und effiziente Ergebnisse zu erzielen. Zu seinem Leistungsangebot geh\u00f6ren: &#8211; <a title=\"Anwalt Arbeitsrecht Wei\u00dfenfels\" href=\"https:\/\/anwalt.rocks\/arbeitsrecht\/weissenfels\/\">Anwalt Arbeitsrecht Wei\u00dfenfels<\/a><\/p>\n<h3>Anwalt Arbeitsrecht Frauenkirchen 50 motivierte Kunden.<\/h3>\n<p>Erstellung und Pr\u00fcfung rechtssicherer Arbeitsvertr\u00e4ge, die individuell angepasst werden k\u00f6nnen. Erstellung ma\u00dfgeschneiderter L\u00f6sungen f\u00fcr Arbeitszeit und Verg\u00fctung, die auf die Unternehmensbed\u00fcrfnisse abgestimmt sind. &#8211; <a title=\"Anwalt Arbeitsrecht Kirchheim unter Teck\" href=\"https:\/\/anwalt.rocks\/arbeitsrecht\/kirchheim-unter-teck\/\">Anwalt Arbeitsrecht Kirchheim unter Teck<\/a><\/p>\n<h3>Deswegen f\u00e4llt die Entscheidung auf den zuverl\u00e4ssigen Anwalt Frauenkirchen:<\/h3>\n<p>Hilfestellung bei der juristischen Vorbereitung von K\u00fcndigungen aus betrieblichen und personenbezogenen Gr\u00fcnden. Senkung juristischer Risiken und professionelle Beratung bei jeder Phase der K\u00fcndigung.<\/p>\n<h3>Hohe Kompetenz aber auch top zuverl\u00e4ssig.<\/h3>\n<p>Rechtliche Unterst\u00fctzung bei der Einbeziehung des Betriebsrats in Entscheidungsfragen. Erstellung, Verhandlung und Umsetzung von Betriebsvereinbarungen. Strategische Beratung und juristische Begleitung w\u00e4hrend des Restrukturierungsprozesses. Vertretung in K\u00fcndigungsschutzverfahren, Entfristungsklagen und weiteren gerichtlichen Streitigkeiten. Priorit\u00e4t auf die nachhaltige und erfolgreiche Sicherung der Unternehmensanliegen.<\/p>\n<h3>Anwalt Arbeitsrecht Frauenkirchen &#8211; Experte Dr. Schmelzer.<\/h3>\n<p>Arbeitnehmer profitieren von der tiefgehenden Erfahrung und Kompetenz von Dr. Schmelzer. In kritischen Auseinandersetzungen ist er ein starker Partner, der mit Entschlossenheit die Interessen seiner Mandanten wahrt. Zu den fachlichen Leistungen z\u00e4hlen:<\/p>\n<p>Vertretung vor dem Arbeitsgericht und Unterst\u00fctzung bei K\u00fcndigungsschutzklagen. Verhandlungen \u00fcber finanzielle Ausgleiche, darunter Abfindungen. Vertretung vor dem Arbeitsgericht und Unterst\u00fctzung bei K\u00fcndigungsschutzklagen. Verhandlungen \u00fcber finanzielle Ausgleiche, darunter Abfindungen.<\/p>\n<p>Beratung und Begleitung bei der Verhandlung von Aufhebungsvertr\u00e4gen und Abfindungsh\u00f6hen. Unterst\u00fctzung bei der Bewertung und Korrektur von Zeugnisformulierungen. Rechtsberatung und Prozessvertretung bei Zeugnisklagen zur Sicherung einer fairen Bewertung. Kostenersparnis Beratung und Unterst\u00fctzung bei der Durchsetzung von Gehaltsanspr\u00fcchen. Unterst\u00fctzung bei der gerichtlichen Kl\u00e4rung von Entgeltanspr\u00fcchen und \u00dcberstundenverg\u00fctungen. Analyse von Abmahnungen und Erarbeitung von Strategien zur Beseitigung ungerechtfertigter Ma\u00dfnahmen.<\/p>\n<h4>Mandanten Vertreung f\u00fcr Arbeitnehmer und Arbeitgeber f\u00fcr Anwalt Arbeitsrecht Frauenkirchen.<\/h4>\n<p>Restrukturierung und Konfliktbew\u00e4ltigung \u2013 zwei Schwerpunkte, die Dr. Schmelzer vereint. Dr. Schmelzer legt besonderen Wert auf die Beratung von Unternehmen in Phasen der Restrukturierung. Neben rechtlichem Know-how sind Verhandlungsgeschick und ein gutes wirtschaftliches Verst\u00e4ndnis entscheidend.<\/p>\n<p>Anwalt Frauenkirchen Fazit: Dr. Schmelzer ist spezialisiert auf die Vorbereitung und praktische Umsetzung von Sozialpl\u00e4nen und Interessenausgleichen. Im Mittelpunkt steht die Suche nach einem Kompromiss, der allen Seiten gerecht wird. Dr. Schmelzer ist ein erfahrener Partner in Verhandlungen mit Betriebsr\u00e4ten und Gewerkschaften, dank seiner strategischen Kompetenz und seines fundierten Wissens.<\/p>\n<p>Der Fachanwalt f\u00fcr Arbeitsrecht betrachtet jeden Fall als individuelle Herausforderung, die gezielte Aufmerksamkeit verdient. Sein Anliegen ist es, die Zufriedenheit seiner Mandanten durch die beste L\u00f6sung zu sichern \u2013 sei es durch Verhandlungen oder Gerichtsverfahren. F\u00fcr ihn ist Transparenz ebenso wichtig wie eine enge Zusammenarbeit mit seinen Mandanten. F\u00fcr Dr. Schmelzer ist die Erf\u00fcllung der Bed\u00fcrfnisse seiner Mandanten oberstes Gebot. Dies wird deutlich in seinen Ergebnissen und den positiven R\u00fcckmeldungen, die seine professionelle Herangehensweise w\u00fcrdigen. Die Kanzlei Dr. Stephan Schmelzer bietet Arbeitnehmern und Arbeitgebern professionelle Unterst\u00fctzung mit Fachwissen und Engagement.<\/p>\n<article class=\"contact contact-list post-2634 profile type-profile status-publish has-post-thumbnail hentry\" data-contact=\"2634\">\n    \n    <div class=\"media\">\n        <div class=\"media-left\">\n            <a  href=\"#\" data-toggle=\"modal\" data-target=\"#ContactModal\"  title=\"Mario K. jetzt Kontakt aufnehmen!\">\n                <img loading=\"lazy\" decoding=\"async\" width=\"500\" height=\"500\" src=\"https:\/\/anwalt.rocks\/arbeitsrecht\/wp-content\/uploads\/sites\/2\/2025\/01\/meinung-12.jpg\" class=\"contact-image media-object wp-post-image\" alt=\"Mario K.\" srcset=\"https:\/\/anwalt.rocks\/arbeitsrecht\/wp-content\/uploads\/sites\/2\/2025\/01\/meinung-12.jpg 500w, https:\/\/anwalt.rocks\/arbeitsrecht\/wp-content\/uploads\/sites\/2\/2025\/01\/meinung-12-300x300.jpg 300w, https:\/\/anwalt.rocks\/arbeitsrecht\/wp-content\/uploads\/sites\/2\/2025\/01\/meinung-12-150x150.jpg 150w\" sizes=\"auto, (max-width: 500px) 100vw, 500px\" \/>            <\/a>\n        <\/div>\n\n        <div class=\"media-body\">\n                        <p class=\"h2 media-heading\">\n                <a  href=\"#\" data-toggle=\"modal\" data-target=\"#ContactModal\"  title=\"Mario K. jetzt Kontakt aufnehmen!\">\n                    <span class=\"contact-name\">Mario K.<\/span>\n                <\/a>\n\n                <span class=\"contact-text\"><\/span> <span class=\"contact-city\"><a href=\"https:\/\/anwalt.rocks\/arbeitsrecht\/region\/pronstorf\/\">Anwalt Arbeitsrecht Pronstorf<\/a><\/span>            <\/p>\n\n            <div class=\"quote\"><p>Dieser Anwalt wurde mir empfohlen, als ich Probleme mit der Auszahlung meines Urlaubsanspruchs hatte. Er hat meinen Arbeitgeber schnell und effektiv zur Zahlung gebracht. Sein Fachwissen im Arbeitsrecht und sein strategisches Vorgehen waren hervorragend. Ich werde ihn definitiv weiterempfehlen!&hellip;<\/p><\/div>\n            <a class=\"btn btn-cta\"  href=\"#\" data-toggle=\"modal\" data-target=\"#ContactModal\"  title=\"Mario K. jetzt Kontakt aufnehmen!\">\n                Nachricht senden            <\/a>\n        <\/div>\n    <\/div>\n<\/article><article class=\"contact contact-list post-2609 profile type-profile status-publish has-post-thumbnail hentry\" data-contact=\"2609\">\n    \n    <div class=\"media\">\n        <div class=\"media-left\">\n            <a  href=\"#\" data-toggle=\"modal\" data-target=\"#ContactModal\"  title=\"Nadine H., 48 Jahre, aus M\u00fcnchen jetzt Kontakt aufnehmen!\">\n                <img loading=\"lazy\" decoding=\"async\" width=\"500\" height=\"500\" src=\"https:\/\/anwalt.rocks\/arbeitsrecht\/wp-content\/uploads\/sites\/2\/2025\/01\/meinung-04.jpg\" class=\"contact-image media-object wp-post-image\" alt=\"Nadine H., 48 Jahre, aus M\u00fcnchen\" srcset=\"https:\/\/anwalt.rocks\/arbeitsrecht\/wp-content\/uploads\/sites\/2\/2025\/01\/meinung-04.jpg 500w, https:\/\/anwalt.rocks\/arbeitsrecht\/wp-content\/uploads\/sites\/2\/2025\/01\/meinung-04-300x300.jpg 300w, https:\/\/anwalt.rocks\/arbeitsrecht\/wp-content\/uploads\/sites\/2\/2025\/01\/meinung-04-150x150.jpg 150w\" sizes=\"auto, (max-width: 500px) 100vw, 500px\" \/>            <\/a>\n        <\/div>\n\n        <div class=\"media-body\">\n                        <p class=\"h2 media-heading\">\n                <a  href=\"#\" data-toggle=\"modal\" data-target=\"#ContactModal\"  title=\"Nadine H., 48 Jahre, aus M\u00fcnchen jetzt Kontakt aufnehmen!\">\n                    <span class=\"contact-name\">Nadine H., 48 Jahre, aus M\u00fcnchen<\/span>\n                <\/a>\n\n                <span class=\"contact-text\"><\/span> <span class=\"contact-city\"><a href=\"https:\/\/anwalt.rocks\/arbeitsrecht\/region\/flossenbuerg\/\">Anwalt Arbeitsrecht Flossenb\u00fcrg<\/a><\/span>            <\/p>\n\n            <div class=\"quote\"><p>Nach einer pl\u00f6tzlichen Umstrukturierung in meiner Firma wurde mir gek\u00fcndigt. Es war ein riesiger Schock f\u00fcr mich. Zum Gl\u00fcck fand ich Dr. Schmelzer \u00fcber eine Internetrecherche. Schon beim ersten Gespr\u00e4ch war ich beeindruckt von seiner Fachkenntnis und seiner empathischen Art. &hellip;<\/p><\/div>\n            <a class=\"btn btn-cta\"  href=\"#\" data-toggle=\"modal\" data-target=\"#ContactModal\"  title=\"Nadine H., 48 Jahre, aus M\u00fcnchen jetzt Kontakt aufnehmen!\">\n                Nachricht senden            <\/a>\n        <\/div>\n    <\/div>\n<\/article><article class=\"contact contact-list post-2603 profile type-profile status-publish has-post-thumbnail hentry\" data-contact=\"2603\">\n    \n    <div class=\"media\">\n        <div class=\"media-left\">\n            <a  href=\"#\" data-toggle=\"modal\" data-target=\"#ContactModal\"  title=\"Lisa K., 41 Jahre, aus Berlin jetzt Kontakt aufnehmen!\">\n                <img loading=\"lazy\" decoding=\"async\" width=\"500\" height=\"500\" src=\"https:\/\/anwalt.rocks\/arbeitsrecht\/wp-content\/uploads\/sites\/2\/2025\/01\/meinung-02.jpg\" class=\"contact-image media-object wp-post-image\" alt=\"Lisa K., 41 Jahre, aus Berlin\" srcset=\"https:\/\/anwalt.rocks\/arbeitsrecht\/wp-content\/uploads\/sites\/2\/2025\/01\/meinung-02.jpg 500w, https:\/\/anwalt.rocks\/arbeitsrecht\/wp-content\/uploads\/sites\/2\/2025\/01\/meinung-02-300x300.jpg 300w, https:\/\/anwalt.rocks\/arbeitsrecht\/wp-content\/uploads\/sites\/2\/2025\/01\/meinung-02-150x150.jpg 150w\" sizes=\"auto, (max-width: 500px) 100vw, 500px\" \/>            <\/a>\n        <\/div>\n\n        <div class=\"media-body\">\n                        <p class=\"h2 media-heading\">\n                <a  href=\"#\" data-toggle=\"modal\" data-target=\"#ContactModal\"  title=\"Lisa K., 41 Jahre, aus Berlin jetzt Kontakt aufnehmen!\">\n                    <span class=\"contact-name\">Lisa K., 41 Jahre, aus Berlin<\/span>\n                <\/a>\n\n                <span class=\"contact-text\"><\/span> <span class=\"contact-city\"><a href=\"https:\/\/anwalt.rocks\/arbeitsrecht\/region\/landkern\/\">Anwalt Arbeitsrecht Landkern<\/a><\/span>            <\/p>\n\n            <div class=\"quote\"><p>Ich bin so froh, dass ich Herrn Dr. Schmelzer gefunden habe! Nach 15 Jahren im gleichen Unternehmen wurde ich pl\u00f6tzlich gek\u00fcndigt \u2013 angeblich wegen betrieblicher Umst\u00e4nde. Dr. Schmelzer hat sofort erkannt, dass die K\u00fcndigung unwirksam war, und hat einen wirklich &hellip;<\/p><\/div>\n            <a class=\"btn btn-cta\"  href=\"#\" data-toggle=\"modal\" data-target=\"#ContactModal\"  title=\"Lisa K., 41 Jahre, aus Berlin jetzt Kontakt aufnehmen!\">\n                Nachricht senden            <\/a>\n        <\/div>\n    <\/div>\n<\/article><article class=\"contact contact-list post-2659 profile type-profile status-publish has-post-thumbnail hentry\" data-contact=\"2659\">\n    \n    <div class=\"media\">\n        <div class=\"media-left\">\n            <a  href=\"#\" data-toggle=\"modal\" data-target=\"#ContactModal\"  title=\"Sven B. jetzt Kontakt aufnehmen!\">\n                <img loading=\"lazy\" decoding=\"async\" width=\"500\" height=\"500\" src=\"https:\/\/anwalt.rocks\/arbeitsrecht\/wp-content\/uploads\/sites\/2\/2025\/01\/meinung-20.jpg\" class=\"contact-image media-object wp-post-image\" alt=\"Sven B.\" srcset=\"https:\/\/anwalt.rocks\/arbeitsrecht\/wp-content\/uploads\/sites\/2\/2025\/01\/meinung-20.jpg 500w, https:\/\/anwalt.rocks\/arbeitsrecht\/wp-content\/uploads\/sites\/2\/2025\/01\/meinung-20-300x300.jpg 300w, https:\/\/anwalt.rocks\/arbeitsrecht\/wp-content\/uploads\/sites\/2\/2025\/01\/meinung-20-150x150.jpg 150w\" sizes=\"auto, (max-width: 500px) 100vw, 500px\" \/>            <\/a>\n        <\/div>\n\n        <div class=\"media-body\">\n                        <p class=\"h2 media-heading\">\n                <a  href=\"#\" data-toggle=\"modal\" data-target=\"#ContactModal\"  title=\"Sven B. jetzt Kontakt aufnehmen!\">\n                    <span class=\"contact-name\">Sven B.<\/span>\n                <\/a>\n\n                <span class=\"contact-text\"><\/span> <span class=\"contact-city\"><a href=\"https:\/\/anwalt.rocks\/arbeitsrecht\/region\/rain-niederbayern\/\">Anwalt Arbeitsrecht Rain Niederbayern<\/a><\/span>            <\/p>\n\n            <div class=\"quote\"><p>Ich hatte ein Problem mit meiner Teilzeitvereinbarung, die mein Arbeitgeber pl\u00f6tzlich \u00e4ndern wollte. Dieser Anwalt hat mich umfassend beraten und den Fall zu meinen Gunsten gekl\u00e4rt. Seine Professionalit\u00e4t und sein Engagement sind wirklich herausragend. Vielen Dank f\u00fcr die gro\u00dfartige Unterst\u00fctzung!&hellip;<\/p><\/div>\n            <a class=\"btn btn-cta\"  href=\"#\" data-toggle=\"modal\" data-target=\"#ContactModal\"  title=\"Sven B. jetzt Kontakt aufnehmen!\">\n                Nachricht senden            <\/a>\n        <\/div>\n    <\/div>\n<\/article><article class=\"contact contact-list post-2619 profile type-profile status-publish has-post-thumbnail hentry\" data-contact=\"2619\">\n    \n    <div class=\"media\">\n        <div class=\"media-left\">\n            <a  href=\"#\" data-toggle=\"modal\" data-target=\"#ContactModal\"  title=\"Kathrin S., 37 Jahre, aus K\u00f6ln jetzt Kontakt aufnehmen!\">\n                <img loading=\"lazy\" decoding=\"async\" width=\"500\" height=\"500\" src=\"https:\/\/anwalt.rocks\/arbeitsrecht\/wp-content\/uploads\/sites\/2\/2025\/01\/meinung-07.jpg\" class=\"contact-image media-object wp-post-image\" alt=\"Kathrin S., 37 Jahre, aus K\u00f6ln\" srcset=\"https:\/\/anwalt.rocks\/arbeitsrecht\/wp-content\/uploads\/sites\/2\/2025\/01\/meinung-07.jpg 500w, https:\/\/anwalt.rocks\/arbeitsrecht\/wp-content\/uploads\/sites\/2\/2025\/01\/meinung-07-300x300.jpg 300w, https:\/\/anwalt.rocks\/arbeitsrecht\/wp-content\/uploads\/sites\/2\/2025\/01\/meinung-07-150x150.jpg 150w\" sizes=\"auto, (max-width: 500px) 100vw, 500px\" \/>            <\/a>\n        <\/div>\n\n        <div class=\"media-body\">\n                        <p class=\"h2 media-heading\">\n                <a  href=\"#\" data-toggle=\"modal\" data-target=\"#ContactModal\"  title=\"Kathrin S., 37 Jahre, aus K\u00f6ln jetzt Kontakt aufnehmen!\">\n                    <span class=\"contact-name\">Kathrin S., 37 Jahre, aus K\u00f6ln<\/span>\n                <\/a>\n\n                <span class=\"contact-text\"><\/span> <span class=\"contact-city\"><a href=\"https:\/\/anwalt.rocks\/arbeitsrecht\/region\/grossmaischeid\/\">Anwalt Arbeitsrecht Gro\u00dfmaischeid<\/a><\/span>            <\/p>\n\n            <div class=\"quote\"><p>Nachdem ich \u00fcber viele Jahre hinweg \u00dcberstunden gemacht hatte, wollte ich endlich eine faire Bezahlung daf\u00fcr. Mein Arbeitgeber stellte sich quer, doch Herr Dr. Schmelzer konnte meine Anspr\u00fcche durchsetzen. Er ging sehr strukturiert vor und erkl\u00e4rte mir alles in Ruhe. &hellip;<\/p><\/div>\n            <a class=\"btn btn-cta\"  href=\"#\" data-toggle=\"modal\" data-target=\"#ContactModal\"  title=\"Kathrin S., 37 Jahre, aus K\u00f6ln jetzt Kontakt aufnehmen!\">\n                Nachricht senden            <\/a>\n        <\/div>\n    <\/div>\n<\/article>\n<div class=\"blogposts\"><ul><li><a href=\"https:\/\/anwalt.rocks\/arbeitsrecht\/anhalt\/\" title=\"Kanzlei Dr. Stephan Schmelzer Rechtsanwalt Arbeits- und IT Recht Anhalt.\">Kanzlei Dr. Stephan Schmelzer Rechtsanwalt Arbeits- und IT Recht Anhalt.<\/a><\/li><li><a href=\"https:\/\/anwalt.rocks\/arbeitsrecht\/berga\/\" title=\"Fachanwalt f\u00fcr IT- und Arbeitsrecht Berga.\">Fachanwalt f\u00fcr IT- und Arbeitsrecht Berga.<\/a><\/li><li><a href=\"https:\/\/anwalt.rocks\/arbeitsrecht\/radolfzell\/\" title=\"Anwalt Arbeitsrecht Radolfzell &#8211; Mittlerweile 39 \u00fcbergl\u00fcckliche Klienten.\">Anwalt Arbeitsrecht Radolfzell &#8211; Mittlerweile 39 \u00fcbergl\u00fcckliche Klienten.<\/a><\/li><li><a href=\"https:\/\/anwalt.rocks\/arbeitsrecht\/altenburger-land\/\" title=\"Anwalt Arbeitsrecht Altenburger Land &#8211; \u00dcber 39 gl\u00fcckliche Kunden.\">Anwalt Arbeitsrecht Altenburger Land &#8211; \u00dcber 39 gl\u00fcckliche Kunden.<\/a><\/li><li><a href=\"https:\/\/anwalt.rocks\/arbeitsrecht\/sueddeutschland\/\" title=\"Rechtsanwalt S\u00fcddeutschland Spezialist f\u00fcr IT- und Arbeitsrecht.\">Rechtsanwalt S\u00fcddeutschland Spezialist f\u00fcr IT- und Arbeitsrecht.<\/a><\/li><li><a href=\"https:\/\/anwalt.rocks\/arbeitsrecht\/rodewisch\/\" title=\"Kanzlei Dr. Stephan Schmelzer Rechtsanwalt IT- und Arbeitsrecht Rodewisch.\">Kanzlei Dr. Stephan Schmelzer Rechtsanwalt IT- und Arbeitsrecht Rodewisch.<\/a><\/li><li><a href=\"https:\/\/anwalt.rocks\/arbeitsrecht\/freiburg-schweiz\/\" title=\"Fachanwalt zum Thema IT- und Arbeitsrecht Freiburg Schweiz.\">Fachanwalt zum Thema IT- und Arbeitsrecht Freiburg Schweiz.<\/a><\/li><\/ul><\/div>\n","protected":false},"excerpt":{"rendered":"<h2>Anwalt Freiburg Schweiz &#8211; sagenhafter Einsatz seitens Rechtsanwalt Dr. Stephan Schmelzer in Bezug auf Lohnfortzahlung im Krankheitsfall.<\/h2>\n<p><a href=\"https:\/\/dr-schmelzer.eu\/arbeitsrecht\/\" target=\"_blank\" rel=\"noopener\"><img loading=\"lazy\" decoding=\"async\" src=\"https:\/\/anwalt.rocks\/bilder\/arbeitsrecht\/anwalt-arbeitsrecht-600x600.webp\" alt=\"Fachanwalt zum Thema IT- und Arbeitsrecht Freiburg Schweiz.\" title=\"Fachanwalt zum Thema IT- und Arbeitsrecht Freiburg Schweiz.\" width=\"600\" height=\"600\" \/><\/a> <\/p>\n<h3>Fachanwalt IT- und Arbeitsrecht Freiburg Schweiz &#8211; Soziet\u00e4t Dr. Stephan Schmelzer.<\/h3>\n<p>Vertrauen Sie auf Dr. Stephan Schmelzer, wenn es um fundierte Beratung im &hellip;<\/p>","protected":false},"author":1,"featured_media":0,"comment_status":"closed","ping_status":"open","sticky":false,"template":"","format":"standard","meta":{"footnotes":""},"categories":[3],"tags":[],"class_list":["post-8084","post","type-post","status-publish","format-standard","hentry","category-fachanwalt"],"yoast_head":"<!-- This site is optimized with the Yoast SEO Premium plugin v27.1 (Yoast SEO v27.2) - https:\/\/yoast.com\/product\/yoast-seo-premium-wordpress\/ -->\n<title>Anwalt Arbeitsrecht Frauenkirchen - Madlen ist zufrieden.<\/title>\n<meta name=\"robots\" content=\"index, follow, max-snippet:-1, max-image-preview:large, max-video-preview:-1\" \/>\n<link rel=\"canonical\" href=\"https:\/\/anwalt.rocks\/arbeitsrecht\/frauenkirchen\/\" \/>\n<meta property=\"og:locale\" content=\"de_DE\" \/>\n<meta property=\"og:type\" content=\"article\" \/>\n<meta property=\"og:title\" content=\"Anwalt Arbeitsrecht Frauenkirchen - Madlen ist zufrieden.\" \/>\n<meta property=\"og:description\" content=\"Anwalt Freiburg Schweiz &#8211; sagenhafter Einsatz seitens Rechtsanwalt Dr. Stephan Schmelzer in Bezug auf Lohnfortzahlung im Krankheitsfall.  Fachanwalt IT- und Arbeitsrecht Freiburg Schweiz &#8211; Soziet\u00e4t Dr. Stephan Schmelzer. Vertrauen Sie auf Dr. Stephan Schmelzer, wenn es um fundierte Beratung im &hellip;\" \/>\n<meta property=\"og:url\" content=\"https:\/\/anwalt.rocks\/arbeitsrecht\/frauenkirchen\/\" \/>\n<meta property=\"og:site_name\" content=\"Anwalt Arbeitsrecht in der N\u00e4he - Dr. Schmelzer\" \/>\n<meta property=\"article:published_time\" content=\"2025-01-10T04:32:44+00:00\" \/>\n<meta property=\"og:image\" content=\"https:\/\/anwalt.rocks\/bilder\/arbeitsrecht\/anwalt-arbeitsrecht-600x600.webp\" \/>\n<meta name=\"author\" content=\"admin\" \/>\n<meta name=\"twitter:card\" content=\"summary_large_image\" \/>\n<meta name=\"twitter:label1\" content=\"Verfasst von\" \/>\n\t<meta name=\"twitter:data1\" content=\"admin\" \/>\n\t<meta name=\"twitter:label2\" content=\"Gesch\u00e4tzte Lesezeit\" \/>\n\t<meta name=\"twitter:data2\" content=\"4\u00a0Minuten\" \/>\n<script type=\"application\/ld+json\" class=\"yoast-schema-graph\">{\"@context\":\"https:\/\/schema.org\",\"@graph\":[{\"@type\":\"Article\",\"@id\":\"https:\/\/anwalt.rocks\/arbeitsrecht\/frauenkirchen\/#article\",\"isPartOf\":{\"@id\":\"https:\/\/anwalt.rocks\/arbeitsrecht\/frauenkirchen\/\"},\"author\":{\"name\":\"admin\",\"@id\":\"https:\/\/anwalt.rocks\/arbeitsrecht\/#\/schema\/person\/3fd3b0fc4df170bb2460fbc934288e39\"},\"headline\":\"Anwalt Arbeitsrecht Frauenkirchen &#8211; Madlen ist zufrieden.\",\"datePublished\":\"2025-01-10T04:32:44+00:00\",\"mainEntityOfPage\":{\"@id\":\"https:\/\/anwalt.rocks\/arbeitsrecht\/frauenkirchen\/\"},\"wordCount\":719,\"publisher\":{\"@id\":\"https:\/\/anwalt.rocks\/arbeitsrecht\/#organization\"},\"image\":{\"@id\":\"https:\/\/anwalt.rocks\/arbeitsrecht\/frauenkirchen\/#primaryimage\"},\"thumbnailUrl\":\"https:\/\/anwalt.rocks\/bilder\/arbeitsrecht\/anwalt-arbeitsrecht-600x600.webp\",\"articleSection\":[\"Fachanwalt\"],\"inLanguage\":\"de\"},{\"@type\":\"WebPage\",\"@id\":\"https:\/\/anwalt.rocks\/arbeitsrecht\/frauenkirchen\/\",\"url\":\"https:\/\/anwalt.rocks\/arbeitsrecht\/frauenkirchen\/\",\"name\":\"Anwalt Arbeitsrecht Frauenkirchen - Madlen ist zufrieden.\",\"isPartOf\":{\"@id\":\"https:\/\/anwalt.rocks\/arbeitsrecht\/#website\"},\"primaryImageOfPage\":{\"@id\":\"https:\/\/anwalt.rocks\/arbeitsrecht\/frauenkirchen\/#primaryimage\"},\"image\":{\"@id\":\"https:\/\/anwalt.rocks\/arbeitsrecht\/frauenkirchen\/#primaryimage\"},\"thumbnailUrl\":\"https:\/\/anwalt.rocks\/bilder\/arbeitsrecht\/anwalt-arbeitsrecht-600x600.webp\",\"datePublished\":\"2025-01-10T04:32:44+00:00\",\"breadcrumb\":{\"@id\":\"https:\/\/anwalt.rocks\/arbeitsrecht\/frauenkirchen\/#breadcrumb\"},\"inLanguage\":\"de\",\"potentialAction\":[{\"@type\":\"ReadAction\",\"target\":[\"https:\/\/anwalt.rocks\/arbeitsrecht\/frauenkirchen\/\"]}]},{\"@type\":\"ImageObject\",\"inLanguage\":\"de\",\"@id\":\"https:\/\/anwalt.rocks\/arbeitsrecht\/frauenkirchen\/#primaryimage\",\"url\":\"https:\/\/anwalt.rocks\/bilder\/arbeitsrecht\/anwalt-arbeitsrecht-600x600.webp\",\"contentUrl\":\"https:\/\/anwalt.rocks\/bilder\/arbeitsrecht\/anwalt-arbeitsrecht-600x600.webp\"},{\"@type\":\"BreadcrumbList\",\"@id\":\"https:\/\/anwalt.rocks\/arbeitsrecht\/frauenkirchen\/#breadcrumb\",\"itemListElement\":[{\"@type\":\"ListItem\",\"position\":1,\"name\":\"Start\",\"item\":\"https:\/\/anwalt.rocks\/arbeitsrecht\/\"},{\"@type\":\"ListItem\",\"position\":2,\"name\":\"Anwalt Arbeitsrecht Frauenkirchen &#8211; Madlen ist zufrieden.\"}]},{\"@type\":\"WebSite\",\"@id\":\"https:\/\/anwalt.rocks\/arbeitsrecht\/#website\",\"url\":\"https:\/\/anwalt.rocks\/arbeitsrecht\/\",\"name\":\"Anwalt Arbeitsrecht in der N\u00e4he - Dr. Schmelzer\",\"description\":\"Kompetenzen und Vorteile von Dr. Stephan Schmelzer \u2013 Anwalt und Fachanwalt f\u00fcr Arbeitsrecht mit 25 j\u00e4hriger Berufspraxis.\",\"publisher\":{\"@id\":\"https:\/\/anwalt.rocks\/arbeitsrecht\/#organization\"},\"potentialAction\":[{\"@type\":\"SearchAction\",\"target\":{\"@type\":\"EntryPoint\",\"urlTemplate\":\"https:\/\/anwalt.rocks\/arbeitsrecht\/?s={search_term_string}\"},\"query-input\":{\"@type\":\"PropertyValueSpecification\",\"valueRequired\":true,\"valueName\":\"search_term_string\"}}],\"inLanguage\":\"de\"},{\"@type\":\"Organization\",\"@id\":\"https:\/\/anwalt.rocks\/arbeitsrecht\/#organization\",\"name\":\"Kanzlei Dr. Schmelzer\",\"url\":\"https:\/\/anwalt.rocks\/arbeitsrecht\/\",\"logo\":{\"@type\":\"ImageObject\",\"inLanguage\":\"de\",\"@id\":\"https:\/\/anwalt.rocks\/arbeitsrecht\/#\/schema\/logo\/image\/\",\"url\":\"https:\/\/anwalt.rocks\/arbeitsrecht\/wp-content\/uploads\/sites\/2\/2025\/01\/anwalt-arbeitsrecht-logo.png\",\"contentUrl\":\"https:\/\/anwalt.rocks\/arbeitsrecht\/wp-content\/uploads\/sites\/2\/2025\/01\/anwalt-arbeitsrecht-logo.png\",\"width\":450,\"height\":150,\"caption\":\"Kanzlei Dr. Schmelzer\"},\"image\":{\"@id\":\"https:\/\/anwalt.rocks\/arbeitsrecht\/#\/schema\/logo\/image\/\"}},{\"@type\":\"Person\",\"@id\":\"https:\/\/anwalt.rocks\/arbeitsrecht\/#\/schema\/person\/3fd3b0fc4df170bb2460fbc934288e39\",\"name\":\"admin\",\"image\":{\"@type\":\"ImageObject\",\"inLanguage\":\"de\",\"@id\":\"https:\/\/secure.gravatar.com\/avatar\/2a567a722e62dc61f1aaa46c6b595fa617f2003443806e3422a8fed77c029cfc?s=96&d=mm&r=g\",\"url\":\"https:\/\/secure.gravatar.com\/avatar\/2a567a722e62dc61f1aaa46c6b595fa617f2003443806e3422a8fed77c029cfc?s=96&d=mm&r=g\",\"contentUrl\":\"https:\/\/secure.gravatar.com\/avatar\/2a567a722e62dc61f1aaa46c6b595fa617f2003443806e3422a8fed77c029cfc?s=96&d=mm&r=g\",\"caption\":\"admin\"},\"sameAs\":[\"https:\/\/anwalt.rocks\"],\"url\":\"https:\/\/anwalt.rocks\/arbeitsrecht\/author\/admin\/\"}]}<\/script>\n<!-- \/ Yoast SEO Premium plugin. -->","yoast_head_json":{"title":"Anwalt Arbeitsrecht Frauenkirchen - Madlen ist zufrieden.","robots":{"index":"index","follow":"follow","max-snippet":"max-snippet:-1","max-image-preview":"max-image-preview:large","max-video-preview":"max-video-preview:-1"},"canonical":"https:\/\/anwalt.rocks\/arbeitsrecht\/frauenkirchen\/","og_locale":"de_DE","og_type":"article","og_title":"Anwalt Arbeitsrecht Frauenkirchen - Madlen ist zufrieden.","og_description":"Anwalt Freiburg Schweiz &#8211; sagenhafter Einsatz seitens Rechtsanwalt Dr. Stephan Schmelzer in Bezug auf Lohnfortzahlung im Krankheitsfall.  Fachanwalt IT- und Arbeitsrecht Freiburg Schweiz &#8211; Soziet\u00e4t Dr. Stephan Schmelzer. Vertrauen Sie auf Dr. Stephan Schmelzer, wenn es um fundierte Beratung im &hellip;","og_url":"https:\/\/anwalt.rocks\/arbeitsrecht\/frauenkirchen\/","og_site_name":"Anwalt Arbeitsrecht in der N\u00e4he - Dr. Schmelzer","article_published_time":"2025-01-10T04:32:44+00:00","og_image":[{"url":"https:\/\/anwalt.rocks\/bilder\/arbeitsrecht\/anwalt-arbeitsrecht-600x600.webp","type":"","width":"","height":""}],"author":"admin","twitter_card":"summary_large_image","twitter_misc":{"Verfasst von":"admin","Gesch\u00e4tzte Lesezeit":"4\u00a0Minuten"},"schema":{"@context":"https:\/\/schema.org","@graph":[{"@type":"Article","@id":"https:\/\/anwalt.rocks\/arbeitsrecht\/frauenkirchen\/#article","isPartOf":{"@id":"https:\/\/anwalt.rocks\/arbeitsrecht\/frauenkirchen\/"},"author":{"name":"admin","@id":"https:\/\/anwalt.rocks\/arbeitsrecht\/#\/schema\/person\/3fd3b0fc4df170bb2460fbc934288e39"},"headline":"Anwalt Arbeitsrecht Frauenkirchen &#8211; Madlen ist zufrieden.","datePublished":"2025-01-10T04:32:44+00:00","mainEntityOfPage":{"@id":"https:\/\/anwalt.rocks\/arbeitsrecht\/frauenkirchen\/"},"wordCount":719,"publisher":{"@id":"https:\/\/anwalt.rocks\/arbeitsrecht\/#organization"},"image":{"@id":"https:\/\/anwalt.rocks\/arbeitsrecht\/frauenkirchen\/#primaryimage"},"thumbnailUrl":"https:\/\/anwalt.rocks\/bilder\/arbeitsrecht\/anwalt-arbeitsrecht-600x600.webp","articleSection":["Fachanwalt"],"inLanguage":"de"},{"@type":"WebPage","@id":"https:\/\/anwalt.rocks\/arbeitsrecht\/frauenkirchen\/","url":"https:\/\/anwalt.rocks\/arbeitsrecht\/frauenkirchen\/","name":"Anwalt Arbeitsrecht Frauenkirchen - Madlen ist zufrieden.","isPartOf":{"@id":"https:\/\/anwalt.rocks\/arbeitsrecht\/#website"},"primaryImageOfPage":{"@id":"https:\/\/anwalt.rocks\/arbeitsrecht\/frauenkirchen\/#primaryimage"},"image":{"@id":"https:\/\/anwalt.rocks\/arbeitsrecht\/frauenkirchen\/#primaryimage"},"thumbnailUrl":"https:\/\/anwalt.rocks\/bilder\/arbeitsrecht\/anwalt-arbeitsrecht-600x600.webp","datePublished":"2025-01-10T04:32:44+00:00","breadcrumb":{"@id":"https:\/\/anwalt.rocks\/arbeitsrecht\/frauenkirchen\/#breadcrumb"},"inLanguage":"de","potentialAction":[{"@type":"ReadAction","target":["https:\/\/anwalt.rocks\/arbeitsrecht\/frauenkirchen\/"]}]},{"@type":"ImageObject","inLanguage":"de","@id":"https:\/\/anwalt.rocks\/arbeitsrecht\/frauenkirchen\/#primaryimage","url":"https:\/\/anwalt.rocks\/bilder\/arbeitsrecht\/anwalt-arbeitsrecht-600x600.webp","contentUrl":"https:\/\/anwalt.rocks\/bilder\/arbeitsrecht\/anwalt-arbeitsrecht-600x600.webp"},{"@type":"BreadcrumbList","@id":"https:\/\/anwalt.rocks\/arbeitsrecht\/frauenkirchen\/#breadcrumb","itemListElement":[{"@type":"ListItem","position":1,"name":"Start","item":"https:\/\/anwalt.rocks\/arbeitsrecht\/"},{"@type":"ListItem","position":2,"name":"Anwalt Arbeitsrecht Frauenkirchen &#8211; Madlen ist zufrieden."}]},{"@type":"WebSite","@id":"https:\/\/anwalt.rocks\/arbeitsrecht\/#website","url":"https:\/\/anwalt.rocks\/arbeitsrecht\/","name":"Anwalt Arbeitsrecht in der N\u00e4he - Dr. Schmelzer","description":"Kompetenzen und Vorteile von Dr. Stephan Schmelzer \u2013 Anwalt und Fachanwalt f\u00fcr Arbeitsrecht mit 25 j\u00e4hriger Berufspraxis.","publisher":{"@id":"https:\/\/anwalt.rocks\/arbeitsrecht\/#organization"},"potentialAction":[{"@type":"SearchAction","target":{"@type":"EntryPoint","urlTemplate":"https:\/\/anwalt.rocks\/arbeitsrecht\/?s={search_term_string}"},"query-input":{"@type":"PropertyValueSpecification","valueRequired":true,"valueName":"search_term_string"}}],"inLanguage":"de"},{"@type":"Organization","@id":"https:\/\/anwalt.rocks\/arbeitsrecht\/#organization","name":"Kanzlei Dr. Schmelzer","url":"https:\/\/anwalt.rocks\/arbeitsrecht\/","logo":{"@type":"ImageObject","inLanguage":"de","@id":"https:\/\/anwalt.rocks\/arbeitsrecht\/#\/schema\/logo\/image\/","url":"https:\/\/anwalt.rocks\/arbeitsrecht\/wp-content\/uploads\/sites\/2\/2025\/01\/anwalt-arbeitsrecht-logo.png","contentUrl":"https:\/\/anwalt.rocks\/arbeitsrecht\/wp-content\/uploads\/sites\/2\/2025\/01\/anwalt-arbeitsrecht-logo.png","width":450,"height":150,"caption":"Kanzlei Dr. Schmelzer"},"image":{"@id":"https:\/\/anwalt.rocks\/arbeitsrecht\/#\/schema\/logo\/image\/"}},{"@type":"Person","@id":"https:\/\/anwalt.rocks\/arbeitsrecht\/#\/schema\/person\/3fd3b0fc4df170bb2460fbc934288e39","name":"admin","image":{"@type":"ImageObject","inLanguage":"de","@id":"https:\/\/secure.gravatar.com\/avatar\/2a567a722e62dc61f1aaa46c6b595fa617f2003443806e3422a8fed77c029cfc?s=96&d=mm&r=g","url":"https:\/\/secure.gravatar.com\/avatar\/2a567a722e62dc61f1aaa46c6b595fa617f2003443806e3422a8fed77c029cfc?s=96&d=mm&r=g","contentUrl":"https:\/\/secure.gravatar.com\/avatar\/2a567a722e62dc61f1aaa46c6b595fa617f2003443806e3422a8fed77c029cfc?s=96&d=mm&r=g","caption":"admin"},"sameAs":["https:\/\/anwalt.rocks"],"url":"https:\/\/anwalt.rocks\/arbeitsrecht\/author\/admin\/"}]}},"_links":{"self":[{"href":"https:\/\/anwalt.rocks\/arbeitsrecht\/wp-json\/wp\/v2\/posts\/8084","targetHints":{"allow":["GET"]}}],"collection":[{"href":"https:\/\/anwalt.rocks\/arbeitsrecht\/wp-json\/wp\/v2\/posts"}],"about":[{"href":"https:\/\/anwalt.rocks\/arbeitsrecht\/wp-json\/wp\/v2\/types\/post"}],"author":[{"embeddable":true,"href":"https:\/\/anwalt.rocks\/arbeitsrecht\/wp-json\/wp\/v2\/users\/1"}],"replies":[{"embeddable":true,"href":"https:\/\/anwalt.rocks\/arbeitsrecht\/wp-json\/wp\/v2\/comments?post=8084"}],"version-history":[{"count":0,"href":"https:\/\/anwalt.rocks\/arbeitsrecht\/wp-json\/wp\/v2\/posts\/8084\/revisions"}],"wp:attachment":[{"href":"https:\/\/anwalt.rocks\/arbeitsrecht\/wp-json\/wp\/v2\/media?parent=8084"}],"wp:term":[{"taxonomy":"category","embeddable":true,"href":"https:\/\/anwalt.rocks\/arbeitsrecht\/wp-json\/wp\/v2\/categories?post=8084"},{"taxonomy":"post_tag","embeddable":true,"href":"https:\/\/anwalt.rocks\/arbeitsrecht\/wp-json\/wp\/v2\/tags?post=8084"}],"curies":[{"name":"wp","href":"https:\/\/api.w.org\/{rel}","templated":true}]}}