{"id":8091,"date":"2025-01-08T23:49:02","date_gmt":"2025-01-08T22:49:02","guid":{"rendered":"https:\/\/anwalt.rocks\/arbeitsrecht\/freilassing\/"},"modified":"2025-01-08T23:49:02","modified_gmt":"2025-01-08T22:49:02","slug":"freilassing","status":"publish","type":"post","link":"https:\/\/anwalt.rocks\/arbeitsrecht\/freilassing\/","title":{"rendered":"Anwalt Arbeitsrecht Freilassing &#8211; Mittlerweile 32 zufriedene Kunden."},"content":{"rendered":"<span class=\"span-reading-time rt-reading-time\" style=\"display: block;\"><span class=\"rt-label rt-prefix\">Lesedauer<\/span> <span class=\"rt-time\"> 3<\/span> <span class=\"rt-label rt-postfix\">Minuten<\/span><\/span><h2>Fachanwalt Dr. Schmelzer in Sachen Arbeits- und IT Recht Freilassing und auch K\u00fcndigungsschutz.<\/h2>\n<p><a href=\"https:\/\/dr-schmelzer.eu\/arbeitsrecht\/\" target=\"_blank\" rel=\"noopener\"><img loading=\"lazy\" decoding=\"async\" src=\"https:\/\/anwalt.rocks\/bilder\/arbeitsrecht\/anwalt-arbeitsrecht-600x600.webp\" alt=\"Anwalt Arbeitsrecht Freilassing - Mittlerweile 32 zufriedene Kunden.\" title=\"Anwalt Arbeitsrecht Freilassing - Mittlerweile 32 zufriedene Kunden.\" width=\"600\" height=\"600\" \/><\/a> <\/p>\n<h3>Anwalt Arbeitsrecht Freilassing &#8211; Anwaltskanzlei Dr. Stephan Schmelzer.<\/h3>\n<p>Bei arbeitsrechtlichen Fragen k\u00f6nnen Sie auf die Expertise von Dr. Stephan Schmelzer z\u00e4hlen. Seine langj\u00e4hrige Erfahrung und die Fachanwaltszulassung haben ihm weit \u00fcber Ahlen hinaus hohe Anerkennung eingebracht. Seine Kanzlei \u00fcberzeugt seit \u00fcber 20 Jahren durch professionelle Beratung und pr\u00e4zise juristische Unterst\u00fctzung. Dr. Schmelzers Fachkenntnisse im Arbeits- und IT-Recht sind eine wichtige Ressource f\u00fcr Mandanten in der digitalen Arbeitswelt. &#8211; <a title=\"Anwalt Arbeitsrecht M\u00fclheim\" href=\"https:\/\/anwalt.rocks\/arbeitsrecht\/muelheim\/\">Anwalt Arbeitsrecht M\u00fclheim<\/a><\/p>\n<p><a href=\"https:\/\/dr-schmelzer.eu\/arbeitsrecht\/\" target=\"_blank\" rel=\"noopener\"><img loading=\"lazy\" decoding=\"async\" src=\"https:\/\/anwalt.rocks\/bilder\/arbeitsrecht\/rechtsanwalt-arbeitsrecht-600x600.webp\" alt=\"Anwalt Arbeitsrecht Freilassing\" title=\"Anwalt Arbeitsrecht Freilassing\" width=\"600\" height=\"600\" \/><\/a> <\/p>\n<h3>Anwaltskanzlei Dr. Stephan Schmelzer &#8211; Fachanwalt f\u00fcr Arbeitsrecht Freilassing.<\/h3>\n<p>IT-rechtliche Themen werden bei Bedarf einbezogen, w\u00e4hrend das Arbeitsrecht \u2013 national und weltweit \u2013 im Vordergrund steht. Das Arbeitsrecht in seiner ganzen Bandbreite wird von Dr. Stephan Schmelzer abgedeckt, mit individuellen Ans\u00e4tzen f\u00fcr alle Mandanten. Mit fundierter Erfahrung und einem starken Fokus auf individuelle L\u00f6sungen ist er ein anerkannter Spezialist im Arbeitsrecht. &#8211; <a title=\"Anwalt Rathenow\" href=\"https:\/\/anwalt.rocks\/arbeitsrecht\/rathenow\/\">Anwalt Rathenow<\/a><\/p>\n<h3>Hohes Durchsetzungsverm\u00f6gen &#8211; Fest drei Jahrzehnte Anwaltserfahrung als Jurist Freilassing.<\/h3>\n<p>Arbeitgeber m\u00fcssen sich zunehmend mit vielf\u00e4ltigen juristischen Aufgaben befassen, darunter Arbeitsvertr\u00e4ge und umfassende Restrukturierungen. Unternehmen profitieren von Dr. Schmelzers praxisnaher Beratung, die auf die Minimierung rechtlicher Gefahren und die Entwicklung effizienter L\u00f6sungen abzielt. Unter seinen Dienstleistungen finden sich: &#8211; <a title=\"Anwalt Arbeitsrecht Bad Doberan\" href=\"https:\/\/anwalt.rocks\/arbeitsrecht\/bad-doberan\/\">Anwalt Arbeitsrecht Bad Doberan<\/a><\/p>\n<h3>Anwalt Arbeitsrecht Freilassing 32 zufriedene Kunden.<\/h3>\n<p>Erstellung und \u00dcberpr\u00fcfung flexibler Arbeitsvertr\u00e4ge, die rechtlich solide gestaltet sind. Erstellung ma\u00dfgeschneiderter L\u00f6sungen f\u00fcr Arbeitszeit und Verg\u00fctung, die auf die Unternehmensbed\u00fcrfnisse abgestimmt sind. &#8211; <a title=\"Anwalt Arbeitsrecht Pf\u00e4ffikon\" href=\"https:\/\/anwalt.rocks\/arbeitsrecht\/pfaeffikon\/\">Anwalt Arbeitsrecht Pf\u00e4ffikon<\/a><\/p>\n<h3>Darum entscheidet man sich f\u00fcr diesen erfahrenen Anwalt Freilassing:<\/h3>\n<p>Beratung bei der Vorbereitung und Durchf\u00fchrung von K\u00fcndigungen aus betrieblichen, verhaltens- oder personenbezogenen Gr\u00fcnden. Senkung juristischer Risiken und professionelle Beratung bei jeder Phase der K\u00fcndigung.<\/p>\n<h3>Juristisches Fachwissen sowie top zuverl\u00e4ssig.<\/h3>\n<p>Rechtliche Beratung zur Rolle des Betriebsrats bei wesentlichen Entscheidungen. Unterst\u00fctzung bei der Aushandlung und praktischen Realisierung von Betriebsvereinbarungen. Rechtliche Begleitung und strategische Beratung w\u00e4hrend des gesamten Restrukturierungsprozesses. Unterst\u00fctzung bei arbeitsgerichtlichen Prozessen, darunter K\u00fcndigungsschutzverfahren und Entfristungsklagen. Konzentration auf eine effiziente und wirkungsvolle Verteidigung der Rechte des Unternehmens.<\/p>\n<h3>Anwalt Arbeitsrecht Freilassing &#8211; Fachanwalt Dr. Schmelzer.<\/h3>\n<p>Die umfangreiche Fachkenntnis von Dr. Schmelzer kommt auch Arbeitnehmern zugute. Gerade in Konflikten beweist er sich als energischer Unterst\u00fctzer, der stets an der Seite seiner Mandanten steht. Zu den spezialisierten Leistungen geh\u00f6ren:<\/p>\n<p>Rechtliche Begleitung und Vertretung bei K\u00fcndigungsschutzklagen vor dem Arbeitsgericht. Aushandlung von Entsch\u00e4digungszahlungen und Abfindungen. Rechtliche Begleitung und Vertretung bei K\u00fcndigungsschutzklagen vor dem Arbeitsgericht. Aushandlung von Entsch\u00e4digungszahlungen und Abfindungen.<\/p>\n<p>Fachliche Beratung und Verhandlung von Abfindungsbetr\u00e4gen im Rahmen von Aufhebungsvertr\u00e4gen. Unterst\u00fctzung bei der Korrektur und Anpassung von Arbeitszeugnissen. Rechtsvertretung in Zeugnisprozessen zur Wahrung einer objektiven Beurteilung. Reduzierung der Kosten Unterst\u00fctzung bei der Geltendmachung von ausstehenden Lohn- und Gehaltszahlungen. Rechtsvertretung bei Klagen zu offenen Entgelten und nicht verg\u00fcteten \u00dcberstunden. \u00dcberpr\u00fcfung von Abmahnungen und Entwicklung von Strategien zur Gegenwehr bei ungerechtfertigten Ma\u00dfnahmen.<\/p>\n<h4>Mandanten Vertreung f\u00fcr Arbeitnehmer und Arbeitgeber f\u00fcr Anwalt Arbeitsrecht Freilassing.<\/h4>\n<p>Restrukturierungsma\u00dfnahmen und Konfliktl\u00f6sungsstrategien sind zentrale Kompetenzen von Dr. Schmelzer. Dr. Schmelzer ist spezialisiert auf die Beratung von Unternehmen bei komplexen Restrukturierungsprozessen. Diese Aufgaben setzen juristische Fachkenntnisse, diplomatisches Geschick und wirtschaftliches Know-how voraus.<\/p>\n<p>Anwalt Freilassing Folgerung: Dr. Schmelzer hat sich auf die Ausarbeitung und Implementierung von Interessenausgleichen und Sozialpl\u00e4nen spezialisiert. Im Vordergrund steht die Schaffung einer L\u00f6sung, die den Bed\u00fcrfnissen aller Seiten entspricht. Dank seiner Expertise und seines strategischen Verst\u00e4ndnisses ist Dr. Schmelzer ein gesch\u00e4tzter Verhandlungspartner f\u00fcr Betriebsr\u00e4te und Gewerkschaften.<\/p>\n<p>Der Fachanwalt f\u00fcr Arbeitsrecht behandelt jeden Fall als eigenst\u00e4ndige Herausforderung, die mit Sorgfalt angegangen wird. Ob au\u00dfergerichtlich oder im Gerichtssaal \u2013 er strebt stets die ideale L\u00f6sung f\u00fcr seine Mandanten an. Dabei legt er besonderen Wert auf Offenheit und eine enge Zusammenarbeit mit seinen Mandanten. Die Mandantenzufriedenheit ist f\u00fcr Dr. Schmelzer das oberste Gebot. Erfolge und positive Mandantenr\u00fcckmeldungen sind ein klarer Beweis f\u00fcr seine professionelle und auf L\u00f6sungen fokussierte Herangehensweise. Mit Dr. Stephan Schmelzer haben Sie einen fachkundigen Partner, der Arbeitnehmer und Arbeitgeber gleicherma\u00dfen unterst\u00fctzt.<\/p>\n<article class=\"contact contact-list post-2649 profile type-profile status-publish has-post-thumbnail hentry\" data-contact=\"2649\">\n    \n    <div class=\"media\">\n        <div class=\"media-left\">\n            <a  href=\"#\" data-toggle=\"modal\" data-target=\"#ContactModal\"  title=\"Heinrich G. jetzt Kontakt aufnehmen!\">\n                <img loading=\"lazy\" decoding=\"async\" width=\"500\" height=\"500\" src=\"https:\/\/anwalt.rocks\/arbeitsrecht\/wp-content\/uploads\/sites\/2\/2025\/01\/meinung-17.jpg\" class=\"contact-image media-object wp-post-image\" alt=\"Heinrich G.\" srcset=\"https:\/\/anwalt.rocks\/arbeitsrecht\/wp-content\/uploads\/sites\/2\/2025\/01\/meinung-17.jpg 500w, https:\/\/anwalt.rocks\/arbeitsrecht\/wp-content\/uploads\/sites\/2\/2025\/01\/meinung-17-300x300.jpg 300w, https:\/\/anwalt.rocks\/arbeitsrecht\/wp-content\/uploads\/sites\/2\/2025\/01\/meinung-17-150x150.jpg 150w\" sizes=\"auto, (max-width: 500px) 100vw, 500px\" \/>            <\/a>\n        <\/div>\n\n        <div class=\"media-body\">\n                        <p class=\"h2 media-heading\">\n                <a  href=\"#\" data-toggle=\"modal\" data-target=\"#ContactModal\"  title=\"Heinrich G. jetzt Kontakt aufnehmen!\">\n                    <span class=\"contact-name\">Heinrich G.<\/span>\n                <\/a>\n\n                <span class=\"contact-text\"><\/span> <span class=\"contact-city\"><a href=\"https:\/\/anwalt.rocks\/arbeitsrecht\/region\/fredeburg-bei-ratzeburg\/\">Anwalt Arbeitsrecht Fredeburg bei Ratzeburg<\/a><\/span>            <\/p>\n\n            <div class=\"quote\"><p>In meinem Fall ging es um unbezahlte \u00dcberstunden, die mein Arbeitgeber einfach ignoriert hatte. Hr. Schmelzer hat den Sachverhalt schnell gekl\u00e4rt und meine Anspr\u00fcche durchgesetzt. Sein Engagement und seine Fachkenntnisse haben mich voll \u00fcberzeugt. Ich w\u00fcrde ihn jederzeit wieder beauftragen.&hellip;<\/p><\/div>\n            <a class=\"btn btn-cta\"  href=\"#\" data-toggle=\"modal\" data-target=\"#ContactModal\"  title=\"Heinrich G. jetzt Kontakt aufnehmen!\">\n                Nachricht senden            <\/a>\n        <\/div>\n    <\/div>\n<\/article><article class=\"contact contact-list post-2622 profile type-profile status-publish has-post-thumbnail hentry\" data-contact=\"2622\">\n    \n    <div class=\"media\">\n        <div class=\"media-left\">\n            <a  href=\"#\" data-toggle=\"modal\" data-target=\"#ContactModal\"  title=\"Sabine T., 22 Jahre, aus Frankfurt jetzt Kontakt aufnehmen!\">\n                <img loading=\"lazy\" decoding=\"async\" width=\"500\" height=\"500\" src=\"https:\/\/anwalt.rocks\/arbeitsrecht\/wp-content\/uploads\/sites\/2\/2025\/01\/meinung-08.jpg\" class=\"contact-image media-object wp-post-image\" alt=\"Sabine T., 22 Jahre, aus Frankfurt\" srcset=\"https:\/\/anwalt.rocks\/arbeitsrecht\/wp-content\/uploads\/sites\/2\/2025\/01\/meinung-08.jpg 500w, https:\/\/anwalt.rocks\/arbeitsrecht\/wp-content\/uploads\/sites\/2\/2025\/01\/meinung-08-300x300.jpg 300w, https:\/\/anwalt.rocks\/arbeitsrecht\/wp-content\/uploads\/sites\/2\/2025\/01\/meinung-08-150x150.jpg 150w\" sizes=\"auto, (max-width: 500px) 100vw, 500px\" \/>            <\/a>\n        <\/div>\n\n        <div class=\"media-body\">\n                        <p class=\"h2 media-heading\">\n                <a  href=\"#\" data-toggle=\"modal\" data-target=\"#ContactModal\"  title=\"Sabine T., 22 Jahre, aus Frankfurt jetzt Kontakt aufnehmen!\">\n                    <span class=\"contact-name\">Sabine T., 22 Jahre, aus Frankfurt<\/span>\n                <\/a>\n\n                <span class=\"contact-text\"><\/span> <span class=\"contact-city\"><a href=\"https:\/\/anwalt.rocks\/arbeitsrecht\/region\/pfaffen-schwabenheim\/\">Anwalt Arbeitsrecht Pfaffen-Schwabenheim<\/a><\/span>            <\/p>\n\n            <div class=\"quote\"><p>Ich hatte ein Problem mit meinem Teilzeitvertrag, da mein Arbeitgeber mich pl\u00f6tzlich zu vielen \u00dcberstunden verpflichten wollte. Herr Schmelzer hat mich wunderbar beraten und schnell eine Kl\u00e4rung herbeigef\u00fchrt. Seine Kompetenz und Freundlichkeit haben mich \u00fcberzeugt. Ich f\u00fchlte mich jederzeit ernst &hellip;<\/p><\/div>\n            <a class=\"btn btn-cta\"  href=\"#\" data-toggle=\"modal\" data-target=\"#ContactModal\"  title=\"Sabine T., 22 Jahre, aus Frankfurt jetzt Kontakt aufnehmen!\">\n                Nachricht senden            <\/a>\n        <\/div>\n    <\/div>\n<\/article><article class=\"contact contact-list post-2646 profile type-profile status-publish has-post-thumbnail hentry\" data-contact=\"2646\">\n    \n    <div class=\"media\">\n        <div class=\"media-left\">\n            <a  href=\"#\" data-toggle=\"modal\" data-target=\"#ContactModal\"  title=\"Ulrich H. jetzt Kontakt aufnehmen!\">\n                <img loading=\"lazy\" decoding=\"async\" width=\"500\" height=\"500\" src=\"https:\/\/anwalt.rocks\/arbeitsrecht\/wp-content\/uploads\/sites\/2\/2025\/01\/meinung-16.jpg\" class=\"contact-image media-object wp-post-image\" alt=\"Ulrich H.\" srcset=\"https:\/\/anwalt.rocks\/arbeitsrecht\/wp-content\/uploads\/sites\/2\/2025\/01\/meinung-16.jpg 500w, https:\/\/anwalt.rocks\/arbeitsrecht\/wp-content\/uploads\/sites\/2\/2025\/01\/meinung-16-300x300.jpg 300w, https:\/\/anwalt.rocks\/arbeitsrecht\/wp-content\/uploads\/sites\/2\/2025\/01\/meinung-16-150x150.jpg 150w\" sizes=\"auto, (max-width: 500px) 100vw, 500px\" \/>            <\/a>\n        <\/div>\n\n        <div class=\"media-body\">\n                        <p class=\"h2 media-heading\">\n                <a  href=\"#\" data-toggle=\"modal\" data-target=\"#ContactModal\"  title=\"Ulrich H. jetzt Kontakt aufnehmen!\">\n                    <span class=\"contact-name\">Ulrich H.<\/span>\n                <\/a>\n\n                <span class=\"contact-text\"><\/span> <span class=\"contact-city\"><a href=\"https:\/\/anwalt.rocks\/arbeitsrecht\/region\/bad-salzuflen-ahmsen\/\">Anwalt Arbeitsrecht Bad Salzuflen Ahmsen<\/a><\/span>            <\/p>\n\n            <div class=\"quote\"><p>Anwalt Schmelzer hat mir in einem schwierigen Fall von Diskriminierung am Arbeitsplatz geholfen. Er hat mich nicht nur juristisch unterst\u00fctzt, sondern mir auch moralisch viel R\u00fcckhalt gegeben. Dank ihm wurde mein Fall erfolgreich gel\u00f6st, und ich f\u00fchle mich endlich wieder &hellip;<\/p><\/div>\n            <a class=\"btn btn-cta\"  href=\"#\" data-toggle=\"modal\" data-target=\"#ContactModal\"  title=\"Ulrich H. jetzt Kontakt aufnehmen!\">\n                Nachricht senden            <\/a>\n        <\/div>\n    <\/div>\n<\/article><article class=\"contact contact-list post-2609 profile type-profile status-publish has-post-thumbnail hentry\" data-contact=\"2609\">\n    \n    <div class=\"media\">\n        <div class=\"media-left\">\n            <a  href=\"#\" data-toggle=\"modal\" data-target=\"#ContactModal\"  title=\"Nadine H., 48 Jahre, aus M\u00fcnchen jetzt Kontakt aufnehmen!\">\n                <img loading=\"lazy\" decoding=\"async\" width=\"500\" height=\"500\" src=\"https:\/\/anwalt.rocks\/arbeitsrecht\/wp-content\/uploads\/sites\/2\/2025\/01\/meinung-04.jpg\" class=\"contact-image media-object wp-post-image\" alt=\"Nadine H., 48 Jahre, aus M\u00fcnchen\" srcset=\"https:\/\/anwalt.rocks\/arbeitsrecht\/wp-content\/uploads\/sites\/2\/2025\/01\/meinung-04.jpg 500w, https:\/\/anwalt.rocks\/arbeitsrecht\/wp-content\/uploads\/sites\/2\/2025\/01\/meinung-04-300x300.jpg 300w, https:\/\/anwalt.rocks\/arbeitsrecht\/wp-content\/uploads\/sites\/2\/2025\/01\/meinung-04-150x150.jpg 150w\" sizes=\"auto, (max-width: 500px) 100vw, 500px\" \/>            <\/a>\n        <\/div>\n\n        <div class=\"media-body\">\n                        <p class=\"h2 media-heading\">\n                <a  href=\"#\" data-toggle=\"modal\" data-target=\"#ContactModal\"  title=\"Nadine H., 48 Jahre, aus M\u00fcnchen jetzt Kontakt aufnehmen!\">\n                    <span class=\"contact-name\">Nadine H., 48 Jahre, aus M\u00fcnchen<\/span>\n                <\/a>\n\n                <span class=\"contact-text\"><\/span> <span class=\"contact-city\"><a href=\"https:\/\/anwalt.rocks\/arbeitsrecht\/region\/schwinkendorf\/\">Anwalt Arbeitsrecht Schwinkendorf<\/a><\/span>            <\/p>\n\n            <div class=\"quote\"><p>Nach einer pl\u00f6tzlichen Umstrukturierung in meiner Firma wurde mir gek\u00fcndigt. Es war ein riesiger Schock f\u00fcr mich. Zum Gl\u00fcck fand ich Dr. Schmelzer \u00fcber eine Internetrecherche. Schon beim ersten Gespr\u00e4ch war ich beeindruckt von seiner Fachkenntnis und seiner empathischen Art. &hellip;<\/p><\/div>\n            <a class=\"btn btn-cta\"  href=\"#\" data-toggle=\"modal\" data-target=\"#ContactModal\"  title=\"Nadine H., 48 Jahre, aus M\u00fcnchen jetzt Kontakt aufnehmen!\">\n                Nachricht senden            <\/a>\n        <\/div>\n    <\/div>\n<\/article><article class=\"contact contact-list post-2600 profile type-profile status-publish has-post-thumbnail hentry\" data-contact=\"2600\">\n    \n    <div class=\"media\">\n        <div class=\"media-left\">\n            <a  href=\"#\" data-toggle=\"modal\" data-target=\"#ContactModal\"  title=\"Anna L., 34 Jahre, aus Hamburg jetzt Kontakt aufnehmen!\">\n                <img loading=\"lazy\" decoding=\"async\" width=\"500\" height=\"500\" src=\"https:\/\/anwalt.rocks\/arbeitsrecht\/wp-content\/uploads\/sites\/2\/2025\/01\/meinung-01.jpg\" class=\"contact-image media-object wp-post-image\" alt=\"Anna L., 34 Jahre, aus Hamburg\" srcset=\"https:\/\/anwalt.rocks\/arbeitsrecht\/wp-content\/uploads\/sites\/2\/2025\/01\/meinung-01.jpg 500w, https:\/\/anwalt.rocks\/arbeitsrecht\/wp-content\/uploads\/sites\/2\/2025\/01\/meinung-01-300x300.jpg 300w, https:\/\/anwalt.rocks\/arbeitsrecht\/wp-content\/uploads\/sites\/2\/2025\/01\/meinung-01-150x150.jpg 150w\" sizes=\"auto, (max-width: 500px) 100vw, 500px\" \/>            <\/a>\n        <\/div>\n\n        <div class=\"media-body\">\n                        <p class=\"h2 media-heading\">\n                <a  href=\"#\" data-toggle=\"modal\" data-target=\"#ContactModal\"  title=\"Anna L., 34 Jahre, aus Hamburg jetzt Kontakt aufnehmen!\">\n                    <span class=\"contact-name\">Anna L., 34 Jahre, aus Hamburg<\/span>\n                <\/a>\n\n                <span class=\"contact-text\"><\/span> <span class=\"contact-city\"><a href=\"https:\/\/anwalt.rocks\/arbeitsrecht\/region\/rattelsdorf-bei-stadtroda\/\">Anwalt Arbeitsrecht Rattelsdorf bei Stadtroda<\/a><\/span>            <\/p>\n\n            <div class=\"quote\"><p>Ich hatte ein riesiges Problem mit meinem Arbeitgeber, nachdem ich nach meiner Elternzeit wieder in den Job einsteigen wollte. Pl\u00f6tzlich sollte ich in eine komplett andere Abteilung wechseln, obwohl das nie vereinbart war. Eine Freundin empfahl mir Dr. Stephan Schmelzer, &hellip;<\/p><\/div>\n            <a class=\"btn btn-cta\"  href=\"#\" data-toggle=\"modal\" data-target=\"#ContactModal\"  title=\"Anna L., 34 Jahre, aus Hamburg jetzt Kontakt aufnehmen!\">\n                Nachricht senden            <\/a>\n        <\/div>\n    <\/div>\n<\/article>\n<div class=\"blogposts\"><ul><li><a href=\"https:\/\/anwalt.rocks\/arbeitsrecht\/sulzbach\/\" title=\"Anwalt Arbeitsrecht Sulzbach &#8211; Inzwischen 36 zufriedene Kunden.\">Anwalt Arbeitsrecht Sulzbach &#8211; Inzwischen 36 zufriedene Kunden.<\/a><\/li><li><a href=\"https:\/\/anwalt.rocks\/arbeitsrecht\/muenchen\/\" title=\"Kanzlei Dr. Stephan Schmelzer Rechtsanwalt Arbeits- und IT Recht M\u00fcnchen.\">Kanzlei Dr. Stephan Schmelzer Rechtsanwalt Arbeits- und IT Recht M\u00fcnchen.<\/a><\/li><li><a href=\"https:\/\/anwalt.rocks\/arbeitsrecht\/oberzent\/\" title=\"Anwalt Arbeitsrecht Oberzent &#8211; Mehr als 33 motivierte Kunden.\">Anwalt Arbeitsrecht Oberzent &#8211; Mehr als 33 motivierte Kunden.<\/a><\/li><li><a href=\"https:\/\/anwalt.rocks\/arbeitsrecht\/velen\/\" title=\"Anwalt Arbeitsrecht Velen &#8211; Christina hat Erfolg.\">Anwalt Arbeitsrecht Velen &#8211; Christina hat Erfolg.<\/a><\/li><li><a href=\"https:\/\/anwalt.rocks\/arbeitsrecht\/heiligenstadt\/\" title=\"Anwalt Arbeitsrecht Heiligenstadt &#8211; Bereits \u00fcber 58 fr\u00f6hliche Kunden.\">Anwalt Arbeitsrecht Heiligenstadt &#8211; Bereits \u00fcber 58 fr\u00f6hliche Kunden.<\/a><\/li><li><a href=\"https:\/\/anwalt.rocks\/arbeitsrecht\/enger\/\" title=\"Anwalt Enger f\u00fcr Arbeitsrecht.\">Anwalt Enger f\u00fcr Arbeitsrecht.<\/a><\/li><li><a href=\"https:\/\/anwalt.rocks\/arbeitsrecht\/bad-breisig\/\" title=\"Anwalt Arbeitsrecht Bad Breisig &#8211; Simone setzt sich durch.\">Anwalt Arbeitsrecht Bad Breisig &#8211; Simone setzt sich durch.<\/a><\/li><\/ul><\/div>\n","protected":false},"excerpt":{"rendered":"<h2>Anwalt Arbeitsrecht Bad Breisig &#8211; Fachanwalt  f\u00fcr nationale Mandate.<\/h2>\n<p><a href=\"https:\/\/dr-schmelzer.eu\/arbeitsrecht\/\" target=\"_blank\" rel=\"noopener\"><img loading=\"lazy\" decoding=\"async\" src=\"https:\/\/anwalt.rocks\/bilder\/arbeitsrecht\/anwalt-arbeitsrecht-600x600.webp\" alt=\"Anwalt Arbeitsrecht Bad Breisig - Simone setzt sich durch.\" title=\"Anwalt Arbeitsrecht Bad Breisig - Simone setzt sich durch.\" width=\"600\" height=\"600\" \/><\/a> <\/p>\n<h3>Anwalt IT- und Arbeitsrecht Bad Breisig &#8211; Anwaltskanzlei Dr. Stephan Schmelzer.<\/h3>\n<p>Mit Dr. Stephan Schmelzer sind Sie im Arbeitsrecht immer gut beraten. Mit \u00fcber zwei Jahrzehnten Erfahrung und seiner Zulassung als &hellip;<\/p>","protected":false},"author":1,"featured_media":0,"comment_status":"closed","ping_status":"open","sticky":false,"template":"","format":"standard","meta":{"footnotes":""},"categories":[3],"tags":[],"class_list":["post-8091","post","type-post","status-publish","format-standard","hentry","category-fachanwalt"],"yoast_head":"<!-- This site is optimized with the Yoast SEO Premium plugin v27.1 (Yoast SEO v27.2) - https:\/\/yoast.com\/product\/yoast-seo-premium-wordpress\/ -->\n<title>Anwalt Arbeitsrecht Freilassing - Mittlerweile 32 zufriedene Kunden.<\/title>\n<meta name=\"robots\" content=\"index, follow, max-snippet:-1, max-image-preview:large, max-video-preview:-1\" \/>\n<link rel=\"canonical\" href=\"https:\/\/anwalt.rocks\/arbeitsrecht\/freilassing\/\" \/>\n<meta property=\"og:locale\" content=\"de_DE\" \/>\n<meta property=\"og:type\" content=\"article\" \/>\n<meta property=\"og:title\" content=\"Anwalt Arbeitsrecht Freilassing - Mittlerweile 32 zufriedene Kunden.\" \/>\n<meta property=\"og:description\" content=\"Anwalt Arbeitsrecht Bad Breisig &#8211; Fachanwalt f\u00fcr nationale Mandate.  Anwalt IT- und Arbeitsrecht Bad Breisig &#8211; Anwaltskanzlei Dr. Stephan Schmelzer. Mit Dr. Stephan Schmelzer sind Sie im Arbeitsrecht immer gut beraten. Mit \u00fcber zwei Jahrzehnten Erfahrung und seiner Zulassung als &hellip;\" \/>\n<meta property=\"og:url\" content=\"https:\/\/anwalt.rocks\/arbeitsrecht\/freilassing\/\" \/>\n<meta property=\"og:site_name\" content=\"Anwalt Arbeitsrecht in der N\u00e4he - Dr. Schmelzer\" \/>\n<meta property=\"article:published_time\" content=\"2025-01-08T22:49:02+00:00\" \/>\n<meta property=\"og:image\" content=\"https:\/\/anwalt.rocks\/bilder\/arbeitsrecht\/anwalt-arbeitsrecht-600x600.webp\" \/>\n<meta name=\"author\" content=\"admin\" \/>\n<meta name=\"twitter:card\" content=\"summary_large_image\" \/>\n<meta name=\"twitter:label1\" content=\"Verfasst von\" \/>\n\t<meta name=\"twitter:data1\" content=\"admin\" \/>\n\t<meta name=\"twitter:label2\" content=\"Gesch\u00e4tzte Lesezeit\" \/>\n\t<meta name=\"twitter:data2\" content=\"4\u00a0Minuten\" \/>\n<script type=\"application\/ld+json\" class=\"yoast-schema-graph\">{\"@context\":\"https:\/\/schema.org\",\"@graph\":[{\"@type\":\"Article\",\"@id\":\"https:\/\/anwalt.rocks\/arbeitsrecht\/freilassing\/#article\",\"isPartOf\":{\"@id\":\"https:\/\/anwalt.rocks\/arbeitsrecht\/freilassing\/\"},\"author\":{\"name\":\"admin\",\"@id\":\"https:\/\/anwalt.rocks\/arbeitsrecht\/#\/schema\/person\/3fd3b0fc4df170bb2460fbc934288e39\"},\"headline\":\"Anwalt Arbeitsrecht Freilassing &#8211; Mittlerweile 32 zufriedene Kunden.\",\"datePublished\":\"2025-01-08T22:49:02+00:00\",\"mainEntityOfPage\":{\"@id\":\"https:\/\/anwalt.rocks\/arbeitsrecht\/freilassing\/\"},\"wordCount\":711,\"publisher\":{\"@id\":\"https:\/\/anwalt.rocks\/arbeitsrecht\/#organization\"},\"image\":{\"@id\":\"https:\/\/anwalt.rocks\/arbeitsrecht\/freilassing\/#primaryimage\"},\"thumbnailUrl\":\"https:\/\/anwalt.rocks\/bilder\/arbeitsrecht\/anwalt-arbeitsrecht-600x600.webp\",\"articleSection\":[\"Fachanwalt\"],\"inLanguage\":\"de\"},{\"@type\":\"WebPage\",\"@id\":\"https:\/\/anwalt.rocks\/arbeitsrecht\/freilassing\/\",\"url\":\"https:\/\/anwalt.rocks\/arbeitsrecht\/freilassing\/\",\"name\":\"Anwalt Arbeitsrecht Freilassing - Mittlerweile 32 zufriedene Kunden.\",\"isPartOf\":{\"@id\":\"https:\/\/anwalt.rocks\/arbeitsrecht\/#website\"},\"primaryImageOfPage\":{\"@id\":\"https:\/\/anwalt.rocks\/arbeitsrecht\/freilassing\/#primaryimage\"},\"image\":{\"@id\":\"https:\/\/anwalt.rocks\/arbeitsrecht\/freilassing\/#primaryimage\"},\"thumbnailUrl\":\"https:\/\/anwalt.rocks\/bilder\/arbeitsrecht\/anwalt-arbeitsrecht-600x600.webp\",\"datePublished\":\"2025-01-08T22:49:02+00:00\",\"breadcrumb\":{\"@id\":\"https:\/\/anwalt.rocks\/arbeitsrecht\/freilassing\/#breadcrumb\"},\"inLanguage\":\"de\",\"potentialAction\":[{\"@type\":\"ReadAction\",\"target\":[\"https:\/\/anwalt.rocks\/arbeitsrecht\/freilassing\/\"]}]},{\"@type\":\"ImageObject\",\"inLanguage\":\"de\",\"@id\":\"https:\/\/anwalt.rocks\/arbeitsrecht\/freilassing\/#primaryimage\",\"url\":\"https:\/\/anwalt.rocks\/bilder\/arbeitsrecht\/anwalt-arbeitsrecht-600x600.webp\",\"contentUrl\":\"https:\/\/anwalt.rocks\/bilder\/arbeitsrecht\/anwalt-arbeitsrecht-600x600.webp\"},{\"@type\":\"BreadcrumbList\",\"@id\":\"https:\/\/anwalt.rocks\/arbeitsrecht\/freilassing\/#breadcrumb\",\"itemListElement\":[{\"@type\":\"ListItem\",\"position\":1,\"name\":\"Start\",\"item\":\"https:\/\/anwalt.rocks\/arbeitsrecht\/\"},{\"@type\":\"ListItem\",\"position\":2,\"name\":\"Anwalt Arbeitsrecht Freilassing &#8211; Mittlerweile 32 zufriedene Kunden.\"}]},{\"@type\":\"WebSite\",\"@id\":\"https:\/\/anwalt.rocks\/arbeitsrecht\/#website\",\"url\":\"https:\/\/anwalt.rocks\/arbeitsrecht\/\",\"name\":\"Anwalt Arbeitsrecht in der N\u00e4he - Dr. Schmelzer\",\"description\":\"Kompetenzen und Vorteile von Dr. Stephan Schmelzer \u2013 Anwalt und Fachanwalt f\u00fcr Arbeitsrecht mit 25 j\u00e4hriger Berufspraxis.\",\"publisher\":{\"@id\":\"https:\/\/anwalt.rocks\/arbeitsrecht\/#organization\"},\"potentialAction\":[{\"@type\":\"SearchAction\",\"target\":{\"@type\":\"EntryPoint\",\"urlTemplate\":\"https:\/\/anwalt.rocks\/arbeitsrecht\/?s={search_term_string}\"},\"query-input\":{\"@type\":\"PropertyValueSpecification\",\"valueRequired\":true,\"valueName\":\"search_term_string\"}}],\"inLanguage\":\"de\"},{\"@type\":\"Organization\",\"@id\":\"https:\/\/anwalt.rocks\/arbeitsrecht\/#organization\",\"name\":\"Kanzlei Dr. Schmelzer\",\"url\":\"https:\/\/anwalt.rocks\/arbeitsrecht\/\",\"logo\":{\"@type\":\"ImageObject\",\"inLanguage\":\"de\",\"@id\":\"https:\/\/anwalt.rocks\/arbeitsrecht\/#\/schema\/logo\/image\/\",\"url\":\"https:\/\/anwalt.rocks\/arbeitsrecht\/wp-content\/uploads\/sites\/2\/2025\/01\/anwalt-arbeitsrecht-logo.png\",\"contentUrl\":\"https:\/\/anwalt.rocks\/arbeitsrecht\/wp-content\/uploads\/sites\/2\/2025\/01\/anwalt-arbeitsrecht-logo.png\",\"width\":450,\"height\":150,\"caption\":\"Kanzlei Dr. Schmelzer\"},\"image\":{\"@id\":\"https:\/\/anwalt.rocks\/arbeitsrecht\/#\/schema\/logo\/image\/\"}},{\"@type\":\"Person\",\"@id\":\"https:\/\/anwalt.rocks\/arbeitsrecht\/#\/schema\/person\/3fd3b0fc4df170bb2460fbc934288e39\",\"name\":\"admin\",\"image\":{\"@type\":\"ImageObject\",\"inLanguage\":\"de\",\"@id\":\"https:\/\/secure.gravatar.com\/avatar\/2a567a722e62dc61f1aaa46c6b595fa617f2003443806e3422a8fed77c029cfc?s=96&d=mm&r=g\",\"url\":\"https:\/\/secure.gravatar.com\/avatar\/2a567a722e62dc61f1aaa46c6b595fa617f2003443806e3422a8fed77c029cfc?s=96&d=mm&r=g\",\"contentUrl\":\"https:\/\/secure.gravatar.com\/avatar\/2a567a722e62dc61f1aaa46c6b595fa617f2003443806e3422a8fed77c029cfc?s=96&d=mm&r=g\",\"caption\":\"admin\"},\"sameAs\":[\"https:\/\/anwalt.rocks\"],\"url\":\"https:\/\/anwalt.rocks\/arbeitsrecht\/author\/admin\/\"}]}<\/script>\n<!-- \/ Yoast SEO Premium plugin. -->","yoast_head_json":{"title":"Anwalt Arbeitsrecht Freilassing - Mittlerweile 32 zufriedene Kunden.","robots":{"index":"index","follow":"follow","max-snippet":"max-snippet:-1","max-image-preview":"max-image-preview:large","max-video-preview":"max-video-preview:-1"},"canonical":"https:\/\/anwalt.rocks\/arbeitsrecht\/freilassing\/","og_locale":"de_DE","og_type":"article","og_title":"Anwalt Arbeitsrecht Freilassing - Mittlerweile 32 zufriedene Kunden.","og_description":"Anwalt Arbeitsrecht Bad Breisig &#8211; Fachanwalt f\u00fcr nationale Mandate.  Anwalt IT- und Arbeitsrecht Bad Breisig &#8211; Anwaltskanzlei Dr. Stephan Schmelzer. Mit Dr. Stephan Schmelzer sind Sie im Arbeitsrecht immer gut beraten. Mit \u00fcber zwei Jahrzehnten Erfahrung und seiner Zulassung als &hellip;","og_url":"https:\/\/anwalt.rocks\/arbeitsrecht\/freilassing\/","og_site_name":"Anwalt Arbeitsrecht in der N\u00e4he - Dr. Schmelzer","article_published_time":"2025-01-08T22:49:02+00:00","og_image":[{"url":"https:\/\/anwalt.rocks\/bilder\/arbeitsrecht\/anwalt-arbeitsrecht-600x600.webp","type":"","width":"","height":""}],"author":"admin","twitter_card":"summary_large_image","twitter_misc":{"Verfasst von":"admin","Gesch\u00e4tzte Lesezeit":"4\u00a0Minuten"},"schema":{"@context":"https:\/\/schema.org","@graph":[{"@type":"Article","@id":"https:\/\/anwalt.rocks\/arbeitsrecht\/freilassing\/#article","isPartOf":{"@id":"https:\/\/anwalt.rocks\/arbeitsrecht\/freilassing\/"},"author":{"name":"admin","@id":"https:\/\/anwalt.rocks\/arbeitsrecht\/#\/schema\/person\/3fd3b0fc4df170bb2460fbc934288e39"},"headline":"Anwalt Arbeitsrecht Freilassing &#8211; Mittlerweile 32 zufriedene Kunden.","datePublished":"2025-01-08T22:49:02+00:00","mainEntityOfPage":{"@id":"https:\/\/anwalt.rocks\/arbeitsrecht\/freilassing\/"},"wordCount":711,"publisher":{"@id":"https:\/\/anwalt.rocks\/arbeitsrecht\/#organization"},"image":{"@id":"https:\/\/anwalt.rocks\/arbeitsrecht\/freilassing\/#primaryimage"},"thumbnailUrl":"https:\/\/anwalt.rocks\/bilder\/arbeitsrecht\/anwalt-arbeitsrecht-600x600.webp","articleSection":["Fachanwalt"],"inLanguage":"de"},{"@type":"WebPage","@id":"https:\/\/anwalt.rocks\/arbeitsrecht\/freilassing\/","url":"https:\/\/anwalt.rocks\/arbeitsrecht\/freilassing\/","name":"Anwalt Arbeitsrecht Freilassing - Mittlerweile 32 zufriedene Kunden.","isPartOf":{"@id":"https:\/\/anwalt.rocks\/arbeitsrecht\/#website"},"primaryImageOfPage":{"@id":"https:\/\/anwalt.rocks\/arbeitsrecht\/freilassing\/#primaryimage"},"image":{"@id":"https:\/\/anwalt.rocks\/arbeitsrecht\/freilassing\/#primaryimage"},"thumbnailUrl":"https:\/\/anwalt.rocks\/bilder\/arbeitsrecht\/anwalt-arbeitsrecht-600x600.webp","datePublished":"2025-01-08T22:49:02+00:00","breadcrumb":{"@id":"https:\/\/anwalt.rocks\/arbeitsrecht\/freilassing\/#breadcrumb"},"inLanguage":"de","potentialAction":[{"@type":"ReadAction","target":["https:\/\/anwalt.rocks\/arbeitsrecht\/freilassing\/"]}]},{"@type":"ImageObject","inLanguage":"de","@id":"https:\/\/anwalt.rocks\/arbeitsrecht\/freilassing\/#primaryimage","url":"https:\/\/anwalt.rocks\/bilder\/arbeitsrecht\/anwalt-arbeitsrecht-600x600.webp","contentUrl":"https:\/\/anwalt.rocks\/bilder\/arbeitsrecht\/anwalt-arbeitsrecht-600x600.webp"},{"@type":"BreadcrumbList","@id":"https:\/\/anwalt.rocks\/arbeitsrecht\/freilassing\/#breadcrumb","itemListElement":[{"@type":"ListItem","position":1,"name":"Start","item":"https:\/\/anwalt.rocks\/arbeitsrecht\/"},{"@type":"ListItem","position":2,"name":"Anwalt Arbeitsrecht Freilassing &#8211; Mittlerweile 32 zufriedene Kunden."}]},{"@type":"WebSite","@id":"https:\/\/anwalt.rocks\/arbeitsrecht\/#website","url":"https:\/\/anwalt.rocks\/arbeitsrecht\/","name":"Anwalt Arbeitsrecht in der N\u00e4he - Dr. Schmelzer","description":"Kompetenzen und Vorteile von Dr. Stephan Schmelzer \u2013 Anwalt und Fachanwalt f\u00fcr Arbeitsrecht mit 25 j\u00e4hriger Berufspraxis.","publisher":{"@id":"https:\/\/anwalt.rocks\/arbeitsrecht\/#organization"},"potentialAction":[{"@type":"SearchAction","target":{"@type":"EntryPoint","urlTemplate":"https:\/\/anwalt.rocks\/arbeitsrecht\/?s={search_term_string}"},"query-input":{"@type":"PropertyValueSpecification","valueRequired":true,"valueName":"search_term_string"}}],"inLanguage":"de"},{"@type":"Organization","@id":"https:\/\/anwalt.rocks\/arbeitsrecht\/#organization","name":"Kanzlei Dr. Schmelzer","url":"https:\/\/anwalt.rocks\/arbeitsrecht\/","logo":{"@type":"ImageObject","inLanguage":"de","@id":"https:\/\/anwalt.rocks\/arbeitsrecht\/#\/schema\/logo\/image\/","url":"https:\/\/anwalt.rocks\/arbeitsrecht\/wp-content\/uploads\/sites\/2\/2025\/01\/anwalt-arbeitsrecht-logo.png","contentUrl":"https:\/\/anwalt.rocks\/arbeitsrecht\/wp-content\/uploads\/sites\/2\/2025\/01\/anwalt-arbeitsrecht-logo.png","width":450,"height":150,"caption":"Kanzlei Dr. Schmelzer"},"image":{"@id":"https:\/\/anwalt.rocks\/arbeitsrecht\/#\/schema\/logo\/image\/"}},{"@type":"Person","@id":"https:\/\/anwalt.rocks\/arbeitsrecht\/#\/schema\/person\/3fd3b0fc4df170bb2460fbc934288e39","name":"admin","image":{"@type":"ImageObject","inLanguage":"de","@id":"https:\/\/secure.gravatar.com\/avatar\/2a567a722e62dc61f1aaa46c6b595fa617f2003443806e3422a8fed77c029cfc?s=96&d=mm&r=g","url":"https:\/\/secure.gravatar.com\/avatar\/2a567a722e62dc61f1aaa46c6b595fa617f2003443806e3422a8fed77c029cfc?s=96&d=mm&r=g","contentUrl":"https:\/\/secure.gravatar.com\/avatar\/2a567a722e62dc61f1aaa46c6b595fa617f2003443806e3422a8fed77c029cfc?s=96&d=mm&r=g","caption":"admin"},"sameAs":["https:\/\/anwalt.rocks"],"url":"https:\/\/anwalt.rocks\/arbeitsrecht\/author\/admin\/"}]}},"_links":{"self":[{"href":"https:\/\/anwalt.rocks\/arbeitsrecht\/wp-json\/wp\/v2\/posts\/8091","targetHints":{"allow":["GET"]}}],"collection":[{"href":"https:\/\/anwalt.rocks\/arbeitsrecht\/wp-json\/wp\/v2\/posts"}],"about":[{"href":"https:\/\/anwalt.rocks\/arbeitsrecht\/wp-json\/wp\/v2\/types\/post"}],"author":[{"embeddable":true,"href":"https:\/\/anwalt.rocks\/arbeitsrecht\/wp-json\/wp\/v2\/users\/1"}],"replies":[{"embeddable":true,"href":"https:\/\/anwalt.rocks\/arbeitsrecht\/wp-json\/wp\/v2\/comments?post=8091"}],"version-history":[{"count":0,"href":"https:\/\/anwalt.rocks\/arbeitsrecht\/wp-json\/wp\/v2\/posts\/8091\/revisions"}],"wp:attachment":[{"href":"https:\/\/anwalt.rocks\/arbeitsrecht\/wp-json\/wp\/v2\/media?parent=8091"}],"wp:term":[{"taxonomy":"category","embeddable":true,"href":"https:\/\/anwalt.rocks\/arbeitsrecht\/wp-json\/wp\/v2\/categories?post=8091"},{"taxonomy":"post_tag","embeddable":true,"href":"https:\/\/anwalt.rocks\/arbeitsrecht\/wp-json\/wp\/v2\/tags?post=8091"}],"curies":[{"name":"wp","href":"https:\/\/api.w.org\/{rel}","templated":true}]}}