{"id":8101,"date":"2025-01-10T02:58:12","date_gmt":"2025-01-10T01:58:12","guid":{"rendered":"https:\/\/anwalt.rocks\/arbeitsrecht\/freystadt\/"},"modified":"2025-01-10T02:58:12","modified_gmt":"2025-01-10T01:58:12","slug":"freystadt","status":"publish","type":"post","link":"https:\/\/anwalt.rocks\/arbeitsrecht\/freystadt\/","title":{"rendered":"Anwalt Freystadt in Sachen Arbeitsrecht."},"content":{"rendered":"<span class=\"span-reading-time rt-reading-time\" style=\"display: block;\"><span class=\"rt-label rt-prefix\">Lesedauer<\/span> <span class=\"rt-time\"> 3<\/span> <span class=\"rt-label rt-postfix\">Minuten<\/span><\/span><h2>Fachanwalt Dr. Schmelzer in Sachen Arbeits- und IT Recht Freystadt aber auch K\u00fcndigungsschutz.<\/h2>\n<p><a href=\"https:\/\/dr-schmelzer.eu\/arbeitsrecht\/\" target=\"_blank\" rel=\"noopener\"><img loading=\"lazy\" decoding=\"async\" src=\"https:\/\/anwalt.rocks\/bilder\/arbeitsrecht\/anwalt-arbeitsrecht-600x600.webp\" alt=\"Anwalt Freystadt in Sachen Arbeitsrecht.\" title=\"Anwalt Freystadt in Sachen Arbeitsrecht.\" width=\"600\" height=\"600\" \/><\/a> <\/p>\n<h3>Anwalt Arbeitsrecht Freystadt &#8211; Soziet\u00e4t Dr. Stephan Schmelzer.<\/h3>\n<p>Dr. Stephan Schmelzer ber\u00e4t Sie kompetent in allen Bereichen des Arbeitsrechts. Mit \u00fcber 25 Jahren Erfahrung und der Fachanwaltszulassung seit 2002 ist er auch \u00fcber Ahlen hinaus ein gefragter Experte. Seine Kanzlei steht seit mehr als 20 Jahren f\u00fcr professionelle Betreuung, individuelle L\u00f6sungen und juristische Qualit\u00e4t. Dr. Schmelzer vereint als Fachanwalt f\u00fcr Arbeits- und IT-Recht juristisches Know-how, das in der digitalen Arbeitswelt gefragt ist. &#8211; <a title=\"Anwalt Arbeitsrecht Regensburg\" href=\"https:\/\/anwalt.rocks\/arbeitsrecht\/regensburg\/\">Anwalt Arbeitsrecht Regensburg<\/a><\/p>\n<p><a href=\"https:\/\/dr-schmelzer.eu\/arbeitsrecht\/\" target=\"_blank\" rel=\"noopener\"><img loading=\"lazy\" decoding=\"async\" src=\"https:\/\/anwalt.rocks\/bilder\/arbeitsrecht\/rechtsanwalt-arbeitsrecht-600x600.webp\" alt=\"Anwalt Arbeitsrecht Freystadt\" title=\"Anwalt Arbeitsrecht Freystadt\" width=\"600\" height=\"600\" \/><\/a> <\/p>\n<h3>Soziet\u00e4t Dr. Stephan Schmelzer &#8211; Fachanwalt f\u00fcr Arbeitsrecht Freystadt.<\/h3>\n<p>W\u00e4hrend IT-Recht erg\u00e4nzend behandelt wird, ist das Arbeitsrecht \u2013 sowohl national als auch global \u2013 sein Schwerpunkt. Von Vertragsgestaltung bis K\u00fcndigungsschutz: Dr. Schmelzer bietet umfassende Beratung im Arbeitsrecht und ma\u00dfgeschneiderte Ans\u00e4tze. Mit \u00fcberragender Erfahrung und pers\u00f6nlicher Beratung hat er sich als f\u00fchrender Spezialist im Arbeitsrecht etabliert. &#8211; <a title=\"Anwalt Achern\" href=\"https:\/\/anwalt.rocks\/arbeitsrecht\/achern\/\">Anwalt Achern<\/a><\/p>\n<h3>Hohes Durchsetzungsverm\u00f6gen &#8211; Seit 1998 t\u00e4tig als Steuer- und Arbeitsrechtler Freystadt.<\/h3>\n<p>Die juristischen Aufgaben f\u00fcr Arbeitgeber umfassen heute Arbeitsvertragsgestaltung und komplexe Umstrukturierungen gleicherma\u00dfen. Dr. Schmelzer bietet Unternehmen praxistaugliche Beratung, um rechtliche Herausforderungen zu meistern und passgenaue L\u00f6sungen zu finden. Er deckt folgende Leistungsbereiche ab: &#8211; <a title=\"Anwalt Arbeitsrecht Engen\" href=\"https:\/\/anwalt.rocks\/arbeitsrecht\/engen\/\">Anwalt Arbeitsrecht Engen<\/a><\/p>\n<h3>Anwalt Arbeitsrecht Freystadt 46 gl\u00fcckliche Mandanten.<\/h3>\n<p>Erstellung rechtlich sicherer und gleichzeitig anpassbarer Arbeitsvertr\u00e4ge. Gestaltung flexibler und rechtssicherer Arbeitszeit- und Verg\u00fctungsmodelle, die die spezifischen Anforderungen des Unternehmens erf\u00fcllen. &#8211; <a title=\"Anwalt Arbeitsrecht Bramsche\" href=\"https:\/\/anwalt.rocks\/arbeitsrecht\/bramsche\/\">Anwalt Arbeitsrecht Bramsche<\/a><\/p>\n<h3>Darum f\u00e4llt die Entscheidung auf den kompetenten Anwalt Freystadt:<\/h3>\n<p>Unterst\u00fctzung bei der juristischen Absicherung und Vorbereitung von betriebs-, verhaltens- und personenbezogenen K\u00fcndigungen. Reduktion potenzieller rechtlicher Probleme und Unterst\u00fctzung im gesamten K\u00fcndigungsverfahren.<\/p>\n<h3>Juristisches Fachwissen aber auch durchsetzungsstark.<\/h3>\n<p>Rechtliche Beratung zur Rolle des Betriebsrats bei wesentlichen Entscheidungen. Unterst\u00fctzung bei der Gestaltung und Umsetzung von Betriebsvereinbarungen im Unternehmen. Planung und juristische Unterst\u00fctzung bei der Umsetzung von unternehmensweiten Restrukturierungen. Rechtsvertretung bei Gerichtsverfahren, einschlie\u00dflich K\u00fcndigungsschutzklagen, Entfristungsklagen und weiteren arbeitsrechtlichen Streitigkeiten. Konzentration auf eine zielorientierte und durchsetzungsstarke Wahrung unternehmerischer Rechte.<\/p>\n<h3>Anwalt Arbeitsrecht Freystadt &#8211; Fachanwalt Dr. Schmelzer.<\/h3>\n<p>Arbeitnehmer k\u00f6nnen die umfangreiche Erfahrung von Dr. Schmelzer ebenfalls nutzen. Besonders in Streitfragen erweist er sich als energischer Unterst\u00fctzer, der mit vollem Einsatz handelt. Die angebotenen Leistungen umfassen:<\/p>\n<p>Umfassender Rechtsbeistand bei K\u00fcndigungsschutzklagen und Vertretung in arbeitsgerichtlichen Verfahren. Verhandlungen \u00fcber Abfindungen und sonstige Ausgleichszahlungen. Umfassender Rechtsbeistand bei K\u00fcndigungsschutzklagen und Vertretung in arbeitsgerichtlichen Verfahren. Verhandlungen \u00fcber Abfindungen und sonstige Ausgleichszahlungen.<\/p>\n<p>Beratung zu Aufhebungsvertr\u00e4gen und Aushandlung angemessener Abfindungen. Hilfe bei der \u00dcberpr\u00fcfung und Korrektur von Arbeitszeugnissen auf inhaltliche Richtigkeit. Rechtsberatung und Prozessvertretung bei Zeugnisklagen zur Sicherung einer fairen Bewertung. Weniger Ausgaben Rechtliche Beratung und Unterst\u00fctzung bei ausstehenden Gehaltszahlungen. Prozessbegleitung bei Klagen \u00fcber ausstehendes Entgelt und \u00dcberstundenanspr\u00fcche. \u00dcberpr\u00fcfung von Abmahnungen und Erstellung von rechtlichen Abwehrstrategien.<\/p>\n<h4>Betreuung f\u00fcr Arbeitnehmer sowie Arbeitgeber f\u00fcr Anwalt Arbeitsrecht Freystadt.<\/h4>\n<p>Dr. Schmelzer hat sich auf Restrukturierung und die L\u00f6sung von Konflikten spezialisiert. Die Unterst\u00fctzung von Unternehmen w\u00e4hrend Restrukturierungen ist eine besondere St\u00e4rke von Dr. Schmelzer. Gefragt sind rechtliches Wissen, geschickte Verhandlungsf\u00e4higkeiten und \u00f6konomische Expertise.<\/p>\n<p>Anwalt Freystadt Zusammenfassung: Mit umfangreicher Expertise begleitet Dr. Schmelzer Unternehmen bei der Umsetzung von Sozialpl\u00e4nen und Interessenausgleichen. Es wird darauf hingearbeitet, eine tragf\u00e4hige L\u00f6sung f\u00fcr alle Beteiligten zu finden. Dr. Schmelzer \u00fcberzeugt durch fundiertes Fachwissen und strategisches Geschick in Verhandlungen mit Betriebsr\u00e4ten und Gewerkschaften.<\/p>\n<p>Jeder Fall ist f\u00fcr den Fachanwalt f\u00fcr Arbeitsrecht eine frische Herausforderung, die intensive Beachtung verdient. F\u00fcr Dr. Schmelzer steht die Zufriedenheit seiner Mandanten im Mittelpunkt, sei es durch Verhandlungen oder durch gerichtliche Vertretung. F\u00fcr ihn sind Offenheit und eine enge Abstimmung mit seinen Mandanten ein wesentlicher Bestandteil seiner Arbeit. F\u00fcr Dr. Schmelzer ist es von gr\u00f6\u00dfter Bedeutung, dass seine Mandanten zufrieden sind. Dies kommt in seiner erfolgreichen Arbeit und den lobenden R\u00fcckmeldungen seiner Mandanten deutlich zum Ausdruck. Dr. Stephan Schmelzer ist ein erfahrener Partner, der Arbeitnehmer und Arbeitgeber mit umfassendem Know-how und pers\u00f6nlicher Hingabe begleitet.<\/p>\n<article class=\"contact contact-list post-2625 profile type-profile status-publish has-post-thumbnail hentry\" data-contact=\"2625\">\n    \n    <div class=\"media\">\n        <div class=\"media-left\">\n            <a  href=\"#\" data-toggle=\"modal\" data-target=\"#ContactModal\"  title=\"Melanie R., 28 Jahre, aus Dortmund jetzt Kontakt aufnehmen!\">\n                <img loading=\"lazy\" decoding=\"async\" width=\"500\" height=\"500\" src=\"https:\/\/anwalt.rocks\/arbeitsrecht\/wp-content\/uploads\/sites\/2\/2025\/01\/meinung-09.jpg\" class=\"contact-image media-object wp-post-image\" alt=\"Melanie R., 28 Jahre, aus Dortmund\" srcset=\"https:\/\/anwalt.rocks\/arbeitsrecht\/wp-content\/uploads\/sites\/2\/2025\/01\/meinung-09.jpg 500w, https:\/\/anwalt.rocks\/arbeitsrecht\/wp-content\/uploads\/sites\/2\/2025\/01\/meinung-09-300x300.jpg 300w, https:\/\/anwalt.rocks\/arbeitsrecht\/wp-content\/uploads\/sites\/2\/2025\/01\/meinung-09-150x150.jpg 150w\" sizes=\"auto, (max-width: 500px) 100vw, 500px\" \/>            <\/a>\n        <\/div>\n\n        <div class=\"media-body\">\n                        <p class=\"h2 media-heading\">\n                <a  href=\"#\" data-toggle=\"modal\" data-target=\"#ContactModal\"  title=\"Melanie R., 28 Jahre, aus Dortmund jetzt Kontakt aufnehmen!\">\n                    <span class=\"contact-name\">Melanie R., 28 Jahre, aus Dortmund<\/span>\n                <\/a>\n\n                <span class=\"contact-text\"><\/span> <span class=\"contact-city\"><a href=\"https:\/\/anwalt.rocks\/arbeitsrecht\/region\/rausdorf-kreis-stormarn\/\">Anwalt Arbeitsrecht Rausdorf Kreis Stormarn<\/a><\/span>            <\/p>\n\n            <div class=\"quote\"><p>Ich hatte Angst, meinen Job zu verlieren, weil mein Arbeitgeber mich nach meiner Schwangerschaft anders behandeln wollte. Zum Gl\u00fcck wandte ich mich an Rechtsanwalt Schmelzer. Er hat mich nicht nur \u00fcber meine Rechte aufgekl\u00e4rt, sondern auch sehr erfolgreich verhandelt. Jetzt &hellip;<\/p><\/div>\n            <a class=\"btn btn-cta\"  href=\"#\" data-toggle=\"modal\" data-target=\"#ContactModal\"  title=\"Melanie R., 28 Jahre, aus Dortmund jetzt Kontakt aufnehmen!\">\n                Nachricht senden            <\/a>\n        <\/div>\n    <\/div>\n<\/article><article class=\"contact contact-list post-2643 profile type-profile status-publish has-post-thumbnail hentry\" data-contact=\"2643\">\n    \n    <div class=\"media\">\n        <div class=\"media-left\">\n            <a  href=\"#\" data-toggle=\"modal\" data-target=\"#ContactModal\"  title=\"Marco R. jetzt Kontakt aufnehmen!\">\n                <img loading=\"lazy\" decoding=\"async\" width=\"500\" height=\"500\" src=\"https:\/\/anwalt.rocks\/arbeitsrecht\/wp-content\/uploads\/sites\/2\/2025\/01\/meinung-15.jpg\" class=\"contact-image media-object wp-post-image\" alt=\"Marco R.\" srcset=\"https:\/\/anwalt.rocks\/arbeitsrecht\/wp-content\/uploads\/sites\/2\/2025\/01\/meinung-15.jpg 500w, https:\/\/anwalt.rocks\/arbeitsrecht\/wp-content\/uploads\/sites\/2\/2025\/01\/meinung-15-300x300.jpg 300w, https:\/\/anwalt.rocks\/arbeitsrecht\/wp-content\/uploads\/sites\/2\/2025\/01\/meinung-15-150x150.jpg 150w\" sizes=\"auto, (max-width: 500px) 100vw, 500px\" \/>            <\/a>\n        <\/div>\n\n        <div class=\"media-body\">\n                        <p class=\"h2 media-heading\">\n                <a  href=\"#\" data-toggle=\"modal\" data-target=\"#ContactModal\"  title=\"Marco R. jetzt Kontakt aufnehmen!\">\n                    <span class=\"contact-name\">Marco R.<\/span>\n                <\/a>\n\n                <span class=\"contact-text\"><\/span> <span class=\"contact-city\"><a href=\"https:\/\/anwalt.rocks\/arbeitsrecht\/region\/wackersberg-bei-bad-toelz\/\">Anwalt Arbeitsrecht Wackersberg bei Bad T\u00f6lz<\/a><\/span>            <\/p>\n\n            <div class=\"quote\"><p>Ich hatte ein Problem mit einer unwirksamen Befristung in meinem Arbeitsvertrag. RA Schmelzer hat den Fall \u00fcbernommen und konnte schnell eine Festanstellung f\u00fcr mich aushandeln. Seine Fachkenntnisse und seine freundliche Art haben mich sehr \u00fcberzeugt. Ich kann ihn nur w\u00e4rmstens &hellip;<\/p><\/div>\n            <a class=\"btn btn-cta\"  href=\"#\" data-toggle=\"modal\" data-target=\"#ContactModal\"  title=\"Marco R. jetzt Kontakt aufnehmen!\">\n                Nachricht senden            <\/a>\n        <\/div>\n    <\/div>\n<\/article><article class=\"contact contact-list post-2612 profile type-profile status-publish has-post-thumbnail hentry\" data-contact=\"2612\">\n    \n    <div class=\"media\">\n        <div class=\"media-left\">\n            <a  href=\"#\" data-toggle=\"modal\" data-target=\"#ContactModal\"  title=\"Clara M., 32 Jahre, aus Leipzig jetzt Kontakt aufnehmen!\">\n                <img loading=\"lazy\" decoding=\"async\" width=\"500\" height=\"500\" src=\"https:\/\/anwalt.rocks\/arbeitsrecht\/wp-content\/uploads\/sites\/2\/2025\/01\/meinung-05.jpg\" class=\"contact-image media-object wp-post-image\" alt=\"Clara M., 32 Jahre, aus Leipzig\" srcset=\"https:\/\/anwalt.rocks\/arbeitsrecht\/wp-content\/uploads\/sites\/2\/2025\/01\/meinung-05.jpg 500w, https:\/\/anwalt.rocks\/arbeitsrecht\/wp-content\/uploads\/sites\/2\/2025\/01\/meinung-05-300x300.jpg 300w, https:\/\/anwalt.rocks\/arbeitsrecht\/wp-content\/uploads\/sites\/2\/2025\/01\/meinung-05-150x150.jpg 150w\" sizes=\"auto, (max-width: 500px) 100vw, 500px\" \/>            <\/a>\n        <\/div>\n\n        <div class=\"media-body\">\n                        <p class=\"h2 media-heading\">\n                <a  href=\"#\" data-toggle=\"modal\" data-target=\"#ContactModal\"  title=\"Clara M., 32 Jahre, aus Leipzig jetzt Kontakt aufnehmen!\">\n                    <span class=\"contact-name\">Clara M., 32 Jahre, aus Leipzig<\/span>\n                <\/a>\n\n                <span class=\"contact-text\"><\/span> <span class=\"contact-city\"><a href=\"https:\/\/anwalt.rocks\/arbeitsrecht\/region\/bad-lauterberg-im-harz\/\">Anwalt Arbeitsrecht Bad Lauterberg im Harz<\/a><\/span>            <\/p>\n\n            <div class=\"quote\"><p>Als ich pl\u00f6tzlich eine Abmahnung wegen angeblicher Unp\u00fcnktlichkeit erhielt, war ich geschockt. Das stimmte \u00fcberhaupt nicht! Dr. Schmelzer wurde mir von einem Kollegen empfohlen, und ich war sofort begeistert von seiner Expertise. Er konnte die Abmahnung erfolgreich aus meiner Personalakte &hellip;<\/p><\/div>\n            <a class=\"btn btn-cta\"  href=\"#\" data-toggle=\"modal\" data-target=\"#ContactModal\"  title=\"Clara M., 32 Jahre, aus Leipzig jetzt Kontakt aufnehmen!\">\n                Nachricht senden            <\/a>\n        <\/div>\n    <\/div>\n<\/article><article class=\"contact contact-list post-2619 profile type-profile status-publish has-post-thumbnail hentry\" data-contact=\"2619\">\n    \n    <div class=\"media\">\n        <div class=\"media-left\">\n            <a  href=\"#\" data-toggle=\"modal\" data-target=\"#ContactModal\"  title=\"Kathrin S., 37 Jahre, aus K\u00f6ln jetzt Kontakt aufnehmen!\">\n                <img loading=\"lazy\" decoding=\"async\" width=\"500\" height=\"500\" src=\"https:\/\/anwalt.rocks\/arbeitsrecht\/wp-content\/uploads\/sites\/2\/2025\/01\/meinung-07.jpg\" class=\"contact-image media-object wp-post-image\" alt=\"Kathrin S., 37 Jahre, aus K\u00f6ln\" srcset=\"https:\/\/anwalt.rocks\/arbeitsrecht\/wp-content\/uploads\/sites\/2\/2025\/01\/meinung-07.jpg 500w, https:\/\/anwalt.rocks\/arbeitsrecht\/wp-content\/uploads\/sites\/2\/2025\/01\/meinung-07-300x300.jpg 300w, https:\/\/anwalt.rocks\/arbeitsrecht\/wp-content\/uploads\/sites\/2\/2025\/01\/meinung-07-150x150.jpg 150w\" sizes=\"auto, (max-width: 500px) 100vw, 500px\" \/>            <\/a>\n        <\/div>\n\n        <div class=\"media-body\">\n                        <p class=\"h2 media-heading\">\n                <a  href=\"#\" data-toggle=\"modal\" data-target=\"#ContactModal\"  title=\"Kathrin S., 37 Jahre, aus K\u00f6ln jetzt Kontakt aufnehmen!\">\n                    <span class=\"contact-name\">Kathrin S., 37 Jahre, aus K\u00f6ln<\/span>\n                <\/a>\n\n                <span class=\"contact-text\"><\/span> <span class=\"contact-city\"><a href=\"https:\/\/anwalt.rocks\/arbeitsrecht\/region\/heubach-wuerttemberg\/\">Anwalt Arbeitsrecht Heubach W\u00fcrttemberg<\/a><\/span>            <\/p>\n\n            <div class=\"quote\"><p>Nachdem ich \u00fcber viele Jahre hinweg \u00dcberstunden gemacht hatte, wollte ich endlich eine faire Bezahlung daf\u00fcr. Mein Arbeitgeber stellte sich quer, doch Herr Dr. Schmelzer konnte meine Anspr\u00fcche durchsetzen. Er ging sehr strukturiert vor und erkl\u00e4rte mir alles in Ruhe. &hellip;<\/p><\/div>\n            <a class=\"btn btn-cta\"  href=\"#\" data-toggle=\"modal\" data-target=\"#ContactModal\"  title=\"Kathrin S., 37 Jahre, aus K\u00f6ln jetzt Kontakt aufnehmen!\">\n                Nachricht senden            <\/a>\n        <\/div>\n    <\/div>\n<\/article><article class=\"contact contact-list post-2655 profile type-profile status-publish has-post-thumbnail hentry\" data-contact=\"2655\">\n    \n    <div class=\"media\">\n        <div class=\"media-left\">\n            <a  href=\"#\" data-toggle=\"modal\" data-target=\"#ContactModal\"  title=\"Gustav G. jetzt Kontakt aufnehmen!\">\n                <img loading=\"lazy\" decoding=\"async\" width=\"500\" height=\"500\" src=\"https:\/\/anwalt.rocks\/arbeitsrecht\/wp-content\/uploads\/sites\/2\/2025\/01\/meinung-19.jpg\" class=\"contact-image media-object wp-post-image\" alt=\"Gustav G.\" srcset=\"https:\/\/anwalt.rocks\/arbeitsrecht\/wp-content\/uploads\/sites\/2\/2025\/01\/meinung-19.jpg 500w, https:\/\/anwalt.rocks\/arbeitsrecht\/wp-content\/uploads\/sites\/2\/2025\/01\/meinung-19-300x300.jpg 300w, https:\/\/anwalt.rocks\/arbeitsrecht\/wp-content\/uploads\/sites\/2\/2025\/01\/meinung-19-150x150.jpg 150w\" sizes=\"auto, (max-width: 500px) 100vw, 500px\" \/>            <\/a>\n        <\/div>\n\n        <div class=\"media-body\">\n                        <p class=\"h2 media-heading\">\n                <a  href=\"#\" data-toggle=\"modal\" data-target=\"#ContactModal\"  title=\"Gustav G. jetzt Kontakt aufnehmen!\">\n                    <span class=\"contact-name\">Gustav G.<\/span>\n                <\/a>\n\n                <span class=\"contact-text\"><\/span> <span class=\"contact-city\"><a href=\"https:\/\/anwalt.rocks\/arbeitsrecht\/region\/vorbeck-bei-buetzow\/\">Anwalt Arbeitsrecht Vorbeck bei B\u00fctzow<\/a><\/span>            <\/p>\n\n            <div class=\"quote\"><p>Dieser Anwalt hat mir geholfen, als mein Arbeitgeber mich wegen angeblicher Fehlleistungen abmahnen wollte. Er konnte die Abmahnung erfolgreich anfechten und hat mir meine Rechte ausf\u00fchrlich erkl\u00e4rt. Ich bin sehr dankbar f\u00fcr seine Unterst\u00fctzung und w\u00fcrde ihn immer wieder kontaktieren.&hellip;<\/p><\/div>\n            <a class=\"btn btn-cta\"  href=\"#\" data-toggle=\"modal\" data-target=\"#ContactModal\"  title=\"Gustav G. jetzt Kontakt aufnehmen!\">\n                Nachricht senden            <\/a>\n        <\/div>\n    <\/div>\n<\/article>\n<div class=\"blogposts\"><ul><li><a href=\"https:\/\/anwalt.rocks\/arbeitsrecht\/lancy\/\" title=\"Anwalt Arbeitsrecht Lancy &#8211; Sandra hat Erfolg.\">Anwalt Arbeitsrecht Lancy &#8211; Sandra hat Erfolg.<\/a><\/li><li><a href=\"https:\/\/anwalt.rocks\/arbeitsrecht\/wallis\/\" title=\"Anwalt Wallis Arbeitsrecht Betreuung f\u00fcr Arbeitgeber sowie Arbeitnehmer.\">Anwalt Wallis Arbeitsrecht Betreuung f\u00fcr Arbeitgeber sowie Arbeitnehmer.<\/a><\/li><li><a href=\"https:\/\/anwalt.rocks\/arbeitsrecht\/grevenbroich\/\" title=\"Anwalt Arbeitsrecht Grevenbroich &#8211; Schon mehr als 38 gl\u00fcckliche Mandanten.\">Anwalt Arbeitsrecht Grevenbroich &#8211; Schon mehr als 38 gl\u00fcckliche Mandanten.<\/a><\/li><li><a href=\"https:\/\/anwalt.rocks\/arbeitsrecht\/ferlach\/\" title=\"Anwalt Arbeitsrecht Ferlach &#8211; Erika hat Erfolg.\">Anwalt Arbeitsrecht Ferlach &#8211; Erika hat Erfolg.<\/a><\/li><li><a href=\"https:\/\/anwalt.rocks\/arbeitsrecht\/falkenstein\/\" title=\"Anwalt Arbeitsrecht Falkenstein &#8211; Christa gewinnt den Fall.\">Anwalt Arbeitsrecht Falkenstein &#8211; Christa gewinnt den Fall.<\/a><\/li><li><a href=\"https:\/\/anwalt.rocks\/arbeitsrecht\/korschenbroich\/\" title=\"Anwalt Korschenbroich bzgl. Arbeitsrecht.\">Anwalt Korschenbroich bzgl. Arbeitsrecht.<\/a><\/li><li><a href=\"https:\/\/anwalt.rocks\/arbeitsrecht\/neckargemuend\/\" title=\"Rechtsanwalt Neckargem\u00fcnd Fachanwalt f\u00fcr Arbeits- und IT Recht.\">Rechtsanwalt Neckargem\u00fcnd Fachanwalt f\u00fcr Arbeits- und IT Recht.<\/a><\/li><\/ul><\/div>\n","protected":false},"excerpt":{"rendered":"<h2>Anwalt Neckargem\u00fcnd &#8211; klasse Triumph seitens der Kanzlei Dr. Stephan Schmelzer im Hinblick auf Leiharbeit und Werkvertrag.<\/h2>\n<p><a href=\"https:\/\/dr-schmelzer.eu\/arbeitsrecht\/\" target=\"_blank\" rel=\"noopener\"><img loading=\"lazy\" decoding=\"async\" src=\"https:\/\/anwalt.rocks\/bilder\/arbeitsrecht\/anwalt-arbeitsrecht-600x600.webp\" alt=\"Rechtsanwalt Neckargem\u00fcnd Fachanwalt f\u00fcr Arbeits- und IT Recht.\" title=\"Rechtsanwalt Neckargem\u00fcnd Fachanwalt f\u00fcr Arbeits- und IT Recht.\" width=\"600\" height=\"600\" \/><\/a> <\/p>\n<h3>Fachanwalt Arbeitsrecht und IT Recht Neckargem\u00fcnd &#8211; Soziet\u00e4t Dr. Stephan Schmelzer.<\/h3>\n<p>Wenn es um Arbeitsrecht geht, ist Dr. Stephan Schmelzer der ideale Ansprechpartner. &hellip;<\/p>","protected":false},"author":1,"featured_media":0,"comment_status":"closed","ping_status":"open","sticky":false,"template":"","format":"standard","meta":{"footnotes":""},"categories":[3],"tags":[],"class_list":["post-8101","post","type-post","status-publish","format-standard","hentry","category-fachanwalt"],"yoast_head":"<!-- This site is optimized with the Yoast SEO Premium plugin v27.1 (Yoast SEO v27.2) - https:\/\/yoast.com\/product\/yoast-seo-premium-wordpress\/ -->\n<title>Anwalt Freystadt in Sachen Arbeitsrecht.<\/title>\n<meta name=\"robots\" content=\"index, follow, max-snippet:-1, max-image-preview:large, max-video-preview:-1\" \/>\n<link rel=\"canonical\" href=\"https:\/\/anwalt.rocks\/arbeitsrecht\/freystadt\/\" \/>\n<meta property=\"og:locale\" content=\"de_DE\" \/>\n<meta property=\"og:type\" content=\"article\" \/>\n<meta property=\"og:title\" content=\"Anwalt Freystadt in Sachen Arbeitsrecht.\" \/>\n<meta property=\"og:description\" content=\"Anwalt Neckargem\u00fcnd &#8211; klasse Triumph seitens der Kanzlei Dr. Stephan Schmelzer im Hinblick auf Leiharbeit und Werkvertrag.  Fachanwalt Arbeitsrecht und IT Recht Neckargem\u00fcnd &#8211; Soziet\u00e4t Dr. Stephan Schmelzer. Wenn es um Arbeitsrecht geht, ist Dr. Stephan Schmelzer der ideale Ansprechpartner. &hellip;\" \/>\n<meta property=\"og:url\" content=\"https:\/\/anwalt.rocks\/arbeitsrecht\/freystadt\/\" \/>\n<meta property=\"og:site_name\" content=\"Anwalt Arbeitsrecht in der N\u00e4he - Dr. Schmelzer\" \/>\n<meta property=\"article:published_time\" content=\"2025-01-10T01:58:12+00:00\" \/>\n<meta property=\"og:image\" content=\"https:\/\/anwalt.rocks\/bilder\/arbeitsrecht\/anwalt-arbeitsrecht-600x600.webp\" \/>\n<meta name=\"author\" content=\"admin\" \/>\n<meta name=\"twitter:card\" content=\"summary_large_image\" \/>\n<meta name=\"twitter:label1\" content=\"Verfasst von\" \/>\n\t<meta name=\"twitter:data1\" content=\"admin\" \/>\n\t<meta name=\"twitter:label2\" content=\"Gesch\u00e4tzte Lesezeit\" \/>\n\t<meta name=\"twitter:data2\" content=\"3\u00a0Minuten\" \/>\n<script type=\"application\/ld+json\" class=\"yoast-schema-graph\">{\"@context\":\"https:\/\/schema.org\",\"@graph\":[{\"@type\":\"Article\",\"@id\":\"https:\/\/anwalt.rocks\/arbeitsrecht\/freystadt\/#article\",\"isPartOf\":{\"@id\":\"https:\/\/anwalt.rocks\/arbeitsrecht\/freystadt\/\"},\"author\":{\"name\":\"admin\",\"@id\":\"https:\/\/anwalt.rocks\/arbeitsrecht\/#\/schema\/person\/3fd3b0fc4df170bb2460fbc934288e39\"},\"headline\":\"Anwalt Freystadt in Sachen Arbeitsrecht.\",\"datePublished\":\"2025-01-10T01:58:12+00:00\",\"mainEntityOfPage\":{\"@id\":\"https:\/\/anwalt.rocks\/arbeitsrecht\/freystadt\/\"},\"wordCount\":689,\"publisher\":{\"@id\":\"https:\/\/anwalt.rocks\/arbeitsrecht\/#organization\"},\"image\":{\"@id\":\"https:\/\/anwalt.rocks\/arbeitsrecht\/freystadt\/#primaryimage\"},\"thumbnailUrl\":\"https:\/\/anwalt.rocks\/bilder\/arbeitsrecht\/anwalt-arbeitsrecht-600x600.webp\",\"articleSection\":[\"Fachanwalt\"],\"inLanguage\":\"de\"},{\"@type\":\"WebPage\",\"@id\":\"https:\/\/anwalt.rocks\/arbeitsrecht\/freystadt\/\",\"url\":\"https:\/\/anwalt.rocks\/arbeitsrecht\/freystadt\/\",\"name\":\"Anwalt Freystadt in Sachen Arbeitsrecht.\",\"isPartOf\":{\"@id\":\"https:\/\/anwalt.rocks\/arbeitsrecht\/#website\"},\"primaryImageOfPage\":{\"@id\":\"https:\/\/anwalt.rocks\/arbeitsrecht\/freystadt\/#primaryimage\"},\"image\":{\"@id\":\"https:\/\/anwalt.rocks\/arbeitsrecht\/freystadt\/#primaryimage\"},\"thumbnailUrl\":\"https:\/\/anwalt.rocks\/bilder\/arbeitsrecht\/anwalt-arbeitsrecht-600x600.webp\",\"datePublished\":\"2025-01-10T01:58:12+00:00\",\"breadcrumb\":{\"@id\":\"https:\/\/anwalt.rocks\/arbeitsrecht\/freystadt\/#breadcrumb\"},\"inLanguage\":\"de\",\"potentialAction\":[{\"@type\":\"ReadAction\",\"target\":[\"https:\/\/anwalt.rocks\/arbeitsrecht\/freystadt\/\"]}]},{\"@type\":\"ImageObject\",\"inLanguage\":\"de\",\"@id\":\"https:\/\/anwalt.rocks\/arbeitsrecht\/freystadt\/#primaryimage\",\"url\":\"https:\/\/anwalt.rocks\/bilder\/arbeitsrecht\/anwalt-arbeitsrecht-600x600.webp\",\"contentUrl\":\"https:\/\/anwalt.rocks\/bilder\/arbeitsrecht\/anwalt-arbeitsrecht-600x600.webp\"},{\"@type\":\"BreadcrumbList\",\"@id\":\"https:\/\/anwalt.rocks\/arbeitsrecht\/freystadt\/#breadcrumb\",\"itemListElement\":[{\"@type\":\"ListItem\",\"position\":1,\"name\":\"Start\",\"item\":\"https:\/\/anwalt.rocks\/arbeitsrecht\/\"},{\"@type\":\"ListItem\",\"position\":2,\"name\":\"Anwalt Freystadt in Sachen Arbeitsrecht.\"}]},{\"@type\":\"WebSite\",\"@id\":\"https:\/\/anwalt.rocks\/arbeitsrecht\/#website\",\"url\":\"https:\/\/anwalt.rocks\/arbeitsrecht\/\",\"name\":\"Anwalt Arbeitsrecht in der N\u00e4he - Dr. Schmelzer\",\"description\":\"Kompetenzen und Vorteile von Dr. Stephan Schmelzer \u2013 Anwalt und Fachanwalt f\u00fcr Arbeitsrecht mit 25 j\u00e4hriger Berufspraxis.\",\"publisher\":{\"@id\":\"https:\/\/anwalt.rocks\/arbeitsrecht\/#organization\"},\"potentialAction\":[{\"@type\":\"SearchAction\",\"target\":{\"@type\":\"EntryPoint\",\"urlTemplate\":\"https:\/\/anwalt.rocks\/arbeitsrecht\/?s={search_term_string}\"},\"query-input\":{\"@type\":\"PropertyValueSpecification\",\"valueRequired\":true,\"valueName\":\"search_term_string\"}}],\"inLanguage\":\"de\"},{\"@type\":\"Organization\",\"@id\":\"https:\/\/anwalt.rocks\/arbeitsrecht\/#organization\",\"name\":\"Kanzlei Dr. Schmelzer\",\"url\":\"https:\/\/anwalt.rocks\/arbeitsrecht\/\",\"logo\":{\"@type\":\"ImageObject\",\"inLanguage\":\"de\",\"@id\":\"https:\/\/anwalt.rocks\/arbeitsrecht\/#\/schema\/logo\/image\/\",\"url\":\"https:\/\/anwalt.rocks\/arbeitsrecht\/wp-content\/uploads\/sites\/2\/2025\/01\/anwalt-arbeitsrecht-logo.png\",\"contentUrl\":\"https:\/\/anwalt.rocks\/arbeitsrecht\/wp-content\/uploads\/sites\/2\/2025\/01\/anwalt-arbeitsrecht-logo.png\",\"width\":450,\"height\":150,\"caption\":\"Kanzlei Dr. Schmelzer\"},\"image\":{\"@id\":\"https:\/\/anwalt.rocks\/arbeitsrecht\/#\/schema\/logo\/image\/\"}},{\"@type\":\"Person\",\"@id\":\"https:\/\/anwalt.rocks\/arbeitsrecht\/#\/schema\/person\/3fd3b0fc4df170bb2460fbc934288e39\",\"name\":\"admin\",\"image\":{\"@type\":\"ImageObject\",\"inLanguage\":\"de\",\"@id\":\"https:\/\/secure.gravatar.com\/avatar\/2a567a722e62dc61f1aaa46c6b595fa617f2003443806e3422a8fed77c029cfc?s=96&d=mm&r=g\",\"url\":\"https:\/\/secure.gravatar.com\/avatar\/2a567a722e62dc61f1aaa46c6b595fa617f2003443806e3422a8fed77c029cfc?s=96&d=mm&r=g\",\"contentUrl\":\"https:\/\/secure.gravatar.com\/avatar\/2a567a722e62dc61f1aaa46c6b595fa617f2003443806e3422a8fed77c029cfc?s=96&d=mm&r=g\",\"caption\":\"admin\"},\"sameAs\":[\"https:\/\/anwalt.rocks\"],\"url\":\"https:\/\/anwalt.rocks\/arbeitsrecht\/author\/admin\/\"}]}<\/script>\n<!-- \/ Yoast SEO Premium plugin. -->","yoast_head_json":{"title":"Anwalt Freystadt in Sachen Arbeitsrecht.","robots":{"index":"index","follow":"follow","max-snippet":"max-snippet:-1","max-image-preview":"max-image-preview:large","max-video-preview":"max-video-preview:-1"},"canonical":"https:\/\/anwalt.rocks\/arbeitsrecht\/freystadt\/","og_locale":"de_DE","og_type":"article","og_title":"Anwalt Freystadt in Sachen Arbeitsrecht.","og_description":"Anwalt Neckargem\u00fcnd &#8211; klasse Triumph seitens der Kanzlei Dr. Stephan Schmelzer im Hinblick auf Leiharbeit und Werkvertrag.  Fachanwalt Arbeitsrecht und IT Recht Neckargem\u00fcnd &#8211; Soziet\u00e4t Dr. Stephan Schmelzer. Wenn es um Arbeitsrecht geht, ist Dr. Stephan Schmelzer der ideale Ansprechpartner. &hellip;","og_url":"https:\/\/anwalt.rocks\/arbeitsrecht\/freystadt\/","og_site_name":"Anwalt Arbeitsrecht in der N\u00e4he - Dr. Schmelzer","article_published_time":"2025-01-10T01:58:12+00:00","og_image":[{"url":"https:\/\/anwalt.rocks\/bilder\/arbeitsrecht\/anwalt-arbeitsrecht-600x600.webp","type":"","width":"","height":""}],"author":"admin","twitter_card":"summary_large_image","twitter_misc":{"Verfasst von":"admin","Gesch\u00e4tzte Lesezeit":"3\u00a0Minuten"},"schema":{"@context":"https:\/\/schema.org","@graph":[{"@type":"Article","@id":"https:\/\/anwalt.rocks\/arbeitsrecht\/freystadt\/#article","isPartOf":{"@id":"https:\/\/anwalt.rocks\/arbeitsrecht\/freystadt\/"},"author":{"name":"admin","@id":"https:\/\/anwalt.rocks\/arbeitsrecht\/#\/schema\/person\/3fd3b0fc4df170bb2460fbc934288e39"},"headline":"Anwalt Freystadt in Sachen Arbeitsrecht.","datePublished":"2025-01-10T01:58:12+00:00","mainEntityOfPage":{"@id":"https:\/\/anwalt.rocks\/arbeitsrecht\/freystadt\/"},"wordCount":689,"publisher":{"@id":"https:\/\/anwalt.rocks\/arbeitsrecht\/#organization"},"image":{"@id":"https:\/\/anwalt.rocks\/arbeitsrecht\/freystadt\/#primaryimage"},"thumbnailUrl":"https:\/\/anwalt.rocks\/bilder\/arbeitsrecht\/anwalt-arbeitsrecht-600x600.webp","articleSection":["Fachanwalt"],"inLanguage":"de"},{"@type":"WebPage","@id":"https:\/\/anwalt.rocks\/arbeitsrecht\/freystadt\/","url":"https:\/\/anwalt.rocks\/arbeitsrecht\/freystadt\/","name":"Anwalt Freystadt in Sachen Arbeitsrecht.","isPartOf":{"@id":"https:\/\/anwalt.rocks\/arbeitsrecht\/#website"},"primaryImageOfPage":{"@id":"https:\/\/anwalt.rocks\/arbeitsrecht\/freystadt\/#primaryimage"},"image":{"@id":"https:\/\/anwalt.rocks\/arbeitsrecht\/freystadt\/#primaryimage"},"thumbnailUrl":"https:\/\/anwalt.rocks\/bilder\/arbeitsrecht\/anwalt-arbeitsrecht-600x600.webp","datePublished":"2025-01-10T01:58:12+00:00","breadcrumb":{"@id":"https:\/\/anwalt.rocks\/arbeitsrecht\/freystadt\/#breadcrumb"},"inLanguage":"de","potentialAction":[{"@type":"ReadAction","target":["https:\/\/anwalt.rocks\/arbeitsrecht\/freystadt\/"]}]},{"@type":"ImageObject","inLanguage":"de","@id":"https:\/\/anwalt.rocks\/arbeitsrecht\/freystadt\/#primaryimage","url":"https:\/\/anwalt.rocks\/bilder\/arbeitsrecht\/anwalt-arbeitsrecht-600x600.webp","contentUrl":"https:\/\/anwalt.rocks\/bilder\/arbeitsrecht\/anwalt-arbeitsrecht-600x600.webp"},{"@type":"BreadcrumbList","@id":"https:\/\/anwalt.rocks\/arbeitsrecht\/freystadt\/#breadcrumb","itemListElement":[{"@type":"ListItem","position":1,"name":"Start","item":"https:\/\/anwalt.rocks\/arbeitsrecht\/"},{"@type":"ListItem","position":2,"name":"Anwalt Freystadt in Sachen Arbeitsrecht."}]},{"@type":"WebSite","@id":"https:\/\/anwalt.rocks\/arbeitsrecht\/#website","url":"https:\/\/anwalt.rocks\/arbeitsrecht\/","name":"Anwalt Arbeitsrecht in der N\u00e4he - Dr. Schmelzer","description":"Kompetenzen und Vorteile von Dr. Stephan Schmelzer \u2013 Anwalt und Fachanwalt f\u00fcr Arbeitsrecht mit 25 j\u00e4hriger Berufspraxis.","publisher":{"@id":"https:\/\/anwalt.rocks\/arbeitsrecht\/#organization"},"potentialAction":[{"@type":"SearchAction","target":{"@type":"EntryPoint","urlTemplate":"https:\/\/anwalt.rocks\/arbeitsrecht\/?s={search_term_string}"},"query-input":{"@type":"PropertyValueSpecification","valueRequired":true,"valueName":"search_term_string"}}],"inLanguage":"de"},{"@type":"Organization","@id":"https:\/\/anwalt.rocks\/arbeitsrecht\/#organization","name":"Kanzlei Dr. Schmelzer","url":"https:\/\/anwalt.rocks\/arbeitsrecht\/","logo":{"@type":"ImageObject","inLanguage":"de","@id":"https:\/\/anwalt.rocks\/arbeitsrecht\/#\/schema\/logo\/image\/","url":"https:\/\/anwalt.rocks\/arbeitsrecht\/wp-content\/uploads\/sites\/2\/2025\/01\/anwalt-arbeitsrecht-logo.png","contentUrl":"https:\/\/anwalt.rocks\/arbeitsrecht\/wp-content\/uploads\/sites\/2\/2025\/01\/anwalt-arbeitsrecht-logo.png","width":450,"height":150,"caption":"Kanzlei Dr. Schmelzer"},"image":{"@id":"https:\/\/anwalt.rocks\/arbeitsrecht\/#\/schema\/logo\/image\/"}},{"@type":"Person","@id":"https:\/\/anwalt.rocks\/arbeitsrecht\/#\/schema\/person\/3fd3b0fc4df170bb2460fbc934288e39","name":"admin","image":{"@type":"ImageObject","inLanguage":"de","@id":"https:\/\/secure.gravatar.com\/avatar\/2a567a722e62dc61f1aaa46c6b595fa617f2003443806e3422a8fed77c029cfc?s=96&d=mm&r=g","url":"https:\/\/secure.gravatar.com\/avatar\/2a567a722e62dc61f1aaa46c6b595fa617f2003443806e3422a8fed77c029cfc?s=96&d=mm&r=g","contentUrl":"https:\/\/secure.gravatar.com\/avatar\/2a567a722e62dc61f1aaa46c6b595fa617f2003443806e3422a8fed77c029cfc?s=96&d=mm&r=g","caption":"admin"},"sameAs":["https:\/\/anwalt.rocks"],"url":"https:\/\/anwalt.rocks\/arbeitsrecht\/author\/admin\/"}]}},"_links":{"self":[{"href":"https:\/\/anwalt.rocks\/arbeitsrecht\/wp-json\/wp\/v2\/posts\/8101","targetHints":{"allow":["GET"]}}],"collection":[{"href":"https:\/\/anwalt.rocks\/arbeitsrecht\/wp-json\/wp\/v2\/posts"}],"about":[{"href":"https:\/\/anwalt.rocks\/arbeitsrecht\/wp-json\/wp\/v2\/types\/post"}],"author":[{"embeddable":true,"href":"https:\/\/anwalt.rocks\/arbeitsrecht\/wp-json\/wp\/v2\/users\/1"}],"replies":[{"embeddable":true,"href":"https:\/\/anwalt.rocks\/arbeitsrecht\/wp-json\/wp\/v2\/comments?post=8101"}],"version-history":[{"count":0,"href":"https:\/\/anwalt.rocks\/arbeitsrecht\/wp-json\/wp\/v2\/posts\/8101\/revisions"}],"wp:attachment":[{"href":"https:\/\/anwalt.rocks\/arbeitsrecht\/wp-json\/wp\/v2\/media?parent=8101"}],"wp:term":[{"taxonomy":"category","embeddable":true,"href":"https:\/\/anwalt.rocks\/arbeitsrecht\/wp-json\/wp\/v2\/categories?post=8101"},{"taxonomy":"post_tag","embeddable":true,"href":"https:\/\/anwalt.rocks\/arbeitsrecht\/wp-json\/wp\/v2\/tags?post=8101"}],"curies":[{"name":"wp","href":"https:\/\/api.w.org\/{rel}","templated":true}]}}