{"id":8143,"date":"2025-01-02T06:53:09","date_gmt":"2025-01-02T05:53:09","guid":{"rendered":"https:\/\/anwalt.rocks\/arbeitsrecht\/geesthacht\/"},"modified":"2025-01-02T06:53:09","modified_gmt":"2025-01-02T05:53:09","slug":"geesthacht","status":"publish","type":"post","link":"https:\/\/anwalt.rocks\/arbeitsrecht\/geesthacht\/","title":{"rendered":"Anwalt Geesthacht Arbeitsrecht Betreuung f\u00fcr Arbeitgeber."},"content":{"rendered":"<span class=\"span-reading-time rt-reading-time\" style=\"display: block;\"><span class=\"rt-label rt-prefix\">Lesedauer<\/span> <span class=\"rt-time\"> 3<\/span> <span class=\"rt-label rt-postfix\">Minuten<\/span><\/span><h2>Kanzlei Dr. Stephan Schmelzer Rechtsanwalt f\u00fcr Arbeitsrecht Geesthacht.<\/h2>\n<p><a href=\"https:\/\/dr-schmelzer.eu\/arbeitsrecht\/\" target=\"_blank\" rel=\"noopener\"><img loading=\"lazy\" decoding=\"async\" src=\"https:\/\/anwalt.rocks\/bilder\/arbeitsrecht\/anwalt-arbeitsrecht-600x600.webp\" alt=\"Anwalt Geesthacht Arbeitsrecht Betreuung f\u00fcr Arbeitgeber.\" title=\"Anwalt Geesthacht Arbeitsrecht Betreuung f\u00fcr Arbeitgeber.\" width=\"600\" height=\"600\" \/><\/a> <\/p>\n<h3>Fachanwalt Arbeitsrecht Geesthacht &#8211; Soziet\u00e4t Dr. Stephan Schmelzer.<\/h3>\n<p>F\u00fcr umfassende Beratung im Arbeitsrecht ist Dr. Stephan Schmelzer Ihr Ansprechpartner. Seine Fachanwaltszulassung im Arbeitsrecht seit 2002 und \u00fcber 25 Jahre Berufserfahrung machen ihn zu einem angesehenen Experten \u00fcber Ahlen hinaus. Seine Kanzlei, die er seit \u00fcber zwei Jahrzehnten erfolgreich leitet, steht f\u00fcr professionelle Beratung und juristische Qualit\u00e4t. Dr. Schmelzers Doppelqualifikation als Fachanwalt im IT- und Arbeitsrecht ist in der digitalen Arbeitswelt von gro\u00dfer Bedeutung. &#8211; <a title=\"Anwalt Arbeitsrecht Velbert\" href=\"https:\/\/anwalt.rocks\/arbeitsrecht\/velbert\/\">Anwalt Arbeitsrecht Velbert<\/a><\/p>\n<p><a href=\"https:\/\/dr-schmelzer.eu\/arbeitsrecht\/\" target=\"_blank\" rel=\"noopener\"><img loading=\"lazy\" decoding=\"async\" src=\"https:\/\/anwalt.rocks\/bilder\/arbeitsrecht\/rechtsanwalt-arbeitsrecht-600x600.webp\" alt=\"Anwalt Arbeitsrecht Geesthacht\" title=\"Anwalt Arbeitsrecht Geesthacht\" width=\"600\" height=\"600\" \/><\/a> <\/p>\n<h3>Soziet\u00e4t Dr. Stephan Schmelzer &#8211; Spezialist f\u00fcr Arbeitsrecht Geesthacht.<\/h3>\n<p>Seine Expertise umfasst IT-rechtliche Aspekte, doch der Schwerpunkt bleibt das Arbeitsrecht \u2013 sowohl innerhalb Deutschlands als auch international. Mit fundiertem Wissen im Arbeitsrecht bietet Dr. Schmelzer L\u00f6sungen, die speziell auf Arbeitnehmer und Arbeitgeber zugeschnitten sind. Seine F\u00e4higkeit, sich individuell auf Mandanten einzustellen, gepaart mit langj\u00e4hriger Erfahrung, macht ihn zu einem Top-Experten im Arbeitsrecht. &#8211; <a title=\"Anwalt Steinau\" href=\"https:\/\/anwalt.rocks\/arbeitsrecht\/steinau\/\">Anwalt Steinau<\/a><\/p>\n<h3>Erfahren und extrem einsatzfreudig &#8211; Fest drei Jahrzehnte Anwaltserfahrung als Arbeitsrechtler Geesthacht.<\/h3>\n<p>Arbeitgeber stehen vor Aufgaben, die von der Vertragsgestaltung bis zu umfassenden Restrukturierungsprozessen reichen. Dr. Schmelzer bietet praxisorientierte Beratung, die Unternehmen hilft, rechtliche Risiken zu verringern und passende Ma\u00dfnahmen zu ergreifen. Seine Expertise erstreckt sich auf folgende Leistungen: &#8211; <a title=\"Anwalt Arbeitsrecht Quakenbr\u00fcck\" href=\"https:\/\/anwalt.rocks\/arbeitsrecht\/quakenbrueck\/\">Anwalt Arbeitsrecht Quakenbr\u00fcck<\/a><\/p>\n<h3>Anwalt Arbeitsrecht Geesthacht 38 motivierte Kunden.<\/h3>\n<p>Gestaltung und \u00dcberarbeitung von Arbeitsvertr\u00e4gen, die rechtlich sicher und gleichzeitig flexibel sind. Konzeption flexibler Arbeitszeit- und Verg\u00fctungsmodelle, die den individuellen Anforderungen des Unternehmens entsprechen. &#8211; <a title=\"Anwalt Arbeitsrecht M\u00fccheln\" href=\"https:\/\/anwalt.rocks\/arbeitsrecht\/muecheln\/\">Anwalt Arbeitsrecht M\u00fccheln<\/a><\/p>\n<h3>Deshalb entscheidet man sich f\u00fcr den zuverl\u00e4ssigen Anwalt Geesthacht:<\/h3>\n<p>Unterst\u00fctzung bei der strategischen Planung und Umsetzung von K\u00fcndigungen aus unterschiedlichen Anl\u00e4ssen. Hilfe bei der Risikominderung und Unterst\u00fctzung durch den gesamten K\u00fcndigungsprozess.<\/p>\n<h3>Hohe Kompetenz und auch top zuverl\u00e4ssig.<\/h3>\n<p>Rechtliche Beratung zur Rolle des Betriebsrats bei wesentlichen Entscheidungen. Begleitung bei der Entwicklung und Realisierung rechtssicherer Betriebsvereinbarungen. Unterst\u00fctzung bei der Ausarbeitung strategischer Pl\u00e4ne und der rechtlichen Absicherung von Restrukturierungsprojekten. Prozessvertretung in arbeitsrechtlichen Konflikten, darunter K\u00fcndigungsschutzverfahren und Entfristungsklagen. Zielgerichtete und wirkungsvolle Verteidigung der Anliegen des Unternehmens im Fokus.<\/p>\n<h3>Anwalt Arbeitsrecht Geesthacht &#8211; Spezialist Dr. Schmelzer.<\/h3>\n<p>Die Expertise von Dr. Schmelzer steht auch Arbeitnehmern f\u00fcr ihre Anliegen zur Verf\u00fcgung. In Streitsituationen ist er ein loyaler Begleiter, der sich unerm\u00fcdlich f\u00fcr seine Mandanten einsetzt. Die Schwerpunkte liegen bei:<\/p>\n<p>Fachliche Begleitung und Vertretung in K\u00fcndigungsschutzklagen vor dem Arbeitsgericht. Unterst\u00fctzung bei der Aushandlung von Abfindungen und zus\u00e4tzlichen Ausgleichszahlungen. Fachliche Begleitung und Vertretung in K\u00fcndigungsschutzklagen vor dem Arbeitsgericht. Unterst\u00fctzung bei der Aushandlung von Abfindungen und zus\u00e4tzlichen Ausgleichszahlungen.<\/p>\n<p>Begleitung bei der Erstellung von Aufhebungsvertr\u00e4gen und Verhandlungen \u00fcber Abfindungsh\u00f6hen. Unterst\u00fctzung bei der \u00dcberpr\u00fcfung und Korrektur von ungenauen Formulierungen in Arbeitszeugnissen. Unterst\u00fctzung bei der Kl\u00e4rung und Korrektur unfairer Bewertungen in Zeugnisklagen. Geringe Kosten Unterst\u00fctzung bei der Durchsetzung offener Anspr\u00fcche auf Lohn und Gehalt. Juristische Unterst\u00fctzung bei Klagen zu ausstehenden Entgelt- und \u00dcberstundenanspr\u00fcchen. Pr\u00fcfung von Abmahnungen und rechtliche Unterst\u00fctzung zur Beseitigung unbegr\u00fcndeter Vorw\u00fcrfe.<\/p>\n<h4>Betreuung f\u00fcr Arbeitgeber im Bereich Anwalt Arbeitsrecht Geesthacht.<\/h4>\n<p>Restrukturierung und Konfliktbew\u00e4ltigung \u2013 zwei Schwerpunkte, die Dr. Schmelzer vereint. Ein Schwerpunkt der Arbeit von Dr. Schmelzer ist die Begleitung von Unternehmen bei Restrukturierungen. Diese setzen nicht nur juristisches Fachwissen voraus, sondern auch Verhandlungsgeschick und ein umfassendes Verst\u00e4ndnis wirtschaftlicher Zusammenh\u00e4nge.<\/p>\n<p>Anwalt Geesthacht Zusammenfassung: Dr. Schmelzer verf\u00fcgt \u00fcber umfassende Erfahrung in der Erstellung und Umsetzung von Interessenausgleichen und Sozialpl\u00e4nen. Dabei liegt der Fokus auf einer L\u00f6sung, die die Interessen aller Parteien ber\u00fccksichtigt. Mit fundierter Expertise und kluger Strategie ist Dr. Schmelzer ein wertvoller Ansprechpartner bei Verhandlungen mit Gewerkschaften und Betriebsr\u00e4ten.<\/p>\n<p>F\u00fcr den Fachanwalt f\u00fcr Arbeitsrecht ist jeder Fall eine besondere Aufgabe, die aufmerksame Betreuung verdient. Sein Ziel ist es, f\u00fcr seine Mandanten stets die bestm\u00f6gliche L\u00f6sung zu finden, sei es durch Verhandlungen oder durch eine gerichtliche Entscheidung. Dabei legt er Wert auf Klarheit und eine partnerschaftliche Abstimmung mit seinen Mandanten. Dr. Schmelzer arbeitet unerm\u00fcdlich daran, die Zufriedenheit seiner Mandanten zu gew\u00e4hrleisten. Mandanten w\u00fcrdigen seine professionelle und l\u00f6sungsorientierte Haltung, die er in seiner Arbeit stets beweist. Mit Dr. Stephan Schmelzer haben Arbeitnehmer und Arbeitgeber einen zuverl\u00e4ssigen Ansprechpartner mit umfassendem Wissen.<\/p>\n<article class=\"contact contact-list post-2606 profile type-profile status-publish has-post-thumbnail hentry\" data-contact=\"2606\">\n    \n    <div class=\"media\">\n        <div class=\"media-left\">\n            <a  href=\"#\" data-toggle=\"modal\" data-target=\"#ContactModal\"  title=\"Maria P., 29 Jahre, aus Stuttgart jetzt Kontakt aufnehmen!\">\n                <img loading=\"lazy\" decoding=\"async\" width=\"500\" height=\"500\" src=\"https:\/\/anwalt.rocks\/arbeitsrecht\/wp-content\/uploads\/sites\/2\/2025\/01\/meinung-03.jpg\" class=\"contact-image media-object wp-post-image\" alt=\"Maria P., 29 Jahre, aus Stuttgart\" srcset=\"https:\/\/anwalt.rocks\/arbeitsrecht\/wp-content\/uploads\/sites\/2\/2025\/01\/meinung-03.jpg 500w, https:\/\/anwalt.rocks\/arbeitsrecht\/wp-content\/uploads\/sites\/2\/2025\/01\/meinung-03-300x300.jpg 300w, https:\/\/anwalt.rocks\/arbeitsrecht\/wp-content\/uploads\/sites\/2\/2025\/01\/meinung-03-150x150.jpg 150w\" sizes=\"auto, (max-width: 500px) 100vw, 500px\" \/>            <\/a>\n        <\/div>\n\n        <div class=\"media-body\">\n                        <p class=\"h2 media-heading\">\n                <a  href=\"#\" data-toggle=\"modal\" data-target=\"#ContactModal\"  title=\"Maria P., 29 Jahre, aus Stuttgart jetzt Kontakt aufnehmen!\">\n                    <span class=\"contact-name\">Maria P., 29 Jahre, aus Stuttgart<\/span>\n                <\/a>\n\n                <span class=\"contact-text\"><\/span> <span class=\"contact-city\"><a href=\"https:\/\/anwalt.rocks\/arbeitsrecht\/region\/dorsten-klein-reken\/\">Anwalt Arbeitsrecht Dorsten Klein Reken<\/a><\/span>            <\/p>\n\n            <div class=\"quote\"><p>Herr Dr. Schmelzer ist einfach ein toller Anwalt! In meinem Fall ging es um Mobbing am Arbeitsplatz. Ich wusste nicht mehr weiter, aber Herr Dr. Schmelzer hat mir Mut gemacht und klare Schritte vorgeschlagen. Er hat nicht nur mein Recht &hellip;<\/p><\/div>\n            <a class=\"btn btn-cta\"  href=\"#\" data-toggle=\"modal\" data-target=\"#ContactModal\"  title=\"Maria P., 29 Jahre, aus Stuttgart jetzt Kontakt aufnehmen!\">\n                Nachricht senden            <\/a>\n        <\/div>\n    <\/div>\n<\/article><article class=\"contact contact-list post-2603 profile type-profile status-publish has-post-thumbnail hentry\" data-contact=\"2603\">\n    \n    <div class=\"media\">\n        <div class=\"media-left\">\n            <a  href=\"#\" data-toggle=\"modal\" data-target=\"#ContactModal\"  title=\"Lisa K., 41 Jahre, aus Berlin jetzt Kontakt aufnehmen!\">\n                <img loading=\"lazy\" decoding=\"async\" width=\"500\" height=\"500\" src=\"https:\/\/anwalt.rocks\/arbeitsrecht\/wp-content\/uploads\/sites\/2\/2025\/01\/meinung-02.jpg\" class=\"contact-image media-object wp-post-image\" alt=\"Lisa K., 41 Jahre, aus Berlin\" srcset=\"https:\/\/anwalt.rocks\/arbeitsrecht\/wp-content\/uploads\/sites\/2\/2025\/01\/meinung-02.jpg 500w, https:\/\/anwalt.rocks\/arbeitsrecht\/wp-content\/uploads\/sites\/2\/2025\/01\/meinung-02-300x300.jpg 300w, https:\/\/anwalt.rocks\/arbeitsrecht\/wp-content\/uploads\/sites\/2\/2025\/01\/meinung-02-150x150.jpg 150w\" sizes=\"auto, (max-width: 500px) 100vw, 500px\" \/>            <\/a>\n        <\/div>\n\n        <div class=\"media-body\">\n                        <p class=\"h2 media-heading\">\n                <a  href=\"#\" data-toggle=\"modal\" data-target=\"#ContactModal\"  title=\"Lisa K., 41 Jahre, aus Berlin jetzt Kontakt aufnehmen!\">\n                    <span class=\"contact-name\">Lisa K., 41 Jahre, aus Berlin<\/span>\n                <\/a>\n\n                <span class=\"contact-text\"><\/span> <span class=\"contact-city\"><a href=\"https:\/\/anwalt.rocks\/arbeitsrecht\/region\/ralingen-an-der-sauer\/\">Anwalt Arbeitsrecht Ralingen an der Sauer<\/a><\/span>            <\/p>\n\n            <div class=\"quote\"><p>Ich bin so froh, dass ich Herrn Dr. Schmelzer gefunden habe! Nach 15 Jahren im gleichen Unternehmen wurde ich pl\u00f6tzlich gek\u00fcndigt \u2013 angeblich wegen betrieblicher Umst\u00e4nde. Dr. Schmelzer hat sofort erkannt, dass die K\u00fcndigung unwirksam war, und hat einen wirklich &hellip;<\/p><\/div>\n            <a class=\"btn btn-cta\"  href=\"#\" data-toggle=\"modal\" data-target=\"#ContactModal\"  title=\"Lisa K., 41 Jahre, aus Berlin jetzt Kontakt aufnehmen!\">\n                Nachricht senden            <\/a>\n        <\/div>\n    <\/div>\n<\/article><article class=\"contact contact-list post-2646 profile type-profile status-publish has-post-thumbnail hentry\" data-contact=\"2646\">\n    \n    <div class=\"media\">\n        <div class=\"media-left\">\n            <a  href=\"#\" data-toggle=\"modal\" data-target=\"#ContactModal\"  title=\"Ulrich H. jetzt Kontakt aufnehmen!\">\n                <img loading=\"lazy\" decoding=\"async\" width=\"500\" height=\"500\" src=\"https:\/\/anwalt.rocks\/arbeitsrecht\/wp-content\/uploads\/sites\/2\/2025\/01\/meinung-16.jpg\" class=\"contact-image media-object wp-post-image\" alt=\"Ulrich H.\" srcset=\"https:\/\/anwalt.rocks\/arbeitsrecht\/wp-content\/uploads\/sites\/2\/2025\/01\/meinung-16.jpg 500w, https:\/\/anwalt.rocks\/arbeitsrecht\/wp-content\/uploads\/sites\/2\/2025\/01\/meinung-16-300x300.jpg 300w, https:\/\/anwalt.rocks\/arbeitsrecht\/wp-content\/uploads\/sites\/2\/2025\/01\/meinung-16-150x150.jpg 150w\" sizes=\"auto, (max-width: 500px) 100vw, 500px\" \/>            <\/a>\n        <\/div>\n\n        <div class=\"media-body\">\n                        <p class=\"h2 media-heading\">\n                <a  href=\"#\" data-toggle=\"modal\" data-target=\"#ContactModal\"  title=\"Ulrich H. jetzt Kontakt aufnehmen!\">\n                    <span class=\"contact-name\">Ulrich H.<\/span>\n                <\/a>\n\n                <span class=\"contact-text\"><\/span> <span class=\"contact-city\"><a href=\"https:\/\/anwalt.rocks\/arbeitsrecht\/region\/hauzenberg-niederbayern\/\">Anwalt Arbeitsrecht Hauzenberg Niederbayern<\/a><\/span>            <\/p>\n\n            <div class=\"quote\"><p>Anwalt Schmelzer hat mir in einem schwierigen Fall von Diskriminierung am Arbeitsplatz geholfen. Er hat mich nicht nur juristisch unterst\u00fctzt, sondern mir auch moralisch viel R\u00fcckhalt gegeben. Dank ihm wurde mein Fall erfolgreich gel\u00f6st, und ich f\u00fchle mich endlich wieder &hellip;<\/p><\/div>\n            <a class=\"btn btn-cta\"  href=\"#\" data-toggle=\"modal\" data-target=\"#ContactModal\"  title=\"Ulrich H. jetzt Kontakt aufnehmen!\">\n                Nachricht senden            <\/a>\n        <\/div>\n    <\/div>\n<\/article><article class=\"contact contact-list post-2649 profile type-profile status-publish has-post-thumbnail hentry\" data-contact=\"2649\">\n    \n    <div class=\"media\">\n        <div class=\"media-left\">\n            <a  href=\"#\" data-toggle=\"modal\" data-target=\"#ContactModal\"  title=\"Heinrich G. jetzt Kontakt aufnehmen!\">\n                <img loading=\"lazy\" decoding=\"async\" width=\"500\" height=\"500\" src=\"https:\/\/anwalt.rocks\/arbeitsrecht\/wp-content\/uploads\/sites\/2\/2025\/01\/meinung-17.jpg\" class=\"contact-image media-object wp-post-image\" alt=\"Heinrich G.\" srcset=\"https:\/\/anwalt.rocks\/arbeitsrecht\/wp-content\/uploads\/sites\/2\/2025\/01\/meinung-17.jpg 500w, https:\/\/anwalt.rocks\/arbeitsrecht\/wp-content\/uploads\/sites\/2\/2025\/01\/meinung-17-300x300.jpg 300w, https:\/\/anwalt.rocks\/arbeitsrecht\/wp-content\/uploads\/sites\/2\/2025\/01\/meinung-17-150x150.jpg 150w\" sizes=\"auto, (max-width: 500px) 100vw, 500px\" \/>            <\/a>\n        <\/div>\n\n        <div class=\"media-body\">\n                        <p class=\"h2 media-heading\">\n                <a  href=\"#\" data-toggle=\"modal\" data-target=\"#ContactModal\"  title=\"Heinrich G. jetzt Kontakt aufnehmen!\">\n                    <span class=\"contact-name\">Heinrich G.<\/span>\n                <\/a>\n\n                <span class=\"contact-text\"><\/span> <span class=\"contact-city\"><a href=\"https:\/\/anwalt.rocks\/arbeitsrecht\/region\/aschaffenburg-gailbach\/\">Anwalt Arbeitsrecht Aschaffenburg Gailbach<\/a><\/span>            <\/p>\n\n            <div class=\"quote\"><p>In meinem Fall ging es um unbezahlte \u00dcberstunden, die mein Arbeitgeber einfach ignoriert hatte. Hr. Schmelzer hat den Sachverhalt schnell gekl\u00e4rt und meine Anspr\u00fcche durchgesetzt. Sein Engagement und seine Fachkenntnisse haben mich voll \u00fcberzeugt. Ich w\u00fcrde ihn jederzeit wieder beauftragen.&hellip;<\/p><\/div>\n            <a class=\"btn btn-cta\"  href=\"#\" data-toggle=\"modal\" data-target=\"#ContactModal\"  title=\"Heinrich G. jetzt Kontakt aufnehmen!\">\n                Nachricht senden            <\/a>\n        <\/div>\n    <\/div>\n<\/article><article class=\"contact contact-list post-2659 profile type-profile status-publish has-post-thumbnail hentry\" data-contact=\"2659\">\n    \n    <div class=\"media\">\n        <div class=\"media-left\">\n            <a  href=\"#\" data-toggle=\"modal\" data-target=\"#ContactModal\"  title=\"Sven B. jetzt Kontakt aufnehmen!\">\n                <img loading=\"lazy\" decoding=\"async\" width=\"500\" height=\"500\" src=\"https:\/\/anwalt.rocks\/arbeitsrecht\/wp-content\/uploads\/sites\/2\/2025\/01\/meinung-20.jpg\" class=\"contact-image media-object wp-post-image\" alt=\"Sven B.\" srcset=\"https:\/\/anwalt.rocks\/arbeitsrecht\/wp-content\/uploads\/sites\/2\/2025\/01\/meinung-20.jpg 500w, https:\/\/anwalt.rocks\/arbeitsrecht\/wp-content\/uploads\/sites\/2\/2025\/01\/meinung-20-300x300.jpg 300w, https:\/\/anwalt.rocks\/arbeitsrecht\/wp-content\/uploads\/sites\/2\/2025\/01\/meinung-20-150x150.jpg 150w\" sizes=\"auto, (max-width: 500px) 100vw, 500px\" \/>            <\/a>\n        <\/div>\n\n        <div class=\"media-body\">\n                        <p class=\"h2 media-heading\">\n                <a  href=\"#\" data-toggle=\"modal\" data-target=\"#ContactModal\"  title=\"Sven B. jetzt Kontakt aufnehmen!\">\n                    <span class=\"contact-name\">Sven B.<\/span>\n                <\/a>\n\n                <span class=\"contact-text\"><\/span> <span class=\"contact-city\"><a href=\"https:\/\/anwalt.rocks\/arbeitsrecht\/region\/demsin\/\">Anwalt Arbeitsrecht Demsin<\/a><\/span>            <\/p>\n\n            <div class=\"quote\"><p>Ich hatte ein Problem mit meiner Teilzeitvereinbarung, die mein Arbeitgeber pl\u00f6tzlich \u00e4ndern wollte. Dieser Anwalt hat mich umfassend beraten und den Fall zu meinen Gunsten gekl\u00e4rt. Seine Professionalit\u00e4t und sein Engagement sind wirklich herausragend. Vielen Dank f\u00fcr die gro\u00dfartige Unterst\u00fctzung!&hellip;<\/p><\/div>\n            <a class=\"btn btn-cta\"  href=\"#\" data-toggle=\"modal\" data-target=\"#ContactModal\"  title=\"Sven B. jetzt Kontakt aufnehmen!\">\n                Nachricht senden            <\/a>\n        <\/div>\n    <\/div>\n<\/article>\n<div class=\"blogposts\"><ul><li><a href=\"https:\/\/anwalt.rocks\/arbeitsrecht\/weilheim-an-der-teck\/\" title=\"Anwalt Weilheim an der Teck Experte f\u00fcr IT- und Arbeitsrecht.\">Anwalt Weilheim an der Teck Experte f\u00fcr IT- und Arbeitsrecht.<\/a><\/li><li><a href=\"https:\/\/anwalt.rocks\/arbeitsrecht\/memmingen\/\" title=\"Anwalt Memmingen Arbeitsrecht Betreuung f\u00fcr Arbeitnehmer sowie Arbeitgeber.\">Anwalt Memmingen Arbeitsrecht Betreuung f\u00fcr Arbeitnehmer sowie Arbeitgeber.<\/a><\/li><li><a href=\"https:\/\/anwalt.rocks\/arbeitsrecht\/bad-marienberg\/\" title=\"Anwalt Arbeitsrecht Bad Marienberg &#8211; Mehr als 34 fr\u00f6hliche Klienten.\">Anwalt Arbeitsrecht Bad Marienberg &#8211; Mehr als 34 fr\u00f6hliche Klienten.<\/a><\/li><li><a href=\"https:\/\/anwalt.rocks\/arbeitsrecht\/hilchenbach\/\" title=\"Anwalt Arbeitsrecht Hilchenbach &#8211; Bereits 40 zufriedene Mandanten.\">Anwalt Arbeitsrecht Hilchenbach &#8211; Bereits 40 zufriedene Mandanten.<\/a><\/li><li><a href=\"https:\/\/anwalt.rocks\/arbeitsrecht\/fraenkische\/\" title=\"Rechtsanwalt Fr\u00e4nkische Spezialist f\u00fcr Arbeits- und IT Recht.\">Rechtsanwalt Fr\u00e4nkische Spezialist f\u00fcr Arbeits- und IT Recht.<\/a><\/li><li><a href=\"https:\/\/anwalt.rocks\/arbeitsrecht\/burladingen\/\" title=\"Anwalt Burladingen in Sachen Arbeitsrecht.\">Anwalt Burladingen in Sachen Arbeitsrecht.<\/a><\/li><li><a href=\"https:\/\/anwalt.rocks\/arbeitsrecht\/pankow\/\" title=\"Kanzlei Dr. Stephan Schmelzer Rechtsanwalt IT- und Arbeitsrecht Pankow.\">Kanzlei Dr. Stephan Schmelzer Rechtsanwalt IT- und Arbeitsrecht Pankow.<\/a><\/li><\/ul><\/div>\n","protected":false},"excerpt":{"rendered":"<h2>Anwalt Arbeitsrecht Pankow &#8211; Experte  f\u00fcr \u00fcberregionale Mandate.<\/h2>\n<p><a href=\"https:\/\/dr-schmelzer.eu\/arbeitsrecht\/\" target=\"_blank\" rel=\"noopener\"><img loading=\"lazy\" decoding=\"async\" src=\"https:\/\/anwalt.rocks\/bilder\/arbeitsrecht\/anwalt-arbeitsrecht-600x600.webp\" alt=\"Kanzlei Dr. Stephan Schmelzer Rechtsanwalt IT- und Arbeitsrecht Pankow.\" title=\"Kanzlei Dr. Stephan Schmelzer Rechtsanwalt IT- und Arbeitsrecht Pankow.\" width=\"600\" height=\"600\" \/><\/a> <\/p>\n<h3>Rechtsanwalt Arbeitsrecht Pankow &#8211; Soziet\u00e4t Dr. Stephan Schmelzer.<\/h3>\n<p>Ob Arbeitnehmer oder Arbeitgeber \u2013 Dr. Stephan Schmelzer ist Ihr verl\u00e4sslicher Partner im Arbeitsrecht. Mit seiner Erfahrung von \u00fcber 25 Jahren wird er weit &hellip;<\/p>","protected":false},"author":1,"featured_media":0,"comment_status":"closed","ping_status":"open","sticky":false,"template":"","format":"standard","meta":{"footnotes":""},"categories":[3],"tags":[],"class_list":["post-8143","post","type-post","status-publish","format-standard","hentry","category-fachanwalt"],"yoast_head":"<!-- This site is optimized with the Yoast SEO Premium plugin v27.1 (Yoast SEO v27.2) - https:\/\/yoast.com\/product\/yoast-seo-premium-wordpress\/ -->\n<title>Anwalt Geesthacht Arbeitsrecht Betreuung f\u00fcr Arbeitgeber.<\/title>\n<meta name=\"robots\" content=\"index, follow, max-snippet:-1, max-image-preview:large, max-video-preview:-1\" \/>\n<link rel=\"canonical\" href=\"https:\/\/anwalt.rocks\/arbeitsrecht\/geesthacht\/\" \/>\n<meta property=\"og:locale\" content=\"de_DE\" \/>\n<meta property=\"og:type\" content=\"article\" \/>\n<meta property=\"og:title\" content=\"Anwalt Geesthacht Arbeitsrecht Betreuung f\u00fcr Arbeitgeber.\" \/>\n<meta property=\"og:description\" content=\"Anwalt Arbeitsrecht Pankow &#8211; Experte f\u00fcr \u00fcberregionale Mandate.  Rechtsanwalt Arbeitsrecht Pankow &#8211; Soziet\u00e4t Dr. Stephan Schmelzer. Ob Arbeitnehmer oder Arbeitgeber \u2013 Dr. Stephan Schmelzer ist Ihr verl\u00e4sslicher Partner im Arbeitsrecht. Mit seiner Erfahrung von \u00fcber 25 Jahren wird er weit &hellip;\" \/>\n<meta property=\"og:url\" content=\"https:\/\/anwalt.rocks\/arbeitsrecht\/geesthacht\/\" \/>\n<meta property=\"og:site_name\" content=\"Anwalt Arbeitsrecht in der N\u00e4he - Dr. Schmelzer\" \/>\n<meta property=\"article:published_time\" content=\"2025-01-02T05:53:09+00:00\" \/>\n<meta property=\"og:image\" content=\"https:\/\/anwalt.rocks\/bilder\/arbeitsrecht\/anwalt-arbeitsrecht-600x600.webp\" \/>\n<meta name=\"author\" content=\"admin\" \/>\n<meta name=\"twitter:card\" content=\"summary_large_image\" \/>\n<meta name=\"twitter:label1\" content=\"Verfasst von\" \/>\n\t<meta name=\"twitter:data1\" content=\"admin\" \/>\n\t<meta name=\"twitter:label2\" content=\"Gesch\u00e4tzte Lesezeit\" \/>\n\t<meta name=\"twitter:data2\" content=\"4\u00a0Minuten\" \/>\n<script type=\"application\/ld+json\" class=\"yoast-schema-graph\">{\"@context\":\"https:\/\/schema.org\",\"@graph\":[{\"@type\":\"Article\",\"@id\":\"https:\/\/anwalt.rocks\/arbeitsrecht\/geesthacht\/#article\",\"isPartOf\":{\"@id\":\"https:\/\/anwalt.rocks\/arbeitsrecht\/geesthacht\/\"},\"author\":{\"name\":\"admin\",\"@id\":\"https:\/\/anwalt.rocks\/arbeitsrecht\/#\/schema\/person\/3fd3b0fc4df170bb2460fbc934288e39\"},\"headline\":\"Anwalt Geesthacht Arbeitsrecht Betreuung f\u00fcr Arbeitgeber.\",\"datePublished\":\"2025-01-02T05:53:09+00:00\",\"mainEntityOfPage\":{\"@id\":\"https:\/\/anwalt.rocks\/arbeitsrecht\/geesthacht\/\"},\"wordCount\":733,\"publisher\":{\"@id\":\"https:\/\/anwalt.rocks\/arbeitsrecht\/#organization\"},\"image\":{\"@id\":\"https:\/\/anwalt.rocks\/arbeitsrecht\/geesthacht\/#primaryimage\"},\"thumbnailUrl\":\"https:\/\/anwalt.rocks\/bilder\/arbeitsrecht\/anwalt-arbeitsrecht-600x600.webp\",\"articleSection\":[\"Fachanwalt\"],\"inLanguage\":\"de\"},{\"@type\":\"WebPage\",\"@id\":\"https:\/\/anwalt.rocks\/arbeitsrecht\/geesthacht\/\",\"url\":\"https:\/\/anwalt.rocks\/arbeitsrecht\/geesthacht\/\",\"name\":\"Anwalt Geesthacht Arbeitsrecht Betreuung f\u00fcr Arbeitgeber.\",\"isPartOf\":{\"@id\":\"https:\/\/anwalt.rocks\/arbeitsrecht\/#website\"},\"primaryImageOfPage\":{\"@id\":\"https:\/\/anwalt.rocks\/arbeitsrecht\/geesthacht\/#primaryimage\"},\"image\":{\"@id\":\"https:\/\/anwalt.rocks\/arbeitsrecht\/geesthacht\/#primaryimage\"},\"thumbnailUrl\":\"https:\/\/anwalt.rocks\/bilder\/arbeitsrecht\/anwalt-arbeitsrecht-600x600.webp\",\"datePublished\":\"2025-01-02T05:53:09+00:00\",\"breadcrumb\":{\"@id\":\"https:\/\/anwalt.rocks\/arbeitsrecht\/geesthacht\/#breadcrumb\"},\"inLanguage\":\"de\",\"potentialAction\":[{\"@type\":\"ReadAction\",\"target\":[\"https:\/\/anwalt.rocks\/arbeitsrecht\/geesthacht\/\"]}]},{\"@type\":\"ImageObject\",\"inLanguage\":\"de\",\"@id\":\"https:\/\/anwalt.rocks\/arbeitsrecht\/geesthacht\/#primaryimage\",\"url\":\"https:\/\/anwalt.rocks\/bilder\/arbeitsrecht\/anwalt-arbeitsrecht-600x600.webp\",\"contentUrl\":\"https:\/\/anwalt.rocks\/bilder\/arbeitsrecht\/anwalt-arbeitsrecht-600x600.webp\"},{\"@type\":\"BreadcrumbList\",\"@id\":\"https:\/\/anwalt.rocks\/arbeitsrecht\/geesthacht\/#breadcrumb\",\"itemListElement\":[{\"@type\":\"ListItem\",\"position\":1,\"name\":\"Start\",\"item\":\"https:\/\/anwalt.rocks\/arbeitsrecht\/\"},{\"@type\":\"ListItem\",\"position\":2,\"name\":\"Anwalt Geesthacht Arbeitsrecht Betreuung f\u00fcr Arbeitgeber.\"}]},{\"@type\":\"WebSite\",\"@id\":\"https:\/\/anwalt.rocks\/arbeitsrecht\/#website\",\"url\":\"https:\/\/anwalt.rocks\/arbeitsrecht\/\",\"name\":\"Anwalt Arbeitsrecht in der N\u00e4he - Dr. Schmelzer\",\"description\":\"Kompetenzen und Vorteile von Dr. Stephan Schmelzer \u2013 Anwalt und Fachanwalt f\u00fcr Arbeitsrecht mit 25 j\u00e4hriger Berufspraxis.\",\"publisher\":{\"@id\":\"https:\/\/anwalt.rocks\/arbeitsrecht\/#organization\"},\"potentialAction\":[{\"@type\":\"SearchAction\",\"target\":{\"@type\":\"EntryPoint\",\"urlTemplate\":\"https:\/\/anwalt.rocks\/arbeitsrecht\/?s={search_term_string}\"},\"query-input\":{\"@type\":\"PropertyValueSpecification\",\"valueRequired\":true,\"valueName\":\"search_term_string\"}}],\"inLanguage\":\"de\"},{\"@type\":\"Organization\",\"@id\":\"https:\/\/anwalt.rocks\/arbeitsrecht\/#organization\",\"name\":\"Kanzlei Dr. Schmelzer\",\"url\":\"https:\/\/anwalt.rocks\/arbeitsrecht\/\",\"logo\":{\"@type\":\"ImageObject\",\"inLanguage\":\"de\",\"@id\":\"https:\/\/anwalt.rocks\/arbeitsrecht\/#\/schema\/logo\/image\/\",\"url\":\"https:\/\/anwalt.rocks\/arbeitsrecht\/wp-content\/uploads\/sites\/2\/2025\/01\/anwalt-arbeitsrecht-logo.png\",\"contentUrl\":\"https:\/\/anwalt.rocks\/arbeitsrecht\/wp-content\/uploads\/sites\/2\/2025\/01\/anwalt-arbeitsrecht-logo.png\",\"width\":450,\"height\":150,\"caption\":\"Kanzlei Dr. Schmelzer\"},\"image\":{\"@id\":\"https:\/\/anwalt.rocks\/arbeitsrecht\/#\/schema\/logo\/image\/\"}},{\"@type\":\"Person\",\"@id\":\"https:\/\/anwalt.rocks\/arbeitsrecht\/#\/schema\/person\/3fd3b0fc4df170bb2460fbc934288e39\",\"name\":\"admin\",\"image\":{\"@type\":\"ImageObject\",\"inLanguage\":\"de\",\"@id\":\"https:\/\/secure.gravatar.com\/avatar\/2a567a722e62dc61f1aaa46c6b595fa617f2003443806e3422a8fed77c029cfc?s=96&d=mm&r=g\",\"url\":\"https:\/\/secure.gravatar.com\/avatar\/2a567a722e62dc61f1aaa46c6b595fa617f2003443806e3422a8fed77c029cfc?s=96&d=mm&r=g\",\"contentUrl\":\"https:\/\/secure.gravatar.com\/avatar\/2a567a722e62dc61f1aaa46c6b595fa617f2003443806e3422a8fed77c029cfc?s=96&d=mm&r=g\",\"caption\":\"admin\"},\"sameAs\":[\"https:\/\/anwalt.rocks\"],\"url\":\"https:\/\/anwalt.rocks\/arbeitsrecht\/author\/admin\/\"}]}<\/script>\n<!-- \/ Yoast SEO Premium plugin. -->","yoast_head_json":{"title":"Anwalt Geesthacht Arbeitsrecht Betreuung f\u00fcr Arbeitgeber.","robots":{"index":"index","follow":"follow","max-snippet":"max-snippet:-1","max-image-preview":"max-image-preview:large","max-video-preview":"max-video-preview:-1"},"canonical":"https:\/\/anwalt.rocks\/arbeitsrecht\/geesthacht\/","og_locale":"de_DE","og_type":"article","og_title":"Anwalt Geesthacht Arbeitsrecht Betreuung f\u00fcr Arbeitgeber.","og_description":"Anwalt Arbeitsrecht Pankow &#8211; Experte f\u00fcr \u00fcberregionale Mandate.  Rechtsanwalt Arbeitsrecht Pankow &#8211; Soziet\u00e4t Dr. Stephan Schmelzer. Ob Arbeitnehmer oder Arbeitgeber \u2013 Dr. Stephan Schmelzer ist Ihr verl\u00e4sslicher Partner im Arbeitsrecht. Mit seiner Erfahrung von \u00fcber 25 Jahren wird er weit &hellip;","og_url":"https:\/\/anwalt.rocks\/arbeitsrecht\/geesthacht\/","og_site_name":"Anwalt Arbeitsrecht in der N\u00e4he - Dr. Schmelzer","article_published_time":"2025-01-02T05:53:09+00:00","og_image":[{"url":"https:\/\/anwalt.rocks\/bilder\/arbeitsrecht\/anwalt-arbeitsrecht-600x600.webp","type":"","width":"","height":""}],"author":"admin","twitter_card":"summary_large_image","twitter_misc":{"Verfasst von":"admin","Gesch\u00e4tzte Lesezeit":"4\u00a0Minuten"},"schema":{"@context":"https:\/\/schema.org","@graph":[{"@type":"Article","@id":"https:\/\/anwalt.rocks\/arbeitsrecht\/geesthacht\/#article","isPartOf":{"@id":"https:\/\/anwalt.rocks\/arbeitsrecht\/geesthacht\/"},"author":{"name":"admin","@id":"https:\/\/anwalt.rocks\/arbeitsrecht\/#\/schema\/person\/3fd3b0fc4df170bb2460fbc934288e39"},"headline":"Anwalt Geesthacht Arbeitsrecht Betreuung f\u00fcr Arbeitgeber.","datePublished":"2025-01-02T05:53:09+00:00","mainEntityOfPage":{"@id":"https:\/\/anwalt.rocks\/arbeitsrecht\/geesthacht\/"},"wordCount":733,"publisher":{"@id":"https:\/\/anwalt.rocks\/arbeitsrecht\/#organization"},"image":{"@id":"https:\/\/anwalt.rocks\/arbeitsrecht\/geesthacht\/#primaryimage"},"thumbnailUrl":"https:\/\/anwalt.rocks\/bilder\/arbeitsrecht\/anwalt-arbeitsrecht-600x600.webp","articleSection":["Fachanwalt"],"inLanguage":"de"},{"@type":"WebPage","@id":"https:\/\/anwalt.rocks\/arbeitsrecht\/geesthacht\/","url":"https:\/\/anwalt.rocks\/arbeitsrecht\/geesthacht\/","name":"Anwalt Geesthacht Arbeitsrecht Betreuung f\u00fcr Arbeitgeber.","isPartOf":{"@id":"https:\/\/anwalt.rocks\/arbeitsrecht\/#website"},"primaryImageOfPage":{"@id":"https:\/\/anwalt.rocks\/arbeitsrecht\/geesthacht\/#primaryimage"},"image":{"@id":"https:\/\/anwalt.rocks\/arbeitsrecht\/geesthacht\/#primaryimage"},"thumbnailUrl":"https:\/\/anwalt.rocks\/bilder\/arbeitsrecht\/anwalt-arbeitsrecht-600x600.webp","datePublished":"2025-01-02T05:53:09+00:00","breadcrumb":{"@id":"https:\/\/anwalt.rocks\/arbeitsrecht\/geesthacht\/#breadcrumb"},"inLanguage":"de","potentialAction":[{"@type":"ReadAction","target":["https:\/\/anwalt.rocks\/arbeitsrecht\/geesthacht\/"]}]},{"@type":"ImageObject","inLanguage":"de","@id":"https:\/\/anwalt.rocks\/arbeitsrecht\/geesthacht\/#primaryimage","url":"https:\/\/anwalt.rocks\/bilder\/arbeitsrecht\/anwalt-arbeitsrecht-600x600.webp","contentUrl":"https:\/\/anwalt.rocks\/bilder\/arbeitsrecht\/anwalt-arbeitsrecht-600x600.webp"},{"@type":"BreadcrumbList","@id":"https:\/\/anwalt.rocks\/arbeitsrecht\/geesthacht\/#breadcrumb","itemListElement":[{"@type":"ListItem","position":1,"name":"Start","item":"https:\/\/anwalt.rocks\/arbeitsrecht\/"},{"@type":"ListItem","position":2,"name":"Anwalt Geesthacht Arbeitsrecht Betreuung f\u00fcr Arbeitgeber."}]},{"@type":"WebSite","@id":"https:\/\/anwalt.rocks\/arbeitsrecht\/#website","url":"https:\/\/anwalt.rocks\/arbeitsrecht\/","name":"Anwalt Arbeitsrecht in der N\u00e4he - Dr. Schmelzer","description":"Kompetenzen und Vorteile von Dr. Stephan Schmelzer \u2013 Anwalt und Fachanwalt f\u00fcr Arbeitsrecht mit 25 j\u00e4hriger Berufspraxis.","publisher":{"@id":"https:\/\/anwalt.rocks\/arbeitsrecht\/#organization"},"potentialAction":[{"@type":"SearchAction","target":{"@type":"EntryPoint","urlTemplate":"https:\/\/anwalt.rocks\/arbeitsrecht\/?s={search_term_string}"},"query-input":{"@type":"PropertyValueSpecification","valueRequired":true,"valueName":"search_term_string"}}],"inLanguage":"de"},{"@type":"Organization","@id":"https:\/\/anwalt.rocks\/arbeitsrecht\/#organization","name":"Kanzlei Dr. Schmelzer","url":"https:\/\/anwalt.rocks\/arbeitsrecht\/","logo":{"@type":"ImageObject","inLanguage":"de","@id":"https:\/\/anwalt.rocks\/arbeitsrecht\/#\/schema\/logo\/image\/","url":"https:\/\/anwalt.rocks\/arbeitsrecht\/wp-content\/uploads\/sites\/2\/2025\/01\/anwalt-arbeitsrecht-logo.png","contentUrl":"https:\/\/anwalt.rocks\/arbeitsrecht\/wp-content\/uploads\/sites\/2\/2025\/01\/anwalt-arbeitsrecht-logo.png","width":450,"height":150,"caption":"Kanzlei Dr. Schmelzer"},"image":{"@id":"https:\/\/anwalt.rocks\/arbeitsrecht\/#\/schema\/logo\/image\/"}},{"@type":"Person","@id":"https:\/\/anwalt.rocks\/arbeitsrecht\/#\/schema\/person\/3fd3b0fc4df170bb2460fbc934288e39","name":"admin","image":{"@type":"ImageObject","inLanguage":"de","@id":"https:\/\/secure.gravatar.com\/avatar\/2a567a722e62dc61f1aaa46c6b595fa617f2003443806e3422a8fed77c029cfc?s=96&d=mm&r=g","url":"https:\/\/secure.gravatar.com\/avatar\/2a567a722e62dc61f1aaa46c6b595fa617f2003443806e3422a8fed77c029cfc?s=96&d=mm&r=g","contentUrl":"https:\/\/secure.gravatar.com\/avatar\/2a567a722e62dc61f1aaa46c6b595fa617f2003443806e3422a8fed77c029cfc?s=96&d=mm&r=g","caption":"admin"},"sameAs":["https:\/\/anwalt.rocks"],"url":"https:\/\/anwalt.rocks\/arbeitsrecht\/author\/admin\/"}]}},"_links":{"self":[{"href":"https:\/\/anwalt.rocks\/arbeitsrecht\/wp-json\/wp\/v2\/posts\/8143","targetHints":{"allow":["GET"]}}],"collection":[{"href":"https:\/\/anwalt.rocks\/arbeitsrecht\/wp-json\/wp\/v2\/posts"}],"about":[{"href":"https:\/\/anwalt.rocks\/arbeitsrecht\/wp-json\/wp\/v2\/types\/post"}],"author":[{"embeddable":true,"href":"https:\/\/anwalt.rocks\/arbeitsrecht\/wp-json\/wp\/v2\/users\/1"}],"replies":[{"embeddable":true,"href":"https:\/\/anwalt.rocks\/arbeitsrecht\/wp-json\/wp\/v2\/comments?post=8143"}],"version-history":[{"count":0,"href":"https:\/\/anwalt.rocks\/arbeitsrecht\/wp-json\/wp\/v2\/posts\/8143\/revisions"}],"wp:attachment":[{"href":"https:\/\/anwalt.rocks\/arbeitsrecht\/wp-json\/wp\/v2\/media?parent=8143"}],"wp:term":[{"taxonomy":"category","embeddable":true,"href":"https:\/\/anwalt.rocks\/arbeitsrecht\/wp-json\/wp\/v2\/categories?post=8143"},{"taxonomy":"post_tag","embeddable":true,"href":"https:\/\/anwalt.rocks\/arbeitsrecht\/wp-json\/wp\/v2\/tags?post=8143"}],"curies":[{"name":"wp","href":"https:\/\/api.w.org\/{rel}","templated":true}]}}