{"id":8198,"date":"2025-01-11T07:10:26","date_gmt":"2025-01-11T06:10:26","guid":{"rendered":"https:\/\/anwalt.rocks\/arbeitsrecht\/gluecksburg\/"},"modified":"2025-01-11T07:10:26","modified_gmt":"2025-01-11T06:10:26","slug":"gluecksburg","status":"publish","type":"post","link":"https:\/\/anwalt.rocks\/arbeitsrecht\/gluecksburg\/","title":{"rendered":"Anwalt Gl\u00fccksburg Fachanwalt im Bereich Arbeits- und IT Recht."},"content":{"rendered":"<span class=\"span-reading-time rt-reading-time\" style=\"display: block;\"><span class=\"rt-label rt-prefix\">Lesedauer<\/span> <span class=\"rt-time\"> 3<\/span> <span class=\"rt-label rt-postfix\">Minuten<\/span><\/span><h2>Kanzlei Dr. Stephan Schmelzer Rechtsanwalt f\u00fcr Arbeits- und IT Recht Gl\u00fccksburg.<\/h2>\n<p><a href=\"https:\/\/dr-schmelzer.eu\/arbeitsrecht\/\" target=\"_blank\" rel=\"noopener\"><img loading=\"lazy\" decoding=\"async\" src=\"https:\/\/anwalt.rocks\/bilder\/arbeitsrecht\/anwalt-arbeitsrecht-600x600.webp\" alt=\"Anwalt Gl\u00fccksburg Fachanwalt im Bereich Arbeits- und IT Recht.\" title=\"Anwalt Gl\u00fccksburg Fachanwalt im Bereich Arbeits- und IT Recht.\" width=\"600\" height=\"600\" \/><\/a> <\/p>\n<h3>Anwalt IT- und Arbeitsrecht Gl\u00fccksburg &#8211; Anwaltskanzlei Dr. Stephan Schmelzer.<\/h3>\n<p>F\u00fcr fundierte Beratung und kompetente Vertretung im Arbeitsrecht ist Dr. Stephan Schmelzer Ihre erste Wahl. Durch seine Fachanwaltszulassung und langj\u00e4hrige Praxis hat er sich weit \u00fcber Ahlen hinaus einen exzellenten Ruf aufgebaut. Seine Kanzlei, die er seit \u00fcber zwei Jahrzehnten erfolgreich leitet, steht f\u00fcr professionelle Beratung und juristische Qualit\u00e4t. Mit seiner Doppelqualifikation als Fachanwalt f\u00fcr Arbeitsrecht und IT-Recht bietet Dr. Schmelzer wertvolle Unterst\u00fctzung in einer zunehmend digitalisierten Arbeitswelt. &#8211; <a title=\"Anwalt Paderborn\" href=\"https:\/\/anwalt.rocks\/arbeitsrecht\/paderborn\/\">Anwalt Paderborn<\/a><\/p>\n<p><a href=\"https:\/\/dr-schmelzer.eu\/arbeitsrecht\/\" target=\"_blank\" rel=\"noopener\"><img loading=\"lazy\" decoding=\"async\" src=\"https:\/\/anwalt.rocks\/bilder\/arbeitsrecht\/rechtsanwalt-arbeitsrecht-600x600.webp\" alt=\"Anwalt Arbeitsrecht Gl\u00fccksburg\" title=\"Anwalt Arbeitsrecht Gl\u00fccksburg\" width=\"600\" height=\"600\" \/><\/a> <\/p>\n<h3>Anwaltskanzlei Dr. Stephan Schmelzer &#8211; Fachanwalt f\u00fcr Arbeitsrecht Gl\u00fccksburg.<\/h3>\n<p>W\u00e4hrend das IT-Recht unterst\u00fctzend einbezogen wird, steht das Arbeitsrecht \u2013 national und international \u2013 im Zentrum seiner T\u00e4tigkeit. Ob Arbeitnehmer oder Arbeitgeber \u2013 Dr. Schmelzer entwickelt Strategien, die speziell auf ihre Anforderungen im Arbeitsrecht zugeschnitten sind. Mit \u00fcberragender Erfahrung und individueller Betreuung hat er sich einen Platz unter den f\u00fchrenden Experten im Arbeitsrecht erarbeitet. &#8211; <a title=\"Anwalt Colditz\" href=\"https:\/\/anwalt.rocks\/arbeitsrecht\/colditz\/\">Anwalt Colditz<\/a><\/p>\n<h3>Kompetent und durchsetzungsstark &#8211; Seit 1998 t\u00e4tig als Volljurist Gl\u00fccksburg.<\/h3>\n<p>Von der Erstellung von Arbeitsvertr\u00e4gen bis hin zu weitreichenden Restrukturierungen sind Arbeitgeber heute rechtlich gefordert. Mit seiner praxisorientierten Herangehensweise unterst\u00fctzt Dr. Schmelzer Unternehmen dabei, rechtliche Risiken zu minimieren und optimale Strategien umzusetzen. Sein Service umfasst unter anderem: &#8211; <a title=\"Anwalt Arbeitsrecht Region Hannover\" href=\"https:\/\/anwalt.rocks\/arbeitsrecht\/region-hannover\/\">Anwalt Arbeitsrecht Region Hannover<\/a><\/p>\n<h3>Anwalt Arbeitsrecht Gl\u00fccksburg 51 gl\u00fcckliche Klienten.<\/h3>\n<p>Gestaltung von Arbeitsvertr\u00e4gen, die rechtlich wasserdicht und flexibel bleiben. Entwicklung passgenauer L\u00f6sungen f\u00fcr Arbeitszeit und Verg\u00fctung, die den Anforderungen des Unternehmens gerecht werden. &#8211; <a title=\"Anwalt Arbeitsrecht Jarmen\" href=\"https:\/\/anwalt.rocks\/arbeitsrecht\/jarmen\/\">Anwalt Arbeitsrecht Jarmen<\/a><\/p>\n<h3>Deshalb w\u00e4hlt man diesen erfahrenen Anwalt Gl\u00fccksburg:<\/h3>\n<p>Unterst\u00fctzung bei der rechtlichen Planung und Umsetzung von betriebs- und personenbezogenen K\u00fcndigungen. Juristische Absicherung und Begleitung durch den kompletten K\u00fcndigungsprozess.<\/p>\n<h3>Juristisches Fachwissen sowie top zuverl\u00e4ssig.<\/h3>\n<p>Unterst\u00fctzung bei der Einbeziehung des Betriebsrats in wichtigen Entscheidungsfragen. Verhandlung und rechtliche Umsetzung von Betriebsvereinbarungen, die den Unternehmenszielen entsprechen. Beratung zur Planung und rechtlichen Durchf\u00fchrung von Restrukturierungsprojekten. Begleitung in arbeitsrechtlichen Gerichtsverfahren, wie K\u00fcndigungsschutzklagen und Entfristungsprozessen. Schwerpunkt auf die strategische und durchsetzungsstarke Wahrung der Interessen des Unternehmens.<\/p>\n<h3>Anwalt Arbeitsrecht Gl\u00fccksburg &#8211; Fachanwalt Dr. Schmelzer.<\/h3>\n<p>Die weitreichende Erfahrung von Dr. Schmelzer steht ebenso Arbeitnehmern zur Verf\u00fcgung. In konfliktgeladenen Situationen ist er ein engagierter Partner, der mit vollem Einsatz f\u00fcr seine Mandanten k\u00e4mpft. Bestandteil des Portfolios sind:<\/p>\n<p>Beratung und Begleitung bei K\u00fcndigungsschutzverfahren vor arbeitsgerichtlichen Instanzen. Verhandlungen \u00fcber individuelle Abfindungsregelungen und finanzielle Ausgleiche. Beratung und Begleitung bei K\u00fcndigungsschutzverfahren vor arbeitsgerichtlichen Instanzen. Verhandlungen \u00fcber individuelle Abfindungsregelungen und finanzielle Ausgleiche.<\/p>\n<p>Unterst\u00fctzung bei der Kl\u00e4rung von Abfindungsh\u00f6hen und Beratung zu Aufhebungsvertr\u00e4gen. Pr\u00fcfung von Arbeitszeugnissen auf inhaltliche Korrektheit und Optimierungspotenziale. Rechtsvertretung in Zeugnisprozessen zur Wahrung einer objektiven Beurteilung. Kostenersparnis Hilfe bei der Kl\u00e4rung und Durchsetzung von Gehaltsforderungen. Rechtsvertretung bei Klagen zu offenen Entgelten und nicht verg\u00fcteten \u00dcberstunden. Analyse und Strategieentwicklung zur Bek\u00e4mpfung ungerechtfertigter Abmahnungen.<\/p>\n<h4>Vertretung f\u00fcr Arbeitgeber im Bereich Anwalt Arbeitsrecht Gl\u00fccksburg.<\/h4>\n<p>Dr. Schmelzer ist auf die Bereiche Restrukturierung und Konfliktbew\u00e4ltigung spezialisiert. Die Begleitung von Unternehmen durch Restrukturierungsprozesse ist ein zentrales Fachgebiet von Dr. Schmelzer. Notwendig sind sowohl juristisches Know-how als auch strategisches Verhandlungsverm\u00f6gen und \u00f6konomisches Verst\u00e4ndnis.<\/p>\n<p>Anwalt Gl\u00fccksburg Fazit: Dr. Schmelzer hat sich auf die Planung und Umsetzung von Interessenausgleichen und Sozialpl\u00e4nen spezialisiert. Im Fokus liegt stets die Suche nach einer Einigung, die allen Interessen gerecht wird. Dr. Schmelzer bringt fundierte Fachkenntnisse und strategisches Geschick in Verhandlungen mit Betriebsr\u00e4ten und Gewerkschaften ein.<\/p>\n<p>F\u00fcr den Fachanwalt f\u00fcr Arbeitsrecht ist jeder Fall eine besondere Herausforderung, die individuell betreut wird. Ob durch Verhandlungen oder durch einen Rechtsstreit \u2013 Dr. Schmelzer strebt stets die optimale L\u00f6sung f\u00fcr seine Mandanten an. Transparenz und ein vertrauensvoller Austausch mit seinen Mandanten pr\u00e4gen seine Arbeitsweise. Die Zufriedenheit der Mandanten steht f\u00fcr Dr. Schmelzer im Mittelpunkt seines Schaffens. Die Wertsch\u00e4tzung seiner Mandanten und seine Erfolge verdeutlichen seine professionelle Herangehensweise. Die Kanzlei Dr. Stephan Schmelzer bietet professionelle Unterst\u00fctzung f\u00fcr Arbeitnehmer und Arbeitgeber.<\/p>\n<article class=\"contact contact-list post-2640 profile type-profile status-publish has-post-thumbnail hentry\" data-contact=\"2640\">\n    \n    <div class=\"media\">\n        <div class=\"media-left\">\n            <a  href=\"#\" data-toggle=\"modal\" data-target=\"#ContactModal\"  title=\"Klaus D. jetzt Kontakt aufnehmen!\">\n                <img loading=\"lazy\" decoding=\"async\" width=\"500\" height=\"500\" src=\"https:\/\/anwalt.rocks\/arbeitsrecht\/wp-content\/uploads\/sites\/2\/2025\/01\/meinung-14.jpg\" class=\"contact-image media-object wp-post-image\" alt=\"Klaus D.\" srcset=\"https:\/\/anwalt.rocks\/arbeitsrecht\/wp-content\/uploads\/sites\/2\/2025\/01\/meinung-14.jpg 500w, https:\/\/anwalt.rocks\/arbeitsrecht\/wp-content\/uploads\/sites\/2\/2025\/01\/meinung-14-300x300.jpg 300w, https:\/\/anwalt.rocks\/arbeitsrecht\/wp-content\/uploads\/sites\/2\/2025\/01\/meinung-14-150x150.jpg 150w\" sizes=\"auto, (max-width: 500px) 100vw, 500px\" \/>            <\/a>\n        <\/div>\n\n        <div class=\"media-body\">\n                        <p class=\"h2 media-heading\">\n                <a  href=\"#\" data-toggle=\"modal\" data-target=\"#ContactModal\"  title=\"Klaus D. jetzt Kontakt aufnehmen!\">\n                    <span class=\"contact-name\">Klaus D.<\/span>\n                <\/a>\n\n                <span class=\"contact-text\"><\/span> <span class=\"contact-city\"><a href=\"https:\/\/anwalt.rocks\/arbeitsrecht\/region\/attendorn\/\">Anwalt Arbeitsrecht Attendorn<\/a><\/span>            <\/p>\n\n            <div class=\"quote\"><p>Nach einer internen Umstrukturierung sollte ich pl\u00f6tzlich in eine andere Stadt versetzt werden. Dieser Fachanwalt f\u00fcr Arbeitsrecht hat sich intensiv mit meinem Fall besch\u00e4ftigt und meine Rechte erfolgreich durchgesetzt. Ich konnte meinen bisherigen Arbeitsplatz behalten. Seine Kompetenz und sein Einsatz &hellip;<\/p><\/div>\n            <a class=\"btn btn-cta\"  href=\"#\" data-toggle=\"modal\" data-target=\"#ContactModal\"  title=\"Klaus D. jetzt Kontakt aufnehmen!\">\n                Nachricht senden            <\/a>\n        <\/div>\n    <\/div>\n<\/article><article class=\"contact contact-list post-2606 profile type-profile status-publish has-post-thumbnail hentry\" data-contact=\"2606\">\n    \n    <div class=\"media\">\n        <div class=\"media-left\">\n            <a  href=\"#\" data-toggle=\"modal\" data-target=\"#ContactModal\"  title=\"Maria P., 29 Jahre, aus Stuttgart jetzt Kontakt aufnehmen!\">\n                <img loading=\"lazy\" decoding=\"async\" width=\"500\" height=\"500\" src=\"https:\/\/anwalt.rocks\/arbeitsrecht\/wp-content\/uploads\/sites\/2\/2025\/01\/meinung-03.jpg\" class=\"contact-image media-object wp-post-image\" alt=\"Maria P., 29 Jahre, aus Stuttgart\" srcset=\"https:\/\/anwalt.rocks\/arbeitsrecht\/wp-content\/uploads\/sites\/2\/2025\/01\/meinung-03.jpg 500w, https:\/\/anwalt.rocks\/arbeitsrecht\/wp-content\/uploads\/sites\/2\/2025\/01\/meinung-03-300x300.jpg 300w, https:\/\/anwalt.rocks\/arbeitsrecht\/wp-content\/uploads\/sites\/2\/2025\/01\/meinung-03-150x150.jpg 150w\" sizes=\"auto, (max-width: 500px) 100vw, 500px\" \/>            <\/a>\n        <\/div>\n\n        <div class=\"media-body\">\n                        <p class=\"h2 media-heading\">\n                <a  href=\"#\" data-toggle=\"modal\" data-target=\"#ContactModal\"  title=\"Maria P., 29 Jahre, aus Stuttgart jetzt Kontakt aufnehmen!\">\n                    <span class=\"contact-name\">Maria P., 29 Jahre, aus Stuttgart<\/span>\n                <\/a>\n\n                <span class=\"contact-text\"><\/span> <span class=\"contact-city\"><a href=\"https:\/\/anwalt.rocks\/arbeitsrecht\/region\/tuetzpatz\/\">Anwalt Arbeitsrecht T\u00fctzpatz<\/a><\/span>            <\/p>\n\n            <div class=\"quote\"><p>Herr Dr. Schmelzer ist einfach ein toller Anwalt! In meinem Fall ging es um Mobbing am Arbeitsplatz. Ich wusste nicht mehr weiter, aber Herr Dr. Schmelzer hat mir Mut gemacht und klare Schritte vorgeschlagen. Er hat nicht nur mein Recht &hellip;<\/p><\/div>\n            <a class=\"btn btn-cta\"  href=\"#\" data-toggle=\"modal\" data-target=\"#ContactModal\"  title=\"Maria P., 29 Jahre, aus Stuttgart jetzt Kontakt aufnehmen!\">\n                Nachricht senden            <\/a>\n        <\/div>\n    <\/div>\n<\/article><article class=\"contact contact-list post-2634 profile type-profile status-publish has-post-thumbnail hentry\" data-contact=\"2634\">\n    \n    <div class=\"media\">\n        <div class=\"media-left\">\n            <a  href=\"#\" data-toggle=\"modal\" data-target=\"#ContactModal\"  title=\"Mario K. jetzt Kontakt aufnehmen!\">\n                <img loading=\"lazy\" decoding=\"async\" width=\"500\" height=\"500\" src=\"https:\/\/anwalt.rocks\/arbeitsrecht\/wp-content\/uploads\/sites\/2\/2025\/01\/meinung-12.jpg\" class=\"contact-image media-object wp-post-image\" alt=\"Mario K.\" srcset=\"https:\/\/anwalt.rocks\/arbeitsrecht\/wp-content\/uploads\/sites\/2\/2025\/01\/meinung-12.jpg 500w, https:\/\/anwalt.rocks\/arbeitsrecht\/wp-content\/uploads\/sites\/2\/2025\/01\/meinung-12-300x300.jpg 300w, https:\/\/anwalt.rocks\/arbeitsrecht\/wp-content\/uploads\/sites\/2\/2025\/01\/meinung-12-150x150.jpg 150w\" sizes=\"auto, (max-width: 500px) 100vw, 500px\" \/>            <\/a>\n        <\/div>\n\n        <div class=\"media-body\">\n                        <p class=\"h2 media-heading\">\n                <a  href=\"#\" data-toggle=\"modal\" data-target=\"#ContactModal\"  title=\"Mario K. jetzt Kontakt aufnehmen!\">\n                    <span class=\"contact-name\">Mario K.<\/span>\n                <\/a>\n\n                <span class=\"contact-text\"><\/span> <span class=\"contact-city\"><a href=\"https:\/\/anwalt.rocks\/arbeitsrecht\/region\/benningen-am-neckar\/\">Anwalt Arbeitsrecht Benningen am Neckar<\/a><\/span>            <\/p>\n\n            <div class=\"quote\"><p>Dieser Anwalt wurde mir empfohlen, als ich Probleme mit der Auszahlung meines Urlaubsanspruchs hatte. Er hat meinen Arbeitgeber schnell und effektiv zur Zahlung gebracht. Sein Fachwissen im Arbeitsrecht und sein strategisches Vorgehen waren hervorragend. Ich werde ihn definitiv weiterempfehlen!&hellip;<\/p><\/div>\n            <a class=\"btn btn-cta\"  href=\"#\" data-toggle=\"modal\" data-target=\"#ContactModal\"  title=\"Mario K. jetzt Kontakt aufnehmen!\">\n                Nachricht senden            <\/a>\n        <\/div>\n    <\/div>\n<\/article><article class=\"contact contact-list post-2603 profile type-profile status-publish has-post-thumbnail hentry\" data-contact=\"2603\">\n    \n    <div class=\"media\">\n        <div class=\"media-left\">\n            <a  href=\"#\" data-toggle=\"modal\" data-target=\"#ContactModal\"  title=\"Lisa K., 41 Jahre, aus Berlin jetzt Kontakt aufnehmen!\">\n                <img loading=\"lazy\" decoding=\"async\" width=\"500\" height=\"500\" src=\"https:\/\/anwalt.rocks\/arbeitsrecht\/wp-content\/uploads\/sites\/2\/2025\/01\/meinung-02.jpg\" class=\"contact-image media-object wp-post-image\" alt=\"Lisa K., 41 Jahre, aus Berlin\" srcset=\"https:\/\/anwalt.rocks\/arbeitsrecht\/wp-content\/uploads\/sites\/2\/2025\/01\/meinung-02.jpg 500w, https:\/\/anwalt.rocks\/arbeitsrecht\/wp-content\/uploads\/sites\/2\/2025\/01\/meinung-02-300x300.jpg 300w, https:\/\/anwalt.rocks\/arbeitsrecht\/wp-content\/uploads\/sites\/2\/2025\/01\/meinung-02-150x150.jpg 150w\" sizes=\"auto, (max-width: 500px) 100vw, 500px\" \/>            <\/a>\n        <\/div>\n\n        <div class=\"media-body\">\n                        <p class=\"h2 media-heading\">\n                <a  href=\"#\" data-toggle=\"modal\" data-target=\"#ContactModal\"  title=\"Lisa K., 41 Jahre, aus Berlin jetzt Kontakt aufnehmen!\">\n                    <span class=\"contact-name\">Lisa K., 41 Jahre, aus Berlin<\/span>\n                <\/a>\n\n                <span class=\"contact-text\"><\/span> <span class=\"contact-city\"><a href=\"https:\/\/anwalt.rocks\/arbeitsrecht\/region\/hinwil\/\">Anwalt Arbeitsrecht Hinwil<\/a><\/span>            <\/p>\n\n            <div class=\"quote\"><p>Ich bin so froh, dass ich Herrn Dr. Schmelzer gefunden habe! Nach 15 Jahren im gleichen Unternehmen wurde ich pl\u00f6tzlich gek\u00fcndigt \u2013 angeblich wegen betrieblicher Umst\u00e4nde. Dr. Schmelzer hat sofort erkannt, dass die K\u00fcndigung unwirksam war, und hat einen wirklich &hellip;<\/p><\/div>\n            <a class=\"btn btn-cta\"  href=\"#\" data-toggle=\"modal\" data-target=\"#ContactModal\"  title=\"Lisa K., 41 Jahre, aus Berlin jetzt Kontakt aufnehmen!\">\n                Nachricht senden            <\/a>\n        <\/div>\n    <\/div>\n<\/article><article class=\"contact contact-list post-2643 profile type-profile status-publish has-post-thumbnail hentry\" data-contact=\"2643\">\n    \n    <div class=\"media\">\n        <div class=\"media-left\">\n            <a  href=\"#\" data-toggle=\"modal\" data-target=\"#ContactModal\"  title=\"Marco R. jetzt Kontakt aufnehmen!\">\n                <img loading=\"lazy\" decoding=\"async\" width=\"500\" height=\"500\" src=\"https:\/\/anwalt.rocks\/arbeitsrecht\/wp-content\/uploads\/sites\/2\/2025\/01\/meinung-15.jpg\" class=\"contact-image media-object wp-post-image\" alt=\"Marco R.\" srcset=\"https:\/\/anwalt.rocks\/arbeitsrecht\/wp-content\/uploads\/sites\/2\/2025\/01\/meinung-15.jpg 500w, https:\/\/anwalt.rocks\/arbeitsrecht\/wp-content\/uploads\/sites\/2\/2025\/01\/meinung-15-300x300.jpg 300w, https:\/\/anwalt.rocks\/arbeitsrecht\/wp-content\/uploads\/sites\/2\/2025\/01\/meinung-15-150x150.jpg 150w\" sizes=\"auto, (max-width: 500px) 100vw, 500px\" \/>            <\/a>\n        <\/div>\n\n        <div class=\"media-body\">\n                        <p class=\"h2 media-heading\">\n                <a  href=\"#\" data-toggle=\"modal\" data-target=\"#ContactModal\"  title=\"Marco R. jetzt Kontakt aufnehmen!\">\n                    <span class=\"contact-name\">Marco R.<\/span>\n                <\/a>\n\n                <span class=\"contact-text\"><\/span> <span class=\"contact-city\"><a href=\"https:\/\/anwalt.rocks\/arbeitsrecht\/region\/bonn-geislar\/\">Anwalt Arbeitsrecht Bonn Geislar<\/a><\/span>            <\/p>\n\n            <div class=\"quote\"><p>Ich hatte ein Problem mit einer unwirksamen Befristung in meinem Arbeitsvertrag. RA Schmelzer hat den Fall \u00fcbernommen und konnte schnell eine Festanstellung f\u00fcr mich aushandeln. Seine Fachkenntnisse und seine freundliche Art haben mich sehr \u00fcberzeugt. Ich kann ihn nur w\u00e4rmstens &hellip;<\/p><\/div>\n            <a class=\"btn btn-cta\"  href=\"#\" data-toggle=\"modal\" data-target=\"#ContactModal\"  title=\"Marco R. jetzt Kontakt aufnehmen!\">\n                Nachricht senden            <\/a>\n        <\/div>\n    <\/div>\n<\/article>\n<div class=\"blogposts\"><ul><li><a href=\"https:\/\/anwalt.rocks\/arbeitsrecht\/pegnitz\/\" title=\"Anwalt Pegnitz in Sachen Arbeitsrecht.\">Anwalt Pegnitz in Sachen Arbeitsrecht.<\/a><\/li><li><a href=\"https:\/\/anwalt.rocks\/arbeitsrecht\/bad-gottleuba\/\" title=\"Anwalt Bad Gottleuba bzgl. Arbeitsrecht.\">Anwalt Bad Gottleuba bzgl. Arbeitsrecht.<\/a><\/li><li><a href=\"https:\/\/anwalt.rocks\/arbeitsrecht\/willebadessen\/\" title=\"Fachanwalt in Sachen IT- und Arbeitsrecht Willebadessen.\">Fachanwalt in Sachen IT- und Arbeitsrecht Willebadessen.<\/a><\/li><li><a href=\"https:\/\/anwalt.rocks\/arbeitsrecht\/weitra\/\" title=\"Rechtsanwalt Weitra Spezialist f\u00fcr IT- und Arbeitsrecht.\">Rechtsanwalt Weitra Spezialist f\u00fcr IT- und Arbeitsrecht.<\/a><\/li><li><a href=\"https:\/\/anwalt.rocks\/arbeitsrecht\/bad-buchau\/\" title=\"Anwalt Bad Buchau Experte f\u00fcr Arbeits- und IT Recht.\">Anwalt Bad Buchau Experte f\u00fcr Arbeits- und IT Recht.<\/a><\/li><li><a href=\"https:\/\/anwalt.rocks\/arbeitsrecht\/lichtenfels\/\" title=\"Anwalt Arbeitsrecht Lichtenfels &#8211; Inzwischen 42 \u00fcbergl\u00fcckliche Kunden.\">Anwalt Arbeitsrecht Lichtenfels &#8211; Inzwischen 42 \u00fcbergl\u00fcckliche Kunden.<\/a><\/li><li><a href=\"https:\/\/anwalt.rocks\/arbeitsrecht\/neuenrade\/\" title=\"Kanzlei Dr. Stephan Schmelzer Rechtsanwalt Arbeitsrecht Neuenrade.\">Kanzlei Dr. Stephan Schmelzer Rechtsanwalt Arbeitsrecht Neuenrade.<\/a><\/li><\/ul><\/div>\n","protected":false},"excerpt":{"rendered":"<h2>Spezialist Arbeitsrecht Neuenrade f\u00fcr Arbeitnehmer sowie Arbeitgeber f\u00fcr Lohnfortzahlung im Krankheitsfall.<\/h2>\n<p><a href=\"https:\/\/dr-schmelzer.eu\/arbeitsrecht\/\" target=\"_blank\" rel=\"noopener\"><img loading=\"lazy\" decoding=\"async\" src=\"https:\/\/anwalt.rocks\/bilder\/arbeitsrecht\/anwalt-arbeitsrecht-600x600.webp\" alt=\"Kanzlei Dr. Stephan Schmelzer Rechtsanwalt Arbeitsrecht Neuenrade.\" title=\"Kanzlei Dr. Stephan Schmelzer Rechtsanwalt Arbeitsrecht Neuenrade.\" width=\"600\" height=\"600\" \/><\/a> <\/p>\n<h3>Rechtsanwalt Arbeitsrecht und IT Recht Neuenrade &#8211; Anwaltskanzlei Dr. Stephan Schmelzer.<\/h3>\n<p>Dr. Stephan Schmelzer bietet Ihnen individuelle Beratung in allen arbeitsrechtlichen Angelegenheiten. Seine langj\u00e4hrige Erfahrung und die Fachanwaltszulassung haben &hellip;<\/p>","protected":false},"author":1,"featured_media":0,"comment_status":"closed","ping_status":"open","sticky":false,"template":"","format":"standard","meta":{"footnotes":""},"categories":[3],"tags":[],"class_list":["post-8198","post","type-post","status-publish","format-standard","hentry","category-fachanwalt"],"yoast_head":"<!-- This site is optimized with the Yoast SEO Premium plugin v27.1 (Yoast SEO v27.2) - https:\/\/yoast.com\/product\/yoast-seo-premium-wordpress\/ -->\n<title>Anwalt Gl\u00fccksburg Fachanwalt im Bereich Arbeits- und IT Recht.<\/title>\n<meta name=\"robots\" content=\"index, follow, max-snippet:-1, max-image-preview:large, max-video-preview:-1\" \/>\n<link rel=\"canonical\" href=\"https:\/\/anwalt.rocks\/arbeitsrecht\/gluecksburg\/\" \/>\n<meta property=\"og:locale\" content=\"de_DE\" \/>\n<meta property=\"og:type\" content=\"article\" \/>\n<meta property=\"og:title\" content=\"Anwalt Gl\u00fccksburg Fachanwalt im Bereich Arbeits- und IT Recht.\" \/>\n<meta property=\"og:description\" content=\"Spezialist Arbeitsrecht Neuenrade f\u00fcr Arbeitnehmer sowie Arbeitgeber f\u00fcr Lohnfortzahlung im Krankheitsfall.  Rechtsanwalt Arbeitsrecht und IT Recht Neuenrade &#8211; Anwaltskanzlei Dr. Stephan Schmelzer. Dr. Stephan Schmelzer bietet Ihnen individuelle Beratung in allen arbeitsrechtlichen Angelegenheiten. Seine langj\u00e4hrige Erfahrung und die Fachanwaltszulassung haben &hellip;\" \/>\n<meta property=\"og:url\" content=\"https:\/\/anwalt.rocks\/arbeitsrecht\/gluecksburg\/\" \/>\n<meta property=\"og:site_name\" content=\"Anwalt Arbeitsrecht in der N\u00e4he - Dr. Schmelzer\" \/>\n<meta property=\"article:published_time\" content=\"2025-01-11T06:10:26+00:00\" \/>\n<meta property=\"og:image\" content=\"https:\/\/anwalt.rocks\/bilder\/arbeitsrecht\/anwalt-arbeitsrecht-600x600.webp\" \/>\n<meta name=\"author\" content=\"admin\" \/>\n<meta name=\"twitter:card\" content=\"summary_large_image\" \/>\n<meta name=\"twitter:label1\" content=\"Verfasst von\" \/>\n\t<meta name=\"twitter:data1\" content=\"admin\" \/>\n\t<meta name=\"twitter:label2\" content=\"Gesch\u00e4tzte Lesezeit\" \/>\n\t<meta name=\"twitter:data2\" content=\"3\u00a0Minuten\" \/>\n<script type=\"application\/ld+json\" class=\"yoast-schema-graph\">{\"@context\":\"https:\/\/schema.org\",\"@graph\":[{\"@type\":\"Article\",\"@id\":\"https:\/\/anwalt.rocks\/arbeitsrecht\/gluecksburg\/#article\",\"isPartOf\":{\"@id\":\"https:\/\/anwalt.rocks\/arbeitsrecht\/gluecksburg\/\"},\"author\":{\"name\":\"admin\",\"@id\":\"https:\/\/anwalt.rocks\/arbeitsrecht\/#\/schema\/person\/3fd3b0fc4df170bb2460fbc934288e39\"},\"headline\":\"Anwalt Gl\u00fccksburg Fachanwalt im Bereich Arbeits- und IT Recht.\",\"datePublished\":\"2025-01-11T06:10:26+00:00\",\"mainEntityOfPage\":{\"@id\":\"https:\/\/anwalt.rocks\/arbeitsrecht\/gluecksburg\/\"},\"wordCount\":697,\"publisher\":{\"@id\":\"https:\/\/anwalt.rocks\/arbeitsrecht\/#organization\"},\"image\":{\"@id\":\"https:\/\/anwalt.rocks\/arbeitsrecht\/gluecksburg\/#primaryimage\"},\"thumbnailUrl\":\"https:\/\/anwalt.rocks\/bilder\/arbeitsrecht\/anwalt-arbeitsrecht-600x600.webp\",\"articleSection\":[\"Fachanwalt\"],\"inLanguage\":\"de\"},{\"@type\":\"WebPage\",\"@id\":\"https:\/\/anwalt.rocks\/arbeitsrecht\/gluecksburg\/\",\"url\":\"https:\/\/anwalt.rocks\/arbeitsrecht\/gluecksburg\/\",\"name\":\"Anwalt Gl\u00fccksburg Fachanwalt im Bereich Arbeits- und IT Recht.\",\"isPartOf\":{\"@id\":\"https:\/\/anwalt.rocks\/arbeitsrecht\/#website\"},\"primaryImageOfPage\":{\"@id\":\"https:\/\/anwalt.rocks\/arbeitsrecht\/gluecksburg\/#primaryimage\"},\"image\":{\"@id\":\"https:\/\/anwalt.rocks\/arbeitsrecht\/gluecksburg\/#primaryimage\"},\"thumbnailUrl\":\"https:\/\/anwalt.rocks\/bilder\/arbeitsrecht\/anwalt-arbeitsrecht-600x600.webp\",\"datePublished\":\"2025-01-11T06:10:26+00:00\",\"breadcrumb\":{\"@id\":\"https:\/\/anwalt.rocks\/arbeitsrecht\/gluecksburg\/#breadcrumb\"},\"inLanguage\":\"de\",\"potentialAction\":[{\"@type\":\"ReadAction\",\"target\":[\"https:\/\/anwalt.rocks\/arbeitsrecht\/gluecksburg\/\"]}]},{\"@type\":\"ImageObject\",\"inLanguage\":\"de\",\"@id\":\"https:\/\/anwalt.rocks\/arbeitsrecht\/gluecksburg\/#primaryimage\",\"url\":\"https:\/\/anwalt.rocks\/bilder\/arbeitsrecht\/anwalt-arbeitsrecht-600x600.webp\",\"contentUrl\":\"https:\/\/anwalt.rocks\/bilder\/arbeitsrecht\/anwalt-arbeitsrecht-600x600.webp\"},{\"@type\":\"BreadcrumbList\",\"@id\":\"https:\/\/anwalt.rocks\/arbeitsrecht\/gluecksburg\/#breadcrumb\",\"itemListElement\":[{\"@type\":\"ListItem\",\"position\":1,\"name\":\"Start\",\"item\":\"https:\/\/anwalt.rocks\/arbeitsrecht\/\"},{\"@type\":\"ListItem\",\"position\":2,\"name\":\"Anwalt Gl\u00fccksburg Fachanwalt im Bereich Arbeits- und IT Recht.\"}]},{\"@type\":\"WebSite\",\"@id\":\"https:\/\/anwalt.rocks\/arbeitsrecht\/#website\",\"url\":\"https:\/\/anwalt.rocks\/arbeitsrecht\/\",\"name\":\"Anwalt Arbeitsrecht in der N\u00e4he - Dr. Schmelzer\",\"description\":\"Kompetenzen und Vorteile von Dr. Stephan Schmelzer \u2013 Anwalt und Fachanwalt f\u00fcr Arbeitsrecht mit 25 j\u00e4hriger Berufspraxis.\",\"publisher\":{\"@id\":\"https:\/\/anwalt.rocks\/arbeitsrecht\/#organization\"},\"potentialAction\":[{\"@type\":\"SearchAction\",\"target\":{\"@type\":\"EntryPoint\",\"urlTemplate\":\"https:\/\/anwalt.rocks\/arbeitsrecht\/?s={search_term_string}\"},\"query-input\":{\"@type\":\"PropertyValueSpecification\",\"valueRequired\":true,\"valueName\":\"search_term_string\"}}],\"inLanguage\":\"de\"},{\"@type\":\"Organization\",\"@id\":\"https:\/\/anwalt.rocks\/arbeitsrecht\/#organization\",\"name\":\"Kanzlei Dr. Schmelzer\",\"url\":\"https:\/\/anwalt.rocks\/arbeitsrecht\/\",\"logo\":{\"@type\":\"ImageObject\",\"inLanguage\":\"de\",\"@id\":\"https:\/\/anwalt.rocks\/arbeitsrecht\/#\/schema\/logo\/image\/\",\"url\":\"https:\/\/anwalt.rocks\/arbeitsrecht\/wp-content\/uploads\/sites\/2\/2025\/01\/anwalt-arbeitsrecht-logo.png\",\"contentUrl\":\"https:\/\/anwalt.rocks\/arbeitsrecht\/wp-content\/uploads\/sites\/2\/2025\/01\/anwalt-arbeitsrecht-logo.png\",\"width\":450,\"height\":150,\"caption\":\"Kanzlei Dr. Schmelzer\"},\"image\":{\"@id\":\"https:\/\/anwalt.rocks\/arbeitsrecht\/#\/schema\/logo\/image\/\"}},{\"@type\":\"Person\",\"@id\":\"https:\/\/anwalt.rocks\/arbeitsrecht\/#\/schema\/person\/3fd3b0fc4df170bb2460fbc934288e39\",\"name\":\"admin\",\"image\":{\"@type\":\"ImageObject\",\"inLanguage\":\"de\",\"@id\":\"https:\/\/secure.gravatar.com\/avatar\/2a567a722e62dc61f1aaa46c6b595fa617f2003443806e3422a8fed77c029cfc?s=96&d=mm&r=g\",\"url\":\"https:\/\/secure.gravatar.com\/avatar\/2a567a722e62dc61f1aaa46c6b595fa617f2003443806e3422a8fed77c029cfc?s=96&d=mm&r=g\",\"contentUrl\":\"https:\/\/secure.gravatar.com\/avatar\/2a567a722e62dc61f1aaa46c6b595fa617f2003443806e3422a8fed77c029cfc?s=96&d=mm&r=g\",\"caption\":\"admin\"},\"sameAs\":[\"https:\/\/anwalt.rocks\"],\"url\":\"https:\/\/anwalt.rocks\/arbeitsrecht\/author\/admin\/\"}]}<\/script>\n<!-- \/ Yoast SEO Premium plugin. -->","yoast_head_json":{"title":"Anwalt Gl\u00fccksburg Fachanwalt im Bereich Arbeits- und IT Recht.","robots":{"index":"index","follow":"follow","max-snippet":"max-snippet:-1","max-image-preview":"max-image-preview:large","max-video-preview":"max-video-preview:-1"},"canonical":"https:\/\/anwalt.rocks\/arbeitsrecht\/gluecksburg\/","og_locale":"de_DE","og_type":"article","og_title":"Anwalt Gl\u00fccksburg Fachanwalt im Bereich Arbeits- und IT Recht.","og_description":"Spezialist Arbeitsrecht Neuenrade f\u00fcr Arbeitnehmer sowie Arbeitgeber f\u00fcr Lohnfortzahlung im Krankheitsfall.  Rechtsanwalt Arbeitsrecht und IT Recht Neuenrade &#8211; Anwaltskanzlei Dr. Stephan Schmelzer. Dr. Stephan Schmelzer bietet Ihnen individuelle Beratung in allen arbeitsrechtlichen Angelegenheiten. Seine langj\u00e4hrige Erfahrung und die Fachanwaltszulassung haben &hellip;","og_url":"https:\/\/anwalt.rocks\/arbeitsrecht\/gluecksburg\/","og_site_name":"Anwalt Arbeitsrecht in der N\u00e4he - Dr. Schmelzer","article_published_time":"2025-01-11T06:10:26+00:00","og_image":[{"url":"https:\/\/anwalt.rocks\/bilder\/arbeitsrecht\/anwalt-arbeitsrecht-600x600.webp","type":"","width":"","height":""}],"author":"admin","twitter_card":"summary_large_image","twitter_misc":{"Verfasst von":"admin","Gesch\u00e4tzte Lesezeit":"3\u00a0Minuten"},"schema":{"@context":"https:\/\/schema.org","@graph":[{"@type":"Article","@id":"https:\/\/anwalt.rocks\/arbeitsrecht\/gluecksburg\/#article","isPartOf":{"@id":"https:\/\/anwalt.rocks\/arbeitsrecht\/gluecksburg\/"},"author":{"name":"admin","@id":"https:\/\/anwalt.rocks\/arbeitsrecht\/#\/schema\/person\/3fd3b0fc4df170bb2460fbc934288e39"},"headline":"Anwalt Gl\u00fccksburg Fachanwalt im Bereich Arbeits- und IT Recht.","datePublished":"2025-01-11T06:10:26+00:00","mainEntityOfPage":{"@id":"https:\/\/anwalt.rocks\/arbeitsrecht\/gluecksburg\/"},"wordCount":697,"publisher":{"@id":"https:\/\/anwalt.rocks\/arbeitsrecht\/#organization"},"image":{"@id":"https:\/\/anwalt.rocks\/arbeitsrecht\/gluecksburg\/#primaryimage"},"thumbnailUrl":"https:\/\/anwalt.rocks\/bilder\/arbeitsrecht\/anwalt-arbeitsrecht-600x600.webp","articleSection":["Fachanwalt"],"inLanguage":"de"},{"@type":"WebPage","@id":"https:\/\/anwalt.rocks\/arbeitsrecht\/gluecksburg\/","url":"https:\/\/anwalt.rocks\/arbeitsrecht\/gluecksburg\/","name":"Anwalt Gl\u00fccksburg Fachanwalt im Bereich Arbeits- und IT Recht.","isPartOf":{"@id":"https:\/\/anwalt.rocks\/arbeitsrecht\/#website"},"primaryImageOfPage":{"@id":"https:\/\/anwalt.rocks\/arbeitsrecht\/gluecksburg\/#primaryimage"},"image":{"@id":"https:\/\/anwalt.rocks\/arbeitsrecht\/gluecksburg\/#primaryimage"},"thumbnailUrl":"https:\/\/anwalt.rocks\/bilder\/arbeitsrecht\/anwalt-arbeitsrecht-600x600.webp","datePublished":"2025-01-11T06:10:26+00:00","breadcrumb":{"@id":"https:\/\/anwalt.rocks\/arbeitsrecht\/gluecksburg\/#breadcrumb"},"inLanguage":"de","potentialAction":[{"@type":"ReadAction","target":["https:\/\/anwalt.rocks\/arbeitsrecht\/gluecksburg\/"]}]},{"@type":"ImageObject","inLanguage":"de","@id":"https:\/\/anwalt.rocks\/arbeitsrecht\/gluecksburg\/#primaryimage","url":"https:\/\/anwalt.rocks\/bilder\/arbeitsrecht\/anwalt-arbeitsrecht-600x600.webp","contentUrl":"https:\/\/anwalt.rocks\/bilder\/arbeitsrecht\/anwalt-arbeitsrecht-600x600.webp"},{"@type":"BreadcrumbList","@id":"https:\/\/anwalt.rocks\/arbeitsrecht\/gluecksburg\/#breadcrumb","itemListElement":[{"@type":"ListItem","position":1,"name":"Start","item":"https:\/\/anwalt.rocks\/arbeitsrecht\/"},{"@type":"ListItem","position":2,"name":"Anwalt Gl\u00fccksburg Fachanwalt im Bereich Arbeits- und IT Recht."}]},{"@type":"WebSite","@id":"https:\/\/anwalt.rocks\/arbeitsrecht\/#website","url":"https:\/\/anwalt.rocks\/arbeitsrecht\/","name":"Anwalt Arbeitsrecht in der N\u00e4he - Dr. Schmelzer","description":"Kompetenzen und Vorteile von Dr. Stephan Schmelzer \u2013 Anwalt und Fachanwalt f\u00fcr Arbeitsrecht mit 25 j\u00e4hriger Berufspraxis.","publisher":{"@id":"https:\/\/anwalt.rocks\/arbeitsrecht\/#organization"},"potentialAction":[{"@type":"SearchAction","target":{"@type":"EntryPoint","urlTemplate":"https:\/\/anwalt.rocks\/arbeitsrecht\/?s={search_term_string}"},"query-input":{"@type":"PropertyValueSpecification","valueRequired":true,"valueName":"search_term_string"}}],"inLanguage":"de"},{"@type":"Organization","@id":"https:\/\/anwalt.rocks\/arbeitsrecht\/#organization","name":"Kanzlei Dr. Schmelzer","url":"https:\/\/anwalt.rocks\/arbeitsrecht\/","logo":{"@type":"ImageObject","inLanguage":"de","@id":"https:\/\/anwalt.rocks\/arbeitsrecht\/#\/schema\/logo\/image\/","url":"https:\/\/anwalt.rocks\/arbeitsrecht\/wp-content\/uploads\/sites\/2\/2025\/01\/anwalt-arbeitsrecht-logo.png","contentUrl":"https:\/\/anwalt.rocks\/arbeitsrecht\/wp-content\/uploads\/sites\/2\/2025\/01\/anwalt-arbeitsrecht-logo.png","width":450,"height":150,"caption":"Kanzlei Dr. Schmelzer"},"image":{"@id":"https:\/\/anwalt.rocks\/arbeitsrecht\/#\/schema\/logo\/image\/"}},{"@type":"Person","@id":"https:\/\/anwalt.rocks\/arbeitsrecht\/#\/schema\/person\/3fd3b0fc4df170bb2460fbc934288e39","name":"admin","image":{"@type":"ImageObject","inLanguage":"de","@id":"https:\/\/secure.gravatar.com\/avatar\/2a567a722e62dc61f1aaa46c6b595fa617f2003443806e3422a8fed77c029cfc?s=96&d=mm&r=g","url":"https:\/\/secure.gravatar.com\/avatar\/2a567a722e62dc61f1aaa46c6b595fa617f2003443806e3422a8fed77c029cfc?s=96&d=mm&r=g","contentUrl":"https:\/\/secure.gravatar.com\/avatar\/2a567a722e62dc61f1aaa46c6b595fa617f2003443806e3422a8fed77c029cfc?s=96&d=mm&r=g","caption":"admin"},"sameAs":["https:\/\/anwalt.rocks"],"url":"https:\/\/anwalt.rocks\/arbeitsrecht\/author\/admin\/"}]}},"_links":{"self":[{"href":"https:\/\/anwalt.rocks\/arbeitsrecht\/wp-json\/wp\/v2\/posts\/8198","targetHints":{"allow":["GET"]}}],"collection":[{"href":"https:\/\/anwalt.rocks\/arbeitsrecht\/wp-json\/wp\/v2\/posts"}],"about":[{"href":"https:\/\/anwalt.rocks\/arbeitsrecht\/wp-json\/wp\/v2\/types\/post"}],"author":[{"embeddable":true,"href":"https:\/\/anwalt.rocks\/arbeitsrecht\/wp-json\/wp\/v2\/users\/1"}],"replies":[{"embeddable":true,"href":"https:\/\/anwalt.rocks\/arbeitsrecht\/wp-json\/wp\/v2\/comments?post=8198"}],"version-history":[{"count":0,"href":"https:\/\/anwalt.rocks\/arbeitsrecht\/wp-json\/wp\/v2\/posts\/8198\/revisions"}],"wp:attachment":[{"href":"https:\/\/anwalt.rocks\/arbeitsrecht\/wp-json\/wp\/v2\/media?parent=8198"}],"wp:term":[{"taxonomy":"category","embeddable":true,"href":"https:\/\/anwalt.rocks\/arbeitsrecht\/wp-json\/wp\/v2\/categories?post=8198"},{"taxonomy":"post_tag","embeddable":true,"href":"https:\/\/anwalt.rocks\/arbeitsrecht\/wp-json\/wp\/v2\/tags?post=8198"}],"curies":[{"name":"wp","href":"https:\/\/api.w.org\/{rel}","templated":true}]}}