{"id":8225,"date":"2025-01-04T04:40:13","date_gmt":"2025-01-04T03:40:13","guid":{"rendered":"https:\/\/anwalt.rocks\/arbeitsrecht\/graz\/"},"modified":"2025-01-04T04:40:13","modified_gmt":"2025-01-04T03:40:13","slug":"graz","status":"publish","type":"post","link":"https:\/\/anwalt.rocks\/arbeitsrecht\/graz\/","title":{"rendered":"Fachanwalt f\u00fcr Arbeitsrecht Graz."},"content":{"rendered":"<span class=\"span-reading-time rt-reading-time\" style=\"display: block;\"><span class=\"rt-label rt-prefix\">Lesedauer<\/span> <span class=\"rt-time\"> 3<\/span> <span class=\"rt-label rt-postfix\">Minuten<\/span><\/span><h2>Anwalt Arbeitsrecht Graz &#8211; Fachanwalt  f\u00fcr \u00fcberregionale Vertretungen.<\/h2>\n<p><a href=\"https:\/\/dr-schmelzer.eu\/arbeitsrecht\/\" target=\"_blank\" rel=\"noopener\"><img loading=\"lazy\" decoding=\"async\" src=\"https:\/\/anwalt.rocks\/bilder\/arbeitsrecht\/anwalt-arbeitsrecht-600x600.webp\" alt=\"Fachanwalt f\u00fcr Arbeitsrecht Graz.\" title=\"Fachanwalt f\u00fcr Arbeitsrecht Graz.\" width=\"600\" height=\"600\" \/><\/a> <\/p>\n<h3>Anwalt Arbeitsrecht Graz &#8211; Anwaltskanzlei Dr. Stephan Schmelzer.<\/h3>\n<p>Ihr Experte f\u00fcr arbeitsrechtliche Fragestellungen: Dr. Stephan Schmelzer. Mit mehr als 25 Jahren juristischer T\u00e4tigkeit hat er sich als Fachanwalt f\u00fcr Arbeitsrecht seit 2002 \u00fcber Ahlen hinaus etabliert. Seit \u00fcber zwei Jahrzehnten steht seine Kanzlei f\u00fcr juristische Exzellenz und individuelle Mandantenbetreuung. Mit einer Spezialisierung auf Arbeitsrecht und IT-Recht ist Dr. Schmelzer in der digitalisierten Arbeitswelt bestens aufgestellt. &#8211; <a title=\"Anwalt Kaiserslautern\" href=\"https:\/\/anwalt.rocks\/arbeitsrecht\/kaiserslautern\/\">Anwalt Kaiserslautern<\/a><\/p>\n<p><a href=\"https:\/\/dr-schmelzer.eu\/arbeitsrecht\/\" target=\"_blank\" rel=\"noopener\"><img loading=\"lazy\" decoding=\"async\" src=\"https:\/\/anwalt.rocks\/bilder\/arbeitsrecht\/rechtsanwalt-arbeitsrecht-600x600.webp\" alt=\"Anwalt Arbeitsrecht Graz\" title=\"Anwalt Arbeitsrecht Graz\" width=\"600\" height=\"600\" \/><\/a> <\/p>\n<h3>Anwaltskanzlei Dr. Stephan Schmelzer &#8211; Fachanwalt f\u00fcr Arbeitsrecht Graz.<\/h3>\n<p>Erg\u00e4nzende IT-rechtliche Beratung ist m\u00f6glich, doch der Kern seiner Arbeit liegt im Arbeitsrecht mit nationalem und internationalem Fokus. Ob f\u00fcr arbeitsrechtliche Konflikte oder Pr\u00e4vention \u2013 Dr. Schmelzer bietet passgenaue Unterst\u00fctzung f\u00fcr Arbeitgeber und Arbeitnehmer. Seine langj\u00e4hrige Erfahrung und sein Engagement f\u00fcr individuelle Mandantenanliegen machen ihn zu einem angesehenen Spezialisten. &#8211; <a title=\"Anwalt Taucha\" href=\"https:\/\/anwalt.rocks\/arbeitsrecht\/taucha\/\">Anwalt Taucha<\/a><\/p>\n<h3>Hohes Durchsetzungsverm\u00f6gen &#8211; Seit 1998 t\u00e4tig als Arbeitsrechtler Graz.<\/h3>\n<p>Von Arbeitsvertr\u00e4gen bis hin zu Restrukturierungen erstrecken sich die rechtlichen Herausforderungen, denen Arbeitgeber heute gegen\u00fcberstehen. Mit praxisnaher Beratung hilft Dr. Schmelzer Unternehmen, rechtliche Herausforderungen zu bew\u00e4ltigen und passgenaue L\u00f6sungen zu finden. Seine T\u00e4tigkeit umfasst insbesondere: &#8211; <a title=\"Anwalt Arbeitsrecht Saar\" href=\"https:\/\/anwalt.rocks\/arbeitsrecht\/saar\/\">Anwalt Arbeitsrecht Saar<\/a><\/p>\n<h3>Anwalt Arbeitsrecht Graz 39 gl\u00fcckliche Klienten.<\/h3>\n<p>Entwicklung und \u00dcberpr\u00fcfung von Arbeitsvertr\u00e4gen, die juristische Sicherheit und Flexibilit\u00e4t vereinen. Konzeption flexibler L\u00f6sungen f\u00fcr Arbeitszeit und Verg\u00fctung, die optimal an die Unternehmensbed\u00fcrfnisse angepasst sind. &#8211; <a title=\"Anwalt Arbeitsrecht Heidenheim\" href=\"https:\/\/anwalt.rocks\/arbeitsrecht\/heidenheim\/\">Anwalt Arbeitsrecht Heidenheim<\/a><\/p>\n<h3>Deswegen entscheidet man sich f\u00fcr den zuverl\u00e4ssigen Anwalt Graz:<\/h3>\n<p>Beratung bei der Vorbereitung und Durchf\u00fchrung von K\u00fcndigungen aus betrieblichen, verhaltens- oder personenbezogenen Gr\u00fcnden. Pr\u00e4vention rechtlicher Risiken und Unterst\u00fctzung w\u00e4hrend jeder Phase des K\u00fcndigungsprozesses.<\/p>\n<h3>Hohe Kompetenz und auch durchsetzungsstark.<\/h3>\n<p>Rechtliche Hilfestellung zur Beteiligung des Betriebsrats bei wesentlichen Entscheidungen. Unterst\u00fctzung bei der Erstellung und Implementierung von rechtssicheren Betriebsvereinbarungen. Unterst\u00fctzung bei der strategischen Organisation und rechtlichen Absicherung von Restrukturierungen. Fachliche Begleitung bei arbeitsgerichtlichen Auseinandersetzungen, einschlie\u00dflich K\u00fcndigungsschutzverfahren. Effektive und nachhaltige Verteidigung der Rechte des Unternehmens im Vordergrund.<\/p>\n<h3>Anwalt Arbeitsrecht Graz &#8211; Fachanwalt Dr. Schmelzer.<\/h3>\n<p>Auch Arbeitnehmer haben Zugang zu der umfassenden Expertise von Dr. Schmelzer. Gerade in schwierigen Auseinandersetzungen ist er ein zuverl\u00e4ssiger Partner, der sich f\u00fcr seine Mandanten stark macht. Folgende Leistungen werden bereitgestellt:<\/p>\n<p>Vertretung und Unterst\u00fctzung bei K\u00fcndigungsschutzklagen vor dem Arbeitsgericht. Unterst\u00fctzung bei der Aushandlung von Abfindungs- und Entsch\u00e4digungszahlungen. Vertretung und Unterst\u00fctzung bei K\u00fcndigungsschutzklagen vor dem Arbeitsgericht. Unterst\u00fctzung bei der Aushandlung von Abfindungs- und Entsch\u00e4digungszahlungen.<\/p>\n<p>Beratung bei der Aushandlung von Aufhebungsvertr\u00e4gen und der Festlegung von Abfindungen. Beratung und Unterst\u00fctzung bei der Bearbeitung von Arbeitszeugnissen f\u00fcr eine bessere berufliche Pr\u00e4sentation. Unterst\u00fctzung bei der Kl\u00e4rung und Durchsetzung korrekter Zeugnisbewertungen vor Gericht. Bedeutend weniger Kosten Unterst\u00fctzung bei der Kl\u00e4rung und Durchsetzung von ausstehenden Gehaltsanspr\u00fcchen. Begleitung bei der Durchsetzung von Entgeltanspr\u00fcchen und Verg\u00fctungen f\u00fcr \u00dcberstunden. Pr\u00fcfung von Abmahnungen und rechtliche Begleitung zur Aufhebung unbegr\u00fcndeter Ma\u00dfnahmen.<\/p>\n<h4>Betreuung f\u00fcr Arbeitgeber und Arbeitnehmer f\u00fcr Anwalt Arbeitsrecht Graz.<\/h4>\n<p>Dr. Schmelzer ist Experte f\u00fcr die Verbindung von Restrukturierung und Konfliktmanagement. Ein wichtiger T\u00e4tigkeitsbereich von Dr. Schmelzer ist die Unterst\u00fctzung von Unternehmen w\u00e4hrend der Restrukturierung. Neben juristischer Expertise sind Verhandlungsgeschick und wirtschaftliches Verst\u00e4ndnis unerl\u00e4sslich.<\/p>\n<p>Anwalt Graz Res\u00fcmee: Dr. Schmelzer verf\u00fcgt \u00fcber umfassende Erfahrung in der Erstellung und Umsetzung von Interessenausgleichen und Sozialpl\u00e4nen. Im Mittelpunkt steht die Entwicklung einer L\u00f6sung, die alle Seiten zufriedenstellt. Mit fundiertem Wissen und einer klugen Strategie ist Dr. Schmelzer ein erfahrener Ansprechpartner f\u00fcr Verhandlungen mit Gewerkschaften und Betriebsr\u00e4ten.<\/p>\n<p>Jeder Fall ist f\u00fcr den Fachanwalt f\u00fcr Arbeitsrecht eine frische Herausforderung, die intensive Beachtung verdient. Sein Ziel ist es, die Interessen seiner Mandanten bestm\u00f6glich zu vertreten, sei es durch au\u00dfergerichtliche Einigungen oder vor Gericht. Transparenz und ein vertrauensvoller Austausch mit seinen Mandanten bilden die Grundlage seiner Arbeit. Dr. Schmelzer strebt danach, die Erwartungen seiner Mandanten zu \u00fcbertreffen. Mandanten sch\u00e4tzen seine professionelle und l\u00f6sungsorientierte Herangehensweise, die sich in seinen Erfolgen widerspiegelt. Arbeitnehmer und Arbeitgeber k\u00f6nnen auf die professionelle Unterst\u00fctzung und langj\u00e4hrige Erfahrung von Dr. Stephan Schmelzer z\u00e4hlen.<\/p>\n<article class=\"contact contact-list post-2628 profile type-profile status-publish has-post-thumbnail hentry\" data-contact=\"2628\">\n    \n    <div class=\"media\">\n        <div class=\"media-left\">\n            <a  href=\"#\" data-toggle=\"modal\" data-target=\"#ContactModal\"  title=\"Sandra B., 39 Jahre, aus Bremen jetzt Kontakt aufnehmen!\">\n                <img loading=\"lazy\" decoding=\"async\" width=\"500\" height=\"500\" src=\"https:\/\/anwalt.rocks\/arbeitsrecht\/wp-content\/uploads\/sites\/2\/2025\/01\/meinung-10.jpg\" class=\"contact-image media-object wp-post-image\" alt=\"Sandra B., 39 Jahre, aus Bremen\" srcset=\"https:\/\/anwalt.rocks\/arbeitsrecht\/wp-content\/uploads\/sites\/2\/2025\/01\/meinung-10.jpg 500w, https:\/\/anwalt.rocks\/arbeitsrecht\/wp-content\/uploads\/sites\/2\/2025\/01\/meinung-10-300x300.jpg 300w, https:\/\/anwalt.rocks\/arbeitsrecht\/wp-content\/uploads\/sites\/2\/2025\/01\/meinung-10-150x150.jpg 150w\" sizes=\"auto, (max-width: 500px) 100vw, 500px\" \/>            <\/a>\n        <\/div>\n\n        <div class=\"media-body\">\n                        <p class=\"h2 media-heading\">\n                <a  href=\"#\" data-toggle=\"modal\" data-target=\"#ContactModal\"  title=\"Sandra B., 39 Jahre, aus Bremen jetzt Kontakt aufnehmen!\">\n                    <span class=\"contact-name\">Sandra B., 39 Jahre, aus Bremen<\/span>\n                <\/a>\n\n                <span class=\"contact-text\"><\/span> <span class=\"contact-city\"><a href=\"https:\/\/anwalt.rocks\/arbeitsrecht\/region\/trofaiach\/\">Anwalt Arbeitsrecht Trofaiach<\/a><\/span>            <\/p>\n\n            <div class=\"quote\"><p>Herr Schmelzer ist einfach unglaublich! In meinem Fall ging es um eine ungerechtfertigte Versetzung in eine andere Stadt. Er erkannte sofort, dass mein Arbeitgeber hier gegen geltendes Arbeitsrecht versto\u00dfen hatte, und setzte meine Interessen kompromisslos durch. Was mir besonders gefallen &hellip;<\/p><\/div>\n            <a class=\"btn btn-cta\"  href=\"#\" data-toggle=\"modal\" data-target=\"#ContactModal\"  title=\"Sandra B., 39 Jahre, aus Bremen jetzt Kontakt aufnehmen!\">\n                Nachricht senden            <\/a>\n        <\/div>\n    <\/div>\n<\/article><article class=\"contact contact-list post-2659 profile type-profile status-publish has-post-thumbnail hentry\" data-contact=\"2659\">\n    \n    <div class=\"media\">\n        <div class=\"media-left\">\n            <a  href=\"#\" data-toggle=\"modal\" data-target=\"#ContactModal\"  title=\"Sven B. jetzt Kontakt aufnehmen!\">\n                <img loading=\"lazy\" decoding=\"async\" width=\"500\" height=\"500\" src=\"https:\/\/anwalt.rocks\/arbeitsrecht\/wp-content\/uploads\/sites\/2\/2025\/01\/meinung-20.jpg\" class=\"contact-image media-object wp-post-image\" alt=\"Sven B.\" srcset=\"https:\/\/anwalt.rocks\/arbeitsrecht\/wp-content\/uploads\/sites\/2\/2025\/01\/meinung-20.jpg 500w, https:\/\/anwalt.rocks\/arbeitsrecht\/wp-content\/uploads\/sites\/2\/2025\/01\/meinung-20-300x300.jpg 300w, https:\/\/anwalt.rocks\/arbeitsrecht\/wp-content\/uploads\/sites\/2\/2025\/01\/meinung-20-150x150.jpg 150w\" sizes=\"auto, (max-width: 500px) 100vw, 500px\" \/>            <\/a>\n        <\/div>\n\n        <div class=\"media-body\">\n                        <p class=\"h2 media-heading\">\n                <a  href=\"#\" data-toggle=\"modal\" data-target=\"#ContactModal\"  title=\"Sven B. jetzt Kontakt aufnehmen!\">\n                    <span class=\"contact-name\">Sven B.<\/span>\n                <\/a>\n\n                <span class=\"contact-text\"><\/span> <span class=\"contact-city\"><a href=\"https:\/\/anwalt.rocks\/arbeitsrecht\/region\/garbsen\/\">Anwalt Arbeitsrecht Garbsen<\/a><\/span>            <\/p>\n\n            <div class=\"quote\"><p>Ich hatte ein Problem mit meiner Teilzeitvereinbarung, die mein Arbeitgeber pl\u00f6tzlich \u00e4ndern wollte. Dieser Anwalt hat mich umfassend beraten und den Fall zu meinen Gunsten gekl\u00e4rt. Seine Professionalit\u00e4t und sein Engagement sind wirklich herausragend. Vielen Dank f\u00fcr die gro\u00dfartige Unterst\u00fctzung!&hellip;<\/p><\/div>\n            <a class=\"btn btn-cta\"  href=\"#\" data-toggle=\"modal\" data-target=\"#ContactModal\"  title=\"Sven B. jetzt Kontakt aufnehmen!\">\n                Nachricht senden            <\/a>\n        <\/div>\n    <\/div>\n<\/article><article class=\"contact contact-list post-2619 profile type-profile status-publish has-post-thumbnail hentry\" data-contact=\"2619\">\n    \n    <div class=\"media\">\n        <div class=\"media-left\">\n            <a  href=\"#\" data-toggle=\"modal\" data-target=\"#ContactModal\"  title=\"Kathrin S., 37 Jahre, aus K\u00f6ln jetzt Kontakt aufnehmen!\">\n                <img loading=\"lazy\" decoding=\"async\" width=\"500\" height=\"500\" src=\"https:\/\/anwalt.rocks\/arbeitsrecht\/wp-content\/uploads\/sites\/2\/2025\/01\/meinung-07.jpg\" class=\"contact-image media-object wp-post-image\" alt=\"Kathrin S., 37 Jahre, aus K\u00f6ln\" srcset=\"https:\/\/anwalt.rocks\/arbeitsrecht\/wp-content\/uploads\/sites\/2\/2025\/01\/meinung-07.jpg 500w, https:\/\/anwalt.rocks\/arbeitsrecht\/wp-content\/uploads\/sites\/2\/2025\/01\/meinung-07-300x300.jpg 300w, https:\/\/anwalt.rocks\/arbeitsrecht\/wp-content\/uploads\/sites\/2\/2025\/01\/meinung-07-150x150.jpg 150w\" sizes=\"auto, (max-width: 500px) 100vw, 500px\" \/>            <\/a>\n        <\/div>\n\n        <div class=\"media-body\">\n                        <p class=\"h2 media-heading\">\n                <a  href=\"#\" data-toggle=\"modal\" data-target=\"#ContactModal\"  title=\"Kathrin S., 37 Jahre, aus K\u00f6ln jetzt Kontakt aufnehmen!\">\n                    <span class=\"contact-name\">Kathrin S., 37 Jahre, aus K\u00f6ln<\/span>\n                <\/a>\n\n                <span class=\"contact-text\"><\/span> <span class=\"contact-city\"><a href=\"https:\/\/anwalt.rocks\/arbeitsrecht\/region\/marling\/\">Anwalt Arbeitsrecht Marling<\/a><\/span>            <\/p>\n\n            <div class=\"quote\"><p>Nachdem ich \u00fcber viele Jahre hinweg \u00dcberstunden gemacht hatte, wollte ich endlich eine faire Bezahlung daf\u00fcr. Mein Arbeitgeber stellte sich quer, doch Herr Dr. Schmelzer konnte meine Anspr\u00fcche durchsetzen. Er ging sehr strukturiert vor und erkl\u00e4rte mir alles in Ruhe. &hellip;<\/p><\/div>\n            <a class=\"btn btn-cta\"  href=\"#\" data-toggle=\"modal\" data-target=\"#ContactModal\"  title=\"Kathrin S., 37 Jahre, aus K\u00f6ln jetzt Kontakt aufnehmen!\">\n                Nachricht senden            <\/a>\n        <\/div>\n    <\/div>\n<\/article><article class=\"contact contact-list post-2655 profile type-profile status-publish has-post-thumbnail hentry\" data-contact=\"2655\">\n    \n    <div class=\"media\">\n        <div class=\"media-left\">\n            <a  href=\"#\" data-toggle=\"modal\" data-target=\"#ContactModal\"  title=\"Gustav G. jetzt Kontakt aufnehmen!\">\n                <img loading=\"lazy\" decoding=\"async\" width=\"500\" height=\"500\" src=\"https:\/\/anwalt.rocks\/arbeitsrecht\/wp-content\/uploads\/sites\/2\/2025\/01\/meinung-19.jpg\" class=\"contact-image media-object wp-post-image\" alt=\"Gustav G.\" srcset=\"https:\/\/anwalt.rocks\/arbeitsrecht\/wp-content\/uploads\/sites\/2\/2025\/01\/meinung-19.jpg 500w, https:\/\/anwalt.rocks\/arbeitsrecht\/wp-content\/uploads\/sites\/2\/2025\/01\/meinung-19-300x300.jpg 300w, https:\/\/anwalt.rocks\/arbeitsrecht\/wp-content\/uploads\/sites\/2\/2025\/01\/meinung-19-150x150.jpg 150w\" sizes=\"auto, (max-width: 500px) 100vw, 500px\" \/>            <\/a>\n        <\/div>\n\n        <div class=\"media-body\">\n                        <p class=\"h2 media-heading\">\n                <a  href=\"#\" data-toggle=\"modal\" data-target=\"#ContactModal\"  title=\"Gustav G. jetzt Kontakt aufnehmen!\">\n                    <span class=\"contact-name\">Gustav G.<\/span>\n                <\/a>\n\n                <span class=\"contact-text\"><\/span> <span class=\"contact-city\"><a href=\"https:\/\/anwalt.rocks\/arbeitsrecht\/region\/schweinfurt-klingenbrunn\/\">Anwalt Arbeitsrecht Schweinfurt Klingenbrunn<\/a><\/span>            <\/p>\n\n            <div class=\"quote\"><p>Dieser Anwalt hat mir geholfen, als mein Arbeitgeber mich wegen angeblicher Fehlleistungen abmahnen wollte. Er konnte die Abmahnung erfolgreich anfechten und hat mir meine Rechte ausf\u00fchrlich erkl\u00e4rt. Ich bin sehr dankbar f\u00fcr seine Unterst\u00fctzung und w\u00fcrde ihn immer wieder kontaktieren.&hellip;<\/p><\/div>\n            <a class=\"btn btn-cta\"  href=\"#\" data-toggle=\"modal\" data-target=\"#ContactModal\"  title=\"Gustav G. jetzt Kontakt aufnehmen!\">\n                Nachricht senden            <\/a>\n        <\/div>\n    <\/div>\n<\/article><article class=\"contact contact-list post-2600 profile type-profile status-publish has-post-thumbnail hentry\" data-contact=\"2600\">\n    \n    <div class=\"media\">\n        <div class=\"media-left\">\n            <a  href=\"#\" data-toggle=\"modal\" data-target=\"#ContactModal\"  title=\"Anna L., 34 Jahre, aus Hamburg jetzt Kontakt aufnehmen!\">\n                <img loading=\"lazy\" decoding=\"async\" width=\"500\" height=\"500\" src=\"https:\/\/anwalt.rocks\/arbeitsrecht\/wp-content\/uploads\/sites\/2\/2025\/01\/meinung-01.jpg\" class=\"contact-image media-object wp-post-image\" alt=\"Anna L., 34 Jahre, aus Hamburg\" srcset=\"https:\/\/anwalt.rocks\/arbeitsrecht\/wp-content\/uploads\/sites\/2\/2025\/01\/meinung-01.jpg 500w, https:\/\/anwalt.rocks\/arbeitsrecht\/wp-content\/uploads\/sites\/2\/2025\/01\/meinung-01-300x300.jpg 300w, https:\/\/anwalt.rocks\/arbeitsrecht\/wp-content\/uploads\/sites\/2\/2025\/01\/meinung-01-150x150.jpg 150w\" sizes=\"auto, (max-width: 500px) 100vw, 500px\" \/>            <\/a>\n        <\/div>\n\n        <div class=\"media-body\">\n                        <p class=\"h2 media-heading\">\n                <a  href=\"#\" data-toggle=\"modal\" data-target=\"#ContactModal\"  title=\"Anna L., 34 Jahre, aus Hamburg jetzt Kontakt aufnehmen!\">\n                    <span class=\"contact-name\">Anna L., 34 Jahre, aus Hamburg<\/span>\n                <\/a>\n\n                <span class=\"contact-text\"><\/span> <span class=\"contact-city\"><a href=\"https:\/\/anwalt.rocks\/arbeitsrecht\/region\/grossharrie\/\">Anwalt Arbeitsrecht Gro\u00dfharrie<\/a><\/span>            <\/p>\n\n            <div class=\"quote\"><p>Ich hatte ein riesiges Problem mit meinem Arbeitgeber, nachdem ich nach meiner Elternzeit wieder in den Job einsteigen wollte. Pl\u00f6tzlich sollte ich in eine komplett andere Abteilung wechseln, obwohl das nie vereinbart war. Eine Freundin empfahl mir Dr. Stephan Schmelzer, &hellip;<\/p><\/div>\n            <a class=\"btn btn-cta\"  href=\"#\" data-toggle=\"modal\" data-target=\"#ContactModal\"  title=\"Anna L., 34 Jahre, aus Hamburg jetzt Kontakt aufnehmen!\">\n                Nachricht senden            <\/a>\n        <\/div>\n    <\/div>\n<\/article>\n<div class=\"blogposts\"><ul><li><a href=\"https:\/\/anwalt.rocks\/arbeitsrecht\/westerstede\/\" title=\"Anwalt Arbeitsrecht Westerstede &#8211; Heidi gewinnt den Fall.\">Anwalt Arbeitsrecht Westerstede &#8211; Heidi gewinnt den Fall.<\/a><\/li><li><a href=\"https:\/\/anwalt.rocks\/arbeitsrecht\/monschau\/\" title=\"Fachanwalt f\u00fcr Arbeitsrecht Monschau.\">Fachanwalt f\u00fcr Arbeitsrecht Monschau.<\/a><\/li><li><a href=\"https:\/\/anwalt.rocks\/arbeitsrecht\/wurzen\/\" title=\"Fachanwalt f\u00fcr IT- und Arbeitsrecht Wurzen.\">Fachanwalt f\u00fcr IT- und Arbeitsrecht Wurzen.<\/a><\/li><li><a href=\"https:\/\/anwalt.rocks\/arbeitsrecht\/seesen\/\" title=\"Anwalt Arbeitsrecht Seesen &#8211; Mehr als 52 \u00fcbergl\u00fcckliche Kunden.\">Anwalt Arbeitsrecht Seesen &#8211; Mehr als 52 \u00fcbergl\u00fcckliche Kunden.<\/a><\/li><li><a href=\"https:\/\/anwalt.rocks\/arbeitsrecht\/stadthagen\/\" title=\"Anwalt Arbeitsrecht Stadthagen &#8211; Ramona hat Erfolg.\">Anwalt Arbeitsrecht Stadthagen &#8211; Ramona hat Erfolg.<\/a><\/li><li><a href=\"https:\/\/anwalt.rocks\/arbeitsrecht\/lorch\/\" title=\"Anwalt Lorch Arbeitsrecht Mandanten Vertreung f\u00fcr Arbeitnehmer sowie Arbeitgeber.\">Anwalt Lorch Arbeitsrecht Mandanten Vertreung f\u00fcr Arbeitnehmer sowie Arbeitgeber.<\/a><\/li><li><a href=\"https:\/\/anwalt.rocks\/arbeitsrecht\/waldkappel\/\" title=\"Anwalt Arbeitsrecht Waldkappel &#8211; Natalie hat Erfolg.\">Anwalt Arbeitsrecht Waldkappel &#8211; Natalie hat Erfolg.<\/a><\/li><\/ul><\/div>\n","protected":false},"excerpt":{"rendered":"<h2>Anwalt Waldkappel &#8211; klasse Einsatz von Rechtsanwalt Dr. Stephan Schmelzer in Sachen Entgeltfortzahlung.<\/h2>\n<p><a href=\"https:\/\/dr-schmelzer.eu\/arbeitsrecht\/\" target=\"_blank\" rel=\"noopener\"><img loading=\"lazy\" decoding=\"async\" src=\"https:\/\/anwalt.rocks\/bilder\/arbeitsrecht\/anwalt-arbeitsrecht-600x600.webp\" alt=\"Anwalt Arbeitsrecht Waldkappel - Natalie hat Erfolg.\" title=\"Anwalt Arbeitsrecht Waldkappel - Natalie hat Erfolg.\" width=\"600\" height=\"600\" \/><\/a> <\/p>\n<h3>Rechtsanwalt Arbeitsrecht und IT Recht Waldkappel &#8211; Anwaltskanzlei Dr. Stephan Schmelzer.<\/h3>\n<p>In allen Angelegenheiten des Arbeitsrechts steht Dr. Stephan Schmelzer Ihnen zur Seite. Seine langj\u00e4hrige T\u00e4tigkeit im &hellip;<\/p>","protected":false},"author":1,"featured_media":0,"comment_status":"closed","ping_status":"open","sticky":false,"template":"","format":"standard","meta":{"footnotes":""},"categories":[3],"tags":[],"class_list":["post-8225","post","type-post","status-publish","format-standard","hentry","category-fachanwalt"],"yoast_head":"<!-- This site is optimized with the Yoast SEO Premium plugin v27.1 (Yoast SEO v27.2) - https:\/\/yoast.com\/product\/yoast-seo-premium-wordpress\/ -->\n<title>Fachanwalt f\u00fcr Arbeitsrecht Graz.<\/title>\n<meta name=\"robots\" content=\"index, follow, max-snippet:-1, max-image-preview:large, max-video-preview:-1\" \/>\n<link rel=\"canonical\" href=\"https:\/\/anwalt.rocks\/arbeitsrecht\/graz\/\" \/>\n<meta property=\"og:locale\" content=\"de_DE\" \/>\n<meta property=\"og:type\" content=\"article\" \/>\n<meta property=\"og:title\" content=\"Fachanwalt f\u00fcr Arbeitsrecht Graz.\" \/>\n<meta property=\"og:description\" content=\"Anwalt Waldkappel &#8211; klasse Einsatz von Rechtsanwalt Dr. Stephan Schmelzer in Sachen Entgeltfortzahlung.  Rechtsanwalt Arbeitsrecht und IT Recht Waldkappel &#8211; Anwaltskanzlei Dr. Stephan Schmelzer. In allen Angelegenheiten des Arbeitsrechts steht Dr. Stephan Schmelzer Ihnen zur Seite. Seine langj\u00e4hrige T\u00e4tigkeit im &hellip;\" \/>\n<meta property=\"og:url\" content=\"https:\/\/anwalt.rocks\/arbeitsrecht\/graz\/\" \/>\n<meta property=\"og:site_name\" content=\"Anwalt Arbeitsrecht in der N\u00e4he - Dr. Schmelzer\" \/>\n<meta property=\"article:published_time\" content=\"2025-01-04T03:40:13+00:00\" \/>\n<meta property=\"og:image\" content=\"https:\/\/anwalt.rocks\/bilder\/arbeitsrecht\/anwalt-arbeitsrecht-600x600.webp\" \/>\n<meta name=\"author\" content=\"admin\" \/>\n<meta name=\"twitter:card\" content=\"summary_large_image\" \/>\n<meta name=\"twitter:label1\" content=\"Verfasst von\" \/>\n\t<meta name=\"twitter:data1\" content=\"admin\" \/>\n\t<meta name=\"twitter:label2\" content=\"Gesch\u00e4tzte Lesezeit\" \/>\n\t<meta name=\"twitter:data2\" content=\"4\u00a0Minuten\" \/>\n<script type=\"application\/ld+json\" class=\"yoast-schema-graph\">{\"@context\":\"https:\/\/schema.org\",\"@graph\":[{\"@type\":\"Article\",\"@id\":\"https:\/\/anwalt.rocks\/arbeitsrecht\/graz\/#article\",\"isPartOf\":{\"@id\":\"https:\/\/anwalt.rocks\/arbeitsrecht\/graz\/\"},\"author\":{\"name\":\"admin\",\"@id\":\"https:\/\/anwalt.rocks\/arbeitsrecht\/#\/schema\/person\/3fd3b0fc4df170bb2460fbc934288e39\"},\"headline\":\"Fachanwalt f\u00fcr Arbeitsrecht Graz.\",\"datePublished\":\"2025-01-04T03:40:13+00:00\",\"mainEntityOfPage\":{\"@id\":\"https:\/\/anwalt.rocks\/arbeitsrecht\/graz\/\"},\"wordCount\":725,\"publisher\":{\"@id\":\"https:\/\/anwalt.rocks\/arbeitsrecht\/#organization\"},\"image\":{\"@id\":\"https:\/\/anwalt.rocks\/arbeitsrecht\/graz\/#primaryimage\"},\"thumbnailUrl\":\"https:\/\/anwalt.rocks\/bilder\/arbeitsrecht\/anwalt-arbeitsrecht-600x600.webp\",\"articleSection\":[\"Fachanwalt\"],\"inLanguage\":\"de\"},{\"@type\":\"WebPage\",\"@id\":\"https:\/\/anwalt.rocks\/arbeitsrecht\/graz\/\",\"url\":\"https:\/\/anwalt.rocks\/arbeitsrecht\/graz\/\",\"name\":\"Fachanwalt f\u00fcr Arbeitsrecht Graz.\",\"isPartOf\":{\"@id\":\"https:\/\/anwalt.rocks\/arbeitsrecht\/#website\"},\"primaryImageOfPage\":{\"@id\":\"https:\/\/anwalt.rocks\/arbeitsrecht\/graz\/#primaryimage\"},\"image\":{\"@id\":\"https:\/\/anwalt.rocks\/arbeitsrecht\/graz\/#primaryimage\"},\"thumbnailUrl\":\"https:\/\/anwalt.rocks\/bilder\/arbeitsrecht\/anwalt-arbeitsrecht-600x600.webp\",\"datePublished\":\"2025-01-04T03:40:13+00:00\",\"breadcrumb\":{\"@id\":\"https:\/\/anwalt.rocks\/arbeitsrecht\/graz\/#breadcrumb\"},\"inLanguage\":\"de\",\"potentialAction\":[{\"@type\":\"ReadAction\",\"target\":[\"https:\/\/anwalt.rocks\/arbeitsrecht\/graz\/\"]}]},{\"@type\":\"ImageObject\",\"inLanguage\":\"de\",\"@id\":\"https:\/\/anwalt.rocks\/arbeitsrecht\/graz\/#primaryimage\",\"url\":\"https:\/\/anwalt.rocks\/bilder\/arbeitsrecht\/anwalt-arbeitsrecht-600x600.webp\",\"contentUrl\":\"https:\/\/anwalt.rocks\/bilder\/arbeitsrecht\/anwalt-arbeitsrecht-600x600.webp\"},{\"@type\":\"BreadcrumbList\",\"@id\":\"https:\/\/anwalt.rocks\/arbeitsrecht\/graz\/#breadcrumb\",\"itemListElement\":[{\"@type\":\"ListItem\",\"position\":1,\"name\":\"Start\",\"item\":\"https:\/\/anwalt.rocks\/arbeitsrecht\/\"},{\"@type\":\"ListItem\",\"position\":2,\"name\":\"Fachanwalt f\u00fcr Arbeitsrecht Graz.\"}]},{\"@type\":\"WebSite\",\"@id\":\"https:\/\/anwalt.rocks\/arbeitsrecht\/#website\",\"url\":\"https:\/\/anwalt.rocks\/arbeitsrecht\/\",\"name\":\"Anwalt Arbeitsrecht in der N\u00e4he - Dr. Schmelzer\",\"description\":\"Kompetenzen und Vorteile von Dr. Stephan Schmelzer \u2013 Anwalt und Fachanwalt f\u00fcr Arbeitsrecht mit 25 j\u00e4hriger Berufspraxis.\",\"publisher\":{\"@id\":\"https:\/\/anwalt.rocks\/arbeitsrecht\/#organization\"},\"potentialAction\":[{\"@type\":\"SearchAction\",\"target\":{\"@type\":\"EntryPoint\",\"urlTemplate\":\"https:\/\/anwalt.rocks\/arbeitsrecht\/?s={search_term_string}\"},\"query-input\":{\"@type\":\"PropertyValueSpecification\",\"valueRequired\":true,\"valueName\":\"search_term_string\"}}],\"inLanguage\":\"de\"},{\"@type\":\"Organization\",\"@id\":\"https:\/\/anwalt.rocks\/arbeitsrecht\/#organization\",\"name\":\"Kanzlei Dr. Schmelzer\",\"url\":\"https:\/\/anwalt.rocks\/arbeitsrecht\/\",\"logo\":{\"@type\":\"ImageObject\",\"inLanguage\":\"de\",\"@id\":\"https:\/\/anwalt.rocks\/arbeitsrecht\/#\/schema\/logo\/image\/\",\"url\":\"https:\/\/anwalt.rocks\/arbeitsrecht\/wp-content\/uploads\/sites\/2\/2025\/01\/anwalt-arbeitsrecht-logo.png\",\"contentUrl\":\"https:\/\/anwalt.rocks\/arbeitsrecht\/wp-content\/uploads\/sites\/2\/2025\/01\/anwalt-arbeitsrecht-logo.png\",\"width\":450,\"height\":150,\"caption\":\"Kanzlei Dr. Schmelzer\"},\"image\":{\"@id\":\"https:\/\/anwalt.rocks\/arbeitsrecht\/#\/schema\/logo\/image\/\"}},{\"@type\":\"Person\",\"@id\":\"https:\/\/anwalt.rocks\/arbeitsrecht\/#\/schema\/person\/3fd3b0fc4df170bb2460fbc934288e39\",\"name\":\"admin\",\"image\":{\"@type\":\"ImageObject\",\"inLanguage\":\"de\",\"@id\":\"https:\/\/secure.gravatar.com\/avatar\/2a567a722e62dc61f1aaa46c6b595fa617f2003443806e3422a8fed77c029cfc?s=96&d=mm&r=g\",\"url\":\"https:\/\/secure.gravatar.com\/avatar\/2a567a722e62dc61f1aaa46c6b595fa617f2003443806e3422a8fed77c029cfc?s=96&d=mm&r=g\",\"contentUrl\":\"https:\/\/secure.gravatar.com\/avatar\/2a567a722e62dc61f1aaa46c6b595fa617f2003443806e3422a8fed77c029cfc?s=96&d=mm&r=g\",\"caption\":\"admin\"},\"sameAs\":[\"https:\/\/anwalt.rocks\"],\"url\":\"https:\/\/anwalt.rocks\/arbeitsrecht\/author\/admin\/\"}]}<\/script>\n<!-- \/ Yoast SEO Premium plugin. -->","yoast_head_json":{"title":"Fachanwalt f\u00fcr Arbeitsrecht Graz.","robots":{"index":"index","follow":"follow","max-snippet":"max-snippet:-1","max-image-preview":"max-image-preview:large","max-video-preview":"max-video-preview:-1"},"canonical":"https:\/\/anwalt.rocks\/arbeitsrecht\/graz\/","og_locale":"de_DE","og_type":"article","og_title":"Fachanwalt f\u00fcr Arbeitsrecht Graz.","og_description":"Anwalt Waldkappel &#8211; klasse Einsatz von Rechtsanwalt Dr. Stephan Schmelzer in Sachen Entgeltfortzahlung.  Rechtsanwalt Arbeitsrecht und IT Recht Waldkappel &#8211; Anwaltskanzlei Dr. Stephan Schmelzer. In allen Angelegenheiten des Arbeitsrechts steht Dr. Stephan Schmelzer Ihnen zur Seite. Seine langj\u00e4hrige T\u00e4tigkeit im &hellip;","og_url":"https:\/\/anwalt.rocks\/arbeitsrecht\/graz\/","og_site_name":"Anwalt Arbeitsrecht in der N\u00e4he - Dr. Schmelzer","article_published_time":"2025-01-04T03:40:13+00:00","og_image":[{"url":"https:\/\/anwalt.rocks\/bilder\/arbeitsrecht\/anwalt-arbeitsrecht-600x600.webp","type":"","width":"","height":""}],"author":"admin","twitter_card":"summary_large_image","twitter_misc":{"Verfasst von":"admin","Gesch\u00e4tzte Lesezeit":"4\u00a0Minuten"},"schema":{"@context":"https:\/\/schema.org","@graph":[{"@type":"Article","@id":"https:\/\/anwalt.rocks\/arbeitsrecht\/graz\/#article","isPartOf":{"@id":"https:\/\/anwalt.rocks\/arbeitsrecht\/graz\/"},"author":{"name":"admin","@id":"https:\/\/anwalt.rocks\/arbeitsrecht\/#\/schema\/person\/3fd3b0fc4df170bb2460fbc934288e39"},"headline":"Fachanwalt f\u00fcr Arbeitsrecht Graz.","datePublished":"2025-01-04T03:40:13+00:00","mainEntityOfPage":{"@id":"https:\/\/anwalt.rocks\/arbeitsrecht\/graz\/"},"wordCount":725,"publisher":{"@id":"https:\/\/anwalt.rocks\/arbeitsrecht\/#organization"},"image":{"@id":"https:\/\/anwalt.rocks\/arbeitsrecht\/graz\/#primaryimage"},"thumbnailUrl":"https:\/\/anwalt.rocks\/bilder\/arbeitsrecht\/anwalt-arbeitsrecht-600x600.webp","articleSection":["Fachanwalt"],"inLanguage":"de"},{"@type":"WebPage","@id":"https:\/\/anwalt.rocks\/arbeitsrecht\/graz\/","url":"https:\/\/anwalt.rocks\/arbeitsrecht\/graz\/","name":"Fachanwalt f\u00fcr Arbeitsrecht Graz.","isPartOf":{"@id":"https:\/\/anwalt.rocks\/arbeitsrecht\/#website"},"primaryImageOfPage":{"@id":"https:\/\/anwalt.rocks\/arbeitsrecht\/graz\/#primaryimage"},"image":{"@id":"https:\/\/anwalt.rocks\/arbeitsrecht\/graz\/#primaryimage"},"thumbnailUrl":"https:\/\/anwalt.rocks\/bilder\/arbeitsrecht\/anwalt-arbeitsrecht-600x600.webp","datePublished":"2025-01-04T03:40:13+00:00","breadcrumb":{"@id":"https:\/\/anwalt.rocks\/arbeitsrecht\/graz\/#breadcrumb"},"inLanguage":"de","potentialAction":[{"@type":"ReadAction","target":["https:\/\/anwalt.rocks\/arbeitsrecht\/graz\/"]}]},{"@type":"ImageObject","inLanguage":"de","@id":"https:\/\/anwalt.rocks\/arbeitsrecht\/graz\/#primaryimage","url":"https:\/\/anwalt.rocks\/bilder\/arbeitsrecht\/anwalt-arbeitsrecht-600x600.webp","contentUrl":"https:\/\/anwalt.rocks\/bilder\/arbeitsrecht\/anwalt-arbeitsrecht-600x600.webp"},{"@type":"BreadcrumbList","@id":"https:\/\/anwalt.rocks\/arbeitsrecht\/graz\/#breadcrumb","itemListElement":[{"@type":"ListItem","position":1,"name":"Start","item":"https:\/\/anwalt.rocks\/arbeitsrecht\/"},{"@type":"ListItem","position":2,"name":"Fachanwalt f\u00fcr Arbeitsrecht Graz."}]},{"@type":"WebSite","@id":"https:\/\/anwalt.rocks\/arbeitsrecht\/#website","url":"https:\/\/anwalt.rocks\/arbeitsrecht\/","name":"Anwalt Arbeitsrecht in der N\u00e4he - Dr. Schmelzer","description":"Kompetenzen und Vorteile von Dr. Stephan Schmelzer \u2013 Anwalt und Fachanwalt f\u00fcr Arbeitsrecht mit 25 j\u00e4hriger Berufspraxis.","publisher":{"@id":"https:\/\/anwalt.rocks\/arbeitsrecht\/#organization"},"potentialAction":[{"@type":"SearchAction","target":{"@type":"EntryPoint","urlTemplate":"https:\/\/anwalt.rocks\/arbeitsrecht\/?s={search_term_string}"},"query-input":{"@type":"PropertyValueSpecification","valueRequired":true,"valueName":"search_term_string"}}],"inLanguage":"de"},{"@type":"Organization","@id":"https:\/\/anwalt.rocks\/arbeitsrecht\/#organization","name":"Kanzlei Dr. Schmelzer","url":"https:\/\/anwalt.rocks\/arbeitsrecht\/","logo":{"@type":"ImageObject","inLanguage":"de","@id":"https:\/\/anwalt.rocks\/arbeitsrecht\/#\/schema\/logo\/image\/","url":"https:\/\/anwalt.rocks\/arbeitsrecht\/wp-content\/uploads\/sites\/2\/2025\/01\/anwalt-arbeitsrecht-logo.png","contentUrl":"https:\/\/anwalt.rocks\/arbeitsrecht\/wp-content\/uploads\/sites\/2\/2025\/01\/anwalt-arbeitsrecht-logo.png","width":450,"height":150,"caption":"Kanzlei Dr. Schmelzer"},"image":{"@id":"https:\/\/anwalt.rocks\/arbeitsrecht\/#\/schema\/logo\/image\/"}},{"@type":"Person","@id":"https:\/\/anwalt.rocks\/arbeitsrecht\/#\/schema\/person\/3fd3b0fc4df170bb2460fbc934288e39","name":"admin","image":{"@type":"ImageObject","inLanguage":"de","@id":"https:\/\/secure.gravatar.com\/avatar\/2a567a722e62dc61f1aaa46c6b595fa617f2003443806e3422a8fed77c029cfc?s=96&d=mm&r=g","url":"https:\/\/secure.gravatar.com\/avatar\/2a567a722e62dc61f1aaa46c6b595fa617f2003443806e3422a8fed77c029cfc?s=96&d=mm&r=g","contentUrl":"https:\/\/secure.gravatar.com\/avatar\/2a567a722e62dc61f1aaa46c6b595fa617f2003443806e3422a8fed77c029cfc?s=96&d=mm&r=g","caption":"admin"},"sameAs":["https:\/\/anwalt.rocks"],"url":"https:\/\/anwalt.rocks\/arbeitsrecht\/author\/admin\/"}]}},"_links":{"self":[{"href":"https:\/\/anwalt.rocks\/arbeitsrecht\/wp-json\/wp\/v2\/posts\/8225","targetHints":{"allow":["GET"]}}],"collection":[{"href":"https:\/\/anwalt.rocks\/arbeitsrecht\/wp-json\/wp\/v2\/posts"}],"about":[{"href":"https:\/\/anwalt.rocks\/arbeitsrecht\/wp-json\/wp\/v2\/types\/post"}],"author":[{"embeddable":true,"href":"https:\/\/anwalt.rocks\/arbeitsrecht\/wp-json\/wp\/v2\/users\/1"}],"replies":[{"embeddable":true,"href":"https:\/\/anwalt.rocks\/arbeitsrecht\/wp-json\/wp\/v2\/comments?post=8225"}],"version-history":[{"count":0,"href":"https:\/\/anwalt.rocks\/arbeitsrecht\/wp-json\/wp\/v2\/posts\/8225\/revisions"}],"wp:attachment":[{"href":"https:\/\/anwalt.rocks\/arbeitsrecht\/wp-json\/wp\/v2\/media?parent=8225"}],"wp:term":[{"taxonomy":"category","embeddable":true,"href":"https:\/\/anwalt.rocks\/arbeitsrecht\/wp-json\/wp\/v2\/categories?post=8225"},{"taxonomy":"post_tag","embeddable":true,"href":"https:\/\/anwalt.rocks\/arbeitsrecht\/wp-json\/wp\/v2\/tags?post=8225"}],"curies":[{"name":"wp","href":"https:\/\/api.w.org\/{rel}","templated":true}]}}