{"id":8553,"date":"2025-01-11T12:00:00","date_gmt":"2025-01-11T11:00:00","guid":{"rendered":"https:\/\/anwalt.rocks\/arbeitsrecht\/koenigs-wusterhausen\/"},"modified":"2025-01-11T12:00:00","modified_gmt":"2025-01-11T11:00:00","slug":"koenigs-wusterhausen","status":"publish","type":"post","link":"https:\/\/anwalt.rocks\/arbeitsrecht\/koenigs-wusterhausen\/","title":{"rendered":"Anwalt K\u00f6nigs Wusterhausen f\u00fcr Arbeitsrecht."},"content":{"rendered":"<span class=\"span-reading-time rt-reading-time\" style=\"display: block;\"><span class=\"rt-label rt-prefix\">Lesedauer<\/span> <span class=\"rt-time\"> 3<\/span> <span class=\"rt-label rt-postfix\">Minuten<\/span><\/span><h2>Kanzlei Dr. Stephan Schmelzer Rechtsanwalt f\u00fcr Arbeits- und IT Recht K\u00f6nigs Wusterhausen.<\/h2>\n<p><a href=\"https:\/\/dr-schmelzer.eu\/arbeitsrecht\/\" target=\"_blank\" rel=\"noopener\"><img loading=\"lazy\" decoding=\"async\" src=\"https:\/\/anwalt.rocks\/bilder\/arbeitsrecht\/anwalt-arbeitsrecht-600x600.webp\" alt=\"Anwalt K\u00f6nigs Wusterhausen f\u00fcr Arbeitsrecht.\" title=\"Anwalt K\u00f6nigs Wusterhausen f\u00fcr Arbeitsrecht.\" width=\"600\" height=\"600\" \/><\/a> <\/p>\n<h3>Fachanwalt Arbeitsrecht und IT Recht K\u00f6nigs Wusterhausen &#8211; Anwaltskanzlei Dr. Stephan Schmelzer.<\/h3>\n<p>Ihr Fachmann f\u00fcr Arbeitsrecht: Dr. Stephan Schmelzer. Seine Fachanwaltszulassung im Arbeitsrecht seit 2002 hat seinen \u00fcberregionalen Ruf gefestigt. Seine Kanzlei \u00fcberzeugt seit \u00fcber 20 Jahren mit pr\u00e4ziser juristischer Arbeit, individueller Beratung und pers\u00f6nlichem Engagement. Seine Fachanwaltschaften im Arbeits- und IT-Recht machen Dr. Schmelzer zu einem Experten, dessen Wissen in der modernen Arbeitswelt unverzichtbar ist. &#8211; <a title=\"Anwalt Arbeitsrecht Stuttgart\" href=\"https:\/\/anwalt.rocks\/arbeitsrecht\/stuttgart\/\">Anwalt Arbeitsrecht Stuttgart<\/a><\/p>\n<p><a href=\"https:\/\/dr-schmelzer.eu\/arbeitsrecht\/\" target=\"_blank\" rel=\"noopener\"><img loading=\"lazy\" decoding=\"async\" src=\"https:\/\/anwalt.rocks\/bilder\/arbeitsrecht\/rechtsanwalt-arbeitsrecht-600x600.webp\" alt=\"Anwalt Arbeitsrecht K\u00f6nigs Wusterhausen\" title=\"Anwalt Arbeitsrecht K\u00f6nigs Wusterhausen\" width=\"600\" height=\"600\" \/><\/a> <\/p>\n<h3>Anwaltskanzlei Dr. Stephan Schmelzer &#8211; Experte f\u00fcr Arbeitsrecht K\u00f6nigs Wusterhausen.<\/h3>\n<p>W\u00e4hrend das IT-Recht oft erg\u00e4nzend behandelt wird, konzentriert sich Dr. Schmelzer vor allem auf das Arbeitsrecht \u2013 sowohl national als auch international. Dr. Stephan Schmelzer ber\u00e4t umfassend im Arbeitsrecht und entwickelt individuelle Strategien f\u00fcr Arbeitnehmer und Arbeitgeber. Seine langj\u00e4hrige Praxis und der Fokus auf individuelle Mandantenbed\u00fcrfnisse zeichnen ihn als f\u00fchrenden Fachanwalt im Arbeitsrecht aus. &#8211; <a title=\"Anwalt Unkel\" href=\"https:\/\/anwalt.rocks\/arbeitsrecht\/unkel\/\">Anwalt Unkel<\/a><\/p>\n<h3>Kompetent und durchsetzungsstark &#8211; Seit 1998 t\u00e4tig als Fachanwalt K\u00f6nigs Wusterhausen.<\/h3>\n<p>Arbeitgeber m\u00fcssen sich heute mit vielf\u00e4ltigen rechtlichen Themen befassen, von der Vertragsgestaltung bis hin zu weitreichenden Restrukturierungen. Mit praxisnaher Unterst\u00fctzung hilft Dr. Schmelzer Unternehmen, juristische Herausforderungen zu bew\u00e4ltigen und praktikable L\u00f6sungen zu finden. Seine Arbeit umfasst unter anderem: &#8211; <a title=\"Anwalt Arbeitsrecht Ostfalen\" href=\"https:\/\/anwalt.rocks\/arbeitsrecht\/ostfalen\/\">Anwalt Arbeitsrecht Ostfalen<\/a><\/p>\n<h3>Anwalt Arbeitsrecht K\u00f6nigs Wusterhausen 38 gl\u00fcckliche Mandanten.<\/h3>\n<p>Erarbeitung und Kontrolle von Arbeitsvertr\u00e4gen, die juristisch einwandfrei und zugleich flexibel gestaltet sind. Entwicklung passgenauer Arbeitszeit- und Verg\u00fctungsmodelle, die die individuellen Anforderungen des Unternehmens ber\u00fccksichtigen. &#8211; <a title=\"Anwalt Arbeitsrecht Hochheim\" href=\"https:\/\/anwalt.rocks\/arbeitsrecht\/hochheim\/\">Anwalt Arbeitsrecht Hochheim<\/a><\/p>\n<h3>Darum entscheidet man sich f\u00fcr den kompetenten Anwalt K\u00f6nigs Wusterhausen:<\/h3>\n<p>Unterst\u00fctzung bei der Planung und Durchf\u00fchrung von K\u00fcndigungen aufgrund betrieblicher oder personenbezogener Ursachen. Minderung rechtlicher Risiken und Beratung w\u00e4hrend aller Schritte der K\u00fcndigung.<\/p>\n<h3>Juristisches Fachwissen und durchsetzungsstark.<\/h3>\n<p>Juristische Unterst\u00fctzung zur Betriebsratsmitwirkung bei relevanten Ma\u00dfnahmen. Begleitung bei der Verhandlung und Implementierung von Vereinbarungen mit dem Betriebsrat. Unterst\u00fctzung bei der Planung und rechtlichen Umsetzung von Restrukturierungen im Unternehmen. Unterst\u00fctzung vor Gericht bei arbeitsrechtlichen Konflikten, einschlie\u00dflich K\u00fcndigungsschutzverfahren. Konzentration auf eine durchdachte und effiziente Wahrung der Rechte des Unternehmens.<\/p>\n<h3>Anwalt Arbeitsrecht K\u00f6nigs Wusterhausen &#8211; Experte Dr. Schmelzer.<\/h3>\n<p>Mit seiner Expertise hilft Dr. Schmelzer auch Arbeitnehmern, ihre Rechte durchzusetzen. Gerade in Auseinandersetzungen beweist er sich als engagierter Partner, der f\u00fcr die Interessen seiner Mandanten k\u00e4mpft. Das Leistungsangebot umfasst:<\/p>\n<p>Umfassende rechtliche Unterst\u00fctzung bei K\u00fcndigungsschutzverfahren und Vertretung vor dem Arbeitsgericht. Unterst\u00fctzung bei der Aushandlung fairer Abfindungen und anderer Kompensationen. Umfassende rechtliche Unterst\u00fctzung bei K\u00fcndigungsschutzverfahren und Vertretung vor dem Arbeitsgericht. Unterst\u00fctzung bei der Aushandlung fairer Abfindungen und anderer Kompensationen.<\/p>\n<p>Beratung zu Aufhebungsvertr\u00e4gen und Aushandlung optimaler Abfindungsregelungen. Unterst\u00fctzung bei der Durchsicht und Verbesserung von Formulierungen in Arbeitszeugnissen. Juristische Prozessf\u00fchrung in Zeugnisstreitigkeiten zur Wahrung fairer Beurteilungen. Bedeutend weniger Kosten Unterst\u00fctzung bei der Geltendmachung Ihrer Lohn- und Gehaltsanspr\u00fcche. Prozessvertretung bei Streitf\u00e4llen \u00fcber ausstehendes Entgelt und \u00dcberstundenverg\u00fctungen. Analyse von Abmahnungen mit der Zielsetzung, unrechtm\u00e4\u00dfige Ma\u00dfnahmen aufzuheben.<\/p>\n<h4>Betreuung f\u00fcr Arbeitgeber und Arbeitnehmer im Bereich Anwalt Arbeitsrecht K\u00f6nigs Wusterhausen.<\/h4>\n<p>Restrukturierung und Konfliktmanagement sind zentrale Schwerpunkte von Dr. Schmelzer. Die Unterst\u00fctzung von Unternehmen in Restrukturierungsfragen bildet eine Kernkompetenz von Dr. Schmelzer. Juristische Expertise, kombiniert mit Verhandlungsst\u00e4rke und einem Verst\u00e4ndnis f\u00fcr wirtschaftliche Zusammenh\u00e4nge, ist hier unerl\u00e4sslich.<\/p>\n<p>Anwalt K\u00f6nigs Wusterhausen Fazit: Dr. Schmelzer unterst\u00fctzt Unternehmen mit gro\u00dfer Kompetenz bei der Erstellung und Verhandlung von Sozialpl\u00e4nen und Interessenausgleichen. Das Ziel ist es, eine f\u00fcr alle tragbare L\u00f6sung zu erreichen. Mit seiner fundierten Expertise und strategischen Kompetenz ist Dr. Schmelzer ein gesch\u00e4tzter Verhandlungspartner f\u00fcr Gewerkschaften und Betriebsr\u00e4te.<\/p>\n<p>Jeder Fall bedeutet f\u00fcr den Fachanwalt f\u00fcr Arbeitsrecht eine neue Herausforderung, die h\u00f6chste Aufmerksamkeit erh\u00e4lt. Ob au\u00dfergerichtlich oder im Gerichtssaal \u2013 er strebt stets die ideale L\u00f6sung f\u00fcr seine Mandanten an. Er setzt auf Transparenz und eine intensive Zusammenarbeit, um die besten Ergebnisse f\u00fcr seine Mandanten zu erzielen. Die oberste Priorit\u00e4t von Dr. Schmelzer ist die Zufriedenheit seiner Mandanten. Seine Mandanten sch\u00e4tzen nicht nur seine Erfolge, sondern auch seine professionelle und auf L\u00f6sungen ausgerichtete Herangehensweise. Dr. Stephan Schmelzer begleitet Arbeitnehmer und Arbeitgeber mit langj\u00e4hriger Erfahrung und pers\u00f6nlichem Einsatz.<\/p>\n<article class=\"contact contact-list post-2603 profile type-profile status-publish has-post-thumbnail hentry\" data-contact=\"2603\">\n    \n    <div class=\"media\">\n        <div class=\"media-left\">\n            <a  href=\"#\" data-toggle=\"modal\" data-target=\"#ContactModal\"  title=\"Lisa K., 41 Jahre, aus Berlin jetzt Kontakt aufnehmen!\">\n                <img loading=\"lazy\" decoding=\"async\" width=\"500\" height=\"500\" src=\"https:\/\/anwalt.rocks\/arbeitsrecht\/wp-content\/uploads\/sites\/2\/2025\/01\/meinung-02.jpg\" class=\"contact-image media-object wp-post-image\" alt=\"Lisa K., 41 Jahre, aus Berlin\" srcset=\"https:\/\/anwalt.rocks\/arbeitsrecht\/wp-content\/uploads\/sites\/2\/2025\/01\/meinung-02.jpg 500w, https:\/\/anwalt.rocks\/arbeitsrecht\/wp-content\/uploads\/sites\/2\/2025\/01\/meinung-02-300x300.jpg 300w, https:\/\/anwalt.rocks\/arbeitsrecht\/wp-content\/uploads\/sites\/2\/2025\/01\/meinung-02-150x150.jpg 150w\" sizes=\"auto, (max-width: 500px) 100vw, 500px\" \/>            <\/a>\n        <\/div>\n\n        <div class=\"media-body\">\n                        <p class=\"h2 media-heading\">\n                <a  href=\"#\" data-toggle=\"modal\" data-target=\"#ContactModal\"  title=\"Lisa K., 41 Jahre, aus Berlin jetzt Kontakt aufnehmen!\">\n                    <span class=\"contact-name\">Lisa K., 41 Jahre, aus Berlin<\/span>\n                <\/a>\n\n                <span class=\"contact-text\"><\/span> <span class=\"contact-city\"><a href=\"https:\/\/anwalt.rocks\/arbeitsrecht\/region\/jeggau\/\">Anwalt Arbeitsrecht Jeggau<\/a><\/span>            <\/p>\n\n            <div class=\"quote\"><p>Ich bin so froh, dass ich Herrn Dr. Schmelzer gefunden habe! Nach 15 Jahren im gleichen Unternehmen wurde ich pl\u00f6tzlich gek\u00fcndigt \u2013 angeblich wegen betrieblicher Umst\u00e4nde. Dr. Schmelzer hat sofort erkannt, dass die K\u00fcndigung unwirksam war, und hat einen wirklich &hellip;<\/p><\/div>\n            <a class=\"btn btn-cta\"  href=\"#\" data-toggle=\"modal\" data-target=\"#ContactModal\"  title=\"Lisa K., 41 Jahre, aus Berlin jetzt Kontakt aufnehmen!\">\n                Nachricht senden            <\/a>\n        <\/div>\n    <\/div>\n<\/article><article class=\"contact contact-list post-2643 profile type-profile status-publish has-post-thumbnail hentry\" data-contact=\"2643\">\n    \n    <div class=\"media\">\n        <div class=\"media-left\">\n            <a  href=\"#\" data-toggle=\"modal\" data-target=\"#ContactModal\"  title=\"Marco R. jetzt Kontakt aufnehmen!\">\n                <img loading=\"lazy\" decoding=\"async\" width=\"500\" height=\"500\" src=\"https:\/\/anwalt.rocks\/arbeitsrecht\/wp-content\/uploads\/sites\/2\/2025\/01\/meinung-15.jpg\" class=\"contact-image media-object wp-post-image\" alt=\"Marco R.\" srcset=\"https:\/\/anwalt.rocks\/arbeitsrecht\/wp-content\/uploads\/sites\/2\/2025\/01\/meinung-15.jpg 500w, https:\/\/anwalt.rocks\/arbeitsrecht\/wp-content\/uploads\/sites\/2\/2025\/01\/meinung-15-300x300.jpg 300w, https:\/\/anwalt.rocks\/arbeitsrecht\/wp-content\/uploads\/sites\/2\/2025\/01\/meinung-15-150x150.jpg 150w\" sizes=\"auto, (max-width: 500px) 100vw, 500px\" \/>            <\/a>\n        <\/div>\n\n        <div class=\"media-body\">\n                        <p class=\"h2 media-heading\">\n                <a  href=\"#\" data-toggle=\"modal\" data-target=\"#ContactModal\"  title=\"Marco R. jetzt Kontakt aufnehmen!\">\n                    <span class=\"contact-name\">Marco R.<\/span>\n                <\/a>\n\n                <span class=\"contact-text\"><\/span> <span class=\"contact-city\"><a href=\"https:\/\/anwalt.rocks\/arbeitsrecht\/region\/diebach-mittelfranken\/\">Anwalt Arbeitsrecht Diebach Mittelfranken<\/a><\/span>            <\/p>\n\n            <div class=\"quote\"><p>Ich hatte ein Problem mit einer unwirksamen Befristung in meinem Arbeitsvertrag. RA Schmelzer hat den Fall \u00fcbernommen und konnte schnell eine Festanstellung f\u00fcr mich aushandeln. Seine Fachkenntnisse und seine freundliche Art haben mich sehr \u00fcberzeugt. Ich kann ihn nur w\u00e4rmstens &hellip;<\/p><\/div>\n            <a class=\"btn btn-cta\"  href=\"#\" data-toggle=\"modal\" data-target=\"#ContactModal\"  title=\"Marco R. jetzt Kontakt aufnehmen!\">\n                Nachricht senden            <\/a>\n        <\/div>\n    <\/div>\n<\/article><article class=\"contact contact-list post-2649 profile type-profile status-publish has-post-thumbnail hentry\" data-contact=\"2649\">\n    \n    <div class=\"media\">\n        <div class=\"media-left\">\n            <a  href=\"#\" data-toggle=\"modal\" data-target=\"#ContactModal\"  title=\"Heinrich G. jetzt Kontakt aufnehmen!\">\n                <img loading=\"lazy\" decoding=\"async\" width=\"500\" height=\"500\" src=\"https:\/\/anwalt.rocks\/arbeitsrecht\/wp-content\/uploads\/sites\/2\/2025\/01\/meinung-17.jpg\" class=\"contact-image media-object wp-post-image\" alt=\"Heinrich G.\" srcset=\"https:\/\/anwalt.rocks\/arbeitsrecht\/wp-content\/uploads\/sites\/2\/2025\/01\/meinung-17.jpg 500w, https:\/\/anwalt.rocks\/arbeitsrecht\/wp-content\/uploads\/sites\/2\/2025\/01\/meinung-17-300x300.jpg 300w, https:\/\/anwalt.rocks\/arbeitsrecht\/wp-content\/uploads\/sites\/2\/2025\/01\/meinung-17-150x150.jpg 150w\" sizes=\"auto, (max-width: 500px) 100vw, 500px\" \/>            <\/a>\n        <\/div>\n\n        <div class=\"media-body\">\n                        <p class=\"h2 media-heading\">\n                <a  href=\"#\" data-toggle=\"modal\" data-target=\"#ContactModal\"  title=\"Heinrich G. jetzt Kontakt aufnehmen!\">\n                    <span class=\"contact-name\">Heinrich G.<\/span>\n                <\/a>\n\n                <span class=\"contact-text\"><\/span> <span class=\"contact-city\"><a href=\"https:\/\/anwalt.rocks\/arbeitsrecht\/region\/seckach\/\">Anwalt Arbeitsrecht Seckach<\/a><\/span>            <\/p>\n\n            <div class=\"quote\"><p>In meinem Fall ging es um unbezahlte \u00dcberstunden, die mein Arbeitgeber einfach ignoriert hatte. Hr. Schmelzer hat den Sachverhalt schnell gekl\u00e4rt und meine Anspr\u00fcche durchgesetzt. Sein Engagement und seine Fachkenntnisse haben mich voll \u00fcberzeugt. Ich w\u00fcrde ihn jederzeit wieder beauftragen.&hellip;<\/p><\/div>\n            <a class=\"btn btn-cta\"  href=\"#\" data-toggle=\"modal\" data-target=\"#ContactModal\"  title=\"Heinrich G. jetzt Kontakt aufnehmen!\">\n                Nachricht senden            <\/a>\n        <\/div>\n    <\/div>\n<\/article><article class=\"contact contact-list post-2637 profile type-profile status-publish has-post-thumbnail hentry\" data-contact=\"2637\">\n    \n    <div class=\"media\">\n        <div class=\"media-left\">\n            <a  href=\"#\" data-toggle=\"modal\" data-target=\"#ContactModal\"  title=\"Uwe D. jetzt Kontakt aufnehmen!\">\n                <img loading=\"lazy\" decoding=\"async\" width=\"500\" height=\"500\" src=\"https:\/\/anwalt.rocks\/arbeitsrecht\/wp-content\/uploads\/sites\/2\/2025\/01\/meinung-13.jpg\" class=\"contact-image media-object wp-post-image\" alt=\"Uwe D.\" srcset=\"https:\/\/anwalt.rocks\/arbeitsrecht\/wp-content\/uploads\/sites\/2\/2025\/01\/meinung-13.jpg 500w, https:\/\/anwalt.rocks\/arbeitsrecht\/wp-content\/uploads\/sites\/2\/2025\/01\/meinung-13-300x300.jpg 300w, https:\/\/anwalt.rocks\/arbeitsrecht\/wp-content\/uploads\/sites\/2\/2025\/01\/meinung-13-150x150.jpg 150w\" sizes=\"auto, (max-width: 500px) 100vw, 500px\" \/>            <\/a>\n        <\/div>\n\n        <div class=\"media-body\">\n                        <p class=\"h2 media-heading\">\n                <a  href=\"#\" data-toggle=\"modal\" data-target=\"#ContactModal\"  title=\"Uwe D. jetzt Kontakt aufnehmen!\">\n                    <span class=\"contact-name\">Uwe D.<\/span>\n                <\/a>\n\n                <span class=\"contact-text\"><\/span> <span class=\"contact-city\"><a href=\"https:\/\/anwalt.rocks\/arbeitsrecht\/region\/zwickau\/\">Anwalt Arbeitsrecht Zwickau<\/a><\/span>            <\/p>\n\n            <div class=\"quote\"><p>Ich hatte Schwierigkeiten mit meinem Arbeitszeugnis, das mein Arbeitgeber absichtlich negativ formuliert hatte. Anwalt Schmelzer hat f\u00fcr mich ein einwandfreies Zeugnis durchgesetzt. Er war jederzeit erreichbar und hat meine Sorgen ernst genommen. Ich bin sehr zufrieden mit seiner Arbeit.&hellip;<\/p><\/div>\n            <a class=\"btn btn-cta\"  href=\"#\" data-toggle=\"modal\" data-target=\"#ContactModal\"  title=\"Uwe D. jetzt Kontakt aufnehmen!\">\n                Nachricht senden            <\/a>\n        <\/div>\n    <\/div>\n<\/article><article class=\"contact contact-list post-2609 profile type-profile status-publish has-post-thumbnail hentry\" data-contact=\"2609\">\n    \n    <div class=\"media\">\n        <div class=\"media-left\">\n            <a  href=\"#\" data-toggle=\"modal\" data-target=\"#ContactModal\"  title=\"Nadine H., 48 Jahre, aus M\u00fcnchen jetzt Kontakt aufnehmen!\">\n                <img loading=\"lazy\" decoding=\"async\" width=\"500\" height=\"500\" src=\"https:\/\/anwalt.rocks\/arbeitsrecht\/wp-content\/uploads\/sites\/2\/2025\/01\/meinung-04.jpg\" class=\"contact-image media-object wp-post-image\" alt=\"Nadine H., 48 Jahre, aus M\u00fcnchen\" srcset=\"https:\/\/anwalt.rocks\/arbeitsrecht\/wp-content\/uploads\/sites\/2\/2025\/01\/meinung-04.jpg 500w, https:\/\/anwalt.rocks\/arbeitsrecht\/wp-content\/uploads\/sites\/2\/2025\/01\/meinung-04-300x300.jpg 300w, https:\/\/anwalt.rocks\/arbeitsrecht\/wp-content\/uploads\/sites\/2\/2025\/01\/meinung-04-150x150.jpg 150w\" sizes=\"auto, (max-width: 500px) 100vw, 500px\" \/>            <\/a>\n        <\/div>\n\n        <div class=\"media-body\">\n                        <p class=\"h2 media-heading\">\n                <a  href=\"#\" data-toggle=\"modal\" data-target=\"#ContactModal\"  title=\"Nadine H., 48 Jahre, aus M\u00fcnchen jetzt Kontakt aufnehmen!\">\n                    <span class=\"contact-name\">Nadine H., 48 Jahre, aus M\u00fcnchen<\/span>\n                <\/a>\n\n                <span class=\"contact-text\"><\/span> <span class=\"contact-city\"><a href=\"https:\/\/anwalt.rocks\/arbeitsrecht\/region\/siedenburg\/\">Anwalt Arbeitsrecht Siedenburg<\/a><\/span>            <\/p>\n\n            <div class=\"quote\"><p>Nach einer pl\u00f6tzlichen Umstrukturierung in meiner Firma wurde mir gek\u00fcndigt. Es war ein riesiger Schock f\u00fcr mich. Zum Gl\u00fcck fand ich Dr. Schmelzer \u00fcber eine Internetrecherche. Schon beim ersten Gespr\u00e4ch war ich beeindruckt von seiner Fachkenntnis und seiner empathischen Art. &hellip;<\/p><\/div>\n            <a class=\"btn btn-cta\"  href=\"#\" data-toggle=\"modal\" data-target=\"#ContactModal\"  title=\"Nadine H., 48 Jahre, aus M\u00fcnchen jetzt Kontakt aufnehmen!\">\n                Nachricht senden            <\/a>\n        <\/div>\n    <\/div>\n<\/article>\n<div class=\"blogposts\"><ul><li><a href=\"https:\/\/anwalt.rocks\/arbeitsrecht\/heidenau\/\" title=\"Anwalt Heidenau bzgl. Arbeitsrecht.\">Anwalt Heidenau bzgl. Arbeitsrecht.<\/a><\/li><li><a href=\"https:\/\/anwalt.rocks\/arbeitsrecht\/saarburg\/\" title=\"Anwalt Saarburg Fachanwalt in Sachen Arbeitsrecht.\">Anwalt Saarburg Fachanwalt in Sachen Arbeitsrecht.<\/a><\/li><li><a href=\"https:\/\/anwalt.rocks\/arbeitsrecht\/lommatzsch\/\" title=\"Anwalt Lommatzsch bzgl. Arbeitsrecht.\">Anwalt Lommatzsch bzgl. Arbeitsrecht.<\/a><\/li><li><a href=\"https:\/\/anwalt.rocks\/arbeitsrecht\/bad-nenndorf\/\" title=\"Fachanwalt f\u00fcr Arbeitsrecht Bad Nenndorf.\">Fachanwalt f\u00fcr Arbeitsrecht Bad Nenndorf.<\/a><\/li><li><a href=\"https:\/\/anwalt.rocks\/arbeitsrecht\/kirchdorf\/\" title=\"Kanzlei Dr. Stephan Schmelzer Rechtsanwalt IT- und Arbeitsrecht Kirchdorf.\">Kanzlei Dr. Stephan Schmelzer Rechtsanwalt IT- und Arbeitsrecht Kirchdorf.<\/a><\/li><li><a href=\"https:\/\/anwalt.rocks\/arbeitsrecht\/schleswig-holstein\/\" title=\"Kanzlei Dr. Stephan Schmelzer Rechtsanwalt Arbeitsrecht Schleswig Holstein.\">Kanzlei Dr. Stephan Schmelzer Rechtsanwalt Arbeitsrecht Schleswig Holstein.<\/a><\/li><li><a href=\"https:\/\/anwalt.rocks\/arbeitsrecht\/friedrichsthal\/\" title=\"Anwalt Friedrichsthal Fachanwalt zum Thema Arbeitsrecht.\">Anwalt Friedrichsthal Fachanwalt zum Thema Arbeitsrecht.<\/a><\/li><\/ul><\/div>\n","protected":false},"excerpt":{"rendered":"<h2>Anwalt Arbeitsrecht Friedrichsthal &#8211; Fachanwalt  f\u00fcr nationale Beauftragungen.<\/h2>\n<p><a href=\"https:\/\/dr-schmelzer.eu\/arbeitsrecht\/\" target=\"_blank\" rel=\"noopener\"><img loading=\"lazy\" decoding=\"async\" src=\"https:\/\/anwalt.rocks\/bilder\/arbeitsrecht\/anwalt-arbeitsrecht-600x600.webp\" alt=\"Anwalt Friedrichsthal Fachanwalt zum Thema Arbeitsrecht.\" title=\"Anwalt Friedrichsthal Fachanwalt zum Thema Arbeitsrecht.\" width=\"600\" height=\"600\" \/><\/a> <\/p>\n<h3>Rechtsanwalt Arbeitsrecht und IT Recht Friedrichsthal &#8211; Anwaltskanzlei Dr. Stephan Schmelzer.<\/h3>\n<p>Arbeitsrechtliche Probleme? Dr. Stephan Schmelzer hilft Ihnen zuverl\u00e4ssig weiter. Mit seiner Expertise von 25 Jahren und seiner Fachanwaltszulassung seit 2002 ist &hellip;<\/p>","protected":false},"author":1,"featured_media":0,"comment_status":"closed","ping_status":"open","sticky":false,"template":"","format":"standard","meta":{"footnotes":""},"categories":[3],"tags":[],"class_list":["post-8553","post","type-post","status-publish","format-standard","hentry","category-fachanwalt"],"yoast_head":"<!-- This site is optimized with the Yoast SEO Premium plugin v27.1 (Yoast SEO v27.2) - https:\/\/yoast.com\/product\/yoast-seo-premium-wordpress\/ -->\n<title>Anwalt K\u00f6nigs Wusterhausen f\u00fcr Arbeitsrecht.<\/title>\n<meta name=\"robots\" content=\"index, follow, max-snippet:-1, max-image-preview:large, max-video-preview:-1\" \/>\n<link rel=\"canonical\" href=\"https:\/\/anwalt.rocks\/arbeitsrecht\/koenigs-wusterhausen\/\" \/>\n<meta property=\"og:locale\" content=\"de_DE\" \/>\n<meta property=\"og:type\" content=\"article\" \/>\n<meta property=\"og:title\" content=\"Anwalt K\u00f6nigs Wusterhausen f\u00fcr Arbeitsrecht.\" \/>\n<meta property=\"og:description\" content=\"Anwalt Arbeitsrecht Friedrichsthal &#8211; Fachanwalt f\u00fcr nationale Beauftragungen.  Rechtsanwalt Arbeitsrecht und IT Recht Friedrichsthal &#8211; Anwaltskanzlei Dr. Stephan Schmelzer. Arbeitsrechtliche Probleme? Dr. Stephan Schmelzer hilft Ihnen zuverl\u00e4ssig weiter. Mit seiner Expertise von 25 Jahren und seiner Fachanwaltszulassung seit 2002 ist &hellip;\" \/>\n<meta property=\"og:url\" content=\"https:\/\/anwalt.rocks\/arbeitsrecht\/koenigs-wusterhausen\/\" \/>\n<meta property=\"og:site_name\" content=\"Anwalt Arbeitsrecht in der N\u00e4he - Dr. Schmelzer\" \/>\n<meta property=\"article:published_time\" content=\"2025-01-11T11:00:00+00:00\" \/>\n<meta property=\"og:image\" content=\"https:\/\/anwalt.rocks\/bilder\/arbeitsrecht\/anwalt-arbeitsrecht-600x600.webp\" \/>\n<meta name=\"author\" content=\"admin\" \/>\n<meta name=\"twitter:card\" content=\"summary_large_image\" \/>\n<meta name=\"twitter:label1\" content=\"Verfasst von\" \/>\n\t<meta name=\"twitter:data1\" content=\"admin\" \/>\n\t<meta name=\"twitter:label2\" content=\"Gesch\u00e4tzte Lesezeit\" \/>\n\t<meta name=\"twitter:data2\" content=\"4\u00a0Minuten\" \/>\n<script type=\"application\/ld+json\" class=\"yoast-schema-graph\">{\"@context\":\"https:\/\/schema.org\",\"@graph\":[{\"@type\":\"Article\",\"@id\":\"https:\/\/anwalt.rocks\/arbeitsrecht\/koenigs-wusterhausen\/#article\",\"isPartOf\":{\"@id\":\"https:\/\/anwalt.rocks\/arbeitsrecht\/koenigs-wusterhausen\/\"},\"author\":{\"name\":\"admin\",\"@id\":\"https:\/\/anwalt.rocks\/arbeitsrecht\/#\/schema\/person\/3fd3b0fc4df170bb2460fbc934288e39\"},\"headline\":\"Anwalt K\u00f6nigs Wusterhausen f\u00fcr Arbeitsrecht.\",\"datePublished\":\"2025-01-11T11:00:00+00:00\",\"mainEntityOfPage\":{\"@id\":\"https:\/\/anwalt.rocks\/arbeitsrecht\/koenigs-wusterhausen\/\"},\"wordCount\":741,\"publisher\":{\"@id\":\"https:\/\/anwalt.rocks\/arbeitsrecht\/#organization\"},\"image\":{\"@id\":\"https:\/\/anwalt.rocks\/arbeitsrecht\/koenigs-wusterhausen\/#primaryimage\"},\"thumbnailUrl\":\"https:\/\/anwalt.rocks\/bilder\/arbeitsrecht\/anwalt-arbeitsrecht-600x600.webp\",\"articleSection\":[\"Fachanwalt\"],\"inLanguage\":\"de\"},{\"@type\":\"WebPage\",\"@id\":\"https:\/\/anwalt.rocks\/arbeitsrecht\/koenigs-wusterhausen\/\",\"url\":\"https:\/\/anwalt.rocks\/arbeitsrecht\/koenigs-wusterhausen\/\",\"name\":\"Anwalt K\u00f6nigs Wusterhausen f\u00fcr Arbeitsrecht.\",\"isPartOf\":{\"@id\":\"https:\/\/anwalt.rocks\/arbeitsrecht\/#website\"},\"primaryImageOfPage\":{\"@id\":\"https:\/\/anwalt.rocks\/arbeitsrecht\/koenigs-wusterhausen\/#primaryimage\"},\"image\":{\"@id\":\"https:\/\/anwalt.rocks\/arbeitsrecht\/koenigs-wusterhausen\/#primaryimage\"},\"thumbnailUrl\":\"https:\/\/anwalt.rocks\/bilder\/arbeitsrecht\/anwalt-arbeitsrecht-600x600.webp\",\"datePublished\":\"2025-01-11T11:00:00+00:00\",\"breadcrumb\":{\"@id\":\"https:\/\/anwalt.rocks\/arbeitsrecht\/koenigs-wusterhausen\/#breadcrumb\"},\"inLanguage\":\"de\",\"potentialAction\":[{\"@type\":\"ReadAction\",\"target\":[\"https:\/\/anwalt.rocks\/arbeitsrecht\/koenigs-wusterhausen\/\"]}]},{\"@type\":\"ImageObject\",\"inLanguage\":\"de\",\"@id\":\"https:\/\/anwalt.rocks\/arbeitsrecht\/koenigs-wusterhausen\/#primaryimage\",\"url\":\"https:\/\/anwalt.rocks\/bilder\/arbeitsrecht\/anwalt-arbeitsrecht-600x600.webp\",\"contentUrl\":\"https:\/\/anwalt.rocks\/bilder\/arbeitsrecht\/anwalt-arbeitsrecht-600x600.webp\"},{\"@type\":\"BreadcrumbList\",\"@id\":\"https:\/\/anwalt.rocks\/arbeitsrecht\/koenigs-wusterhausen\/#breadcrumb\",\"itemListElement\":[{\"@type\":\"ListItem\",\"position\":1,\"name\":\"Start\",\"item\":\"https:\/\/anwalt.rocks\/arbeitsrecht\/\"},{\"@type\":\"ListItem\",\"position\":2,\"name\":\"Anwalt K\u00f6nigs Wusterhausen f\u00fcr Arbeitsrecht.\"}]},{\"@type\":\"WebSite\",\"@id\":\"https:\/\/anwalt.rocks\/arbeitsrecht\/#website\",\"url\":\"https:\/\/anwalt.rocks\/arbeitsrecht\/\",\"name\":\"Anwalt Arbeitsrecht in der N\u00e4he - Dr. Schmelzer\",\"description\":\"Kompetenzen und Vorteile von Dr. Stephan Schmelzer \u2013 Anwalt und Fachanwalt f\u00fcr Arbeitsrecht mit 25 j\u00e4hriger Berufspraxis.\",\"publisher\":{\"@id\":\"https:\/\/anwalt.rocks\/arbeitsrecht\/#organization\"},\"potentialAction\":[{\"@type\":\"SearchAction\",\"target\":{\"@type\":\"EntryPoint\",\"urlTemplate\":\"https:\/\/anwalt.rocks\/arbeitsrecht\/?s={search_term_string}\"},\"query-input\":{\"@type\":\"PropertyValueSpecification\",\"valueRequired\":true,\"valueName\":\"search_term_string\"}}],\"inLanguage\":\"de\"},{\"@type\":\"Organization\",\"@id\":\"https:\/\/anwalt.rocks\/arbeitsrecht\/#organization\",\"name\":\"Kanzlei Dr. Schmelzer\",\"url\":\"https:\/\/anwalt.rocks\/arbeitsrecht\/\",\"logo\":{\"@type\":\"ImageObject\",\"inLanguage\":\"de\",\"@id\":\"https:\/\/anwalt.rocks\/arbeitsrecht\/#\/schema\/logo\/image\/\",\"url\":\"https:\/\/anwalt.rocks\/arbeitsrecht\/wp-content\/uploads\/sites\/2\/2025\/01\/anwalt-arbeitsrecht-logo.png\",\"contentUrl\":\"https:\/\/anwalt.rocks\/arbeitsrecht\/wp-content\/uploads\/sites\/2\/2025\/01\/anwalt-arbeitsrecht-logo.png\",\"width\":450,\"height\":150,\"caption\":\"Kanzlei Dr. Schmelzer\"},\"image\":{\"@id\":\"https:\/\/anwalt.rocks\/arbeitsrecht\/#\/schema\/logo\/image\/\"}},{\"@type\":\"Person\",\"@id\":\"https:\/\/anwalt.rocks\/arbeitsrecht\/#\/schema\/person\/3fd3b0fc4df170bb2460fbc934288e39\",\"name\":\"admin\",\"image\":{\"@type\":\"ImageObject\",\"inLanguage\":\"de\",\"@id\":\"https:\/\/secure.gravatar.com\/avatar\/2a567a722e62dc61f1aaa46c6b595fa617f2003443806e3422a8fed77c029cfc?s=96&d=mm&r=g\",\"url\":\"https:\/\/secure.gravatar.com\/avatar\/2a567a722e62dc61f1aaa46c6b595fa617f2003443806e3422a8fed77c029cfc?s=96&d=mm&r=g\",\"contentUrl\":\"https:\/\/secure.gravatar.com\/avatar\/2a567a722e62dc61f1aaa46c6b595fa617f2003443806e3422a8fed77c029cfc?s=96&d=mm&r=g\",\"caption\":\"admin\"},\"sameAs\":[\"https:\/\/anwalt.rocks\"],\"url\":\"https:\/\/anwalt.rocks\/arbeitsrecht\/author\/admin\/\"}]}<\/script>\n<!-- \/ Yoast SEO Premium plugin. -->","yoast_head_json":{"title":"Anwalt K\u00f6nigs Wusterhausen f\u00fcr Arbeitsrecht.","robots":{"index":"index","follow":"follow","max-snippet":"max-snippet:-1","max-image-preview":"max-image-preview:large","max-video-preview":"max-video-preview:-1"},"canonical":"https:\/\/anwalt.rocks\/arbeitsrecht\/koenigs-wusterhausen\/","og_locale":"de_DE","og_type":"article","og_title":"Anwalt K\u00f6nigs Wusterhausen f\u00fcr Arbeitsrecht.","og_description":"Anwalt Arbeitsrecht Friedrichsthal &#8211; Fachanwalt f\u00fcr nationale Beauftragungen.  Rechtsanwalt Arbeitsrecht und IT Recht Friedrichsthal &#8211; Anwaltskanzlei Dr. Stephan Schmelzer. Arbeitsrechtliche Probleme? Dr. Stephan Schmelzer hilft Ihnen zuverl\u00e4ssig weiter. Mit seiner Expertise von 25 Jahren und seiner Fachanwaltszulassung seit 2002 ist &hellip;","og_url":"https:\/\/anwalt.rocks\/arbeitsrecht\/koenigs-wusterhausen\/","og_site_name":"Anwalt Arbeitsrecht in der N\u00e4he - Dr. Schmelzer","article_published_time":"2025-01-11T11:00:00+00:00","og_image":[{"url":"https:\/\/anwalt.rocks\/bilder\/arbeitsrecht\/anwalt-arbeitsrecht-600x600.webp","type":"","width":"","height":""}],"author":"admin","twitter_card":"summary_large_image","twitter_misc":{"Verfasst von":"admin","Gesch\u00e4tzte Lesezeit":"4\u00a0Minuten"},"schema":{"@context":"https:\/\/schema.org","@graph":[{"@type":"Article","@id":"https:\/\/anwalt.rocks\/arbeitsrecht\/koenigs-wusterhausen\/#article","isPartOf":{"@id":"https:\/\/anwalt.rocks\/arbeitsrecht\/koenigs-wusterhausen\/"},"author":{"name":"admin","@id":"https:\/\/anwalt.rocks\/arbeitsrecht\/#\/schema\/person\/3fd3b0fc4df170bb2460fbc934288e39"},"headline":"Anwalt K\u00f6nigs Wusterhausen f\u00fcr Arbeitsrecht.","datePublished":"2025-01-11T11:00:00+00:00","mainEntityOfPage":{"@id":"https:\/\/anwalt.rocks\/arbeitsrecht\/koenigs-wusterhausen\/"},"wordCount":741,"publisher":{"@id":"https:\/\/anwalt.rocks\/arbeitsrecht\/#organization"},"image":{"@id":"https:\/\/anwalt.rocks\/arbeitsrecht\/koenigs-wusterhausen\/#primaryimage"},"thumbnailUrl":"https:\/\/anwalt.rocks\/bilder\/arbeitsrecht\/anwalt-arbeitsrecht-600x600.webp","articleSection":["Fachanwalt"],"inLanguage":"de"},{"@type":"WebPage","@id":"https:\/\/anwalt.rocks\/arbeitsrecht\/koenigs-wusterhausen\/","url":"https:\/\/anwalt.rocks\/arbeitsrecht\/koenigs-wusterhausen\/","name":"Anwalt K\u00f6nigs Wusterhausen f\u00fcr Arbeitsrecht.","isPartOf":{"@id":"https:\/\/anwalt.rocks\/arbeitsrecht\/#website"},"primaryImageOfPage":{"@id":"https:\/\/anwalt.rocks\/arbeitsrecht\/koenigs-wusterhausen\/#primaryimage"},"image":{"@id":"https:\/\/anwalt.rocks\/arbeitsrecht\/koenigs-wusterhausen\/#primaryimage"},"thumbnailUrl":"https:\/\/anwalt.rocks\/bilder\/arbeitsrecht\/anwalt-arbeitsrecht-600x600.webp","datePublished":"2025-01-11T11:00:00+00:00","breadcrumb":{"@id":"https:\/\/anwalt.rocks\/arbeitsrecht\/koenigs-wusterhausen\/#breadcrumb"},"inLanguage":"de","potentialAction":[{"@type":"ReadAction","target":["https:\/\/anwalt.rocks\/arbeitsrecht\/koenigs-wusterhausen\/"]}]},{"@type":"ImageObject","inLanguage":"de","@id":"https:\/\/anwalt.rocks\/arbeitsrecht\/koenigs-wusterhausen\/#primaryimage","url":"https:\/\/anwalt.rocks\/bilder\/arbeitsrecht\/anwalt-arbeitsrecht-600x600.webp","contentUrl":"https:\/\/anwalt.rocks\/bilder\/arbeitsrecht\/anwalt-arbeitsrecht-600x600.webp"},{"@type":"BreadcrumbList","@id":"https:\/\/anwalt.rocks\/arbeitsrecht\/koenigs-wusterhausen\/#breadcrumb","itemListElement":[{"@type":"ListItem","position":1,"name":"Start","item":"https:\/\/anwalt.rocks\/arbeitsrecht\/"},{"@type":"ListItem","position":2,"name":"Anwalt K\u00f6nigs Wusterhausen f\u00fcr Arbeitsrecht."}]},{"@type":"WebSite","@id":"https:\/\/anwalt.rocks\/arbeitsrecht\/#website","url":"https:\/\/anwalt.rocks\/arbeitsrecht\/","name":"Anwalt Arbeitsrecht in der N\u00e4he - Dr. Schmelzer","description":"Kompetenzen und Vorteile von Dr. Stephan Schmelzer \u2013 Anwalt und Fachanwalt f\u00fcr Arbeitsrecht mit 25 j\u00e4hriger Berufspraxis.","publisher":{"@id":"https:\/\/anwalt.rocks\/arbeitsrecht\/#organization"},"potentialAction":[{"@type":"SearchAction","target":{"@type":"EntryPoint","urlTemplate":"https:\/\/anwalt.rocks\/arbeitsrecht\/?s={search_term_string}"},"query-input":{"@type":"PropertyValueSpecification","valueRequired":true,"valueName":"search_term_string"}}],"inLanguage":"de"},{"@type":"Organization","@id":"https:\/\/anwalt.rocks\/arbeitsrecht\/#organization","name":"Kanzlei Dr. Schmelzer","url":"https:\/\/anwalt.rocks\/arbeitsrecht\/","logo":{"@type":"ImageObject","inLanguage":"de","@id":"https:\/\/anwalt.rocks\/arbeitsrecht\/#\/schema\/logo\/image\/","url":"https:\/\/anwalt.rocks\/arbeitsrecht\/wp-content\/uploads\/sites\/2\/2025\/01\/anwalt-arbeitsrecht-logo.png","contentUrl":"https:\/\/anwalt.rocks\/arbeitsrecht\/wp-content\/uploads\/sites\/2\/2025\/01\/anwalt-arbeitsrecht-logo.png","width":450,"height":150,"caption":"Kanzlei Dr. Schmelzer"},"image":{"@id":"https:\/\/anwalt.rocks\/arbeitsrecht\/#\/schema\/logo\/image\/"}},{"@type":"Person","@id":"https:\/\/anwalt.rocks\/arbeitsrecht\/#\/schema\/person\/3fd3b0fc4df170bb2460fbc934288e39","name":"admin","image":{"@type":"ImageObject","inLanguage":"de","@id":"https:\/\/secure.gravatar.com\/avatar\/2a567a722e62dc61f1aaa46c6b595fa617f2003443806e3422a8fed77c029cfc?s=96&d=mm&r=g","url":"https:\/\/secure.gravatar.com\/avatar\/2a567a722e62dc61f1aaa46c6b595fa617f2003443806e3422a8fed77c029cfc?s=96&d=mm&r=g","contentUrl":"https:\/\/secure.gravatar.com\/avatar\/2a567a722e62dc61f1aaa46c6b595fa617f2003443806e3422a8fed77c029cfc?s=96&d=mm&r=g","caption":"admin"},"sameAs":["https:\/\/anwalt.rocks"],"url":"https:\/\/anwalt.rocks\/arbeitsrecht\/author\/admin\/"}]}},"_links":{"self":[{"href":"https:\/\/anwalt.rocks\/arbeitsrecht\/wp-json\/wp\/v2\/posts\/8553","targetHints":{"allow":["GET"]}}],"collection":[{"href":"https:\/\/anwalt.rocks\/arbeitsrecht\/wp-json\/wp\/v2\/posts"}],"about":[{"href":"https:\/\/anwalt.rocks\/arbeitsrecht\/wp-json\/wp\/v2\/types\/post"}],"author":[{"embeddable":true,"href":"https:\/\/anwalt.rocks\/arbeitsrecht\/wp-json\/wp\/v2\/users\/1"}],"replies":[{"embeddable":true,"href":"https:\/\/anwalt.rocks\/arbeitsrecht\/wp-json\/wp\/v2\/comments?post=8553"}],"version-history":[{"count":0,"href":"https:\/\/anwalt.rocks\/arbeitsrecht\/wp-json\/wp\/v2\/posts\/8553\/revisions"}],"wp:attachment":[{"href":"https:\/\/anwalt.rocks\/arbeitsrecht\/wp-json\/wp\/v2\/media?parent=8553"}],"wp:term":[{"taxonomy":"category","embeddable":true,"href":"https:\/\/anwalt.rocks\/arbeitsrecht\/wp-json\/wp\/v2\/categories?post=8553"},{"taxonomy":"post_tag","embeddable":true,"href":"https:\/\/anwalt.rocks\/arbeitsrecht\/wp-json\/wp\/v2\/tags?post=8553"}],"curies":[{"name":"wp","href":"https:\/\/api.w.org\/{rel}","templated":true}]}}