{"id":8708,"date":"2025-01-08T20:04:21","date_gmt":"2025-01-08T19:04:21","guid":{"rendered":"https:\/\/anwalt.rocks\/arbeitsrecht\/linz\/"},"modified":"2025-01-08T20:04:21","modified_gmt":"2025-01-08T19:04:21","slug":"linz","status":"publish","type":"post","link":"https:\/\/anwalt.rocks\/arbeitsrecht\/linz\/","title":{"rendered":"Rechtsanwalt Linz Fachanwalt f\u00fcr Arbeits- und IT Recht."},"content":{"rendered":"<span class=\"span-reading-time rt-reading-time\" style=\"display: block;\"><span class=\"rt-label rt-prefix\">Lesedauer<\/span> <span class=\"rt-time\"> 3<\/span> <span class=\"rt-label rt-postfix\">Minuten<\/span><\/span><h2>Kanzlei Dr. Stephan Schmelzer Rechtsanwalt f\u00fcr Arbeits- und IT Recht Linz.<\/h2>\n<p><a href=\"https:\/\/dr-schmelzer.eu\/arbeitsrecht\/\" target=\"_blank\" rel=\"noopener\"><img loading=\"lazy\" decoding=\"async\" src=\"https:\/\/anwalt.rocks\/bilder\/arbeitsrecht\/anwalt-arbeitsrecht-600x600.webp\" alt=\"Rechtsanwalt Linz Fachanwalt f\u00fcr Arbeits- und IT Recht.\" title=\"Rechtsanwalt Linz Fachanwalt f\u00fcr Arbeits- und IT Recht.\" width=\"600\" height=\"600\" \/><\/a> <\/p>\n<h3>Fachanwalt Arbeitsrecht und IT Recht Linz &#8211; Kanzlei Dr. Stephan Schmelzer.<\/h3>\n<p>Arbeitsrechtliche Fragen? Dr. Stephan Schmelzer ist f\u00fcr Sie da. Als Fachanwalt im Arbeitsrecht seit 2002 und mit \u00fcber 25 Jahren Praxis ist er auch au\u00dferhalb Ahlens anerkannt. Seit mehr als zwei Jahrzehnten leitet er eine Kanzlei, die f\u00fcr professionelle Beratung und juristische Pr\u00e4zision bekannt ist. Dr. Schmelzers Fachkenntnisse im Arbeits- und IT-Recht sind in der modernen digitalen Arbeitswelt von unsch\u00e4tzbarem Wert. &#8211; <a title=\"Anwalt Offenbach\" href=\"https:\/\/anwalt.rocks\/arbeitsrecht\/offenbach\/\">Anwalt Offenbach<\/a><\/p>\n<p><a href=\"https:\/\/dr-schmelzer.eu\/arbeitsrecht\/\" target=\"_blank\" rel=\"noopener\"><img loading=\"lazy\" decoding=\"async\" src=\"https:\/\/anwalt.rocks\/bilder\/arbeitsrecht\/rechtsanwalt-arbeitsrecht-600x600.webp\" alt=\"Anwalt Arbeitsrecht Linz\" title=\"Anwalt Arbeitsrecht Linz\" width=\"600\" height=\"600\" \/><\/a> <\/p>\n<h3>Kanzlei Dr. Stephan Schmelzer &#8211; Fachanwalt f\u00fcr Arbeitsrecht Linz.<\/h3>\n<p>Erg\u00e4nzend ber\u00e4t er im IT-Recht, w\u00e4hrend das Arbeitsrecht \u2013 national wie international \u2013 den Kern seiner Arbeit darstellt. F\u00fcr alle arbeitsrechtlichen Belange steht Dr. Stephan Schmelzer bereit und bietet L\u00f6sungen, die genau auf die Bed\u00fcrfnisse zugeschnitten sind. Seine pers\u00f6nliche Herangehensweise und fundierte Erfahrung machen ihn zu einem der gefragtesten Fachanw\u00e4lte in diesem Bereich. &#8211; <a title=\"Anwalt Orlam\u00fcnde\" href=\"https:\/\/anwalt.rocks\/arbeitsrecht\/orlamuende\/\">Anwalt Orlam\u00fcnde<\/a><\/p>\n<h3>Kompetent und durchsetzungsstark &#8211; Seit 1998 t\u00e4tig als Arbeits- und Steuerrechtler Linz.<\/h3>\n<p>Von der rechtlichen Gestaltung von Arbeitsvertr\u00e4gen bis hin zu umfassenden Restrukturierungen sind Arbeitgeber heute stark gefordert. Mit seiner praxisnahen Herangehensweise hilft Dr. Schmelzer Unternehmen, rechtliche Risiken zu vermeiden und praktische L\u00f6sungen zu entwickeln. Zu seinen Beratungsleistungen z\u00e4hlen: &#8211; <a title=\"Anwalt Arbeitsrecht Querfurt\" href=\"https:\/\/anwalt.rocks\/arbeitsrecht\/querfurt\/\">Anwalt Arbeitsrecht Querfurt<\/a><\/p>\n<h3>Anwalt Arbeitsrecht Linz 57 \u00fcbergl\u00fcckliche Mandanten.<\/h3>\n<p>Gestaltung und Kontrolle von Arbeitsvertr\u00e4gen, die rechtlich wasserdicht und anpassbar sind. Entwicklung passgenauer Verg\u00fctungs- und Arbeitszeitmodelle f\u00fcr die individuellen Bed\u00fcrfnisse des Unternehmens. &#8211; <a title=\"Anwalt Arbeitsrecht Rheinau\" href=\"https:\/\/anwalt.rocks\/arbeitsrecht\/rheinau\/\">Anwalt Arbeitsrecht Rheinau<\/a><\/p>\n<h3>Wieso f\u00e4llt die Entscheidung auf den kompetenten Anwalt Linz:<\/h3>\n<p>Beratung bei der Ausarbeitung von K\u00fcndigungen, die auf betriebliche, verhaltens- oder pers\u00f6nliche Gr\u00fcnde zur\u00fcckzuf\u00fchren sind. Reduktion von juristischen Fallstricken und Unterst\u00fctzung durch alle Phasen der K\u00fcndigung.<\/p>\n<h3>Hohe Kompetenz und durchsetzungsstark.<\/h3>\n<p>Rechtliche Beratung zur Betriebsratsmitwirkung in zentralen Entscheidungsprozessen. Begleitung und Unterst\u00fctzung bei der Verhandlung und Umsetzung von Betriebsvereinbarungen. Rechtliche Begleitung und strategische Planung bei Unternehmensrestrukturierungen. Begleitung vor Gericht bei K\u00fcndigungsschutzklagen, Entfristungsverfahren und weiteren Streitigkeiten. Schwerpunkt auf einer strategisch effizienten Verteidigung unternehmerischer Belange.<\/p>\n<h3>Anwalt Arbeitsrecht Linz &#8211; Fachanwalt Dr. Schmelzer.<\/h3>\n<p>Die Erfahrung von Dr. Schmelzer bietet Arbeitnehmern wertvolle Unterst\u00fctzung. In schwierigen Momenten ist er ein starker Partner, der sich mit Herzblut f\u00fcr seine Mandanten einsetzt. Teil des Leistungsspektrums sind:<\/p>\n<p>Vertretung und Beratung bei K\u00fcndigungsschutzverfahren vor dem Arbeitsgericht. Beratung und Verhandlung von Abfindungsregelungen und sonstigen Entsch\u00e4digungen. Vertretung und Beratung bei K\u00fcndigungsschutzverfahren vor dem Arbeitsgericht. Beratung und Verhandlung von Abfindungsregelungen und sonstigen Entsch\u00e4digungen.<\/p>\n<p>Unterst\u00fctzung bei der Verhandlung von Abfindungsh\u00f6hen und Beratung zu rechtlichen Aspekten von Aufhebungsvertr\u00e4gen. Beratung zur \u00dcberpr\u00fcfung und Bearbeitung von Arbeitszeugnissen nach gesetzlichen Standards. Vertretung bei arbeitsrechtlichen Zeugnisklagen zur Korrektur unrichtiger Bewertungen. Kostenersparnis Hilfe bei der Einforderung von ausstehenden Gehaltsanspr\u00fcchen. Unterst\u00fctzung bei der Kl\u00e4rung von Streitigkeiten \u00fcber Entgeltzahlungen und \u00dcberstundenverg\u00fctungen. Analyse von Abmahnungen und rechtliche Unterst\u00fctzung zur Korrektur unberechtigter Vorw\u00fcrfe.<\/p>\n<h4>Mandanten Vertreung f\u00fcr Arbeitgeber f\u00fcr Anwalt Arbeitsrecht Linz.<\/h4>\n<p>Dr. Schmelzer ist spezialisiert auf Restrukturierung und die Bew\u00e4ltigung von Konflikten. Die Beratung von Unternehmen in Restrukturierungsfragen geh\u00f6rt zu den Kernaufgaben von Dr. Schmelzer. Eine effektive Umsetzung erfordert juristisches Wissen, Verhandlungsst\u00e4rke und \u00f6konomisches Verst\u00e4ndnis.<\/p>\n<p>Anwalt Linz Schlussfolgerung: Die Planung und Realisierung von Interessenausgleichen und Sozialpl\u00e4nen sind zentrale T\u00e4tigkeitsfelder von Dr. Schmelzer. Dabei steht die Suche nach einem akzeptablen Kompromiss f\u00fcr alle Parteien im Mittelpunkt. Aufgrund seines breiten Wissens und seiner strategischen Vorgehensweise ist Dr. Schmelzer ein zuverl\u00e4ssiger Partner bei Verhandlungen mit Betriebsr\u00e4ten und Gewerkschaften.<\/p>\n<p>Der Fachanwalt f\u00fcr Arbeitsrecht behandelt jeden Fall als eigenst\u00e4ndige Herausforderung, die mit Sorgfalt angegangen wird. Sein Ziel ist es, f\u00fcr seine Mandanten die effektivste L\u00f6sung zu finden, sei es durch Einigung oder Prozessf\u00fchrung. Er legt gro\u00dfen Wert auf Offenheit und eine enge Partnerschaft mit seinen Mandanten. Dr. Schmelzer strebt danach, die Zufriedenheit seiner Mandanten in allen Belangen sicherzustellen. Mandanten sch\u00e4tzen seine l\u00f6sungsorientierte Arbeitsweise, die sich sowohl in erfolgreichen Ergebnissen als auch in positiven R\u00fcckmeldungen zeigt. Die Kanzlei Dr. Stephan Schmelzer bietet Arbeitnehmern und Arbeitgebern kompetente Unterst\u00fctzung mit pers\u00f6nlichem Einsatz.<\/p>\n<article class=\"contact contact-list post-2622 profile type-profile status-publish has-post-thumbnail hentry\" data-contact=\"2622\">\n    \n    <div class=\"media\">\n        <div class=\"media-left\">\n            <a  href=\"#\" data-toggle=\"modal\" data-target=\"#ContactModal\"  title=\"Sabine T., 22 Jahre, aus Frankfurt jetzt Kontakt aufnehmen!\">\n                <img loading=\"lazy\" decoding=\"async\" width=\"500\" height=\"500\" src=\"https:\/\/anwalt.rocks\/arbeitsrecht\/wp-content\/uploads\/sites\/2\/2025\/01\/meinung-08.jpg\" class=\"contact-image media-object wp-post-image\" alt=\"Sabine T., 22 Jahre, aus Frankfurt\" srcset=\"https:\/\/anwalt.rocks\/arbeitsrecht\/wp-content\/uploads\/sites\/2\/2025\/01\/meinung-08.jpg 500w, https:\/\/anwalt.rocks\/arbeitsrecht\/wp-content\/uploads\/sites\/2\/2025\/01\/meinung-08-300x300.jpg 300w, https:\/\/anwalt.rocks\/arbeitsrecht\/wp-content\/uploads\/sites\/2\/2025\/01\/meinung-08-150x150.jpg 150w\" sizes=\"auto, (max-width: 500px) 100vw, 500px\" \/>            <\/a>\n        <\/div>\n\n        <div class=\"media-body\">\n                        <p class=\"h2 media-heading\">\n                <a  href=\"#\" data-toggle=\"modal\" data-target=\"#ContactModal\"  title=\"Sabine T., 22 Jahre, aus Frankfurt jetzt Kontakt aufnehmen!\">\n                    <span class=\"contact-name\">Sabine T., 22 Jahre, aus Frankfurt<\/span>\n                <\/a>\n\n                <span class=\"contact-text\"><\/span> <span class=\"contact-city\"><a href=\"https:\/\/anwalt.rocks\/arbeitsrecht\/region\/heinersbrueck\/\">Anwalt Arbeitsrecht Heinersbr\u00fcck<\/a><\/span>            <\/p>\n\n            <div class=\"quote\"><p>Ich hatte ein Problem mit meinem Teilzeitvertrag, da mein Arbeitgeber mich pl\u00f6tzlich zu vielen \u00dcberstunden verpflichten wollte. Herr Schmelzer hat mich wunderbar beraten und schnell eine Kl\u00e4rung herbeigef\u00fchrt. Seine Kompetenz und Freundlichkeit haben mich \u00fcberzeugt. Ich f\u00fchlte mich jederzeit ernst &hellip;<\/p><\/div>\n            <a class=\"btn btn-cta\"  href=\"#\" data-toggle=\"modal\" data-target=\"#ContactModal\"  title=\"Sabine T., 22 Jahre, aus Frankfurt jetzt Kontakt aufnehmen!\">\n                Nachricht senden            <\/a>\n        <\/div>\n    <\/div>\n<\/article><article class=\"contact contact-list post-2634 profile type-profile status-publish has-post-thumbnail hentry\" data-contact=\"2634\">\n    \n    <div class=\"media\">\n        <div class=\"media-left\">\n            <a  href=\"#\" data-toggle=\"modal\" data-target=\"#ContactModal\"  title=\"Mario K. jetzt Kontakt aufnehmen!\">\n                <img loading=\"lazy\" decoding=\"async\" width=\"500\" height=\"500\" src=\"https:\/\/anwalt.rocks\/arbeitsrecht\/wp-content\/uploads\/sites\/2\/2025\/01\/meinung-12.jpg\" class=\"contact-image media-object wp-post-image\" alt=\"Mario K.\" srcset=\"https:\/\/anwalt.rocks\/arbeitsrecht\/wp-content\/uploads\/sites\/2\/2025\/01\/meinung-12.jpg 500w, https:\/\/anwalt.rocks\/arbeitsrecht\/wp-content\/uploads\/sites\/2\/2025\/01\/meinung-12-300x300.jpg 300w, https:\/\/anwalt.rocks\/arbeitsrecht\/wp-content\/uploads\/sites\/2\/2025\/01\/meinung-12-150x150.jpg 150w\" sizes=\"auto, (max-width: 500px) 100vw, 500px\" \/>            <\/a>\n        <\/div>\n\n        <div class=\"media-body\">\n                        <p class=\"h2 media-heading\">\n                <a  href=\"#\" data-toggle=\"modal\" data-target=\"#ContactModal\"  title=\"Mario K. jetzt Kontakt aufnehmen!\">\n                    <span class=\"contact-name\">Mario K.<\/span>\n                <\/a>\n\n                <span class=\"contact-text\"><\/span> <span class=\"contact-city\"><a href=\"https:\/\/anwalt.rocks\/arbeitsrecht\/region\/dahlen-bei-stendal\/\">Anwalt Arbeitsrecht Dahlen bei Stendal<\/a><\/span>            <\/p>\n\n            <div class=\"quote\"><p>Dieser Anwalt wurde mir empfohlen, als ich Probleme mit der Auszahlung meines Urlaubsanspruchs hatte. Er hat meinen Arbeitgeber schnell und effektiv zur Zahlung gebracht. Sein Fachwissen im Arbeitsrecht und sein strategisches Vorgehen waren hervorragend. Ich werde ihn definitiv weiterempfehlen!&hellip;<\/p><\/div>\n            <a class=\"btn btn-cta\"  href=\"#\" data-toggle=\"modal\" data-target=\"#ContactModal\"  title=\"Mario K. jetzt Kontakt aufnehmen!\">\n                Nachricht senden            <\/a>\n        <\/div>\n    <\/div>\n<\/article><article class=\"contact contact-list post-2606 profile type-profile status-publish has-post-thumbnail hentry\" data-contact=\"2606\">\n    \n    <div class=\"media\">\n        <div class=\"media-left\">\n            <a  href=\"#\" data-toggle=\"modal\" data-target=\"#ContactModal\"  title=\"Maria P., 29 Jahre, aus Stuttgart jetzt Kontakt aufnehmen!\">\n                <img loading=\"lazy\" decoding=\"async\" width=\"500\" height=\"500\" src=\"https:\/\/anwalt.rocks\/arbeitsrecht\/wp-content\/uploads\/sites\/2\/2025\/01\/meinung-03.jpg\" class=\"contact-image media-object wp-post-image\" alt=\"Maria P., 29 Jahre, aus Stuttgart\" srcset=\"https:\/\/anwalt.rocks\/arbeitsrecht\/wp-content\/uploads\/sites\/2\/2025\/01\/meinung-03.jpg 500w, https:\/\/anwalt.rocks\/arbeitsrecht\/wp-content\/uploads\/sites\/2\/2025\/01\/meinung-03-300x300.jpg 300w, https:\/\/anwalt.rocks\/arbeitsrecht\/wp-content\/uploads\/sites\/2\/2025\/01\/meinung-03-150x150.jpg 150w\" sizes=\"auto, (max-width: 500px) 100vw, 500px\" \/>            <\/a>\n        <\/div>\n\n        <div class=\"media-body\">\n                        <p class=\"h2 media-heading\">\n                <a  href=\"#\" data-toggle=\"modal\" data-target=\"#ContactModal\"  title=\"Maria P., 29 Jahre, aus Stuttgart jetzt Kontakt aufnehmen!\">\n                    <span class=\"contact-name\">Maria P., 29 Jahre, aus Stuttgart<\/span>\n                <\/a>\n\n                <span class=\"contact-text\"><\/span> <span class=\"contact-city\"><a href=\"https:\/\/anwalt.rocks\/arbeitsrecht\/region\/bruenn-thueringen\/\">Anwalt Arbeitsrecht Br\u00fcnn Th\u00fcringen<\/a><\/span>            <\/p>\n\n            <div class=\"quote\"><p>Herr Dr. Schmelzer ist einfach ein toller Anwalt! In meinem Fall ging es um Mobbing am Arbeitsplatz. Ich wusste nicht mehr weiter, aber Herr Dr. Schmelzer hat mir Mut gemacht und klare Schritte vorgeschlagen. Er hat nicht nur mein Recht &hellip;<\/p><\/div>\n            <a class=\"btn btn-cta\"  href=\"#\" data-toggle=\"modal\" data-target=\"#ContactModal\"  title=\"Maria P., 29 Jahre, aus Stuttgart jetzt Kontakt aufnehmen!\">\n                Nachricht senden            <\/a>\n        <\/div>\n    <\/div>\n<\/article><article class=\"contact contact-list post-2625 profile type-profile status-publish has-post-thumbnail hentry\" data-contact=\"2625\">\n    \n    <div class=\"media\">\n        <div class=\"media-left\">\n            <a  href=\"#\" data-toggle=\"modal\" data-target=\"#ContactModal\"  title=\"Melanie R., 28 Jahre, aus Dortmund jetzt Kontakt aufnehmen!\">\n                <img loading=\"lazy\" decoding=\"async\" width=\"500\" height=\"500\" src=\"https:\/\/anwalt.rocks\/arbeitsrecht\/wp-content\/uploads\/sites\/2\/2025\/01\/meinung-09.jpg\" class=\"contact-image media-object wp-post-image\" alt=\"Melanie R., 28 Jahre, aus Dortmund\" srcset=\"https:\/\/anwalt.rocks\/arbeitsrecht\/wp-content\/uploads\/sites\/2\/2025\/01\/meinung-09.jpg 500w, https:\/\/anwalt.rocks\/arbeitsrecht\/wp-content\/uploads\/sites\/2\/2025\/01\/meinung-09-300x300.jpg 300w, https:\/\/anwalt.rocks\/arbeitsrecht\/wp-content\/uploads\/sites\/2\/2025\/01\/meinung-09-150x150.jpg 150w\" sizes=\"auto, (max-width: 500px) 100vw, 500px\" \/>            <\/a>\n        <\/div>\n\n        <div class=\"media-body\">\n                        <p class=\"h2 media-heading\">\n                <a  href=\"#\" data-toggle=\"modal\" data-target=\"#ContactModal\"  title=\"Melanie R., 28 Jahre, aus Dortmund jetzt Kontakt aufnehmen!\">\n                    <span class=\"contact-name\">Melanie R., 28 Jahre, aus Dortmund<\/span>\n                <\/a>\n\n                <span class=\"contact-text\"><\/span> <span class=\"contact-city\"><a href=\"https:\/\/anwalt.rocks\/arbeitsrecht\/region\/gummersbach-schneppsiefen\/\">Anwalt Arbeitsrecht Gummersbach Schneppsiefen<\/a><\/span>            <\/p>\n\n            <div class=\"quote\"><p>Ich hatte Angst, meinen Job zu verlieren, weil mein Arbeitgeber mich nach meiner Schwangerschaft anders behandeln wollte. Zum Gl\u00fcck wandte ich mich an Rechtsanwalt Schmelzer. Er hat mich nicht nur \u00fcber meine Rechte aufgekl\u00e4rt, sondern auch sehr erfolgreich verhandelt. Jetzt &hellip;<\/p><\/div>\n            <a class=\"btn btn-cta\"  href=\"#\" data-toggle=\"modal\" data-target=\"#ContactModal\"  title=\"Melanie R., 28 Jahre, aus Dortmund jetzt Kontakt aufnehmen!\">\n                Nachricht senden            <\/a>\n        <\/div>\n    <\/div>\n<\/article><article class=\"contact contact-list post-2652 profile type-profile status-publish has-post-thumbnail hentry\" data-contact=\"2652\">\n    \n    <div class=\"media\">\n        <div class=\"media-left\">\n            <a  href=\"#\" data-toggle=\"modal\" data-target=\"#ContactModal\"  title=\"Donald T. jetzt Kontakt aufnehmen!\">\n                <img loading=\"lazy\" decoding=\"async\" width=\"500\" height=\"500\" src=\"https:\/\/anwalt.rocks\/arbeitsrecht\/wp-content\/uploads\/sites\/2\/2025\/01\/meinung-18.jpg\" class=\"contact-image media-object wp-post-image\" alt=\"Donald T.\" srcset=\"https:\/\/anwalt.rocks\/arbeitsrecht\/wp-content\/uploads\/sites\/2\/2025\/01\/meinung-18.jpg 500w, https:\/\/anwalt.rocks\/arbeitsrecht\/wp-content\/uploads\/sites\/2\/2025\/01\/meinung-18-300x300.jpg 300w, https:\/\/anwalt.rocks\/arbeitsrecht\/wp-content\/uploads\/sites\/2\/2025\/01\/meinung-18-150x150.jpg 150w\" sizes=\"auto, (max-width: 500px) 100vw, 500px\" \/>            <\/a>\n        <\/div>\n\n        <div class=\"media-body\">\n                        <p class=\"h2 media-heading\">\n                <a  href=\"#\" data-toggle=\"modal\" data-target=\"#ContactModal\"  title=\"Donald T. jetzt Kontakt aufnehmen!\">\n                    <span class=\"contact-name\">Donald T.<\/span>\n                <\/a>\n\n                <span class=\"contact-text\"><\/span> <span class=\"contact-city\"><a href=\"https:\/\/anwalt.rocks\/arbeitsrecht\/region\/raebke\/\">Anwalt Arbeitsrecht R\u00e4bke<\/a><\/span>            <\/p>\n\n            <div class=\"quote\"><p>Ich wurde von meinem Arbeitgeber unfair behandelt, nachdem ich auf Elternzeit bestanden hatte. Herr Rechtsanwalt Stephan Schmelzer hat sich meinem Fall angenommen und eine einvernehmliche L\u00f6sung gefunden, die meine berufliche Zukunft sichert. Seine Unterst\u00fctzung war \u00e4u\u00dferst professionell und menschlich zugleich. &hellip;<\/p><\/div>\n            <a class=\"btn btn-cta\"  href=\"#\" data-toggle=\"modal\" data-target=\"#ContactModal\"  title=\"Donald T. jetzt Kontakt aufnehmen!\">\n                Nachricht senden            <\/a>\n        <\/div>\n    <\/div>\n<\/article>\n<div class=\"blogposts\"><ul><li><a href=\"https:\/\/anwalt.rocks\/arbeitsrecht\/waren\/\" title=\"Fachanwalt im Bereich Arbeitsrecht Waren.\">Fachanwalt im Bereich Arbeitsrecht Waren.<\/a><\/li><li><a href=\"https:\/\/anwalt.rocks\/arbeitsrecht\/hollabrunn\/\" title=\"Kanzlei Dr. Stephan Schmelzer Rechtsanwalt Arbeitsrecht Hollabrunn.\">Kanzlei Dr. Stephan Schmelzer Rechtsanwalt Arbeitsrecht Hollabrunn.<\/a><\/li><li><a href=\"https:\/\/anwalt.rocks\/arbeitsrecht\/wil\/\" title=\"Fachanwalt im Bereich Arbeitsrecht Wil.\">Fachanwalt im Bereich Arbeitsrecht Wil.<\/a><\/li><li><a href=\"https:\/\/anwalt.rocks\/arbeitsrecht\/gerolzhofen\/\" title=\"Rechtsanwalt Gerolzhofen Spezialist f\u00fcr Arbeits- und IT Recht.\">Rechtsanwalt Gerolzhofen Spezialist f\u00fcr Arbeits- und IT Recht.<\/a><\/li><li><a href=\"https:\/\/anwalt.rocks\/arbeitsrecht\/oberkochen\/\" title=\"Anwalt Oberkochen in Sachen Arbeitsrecht.\">Anwalt Oberkochen in Sachen Arbeitsrecht.<\/a><\/li><li><a href=\"https:\/\/anwalt.rocks\/arbeitsrecht\/baar\/\" title=\"Anwalt Arbeitsrecht Baar &#8211; Bereits \u00fcber 42 motivierte Kunden.\">Anwalt Arbeitsrecht Baar &#8211; Bereits \u00fcber 42 motivierte Kunden.<\/a><\/li><li><a href=\"https:\/\/anwalt.rocks\/arbeitsrecht\/muellheim\/\" title=\"Anwalt M\u00fcllheim Experte f\u00fcr IT- und Arbeitsrecht.\">Anwalt M\u00fcllheim Experte f\u00fcr IT- und Arbeitsrecht.<\/a><\/li><\/ul><\/div>\n","protected":false},"excerpt":{"rendered":"<h2>Anwalt Arbeitsrecht M\u00fcllheim &#8211; Experte  f\u00fcr bundesweite Beauftragungen.<\/h2>\n<p><a href=\"https:\/\/dr-schmelzer.eu\/arbeitsrecht\/\" target=\"_blank\" rel=\"noopener\"><img loading=\"lazy\" decoding=\"async\" src=\"https:\/\/anwalt.rocks\/bilder\/arbeitsrecht\/anwalt-arbeitsrecht-600x600.webp\" alt=\"Anwalt M\u00fcllheim Experte f\u00fcr IT- und Arbeitsrecht.\" title=\"Anwalt M\u00fcllheim Experte f\u00fcr IT- und Arbeitsrecht.\" width=\"600\" height=\"600\" \/><\/a> <\/p>\n<h3>Rechtsanwalt Arbeitsrecht und IT Recht M\u00fcllheim &#8211; Soziet\u00e4t Dr. Stephan Schmelzer.<\/h3>\n<p>Ob Arbeitnehmer oder Arbeitgeber \u2013 Dr. Stephan Schmelzer ist Ihr verl\u00e4sslicher Partner im Arbeitsrecht. Seit \u00fcber 25 Jahren ist er im &hellip;<\/p>","protected":false},"author":1,"featured_media":0,"comment_status":"closed","ping_status":"open","sticky":false,"template":"","format":"standard","meta":{"footnotes":""},"categories":[3],"tags":[],"class_list":["post-8708","post","type-post","status-publish","format-standard","hentry","category-fachanwalt"],"yoast_head":"<!-- This site is optimized with the Yoast SEO Premium plugin v27.1 (Yoast SEO v27.2) - https:\/\/yoast.com\/product\/yoast-seo-premium-wordpress\/ -->\n<title>Rechtsanwalt Linz Fachanwalt f\u00fcr Arbeits- und IT Recht.<\/title>\n<meta name=\"robots\" content=\"index, follow, max-snippet:-1, max-image-preview:large, max-video-preview:-1\" \/>\n<link rel=\"canonical\" href=\"https:\/\/anwalt.rocks\/arbeitsrecht\/linz\/\" \/>\n<meta property=\"og:locale\" content=\"de_DE\" \/>\n<meta property=\"og:type\" content=\"article\" \/>\n<meta property=\"og:title\" content=\"Rechtsanwalt Linz Fachanwalt f\u00fcr Arbeits- und IT Recht.\" \/>\n<meta property=\"og:description\" content=\"Anwalt Arbeitsrecht M\u00fcllheim &#8211; Experte f\u00fcr bundesweite Beauftragungen.  Rechtsanwalt Arbeitsrecht und IT Recht M\u00fcllheim &#8211; Soziet\u00e4t Dr. Stephan Schmelzer. Ob Arbeitnehmer oder Arbeitgeber \u2013 Dr. Stephan Schmelzer ist Ihr verl\u00e4sslicher Partner im Arbeitsrecht. Seit \u00fcber 25 Jahren ist er im &hellip;\" \/>\n<meta property=\"og:url\" content=\"https:\/\/anwalt.rocks\/arbeitsrecht\/linz\/\" \/>\n<meta property=\"og:site_name\" content=\"Anwalt Arbeitsrecht in der N\u00e4he - Dr. Schmelzer\" \/>\n<meta property=\"article:published_time\" content=\"2025-01-08T19:04:21+00:00\" \/>\n<meta property=\"og:image\" content=\"https:\/\/anwalt.rocks\/bilder\/arbeitsrecht\/anwalt-arbeitsrecht-600x600.webp\" \/>\n<meta name=\"author\" content=\"admin\" \/>\n<meta name=\"twitter:card\" content=\"summary_large_image\" \/>\n<meta name=\"twitter:label1\" content=\"Verfasst von\" \/>\n\t<meta name=\"twitter:data1\" content=\"admin\" \/>\n\t<meta name=\"twitter:label2\" content=\"Gesch\u00e4tzte Lesezeit\" \/>\n\t<meta name=\"twitter:data2\" content=\"4\u00a0Minuten\" \/>\n<script type=\"application\/ld+json\" class=\"yoast-schema-graph\">{\"@context\":\"https:\/\/schema.org\",\"@graph\":[{\"@type\":\"Article\",\"@id\":\"https:\/\/anwalt.rocks\/arbeitsrecht\/linz\/#article\",\"isPartOf\":{\"@id\":\"https:\/\/anwalt.rocks\/arbeitsrecht\/linz\/\"},\"author\":{\"name\":\"admin\",\"@id\":\"https:\/\/anwalt.rocks\/arbeitsrecht\/#\/schema\/person\/3fd3b0fc4df170bb2460fbc934288e39\"},\"headline\":\"Rechtsanwalt Linz Fachanwalt f\u00fcr Arbeits- und IT Recht.\",\"datePublished\":\"2025-01-08T19:04:21+00:00\",\"mainEntityOfPage\":{\"@id\":\"https:\/\/anwalt.rocks\/arbeitsrecht\/linz\/\"},\"wordCount\":718,\"publisher\":{\"@id\":\"https:\/\/anwalt.rocks\/arbeitsrecht\/#organization\"},\"image\":{\"@id\":\"https:\/\/anwalt.rocks\/arbeitsrecht\/linz\/#primaryimage\"},\"thumbnailUrl\":\"https:\/\/anwalt.rocks\/bilder\/arbeitsrecht\/anwalt-arbeitsrecht-600x600.webp\",\"articleSection\":[\"Fachanwalt\"],\"inLanguage\":\"de\"},{\"@type\":\"WebPage\",\"@id\":\"https:\/\/anwalt.rocks\/arbeitsrecht\/linz\/\",\"url\":\"https:\/\/anwalt.rocks\/arbeitsrecht\/linz\/\",\"name\":\"Rechtsanwalt Linz Fachanwalt f\u00fcr Arbeits- und IT Recht.\",\"isPartOf\":{\"@id\":\"https:\/\/anwalt.rocks\/arbeitsrecht\/#website\"},\"primaryImageOfPage\":{\"@id\":\"https:\/\/anwalt.rocks\/arbeitsrecht\/linz\/#primaryimage\"},\"image\":{\"@id\":\"https:\/\/anwalt.rocks\/arbeitsrecht\/linz\/#primaryimage\"},\"thumbnailUrl\":\"https:\/\/anwalt.rocks\/bilder\/arbeitsrecht\/anwalt-arbeitsrecht-600x600.webp\",\"datePublished\":\"2025-01-08T19:04:21+00:00\",\"breadcrumb\":{\"@id\":\"https:\/\/anwalt.rocks\/arbeitsrecht\/linz\/#breadcrumb\"},\"inLanguage\":\"de\",\"potentialAction\":[{\"@type\":\"ReadAction\",\"target\":[\"https:\/\/anwalt.rocks\/arbeitsrecht\/linz\/\"]}]},{\"@type\":\"ImageObject\",\"inLanguage\":\"de\",\"@id\":\"https:\/\/anwalt.rocks\/arbeitsrecht\/linz\/#primaryimage\",\"url\":\"https:\/\/anwalt.rocks\/bilder\/arbeitsrecht\/anwalt-arbeitsrecht-600x600.webp\",\"contentUrl\":\"https:\/\/anwalt.rocks\/bilder\/arbeitsrecht\/anwalt-arbeitsrecht-600x600.webp\"},{\"@type\":\"BreadcrumbList\",\"@id\":\"https:\/\/anwalt.rocks\/arbeitsrecht\/linz\/#breadcrumb\",\"itemListElement\":[{\"@type\":\"ListItem\",\"position\":1,\"name\":\"Start\",\"item\":\"https:\/\/anwalt.rocks\/arbeitsrecht\/\"},{\"@type\":\"ListItem\",\"position\":2,\"name\":\"Rechtsanwalt Linz Fachanwalt f\u00fcr Arbeits- und IT Recht.\"}]},{\"@type\":\"WebSite\",\"@id\":\"https:\/\/anwalt.rocks\/arbeitsrecht\/#website\",\"url\":\"https:\/\/anwalt.rocks\/arbeitsrecht\/\",\"name\":\"Anwalt Arbeitsrecht in der N\u00e4he - Dr. Schmelzer\",\"description\":\"Kompetenzen und Vorteile von Dr. Stephan Schmelzer \u2013 Anwalt und Fachanwalt f\u00fcr Arbeitsrecht mit 25 j\u00e4hriger Berufspraxis.\",\"publisher\":{\"@id\":\"https:\/\/anwalt.rocks\/arbeitsrecht\/#organization\"},\"potentialAction\":[{\"@type\":\"SearchAction\",\"target\":{\"@type\":\"EntryPoint\",\"urlTemplate\":\"https:\/\/anwalt.rocks\/arbeitsrecht\/?s={search_term_string}\"},\"query-input\":{\"@type\":\"PropertyValueSpecification\",\"valueRequired\":true,\"valueName\":\"search_term_string\"}}],\"inLanguage\":\"de\"},{\"@type\":\"Organization\",\"@id\":\"https:\/\/anwalt.rocks\/arbeitsrecht\/#organization\",\"name\":\"Kanzlei Dr. Schmelzer\",\"url\":\"https:\/\/anwalt.rocks\/arbeitsrecht\/\",\"logo\":{\"@type\":\"ImageObject\",\"inLanguage\":\"de\",\"@id\":\"https:\/\/anwalt.rocks\/arbeitsrecht\/#\/schema\/logo\/image\/\",\"url\":\"https:\/\/anwalt.rocks\/arbeitsrecht\/wp-content\/uploads\/sites\/2\/2025\/01\/anwalt-arbeitsrecht-logo.png\",\"contentUrl\":\"https:\/\/anwalt.rocks\/arbeitsrecht\/wp-content\/uploads\/sites\/2\/2025\/01\/anwalt-arbeitsrecht-logo.png\",\"width\":450,\"height\":150,\"caption\":\"Kanzlei Dr. Schmelzer\"},\"image\":{\"@id\":\"https:\/\/anwalt.rocks\/arbeitsrecht\/#\/schema\/logo\/image\/\"}},{\"@type\":\"Person\",\"@id\":\"https:\/\/anwalt.rocks\/arbeitsrecht\/#\/schema\/person\/3fd3b0fc4df170bb2460fbc934288e39\",\"name\":\"admin\",\"image\":{\"@type\":\"ImageObject\",\"inLanguage\":\"de\",\"@id\":\"https:\/\/secure.gravatar.com\/avatar\/2a567a722e62dc61f1aaa46c6b595fa617f2003443806e3422a8fed77c029cfc?s=96&d=mm&r=g\",\"url\":\"https:\/\/secure.gravatar.com\/avatar\/2a567a722e62dc61f1aaa46c6b595fa617f2003443806e3422a8fed77c029cfc?s=96&d=mm&r=g\",\"contentUrl\":\"https:\/\/secure.gravatar.com\/avatar\/2a567a722e62dc61f1aaa46c6b595fa617f2003443806e3422a8fed77c029cfc?s=96&d=mm&r=g\",\"caption\":\"admin\"},\"sameAs\":[\"https:\/\/anwalt.rocks\"],\"url\":\"https:\/\/anwalt.rocks\/arbeitsrecht\/author\/admin\/\"}]}<\/script>\n<!-- \/ Yoast SEO Premium plugin. -->","yoast_head_json":{"title":"Rechtsanwalt Linz Fachanwalt f\u00fcr Arbeits- und IT Recht.","robots":{"index":"index","follow":"follow","max-snippet":"max-snippet:-1","max-image-preview":"max-image-preview:large","max-video-preview":"max-video-preview:-1"},"canonical":"https:\/\/anwalt.rocks\/arbeitsrecht\/linz\/","og_locale":"de_DE","og_type":"article","og_title":"Rechtsanwalt Linz Fachanwalt f\u00fcr Arbeits- und IT Recht.","og_description":"Anwalt Arbeitsrecht M\u00fcllheim &#8211; Experte f\u00fcr bundesweite Beauftragungen.  Rechtsanwalt Arbeitsrecht und IT Recht M\u00fcllheim &#8211; Soziet\u00e4t Dr. Stephan Schmelzer. Ob Arbeitnehmer oder Arbeitgeber \u2013 Dr. Stephan Schmelzer ist Ihr verl\u00e4sslicher Partner im Arbeitsrecht. Seit \u00fcber 25 Jahren ist er im &hellip;","og_url":"https:\/\/anwalt.rocks\/arbeitsrecht\/linz\/","og_site_name":"Anwalt Arbeitsrecht in der N\u00e4he - Dr. Schmelzer","article_published_time":"2025-01-08T19:04:21+00:00","og_image":[{"url":"https:\/\/anwalt.rocks\/bilder\/arbeitsrecht\/anwalt-arbeitsrecht-600x600.webp","type":"","width":"","height":""}],"author":"admin","twitter_card":"summary_large_image","twitter_misc":{"Verfasst von":"admin","Gesch\u00e4tzte Lesezeit":"4\u00a0Minuten"},"schema":{"@context":"https:\/\/schema.org","@graph":[{"@type":"Article","@id":"https:\/\/anwalt.rocks\/arbeitsrecht\/linz\/#article","isPartOf":{"@id":"https:\/\/anwalt.rocks\/arbeitsrecht\/linz\/"},"author":{"name":"admin","@id":"https:\/\/anwalt.rocks\/arbeitsrecht\/#\/schema\/person\/3fd3b0fc4df170bb2460fbc934288e39"},"headline":"Rechtsanwalt Linz Fachanwalt f\u00fcr Arbeits- und IT Recht.","datePublished":"2025-01-08T19:04:21+00:00","mainEntityOfPage":{"@id":"https:\/\/anwalt.rocks\/arbeitsrecht\/linz\/"},"wordCount":718,"publisher":{"@id":"https:\/\/anwalt.rocks\/arbeitsrecht\/#organization"},"image":{"@id":"https:\/\/anwalt.rocks\/arbeitsrecht\/linz\/#primaryimage"},"thumbnailUrl":"https:\/\/anwalt.rocks\/bilder\/arbeitsrecht\/anwalt-arbeitsrecht-600x600.webp","articleSection":["Fachanwalt"],"inLanguage":"de"},{"@type":"WebPage","@id":"https:\/\/anwalt.rocks\/arbeitsrecht\/linz\/","url":"https:\/\/anwalt.rocks\/arbeitsrecht\/linz\/","name":"Rechtsanwalt Linz Fachanwalt f\u00fcr Arbeits- und IT Recht.","isPartOf":{"@id":"https:\/\/anwalt.rocks\/arbeitsrecht\/#website"},"primaryImageOfPage":{"@id":"https:\/\/anwalt.rocks\/arbeitsrecht\/linz\/#primaryimage"},"image":{"@id":"https:\/\/anwalt.rocks\/arbeitsrecht\/linz\/#primaryimage"},"thumbnailUrl":"https:\/\/anwalt.rocks\/bilder\/arbeitsrecht\/anwalt-arbeitsrecht-600x600.webp","datePublished":"2025-01-08T19:04:21+00:00","breadcrumb":{"@id":"https:\/\/anwalt.rocks\/arbeitsrecht\/linz\/#breadcrumb"},"inLanguage":"de","potentialAction":[{"@type":"ReadAction","target":["https:\/\/anwalt.rocks\/arbeitsrecht\/linz\/"]}]},{"@type":"ImageObject","inLanguage":"de","@id":"https:\/\/anwalt.rocks\/arbeitsrecht\/linz\/#primaryimage","url":"https:\/\/anwalt.rocks\/bilder\/arbeitsrecht\/anwalt-arbeitsrecht-600x600.webp","contentUrl":"https:\/\/anwalt.rocks\/bilder\/arbeitsrecht\/anwalt-arbeitsrecht-600x600.webp"},{"@type":"BreadcrumbList","@id":"https:\/\/anwalt.rocks\/arbeitsrecht\/linz\/#breadcrumb","itemListElement":[{"@type":"ListItem","position":1,"name":"Start","item":"https:\/\/anwalt.rocks\/arbeitsrecht\/"},{"@type":"ListItem","position":2,"name":"Rechtsanwalt Linz Fachanwalt f\u00fcr Arbeits- und IT Recht."}]},{"@type":"WebSite","@id":"https:\/\/anwalt.rocks\/arbeitsrecht\/#website","url":"https:\/\/anwalt.rocks\/arbeitsrecht\/","name":"Anwalt Arbeitsrecht in der N\u00e4he - Dr. Schmelzer","description":"Kompetenzen und Vorteile von Dr. Stephan Schmelzer \u2013 Anwalt und Fachanwalt f\u00fcr Arbeitsrecht mit 25 j\u00e4hriger Berufspraxis.","publisher":{"@id":"https:\/\/anwalt.rocks\/arbeitsrecht\/#organization"},"potentialAction":[{"@type":"SearchAction","target":{"@type":"EntryPoint","urlTemplate":"https:\/\/anwalt.rocks\/arbeitsrecht\/?s={search_term_string}"},"query-input":{"@type":"PropertyValueSpecification","valueRequired":true,"valueName":"search_term_string"}}],"inLanguage":"de"},{"@type":"Organization","@id":"https:\/\/anwalt.rocks\/arbeitsrecht\/#organization","name":"Kanzlei Dr. Schmelzer","url":"https:\/\/anwalt.rocks\/arbeitsrecht\/","logo":{"@type":"ImageObject","inLanguage":"de","@id":"https:\/\/anwalt.rocks\/arbeitsrecht\/#\/schema\/logo\/image\/","url":"https:\/\/anwalt.rocks\/arbeitsrecht\/wp-content\/uploads\/sites\/2\/2025\/01\/anwalt-arbeitsrecht-logo.png","contentUrl":"https:\/\/anwalt.rocks\/arbeitsrecht\/wp-content\/uploads\/sites\/2\/2025\/01\/anwalt-arbeitsrecht-logo.png","width":450,"height":150,"caption":"Kanzlei Dr. Schmelzer"},"image":{"@id":"https:\/\/anwalt.rocks\/arbeitsrecht\/#\/schema\/logo\/image\/"}},{"@type":"Person","@id":"https:\/\/anwalt.rocks\/arbeitsrecht\/#\/schema\/person\/3fd3b0fc4df170bb2460fbc934288e39","name":"admin","image":{"@type":"ImageObject","inLanguage":"de","@id":"https:\/\/secure.gravatar.com\/avatar\/2a567a722e62dc61f1aaa46c6b595fa617f2003443806e3422a8fed77c029cfc?s=96&d=mm&r=g","url":"https:\/\/secure.gravatar.com\/avatar\/2a567a722e62dc61f1aaa46c6b595fa617f2003443806e3422a8fed77c029cfc?s=96&d=mm&r=g","contentUrl":"https:\/\/secure.gravatar.com\/avatar\/2a567a722e62dc61f1aaa46c6b595fa617f2003443806e3422a8fed77c029cfc?s=96&d=mm&r=g","caption":"admin"},"sameAs":["https:\/\/anwalt.rocks"],"url":"https:\/\/anwalt.rocks\/arbeitsrecht\/author\/admin\/"}]}},"_links":{"self":[{"href":"https:\/\/anwalt.rocks\/arbeitsrecht\/wp-json\/wp\/v2\/posts\/8708","targetHints":{"allow":["GET"]}}],"collection":[{"href":"https:\/\/anwalt.rocks\/arbeitsrecht\/wp-json\/wp\/v2\/posts"}],"about":[{"href":"https:\/\/anwalt.rocks\/arbeitsrecht\/wp-json\/wp\/v2\/types\/post"}],"author":[{"embeddable":true,"href":"https:\/\/anwalt.rocks\/arbeitsrecht\/wp-json\/wp\/v2\/users\/1"}],"replies":[{"embeddable":true,"href":"https:\/\/anwalt.rocks\/arbeitsrecht\/wp-json\/wp\/v2\/comments?post=8708"}],"version-history":[{"count":0,"href":"https:\/\/anwalt.rocks\/arbeitsrecht\/wp-json\/wp\/v2\/posts\/8708\/revisions"}],"wp:attachment":[{"href":"https:\/\/anwalt.rocks\/arbeitsrecht\/wp-json\/wp\/v2\/media?parent=8708"}],"wp:term":[{"taxonomy":"category","embeddable":true,"href":"https:\/\/anwalt.rocks\/arbeitsrecht\/wp-json\/wp\/v2\/categories?post=8708"},{"taxonomy":"post_tag","embeddable":true,"href":"https:\/\/anwalt.rocks\/arbeitsrecht\/wp-json\/wp\/v2\/tags?post=8708"}],"curies":[{"name":"wp","href":"https:\/\/api.w.org\/{rel}","templated":true}]}}