{"id":8758,"date":"2025-01-08T10:36:11","date_gmt":"2025-01-08T09:36:11","guid":{"rendered":"https:\/\/anwalt.rocks\/arbeitsrecht\/magdeburg\/"},"modified":"2025-01-08T10:36:11","modified_gmt":"2025-01-08T09:36:11","slug":"magdeburg","status":"publish","type":"post","link":"https:\/\/anwalt.rocks\/arbeitsrecht\/magdeburg\/","title":{"rendered":"Kanzlei Dr. Stephan Schmelzer Rechtsanwalt Arbeitsrecht Magdeburg."},"content":{"rendered":"<span class=\"span-reading-time rt-reading-time\" style=\"display: block;\"><span class=\"rt-label rt-prefix\">Lesedauer<\/span> <span class=\"rt-time\"> 3<\/span> <span class=\"rt-label rt-postfix\">Minuten<\/span><\/span><h2>Kanzlei Dr. Stephan Schmelzer Rechtsanwalt f\u00fcr Arbeitsrecht Magdeburg.<\/h2>\n<p><a href=\"https:\/\/dr-schmelzer.eu\/arbeitsrecht\/\" target=\"_blank\" rel=\"noopener\"><img loading=\"lazy\" decoding=\"async\" src=\"https:\/\/anwalt.rocks\/bilder\/arbeitsrecht\/anwalt-arbeitsrecht-600x600.webp\" alt=\"Kanzlei Dr. Stephan Schmelzer Rechtsanwalt Arbeitsrecht Magdeburg.\" title=\"Kanzlei Dr. Stephan Schmelzer Rechtsanwalt Arbeitsrecht Magdeburg.\" width=\"600\" height=\"600\" \/><\/a> <\/p>\n<h3>Anwalt IT- und Arbeitsrecht Magdeburg &#8211; Kanzlei Dr. Stephan Schmelzer.<\/h3>\n<p>In allen Angelegenheiten des Arbeitsrechts steht Dr. Stephan Schmelzer Ihnen zur Seite. Seine mehr als 25-j\u00e4hrige Berufserfahrung und die Fachanwaltszulassung im Arbeitsrecht unterstreichen seinen Ruf \u00fcber Ahlen hinaus. Seit mehr als zwei Jahrzehnten leitet er eine Kanzlei, die f\u00fcr professionelle Beratung und juristische Pr\u00e4zision bekannt ist. Seine Spezialisierungen als Fachanwalt f\u00fcr IT-Recht und Arbeitsrecht machen Dr. Schmelzer zu einem unverzichtbaren Berater in der modernen Arbeitswelt. &#8211; <a title=\"Anwalt Hannover\" href=\"https:\/\/anwalt.rocks\/arbeitsrecht\/hannover\/\">Anwalt Hannover<\/a><\/p>\n<p><a href=\"https:\/\/dr-schmelzer.eu\/arbeitsrecht\/\" target=\"_blank\" rel=\"noopener\"><img loading=\"lazy\" decoding=\"async\" src=\"https:\/\/anwalt.rocks\/bilder\/arbeitsrecht\/rechtsanwalt-arbeitsrecht-600x600.webp\" alt=\"Anwalt Arbeitsrecht Magdeburg\" title=\"Anwalt Arbeitsrecht Magdeburg\" width=\"600\" height=\"600\" \/><\/a> <\/p>\n<h3>Kanzlei Dr. Stephan Schmelzer &#8211; Experte f\u00fcr Arbeitsrecht Magdeburg.<\/h3>\n<p>IT-rechtliche Aspekte spielen eine erg\u00e4nzende Rolle, doch der Fokus seiner T\u00e4tigkeit liegt im nationalen und internationalen Arbeitsrecht. Arbeitgeber und Arbeitnehmer k\u00f6nnen sich auf Dr. Schmelzers Expertise im Arbeitsrecht verlassen, die ma\u00dfgeschneiderte L\u00f6sungen bietet. Die Verbindung aus Praxisn\u00e4he und individueller Beratung macht ihn zu einem der f\u00fchrenden Experten in diesem Rechtsgebiet. &#8211; <a title=\"Anwalt Kaiserslautern\" href=\"https:\/\/anwalt.rocks\/arbeitsrecht\/kaiserslautern\/\">Anwalt Kaiserslautern<\/a><\/p>\n<h3>Zuverl\u00e4ssig und kompetent &#8211; 25 Jahre Erfahrung als Fachanwalt Magdeburg.<\/h3>\n<p>Von Vertragsgestaltung bis Restrukturierung: Arbeitgeber sehen sich heute mit diversen rechtlichen Anforderungen konfrontiert. Mit seiner praxisnahen Herangehensweise hilft Dr. Schmelzer Unternehmen, rechtliche Risiken zu vermeiden und praktische L\u00f6sungen zu entwickeln. Sein Angebot umfasst insbesondere: &#8211; <a title=\"Anwalt Arbeitsrecht Haltern am See\" href=\"https:\/\/anwalt.rocks\/arbeitsrecht\/haltern-am-see\/\">Anwalt Arbeitsrecht Haltern am See<\/a><\/p>\n<h3>Anwalt Arbeitsrecht Magdeburg 31 \u00fcbergl\u00fcckliche Kunden.<\/h3>\n<p>Gestaltung und Optimierung von Arbeitsvertr\u00e4gen, die sowohl rechtlich wasserdicht als auch flexibel bleiben. Anpassung von Arbeitszeit- und Verg\u00fctungsstrukturen, um den individuellen Bed\u00fcrfnissen des Unternehmens zu entsprechen. &#8211; <a title=\"Anwalt Arbeitsrecht Poysdorf\" href=\"https:\/\/anwalt.rocks\/arbeitsrecht\/poysdorf\/\">Anwalt Arbeitsrecht Poysdorf<\/a><\/p>\n<h3>Darum entscheidet man sich f\u00fcr den kompetenten Anwalt Magdeburg:<\/h3>\n<p>Beratung bei der Vorbereitung und Durchf\u00fchrung von K\u00fcndigungen aus betrieblichen, verhaltens- oder personenbezogenen Gr\u00fcnden. Minimierung rechtlicher Herausforderungen und professionelle Begleitung im K\u00fcndigungsverfahren.<\/p>\n<h3>Kompetent aber auch top zuverl\u00e4ssig.<\/h3>\n<p>Rechtliche Unterst\u00fctzung zur Einbindung des Betriebsrats bei unternehmerischen Ma\u00dfnahmen. Unterst\u00fctzung bei der Aushandlung und praktischen Realisierung von Betriebsvereinbarungen. Planung und rechtliche Betreuung von unternehmensweiten Restrukturierungsprozessen. Vertretung bei gerichtlichen Streitigkeiten im Arbeitsrecht, einschlie\u00dflich Entfristungsklagen und K\u00fcndigungsschutz. Konzentration auf die effektive und zielgerichtete Vertretung der Unternehmensinteressen.<\/p>\n<h3>Anwalt Arbeitsrecht Magdeburg &#8211; Experte Dr. Schmelzer.<\/h3>\n<p>Auch Arbeitnehmer profitieren von der langj\u00e4hrigen Praxiserfahrung von Dr. Schmelzer. In schwierigen Konflikten steht er als engagierter Begleiter bereit, der mit Leidenschaft handelt. Die Dienstleistungen schlie\u00dfen ein:<\/p>\n<p>Umfangreiche Unterst\u00fctzung in K\u00fcndigungsschutzklagen und Vertretung vor dem Arbeitsgericht. Unterst\u00fctzung bei der Kl\u00e4rung und Verhandlung von Abfindungszahlungen. Umfangreiche Unterst\u00fctzung in K\u00fcndigungsschutzklagen und Vertretung vor dem Arbeitsgericht. Unterst\u00fctzung bei der Kl\u00e4rung und Verhandlung von Abfindungszahlungen.<\/p>\n<p>Beratung bei der Entwicklung von Aufhebungsvertr\u00e4gen und Verhandlung fairer Abfindungen. Unterst\u00fctzung bei der Bewertung und Verbesserung von Arbeitszeugnissen. Begleitung in Zeugnisprozessen, um eine faire Darstellung sicherzustellen. Reduzierung der Kosten Beratung und Unterst\u00fctzung bei der Durchsetzung von offenen Gehaltsanspr\u00fcchen. Begleitung bei Entgeltklagen und Streitigkeiten \u00fcber nicht verg\u00fctete \u00dcberstunden. Pr\u00fcfung von Abmahnungen mit dem Ziel, unberechtigte Vorw\u00fcrfe aus der Welt zu schaffen.<\/p>\n<h4>Mandanten Vertreung f\u00fcr Arbeitnehmer und Arbeitgeber zum Thema Anwalt Arbeitsrecht Magdeburg.<\/h4>\n<p>Ein Hauptaugenmerk von Dr. Schmelzer liegt auf Restrukturierungen und der L\u00f6sung von Konflikten. Ein Schwerpunkt der Arbeit von Dr. Schmelzer ist die Begleitung von Unternehmen bei Restrukturierungen. Diese T\u00e4tigkeiten verlangen juristisches Know-how, eine ausgepr\u00e4gte Verhandlungsst\u00e4rke und wirtschaftliches Verst\u00e4ndnis.<\/p>\n<p>Anwalt Magdeburg Schlussfolgerung: Dr. Schmelzer hat sich auf die Vorbereitung und Verhandlung von Interessenausgleichen und Sozialpl\u00e4nen spezialisiert. Ziel ist eine L\u00f6sung, die alle Interessen gleicherma\u00dfen ber\u00fccksichtigt. Mit seiner fundierten Expertise und strategischen Kompetenz ist Dr. Schmelzer ein gesch\u00e4tzter Verhandlungspartner f\u00fcr Gewerkschaften und Betriebsr\u00e4te.<\/p>\n<p>Jeder Fall wird vom Fachanwalt f\u00fcr Arbeitsrecht als besondere Aufgabe wahrgenommen, die mit Hingabe behandelt wird. Dr. Schmelzer strebt stets an, f\u00fcr seine Mandanten die ideale L\u00f6sung zu finden, ob durch Einigung oder durch Prozessf\u00fchrung. Offenheit und eine intensive Kooperation mit seinen Mandanten haben f\u00fcr ihn oberste Priorit\u00e4t. Die Zufriedenheit der Mandanten steht f\u00fcr Dr. Schmelzer im Mittelpunkt seines Schaffens. Positive R\u00fcckmeldungen seiner Mandanten und erfolgreiche Ergebnisse belegen seine zielgerichtete Arbeitsweise. Dr. Stephan Schmelzer begleitet Arbeitnehmer und Arbeitgeber mit fundierter Fachkenntnis und langj\u00e4hriger Erfahrung.<\/p>\n<article class=\"contact contact-list post-2637 profile type-profile status-publish has-post-thumbnail hentry\" data-contact=\"2637\">\n    \n    <div class=\"media\">\n        <div class=\"media-left\">\n            <a  href=\"#\" data-toggle=\"modal\" data-target=\"#ContactModal\"  title=\"Uwe D. jetzt Kontakt aufnehmen!\">\n                <img loading=\"lazy\" decoding=\"async\" width=\"500\" height=\"500\" src=\"https:\/\/anwalt.rocks\/arbeitsrecht\/wp-content\/uploads\/sites\/2\/2025\/01\/meinung-13.jpg\" class=\"contact-image media-object wp-post-image\" alt=\"Uwe D.\" srcset=\"https:\/\/anwalt.rocks\/arbeitsrecht\/wp-content\/uploads\/sites\/2\/2025\/01\/meinung-13.jpg 500w, https:\/\/anwalt.rocks\/arbeitsrecht\/wp-content\/uploads\/sites\/2\/2025\/01\/meinung-13-300x300.jpg 300w, https:\/\/anwalt.rocks\/arbeitsrecht\/wp-content\/uploads\/sites\/2\/2025\/01\/meinung-13-150x150.jpg 150w\" sizes=\"auto, (max-width: 500px) 100vw, 500px\" \/>            <\/a>\n        <\/div>\n\n        <div class=\"media-body\">\n                        <p class=\"h2 media-heading\">\n                <a  href=\"#\" data-toggle=\"modal\" data-target=\"#ContactModal\"  title=\"Uwe D. jetzt Kontakt aufnehmen!\">\n                    <span class=\"contact-name\">Uwe D.<\/span>\n                <\/a>\n\n                <span class=\"contact-text\"><\/span> <span class=\"contact-city\"><a href=\"https:\/\/anwalt.rocks\/arbeitsrecht\/region\/gunningen\/\">Anwalt Arbeitsrecht Gunningen<\/a><\/span>            <\/p>\n\n            <div class=\"quote\"><p>Ich hatte Schwierigkeiten mit meinem Arbeitszeugnis, das mein Arbeitgeber absichtlich negativ formuliert hatte. Anwalt Schmelzer hat f\u00fcr mich ein einwandfreies Zeugnis durchgesetzt. Er war jederzeit erreichbar und hat meine Sorgen ernst genommen. Ich bin sehr zufrieden mit seiner Arbeit.&hellip;<\/p><\/div>\n            <a class=\"btn btn-cta\"  href=\"#\" data-toggle=\"modal\" data-target=\"#ContactModal\"  title=\"Uwe D. jetzt Kontakt aufnehmen!\">\n                Nachricht senden            <\/a>\n        <\/div>\n    <\/div>\n<\/article><article class=\"contact contact-list post-2600 profile type-profile status-publish has-post-thumbnail hentry\" data-contact=\"2600\">\n    \n    <div class=\"media\">\n        <div class=\"media-left\">\n            <a  href=\"#\" data-toggle=\"modal\" data-target=\"#ContactModal\"  title=\"Anna L., 34 Jahre, aus Hamburg jetzt Kontakt aufnehmen!\">\n                <img loading=\"lazy\" decoding=\"async\" width=\"500\" height=\"500\" src=\"https:\/\/anwalt.rocks\/arbeitsrecht\/wp-content\/uploads\/sites\/2\/2025\/01\/meinung-01.jpg\" class=\"contact-image media-object wp-post-image\" alt=\"Anna L., 34 Jahre, aus Hamburg\" srcset=\"https:\/\/anwalt.rocks\/arbeitsrecht\/wp-content\/uploads\/sites\/2\/2025\/01\/meinung-01.jpg 500w, https:\/\/anwalt.rocks\/arbeitsrecht\/wp-content\/uploads\/sites\/2\/2025\/01\/meinung-01-300x300.jpg 300w, https:\/\/anwalt.rocks\/arbeitsrecht\/wp-content\/uploads\/sites\/2\/2025\/01\/meinung-01-150x150.jpg 150w\" sizes=\"auto, (max-width: 500px) 100vw, 500px\" \/>            <\/a>\n        <\/div>\n\n        <div class=\"media-body\">\n                        <p class=\"h2 media-heading\">\n                <a  href=\"#\" data-toggle=\"modal\" data-target=\"#ContactModal\"  title=\"Anna L., 34 Jahre, aus Hamburg jetzt Kontakt aufnehmen!\">\n                    <span class=\"contact-name\">Anna L., 34 Jahre, aus Hamburg<\/span>\n                <\/a>\n\n                <span class=\"contact-text\"><\/span> <span class=\"contact-city\"><a href=\"https:\/\/anwalt.rocks\/arbeitsrecht\/region\/immekath\/\">Anwalt Arbeitsrecht Immekath<\/a><\/span>            <\/p>\n\n            <div class=\"quote\"><p>Ich hatte ein riesiges Problem mit meinem Arbeitgeber, nachdem ich nach meiner Elternzeit wieder in den Job einsteigen wollte. Pl\u00f6tzlich sollte ich in eine komplett andere Abteilung wechseln, obwohl das nie vereinbart war. Eine Freundin empfahl mir Dr. Stephan Schmelzer, &hellip;<\/p><\/div>\n            <a class=\"btn btn-cta\"  href=\"#\" data-toggle=\"modal\" data-target=\"#ContactModal\"  title=\"Anna L., 34 Jahre, aus Hamburg jetzt Kontakt aufnehmen!\">\n                Nachricht senden            <\/a>\n        <\/div>\n    <\/div>\n<\/article><article class=\"contact contact-list post-2628 profile type-profile status-publish has-post-thumbnail hentry\" data-contact=\"2628\">\n    \n    <div class=\"media\">\n        <div class=\"media-left\">\n            <a  href=\"#\" data-toggle=\"modal\" data-target=\"#ContactModal\"  title=\"Sandra B., 39 Jahre, aus Bremen jetzt Kontakt aufnehmen!\">\n                <img loading=\"lazy\" decoding=\"async\" width=\"500\" height=\"500\" src=\"https:\/\/anwalt.rocks\/arbeitsrecht\/wp-content\/uploads\/sites\/2\/2025\/01\/meinung-10.jpg\" class=\"contact-image media-object wp-post-image\" alt=\"Sandra B., 39 Jahre, aus Bremen\" srcset=\"https:\/\/anwalt.rocks\/arbeitsrecht\/wp-content\/uploads\/sites\/2\/2025\/01\/meinung-10.jpg 500w, https:\/\/anwalt.rocks\/arbeitsrecht\/wp-content\/uploads\/sites\/2\/2025\/01\/meinung-10-300x300.jpg 300w, https:\/\/anwalt.rocks\/arbeitsrecht\/wp-content\/uploads\/sites\/2\/2025\/01\/meinung-10-150x150.jpg 150w\" sizes=\"auto, (max-width: 500px) 100vw, 500px\" \/>            <\/a>\n        <\/div>\n\n        <div class=\"media-body\">\n                        <p class=\"h2 media-heading\">\n                <a  href=\"#\" data-toggle=\"modal\" data-target=\"#ContactModal\"  title=\"Sandra B., 39 Jahre, aus Bremen jetzt Kontakt aufnehmen!\">\n                    <span class=\"contact-name\">Sandra B., 39 Jahre, aus Bremen<\/span>\n                <\/a>\n\n                <span class=\"contact-text\"><\/span> <span class=\"contact-city\"><a href=\"https:\/\/anwalt.rocks\/arbeitsrecht\/region\/bockhorn-jadebusen\/\">Anwalt Arbeitsrecht Bockhorn Jadebusen<\/a><\/span>            <\/p>\n\n            <div class=\"quote\"><p>Herr Schmelzer ist einfach unglaublich! In meinem Fall ging es um eine ungerechtfertigte Versetzung in eine andere Stadt. Er erkannte sofort, dass mein Arbeitgeber hier gegen geltendes Arbeitsrecht versto\u00dfen hatte, und setzte meine Interessen kompromisslos durch. Was mir besonders gefallen &hellip;<\/p><\/div>\n            <a class=\"btn btn-cta\"  href=\"#\" data-toggle=\"modal\" data-target=\"#ContactModal\"  title=\"Sandra B., 39 Jahre, aus Bremen jetzt Kontakt aufnehmen!\">\n                Nachricht senden            <\/a>\n        <\/div>\n    <\/div>\n<\/article><article class=\"contact contact-list post-2631 profile type-profile status-publish has-post-thumbnail hentry\" data-contact=\"2631\">\n    \n    <div class=\"media\">\n        <div class=\"media-left\">\n            <a  href=\"#\" data-toggle=\"modal\" data-target=\"#ContactModal\"  title=\"Peter S. jetzt Kontakt aufnehmen!\">\n                <img loading=\"lazy\" decoding=\"async\" width=\"500\" height=\"500\" src=\"https:\/\/anwalt.rocks\/arbeitsrecht\/wp-content\/uploads\/sites\/2\/2025\/01\/meinung-11.jpg\" class=\"contact-image media-object wp-post-image\" alt=\"Peter S.\" srcset=\"https:\/\/anwalt.rocks\/arbeitsrecht\/wp-content\/uploads\/sites\/2\/2025\/01\/meinung-11.jpg 500w, https:\/\/anwalt.rocks\/arbeitsrecht\/wp-content\/uploads\/sites\/2\/2025\/01\/meinung-11-300x300.jpg 300w, https:\/\/anwalt.rocks\/arbeitsrecht\/wp-content\/uploads\/sites\/2\/2025\/01\/meinung-11-150x150.jpg 150w\" sizes=\"auto, (max-width: 500px) 100vw, 500px\" \/>            <\/a>\n        <\/div>\n\n        <div class=\"media-body\">\n                        <p class=\"h2 media-heading\">\n                <a  href=\"#\" data-toggle=\"modal\" data-target=\"#ContactModal\"  title=\"Peter S. jetzt Kontakt aufnehmen!\">\n                    <span class=\"contact-name\">Peter S.<\/span>\n                <\/a>\n\n                <span class=\"contact-text\"><\/span> <span class=\"contact-city\"><a href=\"https:\/\/anwalt.rocks\/arbeitsrecht\/region\/diefenbach-bei-wittlich\/\">Anwalt Arbeitsrecht Diefenbach bei Wittlich<\/a><\/span>            <\/p>\n\n            <div class=\"quote\"><p>Dr. Schmelzer hat meinen Fall mit gro\u00dfem Engagement \u00fcbernommen. Es ging um eine unrechtm\u00e4\u00dfige K\u00fcndigung, die mein Arbeitgeber ausgesprochen hatte. Dank seiner Expertise und Verhandlungsst\u00e4rke konnte ich nicht nur meine Stelle behalten, sondern erhielt auch eine Entsch\u00e4digung. Besonders beeindruckt hat &hellip;<\/p><\/div>\n            <a class=\"btn btn-cta\"  href=\"#\" data-toggle=\"modal\" data-target=\"#ContactModal\"  title=\"Peter S. jetzt Kontakt aufnehmen!\">\n                Nachricht senden            <\/a>\n        <\/div>\n    <\/div>\n<\/article><article class=\"contact contact-list post-2615 profile type-profile status-publish has-post-thumbnail hentry\" data-contact=\"2615\">\n    \n    <div class=\"media\">\n        <div class=\"media-left\">\n            <a  href=\"#\" data-toggle=\"modal\" data-target=\"#ContactModal\"  title=\"Julia F., 25 Jahre, aus Dresden jetzt Kontakt aufnehmen!\">\n                <img loading=\"lazy\" decoding=\"async\" width=\"500\" height=\"500\" src=\"https:\/\/anwalt.rocks\/arbeitsrecht\/wp-content\/uploads\/sites\/2\/2025\/01\/meinung-06.jpg\" class=\"contact-image media-object wp-post-image\" alt=\"Julia F., 25 Jahre, aus Dresden\" srcset=\"https:\/\/anwalt.rocks\/arbeitsrecht\/wp-content\/uploads\/sites\/2\/2025\/01\/meinung-06.jpg 500w, https:\/\/anwalt.rocks\/arbeitsrecht\/wp-content\/uploads\/sites\/2\/2025\/01\/meinung-06-300x300.jpg 300w, https:\/\/anwalt.rocks\/arbeitsrecht\/wp-content\/uploads\/sites\/2\/2025\/01\/meinung-06-150x150.jpg 150w\" sizes=\"auto, (max-width: 500px) 100vw, 500px\" \/>            <\/a>\n        <\/div>\n\n        <div class=\"media-body\">\n                        <p class=\"h2 media-heading\">\n                <a  href=\"#\" data-toggle=\"modal\" data-target=\"#ContactModal\"  title=\"Julia F., 25 Jahre, aus Dresden jetzt Kontakt aufnehmen!\">\n                    <span class=\"contact-name\">Julia F., 25 Jahre, aus Dresden<\/span>\n                <\/a>\n\n                <span class=\"contact-text\"><\/span> <span class=\"contact-city\"><a href=\"https:\/\/anwalt.rocks\/arbeitsrecht\/region\/neuenrade\/\">Anwalt Arbeitsrecht Neuenrade<\/a><\/span>            <\/p>\n\n            <div class=\"quote\"><p>Dr. Schmelzer hat mir wirklich das Leben erleichtert! Mein Arbeitgeber wollte mir pl\u00f6tzlich weniger Gehalt zahlen, obwohl mein Vertrag etwas anderes vorsah. Dieser tolle Anwalt hat meinen Fall \u00fcbernommen und schnell eine L\u00f6sung gefunden. Sein Wissen im Arbeitsrecht ist beeindruckend, &hellip;<\/p><\/div>\n            <a class=\"btn btn-cta\"  href=\"#\" data-toggle=\"modal\" data-target=\"#ContactModal\"  title=\"Julia F., 25 Jahre, aus Dresden jetzt Kontakt aufnehmen!\">\n                Nachricht senden            <\/a>\n        <\/div>\n    <\/div>\n<\/article>\n<div class=\"blogposts\"><ul><li><a href=\"https:\/\/anwalt.rocks\/arbeitsrecht\/burg-stargard\/\" title=\"Kanzlei Dr. Stephan Schmelzer Rechtsanwalt Arbeitsrecht Burg Stargard.\">Kanzlei Dr. Stephan Schmelzer Rechtsanwalt Arbeitsrecht Burg Stargard.<\/a><\/li><li><a href=\"https:\/\/anwalt.rocks\/arbeitsrecht\/kirchenlamitz\/\" title=\"Anwalt Arbeitsrecht Kirchenlamitz &#8211; Nadja ist echt zufrieden.\">Anwalt Arbeitsrecht Kirchenlamitz &#8211; Nadja ist echt zufrieden.<\/a><\/li><li><a href=\"https:\/\/anwalt.rocks\/arbeitsrecht\/weinsberg\/\" title=\"Anwalt Arbeitsrecht Weinsberg &#8211; Kathi hat Erfolg.\">Anwalt Arbeitsrecht Weinsberg &#8211; Kathi hat Erfolg.<\/a><\/li><li><a href=\"https:\/\/anwalt.rocks\/arbeitsrecht\/neustadt-donau\/\" title=\"Anwalt Neustadt Donau Experte f\u00fcr Arbeits- und IT Recht.\">Anwalt Neustadt Donau Experte f\u00fcr Arbeits- und IT Recht.<\/a><\/li><li><a href=\"https:\/\/anwalt.rocks\/arbeitsrecht\/haseluenne\/\" title=\"Anwalt Arbeitsrecht Hasel\u00fcnne &#8211; Anja ist echt zufrieden.\">Anwalt Arbeitsrecht Hasel\u00fcnne &#8211; Anja ist echt zufrieden.<\/a><\/li><li><a href=\"https:\/\/anwalt.rocks\/arbeitsrecht\/erlensee\/\" title=\"Fachanwalt zum Thema Arbeitsrecht Erlensee.\">Fachanwalt zum Thema Arbeitsrecht Erlensee.<\/a><\/li><li><a href=\"https:\/\/anwalt.rocks\/arbeitsrecht\/laupheim\/\" title=\"Anwalt Arbeitsrecht Laupheim &#8211; Mittlerweile 45 \u00fcbergl\u00fcckliche Mandanten.\">Anwalt Arbeitsrecht Laupheim &#8211; Mittlerweile 45 \u00fcbergl\u00fcckliche Mandanten.<\/a><\/li><\/ul><\/div>\n","protected":false},"excerpt":{"rendered":"<h2>Spezialist Arbeitsrecht Laupheim f\u00fcr Arbeitgeber sowie Arbeitnehmer f\u00fcr Leiharbeit und Werkvertrag.<\/h2>\n<p><a href=\"https:\/\/dr-schmelzer.eu\/arbeitsrecht\/\" target=\"_blank\" rel=\"noopener\"><img loading=\"lazy\" decoding=\"async\" src=\"https:\/\/anwalt.rocks\/bilder\/arbeitsrecht\/anwalt-arbeitsrecht-600x600.webp\" alt=\"Anwalt Arbeitsrecht Laupheim - Mittlerweile 45 \u00fcbergl\u00fcckliche Mandanten.\" title=\"Anwalt Arbeitsrecht Laupheim - Mittlerweile 45 \u00fcbergl\u00fcckliche Mandanten.\" width=\"600\" height=\"600\" \/><\/a> <\/p>\n<h3>Rechtsanwalt IT- und Arbeitsrecht Laupheim &#8211; Anwaltskanzlei Dr. Stephan Schmelzer.<\/h3>\n<p>Arbeitsrechtliche Expertise aus einer Hand \u2013 Dr. Stephan Schmelzer. Seit 2002 tr\u00e4gt er den Titel Fachanwalt f\u00fcr Arbeitsrecht und &hellip;<\/p>","protected":false},"author":1,"featured_media":0,"comment_status":"closed","ping_status":"open","sticky":false,"template":"","format":"standard","meta":{"footnotes":""},"categories":[3],"tags":[],"class_list":["post-8758","post","type-post","status-publish","format-standard","hentry","category-fachanwalt"],"yoast_head":"<!-- This site is optimized with the Yoast SEO Premium plugin v27.1 (Yoast SEO v27.2) - https:\/\/yoast.com\/product\/yoast-seo-premium-wordpress\/ -->\n<title>Kanzlei Dr. Stephan Schmelzer Rechtsanwalt Arbeitsrecht Magdeburg.<\/title>\n<meta name=\"robots\" content=\"index, follow, max-snippet:-1, max-image-preview:large, max-video-preview:-1\" \/>\n<link rel=\"canonical\" href=\"https:\/\/anwalt.rocks\/arbeitsrecht\/magdeburg\/\" \/>\n<meta property=\"og:locale\" content=\"de_DE\" \/>\n<meta property=\"og:type\" content=\"article\" \/>\n<meta property=\"og:title\" content=\"Kanzlei Dr. Stephan Schmelzer Rechtsanwalt Arbeitsrecht Magdeburg.\" \/>\n<meta property=\"og:description\" content=\"Spezialist Arbeitsrecht Laupheim f\u00fcr Arbeitgeber sowie Arbeitnehmer f\u00fcr Leiharbeit und Werkvertrag.  Rechtsanwalt IT- und Arbeitsrecht Laupheim &#8211; Anwaltskanzlei Dr. Stephan Schmelzer. Arbeitsrechtliche Expertise aus einer Hand \u2013 Dr. Stephan Schmelzer. Seit 2002 tr\u00e4gt er den Titel Fachanwalt f\u00fcr Arbeitsrecht und &hellip;\" \/>\n<meta property=\"og:url\" content=\"https:\/\/anwalt.rocks\/arbeitsrecht\/magdeburg\/\" \/>\n<meta property=\"og:site_name\" content=\"Anwalt Arbeitsrecht in der N\u00e4he - Dr. Schmelzer\" \/>\n<meta property=\"article:published_time\" content=\"2025-01-08T09:36:11+00:00\" \/>\n<meta property=\"og:image\" content=\"https:\/\/anwalt.rocks\/bilder\/arbeitsrecht\/anwalt-arbeitsrecht-600x600.webp\" \/>\n<meta name=\"author\" content=\"admin\" \/>\n<meta name=\"twitter:card\" content=\"summary_large_image\" \/>\n<meta name=\"twitter:label1\" content=\"Verfasst von\" \/>\n\t<meta name=\"twitter:data1\" content=\"admin\" \/>\n\t<meta name=\"twitter:label2\" content=\"Gesch\u00e4tzte Lesezeit\" \/>\n\t<meta name=\"twitter:data2\" content=\"4\u00a0Minuten\" \/>\n<script type=\"application\/ld+json\" class=\"yoast-schema-graph\">{\"@context\":\"https:\/\/schema.org\",\"@graph\":[{\"@type\":\"Article\",\"@id\":\"https:\/\/anwalt.rocks\/arbeitsrecht\/magdeburg\/#article\",\"isPartOf\":{\"@id\":\"https:\/\/anwalt.rocks\/arbeitsrecht\/magdeburg\/\"},\"author\":{\"name\":\"admin\",\"@id\":\"https:\/\/anwalt.rocks\/arbeitsrecht\/#\/schema\/person\/3fd3b0fc4df170bb2460fbc934288e39\"},\"headline\":\"Kanzlei Dr. Stephan Schmelzer Rechtsanwalt Arbeitsrecht Magdeburg.\",\"datePublished\":\"2025-01-08T09:36:11+00:00\",\"mainEntityOfPage\":{\"@id\":\"https:\/\/anwalt.rocks\/arbeitsrecht\/magdeburg\/\"},\"wordCount\":710,\"publisher\":{\"@id\":\"https:\/\/anwalt.rocks\/arbeitsrecht\/#organization\"},\"image\":{\"@id\":\"https:\/\/anwalt.rocks\/arbeitsrecht\/magdeburg\/#primaryimage\"},\"thumbnailUrl\":\"https:\/\/anwalt.rocks\/bilder\/arbeitsrecht\/anwalt-arbeitsrecht-600x600.webp\",\"articleSection\":[\"Fachanwalt\"],\"inLanguage\":\"de\"},{\"@type\":\"WebPage\",\"@id\":\"https:\/\/anwalt.rocks\/arbeitsrecht\/magdeburg\/\",\"url\":\"https:\/\/anwalt.rocks\/arbeitsrecht\/magdeburg\/\",\"name\":\"Kanzlei Dr. Stephan Schmelzer Rechtsanwalt Arbeitsrecht Magdeburg.\",\"isPartOf\":{\"@id\":\"https:\/\/anwalt.rocks\/arbeitsrecht\/#website\"},\"primaryImageOfPage\":{\"@id\":\"https:\/\/anwalt.rocks\/arbeitsrecht\/magdeburg\/#primaryimage\"},\"image\":{\"@id\":\"https:\/\/anwalt.rocks\/arbeitsrecht\/magdeburg\/#primaryimage\"},\"thumbnailUrl\":\"https:\/\/anwalt.rocks\/bilder\/arbeitsrecht\/anwalt-arbeitsrecht-600x600.webp\",\"datePublished\":\"2025-01-08T09:36:11+00:00\",\"breadcrumb\":{\"@id\":\"https:\/\/anwalt.rocks\/arbeitsrecht\/magdeburg\/#breadcrumb\"},\"inLanguage\":\"de\",\"potentialAction\":[{\"@type\":\"ReadAction\",\"target\":[\"https:\/\/anwalt.rocks\/arbeitsrecht\/magdeburg\/\"]}]},{\"@type\":\"ImageObject\",\"inLanguage\":\"de\",\"@id\":\"https:\/\/anwalt.rocks\/arbeitsrecht\/magdeburg\/#primaryimage\",\"url\":\"https:\/\/anwalt.rocks\/bilder\/arbeitsrecht\/anwalt-arbeitsrecht-600x600.webp\",\"contentUrl\":\"https:\/\/anwalt.rocks\/bilder\/arbeitsrecht\/anwalt-arbeitsrecht-600x600.webp\"},{\"@type\":\"BreadcrumbList\",\"@id\":\"https:\/\/anwalt.rocks\/arbeitsrecht\/magdeburg\/#breadcrumb\",\"itemListElement\":[{\"@type\":\"ListItem\",\"position\":1,\"name\":\"Start\",\"item\":\"https:\/\/anwalt.rocks\/arbeitsrecht\/\"},{\"@type\":\"ListItem\",\"position\":2,\"name\":\"Kanzlei Dr. Stephan Schmelzer Rechtsanwalt Arbeitsrecht Magdeburg.\"}]},{\"@type\":\"WebSite\",\"@id\":\"https:\/\/anwalt.rocks\/arbeitsrecht\/#website\",\"url\":\"https:\/\/anwalt.rocks\/arbeitsrecht\/\",\"name\":\"Anwalt Arbeitsrecht in der N\u00e4he - Dr. Schmelzer\",\"description\":\"Kompetenzen und Vorteile von Dr. Stephan Schmelzer \u2013 Anwalt und Fachanwalt f\u00fcr Arbeitsrecht mit 25 j\u00e4hriger Berufspraxis.\",\"publisher\":{\"@id\":\"https:\/\/anwalt.rocks\/arbeitsrecht\/#organization\"},\"potentialAction\":[{\"@type\":\"SearchAction\",\"target\":{\"@type\":\"EntryPoint\",\"urlTemplate\":\"https:\/\/anwalt.rocks\/arbeitsrecht\/?s={search_term_string}\"},\"query-input\":{\"@type\":\"PropertyValueSpecification\",\"valueRequired\":true,\"valueName\":\"search_term_string\"}}],\"inLanguage\":\"de\"},{\"@type\":\"Organization\",\"@id\":\"https:\/\/anwalt.rocks\/arbeitsrecht\/#organization\",\"name\":\"Kanzlei Dr. Schmelzer\",\"url\":\"https:\/\/anwalt.rocks\/arbeitsrecht\/\",\"logo\":{\"@type\":\"ImageObject\",\"inLanguage\":\"de\",\"@id\":\"https:\/\/anwalt.rocks\/arbeitsrecht\/#\/schema\/logo\/image\/\",\"url\":\"https:\/\/anwalt.rocks\/arbeitsrecht\/wp-content\/uploads\/sites\/2\/2025\/01\/anwalt-arbeitsrecht-logo.png\",\"contentUrl\":\"https:\/\/anwalt.rocks\/arbeitsrecht\/wp-content\/uploads\/sites\/2\/2025\/01\/anwalt-arbeitsrecht-logo.png\",\"width\":450,\"height\":150,\"caption\":\"Kanzlei Dr. Schmelzer\"},\"image\":{\"@id\":\"https:\/\/anwalt.rocks\/arbeitsrecht\/#\/schema\/logo\/image\/\"}},{\"@type\":\"Person\",\"@id\":\"https:\/\/anwalt.rocks\/arbeitsrecht\/#\/schema\/person\/3fd3b0fc4df170bb2460fbc934288e39\",\"name\":\"admin\",\"image\":{\"@type\":\"ImageObject\",\"inLanguage\":\"de\",\"@id\":\"https:\/\/secure.gravatar.com\/avatar\/2a567a722e62dc61f1aaa46c6b595fa617f2003443806e3422a8fed77c029cfc?s=96&d=mm&r=g\",\"url\":\"https:\/\/secure.gravatar.com\/avatar\/2a567a722e62dc61f1aaa46c6b595fa617f2003443806e3422a8fed77c029cfc?s=96&d=mm&r=g\",\"contentUrl\":\"https:\/\/secure.gravatar.com\/avatar\/2a567a722e62dc61f1aaa46c6b595fa617f2003443806e3422a8fed77c029cfc?s=96&d=mm&r=g\",\"caption\":\"admin\"},\"sameAs\":[\"https:\/\/anwalt.rocks\"],\"url\":\"https:\/\/anwalt.rocks\/arbeitsrecht\/author\/admin\/\"}]}<\/script>\n<!-- \/ Yoast SEO Premium plugin. -->","yoast_head_json":{"title":"Kanzlei Dr. Stephan Schmelzer Rechtsanwalt Arbeitsrecht Magdeburg.","robots":{"index":"index","follow":"follow","max-snippet":"max-snippet:-1","max-image-preview":"max-image-preview:large","max-video-preview":"max-video-preview:-1"},"canonical":"https:\/\/anwalt.rocks\/arbeitsrecht\/magdeburg\/","og_locale":"de_DE","og_type":"article","og_title":"Kanzlei Dr. Stephan Schmelzer Rechtsanwalt Arbeitsrecht Magdeburg.","og_description":"Spezialist Arbeitsrecht Laupheim f\u00fcr Arbeitgeber sowie Arbeitnehmer f\u00fcr Leiharbeit und Werkvertrag.  Rechtsanwalt IT- und Arbeitsrecht Laupheim &#8211; Anwaltskanzlei Dr. Stephan Schmelzer. Arbeitsrechtliche Expertise aus einer Hand \u2013 Dr. Stephan Schmelzer. Seit 2002 tr\u00e4gt er den Titel Fachanwalt f\u00fcr Arbeitsrecht und &hellip;","og_url":"https:\/\/anwalt.rocks\/arbeitsrecht\/magdeburg\/","og_site_name":"Anwalt Arbeitsrecht in der N\u00e4he - Dr. Schmelzer","article_published_time":"2025-01-08T09:36:11+00:00","og_image":[{"url":"https:\/\/anwalt.rocks\/bilder\/arbeitsrecht\/anwalt-arbeitsrecht-600x600.webp","type":"","width":"","height":""}],"author":"admin","twitter_card":"summary_large_image","twitter_misc":{"Verfasst von":"admin","Gesch\u00e4tzte Lesezeit":"4\u00a0Minuten"},"schema":{"@context":"https:\/\/schema.org","@graph":[{"@type":"Article","@id":"https:\/\/anwalt.rocks\/arbeitsrecht\/magdeburg\/#article","isPartOf":{"@id":"https:\/\/anwalt.rocks\/arbeitsrecht\/magdeburg\/"},"author":{"name":"admin","@id":"https:\/\/anwalt.rocks\/arbeitsrecht\/#\/schema\/person\/3fd3b0fc4df170bb2460fbc934288e39"},"headline":"Kanzlei Dr. Stephan Schmelzer Rechtsanwalt Arbeitsrecht Magdeburg.","datePublished":"2025-01-08T09:36:11+00:00","mainEntityOfPage":{"@id":"https:\/\/anwalt.rocks\/arbeitsrecht\/magdeburg\/"},"wordCount":710,"publisher":{"@id":"https:\/\/anwalt.rocks\/arbeitsrecht\/#organization"},"image":{"@id":"https:\/\/anwalt.rocks\/arbeitsrecht\/magdeburg\/#primaryimage"},"thumbnailUrl":"https:\/\/anwalt.rocks\/bilder\/arbeitsrecht\/anwalt-arbeitsrecht-600x600.webp","articleSection":["Fachanwalt"],"inLanguage":"de"},{"@type":"WebPage","@id":"https:\/\/anwalt.rocks\/arbeitsrecht\/magdeburg\/","url":"https:\/\/anwalt.rocks\/arbeitsrecht\/magdeburg\/","name":"Kanzlei Dr. Stephan Schmelzer Rechtsanwalt Arbeitsrecht Magdeburg.","isPartOf":{"@id":"https:\/\/anwalt.rocks\/arbeitsrecht\/#website"},"primaryImageOfPage":{"@id":"https:\/\/anwalt.rocks\/arbeitsrecht\/magdeburg\/#primaryimage"},"image":{"@id":"https:\/\/anwalt.rocks\/arbeitsrecht\/magdeburg\/#primaryimage"},"thumbnailUrl":"https:\/\/anwalt.rocks\/bilder\/arbeitsrecht\/anwalt-arbeitsrecht-600x600.webp","datePublished":"2025-01-08T09:36:11+00:00","breadcrumb":{"@id":"https:\/\/anwalt.rocks\/arbeitsrecht\/magdeburg\/#breadcrumb"},"inLanguage":"de","potentialAction":[{"@type":"ReadAction","target":["https:\/\/anwalt.rocks\/arbeitsrecht\/magdeburg\/"]}]},{"@type":"ImageObject","inLanguage":"de","@id":"https:\/\/anwalt.rocks\/arbeitsrecht\/magdeburg\/#primaryimage","url":"https:\/\/anwalt.rocks\/bilder\/arbeitsrecht\/anwalt-arbeitsrecht-600x600.webp","contentUrl":"https:\/\/anwalt.rocks\/bilder\/arbeitsrecht\/anwalt-arbeitsrecht-600x600.webp"},{"@type":"BreadcrumbList","@id":"https:\/\/anwalt.rocks\/arbeitsrecht\/magdeburg\/#breadcrumb","itemListElement":[{"@type":"ListItem","position":1,"name":"Start","item":"https:\/\/anwalt.rocks\/arbeitsrecht\/"},{"@type":"ListItem","position":2,"name":"Kanzlei Dr. Stephan Schmelzer Rechtsanwalt Arbeitsrecht Magdeburg."}]},{"@type":"WebSite","@id":"https:\/\/anwalt.rocks\/arbeitsrecht\/#website","url":"https:\/\/anwalt.rocks\/arbeitsrecht\/","name":"Anwalt Arbeitsrecht in der N\u00e4he - Dr. Schmelzer","description":"Kompetenzen und Vorteile von Dr. Stephan Schmelzer \u2013 Anwalt und Fachanwalt f\u00fcr Arbeitsrecht mit 25 j\u00e4hriger Berufspraxis.","publisher":{"@id":"https:\/\/anwalt.rocks\/arbeitsrecht\/#organization"},"potentialAction":[{"@type":"SearchAction","target":{"@type":"EntryPoint","urlTemplate":"https:\/\/anwalt.rocks\/arbeitsrecht\/?s={search_term_string}"},"query-input":{"@type":"PropertyValueSpecification","valueRequired":true,"valueName":"search_term_string"}}],"inLanguage":"de"},{"@type":"Organization","@id":"https:\/\/anwalt.rocks\/arbeitsrecht\/#organization","name":"Kanzlei Dr. Schmelzer","url":"https:\/\/anwalt.rocks\/arbeitsrecht\/","logo":{"@type":"ImageObject","inLanguage":"de","@id":"https:\/\/anwalt.rocks\/arbeitsrecht\/#\/schema\/logo\/image\/","url":"https:\/\/anwalt.rocks\/arbeitsrecht\/wp-content\/uploads\/sites\/2\/2025\/01\/anwalt-arbeitsrecht-logo.png","contentUrl":"https:\/\/anwalt.rocks\/arbeitsrecht\/wp-content\/uploads\/sites\/2\/2025\/01\/anwalt-arbeitsrecht-logo.png","width":450,"height":150,"caption":"Kanzlei Dr. Schmelzer"},"image":{"@id":"https:\/\/anwalt.rocks\/arbeitsrecht\/#\/schema\/logo\/image\/"}},{"@type":"Person","@id":"https:\/\/anwalt.rocks\/arbeitsrecht\/#\/schema\/person\/3fd3b0fc4df170bb2460fbc934288e39","name":"admin","image":{"@type":"ImageObject","inLanguage":"de","@id":"https:\/\/secure.gravatar.com\/avatar\/2a567a722e62dc61f1aaa46c6b595fa617f2003443806e3422a8fed77c029cfc?s=96&d=mm&r=g","url":"https:\/\/secure.gravatar.com\/avatar\/2a567a722e62dc61f1aaa46c6b595fa617f2003443806e3422a8fed77c029cfc?s=96&d=mm&r=g","contentUrl":"https:\/\/secure.gravatar.com\/avatar\/2a567a722e62dc61f1aaa46c6b595fa617f2003443806e3422a8fed77c029cfc?s=96&d=mm&r=g","caption":"admin"},"sameAs":["https:\/\/anwalt.rocks"],"url":"https:\/\/anwalt.rocks\/arbeitsrecht\/author\/admin\/"}]}},"_links":{"self":[{"href":"https:\/\/anwalt.rocks\/arbeitsrecht\/wp-json\/wp\/v2\/posts\/8758","targetHints":{"allow":["GET"]}}],"collection":[{"href":"https:\/\/anwalt.rocks\/arbeitsrecht\/wp-json\/wp\/v2\/posts"}],"about":[{"href":"https:\/\/anwalt.rocks\/arbeitsrecht\/wp-json\/wp\/v2\/types\/post"}],"author":[{"embeddable":true,"href":"https:\/\/anwalt.rocks\/arbeitsrecht\/wp-json\/wp\/v2\/users\/1"}],"replies":[{"embeddable":true,"href":"https:\/\/anwalt.rocks\/arbeitsrecht\/wp-json\/wp\/v2\/comments?post=8758"}],"version-history":[{"count":0,"href":"https:\/\/anwalt.rocks\/arbeitsrecht\/wp-json\/wp\/v2\/posts\/8758\/revisions"}],"wp:attachment":[{"href":"https:\/\/anwalt.rocks\/arbeitsrecht\/wp-json\/wp\/v2\/media?parent=8758"}],"wp:term":[{"taxonomy":"category","embeddable":true,"href":"https:\/\/anwalt.rocks\/arbeitsrecht\/wp-json\/wp\/v2\/categories?post=8758"},{"taxonomy":"post_tag","embeddable":true,"href":"https:\/\/anwalt.rocks\/arbeitsrecht\/wp-json\/wp\/v2\/tags?post=8758"}],"curies":[{"name":"wp","href":"https:\/\/api.w.org\/{rel}","templated":true}]}}