{"id":8759,"date":"2025-01-14T16:09:11","date_gmt":"2025-01-14T15:09:11","guid":{"rendered":"https:\/\/anwalt.rocks\/arbeitsrecht\/mahlberg\/"},"modified":"2025-01-14T16:09:11","modified_gmt":"2025-01-14T15:09:11","slug":"mahlberg","status":"publish","type":"post","link":"https:\/\/anwalt.rocks\/arbeitsrecht\/mahlberg\/","title":{"rendered":"Anwalt Arbeitsrecht Mahlberg &#8211; Schon mehr als 42 fr\u00f6hliche Klienten."},"content":{"rendered":"<span class=\"span-reading-time rt-reading-time\" style=\"display: block;\"><span class=\"rt-label rt-prefix\">Lesedauer<\/span> <span class=\"rt-time\"> 3<\/span> <span class=\"rt-label rt-postfix\">Minuten<\/span><\/span><h2>Anwalt Mahlberg &#8211; klasse Triumph von Dr. Schmelzer in puncto Entgeltfortzahlung.<\/h2>\n<p><a href=\"https:\/\/dr-schmelzer.eu\/arbeitsrecht\/\" target=\"_blank\" rel=\"noopener\"><img loading=\"lazy\" decoding=\"async\" src=\"https:\/\/anwalt.rocks\/bilder\/arbeitsrecht\/anwalt-arbeitsrecht-600x600.webp\" alt=\"Anwalt Arbeitsrecht Mahlberg - Schon mehr als 42 fr\u00f6hliche Klienten.\" title=\"Anwalt Arbeitsrecht Mahlberg - Schon mehr als 42 fr\u00f6hliche Klienten.\" width=\"600\" height=\"600\" \/><\/a> <\/p>\n<h3>Fachanwalt Arbeitsrecht Mahlberg &#8211; Soziet\u00e4t Dr. Stephan Schmelzer.<\/h3>\n<p>Ihr professioneller Begleiter im Arbeitsrecht: Dr. Stephan Schmelzer. Seine Fachanwaltszulassung im Arbeitsrecht und seine langj\u00e4hrige Erfahrung machen ihn \u00fcberregional bekannt. Mit \u00fcber 20 Jahren Erfolg bietet seine Kanzlei ma\u00dfgeschneiderte juristische L\u00f6sungen und pers\u00f6nliche Beratung. Als Fachanwalt in zwei relevanten Bereichen bietet Dr. Schmelzer wertvolle Unterst\u00fctzung in der modernen Arbeitswelt. &#8211; <a title=\"Anwalt N\u00fcrnberg\" href=\"https:\/\/anwalt.rocks\/arbeitsrecht\/nuernberg\/\">Anwalt N\u00fcrnberg<\/a><\/p>\n<p><a href=\"https:\/\/dr-schmelzer.eu\/arbeitsrecht\/\" target=\"_blank\" rel=\"noopener\"><img loading=\"lazy\" decoding=\"async\" src=\"https:\/\/anwalt.rocks\/bilder\/arbeitsrecht\/rechtsanwalt-arbeitsrecht-600x600.webp\" alt=\"Anwalt Arbeitsrecht Mahlberg\" title=\"Anwalt Arbeitsrecht Mahlberg\" width=\"600\" height=\"600\" \/><\/a> <\/p>\n<h3>Soziet\u00e4t Dr. Stephan Schmelzer &#8211; Fachanwalt f\u00fcr Arbeitsrecht Mahlberg.<\/h3>\n<p>Erg\u00e4nzend besch\u00e4ftigt er sich mit IT-Recht, doch der Fokus seiner T\u00e4tigkeit liegt auf dem Arbeitsrecht in Deutschland und international. Dr. Stephan Schmelzer ber\u00e4t umfassend im Arbeitsrecht und stellt individuelle Strategien f\u00fcr alle Mandanten bereit. Seine pers\u00f6nliche Herangehensweise und fundierte Erfahrung machen ihn zu einem der gefragtesten Fachanw\u00e4lte in diesem Bereich. &#8211; <a title=\"Anwalt Kelbra\" href=\"https:\/\/anwalt.rocks\/arbeitsrecht\/kelbra\/\">Anwalt Kelbra<\/a><\/p>\n<h3>Kompetent und durchsetzungsstark &#8211; Fest drei Jahrzehnte Anwaltserfahrung als Volljurist Mahlberg.<\/h3>\n<p>Von der Vertragsgestaltung bis hin zu Restrukturierungen sind Arbeitgeber mit vielf\u00e4ltigen rechtlichen Themen konfrontiert. Mit praxisnaher Beratung sorgt Dr. Schmelzer daf\u00fcr, dass Unternehmen rechtliche Probleme vermeiden und effiziente Ma\u00dfnahmen umsetzen k\u00f6nnen. Sein Leistungsspektrum umfasst: &#8211; <a title=\"Anwalt Arbeitsrecht Klingenthal\" href=\"https:\/\/anwalt.rocks\/arbeitsrecht\/klingenthal\/\">Anwalt Arbeitsrecht Klingenthal<\/a><\/p>\n<h3>Anwalt Arbeitsrecht Mahlberg 42 fr\u00f6hliche Klienten.<\/h3>\n<p>Erstellung und \u00dcberpr\u00fcfung von Arbeitsvertr\u00e4gen mit Fokus auf juristische Sicherheit und Anpassungsf\u00e4higkeit. Erarbeitung von Arbeitszeit- und Verg\u00fctungsmodellen, die individuell auf das Unternehmen abgestimmt sind. &#8211; <a title=\"Anwalt Arbeitsrecht Lauf\" href=\"https:\/\/anwalt.rocks\/arbeitsrecht\/lauf\/\">Anwalt Arbeitsrecht Lauf<\/a><\/p>\n<h3>Deswegen f\u00e4llt die Entscheidung auf diesen verl\u00e4sslichen Anwalt Mahlberg:<\/h3>\n<p>Unterst\u00fctzung bei der Planung rechtssicherer K\u00fcndigungen aus betrieblichen, verhaltens- und personenbezogenen Gr\u00fcnden. Unterst\u00fctzung bei der Senkung rechtlicher Risiken und kontinuierliche Betreuung im K\u00fcndigungsprozess.<\/p>\n<h3>Juristisches Fachwissen sowie top zuverl\u00e4ssig.<\/h3>\n<p>Beratung zur ordnungsgem\u00e4\u00dfen Einbindung des Betriebsrats bei relevanten Unternehmensentscheidungen. Verhandlung und Ausarbeitung von Betriebsvereinbarungen, die praktikabel und rechtssicher sind. Strategische Planung und rechtliche Beratung w\u00e4hrend Restrukturierungsprozessen. Fachkundige Vertretung vor Gericht bei K\u00fcndigungsschutzklagen, Entfristungsklagen und anderen Streitf\u00e4llen. Effiziente und erfolgreiche Wahrung der Rechte und Interessen des Unternehmens im Mittelpunkt.<\/p>\n<h3>Anwalt Arbeitsrecht Mahlberg &#8211; Fachanwalt Dr. Schmelzer.<\/h3>\n<p>Arbeitnehmer k\u00f6nnen die tiefgehende Erfahrung von Dr. Schmelzer in Anspruch nehmen. Bei Auseinandersetzungen steht er als entschlossener Partner mit gro\u00dfem Engagement an der Seite seiner Mandanten. Die T\u00e4tigkeitsschwerpunkte umfassen:<\/p>\n<p>Fachliche Begleitung und Vertretung in K\u00fcndigungsschutzklagen vor dem Arbeitsgericht. Unterst\u00fctzung bei der Durchsetzung von Abfindungs- und Ausgleichszahlungen. Fachliche Begleitung und Vertretung in K\u00fcndigungsschutzklagen vor dem Arbeitsgericht. Unterst\u00fctzung bei der Durchsetzung von Abfindungs- und Ausgleichszahlungen.<\/p>\n<p>Verhandlungsf\u00fchrung \u00fcber Abfindungsh\u00f6hen und Beratung bei der Gestaltung von Aufhebungsvertr\u00e4gen. \u00dcberpr\u00fcfung und Bearbeitung von Arbeitszeugnissen, um Missverst\u00e4ndnisse zu vermeiden. Rechtsbeistand in Zeugnisklagen, um eine objektive und faire Bewertung sicherzustellen. Weniger Kosten Unterst\u00fctzung bei der Durchsetzung ausstehender Lohn- und Gehaltsbetr\u00e4ge. Prozessbegleitung bei Klagen \u00fcber ausstehendes Entgelt und \u00dcberstundenanspr\u00fcche. Unterst\u00fctzung bei der Pr\u00fcfung von Abmahnungen und der Abwehr ungerechtfertigter Vorw\u00fcrfe.<\/p>\n<h4>Mandanten Vertreung f\u00fcr Arbeitgeber sowie Arbeitnehmer in Sachen Anwalt Arbeitsrecht Mahlberg.<\/h4>\n<p>Restrukturierung und strategische Konfliktbew\u00e4ltigung sind wesentliche St\u00e4rken von Dr. Schmelzer. Ein besonderer Fokus von Dr. Schmelzer liegt in der Beratung w\u00e4hrend Restrukturierungsprozessen. Eine gelungene Umsetzung erfordert juristische Kenntnisse, Verhandlungskompetenz und \u00f6konomisches Verst\u00e4ndnis.<\/p>\n<p>Anwalt Mahlberg Res\u00fcmee: Dr. Schmelzer verf\u00fcgt \u00fcber umfassendes Know-how in der Gestaltung und Implementierung von Sozialpl\u00e4nen und Interessenausgleichen. Ziel ist die Erarbeitung einer L\u00f6sung, die f\u00fcr alle Beteiligten tragf\u00e4hig ist. Dank seiner strategischen Herangehensweise und seines fundierten Wissens ist Dr. Schmelzer ein erfahrener Verhandlungspartner f\u00fcr Gewerkschaften und Betriebsr\u00e4te.<\/p>\n<p>Jeder Fall wird vom Fachanwalt f\u00fcr Arbeitsrecht als neue Aufgabe betrachtet, die spezifische L\u00f6sungen verlangt. Ob durch Verhandlungen oder vor Gericht \u2013 die bestm\u00f6gliche L\u00f6sung f\u00fcr seine Mandanten ist sein oberstes Ziel. Dabei setzt er auf klare Kommunikation und eine enge Partnerschaft mit seinen Mandanten. Die Zufriedenheit der Mandanten hat f\u00fcr Dr. Schmelzer h\u00f6chste Relevanz. Mandanten sch\u00e4tzen seine l\u00f6sungsorientierte Arbeitsweise, die sich sowohl in erfolgreichen Ergebnissen als auch in positiven R\u00fcckmeldungen zeigt. Die Kanzlei Dr. Stephan Schmelzer bietet kompetente Beratung f\u00fcr Arbeitnehmer und Arbeitgeber, gest\u00fctzt auf Erfahrung und Engagement.<\/p>\n<article class=\"contact contact-list post-2609 profile type-profile status-publish has-post-thumbnail hentry\" data-contact=\"2609\">\n    \n    <div class=\"media\">\n        <div class=\"media-left\">\n            <a  href=\"#\" data-toggle=\"modal\" data-target=\"#ContactModal\"  title=\"Nadine H., 48 Jahre, aus M\u00fcnchen jetzt Kontakt aufnehmen!\">\n                <img loading=\"lazy\" decoding=\"async\" width=\"500\" height=\"500\" src=\"https:\/\/anwalt.rocks\/arbeitsrecht\/wp-content\/uploads\/sites\/2\/2025\/01\/meinung-04.jpg\" class=\"contact-image media-object wp-post-image\" alt=\"Nadine H., 48 Jahre, aus M\u00fcnchen\" srcset=\"https:\/\/anwalt.rocks\/arbeitsrecht\/wp-content\/uploads\/sites\/2\/2025\/01\/meinung-04.jpg 500w, https:\/\/anwalt.rocks\/arbeitsrecht\/wp-content\/uploads\/sites\/2\/2025\/01\/meinung-04-300x300.jpg 300w, https:\/\/anwalt.rocks\/arbeitsrecht\/wp-content\/uploads\/sites\/2\/2025\/01\/meinung-04-150x150.jpg 150w\" sizes=\"auto, (max-width: 500px) 100vw, 500px\" \/>            <\/a>\n        <\/div>\n\n        <div class=\"media-body\">\n                        <p class=\"h2 media-heading\">\n                <a  href=\"#\" data-toggle=\"modal\" data-target=\"#ContactModal\"  title=\"Nadine H., 48 Jahre, aus M\u00fcnchen jetzt Kontakt aufnehmen!\">\n                    <span class=\"contact-name\">Nadine H., 48 Jahre, aus M\u00fcnchen<\/span>\n                <\/a>\n\n                <span class=\"contact-text\"><\/span> <span class=\"contact-city\"><a href=\"https:\/\/anwalt.rocks\/arbeitsrecht\/region\/eckersdorf\/\">Anwalt Arbeitsrecht Eckersdorf<\/a><\/span>            <\/p>\n\n            <div class=\"quote\"><p>Nach einer pl\u00f6tzlichen Umstrukturierung in meiner Firma wurde mir gek\u00fcndigt. Es war ein riesiger Schock f\u00fcr mich. Zum Gl\u00fcck fand ich Dr. Schmelzer \u00fcber eine Internetrecherche. Schon beim ersten Gespr\u00e4ch war ich beeindruckt von seiner Fachkenntnis und seiner empathischen Art. &hellip;<\/p><\/div>\n            <a class=\"btn btn-cta\"  href=\"#\" data-toggle=\"modal\" data-target=\"#ContactModal\"  title=\"Nadine H., 48 Jahre, aus M\u00fcnchen jetzt Kontakt aufnehmen!\">\n                Nachricht senden            <\/a>\n        <\/div>\n    <\/div>\n<\/article><article class=\"contact contact-list post-2603 profile type-profile status-publish has-post-thumbnail hentry\" data-contact=\"2603\">\n    \n    <div class=\"media\">\n        <div class=\"media-left\">\n            <a  href=\"#\" data-toggle=\"modal\" data-target=\"#ContactModal\"  title=\"Lisa K., 41 Jahre, aus Berlin jetzt Kontakt aufnehmen!\">\n                <img loading=\"lazy\" decoding=\"async\" width=\"500\" height=\"500\" src=\"https:\/\/anwalt.rocks\/arbeitsrecht\/wp-content\/uploads\/sites\/2\/2025\/01\/meinung-02.jpg\" class=\"contact-image media-object wp-post-image\" alt=\"Lisa K., 41 Jahre, aus Berlin\" srcset=\"https:\/\/anwalt.rocks\/arbeitsrecht\/wp-content\/uploads\/sites\/2\/2025\/01\/meinung-02.jpg 500w, https:\/\/anwalt.rocks\/arbeitsrecht\/wp-content\/uploads\/sites\/2\/2025\/01\/meinung-02-300x300.jpg 300w, https:\/\/anwalt.rocks\/arbeitsrecht\/wp-content\/uploads\/sites\/2\/2025\/01\/meinung-02-150x150.jpg 150w\" sizes=\"auto, (max-width: 500px) 100vw, 500px\" \/>            <\/a>\n        <\/div>\n\n        <div class=\"media-body\">\n                        <p class=\"h2 media-heading\">\n                <a  href=\"#\" data-toggle=\"modal\" data-target=\"#ContactModal\"  title=\"Lisa K., 41 Jahre, aus Berlin jetzt Kontakt aufnehmen!\">\n                    <span class=\"contact-name\">Lisa K., 41 Jahre, aus Berlin<\/span>\n                <\/a>\n\n                <span class=\"contact-text\"><\/span> <span class=\"contact-city\"><a href=\"https:\/\/anwalt.rocks\/arbeitsrecht\/region\/uedersdorf\/\">Anwalt Arbeitsrecht \u00dcdersdorf<\/a><\/span>            <\/p>\n\n            <div class=\"quote\"><p>Ich bin so froh, dass ich Herrn Dr. Schmelzer gefunden habe! Nach 15 Jahren im gleichen Unternehmen wurde ich pl\u00f6tzlich gek\u00fcndigt \u2013 angeblich wegen betrieblicher Umst\u00e4nde. Dr. Schmelzer hat sofort erkannt, dass die K\u00fcndigung unwirksam war, und hat einen wirklich &hellip;<\/p><\/div>\n            <a class=\"btn btn-cta\"  href=\"#\" data-toggle=\"modal\" data-target=\"#ContactModal\"  title=\"Lisa K., 41 Jahre, aus Berlin jetzt Kontakt aufnehmen!\">\n                Nachricht senden            <\/a>\n        <\/div>\n    <\/div>\n<\/article><article class=\"contact contact-list post-2628 profile type-profile status-publish has-post-thumbnail hentry\" data-contact=\"2628\">\n    \n    <div class=\"media\">\n        <div class=\"media-left\">\n            <a  href=\"#\" data-toggle=\"modal\" data-target=\"#ContactModal\"  title=\"Sandra B., 39 Jahre, aus Bremen jetzt Kontakt aufnehmen!\">\n                <img loading=\"lazy\" decoding=\"async\" width=\"500\" height=\"500\" src=\"https:\/\/anwalt.rocks\/arbeitsrecht\/wp-content\/uploads\/sites\/2\/2025\/01\/meinung-10.jpg\" class=\"contact-image media-object wp-post-image\" alt=\"Sandra B., 39 Jahre, aus Bremen\" srcset=\"https:\/\/anwalt.rocks\/arbeitsrecht\/wp-content\/uploads\/sites\/2\/2025\/01\/meinung-10.jpg 500w, https:\/\/anwalt.rocks\/arbeitsrecht\/wp-content\/uploads\/sites\/2\/2025\/01\/meinung-10-300x300.jpg 300w, https:\/\/anwalt.rocks\/arbeitsrecht\/wp-content\/uploads\/sites\/2\/2025\/01\/meinung-10-150x150.jpg 150w\" sizes=\"auto, (max-width: 500px) 100vw, 500px\" \/>            <\/a>\n        <\/div>\n\n        <div class=\"media-body\">\n                        <p class=\"h2 media-heading\">\n                <a  href=\"#\" data-toggle=\"modal\" data-target=\"#ContactModal\"  title=\"Sandra B., 39 Jahre, aus Bremen jetzt Kontakt aufnehmen!\">\n                    <span class=\"contact-name\">Sandra B., 39 Jahre, aus Bremen<\/span>\n                <\/a>\n\n                <span class=\"contact-text\"><\/span> <span class=\"contact-city\"><a href=\"https:\/\/anwalt.rocks\/arbeitsrecht\/region\/griesstaett-bei-wasserburg-am-inn\/\">Anwalt Arbeitsrecht Griesst\u00e4tt bei Wasserburg am Inn<\/a><\/span>            <\/p>\n\n            <div class=\"quote\"><p>Herr Schmelzer ist einfach unglaublich! In meinem Fall ging es um eine ungerechtfertigte Versetzung in eine andere Stadt. Er erkannte sofort, dass mein Arbeitgeber hier gegen geltendes Arbeitsrecht versto\u00dfen hatte, und setzte meine Interessen kompromisslos durch. Was mir besonders gefallen &hellip;<\/p><\/div>\n            <a class=\"btn btn-cta\"  href=\"#\" data-toggle=\"modal\" data-target=\"#ContactModal\"  title=\"Sandra B., 39 Jahre, aus Bremen jetzt Kontakt aufnehmen!\">\n                Nachricht senden            <\/a>\n        <\/div>\n    <\/div>\n<\/article><article class=\"contact contact-list post-2637 profile type-profile status-publish has-post-thumbnail hentry\" data-contact=\"2637\">\n    \n    <div class=\"media\">\n        <div class=\"media-left\">\n            <a  href=\"#\" data-toggle=\"modal\" data-target=\"#ContactModal\"  title=\"Uwe D. jetzt Kontakt aufnehmen!\">\n                <img loading=\"lazy\" decoding=\"async\" width=\"500\" height=\"500\" src=\"https:\/\/anwalt.rocks\/arbeitsrecht\/wp-content\/uploads\/sites\/2\/2025\/01\/meinung-13.jpg\" class=\"contact-image media-object wp-post-image\" alt=\"Uwe D.\" srcset=\"https:\/\/anwalt.rocks\/arbeitsrecht\/wp-content\/uploads\/sites\/2\/2025\/01\/meinung-13.jpg 500w, https:\/\/anwalt.rocks\/arbeitsrecht\/wp-content\/uploads\/sites\/2\/2025\/01\/meinung-13-300x300.jpg 300w, https:\/\/anwalt.rocks\/arbeitsrecht\/wp-content\/uploads\/sites\/2\/2025\/01\/meinung-13-150x150.jpg 150w\" sizes=\"auto, (max-width: 500px) 100vw, 500px\" \/>            <\/a>\n        <\/div>\n\n        <div class=\"media-body\">\n                        <p class=\"h2 media-heading\">\n                <a  href=\"#\" data-toggle=\"modal\" data-target=\"#ContactModal\"  title=\"Uwe D. jetzt Kontakt aufnehmen!\">\n                    <span class=\"contact-name\">Uwe D.<\/span>\n                <\/a>\n\n                <span class=\"contact-text\"><\/span> <span class=\"contact-city\"><a href=\"https:\/\/anwalt.rocks\/arbeitsrecht\/region\/bad-suderode\/\">Anwalt Arbeitsrecht Bad Suderode<\/a><\/span>            <\/p>\n\n            <div class=\"quote\"><p>Ich hatte Schwierigkeiten mit meinem Arbeitszeugnis, das mein Arbeitgeber absichtlich negativ formuliert hatte. Anwalt Schmelzer hat f\u00fcr mich ein einwandfreies Zeugnis durchgesetzt. Er war jederzeit erreichbar und hat meine Sorgen ernst genommen. Ich bin sehr zufrieden mit seiner Arbeit.&hellip;<\/p><\/div>\n            <a class=\"btn btn-cta\"  href=\"#\" data-toggle=\"modal\" data-target=\"#ContactModal\"  title=\"Uwe D. jetzt Kontakt aufnehmen!\">\n                Nachricht senden            <\/a>\n        <\/div>\n    <\/div>\n<\/article><article class=\"contact contact-list post-2659 profile type-profile status-publish has-post-thumbnail hentry\" data-contact=\"2659\">\n    \n    <div class=\"media\">\n        <div class=\"media-left\">\n            <a  href=\"#\" data-toggle=\"modal\" data-target=\"#ContactModal\"  title=\"Sven B. jetzt Kontakt aufnehmen!\">\n                <img loading=\"lazy\" decoding=\"async\" width=\"500\" height=\"500\" src=\"https:\/\/anwalt.rocks\/arbeitsrecht\/wp-content\/uploads\/sites\/2\/2025\/01\/meinung-20.jpg\" class=\"contact-image media-object wp-post-image\" alt=\"Sven B.\" srcset=\"https:\/\/anwalt.rocks\/arbeitsrecht\/wp-content\/uploads\/sites\/2\/2025\/01\/meinung-20.jpg 500w, https:\/\/anwalt.rocks\/arbeitsrecht\/wp-content\/uploads\/sites\/2\/2025\/01\/meinung-20-300x300.jpg 300w, https:\/\/anwalt.rocks\/arbeitsrecht\/wp-content\/uploads\/sites\/2\/2025\/01\/meinung-20-150x150.jpg 150w\" sizes=\"auto, (max-width: 500px) 100vw, 500px\" \/>            <\/a>\n        <\/div>\n\n        <div class=\"media-body\">\n                        <p class=\"h2 media-heading\">\n                <a  href=\"#\" data-toggle=\"modal\" data-target=\"#ContactModal\"  title=\"Sven B. jetzt Kontakt aufnehmen!\">\n                    <span class=\"contact-name\">Sven B.<\/span>\n                <\/a>\n\n                <span class=\"contact-text\"><\/span> <span class=\"contact-city\"><a href=\"https:\/\/anwalt.rocks\/arbeitsrecht\/region\/graz-strassgang\/\">Anwalt Arbeitsrecht Graz Stra\u00dfgang<\/a><\/span>            <\/p>\n\n            <div class=\"quote\"><p>Ich hatte ein Problem mit meiner Teilzeitvereinbarung, die mein Arbeitgeber pl\u00f6tzlich \u00e4ndern wollte. Dieser Anwalt hat mich umfassend beraten und den Fall zu meinen Gunsten gekl\u00e4rt. Seine Professionalit\u00e4t und sein Engagement sind wirklich herausragend. Vielen Dank f\u00fcr die gro\u00dfartige Unterst\u00fctzung!&hellip;<\/p><\/div>\n            <a class=\"btn btn-cta\"  href=\"#\" data-toggle=\"modal\" data-target=\"#ContactModal\"  title=\"Sven B. jetzt Kontakt aufnehmen!\">\n                Nachricht senden            <\/a>\n        <\/div>\n    <\/div>\n<\/article>\n<div class=\"blogposts\"><ul><li><a href=\"https:\/\/anwalt.rocks\/arbeitsrecht\/korschenbroich\/\" title=\"Anwalt Korschenbroich bzgl. Arbeitsrecht.\">Anwalt Korschenbroich bzgl. Arbeitsrecht.<\/a><\/li><li><a href=\"https:\/\/anwalt.rocks\/arbeitsrecht\/havelberg\/\" title=\"Anwalt Arbeitsrecht Havelberg &#8211; Karen hat den Fall gewonnen.\">Anwalt Arbeitsrecht Havelberg &#8211; Karen hat den Fall gewonnen.<\/a><\/li><li><a href=\"https:\/\/anwalt.rocks\/arbeitsrecht\/oelde\/\" title=\"Anwalt Oelde f\u00fcr Arbeitsrecht.\">Anwalt Oelde f\u00fcr Arbeitsrecht.<\/a><\/li><li><a href=\"https:\/\/anwalt.rocks\/arbeitsrecht\/rapperwil\/\" title=\"Anwalt Arbeitsrecht Rapperwil &#8211; Mandy setzt sich durch.\">Anwalt Arbeitsrecht Rapperwil &#8211; Mandy setzt sich durch.<\/a><\/li><li><a href=\"https:\/\/anwalt.rocks\/arbeitsrecht\/bergneustadt\/\" title=\"Fachanwalt f\u00fcr Arbeits- und IT Recht Bergneustadt.\">Fachanwalt f\u00fcr Arbeits- und IT Recht Bergneustadt.<\/a><\/li><li><a href=\"https:\/\/anwalt.rocks\/arbeitsrecht\/seelow\/\" title=\"Fachanwalt im Bereich IT- und Arbeitsrecht Seelow.\">Fachanwalt im Bereich IT- und Arbeitsrecht Seelow.<\/a><\/li><li><a href=\"https:\/\/anwalt.rocks\/arbeitsrecht\/radolfzell\/\" title=\"Anwalt Arbeitsrecht Radolfzell &#8211; Mittlerweile 39 \u00fcbergl\u00fcckliche Klienten.\">Anwalt Arbeitsrecht Radolfzell &#8211; Mittlerweile 39 \u00fcbergl\u00fcckliche Klienten.<\/a><\/li><\/ul><\/div>\n","protected":false},"excerpt":{"rendered":"<h2>Anwalt Radolfzell &#8211; sehr guter Einsatz von Rechtsanwalt Dr. Stephan Schmelzer in Sachen Lohnfortzahlung im Krankheitsfall.<\/h2>\n<p><a href=\"https:\/\/dr-schmelzer.eu\/arbeitsrecht\/\" target=\"_blank\" rel=\"noopener\"><img loading=\"lazy\" decoding=\"async\" src=\"https:\/\/anwalt.rocks\/bilder\/arbeitsrecht\/anwalt-arbeitsrecht-600x600.webp\" alt=\"Anwalt Arbeitsrecht Radolfzell - Mittlerweile 39 \u00fcbergl\u00fcckliche Klienten.\" title=\"Anwalt Arbeitsrecht Radolfzell - Mittlerweile 39 \u00fcbergl\u00fcckliche Klienten.\" width=\"600\" height=\"600\" \/><\/a> <\/p>\n<h3>Fachanwalt IT- und Arbeitsrecht Radolfzell &#8211; Soziet\u00e4t Dr. Stephan Schmelzer.<\/h3>\n<p>Vertrauen Sie auf die Erfahrung von Dr. Stephan Schmelzer im Arbeitsrecht. Durch seine Spezialisierung &hellip;<\/p>","protected":false},"author":1,"featured_media":0,"comment_status":"closed","ping_status":"open","sticky":false,"template":"","format":"standard","meta":{"footnotes":""},"categories":[3],"tags":[],"class_list":["post-8759","post","type-post","status-publish","format-standard","hentry","category-fachanwalt"],"yoast_head":"<!-- This site is optimized with the Yoast SEO Premium plugin v27.1 (Yoast SEO v27.2) - https:\/\/yoast.com\/product\/yoast-seo-premium-wordpress\/ -->\n<title>Anwalt Arbeitsrecht Mahlberg - Schon mehr als 42 fr\u00f6hliche Klienten.<\/title>\n<meta name=\"robots\" content=\"index, follow, max-snippet:-1, max-image-preview:large, max-video-preview:-1\" \/>\n<link rel=\"canonical\" href=\"https:\/\/anwalt.rocks\/arbeitsrecht\/mahlberg\/\" \/>\n<meta property=\"og:locale\" content=\"de_DE\" \/>\n<meta property=\"og:type\" content=\"article\" \/>\n<meta property=\"og:title\" content=\"Anwalt Arbeitsrecht Mahlberg - Schon mehr als 42 fr\u00f6hliche Klienten.\" \/>\n<meta property=\"og:description\" content=\"Anwalt Radolfzell &#8211; sehr guter Einsatz von Rechtsanwalt Dr. Stephan Schmelzer in Sachen Lohnfortzahlung im Krankheitsfall.  Fachanwalt IT- und Arbeitsrecht Radolfzell &#8211; Soziet\u00e4t Dr. Stephan Schmelzer. Vertrauen Sie auf die Erfahrung von Dr. Stephan Schmelzer im Arbeitsrecht. Durch seine Spezialisierung &hellip;\" \/>\n<meta property=\"og:url\" content=\"https:\/\/anwalt.rocks\/arbeitsrecht\/mahlberg\/\" \/>\n<meta property=\"og:site_name\" content=\"Anwalt Arbeitsrecht in der N\u00e4he - Dr. Schmelzer\" \/>\n<meta property=\"article:published_time\" content=\"2025-01-14T15:09:11+00:00\" \/>\n<meta property=\"og:image\" content=\"https:\/\/anwalt.rocks\/bilder\/arbeitsrecht\/anwalt-arbeitsrecht-600x600.webp\" \/>\n<meta name=\"author\" content=\"admin\" \/>\n<meta name=\"twitter:card\" content=\"summary_large_image\" \/>\n<meta name=\"twitter:label1\" content=\"Verfasst von\" \/>\n\t<meta name=\"twitter:data1\" content=\"admin\" \/>\n\t<meta name=\"twitter:label2\" content=\"Gesch\u00e4tzte Lesezeit\" \/>\n\t<meta name=\"twitter:data2\" content=\"4\u00a0Minuten\" \/>\n<script type=\"application\/ld+json\" class=\"yoast-schema-graph\">{\"@context\":\"https:\/\/schema.org\",\"@graph\":[{\"@type\":\"Article\",\"@id\":\"https:\/\/anwalt.rocks\/arbeitsrecht\/mahlberg\/#article\",\"isPartOf\":{\"@id\":\"https:\/\/anwalt.rocks\/arbeitsrecht\/mahlberg\/\"},\"author\":{\"name\":\"admin\",\"@id\":\"https:\/\/anwalt.rocks\/arbeitsrecht\/#\/schema\/person\/3fd3b0fc4df170bb2460fbc934288e39\"},\"headline\":\"Anwalt Arbeitsrecht Mahlberg &#8211; Schon mehr als 42 fr\u00f6hliche Klienten.\",\"datePublished\":\"2025-01-14T15:09:11+00:00\",\"mainEntityOfPage\":{\"@id\":\"https:\/\/anwalt.rocks\/arbeitsrecht\/mahlberg\/\"},\"wordCount\":714,\"publisher\":{\"@id\":\"https:\/\/anwalt.rocks\/arbeitsrecht\/#organization\"},\"image\":{\"@id\":\"https:\/\/anwalt.rocks\/arbeitsrecht\/mahlberg\/#primaryimage\"},\"thumbnailUrl\":\"https:\/\/anwalt.rocks\/bilder\/arbeitsrecht\/anwalt-arbeitsrecht-600x600.webp\",\"articleSection\":[\"Fachanwalt\"],\"inLanguage\":\"de\"},{\"@type\":\"WebPage\",\"@id\":\"https:\/\/anwalt.rocks\/arbeitsrecht\/mahlberg\/\",\"url\":\"https:\/\/anwalt.rocks\/arbeitsrecht\/mahlberg\/\",\"name\":\"Anwalt Arbeitsrecht Mahlberg - Schon mehr als 42 fr\u00f6hliche Klienten.\",\"isPartOf\":{\"@id\":\"https:\/\/anwalt.rocks\/arbeitsrecht\/#website\"},\"primaryImageOfPage\":{\"@id\":\"https:\/\/anwalt.rocks\/arbeitsrecht\/mahlberg\/#primaryimage\"},\"image\":{\"@id\":\"https:\/\/anwalt.rocks\/arbeitsrecht\/mahlberg\/#primaryimage\"},\"thumbnailUrl\":\"https:\/\/anwalt.rocks\/bilder\/arbeitsrecht\/anwalt-arbeitsrecht-600x600.webp\",\"datePublished\":\"2025-01-14T15:09:11+00:00\",\"breadcrumb\":{\"@id\":\"https:\/\/anwalt.rocks\/arbeitsrecht\/mahlberg\/#breadcrumb\"},\"inLanguage\":\"de\",\"potentialAction\":[{\"@type\":\"ReadAction\",\"target\":[\"https:\/\/anwalt.rocks\/arbeitsrecht\/mahlberg\/\"]}]},{\"@type\":\"ImageObject\",\"inLanguage\":\"de\",\"@id\":\"https:\/\/anwalt.rocks\/arbeitsrecht\/mahlberg\/#primaryimage\",\"url\":\"https:\/\/anwalt.rocks\/bilder\/arbeitsrecht\/anwalt-arbeitsrecht-600x600.webp\",\"contentUrl\":\"https:\/\/anwalt.rocks\/bilder\/arbeitsrecht\/anwalt-arbeitsrecht-600x600.webp\"},{\"@type\":\"BreadcrumbList\",\"@id\":\"https:\/\/anwalt.rocks\/arbeitsrecht\/mahlberg\/#breadcrumb\",\"itemListElement\":[{\"@type\":\"ListItem\",\"position\":1,\"name\":\"Start\",\"item\":\"https:\/\/anwalt.rocks\/arbeitsrecht\/\"},{\"@type\":\"ListItem\",\"position\":2,\"name\":\"Anwalt Arbeitsrecht Mahlberg &#8211; Schon mehr als 42 fr\u00f6hliche Klienten.\"}]},{\"@type\":\"WebSite\",\"@id\":\"https:\/\/anwalt.rocks\/arbeitsrecht\/#website\",\"url\":\"https:\/\/anwalt.rocks\/arbeitsrecht\/\",\"name\":\"Anwalt Arbeitsrecht in der N\u00e4he - Dr. Schmelzer\",\"description\":\"Kompetenzen und Vorteile von Dr. Stephan Schmelzer \u2013 Anwalt und Fachanwalt f\u00fcr Arbeitsrecht mit 25 j\u00e4hriger Berufspraxis.\",\"publisher\":{\"@id\":\"https:\/\/anwalt.rocks\/arbeitsrecht\/#organization\"},\"potentialAction\":[{\"@type\":\"SearchAction\",\"target\":{\"@type\":\"EntryPoint\",\"urlTemplate\":\"https:\/\/anwalt.rocks\/arbeitsrecht\/?s={search_term_string}\"},\"query-input\":{\"@type\":\"PropertyValueSpecification\",\"valueRequired\":true,\"valueName\":\"search_term_string\"}}],\"inLanguage\":\"de\"},{\"@type\":\"Organization\",\"@id\":\"https:\/\/anwalt.rocks\/arbeitsrecht\/#organization\",\"name\":\"Kanzlei Dr. Schmelzer\",\"url\":\"https:\/\/anwalt.rocks\/arbeitsrecht\/\",\"logo\":{\"@type\":\"ImageObject\",\"inLanguage\":\"de\",\"@id\":\"https:\/\/anwalt.rocks\/arbeitsrecht\/#\/schema\/logo\/image\/\",\"url\":\"https:\/\/anwalt.rocks\/arbeitsrecht\/wp-content\/uploads\/sites\/2\/2025\/01\/anwalt-arbeitsrecht-logo.png\",\"contentUrl\":\"https:\/\/anwalt.rocks\/arbeitsrecht\/wp-content\/uploads\/sites\/2\/2025\/01\/anwalt-arbeitsrecht-logo.png\",\"width\":450,\"height\":150,\"caption\":\"Kanzlei Dr. Schmelzer\"},\"image\":{\"@id\":\"https:\/\/anwalt.rocks\/arbeitsrecht\/#\/schema\/logo\/image\/\"}},{\"@type\":\"Person\",\"@id\":\"https:\/\/anwalt.rocks\/arbeitsrecht\/#\/schema\/person\/3fd3b0fc4df170bb2460fbc934288e39\",\"name\":\"admin\",\"image\":{\"@type\":\"ImageObject\",\"inLanguage\":\"de\",\"@id\":\"https:\/\/secure.gravatar.com\/avatar\/2a567a722e62dc61f1aaa46c6b595fa617f2003443806e3422a8fed77c029cfc?s=96&d=mm&r=g\",\"url\":\"https:\/\/secure.gravatar.com\/avatar\/2a567a722e62dc61f1aaa46c6b595fa617f2003443806e3422a8fed77c029cfc?s=96&d=mm&r=g\",\"contentUrl\":\"https:\/\/secure.gravatar.com\/avatar\/2a567a722e62dc61f1aaa46c6b595fa617f2003443806e3422a8fed77c029cfc?s=96&d=mm&r=g\",\"caption\":\"admin\"},\"sameAs\":[\"https:\/\/anwalt.rocks\"],\"url\":\"https:\/\/anwalt.rocks\/arbeitsrecht\/author\/admin\/\"}]}<\/script>\n<!-- \/ Yoast SEO Premium plugin. -->","yoast_head_json":{"title":"Anwalt Arbeitsrecht Mahlberg - Schon mehr als 42 fr\u00f6hliche Klienten.","robots":{"index":"index","follow":"follow","max-snippet":"max-snippet:-1","max-image-preview":"max-image-preview:large","max-video-preview":"max-video-preview:-1"},"canonical":"https:\/\/anwalt.rocks\/arbeitsrecht\/mahlberg\/","og_locale":"de_DE","og_type":"article","og_title":"Anwalt Arbeitsrecht Mahlberg - Schon mehr als 42 fr\u00f6hliche Klienten.","og_description":"Anwalt Radolfzell &#8211; sehr guter Einsatz von Rechtsanwalt Dr. Stephan Schmelzer in Sachen Lohnfortzahlung im Krankheitsfall.  Fachanwalt IT- und Arbeitsrecht Radolfzell &#8211; Soziet\u00e4t Dr. Stephan Schmelzer. Vertrauen Sie auf die Erfahrung von Dr. Stephan Schmelzer im Arbeitsrecht. Durch seine Spezialisierung &hellip;","og_url":"https:\/\/anwalt.rocks\/arbeitsrecht\/mahlberg\/","og_site_name":"Anwalt Arbeitsrecht in der N\u00e4he - Dr. Schmelzer","article_published_time":"2025-01-14T15:09:11+00:00","og_image":[{"url":"https:\/\/anwalt.rocks\/bilder\/arbeitsrecht\/anwalt-arbeitsrecht-600x600.webp","type":"","width":"","height":""}],"author":"admin","twitter_card":"summary_large_image","twitter_misc":{"Verfasst von":"admin","Gesch\u00e4tzte Lesezeit":"4\u00a0Minuten"},"schema":{"@context":"https:\/\/schema.org","@graph":[{"@type":"Article","@id":"https:\/\/anwalt.rocks\/arbeitsrecht\/mahlberg\/#article","isPartOf":{"@id":"https:\/\/anwalt.rocks\/arbeitsrecht\/mahlberg\/"},"author":{"name":"admin","@id":"https:\/\/anwalt.rocks\/arbeitsrecht\/#\/schema\/person\/3fd3b0fc4df170bb2460fbc934288e39"},"headline":"Anwalt Arbeitsrecht Mahlberg &#8211; Schon mehr als 42 fr\u00f6hliche Klienten.","datePublished":"2025-01-14T15:09:11+00:00","mainEntityOfPage":{"@id":"https:\/\/anwalt.rocks\/arbeitsrecht\/mahlberg\/"},"wordCount":714,"publisher":{"@id":"https:\/\/anwalt.rocks\/arbeitsrecht\/#organization"},"image":{"@id":"https:\/\/anwalt.rocks\/arbeitsrecht\/mahlberg\/#primaryimage"},"thumbnailUrl":"https:\/\/anwalt.rocks\/bilder\/arbeitsrecht\/anwalt-arbeitsrecht-600x600.webp","articleSection":["Fachanwalt"],"inLanguage":"de"},{"@type":"WebPage","@id":"https:\/\/anwalt.rocks\/arbeitsrecht\/mahlberg\/","url":"https:\/\/anwalt.rocks\/arbeitsrecht\/mahlberg\/","name":"Anwalt Arbeitsrecht Mahlberg - Schon mehr als 42 fr\u00f6hliche Klienten.","isPartOf":{"@id":"https:\/\/anwalt.rocks\/arbeitsrecht\/#website"},"primaryImageOfPage":{"@id":"https:\/\/anwalt.rocks\/arbeitsrecht\/mahlberg\/#primaryimage"},"image":{"@id":"https:\/\/anwalt.rocks\/arbeitsrecht\/mahlberg\/#primaryimage"},"thumbnailUrl":"https:\/\/anwalt.rocks\/bilder\/arbeitsrecht\/anwalt-arbeitsrecht-600x600.webp","datePublished":"2025-01-14T15:09:11+00:00","breadcrumb":{"@id":"https:\/\/anwalt.rocks\/arbeitsrecht\/mahlberg\/#breadcrumb"},"inLanguage":"de","potentialAction":[{"@type":"ReadAction","target":["https:\/\/anwalt.rocks\/arbeitsrecht\/mahlberg\/"]}]},{"@type":"ImageObject","inLanguage":"de","@id":"https:\/\/anwalt.rocks\/arbeitsrecht\/mahlberg\/#primaryimage","url":"https:\/\/anwalt.rocks\/bilder\/arbeitsrecht\/anwalt-arbeitsrecht-600x600.webp","contentUrl":"https:\/\/anwalt.rocks\/bilder\/arbeitsrecht\/anwalt-arbeitsrecht-600x600.webp"},{"@type":"BreadcrumbList","@id":"https:\/\/anwalt.rocks\/arbeitsrecht\/mahlberg\/#breadcrumb","itemListElement":[{"@type":"ListItem","position":1,"name":"Start","item":"https:\/\/anwalt.rocks\/arbeitsrecht\/"},{"@type":"ListItem","position":2,"name":"Anwalt Arbeitsrecht Mahlberg &#8211; Schon mehr als 42 fr\u00f6hliche Klienten."}]},{"@type":"WebSite","@id":"https:\/\/anwalt.rocks\/arbeitsrecht\/#website","url":"https:\/\/anwalt.rocks\/arbeitsrecht\/","name":"Anwalt Arbeitsrecht in der N\u00e4he - Dr. Schmelzer","description":"Kompetenzen und Vorteile von Dr. Stephan Schmelzer \u2013 Anwalt und Fachanwalt f\u00fcr Arbeitsrecht mit 25 j\u00e4hriger Berufspraxis.","publisher":{"@id":"https:\/\/anwalt.rocks\/arbeitsrecht\/#organization"},"potentialAction":[{"@type":"SearchAction","target":{"@type":"EntryPoint","urlTemplate":"https:\/\/anwalt.rocks\/arbeitsrecht\/?s={search_term_string}"},"query-input":{"@type":"PropertyValueSpecification","valueRequired":true,"valueName":"search_term_string"}}],"inLanguage":"de"},{"@type":"Organization","@id":"https:\/\/anwalt.rocks\/arbeitsrecht\/#organization","name":"Kanzlei Dr. Schmelzer","url":"https:\/\/anwalt.rocks\/arbeitsrecht\/","logo":{"@type":"ImageObject","inLanguage":"de","@id":"https:\/\/anwalt.rocks\/arbeitsrecht\/#\/schema\/logo\/image\/","url":"https:\/\/anwalt.rocks\/arbeitsrecht\/wp-content\/uploads\/sites\/2\/2025\/01\/anwalt-arbeitsrecht-logo.png","contentUrl":"https:\/\/anwalt.rocks\/arbeitsrecht\/wp-content\/uploads\/sites\/2\/2025\/01\/anwalt-arbeitsrecht-logo.png","width":450,"height":150,"caption":"Kanzlei Dr. Schmelzer"},"image":{"@id":"https:\/\/anwalt.rocks\/arbeitsrecht\/#\/schema\/logo\/image\/"}},{"@type":"Person","@id":"https:\/\/anwalt.rocks\/arbeitsrecht\/#\/schema\/person\/3fd3b0fc4df170bb2460fbc934288e39","name":"admin","image":{"@type":"ImageObject","inLanguage":"de","@id":"https:\/\/secure.gravatar.com\/avatar\/2a567a722e62dc61f1aaa46c6b595fa617f2003443806e3422a8fed77c029cfc?s=96&d=mm&r=g","url":"https:\/\/secure.gravatar.com\/avatar\/2a567a722e62dc61f1aaa46c6b595fa617f2003443806e3422a8fed77c029cfc?s=96&d=mm&r=g","contentUrl":"https:\/\/secure.gravatar.com\/avatar\/2a567a722e62dc61f1aaa46c6b595fa617f2003443806e3422a8fed77c029cfc?s=96&d=mm&r=g","caption":"admin"},"sameAs":["https:\/\/anwalt.rocks"],"url":"https:\/\/anwalt.rocks\/arbeitsrecht\/author\/admin\/"}]}},"_links":{"self":[{"href":"https:\/\/anwalt.rocks\/arbeitsrecht\/wp-json\/wp\/v2\/posts\/8759","targetHints":{"allow":["GET"]}}],"collection":[{"href":"https:\/\/anwalt.rocks\/arbeitsrecht\/wp-json\/wp\/v2\/posts"}],"about":[{"href":"https:\/\/anwalt.rocks\/arbeitsrecht\/wp-json\/wp\/v2\/types\/post"}],"author":[{"embeddable":true,"href":"https:\/\/anwalt.rocks\/arbeitsrecht\/wp-json\/wp\/v2\/users\/1"}],"replies":[{"embeddable":true,"href":"https:\/\/anwalt.rocks\/arbeitsrecht\/wp-json\/wp\/v2\/comments?post=8759"}],"version-history":[{"count":0,"href":"https:\/\/anwalt.rocks\/arbeitsrecht\/wp-json\/wp\/v2\/posts\/8759\/revisions"}],"wp:attachment":[{"href":"https:\/\/anwalt.rocks\/arbeitsrecht\/wp-json\/wp\/v2\/media?parent=8759"}],"wp:term":[{"taxonomy":"category","embeddable":true,"href":"https:\/\/anwalt.rocks\/arbeitsrecht\/wp-json\/wp\/v2\/categories?post=8759"},{"taxonomy":"post_tag","embeddable":true,"href":"https:\/\/anwalt.rocks\/arbeitsrecht\/wp-json\/wp\/v2\/tags?post=8759"}],"curies":[{"name":"wp","href":"https:\/\/api.w.org\/{rel}","templated":true}]}}