{"id":8792,"date":"2025-01-15T21:24:52","date_gmt":"2025-01-15T20:24:52","guid":{"rendered":"https:\/\/anwalt.rocks\/arbeitsrecht\/marktheidenfeld\/"},"modified":"2025-01-15T21:24:52","modified_gmt":"2025-01-15T20:24:52","slug":"marktheidenfeld","status":"publish","type":"post","link":"https:\/\/anwalt.rocks\/arbeitsrecht\/marktheidenfeld\/","title":{"rendered":"Anwalt Arbeitsrecht Marktheidenfeld &#8211; Helga ist echt zufrieden."},"content":{"rendered":"<span class=\"span-reading-time rt-reading-time\" style=\"display: block;\"><span class=\"rt-label rt-prefix\">Lesedauer<\/span> <span class=\"rt-time\"> 3<\/span> <span class=\"rt-label rt-postfix\">Minuten<\/span><\/span><h2>Spezialist Arbeitsrecht Marktheidenfeld f\u00fcr Arbeitnehmer und Arbeitgeber f\u00fcr Leiharbeit und Werkvertrag.<\/h2>\n<p><a href=\"https:\/\/dr-schmelzer.eu\/arbeitsrecht\/\" target=\"_blank\" rel=\"noopener\"><img loading=\"lazy\" decoding=\"async\" src=\"https:\/\/anwalt.rocks\/bilder\/arbeitsrecht\/anwalt-arbeitsrecht-600x600.webp\" alt=\"Anwalt Arbeitsrecht Marktheidenfeld - Helga ist echt zufrieden.\" title=\"Anwalt Arbeitsrecht Marktheidenfeld - Helga ist echt zufrieden.\" width=\"600\" height=\"600\" \/><\/a> <\/p>\n<h3>Fachanwalt IT- und Arbeitsrecht Marktheidenfeld &#8211; Soziet\u00e4t Dr. Stephan Schmelzer.<\/h3>\n<p>Mit Dr. Stephan Schmelzer sind Sie im Arbeitsrecht immer gut beraten. Seit 2002 tr\u00e4gt er den Titel Fachanwalt f\u00fcr Arbeitsrecht und wird weit \u00fcber die Region Ahlen hinaus gesch\u00e4tzt. Mit 20 Jahren Erfolgsgeschichte bietet seine Kanzlei juristische Exzellenz und pers\u00f6nliche Betreuung. Seine juristische Doppelqualifikation im Arbeits- und IT-Recht verschafft Dr. Schmelzer einen entscheidenden Vorteil in der modernen Arbeitswelt. &#8211; <a title=\"Anwalt Osnabr\u00fcck\" href=\"https:\/\/anwalt.rocks\/arbeitsrecht\/osnabrueck\/\">Anwalt Osnabr\u00fcck<\/a><\/p>\n<p><a href=\"https:\/\/dr-schmelzer.eu\/arbeitsrecht\/\" target=\"_blank\" rel=\"noopener\"><img loading=\"lazy\" decoding=\"async\" src=\"https:\/\/anwalt.rocks\/bilder\/arbeitsrecht\/rechtsanwalt-arbeitsrecht-600x600.webp\" alt=\"Anwalt Arbeitsrecht Marktheidenfeld\" title=\"Anwalt Arbeitsrecht Marktheidenfeld\" width=\"600\" height=\"600\" \/><\/a> <\/p>\n<h3>Soziet\u00e4t Dr. Stephan Schmelzer &#8211; Spezialist f\u00fcr Arbeitsrecht Marktheidenfeld.<\/h3>\n<p>Seine Expertise im IT-Recht erg\u00e4nzt seine T\u00e4tigkeit, doch der Schwerpunkt seiner Kanzlei ist das Arbeitsrecht, national und global. Arbeitgeber und Arbeitnehmer erhalten von Dr. Schmelzer individuell angepasste Beratung in allen arbeitsrechtlichen Angelegenheiten. Die Verbindung aus Praxisn\u00e4he und individueller Beratung macht ihn zu einem der f\u00fchrenden Experten in diesem Rechtsgebiet. &#8211; <a title=\"Anwalt Winterberg\" href=\"https:\/\/anwalt.rocks\/arbeitsrecht\/winterberg\/\">Anwalt Winterberg<\/a><\/p>\n<h3>Kompetent und durchsetzungsstark &#8211; 25 Jahre Erfahrung als Fachanwalt Marktheidenfeld.<\/h3>\n<p>Arbeitgeber stehen heute vor rechtlichen Aufgaben, die von der Erstellung von Arbeitsvertr\u00e4gen bis hin zu komplexen Umstrukturierungen reichen. Mit praxisnaher Beratung hilft Dr. Schmelzer Unternehmen, rechtliche Risiken zu erkennen und effiziente Ma\u00dfnahmen zu entwickeln. Er hat sich auf folgende T\u00e4tigkeiten spezialisiert: &#8211; <a title=\"Anwalt Arbeitsrecht Stuttgart\" href=\"https:\/\/anwalt.rocks\/arbeitsrecht\/stuttgart\/\">Anwalt Arbeitsrecht Stuttgart<\/a><\/p>\n<h3>Anwalt Arbeitsrecht Marktheidenfeld 34 motivierte Klienten.<\/h3>\n<p>Analyse und Erstellung von Arbeitsvertr\u00e4gen, die rechtlich einwandfrei und anpassbar sind. Erarbeitung von Arbeitszeit- und Verg\u00fctungsmodellen, die individuell auf das Unternehmen abgestimmt sind. &#8211; <a title=\"Anwalt Arbeitsrecht Gevelsberg\" href=\"https:\/\/anwalt.rocks\/arbeitsrecht\/gevelsberg\/\">Anwalt Arbeitsrecht Gevelsberg<\/a><\/p>\n<h3>Weshalb w\u00e4hlt man diesen verl\u00e4sslichen Anwalt Marktheidenfeld:<\/h3>\n<p>Unterst\u00fctzung bei der Vorbereitung und Umsetzung rechtssicherer K\u00fcndigungen aus unterschiedlichen Gr\u00fcnden. Pr\u00e4vention rechtlicher Risiken und Unterst\u00fctzung w\u00e4hrend jeder Phase des K\u00fcndigungsprozesses.<\/p>\n<h3>Hohe Kompetenz und auch durchsetzungsstark.<\/h3>\n<p>Unterst\u00fctzung bei der Gestaltung der Betriebsratsbeteiligung bei wesentlichen Entscheidungen. Unterst\u00fctzung bei der Verhandlung und Umsetzung von Vereinbarungen zwischen Unternehmen und Betriebsrat. Strategische Organisation und juristische Beratung w\u00e4hrend Restrukturierungsprozessen. Prozessvertretung in K\u00fcndigungsschutzklagen, Entfristungsverfahren und anderen arbeitsrechtlichen Themen. Zielgerichtete und durchdachte Verteidigung der Unternehmensinteressen im Fokus.<\/p>\n<h3>Anwalt Arbeitsrecht Marktheidenfeld &#8211; Spezialist Dr. Schmelzer.<\/h3>\n<p>Mit seiner langj\u00e4hrigen Erfahrung ist Dr. Schmelzer auch f\u00fcr Arbeitnehmer ein zuverl\u00e4ssiger Partner. Besonders in Streitf\u00e4llen ist er ein verl\u00e4sslicher Partner, der sich mit gro\u00dfem Einsatz f\u00fcr seine Mandanten einsetzt. Folgende Leistungen werden bereitgestellt:<\/p>\n<p>Fachliche Beratung bei K\u00fcndigungsschutzverfahren und Vertretung vor dem Arbeitsgericht. Unterst\u00fctzung bei der Verhandlung von Abfindungen und erg\u00e4nzenden Ausgleichsleistungen. Fachliche Beratung bei K\u00fcndigungsschutzverfahren und Vertretung vor dem Arbeitsgericht. Unterst\u00fctzung bei der Verhandlung von Abfindungen und erg\u00e4nzenden Ausgleichsleistungen.<\/p>\n<p>Beratung und Unterst\u00fctzung bei der Aushandlung von Aufhebungsvertr\u00e4gen und Abfindungen. Unterst\u00fctzung bei der \u00dcberpr\u00fcfung und Korrektur von ungenauen Formulierungen in Arbeitszeugnissen. Prozessf\u00fchrung in Zeugnisverfahren zur Korrektur unfairer Bewertungen. Kostenersparnis Unterst\u00fctzung bei der Durchsetzung offener Anspr\u00fcche auf Lohn und Gehalt. Begleitung bei arbeitsgerichtlichen Klagen \u00fcber Entgelt und offene \u00dcberstundenverg\u00fctung. Unterst\u00fctzung bei der Pr\u00fcfung und Korrektur von unrechtm\u00e4\u00dfigen Abmahnungen.<\/p>\n<h4>Betreuung f\u00fcr Arbeitnehmer und Arbeitgeber f\u00fcr Anwalt Arbeitsrecht Marktheidenfeld.<\/h4>\n<p>Dr. Schmelzer ist Experte f\u00fcr Restrukturierungsprozesse und die Beilegung von Konflikten. Dr. Schmelzer hat sich auf die Beratung von Unternehmen in Restrukturierungsphasen spezialisiert. Erforderlich sind in diesem Bereich rechtliche Expertise, Verhandlungsst\u00e4rke und wirtschaftliche Kenntnisse.<\/p>\n<p>Anwalt Marktheidenfeld Zusammenfassung: Die Planung und Realisierung von Interessenausgleichen und Sozialpl\u00e4nen ist ein Fachgebiet von Dr. Schmelzer. Im Fokus steht die Schaffung einer L\u00f6sung, die von allen Seiten akzeptiert werden kann. Dank seiner strategischen Kompetenz und seines fundierten Fachwissens ist Dr. Schmelzer ein gefragter Ansprechpartner bei Verhandlungen mit Gewerkschaften und Betriebsr\u00e4ten.<\/p>\n<p>F\u00fcr den Fachanwalt f\u00fcr Arbeitsrecht ist jeder Fall eine spannende Aufgabe, die sorgf\u00e4ltige L\u00f6sungen erfordert. F\u00fcr Dr. Schmelzer steht die beste L\u00f6sung f\u00fcr seine Mandanten an erster Stelle \u2013 ob durch Einigungen oder durch Gerichtsverfahren. F\u00fcr ihn sind Offenheit und eine intensive Abstimmung mit seinen Mandanten entscheidend. Die Zufriedenheit seiner Mandanten ist der zentrale Fokus von Dr. Schmelzer. Erfolge und positive Mandantenr\u00fcckmeldungen sind ein klarer Beweis f\u00fcr seine professionelle und auf L\u00f6sungen fokussierte Herangehensweise. Die Kanzlei Dr. Stephan Schmelzer bietet professionelle Unterst\u00fctzung f\u00fcr Arbeitnehmer und Arbeitgeber.<\/p>\n<article class=\"contact contact-list post-2606 profile type-profile status-publish has-post-thumbnail hentry\" data-contact=\"2606\">\n    \n    <div class=\"media\">\n        <div class=\"media-left\">\n            <a  href=\"#\" data-toggle=\"modal\" data-target=\"#ContactModal\"  title=\"Maria P., 29 Jahre, aus Stuttgart jetzt Kontakt aufnehmen!\">\n                <img loading=\"lazy\" decoding=\"async\" width=\"500\" height=\"500\" src=\"https:\/\/anwalt.rocks\/arbeitsrecht\/wp-content\/uploads\/sites\/2\/2025\/01\/meinung-03.jpg\" class=\"contact-image media-object wp-post-image\" alt=\"Maria P., 29 Jahre, aus Stuttgart\" srcset=\"https:\/\/anwalt.rocks\/arbeitsrecht\/wp-content\/uploads\/sites\/2\/2025\/01\/meinung-03.jpg 500w, https:\/\/anwalt.rocks\/arbeitsrecht\/wp-content\/uploads\/sites\/2\/2025\/01\/meinung-03-300x300.jpg 300w, https:\/\/anwalt.rocks\/arbeitsrecht\/wp-content\/uploads\/sites\/2\/2025\/01\/meinung-03-150x150.jpg 150w\" sizes=\"auto, (max-width: 500px) 100vw, 500px\" \/>            <\/a>\n        <\/div>\n\n        <div class=\"media-body\">\n                        <p class=\"h2 media-heading\">\n                <a  href=\"#\" data-toggle=\"modal\" data-target=\"#ContactModal\"  title=\"Maria P., 29 Jahre, aus Stuttgart jetzt Kontakt aufnehmen!\">\n                    <span class=\"contact-name\">Maria P., 29 Jahre, aus Stuttgart<\/span>\n                <\/a>\n\n                <span class=\"contact-text\"><\/span> <span class=\"contact-city\"><a href=\"https:\/\/anwalt.rocks\/arbeitsrecht\/region\/beiersdorf-freudenberg\/\">Anwalt Arbeitsrecht Beiersdorf-Freudenberg<\/a><\/span>            <\/p>\n\n            <div class=\"quote\"><p>Herr Dr. Schmelzer ist einfach ein toller Anwalt! In meinem Fall ging es um Mobbing am Arbeitsplatz. Ich wusste nicht mehr weiter, aber Herr Dr. Schmelzer hat mir Mut gemacht und klare Schritte vorgeschlagen. Er hat nicht nur mein Recht &hellip;<\/p><\/div>\n            <a class=\"btn btn-cta\"  href=\"#\" data-toggle=\"modal\" data-target=\"#ContactModal\"  title=\"Maria P., 29 Jahre, aus Stuttgart jetzt Kontakt aufnehmen!\">\n                Nachricht senden            <\/a>\n        <\/div>\n    <\/div>\n<\/article><article class=\"contact contact-list post-2655 profile type-profile status-publish has-post-thumbnail hentry\" data-contact=\"2655\">\n    \n    <div class=\"media\">\n        <div class=\"media-left\">\n            <a  href=\"#\" data-toggle=\"modal\" data-target=\"#ContactModal\"  title=\"Gustav G. jetzt Kontakt aufnehmen!\">\n                <img loading=\"lazy\" decoding=\"async\" width=\"500\" height=\"500\" src=\"https:\/\/anwalt.rocks\/arbeitsrecht\/wp-content\/uploads\/sites\/2\/2025\/01\/meinung-19.jpg\" class=\"contact-image media-object wp-post-image\" alt=\"Gustav G.\" srcset=\"https:\/\/anwalt.rocks\/arbeitsrecht\/wp-content\/uploads\/sites\/2\/2025\/01\/meinung-19.jpg 500w, https:\/\/anwalt.rocks\/arbeitsrecht\/wp-content\/uploads\/sites\/2\/2025\/01\/meinung-19-300x300.jpg 300w, https:\/\/anwalt.rocks\/arbeitsrecht\/wp-content\/uploads\/sites\/2\/2025\/01\/meinung-19-150x150.jpg 150w\" sizes=\"auto, (max-width: 500px) 100vw, 500px\" \/>            <\/a>\n        <\/div>\n\n        <div class=\"media-body\">\n                        <p class=\"h2 media-heading\">\n                <a  href=\"#\" data-toggle=\"modal\" data-target=\"#ContactModal\"  title=\"Gustav G. jetzt Kontakt aufnehmen!\">\n                    <span class=\"contact-name\">Gustav G.<\/span>\n                <\/a>\n\n                <span class=\"contact-text\"><\/span> <span class=\"contact-city\"><a href=\"https:\/\/anwalt.rocks\/arbeitsrecht\/region\/moers-vinn\/\">Anwalt Arbeitsrecht Moers Vinn<\/a><\/span>            <\/p>\n\n            <div class=\"quote\"><p>Dieser Anwalt hat mir geholfen, als mein Arbeitgeber mich wegen angeblicher Fehlleistungen abmahnen wollte. Er konnte die Abmahnung erfolgreich anfechten und hat mir meine Rechte ausf\u00fchrlich erkl\u00e4rt. Ich bin sehr dankbar f\u00fcr seine Unterst\u00fctzung und w\u00fcrde ihn immer wieder kontaktieren.&hellip;<\/p><\/div>\n            <a class=\"btn btn-cta\"  href=\"#\" data-toggle=\"modal\" data-target=\"#ContactModal\"  title=\"Gustav G. jetzt Kontakt aufnehmen!\">\n                Nachricht senden            <\/a>\n        <\/div>\n    <\/div>\n<\/article><article class=\"contact contact-list post-2609 profile type-profile status-publish has-post-thumbnail hentry\" data-contact=\"2609\">\n    \n    <div class=\"media\">\n        <div class=\"media-left\">\n            <a  href=\"#\" data-toggle=\"modal\" data-target=\"#ContactModal\"  title=\"Nadine H., 48 Jahre, aus M\u00fcnchen jetzt Kontakt aufnehmen!\">\n                <img loading=\"lazy\" decoding=\"async\" width=\"500\" height=\"500\" src=\"https:\/\/anwalt.rocks\/arbeitsrecht\/wp-content\/uploads\/sites\/2\/2025\/01\/meinung-04.jpg\" class=\"contact-image media-object wp-post-image\" alt=\"Nadine H., 48 Jahre, aus M\u00fcnchen\" srcset=\"https:\/\/anwalt.rocks\/arbeitsrecht\/wp-content\/uploads\/sites\/2\/2025\/01\/meinung-04.jpg 500w, https:\/\/anwalt.rocks\/arbeitsrecht\/wp-content\/uploads\/sites\/2\/2025\/01\/meinung-04-300x300.jpg 300w, https:\/\/anwalt.rocks\/arbeitsrecht\/wp-content\/uploads\/sites\/2\/2025\/01\/meinung-04-150x150.jpg 150w\" sizes=\"auto, (max-width: 500px) 100vw, 500px\" \/>            <\/a>\n        <\/div>\n\n        <div class=\"media-body\">\n                        <p class=\"h2 media-heading\">\n                <a  href=\"#\" data-toggle=\"modal\" data-target=\"#ContactModal\"  title=\"Nadine H., 48 Jahre, aus M\u00fcnchen jetzt Kontakt aufnehmen!\">\n                    <span class=\"contact-name\">Nadine H., 48 Jahre, aus M\u00fcnchen<\/span>\n                <\/a>\n\n                <span class=\"contact-text\"><\/span> <span class=\"contact-city\"><a href=\"https:\/\/anwalt.rocks\/arbeitsrecht\/region\/eyendorf-lueneburger-heide\/\">Anwalt Arbeitsrecht Eyendorf L\u00fcneburger Heide<\/a><\/span>            <\/p>\n\n            <div class=\"quote\"><p>Nach einer pl\u00f6tzlichen Umstrukturierung in meiner Firma wurde mir gek\u00fcndigt. Es war ein riesiger Schock f\u00fcr mich. Zum Gl\u00fcck fand ich Dr. Schmelzer \u00fcber eine Internetrecherche. Schon beim ersten Gespr\u00e4ch war ich beeindruckt von seiner Fachkenntnis und seiner empathischen Art. &hellip;<\/p><\/div>\n            <a class=\"btn btn-cta\"  href=\"#\" data-toggle=\"modal\" data-target=\"#ContactModal\"  title=\"Nadine H., 48 Jahre, aus M\u00fcnchen jetzt Kontakt aufnehmen!\">\n                Nachricht senden            <\/a>\n        <\/div>\n    <\/div>\n<\/article><article class=\"contact contact-list post-2612 profile type-profile status-publish has-post-thumbnail hentry\" data-contact=\"2612\">\n    \n    <div class=\"media\">\n        <div class=\"media-left\">\n            <a  href=\"#\" data-toggle=\"modal\" data-target=\"#ContactModal\"  title=\"Clara M., 32 Jahre, aus Leipzig jetzt Kontakt aufnehmen!\">\n                <img loading=\"lazy\" decoding=\"async\" width=\"500\" height=\"500\" src=\"https:\/\/anwalt.rocks\/arbeitsrecht\/wp-content\/uploads\/sites\/2\/2025\/01\/meinung-05.jpg\" class=\"contact-image media-object wp-post-image\" alt=\"Clara M., 32 Jahre, aus Leipzig\" srcset=\"https:\/\/anwalt.rocks\/arbeitsrecht\/wp-content\/uploads\/sites\/2\/2025\/01\/meinung-05.jpg 500w, https:\/\/anwalt.rocks\/arbeitsrecht\/wp-content\/uploads\/sites\/2\/2025\/01\/meinung-05-300x300.jpg 300w, https:\/\/anwalt.rocks\/arbeitsrecht\/wp-content\/uploads\/sites\/2\/2025\/01\/meinung-05-150x150.jpg 150w\" sizes=\"auto, (max-width: 500px) 100vw, 500px\" \/>            <\/a>\n        <\/div>\n\n        <div class=\"media-body\">\n                        <p class=\"h2 media-heading\">\n                <a  href=\"#\" data-toggle=\"modal\" data-target=\"#ContactModal\"  title=\"Clara M., 32 Jahre, aus Leipzig jetzt Kontakt aufnehmen!\">\n                    <span class=\"contact-name\">Clara M., 32 Jahre, aus Leipzig<\/span>\n                <\/a>\n\n                <span class=\"contact-text\"><\/span> <span class=\"contact-city\"><a href=\"https:\/\/anwalt.rocks\/arbeitsrecht\/region\/plochingen\/\">Anwalt Arbeitsrecht Plochingen<\/a><\/span>            <\/p>\n\n            <div class=\"quote\"><p>Als ich pl\u00f6tzlich eine Abmahnung wegen angeblicher Unp\u00fcnktlichkeit erhielt, war ich geschockt. Das stimmte \u00fcberhaupt nicht! Dr. Schmelzer wurde mir von einem Kollegen empfohlen, und ich war sofort begeistert von seiner Expertise. Er konnte die Abmahnung erfolgreich aus meiner Personalakte &hellip;<\/p><\/div>\n            <a class=\"btn btn-cta\"  href=\"#\" data-toggle=\"modal\" data-target=\"#ContactModal\"  title=\"Clara M., 32 Jahre, aus Leipzig jetzt Kontakt aufnehmen!\">\n                Nachricht senden            <\/a>\n        <\/div>\n    <\/div>\n<\/article><article class=\"contact contact-list post-2640 profile type-profile status-publish has-post-thumbnail hentry\" data-contact=\"2640\">\n    \n    <div class=\"media\">\n        <div class=\"media-left\">\n            <a  href=\"#\" data-toggle=\"modal\" data-target=\"#ContactModal\"  title=\"Klaus D. jetzt Kontakt aufnehmen!\">\n                <img loading=\"lazy\" decoding=\"async\" width=\"500\" height=\"500\" src=\"https:\/\/anwalt.rocks\/arbeitsrecht\/wp-content\/uploads\/sites\/2\/2025\/01\/meinung-14.jpg\" class=\"contact-image media-object wp-post-image\" alt=\"Klaus D.\" srcset=\"https:\/\/anwalt.rocks\/arbeitsrecht\/wp-content\/uploads\/sites\/2\/2025\/01\/meinung-14.jpg 500w, https:\/\/anwalt.rocks\/arbeitsrecht\/wp-content\/uploads\/sites\/2\/2025\/01\/meinung-14-300x300.jpg 300w, https:\/\/anwalt.rocks\/arbeitsrecht\/wp-content\/uploads\/sites\/2\/2025\/01\/meinung-14-150x150.jpg 150w\" sizes=\"auto, (max-width: 500px) 100vw, 500px\" \/>            <\/a>\n        <\/div>\n\n        <div class=\"media-body\">\n                        <p class=\"h2 media-heading\">\n                <a  href=\"#\" data-toggle=\"modal\" data-target=\"#ContactModal\"  title=\"Klaus D. jetzt Kontakt aufnehmen!\">\n                    <span class=\"contact-name\">Klaus D.<\/span>\n                <\/a>\n\n                <span class=\"contact-text\"><\/span> <span class=\"contact-city\"><a href=\"https:\/\/anwalt.rocks\/arbeitsrecht\/region\/eimsheim\/\">Anwalt Arbeitsrecht Eimsheim<\/a><\/span>            <\/p>\n\n            <div class=\"quote\"><p>Nach einer internen Umstrukturierung sollte ich pl\u00f6tzlich in eine andere Stadt versetzt werden. Dieser Fachanwalt f\u00fcr Arbeitsrecht hat sich intensiv mit meinem Fall besch\u00e4ftigt und meine Rechte erfolgreich durchgesetzt. Ich konnte meinen bisherigen Arbeitsplatz behalten. Seine Kompetenz und sein Einsatz &hellip;<\/p><\/div>\n            <a class=\"btn btn-cta\"  href=\"#\" data-toggle=\"modal\" data-target=\"#ContactModal\"  title=\"Klaus D. jetzt Kontakt aufnehmen!\">\n                Nachricht senden            <\/a>\n        <\/div>\n    <\/div>\n<\/article>\n<div class=\"blogposts\"><ul><li><a href=\"https:\/\/anwalt.rocks\/arbeitsrecht\/peitz\/\" title=\"Anwalt Peitz Arbeitsrecht Mandanten Vertreung f\u00fcr Arbeitgeber und Arbeitnehmer.\">Anwalt Peitz Arbeitsrecht Mandanten Vertreung f\u00fcr Arbeitgeber und Arbeitnehmer.<\/a><\/li><li><a href=\"https:\/\/anwalt.rocks\/arbeitsrecht\/oelsnitz\/\" title=\"Anwalt Oelsnitz Experte in Sachen IT- und Arbeitsrecht.\">Anwalt Oelsnitz Experte in Sachen IT- und Arbeitsrecht.<\/a><\/li><li><a href=\"https:\/\/anwalt.rocks\/arbeitsrecht\/voelkermarkt\/\" title=\"Anwalt V\u00f6lkermarkt Arbeitsrecht Betreuung f\u00fcr Arbeitgeber.\">Anwalt V\u00f6lkermarkt Arbeitsrecht Betreuung f\u00fcr Arbeitgeber.<\/a><\/li><li><a href=\"https:\/\/anwalt.rocks\/arbeitsrecht\/bobingen\/\" title=\"Anwalt Bobingen Experte f\u00fcr Arbeits- und IT Recht.\">Anwalt Bobingen Experte f\u00fcr Arbeits- und IT Recht.<\/a><\/li><li><a href=\"https:\/\/anwalt.rocks\/arbeitsrecht\/langenlois\/\" title=\"Kanzlei Dr. Stephan Schmelzer Rechtsanwalt Arbeits- und IT Recht Langenlois.\">Kanzlei Dr. Stephan Schmelzer Rechtsanwalt Arbeits- und IT Recht Langenlois.<\/a><\/li><li><a href=\"https:\/\/anwalt.rocks\/arbeitsrecht\/heidenau\/\" title=\"Anwalt Heidenau bzgl. Arbeitsrecht.\">Anwalt Heidenau bzgl. Arbeitsrecht.<\/a><\/li><li><a href=\"https:\/\/anwalt.rocks\/arbeitsrecht\/schesslitz\/\" title=\"Anwalt Sche\u00dflitz Experte in Sachen Arbeits- und IT Recht.\">Anwalt Sche\u00dflitz Experte in Sachen Arbeits- und IT Recht.<\/a><\/li><\/ul><\/div>\n","protected":false},"excerpt":{"rendered":"<h2>Kanzlei Dr. Stephan Schmelzer Rechtsanwalt f\u00fcr Arbeits- und IT Recht Sche\u00dflitz.<\/h2>\n<p><a href=\"https:\/\/dr-schmelzer.eu\/arbeitsrecht\/\" target=\"_blank\" rel=\"noopener\"><img loading=\"lazy\" decoding=\"async\" src=\"https:\/\/anwalt.rocks\/bilder\/arbeitsrecht\/anwalt-arbeitsrecht-600x600.webp\" alt=\"Anwalt Sche\u00dflitz Experte in Sachen Arbeits- und IT Recht.\" title=\"Anwalt Sche\u00dflitz Experte in Sachen Arbeits- und IT Recht.\" width=\"600\" height=\"600\" \/><\/a> <\/p>\n<h3>Anwalt Arbeitsrecht Sche\u00dflitz &#8211; Soziet\u00e4t Dr. Stephan Schmelzer.<\/h3>\n<p>F\u00fcr professionelle L\u00f6sungen im Arbeitsrecht ist Dr. Stephan Schmelzer Ihr Experte. Mehr als 25 Jahre Erfahrung im Arbeitsrecht und seine Fachanwaltszulassung &hellip;<\/p>","protected":false},"author":1,"featured_media":0,"comment_status":"closed","ping_status":"open","sticky":false,"template":"","format":"standard","meta":{"footnotes":""},"categories":[3],"tags":[],"class_list":["post-8792","post","type-post","status-publish","format-standard","hentry","category-fachanwalt"],"yoast_head":"<!-- This site is optimized with the Yoast SEO Premium plugin v27.1 (Yoast SEO v27.2) - https:\/\/yoast.com\/product\/yoast-seo-premium-wordpress\/ -->\n<title>Anwalt Arbeitsrecht Marktheidenfeld - Helga ist echt zufrieden.<\/title>\n<meta name=\"robots\" content=\"index, follow, max-snippet:-1, max-image-preview:large, max-video-preview:-1\" \/>\n<link rel=\"canonical\" href=\"https:\/\/anwalt.rocks\/arbeitsrecht\/marktheidenfeld\/\" \/>\n<meta property=\"og:locale\" content=\"de_DE\" \/>\n<meta property=\"og:type\" content=\"article\" \/>\n<meta property=\"og:title\" content=\"Anwalt Arbeitsrecht Marktheidenfeld - Helga ist echt zufrieden.\" \/>\n<meta property=\"og:description\" content=\"Kanzlei Dr. Stephan Schmelzer Rechtsanwalt f\u00fcr Arbeits- und IT Recht Sche\u00dflitz.  Anwalt Arbeitsrecht Sche\u00dflitz &#8211; Soziet\u00e4t Dr. Stephan Schmelzer. F\u00fcr professionelle L\u00f6sungen im Arbeitsrecht ist Dr. Stephan Schmelzer Ihr Experte. Mehr als 25 Jahre Erfahrung im Arbeitsrecht und seine Fachanwaltszulassung &hellip;\" \/>\n<meta property=\"og:url\" content=\"https:\/\/anwalt.rocks\/arbeitsrecht\/marktheidenfeld\/\" \/>\n<meta property=\"og:site_name\" content=\"Anwalt Arbeitsrecht in der N\u00e4he - Dr. Schmelzer\" \/>\n<meta property=\"article:published_time\" content=\"2025-01-15T20:24:52+00:00\" \/>\n<meta property=\"og:image\" content=\"https:\/\/anwalt.rocks\/bilder\/arbeitsrecht\/anwalt-arbeitsrecht-600x600.webp\" \/>\n<meta name=\"author\" content=\"admin\" \/>\n<meta name=\"twitter:card\" content=\"summary_large_image\" \/>\n<meta name=\"twitter:label1\" content=\"Verfasst von\" \/>\n\t<meta name=\"twitter:data1\" content=\"admin\" \/>\n\t<meta name=\"twitter:label2\" content=\"Gesch\u00e4tzte Lesezeit\" \/>\n\t<meta name=\"twitter:data2\" content=\"4\u00a0Minuten\" \/>\n<script type=\"application\/ld+json\" class=\"yoast-schema-graph\">{\"@context\":\"https:\/\/schema.org\",\"@graph\":[{\"@type\":\"Article\",\"@id\":\"https:\/\/anwalt.rocks\/arbeitsrecht\/marktheidenfeld\/#article\",\"isPartOf\":{\"@id\":\"https:\/\/anwalt.rocks\/arbeitsrecht\/marktheidenfeld\/\"},\"author\":{\"name\":\"admin\",\"@id\":\"https:\/\/anwalt.rocks\/arbeitsrecht\/#\/schema\/person\/3fd3b0fc4df170bb2460fbc934288e39\"},\"headline\":\"Anwalt Arbeitsrecht Marktheidenfeld &#8211; Helga ist echt zufrieden.\",\"datePublished\":\"2025-01-15T20:24:52+00:00\",\"mainEntityOfPage\":{\"@id\":\"https:\/\/anwalt.rocks\/arbeitsrecht\/marktheidenfeld\/\"},\"wordCount\":719,\"publisher\":{\"@id\":\"https:\/\/anwalt.rocks\/arbeitsrecht\/#organization\"},\"image\":{\"@id\":\"https:\/\/anwalt.rocks\/arbeitsrecht\/marktheidenfeld\/#primaryimage\"},\"thumbnailUrl\":\"https:\/\/anwalt.rocks\/bilder\/arbeitsrecht\/anwalt-arbeitsrecht-600x600.webp\",\"articleSection\":[\"Fachanwalt\"],\"inLanguage\":\"de\"},{\"@type\":\"WebPage\",\"@id\":\"https:\/\/anwalt.rocks\/arbeitsrecht\/marktheidenfeld\/\",\"url\":\"https:\/\/anwalt.rocks\/arbeitsrecht\/marktheidenfeld\/\",\"name\":\"Anwalt Arbeitsrecht Marktheidenfeld - Helga ist echt zufrieden.\",\"isPartOf\":{\"@id\":\"https:\/\/anwalt.rocks\/arbeitsrecht\/#website\"},\"primaryImageOfPage\":{\"@id\":\"https:\/\/anwalt.rocks\/arbeitsrecht\/marktheidenfeld\/#primaryimage\"},\"image\":{\"@id\":\"https:\/\/anwalt.rocks\/arbeitsrecht\/marktheidenfeld\/#primaryimage\"},\"thumbnailUrl\":\"https:\/\/anwalt.rocks\/bilder\/arbeitsrecht\/anwalt-arbeitsrecht-600x600.webp\",\"datePublished\":\"2025-01-15T20:24:52+00:00\",\"breadcrumb\":{\"@id\":\"https:\/\/anwalt.rocks\/arbeitsrecht\/marktheidenfeld\/#breadcrumb\"},\"inLanguage\":\"de\",\"potentialAction\":[{\"@type\":\"ReadAction\",\"target\":[\"https:\/\/anwalt.rocks\/arbeitsrecht\/marktheidenfeld\/\"]}]},{\"@type\":\"ImageObject\",\"inLanguage\":\"de\",\"@id\":\"https:\/\/anwalt.rocks\/arbeitsrecht\/marktheidenfeld\/#primaryimage\",\"url\":\"https:\/\/anwalt.rocks\/bilder\/arbeitsrecht\/anwalt-arbeitsrecht-600x600.webp\",\"contentUrl\":\"https:\/\/anwalt.rocks\/bilder\/arbeitsrecht\/anwalt-arbeitsrecht-600x600.webp\"},{\"@type\":\"BreadcrumbList\",\"@id\":\"https:\/\/anwalt.rocks\/arbeitsrecht\/marktheidenfeld\/#breadcrumb\",\"itemListElement\":[{\"@type\":\"ListItem\",\"position\":1,\"name\":\"Start\",\"item\":\"https:\/\/anwalt.rocks\/arbeitsrecht\/\"},{\"@type\":\"ListItem\",\"position\":2,\"name\":\"Anwalt Arbeitsrecht Marktheidenfeld &#8211; Helga ist echt zufrieden.\"}]},{\"@type\":\"WebSite\",\"@id\":\"https:\/\/anwalt.rocks\/arbeitsrecht\/#website\",\"url\":\"https:\/\/anwalt.rocks\/arbeitsrecht\/\",\"name\":\"Anwalt Arbeitsrecht in der N\u00e4he - Dr. Schmelzer\",\"description\":\"Kompetenzen und Vorteile von Dr. Stephan Schmelzer \u2013 Anwalt und Fachanwalt f\u00fcr Arbeitsrecht mit 25 j\u00e4hriger Berufspraxis.\",\"publisher\":{\"@id\":\"https:\/\/anwalt.rocks\/arbeitsrecht\/#organization\"},\"potentialAction\":[{\"@type\":\"SearchAction\",\"target\":{\"@type\":\"EntryPoint\",\"urlTemplate\":\"https:\/\/anwalt.rocks\/arbeitsrecht\/?s={search_term_string}\"},\"query-input\":{\"@type\":\"PropertyValueSpecification\",\"valueRequired\":true,\"valueName\":\"search_term_string\"}}],\"inLanguage\":\"de\"},{\"@type\":\"Organization\",\"@id\":\"https:\/\/anwalt.rocks\/arbeitsrecht\/#organization\",\"name\":\"Kanzlei Dr. Schmelzer\",\"url\":\"https:\/\/anwalt.rocks\/arbeitsrecht\/\",\"logo\":{\"@type\":\"ImageObject\",\"inLanguage\":\"de\",\"@id\":\"https:\/\/anwalt.rocks\/arbeitsrecht\/#\/schema\/logo\/image\/\",\"url\":\"https:\/\/anwalt.rocks\/arbeitsrecht\/wp-content\/uploads\/sites\/2\/2025\/01\/anwalt-arbeitsrecht-logo.png\",\"contentUrl\":\"https:\/\/anwalt.rocks\/arbeitsrecht\/wp-content\/uploads\/sites\/2\/2025\/01\/anwalt-arbeitsrecht-logo.png\",\"width\":450,\"height\":150,\"caption\":\"Kanzlei Dr. Schmelzer\"},\"image\":{\"@id\":\"https:\/\/anwalt.rocks\/arbeitsrecht\/#\/schema\/logo\/image\/\"}},{\"@type\":\"Person\",\"@id\":\"https:\/\/anwalt.rocks\/arbeitsrecht\/#\/schema\/person\/3fd3b0fc4df170bb2460fbc934288e39\",\"name\":\"admin\",\"image\":{\"@type\":\"ImageObject\",\"inLanguage\":\"de\",\"@id\":\"https:\/\/secure.gravatar.com\/avatar\/2a567a722e62dc61f1aaa46c6b595fa617f2003443806e3422a8fed77c029cfc?s=96&d=mm&r=g\",\"url\":\"https:\/\/secure.gravatar.com\/avatar\/2a567a722e62dc61f1aaa46c6b595fa617f2003443806e3422a8fed77c029cfc?s=96&d=mm&r=g\",\"contentUrl\":\"https:\/\/secure.gravatar.com\/avatar\/2a567a722e62dc61f1aaa46c6b595fa617f2003443806e3422a8fed77c029cfc?s=96&d=mm&r=g\",\"caption\":\"admin\"},\"sameAs\":[\"https:\/\/anwalt.rocks\"],\"url\":\"https:\/\/anwalt.rocks\/arbeitsrecht\/author\/admin\/\"}]}<\/script>\n<!-- \/ Yoast SEO Premium plugin. -->","yoast_head_json":{"title":"Anwalt Arbeitsrecht Marktheidenfeld - Helga ist echt zufrieden.","robots":{"index":"index","follow":"follow","max-snippet":"max-snippet:-1","max-image-preview":"max-image-preview:large","max-video-preview":"max-video-preview:-1"},"canonical":"https:\/\/anwalt.rocks\/arbeitsrecht\/marktheidenfeld\/","og_locale":"de_DE","og_type":"article","og_title":"Anwalt Arbeitsrecht Marktheidenfeld - Helga ist echt zufrieden.","og_description":"Kanzlei Dr. Stephan Schmelzer Rechtsanwalt f\u00fcr Arbeits- und IT Recht Sche\u00dflitz.  Anwalt Arbeitsrecht Sche\u00dflitz &#8211; Soziet\u00e4t Dr. Stephan Schmelzer. F\u00fcr professionelle L\u00f6sungen im Arbeitsrecht ist Dr. Stephan Schmelzer Ihr Experte. Mehr als 25 Jahre Erfahrung im Arbeitsrecht und seine Fachanwaltszulassung &hellip;","og_url":"https:\/\/anwalt.rocks\/arbeitsrecht\/marktheidenfeld\/","og_site_name":"Anwalt Arbeitsrecht in der N\u00e4he - Dr. Schmelzer","article_published_time":"2025-01-15T20:24:52+00:00","og_image":[{"url":"https:\/\/anwalt.rocks\/bilder\/arbeitsrecht\/anwalt-arbeitsrecht-600x600.webp","type":"","width":"","height":""}],"author":"admin","twitter_card":"summary_large_image","twitter_misc":{"Verfasst von":"admin","Gesch\u00e4tzte Lesezeit":"4\u00a0Minuten"},"schema":{"@context":"https:\/\/schema.org","@graph":[{"@type":"Article","@id":"https:\/\/anwalt.rocks\/arbeitsrecht\/marktheidenfeld\/#article","isPartOf":{"@id":"https:\/\/anwalt.rocks\/arbeitsrecht\/marktheidenfeld\/"},"author":{"name":"admin","@id":"https:\/\/anwalt.rocks\/arbeitsrecht\/#\/schema\/person\/3fd3b0fc4df170bb2460fbc934288e39"},"headline":"Anwalt Arbeitsrecht Marktheidenfeld &#8211; Helga ist echt zufrieden.","datePublished":"2025-01-15T20:24:52+00:00","mainEntityOfPage":{"@id":"https:\/\/anwalt.rocks\/arbeitsrecht\/marktheidenfeld\/"},"wordCount":719,"publisher":{"@id":"https:\/\/anwalt.rocks\/arbeitsrecht\/#organization"},"image":{"@id":"https:\/\/anwalt.rocks\/arbeitsrecht\/marktheidenfeld\/#primaryimage"},"thumbnailUrl":"https:\/\/anwalt.rocks\/bilder\/arbeitsrecht\/anwalt-arbeitsrecht-600x600.webp","articleSection":["Fachanwalt"],"inLanguage":"de"},{"@type":"WebPage","@id":"https:\/\/anwalt.rocks\/arbeitsrecht\/marktheidenfeld\/","url":"https:\/\/anwalt.rocks\/arbeitsrecht\/marktheidenfeld\/","name":"Anwalt Arbeitsrecht Marktheidenfeld - Helga ist echt zufrieden.","isPartOf":{"@id":"https:\/\/anwalt.rocks\/arbeitsrecht\/#website"},"primaryImageOfPage":{"@id":"https:\/\/anwalt.rocks\/arbeitsrecht\/marktheidenfeld\/#primaryimage"},"image":{"@id":"https:\/\/anwalt.rocks\/arbeitsrecht\/marktheidenfeld\/#primaryimage"},"thumbnailUrl":"https:\/\/anwalt.rocks\/bilder\/arbeitsrecht\/anwalt-arbeitsrecht-600x600.webp","datePublished":"2025-01-15T20:24:52+00:00","breadcrumb":{"@id":"https:\/\/anwalt.rocks\/arbeitsrecht\/marktheidenfeld\/#breadcrumb"},"inLanguage":"de","potentialAction":[{"@type":"ReadAction","target":["https:\/\/anwalt.rocks\/arbeitsrecht\/marktheidenfeld\/"]}]},{"@type":"ImageObject","inLanguage":"de","@id":"https:\/\/anwalt.rocks\/arbeitsrecht\/marktheidenfeld\/#primaryimage","url":"https:\/\/anwalt.rocks\/bilder\/arbeitsrecht\/anwalt-arbeitsrecht-600x600.webp","contentUrl":"https:\/\/anwalt.rocks\/bilder\/arbeitsrecht\/anwalt-arbeitsrecht-600x600.webp"},{"@type":"BreadcrumbList","@id":"https:\/\/anwalt.rocks\/arbeitsrecht\/marktheidenfeld\/#breadcrumb","itemListElement":[{"@type":"ListItem","position":1,"name":"Start","item":"https:\/\/anwalt.rocks\/arbeitsrecht\/"},{"@type":"ListItem","position":2,"name":"Anwalt Arbeitsrecht Marktheidenfeld &#8211; Helga ist echt zufrieden."}]},{"@type":"WebSite","@id":"https:\/\/anwalt.rocks\/arbeitsrecht\/#website","url":"https:\/\/anwalt.rocks\/arbeitsrecht\/","name":"Anwalt Arbeitsrecht in der N\u00e4he - Dr. Schmelzer","description":"Kompetenzen und Vorteile von Dr. Stephan Schmelzer \u2013 Anwalt und Fachanwalt f\u00fcr Arbeitsrecht mit 25 j\u00e4hriger Berufspraxis.","publisher":{"@id":"https:\/\/anwalt.rocks\/arbeitsrecht\/#organization"},"potentialAction":[{"@type":"SearchAction","target":{"@type":"EntryPoint","urlTemplate":"https:\/\/anwalt.rocks\/arbeitsrecht\/?s={search_term_string}"},"query-input":{"@type":"PropertyValueSpecification","valueRequired":true,"valueName":"search_term_string"}}],"inLanguage":"de"},{"@type":"Organization","@id":"https:\/\/anwalt.rocks\/arbeitsrecht\/#organization","name":"Kanzlei Dr. Schmelzer","url":"https:\/\/anwalt.rocks\/arbeitsrecht\/","logo":{"@type":"ImageObject","inLanguage":"de","@id":"https:\/\/anwalt.rocks\/arbeitsrecht\/#\/schema\/logo\/image\/","url":"https:\/\/anwalt.rocks\/arbeitsrecht\/wp-content\/uploads\/sites\/2\/2025\/01\/anwalt-arbeitsrecht-logo.png","contentUrl":"https:\/\/anwalt.rocks\/arbeitsrecht\/wp-content\/uploads\/sites\/2\/2025\/01\/anwalt-arbeitsrecht-logo.png","width":450,"height":150,"caption":"Kanzlei Dr. Schmelzer"},"image":{"@id":"https:\/\/anwalt.rocks\/arbeitsrecht\/#\/schema\/logo\/image\/"}},{"@type":"Person","@id":"https:\/\/anwalt.rocks\/arbeitsrecht\/#\/schema\/person\/3fd3b0fc4df170bb2460fbc934288e39","name":"admin","image":{"@type":"ImageObject","inLanguage":"de","@id":"https:\/\/secure.gravatar.com\/avatar\/2a567a722e62dc61f1aaa46c6b595fa617f2003443806e3422a8fed77c029cfc?s=96&d=mm&r=g","url":"https:\/\/secure.gravatar.com\/avatar\/2a567a722e62dc61f1aaa46c6b595fa617f2003443806e3422a8fed77c029cfc?s=96&d=mm&r=g","contentUrl":"https:\/\/secure.gravatar.com\/avatar\/2a567a722e62dc61f1aaa46c6b595fa617f2003443806e3422a8fed77c029cfc?s=96&d=mm&r=g","caption":"admin"},"sameAs":["https:\/\/anwalt.rocks"],"url":"https:\/\/anwalt.rocks\/arbeitsrecht\/author\/admin\/"}]}},"_links":{"self":[{"href":"https:\/\/anwalt.rocks\/arbeitsrecht\/wp-json\/wp\/v2\/posts\/8792","targetHints":{"allow":["GET"]}}],"collection":[{"href":"https:\/\/anwalt.rocks\/arbeitsrecht\/wp-json\/wp\/v2\/posts"}],"about":[{"href":"https:\/\/anwalt.rocks\/arbeitsrecht\/wp-json\/wp\/v2\/types\/post"}],"author":[{"embeddable":true,"href":"https:\/\/anwalt.rocks\/arbeitsrecht\/wp-json\/wp\/v2\/users\/1"}],"replies":[{"embeddable":true,"href":"https:\/\/anwalt.rocks\/arbeitsrecht\/wp-json\/wp\/v2\/comments?post=8792"}],"version-history":[{"count":0,"href":"https:\/\/anwalt.rocks\/arbeitsrecht\/wp-json\/wp\/v2\/posts\/8792\/revisions"}],"wp:attachment":[{"href":"https:\/\/anwalt.rocks\/arbeitsrecht\/wp-json\/wp\/v2\/media?parent=8792"}],"wp:term":[{"taxonomy":"category","embeddable":true,"href":"https:\/\/anwalt.rocks\/arbeitsrecht\/wp-json\/wp\/v2\/categories?post=8792"},{"taxonomy":"post_tag","embeddable":true,"href":"https:\/\/anwalt.rocks\/arbeitsrecht\/wp-json\/wp\/v2\/tags?post=8792"}],"curies":[{"name":"wp","href":"https:\/\/api.w.org\/{rel}","templated":true}]}}