{"id":8828,"date":"2025-01-11T06:30:55","date_gmt":"2025-01-11T05:30:55","guid":{"rendered":"https:\/\/anwalt.rocks\/arbeitsrecht\/menden\/"},"modified":"2025-01-11T06:30:55","modified_gmt":"2025-01-11T05:30:55","slug":"menden","status":"publish","type":"post","link":"https:\/\/anwalt.rocks\/arbeitsrecht\/menden\/","title":{"rendered":"Rechtsanwalt Menden Spezialist f\u00fcr Arbeits- und IT Recht."},"content":{"rendered":"<span class=\"span-reading-time rt-reading-time\" style=\"display: block;\"><span class=\"rt-label rt-prefix\">Lesedauer<\/span> <span class=\"rt-time\"> 3<\/span> <span class=\"rt-label rt-postfix\">Minuten<\/span><\/span><h2>Kanzlei Dr. Stephan Schmelzer Rechtsanwalt f\u00fcr Arbeits- und IT Recht Menden.<\/h2>\n<p><a href=\"https:\/\/dr-schmelzer.eu\/arbeitsrecht\/\" target=\"_blank\" rel=\"noopener\"><img loading=\"lazy\" decoding=\"async\" src=\"https:\/\/anwalt.rocks\/bilder\/arbeitsrecht\/anwalt-arbeitsrecht-600x600.webp\" alt=\"Rechtsanwalt Menden Spezialist f\u00fcr Arbeits- und IT Recht.\" title=\"Rechtsanwalt Menden Spezialist f\u00fcr Arbeits- und IT Recht.\" width=\"600\" height=\"600\" \/><\/a> <\/p>\n<h3>Anwalt Arbeitsrecht und IT Recht Menden &#8211; Soziet\u00e4t Dr. Stephan Schmelzer.<\/h3>\n<p>Dr. Stephan Schmelzer ist bekannt f\u00fcr seine kompetente Beratung im Arbeitsrecht. Mit \u00fcber 25 Jahren Erfahrung und der Fachanwaltszulassung seit 2002 ist er auch \u00fcber Ahlen hinaus ein gefragter Experte. Seine Kanzlei, die er seit mehr als 20 Jahren leitet, steht f\u00fcr exzellente Beratung und pr\u00e4zise juristische Unterst\u00fctzung. Als Fachanwalt f\u00fcr IT- und Arbeitsrecht kombiniert Dr. Schmelzer juristische Kompetenz, die in der heutigen Arbeitswelt unverzichtbar ist. &#8211; <a title=\"Anwalt Villingen-Schwenningen\" href=\"https:\/\/anwalt.rocks\/arbeitsrecht\/villingen-schwenningen\/\">Anwalt Villingen-Schwenningen<\/a><\/p>\n<p><a href=\"https:\/\/dr-schmelzer.eu\/arbeitsrecht\/\" target=\"_blank\" rel=\"noopener\"><img loading=\"lazy\" decoding=\"async\" src=\"https:\/\/anwalt.rocks\/bilder\/arbeitsrecht\/rechtsanwalt-arbeitsrecht-600x600.webp\" alt=\"Anwalt Arbeitsrecht Menden\" title=\"Anwalt Arbeitsrecht Menden\" width=\"600\" height=\"600\" \/><\/a> <\/p>\n<h3>Soziet\u00e4t Dr. Stephan Schmelzer &#8211; Spezialist f\u00fcr Arbeitsrecht Menden.<\/h3>\n<p>IT-Recht wird unterst\u00fctzend behandelt, w\u00e4hrend der Fokus seiner Kanzlei auf dem Arbeitsrecht \u2013 national wie weltweit \u2013 liegt. Das gesamte Arbeitsrechtsspektrum wird von Dr. Schmelzer abgedeckt, mit personalisierten L\u00f6sungen f\u00fcr jede Situation. Seine pers\u00f6nliche Herangehensweise und fundierte Erfahrung machen ihn zu einem der gefragtesten Fachanw\u00e4lte in diesem Bereich. &#8211; <a title=\"Anwalt Altt\u00e4tten\" href=\"https:\/\/anwalt.rocks\/arbeitsrecht\/alttaetten\/\">Anwalt Altt\u00e4tten<\/a><\/p>\n<h3>Kompetent und durchsetzungsstark &#8211; Fest drei Jahrzehnte Anwaltserfahrung als Anwalt Menden.<\/h3>\n<p>Arbeitgeber m\u00fcssen sich heute mit vielf\u00e4ltigen rechtlichen Themen befassen, von der Vertragsgestaltung bis hin zu weitreichenden Restrukturierungen. Mit praxisnaher Beratung sorgt Dr. Schmelzer daf\u00fcr, dass Unternehmen rechtliche Probleme vermeiden und effiziente Ma\u00dfnahmen umsetzen k\u00f6nnen. Seine T\u00e4tigkeit umfasst insbesondere: &#8211; <a title=\"Anwalt Arbeitsrecht Waldershof\" href=\"https:\/\/anwalt.rocks\/arbeitsrecht\/waldershof\/\">Anwalt Arbeitsrecht Waldershof<\/a><\/p>\n<h3>Anwalt Arbeitsrecht Menden 48 \u00fcbergl\u00fcckliche Kunden.<\/h3>\n<p>Erarbeitung und Kontrolle von Arbeitsvertr\u00e4gen, die juristisch einwandfrei und zugleich flexibel gestaltet sind. Gestaltung von Arbeitszeitmodellen und Verg\u00fctungsstrukturen, die individuell auf das Unternehmen zugeschnitten sind. &#8211; <a title=\"Anwalt Arbeitsrecht Wilsdruff\" href=\"https:\/\/anwalt.rocks\/arbeitsrecht\/wilsdruff\/\">Anwalt Arbeitsrecht Wilsdruff<\/a><\/p>\n<h3>Wieso f\u00e4llt die Entscheidung auf diesen verl\u00e4sslichen Anwalt Menden:<\/h3>\n<p>Hilfestellung bei der Umsetzung von K\u00fcndigungen, die rechtlich abgesichert sind und unterschiedlichen Ursachen zugrunde liegen. Unterst\u00fctzung bei der Vermeidung rechtlicher Risiken und Begleitung durch den gesamten K\u00fcndigungsprozess.<\/p>\n<h3>Hohe Kompetenz und durchsetzungsstark.<\/h3>\n<p>Unterst\u00fctzung bei der Einbeziehung des Betriebsrats in wichtigen Entscheidungsfragen. Begleitung bei der Erstellung und rechtlichen Umsetzung von Betriebsvereinbarungen. Strategische Beratung und rechtliche Unterst\u00fctzung bei Restrukturierungen. Vertretung bei Gerichtsverfahren, darunter K\u00fcndigungsschutzklagen, Entfristungsklagen und andere arbeitsrechtliche Prozesse. Konzentration auf eine effiziente und wirkungsvolle Verteidigung der Rechte des Unternehmens.<\/p>\n<h3>Anwalt Arbeitsrecht Menden &#8211; Spezialist Dr. Schmelzer.<\/h3>\n<p>Mit seiner fundierten Erfahrung unterst\u00fctzt Dr. Schmelzer Arbeitnehmer bei ihren Anliegen. Gerade in Auseinandersetzungen erweist er sich als starker Unterst\u00fctzer, der mit gro\u00dfem Einsatz agiert. Die Schwerpunkte liegen bei:<\/p>\n<p>Vertretung bei K\u00fcndigungsschutzklagen und Unterst\u00fctzung in arbeitsgerichtlichen Prozessen. Verhandlungen \u00fcber Abfindungen und andere finanzielle Entsch\u00e4digungszahlungen. Vertretung bei K\u00fcndigungsschutzklagen und Unterst\u00fctzung in arbeitsgerichtlichen Prozessen. Verhandlungen \u00fcber Abfindungen und andere finanzielle Entsch\u00e4digungszahlungen.<\/p>\n<p>Verhandlungsf\u00fchrung \u00fcber Abfindungsh\u00f6hen und Beratung bei der Gestaltung von Aufhebungsvertr\u00e4gen. \u00dcberpr\u00fcfung und Anpassung von Arbeitszeugnissen, um rechtliche Vorgaben einzuhalten. Rechtsberatung und Prozessvertretung bei Zeugnisklagen zur Sicherung einer fairen Bewertung. Erhebliche Kosteneinsparung Hilfe bei der Durchsetzung von Anspr\u00fcchen auf Lohn- und Gehaltszahlungen. Unterst\u00fctzung in F\u00e4llen von Entgeltklagen und Streitigkeiten um \u00dcberstundenverg\u00fctung. \u00dcberpr\u00fcfung von Abmahnungen und Erarbeitung von Strategien zur Gegenwehr bei unbegr\u00fcndeten Vorw\u00fcrfen.<\/p>\n<h4>Betreuung f\u00fcr Arbeitgeber f\u00fcr Anwalt Arbeitsrecht Menden.<\/h4>\n<p>Restrukturierung und die Beilegung von Konflikten sind zentrale Themen von Dr. Schmelzer. Die Beratung von Unternehmen w\u00e4hrend Restrukturierungsma\u00dfnahmen geh\u00f6rt zu den Fachbereichen von Dr. Schmelzer. Diese T\u00e4tigkeiten verlangen juristisches Fachwissen, Verhandlungsverm\u00f6gen und wirtschaftliches Know-how.<\/p>\n<p>Anwalt Menden Folgerung: Dr. Schmelzer unterst\u00fctzt Unternehmen mit gro\u00dfer Kompetenz bei der Erstellung und Verhandlung von Sozialpl\u00e4nen und Interessenausgleichen. Ziel ist es stets, eine f\u00fcr alle Parteien annehmbare L\u00f6sung zu finden. Dr. Schmelzers strategisches Geschick und tiefgreifendes Wissen machen ihn zu einem wertvollen Partner bei Verhandlungen mit Gewerkschaften und Betriebsr\u00e4ten.<\/p>\n<p>Jeder Fall stellt f\u00fcr den Fachanwalt f\u00fcr Arbeitsrecht eine individuelle Aufgabe dar, die besonderes Augenmerk verdient. F\u00fcr Dr. Schmelzer hat die Zufriedenheit seiner Mandanten h\u00f6chste Priorit\u00e4t \u2013 ob durch au\u00dfergerichtliche L\u00f6sungen oder durch gerichtliche Schritte. Dabei setzt er auf klare Kommunikation und eine enge Partnerschaft mit seinen Mandanten. Dr. Schmelzer legt gr\u00f6\u00dften Wert darauf, die Zufriedenheit seiner Mandanten sicherzustellen. Sowohl seine Erfolge als auch das Lob seiner Mandanten sprechen f\u00fcr seine professionelle und l\u00f6sungsorientierte Vorgehensweise. Mit Dr. Stephan Schmelzer steht Ihnen ein zuverl\u00e4ssiger Partner zur Verf\u00fcgung, der sowohl Arbeitnehmer als auch Arbeitgeber fachkundig und engagiert ber\u00e4t.<\/p>\n<article class=\"contact contact-list post-2628 profile type-profile status-publish has-post-thumbnail hentry\" data-contact=\"2628\">\n    \n    <div class=\"media\">\n        <div class=\"media-left\">\n            <a  href=\"#\" data-toggle=\"modal\" data-target=\"#ContactModal\"  title=\"Sandra B., 39 Jahre, aus Bremen jetzt Kontakt aufnehmen!\">\n                <img loading=\"lazy\" decoding=\"async\" width=\"500\" height=\"500\" src=\"https:\/\/anwalt.rocks\/arbeitsrecht\/wp-content\/uploads\/sites\/2\/2025\/01\/meinung-10.jpg\" class=\"contact-image media-object wp-post-image\" alt=\"Sandra B., 39 Jahre, aus Bremen\" srcset=\"https:\/\/anwalt.rocks\/arbeitsrecht\/wp-content\/uploads\/sites\/2\/2025\/01\/meinung-10.jpg 500w, https:\/\/anwalt.rocks\/arbeitsrecht\/wp-content\/uploads\/sites\/2\/2025\/01\/meinung-10-300x300.jpg 300w, https:\/\/anwalt.rocks\/arbeitsrecht\/wp-content\/uploads\/sites\/2\/2025\/01\/meinung-10-150x150.jpg 150w\" sizes=\"auto, (max-width: 500px) 100vw, 500px\" \/>            <\/a>\n        <\/div>\n\n        <div class=\"media-body\">\n                        <p class=\"h2 media-heading\">\n                <a  href=\"#\" data-toggle=\"modal\" data-target=\"#ContactModal\"  title=\"Sandra B., 39 Jahre, aus Bremen jetzt Kontakt aufnehmen!\">\n                    <span class=\"contact-name\">Sandra B., 39 Jahre, aus Bremen<\/span>\n                <\/a>\n\n                <span class=\"contact-text\"><\/span> <span class=\"contact-city\"><a href=\"https:\/\/anwalt.rocks\/arbeitsrecht\/region\/bamberg-bichl\/\">Anwalt Arbeitsrecht Bamberg Bichl<\/a><\/span>            <\/p>\n\n            <div class=\"quote\"><p>Herr Schmelzer ist einfach unglaublich! In meinem Fall ging es um eine ungerechtfertigte Versetzung in eine andere Stadt. Er erkannte sofort, dass mein Arbeitgeber hier gegen geltendes Arbeitsrecht versto\u00dfen hatte, und setzte meine Interessen kompromisslos durch. Was mir besonders gefallen &hellip;<\/p><\/div>\n            <a class=\"btn btn-cta\"  href=\"#\" data-toggle=\"modal\" data-target=\"#ContactModal\"  title=\"Sandra B., 39 Jahre, aus Bremen jetzt Kontakt aufnehmen!\">\n                Nachricht senden            <\/a>\n        <\/div>\n    <\/div>\n<\/article><article class=\"contact contact-list post-2634 profile type-profile status-publish has-post-thumbnail hentry\" data-contact=\"2634\">\n    \n    <div class=\"media\">\n        <div class=\"media-left\">\n            <a  href=\"#\" data-toggle=\"modal\" data-target=\"#ContactModal\"  title=\"Mario K. jetzt Kontakt aufnehmen!\">\n                <img loading=\"lazy\" decoding=\"async\" width=\"500\" height=\"500\" src=\"https:\/\/anwalt.rocks\/arbeitsrecht\/wp-content\/uploads\/sites\/2\/2025\/01\/meinung-12.jpg\" class=\"contact-image media-object wp-post-image\" alt=\"Mario K.\" srcset=\"https:\/\/anwalt.rocks\/arbeitsrecht\/wp-content\/uploads\/sites\/2\/2025\/01\/meinung-12.jpg 500w, https:\/\/anwalt.rocks\/arbeitsrecht\/wp-content\/uploads\/sites\/2\/2025\/01\/meinung-12-300x300.jpg 300w, https:\/\/anwalt.rocks\/arbeitsrecht\/wp-content\/uploads\/sites\/2\/2025\/01\/meinung-12-150x150.jpg 150w\" sizes=\"auto, (max-width: 500px) 100vw, 500px\" \/>            <\/a>\n        <\/div>\n\n        <div class=\"media-body\">\n                        <p class=\"h2 media-heading\">\n                <a  href=\"#\" data-toggle=\"modal\" data-target=\"#ContactModal\"  title=\"Mario K. jetzt Kontakt aufnehmen!\">\n                    <span class=\"contact-name\">Mario K.<\/span>\n                <\/a>\n\n                <span class=\"contact-text\"><\/span> <span class=\"contact-city\"><a href=\"https:\/\/anwalt.rocks\/arbeitsrecht\/region\/frielendorf\/\">Anwalt Arbeitsrecht Frielendorf<\/a><\/span>            <\/p>\n\n            <div class=\"quote\"><p>Dieser Anwalt wurde mir empfohlen, als ich Probleme mit der Auszahlung meines Urlaubsanspruchs hatte. Er hat meinen Arbeitgeber schnell und effektiv zur Zahlung gebracht. Sein Fachwissen im Arbeitsrecht und sein strategisches Vorgehen waren hervorragend. Ich werde ihn definitiv weiterempfehlen!&hellip;<\/p><\/div>\n            <a class=\"btn btn-cta\"  href=\"#\" data-toggle=\"modal\" data-target=\"#ContactModal\"  title=\"Mario K. jetzt Kontakt aufnehmen!\">\n                Nachricht senden            <\/a>\n        <\/div>\n    <\/div>\n<\/article><article class=\"contact contact-list post-2615 profile type-profile status-publish has-post-thumbnail hentry\" data-contact=\"2615\">\n    \n    <div class=\"media\">\n        <div class=\"media-left\">\n            <a  href=\"#\" data-toggle=\"modal\" data-target=\"#ContactModal\"  title=\"Julia F., 25 Jahre, aus Dresden jetzt Kontakt aufnehmen!\">\n                <img loading=\"lazy\" decoding=\"async\" width=\"500\" height=\"500\" src=\"https:\/\/anwalt.rocks\/arbeitsrecht\/wp-content\/uploads\/sites\/2\/2025\/01\/meinung-06.jpg\" class=\"contact-image media-object wp-post-image\" alt=\"Julia F., 25 Jahre, aus Dresden\" srcset=\"https:\/\/anwalt.rocks\/arbeitsrecht\/wp-content\/uploads\/sites\/2\/2025\/01\/meinung-06.jpg 500w, https:\/\/anwalt.rocks\/arbeitsrecht\/wp-content\/uploads\/sites\/2\/2025\/01\/meinung-06-300x300.jpg 300w, https:\/\/anwalt.rocks\/arbeitsrecht\/wp-content\/uploads\/sites\/2\/2025\/01\/meinung-06-150x150.jpg 150w\" sizes=\"auto, (max-width: 500px) 100vw, 500px\" \/>            <\/a>\n        <\/div>\n\n        <div class=\"media-body\">\n                        <p class=\"h2 media-heading\">\n                <a  href=\"#\" data-toggle=\"modal\" data-target=\"#ContactModal\"  title=\"Julia F., 25 Jahre, aus Dresden jetzt Kontakt aufnehmen!\">\n                    <span class=\"contact-name\">Julia F., 25 Jahre, aus Dresden<\/span>\n                <\/a>\n\n                <span class=\"contact-text\"><\/span> <span class=\"contact-city\"><a href=\"https:\/\/anwalt.rocks\/arbeitsrecht\/region\/koeckte-bei-gardelegen\/\">Anwalt Arbeitsrecht K\u00f6ckte bei Gardelegen<\/a><\/span>            <\/p>\n\n            <div class=\"quote\"><p>Dr. Schmelzer hat mir wirklich das Leben erleichtert! Mein Arbeitgeber wollte mir pl\u00f6tzlich weniger Gehalt zahlen, obwohl mein Vertrag etwas anderes vorsah. Dieser tolle Anwalt hat meinen Fall \u00fcbernommen und schnell eine L\u00f6sung gefunden. Sein Wissen im Arbeitsrecht ist beeindruckend, &hellip;<\/p><\/div>\n            <a class=\"btn btn-cta\"  href=\"#\" data-toggle=\"modal\" data-target=\"#ContactModal\"  title=\"Julia F., 25 Jahre, aus Dresden jetzt Kontakt aufnehmen!\">\n                Nachricht senden            <\/a>\n        <\/div>\n    <\/div>\n<\/article><article class=\"contact contact-list post-2619 profile type-profile status-publish has-post-thumbnail hentry\" data-contact=\"2619\">\n    \n    <div class=\"media\">\n        <div class=\"media-left\">\n            <a  href=\"#\" data-toggle=\"modal\" data-target=\"#ContactModal\"  title=\"Kathrin S., 37 Jahre, aus K\u00f6ln jetzt Kontakt aufnehmen!\">\n                <img loading=\"lazy\" decoding=\"async\" width=\"500\" height=\"500\" src=\"https:\/\/anwalt.rocks\/arbeitsrecht\/wp-content\/uploads\/sites\/2\/2025\/01\/meinung-07.jpg\" class=\"contact-image media-object wp-post-image\" alt=\"Kathrin S., 37 Jahre, aus K\u00f6ln\" srcset=\"https:\/\/anwalt.rocks\/arbeitsrecht\/wp-content\/uploads\/sites\/2\/2025\/01\/meinung-07.jpg 500w, https:\/\/anwalt.rocks\/arbeitsrecht\/wp-content\/uploads\/sites\/2\/2025\/01\/meinung-07-300x300.jpg 300w, https:\/\/anwalt.rocks\/arbeitsrecht\/wp-content\/uploads\/sites\/2\/2025\/01\/meinung-07-150x150.jpg 150w\" sizes=\"auto, (max-width: 500px) 100vw, 500px\" \/>            <\/a>\n        <\/div>\n\n        <div class=\"media-body\">\n                        <p class=\"h2 media-heading\">\n                <a  href=\"#\" data-toggle=\"modal\" data-target=\"#ContactModal\"  title=\"Kathrin S., 37 Jahre, aus K\u00f6ln jetzt Kontakt aufnehmen!\">\n                    <span class=\"contact-name\">Kathrin S., 37 Jahre, aus K\u00f6ln<\/span>\n                <\/a>\n\n                <span class=\"contact-text\"><\/span> <span class=\"contact-city\"><a href=\"https:\/\/anwalt.rocks\/arbeitsrecht\/region\/dechow\/\">Anwalt Arbeitsrecht Dechow<\/a><\/span>            <\/p>\n\n            <div class=\"quote\"><p>Nachdem ich \u00fcber viele Jahre hinweg \u00dcberstunden gemacht hatte, wollte ich endlich eine faire Bezahlung daf\u00fcr. Mein Arbeitgeber stellte sich quer, doch Herr Dr. Schmelzer konnte meine Anspr\u00fcche durchsetzen. Er ging sehr strukturiert vor und erkl\u00e4rte mir alles in Ruhe. &hellip;<\/p><\/div>\n            <a class=\"btn btn-cta\"  href=\"#\" data-toggle=\"modal\" data-target=\"#ContactModal\"  title=\"Kathrin S., 37 Jahre, aus K\u00f6ln jetzt Kontakt aufnehmen!\">\n                Nachricht senden            <\/a>\n        <\/div>\n    <\/div>\n<\/article><article class=\"contact contact-list post-2603 profile type-profile status-publish has-post-thumbnail hentry\" data-contact=\"2603\">\n    \n    <div class=\"media\">\n        <div class=\"media-left\">\n            <a  href=\"#\" data-toggle=\"modal\" data-target=\"#ContactModal\"  title=\"Lisa K., 41 Jahre, aus Berlin jetzt Kontakt aufnehmen!\">\n                <img loading=\"lazy\" decoding=\"async\" width=\"500\" height=\"500\" src=\"https:\/\/anwalt.rocks\/arbeitsrecht\/wp-content\/uploads\/sites\/2\/2025\/01\/meinung-02.jpg\" class=\"contact-image media-object wp-post-image\" alt=\"Lisa K., 41 Jahre, aus Berlin\" srcset=\"https:\/\/anwalt.rocks\/arbeitsrecht\/wp-content\/uploads\/sites\/2\/2025\/01\/meinung-02.jpg 500w, https:\/\/anwalt.rocks\/arbeitsrecht\/wp-content\/uploads\/sites\/2\/2025\/01\/meinung-02-300x300.jpg 300w, https:\/\/anwalt.rocks\/arbeitsrecht\/wp-content\/uploads\/sites\/2\/2025\/01\/meinung-02-150x150.jpg 150w\" sizes=\"auto, (max-width: 500px) 100vw, 500px\" \/>            <\/a>\n        <\/div>\n\n        <div class=\"media-body\">\n                        <p class=\"h2 media-heading\">\n                <a  href=\"#\" data-toggle=\"modal\" data-target=\"#ContactModal\"  title=\"Lisa K., 41 Jahre, aus Berlin jetzt Kontakt aufnehmen!\">\n                    <span class=\"contact-name\">Lisa K., 41 Jahre, aus Berlin<\/span>\n                <\/a>\n\n                <span class=\"contact-text\"><\/span> <span class=\"contact-city\"><a href=\"https:\/\/anwalt.rocks\/arbeitsrecht\/region\/dunum\/\">Anwalt Arbeitsrecht Dunum<\/a><\/span>            <\/p>\n\n            <div class=\"quote\"><p>Ich bin so froh, dass ich Herrn Dr. Schmelzer gefunden habe! Nach 15 Jahren im gleichen Unternehmen wurde ich pl\u00f6tzlich gek\u00fcndigt \u2013 angeblich wegen betrieblicher Umst\u00e4nde. Dr. Schmelzer hat sofort erkannt, dass die K\u00fcndigung unwirksam war, und hat einen wirklich &hellip;<\/p><\/div>\n            <a class=\"btn btn-cta\"  href=\"#\" data-toggle=\"modal\" data-target=\"#ContactModal\"  title=\"Lisa K., 41 Jahre, aus Berlin jetzt Kontakt aufnehmen!\">\n                Nachricht senden            <\/a>\n        <\/div>\n    <\/div>\n<\/article>\n<div class=\"blogposts\"><ul><li><a href=\"https:\/\/anwalt.rocks\/arbeitsrecht\/barntrup\/\" title=\"Anwalt Barntrup Spezialist in Sachen Arbeits- und IT Recht.\">Anwalt Barntrup Spezialist in Sachen Arbeits- und IT Recht.<\/a><\/li><li><a href=\"https:\/\/anwalt.rocks\/arbeitsrecht\/zweibruecken\/\" title=\"Kanzlei Dr. Stephan Schmelzer Rechtsanwalt Arbeitsrecht Zweibr\u00fccken.\">Kanzlei Dr. Stephan Schmelzer Rechtsanwalt Arbeitsrecht Zweibr\u00fccken.<\/a><\/li><li><a href=\"https:\/\/anwalt.rocks\/arbeitsrecht\/wettingen\/\" title=\"Anwalt Wettingen f\u00fcr Arbeitsrecht.\">Anwalt Wettingen f\u00fcr Arbeitsrecht.<\/a><\/li><li><a href=\"https:\/\/anwalt.rocks\/arbeitsrecht\/volketswil\/\" title=\"Rechtsanwalt Volketswil Fachanwalt f\u00fcr Arbeitsrecht.\">Rechtsanwalt Volketswil Fachanwalt f\u00fcr Arbeitsrecht.<\/a><\/li><li><a href=\"https:\/\/anwalt.rocks\/arbeitsrecht\/hammelburg\/\" title=\"Anwalt Hammelburg Fachanwalt im Bereich Arbeits- und IT Recht.\">Anwalt Hammelburg Fachanwalt im Bereich Arbeits- und IT Recht.<\/a><\/li><li><a href=\"https:\/\/anwalt.rocks\/arbeitsrecht\/gruenhain-beierfeld\/\" title=\"Anwalt Arbeitsrecht Gr\u00fcnhain Beierfeld &#8211; Schon mehr als 44 \u00fcbergl\u00fcckliche Mandanten.\">Anwalt Arbeitsrecht Gr\u00fcnhain Beierfeld &#8211; Schon mehr als 44 \u00fcbergl\u00fcckliche Mandanten.<\/a><\/li><li><a href=\"https:\/\/anwalt.rocks\/arbeitsrecht\/schwabing\/\" title=\"Anwalt Schwabing Arbeitsrecht Betreuung f\u00fcr Arbeitgeber sowie Arbeitnehmer.\">Anwalt Schwabing Arbeitsrecht Betreuung f\u00fcr Arbeitgeber sowie Arbeitnehmer.<\/a><\/li><\/ul><\/div>\n","protected":false},"excerpt":{"rendered":"<h2>Fachanwalt Dr. Schmelzer bzgl. Arbeitsrecht Schwabing und Lohnfortzahlung im Krankheitsfall.<\/h2>\n<p><a href=\"https:\/\/dr-schmelzer.eu\/arbeitsrecht\/\" target=\"_blank\" rel=\"noopener\"><img loading=\"lazy\" decoding=\"async\" src=\"https:\/\/anwalt.rocks\/bilder\/arbeitsrecht\/anwalt-arbeitsrecht-600x600.webp\" alt=\"Anwalt Schwabing Arbeitsrecht Betreuung f\u00fcr Arbeitgeber sowie Arbeitnehmer.\" title=\"Anwalt Schwabing Arbeitsrecht Betreuung f\u00fcr Arbeitgeber sowie Arbeitnehmer.\" width=\"600\" height=\"600\" \/><\/a> <\/p>\n<h3>Anwalt IT- und Arbeitsrecht Schwabing &#8211; Anwaltskanzlei Dr. Stephan Schmelzer.<\/h3>\n<p>Wenn es um Arbeitsrecht geht, ist Dr. Stephan Schmelzer der ideale Ansprechpartner. Mit einer Fachanwaltszulassung seit 2002 hat er sich &hellip;<\/p>","protected":false},"author":1,"featured_media":0,"comment_status":"closed","ping_status":"open","sticky":false,"template":"","format":"standard","meta":{"footnotes":""},"categories":[3],"tags":[],"class_list":["post-8828","post","type-post","status-publish","format-standard","hentry","category-fachanwalt"],"yoast_head":"<!-- This site is optimized with the Yoast SEO Premium plugin v27.1 (Yoast SEO v27.2) - https:\/\/yoast.com\/product\/yoast-seo-premium-wordpress\/ -->\n<title>Rechtsanwalt Menden Spezialist f\u00fcr Arbeits- und IT Recht.<\/title>\n<meta name=\"robots\" content=\"index, follow, max-snippet:-1, max-image-preview:large, max-video-preview:-1\" \/>\n<link rel=\"canonical\" href=\"https:\/\/anwalt.rocks\/arbeitsrecht\/menden\/\" \/>\n<meta property=\"og:locale\" content=\"de_DE\" \/>\n<meta property=\"og:type\" content=\"article\" \/>\n<meta property=\"og:title\" content=\"Rechtsanwalt Menden Spezialist f\u00fcr Arbeits- und IT Recht.\" \/>\n<meta property=\"og:description\" content=\"Fachanwalt Dr. Schmelzer bzgl. Arbeitsrecht Schwabing und Lohnfortzahlung im Krankheitsfall.  Anwalt IT- und Arbeitsrecht Schwabing &#8211; Anwaltskanzlei Dr. Stephan Schmelzer. Wenn es um Arbeitsrecht geht, ist Dr. Stephan Schmelzer der ideale Ansprechpartner. Mit einer Fachanwaltszulassung seit 2002 hat er sich &hellip;\" \/>\n<meta property=\"og:url\" content=\"https:\/\/anwalt.rocks\/arbeitsrecht\/menden\/\" \/>\n<meta property=\"og:site_name\" content=\"Anwalt Arbeitsrecht in der N\u00e4he - Dr. Schmelzer\" \/>\n<meta property=\"article:published_time\" content=\"2025-01-11T05:30:55+00:00\" \/>\n<meta property=\"og:image\" content=\"https:\/\/anwalt.rocks\/bilder\/arbeitsrecht\/anwalt-arbeitsrecht-600x600.webp\" \/>\n<meta name=\"author\" content=\"admin\" \/>\n<meta name=\"twitter:card\" content=\"summary_large_image\" \/>\n<meta name=\"twitter:label1\" content=\"Verfasst von\" \/>\n\t<meta name=\"twitter:data1\" content=\"admin\" \/>\n\t<meta name=\"twitter:label2\" content=\"Gesch\u00e4tzte Lesezeit\" \/>\n\t<meta name=\"twitter:data2\" content=\"4\u00a0Minuten\" \/>\n<script type=\"application\/ld+json\" class=\"yoast-schema-graph\">{\"@context\":\"https:\/\/schema.org\",\"@graph\":[{\"@type\":\"Article\",\"@id\":\"https:\/\/anwalt.rocks\/arbeitsrecht\/menden\/#article\",\"isPartOf\":{\"@id\":\"https:\/\/anwalt.rocks\/arbeitsrecht\/menden\/\"},\"author\":{\"name\":\"admin\",\"@id\":\"https:\/\/anwalt.rocks\/arbeitsrecht\/#\/schema\/person\/3fd3b0fc4df170bb2460fbc934288e39\"},\"headline\":\"Rechtsanwalt Menden Spezialist f\u00fcr Arbeits- und IT Recht.\",\"datePublished\":\"2025-01-11T05:30:55+00:00\",\"mainEntityOfPage\":{\"@id\":\"https:\/\/anwalt.rocks\/arbeitsrecht\/menden\/\"},\"wordCount\":739,\"publisher\":{\"@id\":\"https:\/\/anwalt.rocks\/arbeitsrecht\/#organization\"},\"image\":{\"@id\":\"https:\/\/anwalt.rocks\/arbeitsrecht\/menden\/#primaryimage\"},\"thumbnailUrl\":\"https:\/\/anwalt.rocks\/bilder\/arbeitsrecht\/anwalt-arbeitsrecht-600x600.webp\",\"articleSection\":[\"Fachanwalt\"],\"inLanguage\":\"de\"},{\"@type\":\"WebPage\",\"@id\":\"https:\/\/anwalt.rocks\/arbeitsrecht\/menden\/\",\"url\":\"https:\/\/anwalt.rocks\/arbeitsrecht\/menden\/\",\"name\":\"Rechtsanwalt Menden Spezialist f\u00fcr Arbeits- und IT Recht.\",\"isPartOf\":{\"@id\":\"https:\/\/anwalt.rocks\/arbeitsrecht\/#website\"},\"primaryImageOfPage\":{\"@id\":\"https:\/\/anwalt.rocks\/arbeitsrecht\/menden\/#primaryimage\"},\"image\":{\"@id\":\"https:\/\/anwalt.rocks\/arbeitsrecht\/menden\/#primaryimage\"},\"thumbnailUrl\":\"https:\/\/anwalt.rocks\/bilder\/arbeitsrecht\/anwalt-arbeitsrecht-600x600.webp\",\"datePublished\":\"2025-01-11T05:30:55+00:00\",\"breadcrumb\":{\"@id\":\"https:\/\/anwalt.rocks\/arbeitsrecht\/menden\/#breadcrumb\"},\"inLanguage\":\"de\",\"potentialAction\":[{\"@type\":\"ReadAction\",\"target\":[\"https:\/\/anwalt.rocks\/arbeitsrecht\/menden\/\"]}]},{\"@type\":\"ImageObject\",\"inLanguage\":\"de\",\"@id\":\"https:\/\/anwalt.rocks\/arbeitsrecht\/menden\/#primaryimage\",\"url\":\"https:\/\/anwalt.rocks\/bilder\/arbeitsrecht\/anwalt-arbeitsrecht-600x600.webp\",\"contentUrl\":\"https:\/\/anwalt.rocks\/bilder\/arbeitsrecht\/anwalt-arbeitsrecht-600x600.webp\"},{\"@type\":\"BreadcrumbList\",\"@id\":\"https:\/\/anwalt.rocks\/arbeitsrecht\/menden\/#breadcrumb\",\"itemListElement\":[{\"@type\":\"ListItem\",\"position\":1,\"name\":\"Start\",\"item\":\"https:\/\/anwalt.rocks\/arbeitsrecht\/\"},{\"@type\":\"ListItem\",\"position\":2,\"name\":\"Rechtsanwalt Menden Spezialist f\u00fcr Arbeits- und IT Recht.\"}]},{\"@type\":\"WebSite\",\"@id\":\"https:\/\/anwalt.rocks\/arbeitsrecht\/#website\",\"url\":\"https:\/\/anwalt.rocks\/arbeitsrecht\/\",\"name\":\"Anwalt Arbeitsrecht in der N\u00e4he - Dr. Schmelzer\",\"description\":\"Kompetenzen und Vorteile von Dr. Stephan Schmelzer \u2013 Anwalt und Fachanwalt f\u00fcr Arbeitsrecht mit 25 j\u00e4hriger Berufspraxis.\",\"publisher\":{\"@id\":\"https:\/\/anwalt.rocks\/arbeitsrecht\/#organization\"},\"potentialAction\":[{\"@type\":\"SearchAction\",\"target\":{\"@type\":\"EntryPoint\",\"urlTemplate\":\"https:\/\/anwalt.rocks\/arbeitsrecht\/?s={search_term_string}\"},\"query-input\":{\"@type\":\"PropertyValueSpecification\",\"valueRequired\":true,\"valueName\":\"search_term_string\"}}],\"inLanguage\":\"de\"},{\"@type\":\"Organization\",\"@id\":\"https:\/\/anwalt.rocks\/arbeitsrecht\/#organization\",\"name\":\"Kanzlei Dr. Schmelzer\",\"url\":\"https:\/\/anwalt.rocks\/arbeitsrecht\/\",\"logo\":{\"@type\":\"ImageObject\",\"inLanguage\":\"de\",\"@id\":\"https:\/\/anwalt.rocks\/arbeitsrecht\/#\/schema\/logo\/image\/\",\"url\":\"https:\/\/anwalt.rocks\/arbeitsrecht\/wp-content\/uploads\/sites\/2\/2025\/01\/anwalt-arbeitsrecht-logo.png\",\"contentUrl\":\"https:\/\/anwalt.rocks\/arbeitsrecht\/wp-content\/uploads\/sites\/2\/2025\/01\/anwalt-arbeitsrecht-logo.png\",\"width\":450,\"height\":150,\"caption\":\"Kanzlei Dr. Schmelzer\"},\"image\":{\"@id\":\"https:\/\/anwalt.rocks\/arbeitsrecht\/#\/schema\/logo\/image\/\"}},{\"@type\":\"Person\",\"@id\":\"https:\/\/anwalt.rocks\/arbeitsrecht\/#\/schema\/person\/3fd3b0fc4df170bb2460fbc934288e39\",\"name\":\"admin\",\"image\":{\"@type\":\"ImageObject\",\"inLanguage\":\"de\",\"@id\":\"https:\/\/secure.gravatar.com\/avatar\/2a567a722e62dc61f1aaa46c6b595fa617f2003443806e3422a8fed77c029cfc?s=96&d=mm&r=g\",\"url\":\"https:\/\/secure.gravatar.com\/avatar\/2a567a722e62dc61f1aaa46c6b595fa617f2003443806e3422a8fed77c029cfc?s=96&d=mm&r=g\",\"contentUrl\":\"https:\/\/secure.gravatar.com\/avatar\/2a567a722e62dc61f1aaa46c6b595fa617f2003443806e3422a8fed77c029cfc?s=96&d=mm&r=g\",\"caption\":\"admin\"},\"sameAs\":[\"https:\/\/anwalt.rocks\"],\"url\":\"https:\/\/anwalt.rocks\/arbeitsrecht\/author\/admin\/\"}]}<\/script>\n<!-- \/ Yoast SEO Premium plugin. -->","yoast_head_json":{"title":"Rechtsanwalt Menden Spezialist f\u00fcr Arbeits- und IT Recht.","robots":{"index":"index","follow":"follow","max-snippet":"max-snippet:-1","max-image-preview":"max-image-preview:large","max-video-preview":"max-video-preview:-1"},"canonical":"https:\/\/anwalt.rocks\/arbeitsrecht\/menden\/","og_locale":"de_DE","og_type":"article","og_title":"Rechtsanwalt Menden Spezialist f\u00fcr Arbeits- und IT Recht.","og_description":"Fachanwalt Dr. Schmelzer bzgl. Arbeitsrecht Schwabing und Lohnfortzahlung im Krankheitsfall.  Anwalt IT- und Arbeitsrecht Schwabing &#8211; Anwaltskanzlei Dr. Stephan Schmelzer. Wenn es um Arbeitsrecht geht, ist Dr. Stephan Schmelzer der ideale Ansprechpartner. Mit einer Fachanwaltszulassung seit 2002 hat er sich &hellip;","og_url":"https:\/\/anwalt.rocks\/arbeitsrecht\/menden\/","og_site_name":"Anwalt Arbeitsrecht in der N\u00e4he - Dr. Schmelzer","article_published_time":"2025-01-11T05:30:55+00:00","og_image":[{"url":"https:\/\/anwalt.rocks\/bilder\/arbeitsrecht\/anwalt-arbeitsrecht-600x600.webp","type":"","width":"","height":""}],"author":"admin","twitter_card":"summary_large_image","twitter_misc":{"Verfasst von":"admin","Gesch\u00e4tzte Lesezeit":"4\u00a0Minuten"},"schema":{"@context":"https:\/\/schema.org","@graph":[{"@type":"Article","@id":"https:\/\/anwalt.rocks\/arbeitsrecht\/menden\/#article","isPartOf":{"@id":"https:\/\/anwalt.rocks\/arbeitsrecht\/menden\/"},"author":{"name":"admin","@id":"https:\/\/anwalt.rocks\/arbeitsrecht\/#\/schema\/person\/3fd3b0fc4df170bb2460fbc934288e39"},"headline":"Rechtsanwalt Menden Spezialist f\u00fcr Arbeits- und IT Recht.","datePublished":"2025-01-11T05:30:55+00:00","mainEntityOfPage":{"@id":"https:\/\/anwalt.rocks\/arbeitsrecht\/menden\/"},"wordCount":739,"publisher":{"@id":"https:\/\/anwalt.rocks\/arbeitsrecht\/#organization"},"image":{"@id":"https:\/\/anwalt.rocks\/arbeitsrecht\/menden\/#primaryimage"},"thumbnailUrl":"https:\/\/anwalt.rocks\/bilder\/arbeitsrecht\/anwalt-arbeitsrecht-600x600.webp","articleSection":["Fachanwalt"],"inLanguage":"de"},{"@type":"WebPage","@id":"https:\/\/anwalt.rocks\/arbeitsrecht\/menden\/","url":"https:\/\/anwalt.rocks\/arbeitsrecht\/menden\/","name":"Rechtsanwalt Menden Spezialist f\u00fcr Arbeits- und IT Recht.","isPartOf":{"@id":"https:\/\/anwalt.rocks\/arbeitsrecht\/#website"},"primaryImageOfPage":{"@id":"https:\/\/anwalt.rocks\/arbeitsrecht\/menden\/#primaryimage"},"image":{"@id":"https:\/\/anwalt.rocks\/arbeitsrecht\/menden\/#primaryimage"},"thumbnailUrl":"https:\/\/anwalt.rocks\/bilder\/arbeitsrecht\/anwalt-arbeitsrecht-600x600.webp","datePublished":"2025-01-11T05:30:55+00:00","breadcrumb":{"@id":"https:\/\/anwalt.rocks\/arbeitsrecht\/menden\/#breadcrumb"},"inLanguage":"de","potentialAction":[{"@type":"ReadAction","target":["https:\/\/anwalt.rocks\/arbeitsrecht\/menden\/"]}]},{"@type":"ImageObject","inLanguage":"de","@id":"https:\/\/anwalt.rocks\/arbeitsrecht\/menden\/#primaryimage","url":"https:\/\/anwalt.rocks\/bilder\/arbeitsrecht\/anwalt-arbeitsrecht-600x600.webp","contentUrl":"https:\/\/anwalt.rocks\/bilder\/arbeitsrecht\/anwalt-arbeitsrecht-600x600.webp"},{"@type":"BreadcrumbList","@id":"https:\/\/anwalt.rocks\/arbeitsrecht\/menden\/#breadcrumb","itemListElement":[{"@type":"ListItem","position":1,"name":"Start","item":"https:\/\/anwalt.rocks\/arbeitsrecht\/"},{"@type":"ListItem","position":2,"name":"Rechtsanwalt Menden Spezialist f\u00fcr Arbeits- und IT Recht."}]},{"@type":"WebSite","@id":"https:\/\/anwalt.rocks\/arbeitsrecht\/#website","url":"https:\/\/anwalt.rocks\/arbeitsrecht\/","name":"Anwalt Arbeitsrecht in der N\u00e4he - Dr. Schmelzer","description":"Kompetenzen und Vorteile von Dr. Stephan Schmelzer \u2013 Anwalt und Fachanwalt f\u00fcr Arbeitsrecht mit 25 j\u00e4hriger Berufspraxis.","publisher":{"@id":"https:\/\/anwalt.rocks\/arbeitsrecht\/#organization"},"potentialAction":[{"@type":"SearchAction","target":{"@type":"EntryPoint","urlTemplate":"https:\/\/anwalt.rocks\/arbeitsrecht\/?s={search_term_string}"},"query-input":{"@type":"PropertyValueSpecification","valueRequired":true,"valueName":"search_term_string"}}],"inLanguage":"de"},{"@type":"Organization","@id":"https:\/\/anwalt.rocks\/arbeitsrecht\/#organization","name":"Kanzlei Dr. Schmelzer","url":"https:\/\/anwalt.rocks\/arbeitsrecht\/","logo":{"@type":"ImageObject","inLanguage":"de","@id":"https:\/\/anwalt.rocks\/arbeitsrecht\/#\/schema\/logo\/image\/","url":"https:\/\/anwalt.rocks\/arbeitsrecht\/wp-content\/uploads\/sites\/2\/2025\/01\/anwalt-arbeitsrecht-logo.png","contentUrl":"https:\/\/anwalt.rocks\/arbeitsrecht\/wp-content\/uploads\/sites\/2\/2025\/01\/anwalt-arbeitsrecht-logo.png","width":450,"height":150,"caption":"Kanzlei Dr. Schmelzer"},"image":{"@id":"https:\/\/anwalt.rocks\/arbeitsrecht\/#\/schema\/logo\/image\/"}},{"@type":"Person","@id":"https:\/\/anwalt.rocks\/arbeitsrecht\/#\/schema\/person\/3fd3b0fc4df170bb2460fbc934288e39","name":"admin","image":{"@type":"ImageObject","inLanguage":"de","@id":"https:\/\/secure.gravatar.com\/avatar\/2a567a722e62dc61f1aaa46c6b595fa617f2003443806e3422a8fed77c029cfc?s=96&d=mm&r=g","url":"https:\/\/secure.gravatar.com\/avatar\/2a567a722e62dc61f1aaa46c6b595fa617f2003443806e3422a8fed77c029cfc?s=96&d=mm&r=g","contentUrl":"https:\/\/secure.gravatar.com\/avatar\/2a567a722e62dc61f1aaa46c6b595fa617f2003443806e3422a8fed77c029cfc?s=96&d=mm&r=g","caption":"admin"},"sameAs":["https:\/\/anwalt.rocks"],"url":"https:\/\/anwalt.rocks\/arbeitsrecht\/author\/admin\/"}]}},"_links":{"self":[{"href":"https:\/\/anwalt.rocks\/arbeitsrecht\/wp-json\/wp\/v2\/posts\/8828","targetHints":{"allow":["GET"]}}],"collection":[{"href":"https:\/\/anwalt.rocks\/arbeitsrecht\/wp-json\/wp\/v2\/posts"}],"about":[{"href":"https:\/\/anwalt.rocks\/arbeitsrecht\/wp-json\/wp\/v2\/types\/post"}],"author":[{"embeddable":true,"href":"https:\/\/anwalt.rocks\/arbeitsrecht\/wp-json\/wp\/v2\/users\/1"}],"replies":[{"embeddable":true,"href":"https:\/\/anwalt.rocks\/arbeitsrecht\/wp-json\/wp\/v2\/comments?post=8828"}],"version-history":[{"count":0,"href":"https:\/\/anwalt.rocks\/arbeitsrecht\/wp-json\/wp\/v2\/posts\/8828\/revisions"}],"wp:attachment":[{"href":"https:\/\/anwalt.rocks\/arbeitsrecht\/wp-json\/wp\/v2\/media?parent=8828"}],"wp:term":[{"taxonomy":"category","embeddable":true,"href":"https:\/\/anwalt.rocks\/arbeitsrecht\/wp-json\/wp\/v2\/categories?post=8828"},{"taxonomy":"post_tag","embeddable":true,"href":"https:\/\/anwalt.rocks\/arbeitsrecht\/wp-json\/wp\/v2\/tags?post=8828"}],"curies":[{"name":"wp","href":"https:\/\/api.w.org\/{rel}","templated":true}]}}