{"id":8929,"date":"2025-01-07T16:36:35","date_gmt":"2025-01-07T15:36:35","guid":{"rendered":"https:\/\/anwalt.rocks\/arbeitsrecht\/nettetal\/"},"modified":"2025-01-07T16:36:35","modified_gmt":"2025-01-07T15:36:35","slug":"nettetal","status":"publish","type":"post","link":"https:\/\/anwalt.rocks\/arbeitsrecht\/nettetal\/","title":{"rendered":"Anwalt Nettetal f\u00fcr Arbeitsrecht."},"content":{"rendered":"<span class=\"span-reading-time rt-reading-time\" style=\"display: block;\"><span class=\"rt-label rt-prefix\">Lesedauer<\/span> <span class=\"rt-time\"> 3<\/span> <span class=\"rt-label rt-postfix\">Minuten<\/span><\/span><h2>Anwalt Nettetal &#8211; toller Arbeitseinsatz seitens Dr. Schmelzer im Hinblick auf Mindestlohn.<\/h2>\n<p><a href=\"https:\/\/dr-schmelzer.eu\/arbeitsrecht\/\" target=\"_blank\" rel=\"noopener\"><img loading=\"lazy\" decoding=\"async\" src=\"https:\/\/anwalt.rocks\/bilder\/arbeitsrecht\/anwalt-arbeitsrecht-600x600.webp\" alt=\"Anwalt Nettetal f\u00fcr Arbeitsrecht.\" title=\"Anwalt Nettetal f\u00fcr Arbeitsrecht.\" width=\"600\" height=\"600\" \/><\/a> <\/p>\n<h3>Rechtsanwalt Arbeitsrecht und IT Recht Nettetal &#8211; Soziet\u00e4t Dr. Stephan Schmelzer.<\/h3>\n<p>Ihr Experte f\u00fcr arbeitsrechtliche Fragestellungen: Dr. Stephan Schmelzer. Mit \u00fcber 25 Jahren juristischer Erfahrung im Arbeitsrecht ist er auch \u00fcberregional bekannt. Seine Kanzlei steht seit \u00fcber 20 Jahren f\u00fcr individuelle Beratung und juristische Pr\u00e4zision. Dr. Schmelzers Doppelqualifikation als Fachanwalt im Arbeits- und IT-Recht ist in der heutigen digitalen Arbeitswelt von hohem Nutzen. &#8211; <a title=\"Anwalt Esslingen\" href=\"https:\/\/anwalt.rocks\/arbeitsrecht\/esslingen\/\">Anwalt Esslingen<\/a><\/p>\n<p><a href=\"https:\/\/dr-schmelzer.eu\/arbeitsrecht\/\" target=\"_blank\" rel=\"noopener\"><img loading=\"lazy\" decoding=\"async\" src=\"https:\/\/anwalt.rocks\/bilder\/arbeitsrecht\/rechtsanwalt-arbeitsrecht-600x600.webp\" alt=\"Anwalt Arbeitsrecht Nettetal\" title=\"Anwalt Arbeitsrecht Nettetal\" width=\"600\" height=\"600\" \/><\/a> <\/p>\n<h3>Soziet\u00e4t Dr. Stephan Schmelzer &#8211; Fachanwalt f\u00fcr Arbeitsrecht Nettetal.<\/h3>\n<p>Seine Arbeit im IT-Recht ist eine wertvolle Erg\u00e4nzung, doch sein Hauptschwerpunkt bleibt das Arbeitsrecht mit nationalem und internationalem Fokus. Von K\u00fcndigung bis Vertragsgestaltung \u2013 Dr. Schmelzer deckt alle Aspekte des Arbeitsrechts ab und ber\u00e4t individuell. Seine pers\u00f6nliche Herangehensweise und fundierte Erfahrung machen ihn zu einem der gefragtesten Fachanw\u00e4lte in diesem Bereich. &#8211; <a title=\"Anwalt Salzburg\" href=\"https:\/\/anwalt.rocks\/arbeitsrecht\/salzburg\/\">Anwalt Salzburg<\/a><\/p>\n<h3>Kompetent und durchsetzungsstark &#8211; Seit 1998 t\u00e4tig als Fachanwalt Nettetal.<\/h3>\n<p>Rechtliche Herausforderungen f\u00fcr Arbeitgeber umfassen heute die Gestaltung von Arbeitsvertr\u00e4gen sowie komplexe Restrukturierungsma\u00dfnahmen. Mit praxisorientierter Expertise ber\u00e4t Dr. Schmelzer Unternehmen, um juristische Risiken fr\u00fchzeitig zu erkennen und effiziente L\u00f6sungen zu entwickeln. Er bietet ein breites Spektrum an Dienstleistungen, darunter: &#8211; <a title=\"Anwalt Arbeitsrecht Lippstadt\" href=\"https:\/\/anwalt.rocks\/arbeitsrecht\/lippstadt\/\">Anwalt Arbeitsrecht Lippstadt<\/a><\/p>\n<h3>Anwalt Arbeitsrecht Nettetal 38 zufriedene Mandanten.<\/h3>\n<p>Pr\u00fcfung und Erstellung von Arbeitsvertr\u00e4gen, die rechtlich sicher und gleichzeitig flexibel sind. Entwicklung ma\u00dfgeschneiderter Arbeitszeit- und Verg\u00fctungsmodelle, die den Anforderungen des Unternehmens entsprechen. &#8211; <a title=\"Anwalt Arbeitsrecht Mendig\" href=\"https:\/\/anwalt.rocks\/arbeitsrecht\/mendig\/\">Anwalt Arbeitsrecht Mendig<\/a><\/p>\n<h3>Wieso w\u00e4hlt man diesen verl\u00e4sslichen Anwalt Nettetal:<\/h3>\n<p>Unterst\u00fctzung bei der Gestaltung von rechtlich einwandfreien K\u00fcndigungen aus verschiedenen Gr\u00fcnden. Absicherung gegen juristische Risiken und umfassende Unterst\u00fctzung im K\u00fcndigungsprozess.<\/p>\n<h3>Kompetent aber auch top zuverl\u00e4ssig.<\/h3>\n<p>Juristische Beratung zur Rolle des Betriebsrats bei wesentlichen unternehmerischen Entscheidungen. Verhandlung und Abstimmung von Betriebsvereinbarungen, die praktikabel und rechtssicher sind. Strategische Beratung und rechtliche Betreuung bei komplexen Restrukturierungsprozessen. Unterst\u00fctzung bei gerichtlichen Verfahren, wie K\u00fcndigungsschutzklagen, Entfristungsklagen und anderen arbeitsrechtlichen Themen. Fokus auf eine pr\u00e4zise und erfolgreiche Wahrung unternehmerischer Rechte.<\/p>\n<h3>Anwalt Arbeitsrecht Nettetal &#8211; Fachanwalt Dr. Schmelzer.<\/h3>\n<p>Arbeitnehmer profitieren von der langj\u00e4hrigen Erfahrung von Dr. Schmelzer. Besonders in schwierigen Auseinandersetzungen ist er ein tatkr\u00e4ftiger Partner, der stets an der Seite seiner Mandanten steht. Zu den professionellen Leistungen z\u00e4hlen:<\/p>\n<p>Juristische Unterst\u00fctzung bei K\u00fcndigungsschutzklagen und Vertretung vor dem Arbeitsgericht. Verhandlungen \u00fcber Abfindungen und weitere finanzielle Ausgleichsleistungen. Juristische Unterst\u00fctzung bei K\u00fcndigungsschutzklagen und Vertretung vor dem Arbeitsgericht. Verhandlungen \u00fcber Abfindungen und weitere finanzielle Ausgleichsleistungen.<\/p>\n<p>Verhandlungsf\u00fchrung \u00fcber Abfindungsbetr\u00e4ge und rechtliche Beratung bei Aufhebungsvertr\u00e4gen. Unterst\u00fctzung bei der Bewertung und \u00dcberarbeitung von Arbeitszeugnissen. Vertretung in Zeugnisstreitigkeiten zur Wahrung einer korrekten Beurteilung. Weniger Ausgaben Hilfe bei der rechtlichen Geltendmachung von ausstehenden Lohnzahlungen. Begleitung bei Entgeltklagen und Streitigkeiten \u00fcber nicht verg\u00fctete \u00dcberstunden. \u00dcberpr\u00fcfung von Abmahnungen und Erarbeitung von L\u00f6sungswegen gegen unberechtigte Vorw\u00fcrfe.<\/p>\n<h4>Betreuung f\u00fcr Arbeitnehmer und Arbeitgeber f\u00fcr Anwalt Arbeitsrecht Nettetal.<\/h4>\n<p>Restrukturierungsma\u00dfnahmen und Konfliktl\u00f6sungsstrategien sind zentrale Kompetenzen von Dr. Schmelzer. Dr. Schmelzer bietet spezialisiertes Know-how in der Beratung von Unternehmen bei Restrukturierungen. Neben juristischem Fachwissen sind Verhandlungskompetenz und ein fundiertes Verst\u00e4ndnis wirtschaftlicher Aspekte unerl\u00e4sslich.<\/p>\n<p>Anwalt Nettetal Schlussfolgerung: Dr. Schmelzer begleitet Unternehmen bei der rechtssicheren Entwicklung und Umsetzung von Sozialpl\u00e4nen und Interessenausgleichen. Die Suche nach einer ausgewogenen und akzeptablen L\u00f6sung f\u00fcr alle Beteiligten steht im Fokus. Seine strategische Expertise und tiefgreifendes Fachwissen machen Dr. Schmelzer zu einem gesch\u00e4tzten Partner bei Verhandlungen mit Gewerkschaften und Betriebsr\u00e4ten.<\/p>\n<p>F\u00fcr den Fachanwalt f\u00fcr Arbeitsrecht ist jeder Fall eine spannende Herausforderung, die ma\u00dfgeschneiderte L\u00f6sungen ben\u00f6tigt. Sein Ziel ist es, die beste Unterst\u00fctzung f\u00fcr seine Mandanten zu bieten, sei es durch au\u00dfergerichtliche L\u00f6sungen oder gerichtliche Verfahren. F\u00fcr ihn sind Offenheit und eine enge Abstimmung mit seinen Mandanten von gro\u00dfer Bedeutung. An erster Stelle steht f\u00fcr Dr. Schmelzer immer die Zufriedenheit seiner Mandanten. Seine professionelle Vorgehensweise wird durch positive R\u00fcckmeldungen und erfolgreiche Ergebnisse gleicherma\u00dfen sichtbar. Die Kanzlei Dr. Stephan Schmelzer steht f\u00fcr kompetente Unterst\u00fctzung und pers\u00f6nliches Engagement f\u00fcr Arbeitnehmer und Arbeitgeber.<\/p>\n<article class=\"contact contact-list post-2600 profile type-profile status-publish has-post-thumbnail hentry\" data-contact=\"2600\">\n    \n    <div class=\"media\">\n        <div class=\"media-left\">\n            <a  href=\"#\" data-toggle=\"modal\" data-target=\"#ContactModal\"  title=\"Anna L., 34 Jahre, aus Hamburg jetzt Kontakt aufnehmen!\">\n                <img loading=\"lazy\" decoding=\"async\" width=\"500\" height=\"500\" src=\"https:\/\/anwalt.rocks\/arbeitsrecht\/wp-content\/uploads\/sites\/2\/2025\/01\/meinung-01.jpg\" class=\"contact-image media-object wp-post-image\" alt=\"Anna L., 34 Jahre, aus Hamburg\" srcset=\"https:\/\/anwalt.rocks\/arbeitsrecht\/wp-content\/uploads\/sites\/2\/2025\/01\/meinung-01.jpg 500w, https:\/\/anwalt.rocks\/arbeitsrecht\/wp-content\/uploads\/sites\/2\/2025\/01\/meinung-01-300x300.jpg 300w, https:\/\/anwalt.rocks\/arbeitsrecht\/wp-content\/uploads\/sites\/2\/2025\/01\/meinung-01-150x150.jpg 150w\" sizes=\"auto, (max-width: 500px) 100vw, 500px\" \/>            <\/a>\n        <\/div>\n\n        <div class=\"media-body\">\n                        <p class=\"h2 media-heading\">\n                <a  href=\"#\" data-toggle=\"modal\" data-target=\"#ContactModal\"  title=\"Anna L., 34 Jahre, aus Hamburg jetzt Kontakt aufnehmen!\">\n                    <span class=\"contact-name\">Anna L., 34 Jahre, aus Hamburg<\/span>\n                <\/a>\n\n                <span class=\"contact-text\"><\/span> <span class=\"contact-city\"><a href=\"https:\/\/anwalt.rocks\/arbeitsrecht\/region\/schwarzholz-bei-stendal\/\">Anwalt Arbeitsrecht Schwarzholz bei Stendal<\/a><\/span>            <\/p>\n\n            <div class=\"quote\"><p>Ich hatte ein riesiges Problem mit meinem Arbeitgeber, nachdem ich nach meiner Elternzeit wieder in den Job einsteigen wollte. Pl\u00f6tzlich sollte ich in eine komplett andere Abteilung wechseln, obwohl das nie vereinbart war. Eine Freundin empfahl mir Dr. Stephan Schmelzer, &hellip;<\/p><\/div>\n            <a class=\"btn btn-cta\"  href=\"#\" data-toggle=\"modal\" data-target=\"#ContactModal\"  title=\"Anna L., 34 Jahre, aus Hamburg jetzt Kontakt aufnehmen!\">\n                Nachricht senden            <\/a>\n        <\/div>\n    <\/div>\n<\/article><article class=\"contact contact-list post-2643 profile type-profile status-publish has-post-thumbnail hentry\" data-contact=\"2643\">\n    \n    <div class=\"media\">\n        <div class=\"media-left\">\n            <a  href=\"#\" data-toggle=\"modal\" data-target=\"#ContactModal\"  title=\"Marco R. jetzt Kontakt aufnehmen!\">\n                <img loading=\"lazy\" decoding=\"async\" width=\"500\" height=\"500\" src=\"https:\/\/anwalt.rocks\/arbeitsrecht\/wp-content\/uploads\/sites\/2\/2025\/01\/meinung-15.jpg\" class=\"contact-image media-object wp-post-image\" alt=\"Marco R.\" srcset=\"https:\/\/anwalt.rocks\/arbeitsrecht\/wp-content\/uploads\/sites\/2\/2025\/01\/meinung-15.jpg 500w, https:\/\/anwalt.rocks\/arbeitsrecht\/wp-content\/uploads\/sites\/2\/2025\/01\/meinung-15-300x300.jpg 300w, https:\/\/anwalt.rocks\/arbeitsrecht\/wp-content\/uploads\/sites\/2\/2025\/01\/meinung-15-150x150.jpg 150w\" sizes=\"auto, (max-width: 500px) 100vw, 500px\" \/>            <\/a>\n        <\/div>\n\n        <div class=\"media-body\">\n                        <p class=\"h2 media-heading\">\n                <a  href=\"#\" data-toggle=\"modal\" data-target=\"#ContactModal\"  title=\"Marco R. jetzt Kontakt aufnehmen!\">\n                    <span class=\"contact-name\">Marco R.<\/span>\n                <\/a>\n\n                <span class=\"contact-text\"><\/span> <span class=\"contact-city\"><a href=\"https:\/\/anwalt.rocks\/arbeitsrecht\/region\/bevern-holstein\/\">Anwalt Arbeitsrecht Bevern Holstein<\/a><\/span>            <\/p>\n\n            <div class=\"quote\"><p>Ich hatte ein Problem mit einer unwirksamen Befristung in meinem Arbeitsvertrag. RA Schmelzer hat den Fall \u00fcbernommen und konnte schnell eine Festanstellung f\u00fcr mich aushandeln. Seine Fachkenntnisse und seine freundliche Art haben mich sehr \u00fcberzeugt. Ich kann ihn nur w\u00e4rmstens &hellip;<\/p><\/div>\n            <a class=\"btn btn-cta\"  href=\"#\" data-toggle=\"modal\" data-target=\"#ContactModal\"  title=\"Marco R. jetzt Kontakt aufnehmen!\">\n                Nachricht senden            <\/a>\n        <\/div>\n    <\/div>\n<\/article><article class=\"contact contact-list post-2606 profile type-profile status-publish has-post-thumbnail hentry\" data-contact=\"2606\">\n    \n    <div class=\"media\">\n        <div class=\"media-left\">\n            <a  href=\"#\" data-toggle=\"modal\" data-target=\"#ContactModal\"  title=\"Maria P., 29 Jahre, aus Stuttgart jetzt Kontakt aufnehmen!\">\n                <img loading=\"lazy\" decoding=\"async\" width=\"500\" height=\"500\" src=\"https:\/\/anwalt.rocks\/arbeitsrecht\/wp-content\/uploads\/sites\/2\/2025\/01\/meinung-03.jpg\" class=\"contact-image media-object wp-post-image\" alt=\"Maria P., 29 Jahre, aus Stuttgart\" srcset=\"https:\/\/anwalt.rocks\/arbeitsrecht\/wp-content\/uploads\/sites\/2\/2025\/01\/meinung-03.jpg 500w, https:\/\/anwalt.rocks\/arbeitsrecht\/wp-content\/uploads\/sites\/2\/2025\/01\/meinung-03-300x300.jpg 300w, https:\/\/anwalt.rocks\/arbeitsrecht\/wp-content\/uploads\/sites\/2\/2025\/01\/meinung-03-150x150.jpg 150w\" sizes=\"auto, (max-width: 500px) 100vw, 500px\" \/>            <\/a>\n        <\/div>\n\n        <div class=\"media-body\">\n                        <p class=\"h2 media-heading\">\n                <a  href=\"#\" data-toggle=\"modal\" data-target=\"#ContactModal\"  title=\"Maria P., 29 Jahre, aus Stuttgart jetzt Kontakt aufnehmen!\">\n                    <span class=\"contact-name\">Maria P., 29 Jahre, aus Stuttgart<\/span>\n                <\/a>\n\n                <span class=\"contact-text\"><\/span> <span class=\"contact-city\"><a href=\"https:\/\/anwalt.rocks\/arbeitsrecht\/region\/hamburg-hoheluft-west\/\">Anwalt Arbeitsrecht Hamburg Hoheluft West<\/a><\/span>            <\/p>\n\n            <div class=\"quote\"><p>Herr Dr. Schmelzer ist einfach ein toller Anwalt! In meinem Fall ging es um Mobbing am Arbeitsplatz. Ich wusste nicht mehr weiter, aber Herr Dr. Schmelzer hat mir Mut gemacht und klare Schritte vorgeschlagen. Er hat nicht nur mein Recht &hellip;<\/p><\/div>\n            <a class=\"btn btn-cta\"  href=\"#\" data-toggle=\"modal\" data-target=\"#ContactModal\"  title=\"Maria P., 29 Jahre, aus Stuttgart jetzt Kontakt aufnehmen!\">\n                Nachricht senden            <\/a>\n        <\/div>\n    <\/div>\n<\/article><article class=\"contact contact-list post-2631 profile type-profile status-publish has-post-thumbnail hentry\" data-contact=\"2631\">\n    \n    <div class=\"media\">\n        <div class=\"media-left\">\n            <a  href=\"#\" data-toggle=\"modal\" data-target=\"#ContactModal\"  title=\"Peter S. jetzt Kontakt aufnehmen!\">\n                <img loading=\"lazy\" decoding=\"async\" width=\"500\" height=\"500\" src=\"https:\/\/anwalt.rocks\/arbeitsrecht\/wp-content\/uploads\/sites\/2\/2025\/01\/meinung-11.jpg\" class=\"contact-image media-object wp-post-image\" alt=\"Peter S.\" srcset=\"https:\/\/anwalt.rocks\/arbeitsrecht\/wp-content\/uploads\/sites\/2\/2025\/01\/meinung-11.jpg 500w, https:\/\/anwalt.rocks\/arbeitsrecht\/wp-content\/uploads\/sites\/2\/2025\/01\/meinung-11-300x300.jpg 300w, https:\/\/anwalt.rocks\/arbeitsrecht\/wp-content\/uploads\/sites\/2\/2025\/01\/meinung-11-150x150.jpg 150w\" sizes=\"auto, (max-width: 500px) 100vw, 500px\" \/>            <\/a>\n        <\/div>\n\n        <div class=\"media-body\">\n                        <p class=\"h2 media-heading\">\n                <a  href=\"#\" data-toggle=\"modal\" data-target=\"#ContactModal\"  title=\"Peter S. jetzt Kontakt aufnehmen!\">\n                    <span class=\"contact-name\">Peter S.<\/span>\n                <\/a>\n\n                <span class=\"contact-text\"><\/span> <span class=\"contact-city\"><a href=\"https:\/\/anwalt.rocks\/arbeitsrecht\/region\/rennertshofen-oberbayern\/\">Anwalt Arbeitsrecht Rennertshofen Oberbayern<\/a><\/span>            <\/p>\n\n            <div class=\"quote\"><p>Dr. Schmelzer hat meinen Fall mit gro\u00dfem Engagement \u00fcbernommen. Es ging um eine unrechtm\u00e4\u00dfige K\u00fcndigung, die mein Arbeitgeber ausgesprochen hatte. Dank seiner Expertise und Verhandlungsst\u00e4rke konnte ich nicht nur meine Stelle behalten, sondern erhielt auch eine Entsch\u00e4digung. Besonders beeindruckt hat &hellip;<\/p><\/div>\n            <a class=\"btn btn-cta\"  href=\"#\" data-toggle=\"modal\" data-target=\"#ContactModal\"  title=\"Peter S. jetzt Kontakt aufnehmen!\">\n                Nachricht senden            <\/a>\n        <\/div>\n    <\/div>\n<\/article><article class=\"contact contact-list post-2646 profile type-profile status-publish has-post-thumbnail hentry\" data-contact=\"2646\">\n    \n    <div class=\"media\">\n        <div class=\"media-left\">\n            <a  href=\"#\" data-toggle=\"modal\" data-target=\"#ContactModal\"  title=\"Ulrich H. jetzt Kontakt aufnehmen!\">\n                <img loading=\"lazy\" decoding=\"async\" width=\"500\" height=\"500\" src=\"https:\/\/anwalt.rocks\/arbeitsrecht\/wp-content\/uploads\/sites\/2\/2025\/01\/meinung-16.jpg\" class=\"contact-image media-object wp-post-image\" alt=\"Ulrich H.\" srcset=\"https:\/\/anwalt.rocks\/arbeitsrecht\/wp-content\/uploads\/sites\/2\/2025\/01\/meinung-16.jpg 500w, https:\/\/anwalt.rocks\/arbeitsrecht\/wp-content\/uploads\/sites\/2\/2025\/01\/meinung-16-300x300.jpg 300w, https:\/\/anwalt.rocks\/arbeitsrecht\/wp-content\/uploads\/sites\/2\/2025\/01\/meinung-16-150x150.jpg 150w\" sizes=\"auto, (max-width: 500px) 100vw, 500px\" \/>            <\/a>\n        <\/div>\n\n        <div class=\"media-body\">\n                        <p class=\"h2 media-heading\">\n                <a  href=\"#\" data-toggle=\"modal\" data-target=\"#ContactModal\"  title=\"Ulrich H. jetzt Kontakt aufnehmen!\">\n                    <span class=\"contact-name\">Ulrich H.<\/span>\n                <\/a>\n\n                <span class=\"contact-text\"><\/span> <span class=\"contact-city\"><a href=\"https:\/\/anwalt.rocks\/arbeitsrecht\/region\/langballig\/\">Anwalt Arbeitsrecht Langballig<\/a><\/span>            <\/p>\n\n            <div class=\"quote\"><p>Anwalt Schmelzer hat mir in einem schwierigen Fall von Diskriminierung am Arbeitsplatz geholfen. Er hat mich nicht nur juristisch unterst\u00fctzt, sondern mir auch moralisch viel R\u00fcckhalt gegeben. Dank ihm wurde mein Fall erfolgreich gel\u00f6st, und ich f\u00fchle mich endlich wieder &hellip;<\/p><\/div>\n            <a class=\"btn btn-cta\"  href=\"#\" data-toggle=\"modal\" data-target=\"#ContactModal\"  title=\"Ulrich H. jetzt Kontakt aufnehmen!\">\n                Nachricht senden            <\/a>\n        <\/div>\n    <\/div>\n<\/article>\n<div class=\"blogposts\"><ul><li><a href=\"https:\/\/anwalt.rocks\/arbeitsrecht\/groeditz\/\" title=\"Fachanwalt im Bereich IT- und Arbeitsrecht Gr\u00f6ditz.\">Fachanwalt im Bereich IT- und Arbeitsrecht Gr\u00f6ditz.<\/a><\/li><li><a href=\"https:\/\/anwalt.rocks\/arbeitsrecht\/usingen\/\" title=\"Rechtsanwalt Usingen Experte f\u00fcr Arbeits- und IT Recht.\">Rechtsanwalt Usingen Experte f\u00fcr Arbeits- und IT Recht.<\/a><\/li><li><a href=\"https:\/\/anwalt.rocks\/arbeitsrecht\/zofingen\/\" title=\"Fachanwalt in Sachen Arbeitsrecht Zofingen.\">Fachanwalt in Sachen Arbeitsrecht Zofingen.<\/a><\/li><li><a href=\"https:\/\/anwalt.rocks\/arbeitsrecht\/reinach\/\" title=\"Anwalt Arbeitsrecht Reinach &#8211; Claudia hat den Fall gewonnen.\">Anwalt Arbeitsrecht Reinach &#8211; Claudia hat den Fall gewonnen.<\/a><\/li><li><a href=\"https:\/\/anwalt.rocks\/arbeitsrecht\/weimar\/\" title=\"Anwalt Weimar Arbeitsrecht Betreuung f\u00fcr Arbeitgeber sowie Arbeitnehmer.\">Anwalt Weimar Arbeitsrecht Betreuung f\u00fcr Arbeitgeber sowie Arbeitnehmer.<\/a><\/li><li><a href=\"https:\/\/anwalt.rocks\/arbeitsrecht\/rehna\/\" title=\"Fachanwalt f\u00fcr Arbeitsrecht Rehna.\">Fachanwalt f\u00fcr Arbeitsrecht Rehna.<\/a><\/li><li><a href=\"https:\/\/anwalt.rocks\/arbeitsrecht\/boeblingen\/\" title=\"Anwalt B\u00f6blingen Arbeitsrecht Mandanten Vertreung f\u00fcr Arbeitgeber.\">Anwalt B\u00f6blingen Arbeitsrecht Mandanten Vertreung f\u00fcr Arbeitgeber.<\/a><\/li><\/ul><\/div>\n","protected":false},"excerpt":{"rendered":"<h2>Anwalt Arbeitsrecht B\u00f6blingen &#8211; Spezialist  f\u00fcr bundesweite Beauftragungen.<\/h2>\n<p><a href=\"https:\/\/dr-schmelzer.eu\/arbeitsrecht\/\" target=\"_blank\" rel=\"noopener\"><img loading=\"lazy\" decoding=\"async\" src=\"https:\/\/anwalt.rocks\/bilder\/arbeitsrecht\/anwalt-arbeitsrecht-600x600.webp\" alt=\"Anwalt B\u00f6blingen Arbeitsrecht Mandanten Vertreung f\u00fcr Arbeitgeber.\" title=\"Anwalt B\u00f6blingen Arbeitsrecht Mandanten Vertreung f\u00fcr Arbeitgeber.\" width=\"600\" height=\"600\" \/><\/a> <\/p>\n<h3>Anwalt Arbeitsrecht und IT Recht B\u00f6blingen &#8211; Kanzlei Dr. Stephan Schmelzer.<\/h3>\n<p>Ihr Experte f\u00fcr arbeitsrechtliche Fragestellungen: Dr. Stephan Schmelzer. Als Fachanwalt seit 2002 und mit \u00fcber 25 Jahren Erfahrung wird er \u00fcberregional &hellip;<\/p>","protected":false},"author":1,"featured_media":0,"comment_status":"closed","ping_status":"open","sticky":false,"template":"","format":"standard","meta":{"footnotes":""},"categories":[3],"tags":[],"class_list":["post-8929","post","type-post","status-publish","format-standard","hentry","category-fachanwalt"],"yoast_head":"<!-- This site is optimized with the Yoast SEO Premium plugin v27.1 (Yoast SEO v27.2) - https:\/\/yoast.com\/product\/yoast-seo-premium-wordpress\/ -->\n<title>Anwalt Nettetal f\u00fcr Arbeitsrecht.<\/title>\n<meta name=\"robots\" content=\"index, follow, max-snippet:-1, max-image-preview:large, max-video-preview:-1\" \/>\n<link rel=\"canonical\" href=\"https:\/\/anwalt.rocks\/arbeitsrecht\/nettetal\/\" \/>\n<meta property=\"og:locale\" content=\"de_DE\" \/>\n<meta property=\"og:type\" content=\"article\" \/>\n<meta property=\"og:title\" content=\"Anwalt Nettetal f\u00fcr Arbeitsrecht.\" \/>\n<meta property=\"og:description\" content=\"Anwalt Arbeitsrecht B\u00f6blingen &#8211; Spezialist f\u00fcr bundesweite Beauftragungen.  Anwalt Arbeitsrecht und IT Recht B\u00f6blingen &#8211; Kanzlei Dr. Stephan Schmelzer. Ihr Experte f\u00fcr arbeitsrechtliche Fragestellungen: Dr. Stephan Schmelzer. Als Fachanwalt seit 2002 und mit \u00fcber 25 Jahren Erfahrung wird er \u00fcberregional &hellip;\" \/>\n<meta property=\"og:url\" content=\"https:\/\/anwalt.rocks\/arbeitsrecht\/nettetal\/\" \/>\n<meta property=\"og:site_name\" content=\"Anwalt Arbeitsrecht in der N\u00e4he - Dr. Schmelzer\" \/>\n<meta property=\"article:published_time\" content=\"2025-01-07T15:36:35+00:00\" \/>\n<meta property=\"og:image\" content=\"https:\/\/anwalt.rocks\/bilder\/arbeitsrecht\/anwalt-arbeitsrecht-600x600.webp\" \/>\n<meta name=\"author\" content=\"admin\" \/>\n<meta name=\"twitter:card\" content=\"summary_large_image\" \/>\n<meta name=\"twitter:label1\" content=\"Verfasst von\" \/>\n\t<meta name=\"twitter:data1\" content=\"admin\" \/>\n\t<meta name=\"twitter:label2\" content=\"Gesch\u00e4tzte Lesezeit\" \/>\n\t<meta name=\"twitter:data2\" content=\"4\u00a0Minuten\" \/>\n<script type=\"application\/ld+json\" class=\"yoast-schema-graph\">{\"@context\":\"https:\/\/schema.org\",\"@graph\":[{\"@type\":\"Article\",\"@id\":\"https:\/\/anwalt.rocks\/arbeitsrecht\/nettetal\/#article\",\"isPartOf\":{\"@id\":\"https:\/\/anwalt.rocks\/arbeitsrecht\/nettetal\/\"},\"author\":{\"name\":\"admin\",\"@id\":\"https:\/\/anwalt.rocks\/arbeitsrecht\/#\/schema\/person\/3fd3b0fc4df170bb2460fbc934288e39\"},\"headline\":\"Anwalt Nettetal f\u00fcr Arbeitsrecht.\",\"datePublished\":\"2025-01-07T15:36:35+00:00\",\"mainEntityOfPage\":{\"@id\":\"https:\/\/anwalt.rocks\/arbeitsrecht\/nettetal\/\"},\"wordCount\":706,\"publisher\":{\"@id\":\"https:\/\/anwalt.rocks\/arbeitsrecht\/#organization\"},\"image\":{\"@id\":\"https:\/\/anwalt.rocks\/arbeitsrecht\/nettetal\/#primaryimage\"},\"thumbnailUrl\":\"https:\/\/anwalt.rocks\/bilder\/arbeitsrecht\/anwalt-arbeitsrecht-600x600.webp\",\"articleSection\":[\"Fachanwalt\"],\"inLanguage\":\"de\"},{\"@type\":\"WebPage\",\"@id\":\"https:\/\/anwalt.rocks\/arbeitsrecht\/nettetal\/\",\"url\":\"https:\/\/anwalt.rocks\/arbeitsrecht\/nettetal\/\",\"name\":\"Anwalt Nettetal f\u00fcr Arbeitsrecht.\",\"isPartOf\":{\"@id\":\"https:\/\/anwalt.rocks\/arbeitsrecht\/#website\"},\"primaryImageOfPage\":{\"@id\":\"https:\/\/anwalt.rocks\/arbeitsrecht\/nettetal\/#primaryimage\"},\"image\":{\"@id\":\"https:\/\/anwalt.rocks\/arbeitsrecht\/nettetal\/#primaryimage\"},\"thumbnailUrl\":\"https:\/\/anwalt.rocks\/bilder\/arbeitsrecht\/anwalt-arbeitsrecht-600x600.webp\",\"datePublished\":\"2025-01-07T15:36:35+00:00\",\"breadcrumb\":{\"@id\":\"https:\/\/anwalt.rocks\/arbeitsrecht\/nettetal\/#breadcrumb\"},\"inLanguage\":\"de\",\"potentialAction\":[{\"@type\":\"ReadAction\",\"target\":[\"https:\/\/anwalt.rocks\/arbeitsrecht\/nettetal\/\"]}]},{\"@type\":\"ImageObject\",\"inLanguage\":\"de\",\"@id\":\"https:\/\/anwalt.rocks\/arbeitsrecht\/nettetal\/#primaryimage\",\"url\":\"https:\/\/anwalt.rocks\/bilder\/arbeitsrecht\/anwalt-arbeitsrecht-600x600.webp\",\"contentUrl\":\"https:\/\/anwalt.rocks\/bilder\/arbeitsrecht\/anwalt-arbeitsrecht-600x600.webp\"},{\"@type\":\"BreadcrumbList\",\"@id\":\"https:\/\/anwalt.rocks\/arbeitsrecht\/nettetal\/#breadcrumb\",\"itemListElement\":[{\"@type\":\"ListItem\",\"position\":1,\"name\":\"Start\",\"item\":\"https:\/\/anwalt.rocks\/arbeitsrecht\/\"},{\"@type\":\"ListItem\",\"position\":2,\"name\":\"Anwalt Nettetal f\u00fcr Arbeitsrecht.\"}]},{\"@type\":\"WebSite\",\"@id\":\"https:\/\/anwalt.rocks\/arbeitsrecht\/#website\",\"url\":\"https:\/\/anwalt.rocks\/arbeitsrecht\/\",\"name\":\"Anwalt Arbeitsrecht in der N\u00e4he - Dr. Schmelzer\",\"description\":\"Kompetenzen und Vorteile von Dr. Stephan Schmelzer \u2013 Anwalt und Fachanwalt f\u00fcr Arbeitsrecht mit 25 j\u00e4hriger Berufspraxis.\",\"publisher\":{\"@id\":\"https:\/\/anwalt.rocks\/arbeitsrecht\/#organization\"},\"potentialAction\":[{\"@type\":\"SearchAction\",\"target\":{\"@type\":\"EntryPoint\",\"urlTemplate\":\"https:\/\/anwalt.rocks\/arbeitsrecht\/?s={search_term_string}\"},\"query-input\":{\"@type\":\"PropertyValueSpecification\",\"valueRequired\":true,\"valueName\":\"search_term_string\"}}],\"inLanguage\":\"de\"},{\"@type\":\"Organization\",\"@id\":\"https:\/\/anwalt.rocks\/arbeitsrecht\/#organization\",\"name\":\"Kanzlei Dr. Schmelzer\",\"url\":\"https:\/\/anwalt.rocks\/arbeitsrecht\/\",\"logo\":{\"@type\":\"ImageObject\",\"inLanguage\":\"de\",\"@id\":\"https:\/\/anwalt.rocks\/arbeitsrecht\/#\/schema\/logo\/image\/\",\"url\":\"https:\/\/anwalt.rocks\/arbeitsrecht\/wp-content\/uploads\/sites\/2\/2025\/01\/anwalt-arbeitsrecht-logo.png\",\"contentUrl\":\"https:\/\/anwalt.rocks\/arbeitsrecht\/wp-content\/uploads\/sites\/2\/2025\/01\/anwalt-arbeitsrecht-logo.png\",\"width\":450,\"height\":150,\"caption\":\"Kanzlei Dr. Schmelzer\"},\"image\":{\"@id\":\"https:\/\/anwalt.rocks\/arbeitsrecht\/#\/schema\/logo\/image\/\"}},{\"@type\":\"Person\",\"@id\":\"https:\/\/anwalt.rocks\/arbeitsrecht\/#\/schema\/person\/3fd3b0fc4df170bb2460fbc934288e39\",\"name\":\"admin\",\"image\":{\"@type\":\"ImageObject\",\"inLanguage\":\"de\",\"@id\":\"https:\/\/secure.gravatar.com\/avatar\/2a567a722e62dc61f1aaa46c6b595fa617f2003443806e3422a8fed77c029cfc?s=96&d=mm&r=g\",\"url\":\"https:\/\/secure.gravatar.com\/avatar\/2a567a722e62dc61f1aaa46c6b595fa617f2003443806e3422a8fed77c029cfc?s=96&d=mm&r=g\",\"contentUrl\":\"https:\/\/secure.gravatar.com\/avatar\/2a567a722e62dc61f1aaa46c6b595fa617f2003443806e3422a8fed77c029cfc?s=96&d=mm&r=g\",\"caption\":\"admin\"},\"sameAs\":[\"https:\/\/anwalt.rocks\"],\"url\":\"https:\/\/anwalt.rocks\/arbeitsrecht\/author\/admin\/\"}]}<\/script>\n<!-- \/ Yoast SEO Premium plugin. -->","yoast_head_json":{"title":"Anwalt Nettetal f\u00fcr Arbeitsrecht.","robots":{"index":"index","follow":"follow","max-snippet":"max-snippet:-1","max-image-preview":"max-image-preview:large","max-video-preview":"max-video-preview:-1"},"canonical":"https:\/\/anwalt.rocks\/arbeitsrecht\/nettetal\/","og_locale":"de_DE","og_type":"article","og_title":"Anwalt Nettetal f\u00fcr Arbeitsrecht.","og_description":"Anwalt Arbeitsrecht B\u00f6blingen &#8211; Spezialist f\u00fcr bundesweite Beauftragungen.  Anwalt Arbeitsrecht und IT Recht B\u00f6blingen &#8211; Kanzlei Dr. Stephan Schmelzer. Ihr Experte f\u00fcr arbeitsrechtliche Fragestellungen: Dr. Stephan Schmelzer. Als Fachanwalt seit 2002 und mit \u00fcber 25 Jahren Erfahrung wird er \u00fcberregional &hellip;","og_url":"https:\/\/anwalt.rocks\/arbeitsrecht\/nettetal\/","og_site_name":"Anwalt Arbeitsrecht in der N\u00e4he - Dr. Schmelzer","article_published_time":"2025-01-07T15:36:35+00:00","og_image":[{"url":"https:\/\/anwalt.rocks\/bilder\/arbeitsrecht\/anwalt-arbeitsrecht-600x600.webp","type":"","width":"","height":""}],"author":"admin","twitter_card":"summary_large_image","twitter_misc":{"Verfasst von":"admin","Gesch\u00e4tzte Lesezeit":"4\u00a0Minuten"},"schema":{"@context":"https:\/\/schema.org","@graph":[{"@type":"Article","@id":"https:\/\/anwalt.rocks\/arbeitsrecht\/nettetal\/#article","isPartOf":{"@id":"https:\/\/anwalt.rocks\/arbeitsrecht\/nettetal\/"},"author":{"name":"admin","@id":"https:\/\/anwalt.rocks\/arbeitsrecht\/#\/schema\/person\/3fd3b0fc4df170bb2460fbc934288e39"},"headline":"Anwalt Nettetal f\u00fcr Arbeitsrecht.","datePublished":"2025-01-07T15:36:35+00:00","mainEntityOfPage":{"@id":"https:\/\/anwalt.rocks\/arbeitsrecht\/nettetal\/"},"wordCount":706,"publisher":{"@id":"https:\/\/anwalt.rocks\/arbeitsrecht\/#organization"},"image":{"@id":"https:\/\/anwalt.rocks\/arbeitsrecht\/nettetal\/#primaryimage"},"thumbnailUrl":"https:\/\/anwalt.rocks\/bilder\/arbeitsrecht\/anwalt-arbeitsrecht-600x600.webp","articleSection":["Fachanwalt"],"inLanguage":"de"},{"@type":"WebPage","@id":"https:\/\/anwalt.rocks\/arbeitsrecht\/nettetal\/","url":"https:\/\/anwalt.rocks\/arbeitsrecht\/nettetal\/","name":"Anwalt Nettetal f\u00fcr Arbeitsrecht.","isPartOf":{"@id":"https:\/\/anwalt.rocks\/arbeitsrecht\/#website"},"primaryImageOfPage":{"@id":"https:\/\/anwalt.rocks\/arbeitsrecht\/nettetal\/#primaryimage"},"image":{"@id":"https:\/\/anwalt.rocks\/arbeitsrecht\/nettetal\/#primaryimage"},"thumbnailUrl":"https:\/\/anwalt.rocks\/bilder\/arbeitsrecht\/anwalt-arbeitsrecht-600x600.webp","datePublished":"2025-01-07T15:36:35+00:00","breadcrumb":{"@id":"https:\/\/anwalt.rocks\/arbeitsrecht\/nettetal\/#breadcrumb"},"inLanguage":"de","potentialAction":[{"@type":"ReadAction","target":["https:\/\/anwalt.rocks\/arbeitsrecht\/nettetal\/"]}]},{"@type":"ImageObject","inLanguage":"de","@id":"https:\/\/anwalt.rocks\/arbeitsrecht\/nettetal\/#primaryimage","url":"https:\/\/anwalt.rocks\/bilder\/arbeitsrecht\/anwalt-arbeitsrecht-600x600.webp","contentUrl":"https:\/\/anwalt.rocks\/bilder\/arbeitsrecht\/anwalt-arbeitsrecht-600x600.webp"},{"@type":"BreadcrumbList","@id":"https:\/\/anwalt.rocks\/arbeitsrecht\/nettetal\/#breadcrumb","itemListElement":[{"@type":"ListItem","position":1,"name":"Start","item":"https:\/\/anwalt.rocks\/arbeitsrecht\/"},{"@type":"ListItem","position":2,"name":"Anwalt Nettetal f\u00fcr Arbeitsrecht."}]},{"@type":"WebSite","@id":"https:\/\/anwalt.rocks\/arbeitsrecht\/#website","url":"https:\/\/anwalt.rocks\/arbeitsrecht\/","name":"Anwalt Arbeitsrecht in der N\u00e4he - Dr. Schmelzer","description":"Kompetenzen und Vorteile von Dr. Stephan Schmelzer \u2013 Anwalt und Fachanwalt f\u00fcr Arbeitsrecht mit 25 j\u00e4hriger Berufspraxis.","publisher":{"@id":"https:\/\/anwalt.rocks\/arbeitsrecht\/#organization"},"potentialAction":[{"@type":"SearchAction","target":{"@type":"EntryPoint","urlTemplate":"https:\/\/anwalt.rocks\/arbeitsrecht\/?s={search_term_string}"},"query-input":{"@type":"PropertyValueSpecification","valueRequired":true,"valueName":"search_term_string"}}],"inLanguage":"de"},{"@type":"Organization","@id":"https:\/\/anwalt.rocks\/arbeitsrecht\/#organization","name":"Kanzlei Dr. Schmelzer","url":"https:\/\/anwalt.rocks\/arbeitsrecht\/","logo":{"@type":"ImageObject","inLanguage":"de","@id":"https:\/\/anwalt.rocks\/arbeitsrecht\/#\/schema\/logo\/image\/","url":"https:\/\/anwalt.rocks\/arbeitsrecht\/wp-content\/uploads\/sites\/2\/2025\/01\/anwalt-arbeitsrecht-logo.png","contentUrl":"https:\/\/anwalt.rocks\/arbeitsrecht\/wp-content\/uploads\/sites\/2\/2025\/01\/anwalt-arbeitsrecht-logo.png","width":450,"height":150,"caption":"Kanzlei Dr. Schmelzer"},"image":{"@id":"https:\/\/anwalt.rocks\/arbeitsrecht\/#\/schema\/logo\/image\/"}},{"@type":"Person","@id":"https:\/\/anwalt.rocks\/arbeitsrecht\/#\/schema\/person\/3fd3b0fc4df170bb2460fbc934288e39","name":"admin","image":{"@type":"ImageObject","inLanguage":"de","@id":"https:\/\/secure.gravatar.com\/avatar\/2a567a722e62dc61f1aaa46c6b595fa617f2003443806e3422a8fed77c029cfc?s=96&d=mm&r=g","url":"https:\/\/secure.gravatar.com\/avatar\/2a567a722e62dc61f1aaa46c6b595fa617f2003443806e3422a8fed77c029cfc?s=96&d=mm&r=g","contentUrl":"https:\/\/secure.gravatar.com\/avatar\/2a567a722e62dc61f1aaa46c6b595fa617f2003443806e3422a8fed77c029cfc?s=96&d=mm&r=g","caption":"admin"},"sameAs":["https:\/\/anwalt.rocks"],"url":"https:\/\/anwalt.rocks\/arbeitsrecht\/author\/admin\/"}]}},"_links":{"self":[{"href":"https:\/\/anwalt.rocks\/arbeitsrecht\/wp-json\/wp\/v2\/posts\/8929","targetHints":{"allow":["GET"]}}],"collection":[{"href":"https:\/\/anwalt.rocks\/arbeitsrecht\/wp-json\/wp\/v2\/posts"}],"about":[{"href":"https:\/\/anwalt.rocks\/arbeitsrecht\/wp-json\/wp\/v2\/types\/post"}],"author":[{"embeddable":true,"href":"https:\/\/anwalt.rocks\/arbeitsrecht\/wp-json\/wp\/v2\/users\/1"}],"replies":[{"embeddable":true,"href":"https:\/\/anwalt.rocks\/arbeitsrecht\/wp-json\/wp\/v2\/comments?post=8929"}],"version-history":[{"count":0,"href":"https:\/\/anwalt.rocks\/arbeitsrecht\/wp-json\/wp\/v2\/posts\/8929\/revisions"}],"wp:attachment":[{"href":"https:\/\/anwalt.rocks\/arbeitsrecht\/wp-json\/wp\/v2\/media?parent=8929"}],"wp:term":[{"taxonomy":"category","embeddable":true,"href":"https:\/\/anwalt.rocks\/arbeitsrecht\/wp-json\/wp\/v2\/categories?post=8929"},{"taxonomy":"post_tag","embeddable":true,"href":"https:\/\/anwalt.rocks\/arbeitsrecht\/wp-json\/wp\/v2\/tags?post=8929"}],"curies":[{"name":"wp","href":"https:\/\/api.w.org\/{rel}","templated":true}]}}