{"id":9010,"date":"2025-01-08T10:51:35","date_gmt":"2025-01-08T09:51:35","guid":{"rendered":"https:\/\/anwalt.rocks\/arbeitsrecht\/norderstedt\/"},"modified":"2025-01-08T10:51:35","modified_gmt":"2025-01-08T09:51:35","slug":"norderstedt","status":"publish","type":"post","link":"https:\/\/anwalt.rocks\/arbeitsrecht\/norderstedt\/","title":{"rendered":"Kanzlei Dr. Stephan Schmelzer Rechtsanwalt Arbeitsrecht Norderstedt."},"content":{"rendered":"<span class=\"span-reading-time rt-reading-time\" style=\"display: block;\"><span class=\"rt-label rt-prefix\">Lesedauer<\/span> <span class=\"rt-time\"> 3<\/span> <span class=\"rt-label rt-postfix\">Minuten<\/span><\/span><h2>Anwalt Arbeitsrecht Norderstedt &#8211; Experte  f\u00fcr \u00fcberregionale Mandate.<\/h2>\n<p><a href=\"https:\/\/dr-schmelzer.eu\/arbeitsrecht\/\" target=\"_blank\" rel=\"noopener\"><img loading=\"lazy\" decoding=\"async\" src=\"https:\/\/anwalt.rocks\/bilder\/arbeitsrecht\/anwalt-arbeitsrecht-600x600.webp\" alt=\"Kanzlei Dr. Stephan Schmelzer Rechtsanwalt Arbeitsrecht Norderstedt.\" title=\"Kanzlei Dr. Stephan Schmelzer Rechtsanwalt Arbeitsrecht Norderstedt.\" width=\"600\" height=\"600\" \/><\/a> <\/p>\n<h3>Rechtsanwalt Arbeitsrecht Norderstedt &#8211; Soziet\u00e4t Dr. Stephan Schmelzer.<\/h3>\n<p>Dr. Stephan Schmelzer unterst\u00fctzt Sie fachkundig bei allen Themen rund um das Arbeitsrecht. Seit mehr als 25 Jahren ist er im Arbeitsrecht t\u00e4tig und hat sich \u00fcber Ahlen hinaus einen Namen gemacht. Seine Kanzlei, die er seit mehr als zwei Jahrzehnten erfolgreich f\u00fchrt, ist bekannt f\u00fcr pr\u00e4zise juristische Arbeit und pers\u00f6nliche Betreuung. Dr. Schmelzers Wissen im Arbeitsrecht und IT-Recht ist in einer zunehmend digitalen Arbeitswelt von erheblicher Bedeutung. &#8211; <a title=\"Anwalt Arbeitsrecht Offenbach\" href=\"https:\/\/anwalt.rocks\/arbeitsrecht\/offenbach\/\">Anwalt Arbeitsrecht Offenbach<\/a><\/p>\n<p><a href=\"https:\/\/dr-schmelzer.eu\/arbeitsrecht\/\" target=\"_blank\" rel=\"noopener\"><img loading=\"lazy\" decoding=\"async\" src=\"https:\/\/anwalt.rocks\/bilder\/arbeitsrecht\/rechtsanwalt-arbeitsrecht-600x600.webp\" alt=\"Anwalt Arbeitsrecht Norderstedt\" title=\"Anwalt Arbeitsrecht Norderstedt\" width=\"600\" height=\"600\" \/><\/a> <\/p>\n<h3>Soziet\u00e4t Dr. Stephan Schmelzer &#8211; Experte f\u00fcr Arbeitsrecht Norderstedt.<\/h3>\n<p>W\u00e4hrend das IT-Recht als Zusatzbereich dient, liegt der Fokus seiner Arbeit auf dem Arbeitsrecht mit nationalem und internationalem Bezug. Ob arbeitsrechtliche Konflikte oder Vertragsfragen \u2013 Dr. Schmelzer bietet Arbeitgebern und Arbeitnehmern passgenaue Unterst\u00fctzung. Die Verbindung aus Praxisn\u00e4he und individueller Beratung macht ihn zu einem der f\u00fchrenden Experten in diesem Rechtsgebiet. &#8211; <a title=\"Anwalt K\u00fc\u00dfnacht\" href=\"https:\/\/anwalt.rocks\/arbeitsrecht\/kuessnacht\/\">Anwalt K\u00fc\u00dfnacht<\/a><\/p>\n<h3>Hohes Durchsetzungsverm\u00f6gen &#8211; Seit 1998 t\u00e4tig als Fachanwalt Norderstedt.<\/h3>\n<p>Von Arbeitsvertr\u00e4gen bis hin zu Restrukturierungen sind Arbeitgeber mit einer Vielzahl rechtlicher Fragestellungen konfrontiert. Mit einem praxisnahen Ansatz unterst\u00fctzt Dr. Schmelzer Unternehmen dabei, rechtliche Gefahren zu vermeiden und optimale L\u00f6sungen zu erarbeiten. Seine T\u00e4tigkeit umfasst insbesondere: &#8211; <a title=\"Anwalt Arbeitsrecht Retz\" href=\"https:\/\/anwalt.rocks\/arbeitsrecht\/retz\/\">Anwalt Arbeitsrecht Retz<\/a><\/p>\n<h3>Anwalt Arbeitsrecht Norderstedt 31 zufriedene Klienten.<\/h3>\n<p>Erstellung von Arbeitsvertr\u00e4gen, die rechtlich sicher und flexibel auf individuelle Bed\u00fcrfnisse zugeschnitten sind. Konzeption von Arbeitszeitmodellen und Verg\u00fctungsstrukturen, die individuell an die Bed\u00fcrfnisse des Unternehmens angepasst sind. &#8211; <a title=\"Anwalt Arbeitsrecht Wilhelmshaven\" href=\"https:\/\/anwalt.rocks\/arbeitsrecht\/wilhelmshaven\/\">Anwalt Arbeitsrecht Wilhelmshaven<\/a><\/p>\n<h3>Deshalb w\u00e4hlt man diesen erfahrenen Anwalt Norderstedt:<\/h3>\n<p>Hilfestellung bei der Vorbereitung rechtssicherer betriebs-, verhaltens- und personenbezogener K\u00fcndigungen. Unterst\u00fctzung zur Vermeidung rechtlicher Risiken und Begleitung w\u00e4hrend des K\u00fcndigungsablaufs.<\/p>\n<h3>Kompetent ebenso wie top zuverl\u00e4ssig.<\/h3>\n<p>Unterst\u00fctzung bei der Einbeziehung des Betriebsrats in wichtigen Entscheidungsfragen. Beratung zur Verhandlung und Einf\u00fchrung von rechtssicheren Betriebsvereinbarungen. Planung und juristische Unterst\u00fctzung bei der Umsetzung von Restrukturierungsprozessen. Vertretung bei gerichtlichen Konflikten im Arbeitsrecht, wie K\u00fcndigungsschutzverfahren und Entfristungsklagen. Schwerpunkt auf die strategische und durchsetzungsstarke Wahrung der Interessen des Unternehmens.<\/p>\n<h3>Anwalt Arbeitsrecht Norderstedt &#8211; Experte Dr. Schmelzer.<\/h3>\n<p>Auch f\u00fcr Arbeitnehmer bietet Dr. Schmelzer eine fundierte Beratung und Unterst\u00fctzung. Besonders in Streitfragen erweist er sich als energischer Unterst\u00fctzer, der mit vollem Einsatz handelt. Im Fokus stehen folgende Leistungen:<\/p>\n<p>Vertretung und Unterst\u00fctzung bei K\u00fcndigungsschutzklagen vor dem Arbeitsgericht. Unterst\u00fctzung bei der Kl\u00e4rung und Aushandlung von Abfindungsanspr\u00fcchen. Vertretung und Unterst\u00fctzung bei K\u00fcndigungsschutzklagen vor dem Arbeitsgericht. Unterst\u00fctzung bei der Kl\u00e4rung und Aushandlung von Abfindungsanspr\u00fcchen.<\/p>\n<p>Unterst\u00fctzung bei Aufhebungsvertr\u00e4gen und Verhandlungen \u00fcber die H\u00f6he von Abfindungen. Pr\u00fcfung und Anpassung von Arbeitszeugnissen, um deren Aussagekraft zu optimieren. Vertretung vor Gericht in Zeugnisstreitf\u00e4llen zur Korrektur unzutreffender Beurteilungen. Nachhaltig weniger Kosten Rechtsbeistand zur Geltendmachung von offenen Lohn- und Gehaltsanspr\u00fcchen. Begleitung bei der Durchsetzung von Entgelt- und \u00dcberstundenanspr\u00fcchen vor Gericht. Unterst\u00fctzung bei der Kl\u00e4rung und Anfechtung von unberechtigten Abmahnungen.<\/p>\n<h4>Betreuung f\u00fcr Arbeitgeber und Arbeitnehmer f\u00fcr Anwalt Arbeitsrecht Norderstedt.<\/h4>\n<p>Die Fachgebiete von Dr. Schmelzer umfassen Restrukturierung und Konfliktl\u00f6sung. Ein wesentlicher Teil der T\u00e4tigkeit von Dr. Schmelzer umfasst die Beratung w\u00e4hrend Restrukturierungen. Gefragt sind rechtliches Wissen, geschickte Verhandlungsf\u00e4higkeiten und \u00f6konomische Expertise.<\/p>\n<p>Anwalt Norderstedt Folgerung: Dr. Schmelzer ist ein erfahrener Experte in der Entwicklung und Durchf\u00fchrung von Interessenausgleichen und Sozialpl\u00e4nen. Die Suche nach einer einvernehmlichen L\u00f6sung steht stets im Vordergrund. Dr. Schmelzer ist ein erfahrener Partner in Verhandlungen mit Betriebsr\u00e4ten und Gewerkschaften, dank seiner strategischen Kompetenz und seines fundierten Wissens.<\/p>\n<p>Der Fachanwalt f\u00fcr Arbeitsrecht sieht in jedem Fall eine neue Herausforderung, die h\u00f6chste Aufmerksamkeit verlangt. Sein Ziel ist es, f\u00fcr seine Mandanten die optimale L\u00f6sung zu finden \u2013 ob durch au\u00dfergerichtliche Einigungen oder durch entschlossene Prozessf\u00fchrung. Transparente Kommunikation und eine vertrauensvolle Zusammenarbeit mit seinen Mandanten sind f\u00fcr ihn essenziell. F\u00fcr Dr. Schmelzer ist die Zufriedenheit seiner Mandanten die wichtigste Grundlage seines Handelns. Seine professionelle und zielgerichtete Vorgehensweise wird nicht nur durch seine Erfolge, sondern auch durch das Feedback seiner Mandanten honoriert. Arbeitnehmer und Arbeitgeber profitieren von der fachkundigen Beratung und dem Einsatz von Dr. Stephan Schmelzer.<\/p>\n<article class=\"contact contact-list post-2628 profile type-profile status-publish has-post-thumbnail hentry\" data-contact=\"2628\">\n    \n    <div class=\"media\">\n        <div class=\"media-left\">\n            <a  href=\"#\" data-toggle=\"modal\" data-target=\"#ContactModal\"  title=\"Sandra B., 39 Jahre, aus Bremen jetzt Kontakt aufnehmen!\">\n                <img loading=\"lazy\" decoding=\"async\" width=\"500\" height=\"500\" src=\"https:\/\/anwalt.rocks\/arbeitsrecht\/wp-content\/uploads\/sites\/2\/2025\/01\/meinung-10.jpg\" class=\"contact-image media-object wp-post-image\" alt=\"Sandra B., 39 Jahre, aus Bremen\" srcset=\"https:\/\/anwalt.rocks\/arbeitsrecht\/wp-content\/uploads\/sites\/2\/2025\/01\/meinung-10.jpg 500w, https:\/\/anwalt.rocks\/arbeitsrecht\/wp-content\/uploads\/sites\/2\/2025\/01\/meinung-10-300x300.jpg 300w, https:\/\/anwalt.rocks\/arbeitsrecht\/wp-content\/uploads\/sites\/2\/2025\/01\/meinung-10-150x150.jpg 150w\" sizes=\"auto, (max-width: 500px) 100vw, 500px\" \/>            <\/a>\n        <\/div>\n\n        <div class=\"media-body\">\n                        <p class=\"h2 media-heading\">\n                <a  href=\"#\" data-toggle=\"modal\" data-target=\"#ContactModal\"  title=\"Sandra B., 39 Jahre, aus Bremen jetzt Kontakt aufnehmen!\">\n                    <span class=\"contact-name\">Sandra B., 39 Jahre, aus Bremen<\/span>\n                <\/a>\n\n                <span class=\"contact-text\"><\/span> <span class=\"contact-city\"><a href=\"https:\/\/anwalt.rocks\/arbeitsrecht\/region\/mattstedt\/\">Anwalt Arbeitsrecht Mattstedt<\/a><\/span>            <\/p>\n\n            <div class=\"quote\"><p>Herr Schmelzer ist einfach unglaublich! In meinem Fall ging es um eine ungerechtfertigte Versetzung in eine andere Stadt. Er erkannte sofort, dass mein Arbeitgeber hier gegen geltendes Arbeitsrecht versto\u00dfen hatte, und setzte meine Interessen kompromisslos durch. Was mir besonders gefallen &hellip;<\/p><\/div>\n            <a class=\"btn btn-cta\"  href=\"#\" data-toggle=\"modal\" data-target=\"#ContactModal\"  title=\"Sandra B., 39 Jahre, aus Bremen jetzt Kontakt aufnehmen!\">\n                Nachricht senden            <\/a>\n        <\/div>\n    <\/div>\n<\/article><article class=\"contact contact-list post-2631 profile type-profile status-publish has-post-thumbnail hentry\" data-contact=\"2631\">\n    \n    <div class=\"media\">\n        <div class=\"media-left\">\n            <a  href=\"#\" data-toggle=\"modal\" data-target=\"#ContactModal\"  title=\"Peter S. jetzt Kontakt aufnehmen!\">\n                <img loading=\"lazy\" decoding=\"async\" width=\"500\" height=\"500\" src=\"https:\/\/anwalt.rocks\/arbeitsrecht\/wp-content\/uploads\/sites\/2\/2025\/01\/meinung-11.jpg\" class=\"contact-image media-object wp-post-image\" alt=\"Peter S.\" srcset=\"https:\/\/anwalt.rocks\/arbeitsrecht\/wp-content\/uploads\/sites\/2\/2025\/01\/meinung-11.jpg 500w, https:\/\/anwalt.rocks\/arbeitsrecht\/wp-content\/uploads\/sites\/2\/2025\/01\/meinung-11-300x300.jpg 300w, https:\/\/anwalt.rocks\/arbeitsrecht\/wp-content\/uploads\/sites\/2\/2025\/01\/meinung-11-150x150.jpg 150w\" sizes=\"auto, (max-width: 500px) 100vw, 500px\" \/>            <\/a>\n        <\/div>\n\n        <div class=\"media-body\">\n                        <p class=\"h2 media-heading\">\n                <a  href=\"#\" data-toggle=\"modal\" data-target=\"#ContactModal\"  title=\"Peter S. jetzt Kontakt aufnehmen!\">\n                    <span class=\"contact-name\">Peter S.<\/span>\n                <\/a>\n\n                <span class=\"contact-text\"><\/span> <span class=\"contact-city\"><a href=\"https:\/\/anwalt.rocks\/arbeitsrecht\/region\/oberwart\/\">Anwalt Arbeitsrecht Oberwart<\/a><\/span>            <\/p>\n\n            <div class=\"quote\"><p>Dr. Schmelzer hat meinen Fall mit gro\u00dfem Engagement \u00fcbernommen. Es ging um eine unrechtm\u00e4\u00dfige K\u00fcndigung, die mein Arbeitgeber ausgesprochen hatte. Dank seiner Expertise und Verhandlungsst\u00e4rke konnte ich nicht nur meine Stelle behalten, sondern erhielt auch eine Entsch\u00e4digung. Besonders beeindruckt hat &hellip;<\/p><\/div>\n            <a class=\"btn btn-cta\"  href=\"#\" data-toggle=\"modal\" data-target=\"#ContactModal\"  title=\"Peter S. jetzt Kontakt aufnehmen!\">\n                Nachricht senden            <\/a>\n        <\/div>\n    <\/div>\n<\/article><article class=\"contact contact-list post-2600 profile type-profile status-publish has-post-thumbnail hentry\" data-contact=\"2600\">\n    \n    <div class=\"media\">\n        <div class=\"media-left\">\n            <a  href=\"#\" data-toggle=\"modal\" data-target=\"#ContactModal\"  title=\"Anna L., 34 Jahre, aus Hamburg jetzt Kontakt aufnehmen!\">\n                <img loading=\"lazy\" decoding=\"async\" width=\"500\" height=\"500\" src=\"https:\/\/anwalt.rocks\/arbeitsrecht\/wp-content\/uploads\/sites\/2\/2025\/01\/meinung-01.jpg\" class=\"contact-image media-object wp-post-image\" alt=\"Anna L., 34 Jahre, aus Hamburg\" srcset=\"https:\/\/anwalt.rocks\/arbeitsrecht\/wp-content\/uploads\/sites\/2\/2025\/01\/meinung-01.jpg 500w, https:\/\/anwalt.rocks\/arbeitsrecht\/wp-content\/uploads\/sites\/2\/2025\/01\/meinung-01-300x300.jpg 300w, https:\/\/anwalt.rocks\/arbeitsrecht\/wp-content\/uploads\/sites\/2\/2025\/01\/meinung-01-150x150.jpg 150w\" sizes=\"auto, (max-width: 500px) 100vw, 500px\" \/>            <\/a>\n        <\/div>\n\n        <div class=\"media-body\">\n                        <p class=\"h2 media-heading\">\n                <a  href=\"#\" data-toggle=\"modal\" data-target=\"#ContactModal\"  title=\"Anna L., 34 Jahre, aus Hamburg jetzt Kontakt aufnehmen!\">\n                    <span class=\"contact-name\">Anna L., 34 Jahre, aus Hamburg<\/span>\n                <\/a>\n\n                <span class=\"contact-text\"><\/span> <span class=\"contact-city\"><a href=\"https:\/\/anwalt.rocks\/arbeitsrecht\/region\/herne-holsterhausen\/\">Anwalt Arbeitsrecht Herne Holsterhausen<\/a><\/span>            <\/p>\n\n            <div class=\"quote\"><p>Ich hatte ein riesiges Problem mit meinem Arbeitgeber, nachdem ich nach meiner Elternzeit wieder in den Job einsteigen wollte. Pl\u00f6tzlich sollte ich in eine komplett andere Abteilung wechseln, obwohl das nie vereinbart war. Eine Freundin empfahl mir Dr. Stephan Schmelzer, &hellip;<\/p><\/div>\n            <a class=\"btn btn-cta\"  href=\"#\" data-toggle=\"modal\" data-target=\"#ContactModal\"  title=\"Anna L., 34 Jahre, aus Hamburg jetzt Kontakt aufnehmen!\">\n                Nachricht senden            <\/a>\n        <\/div>\n    <\/div>\n<\/article><article class=\"contact contact-list post-2615 profile type-profile status-publish has-post-thumbnail hentry\" data-contact=\"2615\">\n    \n    <div class=\"media\">\n        <div class=\"media-left\">\n            <a  href=\"#\" data-toggle=\"modal\" data-target=\"#ContactModal\"  title=\"Julia F., 25 Jahre, aus Dresden jetzt Kontakt aufnehmen!\">\n                <img loading=\"lazy\" decoding=\"async\" width=\"500\" height=\"500\" src=\"https:\/\/anwalt.rocks\/arbeitsrecht\/wp-content\/uploads\/sites\/2\/2025\/01\/meinung-06.jpg\" class=\"contact-image media-object wp-post-image\" alt=\"Julia F., 25 Jahre, aus Dresden\" srcset=\"https:\/\/anwalt.rocks\/arbeitsrecht\/wp-content\/uploads\/sites\/2\/2025\/01\/meinung-06.jpg 500w, https:\/\/anwalt.rocks\/arbeitsrecht\/wp-content\/uploads\/sites\/2\/2025\/01\/meinung-06-300x300.jpg 300w, https:\/\/anwalt.rocks\/arbeitsrecht\/wp-content\/uploads\/sites\/2\/2025\/01\/meinung-06-150x150.jpg 150w\" sizes=\"auto, (max-width: 500px) 100vw, 500px\" \/>            <\/a>\n        <\/div>\n\n        <div class=\"media-body\">\n                        <p class=\"h2 media-heading\">\n                <a  href=\"#\" data-toggle=\"modal\" data-target=\"#ContactModal\"  title=\"Julia F., 25 Jahre, aus Dresden jetzt Kontakt aufnehmen!\">\n                    <span class=\"contact-name\">Julia F., 25 Jahre, aus Dresden<\/span>\n                <\/a>\n\n                <span class=\"contact-text\"><\/span> <span class=\"contact-city\"><a href=\"https:\/\/anwalt.rocks\/arbeitsrecht\/region\/suelzetal\/\">Anwalt Arbeitsrecht S\u00fclzetal<\/a><\/span>            <\/p>\n\n            <div class=\"quote\"><p>Dr. Schmelzer hat mir wirklich das Leben erleichtert! Mein Arbeitgeber wollte mir pl\u00f6tzlich weniger Gehalt zahlen, obwohl mein Vertrag etwas anderes vorsah. Dieser tolle Anwalt hat meinen Fall \u00fcbernommen und schnell eine L\u00f6sung gefunden. Sein Wissen im Arbeitsrecht ist beeindruckend, &hellip;<\/p><\/div>\n            <a class=\"btn btn-cta\"  href=\"#\" data-toggle=\"modal\" data-target=\"#ContactModal\"  title=\"Julia F., 25 Jahre, aus Dresden jetzt Kontakt aufnehmen!\">\n                Nachricht senden            <\/a>\n        <\/div>\n    <\/div>\n<\/article><article class=\"contact contact-list post-2659 profile type-profile status-publish has-post-thumbnail hentry\" data-contact=\"2659\">\n    \n    <div class=\"media\">\n        <div class=\"media-left\">\n            <a  href=\"#\" data-toggle=\"modal\" data-target=\"#ContactModal\"  title=\"Sven B. jetzt Kontakt aufnehmen!\">\n                <img loading=\"lazy\" decoding=\"async\" width=\"500\" height=\"500\" src=\"https:\/\/anwalt.rocks\/arbeitsrecht\/wp-content\/uploads\/sites\/2\/2025\/01\/meinung-20.jpg\" class=\"contact-image media-object wp-post-image\" alt=\"Sven B.\" srcset=\"https:\/\/anwalt.rocks\/arbeitsrecht\/wp-content\/uploads\/sites\/2\/2025\/01\/meinung-20.jpg 500w, https:\/\/anwalt.rocks\/arbeitsrecht\/wp-content\/uploads\/sites\/2\/2025\/01\/meinung-20-300x300.jpg 300w, https:\/\/anwalt.rocks\/arbeitsrecht\/wp-content\/uploads\/sites\/2\/2025\/01\/meinung-20-150x150.jpg 150w\" sizes=\"auto, (max-width: 500px) 100vw, 500px\" \/>            <\/a>\n        <\/div>\n\n        <div class=\"media-body\">\n                        <p class=\"h2 media-heading\">\n                <a  href=\"#\" data-toggle=\"modal\" data-target=\"#ContactModal\"  title=\"Sven B. jetzt Kontakt aufnehmen!\">\n                    <span class=\"contact-name\">Sven B.<\/span>\n                <\/a>\n\n                <span class=\"contact-text\"><\/span> <span class=\"contact-city\"><a href=\"https:\/\/anwalt.rocks\/arbeitsrecht\/region\/schortens\/\">Anwalt Arbeitsrecht Schortens<\/a><\/span>            <\/p>\n\n            <div class=\"quote\"><p>Ich hatte ein Problem mit meiner Teilzeitvereinbarung, die mein Arbeitgeber pl\u00f6tzlich \u00e4ndern wollte. Dieser Anwalt hat mich umfassend beraten und den Fall zu meinen Gunsten gekl\u00e4rt. Seine Professionalit\u00e4t und sein Engagement sind wirklich herausragend. Vielen Dank f\u00fcr die gro\u00dfartige Unterst\u00fctzung!&hellip;<\/p><\/div>\n            <a class=\"btn btn-cta\"  href=\"#\" data-toggle=\"modal\" data-target=\"#ContactModal\"  title=\"Sven B. jetzt Kontakt aufnehmen!\">\n                Nachricht senden            <\/a>\n        <\/div>\n    <\/div>\n<\/article>\n<div class=\"blogposts\"><ul><li><a href=\"https:\/\/anwalt.rocks\/arbeitsrecht\/ennigerloh\/\" title=\"Fachanwalt in Sachen Arbeits- und IT Recht Ennigerloh.\">Fachanwalt in Sachen Arbeits- und IT Recht Ennigerloh.<\/a><\/li><li><a href=\"https:\/\/anwalt.rocks\/arbeitsrecht\/tribsees\/\" title=\"Rechtsanwalt Tribsees Experte f\u00fcr IT- und Arbeitsrecht.\">Rechtsanwalt Tribsees Experte f\u00fcr IT- und Arbeitsrecht.<\/a><\/li><li><a href=\"https:\/\/anwalt.rocks\/arbeitsrecht\/birkenfeld\/\" title=\"Anwalt Arbeitsrecht Birkenfeld &#8211; Ingrid ist super gl\u00fccklich.\">Anwalt Arbeitsrecht Birkenfeld &#8211; Ingrid ist super gl\u00fccklich.<\/a><\/li><li><a href=\"https:\/\/anwalt.rocks\/arbeitsrecht\/schwarzenbek\/\" title=\"Anwalt Arbeitsrecht Schwarzenbek &#8211; Nadja ist super gl\u00fccklich.\">Anwalt Arbeitsrecht Schwarzenbek &#8211; Nadja ist super gl\u00fccklich.<\/a><\/li><li><a href=\"https:\/\/anwalt.rocks\/arbeitsrecht\/oerlinghausen\/\" title=\"Rechtsanwalt Oerlinghausen Fachanwalt f\u00fcr Arbeitsrecht.\">Rechtsanwalt Oerlinghausen Fachanwalt f\u00fcr Arbeitsrecht.<\/a><\/li><li><a href=\"https:\/\/anwalt.rocks\/arbeitsrecht\/abensberg\/\" title=\"Anwalt Arbeitsrecht Abensberg &#8211; Bereits 35 \u00fcbergl\u00fcckliche Mandanten.\">Anwalt Arbeitsrecht Abensberg &#8211; Bereits 35 \u00fcbergl\u00fcckliche Mandanten.<\/a><\/li><li><a href=\"https:\/\/anwalt.rocks\/arbeitsrecht\/kamen\/\" title=\"Anwalt Kamen Arbeitsrecht Mandanten Vertreung f\u00fcr Arbeitnehmer und Arbeitgeber.\">Anwalt Kamen Arbeitsrecht Mandanten Vertreung f\u00fcr Arbeitnehmer und Arbeitgeber.<\/a><\/li><\/ul><\/div>\n","protected":false},"excerpt":{"rendered":"<h2>Fachanwalt Dr. Schmelzer f\u00fcr Arbeitsrecht Kamen und nicht zuletzt Teilzeit und flexible Arbeitszeit.<\/h2>\n<p><a href=\"https:\/\/dr-schmelzer.eu\/arbeitsrecht\/\" target=\"_blank\" rel=\"noopener\"><img loading=\"lazy\" decoding=\"async\" src=\"https:\/\/anwalt.rocks\/bilder\/arbeitsrecht\/anwalt-arbeitsrecht-600x600.webp\" alt=\"Anwalt Kamen Arbeitsrecht Mandanten Vertreung f\u00fcr Arbeitnehmer und Arbeitgeber.\" title=\"Anwalt Kamen Arbeitsrecht Mandanten Vertreung f\u00fcr Arbeitnehmer und Arbeitgeber.\" width=\"600\" height=\"600\" \/><\/a> <\/p>\n<h3>Anwalt Arbeitsrecht und IT Recht Kamen &#8211; Kanzlei Dr. Stephan Schmelzer.<\/h3>\n<p>Dr. Stephan Schmelzer ist Ihr erfahrener Experte f\u00fcr alle Fragen des Arbeitsrechts. Mit \u00fcber zwei Jahrzehnten &hellip;<\/p>","protected":false},"author":1,"featured_media":0,"comment_status":"closed","ping_status":"open","sticky":false,"template":"","format":"standard","meta":{"footnotes":""},"categories":[3],"tags":[],"class_list":["post-9010","post","type-post","status-publish","format-standard","hentry","category-fachanwalt"],"yoast_head":"<!-- This site is optimized with the Yoast SEO Premium plugin v27.1 (Yoast SEO v27.2) - https:\/\/yoast.com\/product\/yoast-seo-premium-wordpress\/ -->\n<title>Kanzlei Dr. Stephan Schmelzer Rechtsanwalt Arbeitsrecht Norderstedt.<\/title>\n<meta name=\"robots\" content=\"index, follow, max-snippet:-1, max-image-preview:large, max-video-preview:-1\" \/>\n<link rel=\"canonical\" href=\"https:\/\/anwalt.rocks\/arbeitsrecht\/norderstedt\/\" \/>\n<meta property=\"og:locale\" content=\"de_DE\" \/>\n<meta property=\"og:type\" content=\"article\" \/>\n<meta property=\"og:title\" content=\"Kanzlei Dr. Stephan Schmelzer Rechtsanwalt Arbeitsrecht Norderstedt.\" \/>\n<meta property=\"og:description\" content=\"Fachanwalt Dr. Schmelzer f\u00fcr Arbeitsrecht Kamen und nicht zuletzt Teilzeit und flexible Arbeitszeit.  Anwalt Arbeitsrecht und IT Recht Kamen &#8211; Kanzlei Dr. Stephan Schmelzer. Dr. Stephan Schmelzer ist Ihr erfahrener Experte f\u00fcr alle Fragen des Arbeitsrechts. Mit \u00fcber zwei Jahrzehnten &hellip;\" \/>\n<meta property=\"og:url\" content=\"https:\/\/anwalt.rocks\/arbeitsrecht\/norderstedt\/\" \/>\n<meta property=\"og:site_name\" content=\"Anwalt Arbeitsrecht in der N\u00e4he - Dr. Schmelzer\" \/>\n<meta property=\"article:published_time\" content=\"2025-01-08T09:51:35+00:00\" \/>\n<meta property=\"og:image\" content=\"https:\/\/anwalt.rocks\/bilder\/arbeitsrecht\/anwalt-arbeitsrecht-600x600.webp\" \/>\n<meta name=\"author\" content=\"admin\" \/>\n<meta name=\"twitter:card\" content=\"summary_large_image\" \/>\n<meta name=\"twitter:label1\" content=\"Verfasst von\" \/>\n\t<meta name=\"twitter:data1\" content=\"admin\" \/>\n\t<meta name=\"twitter:label2\" content=\"Gesch\u00e4tzte Lesezeit\" \/>\n\t<meta name=\"twitter:data2\" content=\"4\u00a0Minuten\" \/>\n<script type=\"application\/ld+json\" class=\"yoast-schema-graph\">{\"@context\":\"https:\/\/schema.org\",\"@graph\":[{\"@type\":\"Article\",\"@id\":\"https:\/\/anwalt.rocks\/arbeitsrecht\/norderstedt\/#article\",\"isPartOf\":{\"@id\":\"https:\/\/anwalt.rocks\/arbeitsrecht\/norderstedt\/\"},\"author\":{\"name\":\"admin\",\"@id\":\"https:\/\/anwalt.rocks\/arbeitsrecht\/#\/schema\/person\/3fd3b0fc4df170bb2460fbc934288e39\"},\"headline\":\"Kanzlei Dr. Stephan Schmelzer Rechtsanwalt Arbeitsrecht Norderstedt.\",\"datePublished\":\"2025-01-08T09:51:35+00:00\",\"mainEntityOfPage\":{\"@id\":\"https:\/\/anwalt.rocks\/arbeitsrecht\/norderstedt\/\"},\"wordCount\":722,\"publisher\":{\"@id\":\"https:\/\/anwalt.rocks\/arbeitsrecht\/#organization\"},\"image\":{\"@id\":\"https:\/\/anwalt.rocks\/arbeitsrecht\/norderstedt\/#primaryimage\"},\"thumbnailUrl\":\"https:\/\/anwalt.rocks\/bilder\/arbeitsrecht\/anwalt-arbeitsrecht-600x600.webp\",\"articleSection\":[\"Fachanwalt\"],\"inLanguage\":\"de\"},{\"@type\":\"WebPage\",\"@id\":\"https:\/\/anwalt.rocks\/arbeitsrecht\/norderstedt\/\",\"url\":\"https:\/\/anwalt.rocks\/arbeitsrecht\/norderstedt\/\",\"name\":\"Kanzlei Dr. Stephan Schmelzer Rechtsanwalt Arbeitsrecht Norderstedt.\",\"isPartOf\":{\"@id\":\"https:\/\/anwalt.rocks\/arbeitsrecht\/#website\"},\"primaryImageOfPage\":{\"@id\":\"https:\/\/anwalt.rocks\/arbeitsrecht\/norderstedt\/#primaryimage\"},\"image\":{\"@id\":\"https:\/\/anwalt.rocks\/arbeitsrecht\/norderstedt\/#primaryimage\"},\"thumbnailUrl\":\"https:\/\/anwalt.rocks\/bilder\/arbeitsrecht\/anwalt-arbeitsrecht-600x600.webp\",\"datePublished\":\"2025-01-08T09:51:35+00:00\",\"breadcrumb\":{\"@id\":\"https:\/\/anwalt.rocks\/arbeitsrecht\/norderstedt\/#breadcrumb\"},\"inLanguage\":\"de\",\"potentialAction\":[{\"@type\":\"ReadAction\",\"target\":[\"https:\/\/anwalt.rocks\/arbeitsrecht\/norderstedt\/\"]}]},{\"@type\":\"ImageObject\",\"inLanguage\":\"de\",\"@id\":\"https:\/\/anwalt.rocks\/arbeitsrecht\/norderstedt\/#primaryimage\",\"url\":\"https:\/\/anwalt.rocks\/bilder\/arbeitsrecht\/anwalt-arbeitsrecht-600x600.webp\",\"contentUrl\":\"https:\/\/anwalt.rocks\/bilder\/arbeitsrecht\/anwalt-arbeitsrecht-600x600.webp\"},{\"@type\":\"BreadcrumbList\",\"@id\":\"https:\/\/anwalt.rocks\/arbeitsrecht\/norderstedt\/#breadcrumb\",\"itemListElement\":[{\"@type\":\"ListItem\",\"position\":1,\"name\":\"Start\",\"item\":\"https:\/\/anwalt.rocks\/arbeitsrecht\/\"},{\"@type\":\"ListItem\",\"position\":2,\"name\":\"Kanzlei Dr. Stephan Schmelzer Rechtsanwalt Arbeitsrecht Norderstedt.\"}]},{\"@type\":\"WebSite\",\"@id\":\"https:\/\/anwalt.rocks\/arbeitsrecht\/#website\",\"url\":\"https:\/\/anwalt.rocks\/arbeitsrecht\/\",\"name\":\"Anwalt Arbeitsrecht in der N\u00e4he - Dr. Schmelzer\",\"description\":\"Kompetenzen und Vorteile von Dr. Stephan Schmelzer \u2013 Anwalt und Fachanwalt f\u00fcr Arbeitsrecht mit 25 j\u00e4hriger Berufspraxis.\",\"publisher\":{\"@id\":\"https:\/\/anwalt.rocks\/arbeitsrecht\/#organization\"},\"potentialAction\":[{\"@type\":\"SearchAction\",\"target\":{\"@type\":\"EntryPoint\",\"urlTemplate\":\"https:\/\/anwalt.rocks\/arbeitsrecht\/?s={search_term_string}\"},\"query-input\":{\"@type\":\"PropertyValueSpecification\",\"valueRequired\":true,\"valueName\":\"search_term_string\"}}],\"inLanguage\":\"de\"},{\"@type\":\"Organization\",\"@id\":\"https:\/\/anwalt.rocks\/arbeitsrecht\/#organization\",\"name\":\"Kanzlei Dr. Schmelzer\",\"url\":\"https:\/\/anwalt.rocks\/arbeitsrecht\/\",\"logo\":{\"@type\":\"ImageObject\",\"inLanguage\":\"de\",\"@id\":\"https:\/\/anwalt.rocks\/arbeitsrecht\/#\/schema\/logo\/image\/\",\"url\":\"https:\/\/anwalt.rocks\/arbeitsrecht\/wp-content\/uploads\/sites\/2\/2025\/01\/anwalt-arbeitsrecht-logo.png\",\"contentUrl\":\"https:\/\/anwalt.rocks\/arbeitsrecht\/wp-content\/uploads\/sites\/2\/2025\/01\/anwalt-arbeitsrecht-logo.png\",\"width\":450,\"height\":150,\"caption\":\"Kanzlei Dr. Schmelzer\"},\"image\":{\"@id\":\"https:\/\/anwalt.rocks\/arbeitsrecht\/#\/schema\/logo\/image\/\"}},{\"@type\":\"Person\",\"@id\":\"https:\/\/anwalt.rocks\/arbeitsrecht\/#\/schema\/person\/3fd3b0fc4df170bb2460fbc934288e39\",\"name\":\"admin\",\"image\":{\"@type\":\"ImageObject\",\"inLanguage\":\"de\",\"@id\":\"https:\/\/secure.gravatar.com\/avatar\/2a567a722e62dc61f1aaa46c6b595fa617f2003443806e3422a8fed77c029cfc?s=96&d=mm&r=g\",\"url\":\"https:\/\/secure.gravatar.com\/avatar\/2a567a722e62dc61f1aaa46c6b595fa617f2003443806e3422a8fed77c029cfc?s=96&d=mm&r=g\",\"contentUrl\":\"https:\/\/secure.gravatar.com\/avatar\/2a567a722e62dc61f1aaa46c6b595fa617f2003443806e3422a8fed77c029cfc?s=96&d=mm&r=g\",\"caption\":\"admin\"},\"sameAs\":[\"https:\/\/anwalt.rocks\"],\"url\":\"https:\/\/anwalt.rocks\/arbeitsrecht\/author\/admin\/\"}]}<\/script>\n<!-- \/ Yoast SEO Premium plugin. -->","yoast_head_json":{"title":"Kanzlei Dr. Stephan Schmelzer Rechtsanwalt Arbeitsrecht Norderstedt.","robots":{"index":"index","follow":"follow","max-snippet":"max-snippet:-1","max-image-preview":"max-image-preview:large","max-video-preview":"max-video-preview:-1"},"canonical":"https:\/\/anwalt.rocks\/arbeitsrecht\/norderstedt\/","og_locale":"de_DE","og_type":"article","og_title":"Kanzlei Dr. Stephan Schmelzer Rechtsanwalt Arbeitsrecht Norderstedt.","og_description":"Fachanwalt Dr. Schmelzer f\u00fcr Arbeitsrecht Kamen und nicht zuletzt Teilzeit und flexible Arbeitszeit.  Anwalt Arbeitsrecht und IT Recht Kamen &#8211; Kanzlei Dr. Stephan Schmelzer. Dr. Stephan Schmelzer ist Ihr erfahrener Experte f\u00fcr alle Fragen des Arbeitsrechts. Mit \u00fcber zwei Jahrzehnten &hellip;","og_url":"https:\/\/anwalt.rocks\/arbeitsrecht\/norderstedt\/","og_site_name":"Anwalt Arbeitsrecht in der N\u00e4he - Dr. Schmelzer","article_published_time":"2025-01-08T09:51:35+00:00","og_image":[{"url":"https:\/\/anwalt.rocks\/bilder\/arbeitsrecht\/anwalt-arbeitsrecht-600x600.webp","type":"","width":"","height":""}],"author":"admin","twitter_card":"summary_large_image","twitter_misc":{"Verfasst von":"admin","Gesch\u00e4tzte Lesezeit":"4\u00a0Minuten"},"schema":{"@context":"https:\/\/schema.org","@graph":[{"@type":"Article","@id":"https:\/\/anwalt.rocks\/arbeitsrecht\/norderstedt\/#article","isPartOf":{"@id":"https:\/\/anwalt.rocks\/arbeitsrecht\/norderstedt\/"},"author":{"name":"admin","@id":"https:\/\/anwalt.rocks\/arbeitsrecht\/#\/schema\/person\/3fd3b0fc4df170bb2460fbc934288e39"},"headline":"Kanzlei Dr. Stephan Schmelzer Rechtsanwalt Arbeitsrecht Norderstedt.","datePublished":"2025-01-08T09:51:35+00:00","mainEntityOfPage":{"@id":"https:\/\/anwalt.rocks\/arbeitsrecht\/norderstedt\/"},"wordCount":722,"publisher":{"@id":"https:\/\/anwalt.rocks\/arbeitsrecht\/#organization"},"image":{"@id":"https:\/\/anwalt.rocks\/arbeitsrecht\/norderstedt\/#primaryimage"},"thumbnailUrl":"https:\/\/anwalt.rocks\/bilder\/arbeitsrecht\/anwalt-arbeitsrecht-600x600.webp","articleSection":["Fachanwalt"],"inLanguage":"de"},{"@type":"WebPage","@id":"https:\/\/anwalt.rocks\/arbeitsrecht\/norderstedt\/","url":"https:\/\/anwalt.rocks\/arbeitsrecht\/norderstedt\/","name":"Kanzlei Dr. Stephan Schmelzer Rechtsanwalt Arbeitsrecht Norderstedt.","isPartOf":{"@id":"https:\/\/anwalt.rocks\/arbeitsrecht\/#website"},"primaryImageOfPage":{"@id":"https:\/\/anwalt.rocks\/arbeitsrecht\/norderstedt\/#primaryimage"},"image":{"@id":"https:\/\/anwalt.rocks\/arbeitsrecht\/norderstedt\/#primaryimage"},"thumbnailUrl":"https:\/\/anwalt.rocks\/bilder\/arbeitsrecht\/anwalt-arbeitsrecht-600x600.webp","datePublished":"2025-01-08T09:51:35+00:00","breadcrumb":{"@id":"https:\/\/anwalt.rocks\/arbeitsrecht\/norderstedt\/#breadcrumb"},"inLanguage":"de","potentialAction":[{"@type":"ReadAction","target":["https:\/\/anwalt.rocks\/arbeitsrecht\/norderstedt\/"]}]},{"@type":"ImageObject","inLanguage":"de","@id":"https:\/\/anwalt.rocks\/arbeitsrecht\/norderstedt\/#primaryimage","url":"https:\/\/anwalt.rocks\/bilder\/arbeitsrecht\/anwalt-arbeitsrecht-600x600.webp","contentUrl":"https:\/\/anwalt.rocks\/bilder\/arbeitsrecht\/anwalt-arbeitsrecht-600x600.webp"},{"@type":"BreadcrumbList","@id":"https:\/\/anwalt.rocks\/arbeitsrecht\/norderstedt\/#breadcrumb","itemListElement":[{"@type":"ListItem","position":1,"name":"Start","item":"https:\/\/anwalt.rocks\/arbeitsrecht\/"},{"@type":"ListItem","position":2,"name":"Kanzlei Dr. Stephan Schmelzer Rechtsanwalt Arbeitsrecht Norderstedt."}]},{"@type":"WebSite","@id":"https:\/\/anwalt.rocks\/arbeitsrecht\/#website","url":"https:\/\/anwalt.rocks\/arbeitsrecht\/","name":"Anwalt Arbeitsrecht in der N\u00e4he - Dr. Schmelzer","description":"Kompetenzen und Vorteile von Dr. Stephan Schmelzer \u2013 Anwalt und Fachanwalt f\u00fcr Arbeitsrecht mit 25 j\u00e4hriger Berufspraxis.","publisher":{"@id":"https:\/\/anwalt.rocks\/arbeitsrecht\/#organization"},"potentialAction":[{"@type":"SearchAction","target":{"@type":"EntryPoint","urlTemplate":"https:\/\/anwalt.rocks\/arbeitsrecht\/?s={search_term_string}"},"query-input":{"@type":"PropertyValueSpecification","valueRequired":true,"valueName":"search_term_string"}}],"inLanguage":"de"},{"@type":"Organization","@id":"https:\/\/anwalt.rocks\/arbeitsrecht\/#organization","name":"Kanzlei Dr. Schmelzer","url":"https:\/\/anwalt.rocks\/arbeitsrecht\/","logo":{"@type":"ImageObject","inLanguage":"de","@id":"https:\/\/anwalt.rocks\/arbeitsrecht\/#\/schema\/logo\/image\/","url":"https:\/\/anwalt.rocks\/arbeitsrecht\/wp-content\/uploads\/sites\/2\/2025\/01\/anwalt-arbeitsrecht-logo.png","contentUrl":"https:\/\/anwalt.rocks\/arbeitsrecht\/wp-content\/uploads\/sites\/2\/2025\/01\/anwalt-arbeitsrecht-logo.png","width":450,"height":150,"caption":"Kanzlei Dr. Schmelzer"},"image":{"@id":"https:\/\/anwalt.rocks\/arbeitsrecht\/#\/schema\/logo\/image\/"}},{"@type":"Person","@id":"https:\/\/anwalt.rocks\/arbeitsrecht\/#\/schema\/person\/3fd3b0fc4df170bb2460fbc934288e39","name":"admin","image":{"@type":"ImageObject","inLanguage":"de","@id":"https:\/\/secure.gravatar.com\/avatar\/2a567a722e62dc61f1aaa46c6b595fa617f2003443806e3422a8fed77c029cfc?s=96&d=mm&r=g","url":"https:\/\/secure.gravatar.com\/avatar\/2a567a722e62dc61f1aaa46c6b595fa617f2003443806e3422a8fed77c029cfc?s=96&d=mm&r=g","contentUrl":"https:\/\/secure.gravatar.com\/avatar\/2a567a722e62dc61f1aaa46c6b595fa617f2003443806e3422a8fed77c029cfc?s=96&d=mm&r=g","caption":"admin"},"sameAs":["https:\/\/anwalt.rocks"],"url":"https:\/\/anwalt.rocks\/arbeitsrecht\/author\/admin\/"}]}},"_links":{"self":[{"href":"https:\/\/anwalt.rocks\/arbeitsrecht\/wp-json\/wp\/v2\/posts\/9010","targetHints":{"allow":["GET"]}}],"collection":[{"href":"https:\/\/anwalt.rocks\/arbeitsrecht\/wp-json\/wp\/v2\/posts"}],"about":[{"href":"https:\/\/anwalt.rocks\/arbeitsrecht\/wp-json\/wp\/v2\/types\/post"}],"author":[{"embeddable":true,"href":"https:\/\/anwalt.rocks\/arbeitsrecht\/wp-json\/wp\/v2\/users\/1"}],"replies":[{"embeddable":true,"href":"https:\/\/anwalt.rocks\/arbeitsrecht\/wp-json\/wp\/v2\/comments?post=9010"}],"version-history":[{"count":0,"href":"https:\/\/anwalt.rocks\/arbeitsrecht\/wp-json\/wp\/v2\/posts\/9010\/revisions"}],"wp:attachment":[{"href":"https:\/\/anwalt.rocks\/arbeitsrecht\/wp-json\/wp\/v2\/media?parent=9010"}],"wp:term":[{"taxonomy":"category","embeddable":true,"href":"https:\/\/anwalt.rocks\/arbeitsrecht\/wp-json\/wp\/v2\/categories?post=9010"},{"taxonomy":"post_tag","embeddable":true,"href":"https:\/\/anwalt.rocks\/arbeitsrecht\/wp-json\/wp\/v2\/tags?post=9010"}],"curies":[{"name":"wp","href":"https:\/\/api.w.org\/{rel}","templated":true}]}}