{"id":9053,"date":"2025-01-11T03:29:45","date_gmt":"2025-01-11T02:29:45","guid":{"rendered":"https:\/\/anwalt.rocks\/arbeitsrecht\/oberviechtach\/"},"modified":"2025-01-11T03:29:45","modified_gmt":"2025-01-11T02:29:45","slug":"oberviechtach","status":"publish","type":"post","link":"https:\/\/anwalt.rocks\/arbeitsrecht\/oberviechtach\/","title":{"rendered":"Anwalt Oberviechtach bzgl. Arbeitsrecht."},"content":{"rendered":"<span class=\"span-reading-time rt-reading-time\" style=\"display: block;\"><span class=\"rt-label rt-prefix\">Lesedauer<\/span> <span class=\"rt-time\"> 3<\/span> <span class=\"rt-label rt-postfix\">Minuten<\/span><\/span><h2>Kanzlei Dr. Stephan Schmelzer Rechtsanwalt f\u00fcr Arbeitsrecht Oberviechtach.<\/h2>\n<p><a href=\"https:\/\/dr-schmelzer.eu\/arbeitsrecht\/\" target=\"_blank\" rel=\"noopener\"><img loading=\"lazy\" decoding=\"async\" src=\"https:\/\/anwalt.rocks\/bilder\/arbeitsrecht\/anwalt-arbeitsrecht-600x600.webp\" alt=\"Anwalt Oberviechtach bzgl. Arbeitsrecht.\" title=\"Anwalt Oberviechtach bzgl. Arbeitsrecht.\" width=\"600\" height=\"600\" \/><\/a> <\/p>\n<h3>Rechtsanwalt Arbeitsrecht Oberviechtach &#8211; Anwaltskanzlei Dr. Stephan Schmelzer.<\/h3>\n<p>Bei juristischen Herausforderungen im Arbeitsrecht steht Ihnen Dr. Stephan Schmelzer zur Seite. Seine Fachanwaltszulassung im Arbeitsrecht und seine langj\u00e4hrige Erfahrung machen ihn \u00fcberregional bekannt. Seine Kanzlei, die er seit zwei Jahrzehnten f\u00fchrt, steht f\u00fcr juristische Exzellenz, individuelle Betreuung und pr\u00e4zise Beratung. Dr. Schmelzers Fachkenntnisse im Arbeits- und IT-Recht sind in der modernen digitalen Arbeitswelt von unsch\u00e4tzbarem Wert. &#8211; <a title=\"Anwalt Arbeitsrecht Stuttgart\" href=\"https:\/\/anwalt.rocks\/arbeitsrecht\/stuttgart\/\">Anwalt Arbeitsrecht Stuttgart<\/a><\/p>\n<p><a href=\"https:\/\/dr-schmelzer.eu\/arbeitsrecht\/\" target=\"_blank\" rel=\"noopener\"><img loading=\"lazy\" decoding=\"async\" src=\"https:\/\/anwalt.rocks\/bilder\/arbeitsrecht\/rechtsanwalt-arbeitsrecht-600x600.webp\" alt=\"Anwalt Arbeitsrecht Oberviechtach\" title=\"Anwalt Arbeitsrecht Oberviechtach\" width=\"600\" height=\"600\" \/><\/a> <\/p>\n<h3>Anwaltskanzlei Dr. Stephan Schmelzer &#8211; Experte f\u00fcr Arbeitsrecht Oberviechtach.<\/h3>\n<p>Seine Arbeit im IT-Recht ist eine wertvolle Erg\u00e4nzung, doch im Mittelpunkt steht das Arbeitsrecht \u2013 national und global. Das Arbeitsrecht in seiner ganzen Vielfalt ist das Spezialgebiet von Dr. Schmelzer, der personalisierte Ans\u00e4tze f\u00fcr Mandanten bietet. Seine pers\u00f6nliche Herangehensweise und fundierte Erfahrung machen ihn zu einem der gefragtesten Fachanw\u00e4lte in diesem Bereich. &#8211; <a title=\"Anwalt B\u00fcdingen\" href=\"https:\/\/anwalt.rocks\/arbeitsrecht\/buedingen\/\">Anwalt B\u00fcdingen<\/a><\/p>\n<h3>Erfahren und extrem einsatzfreudig &#8211; Fest drei Jahrzehnte Anwaltserfahrung als Jurist Oberviechtach.<\/h3>\n<p>Arbeitgeber stehen vor rechtlichen Herausforderungen, die sowohl die Vertragsgestaltung als auch tiefgreifende Restrukturierungen umfassen. Unternehmen k\u00f6nnen auf Dr. Schmelzers praxisorientierte Unterst\u00fctzung z\u00e4hlen, um juristische Risiken zu reduzieren und praktikable Strategien umzusetzen. Seine Kernkompetenzen umfassen: &#8211; <a title=\"Anwalt Arbeitsrecht Riedenburg\" href=\"https:\/\/anwalt.rocks\/arbeitsrecht\/riedenburg\/\">Anwalt Arbeitsrecht Riedenburg<\/a><\/p>\n<h3>Anwalt Arbeitsrecht Oberviechtach 39 fr\u00f6hliche Mandanten.<\/h3>\n<p>Gestaltung rechtlich stabiler Arbeitsvertr\u00e4ge, die auch individuell flexibel sind. Entwicklung von Arbeitszeit- und Verg\u00fctungsstrukturen, die den individuellen Bed\u00fcrfnissen des Unternehmens entsprechen. &#8211; <a title=\"Anwalt Arbeitsrecht Gengenbach\" href=\"https:\/\/anwalt.rocks\/arbeitsrecht\/gengenbach\/\">Anwalt Arbeitsrecht Gengenbach<\/a><\/p>\n<h3>Deshalb f\u00e4llt die Entscheidung auf den zuverl\u00e4ssigen Anwalt Oberviechtach:<\/h3>\n<p>Beratung bei der Umsetzung von rechtlich einwandfreien K\u00fcndigungen aus unterschiedlichen Anl\u00e4ssen. Unterst\u00fctzung zur Minimierung rechtlicher Risiken und Betreuung durch den K\u00fcndigungsprozess.<\/p>\n<h3>Juristisches Fachwissen und auch durchsetzungsstark.<\/h3>\n<p>Unterst\u00fctzung bei der Gestaltung der Betriebsratsbeteiligung bei wesentlichen Entscheidungen. Unterst\u00fctzung bei der Gestaltung und Umsetzung von Betriebsvereinbarungen im Unternehmen. Rechtliche Beratung und strategische Planung zur Umsetzung von Restrukturierungsprojekten. Rechtliche Unterst\u00fctzung in gerichtlichen Angelegenheiten, einschlie\u00dflich K\u00fcndigungsschutzverfahren und Entfristungsklagen. Konzentration auf die effektive und erfolgreiche Wahrung der Rechte und Anliegen des Unternehmens.<\/p>\n<h3>Anwalt Arbeitsrecht Oberviechtach &#8211; Experte Dr. Schmelzer.<\/h3>\n<p>Arbeitnehmer k\u00f6nnen auf die fundierte Expertise von Dr. Schmelzer vertrauen. Bei Konflikten steht er als entschlossener Partner zur Verf\u00fcgung, der mit Nachdruck die Interessen seiner Mandanten vertritt. Zu den spezialisierten Leistungen geh\u00f6ren:<\/p>\n<p>Juristische Betreuung und Vertretung bei K\u00fcndigungsschutzverfahren vor dem Arbeitsgericht. Unterst\u00fctzung bei der Verhandlung von Abfindungs- und Ausgleichszahlungen. Juristische Betreuung und Vertretung bei K\u00fcndigungsschutzverfahren vor dem Arbeitsgericht. Unterst\u00fctzung bei der Verhandlung von Abfindungs- und Ausgleichszahlungen.<\/p>\n<p>Rechtliche Beratung bei der Gestaltung von Aufhebungsvertr\u00e4gen und Verhandlungen \u00fcber Abfindungen. Hilfe bei der \u00dcberarbeitung und inhaltlichen Korrektur von Arbeitszeugnissen. Vertretung vor Gericht in Zeugnisklagen, um eine angemessene Beurteilung zu erlangen. Geringe Kosten Beratung und rechtliche Unterst\u00fctzung bei der Durchsetzung von Lohnforderungen. Vertretung bei arbeitsgerichtlichen Klagen \u00fcber Entgelt und offene \u00dcberstundenverg\u00fctungen. Pr\u00fcfung von Abmahnungen und rechtliche Unterst\u00fctzung zur Beseitigung unbegr\u00fcndeter Vorw\u00fcrfe.<\/p>\n<h4>Vertretung f\u00fcr Arbeitnehmer in Sachen Anwalt Arbeitsrecht Oberviechtach.<\/h4>\n<p>Dr. Schmelzer ist auf die Bereiche Restrukturierung und Konfliktbew\u00e4ltigung spezialisiert. Die Unterst\u00fctzung von Unternehmen bei der Restrukturierung z\u00e4hlt zu den Kernbereichen von Dr. Schmelzer. Diese Aufgaben erfordern eine Verbindung aus rechtlichem Fachwissen, Verhandlungskunst und wirtschaftlichem Einblick.<\/p>\n<p>Anwalt Oberviechtach Ergebnis: Mit gro\u00dfer Kompetenz unterst\u00fctzt Dr. Schmelzer Unternehmen bei der Vorbereitung von Sozialpl\u00e4nen und Interessenausgleichen. Es wird stets nach einer L\u00f6sung gesucht, die von allen Seiten akzeptiert werden kann. Dank seines breiten Fachwissens und seiner strategischen Herangehensweise ist Dr. Schmelzer ein verl\u00e4sslicher Partner in Verhandlungen mit Gewerkschaften und Betriebsr\u00e4ten.<\/p>\n<p>Der Fachanwalt f\u00fcr Arbeitsrecht sieht in jedem Fall eine individuelle Aufgabe, die h\u00f6chste Aufmerksamkeit verdient. Sein Fokus liegt auf der optimalen Unterst\u00fctzung seiner Mandanten \u2013 ob durch Einigungen oder durch gerichtliche Vertretung. F\u00fcr ihn ist die Kombination aus Transparenz und enger Zusammenarbeit der Schl\u00fcssel zum Erfolg. Die Zufriedenheit der Mandanten hat f\u00fcr Dr. Schmelzer h\u00f6chste Relevanz. Dies spiegelt sich sowohl in seinen erfolgreichen Ergebnissen als auch in dem positiven Feedback seiner Mandanten wider, die seine professionelle und l\u00f6sungsorientierte Herangehensweise loben. Die Kanzlei Dr. Stephan Schmelzer ist ein verl\u00e4sslicher Partner f\u00fcr Arbeitnehmer und Arbeitgeber, der auf Wissen und Engagement setzt.<\/p>\n<article class=\"contact contact-list post-2634 profile type-profile status-publish has-post-thumbnail hentry\" data-contact=\"2634\">\n    \n    <div class=\"media\">\n        <div class=\"media-left\">\n            <a  href=\"#\" data-toggle=\"modal\" data-target=\"#ContactModal\"  title=\"Mario K. jetzt Kontakt aufnehmen!\">\n                <img loading=\"lazy\" decoding=\"async\" width=\"500\" height=\"500\" src=\"https:\/\/anwalt.rocks\/arbeitsrecht\/wp-content\/uploads\/sites\/2\/2025\/01\/meinung-12.jpg\" class=\"contact-image media-object wp-post-image\" alt=\"Mario K.\" srcset=\"https:\/\/anwalt.rocks\/arbeitsrecht\/wp-content\/uploads\/sites\/2\/2025\/01\/meinung-12.jpg 500w, https:\/\/anwalt.rocks\/arbeitsrecht\/wp-content\/uploads\/sites\/2\/2025\/01\/meinung-12-300x300.jpg 300w, https:\/\/anwalt.rocks\/arbeitsrecht\/wp-content\/uploads\/sites\/2\/2025\/01\/meinung-12-150x150.jpg 150w\" sizes=\"auto, (max-width: 500px) 100vw, 500px\" \/>            <\/a>\n        <\/div>\n\n        <div class=\"media-body\">\n                        <p class=\"h2 media-heading\">\n                <a  href=\"#\" data-toggle=\"modal\" data-target=\"#ContactModal\"  title=\"Mario K. jetzt Kontakt aufnehmen!\">\n                    <span class=\"contact-name\">Mario K.<\/span>\n                <\/a>\n\n                <span class=\"contact-text\"><\/span> <span class=\"contact-city\"><a href=\"https:\/\/anwalt.rocks\/arbeitsrecht\/region\/minden-mitte\/\">Anwalt Arbeitsrecht Minden Mitte<\/a><\/span>            <\/p>\n\n            <div class=\"quote\"><p>Dieser Anwalt wurde mir empfohlen, als ich Probleme mit der Auszahlung meines Urlaubsanspruchs hatte. Er hat meinen Arbeitgeber schnell und effektiv zur Zahlung gebracht. Sein Fachwissen im Arbeitsrecht und sein strategisches Vorgehen waren hervorragend. Ich werde ihn definitiv weiterempfehlen!&hellip;<\/p><\/div>\n            <a class=\"btn btn-cta\"  href=\"#\" data-toggle=\"modal\" data-target=\"#ContactModal\"  title=\"Mario K. jetzt Kontakt aufnehmen!\">\n                Nachricht senden            <\/a>\n        <\/div>\n    <\/div>\n<\/article><article class=\"contact contact-list post-2655 profile type-profile status-publish has-post-thumbnail hentry\" data-contact=\"2655\">\n    \n    <div class=\"media\">\n        <div class=\"media-left\">\n            <a  href=\"#\" data-toggle=\"modal\" data-target=\"#ContactModal\"  title=\"Gustav G. jetzt Kontakt aufnehmen!\">\n                <img loading=\"lazy\" decoding=\"async\" width=\"500\" height=\"500\" src=\"https:\/\/anwalt.rocks\/arbeitsrecht\/wp-content\/uploads\/sites\/2\/2025\/01\/meinung-19.jpg\" class=\"contact-image media-object wp-post-image\" alt=\"Gustav G.\" srcset=\"https:\/\/anwalt.rocks\/arbeitsrecht\/wp-content\/uploads\/sites\/2\/2025\/01\/meinung-19.jpg 500w, https:\/\/anwalt.rocks\/arbeitsrecht\/wp-content\/uploads\/sites\/2\/2025\/01\/meinung-19-300x300.jpg 300w, https:\/\/anwalt.rocks\/arbeitsrecht\/wp-content\/uploads\/sites\/2\/2025\/01\/meinung-19-150x150.jpg 150w\" sizes=\"auto, (max-width: 500px) 100vw, 500px\" \/>            <\/a>\n        <\/div>\n\n        <div class=\"media-body\">\n                        <p class=\"h2 media-heading\">\n                <a  href=\"#\" data-toggle=\"modal\" data-target=\"#ContactModal\"  title=\"Gustav G. jetzt Kontakt aufnehmen!\">\n                    <span class=\"contact-name\">Gustav G.<\/span>\n                <\/a>\n\n                <span class=\"contact-text\"><\/span> <span class=\"contact-city\"><a href=\"https:\/\/anwalt.rocks\/arbeitsrecht\/region\/pforzheim-weststadt\/\">Anwalt Arbeitsrecht Pforzheim Weststadt<\/a><\/span>            <\/p>\n\n            <div class=\"quote\"><p>Dieser Anwalt hat mir geholfen, als mein Arbeitgeber mich wegen angeblicher Fehlleistungen abmahnen wollte. Er konnte die Abmahnung erfolgreich anfechten und hat mir meine Rechte ausf\u00fchrlich erkl\u00e4rt. Ich bin sehr dankbar f\u00fcr seine Unterst\u00fctzung und w\u00fcrde ihn immer wieder kontaktieren.&hellip;<\/p><\/div>\n            <a class=\"btn btn-cta\"  href=\"#\" data-toggle=\"modal\" data-target=\"#ContactModal\"  title=\"Gustav G. jetzt Kontakt aufnehmen!\">\n                Nachricht senden            <\/a>\n        <\/div>\n    <\/div>\n<\/article><article class=\"contact contact-list post-2640 profile type-profile status-publish has-post-thumbnail hentry\" data-contact=\"2640\">\n    \n    <div class=\"media\">\n        <div class=\"media-left\">\n            <a  href=\"#\" data-toggle=\"modal\" data-target=\"#ContactModal\"  title=\"Klaus D. jetzt Kontakt aufnehmen!\">\n                <img loading=\"lazy\" decoding=\"async\" width=\"500\" height=\"500\" src=\"https:\/\/anwalt.rocks\/arbeitsrecht\/wp-content\/uploads\/sites\/2\/2025\/01\/meinung-14.jpg\" class=\"contact-image media-object wp-post-image\" alt=\"Klaus D.\" srcset=\"https:\/\/anwalt.rocks\/arbeitsrecht\/wp-content\/uploads\/sites\/2\/2025\/01\/meinung-14.jpg 500w, https:\/\/anwalt.rocks\/arbeitsrecht\/wp-content\/uploads\/sites\/2\/2025\/01\/meinung-14-300x300.jpg 300w, https:\/\/anwalt.rocks\/arbeitsrecht\/wp-content\/uploads\/sites\/2\/2025\/01\/meinung-14-150x150.jpg 150w\" sizes=\"auto, (max-width: 500px) 100vw, 500px\" \/>            <\/a>\n        <\/div>\n\n        <div class=\"media-body\">\n                        <p class=\"h2 media-heading\">\n                <a  href=\"#\" data-toggle=\"modal\" data-target=\"#ContactModal\"  title=\"Klaus D. jetzt Kontakt aufnehmen!\">\n                    <span class=\"contact-name\">Klaus D.<\/span>\n                <\/a>\n\n                <span class=\"contact-text\"><\/span> <span class=\"contact-city\"><a href=\"https:\/\/anwalt.rocks\/arbeitsrecht\/region\/leipzig-schoenefeld\/\">Anwalt Arbeitsrecht Leipzig Sch\u00f6nefeld<\/a><\/span>            <\/p>\n\n            <div class=\"quote\"><p>Nach einer internen Umstrukturierung sollte ich pl\u00f6tzlich in eine andere Stadt versetzt werden. Dieser Fachanwalt f\u00fcr Arbeitsrecht hat sich intensiv mit meinem Fall besch\u00e4ftigt und meine Rechte erfolgreich durchgesetzt. Ich konnte meinen bisherigen Arbeitsplatz behalten. Seine Kompetenz und sein Einsatz &hellip;<\/p><\/div>\n            <a class=\"btn btn-cta\"  href=\"#\" data-toggle=\"modal\" data-target=\"#ContactModal\"  title=\"Klaus D. jetzt Kontakt aufnehmen!\">\n                Nachricht senden            <\/a>\n        <\/div>\n    <\/div>\n<\/article><article class=\"contact contact-list post-2652 profile type-profile status-publish has-post-thumbnail hentry\" data-contact=\"2652\">\n    \n    <div class=\"media\">\n        <div class=\"media-left\">\n            <a  href=\"#\" data-toggle=\"modal\" data-target=\"#ContactModal\"  title=\"Donald T. jetzt Kontakt aufnehmen!\">\n                <img loading=\"lazy\" decoding=\"async\" width=\"500\" height=\"500\" src=\"https:\/\/anwalt.rocks\/arbeitsrecht\/wp-content\/uploads\/sites\/2\/2025\/01\/meinung-18.jpg\" class=\"contact-image media-object wp-post-image\" alt=\"Donald T.\" srcset=\"https:\/\/anwalt.rocks\/arbeitsrecht\/wp-content\/uploads\/sites\/2\/2025\/01\/meinung-18.jpg 500w, https:\/\/anwalt.rocks\/arbeitsrecht\/wp-content\/uploads\/sites\/2\/2025\/01\/meinung-18-300x300.jpg 300w, https:\/\/anwalt.rocks\/arbeitsrecht\/wp-content\/uploads\/sites\/2\/2025\/01\/meinung-18-150x150.jpg 150w\" sizes=\"auto, (max-width: 500px) 100vw, 500px\" \/>            <\/a>\n        <\/div>\n\n        <div class=\"media-body\">\n                        <p class=\"h2 media-heading\">\n                <a  href=\"#\" data-toggle=\"modal\" data-target=\"#ContactModal\"  title=\"Donald T. jetzt Kontakt aufnehmen!\">\n                    <span class=\"contact-name\">Donald T.<\/span>\n                <\/a>\n\n                <span class=\"contact-text\"><\/span> <span class=\"contact-city\"><a href=\"https:\/\/anwalt.rocks\/arbeitsrecht\/region\/schweighofen\/\">Anwalt Arbeitsrecht Schweighofen<\/a><\/span>            <\/p>\n\n            <div class=\"quote\"><p>Ich wurde von meinem Arbeitgeber unfair behandelt, nachdem ich auf Elternzeit bestanden hatte. Herr Rechtsanwalt Stephan Schmelzer hat sich meinem Fall angenommen und eine einvernehmliche L\u00f6sung gefunden, die meine berufliche Zukunft sichert. Seine Unterst\u00fctzung war \u00e4u\u00dferst professionell und menschlich zugleich. &hellip;<\/p><\/div>\n            <a class=\"btn btn-cta\"  href=\"#\" data-toggle=\"modal\" data-target=\"#ContactModal\"  title=\"Donald T. jetzt Kontakt aufnehmen!\">\n                Nachricht senden            <\/a>\n        <\/div>\n    <\/div>\n<\/article><article class=\"contact contact-list post-2622 profile type-profile status-publish has-post-thumbnail hentry\" data-contact=\"2622\">\n    \n    <div class=\"media\">\n        <div class=\"media-left\">\n            <a  href=\"#\" data-toggle=\"modal\" data-target=\"#ContactModal\"  title=\"Sabine T., 22 Jahre, aus Frankfurt jetzt Kontakt aufnehmen!\">\n                <img loading=\"lazy\" decoding=\"async\" width=\"500\" height=\"500\" src=\"https:\/\/anwalt.rocks\/arbeitsrecht\/wp-content\/uploads\/sites\/2\/2025\/01\/meinung-08.jpg\" class=\"contact-image media-object wp-post-image\" alt=\"Sabine T., 22 Jahre, aus Frankfurt\" srcset=\"https:\/\/anwalt.rocks\/arbeitsrecht\/wp-content\/uploads\/sites\/2\/2025\/01\/meinung-08.jpg 500w, https:\/\/anwalt.rocks\/arbeitsrecht\/wp-content\/uploads\/sites\/2\/2025\/01\/meinung-08-300x300.jpg 300w, https:\/\/anwalt.rocks\/arbeitsrecht\/wp-content\/uploads\/sites\/2\/2025\/01\/meinung-08-150x150.jpg 150w\" sizes=\"auto, (max-width: 500px) 100vw, 500px\" \/>            <\/a>\n        <\/div>\n\n        <div class=\"media-body\">\n                        <p class=\"h2 media-heading\">\n                <a  href=\"#\" data-toggle=\"modal\" data-target=\"#ContactModal\"  title=\"Sabine T., 22 Jahre, aus Frankfurt jetzt Kontakt aufnehmen!\">\n                    <span class=\"contact-name\">Sabine T., 22 Jahre, aus Frankfurt<\/span>\n                <\/a>\n\n                <span class=\"contact-text\"><\/span> <span class=\"contact-city\"><a href=\"https:\/\/anwalt.rocks\/arbeitsrecht\/region\/mannheim-seckenheim\/\">Anwalt Arbeitsrecht Mannheim Seckenheim<\/a><\/span>            <\/p>\n\n            <div class=\"quote\"><p>Ich hatte ein Problem mit meinem Teilzeitvertrag, da mein Arbeitgeber mich pl\u00f6tzlich zu vielen \u00dcberstunden verpflichten wollte. Herr Schmelzer hat mich wunderbar beraten und schnell eine Kl\u00e4rung herbeigef\u00fchrt. Seine Kompetenz und Freundlichkeit haben mich \u00fcberzeugt. Ich f\u00fchlte mich jederzeit ernst &hellip;<\/p><\/div>\n            <a class=\"btn btn-cta\"  href=\"#\" data-toggle=\"modal\" data-target=\"#ContactModal\"  title=\"Sabine T., 22 Jahre, aus Frankfurt jetzt Kontakt aufnehmen!\">\n                Nachricht senden            <\/a>\n        <\/div>\n    <\/div>\n<\/article>\n<div class=\"blogposts\"><ul><li><a href=\"https:\/\/anwalt.rocks\/arbeitsrecht\/wilster\/\" title=\"Anwalt Arbeitsrecht Wilster &#8211; Diana gewinnt den Fall.\">Anwalt Arbeitsrecht Wilster &#8211; Diana gewinnt den Fall.<\/a><\/li><li><a href=\"https:\/\/anwalt.rocks\/arbeitsrecht\/fraenkische-schweiz\/\" title=\"Fachanwalt zum Thema Arbeitsrecht Fr\u00e4nkische Schweiz.\">Fachanwalt zum Thema Arbeitsrecht Fr\u00e4nkische Schweiz.<\/a><\/li><li><a href=\"https:\/\/anwalt.rocks\/arbeitsrecht\/ostthueringen\/\" title=\"Anwalt Ostth\u00fcringen Experte f\u00fcr IT- und Arbeitsrecht.\">Anwalt Ostth\u00fcringen Experte f\u00fcr IT- und Arbeitsrecht.<\/a><\/li><li><a href=\"https:\/\/anwalt.rocks\/arbeitsrecht\/zwettl\/\" title=\"Anwalt Arbeitsrecht Zwettl &#8211; Judith setzt sich durch.\">Anwalt Arbeitsrecht Zwettl &#8211; Judith setzt sich durch.<\/a><\/li><li><a href=\"https:\/\/anwalt.rocks\/arbeitsrecht\/neukloster\/\" title=\"Kanzlei Dr. Stephan Schmelzer Rechtsanwalt IT- und Arbeitsrecht Neukloster.\">Kanzlei Dr. Stephan Schmelzer Rechtsanwalt IT- und Arbeitsrecht Neukloster.<\/a><\/li><li><a href=\"https:\/\/anwalt.rocks\/arbeitsrecht\/visselhoevede\/\" title=\"Fachanwalt f\u00fcr IT- und Arbeitsrecht Visselh\u00f6vede.\">Fachanwalt f\u00fcr IT- und Arbeitsrecht Visselh\u00f6vede.<\/a><\/li><li><a href=\"https:\/\/anwalt.rocks\/arbeitsrecht\/germersheim\/\" title=\"Anwalt Arbeitsrecht Germersheim &#8211; Renate ist super gl\u00fccklich.\">Anwalt Arbeitsrecht Germersheim &#8211; Renate ist super gl\u00fccklich.<\/a><\/li><\/ul><\/div>\n","protected":false},"excerpt":{"rendered":"<h2>Experte IT- und Arbeitsrecht Germersheim f\u00fcr Arbeitnehmer sowie Arbeitgeber f\u00fcr Mindestlohn.<\/h2>\n<p><a href=\"https:\/\/dr-schmelzer.eu\/arbeitsrecht\/\" target=\"_blank\" rel=\"noopener\"><img loading=\"lazy\" decoding=\"async\" src=\"https:\/\/anwalt.rocks\/bilder\/arbeitsrecht\/anwalt-arbeitsrecht-600x600.webp\" alt=\"Anwalt Arbeitsrecht Germersheim - Renate ist super gl\u00fccklich.\" title=\"Anwalt Arbeitsrecht Germersheim - Renate ist super gl\u00fccklich.\" width=\"600\" height=\"600\" \/><\/a> <\/p>\n<h3>Fachanwalt Arbeitsrecht Germersheim &#8211; Soziet\u00e4t Dr. Stephan Schmelzer.<\/h3>\n<p>Vertrauen Sie auf die langj\u00e4hrige Erfahrung von Dr. Stephan Schmelzer im Arbeitsrecht. \u00dcber 25 Jahre Berufserfahrung und die Fachanwaltszulassung seit 2002 &hellip;<\/p>","protected":false},"author":1,"featured_media":0,"comment_status":"closed","ping_status":"open","sticky":false,"template":"","format":"standard","meta":{"footnotes":""},"categories":[3],"tags":[],"class_list":["post-9053","post","type-post","status-publish","format-standard","hentry","category-fachanwalt"],"yoast_head":"<!-- This site is optimized with the Yoast SEO Premium plugin v27.1 (Yoast SEO v27.2) - https:\/\/yoast.com\/product\/yoast-seo-premium-wordpress\/ -->\n<title>Anwalt Oberviechtach bzgl. Arbeitsrecht.<\/title>\n<meta name=\"robots\" content=\"index, follow, max-snippet:-1, max-image-preview:large, max-video-preview:-1\" \/>\n<link rel=\"canonical\" href=\"https:\/\/anwalt.rocks\/arbeitsrecht\/oberviechtach\/\" \/>\n<meta property=\"og:locale\" content=\"de_DE\" \/>\n<meta property=\"og:type\" content=\"article\" \/>\n<meta property=\"og:title\" content=\"Anwalt Oberviechtach bzgl. Arbeitsrecht.\" \/>\n<meta property=\"og:description\" content=\"Experte IT- und Arbeitsrecht Germersheim f\u00fcr Arbeitnehmer sowie Arbeitgeber f\u00fcr Mindestlohn.  Fachanwalt Arbeitsrecht Germersheim &#8211; Soziet\u00e4t Dr. Stephan Schmelzer. Vertrauen Sie auf die langj\u00e4hrige Erfahrung von Dr. Stephan Schmelzer im Arbeitsrecht. \u00dcber 25 Jahre Berufserfahrung und die Fachanwaltszulassung seit 2002 &hellip;\" \/>\n<meta property=\"og:url\" content=\"https:\/\/anwalt.rocks\/arbeitsrecht\/oberviechtach\/\" \/>\n<meta property=\"og:site_name\" content=\"Anwalt Arbeitsrecht in der N\u00e4he - Dr. Schmelzer\" \/>\n<meta property=\"article:published_time\" content=\"2025-01-11T02:29:45+00:00\" \/>\n<meta property=\"og:image\" content=\"https:\/\/anwalt.rocks\/bilder\/arbeitsrecht\/anwalt-arbeitsrecht-600x600.webp\" \/>\n<meta name=\"author\" content=\"admin\" \/>\n<meta name=\"twitter:card\" content=\"summary_large_image\" \/>\n<meta name=\"twitter:label1\" content=\"Verfasst von\" \/>\n\t<meta name=\"twitter:data1\" content=\"admin\" \/>\n\t<meta name=\"twitter:label2\" content=\"Gesch\u00e4tzte Lesezeit\" \/>\n\t<meta name=\"twitter:data2\" content=\"4\u00a0Minuten\" \/>\n<script type=\"application\/ld+json\" class=\"yoast-schema-graph\">{\"@context\":\"https:\/\/schema.org\",\"@graph\":[{\"@type\":\"Article\",\"@id\":\"https:\/\/anwalt.rocks\/arbeitsrecht\/oberviechtach\/#article\",\"isPartOf\":{\"@id\":\"https:\/\/anwalt.rocks\/arbeitsrecht\/oberviechtach\/\"},\"author\":{\"name\":\"admin\",\"@id\":\"https:\/\/anwalt.rocks\/arbeitsrecht\/#\/schema\/person\/3fd3b0fc4df170bb2460fbc934288e39\"},\"headline\":\"Anwalt Oberviechtach bzgl. Arbeitsrecht.\",\"datePublished\":\"2025-01-11T02:29:45+00:00\",\"mainEntityOfPage\":{\"@id\":\"https:\/\/anwalt.rocks\/arbeitsrecht\/oberviechtach\/\"},\"wordCount\":719,\"publisher\":{\"@id\":\"https:\/\/anwalt.rocks\/arbeitsrecht\/#organization\"},\"image\":{\"@id\":\"https:\/\/anwalt.rocks\/arbeitsrecht\/oberviechtach\/#primaryimage\"},\"thumbnailUrl\":\"https:\/\/anwalt.rocks\/bilder\/arbeitsrecht\/anwalt-arbeitsrecht-600x600.webp\",\"articleSection\":[\"Fachanwalt\"],\"inLanguage\":\"de\"},{\"@type\":\"WebPage\",\"@id\":\"https:\/\/anwalt.rocks\/arbeitsrecht\/oberviechtach\/\",\"url\":\"https:\/\/anwalt.rocks\/arbeitsrecht\/oberviechtach\/\",\"name\":\"Anwalt Oberviechtach bzgl. Arbeitsrecht.\",\"isPartOf\":{\"@id\":\"https:\/\/anwalt.rocks\/arbeitsrecht\/#website\"},\"primaryImageOfPage\":{\"@id\":\"https:\/\/anwalt.rocks\/arbeitsrecht\/oberviechtach\/#primaryimage\"},\"image\":{\"@id\":\"https:\/\/anwalt.rocks\/arbeitsrecht\/oberviechtach\/#primaryimage\"},\"thumbnailUrl\":\"https:\/\/anwalt.rocks\/bilder\/arbeitsrecht\/anwalt-arbeitsrecht-600x600.webp\",\"datePublished\":\"2025-01-11T02:29:45+00:00\",\"breadcrumb\":{\"@id\":\"https:\/\/anwalt.rocks\/arbeitsrecht\/oberviechtach\/#breadcrumb\"},\"inLanguage\":\"de\",\"potentialAction\":[{\"@type\":\"ReadAction\",\"target\":[\"https:\/\/anwalt.rocks\/arbeitsrecht\/oberviechtach\/\"]}]},{\"@type\":\"ImageObject\",\"inLanguage\":\"de\",\"@id\":\"https:\/\/anwalt.rocks\/arbeitsrecht\/oberviechtach\/#primaryimage\",\"url\":\"https:\/\/anwalt.rocks\/bilder\/arbeitsrecht\/anwalt-arbeitsrecht-600x600.webp\",\"contentUrl\":\"https:\/\/anwalt.rocks\/bilder\/arbeitsrecht\/anwalt-arbeitsrecht-600x600.webp\"},{\"@type\":\"BreadcrumbList\",\"@id\":\"https:\/\/anwalt.rocks\/arbeitsrecht\/oberviechtach\/#breadcrumb\",\"itemListElement\":[{\"@type\":\"ListItem\",\"position\":1,\"name\":\"Start\",\"item\":\"https:\/\/anwalt.rocks\/arbeitsrecht\/\"},{\"@type\":\"ListItem\",\"position\":2,\"name\":\"Anwalt Oberviechtach bzgl. Arbeitsrecht.\"}]},{\"@type\":\"WebSite\",\"@id\":\"https:\/\/anwalt.rocks\/arbeitsrecht\/#website\",\"url\":\"https:\/\/anwalt.rocks\/arbeitsrecht\/\",\"name\":\"Anwalt Arbeitsrecht in der N\u00e4he - Dr. Schmelzer\",\"description\":\"Kompetenzen und Vorteile von Dr. Stephan Schmelzer \u2013 Anwalt und Fachanwalt f\u00fcr Arbeitsrecht mit 25 j\u00e4hriger Berufspraxis.\",\"publisher\":{\"@id\":\"https:\/\/anwalt.rocks\/arbeitsrecht\/#organization\"},\"potentialAction\":[{\"@type\":\"SearchAction\",\"target\":{\"@type\":\"EntryPoint\",\"urlTemplate\":\"https:\/\/anwalt.rocks\/arbeitsrecht\/?s={search_term_string}\"},\"query-input\":{\"@type\":\"PropertyValueSpecification\",\"valueRequired\":true,\"valueName\":\"search_term_string\"}}],\"inLanguage\":\"de\"},{\"@type\":\"Organization\",\"@id\":\"https:\/\/anwalt.rocks\/arbeitsrecht\/#organization\",\"name\":\"Kanzlei Dr. Schmelzer\",\"url\":\"https:\/\/anwalt.rocks\/arbeitsrecht\/\",\"logo\":{\"@type\":\"ImageObject\",\"inLanguage\":\"de\",\"@id\":\"https:\/\/anwalt.rocks\/arbeitsrecht\/#\/schema\/logo\/image\/\",\"url\":\"https:\/\/anwalt.rocks\/arbeitsrecht\/wp-content\/uploads\/sites\/2\/2025\/01\/anwalt-arbeitsrecht-logo.png\",\"contentUrl\":\"https:\/\/anwalt.rocks\/arbeitsrecht\/wp-content\/uploads\/sites\/2\/2025\/01\/anwalt-arbeitsrecht-logo.png\",\"width\":450,\"height\":150,\"caption\":\"Kanzlei Dr. Schmelzer\"},\"image\":{\"@id\":\"https:\/\/anwalt.rocks\/arbeitsrecht\/#\/schema\/logo\/image\/\"}},{\"@type\":\"Person\",\"@id\":\"https:\/\/anwalt.rocks\/arbeitsrecht\/#\/schema\/person\/3fd3b0fc4df170bb2460fbc934288e39\",\"name\":\"admin\",\"image\":{\"@type\":\"ImageObject\",\"inLanguage\":\"de\",\"@id\":\"https:\/\/secure.gravatar.com\/avatar\/2a567a722e62dc61f1aaa46c6b595fa617f2003443806e3422a8fed77c029cfc?s=96&d=mm&r=g\",\"url\":\"https:\/\/secure.gravatar.com\/avatar\/2a567a722e62dc61f1aaa46c6b595fa617f2003443806e3422a8fed77c029cfc?s=96&d=mm&r=g\",\"contentUrl\":\"https:\/\/secure.gravatar.com\/avatar\/2a567a722e62dc61f1aaa46c6b595fa617f2003443806e3422a8fed77c029cfc?s=96&d=mm&r=g\",\"caption\":\"admin\"},\"sameAs\":[\"https:\/\/anwalt.rocks\"],\"url\":\"https:\/\/anwalt.rocks\/arbeitsrecht\/author\/admin\/\"}]}<\/script>\n<!-- \/ Yoast SEO Premium plugin. -->","yoast_head_json":{"title":"Anwalt Oberviechtach bzgl. Arbeitsrecht.","robots":{"index":"index","follow":"follow","max-snippet":"max-snippet:-1","max-image-preview":"max-image-preview:large","max-video-preview":"max-video-preview:-1"},"canonical":"https:\/\/anwalt.rocks\/arbeitsrecht\/oberviechtach\/","og_locale":"de_DE","og_type":"article","og_title":"Anwalt Oberviechtach bzgl. Arbeitsrecht.","og_description":"Experte IT- und Arbeitsrecht Germersheim f\u00fcr Arbeitnehmer sowie Arbeitgeber f\u00fcr Mindestlohn.  Fachanwalt Arbeitsrecht Germersheim &#8211; Soziet\u00e4t Dr. Stephan Schmelzer. Vertrauen Sie auf die langj\u00e4hrige Erfahrung von Dr. Stephan Schmelzer im Arbeitsrecht. \u00dcber 25 Jahre Berufserfahrung und die Fachanwaltszulassung seit 2002 &hellip;","og_url":"https:\/\/anwalt.rocks\/arbeitsrecht\/oberviechtach\/","og_site_name":"Anwalt Arbeitsrecht in der N\u00e4he - Dr. Schmelzer","article_published_time":"2025-01-11T02:29:45+00:00","og_image":[{"url":"https:\/\/anwalt.rocks\/bilder\/arbeitsrecht\/anwalt-arbeitsrecht-600x600.webp","type":"","width":"","height":""}],"author":"admin","twitter_card":"summary_large_image","twitter_misc":{"Verfasst von":"admin","Gesch\u00e4tzte Lesezeit":"4\u00a0Minuten"},"schema":{"@context":"https:\/\/schema.org","@graph":[{"@type":"Article","@id":"https:\/\/anwalt.rocks\/arbeitsrecht\/oberviechtach\/#article","isPartOf":{"@id":"https:\/\/anwalt.rocks\/arbeitsrecht\/oberviechtach\/"},"author":{"name":"admin","@id":"https:\/\/anwalt.rocks\/arbeitsrecht\/#\/schema\/person\/3fd3b0fc4df170bb2460fbc934288e39"},"headline":"Anwalt Oberviechtach bzgl. Arbeitsrecht.","datePublished":"2025-01-11T02:29:45+00:00","mainEntityOfPage":{"@id":"https:\/\/anwalt.rocks\/arbeitsrecht\/oberviechtach\/"},"wordCount":719,"publisher":{"@id":"https:\/\/anwalt.rocks\/arbeitsrecht\/#organization"},"image":{"@id":"https:\/\/anwalt.rocks\/arbeitsrecht\/oberviechtach\/#primaryimage"},"thumbnailUrl":"https:\/\/anwalt.rocks\/bilder\/arbeitsrecht\/anwalt-arbeitsrecht-600x600.webp","articleSection":["Fachanwalt"],"inLanguage":"de"},{"@type":"WebPage","@id":"https:\/\/anwalt.rocks\/arbeitsrecht\/oberviechtach\/","url":"https:\/\/anwalt.rocks\/arbeitsrecht\/oberviechtach\/","name":"Anwalt Oberviechtach bzgl. Arbeitsrecht.","isPartOf":{"@id":"https:\/\/anwalt.rocks\/arbeitsrecht\/#website"},"primaryImageOfPage":{"@id":"https:\/\/anwalt.rocks\/arbeitsrecht\/oberviechtach\/#primaryimage"},"image":{"@id":"https:\/\/anwalt.rocks\/arbeitsrecht\/oberviechtach\/#primaryimage"},"thumbnailUrl":"https:\/\/anwalt.rocks\/bilder\/arbeitsrecht\/anwalt-arbeitsrecht-600x600.webp","datePublished":"2025-01-11T02:29:45+00:00","breadcrumb":{"@id":"https:\/\/anwalt.rocks\/arbeitsrecht\/oberviechtach\/#breadcrumb"},"inLanguage":"de","potentialAction":[{"@type":"ReadAction","target":["https:\/\/anwalt.rocks\/arbeitsrecht\/oberviechtach\/"]}]},{"@type":"ImageObject","inLanguage":"de","@id":"https:\/\/anwalt.rocks\/arbeitsrecht\/oberviechtach\/#primaryimage","url":"https:\/\/anwalt.rocks\/bilder\/arbeitsrecht\/anwalt-arbeitsrecht-600x600.webp","contentUrl":"https:\/\/anwalt.rocks\/bilder\/arbeitsrecht\/anwalt-arbeitsrecht-600x600.webp"},{"@type":"BreadcrumbList","@id":"https:\/\/anwalt.rocks\/arbeitsrecht\/oberviechtach\/#breadcrumb","itemListElement":[{"@type":"ListItem","position":1,"name":"Start","item":"https:\/\/anwalt.rocks\/arbeitsrecht\/"},{"@type":"ListItem","position":2,"name":"Anwalt Oberviechtach bzgl. Arbeitsrecht."}]},{"@type":"WebSite","@id":"https:\/\/anwalt.rocks\/arbeitsrecht\/#website","url":"https:\/\/anwalt.rocks\/arbeitsrecht\/","name":"Anwalt Arbeitsrecht in der N\u00e4he - Dr. Schmelzer","description":"Kompetenzen und Vorteile von Dr. Stephan Schmelzer \u2013 Anwalt und Fachanwalt f\u00fcr Arbeitsrecht mit 25 j\u00e4hriger Berufspraxis.","publisher":{"@id":"https:\/\/anwalt.rocks\/arbeitsrecht\/#organization"},"potentialAction":[{"@type":"SearchAction","target":{"@type":"EntryPoint","urlTemplate":"https:\/\/anwalt.rocks\/arbeitsrecht\/?s={search_term_string}"},"query-input":{"@type":"PropertyValueSpecification","valueRequired":true,"valueName":"search_term_string"}}],"inLanguage":"de"},{"@type":"Organization","@id":"https:\/\/anwalt.rocks\/arbeitsrecht\/#organization","name":"Kanzlei Dr. Schmelzer","url":"https:\/\/anwalt.rocks\/arbeitsrecht\/","logo":{"@type":"ImageObject","inLanguage":"de","@id":"https:\/\/anwalt.rocks\/arbeitsrecht\/#\/schema\/logo\/image\/","url":"https:\/\/anwalt.rocks\/arbeitsrecht\/wp-content\/uploads\/sites\/2\/2025\/01\/anwalt-arbeitsrecht-logo.png","contentUrl":"https:\/\/anwalt.rocks\/arbeitsrecht\/wp-content\/uploads\/sites\/2\/2025\/01\/anwalt-arbeitsrecht-logo.png","width":450,"height":150,"caption":"Kanzlei Dr. Schmelzer"},"image":{"@id":"https:\/\/anwalt.rocks\/arbeitsrecht\/#\/schema\/logo\/image\/"}},{"@type":"Person","@id":"https:\/\/anwalt.rocks\/arbeitsrecht\/#\/schema\/person\/3fd3b0fc4df170bb2460fbc934288e39","name":"admin","image":{"@type":"ImageObject","inLanguage":"de","@id":"https:\/\/secure.gravatar.com\/avatar\/2a567a722e62dc61f1aaa46c6b595fa617f2003443806e3422a8fed77c029cfc?s=96&d=mm&r=g","url":"https:\/\/secure.gravatar.com\/avatar\/2a567a722e62dc61f1aaa46c6b595fa617f2003443806e3422a8fed77c029cfc?s=96&d=mm&r=g","contentUrl":"https:\/\/secure.gravatar.com\/avatar\/2a567a722e62dc61f1aaa46c6b595fa617f2003443806e3422a8fed77c029cfc?s=96&d=mm&r=g","caption":"admin"},"sameAs":["https:\/\/anwalt.rocks"],"url":"https:\/\/anwalt.rocks\/arbeitsrecht\/author\/admin\/"}]}},"_links":{"self":[{"href":"https:\/\/anwalt.rocks\/arbeitsrecht\/wp-json\/wp\/v2\/posts\/9053","targetHints":{"allow":["GET"]}}],"collection":[{"href":"https:\/\/anwalt.rocks\/arbeitsrecht\/wp-json\/wp\/v2\/posts"}],"about":[{"href":"https:\/\/anwalt.rocks\/arbeitsrecht\/wp-json\/wp\/v2\/types\/post"}],"author":[{"embeddable":true,"href":"https:\/\/anwalt.rocks\/arbeitsrecht\/wp-json\/wp\/v2\/users\/1"}],"replies":[{"embeddable":true,"href":"https:\/\/anwalt.rocks\/arbeitsrecht\/wp-json\/wp\/v2\/comments?post=9053"}],"version-history":[{"count":0,"href":"https:\/\/anwalt.rocks\/arbeitsrecht\/wp-json\/wp\/v2\/posts\/9053\/revisions"}],"wp:attachment":[{"href":"https:\/\/anwalt.rocks\/arbeitsrecht\/wp-json\/wp\/v2\/media?parent=9053"}],"wp:term":[{"taxonomy":"category","embeddable":true,"href":"https:\/\/anwalt.rocks\/arbeitsrecht\/wp-json\/wp\/v2\/categories?post=9053"},{"taxonomy":"post_tag","embeddable":true,"href":"https:\/\/anwalt.rocks\/arbeitsrecht\/wp-json\/wp\/v2\/tags?post=9053"}],"curies":[{"name":"wp","href":"https:\/\/api.w.org\/{rel}","templated":true}]}}