{"id":9076,"date":"2025-01-05T19:23:22","date_gmt":"2025-01-05T18:23:22","guid":{"rendered":"https:\/\/anwalt.rocks\/arbeitsrecht\/offenburg\/"},"modified":"2025-01-05T19:23:22","modified_gmt":"2025-01-05T18:23:22","slug":"offenburg","status":"publish","type":"post","link":"https:\/\/anwalt.rocks\/arbeitsrecht\/offenburg\/","title":{"rendered":"Anwalt Arbeitsrecht Offenburg &#8211; Iris setzt sich durch."},"content":{"rendered":"<span class=\"span-reading-time rt-reading-time\" style=\"display: block;\"><span class=\"rt-label rt-prefix\">Lesedauer<\/span> <span class=\"rt-time\"> 3<\/span> <span class=\"rt-label rt-postfix\">Minuten<\/span><\/span><h2>Spezialist Dr. Schmelzer bzgl. Arbeits- und IT Recht Offenburg und Mutterschutz.<\/h2>\n<p><a href=\"https:\/\/dr-schmelzer.eu\/arbeitsrecht\/\" target=\"_blank\" rel=\"noopener\"><img loading=\"lazy\" decoding=\"async\" src=\"https:\/\/anwalt.rocks\/bilder\/arbeitsrecht\/anwalt-arbeitsrecht-600x600.webp\" alt=\"Anwalt Arbeitsrecht Offenburg - Iris setzt sich durch.\" title=\"Anwalt Arbeitsrecht Offenburg - Iris setzt sich durch.\" width=\"600\" height=\"600\" \/><\/a> <\/p>\n<h3>Rechtsanwalt IT- und Arbeitsrecht Offenburg &#8211; Soziet\u00e4t Dr. Stephan Schmelzer.<\/h3>\n<p>Dr. Stephan Schmelzer ist Ihr erfahrener Experte f\u00fcr alle Fragen des Arbeitsrechts. Mit einer juristischen Laufbahn von \u00fcber 25 Jahren wird er \u00fcber die Grenzen von Ahlen hinaus gesch\u00e4tzt. Seit \u00fcber 20 Jahren f\u00fchrt Dr. Schmelzer seine Kanzlei und ist bekannt f\u00fcr individuelle Betreuung und juristische Exzellenz. Seine Spezialisierungen als Fachanwalt f\u00fcr IT-Recht und Arbeitsrecht machen Dr. Schmelzer zu einem unverzichtbaren Berater in der modernen Arbeitswelt. &#8211; <a title=\"Anwalt Arbeitsrecht Kiel\" href=\"https:\/\/anwalt.rocks\/arbeitsrecht\/kiel\/\">Anwalt Arbeitsrecht Kiel<\/a><\/p>\n<p><a href=\"https:\/\/dr-schmelzer.eu\/arbeitsrecht\/\" target=\"_blank\" rel=\"noopener\"><img loading=\"lazy\" decoding=\"async\" src=\"https:\/\/anwalt.rocks\/bilder\/arbeitsrecht\/rechtsanwalt-arbeitsrecht-600x600.webp\" alt=\"Anwalt Arbeitsrecht Offenburg\" title=\"Anwalt Arbeitsrecht Offenburg\" width=\"600\" height=\"600\" \/><\/a> <\/p>\n<h3>Soziet\u00e4t Dr. Stephan Schmelzer &#8211; Spezialist f\u00fcr Arbeitsrecht Offenburg.<\/h3>\n<p>IT-Recht ist ein Zusatzbereich, w\u00e4hrend das Arbeitsrecht \u2013 auf nationaler und internationaler Ebene \u2013 den Kern seiner T\u00e4tigkeit bildet. Ob f\u00fcr Arbeitgeber oder Arbeitnehmer \u2013 Dr. Stephan Schmelzer bietet passgenaue L\u00f6sungen in allen Bereichen des Arbeitsrechts. Die Kombination aus umfassender Praxis und individueller Betreuung macht ihn zu einem der besten Experten im Arbeitsrecht. &#8211; <a title=\"Anwalt Halberstadt\" href=\"https:\/\/anwalt.rocks\/arbeitsrecht\/halberstadt\/\">Anwalt Halberstadt<\/a><\/p>\n<h3>Zuverl\u00e4ssig und kompetent &#8211; Seit 1998 t\u00e4tig als Arbeitsrechtler Offenburg.<\/h3>\n<p>Rechtliche Herausforderungen f\u00fcr Arbeitgeber umfassen heute die Gestaltung von Arbeitsvertr\u00e4gen sowie komplexe Restrukturierungsma\u00dfnahmen. Unternehmen profitieren von Dr. Schmelzers praxisnaher Beratung, die auf die Minimierung rechtlicher Gefahren und die Entwicklung effizienter L\u00f6sungen abzielt. Seine T\u00e4tigkeit umfasst insbesondere: &#8211; <a title=\"Anwalt Arbeitsrecht Zell\" href=\"https:\/\/anwalt.rocks\/arbeitsrecht\/zell\/\">Anwalt Arbeitsrecht Zell<\/a><\/p>\n<h3>Anwalt Arbeitsrecht Offenburg 36 zufriedene Mandanten.<\/h3>\n<p>Erstellung und Pr\u00fcfung von Arbeitsvertr\u00e4gen, die sowohl rechtliche Sicherheit als auch Anpassungsf\u00e4higkeit garantieren. Erstellung anpassungsf\u00e4higer Modelle f\u00fcr Verg\u00fctung und Arbeitszeit, die optimal zu den Unternehmenszielen passen. &#8211; <a title=\"Anwalt Arbeitsrecht Tuttlingen\" href=\"https:\/\/anwalt.rocks\/arbeitsrecht\/tuttlingen\/\">Anwalt Arbeitsrecht Tuttlingen<\/a><\/p>\n<h3>Warum entscheidet man sich f\u00fcr den zuverl\u00e4ssigen Anwalt Offenburg:<\/h3>\n<p>Unterst\u00fctzung bei der juristischen Absicherung und Vorbereitung von betriebs-, verhaltens- und personenbezogenen K\u00fcndigungen. Unterst\u00fctzung bei der Vermeidung rechtlicher Fallstricke und Begleitung durch den K\u00fcndigungsprozess.<\/p>\n<h3>Kompetent und auch durchsetzungsstark.<\/h3>\n<p>Beratung zur rechtlichen Mitbestimmung des Betriebsrats in unternehmerischen Entscheidungen. Unterst\u00fctzung bei der Abstimmung und Implementierung von Betriebsvereinbarungen. Rechtliche Begleitung und strategische Planung bei Unternehmensrestrukturierungen. Fachkundige Vertretung vor Gericht bei K\u00fcndigungsschutzklagen, Entfristungsklagen und anderen Streitf\u00e4llen. Priorit\u00e4t auf die nachhaltige und erfolgreiche Sicherung der Unternehmensanliegen.<\/p>\n<h3>Anwalt Arbeitsrecht Offenburg &#8211; Spezialist Dr. Schmelzer.<\/h3>\n<p>Auch f\u00fcr Arbeitnehmer bietet Dr. Schmelzer eine fundierte Beratung und Unterst\u00fctzung. Besonders in kritischen Momenten ist er ein starker Unterst\u00fctzer, der mit gro\u00dfem Einsatz handelt. Die angebotenen T\u00e4tigkeiten umfassen:<\/p>\n<p>Rechtliche Begleitung in K\u00fcndigungsschutzverfahren mit Vertretung vor dem Arbeitsgericht. Unterst\u00fctzung bei der Aushandlung von Abfindungen und zus\u00e4tzlichen Ausgleichszahlungen. Rechtliche Begleitung in K\u00fcndigungsschutzverfahren mit Vertretung vor dem Arbeitsgericht. Unterst\u00fctzung bei der Aushandlung von Abfindungen und zus\u00e4tzlichen Ausgleichszahlungen.<\/p>\n<p>Unterst\u00fctzung bei der Kl\u00e4rung von Abfindungsh\u00f6hen und Beratung zu Aufhebungsvertr\u00e4gen. Unterst\u00fctzung bei der Analyse und Bearbeitung von Zeugnissen zur Verbesserung der Aussagekraft. Begleitung in gerichtlichen Zeugnisprozessen zur Sicherstellung einer objektiven Beurteilung. Weniger Ausgaben Rechtliche Begleitung bei der Geltendmachung von Lohnanspr\u00fcchen. Prozessvertretung bei Entgeltklagen und offenen Anspr\u00fcchen auf \u00dcberstundenverg\u00fctung. Analyse von Abmahnungen mit dem Fokus auf die Beseitigung ungerechtfertigter Ma\u00dfnahmen.<\/p>\n<h4>Vertretung f\u00fcr Arbeitnehmer in Sachen Anwalt Arbeitsrecht Offenburg.<\/h4>\n<p>Restrukturierung und strategische Konfliktbew\u00e4ltigung sind wesentliche St\u00e4rken von Dr. Schmelzer. Die Begleitung von Unternehmen durch komplexe Restrukturierungen bildet eine Kernaufgabe von Dr. Schmelzer. Neben rechtlichen Kenntnissen spielen Verhandlungsgeschick und ein tiefes wirtschaftliches Verst\u00e4ndnis eine zentrale Rolle.<\/p>\n<p>Anwalt Offenburg Folgerung: Dr. Schmelzer unterst\u00fctzt Unternehmen mit gro\u00dfer Kompetenz bei der Erstellung und Verhandlung von Sozialpl\u00e4nen und Interessenausgleichen. Ziel ist eine L\u00f6sung, die alle Parteien zufriedenstellt und deren Interessen ber\u00fccksichtigt. Dank seiner strategischen Herangehensweise und seines fundierten Wissens ist Dr. Schmelzer ein erfahrener Verhandlungspartner f\u00fcr Gewerkschaften und Betriebsr\u00e4te.<\/p>\n<p>Jeder Fall stellt f\u00fcr den Fachanwalt f\u00fcr Arbeitsrecht eine anspruchsvolle Aufgabe dar, die pers\u00f6nliche Betreuung erfordert. Ob durch Verhandlungen oder vor Gericht \u2013 er verfolgt stets das Ziel, die optimale L\u00f6sung f\u00fcr seine Mandanten zu erreichen. Dabei sind ihm Transparenz und eine intensive Zusammenarbeit mit seinen Mandanten besonders wichtig. Die Zufriedenheit der Mandanten steht f\u00fcr Dr. Schmelzer im Mittelpunkt seines Schaffens. Seine professionelle und zielgerichtete Herangehensweise wird durch Erfolge und positive R\u00fcckmeldungen untermauert. Arbeitnehmer und Arbeitgeber finden in der Kanzlei Dr. Stephan Schmelzer einen erfahrenen Partner mit umfassender Expertise.<\/p>\n<article class=\"contact contact-list post-2659 profile type-profile status-publish has-post-thumbnail hentry\" data-contact=\"2659\">\n    \n    <div class=\"media\">\n        <div class=\"media-left\">\n            <a  href=\"#\" data-toggle=\"modal\" data-target=\"#ContactModal\"  title=\"Sven B. jetzt Kontakt aufnehmen!\">\n                <img loading=\"lazy\" decoding=\"async\" width=\"500\" height=\"500\" src=\"https:\/\/anwalt.rocks\/arbeitsrecht\/wp-content\/uploads\/sites\/2\/2025\/01\/meinung-20.jpg\" class=\"contact-image media-object wp-post-image\" alt=\"Sven B.\" srcset=\"https:\/\/anwalt.rocks\/arbeitsrecht\/wp-content\/uploads\/sites\/2\/2025\/01\/meinung-20.jpg 500w, https:\/\/anwalt.rocks\/arbeitsrecht\/wp-content\/uploads\/sites\/2\/2025\/01\/meinung-20-300x300.jpg 300w, https:\/\/anwalt.rocks\/arbeitsrecht\/wp-content\/uploads\/sites\/2\/2025\/01\/meinung-20-150x150.jpg 150w\" sizes=\"auto, (max-width: 500px) 100vw, 500px\" \/>            <\/a>\n        <\/div>\n\n        <div class=\"media-body\">\n                        <p class=\"h2 media-heading\">\n                <a  href=\"#\" data-toggle=\"modal\" data-target=\"#ContactModal\"  title=\"Sven B. jetzt Kontakt aufnehmen!\">\n                    <span class=\"contact-name\">Sven B.<\/span>\n                <\/a>\n\n                <span class=\"contact-text\"><\/span> <span class=\"contact-city\"><a href=\"https:\/\/anwalt.rocks\/arbeitsrecht\/region\/plodda\/\">Anwalt Arbeitsrecht Plodda<\/a><\/span>            <\/p>\n\n            <div class=\"quote\"><p>Ich hatte ein Problem mit meiner Teilzeitvereinbarung, die mein Arbeitgeber pl\u00f6tzlich \u00e4ndern wollte. Dieser Anwalt hat mich umfassend beraten und den Fall zu meinen Gunsten gekl\u00e4rt. Seine Professionalit\u00e4t und sein Engagement sind wirklich herausragend. Vielen Dank f\u00fcr die gro\u00dfartige Unterst\u00fctzung!&hellip;<\/p><\/div>\n            <a class=\"btn btn-cta\"  href=\"#\" data-toggle=\"modal\" data-target=\"#ContactModal\"  title=\"Sven B. jetzt Kontakt aufnehmen!\">\n                Nachricht senden            <\/a>\n        <\/div>\n    <\/div>\n<\/article><article class=\"contact contact-list post-2600 profile type-profile status-publish has-post-thumbnail hentry\" data-contact=\"2600\">\n    \n    <div class=\"media\">\n        <div class=\"media-left\">\n            <a  href=\"#\" data-toggle=\"modal\" data-target=\"#ContactModal\"  title=\"Anna L., 34 Jahre, aus Hamburg jetzt Kontakt aufnehmen!\">\n                <img loading=\"lazy\" decoding=\"async\" width=\"500\" height=\"500\" src=\"https:\/\/anwalt.rocks\/arbeitsrecht\/wp-content\/uploads\/sites\/2\/2025\/01\/meinung-01.jpg\" class=\"contact-image media-object wp-post-image\" alt=\"Anna L., 34 Jahre, aus Hamburg\" srcset=\"https:\/\/anwalt.rocks\/arbeitsrecht\/wp-content\/uploads\/sites\/2\/2025\/01\/meinung-01.jpg 500w, https:\/\/anwalt.rocks\/arbeitsrecht\/wp-content\/uploads\/sites\/2\/2025\/01\/meinung-01-300x300.jpg 300w, https:\/\/anwalt.rocks\/arbeitsrecht\/wp-content\/uploads\/sites\/2\/2025\/01\/meinung-01-150x150.jpg 150w\" sizes=\"auto, (max-width: 500px) 100vw, 500px\" \/>            <\/a>\n        <\/div>\n\n        <div class=\"media-body\">\n                        <p class=\"h2 media-heading\">\n                <a  href=\"#\" data-toggle=\"modal\" data-target=\"#ContactModal\"  title=\"Anna L., 34 Jahre, aus Hamburg jetzt Kontakt aufnehmen!\">\n                    <span class=\"contact-name\">Anna L., 34 Jahre, aus Hamburg<\/span>\n                <\/a>\n\n                <span class=\"contact-text\"><\/span> <span class=\"contact-city\"><a href=\"https:\/\/anwalt.rocks\/arbeitsrecht\/region\/viereth-trunstadt\/\">Anwalt Arbeitsrecht Viereth-Trunstadt<\/a><\/span>            <\/p>\n\n            <div class=\"quote\"><p>Ich hatte ein riesiges Problem mit meinem Arbeitgeber, nachdem ich nach meiner Elternzeit wieder in den Job einsteigen wollte. Pl\u00f6tzlich sollte ich in eine komplett andere Abteilung wechseln, obwohl das nie vereinbart war. Eine Freundin empfahl mir Dr. Stephan Schmelzer, &hellip;<\/p><\/div>\n            <a class=\"btn btn-cta\"  href=\"#\" data-toggle=\"modal\" data-target=\"#ContactModal\"  title=\"Anna L., 34 Jahre, aus Hamburg jetzt Kontakt aufnehmen!\">\n                Nachricht senden            <\/a>\n        <\/div>\n    <\/div>\n<\/article><article class=\"contact contact-list post-2615 profile type-profile status-publish has-post-thumbnail hentry\" data-contact=\"2615\">\n    \n    <div class=\"media\">\n        <div class=\"media-left\">\n            <a  href=\"#\" data-toggle=\"modal\" data-target=\"#ContactModal\"  title=\"Julia F., 25 Jahre, aus Dresden jetzt Kontakt aufnehmen!\">\n                <img loading=\"lazy\" decoding=\"async\" width=\"500\" height=\"500\" src=\"https:\/\/anwalt.rocks\/arbeitsrecht\/wp-content\/uploads\/sites\/2\/2025\/01\/meinung-06.jpg\" class=\"contact-image media-object wp-post-image\" alt=\"Julia F., 25 Jahre, aus Dresden\" srcset=\"https:\/\/anwalt.rocks\/arbeitsrecht\/wp-content\/uploads\/sites\/2\/2025\/01\/meinung-06.jpg 500w, https:\/\/anwalt.rocks\/arbeitsrecht\/wp-content\/uploads\/sites\/2\/2025\/01\/meinung-06-300x300.jpg 300w, https:\/\/anwalt.rocks\/arbeitsrecht\/wp-content\/uploads\/sites\/2\/2025\/01\/meinung-06-150x150.jpg 150w\" sizes=\"auto, (max-width: 500px) 100vw, 500px\" \/>            <\/a>\n        <\/div>\n\n        <div class=\"media-body\">\n                        <p class=\"h2 media-heading\">\n                <a  href=\"#\" data-toggle=\"modal\" data-target=\"#ContactModal\"  title=\"Julia F., 25 Jahre, aus Dresden jetzt Kontakt aufnehmen!\">\n                    <span class=\"contact-name\">Julia F., 25 Jahre, aus Dresden<\/span>\n                <\/a>\n\n                <span class=\"contact-text\"><\/span> <span class=\"contact-city\"><a href=\"https:\/\/anwalt.rocks\/arbeitsrecht\/region\/moenchengladbach-wickrathberg\/\">Anwalt Arbeitsrecht M\u00f6nchengladbach Wickrathberg<\/a><\/span>            <\/p>\n\n            <div class=\"quote\"><p>Dr. Schmelzer hat mir wirklich das Leben erleichtert! Mein Arbeitgeber wollte mir pl\u00f6tzlich weniger Gehalt zahlen, obwohl mein Vertrag etwas anderes vorsah. Dieser tolle Anwalt hat meinen Fall \u00fcbernommen und schnell eine L\u00f6sung gefunden. Sein Wissen im Arbeitsrecht ist beeindruckend, &hellip;<\/p><\/div>\n            <a class=\"btn btn-cta\"  href=\"#\" data-toggle=\"modal\" data-target=\"#ContactModal\"  title=\"Julia F., 25 Jahre, aus Dresden jetzt Kontakt aufnehmen!\">\n                Nachricht senden            <\/a>\n        <\/div>\n    <\/div>\n<\/article><article class=\"contact contact-list post-2609 profile type-profile status-publish has-post-thumbnail hentry\" data-contact=\"2609\">\n    \n    <div class=\"media\">\n        <div class=\"media-left\">\n            <a  href=\"#\" data-toggle=\"modal\" data-target=\"#ContactModal\"  title=\"Nadine H., 48 Jahre, aus M\u00fcnchen jetzt Kontakt aufnehmen!\">\n                <img loading=\"lazy\" decoding=\"async\" width=\"500\" height=\"500\" src=\"https:\/\/anwalt.rocks\/arbeitsrecht\/wp-content\/uploads\/sites\/2\/2025\/01\/meinung-04.jpg\" class=\"contact-image media-object wp-post-image\" alt=\"Nadine H., 48 Jahre, aus M\u00fcnchen\" srcset=\"https:\/\/anwalt.rocks\/arbeitsrecht\/wp-content\/uploads\/sites\/2\/2025\/01\/meinung-04.jpg 500w, https:\/\/anwalt.rocks\/arbeitsrecht\/wp-content\/uploads\/sites\/2\/2025\/01\/meinung-04-300x300.jpg 300w, https:\/\/anwalt.rocks\/arbeitsrecht\/wp-content\/uploads\/sites\/2\/2025\/01\/meinung-04-150x150.jpg 150w\" sizes=\"auto, (max-width: 500px) 100vw, 500px\" \/>            <\/a>\n        <\/div>\n\n        <div class=\"media-body\">\n                        <p class=\"h2 media-heading\">\n                <a  href=\"#\" data-toggle=\"modal\" data-target=\"#ContactModal\"  title=\"Nadine H., 48 Jahre, aus M\u00fcnchen jetzt Kontakt aufnehmen!\">\n                    <span class=\"contact-name\">Nadine H., 48 Jahre, aus M\u00fcnchen<\/span>\n                <\/a>\n\n                <span class=\"contact-text\"><\/span> <span class=\"contact-city\"><a href=\"https:\/\/anwalt.rocks\/arbeitsrecht\/region\/sexten\/\">Anwalt Arbeitsrecht Sexten<\/a><\/span>            <\/p>\n\n            <div class=\"quote\"><p>Nach einer pl\u00f6tzlichen Umstrukturierung in meiner Firma wurde mir gek\u00fcndigt. Es war ein riesiger Schock f\u00fcr mich. Zum Gl\u00fcck fand ich Dr. Schmelzer \u00fcber eine Internetrecherche. Schon beim ersten Gespr\u00e4ch war ich beeindruckt von seiner Fachkenntnis und seiner empathischen Art. &hellip;<\/p><\/div>\n            <a class=\"btn btn-cta\"  href=\"#\" data-toggle=\"modal\" data-target=\"#ContactModal\"  title=\"Nadine H., 48 Jahre, aus M\u00fcnchen jetzt Kontakt aufnehmen!\">\n                Nachricht senden            <\/a>\n        <\/div>\n    <\/div>\n<\/article><article class=\"contact contact-list post-2652 profile type-profile status-publish has-post-thumbnail hentry\" data-contact=\"2652\">\n    \n    <div class=\"media\">\n        <div class=\"media-left\">\n            <a  href=\"#\" data-toggle=\"modal\" data-target=\"#ContactModal\"  title=\"Donald T. jetzt Kontakt aufnehmen!\">\n                <img loading=\"lazy\" decoding=\"async\" width=\"500\" height=\"500\" src=\"https:\/\/anwalt.rocks\/arbeitsrecht\/wp-content\/uploads\/sites\/2\/2025\/01\/meinung-18.jpg\" class=\"contact-image media-object wp-post-image\" alt=\"Donald T.\" srcset=\"https:\/\/anwalt.rocks\/arbeitsrecht\/wp-content\/uploads\/sites\/2\/2025\/01\/meinung-18.jpg 500w, https:\/\/anwalt.rocks\/arbeitsrecht\/wp-content\/uploads\/sites\/2\/2025\/01\/meinung-18-300x300.jpg 300w, https:\/\/anwalt.rocks\/arbeitsrecht\/wp-content\/uploads\/sites\/2\/2025\/01\/meinung-18-150x150.jpg 150w\" sizes=\"auto, (max-width: 500px) 100vw, 500px\" \/>            <\/a>\n        <\/div>\n\n        <div class=\"media-body\">\n                        <p class=\"h2 media-heading\">\n                <a  href=\"#\" data-toggle=\"modal\" data-target=\"#ContactModal\"  title=\"Donald T. jetzt Kontakt aufnehmen!\">\n                    <span class=\"contact-name\">Donald T.<\/span>\n                <\/a>\n\n                <span class=\"contact-text\"><\/span> <span class=\"contact-city\"><a href=\"https:\/\/anwalt.rocks\/arbeitsrecht\/region\/unterstadion\/\">Anwalt Arbeitsrecht Unterstadion<\/a><\/span>            <\/p>\n\n            <div class=\"quote\"><p>Ich wurde von meinem Arbeitgeber unfair behandelt, nachdem ich auf Elternzeit bestanden hatte. Herr Rechtsanwalt Stephan Schmelzer hat sich meinem Fall angenommen und eine einvernehmliche L\u00f6sung gefunden, die meine berufliche Zukunft sichert. Seine Unterst\u00fctzung war \u00e4u\u00dferst professionell und menschlich zugleich. &hellip;<\/p><\/div>\n            <a class=\"btn btn-cta\"  href=\"#\" data-toggle=\"modal\" data-target=\"#ContactModal\"  title=\"Donald T. jetzt Kontakt aufnehmen!\">\n                Nachricht senden            <\/a>\n        <\/div>\n    <\/div>\n<\/article>\n<div class=\"blogposts\"><ul><li><a href=\"https:\/\/anwalt.rocks\/arbeitsrecht\/dinslaken\/\" title=\"Fachanwalt im Bereich Arbeitsrecht Dinslaken.\">Fachanwalt im Bereich Arbeitsrecht Dinslaken.<\/a><\/li><li><a href=\"https:\/\/anwalt.rocks\/arbeitsrecht\/kevelaer\/\" title=\"Anwalt Arbeitsrecht Kevelaer &#8211; Bereits \u00fcber 40 zufriedene Mandanten.\">Anwalt Arbeitsrecht Kevelaer &#8211; Bereits \u00fcber 40 zufriedene Mandanten.<\/a><\/li><li><a href=\"https:\/\/anwalt.rocks\/arbeitsrecht\/bad-frankenhausen\/\" title=\"Fachanwalt im Bereich Arbeitsrecht Bad Frankenhausen.\">Fachanwalt im Bereich Arbeitsrecht Bad Frankenhausen.<\/a><\/li><li><a href=\"https:\/\/anwalt.rocks\/arbeitsrecht\/schwalmstadt\/\" title=\"Anwalt Schwalmstadt Spezialist f\u00fcr Arbeits- und IT Recht.\">Anwalt Schwalmstadt Spezialist f\u00fcr Arbeits- und IT Recht.<\/a><\/li><li><a href=\"https:\/\/anwalt.rocks\/arbeitsrecht\/solothurn\/\" title=\"Rechtsanwalt Solothurn Experte f\u00fcr Arbeits- und IT Recht.\">Rechtsanwalt Solothurn Experte f\u00fcr Arbeits- und IT Recht.<\/a><\/li><li><a href=\"https:\/\/anwalt.rocks\/arbeitsrecht\/gersfeld\/\" title=\"Fachanwalt f\u00fcr Arbeitsrecht Gersfeld.\">Fachanwalt f\u00fcr Arbeitsrecht Gersfeld.<\/a><\/li><li><a href=\"https:\/\/anwalt.rocks\/arbeitsrecht\/altmark\/\" title=\"Kanzlei Dr. Stephan Schmelzer Rechtsanwalt Arbeits- und IT Recht Altmark.\">Kanzlei Dr. Stephan Schmelzer Rechtsanwalt Arbeits- und IT Recht Altmark.<\/a><\/li><\/ul><\/div>\n","protected":false},"excerpt":{"rendered":"<h2>Anwalt Altmark &#8211; phantastischer Erfolg von Rechtsanwalt Dr. Stephan Schmelzer im Hinblick auf Mutterschutz.<\/h2>\n<p><a href=\"https:\/\/dr-schmelzer.eu\/arbeitsrecht\/\" target=\"_blank\" rel=\"noopener\"><img loading=\"lazy\" decoding=\"async\" src=\"https:\/\/anwalt.rocks\/bilder\/arbeitsrecht\/anwalt-arbeitsrecht-600x600.webp\" alt=\"Kanzlei Dr. Stephan Schmelzer Rechtsanwalt Arbeits- und IT Recht Altmark.\" title=\"Kanzlei Dr. Stephan Schmelzer Rechtsanwalt Arbeits- und IT Recht Altmark.\" width=\"600\" height=\"600\" \/><\/a> <\/p>\n<h3>Rechtsanwalt Arbeitsrecht Altmark &#8211; Soziet\u00e4t Dr. Stephan Schmelzer.<\/h3>\n<p>Dr. Stephan Schmelzer ist Ihr Ansprechpartner f\u00fcr komplexe arbeitsrechtliche F\u00e4lle. Seine langj\u00e4hrige T\u00e4tigkeit im Arbeitsrecht und die Fachanwaltszulassung &hellip;<\/p>","protected":false},"author":1,"featured_media":0,"comment_status":"closed","ping_status":"open","sticky":false,"template":"","format":"standard","meta":{"footnotes":""},"categories":[3],"tags":[],"class_list":["post-9076","post","type-post","status-publish","format-standard","hentry","category-fachanwalt"],"yoast_head":"<!-- This site is optimized with the Yoast SEO Premium plugin v27.1 (Yoast SEO v27.2) - https:\/\/yoast.com\/product\/yoast-seo-premium-wordpress\/ -->\n<title>Anwalt Arbeitsrecht Offenburg - Iris setzt sich durch.<\/title>\n<meta name=\"robots\" content=\"index, follow, max-snippet:-1, max-image-preview:large, max-video-preview:-1\" \/>\n<link rel=\"canonical\" href=\"https:\/\/anwalt.rocks\/arbeitsrecht\/offenburg\/\" \/>\n<meta property=\"og:locale\" content=\"de_DE\" \/>\n<meta property=\"og:type\" content=\"article\" \/>\n<meta property=\"og:title\" content=\"Anwalt Arbeitsrecht Offenburg - Iris setzt sich durch.\" \/>\n<meta property=\"og:description\" content=\"Anwalt Altmark &#8211; phantastischer Erfolg von Rechtsanwalt Dr. Stephan Schmelzer im Hinblick auf Mutterschutz.  Rechtsanwalt Arbeitsrecht Altmark &#8211; Soziet\u00e4t Dr. Stephan Schmelzer. Dr. Stephan Schmelzer ist Ihr Ansprechpartner f\u00fcr komplexe arbeitsrechtliche F\u00e4lle. Seine langj\u00e4hrige T\u00e4tigkeit im Arbeitsrecht und die Fachanwaltszulassung &hellip;\" \/>\n<meta property=\"og:url\" content=\"https:\/\/anwalt.rocks\/arbeitsrecht\/offenburg\/\" \/>\n<meta property=\"og:site_name\" content=\"Anwalt Arbeitsrecht in der N\u00e4he - Dr. Schmelzer\" \/>\n<meta property=\"article:published_time\" content=\"2025-01-05T18:23:22+00:00\" \/>\n<meta property=\"og:image\" content=\"https:\/\/anwalt.rocks\/bilder\/arbeitsrecht\/anwalt-arbeitsrecht-600x600.webp\" \/>\n<meta name=\"author\" content=\"admin\" \/>\n<meta name=\"twitter:card\" content=\"summary_large_image\" \/>\n<meta name=\"twitter:label1\" content=\"Verfasst von\" \/>\n\t<meta name=\"twitter:data1\" content=\"admin\" \/>\n\t<meta name=\"twitter:label2\" content=\"Gesch\u00e4tzte Lesezeit\" \/>\n\t<meta name=\"twitter:data2\" content=\"4\u00a0Minuten\" \/>\n<script type=\"application\/ld+json\" class=\"yoast-schema-graph\">{\"@context\":\"https:\/\/schema.org\",\"@graph\":[{\"@type\":\"Article\",\"@id\":\"https:\/\/anwalt.rocks\/arbeitsrecht\/offenburg\/#article\",\"isPartOf\":{\"@id\":\"https:\/\/anwalt.rocks\/arbeitsrecht\/offenburg\/\"},\"author\":{\"name\":\"admin\",\"@id\":\"https:\/\/anwalt.rocks\/arbeitsrecht\/#\/schema\/person\/3fd3b0fc4df170bb2460fbc934288e39\"},\"headline\":\"Anwalt Arbeitsrecht Offenburg &#8211; Iris setzt sich durch.\",\"datePublished\":\"2025-01-05T18:23:22+00:00\",\"mainEntityOfPage\":{\"@id\":\"https:\/\/anwalt.rocks\/arbeitsrecht\/offenburg\/\"},\"wordCount\":726,\"publisher\":{\"@id\":\"https:\/\/anwalt.rocks\/arbeitsrecht\/#organization\"},\"image\":{\"@id\":\"https:\/\/anwalt.rocks\/arbeitsrecht\/offenburg\/#primaryimage\"},\"thumbnailUrl\":\"https:\/\/anwalt.rocks\/bilder\/arbeitsrecht\/anwalt-arbeitsrecht-600x600.webp\",\"articleSection\":[\"Fachanwalt\"],\"inLanguage\":\"de\"},{\"@type\":\"WebPage\",\"@id\":\"https:\/\/anwalt.rocks\/arbeitsrecht\/offenburg\/\",\"url\":\"https:\/\/anwalt.rocks\/arbeitsrecht\/offenburg\/\",\"name\":\"Anwalt Arbeitsrecht Offenburg - Iris setzt sich durch.\",\"isPartOf\":{\"@id\":\"https:\/\/anwalt.rocks\/arbeitsrecht\/#website\"},\"primaryImageOfPage\":{\"@id\":\"https:\/\/anwalt.rocks\/arbeitsrecht\/offenburg\/#primaryimage\"},\"image\":{\"@id\":\"https:\/\/anwalt.rocks\/arbeitsrecht\/offenburg\/#primaryimage\"},\"thumbnailUrl\":\"https:\/\/anwalt.rocks\/bilder\/arbeitsrecht\/anwalt-arbeitsrecht-600x600.webp\",\"datePublished\":\"2025-01-05T18:23:22+00:00\",\"breadcrumb\":{\"@id\":\"https:\/\/anwalt.rocks\/arbeitsrecht\/offenburg\/#breadcrumb\"},\"inLanguage\":\"de\",\"potentialAction\":[{\"@type\":\"ReadAction\",\"target\":[\"https:\/\/anwalt.rocks\/arbeitsrecht\/offenburg\/\"]}]},{\"@type\":\"ImageObject\",\"inLanguage\":\"de\",\"@id\":\"https:\/\/anwalt.rocks\/arbeitsrecht\/offenburg\/#primaryimage\",\"url\":\"https:\/\/anwalt.rocks\/bilder\/arbeitsrecht\/anwalt-arbeitsrecht-600x600.webp\",\"contentUrl\":\"https:\/\/anwalt.rocks\/bilder\/arbeitsrecht\/anwalt-arbeitsrecht-600x600.webp\"},{\"@type\":\"BreadcrumbList\",\"@id\":\"https:\/\/anwalt.rocks\/arbeitsrecht\/offenburg\/#breadcrumb\",\"itemListElement\":[{\"@type\":\"ListItem\",\"position\":1,\"name\":\"Start\",\"item\":\"https:\/\/anwalt.rocks\/arbeitsrecht\/\"},{\"@type\":\"ListItem\",\"position\":2,\"name\":\"Anwalt Arbeitsrecht Offenburg &#8211; Iris setzt sich durch.\"}]},{\"@type\":\"WebSite\",\"@id\":\"https:\/\/anwalt.rocks\/arbeitsrecht\/#website\",\"url\":\"https:\/\/anwalt.rocks\/arbeitsrecht\/\",\"name\":\"Anwalt Arbeitsrecht in der N\u00e4he - Dr. Schmelzer\",\"description\":\"Kompetenzen und Vorteile von Dr. Stephan Schmelzer \u2013 Anwalt und Fachanwalt f\u00fcr Arbeitsrecht mit 25 j\u00e4hriger Berufspraxis.\",\"publisher\":{\"@id\":\"https:\/\/anwalt.rocks\/arbeitsrecht\/#organization\"},\"potentialAction\":[{\"@type\":\"SearchAction\",\"target\":{\"@type\":\"EntryPoint\",\"urlTemplate\":\"https:\/\/anwalt.rocks\/arbeitsrecht\/?s={search_term_string}\"},\"query-input\":{\"@type\":\"PropertyValueSpecification\",\"valueRequired\":true,\"valueName\":\"search_term_string\"}}],\"inLanguage\":\"de\"},{\"@type\":\"Organization\",\"@id\":\"https:\/\/anwalt.rocks\/arbeitsrecht\/#organization\",\"name\":\"Kanzlei Dr. Schmelzer\",\"url\":\"https:\/\/anwalt.rocks\/arbeitsrecht\/\",\"logo\":{\"@type\":\"ImageObject\",\"inLanguage\":\"de\",\"@id\":\"https:\/\/anwalt.rocks\/arbeitsrecht\/#\/schema\/logo\/image\/\",\"url\":\"https:\/\/anwalt.rocks\/arbeitsrecht\/wp-content\/uploads\/sites\/2\/2025\/01\/anwalt-arbeitsrecht-logo.png\",\"contentUrl\":\"https:\/\/anwalt.rocks\/arbeitsrecht\/wp-content\/uploads\/sites\/2\/2025\/01\/anwalt-arbeitsrecht-logo.png\",\"width\":450,\"height\":150,\"caption\":\"Kanzlei Dr. Schmelzer\"},\"image\":{\"@id\":\"https:\/\/anwalt.rocks\/arbeitsrecht\/#\/schema\/logo\/image\/\"}},{\"@type\":\"Person\",\"@id\":\"https:\/\/anwalt.rocks\/arbeitsrecht\/#\/schema\/person\/3fd3b0fc4df170bb2460fbc934288e39\",\"name\":\"admin\",\"image\":{\"@type\":\"ImageObject\",\"inLanguage\":\"de\",\"@id\":\"https:\/\/secure.gravatar.com\/avatar\/2a567a722e62dc61f1aaa46c6b595fa617f2003443806e3422a8fed77c029cfc?s=96&d=mm&r=g\",\"url\":\"https:\/\/secure.gravatar.com\/avatar\/2a567a722e62dc61f1aaa46c6b595fa617f2003443806e3422a8fed77c029cfc?s=96&d=mm&r=g\",\"contentUrl\":\"https:\/\/secure.gravatar.com\/avatar\/2a567a722e62dc61f1aaa46c6b595fa617f2003443806e3422a8fed77c029cfc?s=96&d=mm&r=g\",\"caption\":\"admin\"},\"sameAs\":[\"https:\/\/anwalt.rocks\"],\"url\":\"https:\/\/anwalt.rocks\/arbeitsrecht\/author\/admin\/\"}]}<\/script>\n<!-- \/ Yoast SEO Premium plugin. -->","yoast_head_json":{"title":"Anwalt Arbeitsrecht Offenburg - Iris setzt sich durch.","robots":{"index":"index","follow":"follow","max-snippet":"max-snippet:-1","max-image-preview":"max-image-preview:large","max-video-preview":"max-video-preview:-1"},"canonical":"https:\/\/anwalt.rocks\/arbeitsrecht\/offenburg\/","og_locale":"de_DE","og_type":"article","og_title":"Anwalt Arbeitsrecht Offenburg - Iris setzt sich durch.","og_description":"Anwalt Altmark &#8211; phantastischer Erfolg von Rechtsanwalt Dr. Stephan Schmelzer im Hinblick auf Mutterschutz.  Rechtsanwalt Arbeitsrecht Altmark &#8211; Soziet\u00e4t Dr. Stephan Schmelzer. Dr. Stephan Schmelzer ist Ihr Ansprechpartner f\u00fcr komplexe arbeitsrechtliche F\u00e4lle. Seine langj\u00e4hrige T\u00e4tigkeit im Arbeitsrecht und die Fachanwaltszulassung &hellip;","og_url":"https:\/\/anwalt.rocks\/arbeitsrecht\/offenburg\/","og_site_name":"Anwalt Arbeitsrecht in der N\u00e4he - Dr. Schmelzer","article_published_time":"2025-01-05T18:23:22+00:00","og_image":[{"url":"https:\/\/anwalt.rocks\/bilder\/arbeitsrecht\/anwalt-arbeitsrecht-600x600.webp","type":"","width":"","height":""}],"author":"admin","twitter_card":"summary_large_image","twitter_misc":{"Verfasst von":"admin","Gesch\u00e4tzte Lesezeit":"4\u00a0Minuten"},"schema":{"@context":"https:\/\/schema.org","@graph":[{"@type":"Article","@id":"https:\/\/anwalt.rocks\/arbeitsrecht\/offenburg\/#article","isPartOf":{"@id":"https:\/\/anwalt.rocks\/arbeitsrecht\/offenburg\/"},"author":{"name":"admin","@id":"https:\/\/anwalt.rocks\/arbeitsrecht\/#\/schema\/person\/3fd3b0fc4df170bb2460fbc934288e39"},"headline":"Anwalt Arbeitsrecht Offenburg &#8211; Iris setzt sich durch.","datePublished":"2025-01-05T18:23:22+00:00","mainEntityOfPage":{"@id":"https:\/\/anwalt.rocks\/arbeitsrecht\/offenburg\/"},"wordCount":726,"publisher":{"@id":"https:\/\/anwalt.rocks\/arbeitsrecht\/#organization"},"image":{"@id":"https:\/\/anwalt.rocks\/arbeitsrecht\/offenburg\/#primaryimage"},"thumbnailUrl":"https:\/\/anwalt.rocks\/bilder\/arbeitsrecht\/anwalt-arbeitsrecht-600x600.webp","articleSection":["Fachanwalt"],"inLanguage":"de"},{"@type":"WebPage","@id":"https:\/\/anwalt.rocks\/arbeitsrecht\/offenburg\/","url":"https:\/\/anwalt.rocks\/arbeitsrecht\/offenburg\/","name":"Anwalt Arbeitsrecht Offenburg - Iris setzt sich durch.","isPartOf":{"@id":"https:\/\/anwalt.rocks\/arbeitsrecht\/#website"},"primaryImageOfPage":{"@id":"https:\/\/anwalt.rocks\/arbeitsrecht\/offenburg\/#primaryimage"},"image":{"@id":"https:\/\/anwalt.rocks\/arbeitsrecht\/offenburg\/#primaryimage"},"thumbnailUrl":"https:\/\/anwalt.rocks\/bilder\/arbeitsrecht\/anwalt-arbeitsrecht-600x600.webp","datePublished":"2025-01-05T18:23:22+00:00","breadcrumb":{"@id":"https:\/\/anwalt.rocks\/arbeitsrecht\/offenburg\/#breadcrumb"},"inLanguage":"de","potentialAction":[{"@type":"ReadAction","target":["https:\/\/anwalt.rocks\/arbeitsrecht\/offenburg\/"]}]},{"@type":"ImageObject","inLanguage":"de","@id":"https:\/\/anwalt.rocks\/arbeitsrecht\/offenburg\/#primaryimage","url":"https:\/\/anwalt.rocks\/bilder\/arbeitsrecht\/anwalt-arbeitsrecht-600x600.webp","contentUrl":"https:\/\/anwalt.rocks\/bilder\/arbeitsrecht\/anwalt-arbeitsrecht-600x600.webp"},{"@type":"BreadcrumbList","@id":"https:\/\/anwalt.rocks\/arbeitsrecht\/offenburg\/#breadcrumb","itemListElement":[{"@type":"ListItem","position":1,"name":"Start","item":"https:\/\/anwalt.rocks\/arbeitsrecht\/"},{"@type":"ListItem","position":2,"name":"Anwalt Arbeitsrecht Offenburg &#8211; Iris setzt sich durch."}]},{"@type":"WebSite","@id":"https:\/\/anwalt.rocks\/arbeitsrecht\/#website","url":"https:\/\/anwalt.rocks\/arbeitsrecht\/","name":"Anwalt Arbeitsrecht in der N\u00e4he - Dr. Schmelzer","description":"Kompetenzen und Vorteile von Dr. Stephan Schmelzer \u2013 Anwalt und Fachanwalt f\u00fcr Arbeitsrecht mit 25 j\u00e4hriger Berufspraxis.","publisher":{"@id":"https:\/\/anwalt.rocks\/arbeitsrecht\/#organization"},"potentialAction":[{"@type":"SearchAction","target":{"@type":"EntryPoint","urlTemplate":"https:\/\/anwalt.rocks\/arbeitsrecht\/?s={search_term_string}"},"query-input":{"@type":"PropertyValueSpecification","valueRequired":true,"valueName":"search_term_string"}}],"inLanguage":"de"},{"@type":"Organization","@id":"https:\/\/anwalt.rocks\/arbeitsrecht\/#organization","name":"Kanzlei Dr. Schmelzer","url":"https:\/\/anwalt.rocks\/arbeitsrecht\/","logo":{"@type":"ImageObject","inLanguage":"de","@id":"https:\/\/anwalt.rocks\/arbeitsrecht\/#\/schema\/logo\/image\/","url":"https:\/\/anwalt.rocks\/arbeitsrecht\/wp-content\/uploads\/sites\/2\/2025\/01\/anwalt-arbeitsrecht-logo.png","contentUrl":"https:\/\/anwalt.rocks\/arbeitsrecht\/wp-content\/uploads\/sites\/2\/2025\/01\/anwalt-arbeitsrecht-logo.png","width":450,"height":150,"caption":"Kanzlei Dr. Schmelzer"},"image":{"@id":"https:\/\/anwalt.rocks\/arbeitsrecht\/#\/schema\/logo\/image\/"}},{"@type":"Person","@id":"https:\/\/anwalt.rocks\/arbeitsrecht\/#\/schema\/person\/3fd3b0fc4df170bb2460fbc934288e39","name":"admin","image":{"@type":"ImageObject","inLanguage":"de","@id":"https:\/\/secure.gravatar.com\/avatar\/2a567a722e62dc61f1aaa46c6b595fa617f2003443806e3422a8fed77c029cfc?s=96&d=mm&r=g","url":"https:\/\/secure.gravatar.com\/avatar\/2a567a722e62dc61f1aaa46c6b595fa617f2003443806e3422a8fed77c029cfc?s=96&d=mm&r=g","contentUrl":"https:\/\/secure.gravatar.com\/avatar\/2a567a722e62dc61f1aaa46c6b595fa617f2003443806e3422a8fed77c029cfc?s=96&d=mm&r=g","caption":"admin"},"sameAs":["https:\/\/anwalt.rocks"],"url":"https:\/\/anwalt.rocks\/arbeitsrecht\/author\/admin\/"}]}},"_links":{"self":[{"href":"https:\/\/anwalt.rocks\/arbeitsrecht\/wp-json\/wp\/v2\/posts\/9076","targetHints":{"allow":["GET"]}}],"collection":[{"href":"https:\/\/anwalt.rocks\/arbeitsrecht\/wp-json\/wp\/v2\/posts"}],"about":[{"href":"https:\/\/anwalt.rocks\/arbeitsrecht\/wp-json\/wp\/v2\/types\/post"}],"author":[{"embeddable":true,"href":"https:\/\/anwalt.rocks\/arbeitsrecht\/wp-json\/wp\/v2\/users\/1"}],"replies":[{"embeddable":true,"href":"https:\/\/anwalt.rocks\/arbeitsrecht\/wp-json\/wp\/v2\/comments?post=9076"}],"version-history":[{"count":0,"href":"https:\/\/anwalt.rocks\/arbeitsrecht\/wp-json\/wp\/v2\/posts\/9076\/revisions"}],"wp:attachment":[{"href":"https:\/\/anwalt.rocks\/arbeitsrecht\/wp-json\/wp\/v2\/media?parent=9076"}],"wp:term":[{"taxonomy":"category","embeddable":true,"href":"https:\/\/anwalt.rocks\/arbeitsrecht\/wp-json\/wp\/v2\/categories?post=9076"},{"taxonomy":"post_tag","embeddable":true,"href":"https:\/\/anwalt.rocks\/arbeitsrecht\/wp-json\/wp\/v2\/tags?post=9076"}],"curies":[{"name":"wp","href":"https:\/\/api.w.org\/{rel}","templated":true}]}}