{"id":9082,"date":"2025-01-11T09:33:49","date_gmt":"2025-01-11T08:33:49","guid":{"rendered":"https:\/\/anwalt.rocks\/arbeitsrecht\/oldenburg\/"},"modified":"2025-01-11T09:33:49","modified_gmt":"2025-01-11T08:33:49","slug":"oldenburg","status":"publish","type":"post","link":"https:\/\/anwalt.rocks\/arbeitsrecht\/oldenburg\/","title":{"rendered":"Kanzlei Dr. Stephan Schmelzer Rechtsanwalt Arbeitsrecht Oldenburg."},"content":{"rendered":"<span class=\"span-reading-time rt-reading-time\" style=\"display: block;\"><span class=\"rt-label rt-prefix\">Lesedauer<\/span> <span class=\"rt-time\"> 3<\/span> <span class=\"rt-label rt-postfix\">Minuten<\/span><\/span><h2>Spezialist Arbeitsrecht Oldenburg f\u00fcr Arbeitnehmer sowie Arbeitgeber f\u00fcr K\u00fcndigungsschutzklage.<\/h2>\n<p><a href=\"https:\/\/dr-schmelzer.eu\/arbeitsrecht\/\" target=\"_blank\" rel=\"noopener\"><img loading=\"lazy\" decoding=\"async\" src=\"https:\/\/anwalt.rocks\/bilder\/arbeitsrecht\/anwalt-arbeitsrecht-600x600.webp\" alt=\"Kanzlei Dr. Stephan Schmelzer Rechtsanwalt Arbeitsrecht Oldenburg.\" title=\"Kanzlei Dr. Stephan Schmelzer Rechtsanwalt Arbeitsrecht Oldenburg.\" width=\"600\" height=\"600\" \/><\/a> <\/p>\n<h3>Fachanwalt Arbeitsrecht Oldenburg &#8211; Soziet\u00e4t Dr. Stephan Schmelzer.<\/h3>\n<p>Dr. Stephan Schmelzer bietet Ihnen professionelle Unterst\u00fctzung in s\u00e4mtlichen arbeitsrechtlichen Angelegenheiten. Mit seiner Fachanwaltszulassung im Arbeitsrecht und 25 Jahren Erfahrung ist er \u00fcber die Region Ahlen hinaus eine feste Gr\u00f6\u00dfe. Mit \u00fcber 20 Jahren Erfahrung steht seine Kanzlei f\u00fcr juristische Pr\u00e4zision und individuelle Beratung. Als Fachanwalt f\u00fcr IT- und Arbeitsrecht kombiniert Dr. Schmelzer juristische Kompetenz, die in der heutigen Arbeitswelt unverzichtbar ist. &#8211; <a title=\"Anwalt Arbeitsrecht L\u00fcbeck\" href=\"https:\/\/anwalt.rocks\/arbeitsrecht\/luebeck\/\">Anwalt Arbeitsrecht L\u00fcbeck<\/a><\/p>\n<p><a href=\"https:\/\/dr-schmelzer.eu\/arbeitsrecht\/\" target=\"_blank\" rel=\"noopener\"><img loading=\"lazy\" decoding=\"async\" src=\"https:\/\/anwalt.rocks\/bilder\/arbeitsrecht\/rechtsanwalt-arbeitsrecht-600x600.webp\" alt=\"Anwalt Arbeitsrecht Oldenburg\" title=\"Anwalt Arbeitsrecht Oldenburg\" width=\"600\" height=\"600\" \/><\/a> <\/p>\n<h3>Soziet\u00e4t Dr. Stephan Schmelzer &#8211; Spezialist f\u00fcr Arbeitsrecht Oldenburg.<\/h3>\n<p>W\u00e4hrend IT-rechtliche Aspekte erg\u00e4nzend eine Rolle spielen, steht das Arbeitsrecht \u2013 sowohl national als auch weltweit \u2013 im Mittelpunkt seiner Arbeit. Das gesamte Spektrum des Arbeitsrechts wird von Dr. Schmelzer abgedeckt, der personalisierte Strategien f\u00fcr jeden Mandanten entwickelt. Mit seiner langj\u00e4hrigen Erfahrung und der gezielten Betreuung jedes Mandanten geh\u00f6rt er zu den Top-Experten im Arbeitsrecht. &#8211; <a title=\"Anwalt Wriezen\" href=\"https:\/\/anwalt.rocks\/arbeitsrecht\/wriezen\/\">Anwalt Wriezen<\/a><\/p>\n<h3>Hohes Durchsetzungsverm\u00f6gen &#8211; Seit 1998 t\u00e4tig als Rechtsanwalt Oldenburg.<\/h3>\n<p>Arbeitgeber stehen vor rechtlichen Herausforderungen, die von der Vertragsgestaltung bis hin zu weitreichenden Restrukturierungen reichen k\u00f6nnen. Dr. Schmelzer bietet Unternehmen strategische Beratung, um juristische Risiken zu verringern und praktikable L\u00f6sungen umzusetzen. Zu den Schwerpunkten seiner Arbeit z\u00e4hlen: &#8211; <a title=\"Anwalt Arbeitsrecht Kroppenstedt\" href=\"https:\/\/anwalt.rocks\/arbeitsrecht\/kroppenstedt\/\">Anwalt Arbeitsrecht Kroppenstedt<\/a><\/p>\n<h3>Anwalt Arbeitsrecht Oldenburg 56 motivierte Klienten.<\/h3>\n<p>Erstellung und \u00dcberpr\u00fcfung rechtssicherer und flexibler Arbeitsvertr\u00e4ge f\u00fcr individuelle Anforderungen. Konzeption von Arbeitszeit- und Verg\u00fctungsmodellen, die speziell auf das Unternehmen abgestimmt sind. &#8211; <a title=\"Anwalt Arbeitsrecht Melk\" href=\"https:\/\/anwalt.rocks\/arbeitsrecht\/melk\/\">Anwalt Arbeitsrecht Melk<\/a><\/p>\n<h3>Deshalb f\u00e4llt die Entscheidung auf den kompetenten Anwalt Oldenburg:<\/h3>\n<p>Beratung und Begleitung bei der Erstellung von rechtssicheren K\u00fcndigungen aus unterschiedlichen Gr\u00fcnden. Senkung juristischer Risiken und professionelle Beratung bei jeder Phase der K\u00fcndigung.<\/p>\n<h3>Hohe Kompetenz aber auch durchsetzungsstark.<\/h3>\n<p>Beratung zur Beteiligung des Betriebsrats an zentralen Entscheidungsprozessen. Beratung und Verhandlung von Betriebsvereinbarungen in enger Zusammenarbeit mit dem Betriebsrat. Planung und rechtliche Beratung zur Umsetzung von Restrukturierungsprozessen. Vertretung bei arbeitsgerichtlichen Auseinandersetzungen, von K\u00fcndigungsschutzklagen bis Entfristungsklagen. Zielgerichtete und nachhaltige Sicherung der Unternehmensbelange im Fokus.<\/p>\n<h3>Anwalt Arbeitsrecht Oldenburg &#8211; Spezialist Dr. Schmelzer.<\/h3>\n<p>Mit seiner umfassenden Erfahrung unterst\u00fctzt Dr. Schmelzer auch Arbeitnehmer. Gerade in Auseinandersetzungen beweist er sich als engagierter Partner, der f\u00fcr die Interessen seiner Mandanten k\u00e4mpft. Die Schwerpunkte liegen bei:<\/p>\n<p>Juristische Beratung bei K\u00fcndigungsschutzverfahren und Vertretung vor dem Arbeitsgericht. Verhandlung und Durchsetzung von Abfindungsanspr\u00fcchen und Ausgleichszahlungen. Juristische Beratung bei K\u00fcndigungsschutzverfahren und Vertretung vor dem Arbeitsgericht. Verhandlung und Durchsetzung von Abfindungsanspr\u00fcchen und Ausgleichszahlungen.<\/p>\n<p>Beratung zu Aufhebungsvertr\u00e4gen und Aushandlung angemessener Abfindungen. Hilfe bei der Analyse und \u00dcberarbeitung von Zeugnissen zur Optimierung der Darstellung. Vertretung vor Gericht in Zeugnisklagen, um eine angemessene Beurteilung zu erlangen. Kostenersparnis Fachkundige Beratung zur Geltendmachung von Lohn- und Gehaltsanspr\u00fcchen. Prozessvertretung bei Streitf\u00e4llen \u00fcber ausstehendes Entgelt und \u00dcberstundenverg\u00fctungen. Pr\u00fcfung von Abmahnungen und Erstellung von Strategien zur Abwehr ungerechtfertigter Ma\u00dfnahmen.<\/p>\n<h4>Betreuung f\u00fcr Arbeitnehmer sowie Arbeitgeber in Sachen Anwalt Arbeitsrecht Oldenburg.<\/h4>\n<p>Restrukturierung und die Beilegung von Konflikten sind zentrale Themen von Dr. Schmelzer. Ein besonderer Fokus von Dr. Schmelzer ist die Unterst\u00fctzung von Unternehmen bei Restrukturierungsma\u00dfnahmen. Gefragt ist hier eine Kombination aus rechtlicher Expertise, Verhandlungsgeschick und wirtschaftlichem Wissen.<\/p>\n<p>Anwalt Oldenburg Zusammenfassung: Die Entwicklung und Realisierung von Interessenausgleichen und Sozialpl\u00e4nen z\u00e4hlt zu den Kernkompetenzen von Dr. Schmelzer. Ziel ist es, eine L\u00f6sung zu finden, die f\u00fcr alle Beteiligten tragbar ist. Mit fundiertem Wissen und einer klaren Strategie begleitet Dr. Schmelzer Verhandlungen mit Betriebsr\u00e4ten und Gewerkschaften erfolgreich.<\/p>\n<p>Jeder Fall ist f\u00fcr den Fachanwalt f\u00fcr Arbeitsrecht eine individuelle Herausforderung, die intensive Beachtung braucht. Ob au\u00dfergerichtlich oder durch einen Gerichtsprozess \u2013 sein Ziel ist es, stets die beste L\u00f6sung f\u00fcr seine Mandanten zu erzielen. F\u00fcr ihn sind Offenheit und eine vertrauensvolle Zusammenarbeit mit seinen Mandanten unverzichtbar. Die Zufriedenheit seiner Mandanten ist der Kernpunkt im Handeln von Dr. Schmelzer. Das positive Feedback seiner Mandanten und seine zahlreichen Erfolge unterstreichen seine professionelle und zielorientierte Arbeitsweise. Die Kanzlei Dr. Stephan Schmelzer bietet Arbeitnehmern und Arbeitgebern zuverl\u00e4ssige Unterst\u00fctzung mit umfassendem Wissen und Engagement.<\/p>\n<article class=\"contact contact-list post-2606 profile type-profile status-publish has-post-thumbnail hentry\" data-contact=\"2606\">\n    \n    <div class=\"media\">\n        <div class=\"media-left\">\n            <a  href=\"#\" data-toggle=\"modal\" data-target=\"#ContactModal\"  title=\"Maria P., 29 Jahre, aus Stuttgart jetzt Kontakt aufnehmen!\">\n                <img loading=\"lazy\" decoding=\"async\" width=\"500\" height=\"500\" src=\"https:\/\/anwalt.rocks\/arbeitsrecht\/wp-content\/uploads\/sites\/2\/2025\/01\/meinung-03.jpg\" class=\"contact-image media-object wp-post-image\" alt=\"Maria P., 29 Jahre, aus Stuttgart\" srcset=\"https:\/\/anwalt.rocks\/arbeitsrecht\/wp-content\/uploads\/sites\/2\/2025\/01\/meinung-03.jpg 500w, https:\/\/anwalt.rocks\/arbeitsrecht\/wp-content\/uploads\/sites\/2\/2025\/01\/meinung-03-300x300.jpg 300w, https:\/\/anwalt.rocks\/arbeitsrecht\/wp-content\/uploads\/sites\/2\/2025\/01\/meinung-03-150x150.jpg 150w\" sizes=\"auto, (max-width: 500px) 100vw, 500px\" \/>            <\/a>\n        <\/div>\n\n        <div class=\"media-body\">\n                        <p class=\"h2 media-heading\">\n                <a  href=\"#\" data-toggle=\"modal\" data-target=\"#ContactModal\"  title=\"Maria P., 29 Jahre, aus Stuttgart jetzt Kontakt aufnehmen!\">\n                    <span class=\"contact-name\">Maria P., 29 Jahre, aus Stuttgart<\/span>\n                <\/a>\n\n                <span class=\"contact-text\"><\/span> <span class=\"contact-city\"><a href=\"https:\/\/anwalt.rocks\/arbeitsrecht\/region\/plauen-oberlosa\/\">Anwalt Arbeitsrecht Plauen Oberlosa<\/a><\/span>            <\/p>\n\n            <div class=\"quote\"><p>Herr Dr. Schmelzer ist einfach ein toller Anwalt! In meinem Fall ging es um Mobbing am Arbeitsplatz. Ich wusste nicht mehr weiter, aber Herr Dr. Schmelzer hat mir Mut gemacht und klare Schritte vorgeschlagen. Er hat nicht nur mein Recht &hellip;<\/p><\/div>\n            <a class=\"btn btn-cta\"  href=\"#\" data-toggle=\"modal\" data-target=\"#ContactModal\"  title=\"Maria P., 29 Jahre, aus Stuttgart jetzt Kontakt aufnehmen!\">\n                Nachricht senden            <\/a>\n        <\/div>\n    <\/div>\n<\/article><article class=\"contact contact-list post-2628 profile type-profile status-publish has-post-thumbnail hentry\" data-contact=\"2628\">\n    \n    <div class=\"media\">\n        <div class=\"media-left\">\n            <a  href=\"#\" data-toggle=\"modal\" data-target=\"#ContactModal\"  title=\"Sandra B., 39 Jahre, aus Bremen jetzt Kontakt aufnehmen!\">\n                <img loading=\"lazy\" decoding=\"async\" width=\"500\" height=\"500\" src=\"https:\/\/anwalt.rocks\/arbeitsrecht\/wp-content\/uploads\/sites\/2\/2025\/01\/meinung-10.jpg\" class=\"contact-image media-object wp-post-image\" alt=\"Sandra B., 39 Jahre, aus Bremen\" srcset=\"https:\/\/anwalt.rocks\/arbeitsrecht\/wp-content\/uploads\/sites\/2\/2025\/01\/meinung-10.jpg 500w, https:\/\/anwalt.rocks\/arbeitsrecht\/wp-content\/uploads\/sites\/2\/2025\/01\/meinung-10-300x300.jpg 300w, https:\/\/anwalt.rocks\/arbeitsrecht\/wp-content\/uploads\/sites\/2\/2025\/01\/meinung-10-150x150.jpg 150w\" sizes=\"auto, (max-width: 500px) 100vw, 500px\" \/>            <\/a>\n        <\/div>\n\n        <div class=\"media-body\">\n                        <p class=\"h2 media-heading\">\n                <a  href=\"#\" data-toggle=\"modal\" data-target=\"#ContactModal\"  title=\"Sandra B., 39 Jahre, aus Bremen jetzt Kontakt aufnehmen!\">\n                    <span class=\"contact-name\">Sandra B., 39 Jahre, aus Bremen<\/span>\n                <\/a>\n\n                <span class=\"contact-text\"><\/span> <span class=\"contact-city\"><a href=\"https:\/\/anwalt.rocks\/arbeitsrecht\/region\/menden-holzen\/\">Anwalt Arbeitsrecht Menden Holzen<\/a><\/span>            <\/p>\n\n            <div class=\"quote\"><p>Herr Schmelzer ist einfach unglaublich! In meinem Fall ging es um eine ungerechtfertigte Versetzung in eine andere Stadt. Er erkannte sofort, dass mein Arbeitgeber hier gegen geltendes Arbeitsrecht versto\u00dfen hatte, und setzte meine Interessen kompromisslos durch. Was mir besonders gefallen &hellip;<\/p><\/div>\n            <a class=\"btn btn-cta\"  href=\"#\" data-toggle=\"modal\" data-target=\"#ContactModal\"  title=\"Sandra B., 39 Jahre, aus Bremen jetzt Kontakt aufnehmen!\">\n                Nachricht senden            <\/a>\n        <\/div>\n    <\/div>\n<\/article><article class=\"contact contact-list post-2655 profile type-profile status-publish has-post-thumbnail hentry\" data-contact=\"2655\">\n    \n    <div class=\"media\">\n        <div class=\"media-left\">\n            <a  href=\"#\" data-toggle=\"modal\" data-target=\"#ContactModal\"  title=\"Gustav G. jetzt Kontakt aufnehmen!\">\n                <img loading=\"lazy\" decoding=\"async\" width=\"500\" height=\"500\" src=\"https:\/\/anwalt.rocks\/arbeitsrecht\/wp-content\/uploads\/sites\/2\/2025\/01\/meinung-19.jpg\" class=\"contact-image media-object wp-post-image\" alt=\"Gustav G.\" srcset=\"https:\/\/anwalt.rocks\/arbeitsrecht\/wp-content\/uploads\/sites\/2\/2025\/01\/meinung-19.jpg 500w, https:\/\/anwalt.rocks\/arbeitsrecht\/wp-content\/uploads\/sites\/2\/2025\/01\/meinung-19-300x300.jpg 300w, https:\/\/anwalt.rocks\/arbeitsrecht\/wp-content\/uploads\/sites\/2\/2025\/01\/meinung-19-150x150.jpg 150w\" sizes=\"auto, (max-width: 500px) 100vw, 500px\" \/>            <\/a>\n        <\/div>\n\n        <div class=\"media-body\">\n                        <p class=\"h2 media-heading\">\n                <a  href=\"#\" data-toggle=\"modal\" data-target=\"#ContactModal\"  title=\"Gustav G. jetzt Kontakt aufnehmen!\">\n                    <span class=\"contact-name\">Gustav G.<\/span>\n                <\/a>\n\n                <span class=\"contact-text\"><\/span> <span class=\"contact-city\"><a href=\"https:\/\/anwalt.rocks\/arbeitsrecht\/region\/flensburg-suedstadt\/\">Anwalt Arbeitsrecht Flensburg S\u00fcdstadt<\/a><\/span>            <\/p>\n\n            <div class=\"quote\"><p>Dieser Anwalt hat mir geholfen, als mein Arbeitgeber mich wegen angeblicher Fehlleistungen abmahnen wollte. Er konnte die Abmahnung erfolgreich anfechten und hat mir meine Rechte ausf\u00fchrlich erkl\u00e4rt. Ich bin sehr dankbar f\u00fcr seine Unterst\u00fctzung und w\u00fcrde ihn immer wieder kontaktieren.&hellip;<\/p><\/div>\n            <a class=\"btn btn-cta\"  href=\"#\" data-toggle=\"modal\" data-target=\"#ContactModal\"  title=\"Gustav G. jetzt Kontakt aufnehmen!\">\n                Nachricht senden            <\/a>\n        <\/div>\n    <\/div>\n<\/article><article class=\"contact contact-list post-2622 profile type-profile status-publish has-post-thumbnail hentry\" data-contact=\"2622\">\n    \n    <div class=\"media\">\n        <div class=\"media-left\">\n            <a  href=\"#\" data-toggle=\"modal\" data-target=\"#ContactModal\"  title=\"Sabine T., 22 Jahre, aus Frankfurt jetzt Kontakt aufnehmen!\">\n                <img loading=\"lazy\" decoding=\"async\" width=\"500\" height=\"500\" src=\"https:\/\/anwalt.rocks\/arbeitsrecht\/wp-content\/uploads\/sites\/2\/2025\/01\/meinung-08.jpg\" class=\"contact-image media-object wp-post-image\" alt=\"Sabine T., 22 Jahre, aus Frankfurt\" srcset=\"https:\/\/anwalt.rocks\/arbeitsrecht\/wp-content\/uploads\/sites\/2\/2025\/01\/meinung-08.jpg 500w, https:\/\/anwalt.rocks\/arbeitsrecht\/wp-content\/uploads\/sites\/2\/2025\/01\/meinung-08-300x300.jpg 300w, https:\/\/anwalt.rocks\/arbeitsrecht\/wp-content\/uploads\/sites\/2\/2025\/01\/meinung-08-150x150.jpg 150w\" sizes=\"auto, (max-width: 500px) 100vw, 500px\" \/>            <\/a>\n        <\/div>\n\n        <div class=\"media-body\">\n                        <p class=\"h2 media-heading\">\n                <a  href=\"#\" data-toggle=\"modal\" data-target=\"#ContactModal\"  title=\"Sabine T., 22 Jahre, aus Frankfurt jetzt Kontakt aufnehmen!\">\n                    <span class=\"contact-name\">Sabine T., 22 Jahre, aus Frankfurt<\/span>\n                <\/a>\n\n                <span class=\"contact-text\"><\/span> <span class=\"contact-city\"><a href=\"https:\/\/anwalt.rocks\/arbeitsrecht\/region\/solingen-ohligs\/\">Anwalt Arbeitsrecht Solingen Ohligs<\/a><\/span>            <\/p>\n\n            <div class=\"quote\"><p>Ich hatte ein Problem mit meinem Teilzeitvertrag, da mein Arbeitgeber mich pl\u00f6tzlich zu vielen \u00dcberstunden verpflichten wollte. Herr Schmelzer hat mich wunderbar beraten und schnell eine Kl\u00e4rung herbeigef\u00fchrt. Seine Kompetenz und Freundlichkeit haben mich \u00fcberzeugt. Ich f\u00fchlte mich jederzeit ernst &hellip;<\/p><\/div>\n            <a class=\"btn btn-cta\"  href=\"#\" data-toggle=\"modal\" data-target=\"#ContactModal\"  title=\"Sabine T., 22 Jahre, aus Frankfurt jetzt Kontakt aufnehmen!\">\n                Nachricht senden            <\/a>\n        <\/div>\n    <\/div>\n<\/article><article class=\"contact contact-list post-2603 profile type-profile status-publish has-post-thumbnail hentry\" data-contact=\"2603\">\n    \n    <div class=\"media\">\n        <div class=\"media-left\">\n            <a  href=\"#\" data-toggle=\"modal\" data-target=\"#ContactModal\"  title=\"Lisa K., 41 Jahre, aus Berlin jetzt Kontakt aufnehmen!\">\n                <img loading=\"lazy\" decoding=\"async\" width=\"500\" height=\"500\" src=\"https:\/\/anwalt.rocks\/arbeitsrecht\/wp-content\/uploads\/sites\/2\/2025\/01\/meinung-02.jpg\" class=\"contact-image media-object wp-post-image\" alt=\"Lisa K., 41 Jahre, aus Berlin\" srcset=\"https:\/\/anwalt.rocks\/arbeitsrecht\/wp-content\/uploads\/sites\/2\/2025\/01\/meinung-02.jpg 500w, https:\/\/anwalt.rocks\/arbeitsrecht\/wp-content\/uploads\/sites\/2\/2025\/01\/meinung-02-300x300.jpg 300w, https:\/\/anwalt.rocks\/arbeitsrecht\/wp-content\/uploads\/sites\/2\/2025\/01\/meinung-02-150x150.jpg 150w\" sizes=\"auto, (max-width: 500px) 100vw, 500px\" \/>            <\/a>\n        <\/div>\n\n        <div class=\"media-body\">\n                        <p class=\"h2 media-heading\">\n                <a  href=\"#\" data-toggle=\"modal\" data-target=\"#ContactModal\"  title=\"Lisa K., 41 Jahre, aus Berlin jetzt Kontakt aufnehmen!\">\n                    <span class=\"contact-name\">Lisa K., 41 Jahre, aus Berlin<\/span>\n                <\/a>\n\n                <span class=\"contact-text\"><\/span> <span class=\"contact-city\"><a href=\"https:\/\/anwalt.rocks\/arbeitsrecht\/region\/missen-wilhams\/\">Anwalt Arbeitsrecht Missen-Wilhams<\/a><\/span>            <\/p>\n\n            <div class=\"quote\"><p>Ich bin so froh, dass ich Herrn Dr. Schmelzer gefunden habe! Nach 15 Jahren im gleichen Unternehmen wurde ich pl\u00f6tzlich gek\u00fcndigt \u2013 angeblich wegen betrieblicher Umst\u00e4nde. Dr. Schmelzer hat sofort erkannt, dass die K\u00fcndigung unwirksam war, und hat einen wirklich &hellip;<\/p><\/div>\n            <a class=\"btn btn-cta\"  href=\"#\" data-toggle=\"modal\" data-target=\"#ContactModal\"  title=\"Lisa K., 41 Jahre, aus Berlin jetzt Kontakt aufnehmen!\">\n                Nachricht senden            <\/a>\n        <\/div>\n    <\/div>\n<\/article>\n<div class=\"blogposts\"><ul><li><a href=\"https:\/\/anwalt.rocks\/arbeitsrecht\/rosenheim\/\" title=\"Anwalt Rosenheim f\u00fcr Arbeitsrecht.\">Anwalt Rosenheim f\u00fcr Arbeitsrecht.<\/a><\/li><li><a href=\"https:\/\/anwalt.rocks\/arbeitsrecht\/alzey\/\" title=\"Anwalt Alzey Arbeitsrecht Mandanten Vertreung f\u00fcr Arbeitgeber sowie Arbeitnehmer.\">Anwalt Alzey Arbeitsrecht Mandanten Vertreung f\u00fcr Arbeitgeber sowie Arbeitnehmer.<\/a><\/li><li><a href=\"https:\/\/anwalt.rocks\/arbeitsrecht\/voehrenbach\/\" title=\"Anwalt Arbeitsrecht V\u00f6hrenbach &#8211; Schon mehr als 31 gl\u00fcckliche Klienten.\">Anwalt Arbeitsrecht V\u00f6hrenbach &#8211; Schon mehr als 31 gl\u00fcckliche Klienten.<\/a><\/li><li><a href=\"https:\/\/anwalt.rocks\/arbeitsrecht\/konstanz\/\" title=\"Anwalt Konstanz Arbeitsrecht Betreuung f\u00fcr Arbeitgeber sowie Arbeitnehmer.\">Anwalt Konstanz Arbeitsrecht Betreuung f\u00fcr Arbeitgeber sowie Arbeitnehmer.<\/a><\/li><li><a href=\"https:\/\/anwalt.rocks\/arbeitsrecht\/bad-lauchstaedt\/\" title=\"Kanzlei Dr. Stephan Schmelzer Rechtsanwalt IT- und Arbeitsrecht Bad Lauchst\u00e4dt.\">Kanzlei Dr. Stephan Schmelzer Rechtsanwalt IT- und Arbeitsrecht Bad Lauchst\u00e4dt.<\/a><\/li><li><a href=\"https:\/\/anwalt.rocks\/arbeitsrecht\/bad-schmiedeberg\/\" title=\"Anwalt Arbeitsrecht Bad Schmiedeberg &#8211; Aktuell 44 fr\u00f6hliche Klienten.\">Anwalt Arbeitsrecht Bad Schmiedeberg &#8211; Aktuell 44 fr\u00f6hliche Klienten.<\/a><\/li><li><a href=\"https:\/\/anwalt.rocks\/arbeitsrecht\/karlsruhe\/\" title=\"Anwalt Karlsruhe Arbeitsrecht Mandanten Vertreung f\u00fcr Arbeitnehmer und Arbeitgeber.\">Anwalt Karlsruhe Arbeitsrecht Mandanten Vertreung f\u00fcr Arbeitnehmer und Arbeitgeber.<\/a><\/li><\/ul><\/div>\n","protected":false},"excerpt":{"rendered":"<h2>Anwalt Karlsruhe &#8211; grandioser Erfolg von Dr. Schmelzer in puncto K\u00fcndigungsschutzklage.<\/h2>\n<p><a href=\"https:\/\/dr-schmelzer.eu\/arbeitsrecht\/\" target=\"_blank\" rel=\"noopener\"><img loading=\"lazy\" decoding=\"async\" src=\"https:\/\/anwalt.rocks\/bilder\/arbeitsrecht\/anwalt-arbeitsrecht-600x600.webp\" alt=\"Anwalt Karlsruhe Arbeitsrecht Mandanten Vertreung f\u00fcr Arbeitnehmer und Arbeitgeber.\" title=\"Anwalt Karlsruhe Arbeitsrecht Mandanten Vertreung f\u00fcr Arbeitnehmer und Arbeitgeber.\" width=\"600\" height=\"600\" \/><\/a> <\/p>\n<h3>Anwalt Arbeitsrecht Karlsruhe &#8211; Anwaltskanzlei Dr. Stephan Schmelzer.<\/h3>\n<p>Ihr Ansprechpartner f\u00fcr umfassende Beratung im Arbeitsrecht: Dr. Stephan Schmelzer. Seine juristische Laufbahn erstreckt sich \u00fcber 25 Jahre, und als Fachanwalt &hellip;<\/p>","protected":false},"author":1,"featured_media":0,"comment_status":"closed","ping_status":"open","sticky":false,"template":"","format":"standard","meta":{"footnotes":""},"categories":[3],"tags":[],"class_list":["post-9082","post","type-post","status-publish","format-standard","hentry","category-fachanwalt"],"yoast_head":"<!-- This site is optimized with the Yoast SEO Premium plugin v27.1 (Yoast SEO v27.2) - https:\/\/yoast.com\/product\/yoast-seo-premium-wordpress\/ -->\n<title>Kanzlei Dr. Stephan Schmelzer Rechtsanwalt Arbeitsrecht Oldenburg.<\/title>\n<meta name=\"robots\" content=\"index, follow, max-snippet:-1, max-image-preview:large, max-video-preview:-1\" \/>\n<link rel=\"canonical\" href=\"https:\/\/anwalt.rocks\/arbeitsrecht\/oldenburg\/\" \/>\n<meta property=\"og:locale\" content=\"de_DE\" \/>\n<meta property=\"og:type\" content=\"article\" \/>\n<meta property=\"og:title\" content=\"Kanzlei Dr. Stephan Schmelzer Rechtsanwalt Arbeitsrecht Oldenburg.\" \/>\n<meta property=\"og:description\" content=\"Anwalt Karlsruhe &#8211; grandioser Erfolg von Dr. Schmelzer in puncto K\u00fcndigungsschutzklage.  Anwalt Arbeitsrecht Karlsruhe &#8211; Anwaltskanzlei Dr. Stephan Schmelzer. Ihr Ansprechpartner f\u00fcr umfassende Beratung im Arbeitsrecht: Dr. Stephan Schmelzer. Seine juristische Laufbahn erstreckt sich \u00fcber 25 Jahre, und als Fachanwalt &hellip;\" \/>\n<meta property=\"og:url\" content=\"https:\/\/anwalt.rocks\/arbeitsrecht\/oldenburg\/\" \/>\n<meta property=\"og:site_name\" content=\"Anwalt Arbeitsrecht in der N\u00e4he - Dr. Schmelzer\" \/>\n<meta property=\"article:published_time\" content=\"2025-01-11T08:33:49+00:00\" \/>\n<meta property=\"og:image\" content=\"https:\/\/anwalt.rocks\/bilder\/arbeitsrecht\/anwalt-arbeitsrecht-600x600.webp\" \/>\n<meta name=\"author\" content=\"admin\" \/>\n<meta name=\"twitter:card\" content=\"summary_large_image\" \/>\n<meta name=\"twitter:label1\" content=\"Verfasst von\" \/>\n\t<meta name=\"twitter:data1\" content=\"admin\" \/>\n\t<meta name=\"twitter:label2\" content=\"Gesch\u00e4tzte Lesezeit\" \/>\n\t<meta name=\"twitter:data2\" content=\"3\u00a0Minuten\" \/>\n<script type=\"application\/ld+json\" class=\"yoast-schema-graph\">{\"@context\":\"https:\/\/schema.org\",\"@graph\":[{\"@type\":\"Article\",\"@id\":\"https:\/\/anwalt.rocks\/arbeitsrecht\/oldenburg\/#article\",\"isPartOf\":{\"@id\":\"https:\/\/anwalt.rocks\/arbeitsrecht\/oldenburg\/\"},\"author\":{\"name\":\"admin\",\"@id\":\"https:\/\/anwalt.rocks\/arbeitsrecht\/#\/schema\/person\/3fd3b0fc4df170bb2460fbc934288e39\"},\"headline\":\"Kanzlei Dr. Stephan Schmelzer Rechtsanwalt Arbeitsrecht Oldenburg.\",\"datePublished\":\"2025-01-11T08:33:49+00:00\",\"mainEntityOfPage\":{\"@id\":\"https:\/\/anwalt.rocks\/arbeitsrecht\/oldenburg\/\"},\"wordCount\":701,\"publisher\":{\"@id\":\"https:\/\/anwalt.rocks\/arbeitsrecht\/#organization\"},\"image\":{\"@id\":\"https:\/\/anwalt.rocks\/arbeitsrecht\/oldenburg\/#primaryimage\"},\"thumbnailUrl\":\"https:\/\/anwalt.rocks\/bilder\/arbeitsrecht\/anwalt-arbeitsrecht-600x600.webp\",\"articleSection\":[\"Fachanwalt\"],\"inLanguage\":\"de\"},{\"@type\":\"WebPage\",\"@id\":\"https:\/\/anwalt.rocks\/arbeitsrecht\/oldenburg\/\",\"url\":\"https:\/\/anwalt.rocks\/arbeitsrecht\/oldenburg\/\",\"name\":\"Kanzlei Dr. Stephan Schmelzer Rechtsanwalt Arbeitsrecht Oldenburg.\",\"isPartOf\":{\"@id\":\"https:\/\/anwalt.rocks\/arbeitsrecht\/#website\"},\"primaryImageOfPage\":{\"@id\":\"https:\/\/anwalt.rocks\/arbeitsrecht\/oldenburg\/#primaryimage\"},\"image\":{\"@id\":\"https:\/\/anwalt.rocks\/arbeitsrecht\/oldenburg\/#primaryimage\"},\"thumbnailUrl\":\"https:\/\/anwalt.rocks\/bilder\/arbeitsrecht\/anwalt-arbeitsrecht-600x600.webp\",\"datePublished\":\"2025-01-11T08:33:49+00:00\",\"breadcrumb\":{\"@id\":\"https:\/\/anwalt.rocks\/arbeitsrecht\/oldenburg\/#breadcrumb\"},\"inLanguage\":\"de\",\"potentialAction\":[{\"@type\":\"ReadAction\",\"target\":[\"https:\/\/anwalt.rocks\/arbeitsrecht\/oldenburg\/\"]}]},{\"@type\":\"ImageObject\",\"inLanguage\":\"de\",\"@id\":\"https:\/\/anwalt.rocks\/arbeitsrecht\/oldenburg\/#primaryimage\",\"url\":\"https:\/\/anwalt.rocks\/bilder\/arbeitsrecht\/anwalt-arbeitsrecht-600x600.webp\",\"contentUrl\":\"https:\/\/anwalt.rocks\/bilder\/arbeitsrecht\/anwalt-arbeitsrecht-600x600.webp\"},{\"@type\":\"BreadcrumbList\",\"@id\":\"https:\/\/anwalt.rocks\/arbeitsrecht\/oldenburg\/#breadcrumb\",\"itemListElement\":[{\"@type\":\"ListItem\",\"position\":1,\"name\":\"Start\",\"item\":\"https:\/\/anwalt.rocks\/arbeitsrecht\/\"},{\"@type\":\"ListItem\",\"position\":2,\"name\":\"Kanzlei Dr. Stephan Schmelzer Rechtsanwalt Arbeitsrecht Oldenburg.\"}]},{\"@type\":\"WebSite\",\"@id\":\"https:\/\/anwalt.rocks\/arbeitsrecht\/#website\",\"url\":\"https:\/\/anwalt.rocks\/arbeitsrecht\/\",\"name\":\"Anwalt Arbeitsrecht in der N\u00e4he - Dr. Schmelzer\",\"description\":\"Kompetenzen und Vorteile von Dr. Stephan Schmelzer \u2013 Anwalt und Fachanwalt f\u00fcr Arbeitsrecht mit 25 j\u00e4hriger Berufspraxis.\",\"publisher\":{\"@id\":\"https:\/\/anwalt.rocks\/arbeitsrecht\/#organization\"},\"potentialAction\":[{\"@type\":\"SearchAction\",\"target\":{\"@type\":\"EntryPoint\",\"urlTemplate\":\"https:\/\/anwalt.rocks\/arbeitsrecht\/?s={search_term_string}\"},\"query-input\":{\"@type\":\"PropertyValueSpecification\",\"valueRequired\":true,\"valueName\":\"search_term_string\"}}],\"inLanguage\":\"de\"},{\"@type\":\"Organization\",\"@id\":\"https:\/\/anwalt.rocks\/arbeitsrecht\/#organization\",\"name\":\"Kanzlei Dr. Schmelzer\",\"url\":\"https:\/\/anwalt.rocks\/arbeitsrecht\/\",\"logo\":{\"@type\":\"ImageObject\",\"inLanguage\":\"de\",\"@id\":\"https:\/\/anwalt.rocks\/arbeitsrecht\/#\/schema\/logo\/image\/\",\"url\":\"https:\/\/anwalt.rocks\/arbeitsrecht\/wp-content\/uploads\/sites\/2\/2025\/01\/anwalt-arbeitsrecht-logo.png\",\"contentUrl\":\"https:\/\/anwalt.rocks\/arbeitsrecht\/wp-content\/uploads\/sites\/2\/2025\/01\/anwalt-arbeitsrecht-logo.png\",\"width\":450,\"height\":150,\"caption\":\"Kanzlei Dr. Schmelzer\"},\"image\":{\"@id\":\"https:\/\/anwalt.rocks\/arbeitsrecht\/#\/schema\/logo\/image\/\"}},{\"@type\":\"Person\",\"@id\":\"https:\/\/anwalt.rocks\/arbeitsrecht\/#\/schema\/person\/3fd3b0fc4df170bb2460fbc934288e39\",\"name\":\"admin\",\"image\":{\"@type\":\"ImageObject\",\"inLanguage\":\"de\",\"@id\":\"https:\/\/secure.gravatar.com\/avatar\/2a567a722e62dc61f1aaa46c6b595fa617f2003443806e3422a8fed77c029cfc?s=96&d=mm&r=g\",\"url\":\"https:\/\/secure.gravatar.com\/avatar\/2a567a722e62dc61f1aaa46c6b595fa617f2003443806e3422a8fed77c029cfc?s=96&d=mm&r=g\",\"contentUrl\":\"https:\/\/secure.gravatar.com\/avatar\/2a567a722e62dc61f1aaa46c6b595fa617f2003443806e3422a8fed77c029cfc?s=96&d=mm&r=g\",\"caption\":\"admin\"},\"sameAs\":[\"https:\/\/anwalt.rocks\"],\"url\":\"https:\/\/anwalt.rocks\/arbeitsrecht\/author\/admin\/\"}]}<\/script>\n<!-- \/ Yoast SEO Premium plugin. -->","yoast_head_json":{"title":"Kanzlei Dr. Stephan Schmelzer Rechtsanwalt Arbeitsrecht Oldenburg.","robots":{"index":"index","follow":"follow","max-snippet":"max-snippet:-1","max-image-preview":"max-image-preview:large","max-video-preview":"max-video-preview:-1"},"canonical":"https:\/\/anwalt.rocks\/arbeitsrecht\/oldenburg\/","og_locale":"de_DE","og_type":"article","og_title":"Kanzlei Dr. Stephan Schmelzer Rechtsanwalt Arbeitsrecht Oldenburg.","og_description":"Anwalt Karlsruhe &#8211; grandioser Erfolg von Dr. Schmelzer in puncto K\u00fcndigungsschutzklage.  Anwalt Arbeitsrecht Karlsruhe &#8211; Anwaltskanzlei Dr. Stephan Schmelzer. Ihr Ansprechpartner f\u00fcr umfassende Beratung im Arbeitsrecht: Dr. Stephan Schmelzer. Seine juristische Laufbahn erstreckt sich \u00fcber 25 Jahre, und als Fachanwalt &hellip;","og_url":"https:\/\/anwalt.rocks\/arbeitsrecht\/oldenburg\/","og_site_name":"Anwalt Arbeitsrecht in der N\u00e4he - Dr. Schmelzer","article_published_time":"2025-01-11T08:33:49+00:00","og_image":[{"url":"https:\/\/anwalt.rocks\/bilder\/arbeitsrecht\/anwalt-arbeitsrecht-600x600.webp","type":"","width":"","height":""}],"author":"admin","twitter_card":"summary_large_image","twitter_misc":{"Verfasst von":"admin","Gesch\u00e4tzte Lesezeit":"3\u00a0Minuten"},"schema":{"@context":"https:\/\/schema.org","@graph":[{"@type":"Article","@id":"https:\/\/anwalt.rocks\/arbeitsrecht\/oldenburg\/#article","isPartOf":{"@id":"https:\/\/anwalt.rocks\/arbeitsrecht\/oldenburg\/"},"author":{"name":"admin","@id":"https:\/\/anwalt.rocks\/arbeitsrecht\/#\/schema\/person\/3fd3b0fc4df170bb2460fbc934288e39"},"headline":"Kanzlei Dr. Stephan Schmelzer Rechtsanwalt Arbeitsrecht Oldenburg.","datePublished":"2025-01-11T08:33:49+00:00","mainEntityOfPage":{"@id":"https:\/\/anwalt.rocks\/arbeitsrecht\/oldenburg\/"},"wordCount":701,"publisher":{"@id":"https:\/\/anwalt.rocks\/arbeitsrecht\/#organization"},"image":{"@id":"https:\/\/anwalt.rocks\/arbeitsrecht\/oldenburg\/#primaryimage"},"thumbnailUrl":"https:\/\/anwalt.rocks\/bilder\/arbeitsrecht\/anwalt-arbeitsrecht-600x600.webp","articleSection":["Fachanwalt"],"inLanguage":"de"},{"@type":"WebPage","@id":"https:\/\/anwalt.rocks\/arbeitsrecht\/oldenburg\/","url":"https:\/\/anwalt.rocks\/arbeitsrecht\/oldenburg\/","name":"Kanzlei Dr. Stephan Schmelzer Rechtsanwalt Arbeitsrecht Oldenburg.","isPartOf":{"@id":"https:\/\/anwalt.rocks\/arbeitsrecht\/#website"},"primaryImageOfPage":{"@id":"https:\/\/anwalt.rocks\/arbeitsrecht\/oldenburg\/#primaryimage"},"image":{"@id":"https:\/\/anwalt.rocks\/arbeitsrecht\/oldenburg\/#primaryimage"},"thumbnailUrl":"https:\/\/anwalt.rocks\/bilder\/arbeitsrecht\/anwalt-arbeitsrecht-600x600.webp","datePublished":"2025-01-11T08:33:49+00:00","breadcrumb":{"@id":"https:\/\/anwalt.rocks\/arbeitsrecht\/oldenburg\/#breadcrumb"},"inLanguage":"de","potentialAction":[{"@type":"ReadAction","target":["https:\/\/anwalt.rocks\/arbeitsrecht\/oldenburg\/"]}]},{"@type":"ImageObject","inLanguage":"de","@id":"https:\/\/anwalt.rocks\/arbeitsrecht\/oldenburg\/#primaryimage","url":"https:\/\/anwalt.rocks\/bilder\/arbeitsrecht\/anwalt-arbeitsrecht-600x600.webp","contentUrl":"https:\/\/anwalt.rocks\/bilder\/arbeitsrecht\/anwalt-arbeitsrecht-600x600.webp"},{"@type":"BreadcrumbList","@id":"https:\/\/anwalt.rocks\/arbeitsrecht\/oldenburg\/#breadcrumb","itemListElement":[{"@type":"ListItem","position":1,"name":"Start","item":"https:\/\/anwalt.rocks\/arbeitsrecht\/"},{"@type":"ListItem","position":2,"name":"Kanzlei Dr. Stephan Schmelzer Rechtsanwalt Arbeitsrecht Oldenburg."}]},{"@type":"WebSite","@id":"https:\/\/anwalt.rocks\/arbeitsrecht\/#website","url":"https:\/\/anwalt.rocks\/arbeitsrecht\/","name":"Anwalt Arbeitsrecht in der N\u00e4he - Dr. Schmelzer","description":"Kompetenzen und Vorteile von Dr. Stephan Schmelzer \u2013 Anwalt und Fachanwalt f\u00fcr Arbeitsrecht mit 25 j\u00e4hriger Berufspraxis.","publisher":{"@id":"https:\/\/anwalt.rocks\/arbeitsrecht\/#organization"},"potentialAction":[{"@type":"SearchAction","target":{"@type":"EntryPoint","urlTemplate":"https:\/\/anwalt.rocks\/arbeitsrecht\/?s={search_term_string}"},"query-input":{"@type":"PropertyValueSpecification","valueRequired":true,"valueName":"search_term_string"}}],"inLanguage":"de"},{"@type":"Organization","@id":"https:\/\/anwalt.rocks\/arbeitsrecht\/#organization","name":"Kanzlei Dr. Schmelzer","url":"https:\/\/anwalt.rocks\/arbeitsrecht\/","logo":{"@type":"ImageObject","inLanguage":"de","@id":"https:\/\/anwalt.rocks\/arbeitsrecht\/#\/schema\/logo\/image\/","url":"https:\/\/anwalt.rocks\/arbeitsrecht\/wp-content\/uploads\/sites\/2\/2025\/01\/anwalt-arbeitsrecht-logo.png","contentUrl":"https:\/\/anwalt.rocks\/arbeitsrecht\/wp-content\/uploads\/sites\/2\/2025\/01\/anwalt-arbeitsrecht-logo.png","width":450,"height":150,"caption":"Kanzlei Dr. Schmelzer"},"image":{"@id":"https:\/\/anwalt.rocks\/arbeitsrecht\/#\/schema\/logo\/image\/"}},{"@type":"Person","@id":"https:\/\/anwalt.rocks\/arbeitsrecht\/#\/schema\/person\/3fd3b0fc4df170bb2460fbc934288e39","name":"admin","image":{"@type":"ImageObject","inLanguage":"de","@id":"https:\/\/secure.gravatar.com\/avatar\/2a567a722e62dc61f1aaa46c6b595fa617f2003443806e3422a8fed77c029cfc?s=96&d=mm&r=g","url":"https:\/\/secure.gravatar.com\/avatar\/2a567a722e62dc61f1aaa46c6b595fa617f2003443806e3422a8fed77c029cfc?s=96&d=mm&r=g","contentUrl":"https:\/\/secure.gravatar.com\/avatar\/2a567a722e62dc61f1aaa46c6b595fa617f2003443806e3422a8fed77c029cfc?s=96&d=mm&r=g","caption":"admin"},"sameAs":["https:\/\/anwalt.rocks"],"url":"https:\/\/anwalt.rocks\/arbeitsrecht\/author\/admin\/"}]}},"_links":{"self":[{"href":"https:\/\/anwalt.rocks\/arbeitsrecht\/wp-json\/wp\/v2\/posts\/9082","targetHints":{"allow":["GET"]}}],"collection":[{"href":"https:\/\/anwalt.rocks\/arbeitsrecht\/wp-json\/wp\/v2\/posts"}],"about":[{"href":"https:\/\/anwalt.rocks\/arbeitsrecht\/wp-json\/wp\/v2\/types\/post"}],"author":[{"embeddable":true,"href":"https:\/\/anwalt.rocks\/arbeitsrecht\/wp-json\/wp\/v2\/users\/1"}],"replies":[{"embeddable":true,"href":"https:\/\/anwalt.rocks\/arbeitsrecht\/wp-json\/wp\/v2\/comments?post=9082"}],"version-history":[{"count":0,"href":"https:\/\/anwalt.rocks\/arbeitsrecht\/wp-json\/wp\/v2\/posts\/9082\/revisions"}],"wp:attachment":[{"href":"https:\/\/anwalt.rocks\/arbeitsrecht\/wp-json\/wp\/v2\/media?parent=9082"}],"wp:term":[{"taxonomy":"category","embeddable":true,"href":"https:\/\/anwalt.rocks\/arbeitsrecht\/wp-json\/wp\/v2\/categories?post=9082"},{"taxonomy":"post_tag","embeddable":true,"href":"https:\/\/anwalt.rocks\/arbeitsrecht\/wp-json\/wp\/v2\/tags?post=9082"}],"curies":[{"name":"wp","href":"https:\/\/api.w.org\/{rel}","templated":true}]}}