{"id":9222,"date":"2025-01-16T17:07:12","date_gmt":"2025-01-16T16:07:12","guid":{"rendered":"https:\/\/anwalt.rocks\/arbeitsrecht\/rahden\/"},"modified":"2025-01-16T17:07:12","modified_gmt":"2025-01-16T16:07:12","slug":"rahden","status":"publish","type":"post","link":"https:\/\/anwalt.rocks\/arbeitsrecht\/rahden\/","title":{"rendered":"Anwalt Rahden Experte im Bereich Arbeitsrecht."},"content":{"rendered":"<span class=\"span-reading-time rt-reading-time\" style=\"display: block;\"><span class=\"rt-label rt-prefix\">Lesedauer<\/span> <span class=\"rt-time\"> 3<\/span> <span class=\"rt-label rt-postfix\">Minuten<\/span><\/span><h2>Experte Arbeitsrecht Rahden f\u00fcr Arbeitgeber und Arbeitnehmer f\u00fcr Mutterschutz.<\/h2>\n<p><a href=\"https:\/\/dr-schmelzer.eu\/arbeitsrecht\/\" target=\"_blank\" rel=\"noopener\"><img loading=\"lazy\" decoding=\"async\" src=\"https:\/\/anwalt.rocks\/bilder\/arbeitsrecht\/anwalt-arbeitsrecht-600x600.webp\" alt=\"Anwalt Rahden Experte im Bereich Arbeitsrecht.\" title=\"Anwalt Rahden Experte im Bereich Arbeitsrecht.\" width=\"600\" height=\"600\" \/><\/a> <\/p>\n<h3>Rechtsanwalt IT- und Arbeitsrecht Rahden &#8211; Kanzlei Dr. Stephan Schmelzer.<\/h3>\n<p>Dr. Stephan Schmelzer begleitet Sie kompetent durch alle arbeitsrechtlichen Herausforderungen. Mit \u00fcber 25 Jahren Erfahrung und als Fachanwalt f\u00fcr Arbeitsrecht seit 2002 genie\u00dft er weit \u00fcber Ahlen hinaus einen hervorragenden Ruf. Mit 20 Jahren Erfahrung bietet seine Kanzlei pers\u00f6nliche Betreuung und fundierte juristische Beratung. Dr. Schmelzer vereint als Fachanwalt f\u00fcr Arbeitsrecht und IT-Recht fundiertes Wissen, das in einer digitalen Arbeitswelt besonders wertvoll ist. &#8211; <a title=\"Anwalt Hildesheim\" href=\"https:\/\/anwalt.rocks\/arbeitsrecht\/hildesheim\/\">Anwalt Hildesheim<\/a><\/p>\n<p><a href=\"https:\/\/dr-schmelzer.eu\/arbeitsrecht\/\" target=\"_blank\" rel=\"noopener\"><img loading=\"lazy\" decoding=\"async\" src=\"https:\/\/anwalt.rocks\/bilder\/arbeitsrecht\/rechtsanwalt-arbeitsrecht-600x600.webp\" alt=\"Anwalt Arbeitsrecht Rahden\" title=\"Anwalt Arbeitsrecht Rahden\" width=\"600\" height=\"600\" \/><\/a> <\/p>\n<h3>Kanzlei Dr. Stephan Schmelzer &#8211; Experte f\u00fcr Arbeitsrecht Rahden.<\/h3>\n<p>IT-rechtliche Themen werden bei Bedarf einbezogen, doch das Hauptaugenmerk liegt auf dem Arbeitsrecht \u2013 national und global. Ob Arbeitnehmer oder Arbeitgeber \u2013 Dr. Schmelzer steht mit individuell zugeschnittenen L\u00f6sungen in allen Bereichen des Arbeitsrechts zur Seite. Mit einer perfekten Kombination aus Erfahrung und individueller L\u00f6sungsfindung ist er ein f\u00fchrender Anwalt in diesem Gebiet. &#8211; <a title=\"Anwalt Rastatt\" href=\"https:\/\/anwalt.rocks\/arbeitsrecht\/rastatt\/\">Anwalt Rastatt<\/a><\/p>\n<h3>Hohes Durchsetzungsverm\u00f6gen &#8211; Seit 1998 t\u00e4tig als Steuer- und Arbeitsrechtler Rahden.<\/h3>\n<p>Arbeitgeber sehen sich mit rechtlichen Aufgaben konfrontiert, die von Arbeitsvertr\u00e4gen bis zu umfangreichen Restrukturierungsma\u00dfnahmen reichen. Mit seiner praxisorientierten Herangehensweise unterst\u00fctzt Dr. Schmelzer Unternehmen dabei, rechtliche Risiken zu minimieren und optimale Strategien umzusetzen. Zu seinen fachlichen Leistungen geh\u00f6ren: &#8211; <a title=\"Anwalt Arbeitsrecht R\u00fcti\" href=\"https:\/\/anwalt.rocks\/arbeitsrecht\/rueti\/\">Anwalt Arbeitsrecht R\u00fcti<\/a><\/p>\n<h3>Anwalt Arbeitsrecht Rahden 42 \u00fcbergl\u00fcckliche Kunden.<\/h3>\n<p>Entwicklung und Pr\u00fcfung von Arbeitsvertr\u00e4gen, die juristisch stabil und zugleich flexibel sind. Erarbeitung individueller Arbeitszeit- und Verg\u00fctungsmodelle, die optimal auf das Unternehmen abgestimmt sind. &#8211; <a title=\"Anwalt Arbeitsrecht Lichtenfels\" href=\"https:\/\/anwalt.rocks\/arbeitsrecht\/lichtenfels\/\">Anwalt Arbeitsrecht Lichtenfels<\/a><\/p>\n<h3>Deswegen w\u00e4hlt man den kompetenten Anwalt Rahden:<\/h3>\n<p>Unterst\u00fctzung bei der strategischen Planung und Umsetzung von K\u00fcndigungen aus unterschiedlichen Anl\u00e4ssen. Verringerung rechtlicher Gefahren und Beratung w\u00e4hrend jeder Phase der K\u00fcndigung.<\/p>\n<h3>Juristisches Fachwissen und auch durchsetzungsstark.<\/h3>\n<p>Beratung zur Einbindung des Betriebsrats bei entscheidenden Ma\u00dfnahmen. Verhandlung und Ausarbeitung von Betriebsvereinbarungen, die praktikabel und rechtssicher sind. Strategische Beratung und rechtliche Betreuung bei komplexen Restrukturierungsprozessen. Juristische Begleitung bei Gerichtsverfahren, wie K\u00fcndigungsschutzverfahren und Entfristungsklagen. Zielgerichtete und erfolgreiche Verteidigung der Interessen des Unternehmens im Fokus.<\/p>\n<h3>Anwalt Arbeitsrecht Rahden &#8211; Experte Dr. Schmelzer.<\/h3>\n<p>Arbeitnehmer profitieren von der umfangreichen Beratungskompetenz von Dr. Schmelzer. Besonders in Konflikten ist er ein engagierter Partner, der mit Entschlossenheit f\u00fcr die Interessen seiner Mandanten k\u00e4mpft. Das Leistungspaket umfasst:<\/p>\n<p>Kompetente Beratung und rechtliche Vertretung bei K\u00fcndigungsschutzverfahren vor dem Arbeitsgericht. Verhandlung \u00fcber finanzielle Leistungen, insbesondere Abfindungen. Kompetente Beratung und rechtliche Vertretung bei K\u00fcndigungsschutzverfahren vor dem Arbeitsgericht. Verhandlung \u00fcber finanzielle Leistungen, insbesondere Abfindungen.<\/p>\n<p>Fachliche Beratung und Verhandlung von Abfindungsbetr\u00e4gen im Rahmen von Aufhebungsvertr\u00e4gen. Hilfe bei der Pr\u00fcfung von Arbeitszeugnissen auf unfaire oder rechtlich problematische Inhalte. Rechtsvertretung bei gerichtlichen Zeugnisstreitigkeiten zur Durchsetzung gerechter Beurteilungen. Weniger Ausgaben Unterst\u00fctzung bei der Geltendmachung von ausstehenden Lohn- und Gehaltszahlungen. Prozessbegleitung bei Klagen \u00fcber ausstehendes Entgelt und \u00dcberstundenanspr\u00fcche. Analyse und Strategieentwicklung zur Bek\u00e4mpfung ungerechtfertigter Abmahnungen.<\/p>\n<h4>Betreuung f\u00fcr Arbeitgeber und Arbeitnehmer im Bereich Anwalt Arbeitsrecht Rahden.<\/h4>\n<p>Restrukturierung und Konfliktbew\u00e4ltigung \u2013 zwei Schwerpunkte, die Dr. Schmelzer vereint. Ein Schwerpunkt der Arbeit von Dr. Schmelzer ist die Begleitung von Unternehmen bei Restrukturierungen. Gefordert wird hier ein Mix aus juristischer Kompetenz, diplomatischem Geschick und wirtschaftlichem Know-how.<\/p>\n<p>Anwalt Rahden Fazit: Die Erstellung und Umsetzung von Interessenausgleichen und Sozialpl\u00e4nen geh\u00f6ren zu den besonderen St\u00e4rken von Dr. Schmelzer. Dabei liegt der Fokus auf einer L\u00f6sung, die f\u00fcr alle Seiten annehmbar ist. Seine strategische Denkweise und sein umfangreiches Fachwissen machen Dr. Schmelzer zu einem gesch\u00e4tzten Partner in Verhandlungen mit Gewerkschaften und Betriebsr\u00e4ten.<\/p>\n<p>Der Fachanwalt f\u00fcr Arbeitsrecht betrachtet jeden Fall als eine neue Herausforderung, die spezifische Aufmerksamkeit erfordert. Ziel ist es, stets die ideale Unterst\u00fctzung f\u00fcr seine Mandanten zu bieten, sei es durch Einigungen oder durch gerichtliche Vertretung. F\u00fcr ihn steht die transparente Kommunikation mit seinen Mandanten im Fokus, begleitet von enger Abstimmung. Die Zufriedenheit seiner Mandanten ist der zentrale Fokus von Dr. Schmelzer. Das positive Feedback seiner Mandanten und seine zahlreichen Erfolge unterstreichen seine professionelle und zielorientierte Arbeitsweise. Die Kanzlei Dr. Stephan Schmelzer steht Arbeitnehmern und Arbeitgebern mit langj\u00e4hriger Erfahrung und pers\u00f6nlichem Engagement zur Seite.<\/p>\n<article class=\"contact contact-list post-2625 profile type-profile status-publish has-post-thumbnail hentry\" data-contact=\"2625\">\n    \n    <div class=\"media\">\n        <div class=\"media-left\">\n            <a  href=\"#\" data-toggle=\"modal\" data-target=\"#ContactModal\"  title=\"Melanie R., 28 Jahre, aus Dortmund jetzt Kontakt aufnehmen!\">\n                <img loading=\"lazy\" decoding=\"async\" width=\"500\" height=\"500\" src=\"https:\/\/anwalt.rocks\/arbeitsrecht\/wp-content\/uploads\/sites\/2\/2025\/01\/meinung-09.jpg\" class=\"contact-image media-object wp-post-image\" alt=\"Melanie R., 28 Jahre, aus Dortmund\" srcset=\"https:\/\/anwalt.rocks\/arbeitsrecht\/wp-content\/uploads\/sites\/2\/2025\/01\/meinung-09.jpg 500w, https:\/\/anwalt.rocks\/arbeitsrecht\/wp-content\/uploads\/sites\/2\/2025\/01\/meinung-09-300x300.jpg 300w, https:\/\/anwalt.rocks\/arbeitsrecht\/wp-content\/uploads\/sites\/2\/2025\/01\/meinung-09-150x150.jpg 150w\" sizes=\"auto, (max-width: 500px) 100vw, 500px\" \/>            <\/a>\n        <\/div>\n\n        <div class=\"media-body\">\n                        <p class=\"h2 media-heading\">\n                <a  href=\"#\" data-toggle=\"modal\" data-target=\"#ContactModal\"  title=\"Melanie R., 28 Jahre, aus Dortmund jetzt Kontakt aufnehmen!\">\n                    <span class=\"contact-name\">Melanie R., 28 Jahre, aus Dortmund<\/span>\n                <\/a>\n\n                <span class=\"contact-text\"><\/span> <span class=\"contact-city\"><a href=\"https:\/\/anwalt.rocks\/arbeitsrecht\/region\/hargesheim\/\">Anwalt Arbeitsrecht Hargesheim<\/a><\/span>            <\/p>\n\n            <div class=\"quote\"><p>Ich hatte Angst, meinen Job zu verlieren, weil mein Arbeitgeber mich nach meiner Schwangerschaft anders behandeln wollte. Zum Gl\u00fcck wandte ich mich an Rechtsanwalt Schmelzer. Er hat mich nicht nur \u00fcber meine Rechte aufgekl\u00e4rt, sondern auch sehr erfolgreich verhandelt. Jetzt &hellip;<\/p><\/div>\n            <a class=\"btn btn-cta\"  href=\"#\" data-toggle=\"modal\" data-target=\"#ContactModal\"  title=\"Melanie R., 28 Jahre, aus Dortmund jetzt Kontakt aufnehmen!\">\n                Nachricht senden            <\/a>\n        <\/div>\n    <\/div>\n<\/article><article class=\"contact contact-list post-2612 profile type-profile status-publish has-post-thumbnail hentry\" data-contact=\"2612\">\n    \n    <div class=\"media\">\n        <div class=\"media-left\">\n            <a  href=\"#\" data-toggle=\"modal\" data-target=\"#ContactModal\"  title=\"Clara M., 32 Jahre, aus Leipzig jetzt Kontakt aufnehmen!\">\n                <img loading=\"lazy\" decoding=\"async\" width=\"500\" height=\"500\" src=\"https:\/\/anwalt.rocks\/arbeitsrecht\/wp-content\/uploads\/sites\/2\/2025\/01\/meinung-05.jpg\" class=\"contact-image media-object wp-post-image\" alt=\"Clara M., 32 Jahre, aus Leipzig\" srcset=\"https:\/\/anwalt.rocks\/arbeitsrecht\/wp-content\/uploads\/sites\/2\/2025\/01\/meinung-05.jpg 500w, https:\/\/anwalt.rocks\/arbeitsrecht\/wp-content\/uploads\/sites\/2\/2025\/01\/meinung-05-300x300.jpg 300w, https:\/\/anwalt.rocks\/arbeitsrecht\/wp-content\/uploads\/sites\/2\/2025\/01\/meinung-05-150x150.jpg 150w\" sizes=\"auto, (max-width: 500px) 100vw, 500px\" \/>            <\/a>\n        <\/div>\n\n        <div class=\"media-body\">\n                        <p class=\"h2 media-heading\">\n                <a  href=\"#\" data-toggle=\"modal\" data-target=\"#ContactModal\"  title=\"Clara M., 32 Jahre, aus Leipzig jetzt Kontakt aufnehmen!\">\n                    <span class=\"contact-name\">Clara M., 32 Jahre, aus Leipzig<\/span>\n                <\/a>\n\n                <span class=\"contact-text\"><\/span> <span class=\"contact-city\"><a href=\"https:\/\/anwalt.rocks\/arbeitsrecht\/region\/siegburg\/\">Anwalt Arbeitsrecht Siegburg<\/a><\/span>            <\/p>\n\n            <div class=\"quote\"><p>Als ich pl\u00f6tzlich eine Abmahnung wegen angeblicher Unp\u00fcnktlichkeit erhielt, war ich geschockt. Das stimmte \u00fcberhaupt nicht! Dr. Schmelzer wurde mir von einem Kollegen empfohlen, und ich war sofort begeistert von seiner Expertise. Er konnte die Abmahnung erfolgreich aus meiner Personalakte &hellip;<\/p><\/div>\n            <a class=\"btn btn-cta\"  href=\"#\" data-toggle=\"modal\" data-target=\"#ContactModal\"  title=\"Clara M., 32 Jahre, aus Leipzig jetzt Kontakt aufnehmen!\">\n                Nachricht senden            <\/a>\n        <\/div>\n    <\/div>\n<\/article><article class=\"contact contact-list post-2646 profile type-profile status-publish has-post-thumbnail hentry\" data-contact=\"2646\">\n    \n    <div class=\"media\">\n        <div class=\"media-left\">\n            <a  href=\"#\" data-toggle=\"modal\" data-target=\"#ContactModal\"  title=\"Ulrich H. jetzt Kontakt aufnehmen!\">\n                <img loading=\"lazy\" decoding=\"async\" width=\"500\" height=\"500\" src=\"https:\/\/anwalt.rocks\/arbeitsrecht\/wp-content\/uploads\/sites\/2\/2025\/01\/meinung-16.jpg\" class=\"contact-image media-object wp-post-image\" alt=\"Ulrich H.\" srcset=\"https:\/\/anwalt.rocks\/arbeitsrecht\/wp-content\/uploads\/sites\/2\/2025\/01\/meinung-16.jpg 500w, https:\/\/anwalt.rocks\/arbeitsrecht\/wp-content\/uploads\/sites\/2\/2025\/01\/meinung-16-300x300.jpg 300w, https:\/\/anwalt.rocks\/arbeitsrecht\/wp-content\/uploads\/sites\/2\/2025\/01\/meinung-16-150x150.jpg 150w\" sizes=\"auto, (max-width: 500px) 100vw, 500px\" \/>            <\/a>\n        <\/div>\n\n        <div class=\"media-body\">\n                        <p class=\"h2 media-heading\">\n                <a  href=\"#\" data-toggle=\"modal\" data-target=\"#ContactModal\"  title=\"Ulrich H. jetzt Kontakt aufnehmen!\">\n                    <span class=\"contact-name\">Ulrich H.<\/span>\n                <\/a>\n\n                <span class=\"contact-text\"><\/span> <span class=\"contact-city\"><a href=\"https:\/\/anwalt.rocks\/arbeitsrecht\/region\/moenchengladbach-rheydt\/\">Anwalt Arbeitsrecht M\u00f6nchengladbach Rheydt<\/a><\/span>            <\/p>\n\n            <div class=\"quote\"><p>Anwalt Schmelzer hat mir in einem schwierigen Fall von Diskriminierung am Arbeitsplatz geholfen. Er hat mich nicht nur juristisch unterst\u00fctzt, sondern mir auch moralisch viel R\u00fcckhalt gegeben. Dank ihm wurde mein Fall erfolgreich gel\u00f6st, und ich f\u00fchle mich endlich wieder &hellip;<\/p><\/div>\n            <a class=\"btn btn-cta\"  href=\"#\" data-toggle=\"modal\" data-target=\"#ContactModal\"  title=\"Ulrich H. jetzt Kontakt aufnehmen!\">\n                Nachricht senden            <\/a>\n        <\/div>\n    <\/div>\n<\/article><article class=\"contact contact-list post-2609 profile type-profile status-publish has-post-thumbnail hentry\" data-contact=\"2609\">\n    \n    <div class=\"media\">\n        <div class=\"media-left\">\n            <a  href=\"#\" data-toggle=\"modal\" data-target=\"#ContactModal\"  title=\"Nadine H., 48 Jahre, aus M\u00fcnchen jetzt Kontakt aufnehmen!\">\n                <img loading=\"lazy\" decoding=\"async\" width=\"500\" height=\"500\" src=\"https:\/\/anwalt.rocks\/arbeitsrecht\/wp-content\/uploads\/sites\/2\/2025\/01\/meinung-04.jpg\" class=\"contact-image media-object wp-post-image\" alt=\"Nadine H., 48 Jahre, aus M\u00fcnchen\" srcset=\"https:\/\/anwalt.rocks\/arbeitsrecht\/wp-content\/uploads\/sites\/2\/2025\/01\/meinung-04.jpg 500w, https:\/\/anwalt.rocks\/arbeitsrecht\/wp-content\/uploads\/sites\/2\/2025\/01\/meinung-04-300x300.jpg 300w, https:\/\/anwalt.rocks\/arbeitsrecht\/wp-content\/uploads\/sites\/2\/2025\/01\/meinung-04-150x150.jpg 150w\" sizes=\"auto, (max-width: 500px) 100vw, 500px\" \/>            <\/a>\n        <\/div>\n\n        <div class=\"media-body\">\n                        <p class=\"h2 media-heading\">\n                <a  href=\"#\" data-toggle=\"modal\" data-target=\"#ContactModal\"  title=\"Nadine H., 48 Jahre, aus M\u00fcnchen jetzt Kontakt aufnehmen!\">\n                    <span class=\"contact-name\">Nadine H., 48 Jahre, aus M\u00fcnchen<\/span>\n                <\/a>\n\n                <span class=\"contact-text\"><\/span> <span class=\"contact-city\"><a href=\"https:\/\/anwalt.rocks\/arbeitsrecht\/region\/weissenbrunn-kreis-kronach\/\">Anwalt Arbeitsrecht Wei\u00dfenbrunn Kreis Kronach<\/a><\/span>            <\/p>\n\n            <div class=\"quote\"><p>Nach einer pl\u00f6tzlichen Umstrukturierung in meiner Firma wurde mir gek\u00fcndigt. Es war ein riesiger Schock f\u00fcr mich. Zum Gl\u00fcck fand ich Dr. Schmelzer \u00fcber eine Internetrecherche. Schon beim ersten Gespr\u00e4ch war ich beeindruckt von seiner Fachkenntnis und seiner empathischen Art. &hellip;<\/p><\/div>\n            <a class=\"btn btn-cta\"  href=\"#\" data-toggle=\"modal\" data-target=\"#ContactModal\"  title=\"Nadine H., 48 Jahre, aus M\u00fcnchen jetzt Kontakt aufnehmen!\">\n                Nachricht senden            <\/a>\n        <\/div>\n    <\/div>\n<\/article><article class=\"contact contact-list post-2615 profile type-profile status-publish has-post-thumbnail hentry\" data-contact=\"2615\">\n    \n    <div class=\"media\">\n        <div class=\"media-left\">\n            <a  href=\"#\" data-toggle=\"modal\" data-target=\"#ContactModal\"  title=\"Julia F., 25 Jahre, aus Dresden jetzt Kontakt aufnehmen!\">\n                <img loading=\"lazy\" decoding=\"async\" width=\"500\" height=\"500\" src=\"https:\/\/anwalt.rocks\/arbeitsrecht\/wp-content\/uploads\/sites\/2\/2025\/01\/meinung-06.jpg\" class=\"contact-image media-object wp-post-image\" alt=\"Julia F., 25 Jahre, aus Dresden\" srcset=\"https:\/\/anwalt.rocks\/arbeitsrecht\/wp-content\/uploads\/sites\/2\/2025\/01\/meinung-06.jpg 500w, https:\/\/anwalt.rocks\/arbeitsrecht\/wp-content\/uploads\/sites\/2\/2025\/01\/meinung-06-300x300.jpg 300w, https:\/\/anwalt.rocks\/arbeitsrecht\/wp-content\/uploads\/sites\/2\/2025\/01\/meinung-06-150x150.jpg 150w\" sizes=\"auto, (max-width: 500px) 100vw, 500px\" \/>            <\/a>\n        <\/div>\n\n        <div class=\"media-body\">\n                        <p class=\"h2 media-heading\">\n                <a  href=\"#\" data-toggle=\"modal\" data-target=\"#ContactModal\"  title=\"Julia F., 25 Jahre, aus Dresden jetzt Kontakt aufnehmen!\">\n                    <span class=\"contact-name\">Julia F., 25 Jahre, aus Dresden<\/span>\n                <\/a>\n\n                <span class=\"contact-text\"><\/span> <span class=\"contact-city\"><a href=\"https:\/\/anwalt.rocks\/arbeitsrecht\/region\/parsteinsee\/\">Anwalt Arbeitsrecht Parsteinsee<\/a><\/span>            <\/p>\n\n            <div class=\"quote\"><p>Dr. Schmelzer hat mir wirklich das Leben erleichtert! Mein Arbeitgeber wollte mir pl\u00f6tzlich weniger Gehalt zahlen, obwohl mein Vertrag etwas anderes vorsah. Dieser tolle Anwalt hat meinen Fall \u00fcbernommen und schnell eine L\u00f6sung gefunden. Sein Wissen im Arbeitsrecht ist beeindruckend, &hellip;<\/p><\/div>\n            <a class=\"btn btn-cta\"  href=\"#\" data-toggle=\"modal\" data-target=\"#ContactModal\"  title=\"Julia F., 25 Jahre, aus Dresden jetzt Kontakt aufnehmen!\">\n                Nachricht senden            <\/a>\n        <\/div>\n    <\/div>\n<\/article>\n<div class=\"blogposts\"><ul><li><a href=\"https:\/\/anwalt.rocks\/arbeitsrecht\/kaiserslautern\/\" title=\"Fachanwalt im Bereich IT- und Arbeitsrecht Kaiserslautern.\">Fachanwalt im Bereich IT- und Arbeitsrecht Kaiserslautern.<\/a><\/li><li><a href=\"https:\/\/anwalt.rocks\/arbeitsrecht\/ortenaukreis\/\" title=\"Anwalt Ortenaukreis Arbeitsrecht Mandanten Vertreung f\u00fcr Arbeitgeber sowie Arbeitnehmer.\">Anwalt Ortenaukreis Arbeitsrecht Mandanten Vertreung f\u00fcr Arbeitgeber sowie Arbeitnehmer.<\/a><\/li><li><a href=\"https:\/\/anwalt.rocks\/arbeitsrecht\/horstmar\/\" title=\"Rechtsanwalt Horstmar Fachanwalt f\u00fcr Arbeitsrecht.\">Rechtsanwalt Horstmar Fachanwalt f\u00fcr Arbeitsrecht.<\/a><\/li><li><a href=\"https:\/\/anwalt.rocks\/arbeitsrecht\/westerwald\/\" title=\"Anwalt Westerwald f\u00fcr Arbeitsrecht.\">Anwalt Westerwald f\u00fcr Arbeitsrecht.<\/a><\/li><li><a href=\"https:\/\/anwalt.rocks\/arbeitsrecht\/nordsee\/\" title=\"Kanzlei Dr. Stephan Schmelzer Rechtsanwalt Arbeitsrecht Nordsee.\">Kanzlei Dr. Stephan Schmelzer Rechtsanwalt Arbeitsrecht Nordsee.<\/a><\/li><li><a href=\"https:\/\/anwalt.rocks\/arbeitsrecht\/pregarten\/\" title=\"Anwalt Arbeitsrecht Pregarten &#8211; Nicole hat Erfolg.\">Anwalt Arbeitsrecht Pregarten &#8211; Nicole hat Erfolg.<\/a><\/li><li><a href=\"https:\/\/anwalt.rocks\/arbeitsrecht\/schlieben\/\" title=\"Anwalt Schlieben bzgl. Arbeitsrecht.\">Anwalt Schlieben bzgl. Arbeitsrecht.<\/a><\/li><\/ul><\/div>\n","protected":false},"excerpt":{"rendered":"<h2>Kanzlei Dr. Stephan Schmelzer Rechtsanwalt f\u00fcr IT- und Arbeitsrecht Schlieben.<\/h2>\n<p><a href=\"https:\/\/dr-schmelzer.eu\/arbeitsrecht\/\" target=\"_blank\" rel=\"noopener\"><img loading=\"lazy\" decoding=\"async\" src=\"https:\/\/anwalt.rocks\/bilder\/arbeitsrecht\/anwalt-arbeitsrecht-600x600.webp\" alt=\"Anwalt Schlieben bzgl. Arbeitsrecht.\" title=\"Anwalt Schlieben bzgl. Arbeitsrecht.\" width=\"600\" height=\"600\" \/><\/a> <\/p>\n<h3>Anwalt Arbeitsrecht und IT Recht Schlieben &#8211; Kanzlei Dr. Stephan Schmelzer.<\/h3>\n<p>Wenn es um Arbeitsrecht geht, ist Dr. Stephan Schmelzer der ideale Ansprechpartner. Mit \u00fcber zwei Jahrzehnten Erfahrung und seiner &hellip;<\/p>","protected":false},"author":1,"featured_media":0,"comment_status":"closed","ping_status":"open","sticky":false,"template":"","format":"standard","meta":{"footnotes":""},"categories":[3],"tags":[],"class_list":["post-9222","post","type-post","status-publish","format-standard","hentry","category-fachanwalt"],"yoast_head":"<!-- This site is optimized with the Yoast SEO Premium plugin v27.1 (Yoast SEO v27.2) - https:\/\/yoast.com\/product\/yoast-seo-premium-wordpress\/ -->\n<title>Anwalt Rahden Experte im Bereich Arbeitsrecht.<\/title>\n<meta name=\"robots\" content=\"index, follow, max-snippet:-1, max-image-preview:large, max-video-preview:-1\" \/>\n<link rel=\"canonical\" href=\"https:\/\/anwalt.rocks\/arbeitsrecht\/rahden\/\" \/>\n<meta property=\"og:locale\" content=\"de_DE\" \/>\n<meta property=\"og:type\" content=\"article\" \/>\n<meta property=\"og:title\" content=\"Anwalt Rahden Experte im Bereich Arbeitsrecht.\" \/>\n<meta property=\"og:description\" content=\"Kanzlei Dr. Stephan Schmelzer Rechtsanwalt f\u00fcr IT- und Arbeitsrecht Schlieben.  Anwalt Arbeitsrecht und IT Recht Schlieben &#8211; Kanzlei Dr. Stephan Schmelzer. Wenn es um Arbeitsrecht geht, ist Dr. Stephan Schmelzer der ideale Ansprechpartner. Mit \u00fcber zwei Jahrzehnten Erfahrung und seiner &hellip;\" \/>\n<meta property=\"og:url\" content=\"https:\/\/anwalt.rocks\/arbeitsrecht\/rahden\/\" \/>\n<meta property=\"og:site_name\" content=\"Anwalt Arbeitsrecht in der N\u00e4he - Dr. Schmelzer\" \/>\n<meta property=\"article:published_time\" content=\"2025-01-16T16:07:12+00:00\" \/>\n<meta property=\"og:image\" content=\"https:\/\/anwalt.rocks\/bilder\/arbeitsrecht\/anwalt-arbeitsrecht-600x600.webp\" \/>\n<meta name=\"author\" content=\"admin\" \/>\n<meta name=\"twitter:card\" content=\"summary_large_image\" \/>\n<meta name=\"twitter:label1\" content=\"Verfasst von\" \/>\n\t<meta name=\"twitter:data1\" content=\"admin\" \/>\n\t<meta name=\"twitter:label2\" content=\"Gesch\u00e4tzte Lesezeit\" \/>\n\t<meta name=\"twitter:data2\" content=\"3\u00a0Minuten\" \/>\n<script type=\"application\/ld+json\" class=\"yoast-schema-graph\">{\"@context\":\"https:\/\/schema.org\",\"@graph\":[{\"@type\":\"Article\",\"@id\":\"https:\/\/anwalt.rocks\/arbeitsrecht\/rahden\/#article\",\"isPartOf\":{\"@id\":\"https:\/\/anwalt.rocks\/arbeitsrecht\/rahden\/\"},\"author\":{\"name\":\"admin\",\"@id\":\"https:\/\/anwalt.rocks\/arbeitsrecht\/#\/schema\/person\/3fd3b0fc4df170bb2460fbc934288e39\"},\"headline\":\"Anwalt Rahden Experte im Bereich Arbeitsrecht.\",\"datePublished\":\"2025-01-16T16:07:12+00:00\",\"mainEntityOfPage\":{\"@id\":\"https:\/\/anwalt.rocks\/arbeitsrecht\/rahden\/\"},\"wordCount\":700,\"publisher\":{\"@id\":\"https:\/\/anwalt.rocks\/arbeitsrecht\/#organization\"},\"image\":{\"@id\":\"https:\/\/anwalt.rocks\/arbeitsrecht\/rahden\/#primaryimage\"},\"thumbnailUrl\":\"https:\/\/anwalt.rocks\/bilder\/arbeitsrecht\/anwalt-arbeitsrecht-600x600.webp\",\"articleSection\":[\"Fachanwalt\"],\"inLanguage\":\"de\"},{\"@type\":\"WebPage\",\"@id\":\"https:\/\/anwalt.rocks\/arbeitsrecht\/rahden\/\",\"url\":\"https:\/\/anwalt.rocks\/arbeitsrecht\/rahden\/\",\"name\":\"Anwalt Rahden Experte im Bereich Arbeitsrecht.\",\"isPartOf\":{\"@id\":\"https:\/\/anwalt.rocks\/arbeitsrecht\/#website\"},\"primaryImageOfPage\":{\"@id\":\"https:\/\/anwalt.rocks\/arbeitsrecht\/rahden\/#primaryimage\"},\"image\":{\"@id\":\"https:\/\/anwalt.rocks\/arbeitsrecht\/rahden\/#primaryimage\"},\"thumbnailUrl\":\"https:\/\/anwalt.rocks\/bilder\/arbeitsrecht\/anwalt-arbeitsrecht-600x600.webp\",\"datePublished\":\"2025-01-16T16:07:12+00:00\",\"breadcrumb\":{\"@id\":\"https:\/\/anwalt.rocks\/arbeitsrecht\/rahden\/#breadcrumb\"},\"inLanguage\":\"de\",\"potentialAction\":[{\"@type\":\"ReadAction\",\"target\":[\"https:\/\/anwalt.rocks\/arbeitsrecht\/rahden\/\"]}]},{\"@type\":\"ImageObject\",\"inLanguage\":\"de\",\"@id\":\"https:\/\/anwalt.rocks\/arbeitsrecht\/rahden\/#primaryimage\",\"url\":\"https:\/\/anwalt.rocks\/bilder\/arbeitsrecht\/anwalt-arbeitsrecht-600x600.webp\",\"contentUrl\":\"https:\/\/anwalt.rocks\/bilder\/arbeitsrecht\/anwalt-arbeitsrecht-600x600.webp\"},{\"@type\":\"BreadcrumbList\",\"@id\":\"https:\/\/anwalt.rocks\/arbeitsrecht\/rahden\/#breadcrumb\",\"itemListElement\":[{\"@type\":\"ListItem\",\"position\":1,\"name\":\"Start\",\"item\":\"https:\/\/anwalt.rocks\/arbeitsrecht\/\"},{\"@type\":\"ListItem\",\"position\":2,\"name\":\"Anwalt Rahden Experte im Bereich Arbeitsrecht.\"}]},{\"@type\":\"WebSite\",\"@id\":\"https:\/\/anwalt.rocks\/arbeitsrecht\/#website\",\"url\":\"https:\/\/anwalt.rocks\/arbeitsrecht\/\",\"name\":\"Anwalt Arbeitsrecht in der N\u00e4he - Dr. Schmelzer\",\"description\":\"Kompetenzen und Vorteile von Dr. Stephan Schmelzer \u2013 Anwalt und Fachanwalt f\u00fcr Arbeitsrecht mit 25 j\u00e4hriger Berufspraxis.\",\"publisher\":{\"@id\":\"https:\/\/anwalt.rocks\/arbeitsrecht\/#organization\"},\"potentialAction\":[{\"@type\":\"SearchAction\",\"target\":{\"@type\":\"EntryPoint\",\"urlTemplate\":\"https:\/\/anwalt.rocks\/arbeitsrecht\/?s={search_term_string}\"},\"query-input\":{\"@type\":\"PropertyValueSpecification\",\"valueRequired\":true,\"valueName\":\"search_term_string\"}}],\"inLanguage\":\"de\"},{\"@type\":\"Organization\",\"@id\":\"https:\/\/anwalt.rocks\/arbeitsrecht\/#organization\",\"name\":\"Kanzlei Dr. Schmelzer\",\"url\":\"https:\/\/anwalt.rocks\/arbeitsrecht\/\",\"logo\":{\"@type\":\"ImageObject\",\"inLanguage\":\"de\",\"@id\":\"https:\/\/anwalt.rocks\/arbeitsrecht\/#\/schema\/logo\/image\/\",\"url\":\"https:\/\/anwalt.rocks\/arbeitsrecht\/wp-content\/uploads\/sites\/2\/2025\/01\/anwalt-arbeitsrecht-logo.png\",\"contentUrl\":\"https:\/\/anwalt.rocks\/arbeitsrecht\/wp-content\/uploads\/sites\/2\/2025\/01\/anwalt-arbeitsrecht-logo.png\",\"width\":450,\"height\":150,\"caption\":\"Kanzlei Dr. Schmelzer\"},\"image\":{\"@id\":\"https:\/\/anwalt.rocks\/arbeitsrecht\/#\/schema\/logo\/image\/\"}},{\"@type\":\"Person\",\"@id\":\"https:\/\/anwalt.rocks\/arbeitsrecht\/#\/schema\/person\/3fd3b0fc4df170bb2460fbc934288e39\",\"name\":\"admin\",\"image\":{\"@type\":\"ImageObject\",\"inLanguage\":\"de\",\"@id\":\"https:\/\/secure.gravatar.com\/avatar\/2a567a722e62dc61f1aaa46c6b595fa617f2003443806e3422a8fed77c029cfc?s=96&d=mm&r=g\",\"url\":\"https:\/\/secure.gravatar.com\/avatar\/2a567a722e62dc61f1aaa46c6b595fa617f2003443806e3422a8fed77c029cfc?s=96&d=mm&r=g\",\"contentUrl\":\"https:\/\/secure.gravatar.com\/avatar\/2a567a722e62dc61f1aaa46c6b595fa617f2003443806e3422a8fed77c029cfc?s=96&d=mm&r=g\",\"caption\":\"admin\"},\"sameAs\":[\"https:\/\/anwalt.rocks\"],\"url\":\"https:\/\/anwalt.rocks\/arbeitsrecht\/author\/admin\/\"}]}<\/script>\n<!-- \/ Yoast SEO Premium plugin. -->","yoast_head_json":{"title":"Anwalt Rahden Experte im Bereich Arbeitsrecht.","robots":{"index":"index","follow":"follow","max-snippet":"max-snippet:-1","max-image-preview":"max-image-preview:large","max-video-preview":"max-video-preview:-1"},"canonical":"https:\/\/anwalt.rocks\/arbeitsrecht\/rahden\/","og_locale":"de_DE","og_type":"article","og_title":"Anwalt Rahden Experte im Bereich Arbeitsrecht.","og_description":"Kanzlei Dr. Stephan Schmelzer Rechtsanwalt f\u00fcr IT- und Arbeitsrecht Schlieben.  Anwalt Arbeitsrecht und IT Recht Schlieben &#8211; Kanzlei Dr. Stephan Schmelzer. Wenn es um Arbeitsrecht geht, ist Dr. Stephan Schmelzer der ideale Ansprechpartner. Mit \u00fcber zwei Jahrzehnten Erfahrung und seiner &hellip;","og_url":"https:\/\/anwalt.rocks\/arbeitsrecht\/rahden\/","og_site_name":"Anwalt Arbeitsrecht in der N\u00e4he - Dr. Schmelzer","article_published_time":"2025-01-16T16:07:12+00:00","og_image":[{"url":"https:\/\/anwalt.rocks\/bilder\/arbeitsrecht\/anwalt-arbeitsrecht-600x600.webp","type":"","width":"","height":""}],"author":"admin","twitter_card":"summary_large_image","twitter_misc":{"Verfasst von":"admin","Gesch\u00e4tzte Lesezeit":"3\u00a0Minuten"},"schema":{"@context":"https:\/\/schema.org","@graph":[{"@type":"Article","@id":"https:\/\/anwalt.rocks\/arbeitsrecht\/rahden\/#article","isPartOf":{"@id":"https:\/\/anwalt.rocks\/arbeitsrecht\/rahden\/"},"author":{"name":"admin","@id":"https:\/\/anwalt.rocks\/arbeitsrecht\/#\/schema\/person\/3fd3b0fc4df170bb2460fbc934288e39"},"headline":"Anwalt Rahden Experte im Bereich Arbeitsrecht.","datePublished":"2025-01-16T16:07:12+00:00","mainEntityOfPage":{"@id":"https:\/\/anwalt.rocks\/arbeitsrecht\/rahden\/"},"wordCount":700,"publisher":{"@id":"https:\/\/anwalt.rocks\/arbeitsrecht\/#organization"},"image":{"@id":"https:\/\/anwalt.rocks\/arbeitsrecht\/rahden\/#primaryimage"},"thumbnailUrl":"https:\/\/anwalt.rocks\/bilder\/arbeitsrecht\/anwalt-arbeitsrecht-600x600.webp","articleSection":["Fachanwalt"],"inLanguage":"de"},{"@type":"WebPage","@id":"https:\/\/anwalt.rocks\/arbeitsrecht\/rahden\/","url":"https:\/\/anwalt.rocks\/arbeitsrecht\/rahden\/","name":"Anwalt Rahden Experte im Bereich Arbeitsrecht.","isPartOf":{"@id":"https:\/\/anwalt.rocks\/arbeitsrecht\/#website"},"primaryImageOfPage":{"@id":"https:\/\/anwalt.rocks\/arbeitsrecht\/rahden\/#primaryimage"},"image":{"@id":"https:\/\/anwalt.rocks\/arbeitsrecht\/rahden\/#primaryimage"},"thumbnailUrl":"https:\/\/anwalt.rocks\/bilder\/arbeitsrecht\/anwalt-arbeitsrecht-600x600.webp","datePublished":"2025-01-16T16:07:12+00:00","breadcrumb":{"@id":"https:\/\/anwalt.rocks\/arbeitsrecht\/rahden\/#breadcrumb"},"inLanguage":"de","potentialAction":[{"@type":"ReadAction","target":["https:\/\/anwalt.rocks\/arbeitsrecht\/rahden\/"]}]},{"@type":"ImageObject","inLanguage":"de","@id":"https:\/\/anwalt.rocks\/arbeitsrecht\/rahden\/#primaryimage","url":"https:\/\/anwalt.rocks\/bilder\/arbeitsrecht\/anwalt-arbeitsrecht-600x600.webp","contentUrl":"https:\/\/anwalt.rocks\/bilder\/arbeitsrecht\/anwalt-arbeitsrecht-600x600.webp"},{"@type":"BreadcrumbList","@id":"https:\/\/anwalt.rocks\/arbeitsrecht\/rahden\/#breadcrumb","itemListElement":[{"@type":"ListItem","position":1,"name":"Start","item":"https:\/\/anwalt.rocks\/arbeitsrecht\/"},{"@type":"ListItem","position":2,"name":"Anwalt Rahden Experte im Bereich Arbeitsrecht."}]},{"@type":"WebSite","@id":"https:\/\/anwalt.rocks\/arbeitsrecht\/#website","url":"https:\/\/anwalt.rocks\/arbeitsrecht\/","name":"Anwalt Arbeitsrecht in der N\u00e4he - Dr. Schmelzer","description":"Kompetenzen und Vorteile von Dr. Stephan Schmelzer \u2013 Anwalt und Fachanwalt f\u00fcr Arbeitsrecht mit 25 j\u00e4hriger Berufspraxis.","publisher":{"@id":"https:\/\/anwalt.rocks\/arbeitsrecht\/#organization"},"potentialAction":[{"@type":"SearchAction","target":{"@type":"EntryPoint","urlTemplate":"https:\/\/anwalt.rocks\/arbeitsrecht\/?s={search_term_string}"},"query-input":{"@type":"PropertyValueSpecification","valueRequired":true,"valueName":"search_term_string"}}],"inLanguage":"de"},{"@type":"Organization","@id":"https:\/\/anwalt.rocks\/arbeitsrecht\/#organization","name":"Kanzlei Dr. Schmelzer","url":"https:\/\/anwalt.rocks\/arbeitsrecht\/","logo":{"@type":"ImageObject","inLanguage":"de","@id":"https:\/\/anwalt.rocks\/arbeitsrecht\/#\/schema\/logo\/image\/","url":"https:\/\/anwalt.rocks\/arbeitsrecht\/wp-content\/uploads\/sites\/2\/2025\/01\/anwalt-arbeitsrecht-logo.png","contentUrl":"https:\/\/anwalt.rocks\/arbeitsrecht\/wp-content\/uploads\/sites\/2\/2025\/01\/anwalt-arbeitsrecht-logo.png","width":450,"height":150,"caption":"Kanzlei Dr. Schmelzer"},"image":{"@id":"https:\/\/anwalt.rocks\/arbeitsrecht\/#\/schema\/logo\/image\/"}},{"@type":"Person","@id":"https:\/\/anwalt.rocks\/arbeitsrecht\/#\/schema\/person\/3fd3b0fc4df170bb2460fbc934288e39","name":"admin","image":{"@type":"ImageObject","inLanguage":"de","@id":"https:\/\/secure.gravatar.com\/avatar\/2a567a722e62dc61f1aaa46c6b595fa617f2003443806e3422a8fed77c029cfc?s=96&d=mm&r=g","url":"https:\/\/secure.gravatar.com\/avatar\/2a567a722e62dc61f1aaa46c6b595fa617f2003443806e3422a8fed77c029cfc?s=96&d=mm&r=g","contentUrl":"https:\/\/secure.gravatar.com\/avatar\/2a567a722e62dc61f1aaa46c6b595fa617f2003443806e3422a8fed77c029cfc?s=96&d=mm&r=g","caption":"admin"},"sameAs":["https:\/\/anwalt.rocks"],"url":"https:\/\/anwalt.rocks\/arbeitsrecht\/author\/admin\/"}]}},"_links":{"self":[{"href":"https:\/\/anwalt.rocks\/arbeitsrecht\/wp-json\/wp\/v2\/posts\/9222","targetHints":{"allow":["GET"]}}],"collection":[{"href":"https:\/\/anwalt.rocks\/arbeitsrecht\/wp-json\/wp\/v2\/posts"}],"about":[{"href":"https:\/\/anwalt.rocks\/arbeitsrecht\/wp-json\/wp\/v2\/types\/post"}],"author":[{"embeddable":true,"href":"https:\/\/anwalt.rocks\/arbeitsrecht\/wp-json\/wp\/v2\/users\/1"}],"replies":[{"embeddable":true,"href":"https:\/\/anwalt.rocks\/arbeitsrecht\/wp-json\/wp\/v2\/comments?post=9222"}],"version-history":[{"count":0,"href":"https:\/\/anwalt.rocks\/arbeitsrecht\/wp-json\/wp\/v2\/posts\/9222\/revisions"}],"wp:attachment":[{"href":"https:\/\/anwalt.rocks\/arbeitsrecht\/wp-json\/wp\/v2\/media?parent=9222"}],"wp:term":[{"taxonomy":"category","embeddable":true,"href":"https:\/\/anwalt.rocks\/arbeitsrecht\/wp-json\/wp\/v2\/categories?post=9222"},{"taxonomy":"post_tag","embeddable":true,"href":"https:\/\/anwalt.rocks\/arbeitsrecht\/wp-json\/wp\/v2\/tags?post=9222"}],"curies":[{"name":"wp","href":"https:\/\/api.w.org\/{rel}","templated":true}]}}