{"id":9351,"date":"2025-01-01T03:26:43","date_gmt":"2025-01-01T02:26:43","guid":{"rendered":"https:\/\/anwalt.rocks\/arbeitsrecht\/ruesselsheim\/"},"modified":"2025-01-01T03:26:43","modified_gmt":"2025-01-01T02:26:43","slug":"ruesselsheim","status":"publish","type":"post","link":"https:\/\/anwalt.rocks\/arbeitsrecht\/ruesselsheim\/","title":{"rendered":"Anwalt R\u00fcsselsheim Arbeitsrecht Mandanten Vertreung f\u00fcr Arbeitgeber."},"content":{"rendered":"<span class=\"span-reading-time rt-reading-time\" style=\"display: block;\"><span class=\"rt-label rt-prefix\">Lesedauer<\/span> <span class=\"rt-time\"> 3<\/span> <span class=\"rt-label rt-postfix\">Minuten<\/span><\/span><h2>Fachanwalt Dr. Schmelzer in Sachen Arbeits- und IT Recht R\u00fcsselsheim aber auch K\u00fcndigungsschutzklage.<\/h2>\n<p><a href=\"https:\/\/dr-schmelzer.eu\/arbeitsrecht\/\" target=\"_blank\" rel=\"noopener\"><img loading=\"lazy\" decoding=\"async\" src=\"https:\/\/anwalt.rocks\/bilder\/arbeitsrecht\/anwalt-arbeitsrecht-600x600.webp\" alt=\"Anwalt R\u00fcsselsheim Arbeitsrecht Mandanten Vertreung f\u00fcr Arbeitgeber.\" title=\"Anwalt R\u00fcsselsheim Arbeitsrecht Mandanten Vertreung f\u00fcr Arbeitgeber.\" width=\"600\" height=\"600\" \/><\/a> <\/p>\n<h3>Fachanwalt IT- und Arbeitsrecht R\u00fcsselsheim &#8211; Kanzlei Dr. Stephan Schmelzer.<\/h3>\n<p>F\u00fcr professionelle L\u00f6sungen im Arbeitsrecht ist Dr. Stephan Schmelzer Ihr Experte. Seine Fachanwaltszulassung im Arbeitsrecht seit 2002 hat seinen \u00fcberregionalen Ruf gefestigt. Seit mehr als zwei Jahrzehnten bietet seine Kanzlei professionelle L\u00f6sungen und juristische Pr\u00e4zision. Seine juristische Doppelqualifikation im Arbeits- und IT-Recht verschafft Dr. Schmelzer einen entscheidenden Vorteil in der modernen Arbeitswelt. &#8211; <a title=\"Anwalt D\u00fcsseldorf\" href=\"https:\/\/anwalt.rocks\/arbeitsrecht\/duesseldorf\/\">Anwalt D\u00fcsseldorf<\/a><\/p>\n<p><a href=\"https:\/\/dr-schmelzer.eu\/arbeitsrecht\/\" target=\"_blank\" rel=\"noopener\"><img loading=\"lazy\" decoding=\"async\" src=\"https:\/\/anwalt.rocks\/bilder\/arbeitsrecht\/rechtsanwalt-arbeitsrecht-600x600.webp\" alt=\"Anwalt Arbeitsrecht R\u00fcsselsheim\" title=\"Anwalt Arbeitsrecht R\u00fcsselsheim\" width=\"600\" height=\"600\" \/><\/a> <\/p>\n<h3>Kanzlei Dr. Stephan Schmelzer &#8211; Fachanwalt f\u00fcr Arbeitsrecht R\u00fcsselsheim.<\/h3>\n<p>W\u00e4hrend IT-rechtliche Aspekte integriert werden k\u00f6nnen, steht das Arbeitsrecht bei Dr. Schmelzer im Vordergrund, sowohl national als auch international. Mit seiner umfassenden Expertise deckt Dr. Schmelzer jedes Thema des Arbeitsrechts ab und bietet individuelle Ans\u00e4tze. Seine F\u00e4higkeit, sich individuell auf Mandanten einzustellen, gepaart mit langj\u00e4hriger Erfahrung, macht ihn zu einem Top-Experten im Arbeitsrecht. &#8211; <a title=\"Anwalt Emsdetten\" href=\"https:\/\/anwalt.rocks\/arbeitsrecht\/emsdetten\/\">Anwalt Emsdetten<\/a><\/p>\n<h3>Kompetent und durchsetzungsstark &#8211; 25 Jahre Erfahrung als Jurist R\u00fcsselsheim.<\/h3>\n<p>Arbeitgeber stehen heute vor rechtlichen Fragestellungen, die von der Arbeitsvertragsgestaltung bis zu tiefgreifenden Umstrukturierungen reichen. Dr. Schmelzer hilft Unternehmen, juristische H\u00fcrden mit praxisnaher Beratung zu \u00fcberwinden und effiziente Strategien umzusetzen. Die Leistungen, die er bereitstellt, umfassen: &#8211; <a title=\"Anwalt Arbeitsrecht Helmbrechts\" href=\"https:\/\/anwalt.rocks\/arbeitsrecht\/helmbrechts\/\">Anwalt Arbeitsrecht Helmbrechts<\/a><\/p>\n<h3>Anwalt Arbeitsrecht R\u00fcsselsheim 55 motivierte Kunden.<\/h3>\n<p>Gestaltung von Arbeitsvertr\u00e4gen, die rechtlich wasserdicht und flexibel bleiben. Erarbeitung von Arbeitszeit- und Verg\u00fctungsmodellen, die individuell auf das Unternehmen abgestimmt sind. &#8211; <a title=\"Anwalt Arbeitsrecht Bornheim\" href=\"https:\/\/anwalt.rocks\/arbeitsrecht\/bornheim\/\">Anwalt Arbeitsrecht Bornheim<\/a><\/p>\n<h3>Weshalb entscheidet man sich f\u00fcr den kompetenten Anwalt R\u00fcsselsheim:<\/h3>\n<p>Beratung bei der rechtssicheren Erstellung von K\u00fcndigungen aus betrieblichen oder personenbezogenen Ursachen. Minimierung von Haftungsrisiken und Begleitung w\u00e4hrend des gesamten K\u00fcndigungsverfahrens.<\/p>\n<h3>Kompetent sowie top zuverl\u00e4ssig.<\/h3>\n<p>Unterst\u00fctzung bei der Zusammenarbeit mit dem Betriebsrat bei wesentlichen Unternehmensentscheidungen. Unterst\u00fctzung bei der Entwicklung und Einf\u00fchrung von praktikablen Betriebsvereinbarungen. Unterst\u00fctzung bei der Planung und rechtlichen Umsetzung von Restrukturierungen im Unternehmen. Vertretung bei K\u00fcndigungsschutzklagen, Entfristungsverfahren und weiteren arbeitsrechtlichen Gerichtsprozessen. Schwerpunkt auf die gezielte und effiziente Vertretung unternehmerischer Interessen.<\/p>\n<h3>Anwalt Arbeitsrecht R\u00fcsselsheim &#8211; Fachanwalt Dr. Schmelzer.<\/h3>\n<p>Mit seiner fundierten Erfahrung unterst\u00fctzt Dr. Schmelzer Arbeitnehmer bei ihren Anliegen. In Streitsituationen ist er ein loyaler Begleiter, der sich unerm\u00fcdlich f\u00fcr seine Mandanten einsetzt. Im Leistungsumfang enthalten sind:<\/p>\n<p>Fachliche Beratung und Vertretung bei arbeitsgerichtlichen K\u00fcndigungsschutzprozessen. Beratung zu und Verhandlung von Abfindungsanspr\u00fcchen und finanziellen Ausgleichsleistungen. Fachliche Beratung und Vertretung bei arbeitsgerichtlichen K\u00fcndigungsschutzprozessen. Beratung zu und Verhandlung von Abfindungsanspr\u00fcchen und finanziellen Ausgleichsleistungen.<\/p>\n<p>Unterst\u00fctzung bei der Verhandlung und Ausarbeitung von Aufhebungsvertr\u00e4gen sowie Abfindungsregelungen. Pr\u00fcfung und Bearbeitung von Arbeitszeugnissen auf benachteiligende Inhalte. Prozessvertretung in Zeugnisklagen zur Erwirkung einer angemessenen Bewertung. Geringe Kosten Unterst\u00fctzung bei der Wahrnehmung Ihrer Rechte auf ausstehende Gehaltszahlungen. Vertretung bei arbeitsgerichtlichen Verfahren zu Entgeltanspr\u00fcchen und \u00dcberstundenverg\u00fctungen. Analyse von Abmahnungen und rechtliche Unterst\u00fctzung zur Beseitigung unberechtigter Ma\u00dfnahmen.<\/p>\n<h4>Mandanten Vertreung f\u00fcr Arbeitgeber zum Thema Anwalt Arbeitsrecht R\u00fcsselsheim.<\/h4>\n<p>Restrukturierung und die L\u00f6sung von Konflikten \u2013 ein Fachbereich, in dem Dr. Schmelzer herausragt. Ein wichtiger T\u00e4tigkeitsbereich von Dr. Schmelzer ist die Unterst\u00fctzung von Unternehmen w\u00e4hrend der Restrukturierung. Gefragt sind hier sowohl juristische Expertise als auch diplomatisches Geschick und ein tiefes Verst\u00e4ndnis f\u00fcr wirtschaftliche Zusammenh\u00e4nge.<\/p>\n<p>Anwalt R\u00fcsselsheim Schlussfolgerung: Die Planung und Realisierung von Interessenausgleichen und Sozialpl\u00e4nen ist ein Fachgebiet von Dr. Schmelzer. Es wird stets darauf abgezielt, eine L\u00f6sung zu finden, die f\u00fcr alle Parteien tragf\u00e4hig ist. Dank seiner strategischen F\u00e4higkeiten und seines umfangreichen Wissens ist Dr. Schmelzer ein kompetenter Partner bei Verhandlungen mit Betriebsr\u00e4ten und Gewerkschaften.<\/p>\n<p>Der Fachanwalt f\u00fcr Arbeitsrecht betrachtet jeden Fall als spannende Herausforderung, die gezielte Aufmerksamkeit erfordert. Sein Ziel ist es, die Interessen seiner Mandanten bestm\u00f6glich zu vertreten, sei es durch au\u00dfergerichtliche Einigungen oder vor Gericht. F\u00fcr ihn sind Offenheit und eine intensive Abstimmung mit seinen Mandanten entscheidend. Dr. Schmelzer arbeitet mit dem Ziel, die Zufriedenheit seiner Mandanten jederzeit zu gew\u00e4hrleisten. Seine professionelle und zielgerichtete Vorgehensweise wird nicht nur durch seine Erfolge, sondern auch durch das Feedback seiner Mandanten honoriert. Mit Dr. Stephan Schmelzer haben Arbeitnehmer und Arbeitgeber einen erfahrenen Partner an ihrer Seite.<\/p>\n<article class=\"contact contact-list post-2600 profile type-profile status-publish has-post-thumbnail hentry\" data-contact=\"2600\">\n    \n    <div class=\"media\">\n        <div class=\"media-left\">\n            <a  href=\"#\" data-toggle=\"modal\" data-target=\"#ContactModal\"  title=\"Anna L., 34 Jahre, aus Hamburg jetzt Kontakt aufnehmen!\">\n                <img loading=\"lazy\" decoding=\"async\" width=\"500\" height=\"500\" src=\"https:\/\/anwalt.rocks\/arbeitsrecht\/wp-content\/uploads\/sites\/2\/2025\/01\/meinung-01.jpg\" class=\"contact-image media-object wp-post-image\" alt=\"Anna L., 34 Jahre, aus Hamburg\" srcset=\"https:\/\/anwalt.rocks\/arbeitsrecht\/wp-content\/uploads\/sites\/2\/2025\/01\/meinung-01.jpg 500w, https:\/\/anwalt.rocks\/arbeitsrecht\/wp-content\/uploads\/sites\/2\/2025\/01\/meinung-01-300x300.jpg 300w, https:\/\/anwalt.rocks\/arbeitsrecht\/wp-content\/uploads\/sites\/2\/2025\/01\/meinung-01-150x150.jpg 150w\" sizes=\"auto, (max-width: 500px) 100vw, 500px\" \/>            <\/a>\n        <\/div>\n\n        <div class=\"media-body\">\n                        <p class=\"h2 media-heading\">\n                <a  href=\"#\" data-toggle=\"modal\" data-target=\"#ContactModal\"  title=\"Anna L., 34 Jahre, aus Hamburg jetzt Kontakt aufnehmen!\">\n                    <span class=\"contact-name\">Anna L., 34 Jahre, aus Hamburg<\/span>\n                <\/a>\n\n                <span class=\"contact-text\"><\/span> <span class=\"contact-city\"><a href=\"https:\/\/anwalt.rocks\/arbeitsrecht\/region\/labenz\/\">Anwalt Arbeitsrecht Labenz<\/a><\/span>            <\/p>\n\n            <div class=\"quote\"><p>Ich hatte ein riesiges Problem mit meinem Arbeitgeber, nachdem ich nach meiner Elternzeit wieder in den Job einsteigen wollte. Pl\u00f6tzlich sollte ich in eine komplett andere Abteilung wechseln, obwohl das nie vereinbart war. Eine Freundin empfahl mir Dr. Stephan Schmelzer, &hellip;<\/p><\/div>\n            <a class=\"btn btn-cta\"  href=\"#\" data-toggle=\"modal\" data-target=\"#ContactModal\"  title=\"Anna L., 34 Jahre, aus Hamburg jetzt Kontakt aufnehmen!\">\n                Nachricht senden            <\/a>\n        <\/div>\n    <\/div>\n<\/article><article class=\"contact contact-list post-2609 profile type-profile status-publish has-post-thumbnail hentry\" data-contact=\"2609\">\n    \n    <div class=\"media\">\n        <div class=\"media-left\">\n            <a  href=\"#\" data-toggle=\"modal\" data-target=\"#ContactModal\"  title=\"Nadine H., 48 Jahre, aus M\u00fcnchen jetzt Kontakt aufnehmen!\">\n                <img loading=\"lazy\" decoding=\"async\" width=\"500\" height=\"500\" src=\"https:\/\/anwalt.rocks\/arbeitsrecht\/wp-content\/uploads\/sites\/2\/2025\/01\/meinung-04.jpg\" class=\"contact-image media-object wp-post-image\" alt=\"Nadine H., 48 Jahre, aus M\u00fcnchen\" srcset=\"https:\/\/anwalt.rocks\/arbeitsrecht\/wp-content\/uploads\/sites\/2\/2025\/01\/meinung-04.jpg 500w, https:\/\/anwalt.rocks\/arbeitsrecht\/wp-content\/uploads\/sites\/2\/2025\/01\/meinung-04-300x300.jpg 300w, https:\/\/anwalt.rocks\/arbeitsrecht\/wp-content\/uploads\/sites\/2\/2025\/01\/meinung-04-150x150.jpg 150w\" sizes=\"auto, (max-width: 500px) 100vw, 500px\" \/>            <\/a>\n        <\/div>\n\n        <div class=\"media-body\">\n                        <p class=\"h2 media-heading\">\n                <a  href=\"#\" data-toggle=\"modal\" data-target=\"#ContactModal\"  title=\"Nadine H., 48 Jahre, aus M\u00fcnchen jetzt Kontakt aufnehmen!\">\n                    <span class=\"contact-name\">Nadine H., 48 Jahre, aus M\u00fcnchen<\/span>\n                <\/a>\n\n                <span class=\"contact-text\"><\/span> <span class=\"contact-city\"><a href=\"https:\/\/anwalt.rocks\/arbeitsrecht\/region\/velbert\/\">Anwalt Arbeitsrecht Velbert<\/a><\/span>            <\/p>\n\n            <div class=\"quote\"><p>Nach einer pl\u00f6tzlichen Umstrukturierung in meiner Firma wurde mir gek\u00fcndigt. Es war ein riesiger Schock f\u00fcr mich. Zum Gl\u00fcck fand ich Dr. Schmelzer \u00fcber eine Internetrecherche. Schon beim ersten Gespr\u00e4ch war ich beeindruckt von seiner Fachkenntnis und seiner empathischen Art. &hellip;<\/p><\/div>\n            <a class=\"btn btn-cta\"  href=\"#\" data-toggle=\"modal\" data-target=\"#ContactModal\"  title=\"Nadine H., 48 Jahre, aus M\u00fcnchen jetzt Kontakt aufnehmen!\">\n                Nachricht senden            <\/a>\n        <\/div>\n    <\/div>\n<\/article><article class=\"contact contact-list post-2628 profile type-profile status-publish has-post-thumbnail hentry\" data-contact=\"2628\">\n    \n    <div class=\"media\">\n        <div class=\"media-left\">\n            <a  href=\"#\" data-toggle=\"modal\" data-target=\"#ContactModal\"  title=\"Sandra B., 39 Jahre, aus Bremen jetzt Kontakt aufnehmen!\">\n                <img loading=\"lazy\" decoding=\"async\" width=\"500\" height=\"500\" src=\"https:\/\/anwalt.rocks\/arbeitsrecht\/wp-content\/uploads\/sites\/2\/2025\/01\/meinung-10.jpg\" class=\"contact-image media-object wp-post-image\" alt=\"Sandra B., 39 Jahre, aus Bremen\" srcset=\"https:\/\/anwalt.rocks\/arbeitsrecht\/wp-content\/uploads\/sites\/2\/2025\/01\/meinung-10.jpg 500w, https:\/\/anwalt.rocks\/arbeitsrecht\/wp-content\/uploads\/sites\/2\/2025\/01\/meinung-10-300x300.jpg 300w, https:\/\/anwalt.rocks\/arbeitsrecht\/wp-content\/uploads\/sites\/2\/2025\/01\/meinung-10-150x150.jpg 150w\" sizes=\"auto, (max-width: 500px) 100vw, 500px\" \/>            <\/a>\n        <\/div>\n\n        <div class=\"media-body\">\n                        <p class=\"h2 media-heading\">\n                <a  href=\"#\" data-toggle=\"modal\" data-target=\"#ContactModal\"  title=\"Sandra B., 39 Jahre, aus Bremen jetzt Kontakt aufnehmen!\">\n                    <span class=\"contact-name\">Sandra B., 39 Jahre, aus Bremen<\/span>\n                <\/a>\n\n                <span class=\"contact-text\"><\/span> <span class=\"contact-city\"><a href=\"https:\/\/anwalt.rocks\/arbeitsrecht\/region\/aull\/\">Anwalt Arbeitsrecht Aull<\/a><\/span>            <\/p>\n\n            <div class=\"quote\"><p>Herr Schmelzer ist einfach unglaublich! In meinem Fall ging es um eine ungerechtfertigte Versetzung in eine andere Stadt. Er erkannte sofort, dass mein Arbeitgeber hier gegen geltendes Arbeitsrecht versto\u00dfen hatte, und setzte meine Interessen kompromisslos durch. Was mir besonders gefallen &hellip;<\/p><\/div>\n            <a class=\"btn btn-cta\"  href=\"#\" data-toggle=\"modal\" data-target=\"#ContactModal\"  title=\"Sandra B., 39 Jahre, aus Bremen jetzt Kontakt aufnehmen!\">\n                Nachricht senden            <\/a>\n        <\/div>\n    <\/div>\n<\/article><article class=\"contact contact-list post-2625 profile type-profile status-publish has-post-thumbnail hentry\" data-contact=\"2625\">\n    \n    <div class=\"media\">\n        <div class=\"media-left\">\n            <a  href=\"#\" data-toggle=\"modal\" data-target=\"#ContactModal\"  title=\"Melanie R., 28 Jahre, aus Dortmund jetzt Kontakt aufnehmen!\">\n                <img loading=\"lazy\" decoding=\"async\" width=\"500\" height=\"500\" src=\"https:\/\/anwalt.rocks\/arbeitsrecht\/wp-content\/uploads\/sites\/2\/2025\/01\/meinung-09.jpg\" class=\"contact-image media-object wp-post-image\" alt=\"Melanie R., 28 Jahre, aus Dortmund\" srcset=\"https:\/\/anwalt.rocks\/arbeitsrecht\/wp-content\/uploads\/sites\/2\/2025\/01\/meinung-09.jpg 500w, https:\/\/anwalt.rocks\/arbeitsrecht\/wp-content\/uploads\/sites\/2\/2025\/01\/meinung-09-300x300.jpg 300w, https:\/\/anwalt.rocks\/arbeitsrecht\/wp-content\/uploads\/sites\/2\/2025\/01\/meinung-09-150x150.jpg 150w\" sizes=\"auto, (max-width: 500px) 100vw, 500px\" \/>            <\/a>\n        <\/div>\n\n        <div class=\"media-body\">\n                        <p class=\"h2 media-heading\">\n                <a  href=\"#\" data-toggle=\"modal\" data-target=\"#ContactModal\"  title=\"Melanie R., 28 Jahre, aus Dortmund jetzt Kontakt aufnehmen!\">\n                    <span class=\"contact-name\">Melanie R., 28 Jahre, aus Dortmund<\/span>\n                <\/a>\n\n                <span class=\"contact-text\"><\/span> <span class=\"contact-city\"><a href=\"https:\/\/anwalt.rocks\/arbeitsrecht\/region\/poessneck\/\">Anwalt Arbeitsrecht P\u00f6\u00dfneck<\/a><\/span>            <\/p>\n\n            <div class=\"quote\"><p>Ich hatte Angst, meinen Job zu verlieren, weil mein Arbeitgeber mich nach meiner Schwangerschaft anders behandeln wollte. Zum Gl\u00fcck wandte ich mich an Rechtsanwalt Schmelzer. Er hat mich nicht nur \u00fcber meine Rechte aufgekl\u00e4rt, sondern auch sehr erfolgreich verhandelt. Jetzt &hellip;<\/p><\/div>\n            <a class=\"btn btn-cta\"  href=\"#\" data-toggle=\"modal\" data-target=\"#ContactModal\"  title=\"Melanie R., 28 Jahre, aus Dortmund jetzt Kontakt aufnehmen!\">\n                Nachricht senden            <\/a>\n        <\/div>\n    <\/div>\n<\/article><article class=\"contact contact-list post-2622 profile type-profile status-publish has-post-thumbnail hentry\" data-contact=\"2622\">\n    \n    <div class=\"media\">\n        <div class=\"media-left\">\n            <a  href=\"#\" data-toggle=\"modal\" data-target=\"#ContactModal\"  title=\"Sabine T., 22 Jahre, aus Frankfurt jetzt Kontakt aufnehmen!\">\n                <img loading=\"lazy\" decoding=\"async\" width=\"500\" height=\"500\" src=\"https:\/\/anwalt.rocks\/arbeitsrecht\/wp-content\/uploads\/sites\/2\/2025\/01\/meinung-08.jpg\" class=\"contact-image media-object wp-post-image\" alt=\"Sabine T., 22 Jahre, aus Frankfurt\" srcset=\"https:\/\/anwalt.rocks\/arbeitsrecht\/wp-content\/uploads\/sites\/2\/2025\/01\/meinung-08.jpg 500w, https:\/\/anwalt.rocks\/arbeitsrecht\/wp-content\/uploads\/sites\/2\/2025\/01\/meinung-08-300x300.jpg 300w, https:\/\/anwalt.rocks\/arbeitsrecht\/wp-content\/uploads\/sites\/2\/2025\/01\/meinung-08-150x150.jpg 150w\" sizes=\"auto, (max-width: 500px) 100vw, 500px\" \/>            <\/a>\n        <\/div>\n\n        <div class=\"media-body\">\n                        <p class=\"h2 media-heading\">\n                <a  href=\"#\" data-toggle=\"modal\" data-target=\"#ContactModal\"  title=\"Sabine T., 22 Jahre, aus Frankfurt jetzt Kontakt aufnehmen!\">\n                    <span class=\"contact-name\">Sabine T., 22 Jahre, aus Frankfurt<\/span>\n                <\/a>\n\n                <span class=\"contact-text\"><\/span> <span class=\"contact-city\"><a href=\"https:\/\/anwalt.rocks\/arbeitsrecht\/region\/duisburg-hochemmerich\/\">Anwalt Arbeitsrecht Duisburg Hochemmerich<\/a><\/span>            <\/p>\n\n            <div class=\"quote\"><p>Ich hatte ein Problem mit meinem Teilzeitvertrag, da mein Arbeitgeber mich pl\u00f6tzlich zu vielen \u00dcberstunden verpflichten wollte. Herr Schmelzer hat mich wunderbar beraten und schnell eine Kl\u00e4rung herbeigef\u00fchrt. Seine Kompetenz und Freundlichkeit haben mich \u00fcberzeugt. Ich f\u00fchlte mich jederzeit ernst &hellip;<\/p><\/div>\n            <a class=\"btn btn-cta\"  href=\"#\" data-toggle=\"modal\" data-target=\"#ContactModal\"  title=\"Sabine T., 22 Jahre, aus Frankfurt jetzt Kontakt aufnehmen!\">\n                Nachricht senden            <\/a>\n        <\/div>\n    <\/div>\n<\/article>\n<div class=\"blogposts\"><ul><li><a href=\"https:\/\/anwalt.rocks\/arbeitsrecht\/siegerland\/\" title=\"Anwalt Arbeitsrecht Siegerland &#8211; Silke ist echt zufrieden.\">Anwalt Arbeitsrecht Siegerland &#8211; Silke ist echt zufrieden.<\/a><\/li><li><a href=\"https:\/\/anwalt.rocks\/arbeitsrecht\/nienburg\/\" title=\"Fachanwalt in Sachen Arbeitsrecht Nienburg.\">Fachanwalt in Sachen Arbeitsrecht Nienburg.<\/a><\/li><li><a href=\"https:\/\/anwalt.rocks\/arbeitsrecht\/radenthein\/\" title=\"Fachanwalt in Sachen Arbeits- und IT Recht Radenthein.\">Fachanwalt in Sachen Arbeits- und IT Recht Radenthein.<\/a><\/li><li><a href=\"https:\/\/anwalt.rocks\/arbeitsrecht\/bremervoerde\/\" title=\"Anwalt Arbeitsrecht Bremerv\u00f6rde &#8211; Vera gewinnt den Fall.\">Anwalt Arbeitsrecht Bremerv\u00f6rde &#8211; Vera gewinnt den Fall.<\/a><\/li><li><a href=\"https:\/\/anwalt.rocks\/arbeitsrecht\/schwaben\/\" title=\"Anwalt Schwaben Experte f\u00fcr IT- und Arbeitsrecht.\">Anwalt Schwaben Experte f\u00fcr IT- und Arbeitsrecht.<\/a><\/li><li><a href=\"https:\/\/anwalt.rocks\/arbeitsrecht\/attnang-puchheim\/\" title=\"Kanzlei Dr. Stephan Schmelzer Rechtsanwalt Arbeits- und IT Recht Attnang Puchheim.\">Kanzlei Dr. Stephan Schmelzer Rechtsanwalt Arbeits- und IT Recht Attnang Puchheim.<\/a><\/li><li><a href=\"https:\/\/anwalt.rocks\/arbeitsrecht\/mansfeld\/\" title=\"Anwalt Arbeitsrecht Mansfeld &#8211; Bereits 38 fr\u00f6hliche Klienten.\">Anwalt Arbeitsrecht Mansfeld &#8211; Bereits 38 fr\u00f6hliche Klienten.<\/a><\/li><\/ul><\/div>\n","protected":false},"excerpt":{"rendered":"<h2>Anwalt Arbeitsrecht Mansfeld &#8211; Experte  f\u00fcr bundesweite Beauftragungen.<\/h2>\n<p><a href=\"https:\/\/dr-schmelzer.eu\/arbeitsrecht\/\" target=\"_blank\" rel=\"noopener\"><img loading=\"lazy\" decoding=\"async\" src=\"https:\/\/anwalt.rocks\/bilder\/arbeitsrecht\/anwalt-arbeitsrecht-600x600.webp\" alt=\"Anwalt Arbeitsrecht Mansfeld - Bereits 38 fr\u00f6hliche Klienten.\" title=\"Anwalt Arbeitsrecht Mansfeld - Bereits 38 fr\u00f6hliche Klienten.\" width=\"600\" height=\"600\" \/><\/a> <\/p>\n<h3>Rechtsanwalt Arbeitsrecht Mansfeld &#8211; Anwaltskanzlei Dr. Stephan Schmelzer.<\/h3>\n<p>Dr. Stephan Schmelzer bietet Ihnen individuelle Beratung in allen arbeitsrechtlichen Angelegenheiten. Dr. Schmelzer genie\u00dft durch seine langj\u00e4hrige Erfahrung und Fachanwaltszulassung im Arbeitsrecht \u00fcber Ahlen &hellip;<\/p>","protected":false},"author":1,"featured_media":0,"comment_status":"closed","ping_status":"open","sticky":false,"template":"","format":"standard","meta":{"footnotes":""},"categories":[3],"tags":[],"class_list":["post-9351","post","type-post","status-publish","format-standard","hentry","category-fachanwalt"],"yoast_head":"<!-- This site is optimized with the Yoast SEO Premium plugin v27.1 (Yoast SEO v27.2) - https:\/\/yoast.com\/product\/yoast-seo-premium-wordpress\/ -->\n<title>Anwalt R\u00fcsselsheim Arbeitsrecht Mandanten Vertreung f\u00fcr Arbeitgeber.<\/title>\n<meta name=\"robots\" content=\"index, follow, max-snippet:-1, max-image-preview:large, max-video-preview:-1\" \/>\n<link rel=\"canonical\" href=\"https:\/\/anwalt.rocks\/arbeitsrecht\/ruesselsheim\/\" \/>\n<meta property=\"og:locale\" content=\"de_DE\" \/>\n<meta property=\"og:type\" content=\"article\" \/>\n<meta property=\"og:title\" content=\"Anwalt R\u00fcsselsheim Arbeitsrecht Mandanten Vertreung f\u00fcr Arbeitgeber.\" \/>\n<meta property=\"og:description\" content=\"Anwalt Arbeitsrecht Mansfeld &#8211; Experte f\u00fcr bundesweite Beauftragungen.  Rechtsanwalt Arbeitsrecht Mansfeld &#8211; Anwaltskanzlei Dr. Stephan Schmelzer. Dr. Stephan Schmelzer bietet Ihnen individuelle Beratung in allen arbeitsrechtlichen Angelegenheiten. Dr. Schmelzer genie\u00dft durch seine langj\u00e4hrige Erfahrung und Fachanwaltszulassung im Arbeitsrecht \u00fcber Ahlen &hellip;\" \/>\n<meta property=\"og:url\" content=\"https:\/\/anwalt.rocks\/arbeitsrecht\/ruesselsheim\/\" \/>\n<meta property=\"og:site_name\" content=\"Anwalt Arbeitsrecht in der N\u00e4he - Dr. Schmelzer\" \/>\n<meta property=\"article:published_time\" content=\"2025-01-01T02:26:43+00:00\" \/>\n<meta property=\"og:image\" content=\"https:\/\/anwalt.rocks\/bilder\/arbeitsrecht\/anwalt-arbeitsrecht-600x600.webp\" \/>\n<meta name=\"author\" content=\"admin\" \/>\n<meta name=\"twitter:card\" content=\"summary_large_image\" \/>\n<meta name=\"twitter:label1\" content=\"Verfasst von\" \/>\n\t<meta name=\"twitter:data1\" content=\"admin\" \/>\n\t<meta name=\"twitter:label2\" content=\"Gesch\u00e4tzte Lesezeit\" \/>\n\t<meta name=\"twitter:data2\" content=\"4\u00a0Minuten\" \/>\n<script type=\"application\/ld+json\" class=\"yoast-schema-graph\">{\"@context\":\"https:\/\/schema.org\",\"@graph\":[{\"@type\":\"Article\",\"@id\":\"https:\/\/anwalt.rocks\/arbeitsrecht\/ruesselsheim\/#article\",\"isPartOf\":{\"@id\":\"https:\/\/anwalt.rocks\/arbeitsrecht\/ruesselsheim\/\"},\"author\":{\"name\":\"admin\",\"@id\":\"https:\/\/anwalt.rocks\/arbeitsrecht\/#\/schema\/person\/3fd3b0fc4df170bb2460fbc934288e39\"},\"headline\":\"Anwalt R\u00fcsselsheim Arbeitsrecht Mandanten Vertreung f\u00fcr Arbeitgeber.\",\"datePublished\":\"2025-01-01T02:26:43+00:00\",\"mainEntityOfPage\":{\"@id\":\"https:\/\/anwalt.rocks\/arbeitsrecht\/ruesselsheim\/\"},\"wordCount\":716,\"publisher\":{\"@id\":\"https:\/\/anwalt.rocks\/arbeitsrecht\/#organization\"},\"image\":{\"@id\":\"https:\/\/anwalt.rocks\/arbeitsrecht\/ruesselsheim\/#primaryimage\"},\"thumbnailUrl\":\"https:\/\/anwalt.rocks\/bilder\/arbeitsrecht\/anwalt-arbeitsrecht-600x600.webp\",\"articleSection\":[\"Fachanwalt\"],\"inLanguage\":\"de\"},{\"@type\":\"WebPage\",\"@id\":\"https:\/\/anwalt.rocks\/arbeitsrecht\/ruesselsheim\/\",\"url\":\"https:\/\/anwalt.rocks\/arbeitsrecht\/ruesselsheim\/\",\"name\":\"Anwalt R\u00fcsselsheim Arbeitsrecht Mandanten Vertreung f\u00fcr Arbeitgeber.\",\"isPartOf\":{\"@id\":\"https:\/\/anwalt.rocks\/arbeitsrecht\/#website\"},\"primaryImageOfPage\":{\"@id\":\"https:\/\/anwalt.rocks\/arbeitsrecht\/ruesselsheim\/#primaryimage\"},\"image\":{\"@id\":\"https:\/\/anwalt.rocks\/arbeitsrecht\/ruesselsheim\/#primaryimage\"},\"thumbnailUrl\":\"https:\/\/anwalt.rocks\/bilder\/arbeitsrecht\/anwalt-arbeitsrecht-600x600.webp\",\"datePublished\":\"2025-01-01T02:26:43+00:00\",\"breadcrumb\":{\"@id\":\"https:\/\/anwalt.rocks\/arbeitsrecht\/ruesselsheim\/#breadcrumb\"},\"inLanguage\":\"de\",\"potentialAction\":[{\"@type\":\"ReadAction\",\"target\":[\"https:\/\/anwalt.rocks\/arbeitsrecht\/ruesselsheim\/\"]}]},{\"@type\":\"ImageObject\",\"inLanguage\":\"de\",\"@id\":\"https:\/\/anwalt.rocks\/arbeitsrecht\/ruesselsheim\/#primaryimage\",\"url\":\"https:\/\/anwalt.rocks\/bilder\/arbeitsrecht\/anwalt-arbeitsrecht-600x600.webp\",\"contentUrl\":\"https:\/\/anwalt.rocks\/bilder\/arbeitsrecht\/anwalt-arbeitsrecht-600x600.webp\"},{\"@type\":\"BreadcrumbList\",\"@id\":\"https:\/\/anwalt.rocks\/arbeitsrecht\/ruesselsheim\/#breadcrumb\",\"itemListElement\":[{\"@type\":\"ListItem\",\"position\":1,\"name\":\"Start\",\"item\":\"https:\/\/anwalt.rocks\/arbeitsrecht\/\"},{\"@type\":\"ListItem\",\"position\":2,\"name\":\"Anwalt R\u00fcsselsheim Arbeitsrecht Mandanten Vertreung f\u00fcr Arbeitgeber.\"}]},{\"@type\":\"WebSite\",\"@id\":\"https:\/\/anwalt.rocks\/arbeitsrecht\/#website\",\"url\":\"https:\/\/anwalt.rocks\/arbeitsrecht\/\",\"name\":\"Anwalt Arbeitsrecht in der N\u00e4he - Dr. Schmelzer\",\"description\":\"Kompetenzen und Vorteile von Dr. Stephan Schmelzer \u2013 Anwalt und Fachanwalt f\u00fcr Arbeitsrecht mit 25 j\u00e4hriger Berufspraxis.\",\"publisher\":{\"@id\":\"https:\/\/anwalt.rocks\/arbeitsrecht\/#organization\"},\"potentialAction\":[{\"@type\":\"SearchAction\",\"target\":{\"@type\":\"EntryPoint\",\"urlTemplate\":\"https:\/\/anwalt.rocks\/arbeitsrecht\/?s={search_term_string}\"},\"query-input\":{\"@type\":\"PropertyValueSpecification\",\"valueRequired\":true,\"valueName\":\"search_term_string\"}}],\"inLanguage\":\"de\"},{\"@type\":\"Organization\",\"@id\":\"https:\/\/anwalt.rocks\/arbeitsrecht\/#organization\",\"name\":\"Kanzlei Dr. Schmelzer\",\"url\":\"https:\/\/anwalt.rocks\/arbeitsrecht\/\",\"logo\":{\"@type\":\"ImageObject\",\"inLanguage\":\"de\",\"@id\":\"https:\/\/anwalt.rocks\/arbeitsrecht\/#\/schema\/logo\/image\/\",\"url\":\"https:\/\/anwalt.rocks\/arbeitsrecht\/wp-content\/uploads\/sites\/2\/2025\/01\/anwalt-arbeitsrecht-logo.png\",\"contentUrl\":\"https:\/\/anwalt.rocks\/arbeitsrecht\/wp-content\/uploads\/sites\/2\/2025\/01\/anwalt-arbeitsrecht-logo.png\",\"width\":450,\"height\":150,\"caption\":\"Kanzlei Dr. Schmelzer\"},\"image\":{\"@id\":\"https:\/\/anwalt.rocks\/arbeitsrecht\/#\/schema\/logo\/image\/\"}},{\"@type\":\"Person\",\"@id\":\"https:\/\/anwalt.rocks\/arbeitsrecht\/#\/schema\/person\/3fd3b0fc4df170bb2460fbc934288e39\",\"name\":\"admin\",\"image\":{\"@type\":\"ImageObject\",\"inLanguage\":\"de\",\"@id\":\"https:\/\/secure.gravatar.com\/avatar\/2a567a722e62dc61f1aaa46c6b595fa617f2003443806e3422a8fed77c029cfc?s=96&d=mm&r=g\",\"url\":\"https:\/\/secure.gravatar.com\/avatar\/2a567a722e62dc61f1aaa46c6b595fa617f2003443806e3422a8fed77c029cfc?s=96&d=mm&r=g\",\"contentUrl\":\"https:\/\/secure.gravatar.com\/avatar\/2a567a722e62dc61f1aaa46c6b595fa617f2003443806e3422a8fed77c029cfc?s=96&d=mm&r=g\",\"caption\":\"admin\"},\"sameAs\":[\"https:\/\/anwalt.rocks\"],\"url\":\"https:\/\/anwalt.rocks\/arbeitsrecht\/author\/admin\/\"}]}<\/script>\n<!-- \/ Yoast SEO Premium plugin. -->","yoast_head_json":{"title":"Anwalt R\u00fcsselsheim Arbeitsrecht Mandanten Vertreung f\u00fcr Arbeitgeber.","robots":{"index":"index","follow":"follow","max-snippet":"max-snippet:-1","max-image-preview":"max-image-preview:large","max-video-preview":"max-video-preview:-1"},"canonical":"https:\/\/anwalt.rocks\/arbeitsrecht\/ruesselsheim\/","og_locale":"de_DE","og_type":"article","og_title":"Anwalt R\u00fcsselsheim Arbeitsrecht Mandanten Vertreung f\u00fcr Arbeitgeber.","og_description":"Anwalt Arbeitsrecht Mansfeld &#8211; Experte f\u00fcr bundesweite Beauftragungen.  Rechtsanwalt Arbeitsrecht Mansfeld &#8211; Anwaltskanzlei Dr. Stephan Schmelzer. Dr. Stephan Schmelzer bietet Ihnen individuelle Beratung in allen arbeitsrechtlichen Angelegenheiten. Dr. Schmelzer genie\u00dft durch seine langj\u00e4hrige Erfahrung und Fachanwaltszulassung im Arbeitsrecht \u00fcber Ahlen &hellip;","og_url":"https:\/\/anwalt.rocks\/arbeitsrecht\/ruesselsheim\/","og_site_name":"Anwalt Arbeitsrecht in der N\u00e4he - Dr. Schmelzer","article_published_time":"2025-01-01T02:26:43+00:00","og_image":[{"url":"https:\/\/anwalt.rocks\/bilder\/arbeitsrecht\/anwalt-arbeitsrecht-600x600.webp","type":"","width":"","height":""}],"author":"admin","twitter_card":"summary_large_image","twitter_misc":{"Verfasst von":"admin","Gesch\u00e4tzte Lesezeit":"4\u00a0Minuten"},"schema":{"@context":"https:\/\/schema.org","@graph":[{"@type":"Article","@id":"https:\/\/anwalt.rocks\/arbeitsrecht\/ruesselsheim\/#article","isPartOf":{"@id":"https:\/\/anwalt.rocks\/arbeitsrecht\/ruesselsheim\/"},"author":{"name":"admin","@id":"https:\/\/anwalt.rocks\/arbeitsrecht\/#\/schema\/person\/3fd3b0fc4df170bb2460fbc934288e39"},"headline":"Anwalt R\u00fcsselsheim Arbeitsrecht Mandanten Vertreung f\u00fcr Arbeitgeber.","datePublished":"2025-01-01T02:26:43+00:00","mainEntityOfPage":{"@id":"https:\/\/anwalt.rocks\/arbeitsrecht\/ruesselsheim\/"},"wordCount":716,"publisher":{"@id":"https:\/\/anwalt.rocks\/arbeitsrecht\/#organization"},"image":{"@id":"https:\/\/anwalt.rocks\/arbeitsrecht\/ruesselsheim\/#primaryimage"},"thumbnailUrl":"https:\/\/anwalt.rocks\/bilder\/arbeitsrecht\/anwalt-arbeitsrecht-600x600.webp","articleSection":["Fachanwalt"],"inLanguage":"de"},{"@type":"WebPage","@id":"https:\/\/anwalt.rocks\/arbeitsrecht\/ruesselsheim\/","url":"https:\/\/anwalt.rocks\/arbeitsrecht\/ruesselsheim\/","name":"Anwalt R\u00fcsselsheim Arbeitsrecht Mandanten Vertreung f\u00fcr Arbeitgeber.","isPartOf":{"@id":"https:\/\/anwalt.rocks\/arbeitsrecht\/#website"},"primaryImageOfPage":{"@id":"https:\/\/anwalt.rocks\/arbeitsrecht\/ruesselsheim\/#primaryimage"},"image":{"@id":"https:\/\/anwalt.rocks\/arbeitsrecht\/ruesselsheim\/#primaryimage"},"thumbnailUrl":"https:\/\/anwalt.rocks\/bilder\/arbeitsrecht\/anwalt-arbeitsrecht-600x600.webp","datePublished":"2025-01-01T02:26:43+00:00","breadcrumb":{"@id":"https:\/\/anwalt.rocks\/arbeitsrecht\/ruesselsheim\/#breadcrumb"},"inLanguage":"de","potentialAction":[{"@type":"ReadAction","target":["https:\/\/anwalt.rocks\/arbeitsrecht\/ruesselsheim\/"]}]},{"@type":"ImageObject","inLanguage":"de","@id":"https:\/\/anwalt.rocks\/arbeitsrecht\/ruesselsheim\/#primaryimage","url":"https:\/\/anwalt.rocks\/bilder\/arbeitsrecht\/anwalt-arbeitsrecht-600x600.webp","contentUrl":"https:\/\/anwalt.rocks\/bilder\/arbeitsrecht\/anwalt-arbeitsrecht-600x600.webp"},{"@type":"BreadcrumbList","@id":"https:\/\/anwalt.rocks\/arbeitsrecht\/ruesselsheim\/#breadcrumb","itemListElement":[{"@type":"ListItem","position":1,"name":"Start","item":"https:\/\/anwalt.rocks\/arbeitsrecht\/"},{"@type":"ListItem","position":2,"name":"Anwalt R\u00fcsselsheim Arbeitsrecht Mandanten Vertreung f\u00fcr Arbeitgeber."}]},{"@type":"WebSite","@id":"https:\/\/anwalt.rocks\/arbeitsrecht\/#website","url":"https:\/\/anwalt.rocks\/arbeitsrecht\/","name":"Anwalt Arbeitsrecht in der N\u00e4he - Dr. Schmelzer","description":"Kompetenzen und Vorteile von Dr. Stephan Schmelzer \u2013 Anwalt und Fachanwalt f\u00fcr Arbeitsrecht mit 25 j\u00e4hriger Berufspraxis.","publisher":{"@id":"https:\/\/anwalt.rocks\/arbeitsrecht\/#organization"},"potentialAction":[{"@type":"SearchAction","target":{"@type":"EntryPoint","urlTemplate":"https:\/\/anwalt.rocks\/arbeitsrecht\/?s={search_term_string}"},"query-input":{"@type":"PropertyValueSpecification","valueRequired":true,"valueName":"search_term_string"}}],"inLanguage":"de"},{"@type":"Organization","@id":"https:\/\/anwalt.rocks\/arbeitsrecht\/#organization","name":"Kanzlei Dr. Schmelzer","url":"https:\/\/anwalt.rocks\/arbeitsrecht\/","logo":{"@type":"ImageObject","inLanguage":"de","@id":"https:\/\/anwalt.rocks\/arbeitsrecht\/#\/schema\/logo\/image\/","url":"https:\/\/anwalt.rocks\/arbeitsrecht\/wp-content\/uploads\/sites\/2\/2025\/01\/anwalt-arbeitsrecht-logo.png","contentUrl":"https:\/\/anwalt.rocks\/arbeitsrecht\/wp-content\/uploads\/sites\/2\/2025\/01\/anwalt-arbeitsrecht-logo.png","width":450,"height":150,"caption":"Kanzlei Dr. Schmelzer"},"image":{"@id":"https:\/\/anwalt.rocks\/arbeitsrecht\/#\/schema\/logo\/image\/"}},{"@type":"Person","@id":"https:\/\/anwalt.rocks\/arbeitsrecht\/#\/schema\/person\/3fd3b0fc4df170bb2460fbc934288e39","name":"admin","image":{"@type":"ImageObject","inLanguage":"de","@id":"https:\/\/secure.gravatar.com\/avatar\/2a567a722e62dc61f1aaa46c6b595fa617f2003443806e3422a8fed77c029cfc?s=96&d=mm&r=g","url":"https:\/\/secure.gravatar.com\/avatar\/2a567a722e62dc61f1aaa46c6b595fa617f2003443806e3422a8fed77c029cfc?s=96&d=mm&r=g","contentUrl":"https:\/\/secure.gravatar.com\/avatar\/2a567a722e62dc61f1aaa46c6b595fa617f2003443806e3422a8fed77c029cfc?s=96&d=mm&r=g","caption":"admin"},"sameAs":["https:\/\/anwalt.rocks"],"url":"https:\/\/anwalt.rocks\/arbeitsrecht\/author\/admin\/"}]}},"_links":{"self":[{"href":"https:\/\/anwalt.rocks\/arbeitsrecht\/wp-json\/wp\/v2\/posts\/9351","targetHints":{"allow":["GET"]}}],"collection":[{"href":"https:\/\/anwalt.rocks\/arbeitsrecht\/wp-json\/wp\/v2\/posts"}],"about":[{"href":"https:\/\/anwalt.rocks\/arbeitsrecht\/wp-json\/wp\/v2\/types\/post"}],"author":[{"embeddable":true,"href":"https:\/\/anwalt.rocks\/arbeitsrecht\/wp-json\/wp\/v2\/users\/1"}],"replies":[{"embeddable":true,"href":"https:\/\/anwalt.rocks\/arbeitsrecht\/wp-json\/wp\/v2\/comments?post=9351"}],"version-history":[{"count":0,"href":"https:\/\/anwalt.rocks\/arbeitsrecht\/wp-json\/wp\/v2\/posts\/9351\/revisions"}],"wp:attachment":[{"href":"https:\/\/anwalt.rocks\/arbeitsrecht\/wp-json\/wp\/v2\/media?parent=9351"}],"wp:term":[{"taxonomy":"category","embeddable":true,"href":"https:\/\/anwalt.rocks\/arbeitsrecht\/wp-json\/wp\/v2\/categories?post=9351"},{"taxonomy":"post_tag","embeddable":true,"href":"https:\/\/anwalt.rocks\/arbeitsrecht\/wp-json\/wp\/v2\/tags?post=9351"}],"curies":[{"name":"wp","href":"https:\/\/api.w.org\/{rel}","templated":true}]}}