{"id":9420,"date":"2025-01-09T01:47:13","date_gmt":"2025-01-09T00:47:13","guid":{"rendered":"https:\/\/anwalt.rocks\/arbeitsrecht\/schmalkalden-meiningen\/"},"modified":"2025-01-09T01:47:13","modified_gmt":"2025-01-09T00:47:13","slug":"schmalkalden-meiningen","status":"publish","type":"post","link":"https:\/\/anwalt.rocks\/arbeitsrecht\/schmalkalden-meiningen\/","title":{"rendered":"Anwalt Arbeitsrecht Schmalkalden Meiningen &#8211; Gordana hat den Fall gewonnen."},"content":{"rendered":"<span class=\"span-reading-time rt-reading-time\" style=\"display: block;\"><span class=\"rt-label rt-prefix\">Lesedauer<\/span> <span class=\"rt-time\"> 3<\/span> <span class=\"rt-label rt-postfix\">Minuten<\/span><\/span><h2>Anwalt Arbeitsrecht Schmalkalden Meiningen &#8211; Fachanwalt  f\u00fcr bundesweite Beauftragungen.<\/h2>\n<p><a href=\"https:\/\/dr-schmelzer.eu\/arbeitsrecht\/\" target=\"_blank\" rel=\"noopener\"><img loading=\"lazy\" decoding=\"async\" src=\"https:\/\/anwalt.rocks\/bilder\/arbeitsrecht\/anwalt-arbeitsrecht-600x600.webp\" alt=\"Anwalt Arbeitsrecht Schmalkalden Meiningen - Gordana hat den Fall gewonnen.\" title=\"Anwalt Arbeitsrecht Schmalkalden Meiningen - Gordana hat den Fall gewonnen.\" width=\"600\" height=\"600\" \/><\/a> <\/p>\n<h3>Fachanwalt Arbeitsrecht Schmalkalden Meiningen &#8211; Kanzlei Dr. Stephan Schmelzer.<\/h3>\n<p>Dr. Stephan Schmelzer bietet Ihnen professionelle Unterst\u00fctzung in s\u00e4mtlichen arbeitsrechtlichen Angelegenheiten. Durch seine Fachanwaltszulassung und langj\u00e4hrige Praxis hat er sich weit \u00fcber Ahlen hinaus einen exzellenten Ruf aufgebaut. Mit \u00fcber 20 Jahren Erfahrung steht seine Kanzlei f\u00fcr juristische Pr\u00e4zision und individuelle Beratung. Seine Spezialisierung als Fachanwalt f\u00fcr Arbeitsrecht und IT-Recht macht Dr. Schmelzer in der digitalisierten Arbeitswelt zu einem herausragenden Experten. &#8211; <a title=\"Anwalt Hildesheim\" href=\"https:\/\/anwalt.rocks\/arbeitsrecht\/hildesheim\/\">Anwalt Hildesheim<\/a><\/p>\n<p><a href=\"https:\/\/dr-schmelzer.eu\/arbeitsrecht\/\" target=\"_blank\" rel=\"noopener\"><img loading=\"lazy\" decoding=\"async\" src=\"https:\/\/anwalt.rocks\/bilder\/arbeitsrecht\/rechtsanwalt-arbeitsrecht-600x600.webp\" alt=\"Anwalt Arbeitsrecht Schmalkalden Meiningen\" title=\"Anwalt Arbeitsrecht Schmalkalden Meiningen\" width=\"600\" height=\"600\" \/><\/a> <\/p>\n<h3>Kanzlei Dr. Stephan Schmelzer &#8211; Fachanwalt f\u00fcr Arbeitsrecht Schmalkalden Meiningen.<\/h3>\n<p>Erg\u00e4nzend arbeitet er im IT-Recht, jedoch liegt sein Fokus im Bereich Arbeitsrecht, auch auf internationaler Ebene. Mit seinem breiten Spektrum an Fachwissen bietet Dr. Schmelzer Arbeitgebern und Arbeitnehmern individuelle Unterst\u00fctzung im Arbeitsrecht. Seine langj\u00e4hrige Erfahrung und sein individuelles Eingehen auf Mandantenbed\u00fcrfnisse machen ihn zu einem f\u00fchrenden Experten im Arbeitsrecht. &#8211; <a title=\"Anwalt Wiesmoor\" href=\"https:\/\/anwalt.rocks\/arbeitsrecht\/wiesmoor\/\">Anwalt Wiesmoor<\/a><\/p>\n<h3>Zuverl\u00e4ssig und kompetent &#8211; Seit 1998 t\u00e4tig als Anwalt Schmalkalden Meiningen.<\/h3>\n<p>Arbeitgeber sehen sich heute mit rechtlichen Aufgaben konfrontiert, die von Arbeitsvertr\u00e4gen bis hin zu Restrukturierungen reichen k\u00f6nnen. Mit seiner praxisorientierten Herangehensweise unterst\u00fctzt Dr. Schmelzer Unternehmen dabei, rechtliche Risiken zu minimieren und optimale Strategien umzusetzen. Im Rahmen seiner T\u00e4tigkeit geh\u00f6ren zu seinen Services: &#8211; <a title=\"Anwalt Arbeitsrecht Aachen\" href=\"https:\/\/anwalt.rocks\/arbeitsrecht\/aachen\/\">Anwalt Arbeitsrecht Aachen<\/a><\/p>\n<h3>Anwalt Arbeitsrecht Schmalkalden Meiningen 43 motivierte Klienten.<\/h3>\n<p>Gestaltung und Anpassung von Arbeitsvertr\u00e4gen, die rechtlich einwandfrei und flexibel sind. Erarbeitung individueller Arbeitszeit- und Verg\u00fctungsmodelle, die optimal auf das Unternehmen abgestimmt sind. &#8211; <a title=\"Anwalt Arbeitsrecht Harzgerode\" href=\"https:\/\/anwalt.rocks\/arbeitsrecht\/harzgerode\/\">Anwalt Arbeitsrecht Harzgerode<\/a><\/p>\n<h3>Deswegen w\u00e4hlt man den kompetenten Anwalt Schmalkalden Meiningen:<\/h3>\n<p>Unterst\u00fctzung bei der Planung von K\u00fcndigungen, die rechtlich einwandfrei und nachvollziehbar sind. Reduzierung potenzieller juristischer Risiken und Beratung w\u00e4hrend des K\u00fcndigungsprozesses.<\/p>\n<h3>Juristisches Fachwissen aber auch top zuverl\u00e4ssig.<\/h3>\n<p>Rechtliche Unterst\u00fctzung zur Einbindung des Betriebsrats bei unternehmerischen Ma\u00dfnahmen. Beratung zur Entwicklung und Implementierung von Betriebsvereinbarungen in Zusammenarbeit mit dem Betriebsrat. Planung und juristische Unterst\u00fctzung bei umfangreichen Restrukturierungsprozessen. Vertretung bei arbeitsgerichtlichen Auseinandersetzungen, von K\u00fcndigungsschutzklagen bis Entfristungsklagen. Effiziente und erfolgreiche Wahrung der Rechte und Interessen des Unternehmens im Mittelpunkt.<\/p>\n<h3>Anwalt Arbeitsrecht Schmalkalden Meiningen &#8211; Fachanwalt Dr. Schmelzer.<\/h3>\n<p>Arbeitnehmer k\u00f6nnen die tiefgehende Erfahrung von Dr. Schmelzer in Anspruch nehmen. In Streitfragen zeigt er sich als loyaler Unterst\u00fctzer, der mit Herzblut die Anliegen seiner Mandanten vertritt. Die bereitgestellten Leistungen umfassen:<\/p>\n<p>Unterst\u00fctzung bei K\u00fcndigungsschutzverfahren, einschlie\u00dflich Vertretung vor dem Arbeitsgericht. Unterst\u00fctzung bei der Aushandlung fairer Abfindungen und anderer Kompensationen. Unterst\u00fctzung bei K\u00fcndigungsschutzverfahren, einschlie\u00dflich Vertretung vor dem Arbeitsgericht. Unterst\u00fctzung bei der Aushandlung fairer Abfindungen und anderer Kompensationen.<\/p>\n<p>Unterst\u00fctzung bei der rechtlichen Gestaltung und Verhandlung von Aufhebungsvertr\u00e4gen. Beratung zur \u00dcberpr\u00fcfung und Optimierung von Zeugnissen f\u00fcr Arbeitnehmer. Unterst\u00fctzung bei der gerichtlichen Kl\u00e4rung von Zeugniskonflikten zur Sicherstellung fairer Bewertungen. Geringe Kosten Beratung und Unterst\u00fctzung bei der Kl\u00e4rung von offenen Gehaltsfragen. Unterst\u00fctzung in F\u00e4llen von Entgeltstreitigkeiten und \u00dcberstundenverg\u00fctungen. Rechtliche Bewertung von Abmahnungen und Entwicklung von Gegenstrategien bei unberechtigten Ma\u00dfnahmen.<\/p>\n<h4>Vertretung f\u00fcr Arbeitnehmer sowie Arbeitgeber in Sachen Anwalt Arbeitsrecht Schmalkalden Meiningen.<\/h4>\n<p>Restrukturierung und Konfliktl\u00f6sung bilden die Basis der Expertise von Dr. Schmelzer. Die Begleitung von Unternehmen in Restrukturierungsfragen steht im Fokus der Arbeit von Dr. Schmelzer. Gefordert wird hier ein Mix aus juristischer Kompetenz, diplomatischem Geschick und wirtschaftlichem Know-how.<\/p>\n<p>Anwalt Schmalkalden Meiningen Res\u00fcmee: Dr. Schmelzer hat sich auf die Vorbereitung und Verhandlung von Interessenausgleichen und Sozialpl\u00e4nen spezialisiert. Es wird stets darauf abgezielt, eine L\u00f6sung zu finden, die f\u00fcr alle Parteien tragf\u00e4hig ist. Aufgrund seiner strategischen Kompetenz und seines Fachwissens wird Dr. Schmelzer bei Verhandlungen mit Gewerkschaften und Betriebsr\u00e4ten gesch\u00e4tzt.<\/p>\n<p>F\u00fcr den Fachanwalt f\u00fcr Arbeitsrecht stellt jeder Fall eine anspruchsvolle Aufgabe dar, die spezielle Beachtung erfordert. Sein Ziel ist es, f\u00fcr seine Mandanten die effektivste L\u00f6sung zu finden, sei es durch Einigung oder Prozessf\u00fchrung. Die enge Abstimmung mit seinen Mandanten und ein offener Dialog sind f\u00fcr ihn unverzichtbar. Die Zufriedenheit seiner Mandanten bildet die Grundlage der Arbeit von Dr. Schmelzer. Die Wertsch\u00e4tzung seiner Mandanten und seine Erfolge verdeutlichen seine professionelle Herangehensweise. Mit Dr. Stephan Schmelzer haben Sie einen fachkundigen Partner, der Arbeitnehmer und Arbeitgeber gleicherma\u00dfen unterst\u00fctzt.<\/p>\n<article class=\"contact contact-list post-2628 profile type-profile status-publish has-post-thumbnail hentry\" data-contact=\"2628\">\n    \n    <div class=\"media\">\n        <div class=\"media-left\">\n            <a  href=\"#\" data-toggle=\"modal\" data-target=\"#ContactModal\"  title=\"Sandra B., 39 Jahre, aus Bremen jetzt Kontakt aufnehmen!\">\n                <img loading=\"lazy\" decoding=\"async\" width=\"500\" height=\"500\" src=\"https:\/\/anwalt.rocks\/arbeitsrecht\/wp-content\/uploads\/sites\/2\/2025\/01\/meinung-10.jpg\" class=\"contact-image media-object wp-post-image\" alt=\"Sandra B., 39 Jahre, aus Bremen\" srcset=\"https:\/\/anwalt.rocks\/arbeitsrecht\/wp-content\/uploads\/sites\/2\/2025\/01\/meinung-10.jpg 500w, https:\/\/anwalt.rocks\/arbeitsrecht\/wp-content\/uploads\/sites\/2\/2025\/01\/meinung-10-300x300.jpg 300w, https:\/\/anwalt.rocks\/arbeitsrecht\/wp-content\/uploads\/sites\/2\/2025\/01\/meinung-10-150x150.jpg 150w\" sizes=\"auto, (max-width: 500px) 100vw, 500px\" \/>            <\/a>\n        <\/div>\n\n        <div class=\"media-body\">\n                        <p class=\"h2 media-heading\">\n                <a  href=\"#\" data-toggle=\"modal\" data-target=\"#ContactModal\"  title=\"Sandra B., 39 Jahre, aus Bremen jetzt Kontakt aufnehmen!\">\n                    <span class=\"contact-name\">Sandra B., 39 Jahre, aus Bremen<\/span>\n                <\/a>\n\n                <span class=\"contact-text\"><\/span> <span class=\"contact-city\"><a href=\"https:\/\/anwalt.rocks\/arbeitsrecht\/region\/gelsenkirchen-erle\/\">Anwalt Arbeitsrecht Gelsenkirchen Erle<\/a><\/span>            <\/p>\n\n            <div class=\"quote\"><p>Herr Schmelzer ist einfach unglaublich! In meinem Fall ging es um eine ungerechtfertigte Versetzung in eine andere Stadt. Er erkannte sofort, dass mein Arbeitgeber hier gegen geltendes Arbeitsrecht versto\u00dfen hatte, und setzte meine Interessen kompromisslos durch. Was mir besonders gefallen &hellip;<\/p><\/div>\n            <a class=\"btn btn-cta\"  href=\"#\" data-toggle=\"modal\" data-target=\"#ContactModal\"  title=\"Sandra B., 39 Jahre, aus Bremen jetzt Kontakt aufnehmen!\">\n                Nachricht senden            <\/a>\n        <\/div>\n    <\/div>\n<\/article><article class=\"contact contact-list post-2619 profile type-profile status-publish has-post-thumbnail hentry\" data-contact=\"2619\">\n    \n    <div class=\"media\">\n        <div class=\"media-left\">\n            <a  href=\"#\" data-toggle=\"modal\" data-target=\"#ContactModal\"  title=\"Kathrin S., 37 Jahre, aus K\u00f6ln jetzt Kontakt aufnehmen!\">\n                <img loading=\"lazy\" decoding=\"async\" width=\"500\" height=\"500\" src=\"https:\/\/anwalt.rocks\/arbeitsrecht\/wp-content\/uploads\/sites\/2\/2025\/01\/meinung-07.jpg\" class=\"contact-image media-object wp-post-image\" alt=\"Kathrin S., 37 Jahre, aus K\u00f6ln\" srcset=\"https:\/\/anwalt.rocks\/arbeitsrecht\/wp-content\/uploads\/sites\/2\/2025\/01\/meinung-07.jpg 500w, https:\/\/anwalt.rocks\/arbeitsrecht\/wp-content\/uploads\/sites\/2\/2025\/01\/meinung-07-300x300.jpg 300w, https:\/\/anwalt.rocks\/arbeitsrecht\/wp-content\/uploads\/sites\/2\/2025\/01\/meinung-07-150x150.jpg 150w\" sizes=\"auto, (max-width: 500px) 100vw, 500px\" \/>            <\/a>\n        <\/div>\n\n        <div class=\"media-body\">\n                        <p class=\"h2 media-heading\">\n                <a  href=\"#\" data-toggle=\"modal\" data-target=\"#ContactModal\"  title=\"Kathrin S., 37 Jahre, aus K\u00f6ln jetzt Kontakt aufnehmen!\">\n                    <span class=\"contact-name\">Kathrin S., 37 Jahre, aus K\u00f6ln<\/span>\n                <\/a>\n\n                <span class=\"contact-text\"><\/span> <span class=\"contact-city\"><a href=\"https:\/\/anwalt.rocks\/arbeitsrecht\/region\/irmenach\/\">Anwalt Arbeitsrecht Irmenach<\/a><\/span>            <\/p>\n\n            <div class=\"quote\"><p>Nachdem ich \u00fcber viele Jahre hinweg \u00dcberstunden gemacht hatte, wollte ich endlich eine faire Bezahlung daf\u00fcr. Mein Arbeitgeber stellte sich quer, doch Herr Dr. Schmelzer konnte meine Anspr\u00fcche durchsetzen. Er ging sehr strukturiert vor und erkl\u00e4rte mir alles in Ruhe. &hellip;<\/p><\/div>\n            <a class=\"btn btn-cta\"  href=\"#\" data-toggle=\"modal\" data-target=\"#ContactModal\"  title=\"Kathrin S., 37 Jahre, aus K\u00f6ln jetzt Kontakt aufnehmen!\">\n                Nachricht senden            <\/a>\n        <\/div>\n    <\/div>\n<\/article><article class=\"contact contact-list post-2659 profile type-profile status-publish has-post-thumbnail hentry\" data-contact=\"2659\">\n    \n    <div class=\"media\">\n        <div class=\"media-left\">\n            <a  href=\"#\" data-toggle=\"modal\" data-target=\"#ContactModal\"  title=\"Sven B. jetzt Kontakt aufnehmen!\">\n                <img loading=\"lazy\" decoding=\"async\" width=\"500\" height=\"500\" src=\"https:\/\/anwalt.rocks\/arbeitsrecht\/wp-content\/uploads\/sites\/2\/2025\/01\/meinung-20.jpg\" class=\"contact-image media-object wp-post-image\" alt=\"Sven B.\" srcset=\"https:\/\/anwalt.rocks\/arbeitsrecht\/wp-content\/uploads\/sites\/2\/2025\/01\/meinung-20.jpg 500w, https:\/\/anwalt.rocks\/arbeitsrecht\/wp-content\/uploads\/sites\/2\/2025\/01\/meinung-20-300x300.jpg 300w, https:\/\/anwalt.rocks\/arbeitsrecht\/wp-content\/uploads\/sites\/2\/2025\/01\/meinung-20-150x150.jpg 150w\" sizes=\"auto, (max-width: 500px) 100vw, 500px\" \/>            <\/a>\n        <\/div>\n\n        <div class=\"media-body\">\n                        <p class=\"h2 media-heading\">\n                <a  href=\"#\" data-toggle=\"modal\" data-target=\"#ContactModal\"  title=\"Sven B. jetzt Kontakt aufnehmen!\">\n                    <span class=\"contact-name\">Sven B.<\/span>\n                <\/a>\n\n                <span class=\"contact-text\"><\/span> <span class=\"contact-city\"><a href=\"https:\/\/anwalt.rocks\/arbeitsrecht\/region\/detern\/\">Anwalt Arbeitsrecht Detern<\/a><\/span>            <\/p>\n\n            <div class=\"quote\"><p>Ich hatte ein Problem mit meiner Teilzeitvereinbarung, die mein Arbeitgeber pl\u00f6tzlich \u00e4ndern wollte. Dieser Anwalt hat mich umfassend beraten und den Fall zu meinen Gunsten gekl\u00e4rt. Seine Professionalit\u00e4t und sein Engagement sind wirklich herausragend. Vielen Dank f\u00fcr die gro\u00dfartige Unterst\u00fctzung!&hellip;<\/p><\/div>\n            <a class=\"btn btn-cta\"  href=\"#\" data-toggle=\"modal\" data-target=\"#ContactModal\"  title=\"Sven B. jetzt Kontakt aufnehmen!\">\n                Nachricht senden            <\/a>\n        <\/div>\n    <\/div>\n<\/article><article class=\"contact contact-list post-2646 profile type-profile status-publish has-post-thumbnail hentry\" data-contact=\"2646\">\n    \n    <div class=\"media\">\n        <div class=\"media-left\">\n            <a  href=\"#\" data-toggle=\"modal\" data-target=\"#ContactModal\"  title=\"Ulrich H. jetzt Kontakt aufnehmen!\">\n                <img loading=\"lazy\" decoding=\"async\" width=\"500\" height=\"500\" src=\"https:\/\/anwalt.rocks\/arbeitsrecht\/wp-content\/uploads\/sites\/2\/2025\/01\/meinung-16.jpg\" class=\"contact-image media-object wp-post-image\" alt=\"Ulrich H.\" srcset=\"https:\/\/anwalt.rocks\/arbeitsrecht\/wp-content\/uploads\/sites\/2\/2025\/01\/meinung-16.jpg 500w, https:\/\/anwalt.rocks\/arbeitsrecht\/wp-content\/uploads\/sites\/2\/2025\/01\/meinung-16-300x300.jpg 300w, https:\/\/anwalt.rocks\/arbeitsrecht\/wp-content\/uploads\/sites\/2\/2025\/01\/meinung-16-150x150.jpg 150w\" sizes=\"auto, (max-width: 500px) 100vw, 500px\" \/>            <\/a>\n        <\/div>\n\n        <div class=\"media-body\">\n                        <p class=\"h2 media-heading\">\n                <a  href=\"#\" data-toggle=\"modal\" data-target=\"#ContactModal\"  title=\"Ulrich H. jetzt Kontakt aufnehmen!\">\n                    <span class=\"contact-name\">Ulrich H.<\/span>\n                <\/a>\n\n                <span class=\"contact-text\"><\/span> <span class=\"contact-city\"><a href=\"https:\/\/anwalt.rocks\/arbeitsrecht\/region\/schlier\/\">Anwalt Arbeitsrecht Schlier<\/a><\/span>            <\/p>\n\n            <div class=\"quote\"><p>Anwalt Schmelzer hat mir in einem schwierigen Fall von Diskriminierung am Arbeitsplatz geholfen. Er hat mich nicht nur juristisch unterst\u00fctzt, sondern mir auch moralisch viel R\u00fcckhalt gegeben. Dank ihm wurde mein Fall erfolgreich gel\u00f6st, und ich f\u00fchle mich endlich wieder &hellip;<\/p><\/div>\n            <a class=\"btn btn-cta\"  href=\"#\" data-toggle=\"modal\" data-target=\"#ContactModal\"  title=\"Ulrich H. jetzt Kontakt aufnehmen!\">\n                Nachricht senden            <\/a>\n        <\/div>\n    <\/div>\n<\/article><article class=\"contact contact-list post-2603 profile type-profile status-publish has-post-thumbnail hentry\" data-contact=\"2603\">\n    \n    <div class=\"media\">\n        <div class=\"media-left\">\n            <a  href=\"#\" data-toggle=\"modal\" data-target=\"#ContactModal\"  title=\"Lisa K., 41 Jahre, aus Berlin jetzt Kontakt aufnehmen!\">\n                <img loading=\"lazy\" decoding=\"async\" width=\"500\" height=\"500\" src=\"https:\/\/anwalt.rocks\/arbeitsrecht\/wp-content\/uploads\/sites\/2\/2025\/01\/meinung-02.jpg\" class=\"contact-image media-object wp-post-image\" alt=\"Lisa K., 41 Jahre, aus Berlin\" srcset=\"https:\/\/anwalt.rocks\/arbeitsrecht\/wp-content\/uploads\/sites\/2\/2025\/01\/meinung-02.jpg 500w, https:\/\/anwalt.rocks\/arbeitsrecht\/wp-content\/uploads\/sites\/2\/2025\/01\/meinung-02-300x300.jpg 300w, https:\/\/anwalt.rocks\/arbeitsrecht\/wp-content\/uploads\/sites\/2\/2025\/01\/meinung-02-150x150.jpg 150w\" sizes=\"auto, (max-width: 500px) 100vw, 500px\" \/>            <\/a>\n        <\/div>\n\n        <div class=\"media-body\">\n                        <p class=\"h2 media-heading\">\n                <a  href=\"#\" data-toggle=\"modal\" data-target=\"#ContactModal\"  title=\"Lisa K., 41 Jahre, aus Berlin jetzt Kontakt aufnehmen!\">\n                    <span class=\"contact-name\">Lisa K., 41 Jahre, aus Berlin<\/span>\n                <\/a>\n\n                <span class=\"contact-text\"><\/span> <span class=\"contact-city\"><a href=\"https:\/\/anwalt.rocks\/arbeitsrecht\/region\/rueckeroth\/\">Anwalt Arbeitsrecht R\u00fcckeroth<\/a><\/span>            <\/p>\n\n            <div class=\"quote\"><p>Ich bin so froh, dass ich Herrn Dr. Schmelzer gefunden habe! Nach 15 Jahren im gleichen Unternehmen wurde ich pl\u00f6tzlich gek\u00fcndigt \u2013 angeblich wegen betrieblicher Umst\u00e4nde. Dr. Schmelzer hat sofort erkannt, dass die K\u00fcndigung unwirksam war, und hat einen wirklich &hellip;<\/p><\/div>\n            <a class=\"btn btn-cta\"  href=\"#\" data-toggle=\"modal\" data-target=\"#ContactModal\"  title=\"Lisa K., 41 Jahre, aus Berlin jetzt Kontakt aufnehmen!\">\n                Nachricht senden            <\/a>\n        <\/div>\n    <\/div>\n<\/article>\n<div class=\"blogposts\"><ul><li><a href=\"https:\/\/anwalt.rocks\/arbeitsrecht\/geestland\/\" title=\"Rechtsanwalt Geestland Fachanwalt f\u00fcr IT- und Arbeitsrecht.\">Rechtsanwalt Geestland Fachanwalt f\u00fcr IT- und Arbeitsrecht.<\/a><\/li><li><a href=\"https:\/\/anwalt.rocks\/arbeitsrecht\/kirchschlag\/\" title=\"Rechtsanwalt Kirchschlag Spezialist f\u00fcr Arbeits- und IT Recht.\">Rechtsanwalt Kirchschlag Spezialist f\u00fcr Arbeits- und IT Recht.<\/a><\/li><li><a href=\"https:\/\/anwalt.rocks\/arbeitsrecht\/demmin\/\" title=\"Anwalt Arbeitsrecht Demmin &#8211; Bettina ist super gl\u00fccklich.\">Anwalt Arbeitsrecht Demmin &#8211; Bettina ist super gl\u00fccklich.<\/a><\/li><li><a href=\"https:\/\/anwalt.rocks\/arbeitsrecht\/asperg\/\" title=\"Anwalt Asperg Arbeitsrecht Mandanten Vertreung f\u00fcr Arbeitnehmer und Arbeitgeber.\">Anwalt Asperg Arbeitsrecht Mandanten Vertreung f\u00fcr Arbeitnehmer und Arbeitgeber.<\/a><\/li><li><a href=\"https:\/\/anwalt.rocks\/arbeitsrecht\/flensburg\/\" title=\"Anwalt Arbeitsrecht Flensburg &#8211; Schon mehr als 37 \u00fcbergl\u00fcckliche Klienten.\">Anwalt Arbeitsrecht Flensburg &#8211; Schon mehr als 37 \u00fcbergl\u00fcckliche Klienten.<\/a><\/li><li><a href=\"https:\/\/anwalt.rocks\/arbeitsrecht\/rems-murr-kreis\/\" title=\"Kanzlei Dr. Stephan Schmelzer Rechtsanwalt IT- und Arbeitsrecht Rems Murr Kreis.\">Kanzlei Dr. Stephan Schmelzer Rechtsanwalt IT- und Arbeitsrecht Rems Murr Kreis.<\/a><\/li><li><a href=\"https:\/\/anwalt.rocks\/arbeitsrecht\/davos\/\" title=\"Anwalt Davos bzgl. Arbeitsrecht.\">Anwalt Davos bzgl. Arbeitsrecht.<\/a><\/li><\/ul><\/div>\n","protected":false},"excerpt":{"rendered":"<h2>Anwalt Davos &#8211; grandioser Erfolg seitens Rechtsanwalt Dr. Stephan Schmelzer in puncto Entgeltfortzahlung.<\/h2>\n<p><a href=\"https:\/\/dr-schmelzer.eu\/arbeitsrecht\/\" target=\"_blank\" rel=\"noopener\"><img loading=\"lazy\" decoding=\"async\" src=\"https:\/\/anwalt.rocks\/bilder\/arbeitsrecht\/anwalt-arbeitsrecht-600x600.webp\" alt=\"Anwalt Davos bzgl. Arbeitsrecht.\" title=\"Anwalt Davos bzgl. Arbeitsrecht.\" width=\"600\" height=\"600\" \/><\/a> <\/p>\n<h3>Rechtsanwalt Arbeitsrecht Davos &#8211; Kanzlei Dr. Stephan Schmelzer.<\/h3>\n<p>Arbeitsrecht ist seine St\u00e4rke: Dr. Stephan Schmelzer ist f\u00fcr Sie da. Als Fachanwalt seit 2002 und mit \u00fcber 25 &hellip;<\/p>","protected":false},"author":1,"featured_media":0,"comment_status":"closed","ping_status":"open","sticky":false,"template":"","format":"standard","meta":{"footnotes":""},"categories":[3],"tags":[],"class_list":["post-9420","post","type-post","status-publish","format-standard","hentry","category-fachanwalt"],"yoast_head":"<!-- This site is optimized with the Yoast SEO Premium plugin v27.1 (Yoast SEO v27.2) - https:\/\/yoast.com\/product\/yoast-seo-premium-wordpress\/ -->\n<title>Anwalt Arbeitsrecht Schmalkalden Meiningen - Gordana hat den Fall gewonnen.<\/title>\n<meta name=\"robots\" content=\"index, follow, max-snippet:-1, max-image-preview:large, max-video-preview:-1\" \/>\n<link rel=\"canonical\" href=\"https:\/\/anwalt.rocks\/arbeitsrecht\/schmalkalden-meiningen\/\" \/>\n<meta property=\"og:locale\" content=\"de_DE\" \/>\n<meta property=\"og:type\" content=\"article\" \/>\n<meta property=\"og:title\" content=\"Anwalt Arbeitsrecht Schmalkalden Meiningen - Gordana hat den Fall gewonnen.\" \/>\n<meta property=\"og:description\" content=\"Anwalt Davos &#8211; grandioser Erfolg seitens Rechtsanwalt Dr. Stephan Schmelzer in puncto Entgeltfortzahlung.  Rechtsanwalt Arbeitsrecht Davos &#8211; Kanzlei Dr. Stephan Schmelzer. Arbeitsrecht ist seine St\u00e4rke: Dr. Stephan Schmelzer ist f\u00fcr Sie da. Als Fachanwalt seit 2002 und mit \u00fcber 25 &hellip;\" \/>\n<meta property=\"og:url\" content=\"https:\/\/anwalt.rocks\/arbeitsrecht\/schmalkalden-meiningen\/\" \/>\n<meta property=\"og:site_name\" content=\"Anwalt Arbeitsrecht in der N\u00e4he - Dr. Schmelzer\" \/>\n<meta property=\"article:published_time\" content=\"2025-01-09T00:47:13+00:00\" \/>\n<meta property=\"og:image\" content=\"https:\/\/anwalt.rocks\/bilder\/arbeitsrecht\/anwalt-arbeitsrecht-600x600.webp\" \/>\n<meta name=\"author\" content=\"admin\" \/>\n<meta name=\"twitter:card\" content=\"summary_large_image\" \/>\n<meta name=\"twitter:label1\" content=\"Verfasst von\" \/>\n\t<meta name=\"twitter:data1\" content=\"admin\" \/>\n\t<meta name=\"twitter:label2\" content=\"Gesch\u00e4tzte Lesezeit\" \/>\n\t<meta name=\"twitter:data2\" content=\"4\u00a0Minuten\" \/>\n<script type=\"application\/ld+json\" class=\"yoast-schema-graph\">{\"@context\":\"https:\/\/schema.org\",\"@graph\":[{\"@type\":\"Article\",\"@id\":\"https:\/\/anwalt.rocks\/arbeitsrecht\/schmalkalden-meiningen\/#article\",\"isPartOf\":{\"@id\":\"https:\/\/anwalt.rocks\/arbeitsrecht\/schmalkalden-meiningen\/\"},\"author\":{\"name\":\"admin\",\"@id\":\"https:\/\/anwalt.rocks\/arbeitsrecht\/#\/schema\/person\/3fd3b0fc4df170bb2460fbc934288e39\"},\"headline\":\"Anwalt Arbeitsrecht Schmalkalden Meiningen &#8211; Gordana hat den Fall gewonnen.\",\"datePublished\":\"2025-01-09T00:47:13+00:00\",\"mainEntityOfPage\":{\"@id\":\"https:\/\/anwalt.rocks\/arbeitsrecht\/schmalkalden-meiningen\/\"},\"wordCount\":731,\"publisher\":{\"@id\":\"https:\/\/anwalt.rocks\/arbeitsrecht\/#organization\"},\"image\":{\"@id\":\"https:\/\/anwalt.rocks\/arbeitsrecht\/schmalkalden-meiningen\/#primaryimage\"},\"thumbnailUrl\":\"https:\/\/anwalt.rocks\/bilder\/arbeitsrecht\/anwalt-arbeitsrecht-600x600.webp\",\"articleSection\":[\"Fachanwalt\"],\"inLanguage\":\"de\"},{\"@type\":\"WebPage\",\"@id\":\"https:\/\/anwalt.rocks\/arbeitsrecht\/schmalkalden-meiningen\/\",\"url\":\"https:\/\/anwalt.rocks\/arbeitsrecht\/schmalkalden-meiningen\/\",\"name\":\"Anwalt Arbeitsrecht Schmalkalden Meiningen - Gordana hat den Fall gewonnen.\",\"isPartOf\":{\"@id\":\"https:\/\/anwalt.rocks\/arbeitsrecht\/#website\"},\"primaryImageOfPage\":{\"@id\":\"https:\/\/anwalt.rocks\/arbeitsrecht\/schmalkalden-meiningen\/#primaryimage\"},\"image\":{\"@id\":\"https:\/\/anwalt.rocks\/arbeitsrecht\/schmalkalden-meiningen\/#primaryimage\"},\"thumbnailUrl\":\"https:\/\/anwalt.rocks\/bilder\/arbeitsrecht\/anwalt-arbeitsrecht-600x600.webp\",\"datePublished\":\"2025-01-09T00:47:13+00:00\",\"breadcrumb\":{\"@id\":\"https:\/\/anwalt.rocks\/arbeitsrecht\/schmalkalden-meiningen\/#breadcrumb\"},\"inLanguage\":\"de\",\"potentialAction\":[{\"@type\":\"ReadAction\",\"target\":[\"https:\/\/anwalt.rocks\/arbeitsrecht\/schmalkalden-meiningen\/\"]}]},{\"@type\":\"ImageObject\",\"inLanguage\":\"de\",\"@id\":\"https:\/\/anwalt.rocks\/arbeitsrecht\/schmalkalden-meiningen\/#primaryimage\",\"url\":\"https:\/\/anwalt.rocks\/bilder\/arbeitsrecht\/anwalt-arbeitsrecht-600x600.webp\",\"contentUrl\":\"https:\/\/anwalt.rocks\/bilder\/arbeitsrecht\/anwalt-arbeitsrecht-600x600.webp\"},{\"@type\":\"BreadcrumbList\",\"@id\":\"https:\/\/anwalt.rocks\/arbeitsrecht\/schmalkalden-meiningen\/#breadcrumb\",\"itemListElement\":[{\"@type\":\"ListItem\",\"position\":1,\"name\":\"Start\",\"item\":\"https:\/\/anwalt.rocks\/arbeitsrecht\/\"},{\"@type\":\"ListItem\",\"position\":2,\"name\":\"Anwalt Arbeitsrecht Schmalkalden Meiningen &#8211; Gordana hat den Fall gewonnen.\"}]},{\"@type\":\"WebSite\",\"@id\":\"https:\/\/anwalt.rocks\/arbeitsrecht\/#website\",\"url\":\"https:\/\/anwalt.rocks\/arbeitsrecht\/\",\"name\":\"Anwalt Arbeitsrecht in der N\u00e4he - Dr. Schmelzer\",\"description\":\"Kompetenzen und Vorteile von Dr. Stephan Schmelzer \u2013 Anwalt und Fachanwalt f\u00fcr Arbeitsrecht mit 25 j\u00e4hriger Berufspraxis.\",\"publisher\":{\"@id\":\"https:\/\/anwalt.rocks\/arbeitsrecht\/#organization\"},\"potentialAction\":[{\"@type\":\"SearchAction\",\"target\":{\"@type\":\"EntryPoint\",\"urlTemplate\":\"https:\/\/anwalt.rocks\/arbeitsrecht\/?s={search_term_string}\"},\"query-input\":{\"@type\":\"PropertyValueSpecification\",\"valueRequired\":true,\"valueName\":\"search_term_string\"}}],\"inLanguage\":\"de\"},{\"@type\":\"Organization\",\"@id\":\"https:\/\/anwalt.rocks\/arbeitsrecht\/#organization\",\"name\":\"Kanzlei Dr. Schmelzer\",\"url\":\"https:\/\/anwalt.rocks\/arbeitsrecht\/\",\"logo\":{\"@type\":\"ImageObject\",\"inLanguage\":\"de\",\"@id\":\"https:\/\/anwalt.rocks\/arbeitsrecht\/#\/schema\/logo\/image\/\",\"url\":\"https:\/\/anwalt.rocks\/arbeitsrecht\/wp-content\/uploads\/sites\/2\/2025\/01\/anwalt-arbeitsrecht-logo.png\",\"contentUrl\":\"https:\/\/anwalt.rocks\/arbeitsrecht\/wp-content\/uploads\/sites\/2\/2025\/01\/anwalt-arbeitsrecht-logo.png\",\"width\":450,\"height\":150,\"caption\":\"Kanzlei Dr. Schmelzer\"},\"image\":{\"@id\":\"https:\/\/anwalt.rocks\/arbeitsrecht\/#\/schema\/logo\/image\/\"}},{\"@type\":\"Person\",\"@id\":\"https:\/\/anwalt.rocks\/arbeitsrecht\/#\/schema\/person\/3fd3b0fc4df170bb2460fbc934288e39\",\"name\":\"admin\",\"image\":{\"@type\":\"ImageObject\",\"inLanguage\":\"de\",\"@id\":\"https:\/\/secure.gravatar.com\/avatar\/2a567a722e62dc61f1aaa46c6b595fa617f2003443806e3422a8fed77c029cfc?s=96&d=mm&r=g\",\"url\":\"https:\/\/secure.gravatar.com\/avatar\/2a567a722e62dc61f1aaa46c6b595fa617f2003443806e3422a8fed77c029cfc?s=96&d=mm&r=g\",\"contentUrl\":\"https:\/\/secure.gravatar.com\/avatar\/2a567a722e62dc61f1aaa46c6b595fa617f2003443806e3422a8fed77c029cfc?s=96&d=mm&r=g\",\"caption\":\"admin\"},\"sameAs\":[\"https:\/\/anwalt.rocks\"],\"url\":\"https:\/\/anwalt.rocks\/arbeitsrecht\/author\/admin\/\"}]}<\/script>\n<!-- \/ Yoast SEO Premium plugin. -->","yoast_head_json":{"title":"Anwalt Arbeitsrecht Schmalkalden Meiningen - Gordana hat den Fall gewonnen.","robots":{"index":"index","follow":"follow","max-snippet":"max-snippet:-1","max-image-preview":"max-image-preview:large","max-video-preview":"max-video-preview:-1"},"canonical":"https:\/\/anwalt.rocks\/arbeitsrecht\/schmalkalden-meiningen\/","og_locale":"de_DE","og_type":"article","og_title":"Anwalt Arbeitsrecht Schmalkalden Meiningen - Gordana hat den Fall gewonnen.","og_description":"Anwalt Davos &#8211; grandioser Erfolg seitens Rechtsanwalt Dr. Stephan Schmelzer in puncto Entgeltfortzahlung.  Rechtsanwalt Arbeitsrecht Davos &#8211; Kanzlei Dr. Stephan Schmelzer. Arbeitsrecht ist seine St\u00e4rke: Dr. Stephan Schmelzer ist f\u00fcr Sie da. Als Fachanwalt seit 2002 und mit \u00fcber 25 &hellip;","og_url":"https:\/\/anwalt.rocks\/arbeitsrecht\/schmalkalden-meiningen\/","og_site_name":"Anwalt Arbeitsrecht in der N\u00e4he - Dr. Schmelzer","article_published_time":"2025-01-09T00:47:13+00:00","og_image":[{"url":"https:\/\/anwalt.rocks\/bilder\/arbeitsrecht\/anwalt-arbeitsrecht-600x600.webp","type":"","width":"","height":""}],"author":"admin","twitter_card":"summary_large_image","twitter_misc":{"Verfasst von":"admin","Gesch\u00e4tzte Lesezeit":"4\u00a0Minuten"},"schema":{"@context":"https:\/\/schema.org","@graph":[{"@type":"Article","@id":"https:\/\/anwalt.rocks\/arbeitsrecht\/schmalkalden-meiningen\/#article","isPartOf":{"@id":"https:\/\/anwalt.rocks\/arbeitsrecht\/schmalkalden-meiningen\/"},"author":{"name":"admin","@id":"https:\/\/anwalt.rocks\/arbeitsrecht\/#\/schema\/person\/3fd3b0fc4df170bb2460fbc934288e39"},"headline":"Anwalt Arbeitsrecht Schmalkalden Meiningen &#8211; Gordana hat den Fall gewonnen.","datePublished":"2025-01-09T00:47:13+00:00","mainEntityOfPage":{"@id":"https:\/\/anwalt.rocks\/arbeitsrecht\/schmalkalden-meiningen\/"},"wordCount":731,"publisher":{"@id":"https:\/\/anwalt.rocks\/arbeitsrecht\/#organization"},"image":{"@id":"https:\/\/anwalt.rocks\/arbeitsrecht\/schmalkalden-meiningen\/#primaryimage"},"thumbnailUrl":"https:\/\/anwalt.rocks\/bilder\/arbeitsrecht\/anwalt-arbeitsrecht-600x600.webp","articleSection":["Fachanwalt"],"inLanguage":"de"},{"@type":"WebPage","@id":"https:\/\/anwalt.rocks\/arbeitsrecht\/schmalkalden-meiningen\/","url":"https:\/\/anwalt.rocks\/arbeitsrecht\/schmalkalden-meiningen\/","name":"Anwalt Arbeitsrecht Schmalkalden Meiningen - Gordana hat den Fall gewonnen.","isPartOf":{"@id":"https:\/\/anwalt.rocks\/arbeitsrecht\/#website"},"primaryImageOfPage":{"@id":"https:\/\/anwalt.rocks\/arbeitsrecht\/schmalkalden-meiningen\/#primaryimage"},"image":{"@id":"https:\/\/anwalt.rocks\/arbeitsrecht\/schmalkalden-meiningen\/#primaryimage"},"thumbnailUrl":"https:\/\/anwalt.rocks\/bilder\/arbeitsrecht\/anwalt-arbeitsrecht-600x600.webp","datePublished":"2025-01-09T00:47:13+00:00","breadcrumb":{"@id":"https:\/\/anwalt.rocks\/arbeitsrecht\/schmalkalden-meiningen\/#breadcrumb"},"inLanguage":"de","potentialAction":[{"@type":"ReadAction","target":["https:\/\/anwalt.rocks\/arbeitsrecht\/schmalkalden-meiningen\/"]}]},{"@type":"ImageObject","inLanguage":"de","@id":"https:\/\/anwalt.rocks\/arbeitsrecht\/schmalkalden-meiningen\/#primaryimage","url":"https:\/\/anwalt.rocks\/bilder\/arbeitsrecht\/anwalt-arbeitsrecht-600x600.webp","contentUrl":"https:\/\/anwalt.rocks\/bilder\/arbeitsrecht\/anwalt-arbeitsrecht-600x600.webp"},{"@type":"BreadcrumbList","@id":"https:\/\/anwalt.rocks\/arbeitsrecht\/schmalkalden-meiningen\/#breadcrumb","itemListElement":[{"@type":"ListItem","position":1,"name":"Start","item":"https:\/\/anwalt.rocks\/arbeitsrecht\/"},{"@type":"ListItem","position":2,"name":"Anwalt Arbeitsrecht Schmalkalden Meiningen &#8211; Gordana hat den Fall gewonnen."}]},{"@type":"WebSite","@id":"https:\/\/anwalt.rocks\/arbeitsrecht\/#website","url":"https:\/\/anwalt.rocks\/arbeitsrecht\/","name":"Anwalt Arbeitsrecht in der N\u00e4he - Dr. Schmelzer","description":"Kompetenzen und Vorteile von Dr. Stephan Schmelzer \u2013 Anwalt und Fachanwalt f\u00fcr Arbeitsrecht mit 25 j\u00e4hriger Berufspraxis.","publisher":{"@id":"https:\/\/anwalt.rocks\/arbeitsrecht\/#organization"},"potentialAction":[{"@type":"SearchAction","target":{"@type":"EntryPoint","urlTemplate":"https:\/\/anwalt.rocks\/arbeitsrecht\/?s={search_term_string}"},"query-input":{"@type":"PropertyValueSpecification","valueRequired":true,"valueName":"search_term_string"}}],"inLanguage":"de"},{"@type":"Organization","@id":"https:\/\/anwalt.rocks\/arbeitsrecht\/#organization","name":"Kanzlei Dr. Schmelzer","url":"https:\/\/anwalt.rocks\/arbeitsrecht\/","logo":{"@type":"ImageObject","inLanguage":"de","@id":"https:\/\/anwalt.rocks\/arbeitsrecht\/#\/schema\/logo\/image\/","url":"https:\/\/anwalt.rocks\/arbeitsrecht\/wp-content\/uploads\/sites\/2\/2025\/01\/anwalt-arbeitsrecht-logo.png","contentUrl":"https:\/\/anwalt.rocks\/arbeitsrecht\/wp-content\/uploads\/sites\/2\/2025\/01\/anwalt-arbeitsrecht-logo.png","width":450,"height":150,"caption":"Kanzlei Dr. Schmelzer"},"image":{"@id":"https:\/\/anwalt.rocks\/arbeitsrecht\/#\/schema\/logo\/image\/"}},{"@type":"Person","@id":"https:\/\/anwalt.rocks\/arbeitsrecht\/#\/schema\/person\/3fd3b0fc4df170bb2460fbc934288e39","name":"admin","image":{"@type":"ImageObject","inLanguage":"de","@id":"https:\/\/secure.gravatar.com\/avatar\/2a567a722e62dc61f1aaa46c6b595fa617f2003443806e3422a8fed77c029cfc?s=96&d=mm&r=g","url":"https:\/\/secure.gravatar.com\/avatar\/2a567a722e62dc61f1aaa46c6b595fa617f2003443806e3422a8fed77c029cfc?s=96&d=mm&r=g","contentUrl":"https:\/\/secure.gravatar.com\/avatar\/2a567a722e62dc61f1aaa46c6b595fa617f2003443806e3422a8fed77c029cfc?s=96&d=mm&r=g","caption":"admin"},"sameAs":["https:\/\/anwalt.rocks"],"url":"https:\/\/anwalt.rocks\/arbeitsrecht\/author\/admin\/"}]}},"_links":{"self":[{"href":"https:\/\/anwalt.rocks\/arbeitsrecht\/wp-json\/wp\/v2\/posts\/9420","targetHints":{"allow":["GET"]}}],"collection":[{"href":"https:\/\/anwalt.rocks\/arbeitsrecht\/wp-json\/wp\/v2\/posts"}],"about":[{"href":"https:\/\/anwalt.rocks\/arbeitsrecht\/wp-json\/wp\/v2\/types\/post"}],"author":[{"embeddable":true,"href":"https:\/\/anwalt.rocks\/arbeitsrecht\/wp-json\/wp\/v2\/users\/1"}],"replies":[{"embeddable":true,"href":"https:\/\/anwalt.rocks\/arbeitsrecht\/wp-json\/wp\/v2\/comments?post=9420"}],"version-history":[{"count":0,"href":"https:\/\/anwalt.rocks\/arbeitsrecht\/wp-json\/wp\/v2\/posts\/9420\/revisions"}],"wp:attachment":[{"href":"https:\/\/anwalt.rocks\/arbeitsrecht\/wp-json\/wp\/v2\/media?parent=9420"}],"wp:term":[{"taxonomy":"category","embeddable":true,"href":"https:\/\/anwalt.rocks\/arbeitsrecht\/wp-json\/wp\/v2\/categories?post=9420"},{"taxonomy":"post_tag","embeddable":true,"href":"https:\/\/anwalt.rocks\/arbeitsrecht\/wp-json\/wp\/v2\/tags?post=9420"}],"curies":[{"name":"wp","href":"https:\/\/api.w.org\/{rel}","templated":true}]}}