{"id":9483,"date":"2025-01-13T06:18:28","date_gmt":"2025-01-13T05:18:28","guid":{"rendered":"https:\/\/anwalt.rocks\/arbeitsrecht\/seekirchen\/"},"modified":"2025-01-13T06:18:28","modified_gmt":"2025-01-13T05:18:28","slug":"seekirchen","status":"publish","type":"post","link":"https:\/\/anwalt.rocks\/arbeitsrecht\/seekirchen\/","title":{"rendered":"Anwalt Seekirchen Arbeitsrecht Vertretung f\u00fcr Arbeitgeber und Arbeitnehmer."},"content":{"rendered":"<span class=\"span-reading-time rt-reading-time\" style=\"display: block;\"><span class=\"rt-label rt-prefix\">Lesedauer<\/span> <span class=\"rt-time\"> 3<\/span> <span class=\"rt-label rt-postfix\">Minuten<\/span><\/span><h2>Kanzlei Dr. Stephan Schmelzer Rechtsanwalt f\u00fcr IT- und Arbeitsrecht Seekirchen.<\/h2>\n<p><a href=\"https:\/\/dr-schmelzer.eu\/arbeitsrecht\/\" target=\"_blank\" rel=\"noopener\"><img loading=\"lazy\" decoding=\"async\" src=\"https:\/\/anwalt.rocks\/bilder\/arbeitsrecht\/anwalt-arbeitsrecht-600x600.webp\" alt=\"Anwalt Seekirchen Arbeitsrecht Vertretung f\u00fcr Arbeitgeber und Arbeitnehmer.\" title=\"Anwalt Seekirchen Arbeitsrecht Vertretung f\u00fcr Arbeitgeber und Arbeitnehmer.\" width=\"600\" height=\"600\" \/><\/a> <\/p>\n<h3>Fachanwalt IT- und Arbeitsrecht Seekirchen &#8211; Anwaltskanzlei Dr. Stephan Schmelzer.<\/h3>\n<p>Ob Arbeitnehmer oder Arbeitgeber \u2013 Dr. Stephan Schmelzer ist Ihr verl\u00e4sslicher Partner im Arbeitsrecht. Seine Fachanwaltszulassung im Arbeitsrecht und seine langj\u00e4hrige Erfahrung machen ihn \u00fcberregional bekannt. Seine Kanzlei, die er seit \u00fcber zwei Jahrzehnten erfolgreich leitet, steht f\u00fcr professionelle Beratung und juristische Qualit\u00e4t. Mit fundierter Expertise in Arbeitsrecht und IT-Recht ber\u00e4t Dr. Schmelzer Mandanten optimal in der digitalen Arbeitswelt. &#8211; <a title=\"Anwalt Arbeitsrecht L\u00fcbeck\" href=\"https:\/\/anwalt.rocks\/arbeitsrecht\/luebeck\/\">Anwalt Arbeitsrecht L\u00fcbeck<\/a><\/p>\n<p><a href=\"https:\/\/dr-schmelzer.eu\/arbeitsrecht\/\" target=\"_blank\" rel=\"noopener\"><img loading=\"lazy\" decoding=\"async\" src=\"https:\/\/anwalt.rocks\/bilder\/arbeitsrecht\/rechtsanwalt-arbeitsrecht-600x600.webp\" alt=\"Anwalt Arbeitsrecht Seekirchen\" title=\"Anwalt Arbeitsrecht Seekirchen\" width=\"600\" height=\"600\" \/><\/a> <\/p>\n<h3>Anwaltskanzlei Dr. Stephan Schmelzer &#8211; Spezialist f\u00fcr Arbeitsrecht Seekirchen.<\/h3>\n<p>W\u00e4hrend IT-rechtliche Aspekte integriert werden k\u00f6nnen, steht das Arbeitsrecht bei Dr. Schmelzer im Vordergrund, sowohl national als auch international. Dr. Schmelzer bietet umfassende Beratung im Arbeitsrecht und entwickelt ma\u00dfgeschneiderte Strategien f\u00fcr seine Mandanten. Seine langj\u00e4hrige T\u00e4tigkeit und die gezielte individuelle Betreuung machen ihn zu einem der f\u00fchrenden Fachanw\u00e4lte in diesem Gebiet. &#8211; <a title=\"Anwalt Dietfurt\" href=\"https:\/\/anwalt.rocks\/arbeitsrecht\/dietfurt\/\">Anwalt Dietfurt<\/a><\/p>\n<h3>Hohes Durchsetzungsverm\u00f6gen &#8211; 25 Jahre Erfahrung als Steuer- und Arbeitsrechtler Seekirchen.<\/h3>\n<p>Von rechtssicheren Arbeitsvertr\u00e4gen bis zu Restrukturierungen m\u00fcssen Arbeitgeber heute zahlreiche juristische Anforderungen bew\u00e4ltigen. Mit seiner praxisorientierten Herangehensweise unterst\u00fctzt Dr. Schmelzer Unternehmen dabei, rechtliche Risiken zu minimieren und optimale Strategien umzusetzen. Zu den Beratungsfeldern, die er abdeckt, z\u00e4hlen: &#8211; <a title=\"Anwalt Arbeitsrecht Vogtsburg\" href=\"https:\/\/anwalt.rocks\/arbeitsrecht\/vogtsburg\/\">Anwalt Arbeitsrecht Vogtsburg<\/a><\/p>\n<h3>Anwalt Arbeitsrecht Seekirchen 53 \u00fcbergl\u00fcckliche Kunden.<\/h3>\n<p>Analyse und Erstellung von Arbeitsvertr\u00e4gen, die rechtlich einwandfrei und anpassbar sind. Erstellung von Verg\u00fctungsmodellen und Arbeitszeitl\u00f6sungen, die individuell auf die Unternehmensziele abgestimmt sind. &#8211; <a title=\"Anwalt Arbeitsrecht Frohnleiten\" href=\"https:\/\/anwalt.rocks\/arbeitsrecht\/frohnleiten\/\">Anwalt Arbeitsrecht Frohnleiten<\/a><\/p>\n<h3>Weshalb f\u00e4llt die Entscheidung auf diesen verl\u00e4sslichen Anwalt Seekirchen:<\/h3>\n<p>Unterst\u00fctzung bei der Planung und Durchf\u00fchrung von K\u00fcndigungen aus verschiedenen rechtlichen Gr\u00fcnden. Minimierung von Haftungsrisiken und Begleitung w\u00e4hrend des gesamten K\u00fcndigungsverfahrens.<\/p>\n<h3>Kompetent aber auch durchsetzungsstark.<\/h3>\n<p>Unterst\u00fctzung bei der Mitwirkung des Betriebsrats in zentralen Entscheidungsprozessen. Unterst\u00fctzung bei der Verhandlung und Einf\u00fchrung von Betriebsvereinbarungen. Strategische Entwicklung und rechtliche Begleitung von Unternehmensrestrukturierungen. Vertretung bei gerichtlichen Streitigkeiten im Arbeitsrecht, einschlie\u00dflich Entfristungsklagen und K\u00fcndigungsschutz. Schwerpunkt auf eine zielgerichtete und wirkungsvolle Sicherung der Belange des Unternehmens.<\/p>\n<h3>Anwalt Arbeitsrecht Seekirchen &#8211; Spezialist Dr. Schmelzer.<\/h3>\n<p>Die tiefgehende Fachkenntnis von Dr. Schmelzer ist auch f\u00fcr Arbeitnehmer von gro\u00dfem Nutzen. Gerade in Auseinandersetzungen erweist er sich als starker Unterst\u00fctzer, der mit gro\u00dfem Einsatz agiert. Zu den professionellen Leistungen z\u00e4hlen:<\/p>\n<p>Kompetente Beratung und rechtliche Vertretung bei K\u00fcndigungsschutzverfahren vor dem Arbeitsgericht. Beratung zu und Verhandlung von Abfindungsanspr\u00fcchen und finanziellen Ausgleichsleistungen. Kompetente Beratung und rechtliche Vertretung bei K\u00fcndigungsschutzverfahren vor dem Arbeitsgericht. Beratung zu und Verhandlung von Abfindungsanspr\u00fcchen und finanziellen Ausgleichsleistungen.<\/p>\n<p>Unterst\u00fctzung bei der Verhandlung von Abfindungen und Beratung zu den Konditionen von Aufhebungsvertr\u00e4gen. Unterst\u00fctzung bei der Analyse und Anpassung von Arbeitszeugnissen. Prozessf\u00fchrung in Zeugnisklagen zur Durchsetzung einer korrekten Darstellung. Erhebliche Kosteneinsparung Hilfe bei der Durchsetzung rechtlicher Anspr\u00fcche auf Lohn und Gehalt. Rechtsbeistand bei Streitigkeiten \u00fcber Entgeltzahlungen und offene \u00dcberstunden. \u00dcberpr\u00fcfung von Abmahnungen mit dem Ziel, unrechtm\u00e4\u00dfige Ma\u00dfnahmen anzufechten.<\/p>\n<h4>Vertretung f\u00fcr Arbeitgeber und Arbeitnehmer in Sachen Anwalt Arbeitsrecht Seekirchen.<\/h4>\n<p>Restrukturierung und Konfliktl\u00f6sung bilden die Basis der Expertise von Dr. Schmelzer. Ein besonderer Fokus von Dr. Schmelzer liegt in der Beratung w\u00e4hrend Restrukturierungsprozessen. Neben rechtlichen Kenntnissen spielen Verhandlungsgeschick und ein tiefes wirtschaftliches Verst\u00e4ndnis eine zentrale Rolle.<\/p>\n<p>Anwalt Seekirchen Folgerung: Die Umsetzung von Sozialpl\u00e4nen und Interessenausgleichen ist ein wesentlicher Bestandteil der Arbeit von Dr. Schmelzer. Die Suche nach einer ausgewogenen und akzeptablen L\u00f6sung f\u00fcr alle Beteiligten steht im Fokus. Mit einer durchdachten Strategie und umfassenden Fachkenntnissen ist Dr. Schmelzer ein wertvoller Partner bei Verhandlungen mit Betriebsr\u00e4ten und Gewerkschaften.<\/p>\n<p>Der Fachanwalt f\u00fcr Arbeitsrecht behandelt jeden Fall als einzigartige Herausforderung, die pers\u00f6nliche Aufmerksamkeit ben\u00f6tigt. Sein Anliegen ist es, seinen Mandanten die optimale Unterst\u00fctzung zu bieten, ob durch eine Einigung oder eine gerichtliche Vertretung. Transparente Kommunikation und eine vertrauensvolle Zusammenarbeit mit seinen Mandanten sind f\u00fcr ihn essenziell. F\u00fcr Dr. Schmelzer ist die Erf\u00fcllung der Bed\u00fcrfnisse seiner Mandanten oberstes Gebot. Sowohl seine Erfolge als auch das Lob seiner Mandanten sprechen f\u00fcr seine professionelle und l\u00f6sungsorientierte Vorgehensweise. Mit der Kanzlei Dr. Stephan Schmelzer haben Sie einen kompetenten Partner an Ihrer Seite, der Arbeitnehmer und Arbeitgeber mit Fachwissen, Erfahrung und Engagement unterst\u00fctzt.<\/p>\n<article class=\"contact contact-list post-2600 profile type-profile status-publish has-post-thumbnail hentry\" data-contact=\"2600\">\n    \n    <div class=\"media\">\n        <div class=\"media-left\">\n            <a  href=\"#\" data-toggle=\"modal\" data-target=\"#ContactModal\"  title=\"Anna L., 34 Jahre, aus Hamburg jetzt Kontakt aufnehmen!\">\n                <img loading=\"lazy\" decoding=\"async\" width=\"500\" height=\"500\" src=\"https:\/\/anwalt.rocks\/arbeitsrecht\/wp-content\/uploads\/sites\/2\/2025\/01\/meinung-01.jpg\" class=\"contact-image media-object wp-post-image\" alt=\"Anna L., 34 Jahre, aus Hamburg\" srcset=\"https:\/\/anwalt.rocks\/arbeitsrecht\/wp-content\/uploads\/sites\/2\/2025\/01\/meinung-01.jpg 500w, https:\/\/anwalt.rocks\/arbeitsrecht\/wp-content\/uploads\/sites\/2\/2025\/01\/meinung-01-300x300.jpg 300w, https:\/\/anwalt.rocks\/arbeitsrecht\/wp-content\/uploads\/sites\/2\/2025\/01\/meinung-01-150x150.jpg 150w\" sizes=\"auto, (max-width: 500px) 100vw, 500px\" \/>            <\/a>\n        <\/div>\n\n        <div class=\"media-body\">\n                        <p class=\"h2 media-heading\">\n                <a  href=\"#\" data-toggle=\"modal\" data-target=\"#ContactModal\"  title=\"Anna L., 34 Jahre, aus Hamburg jetzt Kontakt aufnehmen!\">\n                    <span class=\"contact-name\">Anna L., 34 Jahre, aus Hamburg<\/span>\n                <\/a>\n\n                <span class=\"contact-text\"><\/span> <span class=\"contact-city\"><a href=\"https:\/\/anwalt.rocks\/arbeitsrecht\/region\/battenberg-eder\/\">Anwalt Arbeitsrecht Battenberg Eder<\/a><\/span>            <\/p>\n\n            <div class=\"quote\"><p>Ich hatte ein riesiges Problem mit meinem Arbeitgeber, nachdem ich nach meiner Elternzeit wieder in den Job einsteigen wollte. Pl\u00f6tzlich sollte ich in eine komplett andere Abteilung wechseln, obwohl das nie vereinbart war. Eine Freundin empfahl mir Dr. Stephan Schmelzer, &hellip;<\/p><\/div>\n            <a class=\"btn btn-cta\"  href=\"#\" data-toggle=\"modal\" data-target=\"#ContactModal\"  title=\"Anna L., 34 Jahre, aus Hamburg jetzt Kontakt aufnehmen!\">\n                Nachricht senden            <\/a>\n        <\/div>\n    <\/div>\n<\/article><article class=\"contact contact-list post-2609 profile type-profile status-publish has-post-thumbnail hentry\" data-contact=\"2609\">\n    \n    <div class=\"media\">\n        <div class=\"media-left\">\n            <a  href=\"#\" data-toggle=\"modal\" data-target=\"#ContactModal\"  title=\"Nadine H., 48 Jahre, aus M\u00fcnchen jetzt Kontakt aufnehmen!\">\n                <img loading=\"lazy\" decoding=\"async\" width=\"500\" height=\"500\" src=\"https:\/\/anwalt.rocks\/arbeitsrecht\/wp-content\/uploads\/sites\/2\/2025\/01\/meinung-04.jpg\" class=\"contact-image media-object wp-post-image\" alt=\"Nadine H., 48 Jahre, aus M\u00fcnchen\" srcset=\"https:\/\/anwalt.rocks\/arbeitsrecht\/wp-content\/uploads\/sites\/2\/2025\/01\/meinung-04.jpg 500w, https:\/\/anwalt.rocks\/arbeitsrecht\/wp-content\/uploads\/sites\/2\/2025\/01\/meinung-04-300x300.jpg 300w, https:\/\/anwalt.rocks\/arbeitsrecht\/wp-content\/uploads\/sites\/2\/2025\/01\/meinung-04-150x150.jpg 150w\" sizes=\"auto, (max-width: 500px) 100vw, 500px\" \/>            <\/a>\n        <\/div>\n\n        <div class=\"media-body\">\n                        <p class=\"h2 media-heading\">\n                <a  href=\"#\" data-toggle=\"modal\" data-target=\"#ContactModal\"  title=\"Nadine H., 48 Jahre, aus M\u00fcnchen jetzt Kontakt aufnehmen!\">\n                    <span class=\"contact-name\">Nadine H., 48 Jahre, aus M\u00fcnchen<\/span>\n                <\/a>\n\n                <span class=\"contact-text\"><\/span> <span class=\"contact-city\"><a href=\"https:\/\/anwalt.rocks\/arbeitsrecht\/region\/kirchworbis\/\">Anwalt Arbeitsrecht Kirchworbis<\/a><\/span>            <\/p>\n\n            <div class=\"quote\"><p>Nach einer pl\u00f6tzlichen Umstrukturierung in meiner Firma wurde mir gek\u00fcndigt. Es war ein riesiger Schock f\u00fcr mich. Zum Gl\u00fcck fand ich Dr. Schmelzer \u00fcber eine Internetrecherche. Schon beim ersten Gespr\u00e4ch war ich beeindruckt von seiner Fachkenntnis und seiner empathischen Art. &hellip;<\/p><\/div>\n            <a class=\"btn btn-cta\"  href=\"#\" data-toggle=\"modal\" data-target=\"#ContactModal\"  title=\"Nadine H., 48 Jahre, aus M\u00fcnchen jetzt Kontakt aufnehmen!\">\n                Nachricht senden            <\/a>\n        <\/div>\n    <\/div>\n<\/article><article class=\"contact contact-list post-2628 profile type-profile status-publish has-post-thumbnail hentry\" data-contact=\"2628\">\n    \n    <div class=\"media\">\n        <div class=\"media-left\">\n            <a  href=\"#\" data-toggle=\"modal\" data-target=\"#ContactModal\"  title=\"Sandra B., 39 Jahre, aus Bremen jetzt Kontakt aufnehmen!\">\n                <img loading=\"lazy\" decoding=\"async\" width=\"500\" height=\"500\" src=\"https:\/\/anwalt.rocks\/arbeitsrecht\/wp-content\/uploads\/sites\/2\/2025\/01\/meinung-10.jpg\" class=\"contact-image media-object wp-post-image\" alt=\"Sandra B., 39 Jahre, aus Bremen\" srcset=\"https:\/\/anwalt.rocks\/arbeitsrecht\/wp-content\/uploads\/sites\/2\/2025\/01\/meinung-10.jpg 500w, https:\/\/anwalt.rocks\/arbeitsrecht\/wp-content\/uploads\/sites\/2\/2025\/01\/meinung-10-300x300.jpg 300w, https:\/\/anwalt.rocks\/arbeitsrecht\/wp-content\/uploads\/sites\/2\/2025\/01\/meinung-10-150x150.jpg 150w\" sizes=\"auto, (max-width: 500px) 100vw, 500px\" \/>            <\/a>\n        <\/div>\n\n        <div class=\"media-body\">\n                        <p class=\"h2 media-heading\">\n                <a  href=\"#\" data-toggle=\"modal\" data-target=\"#ContactModal\"  title=\"Sandra B., 39 Jahre, aus Bremen jetzt Kontakt aufnehmen!\">\n                    <span class=\"contact-name\">Sandra B., 39 Jahre, aus Bremen<\/span>\n                <\/a>\n\n                <span class=\"contact-text\"><\/span> <span class=\"contact-city\"><a href=\"https:\/\/anwalt.rocks\/arbeitsrecht\/region\/damscheid\/\">Anwalt Arbeitsrecht Damscheid<\/a><\/span>            <\/p>\n\n            <div class=\"quote\"><p>Herr Schmelzer ist einfach unglaublich! In meinem Fall ging es um eine ungerechtfertigte Versetzung in eine andere Stadt. Er erkannte sofort, dass mein Arbeitgeber hier gegen geltendes Arbeitsrecht versto\u00dfen hatte, und setzte meine Interessen kompromisslos durch. Was mir besonders gefallen &hellip;<\/p><\/div>\n            <a class=\"btn btn-cta\"  href=\"#\" data-toggle=\"modal\" data-target=\"#ContactModal\"  title=\"Sandra B., 39 Jahre, aus Bremen jetzt Kontakt aufnehmen!\">\n                Nachricht senden            <\/a>\n        <\/div>\n    <\/div>\n<\/article><article class=\"contact contact-list post-2655 profile type-profile status-publish has-post-thumbnail hentry\" data-contact=\"2655\">\n    \n    <div class=\"media\">\n        <div class=\"media-left\">\n            <a  href=\"#\" data-toggle=\"modal\" data-target=\"#ContactModal\"  title=\"Gustav G. jetzt Kontakt aufnehmen!\">\n                <img loading=\"lazy\" decoding=\"async\" width=\"500\" height=\"500\" src=\"https:\/\/anwalt.rocks\/arbeitsrecht\/wp-content\/uploads\/sites\/2\/2025\/01\/meinung-19.jpg\" class=\"contact-image media-object wp-post-image\" alt=\"Gustav G.\" srcset=\"https:\/\/anwalt.rocks\/arbeitsrecht\/wp-content\/uploads\/sites\/2\/2025\/01\/meinung-19.jpg 500w, https:\/\/anwalt.rocks\/arbeitsrecht\/wp-content\/uploads\/sites\/2\/2025\/01\/meinung-19-300x300.jpg 300w, https:\/\/anwalt.rocks\/arbeitsrecht\/wp-content\/uploads\/sites\/2\/2025\/01\/meinung-19-150x150.jpg 150w\" sizes=\"auto, (max-width: 500px) 100vw, 500px\" \/>            <\/a>\n        <\/div>\n\n        <div class=\"media-body\">\n                        <p class=\"h2 media-heading\">\n                <a  href=\"#\" data-toggle=\"modal\" data-target=\"#ContactModal\"  title=\"Gustav G. jetzt Kontakt aufnehmen!\">\n                    <span class=\"contact-name\">Gustav G.<\/span>\n                <\/a>\n\n                <span class=\"contact-text\"><\/span> <span class=\"contact-city\"><a href=\"https:\/\/anwalt.rocks\/arbeitsrecht\/region\/schnellin\/\">Anwalt Arbeitsrecht Schnellin<\/a><\/span>            <\/p>\n\n            <div class=\"quote\"><p>Dieser Anwalt hat mir geholfen, als mein Arbeitgeber mich wegen angeblicher Fehlleistungen abmahnen wollte. Er konnte die Abmahnung erfolgreich anfechten und hat mir meine Rechte ausf\u00fchrlich erkl\u00e4rt. Ich bin sehr dankbar f\u00fcr seine Unterst\u00fctzung und w\u00fcrde ihn immer wieder kontaktieren.&hellip;<\/p><\/div>\n            <a class=\"btn btn-cta\"  href=\"#\" data-toggle=\"modal\" data-target=\"#ContactModal\"  title=\"Gustav G. jetzt Kontakt aufnehmen!\">\n                Nachricht senden            <\/a>\n        <\/div>\n    <\/div>\n<\/article><article class=\"contact contact-list post-2603 profile type-profile status-publish has-post-thumbnail hentry\" data-contact=\"2603\">\n    \n    <div class=\"media\">\n        <div class=\"media-left\">\n            <a  href=\"#\" data-toggle=\"modal\" data-target=\"#ContactModal\"  title=\"Lisa K., 41 Jahre, aus Berlin jetzt Kontakt aufnehmen!\">\n                <img loading=\"lazy\" decoding=\"async\" width=\"500\" height=\"500\" src=\"https:\/\/anwalt.rocks\/arbeitsrecht\/wp-content\/uploads\/sites\/2\/2025\/01\/meinung-02.jpg\" class=\"contact-image media-object wp-post-image\" alt=\"Lisa K., 41 Jahre, aus Berlin\" srcset=\"https:\/\/anwalt.rocks\/arbeitsrecht\/wp-content\/uploads\/sites\/2\/2025\/01\/meinung-02.jpg 500w, https:\/\/anwalt.rocks\/arbeitsrecht\/wp-content\/uploads\/sites\/2\/2025\/01\/meinung-02-300x300.jpg 300w, https:\/\/anwalt.rocks\/arbeitsrecht\/wp-content\/uploads\/sites\/2\/2025\/01\/meinung-02-150x150.jpg 150w\" sizes=\"auto, (max-width: 500px) 100vw, 500px\" \/>            <\/a>\n        <\/div>\n\n        <div class=\"media-body\">\n                        <p class=\"h2 media-heading\">\n                <a  href=\"#\" data-toggle=\"modal\" data-target=\"#ContactModal\"  title=\"Lisa K., 41 Jahre, aus Berlin jetzt Kontakt aufnehmen!\">\n                    <span class=\"contact-name\">Lisa K., 41 Jahre, aus Berlin<\/span>\n                <\/a>\n\n                <span class=\"contact-text\"><\/span> <span class=\"contact-city\"><a href=\"https:\/\/anwalt.rocks\/arbeitsrecht\/region\/limburgerhof\/\">Anwalt Arbeitsrecht Limburgerhof<\/a><\/span>            <\/p>\n\n            <div class=\"quote\"><p>Ich bin so froh, dass ich Herrn Dr. Schmelzer gefunden habe! Nach 15 Jahren im gleichen Unternehmen wurde ich pl\u00f6tzlich gek\u00fcndigt \u2013 angeblich wegen betrieblicher Umst\u00e4nde. Dr. Schmelzer hat sofort erkannt, dass die K\u00fcndigung unwirksam war, und hat einen wirklich &hellip;<\/p><\/div>\n            <a class=\"btn btn-cta\"  href=\"#\" data-toggle=\"modal\" data-target=\"#ContactModal\"  title=\"Lisa K., 41 Jahre, aus Berlin jetzt Kontakt aufnehmen!\">\n                Nachricht senden            <\/a>\n        <\/div>\n    <\/div>\n<\/article>\n<div class=\"blogposts\"><ul><li><a href=\"https:\/\/anwalt.rocks\/arbeitsrecht\/scheinfeld\/\" title=\"Anwalt Arbeitsrecht Scheinfeld &#8211; Schon mehr als 32 gl\u00fcckliche Mandanten.\">Anwalt Arbeitsrecht Scheinfeld &#8211; Schon mehr als 32 gl\u00fcckliche Mandanten.<\/a><\/li><li><a href=\"https:\/\/anwalt.rocks\/arbeitsrecht\/woerth\/\" title=\"Anwalt Arbeitsrecht W\u00f6rth &#8211; Evelyn hat Erfolg.\">Anwalt Arbeitsrecht W\u00f6rth &#8211; Evelyn hat Erfolg.<\/a><\/li><li><a href=\"https:\/\/anwalt.rocks\/arbeitsrecht\/bad-gottleuba\/\" title=\"Anwalt Bad Gottleuba bzgl. Arbeitsrecht.\">Anwalt Bad Gottleuba bzgl. Arbeitsrecht.<\/a><\/li><li><a href=\"https:\/\/anwalt.rocks\/arbeitsrecht\/toenisvorst\/\" title=\"Anwalt T\u00f6nisvorst f\u00fcr Arbeitsrecht.\">Anwalt T\u00f6nisvorst f\u00fcr Arbeitsrecht.<\/a><\/li><li><a href=\"https:\/\/anwalt.rocks\/arbeitsrecht\/nuertingen\/\" title=\"Fachanwalt im Bereich Arbeitsrecht N\u00fcrtingen.\">Fachanwalt im Bereich Arbeitsrecht N\u00fcrtingen.<\/a><\/li><li><a href=\"https:\/\/anwalt.rocks\/arbeitsrecht\/hammelburg\/\" title=\"Anwalt Hammelburg Fachanwalt im Bereich Arbeits- und IT Recht.\">Anwalt Hammelburg Fachanwalt im Bereich Arbeits- und IT Recht.<\/a><\/li><li><a href=\"https:\/\/anwalt.rocks\/arbeitsrecht\/sendenhorst\/\" title=\"Anwalt Arbeitsrecht Sendenhorst &#8211; Jana hat den Fall gewonnen.\">Anwalt Arbeitsrecht Sendenhorst &#8211; Jana hat den Fall gewonnen.<\/a><\/li><\/ul><\/div>\n","protected":false},"excerpt":{"rendered":"<h2>Fachanwalt Dr. Schmelzer f\u00fcr IT- und Arbeitsrecht Sendenhorst und Mutterschutz.<\/h2>\n<p><a href=\"https:\/\/dr-schmelzer.eu\/arbeitsrecht\/\" target=\"_blank\" rel=\"noopener\"><img loading=\"lazy\" decoding=\"async\" src=\"https:\/\/anwalt.rocks\/bilder\/arbeitsrecht\/anwalt-arbeitsrecht-600x600.webp\" alt=\"Anwalt Arbeitsrecht Sendenhorst - Jana hat den Fall gewonnen.\" title=\"Anwalt Arbeitsrecht Sendenhorst - Jana hat den Fall gewonnen.\" width=\"600\" height=\"600\" \/><\/a> <\/p>\n<h3>Anwalt Arbeitsrecht Sendenhorst &#8211; Anwaltskanzlei Dr. Stephan Schmelzer.<\/h3>\n<p>In allen Angelegenheiten des Arbeitsrechts steht Dr. Stephan Schmelzer Ihnen zur Seite. Als Fachanwalt im Arbeitsrecht seit 2002 und mit \u00fcber 25 &hellip;<\/p>","protected":false},"author":1,"featured_media":0,"comment_status":"closed","ping_status":"open","sticky":false,"template":"","format":"standard","meta":{"footnotes":""},"categories":[3],"tags":[],"class_list":["post-9483","post","type-post","status-publish","format-standard","hentry","category-fachanwalt"],"yoast_head":"<!-- This site is optimized with the Yoast SEO Premium plugin v27.1 (Yoast SEO v27.2) - https:\/\/yoast.com\/product\/yoast-seo-premium-wordpress\/ -->\n<title>Anwalt Seekirchen Arbeitsrecht Vertretung f\u00fcr Arbeitgeber und Arbeitnehmer.<\/title>\n<meta name=\"robots\" content=\"index, follow, max-snippet:-1, max-image-preview:large, max-video-preview:-1\" \/>\n<link rel=\"canonical\" href=\"https:\/\/anwalt.rocks\/arbeitsrecht\/seekirchen\/\" \/>\n<meta property=\"og:locale\" content=\"de_DE\" \/>\n<meta property=\"og:type\" content=\"article\" \/>\n<meta property=\"og:title\" content=\"Anwalt Seekirchen Arbeitsrecht Vertretung f\u00fcr Arbeitgeber und Arbeitnehmer.\" \/>\n<meta property=\"og:description\" content=\"Fachanwalt Dr. Schmelzer f\u00fcr IT- und Arbeitsrecht Sendenhorst und Mutterschutz.  Anwalt Arbeitsrecht Sendenhorst &#8211; Anwaltskanzlei Dr. Stephan Schmelzer. In allen Angelegenheiten des Arbeitsrechts steht Dr. Stephan Schmelzer Ihnen zur Seite. Als Fachanwalt im Arbeitsrecht seit 2002 und mit \u00fcber 25 &hellip;\" \/>\n<meta property=\"og:url\" content=\"https:\/\/anwalt.rocks\/arbeitsrecht\/seekirchen\/\" \/>\n<meta property=\"og:site_name\" content=\"Anwalt Arbeitsrecht in der N\u00e4he - Dr. Schmelzer\" \/>\n<meta property=\"article:published_time\" content=\"2025-01-13T05:18:28+00:00\" \/>\n<meta property=\"og:image\" content=\"https:\/\/anwalt.rocks\/bilder\/arbeitsrecht\/anwalt-arbeitsrecht-600x600.webp\" \/>\n<meta name=\"author\" content=\"admin\" \/>\n<meta name=\"twitter:card\" content=\"summary_large_image\" \/>\n<meta name=\"twitter:label1\" content=\"Verfasst von\" \/>\n\t<meta name=\"twitter:data1\" content=\"admin\" \/>\n\t<meta name=\"twitter:label2\" content=\"Gesch\u00e4tzte Lesezeit\" \/>\n\t<meta name=\"twitter:data2\" content=\"4\u00a0Minuten\" \/>\n<script type=\"application\/ld+json\" class=\"yoast-schema-graph\">{\"@context\":\"https:\/\/schema.org\",\"@graph\":[{\"@type\":\"Article\",\"@id\":\"https:\/\/anwalt.rocks\/arbeitsrecht\/seekirchen\/#article\",\"isPartOf\":{\"@id\":\"https:\/\/anwalt.rocks\/arbeitsrecht\/seekirchen\/\"},\"author\":{\"name\":\"admin\",\"@id\":\"https:\/\/anwalt.rocks\/arbeitsrecht\/#\/schema\/person\/3fd3b0fc4df170bb2460fbc934288e39\"},\"headline\":\"Anwalt Seekirchen Arbeitsrecht Vertretung f\u00fcr Arbeitgeber und Arbeitnehmer.\",\"datePublished\":\"2025-01-13T05:18:28+00:00\",\"mainEntityOfPage\":{\"@id\":\"https:\/\/anwalt.rocks\/arbeitsrecht\/seekirchen\/\"},\"wordCount\":739,\"publisher\":{\"@id\":\"https:\/\/anwalt.rocks\/arbeitsrecht\/#organization\"},\"image\":{\"@id\":\"https:\/\/anwalt.rocks\/arbeitsrecht\/seekirchen\/#primaryimage\"},\"thumbnailUrl\":\"https:\/\/anwalt.rocks\/bilder\/arbeitsrecht\/anwalt-arbeitsrecht-600x600.webp\",\"articleSection\":[\"Fachanwalt\"],\"inLanguage\":\"de\"},{\"@type\":\"WebPage\",\"@id\":\"https:\/\/anwalt.rocks\/arbeitsrecht\/seekirchen\/\",\"url\":\"https:\/\/anwalt.rocks\/arbeitsrecht\/seekirchen\/\",\"name\":\"Anwalt Seekirchen Arbeitsrecht Vertretung f\u00fcr Arbeitgeber und Arbeitnehmer.\",\"isPartOf\":{\"@id\":\"https:\/\/anwalt.rocks\/arbeitsrecht\/#website\"},\"primaryImageOfPage\":{\"@id\":\"https:\/\/anwalt.rocks\/arbeitsrecht\/seekirchen\/#primaryimage\"},\"image\":{\"@id\":\"https:\/\/anwalt.rocks\/arbeitsrecht\/seekirchen\/#primaryimage\"},\"thumbnailUrl\":\"https:\/\/anwalt.rocks\/bilder\/arbeitsrecht\/anwalt-arbeitsrecht-600x600.webp\",\"datePublished\":\"2025-01-13T05:18:28+00:00\",\"breadcrumb\":{\"@id\":\"https:\/\/anwalt.rocks\/arbeitsrecht\/seekirchen\/#breadcrumb\"},\"inLanguage\":\"de\",\"potentialAction\":[{\"@type\":\"ReadAction\",\"target\":[\"https:\/\/anwalt.rocks\/arbeitsrecht\/seekirchen\/\"]}]},{\"@type\":\"ImageObject\",\"inLanguage\":\"de\",\"@id\":\"https:\/\/anwalt.rocks\/arbeitsrecht\/seekirchen\/#primaryimage\",\"url\":\"https:\/\/anwalt.rocks\/bilder\/arbeitsrecht\/anwalt-arbeitsrecht-600x600.webp\",\"contentUrl\":\"https:\/\/anwalt.rocks\/bilder\/arbeitsrecht\/anwalt-arbeitsrecht-600x600.webp\"},{\"@type\":\"BreadcrumbList\",\"@id\":\"https:\/\/anwalt.rocks\/arbeitsrecht\/seekirchen\/#breadcrumb\",\"itemListElement\":[{\"@type\":\"ListItem\",\"position\":1,\"name\":\"Start\",\"item\":\"https:\/\/anwalt.rocks\/arbeitsrecht\/\"},{\"@type\":\"ListItem\",\"position\":2,\"name\":\"Anwalt Seekirchen Arbeitsrecht Vertretung f\u00fcr Arbeitgeber und Arbeitnehmer.\"}]},{\"@type\":\"WebSite\",\"@id\":\"https:\/\/anwalt.rocks\/arbeitsrecht\/#website\",\"url\":\"https:\/\/anwalt.rocks\/arbeitsrecht\/\",\"name\":\"Anwalt Arbeitsrecht in der N\u00e4he - Dr. Schmelzer\",\"description\":\"Kompetenzen und Vorteile von Dr. Stephan Schmelzer \u2013 Anwalt und Fachanwalt f\u00fcr Arbeitsrecht mit 25 j\u00e4hriger Berufspraxis.\",\"publisher\":{\"@id\":\"https:\/\/anwalt.rocks\/arbeitsrecht\/#organization\"},\"potentialAction\":[{\"@type\":\"SearchAction\",\"target\":{\"@type\":\"EntryPoint\",\"urlTemplate\":\"https:\/\/anwalt.rocks\/arbeitsrecht\/?s={search_term_string}\"},\"query-input\":{\"@type\":\"PropertyValueSpecification\",\"valueRequired\":true,\"valueName\":\"search_term_string\"}}],\"inLanguage\":\"de\"},{\"@type\":\"Organization\",\"@id\":\"https:\/\/anwalt.rocks\/arbeitsrecht\/#organization\",\"name\":\"Kanzlei Dr. Schmelzer\",\"url\":\"https:\/\/anwalt.rocks\/arbeitsrecht\/\",\"logo\":{\"@type\":\"ImageObject\",\"inLanguage\":\"de\",\"@id\":\"https:\/\/anwalt.rocks\/arbeitsrecht\/#\/schema\/logo\/image\/\",\"url\":\"https:\/\/anwalt.rocks\/arbeitsrecht\/wp-content\/uploads\/sites\/2\/2025\/01\/anwalt-arbeitsrecht-logo.png\",\"contentUrl\":\"https:\/\/anwalt.rocks\/arbeitsrecht\/wp-content\/uploads\/sites\/2\/2025\/01\/anwalt-arbeitsrecht-logo.png\",\"width\":450,\"height\":150,\"caption\":\"Kanzlei Dr. Schmelzer\"},\"image\":{\"@id\":\"https:\/\/anwalt.rocks\/arbeitsrecht\/#\/schema\/logo\/image\/\"}},{\"@type\":\"Person\",\"@id\":\"https:\/\/anwalt.rocks\/arbeitsrecht\/#\/schema\/person\/3fd3b0fc4df170bb2460fbc934288e39\",\"name\":\"admin\",\"image\":{\"@type\":\"ImageObject\",\"inLanguage\":\"de\",\"@id\":\"https:\/\/secure.gravatar.com\/avatar\/2a567a722e62dc61f1aaa46c6b595fa617f2003443806e3422a8fed77c029cfc?s=96&d=mm&r=g\",\"url\":\"https:\/\/secure.gravatar.com\/avatar\/2a567a722e62dc61f1aaa46c6b595fa617f2003443806e3422a8fed77c029cfc?s=96&d=mm&r=g\",\"contentUrl\":\"https:\/\/secure.gravatar.com\/avatar\/2a567a722e62dc61f1aaa46c6b595fa617f2003443806e3422a8fed77c029cfc?s=96&d=mm&r=g\",\"caption\":\"admin\"},\"sameAs\":[\"https:\/\/anwalt.rocks\"],\"url\":\"https:\/\/anwalt.rocks\/arbeitsrecht\/author\/admin\/\"}]}<\/script>\n<!-- \/ Yoast SEO Premium plugin. -->","yoast_head_json":{"title":"Anwalt Seekirchen Arbeitsrecht Vertretung f\u00fcr Arbeitgeber und Arbeitnehmer.","robots":{"index":"index","follow":"follow","max-snippet":"max-snippet:-1","max-image-preview":"max-image-preview:large","max-video-preview":"max-video-preview:-1"},"canonical":"https:\/\/anwalt.rocks\/arbeitsrecht\/seekirchen\/","og_locale":"de_DE","og_type":"article","og_title":"Anwalt Seekirchen Arbeitsrecht Vertretung f\u00fcr Arbeitgeber und Arbeitnehmer.","og_description":"Fachanwalt Dr. Schmelzer f\u00fcr IT- und Arbeitsrecht Sendenhorst und Mutterschutz.  Anwalt Arbeitsrecht Sendenhorst &#8211; Anwaltskanzlei Dr. Stephan Schmelzer. In allen Angelegenheiten des Arbeitsrechts steht Dr. Stephan Schmelzer Ihnen zur Seite. Als Fachanwalt im Arbeitsrecht seit 2002 und mit \u00fcber 25 &hellip;","og_url":"https:\/\/anwalt.rocks\/arbeitsrecht\/seekirchen\/","og_site_name":"Anwalt Arbeitsrecht in der N\u00e4he - Dr. Schmelzer","article_published_time":"2025-01-13T05:18:28+00:00","og_image":[{"url":"https:\/\/anwalt.rocks\/bilder\/arbeitsrecht\/anwalt-arbeitsrecht-600x600.webp","type":"","width":"","height":""}],"author":"admin","twitter_card":"summary_large_image","twitter_misc":{"Verfasst von":"admin","Gesch\u00e4tzte Lesezeit":"4\u00a0Minuten"},"schema":{"@context":"https:\/\/schema.org","@graph":[{"@type":"Article","@id":"https:\/\/anwalt.rocks\/arbeitsrecht\/seekirchen\/#article","isPartOf":{"@id":"https:\/\/anwalt.rocks\/arbeitsrecht\/seekirchen\/"},"author":{"name":"admin","@id":"https:\/\/anwalt.rocks\/arbeitsrecht\/#\/schema\/person\/3fd3b0fc4df170bb2460fbc934288e39"},"headline":"Anwalt Seekirchen Arbeitsrecht Vertretung f\u00fcr Arbeitgeber und Arbeitnehmer.","datePublished":"2025-01-13T05:18:28+00:00","mainEntityOfPage":{"@id":"https:\/\/anwalt.rocks\/arbeitsrecht\/seekirchen\/"},"wordCount":739,"publisher":{"@id":"https:\/\/anwalt.rocks\/arbeitsrecht\/#organization"},"image":{"@id":"https:\/\/anwalt.rocks\/arbeitsrecht\/seekirchen\/#primaryimage"},"thumbnailUrl":"https:\/\/anwalt.rocks\/bilder\/arbeitsrecht\/anwalt-arbeitsrecht-600x600.webp","articleSection":["Fachanwalt"],"inLanguage":"de"},{"@type":"WebPage","@id":"https:\/\/anwalt.rocks\/arbeitsrecht\/seekirchen\/","url":"https:\/\/anwalt.rocks\/arbeitsrecht\/seekirchen\/","name":"Anwalt Seekirchen Arbeitsrecht Vertretung f\u00fcr Arbeitgeber und Arbeitnehmer.","isPartOf":{"@id":"https:\/\/anwalt.rocks\/arbeitsrecht\/#website"},"primaryImageOfPage":{"@id":"https:\/\/anwalt.rocks\/arbeitsrecht\/seekirchen\/#primaryimage"},"image":{"@id":"https:\/\/anwalt.rocks\/arbeitsrecht\/seekirchen\/#primaryimage"},"thumbnailUrl":"https:\/\/anwalt.rocks\/bilder\/arbeitsrecht\/anwalt-arbeitsrecht-600x600.webp","datePublished":"2025-01-13T05:18:28+00:00","breadcrumb":{"@id":"https:\/\/anwalt.rocks\/arbeitsrecht\/seekirchen\/#breadcrumb"},"inLanguage":"de","potentialAction":[{"@type":"ReadAction","target":["https:\/\/anwalt.rocks\/arbeitsrecht\/seekirchen\/"]}]},{"@type":"ImageObject","inLanguage":"de","@id":"https:\/\/anwalt.rocks\/arbeitsrecht\/seekirchen\/#primaryimage","url":"https:\/\/anwalt.rocks\/bilder\/arbeitsrecht\/anwalt-arbeitsrecht-600x600.webp","contentUrl":"https:\/\/anwalt.rocks\/bilder\/arbeitsrecht\/anwalt-arbeitsrecht-600x600.webp"},{"@type":"BreadcrumbList","@id":"https:\/\/anwalt.rocks\/arbeitsrecht\/seekirchen\/#breadcrumb","itemListElement":[{"@type":"ListItem","position":1,"name":"Start","item":"https:\/\/anwalt.rocks\/arbeitsrecht\/"},{"@type":"ListItem","position":2,"name":"Anwalt Seekirchen Arbeitsrecht Vertretung f\u00fcr Arbeitgeber und Arbeitnehmer."}]},{"@type":"WebSite","@id":"https:\/\/anwalt.rocks\/arbeitsrecht\/#website","url":"https:\/\/anwalt.rocks\/arbeitsrecht\/","name":"Anwalt Arbeitsrecht in der N\u00e4he - Dr. Schmelzer","description":"Kompetenzen und Vorteile von Dr. Stephan Schmelzer \u2013 Anwalt und Fachanwalt f\u00fcr Arbeitsrecht mit 25 j\u00e4hriger Berufspraxis.","publisher":{"@id":"https:\/\/anwalt.rocks\/arbeitsrecht\/#organization"},"potentialAction":[{"@type":"SearchAction","target":{"@type":"EntryPoint","urlTemplate":"https:\/\/anwalt.rocks\/arbeitsrecht\/?s={search_term_string}"},"query-input":{"@type":"PropertyValueSpecification","valueRequired":true,"valueName":"search_term_string"}}],"inLanguage":"de"},{"@type":"Organization","@id":"https:\/\/anwalt.rocks\/arbeitsrecht\/#organization","name":"Kanzlei Dr. Schmelzer","url":"https:\/\/anwalt.rocks\/arbeitsrecht\/","logo":{"@type":"ImageObject","inLanguage":"de","@id":"https:\/\/anwalt.rocks\/arbeitsrecht\/#\/schema\/logo\/image\/","url":"https:\/\/anwalt.rocks\/arbeitsrecht\/wp-content\/uploads\/sites\/2\/2025\/01\/anwalt-arbeitsrecht-logo.png","contentUrl":"https:\/\/anwalt.rocks\/arbeitsrecht\/wp-content\/uploads\/sites\/2\/2025\/01\/anwalt-arbeitsrecht-logo.png","width":450,"height":150,"caption":"Kanzlei Dr. Schmelzer"},"image":{"@id":"https:\/\/anwalt.rocks\/arbeitsrecht\/#\/schema\/logo\/image\/"}},{"@type":"Person","@id":"https:\/\/anwalt.rocks\/arbeitsrecht\/#\/schema\/person\/3fd3b0fc4df170bb2460fbc934288e39","name":"admin","image":{"@type":"ImageObject","inLanguage":"de","@id":"https:\/\/secure.gravatar.com\/avatar\/2a567a722e62dc61f1aaa46c6b595fa617f2003443806e3422a8fed77c029cfc?s=96&d=mm&r=g","url":"https:\/\/secure.gravatar.com\/avatar\/2a567a722e62dc61f1aaa46c6b595fa617f2003443806e3422a8fed77c029cfc?s=96&d=mm&r=g","contentUrl":"https:\/\/secure.gravatar.com\/avatar\/2a567a722e62dc61f1aaa46c6b595fa617f2003443806e3422a8fed77c029cfc?s=96&d=mm&r=g","caption":"admin"},"sameAs":["https:\/\/anwalt.rocks"],"url":"https:\/\/anwalt.rocks\/arbeitsrecht\/author\/admin\/"}]}},"_links":{"self":[{"href":"https:\/\/anwalt.rocks\/arbeitsrecht\/wp-json\/wp\/v2\/posts\/9483","targetHints":{"allow":["GET"]}}],"collection":[{"href":"https:\/\/anwalt.rocks\/arbeitsrecht\/wp-json\/wp\/v2\/posts"}],"about":[{"href":"https:\/\/anwalt.rocks\/arbeitsrecht\/wp-json\/wp\/v2\/types\/post"}],"author":[{"embeddable":true,"href":"https:\/\/anwalt.rocks\/arbeitsrecht\/wp-json\/wp\/v2\/users\/1"}],"replies":[{"embeddable":true,"href":"https:\/\/anwalt.rocks\/arbeitsrecht\/wp-json\/wp\/v2\/comments?post=9483"}],"version-history":[{"count":0,"href":"https:\/\/anwalt.rocks\/arbeitsrecht\/wp-json\/wp\/v2\/posts\/9483\/revisions"}],"wp:attachment":[{"href":"https:\/\/anwalt.rocks\/arbeitsrecht\/wp-json\/wp\/v2\/media?parent=9483"}],"wp:term":[{"taxonomy":"category","embeddable":true,"href":"https:\/\/anwalt.rocks\/arbeitsrecht\/wp-json\/wp\/v2\/categories?post=9483"},{"taxonomy":"post_tag","embeddable":true,"href":"https:\/\/anwalt.rocks\/arbeitsrecht\/wp-json\/wp\/v2\/tags?post=9483"}],"curies":[{"name":"wp","href":"https:\/\/api.w.org\/{rel}","templated":true}]}}