{"id":9657,"date":"2025-01-09T00:07:04","date_gmt":"2025-01-08T23:07:04","guid":{"rendered":"https:\/\/anwalt.rocks\/arbeitsrecht\/toenisvorst\/"},"modified":"2025-01-09T00:07:04","modified_gmt":"2025-01-08T23:07:04","slug":"toenisvorst","status":"publish","type":"post","link":"https:\/\/anwalt.rocks\/arbeitsrecht\/toenisvorst\/","title":{"rendered":"Anwalt T\u00f6nisvorst f\u00fcr Arbeitsrecht."},"content":{"rendered":"<span class=\"span-reading-time rt-reading-time\" style=\"display: block;\"><span class=\"rt-label rt-prefix\">Lesedauer<\/span> <span class=\"rt-time\"> 3<\/span> <span class=\"rt-label rt-postfix\">Minuten<\/span><\/span><h2>Spezialist IT- und Arbeitsrecht T\u00f6nisvorst f\u00fcr Arbeitnehmer sowie Arbeitgeber f\u00fcr Mindestlohn.<\/h2>\n<p><a href=\"https:\/\/dr-schmelzer.eu\/arbeitsrecht\/\" target=\"_blank\" rel=\"noopener\"><img loading=\"lazy\" decoding=\"async\" src=\"https:\/\/anwalt.rocks\/bilder\/arbeitsrecht\/anwalt-arbeitsrecht-600x600.webp\" alt=\"Anwalt T\u00f6nisvorst f\u00fcr Arbeitsrecht.\" title=\"Anwalt T\u00f6nisvorst f\u00fcr Arbeitsrecht.\" width=\"600\" height=\"600\" \/><\/a> <\/p>\n<h3>Anwalt Arbeitsrecht und IT Recht T\u00f6nisvorst &#8211; Soziet\u00e4t Dr. Stephan Schmelzer.<\/h3>\n<p>In allen Bereichen des Arbeitsrechts steht Ihnen Dr. Stephan Schmelzer mit Kompetenz zur Seite. Seine mehr als 25-j\u00e4hrige Berufserfahrung und die Fachanwaltszulassung im Arbeitsrecht unterstreichen seinen Ruf \u00fcber Ahlen hinaus. Seine Kanzlei blickt auf 20 Jahre Erfolg zur\u00fcck und ist bekannt f\u00fcr individuelle Betreuung und juristische Expertise. Die Kombination aus Arbeitsrecht und IT-Recht macht Dr. Schmelzer in der digitalisierten Arbeitswelt zu einem gefragten Spezialisten. &#8211; <a title=\"Anwalt Bremen\" href=\"https:\/\/anwalt.rocks\/arbeitsrecht\/bremen\/\">Anwalt Bremen<\/a><\/p>\n<p><a href=\"https:\/\/dr-schmelzer.eu\/arbeitsrecht\/\" target=\"_blank\" rel=\"noopener\"><img loading=\"lazy\" decoding=\"async\" src=\"https:\/\/anwalt.rocks\/bilder\/arbeitsrecht\/rechtsanwalt-arbeitsrecht-600x600.webp\" alt=\"Anwalt Arbeitsrecht T\u00f6nisvorst\" title=\"Anwalt Arbeitsrecht T\u00f6nisvorst\" width=\"600\" height=\"600\" \/><\/a> <\/p>\n<h3>Soziet\u00e4t Dr. Stephan Schmelzer &#8211; Spezialist f\u00fcr Arbeitsrecht T\u00f6nisvorst.<\/h3>\n<p>Das IT-Recht wird oft zus\u00e4tzlich ber\u00fccksichtigt, doch der Hauptschwerpunkt von Dr. Schmelzer ist das Arbeitsrecht \u2013 sowohl in Deutschland als auch international. Dr. Schmelzer entwickelt ma\u00dfgeschneiderte L\u00f6sungen f\u00fcr alle arbeitsrechtlichen Fragestellungen und deckt das gesamte Spektrum ab. Mit \u00fcberragender Erfahrung und pers\u00f6nlichem Engagement geh\u00f6rt er zu den f\u00fchrenden Fachanw\u00e4lten in diesem Rechtsgebiet. &#8211; <a title=\"Anwalt Ellingen\" href=\"https:\/\/anwalt.rocks\/arbeitsrecht\/ellingen\/\">Anwalt Ellingen<\/a><\/p>\n<h3>Erfahren und extrem einsatzfreudig &#8211; Fest drei Jahrzehnte Anwaltserfahrung als Rechtsanwalt T\u00f6nisvorst.<\/h3>\n<p>Von der rechtlichen Gestaltung von Arbeitsvertr\u00e4gen bis hin zu umfassenden Restrukturierungen sind Arbeitgeber heute stark gefordert. Durch praxisnahe Beratung sorgt Dr. Schmelzer daf\u00fcr, dass Unternehmen rechtliche Herausforderungen effektiv bew\u00e4ltigen k\u00f6nnen. Die folgenden Services geh\u00f6ren zu seinem Angebot: &#8211; <a title=\"Anwalt Arbeitsrecht Otermundigen\" href=\"https:\/\/anwalt.rocks\/arbeitsrecht\/otermundigen\/\">Anwalt Arbeitsrecht Otermundigen<\/a><\/p>\n<h3>Anwalt Arbeitsrecht T\u00f6nisvorst 55 motivierte Klienten.<\/h3>\n<p>Entwicklung und Analyse von Arbeitsvertr\u00e4gen, die juristisch wasserdicht und flexibel gestaltet sind. Entwicklung passgenauer Arbeitszeit- und Verg\u00fctungsmodelle, die die individuellen Anforderungen des Unternehmens ber\u00fccksichtigen. &#8211; <a title=\"Anwalt Arbeitsrecht Uzwil\" href=\"https:\/\/anwalt.rocks\/arbeitsrecht\/uzwil\/\">Anwalt Arbeitsrecht Uzwil<\/a><\/p>\n<h3>Wieso w\u00e4hlt man den zuverl\u00e4ssigen Anwalt T\u00f6nisvorst:<\/h3>\n<p>Unterst\u00fctzung bei der Planung und rechtlichen Absicherung von betriebs-, verhaltens- und personenbedingten K\u00fcndigungen. Senkung juristischer Risiken und professionelle Beratung bei jeder Phase der K\u00fcndigung.<\/p>\n<h3>Hohe Kompetenz und top zuverl\u00e4ssig.<\/h3>\n<p>Rechtliche Beratung zur Betriebsratsmitwirkung in zentralen Entscheidungsprozessen. Beratung und Begleitung bei der Erstellung und Implementierung von Betriebsvereinbarungen. Strategische Beratung und rechtliche Betreuung bei komplexen Restrukturierungsprozessen. Prozessf\u00fchrung in arbeitsrechtlichen Angelegenheiten, wie K\u00fcndigungsschutzklagen und Entfristungsklagen. Ausrichtung auf die pr\u00e4zise und wirkungsvolle Verteidigung der unternehmerischen Interessen.<\/p>\n<h3>Anwalt Arbeitsrecht T\u00f6nisvorst &#8211; Spezialist Dr. Schmelzer.<\/h3>\n<p>Auch Arbeitnehmer k\u00f6nnen sich auf die Expertise von Dr. Schmelzer verlassen. Gerade in Auseinandersetzungen erweist er sich als starker Unterst\u00fctzer, der mit gro\u00dfem Einsatz agiert. Zu den zentralen Angeboten geh\u00f6ren:<\/p>\n<p>Juristische Betreuung und Vertretung bei arbeitsgerichtlichen K\u00fcndigungsschutzklagen. Unterst\u00fctzung bei der Verhandlung von Abfindungen und erg\u00e4nzenden Kompensationsleistungen. Juristische Betreuung und Vertretung bei arbeitsgerichtlichen K\u00fcndigungsschutzklagen. Unterst\u00fctzung bei der Verhandlung von Abfindungen und erg\u00e4nzenden Kompensationsleistungen.<\/p>\n<p>Verhandlung und Beratung zu Abfindungsh\u00f6hen und rechtlichen Aspekten von Aufhebungsvertr\u00e4gen. Unterst\u00fctzung bei der Durchsicht und Verbesserung von Formulierungen in Arbeitszeugnissen. Unterst\u00fctzung bei der Korrektur unfairer Bewertungen in Zeugnisstreitigkeiten. Reduzierung der Kosten Hilfe bei der Durchsetzung von ausstehenden Gehaltszahlungen. Prozessvertretung bei Entgeltklagen und offenen \u00dcberstundenanspr\u00fcchen. \u00dcberpr\u00fcfung von Abmahnungen mit dem Ziel, unfaire Ma\u00dfnahmen zu beseitigen.<\/p>\n<h4>Mandanten Vertreung f\u00fcr Arbeitnehmer sowie Arbeitgeber f\u00fcr Anwalt Arbeitsrecht T\u00f6nisvorst.<\/h4>\n<p>Restrukturierung und Konfliktbew\u00e4ltigung \u2013 zwei Schwerpunkte, die Dr. Schmelzer vereint. Dr. Schmelzer hat einen besonderen Schwerpunkt auf die Unterst\u00fctzung von Unternehmen w\u00e4hrend der Restrukturierung gelegt. Diese Aufgaben setzen eine Mischung aus juristischer Expertise, Verhandlungsgeschick und wirtschaftlichem Verst\u00e4ndnis voraus.<\/p>\n<p>Anwalt T\u00f6nisvorst Zusammenfassung: Dr. Schmelzer begleitet Unternehmen bei der rechtssicheren Entwicklung und Umsetzung von Sozialpl\u00e4nen und Interessenausgleichen. Ziel ist eine L\u00f6sung, die alle Interessen gleicherma\u00dfen ber\u00fccksichtigt. Mit fundierter Expertise und kluger Strategie ist Dr. Schmelzer ein wertvoller Ansprechpartner bei Verhandlungen mit Gewerkschaften und Betriebsr\u00e4ten.<\/p>\n<p>Jeder Fall stellt f\u00fcr den Fachanwalt f\u00fcr Arbeitsrecht eine neue Aufgabe dar, die individuelle Sorgfalt erfordert. Sein Fokus liegt auf der optimalen Unterst\u00fctzung seiner Mandanten \u2013 ob durch Einigungen oder durch gerichtliche Vertretung. F\u00fcr ihn sind Offenheit und eine intensive Abstimmung mit seinen Mandanten entscheidend. Die Zufriedenheit seiner Mandanten ist das oberste Ziel von Dr. Schmelzer. Seine professionelle Arbeitsweise und l\u00f6sungsorientierte Haltung werden durch Erfolge und positive R\u00fcckmeldungen seiner Mandanten best\u00e4tigt. Mit der Kanzlei Dr. Stephan Schmelzer steht Ihnen ein fachkundiger Partner zur Seite, der Arbeitnehmer und Arbeitgeber engagiert begleitet.<\/p>\n<article class=\"contact contact-list post-2619 profile type-profile status-publish has-post-thumbnail hentry\" data-contact=\"2619\">\n    \n    <div class=\"media\">\n        <div class=\"media-left\">\n            <a  href=\"#\" data-toggle=\"modal\" data-target=\"#ContactModal\"  title=\"Kathrin S., 37 Jahre, aus K\u00f6ln jetzt Kontakt aufnehmen!\">\n                <img loading=\"lazy\" decoding=\"async\" width=\"500\" height=\"500\" src=\"https:\/\/anwalt.rocks\/arbeitsrecht\/wp-content\/uploads\/sites\/2\/2025\/01\/meinung-07.jpg\" class=\"contact-image media-object wp-post-image\" alt=\"Kathrin S., 37 Jahre, aus K\u00f6ln\" srcset=\"https:\/\/anwalt.rocks\/arbeitsrecht\/wp-content\/uploads\/sites\/2\/2025\/01\/meinung-07.jpg 500w, https:\/\/anwalt.rocks\/arbeitsrecht\/wp-content\/uploads\/sites\/2\/2025\/01\/meinung-07-300x300.jpg 300w, https:\/\/anwalt.rocks\/arbeitsrecht\/wp-content\/uploads\/sites\/2\/2025\/01\/meinung-07-150x150.jpg 150w\" sizes=\"auto, (max-width: 500px) 100vw, 500px\" \/>            <\/a>\n        <\/div>\n\n        <div class=\"media-body\">\n                        <p class=\"h2 media-heading\">\n                <a  href=\"#\" data-toggle=\"modal\" data-target=\"#ContactModal\"  title=\"Kathrin S., 37 Jahre, aus K\u00f6ln jetzt Kontakt aufnehmen!\">\n                    <span class=\"contact-name\">Kathrin S., 37 Jahre, aus K\u00f6ln<\/span>\n                <\/a>\n\n                <span class=\"contact-text\"><\/span> <span class=\"contact-city\"><a href=\"https:\/\/anwalt.rocks\/arbeitsrecht\/region\/beuren-eifel\/\">Anwalt Arbeitsrecht Beuren Eifel<\/a><\/span>            <\/p>\n\n            <div class=\"quote\"><p>Nachdem ich \u00fcber viele Jahre hinweg \u00dcberstunden gemacht hatte, wollte ich endlich eine faire Bezahlung daf\u00fcr. Mein Arbeitgeber stellte sich quer, doch Herr Dr. Schmelzer konnte meine Anspr\u00fcche durchsetzen. Er ging sehr strukturiert vor und erkl\u00e4rte mir alles in Ruhe. &hellip;<\/p><\/div>\n            <a class=\"btn btn-cta\"  href=\"#\" data-toggle=\"modal\" data-target=\"#ContactModal\"  title=\"Kathrin S., 37 Jahre, aus K\u00f6ln jetzt Kontakt aufnehmen!\">\n                Nachricht senden            <\/a>\n        <\/div>\n    <\/div>\n<\/article><article class=\"contact contact-list post-2655 profile type-profile status-publish has-post-thumbnail hentry\" data-contact=\"2655\">\n    \n    <div class=\"media\">\n        <div class=\"media-left\">\n            <a  href=\"#\" data-toggle=\"modal\" data-target=\"#ContactModal\"  title=\"Gustav G. jetzt Kontakt aufnehmen!\">\n                <img loading=\"lazy\" decoding=\"async\" width=\"500\" height=\"500\" src=\"https:\/\/anwalt.rocks\/arbeitsrecht\/wp-content\/uploads\/sites\/2\/2025\/01\/meinung-19.jpg\" class=\"contact-image media-object wp-post-image\" alt=\"Gustav G.\" srcset=\"https:\/\/anwalt.rocks\/arbeitsrecht\/wp-content\/uploads\/sites\/2\/2025\/01\/meinung-19.jpg 500w, https:\/\/anwalt.rocks\/arbeitsrecht\/wp-content\/uploads\/sites\/2\/2025\/01\/meinung-19-300x300.jpg 300w, https:\/\/anwalt.rocks\/arbeitsrecht\/wp-content\/uploads\/sites\/2\/2025\/01\/meinung-19-150x150.jpg 150w\" sizes=\"auto, (max-width: 500px) 100vw, 500px\" \/>            <\/a>\n        <\/div>\n\n        <div class=\"media-body\">\n                        <p class=\"h2 media-heading\">\n                <a  href=\"#\" data-toggle=\"modal\" data-target=\"#ContactModal\"  title=\"Gustav G. jetzt Kontakt aufnehmen!\">\n                    <span class=\"contact-name\">Gustav G.<\/span>\n                <\/a>\n\n                <span class=\"contact-text\"><\/span> <span class=\"contact-city\"><a href=\"https:\/\/anwalt.rocks\/arbeitsrecht\/region\/obermeitingen\/\">Anwalt Arbeitsrecht Obermeitingen<\/a><\/span>            <\/p>\n\n            <div class=\"quote\"><p>Dieser Anwalt hat mir geholfen, als mein Arbeitgeber mich wegen angeblicher Fehlleistungen abmahnen wollte. Er konnte die Abmahnung erfolgreich anfechten und hat mir meine Rechte ausf\u00fchrlich erkl\u00e4rt. Ich bin sehr dankbar f\u00fcr seine Unterst\u00fctzung und w\u00fcrde ihn immer wieder kontaktieren.&hellip;<\/p><\/div>\n            <a class=\"btn btn-cta\"  href=\"#\" data-toggle=\"modal\" data-target=\"#ContactModal\"  title=\"Gustav G. jetzt Kontakt aufnehmen!\">\n                Nachricht senden            <\/a>\n        <\/div>\n    <\/div>\n<\/article><article class=\"contact contact-list post-2628 profile type-profile status-publish has-post-thumbnail hentry\" data-contact=\"2628\">\n    \n    <div class=\"media\">\n        <div class=\"media-left\">\n            <a  href=\"#\" data-toggle=\"modal\" data-target=\"#ContactModal\"  title=\"Sandra B., 39 Jahre, aus Bremen jetzt Kontakt aufnehmen!\">\n                <img loading=\"lazy\" decoding=\"async\" width=\"500\" height=\"500\" src=\"https:\/\/anwalt.rocks\/arbeitsrecht\/wp-content\/uploads\/sites\/2\/2025\/01\/meinung-10.jpg\" class=\"contact-image media-object wp-post-image\" alt=\"Sandra B., 39 Jahre, aus Bremen\" srcset=\"https:\/\/anwalt.rocks\/arbeitsrecht\/wp-content\/uploads\/sites\/2\/2025\/01\/meinung-10.jpg 500w, https:\/\/anwalt.rocks\/arbeitsrecht\/wp-content\/uploads\/sites\/2\/2025\/01\/meinung-10-300x300.jpg 300w, https:\/\/anwalt.rocks\/arbeitsrecht\/wp-content\/uploads\/sites\/2\/2025\/01\/meinung-10-150x150.jpg 150w\" sizes=\"auto, (max-width: 500px) 100vw, 500px\" \/>            <\/a>\n        <\/div>\n\n        <div class=\"media-body\">\n                        <p class=\"h2 media-heading\">\n                <a  href=\"#\" data-toggle=\"modal\" data-target=\"#ContactModal\"  title=\"Sandra B., 39 Jahre, aus Bremen jetzt Kontakt aufnehmen!\">\n                    <span class=\"contact-name\">Sandra B., 39 Jahre, aus Bremen<\/span>\n                <\/a>\n\n                <span class=\"contact-text\"><\/span> <span class=\"contact-city\"><a href=\"https:\/\/anwalt.rocks\/arbeitsrecht\/region\/oggelshausen\/\">Anwalt Arbeitsrecht Oggelshausen<\/a><\/span>            <\/p>\n\n            <div class=\"quote\"><p>Herr Schmelzer ist einfach unglaublich! In meinem Fall ging es um eine ungerechtfertigte Versetzung in eine andere Stadt. Er erkannte sofort, dass mein Arbeitgeber hier gegen geltendes Arbeitsrecht versto\u00dfen hatte, und setzte meine Interessen kompromisslos durch. Was mir besonders gefallen &hellip;<\/p><\/div>\n            <a class=\"btn btn-cta\"  href=\"#\" data-toggle=\"modal\" data-target=\"#ContactModal\"  title=\"Sandra B., 39 Jahre, aus Bremen jetzt Kontakt aufnehmen!\">\n                Nachricht senden            <\/a>\n        <\/div>\n    <\/div>\n<\/article><article class=\"contact contact-list post-2631 profile type-profile status-publish has-post-thumbnail hentry\" data-contact=\"2631\">\n    \n    <div class=\"media\">\n        <div class=\"media-left\">\n            <a  href=\"#\" data-toggle=\"modal\" data-target=\"#ContactModal\"  title=\"Peter S. jetzt Kontakt aufnehmen!\">\n                <img loading=\"lazy\" decoding=\"async\" width=\"500\" height=\"500\" src=\"https:\/\/anwalt.rocks\/arbeitsrecht\/wp-content\/uploads\/sites\/2\/2025\/01\/meinung-11.jpg\" class=\"contact-image media-object wp-post-image\" alt=\"Peter S.\" srcset=\"https:\/\/anwalt.rocks\/arbeitsrecht\/wp-content\/uploads\/sites\/2\/2025\/01\/meinung-11.jpg 500w, https:\/\/anwalt.rocks\/arbeitsrecht\/wp-content\/uploads\/sites\/2\/2025\/01\/meinung-11-300x300.jpg 300w, https:\/\/anwalt.rocks\/arbeitsrecht\/wp-content\/uploads\/sites\/2\/2025\/01\/meinung-11-150x150.jpg 150w\" sizes=\"auto, (max-width: 500px) 100vw, 500px\" \/>            <\/a>\n        <\/div>\n\n        <div class=\"media-body\">\n                        <p class=\"h2 media-heading\">\n                <a  href=\"#\" data-toggle=\"modal\" data-target=\"#ContactModal\"  title=\"Peter S. jetzt Kontakt aufnehmen!\">\n                    <span class=\"contact-name\">Peter S.<\/span>\n                <\/a>\n\n                <span class=\"contact-text\"><\/span> <span class=\"contact-city\"><a href=\"https:\/\/anwalt.rocks\/arbeitsrecht\/region\/moos-bodensee\/\">Anwalt Arbeitsrecht Moos Bodensee<\/a><\/span>            <\/p>\n\n            <div class=\"quote\"><p>Dr. Schmelzer hat meinen Fall mit gro\u00dfem Engagement \u00fcbernommen. Es ging um eine unrechtm\u00e4\u00dfige K\u00fcndigung, die mein Arbeitgeber ausgesprochen hatte. Dank seiner Expertise und Verhandlungsst\u00e4rke konnte ich nicht nur meine Stelle behalten, sondern erhielt auch eine Entsch\u00e4digung. Besonders beeindruckt hat &hellip;<\/p><\/div>\n            <a class=\"btn btn-cta\"  href=\"#\" data-toggle=\"modal\" data-target=\"#ContactModal\"  title=\"Peter S. jetzt Kontakt aufnehmen!\">\n                Nachricht senden            <\/a>\n        <\/div>\n    <\/div>\n<\/article><article class=\"contact contact-list post-2606 profile type-profile status-publish has-post-thumbnail hentry\" data-contact=\"2606\">\n    \n    <div class=\"media\">\n        <div class=\"media-left\">\n            <a  href=\"#\" data-toggle=\"modal\" data-target=\"#ContactModal\"  title=\"Maria P., 29 Jahre, aus Stuttgart jetzt Kontakt aufnehmen!\">\n                <img loading=\"lazy\" decoding=\"async\" width=\"500\" height=\"500\" src=\"https:\/\/anwalt.rocks\/arbeitsrecht\/wp-content\/uploads\/sites\/2\/2025\/01\/meinung-03.jpg\" class=\"contact-image media-object wp-post-image\" alt=\"Maria P., 29 Jahre, aus Stuttgart\" srcset=\"https:\/\/anwalt.rocks\/arbeitsrecht\/wp-content\/uploads\/sites\/2\/2025\/01\/meinung-03.jpg 500w, https:\/\/anwalt.rocks\/arbeitsrecht\/wp-content\/uploads\/sites\/2\/2025\/01\/meinung-03-300x300.jpg 300w, https:\/\/anwalt.rocks\/arbeitsrecht\/wp-content\/uploads\/sites\/2\/2025\/01\/meinung-03-150x150.jpg 150w\" sizes=\"auto, (max-width: 500px) 100vw, 500px\" \/>            <\/a>\n        <\/div>\n\n        <div class=\"media-body\">\n                        <p class=\"h2 media-heading\">\n                <a  href=\"#\" data-toggle=\"modal\" data-target=\"#ContactModal\"  title=\"Maria P., 29 Jahre, aus Stuttgart jetzt Kontakt aufnehmen!\">\n                    <span class=\"contact-name\">Maria P., 29 Jahre, aus Stuttgart<\/span>\n                <\/a>\n\n                <span class=\"contact-text\"><\/span> <span class=\"contact-city\"><a href=\"https:\/\/anwalt.rocks\/arbeitsrecht\/region\/loedla\/\">Anwalt Arbeitsrecht L\u00f6dla<\/a><\/span>            <\/p>\n\n            <div class=\"quote\"><p>Herr Dr. Schmelzer ist einfach ein toller Anwalt! In meinem Fall ging es um Mobbing am Arbeitsplatz. Ich wusste nicht mehr weiter, aber Herr Dr. Schmelzer hat mir Mut gemacht und klare Schritte vorgeschlagen. Er hat nicht nur mein Recht &hellip;<\/p><\/div>\n            <a class=\"btn btn-cta\"  href=\"#\" data-toggle=\"modal\" data-target=\"#ContactModal\"  title=\"Maria P., 29 Jahre, aus Stuttgart jetzt Kontakt aufnehmen!\">\n                Nachricht senden            <\/a>\n        <\/div>\n    <\/div>\n<\/article>\n<div class=\"blogposts\"><ul><li><a href=\"https:\/\/anwalt.rocks\/arbeitsrecht\/espelkamp\/\" title=\"Anwalt Arbeitsrecht Espelkamp &#8211; \u00dcber 38 \u00fcbergl\u00fcckliche Klienten.\">Anwalt Arbeitsrecht Espelkamp &#8211; \u00dcber 38 \u00fcbergl\u00fcckliche Klienten.<\/a><\/li><li><a href=\"https:\/\/anwalt.rocks\/arbeitsrecht\/langenau\/\" title=\"Anwalt Langenau Experte in Sachen Arbeitsrecht.\">Anwalt Langenau Experte in Sachen Arbeitsrecht.<\/a><\/li><li><a href=\"https:\/\/anwalt.rocks\/arbeitsrecht\/bad-koestritz\/\" title=\"Anwalt Arbeitsrecht Bad K\u00f6stritz &#8211; Kathi hat den Fall gewonnen.\">Anwalt Arbeitsrecht Bad K\u00f6stritz &#8211; Kathi hat den Fall gewonnen.<\/a><\/li><li><a href=\"https:\/\/anwalt.rocks\/arbeitsrecht\/tribsees\/\" title=\"Rechtsanwalt Tribsees Experte f\u00fcr IT- und Arbeitsrecht.\">Rechtsanwalt Tribsees Experte f\u00fcr IT- und Arbeitsrecht.<\/a><\/li><li><a href=\"https:\/\/anwalt.rocks\/arbeitsrecht\/clausthal-zellerfeld\/\" title=\"Anwalt Clausthal Zellerfeld Arbeitsrecht Betreuung f\u00fcr Arbeitgeber sowie Arbeitnehmer.\">Anwalt Clausthal Zellerfeld Arbeitsrecht Betreuung f\u00fcr Arbeitgeber sowie Arbeitnehmer.<\/a><\/li><li><a href=\"https:\/\/anwalt.rocks\/arbeitsrecht\/rhein-kreis-neuss\/\" title=\"Kanzlei Dr. Stephan Schmelzer Rechtsanwalt Arbeits- und IT Recht Rhein Kreis Neuss.\">Kanzlei Dr. Stephan Schmelzer Rechtsanwalt Arbeits- und IT Recht Rhein Kreis Neuss.<\/a><\/li><li><a href=\"https:\/\/anwalt.rocks\/arbeitsrecht\/dassel\/\" title=\"Fachanwalt f\u00fcr Arbeits- und IT Recht Dassel.\">Fachanwalt f\u00fcr Arbeits- und IT Recht Dassel.<\/a><\/li><\/ul><\/div>\n","protected":false},"excerpt":{"rendered":"<h2>Anwalt Arbeitsrecht Dassel &#8211; Spezialist  f\u00fcr bundesweite Vertretungen.<\/h2>\n<p><a href=\"https:\/\/dr-schmelzer.eu\/arbeitsrecht\/\" target=\"_blank\" rel=\"noopener\"><img loading=\"lazy\" decoding=\"async\" src=\"https:\/\/anwalt.rocks\/bilder\/arbeitsrecht\/anwalt-arbeitsrecht-600x600.webp\" alt=\"Fachanwalt f\u00fcr Arbeits- und IT Recht Dassel.\" title=\"Fachanwalt f\u00fcr Arbeits- und IT Recht Dassel.\" width=\"600\" height=\"600\" \/><\/a> <\/p>\n<h3>Anwalt Arbeitsrecht und IT Recht Dassel &#8211; Soziet\u00e4t Dr. Stephan Schmelzer.<\/h3>\n<p>Dr. Stephan Schmelzer steht Ihnen in allen Belangen des Arbeitsrechts beratend zur Verf\u00fcgung. Seit \u00fcber 25 Jahren im Arbeitsrecht t\u00e4tig, hat &hellip;<\/p>","protected":false},"author":1,"featured_media":0,"comment_status":"closed","ping_status":"open","sticky":false,"template":"","format":"standard","meta":{"footnotes":""},"categories":[3],"tags":[],"class_list":["post-9657","post","type-post","status-publish","format-standard","hentry","category-fachanwalt"],"yoast_head":"<!-- This site is optimized with the Yoast SEO Premium plugin v27.1 (Yoast SEO v27.2) - https:\/\/yoast.com\/product\/yoast-seo-premium-wordpress\/ -->\n<title>Anwalt T\u00f6nisvorst f\u00fcr Arbeitsrecht.<\/title>\n<meta name=\"robots\" content=\"index, follow, max-snippet:-1, max-image-preview:large, max-video-preview:-1\" \/>\n<link rel=\"canonical\" href=\"https:\/\/anwalt.rocks\/arbeitsrecht\/toenisvorst\/\" \/>\n<meta property=\"og:locale\" content=\"de_DE\" \/>\n<meta property=\"og:type\" content=\"article\" \/>\n<meta property=\"og:title\" content=\"Anwalt T\u00f6nisvorst f\u00fcr Arbeitsrecht.\" \/>\n<meta property=\"og:description\" content=\"Anwalt Arbeitsrecht Dassel &#8211; Spezialist f\u00fcr bundesweite Vertretungen.  Anwalt Arbeitsrecht und IT Recht Dassel &#8211; Soziet\u00e4t Dr. Stephan Schmelzer. Dr. Stephan Schmelzer steht Ihnen in allen Belangen des Arbeitsrechts beratend zur Verf\u00fcgung. Seit \u00fcber 25 Jahren im Arbeitsrecht t\u00e4tig, hat &hellip;\" \/>\n<meta property=\"og:url\" content=\"https:\/\/anwalt.rocks\/arbeitsrecht\/toenisvorst\/\" \/>\n<meta property=\"og:site_name\" content=\"Anwalt Arbeitsrecht in der N\u00e4he - Dr. Schmelzer\" \/>\n<meta property=\"article:published_time\" content=\"2025-01-08T23:07:04+00:00\" \/>\n<meta property=\"og:image\" content=\"https:\/\/anwalt.rocks\/bilder\/arbeitsrecht\/anwalt-arbeitsrecht-600x600.webp\" \/>\n<meta name=\"author\" content=\"admin\" \/>\n<meta name=\"twitter:card\" content=\"summary_large_image\" \/>\n<meta name=\"twitter:label1\" content=\"Verfasst von\" \/>\n\t<meta name=\"twitter:data1\" content=\"admin\" \/>\n\t<meta name=\"twitter:label2\" content=\"Gesch\u00e4tzte Lesezeit\" \/>\n\t<meta name=\"twitter:data2\" content=\"4\u00a0Minuten\" \/>\n<script type=\"application\/ld+json\" class=\"yoast-schema-graph\">{\"@context\":\"https:\/\/schema.org\",\"@graph\":[{\"@type\":\"Article\",\"@id\":\"https:\/\/anwalt.rocks\/arbeitsrecht\/toenisvorst\/#article\",\"isPartOf\":{\"@id\":\"https:\/\/anwalt.rocks\/arbeitsrecht\/toenisvorst\/\"},\"author\":{\"name\":\"admin\",\"@id\":\"https:\/\/anwalt.rocks\/arbeitsrecht\/#\/schema\/person\/3fd3b0fc4df170bb2460fbc934288e39\"},\"headline\":\"Anwalt T\u00f6nisvorst f\u00fcr Arbeitsrecht.\",\"datePublished\":\"2025-01-08T23:07:04+00:00\",\"mainEntityOfPage\":{\"@id\":\"https:\/\/anwalt.rocks\/arbeitsrecht\/toenisvorst\/\"},\"wordCount\":721,\"publisher\":{\"@id\":\"https:\/\/anwalt.rocks\/arbeitsrecht\/#organization\"},\"image\":{\"@id\":\"https:\/\/anwalt.rocks\/arbeitsrecht\/toenisvorst\/#primaryimage\"},\"thumbnailUrl\":\"https:\/\/anwalt.rocks\/bilder\/arbeitsrecht\/anwalt-arbeitsrecht-600x600.webp\",\"articleSection\":[\"Fachanwalt\"],\"inLanguage\":\"de\"},{\"@type\":\"WebPage\",\"@id\":\"https:\/\/anwalt.rocks\/arbeitsrecht\/toenisvorst\/\",\"url\":\"https:\/\/anwalt.rocks\/arbeitsrecht\/toenisvorst\/\",\"name\":\"Anwalt T\u00f6nisvorst f\u00fcr Arbeitsrecht.\",\"isPartOf\":{\"@id\":\"https:\/\/anwalt.rocks\/arbeitsrecht\/#website\"},\"primaryImageOfPage\":{\"@id\":\"https:\/\/anwalt.rocks\/arbeitsrecht\/toenisvorst\/#primaryimage\"},\"image\":{\"@id\":\"https:\/\/anwalt.rocks\/arbeitsrecht\/toenisvorst\/#primaryimage\"},\"thumbnailUrl\":\"https:\/\/anwalt.rocks\/bilder\/arbeitsrecht\/anwalt-arbeitsrecht-600x600.webp\",\"datePublished\":\"2025-01-08T23:07:04+00:00\",\"breadcrumb\":{\"@id\":\"https:\/\/anwalt.rocks\/arbeitsrecht\/toenisvorst\/#breadcrumb\"},\"inLanguage\":\"de\",\"potentialAction\":[{\"@type\":\"ReadAction\",\"target\":[\"https:\/\/anwalt.rocks\/arbeitsrecht\/toenisvorst\/\"]}]},{\"@type\":\"ImageObject\",\"inLanguage\":\"de\",\"@id\":\"https:\/\/anwalt.rocks\/arbeitsrecht\/toenisvorst\/#primaryimage\",\"url\":\"https:\/\/anwalt.rocks\/bilder\/arbeitsrecht\/anwalt-arbeitsrecht-600x600.webp\",\"contentUrl\":\"https:\/\/anwalt.rocks\/bilder\/arbeitsrecht\/anwalt-arbeitsrecht-600x600.webp\"},{\"@type\":\"BreadcrumbList\",\"@id\":\"https:\/\/anwalt.rocks\/arbeitsrecht\/toenisvorst\/#breadcrumb\",\"itemListElement\":[{\"@type\":\"ListItem\",\"position\":1,\"name\":\"Start\",\"item\":\"https:\/\/anwalt.rocks\/arbeitsrecht\/\"},{\"@type\":\"ListItem\",\"position\":2,\"name\":\"Anwalt T\u00f6nisvorst f\u00fcr Arbeitsrecht.\"}]},{\"@type\":\"WebSite\",\"@id\":\"https:\/\/anwalt.rocks\/arbeitsrecht\/#website\",\"url\":\"https:\/\/anwalt.rocks\/arbeitsrecht\/\",\"name\":\"Anwalt Arbeitsrecht in der N\u00e4he - Dr. Schmelzer\",\"description\":\"Kompetenzen und Vorteile von Dr. Stephan Schmelzer \u2013 Anwalt und Fachanwalt f\u00fcr Arbeitsrecht mit 25 j\u00e4hriger Berufspraxis.\",\"publisher\":{\"@id\":\"https:\/\/anwalt.rocks\/arbeitsrecht\/#organization\"},\"potentialAction\":[{\"@type\":\"SearchAction\",\"target\":{\"@type\":\"EntryPoint\",\"urlTemplate\":\"https:\/\/anwalt.rocks\/arbeitsrecht\/?s={search_term_string}\"},\"query-input\":{\"@type\":\"PropertyValueSpecification\",\"valueRequired\":true,\"valueName\":\"search_term_string\"}}],\"inLanguage\":\"de\"},{\"@type\":\"Organization\",\"@id\":\"https:\/\/anwalt.rocks\/arbeitsrecht\/#organization\",\"name\":\"Kanzlei Dr. Schmelzer\",\"url\":\"https:\/\/anwalt.rocks\/arbeitsrecht\/\",\"logo\":{\"@type\":\"ImageObject\",\"inLanguage\":\"de\",\"@id\":\"https:\/\/anwalt.rocks\/arbeitsrecht\/#\/schema\/logo\/image\/\",\"url\":\"https:\/\/anwalt.rocks\/arbeitsrecht\/wp-content\/uploads\/sites\/2\/2025\/01\/anwalt-arbeitsrecht-logo.png\",\"contentUrl\":\"https:\/\/anwalt.rocks\/arbeitsrecht\/wp-content\/uploads\/sites\/2\/2025\/01\/anwalt-arbeitsrecht-logo.png\",\"width\":450,\"height\":150,\"caption\":\"Kanzlei Dr. Schmelzer\"},\"image\":{\"@id\":\"https:\/\/anwalt.rocks\/arbeitsrecht\/#\/schema\/logo\/image\/\"}},{\"@type\":\"Person\",\"@id\":\"https:\/\/anwalt.rocks\/arbeitsrecht\/#\/schema\/person\/3fd3b0fc4df170bb2460fbc934288e39\",\"name\":\"admin\",\"image\":{\"@type\":\"ImageObject\",\"inLanguage\":\"de\",\"@id\":\"https:\/\/secure.gravatar.com\/avatar\/2a567a722e62dc61f1aaa46c6b595fa617f2003443806e3422a8fed77c029cfc?s=96&d=mm&r=g\",\"url\":\"https:\/\/secure.gravatar.com\/avatar\/2a567a722e62dc61f1aaa46c6b595fa617f2003443806e3422a8fed77c029cfc?s=96&d=mm&r=g\",\"contentUrl\":\"https:\/\/secure.gravatar.com\/avatar\/2a567a722e62dc61f1aaa46c6b595fa617f2003443806e3422a8fed77c029cfc?s=96&d=mm&r=g\",\"caption\":\"admin\"},\"sameAs\":[\"https:\/\/anwalt.rocks\"],\"url\":\"https:\/\/anwalt.rocks\/arbeitsrecht\/author\/admin\/\"}]}<\/script>\n<!-- \/ Yoast SEO Premium plugin. -->","yoast_head_json":{"title":"Anwalt T\u00f6nisvorst f\u00fcr Arbeitsrecht.","robots":{"index":"index","follow":"follow","max-snippet":"max-snippet:-1","max-image-preview":"max-image-preview:large","max-video-preview":"max-video-preview:-1"},"canonical":"https:\/\/anwalt.rocks\/arbeitsrecht\/toenisvorst\/","og_locale":"de_DE","og_type":"article","og_title":"Anwalt T\u00f6nisvorst f\u00fcr Arbeitsrecht.","og_description":"Anwalt Arbeitsrecht Dassel &#8211; Spezialist f\u00fcr bundesweite Vertretungen.  Anwalt Arbeitsrecht und IT Recht Dassel &#8211; Soziet\u00e4t Dr. Stephan Schmelzer. Dr. Stephan Schmelzer steht Ihnen in allen Belangen des Arbeitsrechts beratend zur Verf\u00fcgung. Seit \u00fcber 25 Jahren im Arbeitsrecht t\u00e4tig, hat &hellip;","og_url":"https:\/\/anwalt.rocks\/arbeitsrecht\/toenisvorst\/","og_site_name":"Anwalt Arbeitsrecht in der N\u00e4he - Dr. Schmelzer","article_published_time":"2025-01-08T23:07:04+00:00","og_image":[{"url":"https:\/\/anwalt.rocks\/bilder\/arbeitsrecht\/anwalt-arbeitsrecht-600x600.webp","type":"","width":"","height":""}],"author":"admin","twitter_card":"summary_large_image","twitter_misc":{"Verfasst von":"admin","Gesch\u00e4tzte Lesezeit":"4\u00a0Minuten"},"schema":{"@context":"https:\/\/schema.org","@graph":[{"@type":"Article","@id":"https:\/\/anwalt.rocks\/arbeitsrecht\/toenisvorst\/#article","isPartOf":{"@id":"https:\/\/anwalt.rocks\/arbeitsrecht\/toenisvorst\/"},"author":{"name":"admin","@id":"https:\/\/anwalt.rocks\/arbeitsrecht\/#\/schema\/person\/3fd3b0fc4df170bb2460fbc934288e39"},"headline":"Anwalt T\u00f6nisvorst f\u00fcr Arbeitsrecht.","datePublished":"2025-01-08T23:07:04+00:00","mainEntityOfPage":{"@id":"https:\/\/anwalt.rocks\/arbeitsrecht\/toenisvorst\/"},"wordCount":721,"publisher":{"@id":"https:\/\/anwalt.rocks\/arbeitsrecht\/#organization"},"image":{"@id":"https:\/\/anwalt.rocks\/arbeitsrecht\/toenisvorst\/#primaryimage"},"thumbnailUrl":"https:\/\/anwalt.rocks\/bilder\/arbeitsrecht\/anwalt-arbeitsrecht-600x600.webp","articleSection":["Fachanwalt"],"inLanguage":"de"},{"@type":"WebPage","@id":"https:\/\/anwalt.rocks\/arbeitsrecht\/toenisvorst\/","url":"https:\/\/anwalt.rocks\/arbeitsrecht\/toenisvorst\/","name":"Anwalt T\u00f6nisvorst f\u00fcr Arbeitsrecht.","isPartOf":{"@id":"https:\/\/anwalt.rocks\/arbeitsrecht\/#website"},"primaryImageOfPage":{"@id":"https:\/\/anwalt.rocks\/arbeitsrecht\/toenisvorst\/#primaryimage"},"image":{"@id":"https:\/\/anwalt.rocks\/arbeitsrecht\/toenisvorst\/#primaryimage"},"thumbnailUrl":"https:\/\/anwalt.rocks\/bilder\/arbeitsrecht\/anwalt-arbeitsrecht-600x600.webp","datePublished":"2025-01-08T23:07:04+00:00","breadcrumb":{"@id":"https:\/\/anwalt.rocks\/arbeitsrecht\/toenisvorst\/#breadcrumb"},"inLanguage":"de","potentialAction":[{"@type":"ReadAction","target":["https:\/\/anwalt.rocks\/arbeitsrecht\/toenisvorst\/"]}]},{"@type":"ImageObject","inLanguage":"de","@id":"https:\/\/anwalt.rocks\/arbeitsrecht\/toenisvorst\/#primaryimage","url":"https:\/\/anwalt.rocks\/bilder\/arbeitsrecht\/anwalt-arbeitsrecht-600x600.webp","contentUrl":"https:\/\/anwalt.rocks\/bilder\/arbeitsrecht\/anwalt-arbeitsrecht-600x600.webp"},{"@type":"BreadcrumbList","@id":"https:\/\/anwalt.rocks\/arbeitsrecht\/toenisvorst\/#breadcrumb","itemListElement":[{"@type":"ListItem","position":1,"name":"Start","item":"https:\/\/anwalt.rocks\/arbeitsrecht\/"},{"@type":"ListItem","position":2,"name":"Anwalt T\u00f6nisvorst f\u00fcr Arbeitsrecht."}]},{"@type":"WebSite","@id":"https:\/\/anwalt.rocks\/arbeitsrecht\/#website","url":"https:\/\/anwalt.rocks\/arbeitsrecht\/","name":"Anwalt Arbeitsrecht in der N\u00e4he - Dr. Schmelzer","description":"Kompetenzen und Vorteile von Dr. Stephan Schmelzer \u2013 Anwalt und Fachanwalt f\u00fcr Arbeitsrecht mit 25 j\u00e4hriger Berufspraxis.","publisher":{"@id":"https:\/\/anwalt.rocks\/arbeitsrecht\/#organization"},"potentialAction":[{"@type":"SearchAction","target":{"@type":"EntryPoint","urlTemplate":"https:\/\/anwalt.rocks\/arbeitsrecht\/?s={search_term_string}"},"query-input":{"@type":"PropertyValueSpecification","valueRequired":true,"valueName":"search_term_string"}}],"inLanguage":"de"},{"@type":"Organization","@id":"https:\/\/anwalt.rocks\/arbeitsrecht\/#organization","name":"Kanzlei Dr. Schmelzer","url":"https:\/\/anwalt.rocks\/arbeitsrecht\/","logo":{"@type":"ImageObject","inLanguage":"de","@id":"https:\/\/anwalt.rocks\/arbeitsrecht\/#\/schema\/logo\/image\/","url":"https:\/\/anwalt.rocks\/arbeitsrecht\/wp-content\/uploads\/sites\/2\/2025\/01\/anwalt-arbeitsrecht-logo.png","contentUrl":"https:\/\/anwalt.rocks\/arbeitsrecht\/wp-content\/uploads\/sites\/2\/2025\/01\/anwalt-arbeitsrecht-logo.png","width":450,"height":150,"caption":"Kanzlei Dr. Schmelzer"},"image":{"@id":"https:\/\/anwalt.rocks\/arbeitsrecht\/#\/schema\/logo\/image\/"}},{"@type":"Person","@id":"https:\/\/anwalt.rocks\/arbeitsrecht\/#\/schema\/person\/3fd3b0fc4df170bb2460fbc934288e39","name":"admin","image":{"@type":"ImageObject","inLanguage":"de","@id":"https:\/\/secure.gravatar.com\/avatar\/2a567a722e62dc61f1aaa46c6b595fa617f2003443806e3422a8fed77c029cfc?s=96&d=mm&r=g","url":"https:\/\/secure.gravatar.com\/avatar\/2a567a722e62dc61f1aaa46c6b595fa617f2003443806e3422a8fed77c029cfc?s=96&d=mm&r=g","contentUrl":"https:\/\/secure.gravatar.com\/avatar\/2a567a722e62dc61f1aaa46c6b595fa617f2003443806e3422a8fed77c029cfc?s=96&d=mm&r=g","caption":"admin"},"sameAs":["https:\/\/anwalt.rocks"],"url":"https:\/\/anwalt.rocks\/arbeitsrecht\/author\/admin\/"}]}},"_links":{"self":[{"href":"https:\/\/anwalt.rocks\/arbeitsrecht\/wp-json\/wp\/v2\/posts\/9657","targetHints":{"allow":["GET"]}}],"collection":[{"href":"https:\/\/anwalt.rocks\/arbeitsrecht\/wp-json\/wp\/v2\/posts"}],"about":[{"href":"https:\/\/anwalt.rocks\/arbeitsrecht\/wp-json\/wp\/v2\/types\/post"}],"author":[{"embeddable":true,"href":"https:\/\/anwalt.rocks\/arbeitsrecht\/wp-json\/wp\/v2\/users\/1"}],"replies":[{"embeddable":true,"href":"https:\/\/anwalt.rocks\/arbeitsrecht\/wp-json\/wp\/v2\/comments?post=9657"}],"version-history":[{"count":0,"href":"https:\/\/anwalt.rocks\/arbeitsrecht\/wp-json\/wp\/v2\/posts\/9657\/revisions"}],"wp:attachment":[{"href":"https:\/\/anwalt.rocks\/arbeitsrecht\/wp-json\/wp\/v2\/media?parent=9657"}],"wp:term":[{"taxonomy":"category","embeddable":true,"href":"https:\/\/anwalt.rocks\/arbeitsrecht\/wp-json\/wp\/v2\/categories?post=9657"},{"taxonomy":"post_tag","embeddable":true,"href":"https:\/\/anwalt.rocks\/arbeitsrecht\/wp-json\/wp\/v2\/tags?post=9657"}],"curies":[{"name":"wp","href":"https:\/\/api.w.org\/{rel}","templated":true}]}}