{"id":9681,"date":"2025-01-13T00:02:41","date_gmt":"2025-01-12T23:02:41","guid":{"rendered":"https:\/\/anwalt.rocks\/arbeitsrecht\/trofaiach\/"},"modified":"2025-01-13T00:02:41","modified_gmt":"2025-01-12T23:02:41","slug":"trofaiach","status":"publish","type":"post","link":"https:\/\/anwalt.rocks\/arbeitsrecht\/trofaiach\/","title":{"rendered":"Anwalt Trofaiach f\u00fcr Arbeitsrecht."},"content":{"rendered":"<span class=\"span-reading-time rt-reading-time\" style=\"display: block;\"><span class=\"rt-label rt-prefix\">Lesedauer<\/span> <span class=\"rt-time\"> 3<\/span> <span class=\"rt-label rt-postfix\">Minuten<\/span><\/span><h2>Spezialist Dr. Schmelzer f\u00fcr IT- und Arbeitsrecht Trofaiach und auch Lohnfortzahlung im Krankheitsfall.<\/h2>\n<p><a href=\"https:\/\/dr-schmelzer.eu\/arbeitsrecht\/\" target=\"_blank\" rel=\"noopener\"><img loading=\"lazy\" decoding=\"async\" src=\"https:\/\/anwalt.rocks\/bilder\/arbeitsrecht\/anwalt-arbeitsrecht-600x600.webp\" alt=\"Anwalt Trofaiach f\u00fcr Arbeitsrecht.\" title=\"Anwalt Trofaiach f\u00fcr Arbeitsrecht.\" width=\"600\" height=\"600\" \/><\/a> <\/p>\n<h3>Anwalt Arbeitsrecht Trofaiach &#8211; Kanzlei Dr. Stephan Schmelzer.<\/h3>\n<p>Ihr zuverl\u00e4ssiger Partner in Sachen Arbeitsrecht: Dr. Stephan Schmelzer. Durch seine Spezialisierung seit 2002 als Fachanwalt f\u00fcr Arbeitsrecht hat er sich weit \u00fcber Ahlen hinaus etabliert. Dr. Stephan Schmelzer f\u00fchrt seine Kanzlei seit \u00fcber 20 Jahren und bietet professionelle Beratung sowie individuelle und pr\u00e4zise Betreuung. Dr. Schmelzers Spezialisierungen im Arbeits- und IT-Recht machen ihn zu einem Experten, der in der digitalen Arbeitswelt gefragt ist. &#8211; <a title=\"Anwalt L\u00fcbeck\" href=\"https:\/\/anwalt.rocks\/arbeitsrecht\/luebeck\/\">Anwalt L\u00fcbeck<\/a><\/p>\n<p><a href=\"https:\/\/dr-schmelzer.eu\/arbeitsrecht\/\" target=\"_blank\" rel=\"noopener\"><img loading=\"lazy\" decoding=\"async\" src=\"https:\/\/anwalt.rocks\/bilder\/arbeitsrecht\/rechtsanwalt-arbeitsrecht-600x600.webp\" alt=\"Anwalt Arbeitsrecht Trofaiach\" title=\"Anwalt Arbeitsrecht Trofaiach\" width=\"600\" height=\"600\" \/><\/a> <\/p>\n<h3>Kanzlei Dr. Stephan Schmelzer &#8211; Spezialist f\u00fcr Arbeitsrecht Trofaiach.<\/h3>\n<p>IT-Recht wird unterst\u00fctzend behandelt, w\u00e4hrend der Fokus seiner Kanzlei auf dem Arbeitsrecht \u2013 national wie weltweit \u2013 liegt. Dr. Stephan Schmelzer bietet auf jeden Fall zugeschnittene L\u00f6sungen f\u00fcr alle arbeitsrechtlichen Fragen von Arbeitgebern und Arbeitnehmern. Seine F\u00e4higkeit, Mandantenbed\u00fcrfnisse individuell zu erf\u00fcllen, kombiniert mit seiner Erfahrung, macht ihn zu einem Top-Experten. &#8211; <a title=\"Anwalt K\u00e4rnten\" href=\"https:\/\/anwalt.rocks\/arbeitsrecht\/kaernten\/\">Anwalt K\u00e4rnten<\/a><\/p>\n<h3>Erfahren und extrem einsatzfreudig &#8211; Fest drei Jahrzehnte Anwaltserfahrung als Jurist Trofaiach.<\/h3>\n<p>Die juristischen Anforderungen f\u00fcr Arbeitgeber reichen heute von der Gestaltung von Arbeitsvertr\u00e4gen bis zu komplexen Restrukturierungen. Mit seiner praxisorientierten Expertise hilft Dr. Schmelzer Unternehmen, rechtliche Risiken fr\u00fchzeitig zu erkennen und geeignete L\u00f6sungen zu finden. Zu seinen Beratungsleistungen z\u00e4hlen: &#8211; <a title=\"Anwalt Arbeitsrecht Dinslaken\" href=\"https:\/\/anwalt.rocks\/arbeitsrecht\/dinslaken\/\">Anwalt Arbeitsrecht Dinslaken<\/a><\/p>\n<h3>Anwalt Arbeitsrecht Trofaiach 39 gl\u00fcckliche Klienten.<\/h3>\n<p>Entwicklung und \u00dcberpr\u00fcfung von Arbeitsvertr\u00e4gen, die rechtlich stabil und individuell anpassbar sind. Entwicklung ma\u00dfgeschneiderter Verg\u00fctungs- und Arbeitszeitmodelle, die den Bed\u00fcrfnissen des Unternehmens gerecht werden. &#8211; <a title=\"Anwalt Arbeitsrecht Geyer\" href=\"https:\/\/anwalt.rocks\/arbeitsrecht\/geyer\/\">Anwalt Arbeitsrecht Geyer<\/a><\/p>\n<h3>Deshalb w\u00e4hlt man diesen verl\u00e4sslichen Anwalt Trofaiach:<\/h3>\n<p>Hilfestellung bei der Organisation und Durchf\u00fchrung von betriebs- oder personenbezogenen K\u00fcndigungen. Senkung rechtlicher Risiken und fachkundige Begleitung von Anfang bis Ende des K\u00fcndigungsverfahrens.<\/p>\n<h3>Kompetent aber auch top zuverl\u00e4ssig.<\/h3>\n<p>Unterst\u00fctzung bei der Ber\u00fccksichtigung des Betriebsrats bei entscheidenden Ma\u00dfnahmen. Unterst\u00fctzung bei der Abstimmung und rechtlichen Umsetzung von Betriebsvereinbarungen. Unterst\u00fctzung bei der strategischen Organisation und rechtlichen Absicherung von Restrukturierungen. Begleitung bei arbeitsrechtlichen Streitf\u00e4llen, darunter K\u00fcndigungsschutzverfahren und Entfristungsklagen. Konzentration auf die effektive und zielgerichtete Vertretung der Unternehmensinteressen.<\/p>\n<h3>Anwalt Arbeitsrecht Trofaiach &#8211; Spezialist Dr. Schmelzer.<\/h3>\n<p>Dr. Schmelzers umfassendes Know-how steht auch Arbeitnehmern offen. In herausfordernden Konfliktsituationen ist er ein zuverl\u00e4ssiger Partner, der sich f\u00fcr die Belange seiner Mandanten einsetzt. Folgende Leistungen werden bereitgestellt:<\/p>\n<p>Umfassende rechtliche Vertretung in K\u00fcndigungsschutzklagen vor dem Arbeitsgericht. Beratung und Verhandlung von Abfindungsregelungen und finanziellen Entsch\u00e4digungen. Umfassende rechtliche Vertretung in K\u00fcndigungsschutzklagen vor dem Arbeitsgericht. Beratung und Verhandlung von Abfindungsregelungen und finanziellen Entsch\u00e4digungen.<\/p>\n<p>Rechtliche Beratung bei der Erstellung von Aufhebungsvertr\u00e4gen und Verhandlung von Abfindungen. Beratung zur Pr\u00fcfung und Optimierung von Arbeitszeugnissen. Vertretung vor Gericht in Zeugnisstreitf\u00e4llen zur Korrektur unzutreffender Beurteilungen. Weniger Kosten Rechtsberatung zur Durchsetzung von Lohn- und Gehaltsanspr\u00fcchen. Juristische Beratung und Vertretung bei Streitf\u00e4llen \u00fcber Entgelt und \u00dcberstundenverg\u00fctung. Pr\u00fcfung von Abmahnungen und rechtliche Unterst\u00fctzung zur Beseitigung unbegr\u00fcndeter Vorw\u00fcrfe.<\/p>\n<h4>Betreuung f\u00fcr Arbeitgeber und Arbeitnehmer im Bereich Anwalt Arbeitsrecht Trofaiach.<\/h4>\n<p>Dr. Schmelzer ist Experte f\u00fcr die Verbindung von Restrukturierung und Konfliktmanagement. Die Unterst\u00fctzung von Unternehmen in Restrukturierungsfragen bildet eine Kernkompetenz von Dr. Schmelzer. Gefordert wird hier eine Kombination aus juristischer Kompetenz, Verhandlungskunst und \u00f6konomischem Verst\u00e4ndnis.<\/p>\n<p>Anwalt Trofaiach Fazit: Dr. Schmelzer bringt umfassende Erfahrung in der Entwicklung und praktischen Umsetzung von Sozialpl\u00e4nen und Interessenausgleichen mit. Im Vordergrund steht die Erarbeitung einer tragf\u00e4higen L\u00f6sung f\u00fcr alle Beteiligten. Mit umfassender Expertise und einer klaren Strategie unterst\u00fctzt Dr. Schmelzer Verhandlungen mit Gewerkschaften und Betriebsr\u00e4ten.<\/p>\n<p>Jeder Fall wird vom Fachanwalt f\u00fcr Arbeitsrecht als besondere Aufgabe wahrgenommen, die mit Hingabe behandelt wird. Dr. Schmelzer strebt stets die beste L\u00f6sung f\u00fcr seine Mandanten an, sei es au\u00dfergerichtlich oder im Rahmen eines Gerichtsverfahrens. Dabei legt er Wert auf Klarheit und eine partnerschaftliche Abstimmung mit seinen Mandanten. Dr. Schmelzer legt gr\u00f6\u00dften Wert darauf, die Zufriedenheit seiner Mandanten sicherzustellen. Seine Mandanten sch\u00e4tzen seine auf L\u00f6sungen ausgerichtete Arbeitsweise, die zu zahlreichen Erfolgen f\u00fchrt. Arbeitnehmer und Arbeitgeber finden in der Kanzlei Dr. Stephan Schmelzer einen erfahrenen und engagierten Partner.<\/p>\n<article class=\"contact contact-list post-2649 profile type-profile status-publish has-post-thumbnail hentry\" data-contact=\"2649\">\n    \n    <div class=\"media\">\n        <div class=\"media-left\">\n            <a  href=\"#\" data-toggle=\"modal\" data-target=\"#ContactModal\"  title=\"Heinrich G. jetzt Kontakt aufnehmen!\">\n                <img loading=\"lazy\" decoding=\"async\" width=\"500\" height=\"500\" src=\"https:\/\/anwalt.rocks\/arbeitsrecht\/wp-content\/uploads\/sites\/2\/2025\/01\/meinung-17.jpg\" class=\"contact-image media-object wp-post-image\" alt=\"Heinrich G.\" srcset=\"https:\/\/anwalt.rocks\/arbeitsrecht\/wp-content\/uploads\/sites\/2\/2025\/01\/meinung-17.jpg 500w, https:\/\/anwalt.rocks\/arbeitsrecht\/wp-content\/uploads\/sites\/2\/2025\/01\/meinung-17-300x300.jpg 300w, https:\/\/anwalt.rocks\/arbeitsrecht\/wp-content\/uploads\/sites\/2\/2025\/01\/meinung-17-150x150.jpg 150w\" sizes=\"auto, (max-width: 500px) 100vw, 500px\" \/>            <\/a>\n        <\/div>\n\n        <div class=\"media-body\">\n                        <p class=\"h2 media-heading\">\n                <a  href=\"#\" data-toggle=\"modal\" data-target=\"#ContactModal\"  title=\"Heinrich G. jetzt Kontakt aufnehmen!\">\n                    <span class=\"contact-name\">Heinrich G.<\/span>\n                <\/a>\n\n                <span class=\"contact-text\"><\/span> <span class=\"contact-city\"><a href=\"https:\/\/anwalt.rocks\/arbeitsrecht\/region\/gummersbach-hesselbach\/\">Anwalt Arbeitsrecht Gummersbach Hesselbach<\/a><\/span>            <\/p>\n\n            <div class=\"quote\"><p>In meinem Fall ging es um unbezahlte \u00dcberstunden, die mein Arbeitgeber einfach ignoriert hatte. Hr. Schmelzer hat den Sachverhalt schnell gekl\u00e4rt und meine Anspr\u00fcche durchgesetzt. Sein Engagement und seine Fachkenntnisse haben mich voll \u00fcberzeugt. Ich w\u00fcrde ihn jederzeit wieder beauftragen.&hellip;<\/p><\/div>\n            <a class=\"btn btn-cta\"  href=\"#\" data-toggle=\"modal\" data-target=\"#ContactModal\"  title=\"Heinrich G. jetzt Kontakt aufnehmen!\">\n                Nachricht senden            <\/a>\n        <\/div>\n    <\/div>\n<\/article><article class=\"contact contact-list post-2615 profile type-profile status-publish has-post-thumbnail hentry\" data-contact=\"2615\">\n    \n    <div class=\"media\">\n        <div class=\"media-left\">\n            <a  href=\"#\" data-toggle=\"modal\" data-target=\"#ContactModal\"  title=\"Julia F., 25 Jahre, aus Dresden jetzt Kontakt aufnehmen!\">\n                <img loading=\"lazy\" decoding=\"async\" width=\"500\" height=\"500\" src=\"https:\/\/anwalt.rocks\/arbeitsrecht\/wp-content\/uploads\/sites\/2\/2025\/01\/meinung-06.jpg\" class=\"contact-image media-object wp-post-image\" alt=\"Julia F., 25 Jahre, aus Dresden\" srcset=\"https:\/\/anwalt.rocks\/arbeitsrecht\/wp-content\/uploads\/sites\/2\/2025\/01\/meinung-06.jpg 500w, https:\/\/anwalt.rocks\/arbeitsrecht\/wp-content\/uploads\/sites\/2\/2025\/01\/meinung-06-300x300.jpg 300w, https:\/\/anwalt.rocks\/arbeitsrecht\/wp-content\/uploads\/sites\/2\/2025\/01\/meinung-06-150x150.jpg 150w\" sizes=\"auto, (max-width: 500px) 100vw, 500px\" \/>            <\/a>\n        <\/div>\n\n        <div class=\"media-body\">\n                        <p class=\"h2 media-heading\">\n                <a  href=\"#\" data-toggle=\"modal\" data-target=\"#ContactModal\"  title=\"Julia F., 25 Jahre, aus Dresden jetzt Kontakt aufnehmen!\">\n                    <span class=\"contact-name\">Julia F., 25 Jahre, aus Dresden<\/span>\n                <\/a>\n\n                <span class=\"contact-text\"><\/span> <span class=\"contact-city\"><a href=\"https:\/\/anwalt.rocks\/arbeitsrecht\/region\/friedrichsaue-bei-aschersleben\/\">Anwalt Arbeitsrecht Friedrichsaue bei Aschersleben<\/a><\/span>            <\/p>\n\n            <div class=\"quote\"><p>Dr. Schmelzer hat mir wirklich das Leben erleichtert! Mein Arbeitgeber wollte mir pl\u00f6tzlich weniger Gehalt zahlen, obwohl mein Vertrag etwas anderes vorsah. Dieser tolle Anwalt hat meinen Fall \u00fcbernommen und schnell eine L\u00f6sung gefunden. Sein Wissen im Arbeitsrecht ist beeindruckend, &hellip;<\/p><\/div>\n            <a class=\"btn btn-cta\"  href=\"#\" data-toggle=\"modal\" data-target=\"#ContactModal\"  title=\"Julia F., 25 Jahre, aus Dresden jetzt Kontakt aufnehmen!\">\n                Nachricht senden            <\/a>\n        <\/div>\n    <\/div>\n<\/article><article class=\"contact contact-list post-2603 profile type-profile status-publish has-post-thumbnail hentry\" data-contact=\"2603\">\n    \n    <div class=\"media\">\n        <div class=\"media-left\">\n            <a  href=\"#\" data-toggle=\"modal\" data-target=\"#ContactModal\"  title=\"Lisa K., 41 Jahre, aus Berlin jetzt Kontakt aufnehmen!\">\n                <img loading=\"lazy\" decoding=\"async\" width=\"500\" height=\"500\" src=\"https:\/\/anwalt.rocks\/arbeitsrecht\/wp-content\/uploads\/sites\/2\/2025\/01\/meinung-02.jpg\" class=\"contact-image media-object wp-post-image\" alt=\"Lisa K., 41 Jahre, aus Berlin\" srcset=\"https:\/\/anwalt.rocks\/arbeitsrecht\/wp-content\/uploads\/sites\/2\/2025\/01\/meinung-02.jpg 500w, https:\/\/anwalt.rocks\/arbeitsrecht\/wp-content\/uploads\/sites\/2\/2025\/01\/meinung-02-300x300.jpg 300w, https:\/\/anwalt.rocks\/arbeitsrecht\/wp-content\/uploads\/sites\/2\/2025\/01\/meinung-02-150x150.jpg 150w\" sizes=\"auto, (max-width: 500px) 100vw, 500px\" \/>            <\/a>\n        <\/div>\n\n        <div class=\"media-body\">\n                        <p class=\"h2 media-heading\">\n                <a  href=\"#\" data-toggle=\"modal\" data-target=\"#ContactModal\"  title=\"Lisa K., 41 Jahre, aus Berlin jetzt Kontakt aufnehmen!\">\n                    <span class=\"contact-name\">Lisa K., 41 Jahre, aus Berlin<\/span>\n                <\/a>\n\n                <span class=\"contact-text\"><\/span> <span class=\"contact-city\"><a href=\"https:\/\/anwalt.rocks\/arbeitsrecht\/region\/stapelfeld-bezirk-hamburg\/\">Anwalt Arbeitsrecht Stapelfeld Bezirk Hamburg<\/a><\/span>            <\/p>\n\n            <div class=\"quote\"><p>Ich bin so froh, dass ich Herrn Dr. Schmelzer gefunden habe! Nach 15 Jahren im gleichen Unternehmen wurde ich pl\u00f6tzlich gek\u00fcndigt \u2013 angeblich wegen betrieblicher Umst\u00e4nde. Dr. Schmelzer hat sofort erkannt, dass die K\u00fcndigung unwirksam war, und hat einen wirklich &hellip;<\/p><\/div>\n            <a class=\"btn btn-cta\"  href=\"#\" data-toggle=\"modal\" data-target=\"#ContactModal\"  title=\"Lisa K., 41 Jahre, aus Berlin jetzt Kontakt aufnehmen!\">\n                Nachricht senden            <\/a>\n        <\/div>\n    <\/div>\n<\/article><article class=\"contact contact-list post-2646 profile type-profile status-publish has-post-thumbnail hentry\" data-contact=\"2646\">\n    \n    <div class=\"media\">\n        <div class=\"media-left\">\n            <a  href=\"#\" data-toggle=\"modal\" data-target=\"#ContactModal\"  title=\"Ulrich H. jetzt Kontakt aufnehmen!\">\n                <img loading=\"lazy\" decoding=\"async\" width=\"500\" height=\"500\" src=\"https:\/\/anwalt.rocks\/arbeitsrecht\/wp-content\/uploads\/sites\/2\/2025\/01\/meinung-16.jpg\" class=\"contact-image media-object wp-post-image\" alt=\"Ulrich H.\" srcset=\"https:\/\/anwalt.rocks\/arbeitsrecht\/wp-content\/uploads\/sites\/2\/2025\/01\/meinung-16.jpg 500w, https:\/\/anwalt.rocks\/arbeitsrecht\/wp-content\/uploads\/sites\/2\/2025\/01\/meinung-16-300x300.jpg 300w, https:\/\/anwalt.rocks\/arbeitsrecht\/wp-content\/uploads\/sites\/2\/2025\/01\/meinung-16-150x150.jpg 150w\" sizes=\"auto, (max-width: 500px) 100vw, 500px\" \/>            <\/a>\n        <\/div>\n\n        <div class=\"media-body\">\n                        <p class=\"h2 media-heading\">\n                <a  href=\"#\" data-toggle=\"modal\" data-target=\"#ContactModal\"  title=\"Ulrich H. jetzt Kontakt aufnehmen!\">\n                    <span class=\"contact-name\">Ulrich H.<\/span>\n                <\/a>\n\n                <span class=\"contact-text\"><\/span> <span class=\"contact-city\"><a href=\"https:\/\/anwalt.rocks\/arbeitsrecht\/region\/kiel-suchsdorf\/\">Anwalt Arbeitsrecht Kiel Suchsdorf<\/a><\/span>            <\/p>\n\n            <div class=\"quote\"><p>Anwalt Schmelzer hat mir in einem schwierigen Fall von Diskriminierung am Arbeitsplatz geholfen. Er hat mich nicht nur juristisch unterst\u00fctzt, sondern mir auch moralisch viel R\u00fcckhalt gegeben. Dank ihm wurde mein Fall erfolgreich gel\u00f6st, und ich f\u00fchle mich endlich wieder &hellip;<\/p><\/div>\n            <a class=\"btn btn-cta\"  href=\"#\" data-toggle=\"modal\" data-target=\"#ContactModal\"  title=\"Ulrich H. jetzt Kontakt aufnehmen!\">\n                Nachricht senden            <\/a>\n        <\/div>\n    <\/div>\n<\/article><article class=\"contact contact-list post-2625 profile type-profile status-publish has-post-thumbnail hentry\" data-contact=\"2625\">\n    \n    <div class=\"media\">\n        <div class=\"media-left\">\n            <a  href=\"#\" data-toggle=\"modal\" data-target=\"#ContactModal\"  title=\"Melanie R., 28 Jahre, aus Dortmund jetzt Kontakt aufnehmen!\">\n                <img loading=\"lazy\" decoding=\"async\" width=\"500\" height=\"500\" src=\"https:\/\/anwalt.rocks\/arbeitsrecht\/wp-content\/uploads\/sites\/2\/2025\/01\/meinung-09.jpg\" class=\"contact-image media-object wp-post-image\" alt=\"Melanie R., 28 Jahre, aus Dortmund\" srcset=\"https:\/\/anwalt.rocks\/arbeitsrecht\/wp-content\/uploads\/sites\/2\/2025\/01\/meinung-09.jpg 500w, https:\/\/anwalt.rocks\/arbeitsrecht\/wp-content\/uploads\/sites\/2\/2025\/01\/meinung-09-300x300.jpg 300w, https:\/\/anwalt.rocks\/arbeitsrecht\/wp-content\/uploads\/sites\/2\/2025\/01\/meinung-09-150x150.jpg 150w\" sizes=\"auto, (max-width: 500px) 100vw, 500px\" \/>            <\/a>\n        <\/div>\n\n        <div class=\"media-body\">\n                        <p class=\"h2 media-heading\">\n                <a  href=\"#\" data-toggle=\"modal\" data-target=\"#ContactModal\"  title=\"Melanie R., 28 Jahre, aus Dortmund jetzt Kontakt aufnehmen!\">\n                    <span class=\"contact-name\">Melanie R., 28 Jahre, aus Dortmund<\/span>\n                <\/a>\n\n                <span class=\"contact-text\"><\/span> <span class=\"contact-city\"><a href=\"https:\/\/anwalt.rocks\/arbeitsrecht\/region\/jena-woellnitz\/\">Anwalt Arbeitsrecht Jena W\u00f6llnitz<\/a><\/span>            <\/p>\n\n            <div class=\"quote\"><p>Ich hatte Angst, meinen Job zu verlieren, weil mein Arbeitgeber mich nach meiner Schwangerschaft anders behandeln wollte. Zum Gl\u00fcck wandte ich mich an Rechtsanwalt Schmelzer. Er hat mich nicht nur \u00fcber meine Rechte aufgekl\u00e4rt, sondern auch sehr erfolgreich verhandelt. Jetzt &hellip;<\/p><\/div>\n            <a class=\"btn btn-cta\"  href=\"#\" data-toggle=\"modal\" data-target=\"#ContactModal\"  title=\"Melanie R., 28 Jahre, aus Dortmund jetzt Kontakt aufnehmen!\">\n                Nachricht senden            <\/a>\n        <\/div>\n    <\/div>\n<\/article>\n<div class=\"blogposts\"><ul><li><a href=\"https:\/\/anwalt.rocks\/arbeitsrecht\/rennerod\/\" title=\"Rechtsanwalt Rennerod Fachanwalt f\u00fcr Arbeitsrecht.\">Rechtsanwalt Rennerod Fachanwalt f\u00fcr Arbeitsrecht.<\/a><\/li><li><a href=\"https:\/\/anwalt.rocks\/arbeitsrecht\/bad-staffelstein\/\" title=\"Anwalt Arbeitsrecht Bad Staffelstein &#8211; Mandy gewinnt den Fall.\">Anwalt Arbeitsrecht Bad Staffelstein &#8211; Mandy gewinnt den Fall.<\/a><\/li><li><a href=\"https:\/\/anwalt.rocks\/arbeitsrecht\/werlte\/\" title=\"Anwalt Arbeitsrecht Werlte &#8211; Mittlerweile 59 gl\u00fcckliche Mandanten.\">Anwalt Arbeitsrecht Werlte &#8211; Mittlerweile 59 gl\u00fcckliche Mandanten.<\/a><\/li><li><a href=\"https:\/\/anwalt.rocks\/arbeitsrecht\/greiz\/\" title=\"Anwalt Greiz Arbeitsrecht Vertretung f\u00fcr Arbeitnehmer und Arbeitgeber.\">Anwalt Greiz Arbeitsrecht Vertretung f\u00fcr Arbeitnehmer und Arbeitgeber.<\/a><\/li><li><a href=\"https:\/\/anwalt.rocks\/arbeitsrecht\/zeitz\/\" title=\"Kanzlei Dr. Stephan Schmelzer Rechtsanwalt IT- und Arbeitsrecht Zeitz.\">Kanzlei Dr. Stephan Schmelzer Rechtsanwalt IT- und Arbeitsrecht Zeitz.<\/a><\/li><li><a href=\"https:\/\/anwalt.rocks\/arbeitsrecht\/bad-iburg\/\" title=\"Anwalt Bad Iburg Fachanwalt f\u00fcr Arbeits- und IT Recht.\">Anwalt Bad Iburg Fachanwalt f\u00fcr Arbeits- und IT Recht.<\/a><\/li><li><a href=\"https:\/\/anwalt.rocks\/arbeitsrecht\/rudolstadt\/\" title=\"Rechtsanwalt Rudolstadt Experte f\u00fcr Arbeits- und IT Recht.\">Rechtsanwalt Rudolstadt Experte f\u00fcr Arbeits- und IT Recht.<\/a><\/li><\/ul><\/div>\n","protected":false},"excerpt":{"rendered":"<h2>Anwalt Rudolstadt &#8211; spitzenm\u00e4\u00dfiger Triumph seitens Rechtsanwalt Dr. Stephan Schmelzer in puncto Lohnfortzahlung im Krankheitsfall.<\/h2>\n<p><a href=\"https:\/\/dr-schmelzer.eu\/arbeitsrecht\/\" target=\"_blank\" rel=\"noopener\"><img loading=\"lazy\" decoding=\"async\" src=\"https:\/\/anwalt.rocks\/bilder\/arbeitsrecht\/anwalt-arbeitsrecht-600x600.webp\" alt=\"Rechtsanwalt Rudolstadt Experte f\u00fcr Arbeits- und IT Recht.\" title=\"Rechtsanwalt Rudolstadt Experte f\u00fcr Arbeits- und IT Recht.\" width=\"600\" height=\"600\" \/><\/a> <\/p>\n<h3>Anwalt Arbeitsrecht und IT Recht Rudolstadt &#8211; Soziet\u00e4t Dr. Stephan Schmelzer.<\/h3>\n<p>Dr. Stephan Schmelzer bietet fundierte Beratung in allen Fragen des Arbeitsrechts. Seit \u00fcber 25 &hellip;<\/p>","protected":false},"author":1,"featured_media":0,"comment_status":"closed","ping_status":"open","sticky":false,"template":"","format":"standard","meta":{"footnotes":""},"categories":[3],"tags":[],"class_list":["post-9681","post","type-post","status-publish","format-standard","hentry","category-fachanwalt"],"yoast_head":"<!-- This site is optimized with the Yoast SEO Premium plugin v27.1 (Yoast SEO v27.2) - https:\/\/yoast.com\/product\/yoast-seo-premium-wordpress\/ -->\n<title>Anwalt Trofaiach f\u00fcr Arbeitsrecht.<\/title>\n<meta name=\"robots\" content=\"index, follow, max-snippet:-1, max-image-preview:large, max-video-preview:-1\" \/>\n<link rel=\"canonical\" href=\"https:\/\/anwalt.rocks\/arbeitsrecht\/trofaiach\/\" \/>\n<meta property=\"og:locale\" content=\"de_DE\" \/>\n<meta property=\"og:type\" content=\"article\" \/>\n<meta property=\"og:title\" content=\"Anwalt Trofaiach f\u00fcr Arbeitsrecht.\" \/>\n<meta property=\"og:description\" content=\"Anwalt Rudolstadt &#8211; spitzenm\u00e4\u00dfiger Triumph seitens Rechtsanwalt Dr. Stephan Schmelzer in puncto Lohnfortzahlung im Krankheitsfall.  Anwalt Arbeitsrecht und IT Recht Rudolstadt &#8211; Soziet\u00e4t Dr. Stephan Schmelzer. Dr. Stephan Schmelzer bietet fundierte Beratung in allen Fragen des Arbeitsrechts. Seit \u00fcber 25 &hellip;\" \/>\n<meta property=\"og:url\" content=\"https:\/\/anwalt.rocks\/arbeitsrecht\/trofaiach\/\" \/>\n<meta property=\"og:site_name\" content=\"Anwalt Arbeitsrecht in der N\u00e4he - Dr. Schmelzer\" \/>\n<meta property=\"article:published_time\" content=\"2025-01-12T23:02:41+00:00\" \/>\n<meta property=\"og:image\" content=\"https:\/\/anwalt.rocks\/bilder\/arbeitsrecht\/anwalt-arbeitsrecht-600x600.webp\" \/>\n<meta name=\"author\" content=\"admin\" \/>\n<meta name=\"twitter:card\" content=\"summary_large_image\" \/>\n<meta name=\"twitter:label1\" content=\"Verfasst von\" \/>\n\t<meta name=\"twitter:data1\" content=\"admin\" \/>\n\t<meta name=\"twitter:label2\" content=\"Gesch\u00e4tzte Lesezeit\" \/>\n\t<meta name=\"twitter:data2\" content=\"4\u00a0Minuten\" \/>\n<script type=\"application\/ld+json\" class=\"yoast-schema-graph\">{\"@context\":\"https:\/\/schema.org\",\"@graph\":[{\"@type\":\"Article\",\"@id\":\"https:\/\/anwalt.rocks\/arbeitsrecht\/trofaiach\/#article\",\"isPartOf\":{\"@id\":\"https:\/\/anwalt.rocks\/arbeitsrecht\/trofaiach\/\"},\"author\":{\"name\":\"admin\",\"@id\":\"https:\/\/anwalt.rocks\/arbeitsrecht\/#\/schema\/person\/3fd3b0fc4df170bb2460fbc934288e39\"},\"headline\":\"Anwalt Trofaiach f\u00fcr Arbeitsrecht.\",\"datePublished\":\"2025-01-12T23:02:41+00:00\",\"mainEntityOfPage\":{\"@id\":\"https:\/\/anwalt.rocks\/arbeitsrecht\/trofaiach\/\"},\"wordCount\":709,\"publisher\":{\"@id\":\"https:\/\/anwalt.rocks\/arbeitsrecht\/#organization\"},\"image\":{\"@id\":\"https:\/\/anwalt.rocks\/arbeitsrecht\/trofaiach\/#primaryimage\"},\"thumbnailUrl\":\"https:\/\/anwalt.rocks\/bilder\/arbeitsrecht\/anwalt-arbeitsrecht-600x600.webp\",\"articleSection\":[\"Fachanwalt\"],\"inLanguage\":\"de\"},{\"@type\":\"WebPage\",\"@id\":\"https:\/\/anwalt.rocks\/arbeitsrecht\/trofaiach\/\",\"url\":\"https:\/\/anwalt.rocks\/arbeitsrecht\/trofaiach\/\",\"name\":\"Anwalt Trofaiach f\u00fcr Arbeitsrecht.\",\"isPartOf\":{\"@id\":\"https:\/\/anwalt.rocks\/arbeitsrecht\/#website\"},\"primaryImageOfPage\":{\"@id\":\"https:\/\/anwalt.rocks\/arbeitsrecht\/trofaiach\/#primaryimage\"},\"image\":{\"@id\":\"https:\/\/anwalt.rocks\/arbeitsrecht\/trofaiach\/#primaryimage\"},\"thumbnailUrl\":\"https:\/\/anwalt.rocks\/bilder\/arbeitsrecht\/anwalt-arbeitsrecht-600x600.webp\",\"datePublished\":\"2025-01-12T23:02:41+00:00\",\"breadcrumb\":{\"@id\":\"https:\/\/anwalt.rocks\/arbeitsrecht\/trofaiach\/#breadcrumb\"},\"inLanguage\":\"de\",\"potentialAction\":[{\"@type\":\"ReadAction\",\"target\":[\"https:\/\/anwalt.rocks\/arbeitsrecht\/trofaiach\/\"]}]},{\"@type\":\"ImageObject\",\"inLanguage\":\"de\",\"@id\":\"https:\/\/anwalt.rocks\/arbeitsrecht\/trofaiach\/#primaryimage\",\"url\":\"https:\/\/anwalt.rocks\/bilder\/arbeitsrecht\/anwalt-arbeitsrecht-600x600.webp\",\"contentUrl\":\"https:\/\/anwalt.rocks\/bilder\/arbeitsrecht\/anwalt-arbeitsrecht-600x600.webp\"},{\"@type\":\"BreadcrumbList\",\"@id\":\"https:\/\/anwalt.rocks\/arbeitsrecht\/trofaiach\/#breadcrumb\",\"itemListElement\":[{\"@type\":\"ListItem\",\"position\":1,\"name\":\"Start\",\"item\":\"https:\/\/anwalt.rocks\/arbeitsrecht\/\"},{\"@type\":\"ListItem\",\"position\":2,\"name\":\"Anwalt Trofaiach f\u00fcr Arbeitsrecht.\"}]},{\"@type\":\"WebSite\",\"@id\":\"https:\/\/anwalt.rocks\/arbeitsrecht\/#website\",\"url\":\"https:\/\/anwalt.rocks\/arbeitsrecht\/\",\"name\":\"Anwalt Arbeitsrecht in der N\u00e4he - Dr. Schmelzer\",\"description\":\"Kompetenzen und Vorteile von Dr. Stephan Schmelzer \u2013 Anwalt und Fachanwalt f\u00fcr Arbeitsrecht mit 25 j\u00e4hriger Berufspraxis.\",\"publisher\":{\"@id\":\"https:\/\/anwalt.rocks\/arbeitsrecht\/#organization\"},\"potentialAction\":[{\"@type\":\"SearchAction\",\"target\":{\"@type\":\"EntryPoint\",\"urlTemplate\":\"https:\/\/anwalt.rocks\/arbeitsrecht\/?s={search_term_string}\"},\"query-input\":{\"@type\":\"PropertyValueSpecification\",\"valueRequired\":true,\"valueName\":\"search_term_string\"}}],\"inLanguage\":\"de\"},{\"@type\":\"Organization\",\"@id\":\"https:\/\/anwalt.rocks\/arbeitsrecht\/#organization\",\"name\":\"Kanzlei Dr. Schmelzer\",\"url\":\"https:\/\/anwalt.rocks\/arbeitsrecht\/\",\"logo\":{\"@type\":\"ImageObject\",\"inLanguage\":\"de\",\"@id\":\"https:\/\/anwalt.rocks\/arbeitsrecht\/#\/schema\/logo\/image\/\",\"url\":\"https:\/\/anwalt.rocks\/arbeitsrecht\/wp-content\/uploads\/sites\/2\/2025\/01\/anwalt-arbeitsrecht-logo.png\",\"contentUrl\":\"https:\/\/anwalt.rocks\/arbeitsrecht\/wp-content\/uploads\/sites\/2\/2025\/01\/anwalt-arbeitsrecht-logo.png\",\"width\":450,\"height\":150,\"caption\":\"Kanzlei Dr. Schmelzer\"},\"image\":{\"@id\":\"https:\/\/anwalt.rocks\/arbeitsrecht\/#\/schema\/logo\/image\/\"}},{\"@type\":\"Person\",\"@id\":\"https:\/\/anwalt.rocks\/arbeitsrecht\/#\/schema\/person\/3fd3b0fc4df170bb2460fbc934288e39\",\"name\":\"admin\",\"image\":{\"@type\":\"ImageObject\",\"inLanguage\":\"de\",\"@id\":\"https:\/\/secure.gravatar.com\/avatar\/2a567a722e62dc61f1aaa46c6b595fa617f2003443806e3422a8fed77c029cfc?s=96&d=mm&r=g\",\"url\":\"https:\/\/secure.gravatar.com\/avatar\/2a567a722e62dc61f1aaa46c6b595fa617f2003443806e3422a8fed77c029cfc?s=96&d=mm&r=g\",\"contentUrl\":\"https:\/\/secure.gravatar.com\/avatar\/2a567a722e62dc61f1aaa46c6b595fa617f2003443806e3422a8fed77c029cfc?s=96&d=mm&r=g\",\"caption\":\"admin\"},\"sameAs\":[\"https:\/\/anwalt.rocks\"],\"url\":\"https:\/\/anwalt.rocks\/arbeitsrecht\/author\/admin\/\"}]}<\/script>\n<!-- \/ Yoast SEO Premium plugin. -->","yoast_head_json":{"title":"Anwalt Trofaiach f\u00fcr Arbeitsrecht.","robots":{"index":"index","follow":"follow","max-snippet":"max-snippet:-1","max-image-preview":"max-image-preview:large","max-video-preview":"max-video-preview:-1"},"canonical":"https:\/\/anwalt.rocks\/arbeitsrecht\/trofaiach\/","og_locale":"de_DE","og_type":"article","og_title":"Anwalt Trofaiach f\u00fcr Arbeitsrecht.","og_description":"Anwalt Rudolstadt &#8211; spitzenm\u00e4\u00dfiger Triumph seitens Rechtsanwalt Dr. Stephan Schmelzer in puncto Lohnfortzahlung im Krankheitsfall.  Anwalt Arbeitsrecht und IT Recht Rudolstadt &#8211; Soziet\u00e4t Dr. Stephan Schmelzer. Dr. Stephan Schmelzer bietet fundierte Beratung in allen Fragen des Arbeitsrechts. Seit \u00fcber 25 &hellip;","og_url":"https:\/\/anwalt.rocks\/arbeitsrecht\/trofaiach\/","og_site_name":"Anwalt Arbeitsrecht in der N\u00e4he - Dr. Schmelzer","article_published_time":"2025-01-12T23:02:41+00:00","og_image":[{"url":"https:\/\/anwalt.rocks\/bilder\/arbeitsrecht\/anwalt-arbeitsrecht-600x600.webp","type":"","width":"","height":""}],"author":"admin","twitter_card":"summary_large_image","twitter_misc":{"Verfasst von":"admin","Gesch\u00e4tzte Lesezeit":"4\u00a0Minuten"},"schema":{"@context":"https:\/\/schema.org","@graph":[{"@type":"Article","@id":"https:\/\/anwalt.rocks\/arbeitsrecht\/trofaiach\/#article","isPartOf":{"@id":"https:\/\/anwalt.rocks\/arbeitsrecht\/trofaiach\/"},"author":{"name":"admin","@id":"https:\/\/anwalt.rocks\/arbeitsrecht\/#\/schema\/person\/3fd3b0fc4df170bb2460fbc934288e39"},"headline":"Anwalt Trofaiach f\u00fcr Arbeitsrecht.","datePublished":"2025-01-12T23:02:41+00:00","mainEntityOfPage":{"@id":"https:\/\/anwalt.rocks\/arbeitsrecht\/trofaiach\/"},"wordCount":709,"publisher":{"@id":"https:\/\/anwalt.rocks\/arbeitsrecht\/#organization"},"image":{"@id":"https:\/\/anwalt.rocks\/arbeitsrecht\/trofaiach\/#primaryimage"},"thumbnailUrl":"https:\/\/anwalt.rocks\/bilder\/arbeitsrecht\/anwalt-arbeitsrecht-600x600.webp","articleSection":["Fachanwalt"],"inLanguage":"de"},{"@type":"WebPage","@id":"https:\/\/anwalt.rocks\/arbeitsrecht\/trofaiach\/","url":"https:\/\/anwalt.rocks\/arbeitsrecht\/trofaiach\/","name":"Anwalt Trofaiach f\u00fcr Arbeitsrecht.","isPartOf":{"@id":"https:\/\/anwalt.rocks\/arbeitsrecht\/#website"},"primaryImageOfPage":{"@id":"https:\/\/anwalt.rocks\/arbeitsrecht\/trofaiach\/#primaryimage"},"image":{"@id":"https:\/\/anwalt.rocks\/arbeitsrecht\/trofaiach\/#primaryimage"},"thumbnailUrl":"https:\/\/anwalt.rocks\/bilder\/arbeitsrecht\/anwalt-arbeitsrecht-600x600.webp","datePublished":"2025-01-12T23:02:41+00:00","breadcrumb":{"@id":"https:\/\/anwalt.rocks\/arbeitsrecht\/trofaiach\/#breadcrumb"},"inLanguage":"de","potentialAction":[{"@type":"ReadAction","target":["https:\/\/anwalt.rocks\/arbeitsrecht\/trofaiach\/"]}]},{"@type":"ImageObject","inLanguage":"de","@id":"https:\/\/anwalt.rocks\/arbeitsrecht\/trofaiach\/#primaryimage","url":"https:\/\/anwalt.rocks\/bilder\/arbeitsrecht\/anwalt-arbeitsrecht-600x600.webp","contentUrl":"https:\/\/anwalt.rocks\/bilder\/arbeitsrecht\/anwalt-arbeitsrecht-600x600.webp"},{"@type":"BreadcrumbList","@id":"https:\/\/anwalt.rocks\/arbeitsrecht\/trofaiach\/#breadcrumb","itemListElement":[{"@type":"ListItem","position":1,"name":"Start","item":"https:\/\/anwalt.rocks\/arbeitsrecht\/"},{"@type":"ListItem","position":2,"name":"Anwalt Trofaiach f\u00fcr Arbeitsrecht."}]},{"@type":"WebSite","@id":"https:\/\/anwalt.rocks\/arbeitsrecht\/#website","url":"https:\/\/anwalt.rocks\/arbeitsrecht\/","name":"Anwalt Arbeitsrecht in der N\u00e4he - Dr. Schmelzer","description":"Kompetenzen und Vorteile von Dr. Stephan Schmelzer \u2013 Anwalt und Fachanwalt f\u00fcr Arbeitsrecht mit 25 j\u00e4hriger Berufspraxis.","publisher":{"@id":"https:\/\/anwalt.rocks\/arbeitsrecht\/#organization"},"potentialAction":[{"@type":"SearchAction","target":{"@type":"EntryPoint","urlTemplate":"https:\/\/anwalt.rocks\/arbeitsrecht\/?s={search_term_string}"},"query-input":{"@type":"PropertyValueSpecification","valueRequired":true,"valueName":"search_term_string"}}],"inLanguage":"de"},{"@type":"Organization","@id":"https:\/\/anwalt.rocks\/arbeitsrecht\/#organization","name":"Kanzlei Dr. Schmelzer","url":"https:\/\/anwalt.rocks\/arbeitsrecht\/","logo":{"@type":"ImageObject","inLanguage":"de","@id":"https:\/\/anwalt.rocks\/arbeitsrecht\/#\/schema\/logo\/image\/","url":"https:\/\/anwalt.rocks\/arbeitsrecht\/wp-content\/uploads\/sites\/2\/2025\/01\/anwalt-arbeitsrecht-logo.png","contentUrl":"https:\/\/anwalt.rocks\/arbeitsrecht\/wp-content\/uploads\/sites\/2\/2025\/01\/anwalt-arbeitsrecht-logo.png","width":450,"height":150,"caption":"Kanzlei Dr. Schmelzer"},"image":{"@id":"https:\/\/anwalt.rocks\/arbeitsrecht\/#\/schema\/logo\/image\/"}},{"@type":"Person","@id":"https:\/\/anwalt.rocks\/arbeitsrecht\/#\/schema\/person\/3fd3b0fc4df170bb2460fbc934288e39","name":"admin","image":{"@type":"ImageObject","inLanguage":"de","@id":"https:\/\/secure.gravatar.com\/avatar\/2a567a722e62dc61f1aaa46c6b595fa617f2003443806e3422a8fed77c029cfc?s=96&d=mm&r=g","url":"https:\/\/secure.gravatar.com\/avatar\/2a567a722e62dc61f1aaa46c6b595fa617f2003443806e3422a8fed77c029cfc?s=96&d=mm&r=g","contentUrl":"https:\/\/secure.gravatar.com\/avatar\/2a567a722e62dc61f1aaa46c6b595fa617f2003443806e3422a8fed77c029cfc?s=96&d=mm&r=g","caption":"admin"},"sameAs":["https:\/\/anwalt.rocks"],"url":"https:\/\/anwalt.rocks\/arbeitsrecht\/author\/admin\/"}]}},"_links":{"self":[{"href":"https:\/\/anwalt.rocks\/arbeitsrecht\/wp-json\/wp\/v2\/posts\/9681","targetHints":{"allow":["GET"]}}],"collection":[{"href":"https:\/\/anwalt.rocks\/arbeitsrecht\/wp-json\/wp\/v2\/posts"}],"about":[{"href":"https:\/\/anwalt.rocks\/arbeitsrecht\/wp-json\/wp\/v2\/types\/post"}],"author":[{"embeddable":true,"href":"https:\/\/anwalt.rocks\/arbeitsrecht\/wp-json\/wp\/v2\/users\/1"}],"replies":[{"embeddable":true,"href":"https:\/\/anwalt.rocks\/arbeitsrecht\/wp-json\/wp\/v2\/comments?post=9681"}],"version-history":[{"count":0,"href":"https:\/\/anwalt.rocks\/arbeitsrecht\/wp-json\/wp\/v2\/posts\/9681\/revisions"}],"wp:attachment":[{"href":"https:\/\/anwalt.rocks\/arbeitsrecht\/wp-json\/wp\/v2\/media?parent=9681"}],"wp:term":[{"taxonomy":"category","embeddable":true,"href":"https:\/\/anwalt.rocks\/arbeitsrecht\/wp-json\/wp\/v2\/categories?post=9681"},{"taxonomy":"post_tag","embeddable":true,"href":"https:\/\/anwalt.rocks\/arbeitsrecht\/wp-json\/wp\/v2\/tags?post=9681"}],"curies":[{"name":"wp","href":"https:\/\/api.w.org\/{rel}","templated":true}]}}