{"id":9685,"date":"2025-01-08T10:17:58","date_gmt":"2025-01-08T09:17:58","guid":{"rendered":"https:\/\/anwalt.rocks\/arbeitsrecht\/tuebingen\/"},"modified":"2025-01-08T10:17:58","modified_gmt":"2025-01-08T09:17:58","slug":"tuebingen","status":"publish","type":"post","link":"https:\/\/anwalt.rocks\/arbeitsrecht\/tuebingen\/","title":{"rendered":"Fachanwalt zum Thema Arbeits- und IT Recht T\u00fcbingen."},"content":{"rendered":"<span class=\"span-reading-time rt-reading-time\" style=\"display: block;\"><span class=\"rt-label rt-prefix\">Lesedauer<\/span> <span class=\"rt-time\"> 3<\/span> <span class=\"rt-label rt-postfix\">Minuten<\/span><\/span><h2>Anwalt Arbeitsrecht T\u00fcbingen &#8211; Experte  f\u00fcr bundesweite Vertretungen.<\/h2>\n<p><a href=\"https:\/\/dr-schmelzer.eu\/arbeitsrecht\/\" target=\"_blank\" rel=\"noopener\"><img loading=\"lazy\" decoding=\"async\" src=\"https:\/\/anwalt.rocks\/bilder\/arbeitsrecht\/anwalt-arbeitsrecht-600x600.webp\" alt=\"Fachanwalt zum Thema Arbeits- und IT Recht T\u00fcbingen.\" title=\"Fachanwalt zum Thema Arbeits- und IT Recht T\u00fcbingen.\" width=\"600\" height=\"600\" \/><\/a> <\/p>\n<h3>Rechtsanwalt Arbeitsrecht T\u00fcbingen &#8211; Soziet\u00e4t Dr. Stephan Schmelzer.<\/h3>\n<p>Bei juristischen Herausforderungen im Arbeitsrecht steht Ihnen Dr. Stephan Schmelzer zur Seite. Seine Expertise im Arbeitsrecht, gest\u00fctzt auf \u00fcber 25 Jahre Erfahrung und eine Fachanwaltszulassung, ist weit \u00fcber Ahlen hinaus anerkannt. Seine Kanzlei steht seit mehr als 20 Jahren f\u00fcr professionelle Betreuung, individuelle L\u00f6sungen und juristische Qualit\u00e4t. Die Kombination aus Fachanwalt f\u00fcr Arbeitsrecht und IT-Recht macht Dr. Schmelzer zu einem unverzichtbaren Berater in der digitalen Arbeitswelt. &#8211; <a title=\"Anwalt Rostock\" href=\"https:\/\/anwalt.rocks\/arbeitsrecht\/rostock\/\">Anwalt Rostock<\/a><\/p>\n<p><a href=\"https:\/\/dr-schmelzer.eu\/arbeitsrecht\/\" target=\"_blank\" rel=\"noopener\"><img loading=\"lazy\" decoding=\"async\" src=\"https:\/\/anwalt.rocks\/bilder\/arbeitsrecht\/rechtsanwalt-arbeitsrecht-600x600.webp\" alt=\"Anwalt Arbeitsrecht T\u00fcbingen\" title=\"Anwalt Arbeitsrecht T\u00fcbingen\" width=\"600\" height=\"600\" \/><\/a> <\/p>\n<h3>Soziet\u00e4t Dr. Stephan Schmelzer &#8211; Experte f\u00fcr Arbeitsrecht T\u00fcbingen.<\/h3>\n<p>IT-rechtliche Themen erg\u00e4nzt er bei Bedarf, doch der Hauptschwerpunkt seiner Kanzlei liegt auf dem Arbeitsrecht, national wie international. Arbeitnehmer und Arbeitgeber profitieren gleicherma\u00dfen von Dr. Schmelzers Expertise im Arbeitsrecht, die passgenaue L\u00f6sungen erm\u00f6glicht. Dank seiner umfassenden Erfahrung und der pers\u00f6nlichen Betreuung jedes Mandanten ist er ein angesehener Experte im Arbeitsrecht. &#8211; <a title=\"Anwalt Voerde\" href=\"https:\/\/anwalt.rocks\/arbeitsrecht\/voerde\/\">Anwalt Voerde<\/a><\/p>\n<h3>Zuverl\u00e4ssig und kompetent &#8211; Seit 1998 t\u00e4tig als Volljurist T\u00fcbingen.<\/h3>\n<p>Von rechtssicheren Vertr\u00e4gen bis hin zu umfangreichen Restrukturierungen: Arbeitgeber m\u00fcssen heute zahlreiche juristische Anforderungen meistern. Dr. Schmelzer bietet Unternehmen praxistaugliche Beratung, um rechtliche Herausforderungen zu meistern und passgenaue L\u00f6sungen zu finden. Sein Angebot deckt folgende Bereiche ab: &#8211; <a title=\"Anwalt Arbeitsrecht Norderney\" href=\"https:\/\/anwalt.rocks\/arbeitsrecht\/norderney\/\">Anwalt Arbeitsrecht Norderney<\/a><\/p>\n<h3>Anwalt Arbeitsrecht T\u00fcbingen 34 gl\u00fcckliche Klienten.<\/h3>\n<p>Entwicklung und Optimierung von Arbeitsvertr\u00e4gen, die rechtlich sicher und flexibel bleiben. Erstellung von Arbeitszeit- und Verg\u00fctungsmodellen, die flexibel und den Unternehmensanforderungen entsprechend gestaltet sind. &#8211; <a title=\"Anwalt Arbeitsrecht Liebstadt\" href=\"https:\/\/anwalt.rocks\/arbeitsrecht\/liebstadt\/\">Anwalt Arbeitsrecht Liebstadt<\/a><\/p>\n<h3>Deswegen w\u00e4hlt man diesen verl\u00e4sslichen Anwalt T\u00fcbingen:<\/h3>\n<p>Unterst\u00fctzung bei der Vorbereitung und Umsetzung rechtssicherer K\u00fcndigungen aus unterschiedlichen Gr\u00fcnden. Reduktion rechtlicher Risiken und umfassende Unterst\u00fctzung w\u00e4hrend des gesamten K\u00fcndigungsprozesses.<\/p>\n<h3>Juristisches Fachwissen aber auch top zuverl\u00e4ssig.<\/h3>\n<p>Beratung zur Mitbestimmung des Betriebsrats bei zentralen Entscheidungen im Unternehmen. Beratung zur Verhandlung und Einf\u00fchrung von rechtssicheren Betriebsvereinbarungen. Unterst\u00fctzung bei der Ausarbeitung strategischer Pl\u00e4ne und der rechtlichen Absicherung von Restrukturierungsprojekten. Juristische Vertretung in K\u00fcndigungsschutzverfahren, Entfristungsklagen und \u00e4hnlichen Streitf\u00e4llen. Zielorientierte und effiziente Verteidigung der Anliegen des Unternehmens im Vordergrund.<\/p>\n<h3>Anwalt Arbeitsrecht T\u00fcbingen &#8211; Experte Dr. Schmelzer.<\/h3>\n<p>Die Expertise von Dr. Schmelzer ist nicht nur f\u00fcr Arbeitgeber, sondern auch f\u00fcr Arbeitnehmer von Vorteil. In problematischen Situationen ist er ein verl\u00e4sslicher Begleiter, der seine Mandanten engagiert unterst\u00fctzt. Bestandteil der Kernangebote sind:<\/p>\n<p>Fachliche Unterst\u00fctzung bei K\u00fcndigungsschutzklagen und Vertretung vor dem Arbeitsgericht. Unterst\u00fctzung bei Verhandlungen \u00fcber Abfindungen und andere finanzielle Ausgleiche. Fachliche Unterst\u00fctzung bei K\u00fcndigungsschutzklagen und Vertretung vor dem Arbeitsgericht. Unterst\u00fctzung bei Verhandlungen \u00fcber Abfindungen und andere finanzielle Ausgleiche.<\/p>\n<p>Fachliche Begleitung bei Aufhebungsvertr\u00e4gen und Verhandlungen \u00fcber Abfindungsh\u00f6hen. Unterst\u00fctzung bei der Analyse und Korrektur unvorteilhafter Formulierungen in Arbeitszeugnissen. Begleitung in gerichtlichen Zeugnisprozessen zur Sicherstellung einer objektiven Beurteilung. Reduzierung der Kosten Beratung und Unterst\u00fctzung bei der Durchsetzung von Gehaltsanspr\u00fcchen. Vertretung vor Gericht bei Klagen zu ausstehenden Geh\u00e4ltern und \u00dcberstundenverg\u00fctungen. Pr\u00fcfung von Abmahnungen und rechtliche Unterst\u00fctzung zur Beseitigung unbegr\u00fcndeter Vorw\u00fcrfe.<\/p>\n<h4>Vertretung f\u00fcr Arbeitnehmer sowie Arbeitgeber zum Thema Anwalt Arbeitsrecht T\u00fcbingen.<\/h4>\n<p>Dr. Schmelzer ist bekannt f\u00fcr seine Expertise in Restrukturierung und Konfliktbew\u00e4ltigung. Ein besonderer T\u00e4tigkeitsbereich von Dr. Schmelzer ist die Beratung bei Restrukturierungsma\u00dfnahmen. Diese Aufgaben setzen sowohl fundierte rechtliche Kenntnisse als auch Verhandlungskunst und wirtschaftliches Verst\u00e4ndnis voraus.<\/p>\n<p>Anwalt T\u00fcbingen Schlussfolgerung: Die Entwicklung und Umsetzung von Sozialpl\u00e4nen und Interessenausgleichen z\u00e4hlen zu den St\u00e4rken von Dr. Schmelzer. Ziel ist es, einen Konsens zu finden, der f\u00fcr alle Parteien akzeptabel ist. Dr. Schmelzer wird f\u00fcr sein fundiertes Wissen und seine strategische Denkweise in Verhandlungen mit Gewerkschaften und Betriebsr\u00e4ten gesch\u00e4tzt.<\/p>\n<p>F\u00fcr den Fachanwalt f\u00fcr Arbeitsrecht ist jeder Fall eine eigenst\u00e4ndige Herausforderung, die intensive Betreuung erfordert. Dr. Schmelzer arbeitet daran, die Interessen seiner Mandanten optimal zu vertreten, ob durch Einigung oder gerichtliche Schritte. Klare Kommunikation und eine vertrauensvolle Beziehung zu seinen Mandanten sind f\u00fcr ihn essenziell. Die Erf\u00fcllung der Erwartungen seiner Mandanten ist f\u00fcr Dr. Schmelzer das Wichtigste. Sowohl seine Erfolge als auch das Lob seiner Mandanten sprechen f\u00fcr seine professionelle und l\u00f6sungsorientierte Vorgehensweise. Arbeitnehmer und Arbeitgeber k\u00f6nnen auf die professionelle Unterst\u00fctzung und langj\u00e4hrige Erfahrung von Dr. Stephan Schmelzer z\u00e4hlen.<\/p>\n<article class=\"contact contact-list post-2603 profile type-profile status-publish has-post-thumbnail hentry\" data-contact=\"2603\">\n    \n    <div class=\"media\">\n        <div class=\"media-left\">\n            <a  href=\"#\" data-toggle=\"modal\" data-target=\"#ContactModal\"  title=\"Lisa K., 41 Jahre, aus Berlin jetzt Kontakt aufnehmen!\">\n                <img loading=\"lazy\" decoding=\"async\" width=\"500\" height=\"500\" src=\"https:\/\/anwalt.rocks\/arbeitsrecht\/wp-content\/uploads\/sites\/2\/2025\/01\/meinung-02.jpg\" class=\"contact-image media-object wp-post-image\" alt=\"Lisa K., 41 Jahre, aus Berlin\" srcset=\"https:\/\/anwalt.rocks\/arbeitsrecht\/wp-content\/uploads\/sites\/2\/2025\/01\/meinung-02.jpg 500w, https:\/\/anwalt.rocks\/arbeitsrecht\/wp-content\/uploads\/sites\/2\/2025\/01\/meinung-02-300x300.jpg 300w, https:\/\/anwalt.rocks\/arbeitsrecht\/wp-content\/uploads\/sites\/2\/2025\/01\/meinung-02-150x150.jpg 150w\" sizes=\"auto, (max-width: 500px) 100vw, 500px\" \/>            <\/a>\n        <\/div>\n\n        <div class=\"media-body\">\n                        <p class=\"h2 media-heading\">\n                <a  href=\"#\" data-toggle=\"modal\" data-target=\"#ContactModal\"  title=\"Lisa K., 41 Jahre, aus Berlin jetzt Kontakt aufnehmen!\">\n                    <span class=\"contact-name\">Lisa K., 41 Jahre, aus Berlin<\/span>\n                <\/a>\n\n                <span class=\"contact-text\"><\/span> <span class=\"contact-city\"><a href=\"https:\/\/anwalt.rocks\/arbeitsrecht\/region\/locarno\/\">Anwalt Arbeitsrecht Locarno<\/a><\/span>            <\/p>\n\n            <div class=\"quote\"><p>Ich bin so froh, dass ich Herrn Dr. Schmelzer gefunden habe! Nach 15 Jahren im gleichen Unternehmen wurde ich pl\u00f6tzlich gek\u00fcndigt \u2013 angeblich wegen betrieblicher Umst\u00e4nde. Dr. Schmelzer hat sofort erkannt, dass die K\u00fcndigung unwirksam war, und hat einen wirklich &hellip;<\/p><\/div>\n            <a class=\"btn btn-cta\"  href=\"#\" data-toggle=\"modal\" data-target=\"#ContactModal\"  title=\"Lisa K., 41 Jahre, aus Berlin jetzt Kontakt aufnehmen!\">\n                Nachricht senden            <\/a>\n        <\/div>\n    <\/div>\n<\/article><article class=\"contact contact-list post-2622 profile type-profile status-publish has-post-thumbnail hentry\" data-contact=\"2622\">\n    \n    <div class=\"media\">\n        <div class=\"media-left\">\n            <a  href=\"#\" data-toggle=\"modal\" data-target=\"#ContactModal\"  title=\"Sabine T., 22 Jahre, aus Frankfurt jetzt Kontakt aufnehmen!\">\n                <img loading=\"lazy\" decoding=\"async\" width=\"500\" height=\"500\" src=\"https:\/\/anwalt.rocks\/arbeitsrecht\/wp-content\/uploads\/sites\/2\/2025\/01\/meinung-08.jpg\" class=\"contact-image media-object wp-post-image\" alt=\"Sabine T., 22 Jahre, aus Frankfurt\" srcset=\"https:\/\/anwalt.rocks\/arbeitsrecht\/wp-content\/uploads\/sites\/2\/2025\/01\/meinung-08.jpg 500w, https:\/\/anwalt.rocks\/arbeitsrecht\/wp-content\/uploads\/sites\/2\/2025\/01\/meinung-08-300x300.jpg 300w, https:\/\/anwalt.rocks\/arbeitsrecht\/wp-content\/uploads\/sites\/2\/2025\/01\/meinung-08-150x150.jpg 150w\" sizes=\"auto, (max-width: 500px) 100vw, 500px\" \/>            <\/a>\n        <\/div>\n\n        <div class=\"media-body\">\n                        <p class=\"h2 media-heading\">\n                <a  href=\"#\" data-toggle=\"modal\" data-target=\"#ContactModal\"  title=\"Sabine T., 22 Jahre, aus Frankfurt jetzt Kontakt aufnehmen!\">\n                    <span class=\"contact-name\">Sabine T., 22 Jahre, aus Frankfurt<\/span>\n                <\/a>\n\n                <span class=\"contact-text\"><\/span> <span class=\"contact-city\"><a href=\"https:\/\/anwalt.rocks\/arbeitsrecht\/region\/oebles-schlechtewitz\/\">Anwalt Arbeitsrecht Oebles-Schlechtewitz<\/a><\/span>            <\/p>\n\n            <div class=\"quote\"><p>Ich hatte ein Problem mit meinem Teilzeitvertrag, da mein Arbeitgeber mich pl\u00f6tzlich zu vielen \u00dcberstunden verpflichten wollte. Herr Schmelzer hat mich wunderbar beraten und schnell eine Kl\u00e4rung herbeigef\u00fchrt. Seine Kompetenz und Freundlichkeit haben mich \u00fcberzeugt. Ich f\u00fchlte mich jederzeit ernst &hellip;<\/p><\/div>\n            <a class=\"btn btn-cta\"  href=\"#\" data-toggle=\"modal\" data-target=\"#ContactModal\"  title=\"Sabine T., 22 Jahre, aus Frankfurt jetzt Kontakt aufnehmen!\">\n                Nachricht senden            <\/a>\n        <\/div>\n    <\/div>\n<\/article><article class=\"contact contact-list post-2646 profile type-profile status-publish has-post-thumbnail hentry\" data-contact=\"2646\">\n    \n    <div class=\"media\">\n        <div class=\"media-left\">\n            <a  href=\"#\" data-toggle=\"modal\" data-target=\"#ContactModal\"  title=\"Ulrich H. jetzt Kontakt aufnehmen!\">\n                <img loading=\"lazy\" decoding=\"async\" width=\"500\" height=\"500\" src=\"https:\/\/anwalt.rocks\/arbeitsrecht\/wp-content\/uploads\/sites\/2\/2025\/01\/meinung-16.jpg\" class=\"contact-image media-object wp-post-image\" alt=\"Ulrich H.\" srcset=\"https:\/\/anwalt.rocks\/arbeitsrecht\/wp-content\/uploads\/sites\/2\/2025\/01\/meinung-16.jpg 500w, https:\/\/anwalt.rocks\/arbeitsrecht\/wp-content\/uploads\/sites\/2\/2025\/01\/meinung-16-300x300.jpg 300w, https:\/\/anwalt.rocks\/arbeitsrecht\/wp-content\/uploads\/sites\/2\/2025\/01\/meinung-16-150x150.jpg 150w\" sizes=\"auto, (max-width: 500px) 100vw, 500px\" \/>            <\/a>\n        <\/div>\n\n        <div class=\"media-body\">\n                        <p class=\"h2 media-heading\">\n                <a  href=\"#\" data-toggle=\"modal\" data-target=\"#ContactModal\"  title=\"Ulrich H. jetzt Kontakt aufnehmen!\">\n                    <span class=\"contact-name\">Ulrich H.<\/span>\n                <\/a>\n\n                <span class=\"contact-text\"><\/span> <span class=\"contact-city\"><a href=\"https:\/\/anwalt.rocks\/arbeitsrecht\/region\/bolanden-pfalz\/\">Anwalt Arbeitsrecht Bolanden Pfalz<\/a><\/span>            <\/p>\n\n            <div class=\"quote\"><p>Anwalt Schmelzer hat mir in einem schwierigen Fall von Diskriminierung am Arbeitsplatz geholfen. Er hat mich nicht nur juristisch unterst\u00fctzt, sondern mir auch moralisch viel R\u00fcckhalt gegeben. Dank ihm wurde mein Fall erfolgreich gel\u00f6st, und ich f\u00fchle mich endlich wieder &hellip;<\/p><\/div>\n            <a class=\"btn btn-cta\"  href=\"#\" data-toggle=\"modal\" data-target=\"#ContactModal\"  title=\"Ulrich H. jetzt Kontakt aufnehmen!\">\n                Nachricht senden            <\/a>\n        <\/div>\n    <\/div>\n<\/article><article class=\"contact contact-list post-2637 profile type-profile status-publish has-post-thumbnail hentry\" data-contact=\"2637\">\n    \n    <div class=\"media\">\n        <div class=\"media-left\">\n            <a  href=\"#\" data-toggle=\"modal\" data-target=\"#ContactModal\"  title=\"Uwe D. jetzt Kontakt aufnehmen!\">\n                <img loading=\"lazy\" decoding=\"async\" width=\"500\" height=\"500\" src=\"https:\/\/anwalt.rocks\/arbeitsrecht\/wp-content\/uploads\/sites\/2\/2025\/01\/meinung-13.jpg\" class=\"contact-image media-object wp-post-image\" alt=\"Uwe D.\" srcset=\"https:\/\/anwalt.rocks\/arbeitsrecht\/wp-content\/uploads\/sites\/2\/2025\/01\/meinung-13.jpg 500w, https:\/\/anwalt.rocks\/arbeitsrecht\/wp-content\/uploads\/sites\/2\/2025\/01\/meinung-13-300x300.jpg 300w, https:\/\/anwalt.rocks\/arbeitsrecht\/wp-content\/uploads\/sites\/2\/2025\/01\/meinung-13-150x150.jpg 150w\" sizes=\"auto, (max-width: 500px) 100vw, 500px\" \/>            <\/a>\n        <\/div>\n\n        <div class=\"media-body\">\n                        <p class=\"h2 media-heading\">\n                <a  href=\"#\" data-toggle=\"modal\" data-target=\"#ContactModal\"  title=\"Uwe D. jetzt Kontakt aufnehmen!\">\n                    <span class=\"contact-name\">Uwe D.<\/span>\n                <\/a>\n\n                <span class=\"contact-text\"><\/span> <span class=\"contact-city\"><a href=\"https:\/\/anwalt.rocks\/arbeitsrecht\/region\/bad-salzuflen\/\">Anwalt Arbeitsrecht Bad Salzuflen<\/a><\/span>            <\/p>\n\n            <div class=\"quote\"><p>Ich hatte Schwierigkeiten mit meinem Arbeitszeugnis, das mein Arbeitgeber absichtlich negativ formuliert hatte. Anwalt Schmelzer hat f\u00fcr mich ein einwandfreies Zeugnis durchgesetzt. Er war jederzeit erreichbar und hat meine Sorgen ernst genommen. Ich bin sehr zufrieden mit seiner Arbeit.&hellip;<\/p><\/div>\n            <a class=\"btn btn-cta\"  href=\"#\" data-toggle=\"modal\" data-target=\"#ContactModal\"  title=\"Uwe D. jetzt Kontakt aufnehmen!\">\n                Nachricht senden            <\/a>\n        <\/div>\n    <\/div>\n<\/article><article class=\"contact contact-list post-2606 profile type-profile status-publish has-post-thumbnail hentry\" data-contact=\"2606\">\n    \n    <div class=\"media\">\n        <div class=\"media-left\">\n            <a  href=\"#\" data-toggle=\"modal\" data-target=\"#ContactModal\"  title=\"Maria P., 29 Jahre, aus Stuttgart jetzt Kontakt aufnehmen!\">\n                <img loading=\"lazy\" decoding=\"async\" width=\"500\" height=\"500\" src=\"https:\/\/anwalt.rocks\/arbeitsrecht\/wp-content\/uploads\/sites\/2\/2025\/01\/meinung-03.jpg\" class=\"contact-image media-object wp-post-image\" alt=\"Maria P., 29 Jahre, aus Stuttgart\" srcset=\"https:\/\/anwalt.rocks\/arbeitsrecht\/wp-content\/uploads\/sites\/2\/2025\/01\/meinung-03.jpg 500w, https:\/\/anwalt.rocks\/arbeitsrecht\/wp-content\/uploads\/sites\/2\/2025\/01\/meinung-03-300x300.jpg 300w, https:\/\/anwalt.rocks\/arbeitsrecht\/wp-content\/uploads\/sites\/2\/2025\/01\/meinung-03-150x150.jpg 150w\" sizes=\"auto, (max-width: 500px) 100vw, 500px\" \/>            <\/a>\n        <\/div>\n\n        <div class=\"media-body\">\n                        <p class=\"h2 media-heading\">\n                <a  href=\"#\" data-toggle=\"modal\" data-target=\"#ContactModal\"  title=\"Maria P., 29 Jahre, aus Stuttgart jetzt Kontakt aufnehmen!\">\n                    <span class=\"contact-name\">Maria P., 29 Jahre, aus Stuttgart<\/span>\n                <\/a>\n\n                <span class=\"contact-text\"><\/span> <span class=\"contact-city\"><a href=\"https:\/\/anwalt.rocks\/arbeitsrecht\/region\/binzen-kreis-loerrach\/\">Anwalt Arbeitsrecht Binzen Kreis L\u00f6rrach<\/a><\/span>            <\/p>\n\n            <div class=\"quote\"><p>Herr Dr. Schmelzer ist einfach ein toller Anwalt! In meinem Fall ging es um Mobbing am Arbeitsplatz. Ich wusste nicht mehr weiter, aber Herr Dr. Schmelzer hat mir Mut gemacht und klare Schritte vorgeschlagen. Er hat nicht nur mein Recht &hellip;<\/p><\/div>\n            <a class=\"btn btn-cta\"  href=\"#\" data-toggle=\"modal\" data-target=\"#ContactModal\"  title=\"Maria P., 29 Jahre, aus Stuttgart jetzt Kontakt aufnehmen!\">\n                Nachricht senden            <\/a>\n        <\/div>\n    <\/div>\n<\/article>\n<div class=\"blogposts\"><ul><li><a href=\"https:\/\/anwalt.rocks\/arbeitsrecht\/lindow\/\" title=\"Anwalt Lindow f\u00fcr Arbeitsrecht.\">Anwalt Lindow f\u00fcr Arbeitsrecht.<\/a><\/li><li><a href=\"https:\/\/anwalt.rocks\/arbeitsrecht\/plettenberg\/\" title=\"Anwalt Arbeitsrecht Plettenberg &#8211; Inzwischen \u00fcber 42 zufriedene Mandanten.\">Anwalt Arbeitsrecht Plettenberg &#8211; Inzwischen \u00fcber 42 zufriedene Mandanten.<\/a><\/li><li><a href=\"https:\/\/anwalt.rocks\/arbeitsrecht\/rendsburg\/\" title=\"Anwalt Rendsburg Experte zum Thema IT- und Arbeitsrecht.\">Anwalt Rendsburg Experte zum Thema IT- und Arbeitsrecht.<\/a><\/li><li><a href=\"https:\/\/anwalt.rocks\/arbeitsrecht\/overath\/\" title=\"Anwalt Overath Spezialist zum Thema Arbeitsrecht.\">Anwalt Overath Spezialist zum Thema Arbeitsrecht.<\/a><\/li><li><a href=\"https:\/\/anwalt.rocks\/arbeitsrecht\/adorf\/\" title=\"Fachanwalt in Sachen Arbeitsrecht Adorf.\">Fachanwalt in Sachen Arbeitsrecht Adorf.<\/a><\/li><li><a href=\"https:\/\/anwalt.rocks\/arbeitsrecht\/kassel\/\" title=\"Kanzlei Dr. Stephan Schmelzer Rechtsanwalt IT- und Arbeitsrecht Kassel.\">Kanzlei Dr. Stephan Schmelzer Rechtsanwalt IT- und Arbeitsrecht Kassel.<\/a><\/li><li><a href=\"https:\/\/anwalt.rocks\/arbeitsrecht\/netzschkau\/\" title=\"Anwalt Netzschkau Fachanwalt im Bereich Arbeits- und IT Recht.\">Anwalt Netzschkau Fachanwalt im Bereich Arbeits- und IT Recht.<\/a><\/li><\/ul><\/div>\n","protected":false},"excerpt":{"rendered":"<h2>Anwalt Arbeitsrecht Netzschkau &#8211; Fachanwalt  f\u00fcr \u00fcberregionale Mandate.<\/h2>\n<p><a href=\"https:\/\/dr-schmelzer.eu\/arbeitsrecht\/\" target=\"_blank\" rel=\"noopener\"><img loading=\"lazy\" decoding=\"async\" src=\"https:\/\/anwalt.rocks\/bilder\/arbeitsrecht\/anwalt-arbeitsrecht-600x600.webp\" alt=\"Anwalt Netzschkau Fachanwalt im Bereich Arbeits- und IT Recht.\" title=\"Anwalt Netzschkau Fachanwalt im Bereich Arbeits- und IT Recht.\" width=\"600\" height=\"600\" \/><\/a> <\/p>\n<h3>Rechtsanwalt IT- und Arbeitsrecht Netzschkau &#8211; Soziet\u00e4t Dr. Stephan Schmelzer.<\/h3>\n<p>Dr. Stephan Schmelzer ist Ihr Ansprechpartner f\u00fcr komplexe arbeitsrechtliche F\u00e4lle. Als Fachanwalt f\u00fcr Arbeitsrecht seit 2002 genie\u00dft er durch seine 25-j\u00e4hrige Erfahrung &hellip;<\/p>","protected":false},"author":1,"featured_media":0,"comment_status":"closed","ping_status":"open","sticky":false,"template":"","format":"standard","meta":{"footnotes":""},"categories":[3],"tags":[],"class_list":["post-9685","post","type-post","status-publish","format-standard","hentry","category-fachanwalt"],"yoast_head":"<!-- This site is optimized with the Yoast SEO Premium plugin v27.1 (Yoast SEO v27.2) - https:\/\/yoast.com\/product\/yoast-seo-premium-wordpress\/ -->\n<title>Fachanwalt zum Thema Arbeits- und IT Recht T\u00fcbingen.<\/title>\n<meta name=\"robots\" content=\"index, follow, max-snippet:-1, max-image-preview:large, max-video-preview:-1\" \/>\n<link rel=\"canonical\" href=\"https:\/\/anwalt.rocks\/arbeitsrecht\/tuebingen\/\" \/>\n<meta property=\"og:locale\" content=\"de_DE\" \/>\n<meta property=\"og:type\" content=\"article\" \/>\n<meta property=\"og:title\" content=\"Fachanwalt zum Thema Arbeits- und IT Recht T\u00fcbingen.\" \/>\n<meta property=\"og:description\" content=\"Anwalt Arbeitsrecht Netzschkau &#8211; Fachanwalt f\u00fcr \u00fcberregionale Mandate.  Rechtsanwalt IT- und Arbeitsrecht Netzschkau &#8211; Soziet\u00e4t Dr. Stephan Schmelzer. Dr. Stephan Schmelzer ist Ihr Ansprechpartner f\u00fcr komplexe arbeitsrechtliche F\u00e4lle. Als Fachanwalt f\u00fcr Arbeitsrecht seit 2002 genie\u00dft er durch seine 25-j\u00e4hrige Erfahrung &hellip;\" \/>\n<meta property=\"og:url\" content=\"https:\/\/anwalt.rocks\/arbeitsrecht\/tuebingen\/\" \/>\n<meta property=\"og:site_name\" content=\"Anwalt Arbeitsrecht in der N\u00e4he - Dr. Schmelzer\" \/>\n<meta property=\"article:published_time\" content=\"2025-01-08T09:17:58+00:00\" \/>\n<meta property=\"og:image\" content=\"https:\/\/anwalt.rocks\/bilder\/arbeitsrecht\/anwalt-arbeitsrecht-600x600.webp\" \/>\n<meta name=\"author\" content=\"admin\" \/>\n<meta name=\"twitter:card\" content=\"summary_large_image\" \/>\n<meta name=\"twitter:label1\" content=\"Verfasst von\" \/>\n\t<meta name=\"twitter:data1\" content=\"admin\" \/>\n\t<meta name=\"twitter:label2\" content=\"Gesch\u00e4tzte Lesezeit\" \/>\n\t<meta name=\"twitter:data2\" content=\"4\u00a0Minuten\" \/>\n<script type=\"application\/ld+json\" class=\"yoast-schema-graph\">{\"@context\":\"https:\/\/schema.org\",\"@graph\":[{\"@type\":\"Article\",\"@id\":\"https:\/\/anwalt.rocks\/arbeitsrecht\/tuebingen\/#article\",\"isPartOf\":{\"@id\":\"https:\/\/anwalt.rocks\/arbeitsrecht\/tuebingen\/\"},\"author\":{\"name\":\"admin\",\"@id\":\"https:\/\/anwalt.rocks\/arbeitsrecht\/#\/schema\/person\/3fd3b0fc4df170bb2460fbc934288e39\"},\"headline\":\"Fachanwalt zum Thema Arbeits- und IT Recht T\u00fcbingen.\",\"datePublished\":\"2025-01-08T09:17:58+00:00\",\"mainEntityOfPage\":{\"@id\":\"https:\/\/anwalt.rocks\/arbeitsrecht\/tuebingen\/\"},\"wordCount\":746,\"publisher\":{\"@id\":\"https:\/\/anwalt.rocks\/arbeitsrecht\/#organization\"},\"image\":{\"@id\":\"https:\/\/anwalt.rocks\/arbeitsrecht\/tuebingen\/#primaryimage\"},\"thumbnailUrl\":\"https:\/\/anwalt.rocks\/bilder\/arbeitsrecht\/anwalt-arbeitsrecht-600x600.webp\",\"articleSection\":[\"Fachanwalt\"],\"inLanguage\":\"de\"},{\"@type\":\"WebPage\",\"@id\":\"https:\/\/anwalt.rocks\/arbeitsrecht\/tuebingen\/\",\"url\":\"https:\/\/anwalt.rocks\/arbeitsrecht\/tuebingen\/\",\"name\":\"Fachanwalt zum Thema Arbeits- und IT Recht T\u00fcbingen.\",\"isPartOf\":{\"@id\":\"https:\/\/anwalt.rocks\/arbeitsrecht\/#website\"},\"primaryImageOfPage\":{\"@id\":\"https:\/\/anwalt.rocks\/arbeitsrecht\/tuebingen\/#primaryimage\"},\"image\":{\"@id\":\"https:\/\/anwalt.rocks\/arbeitsrecht\/tuebingen\/#primaryimage\"},\"thumbnailUrl\":\"https:\/\/anwalt.rocks\/bilder\/arbeitsrecht\/anwalt-arbeitsrecht-600x600.webp\",\"datePublished\":\"2025-01-08T09:17:58+00:00\",\"breadcrumb\":{\"@id\":\"https:\/\/anwalt.rocks\/arbeitsrecht\/tuebingen\/#breadcrumb\"},\"inLanguage\":\"de\",\"potentialAction\":[{\"@type\":\"ReadAction\",\"target\":[\"https:\/\/anwalt.rocks\/arbeitsrecht\/tuebingen\/\"]}]},{\"@type\":\"ImageObject\",\"inLanguage\":\"de\",\"@id\":\"https:\/\/anwalt.rocks\/arbeitsrecht\/tuebingen\/#primaryimage\",\"url\":\"https:\/\/anwalt.rocks\/bilder\/arbeitsrecht\/anwalt-arbeitsrecht-600x600.webp\",\"contentUrl\":\"https:\/\/anwalt.rocks\/bilder\/arbeitsrecht\/anwalt-arbeitsrecht-600x600.webp\"},{\"@type\":\"BreadcrumbList\",\"@id\":\"https:\/\/anwalt.rocks\/arbeitsrecht\/tuebingen\/#breadcrumb\",\"itemListElement\":[{\"@type\":\"ListItem\",\"position\":1,\"name\":\"Start\",\"item\":\"https:\/\/anwalt.rocks\/arbeitsrecht\/\"},{\"@type\":\"ListItem\",\"position\":2,\"name\":\"Fachanwalt zum Thema Arbeits- und IT Recht T\u00fcbingen.\"}]},{\"@type\":\"WebSite\",\"@id\":\"https:\/\/anwalt.rocks\/arbeitsrecht\/#website\",\"url\":\"https:\/\/anwalt.rocks\/arbeitsrecht\/\",\"name\":\"Anwalt Arbeitsrecht in der N\u00e4he - Dr. Schmelzer\",\"description\":\"Kompetenzen und Vorteile von Dr. Stephan Schmelzer \u2013 Anwalt und Fachanwalt f\u00fcr Arbeitsrecht mit 25 j\u00e4hriger Berufspraxis.\",\"publisher\":{\"@id\":\"https:\/\/anwalt.rocks\/arbeitsrecht\/#organization\"},\"potentialAction\":[{\"@type\":\"SearchAction\",\"target\":{\"@type\":\"EntryPoint\",\"urlTemplate\":\"https:\/\/anwalt.rocks\/arbeitsrecht\/?s={search_term_string}\"},\"query-input\":{\"@type\":\"PropertyValueSpecification\",\"valueRequired\":true,\"valueName\":\"search_term_string\"}}],\"inLanguage\":\"de\"},{\"@type\":\"Organization\",\"@id\":\"https:\/\/anwalt.rocks\/arbeitsrecht\/#organization\",\"name\":\"Kanzlei Dr. Schmelzer\",\"url\":\"https:\/\/anwalt.rocks\/arbeitsrecht\/\",\"logo\":{\"@type\":\"ImageObject\",\"inLanguage\":\"de\",\"@id\":\"https:\/\/anwalt.rocks\/arbeitsrecht\/#\/schema\/logo\/image\/\",\"url\":\"https:\/\/anwalt.rocks\/arbeitsrecht\/wp-content\/uploads\/sites\/2\/2025\/01\/anwalt-arbeitsrecht-logo.png\",\"contentUrl\":\"https:\/\/anwalt.rocks\/arbeitsrecht\/wp-content\/uploads\/sites\/2\/2025\/01\/anwalt-arbeitsrecht-logo.png\",\"width\":450,\"height\":150,\"caption\":\"Kanzlei Dr. Schmelzer\"},\"image\":{\"@id\":\"https:\/\/anwalt.rocks\/arbeitsrecht\/#\/schema\/logo\/image\/\"}},{\"@type\":\"Person\",\"@id\":\"https:\/\/anwalt.rocks\/arbeitsrecht\/#\/schema\/person\/3fd3b0fc4df170bb2460fbc934288e39\",\"name\":\"admin\",\"image\":{\"@type\":\"ImageObject\",\"inLanguage\":\"de\",\"@id\":\"https:\/\/secure.gravatar.com\/avatar\/2a567a722e62dc61f1aaa46c6b595fa617f2003443806e3422a8fed77c029cfc?s=96&d=mm&r=g\",\"url\":\"https:\/\/secure.gravatar.com\/avatar\/2a567a722e62dc61f1aaa46c6b595fa617f2003443806e3422a8fed77c029cfc?s=96&d=mm&r=g\",\"contentUrl\":\"https:\/\/secure.gravatar.com\/avatar\/2a567a722e62dc61f1aaa46c6b595fa617f2003443806e3422a8fed77c029cfc?s=96&d=mm&r=g\",\"caption\":\"admin\"},\"sameAs\":[\"https:\/\/anwalt.rocks\"],\"url\":\"https:\/\/anwalt.rocks\/arbeitsrecht\/author\/admin\/\"}]}<\/script>\n<!-- \/ Yoast SEO Premium plugin. -->","yoast_head_json":{"title":"Fachanwalt zum Thema Arbeits- und IT Recht T\u00fcbingen.","robots":{"index":"index","follow":"follow","max-snippet":"max-snippet:-1","max-image-preview":"max-image-preview:large","max-video-preview":"max-video-preview:-1"},"canonical":"https:\/\/anwalt.rocks\/arbeitsrecht\/tuebingen\/","og_locale":"de_DE","og_type":"article","og_title":"Fachanwalt zum Thema Arbeits- und IT Recht T\u00fcbingen.","og_description":"Anwalt Arbeitsrecht Netzschkau &#8211; Fachanwalt f\u00fcr \u00fcberregionale Mandate.  Rechtsanwalt IT- und Arbeitsrecht Netzschkau &#8211; Soziet\u00e4t Dr. Stephan Schmelzer. Dr. Stephan Schmelzer ist Ihr Ansprechpartner f\u00fcr komplexe arbeitsrechtliche F\u00e4lle. Als Fachanwalt f\u00fcr Arbeitsrecht seit 2002 genie\u00dft er durch seine 25-j\u00e4hrige Erfahrung &hellip;","og_url":"https:\/\/anwalt.rocks\/arbeitsrecht\/tuebingen\/","og_site_name":"Anwalt Arbeitsrecht in der N\u00e4he - Dr. Schmelzer","article_published_time":"2025-01-08T09:17:58+00:00","og_image":[{"url":"https:\/\/anwalt.rocks\/bilder\/arbeitsrecht\/anwalt-arbeitsrecht-600x600.webp","type":"","width":"","height":""}],"author":"admin","twitter_card":"summary_large_image","twitter_misc":{"Verfasst von":"admin","Gesch\u00e4tzte Lesezeit":"4\u00a0Minuten"},"schema":{"@context":"https:\/\/schema.org","@graph":[{"@type":"Article","@id":"https:\/\/anwalt.rocks\/arbeitsrecht\/tuebingen\/#article","isPartOf":{"@id":"https:\/\/anwalt.rocks\/arbeitsrecht\/tuebingen\/"},"author":{"name":"admin","@id":"https:\/\/anwalt.rocks\/arbeitsrecht\/#\/schema\/person\/3fd3b0fc4df170bb2460fbc934288e39"},"headline":"Fachanwalt zum Thema Arbeits- und IT Recht T\u00fcbingen.","datePublished":"2025-01-08T09:17:58+00:00","mainEntityOfPage":{"@id":"https:\/\/anwalt.rocks\/arbeitsrecht\/tuebingen\/"},"wordCount":746,"publisher":{"@id":"https:\/\/anwalt.rocks\/arbeitsrecht\/#organization"},"image":{"@id":"https:\/\/anwalt.rocks\/arbeitsrecht\/tuebingen\/#primaryimage"},"thumbnailUrl":"https:\/\/anwalt.rocks\/bilder\/arbeitsrecht\/anwalt-arbeitsrecht-600x600.webp","articleSection":["Fachanwalt"],"inLanguage":"de"},{"@type":"WebPage","@id":"https:\/\/anwalt.rocks\/arbeitsrecht\/tuebingen\/","url":"https:\/\/anwalt.rocks\/arbeitsrecht\/tuebingen\/","name":"Fachanwalt zum Thema Arbeits- und IT Recht T\u00fcbingen.","isPartOf":{"@id":"https:\/\/anwalt.rocks\/arbeitsrecht\/#website"},"primaryImageOfPage":{"@id":"https:\/\/anwalt.rocks\/arbeitsrecht\/tuebingen\/#primaryimage"},"image":{"@id":"https:\/\/anwalt.rocks\/arbeitsrecht\/tuebingen\/#primaryimage"},"thumbnailUrl":"https:\/\/anwalt.rocks\/bilder\/arbeitsrecht\/anwalt-arbeitsrecht-600x600.webp","datePublished":"2025-01-08T09:17:58+00:00","breadcrumb":{"@id":"https:\/\/anwalt.rocks\/arbeitsrecht\/tuebingen\/#breadcrumb"},"inLanguage":"de","potentialAction":[{"@type":"ReadAction","target":["https:\/\/anwalt.rocks\/arbeitsrecht\/tuebingen\/"]}]},{"@type":"ImageObject","inLanguage":"de","@id":"https:\/\/anwalt.rocks\/arbeitsrecht\/tuebingen\/#primaryimage","url":"https:\/\/anwalt.rocks\/bilder\/arbeitsrecht\/anwalt-arbeitsrecht-600x600.webp","contentUrl":"https:\/\/anwalt.rocks\/bilder\/arbeitsrecht\/anwalt-arbeitsrecht-600x600.webp"},{"@type":"BreadcrumbList","@id":"https:\/\/anwalt.rocks\/arbeitsrecht\/tuebingen\/#breadcrumb","itemListElement":[{"@type":"ListItem","position":1,"name":"Start","item":"https:\/\/anwalt.rocks\/arbeitsrecht\/"},{"@type":"ListItem","position":2,"name":"Fachanwalt zum Thema Arbeits- und IT Recht T\u00fcbingen."}]},{"@type":"WebSite","@id":"https:\/\/anwalt.rocks\/arbeitsrecht\/#website","url":"https:\/\/anwalt.rocks\/arbeitsrecht\/","name":"Anwalt Arbeitsrecht in der N\u00e4he - Dr. Schmelzer","description":"Kompetenzen und Vorteile von Dr. Stephan Schmelzer \u2013 Anwalt und Fachanwalt f\u00fcr Arbeitsrecht mit 25 j\u00e4hriger Berufspraxis.","publisher":{"@id":"https:\/\/anwalt.rocks\/arbeitsrecht\/#organization"},"potentialAction":[{"@type":"SearchAction","target":{"@type":"EntryPoint","urlTemplate":"https:\/\/anwalt.rocks\/arbeitsrecht\/?s={search_term_string}"},"query-input":{"@type":"PropertyValueSpecification","valueRequired":true,"valueName":"search_term_string"}}],"inLanguage":"de"},{"@type":"Organization","@id":"https:\/\/anwalt.rocks\/arbeitsrecht\/#organization","name":"Kanzlei Dr. Schmelzer","url":"https:\/\/anwalt.rocks\/arbeitsrecht\/","logo":{"@type":"ImageObject","inLanguage":"de","@id":"https:\/\/anwalt.rocks\/arbeitsrecht\/#\/schema\/logo\/image\/","url":"https:\/\/anwalt.rocks\/arbeitsrecht\/wp-content\/uploads\/sites\/2\/2025\/01\/anwalt-arbeitsrecht-logo.png","contentUrl":"https:\/\/anwalt.rocks\/arbeitsrecht\/wp-content\/uploads\/sites\/2\/2025\/01\/anwalt-arbeitsrecht-logo.png","width":450,"height":150,"caption":"Kanzlei Dr. Schmelzer"},"image":{"@id":"https:\/\/anwalt.rocks\/arbeitsrecht\/#\/schema\/logo\/image\/"}},{"@type":"Person","@id":"https:\/\/anwalt.rocks\/arbeitsrecht\/#\/schema\/person\/3fd3b0fc4df170bb2460fbc934288e39","name":"admin","image":{"@type":"ImageObject","inLanguage":"de","@id":"https:\/\/secure.gravatar.com\/avatar\/2a567a722e62dc61f1aaa46c6b595fa617f2003443806e3422a8fed77c029cfc?s=96&d=mm&r=g","url":"https:\/\/secure.gravatar.com\/avatar\/2a567a722e62dc61f1aaa46c6b595fa617f2003443806e3422a8fed77c029cfc?s=96&d=mm&r=g","contentUrl":"https:\/\/secure.gravatar.com\/avatar\/2a567a722e62dc61f1aaa46c6b595fa617f2003443806e3422a8fed77c029cfc?s=96&d=mm&r=g","caption":"admin"},"sameAs":["https:\/\/anwalt.rocks"],"url":"https:\/\/anwalt.rocks\/arbeitsrecht\/author\/admin\/"}]}},"_links":{"self":[{"href":"https:\/\/anwalt.rocks\/arbeitsrecht\/wp-json\/wp\/v2\/posts\/9685","targetHints":{"allow":["GET"]}}],"collection":[{"href":"https:\/\/anwalt.rocks\/arbeitsrecht\/wp-json\/wp\/v2\/posts"}],"about":[{"href":"https:\/\/anwalt.rocks\/arbeitsrecht\/wp-json\/wp\/v2\/types\/post"}],"author":[{"embeddable":true,"href":"https:\/\/anwalt.rocks\/arbeitsrecht\/wp-json\/wp\/v2\/users\/1"}],"replies":[{"embeddable":true,"href":"https:\/\/anwalt.rocks\/arbeitsrecht\/wp-json\/wp\/v2\/comments?post=9685"}],"version-history":[{"count":0,"href":"https:\/\/anwalt.rocks\/arbeitsrecht\/wp-json\/wp\/v2\/posts\/9685\/revisions"}],"wp:attachment":[{"href":"https:\/\/anwalt.rocks\/arbeitsrecht\/wp-json\/wp\/v2\/media?parent=9685"}],"wp:term":[{"taxonomy":"category","embeddable":true,"href":"https:\/\/anwalt.rocks\/arbeitsrecht\/wp-json\/wp\/v2\/categories?post=9685"},{"taxonomy":"post_tag","embeddable":true,"href":"https:\/\/anwalt.rocks\/arbeitsrecht\/wp-json\/wp\/v2\/tags?post=9685"}],"curies":[{"name":"wp","href":"https:\/\/api.w.org\/{rel}","templated":true}]}}