{"id":9692,"date":"2025-01-08T20:55:35","date_gmt":"2025-01-08T19:55:35","guid":{"rendered":"https:\/\/anwalt.rocks\/arbeitsrecht\/uebigau-wahrenbrueck\/"},"modified":"2025-01-08T20:55:35","modified_gmt":"2025-01-08T19:55:35","slug":"uebigau-wahrenbrueck","status":"publish","type":"post","link":"https:\/\/anwalt.rocks\/arbeitsrecht\/uebigau-wahrenbrueck\/","title":{"rendered":"Rechtsanwalt Uebigau Wahrenbr\u00fcck Spezialist f\u00fcr Arbeitsrecht."},"content":{"rendered":"<span class=\"span-reading-time rt-reading-time\" style=\"display: block;\"><span class=\"rt-label rt-prefix\">Lesedauer<\/span> <span class=\"rt-time\"> 3<\/span> <span class=\"rt-label rt-postfix\">Minuten<\/span><\/span><h2>Spezialist Arbeitsrecht Uebigau Wahrenbr\u00fcck f\u00fcr Arbeitgeber und Arbeitnehmer f\u00fcr Lohnfortzahlung im Krankheitsfall.<\/h2>\n<p><a href=\"https:\/\/dr-schmelzer.eu\/arbeitsrecht\/\" target=\"_blank\" rel=\"noopener\"><img loading=\"lazy\" decoding=\"async\" src=\"https:\/\/anwalt.rocks\/bilder\/arbeitsrecht\/anwalt-arbeitsrecht-600x600.webp\" alt=\"Rechtsanwalt Uebigau Wahrenbr\u00fcck Spezialist f\u00fcr Arbeitsrecht.\" title=\"Rechtsanwalt Uebigau Wahrenbr\u00fcck Spezialist f\u00fcr Arbeitsrecht.\" width=\"600\" height=\"600\" \/><\/a> <\/p>\n<h3>Fachanwalt IT- und Arbeitsrecht Uebigau Wahrenbr\u00fcck &#8211; Kanzlei Dr. Stephan Schmelzer.<\/h3>\n<p>Arbeitsrechtliche Probleme? Dr. Stephan Schmelzer hilft Ihnen zuverl\u00e4ssig weiter. Seine Spezialisierung als Fachanwalt und mehr als 25 Jahre Berufserfahrung machen ihn weit \u00fcber Ahlen hinaus bekannt. Mit \u00fcber 20 Jahren Erfahrung steht seine Kanzlei f\u00fcr juristische Pr\u00e4zision und individuelle Beratung. Mit einer seltenen Kombination aus IT- und Arbeitsrecht ist Dr. Schmelzer in der heutigen Arbeitswelt eine bedeutende St\u00fctze. &#8211; <a title=\"Anwalt Ludwigshafen\" href=\"https:\/\/anwalt.rocks\/arbeitsrecht\/ludwigshafen\/\">Anwalt Ludwigshafen<\/a><\/p>\n<p><a href=\"https:\/\/dr-schmelzer.eu\/arbeitsrecht\/\" target=\"_blank\" rel=\"noopener\"><img loading=\"lazy\" decoding=\"async\" src=\"https:\/\/anwalt.rocks\/bilder\/arbeitsrecht\/rechtsanwalt-arbeitsrecht-600x600.webp\" alt=\"Anwalt Arbeitsrecht Uebigau Wahrenbr\u00fcck\" title=\"Anwalt Arbeitsrecht Uebigau Wahrenbr\u00fcck\" width=\"600\" height=\"600\" \/><\/a> <\/p>\n<h3>Kanzlei Dr. Stephan Schmelzer &#8211; Spezialist f\u00fcr Arbeitsrecht Uebigau Wahrenbr\u00fcck.<\/h3>\n<p>Seine Expertise im IT-Recht wird bei Bedarf eingebunden, doch seine T\u00e4tigkeit fokussiert sich vorrangig auf das Arbeitsrecht, auch international. Dr. Stephan Schmelzer bietet auf jeden Fall zugeschnittene L\u00f6sungen f\u00fcr alle arbeitsrechtlichen Fragen von Arbeitgebern und Arbeitnehmern. Die Verbindung aus Praxisn\u00e4he und individueller Beratung macht ihn zu einem der f\u00fchrenden Experten in diesem Rechtsgebiet. &#8211; <a title=\"Anwalt Bad Langensalza\" href=\"https:\/\/anwalt.rocks\/arbeitsrecht\/bad-langensalza\/\">Anwalt Bad Langensalza<\/a><\/p>\n<h3>Hohes Durchsetzungsverm\u00f6gen &#8211; Fest drei Jahrzehnte Anwaltserfahrung als Arbeits- und Steuerrechtler Uebigau Wahrenbr\u00fcck.<\/h3>\n<p>Von Arbeitsvertr\u00e4gen bis hin zu Restrukturierungen sind Arbeitgeber mit einer Vielzahl rechtlicher Fragestellungen konfrontiert. Durch praxisnahe Herangehensweisen unterst\u00fctzt Dr. Schmelzer Unternehmen dabei, juristische Risiken zu minimieren und ma\u00dfgeschneiderte L\u00f6sungen zu entwickeln. Zu seinen Beratungsleistungen z\u00e4hlen: &#8211; <a title=\"Anwalt Arbeitsrecht Burgst\u00e4dt\" href=\"https:\/\/anwalt.rocks\/arbeitsrecht\/burgstaedt\/\">Anwalt Arbeitsrecht Burgst\u00e4dt<\/a><\/p>\n<h3>Anwalt Arbeitsrecht Uebigau Wahrenbr\u00fcck 44 gl\u00fcckliche Kunden.<\/h3>\n<p>Pr\u00fcfung und Erstellung von Arbeitsvertr\u00e4gen, die rechtlich sicher und gleichzeitig flexibel sind. Gestaltung von Verg\u00fctungs- und Arbeitszeitmodellen, die auf die spezifischen Anforderungen des Unternehmens zugeschnitten sind. &#8211; <a title=\"Anwalt Arbeitsrecht Kapfenberg\" href=\"https:\/\/anwalt.rocks\/arbeitsrecht\/kapfenberg\/\">Anwalt Arbeitsrecht Kapfenberg<\/a><\/p>\n<h3>Deswegen entscheidet man sich f\u00fcr diesen verl\u00e4sslichen Anwalt Uebigau Wahrenbr\u00fcck:<\/h3>\n<p>Beratung bei der Ausarbeitung rechtlich wasserdichter K\u00fcndigungen aus betrieblichen oder pers\u00f6nlichen Ursachen. Absicherung gegen juristische Risiken und umfassende Unterst\u00fctzung im K\u00fcndigungsprozess.<\/p>\n<h3>Kompetent ebenso wie top zuverl\u00e4ssig.<\/h3>\n<p>Unterst\u00fctzung bei der Kooperation mit dem Betriebsrat bei bedeutenden Ma\u00dfnahmen. Juristische Beratung zur Verhandlung und Einf\u00fchrung von Betriebsvereinbarungen. Planung und rechtliche Unterst\u00fctzung bei der Durchf\u00fchrung von Restrukturierungen. Prozessf\u00fchrung in arbeitsrechtlichen Streitigkeiten, wie K\u00fcndigungsschutzklagen, Entfristungsklagen und mehr. Konzentration auf eine effiziente und wirkungsvolle Verteidigung der Rechte des Unternehmens.<\/p>\n<h3>Anwalt Arbeitsrecht Uebigau Wahrenbr\u00fcck &#8211; Spezialist Dr. Schmelzer.<\/h3>\n<p>Die weitreichende Fachkenntnis von Dr. Schmelzer steht auch Arbeitnehmern zur Verf\u00fcgung. Gerade in Auseinandersetzungen erweist er sich als starker Unterst\u00fctzer, der mit gro\u00dfem Einsatz agiert. Im Leistungsumfang enthalten sind:<\/p>\n<p>Umfassende rechtliche Vertretung in K\u00fcndigungsschutzklagen vor dem Arbeitsgericht. Verhandlungen \u00fcber angemessene Abfindungen und finanzielle Ausgleichszahlungen. Umfassende rechtliche Vertretung in K\u00fcndigungsschutzklagen vor dem Arbeitsgericht. Verhandlungen \u00fcber angemessene Abfindungen und finanzielle Ausgleichszahlungen.<\/p>\n<p>Beratung und Unterst\u00fctzung bei der Aushandlung von Aufhebungsvertr\u00e4gen und Abfindungen. \u00dcberpr\u00fcfung und Optimierung von Arbeitszeugnissen zur Sicherstellung einer korrekten Bewertung. Vertretung in arbeitsrechtlichen Zeugnisverfahren zur Durchsetzung gerechter Bewertungen. Erhebliche Kosteneinsparung Unterst\u00fctzung bei der Kl\u00e4rung und Durchsetzung von ausstehenden Gehaltsanspr\u00fcchen. Begleitung bei Entgeltklagen und der Durchsetzung von \u00dcberstundenverg\u00fctungen. Rechtliche Bewertung von Abmahnungen und Entwicklung von Gegenstrategien bei unberechtigten Ma\u00dfnahmen.<\/p>\n<h4>Vertretung f\u00fcr Arbeitgeber und Arbeitnehmer im Bereich Anwalt Arbeitsrecht Uebigau Wahrenbr\u00fcck.<\/h4>\n<p>Die Schwerpunkte von Dr. Schmelzer liegen in der Restrukturierung und Konfliktl\u00f6sung. Dr. Schmelzer legt besonderen Wert auf die Beratung von Unternehmen in Phasen der Restrukturierung. Neben juristischer Expertise sind Verhandlungsgeschick und wirtschaftliches Verst\u00e4ndnis unerl\u00e4sslich.<\/p>\n<p>Anwalt Uebigau Wahrenbr\u00fcck Fazit: Dr. Schmelzer begleitet Unternehmen mit gro\u00dfer Erfahrung bei der Gestaltung von Sozialpl\u00e4nen und Interessenausgleichen. Dabei wird eine L\u00f6sung angestrebt, die von allen Seiten getragen werden kann. Mit fundiertem Wissen und einer klugen Strategie ist Dr. Schmelzer ein erfahrener Ansprechpartner f\u00fcr Verhandlungen mit Gewerkschaften und Betriebsr\u00e4ten.<\/p>\n<p>Jeder Fall wird vom Fachanwalt f\u00fcr Arbeitsrecht als einzigartige Aufgabe betrachtet, die sorgf\u00e4ltige L\u00f6sungen ben\u00f6tigt. Ob vor Gericht oder durch Verhandlungen \u2013 sein Ziel ist die bestm\u00f6gliche L\u00f6sung f\u00fcr seine Mandanten. Transparente Abl\u00e4ufe und eine enge Zusammenarbeit mit seinen Mandanten sind f\u00fcr ihn selbstverst\u00e4ndlich. Dr. Schmelzer ist bestrebt, in allen Angelegenheiten die Zufriedenheit seiner Mandanten zu gew\u00e4hrleisten. Seine Mandanten best\u00e4tigen mit positivem Feedback seine professionelle und l\u00f6sungsorientierte Vorgehensweise. Mit der Kanzlei Dr. Stephan Schmelzer steht Ihnen ein fachkundiger Partner zur Seite, der Arbeitnehmer und Arbeitgeber engagiert begleitet.<\/p>\n<article class=\"contact contact-list post-2615 profile type-profile status-publish has-post-thumbnail hentry\" data-contact=\"2615\">\n    \n    <div class=\"media\">\n        <div class=\"media-left\">\n            <a  href=\"#\" data-toggle=\"modal\" data-target=\"#ContactModal\"  title=\"Julia F., 25 Jahre, aus Dresden jetzt Kontakt aufnehmen!\">\n                <img loading=\"lazy\" decoding=\"async\" width=\"500\" height=\"500\" src=\"https:\/\/anwalt.rocks\/arbeitsrecht\/wp-content\/uploads\/sites\/2\/2025\/01\/meinung-06.jpg\" class=\"contact-image media-object wp-post-image\" alt=\"Julia F., 25 Jahre, aus Dresden\" srcset=\"https:\/\/anwalt.rocks\/arbeitsrecht\/wp-content\/uploads\/sites\/2\/2025\/01\/meinung-06.jpg 500w, https:\/\/anwalt.rocks\/arbeitsrecht\/wp-content\/uploads\/sites\/2\/2025\/01\/meinung-06-300x300.jpg 300w, https:\/\/anwalt.rocks\/arbeitsrecht\/wp-content\/uploads\/sites\/2\/2025\/01\/meinung-06-150x150.jpg 150w\" sizes=\"auto, (max-width: 500px) 100vw, 500px\" \/>            <\/a>\n        <\/div>\n\n        <div class=\"media-body\">\n                        <p class=\"h2 media-heading\">\n                <a  href=\"#\" data-toggle=\"modal\" data-target=\"#ContactModal\"  title=\"Julia F., 25 Jahre, aus Dresden jetzt Kontakt aufnehmen!\">\n                    <span class=\"contact-name\">Julia F., 25 Jahre, aus Dresden<\/span>\n                <\/a>\n\n                <span class=\"contact-text\"><\/span> <span class=\"contact-city\"><a href=\"https:\/\/anwalt.rocks\/arbeitsrecht\/region\/angelroda\/\">Anwalt Arbeitsrecht Angelroda<\/a><\/span>            <\/p>\n\n            <div class=\"quote\"><p>Dr. Schmelzer hat mir wirklich das Leben erleichtert! Mein Arbeitgeber wollte mir pl\u00f6tzlich weniger Gehalt zahlen, obwohl mein Vertrag etwas anderes vorsah. Dieser tolle Anwalt hat meinen Fall \u00fcbernommen und schnell eine L\u00f6sung gefunden. Sein Wissen im Arbeitsrecht ist beeindruckend, &hellip;<\/p><\/div>\n            <a class=\"btn btn-cta\"  href=\"#\" data-toggle=\"modal\" data-target=\"#ContactModal\"  title=\"Julia F., 25 Jahre, aus Dresden jetzt Kontakt aufnehmen!\">\n                Nachricht senden            <\/a>\n        <\/div>\n    <\/div>\n<\/article><article class=\"contact contact-list post-2649 profile type-profile status-publish has-post-thumbnail hentry\" data-contact=\"2649\">\n    \n    <div class=\"media\">\n        <div class=\"media-left\">\n            <a  href=\"#\" data-toggle=\"modal\" data-target=\"#ContactModal\"  title=\"Heinrich G. jetzt Kontakt aufnehmen!\">\n                <img loading=\"lazy\" decoding=\"async\" width=\"500\" height=\"500\" src=\"https:\/\/anwalt.rocks\/arbeitsrecht\/wp-content\/uploads\/sites\/2\/2025\/01\/meinung-17.jpg\" class=\"contact-image media-object wp-post-image\" alt=\"Heinrich G.\" srcset=\"https:\/\/anwalt.rocks\/arbeitsrecht\/wp-content\/uploads\/sites\/2\/2025\/01\/meinung-17.jpg 500w, https:\/\/anwalt.rocks\/arbeitsrecht\/wp-content\/uploads\/sites\/2\/2025\/01\/meinung-17-300x300.jpg 300w, https:\/\/anwalt.rocks\/arbeitsrecht\/wp-content\/uploads\/sites\/2\/2025\/01\/meinung-17-150x150.jpg 150w\" sizes=\"auto, (max-width: 500px) 100vw, 500px\" \/>            <\/a>\n        <\/div>\n\n        <div class=\"media-body\">\n                        <p class=\"h2 media-heading\">\n                <a  href=\"#\" data-toggle=\"modal\" data-target=\"#ContactModal\"  title=\"Heinrich G. jetzt Kontakt aufnehmen!\">\n                    <span class=\"contact-name\">Heinrich G.<\/span>\n                <\/a>\n\n                <span class=\"contact-text\"><\/span> <span class=\"contact-city\"><a href=\"https:\/\/anwalt.rocks\/arbeitsrecht\/region\/niederduerenbach\/\">Anwalt Arbeitsrecht Niederd\u00fcrenbach<\/a><\/span>            <\/p>\n\n            <div class=\"quote\"><p>In meinem Fall ging es um unbezahlte \u00dcberstunden, die mein Arbeitgeber einfach ignoriert hatte. Hr. Schmelzer hat den Sachverhalt schnell gekl\u00e4rt und meine Anspr\u00fcche durchgesetzt. Sein Engagement und seine Fachkenntnisse haben mich voll \u00fcberzeugt. Ich w\u00fcrde ihn jederzeit wieder beauftragen.&hellip;<\/p><\/div>\n            <a class=\"btn btn-cta\"  href=\"#\" data-toggle=\"modal\" data-target=\"#ContactModal\"  title=\"Heinrich G. jetzt Kontakt aufnehmen!\">\n                Nachricht senden            <\/a>\n        <\/div>\n    <\/div>\n<\/article><article class=\"contact contact-list post-2619 profile type-profile status-publish has-post-thumbnail hentry\" data-contact=\"2619\">\n    \n    <div class=\"media\">\n        <div class=\"media-left\">\n            <a  href=\"#\" data-toggle=\"modal\" data-target=\"#ContactModal\"  title=\"Kathrin S., 37 Jahre, aus K\u00f6ln jetzt Kontakt aufnehmen!\">\n                <img loading=\"lazy\" decoding=\"async\" width=\"500\" height=\"500\" src=\"https:\/\/anwalt.rocks\/arbeitsrecht\/wp-content\/uploads\/sites\/2\/2025\/01\/meinung-07.jpg\" class=\"contact-image media-object wp-post-image\" alt=\"Kathrin S., 37 Jahre, aus K\u00f6ln\" srcset=\"https:\/\/anwalt.rocks\/arbeitsrecht\/wp-content\/uploads\/sites\/2\/2025\/01\/meinung-07.jpg 500w, https:\/\/anwalt.rocks\/arbeitsrecht\/wp-content\/uploads\/sites\/2\/2025\/01\/meinung-07-300x300.jpg 300w, https:\/\/anwalt.rocks\/arbeitsrecht\/wp-content\/uploads\/sites\/2\/2025\/01\/meinung-07-150x150.jpg 150w\" sizes=\"auto, (max-width: 500px) 100vw, 500px\" \/>            <\/a>\n        <\/div>\n\n        <div class=\"media-body\">\n                        <p class=\"h2 media-heading\">\n                <a  href=\"#\" data-toggle=\"modal\" data-target=\"#ContactModal\"  title=\"Kathrin S., 37 Jahre, aus K\u00f6ln jetzt Kontakt aufnehmen!\">\n                    <span class=\"contact-name\">Kathrin S., 37 Jahre, aus K\u00f6ln<\/span>\n                <\/a>\n\n                <span class=\"contact-text\"><\/span> <span class=\"contact-city\"><a href=\"https:\/\/anwalt.rocks\/arbeitsrecht\/region\/forst-lausitz\/\">Anwalt Arbeitsrecht Forst Lausitz<\/a><\/span>            <\/p>\n\n            <div class=\"quote\"><p>Nachdem ich \u00fcber viele Jahre hinweg \u00dcberstunden gemacht hatte, wollte ich endlich eine faire Bezahlung daf\u00fcr. Mein Arbeitgeber stellte sich quer, doch Herr Dr. Schmelzer konnte meine Anspr\u00fcche durchsetzen. Er ging sehr strukturiert vor und erkl\u00e4rte mir alles in Ruhe. &hellip;<\/p><\/div>\n            <a class=\"btn btn-cta\"  href=\"#\" data-toggle=\"modal\" data-target=\"#ContactModal\"  title=\"Kathrin S., 37 Jahre, aus K\u00f6ln jetzt Kontakt aufnehmen!\">\n                Nachricht senden            <\/a>\n        <\/div>\n    <\/div>\n<\/article><article class=\"contact contact-list post-2655 profile type-profile status-publish has-post-thumbnail hentry\" data-contact=\"2655\">\n    \n    <div class=\"media\">\n        <div class=\"media-left\">\n            <a  href=\"#\" data-toggle=\"modal\" data-target=\"#ContactModal\"  title=\"Gustav G. jetzt Kontakt aufnehmen!\">\n                <img loading=\"lazy\" decoding=\"async\" width=\"500\" height=\"500\" src=\"https:\/\/anwalt.rocks\/arbeitsrecht\/wp-content\/uploads\/sites\/2\/2025\/01\/meinung-19.jpg\" class=\"contact-image media-object wp-post-image\" alt=\"Gustav G.\" srcset=\"https:\/\/anwalt.rocks\/arbeitsrecht\/wp-content\/uploads\/sites\/2\/2025\/01\/meinung-19.jpg 500w, https:\/\/anwalt.rocks\/arbeitsrecht\/wp-content\/uploads\/sites\/2\/2025\/01\/meinung-19-300x300.jpg 300w, https:\/\/anwalt.rocks\/arbeitsrecht\/wp-content\/uploads\/sites\/2\/2025\/01\/meinung-19-150x150.jpg 150w\" sizes=\"auto, (max-width: 500px) 100vw, 500px\" \/>            <\/a>\n        <\/div>\n\n        <div class=\"media-body\">\n                        <p class=\"h2 media-heading\">\n                <a  href=\"#\" data-toggle=\"modal\" data-target=\"#ContactModal\"  title=\"Gustav G. jetzt Kontakt aufnehmen!\">\n                    <span class=\"contact-name\">Gustav G.<\/span>\n                <\/a>\n\n                <span class=\"contact-text\"><\/span> <span class=\"contact-city\"><a href=\"https:\/\/anwalt.rocks\/arbeitsrecht\/region\/sendenhorst\/\">Anwalt Arbeitsrecht Sendenhorst<\/a><\/span>            <\/p>\n\n            <div class=\"quote\"><p>Dieser Anwalt hat mir geholfen, als mein Arbeitgeber mich wegen angeblicher Fehlleistungen abmahnen wollte. Er konnte die Abmahnung erfolgreich anfechten und hat mir meine Rechte ausf\u00fchrlich erkl\u00e4rt. Ich bin sehr dankbar f\u00fcr seine Unterst\u00fctzung und w\u00fcrde ihn immer wieder kontaktieren.&hellip;<\/p><\/div>\n            <a class=\"btn btn-cta\"  href=\"#\" data-toggle=\"modal\" data-target=\"#ContactModal\"  title=\"Gustav G. jetzt Kontakt aufnehmen!\">\n                Nachricht senden            <\/a>\n        <\/div>\n    <\/div>\n<\/article><article class=\"contact contact-list post-2612 profile type-profile status-publish has-post-thumbnail hentry\" data-contact=\"2612\">\n    \n    <div class=\"media\">\n        <div class=\"media-left\">\n            <a  href=\"#\" data-toggle=\"modal\" data-target=\"#ContactModal\"  title=\"Clara M., 32 Jahre, aus Leipzig jetzt Kontakt aufnehmen!\">\n                <img loading=\"lazy\" decoding=\"async\" width=\"500\" height=\"500\" src=\"https:\/\/anwalt.rocks\/arbeitsrecht\/wp-content\/uploads\/sites\/2\/2025\/01\/meinung-05.jpg\" class=\"contact-image media-object wp-post-image\" alt=\"Clara M., 32 Jahre, aus Leipzig\" srcset=\"https:\/\/anwalt.rocks\/arbeitsrecht\/wp-content\/uploads\/sites\/2\/2025\/01\/meinung-05.jpg 500w, https:\/\/anwalt.rocks\/arbeitsrecht\/wp-content\/uploads\/sites\/2\/2025\/01\/meinung-05-300x300.jpg 300w, https:\/\/anwalt.rocks\/arbeitsrecht\/wp-content\/uploads\/sites\/2\/2025\/01\/meinung-05-150x150.jpg 150w\" sizes=\"auto, (max-width: 500px) 100vw, 500px\" \/>            <\/a>\n        <\/div>\n\n        <div class=\"media-body\">\n                        <p class=\"h2 media-heading\">\n                <a  href=\"#\" data-toggle=\"modal\" data-target=\"#ContactModal\"  title=\"Clara M., 32 Jahre, aus Leipzig jetzt Kontakt aufnehmen!\">\n                    <span class=\"contact-name\">Clara M., 32 Jahre, aus Leipzig<\/span>\n                <\/a>\n\n                <span class=\"contact-text\"><\/span> <span class=\"contact-city\"><a href=\"https:\/\/anwalt.rocks\/arbeitsrecht\/region\/offenheim-rheinhessen\/\">Anwalt Arbeitsrecht Offenheim Rheinhessen<\/a><\/span>            <\/p>\n\n            <div class=\"quote\"><p>Als ich pl\u00f6tzlich eine Abmahnung wegen angeblicher Unp\u00fcnktlichkeit erhielt, war ich geschockt. Das stimmte \u00fcberhaupt nicht! Dr. Schmelzer wurde mir von einem Kollegen empfohlen, und ich war sofort begeistert von seiner Expertise. Er konnte die Abmahnung erfolgreich aus meiner Personalakte &hellip;<\/p><\/div>\n            <a class=\"btn btn-cta\"  href=\"#\" data-toggle=\"modal\" data-target=\"#ContactModal\"  title=\"Clara M., 32 Jahre, aus Leipzig jetzt Kontakt aufnehmen!\">\n                Nachricht senden            <\/a>\n        <\/div>\n    <\/div>\n<\/article>\n<div class=\"blogposts\"><ul><li><a href=\"https:\/\/anwalt.rocks\/arbeitsrecht\/starnberg\/\" title=\"Anwalt Starnberg in Sachen Arbeitsrecht.\">Anwalt Starnberg in Sachen Arbeitsrecht.<\/a><\/li><li><a href=\"https:\/\/anwalt.rocks\/arbeitsrecht\/mittweida\/\" title=\"Rechtsanwalt Mittweida Fachanwalt f\u00fcr IT- und Arbeitsrecht.\">Rechtsanwalt Mittweida Fachanwalt f\u00fcr IT- und Arbeitsrecht.<\/a><\/li><li><a href=\"https:\/\/anwalt.rocks\/arbeitsrecht\/norderstedt\/\" title=\"Kanzlei Dr. Stephan Schmelzer Rechtsanwalt Arbeitsrecht Norderstedt.\">Kanzlei Dr. Stephan Schmelzer Rechtsanwalt Arbeitsrecht Norderstedt.<\/a><\/li><li><a href=\"https:\/\/anwalt.rocks\/arbeitsrecht\/suessen\/\" title=\"Rechtsanwalt S\u00fc\u00dfen Spezialist f\u00fcr Arbeits- und IT Recht.\">Rechtsanwalt S\u00fc\u00dfen Spezialist f\u00fcr Arbeits- und IT Recht.<\/a><\/li><li><a href=\"https:\/\/anwalt.rocks\/arbeitsrecht\/zollikon\/\" title=\"Anwalt Arbeitsrecht Zollikon &#8211; Aktuell 56 gl\u00fcckliche Mandanten.\">Anwalt Arbeitsrecht Zollikon &#8211; Aktuell 56 gl\u00fcckliche Mandanten.<\/a><\/li><li><a href=\"https:\/\/anwalt.rocks\/arbeitsrecht\/boizenburg\/\" title=\"Fachanwalt in Sachen Arbeitsrecht Boizenburg.\">Fachanwalt in Sachen Arbeitsrecht Boizenburg.<\/a><\/li><li><a href=\"https:\/\/anwalt.rocks\/arbeitsrecht\/mindelheim\/\" title=\"Anwalt Arbeitsrecht Mindelheim &#8211; Bereits 50 fr\u00f6hliche Mandanten.\">Anwalt Arbeitsrecht Mindelheim &#8211; Bereits 50 fr\u00f6hliche Mandanten.<\/a><\/li><\/ul><\/div>\n","protected":false},"excerpt":{"rendered":"<h2>Spezialist Arbeits- und IT Recht Mindelheim f\u00fcr Arbeitnehmer f\u00fcr Mutterschutz.<\/h2>\n<p><a href=\"https:\/\/dr-schmelzer.eu\/arbeitsrecht\/\" target=\"_blank\" rel=\"noopener\"><img loading=\"lazy\" decoding=\"async\" src=\"https:\/\/anwalt.rocks\/bilder\/arbeitsrecht\/anwalt-arbeitsrecht-600x600.webp\" alt=\"Anwalt Arbeitsrecht Mindelheim - Bereits 50 fr\u00f6hliche Mandanten.\" title=\"Anwalt Arbeitsrecht Mindelheim - Bereits 50 fr\u00f6hliche Mandanten.\" width=\"600\" height=\"600\" \/><\/a> <\/p>\n<h3>Rechtsanwalt Arbeitsrecht und IT Recht Mindelheim &#8211; Kanzlei Dr. Stephan Schmelzer.<\/h3>\n<p>Dr. Stephan Schmelzer ist Ihr Ansprechpartner f\u00fcr ma\u00dfgeschneiderte L\u00f6sungen im Arbeitsrecht. Dank seiner mehr als 25-j\u00e4hrigen Erfahrung im Arbeitsrecht &hellip;<\/p>","protected":false},"author":1,"featured_media":0,"comment_status":"closed","ping_status":"open","sticky":false,"template":"","format":"standard","meta":{"footnotes":""},"categories":[3],"tags":[],"class_list":["post-9692","post","type-post","status-publish","format-standard","hentry","category-fachanwalt"],"yoast_head":"<!-- This site is optimized with the Yoast SEO Premium plugin v27.1 (Yoast SEO v27.2) - https:\/\/yoast.com\/product\/yoast-seo-premium-wordpress\/ -->\n<title>Rechtsanwalt Uebigau Wahrenbr\u00fcck Spezialist f\u00fcr Arbeitsrecht.<\/title>\n<meta name=\"robots\" content=\"index, follow, max-snippet:-1, max-image-preview:large, max-video-preview:-1\" \/>\n<link rel=\"canonical\" href=\"https:\/\/anwalt.rocks\/arbeitsrecht\/uebigau-wahrenbrueck\/\" \/>\n<meta property=\"og:locale\" content=\"de_DE\" \/>\n<meta property=\"og:type\" content=\"article\" \/>\n<meta property=\"og:title\" content=\"Rechtsanwalt Uebigau Wahrenbr\u00fcck Spezialist f\u00fcr Arbeitsrecht.\" \/>\n<meta property=\"og:description\" content=\"Spezialist Arbeits- und IT Recht Mindelheim f\u00fcr Arbeitnehmer f\u00fcr Mutterschutz.  Rechtsanwalt Arbeitsrecht und IT Recht Mindelheim &#8211; Kanzlei Dr. Stephan Schmelzer. Dr. Stephan Schmelzer ist Ihr Ansprechpartner f\u00fcr ma\u00dfgeschneiderte L\u00f6sungen im Arbeitsrecht. Dank seiner mehr als 25-j\u00e4hrigen Erfahrung im Arbeitsrecht &hellip;\" \/>\n<meta property=\"og:url\" content=\"https:\/\/anwalt.rocks\/arbeitsrecht\/uebigau-wahrenbrueck\/\" \/>\n<meta property=\"og:site_name\" content=\"Anwalt Arbeitsrecht in der N\u00e4he - Dr. Schmelzer\" \/>\n<meta property=\"article:published_time\" content=\"2025-01-08T19:55:35+00:00\" \/>\n<meta property=\"og:image\" content=\"https:\/\/anwalt.rocks\/bilder\/arbeitsrecht\/anwalt-arbeitsrecht-600x600.webp\" \/>\n<meta name=\"author\" content=\"admin\" \/>\n<meta name=\"twitter:card\" content=\"summary_large_image\" \/>\n<meta name=\"twitter:label1\" content=\"Verfasst von\" \/>\n\t<meta name=\"twitter:data1\" content=\"admin\" \/>\n\t<meta name=\"twitter:label2\" content=\"Gesch\u00e4tzte Lesezeit\" \/>\n\t<meta name=\"twitter:data2\" content=\"4\u00a0Minuten\" \/>\n<script type=\"application\/ld+json\" class=\"yoast-schema-graph\">{\"@context\":\"https:\/\/schema.org\",\"@graph\":[{\"@type\":\"Article\",\"@id\":\"https:\/\/anwalt.rocks\/arbeitsrecht\/uebigau-wahrenbrueck\/#article\",\"isPartOf\":{\"@id\":\"https:\/\/anwalt.rocks\/arbeitsrecht\/uebigau-wahrenbrueck\/\"},\"author\":{\"name\":\"admin\",\"@id\":\"https:\/\/anwalt.rocks\/arbeitsrecht\/#\/schema\/person\/3fd3b0fc4df170bb2460fbc934288e39\"},\"headline\":\"Rechtsanwalt Uebigau Wahrenbr\u00fcck Spezialist f\u00fcr Arbeitsrecht.\",\"datePublished\":\"2025-01-08T19:55:35+00:00\",\"mainEntityOfPage\":{\"@id\":\"https:\/\/anwalt.rocks\/arbeitsrecht\/uebigau-wahrenbrueck\/\"},\"wordCount\":732,\"publisher\":{\"@id\":\"https:\/\/anwalt.rocks\/arbeitsrecht\/#organization\"},\"image\":{\"@id\":\"https:\/\/anwalt.rocks\/arbeitsrecht\/uebigau-wahrenbrueck\/#primaryimage\"},\"thumbnailUrl\":\"https:\/\/anwalt.rocks\/bilder\/arbeitsrecht\/anwalt-arbeitsrecht-600x600.webp\",\"articleSection\":[\"Fachanwalt\"],\"inLanguage\":\"de\"},{\"@type\":\"WebPage\",\"@id\":\"https:\/\/anwalt.rocks\/arbeitsrecht\/uebigau-wahrenbrueck\/\",\"url\":\"https:\/\/anwalt.rocks\/arbeitsrecht\/uebigau-wahrenbrueck\/\",\"name\":\"Rechtsanwalt Uebigau Wahrenbr\u00fcck Spezialist f\u00fcr Arbeitsrecht.\",\"isPartOf\":{\"@id\":\"https:\/\/anwalt.rocks\/arbeitsrecht\/#website\"},\"primaryImageOfPage\":{\"@id\":\"https:\/\/anwalt.rocks\/arbeitsrecht\/uebigau-wahrenbrueck\/#primaryimage\"},\"image\":{\"@id\":\"https:\/\/anwalt.rocks\/arbeitsrecht\/uebigau-wahrenbrueck\/#primaryimage\"},\"thumbnailUrl\":\"https:\/\/anwalt.rocks\/bilder\/arbeitsrecht\/anwalt-arbeitsrecht-600x600.webp\",\"datePublished\":\"2025-01-08T19:55:35+00:00\",\"breadcrumb\":{\"@id\":\"https:\/\/anwalt.rocks\/arbeitsrecht\/uebigau-wahrenbrueck\/#breadcrumb\"},\"inLanguage\":\"de\",\"potentialAction\":[{\"@type\":\"ReadAction\",\"target\":[\"https:\/\/anwalt.rocks\/arbeitsrecht\/uebigau-wahrenbrueck\/\"]}]},{\"@type\":\"ImageObject\",\"inLanguage\":\"de\",\"@id\":\"https:\/\/anwalt.rocks\/arbeitsrecht\/uebigau-wahrenbrueck\/#primaryimage\",\"url\":\"https:\/\/anwalt.rocks\/bilder\/arbeitsrecht\/anwalt-arbeitsrecht-600x600.webp\",\"contentUrl\":\"https:\/\/anwalt.rocks\/bilder\/arbeitsrecht\/anwalt-arbeitsrecht-600x600.webp\"},{\"@type\":\"BreadcrumbList\",\"@id\":\"https:\/\/anwalt.rocks\/arbeitsrecht\/uebigau-wahrenbrueck\/#breadcrumb\",\"itemListElement\":[{\"@type\":\"ListItem\",\"position\":1,\"name\":\"Start\",\"item\":\"https:\/\/anwalt.rocks\/arbeitsrecht\/\"},{\"@type\":\"ListItem\",\"position\":2,\"name\":\"Rechtsanwalt Uebigau Wahrenbr\u00fcck Spezialist f\u00fcr Arbeitsrecht.\"}]},{\"@type\":\"WebSite\",\"@id\":\"https:\/\/anwalt.rocks\/arbeitsrecht\/#website\",\"url\":\"https:\/\/anwalt.rocks\/arbeitsrecht\/\",\"name\":\"Anwalt Arbeitsrecht in der N\u00e4he - Dr. Schmelzer\",\"description\":\"Kompetenzen und Vorteile von Dr. Stephan Schmelzer \u2013 Anwalt und Fachanwalt f\u00fcr Arbeitsrecht mit 25 j\u00e4hriger Berufspraxis.\",\"publisher\":{\"@id\":\"https:\/\/anwalt.rocks\/arbeitsrecht\/#organization\"},\"potentialAction\":[{\"@type\":\"SearchAction\",\"target\":{\"@type\":\"EntryPoint\",\"urlTemplate\":\"https:\/\/anwalt.rocks\/arbeitsrecht\/?s={search_term_string}\"},\"query-input\":{\"@type\":\"PropertyValueSpecification\",\"valueRequired\":true,\"valueName\":\"search_term_string\"}}],\"inLanguage\":\"de\"},{\"@type\":\"Organization\",\"@id\":\"https:\/\/anwalt.rocks\/arbeitsrecht\/#organization\",\"name\":\"Kanzlei Dr. Schmelzer\",\"url\":\"https:\/\/anwalt.rocks\/arbeitsrecht\/\",\"logo\":{\"@type\":\"ImageObject\",\"inLanguage\":\"de\",\"@id\":\"https:\/\/anwalt.rocks\/arbeitsrecht\/#\/schema\/logo\/image\/\",\"url\":\"https:\/\/anwalt.rocks\/arbeitsrecht\/wp-content\/uploads\/sites\/2\/2025\/01\/anwalt-arbeitsrecht-logo.png\",\"contentUrl\":\"https:\/\/anwalt.rocks\/arbeitsrecht\/wp-content\/uploads\/sites\/2\/2025\/01\/anwalt-arbeitsrecht-logo.png\",\"width\":450,\"height\":150,\"caption\":\"Kanzlei Dr. Schmelzer\"},\"image\":{\"@id\":\"https:\/\/anwalt.rocks\/arbeitsrecht\/#\/schema\/logo\/image\/\"}},{\"@type\":\"Person\",\"@id\":\"https:\/\/anwalt.rocks\/arbeitsrecht\/#\/schema\/person\/3fd3b0fc4df170bb2460fbc934288e39\",\"name\":\"admin\",\"image\":{\"@type\":\"ImageObject\",\"inLanguage\":\"de\",\"@id\":\"https:\/\/secure.gravatar.com\/avatar\/2a567a722e62dc61f1aaa46c6b595fa617f2003443806e3422a8fed77c029cfc?s=96&d=mm&r=g\",\"url\":\"https:\/\/secure.gravatar.com\/avatar\/2a567a722e62dc61f1aaa46c6b595fa617f2003443806e3422a8fed77c029cfc?s=96&d=mm&r=g\",\"contentUrl\":\"https:\/\/secure.gravatar.com\/avatar\/2a567a722e62dc61f1aaa46c6b595fa617f2003443806e3422a8fed77c029cfc?s=96&d=mm&r=g\",\"caption\":\"admin\"},\"sameAs\":[\"https:\/\/anwalt.rocks\"],\"url\":\"https:\/\/anwalt.rocks\/arbeitsrecht\/author\/admin\/\"}]}<\/script>\n<!-- \/ Yoast SEO Premium plugin. -->","yoast_head_json":{"title":"Rechtsanwalt Uebigau Wahrenbr\u00fcck Spezialist f\u00fcr Arbeitsrecht.","robots":{"index":"index","follow":"follow","max-snippet":"max-snippet:-1","max-image-preview":"max-image-preview:large","max-video-preview":"max-video-preview:-1"},"canonical":"https:\/\/anwalt.rocks\/arbeitsrecht\/uebigau-wahrenbrueck\/","og_locale":"de_DE","og_type":"article","og_title":"Rechtsanwalt Uebigau Wahrenbr\u00fcck Spezialist f\u00fcr Arbeitsrecht.","og_description":"Spezialist Arbeits- und IT Recht Mindelheim f\u00fcr Arbeitnehmer f\u00fcr Mutterschutz.  Rechtsanwalt Arbeitsrecht und IT Recht Mindelheim &#8211; Kanzlei Dr. Stephan Schmelzer. Dr. Stephan Schmelzer ist Ihr Ansprechpartner f\u00fcr ma\u00dfgeschneiderte L\u00f6sungen im Arbeitsrecht. Dank seiner mehr als 25-j\u00e4hrigen Erfahrung im Arbeitsrecht &hellip;","og_url":"https:\/\/anwalt.rocks\/arbeitsrecht\/uebigau-wahrenbrueck\/","og_site_name":"Anwalt Arbeitsrecht in der N\u00e4he - Dr. Schmelzer","article_published_time":"2025-01-08T19:55:35+00:00","og_image":[{"url":"https:\/\/anwalt.rocks\/bilder\/arbeitsrecht\/anwalt-arbeitsrecht-600x600.webp","type":"","width":"","height":""}],"author":"admin","twitter_card":"summary_large_image","twitter_misc":{"Verfasst von":"admin","Gesch\u00e4tzte Lesezeit":"4\u00a0Minuten"},"schema":{"@context":"https:\/\/schema.org","@graph":[{"@type":"Article","@id":"https:\/\/anwalt.rocks\/arbeitsrecht\/uebigau-wahrenbrueck\/#article","isPartOf":{"@id":"https:\/\/anwalt.rocks\/arbeitsrecht\/uebigau-wahrenbrueck\/"},"author":{"name":"admin","@id":"https:\/\/anwalt.rocks\/arbeitsrecht\/#\/schema\/person\/3fd3b0fc4df170bb2460fbc934288e39"},"headline":"Rechtsanwalt Uebigau Wahrenbr\u00fcck Spezialist f\u00fcr Arbeitsrecht.","datePublished":"2025-01-08T19:55:35+00:00","mainEntityOfPage":{"@id":"https:\/\/anwalt.rocks\/arbeitsrecht\/uebigau-wahrenbrueck\/"},"wordCount":732,"publisher":{"@id":"https:\/\/anwalt.rocks\/arbeitsrecht\/#organization"},"image":{"@id":"https:\/\/anwalt.rocks\/arbeitsrecht\/uebigau-wahrenbrueck\/#primaryimage"},"thumbnailUrl":"https:\/\/anwalt.rocks\/bilder\/arbeitsrecht\/anwalt-arbeitsrecht-600x600.webp","articleSection":["Fachanwalt"],"inLanguage":"de"},{"@type":"WebPage","@id":"https:\/\/anwalt.rocks\/arbeitsrecht\/uebigau-wahrenbrueck\/","url":"https:\/\/anwalt.rocks\/arbeitsrecht\/uebigau-wahrenbrueck\/","name":"Rechtsanwalt Uebigau Wahrenbr\u00fcck Spezialist f\u00fcr Arbeitsrecht.","isPartOf":{"@id":"https:\/\/anwalt.rocks\/arbeitsrecht\/#website"},"primaryImageOfPage":{"@id":"https:\/\/anwalt.rocks\/arbeitsrecht\/uebigau-wahrenbrueck\/#primaryimage"},"image":{"@id":"https:\/\/anwalt.rocks\/arbeitsrecht\/uebigau-wahrenbrueck\/#primaryimage"},"thumbnailUrl":"https:\/\/anwalt.rocks\/bilder\/arbeitsrecht\/anwalt-arbeitsrecht-600x600.webp","datePublished":"2025-01-08T19:55:35+00:00","breadcrumb":{"@id":"https:\/\/anwalt.rocks\/arbeitsrecht\/uebigau-wahrenbrueck\/#breadcrumb"},"inLanguage":"de","potentialAction":[{"@type":"ReadAction","target":["https:\/\/anwalt.rocks\/arbeitsrecht\/uebigau-wahrenbrueck\/"]}]},{"@type":"ImageObject","inLanguage":"de","@id":"https:\/\/anwalt.rocks\/arbeitsrecht\/uebigau-wahrenbrueck\/#primaryimage","url":"https:\/\/anwalt.rocks\/bilder\/arbeitsrecht\/anwalt-arbeitsrecht-600x600.webp","contentUrl":"https:\/\/anwalt.rocks\/bilder\/arbeitsrecht\/anwalt-arbeitsrecht-600x600.webp"},{"@type":"BreadcrumbList","@id":"https:\/\/anwalt.rocks\/arbeitsrecht\/uebigau-wahrenbrueck\/#breadcrumb","itemListElement":[{"@type":"ListItem","position":1,"name":"Start","item":"https:\/\/anwalt.rocks\/arbeitsrecht\/"},{"@type":"ListItem","position":2,"name":"Rechtsanwalt Uebigau Wahrenbr\u00fcck Spezialist f\u00fcr Arbeitsrecht."}]},{"@type":"WebSite","@id":"https:\/\/anwalt.rocks\/arbeitsrecht\/#website","url":"https:\/\/anwalt.rocks\/arbeitsrecht\/","name":"Anwalt Arbeitsrecht in der N\u00e4he - Dr. Schmelzer","description":"Kompetenzen und Vorteile von Dr. Stephan Schmelzer \u2013 Anwalt und Fachanwalt f\u00fcr Arbeitsrecht mit 25 j\u00e4hriger Berufspraxis.","publisher":{"@id":"https:\/\/anwalt.rocks\/arbeitsrecht\/#organization"},"potentialAction":[{"@type":"SearchAction","target":{"@type":"EntryPoint","urlTemplate":"https:\/\/anwalt.rocks\/arbeitsrecht\/?s={search_term_string}"},"query-input":{"@type":"PropertyValueSpecification","valueRequired":true,"valueName":"search_term_string"}}],"inLanguage":"de"},{"@type":"Organization","@id":"https:\/\/anwalt.rocks\/arbeitsrecht\/#organization","name":"Kanzlei Dr. Schmelzer","url":"https:\/\/anwalt.rocks\/arbeitsrecht\/","logo":{"@type":"ImageObject","inLanguage":"de","@id":"https:\/\/anwalt.rocks\/arbeitsrecht\/#\/schema\/logo\/image\/","url":"https:\/\/anwalt.rocks\/arbeitsrecht\/wp-content\/uploads\/sites\/2\/2025\/01\/anwalt-arbeitsrecht-logo.png","contentUrl":"https:\/\/anwalt.rocks\/arbeitsrecht\/wp-content\/uploads\/sites\/2\/2025\/01\/anwalt-arbeitsrecht-logo.png","width":450,"height":150,"caption":"Kanzlei Dr. Schmelzer"},"image":{"@id":"https:\/\/anwalt.rocks\/arbeitsrecht\/#\/schema\/logo\/image\/"}},{"@type":"Person","@id":"https:\/\/anwalt.rocks\/arbeitsrecht\/#\/schema\/person\/3fd3b0fc4df170bb2460fbc934288e39","name":"admin","image":{"@type":"ImageObject","inLanguage":"de","@id":"https:\/\/secure.gravatar.com\/avatar\/2a567a722e62dc61f1aaa46c6b595fa617f2003443806e3422a8fed77c029cfc?s=96&d=mm&r=g","url":"https:\/\/secure.gravatar.com\/avatar\/2a567a722e62dc61f1aaa46c6b595fa617f2003443806e3422a8fed77c029cfc?s=96&d=mm&r=g","contentUrl":"https:\/\/secure.gravatar.com\/avatar\/2a567a722e62dc61f1aaa46c6b595fa617f2003443806e3422a8fed77c029cfc?s=96&d=mm&r=g","caption":"admin"},"sameAs":["https:\/\/anwalt.rocks"],"url":"https:\/\/anwalt.rocks\/arbeitsrecht\/author\/admin\/"}]}},"_links":{"self":[{"href":"https:\/\/anwalt.rocks\/arbeitsrecht\/wp-json\/wp\/v2\/posts\/9692","targetHints":{"allow":["GET"]}}],"collection":[{"href":"https:\/\/anwalt.rocks\/arbeitsrecht\/wp-json\/wp\/v2\/posts"}],"about":[{"href":"https:\/\/anwalt.rocks\/arbeitsrecht\/wp-json\/wp\/v2\/types\/post"}],"author":[{"embeddable":true,"href":"https:\/\/anwalt.rocks\/arbeitsrecht\/wp-json\/wp\/v2\/users\/1"}],"replies":[{"embeddable":true,"href":"https:\/\/anwalt.rocks\/arbeitsrecht\/wp-json\/wp\/v2\/comments?post=9692"}],"version-history":[{"count":0,"href":"https:\/\/anwalt.rocks\/arbeitsrecht\/wp-json\/wp\/v2\/posts\/9692\/revisions"}],"wp:attachment":[{"href":"https:\/\/anwalt.rocks\/arbeitsrecht\/wp-json\/wp\/v2\/media?parent=9692"}],"wp:term":[{"taxonomy":"category","embeddable":true,"href":"https:\/\/anwalt.rocks\/arbeitsrecht\/wp-json\/wp\/v2\/categories?post=9692"},{"taxonomy":"post_tag","embeddable":true,"href":"https:\/\/anwalt.rocks\/arbeitsrecht\/wp-json\/wp\/v2\/tags?post=9692"}],"curies":[{"name":"wp","href":"https:\/\/api.w.org\/{rel}","templated":true}]}}