{"id":9721,"date":"2025-01-10T15:53:08","date_gmt":"2025-01-10T14:53:08","guid":{"rendered":"https:\/\/anwalt.rocks\/arbeitsrecht\/vellberg\/"},"modified":"2025-01-10T15:53:08","modified_gmt":"2025-01-10T14:53:08","slug":"vellberg","status":"publish","type":"post","link":"https:\/\/anwalt.rocks\/arbeitsrecht\/vellberg\/","title":{"rendered":"Anwalt Vellberg bzgl. Arbeitsrecht."},"content":{"rendered":"<span class=\"span-reading-time rt-reading-time\" style=\"display: block;\"><span class=\"rt-label rt-prefix\">Lesedauer<\/span> <span class=\"rt-time\"> 3<\/span> <span class=\"rt-label rt-postfix\">Minuten<\/span><\/span><h2>Fachanwalt Dr. Schmelzer bzgl. IT- und Arbeitsrecht Vellberg und nicht zuletzt K\u00fcndigungsschutzklage.<\/h2>\n<p><a href=\"https:\/\/dr-schmelzer.eu\/arbeitsrecht\/\" target=\"_blank\" rel=\"noopener\"><img loading=\"lazy\" decoding=\"async\" src=\"https:\/\/anwalt.rocks\/bilder\/arbeitsrecht\/anwalt-arbeitsrecht-600x600.webp\" alt=\"Anwalt Vellberg bzgl. Arbeitsrecht.\" title=\"Anwalt Vellberg bzgl. Arbeitsrecht.\" width=\"600\" height=\"600\" \/><\/a> <\/p>\n<h3>Fachanwalt Arbeitsrecht und IT Recht Vellberg &#8211; Soziet\u00e4t Dr. Stephan Schmelzer.<\/h3>\n<p>Arbeitsrechtliche Expertise, auf die Sie z\u00e4hlen k\u00f6nnen \u2013 Dr. Stephan Schmelzer. Dr. Schmelzer genie\u00dft durch seine langj\u00e4hrige Erfahrung und Fachanwaltszulassung im Arbeitsrecht \u00fcber Ahlen hinaus hohe Anerkennung. Seine Kanzlei steht seit \u00fcber 20 Jahren f\u00fcr individuelle Beratung und juristische Pr\u00e4zision. Dr. Schmelzers Kombination aus Arbeitsrecht und IT-Recht verschafft ihm eine besondere Kompetenz, die in der heutigen digitalen Arbeitswelt entscheidend ist. &#8211; <a title=\"Anwalt Siegen\" href=\"https:\/\/anwalt.rocks\/arbeitsrecht\/siegen\/\">Anwalt Siegen<\/a><\/p>\n<p><a href=\"https:\/\/dr-schmelzer.eu\/arbeitsrecht\/\" target=\"_blank\" rel=\"noopener\"><img loading=\"lazy\" decoding=\"async\" src=\"https:\/\/anwalt.rocks\/bilder\/arbeitsrecht\/rechtsanwalt-arbeitsrecht-600x600.webp\" alt=\"Anwalt Arbeitsrecht Vellberg\" title=\"Anwalt Arbeitsrecht Vellberg\" width=\"600\" height=\"600\" \/><\/a> <\/p>\n<h3>Soziet\u00e4t Dr. Stephan Schmelzer &#8211; Fachanwalt f\u00fcr Arbeitsrecht Vellberg.<\/h3>\n<p>Seine Expertise im IT-Recht erg\u00e4nzt seine T\u00e4tigkeit, doch der Fokus bleibt auf dem Arbeitsrecht, auch international. F\u00fcr alle arbeitsrechtlichen Belange steht Dr. Stephan Schmelzer bereit und bietet L\u00f6sungen, die genau auf die Bed\u00fcrfnisse zugeschnitten sind. Mit seiner Erfahrung und der F\u00e4higkeit, auf individuelle Anliegen einzugehen, z\u00e4hlt er zu den Top-Experten in diesem Bereich. &#8211; <a title=\"Anwalt Dransfeld\" href=\"https:\/\/anwalt.rocks\/arbeitsrecht\/dransfeld\/\">Anwalt Dransfeld<\/a><\/p>\n<h3>Hohes Durchsetzungsverm\u00f6gen &#8211; Fest drei Jahrzehnte Anwaltserfahrung als Steuer- und Arbeitsrechtler Vellberg.<\/h3>\n<p>Die rechtlichen Herausforderungen f\u00fcr Arbeitgeber erstrecken sich von der Gestaltung von Arbeitsvertr\u00e4gen bis hin zu umfassenden Umstrukturierungen. Unternehmen profitieren von Dr. Schmelzers praxistauglicher Beratung, die auf die Reduzierung juristischer Risiken und die Entwicklung effektiver L\u00f6sungen abzielt. Zu seinen Beratungsleistungen z\u00e4hlen: &#8211; <a title=\"Anwalt Arbeitsrecht Rodenberg\" href=\"https:\/\/anwalt.rocks\/arbeitsrecht\/rodenberg\/\">Anwalt Arbeitsrecht Rodenberg<\/a><\/p>\n<h3>Anwalt Arbeitsrecht Vellberg 57 motivierte Mandanten.<\/h3>\n<p>Pr\u00fcfung und Anpassung rechtssicherer Arbeitsvertr\u00e4ge, die flexibel auf die Bed\u00fcrfnisse zugeschnitten sind. Konzeption flexibler Arbeitszeit- und Verg\u00fctungsmodelle, die den individuellen Anforderungen des Unternehmens entsprechen. &#8211; <a title=\"Anwalt Arbeitsrecht Fr\u00e4nkische Schweiz\" href=\"https:\/\/anwalt.rocks\/arbeitsrecht\/fraenkische-schweiz\/\">Anwalt Arbeitsrecht Fr\u00e4nkische Schweiz<\/a><\/p>\n<h3>Wieso w\u00e4hlt man diesen erfahrenen Anwalt Vellberg:<\/h3>\n<p>Beratung bei der rechtlichen Absicherung von betriebs-, verhaltens- und personenbezogenen K\u00fcndigungen. Minderung rechtlicher Risiken und Beratung w\u00e4hrend aller Schritte der K\u00fcndigung.<\/p>\n<h3>Juristisches Fachwissen aber auch top zuverl\u00e4ssig.<\/h3>\n<p>Beratung zur ordnungsgem\u00e4\u00dfen Rolle des Betriebsrats bei strategischen Unternehmensentscheidungen. Begleitung bei der Erstellung und rechtlichen Umsetzung von Betriebsvereinbarungen. Planung und juristische Unterst\u00fctzung bei der Umsetzung von unternehmensweiten Restrukturierungen. Prozessvertretung in arbeitsrechtlichen Konflikten, darunter K\u00fcndigungsschutzverfahren und Entfristungsklagen. Konzentration auf die effiziente und zielorientierte Verteidigung der Interessen des Unternehmens.<\/p>\n<h3>Anwalt Arbeitsrecht Vellberg &#8211; Fachanwalt Dr. Schmelzer.<\/h3>\n<p>Arbeitnehmer profitieren gleicherma\u00dfen von der Erfahrung und Fachkenntnis von Dr. Schmelzer. Besonders in schwierigen Auseinandersetzungen ist er ein zuverl\u00e4ssiger Partner, der sich mit gro\u00dfem Einsatz engagiert. Das Angebot umfasst insbesondere:<\/p>\n<p>Beratung und Begleitung bei K\u00fcndigungsschutzverfahren vor arbeitsgerichtlichen Instanzen. Beratung zu und Verhandlung von Abfindungsanspr\u00fcchen und finanziellen Ausgleichsleistungen. Beratung und Begleitung bei K\u00fcndigungsschutzverfahren vor arbeitsgerichtlichen Instanzen. Beratung zu und Verhandlung von Abfindungsanspr\u00fcchen und finanziellen Ausgleichsleistungen.<\/p>\n<p>Verhandlungsf\u00fchrung \u00fcber Abfindungsbetr\u00e4ge und rechtliche Beratung bei Aufhebungsvertr\u00e4gen. Unterst\u00fctzung bei der Bewertung und Bearbeitung von Arbeitszeugnissen. Prozessf\u00fchrung in Zeugnisverfahren zur Korrektur unfairer Bewertungen. Reduzierung der Kosten Hilfe bei der Durchsetzung von Anspr\u00fcchen auf Lohn- und Gehaltszahlungen. Fachkundige Vertretung bei Klagen \u00fcber Entgelt und nicht bezahlte \u00dcberstunden. Beratung zur Analyse von Abmahnungen und zur Gegenwehr gegen unfaire Ma\u00dfnahmen.<\/p>\n<h4>Vertretung f\u00fcr Arbeitnehmer und Arbeitgeber in Sachen Anwalt Arbeitsrecht Vellberg.<\/h4>\n<p>Restrukturierung und Konfliktl\u00f6sung z\u00e4hlen zu den Kernkompetenzen von Dr. Schmelzer. Die Begleitung von Unternehmen durch komplexe Restrukturierungen bildet eine Kernaufgabe von Dr. Schmelzer. Diese Aufgaben setzen sowohl fundierte rechtliche Kenntnisse als auch Verhandlungskunst und wirtschaftliches Verst\u00e4ndnis voraus.<\/p>\n<p>Anwalt Vellberg Fazit: Die Erstellung und Implementierung von Interessenausgleichen und Sozialpl\u00e4nen ist eine Spezialit\u00e4t von Dr. Schmelzer. Hauptziel ist die Entwicklung einer L\u00f6sung, die f\u00fcr alle Parteien annehmbar ist. Dr. Schmelzer wird f\u00fcr sein fundiertes Wissen und seine strategische Denkweise in Verhandlungen mit Gewerkschaften und Betriebsr\u00e4ten gesch\u00e4tzt.<\/p>\n<p>Der Fachanwalt f\u00fcr Arbeitsrecht sieht in jedem Fall eine neue Herausforderung, die gezielte L\u00f6sungen verlangt. Sein Fokus liegt auf der optimalen Unterst\u00fctzung seiner Mandanten \u2013 ob durch Einigungen oder durch gerichtliche Vertretung. Klare Kommunikation und eine intensive Kooperation mit seinen Mandanten stehen bei ihm im Fokus. Die oberste Maxime von Dr. Schmelzer ist die Zufriedenheit seiner Mandanten. Seine Mandanten honorieren nicht nur seine Erfolge, sondern auch seine l\u00f6sungsorientierte und professionelle Arbeitsweise. Mit Dr. Stephan Schmelzer haben Sie einen Partner, der Arbeitnehmer und Arbeitgeber gleicherma\u00dfen kompetent begleitet.<\/p>\n<article class=\"contact contact-list post-2609 profile type-profile status-publish has-post-thumbnail hentry\" data-contact=\"2609\">\n    \n    <div class=\"media\">\n        <div class=\"media-left\">\n            <a  href=\"#\" data-toggle=\"modal\" data-target=\"#ContactModal\"  title=\"Nadine H., 48 Jahre, aus M\u00fcnchen jetzt Kontakt aufnehmen!\">\n                <img loading=\"lazy\" decoding=\"async\" width=\"500\" height=\"500\" src=\"https:\/\/anwalt.rocks\/arbeitsrecht\/wp-content\/uploads\/sites\/2\/2025\/01\/meinung-04.jpg\" class=\"contact-image media-object wp-post-image\" alt=\"Nadine H., 48 Jahre, aus M\u00fcnchen\" srcset=\"https:\/\/anwalt.rocks\/arbeitsrecht\/wp-content\/uploads\/sites\/2\/2025\/01\/meinung-04.jpg 500w, https:\/\/anwalt.rocks\/arbeitsrecht\/wp-content\/uploads\/sites\/2\/2025\/01\/meinung-04-300x300.jpg 300w, https:\/\/anwalt.rocks\/arbeitsrecht\/wp-content\/uploads\/sites\/2\/2025\/01\/meinung-04-150x150.jpg 150w\" sizes=\"auto, (max-width: 500px) 100vw, 500px\" \/>            <\/a>\n        <\/div>\n\n        <div class=\"media-body\">\n                        <p class=\"h2 media-heading\">\n                <a  href=\"#\" data-toggle=\"modal\" data-target=\"#ContactModal\"  title=\"Nadine H., 48 Jahre, aus M\u00fcnchen jetzt Kontakt aufnehmen!\">\n                    <span class=\"contact-name\">Nadine H., 48 Jahre, aus M\u00fcnchen<\/span>\n                <\/a>\n\n                <span class=\"contact-text\"><\/span> <span class=\"contact-city\"><a href=\"https:\/\/anwalt.rocks\/arbeitsrecht\/region\/blaubach-pfalz\/\">Anwalt Arbeitsrecht Blaubach Pfalz<\/a><\/span>            <\/p>\n\n            <div class=\"quote\"><p>Nach einer pl\u00f6tzlichen Umstrukturierung in meiner Firma wurde mir gek\u00fcndigt. Es war ein riesiger Schock f\u00fcr mich. Zum Gl\u00fcck fand ich Dr. Schmelzer \u00fcber eine Internetrecherche. Schon beim ersten Gespr\u00e4ch war ich beeindruckt von seiner Fachkenntnis und seiner empathischen Art. &hellip;<\/p><\/div>\n            <a class=\"btn btn-cta\"  href=\"#\" data-toggle=\"modal\" data-target=\"#ContactModal\"  title=\"Nadine H., 48 Jahre, aus M\u00fcnchen jetzt Kontakt aufnehmen!\">\n                Nachricht senden            <\/a>\n        <\/div>\n    <\/div>\n<\/article><article class=\"contact contact-list post-2600 profile type-profile status-publish has-post-thumbnail hentry\" data-contact=\"2600\">\n    \n    <div class=\"media\">\n        <div class=\"media-left\">\n            <a  href=\"#\" data-toggle=\"modal\" data-target=\"#ContactModal\"  title=\"Anna L., 34 Jahre, aus Hamburg jetzt Kontakt aufnehmen!\">\n                <img loading=\"lazy\" decoding=\"async\" width=\"500\" height=\"500\" src=\"https:\/\/anwalt.rocks\/arbeitsrecht\/wp-content\/uploads\/sites\/2\/2025\/01\/meinung-01.jpg\" class=\"contact-image media-object wp-post-image\" alt=\"Anna L., 34 Jahre, aus Hamburg\" srcset=\"https:\/\/anwalt.rocks\/arbeitsrecht\/wp-content\/uploads\/sites\/2\/2025\/01\/meinung-01.jpg 500w, https:\/\/anwalt.rocks\/arbeitsrecht\/wp-content\/uploads\/sites\/2\/2025\/01\/meinung-01-300x300.jpg 300w, https:\/\/anwalt.rocks\/arbeitsrecht\/wp-content\/uploads\/sites\/2\/2025\/01\/meinung-01-150x150.jpg 150w\" sizes=\"auto, (max-width: 500px) 100vw, 500px\" \/>            <\/a>\n        <\/div>\n\n        <div class=\"media-body\">\n                        <p class=\"h2 media-heading\">\n                <a  href=\"#\" data-toggle=\"modal\" data-target=\"#ContactModal\"  title=\"Anna L., 34 Jahre, aus Hamburg jetzt Kontakt aufnehmen!\">\n                    <span class=\"contact-name\">Anna L., 34 Jahre, aus Hamburg<\/span>\n                <\/a>\n\n                <span class=\"contact-text\"><\/span> <span class=\"contact-city\"><a href=\"https:\/\/anwalt.rocks\/arbeitsrecht\/region\/luedersfeld\/\">Anwalt Arbeitsrecht L\u00fcdersfeld<\/a><\/span>            <\/p>\n\n            <div class=\"quote\"><p>Ich hatte ein riesiges Problem mit meinem Arbeitgeber, nachdem ich nach meiner Elternzeit wieder in den Job einsteigen wollte. Pl\u00f6tzlich sollte ich in eine komplett andere Abteilung wechseln, obwohl das nie vereinbart war. Eine Freundin empfahl mir Dr. Stephan Schmelzer, &hellip;<\/p><\/div>\n            <a class=\"btn btn-cta\"  href=\"#\" data-toggle=\"modal\" data-target=\"#ContactModal\"  title=\"Anna L., 34 Jahre, aus Hamburg jetzt Kontakt aufnehmen!\">\n                Nachricht senden            <\/a>\n        <\/div>\n    <\/div>\n<\/article><article class=\"contact contact-list post-2640 profile type-profile status-publish has-post-thumbnail hentry\" data-contact=\"2640\">\n    \n    <div class=\"media\">\n        <div class=\"media-left\">\n            <a  href=\"#\" data-toggle=\"modal\" data-target=\"#ContactModal\"  title=\"Klaus D. jetzt Kontakt aufnehmen!\">\n                <img loading=\"lazy\" decoding=\"async\" width=\"500\" height=\"500\" src=\"https:\/\/anwalt.rocks\/arbeitsrecht\/wp-content\/uploads\/sites\/2\/2025\/01\/meinung-14.jpg\" class=\"contact-image media-object wp-post-image\" alt=\"Klaus D.\" srcset=\"https:\/\/anwalt.rocks\/arbeitsrecht\/wp-content\/uploads\/sites\/2\/2025\/01\/meinung-14.jpg 500w, https:\/\/anwalt.rocks\/arbeitsrecht\/wp-content\/uploads\/sites\/2\/2025\/01\/meinung-14-300x300.jpg 300w, https:\/\/anwalt.rocks\/arbeitsrecht\/wp-content\/uploads\/sites\/2\/2025\/01\/meinung-14-150x150.jpg 150w\" sizes=\"auto, (max-width: 500px) 100vw, 500px\" \/>            <\/a>\n        <\/div>\n\n        <div class=\"media-body\">\n                        <p class=\"h2 media-heading\">\n                <a  href=\"#\" data-toggle=\"modal\" data-target=\"#ContactModal\"  title=\"Klaus D. jetzt Kontakt aufnehmen!\">\n                    <span class=\"contact-name\">Klaus D.<\/span>\n                <\/a>\n\n                <span class=\"contact-text\"><\/span> <span class=\"contact-city\"><a href=\"https:\/\/anwalt.rocks\/arbeitsrecht\/region\/wundersleben\/\">Anwalt Arbeitsrecht Wundersleben<\/a><\/span>            <\/p>\n\n            <div class=\"quote\"><p>Nach einer internen Umstrukturierung sollte ich pl\u00f6tzlich in eine andere Stadt versetzt werden. Dieser Fachanwalt f\u00fcr Arbeitsrecht hat sich intensiv mit meinem Fall besch\u00e4ftigt und meine Rechte erfolgreich durchgesetzt. Ich konnte meinen bisherigen Arbeitsplatz behalten. Seine Kompetenz und sein Einsatz &hellip;<\/p><\/div>\n            <a class=\"btn btn-cta\"  href=\"#\" data-toggle=\"modal\" data-target=\"#ContactModal\"  title=\"Klaus D. jetzt Kontakt aufnehmen!\">\n                Nachricht senden            <\/a>\n        <\/div>\n    <\/div>\n<\/article><article class=\"contact contact-list post-2643 profile type-profile status-publish has-post-thumbnail hentry\" data-contact=\"2643\">\n    \n    <div class=\"media\">\n        <div class=\"media-left\">\n            <a  href=\"#\" data-toggle=\"modal\" data-target=\"#ContactModal\"  title=\"Marco R. jetzt Kontakt aufnehmen!\">\n                <img loading=\"lazy\" decoding=\"async\" width=\"500\" height=\"500\" src=\"https:\/\/anwalt.rocks\/arbeitsrecht\/wp-content\/uploads\/sites\/2\/2025\/01\/meinung-15.jpg\" class=\"contact-image media-object wp-post-image\" alt=\"Marco R.\" srcset=\"https:\/\/anwalt.rocks\/arbeitsrecht\/wp-content\/uploads\/sites\/2\/2025\/01\/meinung-15.jpg 500w, https:\/\/anwalt.rocks\/arbeitsrecht\/wp-content\/uploads\/sites\/2\/2025\/01\/meinung-15-300x300.jpg 300w, https:\/\/anwalt.rocks\/arbeitsrecht\/wp-content\/uploads\/sites\/2\/2025\/01\/meinung-15-150x150.jpg 150w\" sizes=\"auto, (max-width: 500px) 100vw, 500px\" \/>            <\/a>\n        <\/div>\n\n        <div class=\"media-body\">\n                        <p class=\"h2 media-heading\">\n                <a  href=\"#\" data-toggle=\"modal\" data-target=\"#ContactModal\"  title=\"Marco R. jetzt Kontakt aufnehmen!\">\n                    <span class=\"contact-name\">Marco R.<\/span>\n                <\/a>\n\n                <span class=\"contact-text\"><\/span> <span class=\"contact-city\"><a href=\"https:\/\/anwalt.rocks\/arbeitsrecht\/region\/grobengereuth\/\">Anwalt Arbeitsrecht Grobengereuth<\/a><\/span>            <\/p>\n\n            <div class=\"quote\"><p>Ich hatte ein Problem mit einer unwirksamen Befristung in meinem Arbeitsvertrag. RA Schmelzer hat den Fall \u00fcbernommen und konnte schnell eine Festanstellung f\u00fcr mich aushandeln. Seine Fachkenntnisse und seine freundliche Art haben mich sehr \u00fcberzeugt. Ich kann ihn nur w\u00e4rmstens &hellip;<\/p><\/div>\n            <a class=\"btn btn-cta\"  href=\"#\" data-toggle=\"modal\" data-target=\"#ContactModal\"  title=\"Marco R. jetzt Kontakt aufnehmen!\">\n                Nachricht senden            <\/a>\n        <\/div>\n    <\/div>\n<\/article><article class=\"contact contact-list post-2603 profile type-profile status-publish has-post-thumbnail hentry\" data-contact=\"2603\">\n    \n    <div class=\"media\">\n        <div class=\"media-left\">\n            <a  href=\"#\" data-toggle=\"modal\" data-target=\"#ContactModal\"  title=\"Lisa K., 41 Jahre, aus Berlin jetzt Kontakt aufnehmen!\">\n                <img loading=\"lazy\" decoding=\"async\" width=\"500\" height=\"500\" src=\"https:\/\/anwalt.rocks\/arbeitsrecht\/wp-content\/uploads\/sites\/2\/2025\/01\/meinung-02.jpg\" class=\"contact-image media-object wp-post-image\" alt=\"Lisa K., 41 Jahre, aus Berlin\" srcset=\"https:\/\/anwalt.rocks\/arbeitsrecht\/wp-content\/uploads\/sites\/2\/2025\/01\/meinung-02.jpg 500w, https:\/\/anwalt.rocks\/arbeitsrecht\/wp-content\/uploads\/sites\/2\/2025\/01\/meinung-02-300x300.jpg 300w, https:\/\/anwalt.rocks\/arbeitsrecht\/wp-content\/uploads\/sites\/2\/2025\/01\/meinung-02-150x150.jpg 150w\" sizes=\"auto, (max-width: 500px) 100vw, 500px\" \/>            <\/a>\n        <\/div>\n\n        <div class=\"media-body\">\n                        <p class=\"h2 media-heading\">\n                <a  href=\"#\" data-toggle=\"modal\" data-target=\"#ContactModal\"  title=\"Lisa K., 41 Jahre, aus Berlin jetzt Kontakt aufnehmen!\">\n                    <span class=\"contact-name\">Lisa K., 41 Jahre, aus Berlin<\/span>\n                <\/a>\n\n                <span class=\"contact-text\"><\/span> <span class=\"contact-city\"><a href=\"https:\/\/anwalt.rocks\/arbeitsrecht\/region\/grundsheim\/\">Anwalt Arbeitsrecht Grundsheim<\/a><\/span>            <\/p>\n\n            <div class=\"quote\"><p>Ich bin so froh, dass ich Herrn Dr. Schmelzer gefunden habe! Nach 15 Jahren im gleichen Unternehmen wurde ich pl\u00f6tzlich gek\u00fcndigt \u2013 angeblich wegen betrieblicher Umst\u00e4nde. Dr. Schmelzer hat sofort erkannt, dass die K\u00fcndigung unwirksam war, und hat einen wirklich &hellip;<\/p><\/div>\n            <a class=\"btn btn-cta\"  href=\"#\" data-toggle=\"modal\" data-target=\"#ContactModal\"  title=\"Lisa K., 41 Jahre, aus Berlin jetzt Kontakt aufnehmen!\">\n                Nachricht senden            <\/a>\n        <\/div>\n    <\/div>\n<\/article>\n<div class=\"blogposts\"><ul><li><a href=\"https:\/\/anwalt.rocks\/arbeitsrecht\/sarnen\/\" title=\"Anwalt Sarnen Fachanwalt f\u00fcr Arbeits- und IT Recht.\">Anwalt Sarnen Fachanwalt f\u00fcr Arbeits- und IT Recht.<\/a><\/li><li><a href=\"https:\/\/anwalt.rocks\/arbeitsrecht\/staefa\/\" title=\"Anwalt Arbeitsrecht St\u00e4fa &#8211; Evelyn hat Erfolg.\">Anwalt Arbeitsrecht St\u00e4fa &#8211; Evelyn hat Erfolg.<\/a><\/li><li><a href=\"https:\/\/anwalt.rocks\/arbeitsrecht\/reinfeld\/\" title=\"Anwalt Reinfeld Experte f\u00fcr IT- und Arbeitsrecht.\">Anwalt Reinfeld Experte f\u00fcr IT- und Arbeitsrecht.<\/a><\/li><li><a href=\"https:\/\/anwalt.rocks\/arbeitsrecht\/wolkenstein\/\" title=\"Anwalt Wolkenstein f\u00fcr Arbeitsrecht.\">Anwalt Wolkenstein f\u00fcr Arbeitsrecht.<\/a><\/li><li><a href=\"https:\/\/anwalt.rocks\/arbeitsrecht\/saalburg-ebersdorf\/\" title=\"Anwalt Saalburg Ebersdorf f\u00fcr Arbeitsrecht.\">Anwalt Saalburg Ebersdorf f\u00fcr Arbeitsrecht.<\/a><\/li><li><a href=\"https:\/\/anwalt.rocks\/arbeitsrecht\/sulzbach\/\" title=\"Anwalt Arbeitsrecht Sulzbach &#8211; Inzwischen 36 zufriedene Kunden.\">Anwalt Arbeitsrecht Sulzbach &#8211; Inzwischen 36 zufriedene Kunden.<\/a><\/li><li><a href=\"https:\/\/anwalt.rocks\/arbeitsrecht\/schleusingen\/\" title=\"Anwalt Arbeitsrecht Schleusingen &#8211; Miriam gewinnt den Fall.\">Anwalt Arbeitsrecht Schleusingen &#8211; Miriam gewinnt den Fall.<\/a><\/li><\/ul><\/div>\n","protected":false},"excerpt":{"rendered":"<h2>Experte Arbeits- und IT Recht Schleusingen f\u00fcr Arbeitgeber f\u00fcr Mutterschutz.<\/h2>\n<p><a href=\"https:\/\/dr-schmelzer.eu\/arbeitsrecht\/\" target=\"_blank\" rel=\"noopener\"><img loading=\"lazy\" decoding=\"async\" src=\"https:\/\/anwalt.rocks\/bilder\/arbeitsrecht\/anwalt-arbeitsrecht-600x600.webp\" alt=\"Anwalt Arbeitsrecht Schleusingen - Miriam gewinnt den Fall.\" title=\"Anwalt Arbeitsrecht Schleusingen - Miriam gewinnt den Fall.\" width=\"600\" height=\"600\" \/><\/a> <\/p>\n<h3>Anwalt Arbeitsrecht Schleusingen &#8211; Soziet\u00e4t Dr. Stephan Schmelzer.<\/h3>\n<p>Dr. Stephan Schmelzer ist Ihr Ansprechpartner f\u00fcr komplexe arbeitsrechtliche F\u00e4lle. Seine Expertise im Arbeitsrecht, gest\u00fctzt auf \u00fcber 25 Jahre Erfahrung und eine &hellip;<\/p>","protected":false},"author":1,"featured_media":0,"comment_status":"closed","ping_status":"open","sticky":false,"template":"","format":"standard","meta":{"footnotes":""},"categories":[3],"tags":[],"class_list":["post-9721","post","type-post","status-publish","format-standard","hentry","category-fachanwalt"],"yoast_head":"<!-- This site is optimized with the Yoast SEO Premium plugin v27.1 (Yoast SEO v27.2) - https:\/\/yoast.com\/product\/yoast-seo-premium-wordpress\/ -->\n<title>Anwalt Vellberg bzgl. Arbeitsrecht.<\/title>\n<meta name=\"robots\" content=\"index, follow, max-snippet:-1, max-image-preview:large, max-video-preview:-1\" \/>\n<link rel=\"canonical\" href=\"https:\/\/anwalt.rocks\/arbeitsrecht\/vellberg\/\" \/>\n<meta property=\"og:locale\" content=\"de_DE\" \/>\n<meta property=\"og:type\" content=\"article\" \/>\n<meta property=\"og:title\" content=\"Anwalt Vellberg bzgl. Arbeitsrecht.\" \/>\n<meta property=\"og:description\" content=\"Experte Arbeits- und IT Recht Schleusingen f\u00fcr Arbeitgeber f\u00fcr Mutterschutz.  Anwalt Arbeitsrecht Schleusingen &#8211; Soziet\u00e4t Dr. Stephan Schmelzer. Dr. Stephan Schmelzer ist Ihr Ansprechpartner f\u00fcr komplexe arbeitsrechtliche F\u00e4lle. Seine Expertise im Arbeitsrecht, gest\u00fctzt auf \u00fcber 25 Jahre Erfahrung und eine &hellip;\" \/>\n<meta property=\"og:url\" content=\"https:\/\/anwalt.rocks\/arbeitsrecht\/vellberg\/\" \/>\n<meta property=\"og:site_name\" content=\"Anwalt Arbeitsrecht in der N\u00e4he - Dr. Schmelzer\" \/>\n<meta property=\"article:published_time\" content=\"2025-01-10T14:53:08+00:00\" \/>\n<meta property=\"og:image\" content=\"https:\/\/anwalt.rocks\/bilder\/arbeitsrecht\/anwalt-arbeitsrecht-600x600.webp\" \/>\n<meta name=\"author\" content=\"admin\" \/>\n<meta name=\"twitter:card\" content=\"summary_large_image\" \/>\n<meta name=\"twitter:label1\" content=\"Verfasst von\" \/>\n\t<meta name=\"twitter:data1\" content=\"admin\" \/>\n\t<meta name=\"twitter:label2\" content=\"Gesch\u00e4tzte Lesezeit\" \/>\n\t<meta name=\"twitter:data2\" content=\"4\u00a0Minuten\" \/>\n<script type=\"application\/ld+json\" class=\"yoast-schema-graph\">{\"@context\":\"https:\/\/schema.org\",\"@graph\":[{\"@type\":\"Article\",\"@id\":\"https:\/\/anwalt.rocks\/arbeitsrecht\/vellberg\/#article\",\"isPartOf\":{\"@id\":\"https:\/\/anwalt.rocks\/arbeitsrecht\/vellberg\/\"},\"author\":{\"name\":\"admin\",\"@id\":\"https:\/\/anwalt.rocks\/arbeitsrecht\/#\/schema\/person\/3fd3b0fc4df170bb2460fbc934288e39\"},\"headline\":\"Anwalt Vellberg bzgl. Arbeitsrecht.\",\"datePublished\":\"2025-01-10T14:53:08+00:00\",\"mainEntityOfPage\":{\"@id\":\"https:\/\/anwalt.rocks\/arbeitsrecht\/vellberg\/\"},\"wordCount\":714,\"publisher\":{\"@id\":\"https:\/\/anwalt.rocks\/arbeitsrecht\/#organization\"},\"image\":{\"@id\":\"https:\/\/anwalt.rocks\/arbeitsrecht\/vellberg\/#primaryimage\"},\"thumbnailUrl\":\"https:\/\/anwalt.rocks\/bilder\/arbeitsrecht\/anwalt-arbeitsrecht-600x600.webp\",\"articleSection\":[\"Fachanwalt\"],\"inLanguage\":\"de\"},{\"@type\":\"WebPage\",\"@id\":\"https:\/\/anwalt.rocks\/arbeitsrecht\/vellberg\/\",\"url\":\"https:\/\/anwalt.rocks\/arbeitsrecht\/vellberg\/\",\"name\":\"Anwalt Vellberg bzgl. Arbeitsrecht.\",\"isPartOf\":{\"@id\":\"https:\/\/anwalt.rocks\/arbeitsrecht\/#website\"},\"primaryImageOfPage\":{\"@id\":\"https:\/\/anwalt.rocks\/arbeitsrecht\/vellberg\/#primaryimage\"},\"image\":{\"@id\":\"https:\/\/anwalt.rocks\/arbeitsrecht\/vellberg\/#primaryimage\"},\"thumbnailUrl\":\"https:\/\/anwalt.rocks\/bilder\/arbeitsrecht\/anwalt-arbeitsrecht-600x600.webp\",\"datePublished\":\"2025-01-10T14:53:08+00:00\",\"breadcrumb\":{\"@id\":\"https:\/\/anwalt.rocks\/arbeitsrecht\/vellberg\/#breadcrumb\"},\"inLanguage\":\"de\",\"potentialAction\":[{\"@type\":\"ReadAction\",\"target\":[\"https:\/\/anwalt.rocks\/arbeitsrecht\/vellberg\/\"]}]},{\"@type\":\"ImageObject\",\"inLanguage\":\"de\",\"@id\":\"https:\/\/anwalt.rocks\/arbeitsrecht\/vellberg\/#primaryimage\",\"url\":\"https:\/\/anwalt.rocks\/bilder\/arbeitsrecht\/anwalt-arbeitsrecht-600x600.webp\",\"contentUrl\":\"https:\/\/anwalt.rocks\/bilder\/arbeitsrecht\/anwalt-arbeitsrecht-600x600.webp\"},{\"@type\":\"BreadcrumbList\",\"@id\":\"https:\/\/anwalt.rocks\/arbeitsrecht\/vellberg\/#breadcrumb\",\"itemListElement\":[{\"@type\":\"ListItem\",\"position\":1,\"name\":\"Start\",\"item\":\"https:\/\/anwalt.rocks\/arbeitsrecht\/\"},{\"@type\":\"ListItem\",\"position\":2,\"name\":\"Anwalt Vellberg bzgl. Arbeitsrecht.\"}]},{\"@type\":\"WebSite\",\"@id\":\"https:\/\/anwalt.rocks\/arbeitsrecht\/#website\",\"url\":\"https:\/\/anwalt.rocks\/arbeitsrecht\/\",\"name\":\"Anwalt Arbeitsrecht in der N\u00e4he - Dr. Schmelzer\",\"description\":\"Kompetenzen und Vorteile von Dr. Stephan Schmelzer \u2013 Anwalt und Fachanwalt f\u00fcr Arbeitsrecht mit 25 j\u00e4hriger Berufspraxis.\",\"publisher\":{\"@id\":\"https:\/\/anwalt.rocks\/arbeitsrecht\/#organization\"},\"potentialAction\":[{\"@type\":\"SearchAction\",\"target\":{\"@type\":\"EntryPoint\",\"urlTemplate\":\"https:\/\/anwalt.rocks\/arbeitsrecht\/?s={search_term_string}\"},\"query-input\":{\"@type\":\"PropertyValueSpecification\",\"valueRequired\":true,\"valueName\":\"search_term_string\"}}],\"inLanguage\":\"de\"},{\"@type\":\"Organization\",\"@id\":\"https:\/\/anwalt.rocks\/arbeitsrecht\/#organization\",\"name\":\"Kanzlei Dr. Schmelzer\",\"url\":\"https:\/\/anwalt.rocks\/arbeitsrecht\/\",\"logo\":{\"@type\":\"ImageObject\",\"inLanguage\":\"de\",\"@id\":\"https:\/\/anwalt.rocks\/arbeitsrecht\/#\/schema\/logo\/image\/\",\"url\":\"https:\/\/anwalt.rocks\/arbeitsrecht\/wp-content\/uploads\/sites\/2\/2025\/01\/anwalt-arbeitsrecht-logo.png\",\"contentUrl\":\"https:\/\/anwalt.rocks\/arbeitsrecht\/wp-content\/uploads\/sites\/2\/2025\/01\/anwalt-arbeitsrecht-logo.png\",\"width\":450,\"height\":150,\"caption\":\"Kanzlei Dr. Schmelzer\"},\"image\":{\"@id\":\"https:\/\/anwalt.rocks\/arbeitsrecht\/#\/schema\/logo\/image\/\"}},{\"@type\":\"Person\",\"@id\":\"https:\/\/anwalt.rocks\/arbeitsrecht\/#\/schema\/person\/3fd3b0fc4df170bb2460fbc934288e39\",\"name\":\"admin\",\"image\":{\"@type\":\"ImageObject\",\"inLanguage\":\"de\",\"@id\":\"https:\/\/secure.gravatar.com\/avatar\/2a567a722e62dc61f1aaa46c6b595fa617f2003443806e3422a8fed77c029cfc?s=96&d=mm&r=g\",\"url\":\"https:\/\/secure.gravatar.com\/avatar\/2a567a722e62dc61f1aaa46c6b595fa617f2003443806e3422a8fed77c029cfc?s=96&d=mm&r=g\",\"contentUrl\":\"https:\/\/secure.gravatar.com\/avatar\/2a567a722e62dc61f1aaa46c6b595fa617f2003443806e3422a8fed77c029cfc?s=96&d=mm&r=g\",\"caption\":\"admin\"},\"sameAs\":[\"https:\/\/anwalt.rocks\"],\"url\":\"https:\/\/anwalt.rocks\/arbeitsrecht\/author\/admin\/\"}]}<\/script>\n<!-- \/ Yoast SEO Premium plugin. -->","yoast_head_json":{"title":"Anwalt Vellberg bzgl. Arbeitsrecht.","robots":{"index":"index","follow":"follow","max-snippet":"max-snippet:-1","max-image-preview":"max-image-preview:large","max-video-preview":"max-video-preview:-1"},"canonical":"https:\/\/anwalt.rocks\/arbeitsrecht\/vellberg\/","og_locale":"de_DE","og_type":"article","og_title":"Anwalt Vellberg bzgl. Arbeitsrecht.","og_description":"Experte Arbeits- und IT Recht Schleusingen f\u00fcr Arbeitgeber f\u00fcr Mutterschutz.  Anwalt Arbeitsrecht Schleusingen &#8211; Soziet\u00e4t Dr. Stephan Schmelzer. Dr. Stephan Schmelzer ist Ihr Ansprechpartner f\u00fcr komplexe arbeitsrechtliche F\u00e4lle. Seine Expertise im Arbeitsrecht, gest\u00fctzt auf \u00fcber 25 Jahre Erfahrung und eine &hellip;","og_url":"https:\/\/anwalt.rocks\/arbeitsrecht\/vellberg\/","og_site_name":"Anwalt Arbeitsrecht in der N\u00e4he - Dr. Schmelzer","article_published_time":"2025-01-10T14:53:08+00:00","og_image":[{"url":"https:\/\/anwalt.rocks\/bilder\/arbeitsrecht\/anwalt-arbeitsrecht-600x600.webp","type":"","width":"","height":""}],"author":"admin","twitter_card":"summary_large_image","twitter_misc":{"Verfasst von":"admin","Gesch\u00e4tzte Lesezeit":"4\u00a0Minuten"},"schema":{"@context":"https:\/\/schema.org","@graph":[{"@type":"Article","@id":"https:\/\/anwalt.rocks\/arbeitsrecht\/vellberg\/#article","isPartOf":{"@id":"https:\/\/anwalt.rocks\/arbeitsrecht\/vellberg\/"},"author":{"name":"admin","@id":"https:\/\/anwalt.rocks\/arbeitsrecht\/#\/schema\/person\/3fd3b0fc4df170bb2460fbc934288e39"},"headline":"Anwalt Vellberg bzgl. Arbeitsrecht.","datePublished":"2025-01-10T14:53:08+00:00","mainEntityOfPage":{"@id":"https:\/\/anwalt.rocks\/arbeitsrecht\/vellberg\/"},"wordCount":714,"publisher":{"@id":"https:\/\/anwalt.rocks\/arbeitsrecht\/#organization"},"image":{"@id":"https:\/\/anwalt.rocks\/arbeitsrecht\/vellberg\/#primaryimage"},"thumbnailUrl":"https:\/\/anwalt.rocks\/bilder\/arbeitsrecht\/anwalt-arbeitsrecht-600x600.webp","articleSection":["Fachanwalt"],"inLanguage":"de"},{"@type":"WebPage","@id":"https:\/\/anwalt.rocks\/arbeitsrecht\/vellberg\/","url":"https:\/\/anwalt.rocks\/arbeitsrecht\/vellberg\/","name":"Anwalt Vellberg bzgl. Arbeitsrecht.","isPartOf":{"@id":"https:\/\/anwalt.rocks\/arbeitsrecht\/#website"},"primaryImageOfPage":{"@id":"https:\/\/anwalt.rocks\/arbeitsrecht\/vellberg\/#primaryimage"},"image":{"@id":"https:\/\/anwalt.rocks\/arbeitsrecht\/vellberg\/#primaryimage"},"thumbnailUrl":"https:\/\/anwalt.rocks\/bilder\/arbeitsrecht\/anwalt-arbeitsrecht-600x600.webp","datePublished":"2025-01-10T14:53:08+00:00","breadcrumb":{"@id":"https:\/\/anwalt.rocks\/arbeitsrecht\/vellberg\/#breadcrumb"},"inLanguage":"de","potentialAction":[{"@type":"ReadAction","target":["https:\/\/anwalt.rocks\/arbeitsrecht\/vellberg\/"]}]},{"@type":"ImageObject","inLanguage":"de","@id":"https:\/\/anwalt.rocks\/arbeitsrecht\/vellberg\/#primaryimage","url":"https:\/\/anwalt.rocks\/bilder\/arbeitsrecht\/anwalt-arbeitsrecht-600x600.webp","contentUrl":"https:\/\/anwalt.rocks\/bilder\/arbeitsrecht\/anwalt-arbeitsrecht-600x600.webp"},{"@type":"BreadcrumbList","@id":"https:\/\/anwalt.rocks\/arbeitsrecht\/vellberg\/#breadcrumb","itemListElement":[{"@type":"ListItem","position":1,"name":"Start","item":"https:\/\/anwalt.rocks\/arbeitsrecht\/"},{"@type":"ListItem","position":2,"name":"Anwalt Vellberg bzgl. Arbeitsrecht."}]},{"@type":"WebSite","@id":"https:\/\/anwalt.rocks\/arbeitsrecht\/#website","url":"https:\/\/anwalt.rocks\/arbeitsrecht\/","name":"Anwalt Arbeitsrecht in der N\u00e4he - Dr. Schmelzer","description":"Kompetenzen und Vorteile von Dr. Stephan Schmelzer \u2013 Anwalt und Fachanwalt f\u00fcr Arbeitsrecht mit 25 j\u00e4hriger Berufspraxis.","publisher":{"@id":"https:\/\/anwalt.rocks\/arbeitsrecht\/#organization"},"potentialAction":[{"@type":"SearchAction","target":{"@type":"EntryPoint","urlTemplate":"https:\/\/anwalt.rocks\/arbeitsrecht\/?s={search_term_string}"},"query-input":{"@type":"PropertyValueSpecification","valueRequired":true,"valueName":"search_term_string"}}],"inLanguage":"de"},{"@type":"Organization","@id":"https:\/\/anwalt.rocks\/arbeitsrecht\/#organization","name":"Kanzlei Dr. Schmelzer","url":"https:\/\/anwalt.rocks\/arbeitsrecht\/","logo":{"@type":"ImageObject","inLanguage":"de","@id":"https:\/\/anwalt.rocks\/arbeitsrecht\/#\/schema\/logo\/image\/","url":"https:\/\/anwalt.rocks\/arbeitsrecht\/wp-content\/uploads\/sites\/2\/2025\/01\/anwalt-arbeitsrecht-logo.png","contentUrl":"https:\/\/anwalt.rocks\/arbeitsrecht\/wp-content\/uploads\/sites\/2\/2025\/01\/anwalt-arbeitsrecht-logo.png","width":450,"height":150,"caption":"Kanzlei Dr. Schmelzer"},"image":{"@id":"https:\/\/anwalt.rocks\/arbeitsrecht\/#\/schema\/logo\/image\/"}},{"@type":"Person","@id":"https:\/\/anwalt.rocks\/arbeitsrecht\/#\/schema\/person\/3fd3b0fc4df170bb2460fbc934288e39","name":"admin","image":{"@type":"ImageObject","inLanguage":"de","@id":"https:\/\/secure.gravatar.com\/avatar\/2a567a722e62dc61f1aaa46c6b595fa617f2003443806e3422a8fed77c029cfc?s=96&d=mm&r=g","url":"https:\/\/secure.gravatar.com\/avatar\/2a567a722e62dc61f1aaa46c6b595fa617f2003443806e3422a8fed77c029cfc?s=96&d=mm&r=g","contentUrl":"https:\/\/secure.gravatar.com\/avatar\/2a567a722e62dc61f1aaa46c6b595fa617f2003443806e3422a8fed77c029cfc?s=96&d=mm&r=g","caption":"admin"},"sameAs":["https:\/\/anwalt.rocks"],"url":"https:\/\/anwalt.rocks\/arbeitsrecht\/author\/admin\/"}]}},"_links":{"self":[{"href":"https:\/\/anwalt.rocks\/arbeitsrecht\/wp-json\/wp\/v2\/posts\/9721","targetHints":{"allow":["GET"]}}],"collection":[{"href":"https:\/\/anwalt.rocks\/arbeitsrecht\/wp-json\/wp\/v2\/posts"}],"about":[{"href":"https:\/\/anwalt.rocks\/arbeitsrecht\/wp-json\/wp\/v2\/types\/post"}],"author":[{"embeddable":true,"href":"https:\/\/anwalt.rocks\/arbeitsrecht\/wp-json\/wp\/v2\/users\/1"}],"replies":[{"embeddable":true,"href":"https:\/\/anwalt.rocks\/arbeitsrecht\/wp-json\/wp\/v2\/comments?post=9721"}],"version-history":[{"count":0,"href":"https:\/\/anwalt.rocks\/arbeitsrecht\/wp-json\/wp\/v2\/posts\/9721\/revisions"}],"wp:attachment":[{"href":"https:\/\/anwalt.rocks\/arbeitsrecht\/wp-json\/wp\/v2\/media?parent=9721"}],"wp:term":[{"taxonomy":"category","embeddable":true,"href":"https:\/\/anwalt.rocks\/arbeitsrecht\/wp-json\/wp\/v2\/categories?post=9721"},{"taxonomy":"post_tag","embeddable":true,"href":"https:\/\/anwalt.rocks\/arbeitsrecht\/wp-json\/wp\/v2\/tags?post=9721"}],"curies":[{"name":"wp","href":"https:\/\/api.w.org\/{rel}","templated":true}]}}