{"id":9807,"date":"2025-01-11T01:00:31","date_gmt":"2025-01-11T00:00:31","guid":{"rendered":"https:\/\/anwalt.rocks\/arbeitsrecht\/warin\/"},"modified":"2025-01-11T01:00:31","modified_gmt":"2025-01-11T00:00:31","slug":"warin","status":"publish","type":"post","link":"https:\/\/anwalt.rocks\/arbeitsrecht\/warin\/","title":{"rendered":"Anwalt Arbeitsrecht Warin &#8211; Schon mehr als 56 motivierte Kunden."},"content":{"rendered":"<span class=\"span-reading-time rt-reading-time\" style=\"display: block;\"><span class=\"rt-label rt-prefix\">Lesedauer<\/span> <span class=\"rt-time\"> 3<\/span> <span class=\"rt-label rt-postfix\">Minuten<\/span><\/span><h2>Experte IT- und Arbeitsrecht Warin f\u00fcr Arbeitnehmer und Arbeitgeber f\u00fcr Mindestlohn.<\/h2>\n<p><a href=\"https:\/\/dr-schmelzer.eu\/arbeitsrecht\/\" target=\"_blank\" rel=\"noopener\"><img loading=\"lazy\" decoding=\"async\" src=\"https:\/\/anwalt.rocks\/bilder\/arbeitsrecht\/anwalt-arbeitsrecht-600x600.webp\" alt=\"Anwalt Arbeitsrecht Warin - Schon mehr als 56 motivierte Kunden.\" title=\"Anwalt Arbeitsrecht Warin - Schon mehr als 56 motivierte Kunden.\" width=\"600\" height=\"600\" \/><\/a> <\/p>\n<h3>Anwalt Arbeitsrecht und IT Recht Warin &#8211; Soziet\u00e4t Dr. Stephan Schmelzer.<\/h3>\n<p>Mit Dr. Stephan Schmelzer haben Sie einen erfahrenen Fachanwalt f\u00fcr Arbeitsrecht an Ihrer Seite. Seine Fachanwaltszulassung im Arbeitsrecht und seine langj\u00e4hrige Erfahrung machen ihn \u00fcberregional bekannt. Seine Kanzlei blickt auf 20 Jahre Erfolg zur\u00fcck und ist bekannt f\u00fcr individuelle Betreuung und juristische Expertise. Die Kombination aus Fachanwalt f\u00fcr Arbeitsrecht und IT-Recht macht Dr. Schmelzer in der heutigen Arbeitswelt besonders wertvoll. &#8211; <a title=\"Anwalt Offenbach\" href=\"https:\/\/anwalt.rocks\/arbeitsrecht\/offenbach\/\">Anwalt Offenbach<\/a><\/p>\n<p><a href=\"https:\/\/dr-schmelzer.eu\/arbeitsrecht\/\" target=\"_blank\" rel=\"noopener\"><img loading=\"lazy\" decoding=\"async\" src=\"https:\/\/anwalt.rocks\/bilder\/arbeitsrecht\/rechtsanwalt-arbeitsrecht-600x600.webp\" alt=\"Anwalt Arbeitsrecht Warin\" title=\"Anwalt Arbeitsrecht Warin\" width=\"600\" height=\"600\" \/><\/a> <\/p>\n<h3>Soziet\u00e4t Dr. Stephan Schmelzer &#8211; Experte f\u00fcr Arbeitsrecht Warin.<\/h3>\n<p>Seine Expertise im IT-Recht erg\u00e4nzt seine T\u00e4tigkeit, doch der Fokus bleibt auf dem Arbeitsrecht, auch international. Mit Dr. Schmelzer erhalten Mandanten umfassende Unterst\u00fctzung im Arbeitsrecht, angepasst an ihre spezifischen Bed\u00fcrfnisse. Durch seine Praxisn\u00e4he und individuelle Herangehensweise ist er einer der besten Anw\u00e4lte in diesem Fachbereich. &#8211; <a title=\"Anwalt Oppenau\" href=\"https:\/\/anwalt.rocks\/arbeitsrecht\/oppenau\/\">Anwalt Oppenau<\/a><\/p>\n<h3>Erfahren und extrem einsatzfreudig &#8211; 25 Jahre Erfahrung als Arbeitsrechtler Warin.<\/h3>\n<p>Arbeitgeber m\u00fcssen heute eine Vielzahl juristischer Anforderungen erf\u00fcllen, von Arbeitsvertr\u00e4gen bis zu Restrukturierungsprozessen. Dr. Schmelzer hilft Unternehmen, rechtliche Herausforderungen mit praxisnaher Beratung zu meistern und optimale Strategien zu entwickeln. Zu den Kernleistungen von Dr. Schmelzer geh\u00f6ren: &#8211; <a title=\"Anwalt Arbeitsrecht W\u00e4denswil\" href=\"https:\/\/anwalt.rocks\/arbeitsrecht\/waedenswil\/\">Anwalt Arbeitsrecht W\u00e4denswil<\/a><\/p>\n<h3>Anwalt Arbeitsrecht Warin 56 motivierte Kunden.<\/h3>\n<p>Erstellung und \u00dcberarbeitung von Arbeitsvertr\u00e4gen, die juristische Sicherheit und Flexibilit\u00e4t bieten. Entwicklung ma\u00dfgeschneiderter Arbeitszeit- und Verg\u00fctungsmodelle, die den Anforderungen des Unternehmens entsprechen. &#8211; <a title=\"Anwalt Arbeitsrecht Oberwil\" href=\"https:\/\/anwalt.rocks\/arbeitsrecht\/oberwil\/\">Anwalt Arbeitsrecht Oberwil<\/a><\/p>\n<h3>Warum w\u00e4hlt man diesen erfahrenen Anwalt Warin:<\/h3>\n<p>Beratung bei der Erstellung rechtssicherer und nachvollziehbarer betriebs- oder personenbezogener K\u00fcndigungen. Minderung rechtlicher Risiken und Beratung w\u00e4hrend aller Schritte der K\u00fcndigung.<\/p>\n<h3>Juristisches Fachwissen aber auch top zuverl\u00e4ssig.<\/h3>\n<p>Unterst\u00fctzung bei der Gestaltung der Betriebsratsbeteiligung bei wesentlichen Entscheidungen. Verhandlung und Ausarbeitung von Betriebsvereinbarungen, die praktikabel und rechtssicher sind. Planung und rechtliche Betreuung von unternehmensweiten Restrukturierungsprozessen. Rechtliche Unterst\u00fctzung in gerichtlichen Angelegenheiten, einschlie\u00dflich K\u00fcndigungsschutzverfahren und Entfristungsklagen. Strategischer Fokus auf die gezielte und erfolgreiche Vertretung der Unternehmensinteressen.<\/p>\n<h3>Anwalt Arbeitsrecht Warin &#8211; Experte Dr. Schmelzer.<\/h3>\n<p>Auch Arbeitnehmer erhalten von Dr. Schmelzer eine fachkundige und umfassende Beratung. Bei schwierigen Streitf\u00e4llen steht er als verl\u00e4sslicher Beistand an der Seite seiner Mandanten. Bestandteil der Kernangebote sind:<\/p>\n<p>Unterst\u00fctzung bei arbeitsgerichtlichen K\u00fcndigungsschutzverfahren und Vertretung vor Gericht. Unterst\u00fctzung bei der Verhandlung und Regelung von Abfindungen. Unterst\u00fctzung bei arbeitsgerichtlichen K\u00fcndigungsschutzverfahren und Vertretung vor Gericht. Unterst\u00fctzung bei der Verhandlung und Regelung von Abfindungen.<\/p>\n<p>Fachkundige Beratung zu Aufhebungsvertr\u00e4gen und Verhandlung von Abfindungsbetr\u00e4gen. Hilfe bei der Bewertung und inhaltlichen Verbesserung von Arbeitszeugnissen. Rechtsvertretung in Zeugnisklagen zur Durchsetzung einer fairen Bewertung. Kostenersparnis Unterst\u00fctzung bei der Geltendmachung Ihrer Lohn- und Gehaltsanspr\u00fcche. Begleitung bei Entgeltklagen und Streitigkeiten \u00fcber nicht verg\u00fctete \u00dcberstunden. Unterst\u00fctzung bei der Pr\u00fcfung und Korrektur von unrechtm\u00e4\u00dfigen Abmahnungen.<\/p>\n<h4>Mandanten Vertreung f\u00fcr Arbeitnehmer und Arbeitgeber zum Thema Anwalt Arbeitsrecht Warin.<\/h4>\n<p>Die Expertise von Dr. Schmelzer erstreckt sich auf Restrukturierung und Konfliktl\u00f6sung. Die Beratung w\u00e4hrend der Restrukturierung ist ein entscheidender Schwerpunkt von Dr. Schmelzer. Gefordert wird hier ein Mix aus juristischer Kompetenz, diplomatischem Geschick und wirtschaftlichem Know-how.<\/p>\n<p>Anwalt Warin Fazit: Dr. Schmelzer hat sich auf die Vorbereitung und Verhandlung von Interessenausgleichen und Sozialpl\u00e4nen spezialisiert. Im Fokus steht die Schaffung einer L\u00f6sung, die von allen Seiten akzeptiert werden kann. Seine strategische Herangehensweise und tiefgreifendes Fachwissen machen Dr. Schmelzer zu einem wertvollen Partner bei Verhandlungen mit Gewerkschaften und Betriebsr\u00e4ten.<\/p>\n<p>Jeder Fall stellt f\u00fcr den Fachanwalt f\u00fcr Arbeitsrecht eine neue Aufgabe dar, die individuelle Sorgfalt erfordert. Ob vor Gericht oder durch Verhandlungen \u2013 sein Ziel ist die bestm\u00f6gliche L\u00f6sung f\u00fcr seine Mandanten. F\u00fcr ihn ist Transparenz ebenso wichtig wie eine enge Zusammenarbeit mit seinen Mandanten. Die Mandantenzufriedenheit hat f\u00fcr Dr. Schmelzer oberste Priorit\u00e4t. Mandanten sch\u00e4tzen seine professionelle und l\u00f6sungsorientierte Herangehensweise, die sich in seinen Erfolgen widerspiegelt. Arbeitnehmer und Arbeitgeber finden in der Kanzlei Dr. Stephan Schmelzer einen erfahrenen und engagierten Partner.<\/p>\n<article class=\"contact contact-list post-2631 profile type-profile status-publish has-post-thumbnail hentry\" data-contact=\"2631\">\n    \n    <div class=\"media\">\n        <div class=\"media-left\">\n            <a  href=\"#\" data-toggle=\"modal\" data-target=\"#ContactModal\"  title=\"Peter S. jetzt Kontakt aufnehmen!\">\n                <img loading=\"lazy\" decoding=\"async\" width=\"500\" height=\"500\" src=\"https:\/\/anwalt.rocks\/arbeitsrecht\/wp-content\/uploads\/sites\/2\/2025\/01\/meinung-11.jpg\" class=\"contact-image media-object wp-post-image\" alt=\"Peter S.\" srcset=\"https:\/\/anwalt.rocks\/arbeitsrecht\/wp-content\/uploads\/sites\/2\/2025\/01\/meinung-11.jpg 500w, https:\/\/anwalt.rocks\/arbeitsrecht\/wp-content\/uploads\/sites\/2\/2025\/01\/meinung-11-300x300.jpg 300w, https:\/\/anwalt.rocks\/arbeitsrecht\/wp-content\/uploads\/sites\/2\/2025\/01\/meinung-11-150x150.jpg 150w\" sizes=\"auto, (max-width: 500px) 100vw, 500px\" \/>            <\/a>\n        <\/div>\n\n        <div class=\"media-body\">\n                        <p class=\"h2 media-heading\">\n                <a  href=\"#\" data-toggle=\"modal\" data-target=\"#ContactModal\"  title=\"Peter S. jetzt Kontakt aufnehmen!\">\n                    <span class=\"contact-name\">Peter S.<\/span>\n                <\/a>\n\n                <span class=\"contact-text\"><\/span> <span class=\"contact-city\"><a href=\"https:\/\/anwalt.rocks\/arbeitsrecht\/region\/straubenhardt\/\">Anwalt Arbeitsrecht Straubenhardt<\/a><\/span>            <\/p>\n\n            <div class=\"quote\"><p>Dr. Schmelzer hat meinen Fall mit gro\u00dfem Engagement \u00fcbernommen. Es ging um eine unrechtm\u00e4\u00dfige K\u00fcndigung, die mein Arbeitgeber ausgesprochen hatte. Dank seiner Expertise und Verhandlungsst\u00e4rke konnte ich nicht nur meine Stelle behalten, sondern erhielt auch eine Entsch\u00e4digung. Besonders beeindruckt hat &hellip;<\/p><\/div>\n            <a class=\"btn btn-cta\"  href=\"#\" data-toggle=\"modal\" data-target=\"#ContactModal\"  title=\"Peter S. jetzt Kontakt aufnehmen!\">\n                Nachricht senden            <\/a>\n        <\/div>\n    <\/div>\n<\/article><article class=\"contact contact-list post-2634 profile type-profile status-publish has-post-thumbnail hentry\" data-contact=\"2634\">\n    \n    <div class=\"media\">\n        <div class=\"media-left\">\n            <a  href=\"#\" data-toggle=\"modal\" data-target=\"#ContactModal\"  title=\"Mario K. jetzt Kontakt aufnehmen!\">\n                <img loading=\"lazy\" decoding=\"async\" width=\"500\" height=\"500\" src=\"https:\/\/anwalt.rocks\/arbeitsrecht\/wp-content\/uploads\/sites\/2\/2025\/01\/meinung-12.jpg\" class=\"contact-image media-object wp-post-image\" alt=\"Mario K.\" srcset=\"https:\/\/anwalt.rocks\/arbeitsrecht\/wp-content\/uploads\/sites\/2\/2025\/01\/meinung-12.jpg 500w, https:\/\/anwalt.rocks\/arbeitsrecht\/wp-content\/uploads\/sites\/2\/2025\/01\/meinung-12-300x300.jpg 300w, https:\/\/anwalt.rocks\/arbeitsrecht\/wp-content\/uploads\/sites\/2\/2025\/01\/meinung-12-150x150.jpg 150w\" sizes=\"auto, (max-width: 500px) 100vw, 500px\" \/>            <\/a>\n        <\/div>\n\n        <div class=\"media-body\">\n                        <p class=\"h2 media-heading\">\n                <a  href=\"#\" data-toggle=\"modal\" data-target=\"#ContactModal\"  title=\"Mario K. jetzt Kontakt aufnehmen!\">\n                    <span class=\"contact-name\">Mario K.<\/span>\n                <\/a>\n\n                <span class=\"contact-text\"><\/span> <span class=\"contact-city\"><a href=\"https:\/\/anwalt.rocks\/arbeitsrecht\/region\/muenchen-forstenried\/\">Anwalt Arbeitsrecht M\u00fcnchen Forstenried<\/a><\/span>            <\/p>\n\n            <div class=\"quote\"><p>Dieser Anwalt wurde mir empfohlen, als ich Probleme mit der Auszahlung meines Urlaubsanspruchs hatte. Er hat meinen Arbeitgeber schnell und effektiv zur Zahlung gebracht. Sein Fachwissen im Arbeitsrecht und sein strategisches Vorgehen waren hervorragend. Ich werde ihn definitiv weiterempfehlen!&hellip;<\/p><\/div>\n            <a class=\"btn btn-cta\"  href=\"#\" data-toggle=\"modal\" data-target=\"#ContactModal\"  title=\"Mario K. jetzt Kontakt aufnehmen!\">\n                Nachricht senden            <\/a>\n        <\/div>\n    <\/div>\n<\/article><article class=\"contact contact-list post-2637 profile type-profile status-publish has-post-thumbnail hentry\" data-contact=\"2637\">\n    \n    <div class=\"media\">\n        <div class=\"media-left\">\n            <a  href=\"#\" data-toggle=\"modal\" data-target=\"#ContactModal\"  title=\"Uwe D. jetzt Kontakt aufnehmen!\">\n                <img loading=\"lazy\" decoding=\"async\" width=\"500\" height=\"500\" src=\"https:\/\/anwalt.rocks\/arbeitsrecht\/wp-content\/uploads\/sites\/2\/2025\/01\/meinung-13.jpg\" class=\"contact-image media-object wp-post-image\" alt=\"Uwe D.\" srcset=\"https:\/\/anwalt.rocks\/arbeitsrecht\/wp-content\/uploads\/sites\/2\/2025\/01\/meinung-13.jpg 500w, https:\/\/anwalt.rocks\/arbeitsrecht\/wp-content\/uploads\/sites\/2\/2025\/01\/meinung-13-300x300.jpg 300w, https:\/\/anwalt.rocks\/arbeitsrecht\/wp-content\/uploads\/sites\/2\/2025\/01\/meinung-13-150x150.jpg 150w\" sizes=\"auto, (max-width: 500px) 100vw, 500px\" \/>            <\/a>\n        <\/div>\n\n        <div class=\"media-body\">\n                        <p class=\"h2 media-heading\">\n                <a  href=\"#\" data-toggle=\"modal\" data-target=\"#ContactModal\"  title=\"Uwe D. jetzt Kontakt aufnehmen!\">\n                    <span class=\"contact-name\">Uwe D.<\/span>\n                <\/a>\n\n                <span class=\"contact-text\"><\/span> <span class=\"contact-city\"><a href=\"https:\/\/anwalt.rocks\/arbeitsrecht\/region\/stuttgart-stuttgart-west\/\">Anwalt Arbeitsrecht Stuttgart Stuttgart West<\/a><\/span>            <\/p>\n\n            <div class=\"quote\"><p>Ich hatte Schwierigkeiten mit meinem Arbeitszeugnis, das mein Arbeitgeber absichtlich negativ formuliert hatte. Anwalt Schmelzer hat f\u00fcr mich ein einwandfreies Zeugnis durchgesetzt. Er war jederzeit erreichbar und hat meine Sorgen ernst genommen. Ich bin sehr zufrieden mit seiner Arbeit.&hellip;<\/p><\/div>\n            <a class=\"btn btn-cta\"  href=\"#\" data-toggle=\"modal\" data-target=\"#ContactModal\"  title=\"Uwe D. jetzt Kontakt aufnehmen!\">\n                Nachricht senden            <\/a>\n        <\/div>\n    <\/div>\n<\/article><article class=\"contact contact-list post-2622 profile type-profile status-publish has-post-thumbnail hentry\" data-contact=\"2622\">\n    \n    <div class=\"media\">\n        <div class=\"media-left\">\n            <a  href=\"#\" data-toggle=\"modal\" data-target=\"#ContactModal\"  title=\"Sabine T., 22 Jahre, aus Frankfurt jetzt Kontakt aufnehmen!\">\n                <img loading=\"lazy\" decoding=\"async\" width=\"500\" height=\"500\" src=\"https:\/\/anwalt.rocks\/arbeitsrecht\/wp-content\/uploads\/sites\/2\/2025\/01\/meinung-08.jpg\" class=\"contact-image media-object wp-post-image\" alt=\"Sabine T., 22 Jahre, aus Frankfurt\" srcset=\"https:\/\/anwalt.rocks\/arbeitsrecht\/wp-content\/uploads\/sites\/2\/2025\/01\/meinung-08.jpg 500w, https:\/\/anwalt.rocks\/arbeitsrecht\/wp-content\/uploads\/sites\/2\/2025\/01\/meinung-08-300x300.jpg 300w, https:\/\/anwalt.rocks\/arbeitsrecht\/wp-content\/uploads\/sites\/2\/2025\/01\/meinung-08-150x150.jpg 150w\" sizes=\"auto, (max-width: 500px) 100vw, 500px\" \/>            <\/a>\n        <\/div>\n\n        <div class=\"media-body\">\n                        <p class=\"h2 media-heading\">\n                <a  href=\"#\" data-toggle=\"modal\" data-target=\"#ContactModal\"  title=\"Sabine T., 22 Jahre, aus Frankfurt jetzt Kontakt aufnehmen!\">\n                    <span class=\"contact-name\">Sabine T., 22 Jahre, aus Frankfurt<\/span>\n                <\/a>\n\n                <span class=\"contact-text\"><\/span> <span class=\"contact-city\"><a href=\"https:\/\/anwalt.rocks\/arbeitsrecht\/region\/weil-am-rhein\/\">Anwalt Arbeitsrecht Weil am Rhein<\/a><\/span>            <\/p>\n\n            <div class=\"quote\"><p>Ich hatte ein Problem mit meinem Teilzeitvertrag, da mein Arbeitgeber mich pl\u00f6tzlich zu vielen \u00dcberstunden verpflichten wollte. Herr Schmelzer hat mich wunderbar beraten und schnell eine Kl\u00e4rung herbeigef\u00fchrt. Seine Kompetenz und Freundlichkeit haben mich \u00fcberzeugt. Ich f\u00fchlte mich jederzeit ernst &hellip;<\/p><\/div>\n            <a class=\"btn btn-cta\"  href=\"#\" data-toggle=\"modal\" data-target=\"#ContactModal\"  title=\"Sabine T., 22 Jahre, aus Frankfurt jetzt Kontakt aufnehmen!\">\n                Nachricht senden            <\/a>\n        <\/div>\n    <\/div>\n<\/article><article class=\"contact contact-list post-2646 profile type-profile status-publish has-post-thumbnail hentry\" data-contact=\"2646\">\n    \n    <div class=\"media\">\n        <div class=\"media-left\">\n            <a  href=\"#\" data-toggle=\"modal\" data-target=\"#ContactModal\"  title=\"Ulrich H. jetzt Kontakt aufnehmen!\">\n                <img loading=\"lazy\" decoding=\"async\" width=\"500\" height=\"500\" src=\"https:\/\/anwalt.rocks\/arbeitsrecht\/wp-content\/uploads\/sites\/2\/2025\/01\/meinung-16.jpg\" class=\"contact-image media-object wp-post-image\" alt=\"Ulrich H.\" srcset=\"https:\/\/anwalt.rocks\/arbeitsrecht\/wp-content\/uploads\/sites\/2\/2025\/01\/meinung-16.jpg 500w, https:\/\/anwalt.rocks\/arbeitsrecht\/wp-content\/uploads\/sites\/2\/2025\/01\/meinung-16-300x300.jpg 300w, https:\/\/anwalt.rocks\/arbeitsrecht\/wp-content\/uploads\/sites\/2\/2025\/01\/meinung-16-150x150.jpg 150w\" sizes=\"auto, (max-width: 500px) 100vw, 500px\" \/>            <\/a>\n        <\/div>\n\n        <div class=\"media-body\">\n                        <p class=\"h2 media-heading\">\n                <a  href=\"#\" data-toggle=\"modal\" data-target=\"#ContactModal\"  title=\"Ulrich H. jetzt Kontakt aufnehmen!\">\n                    <span class=\"contact-name\">Ulrich H.<\/span>\n                <\/a>\n\n                <span class=\"contact-text\"><\/span> <span class=\"contact-city\"><a href=\"https:\/\/anwalt.rocks\/arbeitsrecht\/region\/semlow\/\">Anwalt Arbeitsrecht Semlow<\/a><\/span>            <\/p>\n\n            <div class=\"quote\"><p>Anwalt Schmelzer hat mir in einem schwierigen Fall von Diskriminierung am Arbeitsplatz geholfen. Er hat mich nicht nur juristisch unterst\u00fctzt, sondern mir auch moralisch viel R\u00fcckhalt gegeben. Dank ihm wurde mein Fall erfolgreich gel\u00f6st, und ich f\u00fchle mich endlich wieder &hellip;<\/p><\/div>\n            <a class=\"btn btn-cta\"  href=\"#\" data-toggle=\"modal\" data-target=\"#ContactModal\"  title=\"Ulrich H. jetzt Kontakt aufnehmen!\">\n                Nachricht senden            <\/a>\n        <\/div>\n    <\/div>\n<\/article>\n<div class=\"blogposts\"><ul><li><a href=\"https:\/\/anwalt.rocks\/arbeitsrecht\/korbach\/\" title=\"Fachanwalt im Bereich IT- und Arbeitsrecht Korbach.\">Fachanwalt im Bereich IT- und Arbeitsrecht Korbach.<\/a><\/li><li><a href=\"https:\/\/anwalt.rocks\/arbeitsrecht\/korntal-muenchingen\/\" title=\"Anwalt Arbeitsrecht Korntal M\u00fcnchingen &#8211; Inzwischen \u00fcber 37 \u00fcbergl\u00fcckliche Kunden.\">Anwalt Arbeitsrecht Korntal M\u00fcnchingen &#8211; Inzwischen \u00fcber 37 \u00fcbergl\u00fcckliche Kunden.<\/a><\/li><li><a href=\"https:\/\/anwalt.rocks\/arbeitsrecht\/lassan\/\" title=\"Anwalt Lassan Experte im Bereich Arbeitsrecht.\">Anwalt Lassan Experte im Bereich Arbeitsrecht.<\/a><\/li><li><a href=\"https:\/\/anwalt.rocks\/arbeitsrecht\/hohenems\/\" title=\"Anwalt Arbeitsrecht Hohenems &#8211; Inzwischen 35 motivierte Klienten.\">Anwalt Arbeitsrecht Hohenems &#8211; Inzwischen 35 motivierte Klienten.<\/a><\/li><li><a href=\"https:\/\/anwalt.rocks\/arbeitsrecht\/gunzenhausen\/\" title=\"Anwalt Gunzenhausen in Sachen Arbeitsrecht.\">Anwalt Gunzenhausen in Sachen Arbeitsrecht.<\/a><\/li><li><a href=\"https:\/\/anwalt.rocks\/arbeitsrecht\/darmstadt-dieburg\/\" title=\"Rechtsanwalt Darmstadt Dieburg Experte f\u00fcr Arbeitsrecht.\">Rechtsanwalt Darmstadt Dieburg Experte f\u00fcr Arbeitsrecht.<\/a><\/li><li><a href=\"https:\/\/anwalt.rocks\/arbeitsrecht\/lauenburg\/\" title=\"Anwalt Lauenburg bzgl. Arbeitsrecht.\">Anwalt Lauenburg bzgl. Arbeitsrecht.<\/a><\/li><\/ul><\/div>\n","protected":false},"excerpt":{"rendered":"<h2>Spezialist Dr. Schmelzer bzgl. IT- und Arbeitsrecht Lauenburg aber auch Leiharbeit und Werkvertrag.<\/h2>\n<p><a href=\"https:\/\/dr-schmelzer.eu\/arbeitsrecht\/\" target=\"_blank\" rel=\"noopener\"><img loading=\"lazy\" decoding=\"async\" src=\"https:\/\/anwalt.rocks\/bilder\/arbeitsrecht\/anwalt-arbeitsrecht-600x600.webp\" alt=\"Anwalt Lauenburg bzgl. Arbeitsrecht.\" title=\"Anwalt Lauenburg bzgl. Arbeitsrecht.\" width=\"600\" height=\"600\" \/><\/a> <\/p>\n<h3>Fachanwalt Arbeitsrecht und IT Recht Lauenburg &#8211; Anwaltskanzlei Dr. Stephan Schmelzer.<\/h3>\n<p>Ihr professioneller Begleiter im Arbeitsrecht: Dr. Stephan Schmelzer. Seit \u00fcber 25 Jahren im Arbeitsrecht t\u00e4tig, hat &hellip;<\/p>","protected":false},"author":1,"featured_media":0,"comment_status":"closed","ping_status":"open","sticky":false,"template":"","format":"standard","meta":{"footnotes":""},"categories":[3],"tags":[],"class_list":["post-9807","post","type-post","status-publish","format-standard","hentry","category-fachanwalt"],"yoast_head":"<!-- This site is optimized with the Yoast SEO Premium plugin v27.1 (Yoast SEO v27.2) - https:\/\/yoast.com\/product\/yoast-seo-premium-wordpress\/ -->\n<title>Anwalt Arbeitsrecht Warin - Schon mehr als 56 motivierte Kunden.<\/title>\n<meta name=\"robots\" content=\"index, follow, max-snippet:-1, max-image-preview:large, max-video-preview:-1\" \/>\n<link rel=\"canonical\" href=\"https:\/\/anwalt.rocks\/arbeitsrecht\/warin\/\" \/>\n<meta property=\"og:locale\" content=\"de_DE\" \/>\n<meta property=\"og:type\" content=\"article\" \/>\n<meta property=\"og:title\" content=\"Anwalt Arbeitsrecht Warin - Schon mehr als 56 motivierte Kunden.\" \/>\n<meta property=\"og:description\" content=\"Spezialist Dr. Schmelzer bzgl. IT- und Arbeitsrecht Lauenburg aber auch Leiharbeit und Werkvertrag.  Fachanwalt Arbeitsrecht und IT Recht Lauenburg &#8211; Anwaltskanzlei Dr. Stephan Schmelzer. Ihr professioneller Begleiter im Arbeitsrecht: Dr. Stephan Schmelzer. Seit \u00fcber 25 Jahren im Arbeitsrecht t\u00e4tig, hat &hellip;\" \/>\n<meta property=\"og:url\" content=\"https:\/\/anwalt.rocks\/arbeitsrecht\/warin\/\" \/>\n<meta property=\"og:site_name\" content=\"Anwalt Arbeitsrecht in der N\u00e4he - Dr. Schmelzer\" \/>\n<meta property=\"article:published_time\" content=\"2025-01-11T00:00:31+00:00\" \/>\n<meta property=\"og:image\" content=\"https:\/\/anwalt.rocks\/bilder\/arbeitsrecht\/anwalt-arbeitsrecht-600x600.webp\" \/>\n<meta name=\"author\" content=\"admin\" \/>\n<meta name=\"twitter:card\" content=\"summary_large_image\" \/>\n<meta name=\"twitter:label1\" content=\"Verfasst von\" \/>\n\t<meta name=\"twitter:data1\" content=\"admin\" \/>\n\t<meta name=\"twitter:label2\" content=\"Gesch\u00e4tzte Lesezeit\" \/>\n\t<meta name=\"twitter:data2\" content=\"3\u00a0Minuten\" \/>\n<script type=\"application\/ld+json\" class=\"yoast-schema-graph\">{\"@context\":\"https:\/\/schema.org\",\"@graph\":[{\"@type\":\"Article\",\"@id\":\"https:\/\/anwalt.rocks\/arbeitsrecht\/warin\/#article\",\"isPartOf\":{\"@id\":\"https:\/\/anwalt.rocks\/arbeitsrecht\/warin\/\"},\"author\":{\"name\":\"admin\",\"@id\":\"https:\/\/anwalt.rocks\/arbeitsrecht\/#\/schema\/person\/3fd3b0fc4df170bb2460fbc934288e39\"},\"headline\":\"Anwalt Arbeitsrecht Warin &#8211; Schon mehr als 56 motivierte Kunden.\",\"datePublished\":\"2025-01-11T00:00:31+00:00\",\"mainEntityOfPage\":{\"@id\":\"https:\/\/anwalt.rocks\/arbeitsrecht\/warin\/\"},\"wordCount\":690,\"publisher\":{\"@id\":\"https:\/\/anwalt.rocks\/arbeitsrecht\/#organization\"},\"image\":{\"@id\":\"https:\/\/anwalt.rocks\/arbeitsrecht\/warin\/#primaryimage\"},\"thumbnailUrl\":\"https:\/\/anwalt.rocks\/bilder\/arbeitsrecht\/anwalt-arbeitsrecht-600x600.webp\",\"articleSection\":[\"Fachanwalt\"],\"inLanguage\":\"de\"},{\"@type\":\"WebPage\",\"@id\":\"https:\/\/anwalt.rocks\/arbeitsrecht\/warin\/\",\"url\":\"https:\/\/anwalt.rocks\/arbeitsrecht\/warin\/\",\"name\":\"Anwalt Arbeitsrecht Warin - Schon mehr als 56 motivierte Kunden.\",\"isPartOf\":{\"@id\":\"https:\/\/anwalt.rocks\/arbeitsrecht\/#website\"},\"primaryImageOfPage\":{\"@id\":\"https:\/\/anwalt.rocks\/arbeitsrecht\/warin\/#primaryimage\"},\"image\":{\"@id\":\"https:\/\/anwalt.rocks\/arbeitsrecht\/warin\/#primaryimage\"},\"thumbnailUrl\":\"https:\/\/anwalt.rocks\/bilder\/arbeitsrecht\/anwalt-arbeitsrecht-600x600.webp\",\"datePublished\":\"2025-01-11T00:00:31+00:00\",\"breadcrumb\":{\"@id\":\"https:\/\/anwalt.rocks\/arbeitsrecht\/warin\/#breadcrumb\"},\"inLanguage\":\"de\",\"potentialAction\":[{\"@type\":\"ReadAction\",\"target\":[\"https:\/\/anwalt.rocks\/arbeitsrecht\/warin\/\"]}]},{\"@type\":\"ImageObject\",\"inLanguage\":\"de\",\"@id\":\"https:\/\/anwalt.rocks\/arbeitsrecht\/warin\/#primaryimage\",\"url\":\"https:\/\/anwalt.rocks\/bilder\/arbeitsrecht\/anwalt-arbeitsrecht-600x600.webp\",\"contentUrl\":\"https:\/\/anwalt.rocks\/bilder\/arbeitsrecht\/anwalt-arbeitsrecht-600x600.webp\"},{\"@type\":\"BreadcrumbList\",\"@id\":\"https:\/\/anwalt.rocks\/arbeitsrecht\/warin\/#breadcrumb\",\"itemListElement\":[{\"@type\":\"ListItem\",\"position\":1,\"name\":\"Start\",\"item\":\"https:\/\/anwalt.rocks\/arbeitsrecht\/\"},{\"@type\":\"ListItem\",\"position\":2,\"name\":\"Anwalt Arbeitsrecht Warin &#8211; Schon mehr als 56 motivierte Kunden.\"}]},{\"@type\":\"WebSite\",\"@id\":\"https:\/\/anwalt.rocks\/arbeitsrecht\/#website\",\"url\":\"https:\/\/anwalt.rocks\/arbeitsrecht\/\",\"name\":\"Anwalt Arbeitsrecht in der N\u00e4he - Dr. Schmelzer\",\"description\":\"Kompetenzen und Vorteile von Dr. Stephan Schmelzer \u2013 Anwalt und Fachanwalt f\u00fcr Arbeitsrecht mit 25 j\u00e4hriger Berufspraxis.\",\"publisher\":{\"@id\":\"https:\/\/anwalt.rocks\/arbeitsrecht\/#organization\"},\"potentialAction\":[{\"@type\":\"SearchAction\",\"target\":{\"@type\":\"EntryPoint\",\"urlTemplate\":\"https:\/\/anwalt.rocks\/arbeitsrecht\/?s={search_term_string}\"},\"query-input\":{\"@type\":\"PropertyValueSpecification\",\"valueRequired\":true,\"valueName\":\"search_term_string\"}}],\"inLanguage\":\"de\"},{\"@type\":\"Organization\",\"@id\":\"https:\/\/anwalt.rocks\/arbeitsrecht\/#organization\",\"name\":\"Kanzlei Dr. Schmelzer\",\"url\":\"https:\/\/anwalt.rocks\/arbeitsrecht\/\",\"logo\":{\"@type\":\"ImageObject\",\"inLanguage\":\"de\",\"@id\":\"https:\/\/anwalt.rocks\/arbeitsrecht\/#\/schema\/logo\/image\/\",\"url\":\"https:\/\/anwalt.rocks\/arbeitsrecht\/wp-content\/uploads\/sites\/2\/2025\/01\/anwalt-arbeitsrecht-logo.png\",\"contentUrl\":\"https:\/\/anwalt.rocks\/arbeitsrecht\/wp-content\/uploads\/sites\/2\/2025\/01\/anwalt-arbeitsrecht-logo.png\",\"width\":450,\"height\":150,\"caption\":\"Kanzlei Dr. Schmelzer\"},\"image\":{\"@id\":\"https:\/\/anwalt.rocks\/arbeitsrecht\/#\/schema\/logo\/image\/\"}},{\"@type\":\"Person\",\"@id\":\"https:\/\/anwalt.rocks\/arbeitsrecht\/#\/schema\/person\/3fd3b0fc4df170bb2460fbc934288e39\",\"name\":\"admin\",\"image\":{\"@type\":\"ImageObject\",\"inLanguage\":\"de\",\"@id\":\"https:\/\/secure.gravatar.com\/avatar\/2a567a722e62dc61f1aaa46c6b595fa617f2003443806e3422a8fed77c029cfc?s=96&d=mm&r=g\",\"url\":\"https:\/\/secure.gravatar.com\/avatar\/2a567a722e62dc61f1aaa46c6b595fa617f2003443806e3422a8fed77c029cfc?s=96&d=mm&r=g\",\"contentUrl\":\"https:\/\/secure.gravatar.com\/avatar\/2a567a722e62dc61f1aaa46c6b595fa617f2003443806e3422a8fed77c029cfc?s=96&d=mm&r=g\",\"caption\":\"admin\"},\"sameAs\":[\"https:\/\/anwalt.rocks\"],\"url\":\"https:\/\/anwalt.rocks\/arbeitsrecht\/author\/admin\/\"}]}<\/script>\n<!-- \/ Yoast SEO Premium plugin. -->","yoast_head_json":{"title":"Anwalt Arbeitsrecht Warin - Schon mehr als 56 motivierte Kunden.","robots":{"index":"index","follow":"follow","max-snippet":"max-snippet:-1","max-image-preview":"max-image-preview:large","max-video-preview":"max-video-preview:-1"},"canonical":"https:\/\/anwalt.rocks\/arbeitsrecht\/warin\/","og_locale":"de_DE","og_type":"article","og_title":"Anwalt Arbeitsrecht Warin - Schon mehr als 56 motivierte Kunden.","og_description":"Spezialist Dr. Schmelzer bzgl. IT- und Arbeitsrecht Lauenburg aber auch Leiharbeit und Werkvertrag.  Fachanwalt Arbeitsrecht und IT Recht Lauenburg &#8211; Anwaltskanzlei Dr. Stephan Schmelzer. Ihr professioneller Begleiter im Arbeitsrecht: Dr. Stephan Schmelzer. Seit \u00fcber 25 Jahren im Arbeitsrecht t\u00e4tig, hat &hellip;","og_url":"https:\/\/anwalt.rocks\/arbeitsrecht\/warin\/","og_site_name":"Anwalt Arbeitsrecht in der N\u00e4he - Dr. Schmelzer","article_published_time":"2025-01-11T00:00:31+00:00","og_image":[{"url":"https:\/\/anwalt.rocks\/bilder\/arbeitsrecht\/anwalt-arbeitsrecht-600x600.webp","type":"","width":"","height":""}],"author":"admin","twitter_card":"summary_large_image","twitter_misc":{"Verfasst von":"admin","Gesch\u00e4tzte Lesezeit":"3\u00a0Minuten"},"schema":{"@context":"https:\/\/schema.org","@graph":[{"@type":"Article","@id":"https:\/\/anwalt.rocks\/arbeitsrecht\/warin\/#article","isPartOf":{"@id":"https:\/\/anwalt.rocks\/arbeitsrecht\/warin\/"},"author":{"name":"admin","@id":"https:\/\/anwalt.rocks\/arbeitsrecht\/#\/schema\/person\/3fd3b0fc4df170bb2460fbc934288e39"},"headline":"Anwalt Arbeitsrecht Warin &#8211; Schon mehr als 56 motivierte Kunden.","datePublished":"2025-01-11T00:00:31+00:00","mainEntityOfPage":{"@id":"https:\/\/anwalt.rocks\/arbeitsrecht\/warin\/"},"wordCount":690,"publisher":{"@id":"https:\/\/anwalt.rocks\/arbeitsrecht\/#organization"},"image":{"@id":"https:\/\/anwalt.rocks\/arbeitsrecht\/warin\/#primaryimage"},"thumbnailUrl":"https:\/\/anwalt.rocks\/bilder\/arbeitsrecht\/anwalt-arbeitsrecht-600x600.webp","articleSection":["Fachanwalt"],"inLanguage":"de"},{"@type":"WebPage","@id":"https:\/\/anwalt.rocks\/arbeitsrecht\/warin\/","url":"https:\/\/anwalt.rocks\/arbeitsrecht\/warin\/","name":"Anwalt Arbeitsrecht Warin - Schon mehr als 56 motivierte Kunden.","isPartOf":{"@id":"https:\/\/anwalt.rocks\/arbeitsrecht\/#website"},"primaryImageOfPage":{"@id":"https:\/\/anwalt.rocks\/arbeitsrecht\/warin\/#primaryimage"},"image":{"@id":"https:\/\/anwalt.rocks\/arbeitsrecht\/warin\/#primaryimage"},"thumbnailUrl":"https:\/\/anwalt.rocks\/bilder\/arbeitsrecht\/anwalt-arbeitsrecht-600x600.webp","datePublished":"2025-01-11T00:00:31+00:00","breadcrumb":{"@id":"https:\/\/anwalt.rocks\/arbeitsrecht\/warin\/#breadcrumb"},"inLanguage":"de","potentialAction":[{"@type":"ReadAction","target":["https:\/\/anwalt.rocks\/arbeitsrecht\/warin\/"]}]},{"@type":"ImageObject","inLanguage":"de","@id":"https:\/\/anwalt.rocks\/arbeitsrecht\/warin\/#primaryimage","url":"https:\/\/anwalt.rocks\/bilder\/arbeitsrecht\/anwalt-arbeitsrecht-600x600.webp","contentUrl":"https:\/\/anwalt.rocks\/bilder\/arbeitsrecht\/anwalt-arbeitsrecht-600x600.webp"},{"@type":"BreadcrumbList","@id":"https:\/\/anwalt.rocks\/arbeitsrecht\/warin\/#breadcrumb","itemListElement":[{"@type":"ListItem","position":1,"name":"Start","item":"https:\/\/anwalt.rocks\/arbeitsrecht\/"},{"@type":"ListItem","position":2,"name":"Anwalt Arbeitsrecht Warin &#8211; Schon mehr als 56 motivierte Kunden."}]},{"@type":"WebSite","@id":"https:\/\/anwalt.rocks\/arbeitsrecht\/#website","url":"https:\/\/anwalt.rocks\/arbeitsrecht\/","name":"Anwalt Arbeitsrecht in der N\u00e4he - Dr. Schmelzer","description":"Kompetenzen und Vorteile von Dr. Stephan Schmelzer \u2013 Anwalt und Fachanwalt f\u00fcr Arbeitsrecht mit 25 j\u00e4hriger Berufspraxis.","publisher":{"@id":"https:\/\/anwalt.rocks\/arbeitsrecht\/#organization"},"potentialAction":[{"@type":"SearchAction","target":{"@type":"EntryPoint","urlTemplate":"https:\/\/anwalt.rocks\/arbeitsrecht\/?s={search_term_string}"},"query-input":{"@type":"PropertyValueSpecification","valueRequired":true,"valueName":"search_term_string"}}],"inLanguage":"de"},{"@type":"Organization","@id":"https:\/\/anwalt.rocks\/arbeitsrecht\/#organization","name":"Kanzlei Dr. Schmelzer","url":"https:\/\/anwalt.rocks\/arbeitsrecht\/","logo":{"@type":"ImageObject","inLanguage":"de","@id":"https:\/\/anwalt.rocks\/arbeitsrecht\/#\/schema\/logo\/image\/","url":"https:\/\/anwalt.rocks\/arbeitsrecht\/wp-content\/uploads\/sites\/2\/2025\/01\/anwalt-arbeitsrecht-logo.png","contentUrl":"https:\/\/anwalt.rocks\/arbeitsrecht\/wp-content\/uploads\/sites\/2\/2025\/01\/anwalt-arbeitsrecht-logo.png","width":450,"height":150,"caption":"Kanzlei Dr. Schmelzer"},"image":{"@id":"https:\/\/anwalt.rocks\/arbeitsrecht\/#\/schema\/logo\/image\/"}},{"@type":"Person","@id":"https:\/\/anwalt.rocks\/arbeitsrecht\/#\/schema\/person\/3fd3b0fc4df170bb2460fbc934288e39","name":"admin","image":{"@type":"ImageObject","inLanguage":"de","@id":"https:\/\/secure.gravatar.com\/avatar\/2a567a722e62dc61f1aaa46c6b595fa617f2003443806e3422a8fed77c029cfc?s=96&d=mm&r=g","url":"https:\/\/secure.gravatar.com\/avatar\/2a567a722e62dc61f1aaa46c6b595fa617f2003443806e3422a8fed77c029cfc?s=96&d=mm&r=g","contentUrl":"https:\/\/secure.gravatar.com\/avatar\/2a567a722e62dc61f1aaa46c6b595fa617f2003443806e3422a8fed77c029cfc?s=96&d=mm&r=g","caption":"admin"},"sameAs":["https:\/\/anwalt.rocks"],"url":"https:\/\/anwalt.rocks\/arbeitsrecht\/author\/admin\/"}]}},"_links":{"self":[{"href":"https:\/\/anwalt.rocks\/arbeitsrecht\/wp-json\/wp\/v2\/posts\/9807","targetHints":{"allow":["GET"]}}],"collection":[{"href":"https:\/\/anwalt.rocks\/arbeitsrecht\/wp-json\/wp\/v2\/posts"}],"about":[{"href":"https:\/\/anwalt.rocks\/arbeitsrecht\/wp-json\/wp\/v2\/types\/post"}],"author":[{"embeddable":true,"href":"https:\/\/anwalt.rocks\/arbeitsrecht\/wp-json\/wp\/v2\/users\/1"}],"replies":[{"embeddable":true,"href":"https:\/\/anwalt.rocks\/arbeitsrecht\/wp-json\/wp\/v2\/comments?post=9807"}],"version-history":[{"count":0,"href":"https:\/\/anwalt.rocks\/arbeitsrecht\/wp-json\/wp\/v2\/posts\/9807\/revisions"}],"wp:attachment":[{"href":"https:\/\/anwalt.rocks\/arbeitsrecht\/wp-json\/wp\/v2\/media?parent=9807"}],"wp:term":[{"taxonomy":"category","embeddable":true,"href":"https:\/\/anwalt.rocks\/arbeitsrecht\/wp-json\/wp\/v2\/categories?post=9807"},{"taxonomy":"post_tag","embeddable":true,"href":"https:\/\/anwalt.rocks\/arbeitsrecht\/wp-json\/wp\/v2\/tags?post=9807"}],"curies":[{"name":"wp","href":"https:\/\/api.w.org\/{rel}","templated":true}]}}