{"id":9929,"date":"2025-01-14T06:59:01","date_gmt":"2025-01-14T05:59:01","guid":{"rendered":"https:\/\/anwalt.rocks\/arbeitsrecht\/wolfenbuettel\/"},"modified":"2025-01-14T06:59:01","modified_gmt":"2025-01-14T05:59:01","slug":"wolfenbuettel","status":"publish","type":"post","link":"https:\/\/anwalt.rocks\/arbeitsrecht\/wolfenbuettel\/","title":{"rendered":"Anwalt Wolfenb\u00fcttel in Sachen Arbeitsrecht."},"content":{"rendered":"<span class=\"span-reading-time rt-reading-time\" style=\"display: block;\"><span class=\"rt-label rt-prefix\">Lesedauer<\/span> <span class=\"rt-time\"> 3<\/span> <span class=\"rt-label rt-postfix\">Minuten<\/span><\/span><h2>Anwalt Wolfenb\u00fcttel &#8211; genialer Erfolg von Dr. Schmelzer im Hinblick auf Mindestlohn.<\/h2>\n<p><a href=\"https:\/\/dr-schmelzer.eu\/arbeitsrecht\/\" target=\"_blank\" rel=\"noopener\"><img loading=\"lazy\" decoding=\"async\" src=\"https:\/\/anwalt.rocks\/bilder\/arbeitsrecht\/anwalt-arbeitsrecht-600x600.webp\" alt=\"Anwalt Wolfenb\u00fcttel in Sachen Arbeitsrecht.\" title=\"Anwalt Wolfenb\u00fcttel in Sachen Arbeitsrecht.\" width=\"600\" height=\"600\" \/><\/a> <\/p>\n<h3>Fachanwalt IT- und Arbeitsrecht Wolfenb\u00fcttel &#8211; Kanzlei Dr. Stephan Schmelzer.<\/h3>\n<p>Dr. Stephan Schmelzer bietet ma\u00dfgeschneiderte L\u00f6sungen f\u00fcr Ihre arbeitsrechtlichen Anliegen. Mit \u00fcber 25 Jahren Erfahrung hat er sich als Fachanwalt im Arbeitsrecht seit 2002 \u00fcber Ahlen hinaus einen Namen gemacht. Seit \u00fcber 20 Jahren bietet seine Kanzlei juristische Expertise und pers\u00f6nliche Beratung auf h\u00f6chstem Niveau. Als Fachanwalt in zwei relevanten Bereichen bietet Dr. Schmelzer wertvolle Unterst\u00fctzung in der modernen Arbeitswelt. &#8211; <a title=\"Anwalt Esslingen\" href=\"https:\/\/anwalt.rocks\/arbeitsrecht\/esslingen\/\">Anwalt Esslingen<\/a><\/p>\n<p><a href=\"https:\/\/dr-schmelzer.eu\/arbeitsrecht\/\" target=\"_blank\" rel=\"noopener\"><img loading=\"lazy\" decoding=\"async\" src=\"https:\/\/anwalt.rocks\/bilder\/arbeitsrecht\/rechtsanwalt-arbeitsrecht-600x600.webp\" alt=\"Anwalt Arbeitsrecht Wolfenb\u00fcttel\" title=\"Anwalt Arbeitsrecht Wolfenb\u00fcttel\" width=\"600\" height=\"600\" \/><\/a> <\/p>\n<h3>Kanzlei Dr. Stephan Schmelzer &#8211; Experte f\u00fcr Arbeitsrecht Wolfenb\u00fcttel.<\/h3>\n<p>IT-Recht ist ein Zusatzbereich, w\u00e4hrend das Arbeitsrecht \u2013 auf nationaler und internationaler Ebene \u2013 den Kern seiner T\u00e4tigkeit bildet. Dr. Stephan Schmelzer bietet auf jeden Fall zugeschnittene L\u00f6sungen f\u00fcr alle arbeitsrechtlichen Fragen von Arbeitgebern und Arbeitnehmern. Mit \u00fcberragender Erfahrung und pers\u00f6nlichem Engagement geh\u00f6rt er zu den f\u00fchrenden Fachanw\u00e4lten in diesem Rechtsgebiet. &#8211; <a title=\"Anwalt Zahna Elster\" href=\"https:\/\/anwalt.rocks\/arbeitsrecht\/zahna-elster\/\">Anwalt Zahna Elster<\/a><\/p>\n<h3>Zuverl\u00e4ssig und kompetent &#8211; Fest drei Jahrzehnte Anwaltserfahrung als Arbeitsrechtler Wolfenb\u00fcttel.<\/h3>\n<p>Die juristischen Aufgaben f\u00fcr Arbeitgeber umfassen heute Arbeitsvertragsgestaltung und komplexe Umstrukturierungen gleicherma\u00dfen. Dr. Schmelzer bietet praxistaugliche Beratung f\u00fcr Unternehmen, um rechtliche Probleme zu vermeiden und zukunftsorientierte L\u00f6sungen zu finden. Er deckt folgende Leistungsbereiche ab: &#8211; <a title=\"Anwalt Arbeitsrecht Sch\u00f6nwald\" href=\"https:\/\/anwalt.rocks\/arbeitsrecht\/schoenwald\/\">Anwalt Arbeitsrecht Sch\u00f6nwald<\/a><\/p>\n<h3>Anwalt Arbeitsrecht Wolfenb\u00fcttel 42 motivierte Mandanten.<\/h3>\n<p>Erstellung und Pr\u00fcfung von Arbeitsvertr\u00e4gen, die rechtliche Wasserdichtheit und Anpassungsf\u00e4higkeit kombinieren. Erstellung ma\u00dfgeschneiderter Verg\u00fctungs- und Arbeitszeitmodelle, die die individuellen Anforderungen des Unternehmens ber\u00fccksichtigen. &#8211; <a title=\"Anwalt Arbeitsrecht Alb Donau Kreis\" href=\"https:\/\/anwalt.rocks\/arbeitsrecht\/alb-donau-kreis\/\">Anwalt Arbeitsrecht Alb Donau Kreis<\/a><\/p>\n<h3>Weshalb f\u00e4llt die Entscheidung auf den zuverl\u00e4ssigen Anwalt Wolfenb\u00fcttel:<\/h3>\n<p>Beratung und Hilfestellung bei der Vorbereitung von betriebsbedingten, verhaltensbedingten und personenbedingten K\u00fcndigungen. Minderung rechtlicher Risiken und Beratung w\u00e4hrend aller Schritte der K\u00fcndigung.<\/p>\n<h3>Hohe Kompetenz aber auch durchsetzungsstark.<\/h3>\n<p>Beratung zur Mitwirkung des Betriebsrats bei strategischen Unternehmensentscheidungen. Begleitung bei der Aushandlung und Einf\u00fchrung von Betriebsvereinbarungen. Planung und rechtliche Unterst\u00fctzung bei der Durchf\u00fchrung von Restrukturierungsma\u00dfnahmen. Fachkundige Vertretung in arbeitsrechtlichen Gerichtsverfahren, wie K\u00fcndigungsschutzklagen und Entfristungsverfahren. Ausrichtung auf eine pr\u00e4zise und erfolgreiche Wahrung der Unternehmensanliegen.<\/p>\n<h3>Anwalt Arbeitsrecht Wolfenb\u00fcttel &#8211; Experte Dr. Schmelzer.<\/h3>\n<p>Die Expertise von Dr. Schmelzer bietet Arbeitnehmern eine erstklassige Unterst\u00fctzung. Gerade in Auseinandersetzungen erweist er sich als starker Unterst\u00fctzer, der mit gro\u00dfem Einsatz agiert. Zu den professionellen Leistungen z\u00e4hlen:<\/p>\n<p>Fachkundige Rechtsvertretung in K\u00fcndigungsschutzverfahren vor dem Arbeitsgericht. Verhandlung von finanziellen Kompensationen, einschlie\u00dflich Abfindungen. Fachkundige Rechtsvertretung in K\u00fcndigungsschutzverfahren vor dem Arbeitsgericht. Verhandlung von finanziellen Kompensationen, einschlie\u00dflich Abfindungen.<\/p>\n<p>Unterst\u00fctzung bei der Verhandlung und Ausarbeitung von Aufhebungsvertr\u00e4gen sowie Abfindungsregelungen. Pr\u00fcfung von Arbeitszeugnissen auf inhaltliche Korrektheit und Optimierungspotenziale. Juristische Begleitung bei Zeugnisstreitigkeiten zur Sicherstellung einer angemessenen Bewertung. Geringe Kosten Hilfe bei der Kl\u00e4rung und Durchsetzung von ausstehenden Lohnforderungen. Rechtsberatung und Vertretung bei Klagen zu ausstehenden L\u00f6hnen und \u00dcberstundenverg\u00fctungen. Unterst\u00fctzung bei der Analyse und Anfechtung von ungerechtfertigten Abmahnungen.<\/p>\n<h4>Vertretung f\u00fcr Arbeitgeber und Arbeitnehmer im Bereich Anwalt Arbeitsrecht Wolfenb\u00fcttel.<\/h4>\n<p>Dr. Schmelzer ist auf die Bereiche Restrukturierung und Konfliktbew\u00e4ltigung spezialisiert. Ein besonderer Fokus von Dr. Schmelzer ist die Unterst\u00fctzung von Unternehmen bei Restrukturierungsma\u00dfnahmen. Notwendig sind hier rechtliche Expertise, strategisches Verhandlungsgeschick und wirtschaftliches Verst\u00e4ndnis.<\/p>\n<p>Anwalt Wolfenb\u00fcttel Zusammenfassung: Die Verhandlung und Durchf\u00fchrung von Interessenausgleichen und Sozialpl\u00e4nen ist ein Spezialgebiet von Dr. Schmelzer. Oberstes Ziel ist die Schaffung einer L\u00f6sung, die alle Parteien zufriedenstellt. Mit fundierter Expertise und kluger Strategie begleitet Dr. Schmelzer Verhandlungen mit Betriebsr\u00e4ten und Gewerkschaften erfolgreich.<\/p>\n<p>Der Fachanwalt f\u00fcr Arbeitsrecht sieht in jedem Mandat eine neue Aufgabe, die pers\u00f6nliche Aufmerksamkeit ben\u00f6tigt. Dr. Schmelzer arbeitet unerm\u00fcdlich daran, f\u00fcr seine Mandanten die optimale L\u00f6sung zu erreichen, sei es durch Einigung oder vor Gericht. Transparenz und ein vertrauensvoller Austausch mit seinen Mandanten bilden die Grundlage seiner Arbeit. Es ist Dr. Schmelzer ein Anliegen, dass seine Mandanten stets zufrieden sind. Dies zeigt sich in den Erfolgen, die er erzielt, und im Lob seiner Mandanten, die seine professionelle Haltung anerkennen. Mit der Kanzlei Dr. Stephan Schmelzer steht Ihnen ein erfahrener Partner zur Verf\u00fcgung, der Arbeitnehmer und Arbeitgeber gleicherma\u00dfen unterst\u00fctzt.<\/p>\n<article class=\"contact contact-list post-2612 profile type-profile status-publish has-post-thumbnail hentry\" data-contact=\"2612\">\n    \n    <div class=\"media\">\n        <div class=\"media-left\">\n            <a  href=\"#\" data-toggle=\"modal\" data-target=\"#ContactModal\"  title=\"Clara M., 32 Jahre, aus Leipzig jetzt Kontakt aufnehmen!\">\n                <img loading=\"lazy\" decoding=\"async\" width=\"500\" height=\"500\" src=\"https:\/\/anwalt.rocks\/arbeitsrecht\/wp-content\/uploads\/sites\/2\/2025\/01\/meinung-05.jpg\" class=\"contact-image media-object wp-post-image\" alt=\"Clara M., 32 Jahre, aus Leipzig\" srcset=\"https:\/\/anwalt.rocks\/arbeitsrecht\/wp-content\/uploads\/sites\/2\/2025\/01\/meinung-05.jpg 500w, https:\/\/anwalt.rocks\/arbeitsrecht\/wp-content\/uploads\/sites\/2\/2025\/01\/meinung-05-300x300.jpg 300w, https:\/\/anwalt.rocks\/arbeitsrecht\/wp-content\/uploads\/sites\/2\/2025\/01\/meinung-05-150x150.jpg 150w\" sizes=\"auto, (max-width: 500px) 100vw, 500px\" \/>            <\/a>\n        <\/div>\n\n        <div class=\"media-body\">\n                        <p class=\"h2 media-heading\">\n                <a  href=\"#\" data-toggle=\"modal\" data-target=\"#ContactModal\"  title=\"Clara M., 32 Jahre, aus Leipzig jetzt Kontakt aufnehmen!\">\n                    <span class=\"contact-name\">Clara M., 32 Jahre, aus Leipzig<\/span>\n                <\/a>\n\n                <span class=\"contact-text\"><\/span> <span class=\"contact-city\"><a href=\"https:\/\/anwalt.rocks\/arbeitsrecht\/region\/quaschwitz\/\">Anwalt Arbeitsrecht Quaschwitz<\/a><\/span>            <\/p>\n\n            <div class=\"quote\"><p>Als ich pl\u00f6tzlich eine Abmahnung wegen angeblicher Unp\u00fcnktlichkeit erhielt, war ich geschockt. Das stimmte \u00fcberhaupt nicht! Dr. Schmelzer wurde mir von einem Kollegen empfohlen, und ich war sofort begeistert von seiner Expertise. Er konnte die Abmahnung erfolgreich aus meiner Personalakte &hellip;<\/p><\/div>\n            <a class=\"btn btn-cta\"  href=\"#\" data-toggle=\"modal\" data-target=\"#ContactModal\"  title=\"Clara M., 32 Jahre, aus Leipzig jetzt Kontakt aufnehmen!\">\n                Nachricht senden            <\/a>\n        <\/div>\n    <\/div>\n<\/article><article class=\"contact contact-list post-2659 profile type-profile status-publish has-post-thumbnail hentry\" data-contact=\"2659\">\n    \n    <div class=\"media\">\n        <div class=\"media-left\">\n            <a  href=\"#\" data-toggle=\"modal\" data-target=\"#ContactModal\"  title=\"Sven B. jetzt Kontakt aufnehmen!\">\n                <img loading=\"lazy\" decoding=\"async\" width=\"500\" height=\"500\" src=\"https:\/\/anwalt.rocks\/arbeitsrecht\/wp-content\/uploads\/sites\/2\/2025\/01\/meinung-20.jpg\" class=\"contact-image media-object wp-post-image\" alt=\"Sven B.\" srcset=\"https:\/\/anwalt.rocks\/arbeitsrecht\/wp-content\/uploads\/sites\/2\/2025\/01\/meinung-20.jpg 500w, https:\/\/anwalt.rocks\/arbeitsrecht\/wp-content\/uploads\/sites\/2\/2025\/01\/meinung-20-300x300.jpg 300w, https:\/\/anwalt.rocks\/arbeitsrecht\/wp-content\/uploads\/sites\/2\/2025\/01\/meinung-20-150x150.jpg 150w\" sizes=\"auto, (max-width: 500px) 100vw, 500px\" \/>            <\/a>\n        <\/div>\n\n        <div class=\"media-body\">\n                        <p class=\"h2 media-heading\">\n                <a  href=\"#\" data-toggle=\"modal\" data-target=\"#ContactModal\"  title=\"Sven B. jetzt Kontakt aufnehmen!\">\n                    <span class=\"contact-name\">Sven B.<\/span>\n                <\/a>\n\n                <span class=\"contact-text\"><\/span> <span class=\"contact-city\"><a href=\"https:\/\/anwalt.rocks\/arbeitsrecht\/region\/passau-auerbach\/\">Anwalt Arbeitsrecht Passau Auerbach<\/a><\/span>            <\/p>\n\n            <div class=\"quote\"><p>Ich hatte ein Problem mit meiner Teilzeitvereinbarung, die mein Arbeitgeber pl\u00f6tzlich \u00e4ndern wollte. Dieser Anwalt hat mich umfassend beraten und den Fall zu meinen Gunsten gekl\u00e4rt. Seine Professionalit\u00e4t und sein Engagement sind wirklich herausragend. Vielen Dank f\u00fcr die gro\u00dfartige Unterst\u00fctzung!&hellip;<\/p><\/div>\n            <a class=\"btn btn-cta\"  href=\"#\" data-toggle=\"modal\" data-target=\"#ContactModal\"  title=\"Sven B. jetzt Kontakt aufnehmen!\">\n                Nachricht senden            <\/a>\n        <\/div>\n    <\/div>\n<\/article><article class=\"contact contact-list post-2631 profile type-profile status-publish has-post-thumbnail hentry\" data-contact=\"2631\">\n    \n    <div class=\"media\">\n        <div class=\"media-left\">\n            <a  href=\"#\" data-toggle=\"modal\" data-target=\"#ContactModal\"  title=\"Peter S. jetzt Kontakt aufnehmen!\">\n                <img loading=\"lazy\" decoding=\"async\" width=\"500\" height=\"500\" src=\"https:\/\/anwalt.rocks\/arbeitsrecht\/wp-content\/uploads\/sites\/2\/2025\/01\/meinung-11.jpg\" class=\"contact-image media-object wp-post-image\" alt=\"Peter S.\" srcset=\"https:\/\/anwalt.rocks\/arbeitsrecht\/wp-content\/uploads\/sites\/2\/2025\/01\/meinung-11.jpg 500w, https:\/\/anwalt.rocks\/arbeitsrecht\/wp-content\/uploads\/sites\/2\/2025\/01\/meinung-11-300x300.jpg 300w, https:\/\/anwalt.rocks\/arbeitsrecht\/wp-content\/uploads\/sites\/2\/2025\/01\/meinung-11-150x150.jpg 150w\" sizes=\"auto, (max-width: 500px) 100vw, 500px\" \/>            <\/a>\n        <\/div>\n\n        <div class=\"media-body\">\n                        <p class=\"h2 media-heading\">\n                <a  href=\"#\" data-toggle=\"modal\" data-target=\"#ContactModal\"  title=\"Peter S. jetzt Kontakt aufnehmen!\">\n                    <span class=\"contact-name\">Peter S.<\/span>\n                <\/a>\n\n                <span class=\"contact-text\"><\/span> <span class=\"contact-city\"><a href=\"https:\/\/anwalt.rocks\/arbeitsrecht\/region\/vogelsang\/\">Anwalt Arbeitsrecht Vogelsang<\/a><\/span>            <\/p>\n\n            <div class=\"quote\"><p>Dr. Schmelzer hat meinen Fall mit gro\u00dfem Engagement \u00fcbernommen. Es ging um eine unrechtm\u00e4\u00dfige K\u00fcndigung, die mein Arbeitgeber ausgesprochen hatte. Dank seiner Expertise und Verhandlungsst\u00e4rke konnte ich nicht nur meine Stelle behalten, sondern erhielt auch eine Entsch\u00e4digung. Besonders beeindruckt hat &hellip;<\/p><\/div>\n            <a class=\"btn btn-cta\"  href=\"#\" data-toggle=\"modal\" data-target=\"#ContactModal\"  title=\"Peter S. jetzt Kontakt aufnehmen!\">\n                Nachricht senden            <\/a>\n        <\/div>\n    <\/div>\n<\/article><article class=\"contact contact-list post-2625 profile type-profile status-publish has-post-thumbnail hentry\" data-contact=\"2625\">\n    \n    <div class=\"media\">\n        <div class=\"media-left\">\n            <a  href=\"#\" data-toggle=\"modal\" data-target=\"#ContactModal\"  title=\"Melanie R., 28 Jahre, aus Dortmund jetzt Kontakt aufnehmen!\">\n                <img loading=\"lazy\" decoding=\"async\" width=\"500\" height=\"500\" src=\"https:\/\/anwalt.rocks\/arbeitsrecht\/wp-content\/uploads\/sites\/2\/2025\/01\/meinung-09.jpg\" class=\"contact-image media-object wp-post-image\" alt=\"Melanie R., 28 Jahre, aus Dortmund\" srcset=\"https:\/\/anwalt.rocks\/arbeitsrecht\/wp-content\/uploads\/sites\/2\/2025\/01\/meinung-09.jpg 500w, https:\/\/anwalt.rocks\/arbeitsrecht\/wp-content\/uploads\/sites\/2\/2025\/01\/meinung-09-300x300.jpg 300w, https:\/\/anwalt.rocks\/arbeitsrecht\/wp-content\/uploads\/sites\/2\/2025\/01\/meinung-09-150x150.jpg 150w\" sizes=\"auto, (max-width: 500px) 100vw, 500px\" \/>            <\/a>\n        <\/div>\n\n        <div class=\"media-body\">\n                        <p class=\"h2 media-heading\">\n                <a  href=\"#\" data-toggle=\"modal\" data-target=\"#ContactModal\"  title=\"Melanie R., 28 Jahre, aus Dortmund jetzt Kontakt aufnehmen!\">\n                    <span class=\"contact-name\">Melanie R., 28 Jahre, aus Dortmund<\/span>\n                <\/a>\n\n                <span class=\"contact-text\"><\/span> <span class=\"contact-city\"><a href=\"https:\/\/anwalt.rocks\/arbeitsrecht\/region\/arnstadt\/\">Anwalt Arbeitsrecht Arnstadt<\/a><\/span>            <\/p>\n\n            <div class=\"quote\"><p>Ich hatte Angst, meinen Job zu verlieren, weil mein Arbeitgeber mich nach meiner Schwangerschaft anders behandeln wollte. Zum Gl\u00fcck wandte ich mich an Rechtsanwalt Schmelzer. Er hat mich nicht nur \u00fcber meine Rechte aufgekl\u00e4rt, sondern auch sehr erfolgreich verhandelt. Jetzt &hellip;<\/p><\/div>\n            <a class=\"btn btn-cta\"  href=\"#\" data-toggle=\"modal\" data-target=\"#ContactModal\"  title=\"Melanie R., 28 Jahre, aus Dortmund jetzt Kontakt aufnehmen!\">\n                Nachricht senden            <\/a>\n        <\/div>\n    <\/div>\n<\/article><article class=\"contact contact-list post-2652 profile type-profile status-publish has-post-thumbnail hentry\" data-contact=\"2652\">\n    \n    <div class=\"media\">\n        <div class=\"media-left\">\n            <a  href=\"#\" data-toggle=\"modal\" data-target=\"#ContactModal\"  title=\"Donald T. jetzt Kontakt aufnehmen!\">\n                <img loading=\"lazy\" decoding=\"async\" width=\"500\" height=\"500\" src=\"https:\/\/anwalt.rocks\/arbeitsrecht\/wp-content\/uploads\/sites\/2\/2025\/01\/meinung-18.jpg\" class=\"contact-image media-object wp-post-image\" alt=\"Donald T.\" srcset=\"https:\/\/anwalt.rocks\/arbeitsrecht\/wp-content\/uploads\/sites\/2\/2025\/01\/meinung-18.jpg 500w, https:\/\/anwalt.rocks\/arbeitsrecht\/wp-content\/uploads\/sites\/2\/2025\/01\/meinung-18-300x300.jpg 300w, https:\/\/anwalt.rocks\/arbeitsrecht\/wp-content\/uploads\/sites\/2\/2025\/01\/meinung-18-150x150.jpg 150w\" sizes=\"auto, (max-width: 500px) 100vw, 500px\" \/>            <\/a>\n        <\/div>\n\n        <div class=\"media-body\">\n                        <p class=\"h2 media-heading\">\n                <a  href=\"#\" data-toggle=\"modal\" data-target=\"#ContactModal\"  title=\"Donald T. jetzt Kontakt aufnehmen!\">\n                    <span class=\"contact-name\">Donald T.<\/span>\n                <\/a>\n\n                <span class=\"contact-text\"><\/span> <span class=\"contact-city\"><a href=\"https:\/\/anwalt.rocks\/arbeitsrecht\/region\/assamstadt\/\">Anwalt Arbeitsrecht Assamstadt<\/a><\/span>            <\/p>\n\n            <div class=\"quote\"><p>Ich wurde von meinem Arbeitgeber unfair behandelt, nachdem ich auf Elternzeit bestanden hatte. Herr Rechtsanwalt Stephan Schmelzer hat sich meinem Fall angenommen und eine einvernehmliche L\u00f6sung gefunden, die meine berufliche Zukunft sichert. Seine Unterst\u00fctzung war \u00e4u\u00dferst professionell und menschlich zugleich. &hellip;<\/p><\/div>\n            <a class=\"btn btn-cta\"  href=\"#\" data-toggle=\"modal\" data-target=\"#ContactModal\"  title=\"Donald T. jetzt Kontakt aufnehmen!\">\n                Nachricht senden            <\/a>\n        <\/div>\n    <\/div>\n<\/article>\n<div class=\"blogposts\"><ul><li><a href=\"https:\/\/anwalt.rocks\/arbeitsrecht\/wetteraukreis\/\" title=\"Anwalt Arbeitsrecht Wetteraukreis &#8211; Inzwischen \u00fcber 56 gl\u00fcckliche Mandanten.\">Anwalt Arbeitsrecht Wetteraukreis &#8211; Inzwischen \u00fcber 56 gl\u00fcckliche Mandanten.<\/a><\/li><li><a href=\"https:\/\/anwalt.rocks\/arbeitsrecht\/braunau-am-inn\/\" title=\"Anwalt Braunau am Inn Arbeitsrecht Vertretung f\u00fcr Arbeitgeber und Arbeitnehmer.\">Anwalt Braunau am Inn Arbeitsrecht Vertretung f\u00fcr Arbeitgeber und Arbeitnehmer.<\/a><\/li><li><a href=\"https:\/\/anwalt.rocks\/arbeitsrecht\/loeffingen\/\" title=\"Anwalt L\u00f6ffingen Fachanwalt f\u00fcr Arbeitsrecht.\">Anwalt L\u00f6ffingen Fachanwalt f\u00fcr Arbeitsrecht.<\/a><\/li><li><a href=\"https:\/\/anwalt.rocks\/arbeitsrecht\/kriens\/\" title=\"Anwalt Kriens f\u00fcr Arbeitsrecht.\">Anwalt Kriens f\u00fcr Arbeitsrecht.<\/a><\/li><li><a href=\"https:\/\/anwalt.rocks\/arbeitsrecht\/uetersen\/\" title=\"Anwalt Arbeitsrecht Uetersen &#8211; \u00dcber 57 motivierte Klienten.\">Anwalt Arbeitsrecht Uetersen &#8211; \u00dcber 57 motivierte Klienten.<\/a><\/li><li><a href=\"https:\/\/anwalt.rocks\/arbeitsrecht\/nagold\/\" title=\"Anwalt Nagold Fachanwalt in Sachen Arbeitsrecht.\">Anwalt Nagold Fachanwalt in Sachen Arbeitsrecht.<\/a><\/li><li><a href=\"https:\/\/anwalt.rocks\/arbeitsrecht\/friedland\/\" title=\"Fachanwalt f\u00fcr Arbeitsrecht Friedland.\">Fachanwalt f\u00fcr Arbeitsrecht Friedland.<\/a><\/li><\/ul><\/div>\n","protected":false},"excerpt":{"rendered":"<h2>Anwalt Arbeitsrecht Friedland &#8211; Spezialist  f\u00fcr nationale Beauftragungen.<\/h2>\n<p><a href=\"https:\/\/dr-schmelzer.eu\/arbeitsrecht\/\" target=\"_blank\" rel=\"noopener\"><img loading=\"lazy\" decoding=\"async\" src=\"https:\/\/anwalt.rocks\/bilder\/arbeitsrecht\/anwalt-arbeitsrecht-600x600.webp\" alt=\"Fachanwalt f\u00fcr Arbeitsrecht Friedland.\" title=\"Fachanwalt f\u00fcr Arbeitsrecht Friedland.\" width=\"600\" height=\"600\" \/><\/a> <\/p>\n<h3>Anwalt IT- und Arbeitsrecht Friedland &#8211; Soziet\u00e4t Dr. Stephan Schmelzer.<\/h3>\n<p>Wenn es um Arbeitsrecht geht, ist Dr. Stephan Schmelzer der ideale Ansprechpartner. Durch \u00fcber zwei Jahrzehnte T\u00e4tigkeit im Arbeitsrecht hat er sich &hellip;<\/p>","protected":false},"author":1,"featured_media":0,"comment_status":"closed","ping_status":"open","sticky":false,"template":"","format":"standard","meta":{"footnotes":""},"categories":[3],"tags":[],"class_list":["post-9929","post","type-post","status-publish","format-standard","hentry","category-fachanwalt"],"yoast_head":"<!-- This site is optimized with the Yoast SEO Premium plugin v27.1 (Yoast SEO v27.2) - https:\/\/yoast.com\/product\/yoast-seo-premium-wordpress\/ -->\n<title>Anwalt Wolfenb\u00fcttel in Sachen Arbeitsrecht.<\/title>\n<meta name=\"robots\" content=\"index, follow, max-snippet:-1, max-image-preview:large, max-video-preview:-1\" \/>\n<link rel=\"canonical\" href=\"https:\/\/anwalt.rocks\/arbeitsrecht\/wolfenbuettel\/\" \/>\n<meta property=\"og:locale\" content=\"de_DE\" \/>\n<meta property=\"og:type\" content=\"article\" \/>\n<meta property=\"og:title\" content=\"Anwalt Wolfenb\u00fcttel in Sachen Arbeitsrecht.\" \/>\n<meta property=\"og:description\" content=\"Anwalt Arbeitsrecht Friedland &#8211; Spezialist f\u00fcr nationale Beauftragungen.  Anwalt IT- und Arbeitsrecht Friedland &#8211; Soziet\u00e4t Dr. Stephan Schmelzer. Wenn es um Arbeitsrecht geht, ist Dr. Stephan Schmelzer der ideale Ansprechpartner. Durch \u00fcber zwei Jahrzehnte T\u00e4tigkeit im Arbeitsrecht hat er sich &hellip;\" \/>\n<meta property=\"og:url\" content=\"https:\/\/anwalt.rocks\/arbeitsrecht\/wolfenbuettel\/\" \/>\n<meta property=\"og:site_name\" content=\"Anwalt Arbeitsrecht in der N\u00e4he - Dr. Schmelzer\" \/>\n<meta property=\"article:published_time\" content=\"2025-01-14T05:59:01+00:00\" \/>\n<meta property=\"og:image\" content=\"https:\/\/anwalt.rocks\/bilder\/arbeitsrecht\/anwalt-arbeitsrecht-600x600.webp\" \/>\n<meta name=\"author\" content=\"admin\" \/>\n<meta name=\"twitter:card\" content=\"summary_large_image\" \/>\n<meta name=\"twitter:label1\" content=\"Verfasst von\" \/>\n\t<meta name=\"twitter:data1\" content=\"admin\" \/>\n\t<meta name=\"twitter:label2\" content=\"Gesch\u00e4tzte Lesezeit\" \/>\n\t<meta name=\"twitter:data2\" content=\"4\u00a0Minuten\" \/>\n<script type=\"application\/ld+json\" class=\"yoast-schema-graph\">{\"@context\":\"https:\/\/schema.org\",\"@graph\":[{\"@type\":\"Article\",\"@id\":\"https:\/\/anwalt.rocks\/arbeitsrecht\/wolfenbuettel\/#article\",\"isPartOf\":{\"@id\":\"https:\/\/anwalt.rocks\/arbeitsrecht\/wolfenbuettel\/\"},\"author\":{\"name\":\"admin\",\"@id\":\"https:\/\/anwalt.rocks\/arbeitsrecht\/#\/schema\/person\/3fd3b0fc4df170bb2460fbc934288e39\"},\"headline\":\"Anwalt Wolfenb\u00fcttel in Sachen Arbeitsrecht.\",\"datePublished\":\"2025-01-14T05:59:01+00:00\",\"mainEntityOfPage\":{\"@id\":\"https:\/\/anwalt.rocks\/arbeitsrecht\/wolfenbuettel\/\"},\"wordCount\":713,\"publisher\":{\"@id\":\"https:\/\/anwalt.rocks\/arbeitsrecht\/#organization\"},\"image\":{\"@id\":\"https:\/\/anwalt.rocks\/arbeitsrecht\/wolfenbuettel\/#primaryimage\"},\"thumbnailUrl\":\"https:\/\/anwalt.rocks\/bilder\/arbeitsrecht\/anwalt-arbeitsrecht-600x600.webp\",\"articleSection\":[\"Fachanwalt\"],\"inLanguage\":\"de\"},{\"@type\":\"WebPage\",\"@id\":\"https:\/\/anwalt.rocks\/arbeitsrecht\/wolfenbuettel\/\",\"url\":\"https:\/\/anwalt.rocks\/arbeitsrecht\/wolfenbuettel\/\",\"name\":\"Anwalt Wolfenb\u00fcttel in Sachen Arbeitsrecht.\",\"isPartOf\":{\"@id\":\"https:\/\/anwalt.rocks\/arbeitsrecht\/#website\"},\"primaryImageOfPage\":{\"@id\":\"https:\/\/anwalt.rocks\/arbeitsrecht\/wolfenbuettel\/#primaryimage\"},\"image\":{\"@id\":\"https:\/\/anwalt.rocks\/arbeitsrecht\/wolfenbuettel\/#primaryimage\"},\"thumbnailUrl\":\"https:\/\/anwalt.rocks\/bilder\/arbeitsrecht\/anwalt-arbeitsrecht-600x600.webp\",\"datePublished\":\"2025-01-14T05:59:01+00:00\",\"breadcrumb\":{\"@id\":\"https:\/\/anwalt.rocks\/arbeitsrecht\/wolfenbuettel\/#breadcrumb\"},\"inLanguage\":\"de\",\"potentialAction\":[{\"@type\":\"ReadAction\",\"target\":[\"https:\/\/anwalt.rocks\/arbeitsrecht\/wolfenbuettel\/\"]}]},{\"@type\":\"ImageObject\",\"inLanguage\":\"de\",\"@id\":\"https:\/\/anwalt.rocks\/arbeitsrecht\/wolfenbuettel\/#primaryimage\",\"url\":\"https:\/\/anwalt.rocks\/bilder\/arbeitsrecht\/anwalt-arbeitsrecht-600x600.webp\",\"contentUrl\":\"https:\/\/anwalt.rocks\/bilder\/arbeitsrecht\/anwalt-arbeitsrecht-600x600.webp\"},{\"@type\":\"BreadcrumbList\",\"@id\":\"https:\/\/anwalt.rocks\/arbeitsrecht\/wolfenbuettel\/#breadcrumb\",\"itemListElement\":[{\"@type\":\"ListItem\",\"position\":1,\"name\":\"Start\",\"item\":\"https:\/\/anwalt.rocks\/arbeitsrecht\/\"},{\"@type\":\"ListItem\",\"position\":2,\"name\":\"Anwalt Wolfenb\u00fcttel in Sachen Arbeitsrecht.\"}]},{\"@type\":\"WebSite\",\"@id\":\"https:\/\/anwalt.rocks\/arbeitsrecht\/#website\",\"url\":\"https:\/\/anwalt.rocks\/arbeitsrecht\/\",\"name\":\"Anwalt Arbeitsrecht in der N\u00e4he - Dr. Schmelzer\",\"description\":\"Kompetenzen und Vorteile von Dr. Stephan Schmelzer \u2013 Anwalt und Fachanwalt f\u00fcr Arbeitsrecht mit 25 j\u00e4hriger Berufspraxis.\",\"publisher\":{\"@id\":\"https:\/\/anwalt.rocks\/arbeitsrecht\/#organization\"},\"potentialAction\":[{\"@type\":\"SearchAction\",\"target\":{\"@type\":\"EntryPoint\",\"urlTemplate\":\"https:\/\/anwalt.rocks\/arbeitsrecht\/?s={search_term_string}\"},\"query-input\":{\"@type\":\"PropertyValueSpecification\",\"valueRequired\":true,\"valueName\":\"search_term_string\"}}],\"inLanguage\":\"de\"},{\"@type\":\"Organization\",\"@id\":\"https:\/\/anwalt.rocks\/arbeitsrecht\/#organization\",\"name\":\"Kanzlei Dr. Schmelzer\",\"url\":\"https:\/\/anwalt.rocks\/arbeitsrecht\/\",\"logo\":{\"@type\":\"ImageObject\",\"inLanguage\":\"de\",\"@id\":\"https:\/\/anwalt.rocks\/arbeitsrecht\/#\/schema\/logo\/image\/\",\"url\":\"https:\/\/anwalt.rocks\/arbeitsrecht\/wp-content\/uploads\/sites\/2\/2025\/01\/anwalt-arbeitsrecht-logo.png\",\"contentUrl\":\"https:\/\/anwalt.rocks\/arbeitsrecht\/wp-content\/uploads\/sites\/2\/2025\/01\/anwalt-arbeitsrecht-logo.png\",\"width\":450,\"height\":150,\"caption\":\"Kanzlei Dr. Schmelzer\"},\"image\":{\"@id\":\"https:\/\/anwalt.rocks\/arbeitsrecht\/#\/schema\/logo\/image\/\"}},{\"@type\":\"Person\",\"@id\":\"https:\/\/anwalt.rocks\/arbeitsrecht\/#\/schema\/person\/3fd3b0fc4df170bb2460fbc934288e39\",\"name\":\"admin\",\"image\":{\"@type\":\"ImageObject\",\"inLanguage\":\"de\",\"@id\":\"https:\/\/secure.gravatar.com\/avatar\/2a567a722e62dc61f1aaa46c6b595fa617f2003443806e3422a8fed77c029cfc?s=96&d=mm&r=g\",\"url\":\"https:\/\/secure.gravatar.com\/avatar\/2a567a722e62dc61f1aaa46c6b595fa617f2003443806e3422a8fed77c029cfc?s=96&d=mm&r=g\",\"contentUrl\":\"https:\/\/secure.gravatar.com\/avatar\/2a567a722e62dc61f1aaa46c6b595fa617f2003443806e3422a8fed77c029cfc?s=96&d=mm&r=g\",\"caption\":\"admin\"},\"sameAs\":[\"https:\/\/anwalt.rocks\"],\"url\":\"https:\/\/anwalt.rocks\/arbeitsrecht\/author\/admin\/\"}]}<\/script>\n<!-- \/ Yoast SEO Premium plugin. -->","yoast_head_json":{"title":"Anwalt Wolfenb\u00fcttel in Sachen Arbeitsrecht.","robots":{"index":"index","follow":"follow","max-snippet":"max-snippet:-1","max-image-preview":"max-image-preview:large","max-video-preview":"max-video-preview:-1"},"canonical":"https:\/\/anwalt.rocks\/arbeitsrecht\/wolfenbuettel\/","og_locale":"de_DE","og_type":"article","og_title":"Anwalt Wolfenb\u00fcttel in Sachen Arbeitsrecht.","og_description":"Anwalt Arbeitsrecht Friedland &#8211; Spezialist f\u00fcr nationale Beauftragungen.  Anwalt IT- und Arbeitsrecht Friedland &#8211; Soziet\u00e4t Dr. Stephan Schmelzer. Wenn es um Arbeitsrecht geht, ist Dr. Stephan Schmelzer der ideale Ansprechpartner. Durch \u00fcber zwei Jahrzehnte T\u00e4tigkeit im Arbeitsrecht hat er sich &hellip;","og_url":"https:\/\/anwalt.rocks\/arbeitsrecht\/wolfenbuettel\/","og_site_name":"Anwalt Arbeitsrecht in der N\u00e4he - Dr. Schmelzer","article_published_time":"2025-01-14T05:59:01+00:00","og_image":[{"url":"https:\/\/anwalt.rocks\/bilder\/arbeitsrecht\/anwalt-arbeitsrecht-600x600.webp","type":"","width":"","height":""}],"author":"admin","twitter_card":"summary_large_image","twitter_misc":{"Verfasst von":"admin","Gesch\u00e4tzte Lesezeit":"4\u00a0Minuten"},"schema":{"@context":"https:\/\/schema.org","@graph":[{"@type":"Article","@id":"https:\/\/anwalt.rocks\/arbeitsrecht\/wolfenbuettel\/#article","isPartOf":{"@id":"https:\/\/anwalt.rocks\/arbeitsrecht\/wolfenbuettel\/"},"author":{"name":"admin","@id":"https:\/\/anwalt.rocks\/arbeitsrecht\/#\/schema\/person\/3fd3b0fc4df170bb2460fbc934288e39"},"headline":"Anwalt Wolfenb\u00fcttel in Sachen Arbeitsrecht.","datePublished":"2025-01-14T05:59:01+00:00","mainEntityOfPage":{"@id":"https:\/\/anwalt.rocks\/arbeitsrecht\/wolfenbuettel\/"},"wordCount":713,"publisher":{"@id":"https:\/\/anwalt.rocks\/arbeitsrecht\/#organization"},"image":{"@id":"https:\/\/anwalt.rocks\/arbeitsrecht\/wolfenbuettel\/#primaryimage"},"thumbnailUrl":"https:\/\/anwalt.rocks\/bilder\/arbeitsrecht\/anwalt-arbeitsrecht-600x600.webp","articleSection":["Fachanwalt"],"inLanguage":"de"},{"@type":"WebPage","@id":"https:\/\/anwalt.rocks\/arbeitsrecht\/wolfenbuettel\/","url":"https:\/\/anwalt.rocks\/arbeitsrecht\/wolfenbuettel\/","name":"Anwalt Wolfenb\u00fcttel in Sachen Arbeitsrecht.","isPartOf":{"@id":"https:\/\/anwalt.rocks\/arbeitsrecht\/#website"},"primaryImageOfPage":{"@id":"https:\/\/anwalt.rocks\/arbeitsrecht\/wolfenbuettel\/#primaryimage"},"image":{"@id":"https:\/\/anwalt.rocks\/arbeitsrecht\/wolfenbuettel\/#primaryimage"},"thumbnailUrl":"https:\/\/anwalt.rocks\/bilder\/arbeitsrecht\/anwalt-arbeitsrecht-600x600.webp","datePublished":"2025-01-14T05:59:01+00:00","breadcrumb":{"@id":"https:\/\/anwalt.rocks\/arbeitsrecht\/wolfenbuettel\/#breadcrumb"},"inLanguage":"de","potentialAction":[{"@type":"ReadAction","target":["https:\/\/anwalt.rocks\/arbeitsrecht\/wolfenbuettel\/"]}]},{"@type":"ImageObject","inLanguage":"de","@id":"https:\/\/anwalt.rocks\/arbeitsrecht\/wolfenbuettel\/#primaryimage","url":"https:\/\/anwalt.rocks\/bilder\/arbeitsrecht\/anwalt-arbeitsrecht-600x600.webp","contentUrl":"https:\/\/anwalt.rocks\/bilder\/arbeitsrecht\/anwalt-arbeitsrecht-600x600.webp"},{"@type":"BreadcrumbList","@id":"https:\/\/anwalt.rocks\/arbeitsrecht\/wolfenbuettel\/#breadcrumb","itemListElement":[{"@type":"ListItem","position":1,"name":"Start","item":"https:\/\/anwalt.rocks\/arbeitsrecht\/"},{"@type":"ListItem","position":2,"name":"Anwalt Wolfenb\u00fcttel in Sachen Arbeitsrecht."}]},{"@type":"WebSite","@id":"https:\/\/anwalt.rocks\/arbeitsrecht\/#website","url":"https:\/\/anwalt.rocks\/arbeitsrecht\/","name":"Anwalt Arbeitsrecht in der N\u00e4he - Dr. Schmelzer","description":"Kompetenzen und Vorteile von Dr. Stephan Schmelzer \u2013 Anwalt und Fachanwalt f\u00fcr Arbeitsrecht mit 25 j\u00e4hriger Berufspraxis.","publisher":{"@id":"https:\/\/anwalt.rocks\/arbeitsrecht\/#organization"},"potentialAction":[{"@type":"SearchAction","target":{"@type":"EntryPoint","urlTemplate":"https:\/\/anwalt.rocks\/arbeitsrecht\/?s={search_term_string}"},"query-input":{"@type":"PropertyValueSpecification","valueRequired":true,"valueName":"search_term_string"}}],"inLanguage":"de"},{"@type":"Organization","@id":"https:\/\/anwalt.rocks\/arbeitsrecht\/#organization","name":"Kanzlei Dr. Schmelzer","url":"https:\/\/anwalt.rocks\/arbeitsrecht\/","logo":{"@type":"ImageObject","inLanguage":"de","@id":"https:\/\/anwalt.rocks\/arbeitsrecht\/#\/schema\/logo\/image\/","url":"https:\/\/anwalt.rocks\/arbeitsrecht\/wp-content\/uploads\/sites\/2\/2025\/01\/anwalt-arbeitsrecht-logo.png","contentUrl":"https:\/\/anwalt.rocks\/arbeitsrecht\/wp-content\/uploads\/sites\/2\/2025\/01\/anwalt-arbeitsrecht-logo.png","width":450,"height":150,"caption":"Kanzlei Dr. Schmelzer"},"image":{"@id":"https:\/\/anwalt.rocks\/arbeitsrecht\/#\/schema\/logo\/image\/"}},{"@type":"Person","@id":"https:\/\/anwalt.rocks\/arbeitsrecht\/#\/schema\/person\/3fd3b0fc4df170bb2460fbc934288e39","name":"admin","image":{"@type":"ImageObject","inLanguage":"de","@id":"https:\/\/secure.gravatar.com\/avatar\/2a567a722e62dc61f1aaa46c6b595fa617f2003443806e3422a8fed77c029cfc?s=96&d=mm&r=g","url":"https:\/\/secure.gravatar.com\/avatar\/2a567a722e62dc61f1aaa46c6b595fa617f2003443806e3422a8fed77c029cfc?s=96&d=mm&r=g","contentUrl":"https:\/\/secure.gravatar.com\/avatar\/2a567a722e62dc61f1aaa46c6b595fa617f2003443806e3422a8fed77c029cfc?s=96&d=mm&r=g","caption":"admin"},"sameAs":["https:\/\/anwalt.rocks"],"url":"https:\/\/anwalt.rocks\/arbeitsrecht\/author\/admin\/"}]}},"_links":{"self":[{"href":"https:\/\/anwalt.rocks\/arbeitsrecht\/wp-json\/wp\/v2\/posts\/9929","targetHints":{"allow":["GET"]}}],"collection":[{"href":"https:\/\/anwalt.rocks\/arbeitsrecht\/wp-json\/wp\/v2\/posts"}],"about":[{"href":"https:\/\/anwalt.rocks\/arbeitsrecht\/wp-json\/wp\/v2\/types\/post"}],"author":[{"embeddable":true,"href":"https:\/\/anwalt.rocks\/arbeitsrecht\/wp-json\/wp\/v2\/users\/1"}],"replies":[{"embeddable":true,"href":"https:\/\/anwalt.rocks\/arbeitsrecht\/wp-json\/wp\/v2\/comments?post=9929"}],"version-history":[{"count":0,"href":"https:\/\/anwalt.rocks\/arbeitsrecht\/wp-json\/wp\/v2\/posts\/9929\/revisions"}],"wp:attachment":[{"href":"https:\/\/anwalt.rocks\/arbeitsrecht\/wp-json\/wp\/v2\/media?parent=9929"}],"wp:term":[{"taxonomy":"category","embeddable":true,"href":"https:\/\/anwalt.rocks\/arbeitsrecht\/wp-json\/wp\/v2\/categories?post=9929"},{"taxonomy":"post_tag","embeddable":true,"href":"https:\/\/anwalt.rocks\/arbeitsrecht\/wp-json\/wp\/v2\/tags?post=9929"}],"curies":[{"name":"wp","href":"https:\/\/api.w.org\/{rel}","templated":true}]}}